{"id":3019,"date":"2019-06-02T16:42:57","date_gmt":"2019-06-02T14:42:57","guid":{"rendered":"http:\/\/www.meslibellules.fr\/blog\/?p=3019"},"modified":"2023-03-23T17:08:05","modified_gmt":"2023-03-23T16:08:05","slug":"sympecma-fusca-accouplement","status":"publish","type":"post","link":"https:\/\/www.meslibellules.fr\/blog\/2019\/06\/02\/sympecma-fusca-accouplement\/","title":{"rendered":"Sympecma fusca : accouplement  1\/1"},"content":{"rendered":"\n<figure class=\"wp-block-image aligncenter is-resized\"><a href=\"https:\/\/www.meslibellules.fr\/blog\/wp-content\/uploads\/2019\/06\/sympecma-fusca-accouplement.jpg\"><img decoding=\"async\" data-src=\"https:\/\/www.meslibellules.fr\/blog\/wp-content\/uploads\/2019\/06\/sympecma-fusca-accouplement.jpg\" alt=\"Sympecma fusca accouplement, Saint Philbert du Peuple (France-49), 01\/06\/2019\" class=\"wp-image-3016 lazyload\" width=\"417\" height=\"503\" data-srcset=\"https:\/\/www.meslibellules.fr\/blog\/wp-content\/uploads\/2019\/06\/sympecma-fusca-accouplement.jpg 1004w, https:\/\/www.meslibellules.fr\/blog\/wp-content\/uploads\/2019\/06\/sympecma-fusca-accouplement-768x926.jpg 768w\" data-sizes=\"(max-width: 417px) 100vw, 417px\" src=\"data:image\/svg+xml;base64,PHN2ZyB3aWR0aD0iMSIgaGVpZ2h0PSIxIiB4bWxucz0iaHR0cDovL3d3dy53My5vcmcvMjAwMC9zdmciPjwvc3ZnPg==\" style=\"--smush-placeholder-width: 417px; --smush-placeholder-aspect-ratio: 417\/503;\" \/><\/a><figcaption class=\"wp-element-caption\">Sympecma fusca accouplement, Saint Philbert du Peuple (France-49), 01\/06\/2019<\/figcaption><\/figure>\n\n\n\n<p style=\"font-size:14px\">Cela fait plus de 12 ans que j&rsquo;observe et photographie les odonates et c&rsquo;est la premi\u00e8re fois, le premier juin 2019 que j&rsquo;observe non pas un mais 2 accouplements de Sympecma fusca. Pourquoi aucun en 12 ans et 2 le m\u00eame jour ? Aucune id\u00e9e d&rsquo;autant que sur cette ancienne ballasti\u00e8re il n&rsquo;y a pas surabondance de Lestes brun, sans doute une quinzaine. Quelques heures plut\u00f4t sur l&rsquo;\u00e9tang de Joreau (Gennes, 49) il y en avait autant et je n&rsquo;ai surpris aucun accouplement.<br>Pas de chance cependant, je n&rsquo;ai pas pu \u00ab\u00a0tourner autour\u00a0\u00bb de ce couple \u00e0 contre-jour et j&rsquo;ai du utiliser le flash.<\/p>\n\n\n\n<figure class=\"wp-block-image aligncenter is-resized\"><a href=\"https:\/\/www.meslibellules.fr\/blog\/wp-content\/uploads\/2019\/06\/sympecma-fusca-accouplement-2.jpg\"><img decoding=\"async\" data-src=\"https:\/\/www.meslibellules.fr\/blog\/wp-content\/uploads\/2019\/06\/sympecma-fusca-accouplement-2.jpg\" alt=\"Sympecma fusca accouplement, Saint Philbert du Peuple (France-49), 01\/06\/2019\" class=\"wp-image-3017 lazyload\" width=\"460\" height=\"452\" data-srcset=\"https:\/\/www.meslibellules.fr\/blog\/wp-content\/uploads\/2019\/06\/sympecma-fusca-accouplement-2.jpg 1021w, https:\/\/www.meslibellules.fr\/blog\/wp-content\/uploads\/2019\/06\/sympecma-fusca-accouplement-2-768x755.jpg 768w\" data-sizes=\"(max-width: 460px) 100vw, 460px\" src=\"data:image\/svg+xml;base64,PHN2ZyB3aWR0aD0iMSIgaGVpZ2h0PSIxIiB4bWxucz0iaHR0cDovL3d3dy53My5vcmcvMjAwMC9zdmciPjwvc3ZnPg==\" style=\"--smush-placeholder-width: 460px; --smush-placeholder-aspect-ratio: 460\/452;\" \/><\/a><figcaption class=\"wp-element-caption\">Sympecma fusca accouplement, Saint Philbert du Peuple (France-49), 01\/06\/2019<\/figcaption><\/figure>\n\n\n\n<p style=\"font-size:14px\">Les yeux, dont le sommet est bleu, sont caract\u00e9ristiques des sujets pleinement matures, et c&rsquo;est un d\u00e9tail qu&rsquo;on ne trouve pas sur les sujets qui appara\u00eetront \u00e0 la fin de l&rsquo;\u00e9t\u00e9.<br>On note les multiples pseudo-pupilles dont ces yeux sont parsem\u00e9s; c&rsquo;est un effet d&rsquo;optique qui correspond aux endroits o\u00f9 l&rsquo;axe des ommatidies, yeux simples \u00e9l\u00e9mentaires,  correspond \u00e0 celui du regard de l&rsquo;observateur ou de l&rsquo;appareil photo.<br>Sur la photo ci-dessous on observe parfaitement les cerco\u00efdes du m\u00e2le qui cravatent l&rsquo;espace situ\u00e9 entre le thorax et le pronotum.<br><\/p>\n\n\n\n<figure class=\"wp-block-image aligncenter is-resized\"><a href=\"https:\/\/www.meslibellules.fr\/blog\/wp-content\/uploads\/2019\/06\/sympecma-fusca-accouplement-3.jpg\"><img decoding=\"async\" data-src=\"https:\/\/www.meslibellules.fr\/blog\/wp-content\/uploads\/2019\/06\/sympecma-fusca-accouplement-3.jpg\" alt=\"Sympecma fusca accouplement, prise du m\u00e2le, Saint Philbert du Peuple (France-49), 01\/06\/2019\" class=\"wp-image-3018 lazyload\" width=\"596\" height=\"401\" data-srcset=\"https:\/\/www.meslibellules.fr\/blog\/wp-content\/uploads\/2019\/06\/sympecma-fusca-accouplement-3.jpg 1490w, https:\/\/www.meslibellules.fr\/blog\/wp-content\/uploads\/2019\/06\/sympecma-fusca-accouplement-3-768x517.jpg 768w, https:\/\/www.meslibellules.fr\/blog\/wp-content\/uploads\/2019\/06\/sympecma-fusca-accouplement-3-1200x809.jpg 1200w\" data-sizes=\"(max-width: 596px) 100vw, 596px\" src=\"data:image\/svg+xml;base64,PHN2ZyB3aWR0aD0iMSIgaGVpZ2h0PSIxIiB4bWxucz0iaHR0cDovL3d3dy53My5vcmcvMjAwMC9zdmciPjwvc3ZnPg==\" style=\"--smush-placeholder-width: 596px; --smush-placeholder-aspect-ratio: 596\/401;\" \/><\/a><figcaption class=\"wp-element-caption\">Sympecma fusca accouplement, prise du m\u00e2le, Saint Philbert du Peuple (France-49), 01\/06\/2019<\/figcaption><\/figure>\n\n\n\n\n\n<figure class=\"wp-block-image\"><a href=\"http:\/\/www.meslibellules.fr\/pagesweb\/lestidae\/sympecma_fusca\/sympecma-fusca-accueil.php\"><img decoding=\"async\" data-src=\"https:\/\/www.meslibellules.fr\/blog\/wp-content\/uploads\/2019\/05\/retour-1.gif\" alt=\"\" class=\"wp-image-2895 lazyload\" src=\"data:image\/svg+xml;base64,PHN2ZyB3aWR0aD0iMSIgaGVpZ2h0PSIxIiB4bWxucz0iaHR0cDovL3d3dy53My5vcmcvMjAwMC9zdmciPjwvc3ZnPg==\" \/><\/a><\/figure>\n\n\n\n<figure class=\"wp-block-image\"><a href=\"http:\/\/www.meslibellules.fr\/pagesweb\/lestidae\/sympecma_fusca\/sympecma-fusca-accueil.php\"><img decoding=\"async\" width=\"100\" height=\"20\" data-src=\"https:\/\/www.meslibellules.fr\/blog\/wp-content\/uploads\/2019\/06\/accueil-s-fusca.gif\" alt=\"\" class=\"wp-image-3027 lazyload\" src=\"data:image\/svg+xml;base64,PHN2ZyB3aWR0aD0iMSIgaGVpZ2h0PSIxIiB4bWxucz0iaHR0cDovL3d3dy53My5vcmcvMjAwMC9zdmciPjwvc3ZnPg==\" style=\"--smush-placeholder-width: 100px; --smush-placeholder-aspect-ratio: 100\/20;\" \/><\/a><\/figure>\n","protected":false},"excerpt":{"rendered":"<p>Cela fait plus de 12 ans que j&rsquo;observe et photographie les odonates et c&rsquo;est la premi\u00e8re fois, le premier juin 2019 que j&rsquo;observe non pas un mais 2 accouplements de Sympecma fusca. Pourquoi aucun en 12 ans et 2 le m\u00eame jour ? Aucune id\u00e9e d&rsquo;autant que sur cette ancienne ballasti\u00e8re il n&rsquo;y a pas [&hellip;]<\/p>\n","protected":false},"author":1,"featured_media":0,"comment_status":"open","ping_status":"open","sticky":false,"template":"","format":"image","meta":{"site-sidebar-layout":"default","site-content-layout":"","ast-site-content-layout":"default","site-content-style":"default","site-sidebar-style":"default","ast-global-header-display":"","ast-banner-title-visibility":"","ast-main-header-display":"","ast-hfb-above-header-display":"","ast-hfb-below-header-display":"","ast-hfb-mobile-header-display":"","site-post-title":"","ast-breadcrumbs-content":"","ast-featured-img":"","footer-sml-layout":"","ast-disable-related-posts":"","theme-transparent-header-meta":"","adv-header-id-meta":"","stick-header-meta":"","header-above-stick-meta":"","header-main-stick-meta":"","header-below-stick-meta":"","astra-migrate-meta-layouts":"default","ast-page-background-enabled":"default","ast-page-background-meta":{"desktop":{"background-color":"var(--ast-global-color-4)","background-image":"","background-repeat":"repeat","background-position":"center center","background-size":"auto","background-attachment":"scroll","background-type":"","background-media":"","overlay-type":"","overlay-color":"","overlay-opacity":"","overlay-gradient":""},"tablet":{"background-color":"","background-image":"","background-repeat":"repeat","background-position":"center center","background-size":"auto","background-attachment":"scroll","background-type":"","background-media":"","overlay-type":"","overlay-color":"","overlay-opacity":"","overlay-gradient":""},"mobile":{"background-color":"","background-image":"","background-repeat":"repeat","background-position":"center center","background-size":"auto","background-attachment":"scroll","background-type":"","background-media":"","overlay-type":"","overlay-color":"","overlay-opacity":"","overlay-gradient":""}},"ast-content-background-meta":{"desktop":{"background-color":"var(--ast-global-color-5)","background-image":"","background-repeat":"repeat","background-position":"center center","background-size":"auto","background-attachment":"scroll","background-type":"","background-media":"","overlay-type":"","overlay-color":"","overlay-opacity":"","overlay-gradient":""},"tablet":{"background-color":"var(--ast-global-color-5)","background-image":"","background-repeat":"repeat","background-position":"center center","background-size":"auto","background-attachment":"scroll","background-type":"","background-media":"","overlay-type":"","overlay-color":"","overlay-opacity":"","overlay-gradient":""},"mobile":{"background-color":"var(--ast-global-color-5)","background-image":"","background-repeat":"repeat","background-position":"center center","background-size":"auto","background-attachment":"scroll","background-type":"","background-media":"","overlay-type":"","overlay-color":"","overlay-opacity":"","overlay-gradient":""}},"footnotes":""},"categories":[55,90,91],"tags":[],"class_list":["post-3019","post","type-post","status-publish","format-image","hentry","category-france","category-lestidae-france","category-sympecma-fusca","post_format-post-format-image"],"yoast_head":"<!-- This site is optimized with the Yoast SEO plugin v27.4 - https:\/\/yoast.com\/product\/yoast-seo-wordpress\/ -->\n<title>Accouplement de Sympecma fusca - Mes Libellules<\/title>\n<meta name=\"description\" content=\"Accouplement de Sympecma fusca, photos rapproch\u00e9es, couleur bleue des yeux, prise du m\u00e2le, pseudo pupilles\" \/>\n<meta name=\"robots\" content=\"index, follow, max-snippet:-1, max-image-preview:large, max-video-preview:-1\" \/>\n<link rel=\"canonical\" href=\"https:\/\/www.meslibellules.fr\/blog\/2019\/06\/02\/sympecma-fusca-accouplement\/\" \/>\n<meta property=\"og:locale\" content=\"fr_FR\" \/>\n<meta property=\"og:type\" content=\"article\" \/>\n<meta property=\"og:title\" content=\"Accouplement de Sympecma fusca - Mes Libellules\" \/>\n<meta property=\"og:description\" content=\"Accouplement de Sympecma fusca, photos rapproch\u00e9es, couleur bleue des yeux, prise du m\u00e2le, pseudo pupilles\" \/>\n<meta property=\"og:url\" content=\"https:\/\/www.meslibellules.fr\/blog\/2019\/06\/02\/sympecma-fusca-accouplement\/\" \/>\n<meta property=\"og:site_name\" content=\"Mes Libellules\" \/>\n<meta property=\"article:publisher\" content=\"https:\/\/www.facebook.com\/benoit.guillon.96\/\" \/>\n<meta property=\"article:author\" content=\"https:\/\/www.facebook.com\/benoit.guillon.96\/\" \/>\n<meta property=\"article:published_time\" content=\"2019-06-02T14:42:57+00:00\" \/>\n<meta property=\"article:modified_time\" content=\"2023-03-23T16:08:05+00:00\" \/>\n<meta property=\"og:image\" content=\"http:\/\/www.meslibellules.fr\/blog\/wp-content\/uploads\/2019\/06\/sympecma-fusca-accouplement.jpg\" \/>\n<meta name=\"author\" content=\"Beno\u00eet Guillon\" \/>\n<meta name=\"twitter:card\" content=\"summary_large_image\" \/>\n<meta name=\"twitter:label1\" content=\"\u00c9crit par\" \/>\n\t<meta name=\"twitter:data1\" content=\"Beno\u00eet Guillon\" \/>\n\t<meta name=\"twitter:label2\" content=\"Dur\u00e9e de lecture estim\u00e9e\" \/>\n\t<meta name=\"twitter:data2\" content=\"3 minutes\" \/>\n<script type=\"application\/ld+json\" class=\"yoast-schema-graph\">{\"@context\":\"https:\\\/\\\/schema.org\",\"@graph\":[{\"@type\":\"Article\",\"@id\":\"https:\\\/\\\/www.meslibellules.fr\\\/blog\\\/2019\\\/06\\\/02\\\/sympecma-fusca-accouplement\\\/#article\",\"isPartOf\":{\"@id\":\"https:\\\/\\\/www.meslibellules.fr\\\/blog\\\/2019\\\/06\\\/02\\\/sympecma-fusca-accouplement\\\/\"},\"author\":{\"name\":\"Beno\u00eet Guillon\",\"@id\":\"https:\\\/\\\/www.meslibellules.fr\\\/blog\\\/#\\\/schema\\\/person\\\/9aa3586f9dd053fcf329f43b8b053c77\"},\"headline\":\"Sympecma fusca : accouplement 1\\\/1\",\"datePublished\":\"2019-06-02T14:42:57+00:00\",\"dateModified\":\"2023-03-23T16:08:05+00:00\",\"mainEntityOfPage\":{\"@id\":\"https:\\\/\\\/www.meslibellules.fr\\\/blog\\\/2019\\\/06\\\/02\\\/sympecma-fusca-accouplement\\\/\"},\"wordCount\":243,\"commentCount\":0,\"publisher\":{\"@id\":\"https:\\\/\\\/www.meslibellules.fr\\\/blog\\\/#\\\/schema\\\/person\\\/9aa3586f9dd053fcf329f43b8b053c77\"},\"image\":{\"@id\":\"https:\\\/\\\/www.meslibellules.fr\\\/blog\\\/2019\\\/06\\\/02\\\/sympecma-fusca-accouplement\\\/#primaryimage\"},\"thumbnailUrl\":\"http:\\\/\\\/www.meslibellules.fr\\\/blog\\\/wp-content\\\/uploads\\\/2019\\\/06\\\/sympecma-fusca-accouplement.jpg\",\"articleSection\":[\"France\",\"Lestidae\",\"Sympecma fusca\"],\"inLanguage\":\"fr-FR\",\"potentialAction\":[{\"@type\":\"CommentAction\",\"name\":\"Comment\",\"target\":[\"https:\\\/\\\/www.meslibellules.fr\\\/blog\\\/2019\\\/06\\\/02\\\/sympecma-fusca-accouplement\\\/#respond\"]}]},{\"@type\":\"WebPage\",\"@id\":\"https:\\\/\\\/www.meslibellules.fr\\\/blog\\\/2019\\\/06\\\/02\\\/sympecma-fusca-accouplement\\\/\",\"url\":\"https:\\\/\\\/www.meslibellules.fr\\\/blog\\\/2019\\\/06\\\/02\\\/sympecma-fusca-accouplement\\\/\",\"name\":\"Accouplement de Sympecma fusca - Mes Libellules\",\"isPartOf\":{\"@id\":\"https:\\\/\\\/www.meslibellules.fr\\\/blog\\\/#website\"},\"primaryImageOfPage\":{\"@id\":\"https:\\\/\\\/www.meslibellules.fr\\\/blog\\\/2019\\\/06\\\/02\\\/sympecma-fusca-accouplement\\\/#primaryimage\"},\"image\":{\"@id\":\"https:\\\/\\\/www.meslibellules.fr\\\/blog\\\/2019\\\/06\\\/02\\\/sympecma-fusca-accouplement\\\/#primaryimage\"},\"thumbnailUrl\":\"http:\\\/\\\/www.meslibellules.fr\\\/blog\\\/wp-content\\\/uploads\\\/2019\\\/06\\\/sympecma-fusca-accouplement.jpg\",\"datePublished\":\"2019-06-02T14:42:57+00:00\",\"dateModified\":\"2023-03-23T16:08:05+00:00\",\"description\":\"Accouplement de Sympecma fusca, photos rapproch\u00e9es, couleur bleue des yeux, prise du m\u00e2le, pseudo pupilles\",\"breadcrumb\":{\"@id\":\"https:\\\/\\\/www.meslibellules.fr\\\/blog\\\/2019\\\/06\\\/02\\\/sympecma-fusca-accouplement\\\/#breadcrumb\"},\"inLanguage\":\"fr-FR\",\"potentialAction\":[{\"@type\":\"ReadAction\",\"target\":[\"https:\\\/\\\/www.meslibellules.fr\\\/blog\\\/2019\\\/06\\\/02\\\/sympecma-fusca-accouplement\\\/\"]}]},{\"@type\":\"ImageObject\",\"inLanguage\":\"fr-FR\",\"@id\":\"https:\\\/\\\/www.meslibellules.fr\\\/blog\\\/2019\\\/06\\\/02\\\/sympecma-fusca-accouplement\\\/#primaryimage\",\"url\":\"http:\\\/\\\/www.meslibellules.fr\\\/blog\\\/wp-content\\\/uploads\\\/2019\\\/06\\\/sympecma-fusca-accouplement.jpg\",\"contentUrl\":\"http:\\\/\\\/www.meslibellules.fr\\\/blog\\\/wp-content\\\/uploads\\\/2019\\\/06\\\/sympecma-fusca-accouplement.jpg\"},{\"@type\":\"BreadcrumbList\",\"@id\":\"https:\\\/\\\/www.meslibellules.fr\\\/blog\\\/2019\\\/06\\\/02\\\/sympecma-fusca-accouplement\\\/#breadcrumb\",\"itemListElement\":[{\"@type\":\"ListItem\",\"position\":1,\"name\":\"Accueil\",\"item\":\"https:\\\/\\\/www.meslibellules.fr\\\/blog\\\/\"},{\"@type\":\"ListItem\",\"position\":2,\"name\":\"Sympecma fusca : accouplement 1\\\/1\"}]},{\"@type\":\"WebSite\",\"@id\":\"https:\\\/\\\/www.meslibellules.fr\\\/blog\\\/#website\",\"url\":\"https:\\\/\\\/www.meslibellules.fr\\\/blog\\\/\",\"name\":\"Mes Libellules\",\"description\":\"Pr\u00e9sentation des libellules rencontr\u00e9es dans le monde\",\"publisher\":{\"@id\":\"https:\\\/\\\/www.meslibellules.fr\\\/blog\\\/#\\\/schema\\\/person\\\/9aa3586f9dd053fcf329f43b8b053c77\"},\"potentialAction\":[{\"@type\":\"SearchAction\",\"target\":{\"@type\":\"EntryPoint\",\"urlTemplate\":\"https:\\\/\\\/www.meslibellules.fr\\\/blog\\\/?s={search_term_string}\"},\"query-input\":{\"@type\":\"PropertyValueSpecification\",\"valueRequired\":true,\"valueName\":\"search_term_string\"}}],\"inLanguage\":\"fr-FR\"},{\"@type\":[\"Person\",\"Organization\"],\"@id\":\"https:\\\/\\\/www.meslibellules.fr\\\/blog\\\/#\\\/schema\\\/person\\\/9aa3586f9dd053fcf329f43b8b053c77\",\"name\":\"Beno\u00eet Guillon\",\"image\":{\"@type\":\"ImageObject\",\"inLanguage\":\"fr-FR\",\"@id\":\"https:\\\/\\\/www.meslibellules.fr\\\/blog\\\/wp-content\\\/uploads\\\/cropped-avatar-150-pix.jpg\",\"url\":\"https:\\\/\\\/www.meslibellules.fr\\\/blog\\\/wp-content\\\/uploads\\\/cropped-avatar-150-pix.jpg\",\"contentUrl\":\"https:\\\/\\\/www.meslibellules.fr\\\/blog\\\/wp-content\\\/uploads\\\/cropped-avatar-150-pix.jpg\",\"width\":150,\"height\":137,\"caption\":\"Beno\u00eet Guillon\"},\"logo\":{\"@id\":\"https:\\\/\\\/www.meslibellules.fr\\\/blog\\\/wp-content\\\/uploads\\\/cropped-avatar-150-pix.jpg\"},\"sameAs\":[\"https:\\\/\\\/www.facebook.com\\\/benoit.guillon.96\\\/\"]}]}<\/script>\n<!-- \/ Yoast SEO plugin. -->","yoast_head_json":{"title":"Accouplement de Sympecma fusca - Mes Libellules","description":"Accouplement de Sympecma fusca, photos rapproch\u00e9es, couleur bleue des yeux, prise du m\u00e2le, pseudo pupilles","robots":{"index":"index","follow":"follow","max-snippet":"max-snippet:-1","max-image-preview":"max-image-preview:large","max-video-preview":"max-video-preview:-1"},"canonical":"https:\/\/www.meslibellules.fr\/blog\/2019\/06\/02\/sympecma-fusca-accouplement\/","og_locale":"fr_FR","og_type":"article","og_title":"Accouplement de Sympecma fusca - Mes Libellules","og_description":"Accouplement de Sympecma fusca, photos rapproch\u00e9es, couleur bleue des yeux, prise du m\u00e2le, pseudo pupilles","og_url":"https:\/\/www.meslibellules.fr\/blog\/2019\/06\/02\/sympecma-fusca-accouplement\/","og_site_name":"Mes Libellules","article_publisher":"https:\/\/www.facebook.com\/benoit.guillon.96\/","article_author":"https:\/\/www.facebook.com\/benoit.guillon.96\/","article_published_time":"2019-06-02T14:42:57+00:00","article_modified_time":"2023-03-23T16:08:05+00:00","og_image":[{"url":"http:\/\/www.meslibellules.fr\/blog\/wp-content\/uploads\/2019\/06\/sympecma-fusca-accouplement.jpg","type":"","width":"","height":""}],"author":"Beno\u00eet Guillon","twitter_card":"summary_large_image","twitter_misc":{"\u00c9crit par":"Beno\u00eet Guillon","Dur\u00e9e de lecture estim\u00e9e":"3 minutes"},"schema":{"@context":"https:\/\/schema.org","@graph":[{"@type":"Article","@id":"https:\/\/www.meslibellules.fr\/blog\/2019\/06\/02\/sympecma-fusca-accouplement\/#article","isPartOf":{"@id":"https:\/\/www.meslibellules.fr\/blog\/2019\/06\/02\/sympecma-fusca-accouplement\/"},"author":{"name":"Beno\u00eet Guillon","@id":"https:\/\/www.meslibellules.fr\/blog\/#\/schema\/person\/9aa3586f9dd053fcf329f43b8b053c77"},"headline":"Sympecma fusca : accouplement 1\/1","datePublished":"2019-06-02T14:42:57+00:00","dateModified":"2023-03-23T16:08:05+00:00","mainEntityOfPage":{"@id":"https:\/\/www.meslibellules.fr\/blog\/2019\/06\/02\/sympecma-fusca-accouplement\/"},"wordCount":243,"commentCount":0,"publisher":{"@id":"https:\/\/www.meslibellules.fr\/blog\/#\/schema\/person\/9aa3586f9dd053fcf329f43b8b053c77"},"image":{"@id":"https:\/\/www.meslibellules.fr\/blog\/2019\/06\/02\/sympecma-fusca-accouplement\/#primaryimage"},"thumbnailUrl":"http:\/\/www.meslibellules.fr\/blog\/wp-content\/uploads\/2019\/06\/sympecma-fusca-accouplement.jpg","articleSection":["France","Lestidae","Sympecma fusca"],"inLanguage":"fr-FR","potentialAction":[{"@type":"CommentAction","name":"Comment","target":["https:\/\/www.meslibellules.fr\/blog\/2019\/06\/02\/sympecma-fusca-accouplement\/#respond"]}]},{"@type":"WebPage","@id":"https:\/\/www.meslibellules.fr\/blog\/2019\/06\/02\/sympecma-fusca-accouplement\/","url":"https:\/\/www.meslibellules.fr\/blog\/2019\/06\/02\/sympecma-fusca-accouplement\/","name":"Accouplement de Sympecma fusca - Mes Libellules","isPartOf":{"@id":"https:\/\/www.meslibellules.fr\/blog\/#website"},"primaryImageOfPage":{"@id":"https:\/\/www.meslibellules.fr\/blog\/2019\/06\/02\/sympecma-fusca-accouplement\/#primaryimage"},"image":{"@id":"https:\/\/www.meslibellules.fr\/blog\/2019\/06\/02\/sympecma-fusca-accouplement\/#primaryimage"},"thumbnailUrl":"http:\/\/www.meslibellules.fr\/blog\/wp-content\/uploads\/2019\/06\/sympecma-fusca-accouplement.jpg","datePublished":"2019-06-02T14:42:57+00:00","dateModified":"2023-03-23T16:08:05+00:00","description":"Accouplement de Sympecma fusca, photos rapproch\u00e9es, couleur bleue des yeux, prise du m\u00e2le, pseudo pupilles","breadcrumb":{"@id":"https:\/\/www.meslibellules.fr\/blog\/2019\/06\/02\/sympecma-fusca-accouplement\/#breadcrumb"},"inLanguage":"fr-FR","potentialAction":[{"@type":"ReadAction","target":["https:\/\/www.meslibellules.fr\/blog\/2019\/06\/02\/sympecma-fusca-accouplement\/"]}]},{"@type":"ImageObject","inLanguage":"fr-FR","@id":"https:\/\/www.meslibellules.fr\/blog\/2019\/06\/02\/sympecma-fusca-accouplement\/#primaryimage","url":"http:\/\/www.meslibellules.fr\/blog\/wp-content\/uploads\/2019\/06\/sympecma-fusca-accouplement.jpg","contentUrl":"http:\/\/www.meslibellules.fr\/blog\/wp-content\/uploads\/2019\/06\/sympecma-fusca-accouplement.jpg"},{"@type":"BreadcrumbList","@id":"https:\/\/www.meslibellules.fr\/blog\/2019\/06\/02\/sympecma-fusca-accouplement\/#breadcrumb","itemListElement":[{"@type":"ListItem","position":1,"name":"Accueil","item":"https:\/\/www.meslibellules.fr\/blog\/"},{"@type":"ListItem","position":2,"name":"Sympecma fusca : accouplement 1\/1"}]},{"@type":"WebSite","@id":"https:\/\/www.meslibellules.fr\/blog\/#website","url":"https:\/\/www.meslibellules.fr\/blog\/","name":"Mes Libellules","description":"Pr\u00e9sentation des libellules rencontr\u00e9es dans le monde","publisher":{"@id":"https:\/\/www.meslibellules.fr\/blog\/#\/schema\/person\/9aa3586f9dd053fcf329f43b8b053c77"},"potentialAction":[{"@type":"SearchAction","target":{"@type":"EntryPoint","urlTemplate":"https:\/\/www.meslibellules.fr\/blog\/?s={search_term_string}"},"query-input":{"@type":"PropertyValueSpecification","valueRequired":true,"valueName":"search_term_string"}}],"inLanguage":"fr-FR"},{"@type":["Person","Organization"],"@id":"https:\/\/www.meslibellules.fr\/blog\/#\/schema\/person\/9aa3586f9dd053fcf329f43b8b053c77","name":"Beno\u00eet Guillon","image":{"@type":"ImageObject","inLanguage":"fr-FR","@id":"https:\/\/www.meslibellules.fr\/blog\/wp-content\/uploads\/cropped-avatar-150-pix.jpg","url":"https:\/\/www.meslibellules.fr\/blog\/wp-content\/uploads\/cropped-avatar-150-pix.jpg","contentUrl":"https:\/\/www.meslibellules.fr\/blog\/wp-content\/uploads\/cropped-avatar-150-pix.jpg","width":150,"height":137,"caption":"Beno\u00eet Guillon"},"logo":{"@id":"https:\/\/www.meslibellules.fr\/blog\/wp-content\/uploads\/cropped-avatar-150-pix.jpg"},"sameAs":["https:\/\/www.facebook.com\/benoit.guillon.96\/"]}]}},"_links":{"self":[{"href":"https:\/\/www.meslibellules.fr\/blog\/wp-json\/wp\/v2\/posts\/3019","targetHints":{"allow":["GET"]}}],"collection":[{"href":"https:\/\/www.meslibellules.fr\/blog\/wp-json\/wp\/v2\/posts"}],"about":[{"href":"https:\/\/www.meslibellules.fr\/blog\/wp-json\/wp\/v2\/types\/post"}],"author":[{"embeddable":true,"href":"https:\/\/www.meslibellules.fr\/blog\/wp-json\/wp\/v2\/users\/1"}],"replies":[{"embeddable":true,"href":"https:\/\/www.meslibellules.fr\/blog\/wp-json\/wp\/v2\/comments?post=3019"}],"version-history":[{"count":0,"href":"https:\/\/www.meslibellules.fr\/blog\/wp-json\/wp\/v2\/posts\/3019\/revisions"}],"wp:attachment":[{"href":"https:\/\/www.meslibellules.fr\/blog\/wp-json\/wp\/v2\/media?parent=3019"}],"wp:term":[{"taxonomy":"category","embeddable":true,"href":"https:\/\/www.meslibellules.fr\/blog\/wp-json\/wp\/v2\/categories?post=3019"},{"taxonomy":"post_tag","embeddable":true,"href":"https:\/\/www.meslibellules.fr\/blog\/wp-json\/wp\/v2\/tags?post=3019"}],"curies":[{"name":"wp","href":"https:\/\/api.w.org\/{rel}","templated":true}]}}