{"id":3060,"date":"2019-06-03T19:03:15","date_gmt":"2019-06-03T17:03:15","guid":{"rendered":"http:\/\/www.meslibellules.fr\/blog\/?p=3060"},"modified":"2025-01-22T11:17:42","modified_gmt":"2025-01-22T10:17:42","slug":"prodasineura-autumnalis","status":"publish","type":"post","link":"https:\/\/www.meslibellules.fr\/blog\/2019\/06\/03\/prodasineura-autumnalis\/","title":{"rendered":"Vietnam 2018 &#8211; Prodasineura autumnalis (Fraser, 1922)"},"content":{"rendered":"\n<figure class=\"wp-block-image aligncenter is-resized\"><a href=\"https:\/\/www.meslibellules.fr\/blog\/wp-content\/uploads\/2019\/06\/prodasineura-autumnalis.jpg\"><img decoding=\"async\" width=\"1182\" height=\"884\" data-src=\"https:\/\/www.meslibellules.fr\/blog\/wp-content\/uploads\/2019\/06\/prodasineura-autumnalis.jpg\" alt=\"Prodasineura autumnalis m\u00e2le, Vietnam, Huu Lien, 03\/06\/2018\" class=\"wp-image-3056 lazyload\" style=\"--smush-placeholder-width: 1182px; --smush-placeholder-aspect-ratio: 1182\/884;width:530px;height:auto\" data-srcset=\"https:\/\/www.meslibellules.fr\/blog\/wp-content\/uploads\/2019\/06\/prodasineura-autumnalis.jpg 1182w, https:\/\/www.meslibellules.fr\/blog\/wp-content\/uploads\/2019\/06\/prodasineura-autumnalis-768x574.jpg 768w\" data-sizes=\"(max-width: 1182px) 100vw, 1182px\" src=\"data:image\/svg+xml;base64,PHN2ZyB3aWR0aD0iMSIgaGVpZ2h0PSIxIiB4bWxucz0iaHR0cDovL3d3dy53My5vcmcvMjAwMC9zdmciPjwvc3ZnPg==\" \/><\/a><figcaption class=\"wp-element-caption\">Prodasineura autumnalis m\u00e2le, Vietnam, Huu Lien, 03\/06\/2018<\/figcaption><\/figure>\n\n\n\n<p style=\"font-size:15px\">Il est bien \u00e9vident que ce Prodasineura autumnalis, Platycnemididae, n&rsquo;est pas tr\u00e8s attrayant, tout habill\u00e9 de noir (Black thread-tail  en anglais) avec des anneaux clairs sur l&rsquo;abdomen, qui est d&rsquo;une finesse remarquable. Il mesure environ 37 mm.<\/p>\n\n\n\n<figure class=\"wp-block-image aligncenter is-resized\"><a href=\"https:\/\/www.meslibellules.fr\/blog\/wp-content\/uploads\/2019\/06\/prodasineura-autumnalis-2.jpg\"><img decoding=\"async\" width=\"1637\" height=\"1004\" data-src=\"https:\/\/www.meslibellules.fr\/blog\/wp-content\/uploads\/2019\/06\/prodasineura-autumnalis-2.jpg\" alt=\"Black thread-tail male, Vietnam, Huu Lien, 03\/06\/2018\" class=\"wp-image-3057 lazyload\" style=\"--smush-placeholder-width: 1637px; --smush-placeholder-aspect-ratio: 1637\/1004;width:520px;height:auto\" data-srcset=\"https:\/\/www.meslibellules.fr\/blog\/wp-content\/uploads\/2019\/06\/prodasineura-autumnalis-2.jpg 1637w, https:\/\/www.meslibellules.fr\/blog\/wp-content\/uploads\/2019\/06\/prodasineura-autumnalis-2-768x471.jpg 768w, https:\/\/www.meslibellules.fr\/blog\/wp-content\/uploads\/2019\/06\/prodasineura-autumnalis-2-1200x736.jpg 1200w\" data-sizes=\"(max-width: 1637px) 100vw, 1637px\" src=\"data:image\/svg+xml;base64,PHN2ZyB3aWR0aD0iMSIgaGVpZ2h0PSIxIiB4bWxucz0iaHR0cDovL3d3dy53My5vcmcvMjAwMC9zdmciPjwvc3ZnPg==\" \/><\/a><figcaption class=\"wp-element-caption\">Prodasineura autumnalis m\u00e2le, Vietnam, Huu Lien, 03\/06\/2018<\/figcaption><\/figure>\n\n\n\n<p style=\"font-size:15px\">On les trouve dans les foss\u00e9s ou les petits ruisseaux pour peu qu&rsquo;il y ait quelques arbres aux alentours.<br>M\u00e2les comme femelles ont l&rsquo;habitude de faire du vol stationnaire et il est toujours amusant de tenter sa chance sur ce genre de photos.<\/p>\n\n\n\n<figure class=\"wp-block-image aligncenter is-resized\"><a href=\"https:\/\/www.meslibellules.fr\/blog\/wp-content\/uploads\/2019\/06\/prodasineura-autumnalis-femelle.jpg\"><img decoding=\"async\" width=\"1454\" height=\"1004\" data-src=\"https:\/\/www.meslibellules.fr\/blog\/wp-content\/uploads\/2019\/06\/prodasineura-autumnalis-femelle.jpg\" alt=\"Prodasineura autumnalis femelle, Vietnam, Cao Bang, 04\/06\/2018\" class=\"wp-image-3058 lazyload\" style=\"--smush-placeholder-width: 1454px; --smush-placeholder-aspect-ratio: 1454\/1004;width:554px;height:auto\" data-srcset=\"https:\/\/www.meslibellules.fr\/blog\/wp-content\/uploads\/2019\/06\/prodasineura-autumnalis-femelle.jpg 1454w, https:\/\/www.meslibellules.fr\/blog\/wp-content\/uploads\/2019\/06\/prodasineura-autumnalis-femelle-768x530.jpg 768w, https:\/\/www.meslibellules.fr\/blog\/wp-content\/uploads\/2019\/06\/prodasineura-autumnalis-femelle-1200x829.jpg 1200w\" data-sizes=\"(max-width: 1454px) 100vw, 1454px\" src=\"data:image\/svg+xml;base64,PHN2ZyB3aWR0aD0iMSIgaGVpZ2h0PSIxIiB4bWxucz0iaHR0cDovL3d3dy53My5vcmcvMjAwMC9zdmciPjwvc3ZnPg==\" \/><\/a><figcaption class=\"wp-element-caption\">Prodasineura autumnalis femelle, Vietnam, Cao Bang, 04\/06\/2018<\/figcaption><\/figure>\n\n\n\n<p style=\"font-size:15px\">Et au bout de quelques secondes, ils reviennent se poser \u00e0 l&rsquo;extr\u00e9mit\u00e9 d&rsquo;un rameau ou d&rsquo;une feuille :<br><\/p>\n\n\n\n<figure class=\"wp-block-image aligncenter is-resized\"><a href=\"https:\/\/www.meslibellules.fr\/blog\/wp-content\/uploads\/2019\/06\/prodasineura-autumnalis-femelle-2.jpg\"><img decoding=\"async\" width=\"1756\" height=\"1204\" data-src=\"https:\/\/www.meslibellules.fr\/blog\/wp-content\/uploads\/2019\/06\/prodasineura-autumnalis-femelle-2.jpg\" alt=\"Black thread-tail femelle, Vietnam, Cao Bang, 04\/06\/2018\" class=\"wp-image-3059 lazyload\" style=\"--smush-placeholder-width: 1756px; --smush-placeholder-aspect-ratio: 1756\/1204;width:552px;height:auto\" data-srcset=\"https:\/\/www.meslibellules.fr\/blog\/wp-content\/uploads\/2019\/06\/prodasineura-autumnalis-femelle-2.jpg 1756w, https:\/\/www.meslibellules.fr\/blog\/wp-content\/uploads\/2019\/06\/prodasineura-autumnalis-femelle-2-768x527.jpg 768w, https:\/\/www.meslibellules.fr\/blog\/wp-content\/uploads\/2019\/06\/prodasineura-autumnalis-femelle-2-1200x823.jpg 1200w\" data-sizes=\"(max-width: 1756px) 100vw, 1756px\" src=\"data:image\/svg+xml;base64,PHN2ZyB3aWR0aD0iMSIgaGVpZ2h0PSIxIiB4bWxucz0iaHR0cDovL3d3dy53My5vcmcvMjAwMC9zdmciPjwvc3ZnPg==\" \/><\/a><figcaption class=\"wp-element-caption\"> <em>Black thread-tail femelle, Vietnam, Cao Bang, 04\/06\/2018<\/em> <\/figcaption><\/figure>\n\n\n\n<p style=\"font-size:15px\">On le rencontre de la Tha\u00eflande \u00e0 Hong Kong \u00e0 travers le sud de la Chine et au sud jusqu&rsquo;en Malaisie et l&rsquo;Indon\u00e9sie. Je l&rsquo;avais d\u00e9j\u00e0 rencontr\u00e9 au <a href=\"http:\/\/www.meslibellules.fr\/voyages\/laos\/prodasineura-autumnalis\/prodasineura-autumnalis.php\">Laos<\/a>.<br><a href=\"https:\/\/www.iucnredlist.org\/species\/167139\/138284262\">IUCN Red List<\/a><br><br>Il a \u00e9t\u00e9 d\u00e9crit sous le nom de Caconeura autumnalis par Fraser dans  <em>New and rare Indian Odonata in the Pusa Collection. Memoirs of department of Agriculture in India, Entomological<\/em> <em>Series, 7 (7), 39\u201377<\/em>, un document auquel il est actuellement impossible d&rsquo;acc\u00e9der librement&#8230;<\/p>\n\n\n\n<p style=\"font-size:15px\"><\/p>\n\n\n\n\n\n<div class=\"wp-block-buttons is-vertical is-layout-flex wp-container-core-buttons-is-layout-fe9cc265 wp-block-buttons-is-layout-flex\">\n<div class=\"wp-block-button\"><a class=\"wp-block-button__link wp-element-button\" href=\"https:\/\/www.meslibellules.fr\/blog\/odonates-du-vietnam-2012-2018\/\">Accueil Vietnam<\/a><\/div>\n\n\n\n<div class=\"wp-block-button\"><a class=\"wp-block-button__link wp-element-button\" href=\"http:\/\/www.meslibellules.fr\/pagesweb\/divers\/liste-generale-odonates-du-site\/asia-odonates.php\">Liste Asie<\/a><\/div>\n\n\n\n<div class=\"wp-block-button\"><a class=\"wp-block-button__link wp-element-button\" href=\"https:\/\/www.meslibellules.fr\/blog\/\">Accueil<\/a><\/div>\n<\/div>\n","protected":false},"excerpt":{"rendered":"<p>Il est bien \u00e9vident que ce Prodasineura autumnalis, Platycnemididae, n&rsquo;est pas tr\u00e8s attrayant, tout habill\u00e9 de noir (Black thread-tail en anglais) avec des anneaux clairs sur l&rsquo;abdomen, qui est d&rsquo;une finesse remarquable. Il mesure environ 37 mm. On les trouve dans les foss\u00e9s ou les petits ruisseaux pour peu qu&rsquo;il y ait quelques arbres aux [&hellip;]<\/p>\n","protected":false},"author":1,"featured_media":0,"comment_status":"open","ping_status":"open","sticky":false,"template":"","format":"image","meta":{"site-sidebar-layout":"default","site-content-layout":"","ast-site-content-layout":"default","site-content-style":"default","site-sidebar-style":"default","ast-global-header-display":"","ast-banner-title-visibility":"","ast-main-header-display":"","ast-hfb-above-header-display":"","ast-hfb-below-header-display":"","ast-hfb-mobile-header-display":"","site-post-title":"","ast-breadcrumbs-content":"","ast-featured-img":"","footer-sml-layout":"","ast-disable-related-posts":"","theme-transparent-header-meta":"","adv-header-id-meta":"","stick-header-meta":"","header-above-stick-meta":"","header-main-stick-meta":"","header-below-stick-meta":"","astra-migrate-meta-layouts":"set","ast-page-background-enabled":"default","ast-page-background-meta":{"desktop":{"background-color":"var(--ast-global-color-4)","background-image":"","background-repeat":"repeat","background-position":"center center","background-size":"auto","background-attachment":"scroll","background-type":"","background-media":"","overlay-type":"","overlay-color":"","overlay-opacity":"","overlay-gradient":""},"tablet":{"background-color":"","background-image":"","background-repeat":"repeat","background-position":"center center","background-size":"auto","background-attachment":"scroll","background-type":"","background-media":"","overlay-type":"","overlay-color":"","overlay-opacity":"","overlay-gradient":""},"mobile":{"background-color":"","background-image":"","background-repeat":"repeat","background-position":"center center","background-size":"auto","background-attachment":"scroll","background-type":"","background-media":"","overlay-type":"","overlay-color":"","overlay-opacity":"","overlay-gradient":""}},"ast-content-background-meta":{"desktop":{"background-color":"var(--ast-global-color-5)","background-image":"","background-repeat":"repeat","background-position":"center center","background-size":"auto","background-attachment":"scroll","background-type":"","background-media":"","overlay-type":"","overlay-color":"","overlay-opacity":"","overlay-gradient":""},"tablet":{"background-color":"var(--ast-global-color-5)","background-image":"","background-repeat":"repeat","background-position":"center center","background-size":"auto","background-attachment":"scroll","background-type":"","background-media":"","overlay-type":"","overlay-color":"","overlay-opacity":"","overlay-gradient":""},"mobile":{"background-color":"var(--ast-global-color-5)","background-image":"","background-repeat":"repeat","background-position":"center center","background-size":"auto","background-attachment":"scroll","background-type":"","background-media":"","overlay-type":"","overlay-color":"","overlay-opacity":"","overlay-gradient":""}},"footnotes":""},"categories":[74,54],"tags":[],"class_list":["post-3060","post","type-post","status-publish","format-image","hentry","category-protoneuridae","category-vietnam","post_format-post-format-image"],"yoast_head":"<!-- This site is optimized with the Yoast SEO plugin v27.4 - https:\/\/yoast.com\/product\/yoast-seo-wordpress\/ -->\n<title>Prodasineura autumnalis - Mes Libellules<\/title>\n<meta name=\"description\" content=\"Prodasineura autumnalis m\u00e2les et femelles au Vietnam, description, identification, taille, habitat, distribution g\u00e9ographique\" \/>\n<meta name=\"robots\" content=\"index, follow, max-snippet:-1, max-image-preview:large, max-video-preview:-1\" \/>\n<link rel=\"canonical\" href=\"https:\/\/www.meslibellules.fr\/blog\/2019\/06\/03\/prodasineura-autumnalis\/\" \/>\n<meta property=\"og:locale\" content=\"fr_FR\" \/>\n<meta property=\"og:type\" content=\"article\" \/>\n<meta property=\"og:title\" content=\"Prodasineura autumnalis - Mes Libellules\" \/>\n<meta property=\"og:description\" content=\"Prodasineura autumnalis m\u00e2les et femelles au Vietnam, description, identification, taille, habitat, distribution g\u00e9ographique\" \/>\n<meta property=\"og:url\" content=\"https:\/\/www.meslibellules.fr\/blog\/2019\/06\/03\/prodasineura-autumnalis\/\" \/>\n<meta property=\"og:site_name\" content=\"Mes Libellules\" \/>\n<meta property=\"article:publisher\" content=\"https:\/\/www.facebook.com\/benoit.guillon.96\/\" \/>\n<meta property=\"article:author\" content=\"https:\/\/www.facebook.com\/benoit.guillon.96\/\" \/>\n<meta property=\"article:published_time\" content=\"2019-06-03T17:03:15+00:00\" \/>\n<meta property=\"article:modified_time\" content=\"2025-01-22T10:17:42+00:00\" \/>\n<meta property=\"og:image\" content=\"http:\/\/www.meslibellules.fr\/blog\/wp-content\/uploads\/2019\/06\/prodasineura-autumnalis.jpg\" \/>\n<meta name=\"author\" content=\"Beno\u00eet Guillon\" \/>\n<meta name=\"twitter:card\" content=\"summary_large_image\" \/>\n<meta name=\"twitter:label1\" content=\"\u00c9crit par\" \/>\n\t<meta name=\"twitter:data1\" content=\"Beno\u00eet Guillon\" \/>\n\t<meta name=\"twitter:label2\" content=\"Dur\u00e9e de lecture estim\u00e9e\" \/>\n\t<meta name=\"twitter:data2\" content=\"4 minutes\" \/>\n<script type=\"application\/ld+json\" class=\"yoast-schema-graph\">{\"@context\":\"https:\\\/\\\/schema.org\",\"@graph\":[{\"@type\":\"Article\",\"@id\":\"https:\\\/\\\/www.meslibellules.fr\\\/blog\\\/2019\\\/06\\\/03\\\/prodasineura-autumnalis\\\/#article\",\"isPartOf\":{\"@id\":\"https:\\\/\\\/www.meslibellules.fr\\\/blog\\\/2019\\\/06\\\/03\\\/prodasineura-autumnalis\\\/\"},\"author\":{\"name\":\"Beno\u00eet Guillon\",\"@id\":\"https:\\\/\\\/www.meslibellules.fr\\\/blog\\\/#\\\/schema\\\/person\\\/9aa3586f9dd053fcf329f43b8b053c77\"},\"headline\":\"Vietnam 2018 &#8211; Prodasineura autumnalis (Fraser, 1922)\",\"datePublished\":\"2019-06-03T17:03:15+00:00\",\"dateModified\":\"2025-01-22T10:17:42+00:00\",\"mainEntityOfPage\":{\"@id\":\"https:\\\/\\\/www.meslibellules.fr\\\/blog\\\/2019\\\/06\\\/03\\\/prodasineura-autumnalis\\\/\"},\"wordCount\":217,\"commentCount\":0,\"publisher\":{\"@id\":\"https:\\\/\\\/www.meslibellules.fr\\\/blog\\\/#\\\/schema\\\/person\\\/9aa3586f9dd053fcf329f43b8b053c77\"},\"image\":{\"@id\":\"https:\\\/\\\/www.meslibellules.fr\\\/blog\\\/2019\\\/06\\\/03\\\/prodasineura-autumnalis\\\/#primaryimage\"},\"thumbnailUrl\":\"http:\\\/\\\/www.meslibellules.fr\\\/blog\\\/wp-content\\\/uploads\\\/2019\\\/06\\\/prodasineura-autumnalis.jpg\",\"articleSection\":[\"Protoneuridae\",\"Vietnam\"],\"inLanguage\":\"fr-FR\",\"potentialAction\":[{\"@type\":\"CommentAction\",\"name\":\"Comment\",\"target\":[\"https:\\\/\\\/www.meslibellules.fr\\\/blog\\\/2019\\\/06\\\/03\\\/prodasineura-autumnalis\\\/#respond\"]}]},{\"@type\":\"WebPage\",\"@id\":\"https:\\\/\\\/www.meslibellules.fr\\\/blog\\\/2019\\\/06\\\/03\\\/prodasineura-autumnalis\\\/\",\"url\":\"https:\\\/\\\/www.meslibellules.fr\\\/blog\\\/2019\\\/06\\\/03\\\/prodasineura-autumnalis\\\/\",\"name\":\"Prodasineura autumnalis - Mes Libellules\",\"isPartOf\":{\"@id\":\"https:\\\/\\\/www.meslibellules.fr\\\/blog\\\/#website\"},\"primaryImageOfPage\":{\"@id\":\"https:\\\/\\\/www.meslibellules.fr\\\/blog\\\/2019\\\/06\\\/03\\\/prodasineura-autumnalis\\\/#primaryimage\"},\"image\":{\"@id\":\"https:\\\/\\\/www.meslibellules.fr\\\/blog\\\/2019\\\/06\\\/03\\\/prodasineura-autumnalis\\\/#primaryimage\"},\"thumbnailUrl\":\"http:\\\/\\\/www.meslibellules.fr\\\/blog\\\/wp-content\\\/uploads\\\/2019\\\/06\\\/prodasineura-autumnalis.jpg\",\"datePublished\":\"2019-06-03T17:03:15+00:00\",\"dateModified\":\"2025-01-22T10:17:42+00:00\",\"description\":\"Prodasineura autumnalis m\u00e2les et femelles au Vietnam, description, identification, taille, habitat, distribution g\u00e9ographique\",\"breadcrumb\":{\"@id\":\"https:\\\/\\\/www.meslibellules.fr\\\/blog\\\/2019\\\/06\\\/03\\\/prodasineura-autumnalis\\\/#breadcrumb\"},\"inLanguage\":\"fr-FR\",\"potentialAction\":[{\"@type\":\"ReadAction\",\"target\":[\"https:\\\/\\\/www.meslibellules.fr\\\/blog\\\/2019\\\/06\\\/03\\\/prodasineura-autumnalis\\\/\"]}]},{\"@type\":\"ImageObject\",\"inLanguage\":\"fr-FR\",\"@id\":\"https:\\\/\\\/www.meslibellules.fr\\\/blog\\\/2019\\\/06\\\/03\\\/prodasineura-autumnalis\\\/#primaryimage\",\"url\":\"http:\\\/\\\/www.meslibellules.fr\\\/blog\\\/wp-content\\\/uploads\\\/2019\\\/06\\\/prodasineura-autumnalis.jpg\",\"contentUrl\":\"http:\\\/\\\/www.meslibellules.fr\\\/blog\\\/wp-content\\\/uploads\\\/2019\\\/06\\\/prodasineura-autumnalis.jpg\"},{\"@type\":\"BreadcrumbList\",\"@id\":\"https:\\\/\\\/www.meslibellules.fr\\\/blog\\\/2019\\\/06\\\/03\\\/prodasineura-autumnalis\\\/#breadcrumb\",\"itemListElement\":[{\"@type\":\"ListItem\",\"position\":1,\"name\":\"Accueil\",\"item\":\"https:\\\/\\\/www.meslibellules.fr\\\/blog\\\/\"},{\"@type\":\"ListItem\",\"position\":2,\"name\":\"Vietnam 2018 &#8211; Prodasineura autumnalis (Fraser, 1922)\"}]},{\"@type\":\"WebSite\",\"@id\":\"https:\\\/\\\/www.meslibellules.fr\\\/blog\\\/#website\",\"url\":\"https:\\\/\\\/www.meslibellules.fr\\\/blog\\\/\",\"name\":\"Mes Libellules\",\"description\":\"Pr\u00e9sentation des libellules rencontr\u00e9es dans le monde\",\"publisher\":{\"@id\":\"https:\\\/\\\/www.meslibellules.fr\\\/blog\\\/#\\\/schema\\\/person\\\/9aa3586f9dd053fcf329f43b8b053c77\"},\"potentialAction\":[{\"@type\":\"SearchAction\",\"target\":{\"@type\":\"EntryPoint\",\"urlTemplate\":\"https:\\\/\\\/www.meslibellules.fr\\\/blog\\\/?s={search_term_string}\"},\"query-input\":{\"@type\":\"PropertyValueSpecification\",\"valueRequired\":true,\"valueName\":\"search_term_string\"}}],\"inLanguage\":\"fr-FR\"},{\"@type\":[\"Person\",\"Organization\"],\"@id\":\"https:\\\/\\\/www.meslibellules.fr\\\/blog\\\/#\\\/schema\\\/person\\\/9aa3586f9dd053fcf329f43b8b053c77\",\"name\":\"Beno\u00eet Guillon\",\"image\":{\"@type\":\"ImageObject\",\"inLanguage\":\"fr-FR\",\"@id\":\"https:\\\/\\\/www.meslibellules.fr\\\/blog\\\/wp-content\\\/uploads\\\/cropped-avatar-150-pix.jpg\",\"url\":\"https:\\\/\\\/www.meslibellules.fr\\\/blog\\\/wp-content\\\/uploads\\\/cropped-avatar-150-pix.jpg\",\"contentUrl\":\"https:\\\/\\\/www.meslibellules.fr\\\/blog\\\/wp-content\\\/uploads\\\/cropped-avatar-150-pix.jpg\",\"width\":150,\"height\":137,\"caption\":\"Beno\u00eet Guillon\"},\"logo\":{\"@id\":\"https:\\\/\\\/www.meslibellules.fr\\\/blog\\\/wp-content\\\/uploads\\\/cropped-avatar-150-pix.jpg\"},\"sameAs\":[\"https:\\\/\\\/www.facebook.com\\\/benoit.guillon.96\\\/\"]}]}<\/script>\n<!-- \/ Yoast SEO plugin. -->","yoast_head_json":{"title":"Prodasineura autumnalis - Mes Libellules","description":"Prodasineura autumnalis m\u00e2les et femelles au Vietnam, description, identification, taille, habitat, distribution g\u00e9ographique","robots":{"index":"index","follow":"follow","max-snippet":"max-snippet:-1","max-image-preview":"max-image-preview:large","max-video-preview":"max-video-preview:-1"},"canonical":"https:\/\/www.meslibellules.fr\/blog\/2019\/06\/03\/prodasineura-autumnalis\/","og_locale":"fr_FR","og_type":"article","og_title":"Prodasineura autumnalis - Mes Libellules","og_description":"Prodasineura autumnalis m\u00e2les et femelles au Vietnam, description, identification, taille, habitat, distribution g\u00e9ographique","og_url":"https:\/\/www.meslibellules.fr\/blog\/2019\/06\/03\/prodasineura-autumnalis\/","og_site_name":"Mes Libellules","article_publisher":"https:\/\/www.facebook.com\/benoit.guillon.96\/","article_author":"https:\/\/www.facebook.com\/benoit.guillon.96\/","article_published_time":"2019-06-03T17:03:15+00:00","article_modified_time":"2025-01-22T10:17:42+00:00","og_image":[{"url":"http:\/\/www.meslibellules.fr\/blog\/wp-content\/uploads\/2019\/06\/prodasineura-autumnalis.jpg","type":"","width":"","height":""}],"author":"Beno\u00eet Guillon","twitter_card":"summary_large_image","twitter_misc":{"\u00c9crit par":"Beno\u00eet Guillon","Dur\u00e9e de lecture estim\u00e9e":"4 minutes"},"schema":{"@context":"https:\/\/schema.org","@graph":[{"@type":"Article","@id":"https:\/\/www.meslibellules.fr\/blog\/2019\/06\/03\/prodasineura-autumnalis\/#article","isPartOf":{"@id":"https:\/\/www.meslibellules.fr\/blog\/2019\/06\/03\/prodasineura-autumnalis\/"},"author":{"name":"Beno\u00eet Guillon","@id":"https:\/\/www.meslibellules.fr\/blog\/#\/schema\/person\/9aa3586f9dd053fcf329f43b8b053c77"},"headline":"Vietnam 2018 &#8211; Prodasineura autumnalis (Fraser, 1922)","datePublished":"2019-06-03T17:03:15+00:00","dateModified":"2025-01-22T10:17:42+00:00","mainEntityOfPage":{"@id":"https:\/\/www.meslibellules.fr\/blog\/2019\/06\/03\/prodasineura-autumnalis\/"},"wordCount":217,"commentCount":0,"publisher":{"@id":"https:\/\/www.meslibellules.fr\/blog\/#\/schema\/person\/9aa3586f9dd053fcf329f43b8b053c77"},"image":{"@id":"https:\/\/www.meslibellules.fr\/blog\/2019\/06\/03\/prodasineura-autumnalis\/#primaryimage"},"thumbnailUrl":"http:\/\/www.meslibellules.fr\/blog\/wp-content\/uploads\/2019\/06\/prodasineura-autumnalis.jpg","articleSection":["Protoneuridae","Vietnam"],"inLanguage":"fr-FR","potentialAction":[{"@type":"CommentAction","name":"Comment","target":["https:\/\/www.meslibellules.fr\/blog\/2019\/06\/03\/prodasineura-autumnalis\/#respond"]}]},{"@type":"WebPage","@id":"https:\/\/www.meslibellules.fr\/blog\/2019\/06\/03\/prodasineura-autumnalis\/","url":"https:\/\/www.meslibellules.fr\/blog\/2019\/06\/03\/prodasineura-autumnalis\/","name":"Prodasineura autumnalis - Mes Libellules","isPartOf":{"@id":"https:\/\/www.meslibellules.fr\/blog\/#website"},"primaryImageOfPage":{"@id":"https:\/\/www.meslibellules.fr\/blog\/2019\/06\/03\/prodasineura-autumnalis\/#primaryimage"},"image":{"@id":"https:\/\/www.meslibellules.fr\/blog\/2019\/06\/03\/prodasineura-autumnalis\/#primaryimage"},"thumbnailUrl":"http:\/\/www.meslibellules.fr\/blog\/wp-content\/uploads\/2019\/06\/prodasineura-autumnalis.jpg","datePublished":"2019-06-03T17:03:15+00:00","dateModified":"2025-01-22T10:17:42+00:00","description":"Prodasineura autumnalis m\u00e2les et femelles au Vietnam, description, identification, taille, habitat, distribution g\u00e9ographique","breadcrumb":{"@id":"https:\/\/www.meslibellules.fr\/blog\/2019\/06\/03\/prodasineura-autumnalis\/#breadcrumb"},"inLanguage":"fr-FR","potentialAction":[{"@type":"ReadAction","target":["https:\/\/www.meslibellules.fr\/blog\/2019\/06\/03\/prodasineura-autumnalis\/"]}]},{"@type":"ImageObject","inLanguage":"fr-FR","@id":"https:\/\/www.meslibellules.fr\/blog\/2019\/06\/03\/prodasineura-autumnalis\/#primaryimage","url":"http:\/\/www.meslibellules.fr\/blog\/wp-content\/uploads\/2019\/06\/prodasineura-autumnalis.jpg","contentUrl":"http:\/\/www.meslibellules.fr\/blog\/wp-content\/uploads\/2019\/06\/prodasineura-autumnalis.jpg"},{"@type":"BreadcrumbList","@id":"https:\/\/www.meslibellules.fr\/blog\/2019\/06\/03\/prodasineura-autumnalis\/#breadcrumb","itemListElement":[{"@type":"ListItem","position":1,"name":"Accueil","item":"https:\/\/www.meslibellules.fr\/blog\/"},{"@type":"ListItem","position":2,"name":"Vietnam 2018 &#8211; Prodasineura autumnalis (Fraser, 1922)"}]},{"@type":"WebSite","@id":"https:\/\/www.meslibellules.fr\/blog\/#website","url":"https:\/\/www.meslibellules.fr\/blog\/","name":"Mes Libellules","description":"Pr\u00e9sentation des libellules rencontr\u00e9es dans le monde","publisher":{"@id":"https:\/\/www.meslibellules.fr\/blog\/#\/schema\/person\/9aa3586f9dd053fcf329f43b8b053c77"},"potentialAction":[{"@type":"SearchAction","target":{"@type":"EntryPoint","urlTemplate":"https:\/\/www.meslibellules.fr\/blog\/?s={search_term_string}"},"query-input":{"@type":"PropertyValueSpecification","valueRequired":true,"valueName":"search_term_string"}}],"inLanguage":"fr-FR"},{"@type":["Person","Organization"],"@id":"https:\/\/www.meslibellules.fr\/blog\/#\/schema\/person\/9aa3586f9dd053fcf329f43b8b053c77","name":"Beno\u00eet Guillon","image":{"@type":"ImageObject","inLanguage":"fr-FR","@id":"https:\/\/www.meslibellules.fr\/blog\/wp-content\/uploads\/cropped-avatar-150-pix.jpg","url":"https:\/\/www.meslibellules.fr\/blog\/wp-content\/uploads\/cropped-avatar-150-pix.jpg","contentUrl":"https:\/\/www.meslibellules.fr\/blog\/wp-content\/uploads\/cropped-avatar-150-pix.jpg","width":150,"height":137,"caption":"Beno\u00eet Guillon"},"logo":{"@id":"https:\/\/www.meslibellules.fr\/blog\/wp-content\/uploads\/cropped-avatar-150-pix.jpg"},"sameAs":["https:\/\/www.facebook.com\/benoit.guillon.96\/"]}]}},"_links":{"self":[{"href":"https:\/\/www.meslibellules.fr\/blog\/wp-json\/wp\/v2\/posts\/3060","targetHints":{"allow":["GET"]}}],"collection":[{"href":"https:\/\/www.meslibellules.fr\/blog\/wp-json\/wp\/v2\/posts"}],"about":[{"href":"https:\/\/www.meslibellules.fr\/blog\/wp-json\/wp\/v2\/types\/post"}],"author":[{"embeddable":true,"href":"https:\/\/www.meslibellules.fr\/blog\/wp-json\/wp\/v2\/users\/1"}],"replies":[{"embeddable":true,"href":"https:\/\/www.meslibellules.fr\/blog\/wp-json\/wp\/v2\/comments?post=3060"}],"version-history":[{"count":0,"href":"https:\/\/www.meslibellules.fr\/blog\/wp-json\/wp\/v2\/posts\/3060\/revisions"}],"wp:attachment":[{"href":"https:\/\/www.meslibellules.fr\/blog\/wp-json\/wp\/v2\/media?parent=3060"}],"wp:term":[{"taxonomy":"category","embeddable":true,"href":"https:\/\/www.meslibellules.fr\/blog\/wp-json\/wp\/v2\/categories?post=3060"},{"taxonomy":"post_tag","embeddable":true,"href":"https:\/\/www.meslibellules.fr\/blog\/wp-json\/wp\/v2\/tags?post=3060"}],"curies":[{"name":"wp","href":"https:\/\/api.w.org\/{rel}","templated":true}]}}