{"id":3073,"date":"2019-06-05T16:11:42","date_gmt":"2019-06-05T14:11:42","guid":{"rendered":"http:\/\/www.meslibellules.fr\/blog\/?p=3073"},"modified":"2023-12-12T13:54:22","modified_gmt":"2023-12-12T12:54:22","slug":"pseudothemis-zonata","status":"publish","type":"post","link":"https:\/\/www.meslibellules.fr\/blog\/2019\/06\/05\/pseudothemis-zonata\/","title":{"rendered":"Vietnam 2018 &#8211; Pseudothemis zonata (Burmeister, 1839)"},"content":{"rendered":"\n<figure class=\"wp-block-image aligncenter is-resized\"><a href=\"https:\/\/www.meslibellules.fr\/blog\/wp-content\/uploads\/2019\/06\/pseudothemis-zonata.jpg\"><img decoding=\"async\" width=\"1894\" height=\"1204\" data-src=\"https:\/\/www.meslibellules.fr\/blog\/wp-content\/uploads\/2019\/06\/pseudothemis-zonata.jpg\" alt=\"Pseudothemis zonata, Vietnam, Cuc Phuong, 14\/06\/2018\" class=\"wp-image-3071 lazyload\" style=\"--smush-placeholder-width: 1894px; --smush-placeholder-aspect-ratio: 1894\/1204;width:580px;height:auto\" data-srcset=\"https:\/\/www.meslibellules.fr\/blog\/wp-content\/uploads\/2019\/06\/pseudothemis-zonata.jpg 1894w, https:\/\/www.meslibellules.fr\/blog\/wp-content\/uploads\/2019\/06\/pseudothemis-zonata-768x488.jpg 768w, https:\/\/www.meslibellules.fr\/blog\/wp-content\/uploads\/2019\/06\/pseudothemis-zonata-1200x763.jpg 1200w\" data-sizes=\"(max-width: 1894px) 100vw, 1894px\" src=\"data:image\/svg+xml;base64,PHN2ZyB3aWR0aD0iMSIgaGVpZ2h0PSIxIiB4bWxucz0iaHR0cDovL3d3dy53My5vcmcvMjAwMC9zdmciPjwvc3ZnPg==\" \/><\/a><figcaption class=\"wp-element-caption\">Pseudothemis zonata, Vietnam, Cuc Phuong, 14\/06\/2018<\/figcaption><\/figure>\n\n\n\n<p style=\"font-size:14px\">J&rsquo;avais rencontr\u00e9 un m\u00e2le Pseudothemis zonata sur un petit lac en 2012, cette fois-ci c&rsquo;est au bord de plusieurs \u00e9tangs, petits et grands que nous avons trouv\u00e9 m\u00e2les et femelles. Il est parfois tr\u00e8s commun au Nord Vietnam et m\u00eame si nous n&rsquo;avons jamais vu plus de 2 ou 3 individus ensembles nous l&rsquo;avons observ\u00e9 9 jours sur les 13.<br>Au sud il est remplac\u00e9 par son cousin <a rel=\"noreferrer noopener\" aria-label=\"Pseudothemis jorina (s\u2019ouvre dans un nouvel onglet)\" href=\"http:\/\/www.meslibellules.fr\/voyages\/malaisie\/pseudothemis-jorina\/pseudothemis-jorina.php\" target=\"_blank\">Pseudothemis jorina<\/a> que j&rsquo;avais eu la chance de photographier en Malaisie.<br>L&rsquo;abdomen du m\u00e2le mesure 29 \u00e0 31 mm. <br>Ci-dessous il est 18:15, il fait d\u00e9j\u00e0 tr\u00e8s sombre et ce m\u00e2le s&rsquo;est install\u00e9 \u00e0 l&rsquo;int\u00e9rieur d&rsquo;un arbuste pour la nuit.<\/p>\n\n\n\n<figure class=\"wp-block-image is-resized\"><a href=\"https:\/\/www.meslibellules.fr\/blog\/wp-content\/uploads\/2019\/06\/pseudothemis-zonata-2.jpg\"><img decoding=\"async\" width=\"1268\" height=\"1004\" data-src=\"https:\/\/www.meslibellules.fr\/blog\/wp-content\/uploads\/2019\/06\/pseudothemis-zonata-2.jpg\" alt=\"Pied skimmer male, Vietnam, Cuc Phuong, 13\/06\/2018\" class=\"wp-image-3072 lazyload\" style=\"--smush-placeholder-width: 1268px; --smush-placeholder-aspect-ratio: 1268\/1004;width:575px;height:auto\" data-srcset=\"https:\/\/www.meslibellules.fr\/blog\/wp-content\/uploads\/2019\/06\/pseudothemis-zonata-2.jpg 1268w, https:\/\/www.meslibellules.fr\/blog\/wp-content\/uploads\/2019\/06\/pseudothemis-zonata-2-768x608.jpg 768w, https:\/\/www.meslibellules.fr\/blog\/wp-content\/uploads\/2019\/06\/pseudothemis-zonata-2-1200x950.jpg 1200w\" data-sizes=\"(max-width: 1268px) 100vw, 1268px\" src=\"data:image\/svg+xml;base64,PHN2ZyB3aWR0aD0iMSIgaGVpZ2h0PSIxIiB4bWxucz0iaHR0cDovL3d3dy53My5vcmcvMjAwMC9zdmciPjwvc3ZnPg==\" \/><\/a><figcaption class=\"wp-element-caption\">Pseudothemis zonata, Vietnam, Cuc Phuong, 13\/06\/2018<\/figcaption><\/figure>\n\n\n\n<p style=\"font-size:14px\">J&rsquo;aurais finalement rencontr\u00e9 plus de femelles que de m\u00e2les, ce qui est peu habituel pour un Libellulidae. Ci-dessous une jeune femelle aux couleurs vives et dont l\u2019\u0153il n&rsquo;a pas encore atteint sa coloration finale.<\/p>\n\n\n\n<figure class=\"wp-block-image aligncenter is-resized\"><a href=\"https:\/\/www.meslibellules.fr\/blog\/wp-content\/uploads\/2019\/06\/pseudothemis-zonata-femelle-immature.jpg\"><img decoding=\"async\" width=\"1163\" height=\"1204\" data-src=\"https:\/\/www.meslibellules.fr\/blog\/wp-content\/uploads\/2019\/06\/pseudothemis-zonata-femelle-immature.jpg\" alt=\"Pseudothemis zonata femelle, Vietnam, Cuc Phuong, 13\/06\/2018\" class=\"wp-image-3077 lazyload\" style=\"--smush-placeholder-width: 1163px; --smush-placeholder-aspect-ratio: 1163\/1204;width:478px;height:auto\" data-srcset=\"https:\/\/www.meslibellules.fr\/blog\/wp-content\/uploads\/2019\/06\/pseudothemis-zonata-femelle-immature.jpg 1163w, https:\/\/www.meslibellules.fr\/blog\/wp-content\/uploads\/2019\/06\/pseudothemis-zonata-femelle-immature-768x795.jpg 768w\" data-sizes=\"(max-width: 1163px) 100vw, 1163px\" src=\"data:image\/svg+xml;base64,PHN2ZyB3aWR0aD0iMSIgaGVpZ2h0PSIxIiB4bWxucz0iaHR0cDovL3d3dy53My5vcmcvMjAwMC9zdmciPjwvc3ZnPg==\" \/><\/a><figcaption class=\"wp-element-caption\">Pseudothemis zonata femelle, Vietnam, Cuc Phuong, 13\/06\/2018<\/figcaption><\/figure>\n\n\n\n<p style=\"font-size:14px\">Puis une femelle bien mature dans le parc de Pia Oac, le 5 juin 2018.<br>On note que la tache abdominale blanche du m\u00e2le est nettement jaune pour la femelle.<br>Pour les m\u00e2les comme pour les femelles, la tache basale alaire est \u00e9tendue, beaucoup plus que pour P. jorina, qui ne montre pas non plus de taches alaires apicales.<\/p>\n\n\n\n<figure class=\"wp-block-gallery has-nested-images columns-default is-cropped wp-block-gallery-1 is-layout-flex wp-block-gallery-is-layout-flex\">\n<figure class=\"wp-block-image\"><a href=\"https:\/\/www.meslibellules.fr\/blog\/wp-content\/uploads\/2019\/06\/pseudothemis-zonata-femelle-2.jpg\"><img decoding=\"async\" width=\"1321\" height=\"1004\" data-id=\"3076\" data-src=\"https:\/\/www.meslibellules.fr\/blog\/wp-content\/uploads\/2019\/06\/pseudothemis-zonata-femelle-2.jpg\" alt=\"Pseudothemis zonata femelle, Vietnam, Pia Oac, 05\/06\/2018\" class=\"wp-image-3076 lazyload\" data-srcset=\"https:\/\/www.meslibellules.fr\/blog\/wp-content\/uploads\/2019\/06\/pseudothemis-zonata-femelle-2.jpg 1321w, https:\/\/www.meslibellules.fr\/blog\/wp-content\/uploads\/2019\/06\/pseudothemis-zonata-femelle-2-768x584.jpg 768w, https:\/\/www.meslibellules.fr\/blog\/wp-content\/uploads\/2019\/06\/pseudothemis-zonata-femelle-2-1200x912.jpg 1200w\" data-sizes=\"(max-width: 1321px) 100vw, 1321px\" src=\"data:image\/svg+xml;base64,PHN2ZyB3aWR0aD0iMSIgaGVpZ2h0PSIxIiB4bWxucz0iaHR0cDovL3d3dy53My5vcmcvMjAwMC9zdmciPjwvc3ZnPg==\" style=\"--smush-placeholder-width: 1321px; --smush-placeholder-aspect-ratio: 1321\/1004;\" \/><\/a><\/figure>\n\n\n\n<figure class=\"wp-block-image\"><a href=\"https:\/\/www.meslibellules.fr\/blog\/wp-content\/uploads\/2019\/06\/pseudothemis-zonata-femelle-1.jpg\"><img decoding=\"async\" width=\"1173\" height=\"1004\" data-id=\"3075\" data-src=\"https:\/\/www.meslibellules.fr\/blog\/wp-content\/uploads\/2019\/06\/pseudothemis-zonata-femelle-1.jpg\" alt=\"Pseudothemis zonata femelle, Vietnam, Pia Oac, 05\/06\/2018\" class=\"wp-image-3075 lazyload\" data-srcset=\"https:\/\/www.meslibellules.fr\/blog\/wp-content\/uploads\/2019\/06\/pseudothemis-zonata-femelle-1.jpg 1173w, https:\/\/www.meslibellules.fr\/blog\/wp-content\/uploads\/2019\/06\/pseudothemis-zonata-femelle-1-768x657.jpg 768w\" data-sizes=\"(max-width: 1173px) 100vw, 1173px\" src=\"data:image\/svg+xml;base64,PHN2ZyB3aWR0aD0iMSIgaGVpZ2h0PSIxIiB4bWxucz0iaHR0cDovL3d3dy53My5vcmcvMjAwMC9zdmciPjwvc3ZnPg==\" style=\"--smush-placeholder-width: 1173px; --smush-placeholder-aspect-ratio: 1173\/1004;\" \/><\/a><\/figure>\n<figcaption class=\"blocks-gallery-caption wp-element-caption\">Pseudothemis zonata femelle, Vietnam, Pia Oac, 05\/06\/2018<\/figcaption><\/figure>\n\n\n\n<p style=\"font-size:14px\">Enfin nous avons pu observer une  ponte, une ponte bien classique de Libellulidae, o\u00f9 la femelle r\u00e9p\u00e8te une s\u00e9quence alternant vol stationnaire (ou presque) et coup d&rsquo;abdomen dans l&rsquo;eau pour y larguer ses \u0153ufs. Le jeu \u00e9tant de la photographier \u00e0 ces 2 instants, le contrat n&rsquo;est qu&rsquo;\u00e0 moiti\u00e9 rempli \ud83d\ude42  :<\/p>\n\n\n\n<figure class=\"wp-block-image aligncenter is-resized\"><a href=\"https:\/\/www.meslibellules.fr\/blog\/wp-content\/uploads\/2019\/06\/pseudothemis-zonata-femelle-ponte-2.jpg\"><img decoding=\"async\" width=\"572\" height=\"600\" data-src=\"https:\/\/www.meslibellules.fr\/blog\/wp-content\/uploads\/2019\/06\/pseudothemis-zonata-femelle-ponte-2.jpg\" alt=\"Pied skimmer female, Vietnam, Cuc Phuong, 14\/06\/2018\" class=\"wp-image-3082 lazyload\" style=\"--smush-placeholder-width: 572px; --smush-placeholder-aspect-ratio: 572\/600;width:478px;height:auto\" src=\"data:image\/svg+xml;base64,PHN2ZyB3aWR0aD0iMSIgaGVpZ2h0PSIxIiB4bWxucz0iaHR0cDovL3d3dy53My5vcmcvMjAwMC9zdmciPjwvc3ZnPg==\" \/><\/a><figcaption class=\"wp-element-caption\">Pseudothemis zonata femelle, Vietnam, Cuc Phuong, 14\/06\/2018<\/figcaption><\/figure>\n\n\n\n<figure class=\"wp-block-image aligncenter is-resized\"><a href=\"https:\/\/www.meslibellules.fr\/blog\/wp-content\/uploads\/2019\/06\/pseudothemis-zonata-femelle-ponte.jpg\"><img decoding=\"async\" width=\"1296\" height=\"1004\" data-src=\"https:\/\/www.meslibellules.fr\/blog\/wp-content\/uploads\/2019\/06\/pseudothemis-zonata-femelle-ponte.jpg\" alt=\"Pseudothemis zonata femelle, Vietnam, Cuc Phuong, 14\/06\/2018\" class=\"wp-image-3078 lazyload\" style=\"--smush-placeholder-width: 1296px; --smush-placeholder-aspect-ratio: 1296\/1004;width:575px;height:auto\" data-srcset=\"https:\/\/www.meslibellules.fr\/blog\/wp-content\/uploads\/2019\/06\/pseudothemis-zonata-femelle-ponte.jpg 1296w, https:\/\/www.meslibellules.fr\/blog\/wp-content\/uploads\/2019\/06\/pseudothemis-zonata-femelle-ponte-768x595.jpg 768w, https:\/\/www.meslibellules.fr\/blog\/wp-content\/uploads\/2019\/06\/pseudothemis-zonata-femelle-ponte-1200x930.jpg 1200w\" data-sizes=\"(max-width: 1296px) 100vw, 1296px\" src=\"data:image\/svg+xml;base64,PHN2ZyB3aWR0aD0iMSIgaGVpZ2h0PSIxIiB4bWxucz0iaHR0cDovL3d3dy53My5vcmcvMjAwMC9zdmciPjwvc3ZnPg==\" \/><\/a><figcaption class=\"wp-element-caption\">Pseudothemis zonata femelle, Vietnam, Cuc Phuong, 14\/06\/2018<\/figcaption><\/figure>\n\n\n\n<p style=\"font-size:14px\">Sa distribution s&rsquo;\u00e9tend du Vietnam (nord) \u00e0 la Cor\u00e9e en passant par le sud et l&rsquo;est de la Chine, Hong Kong et le Japon.<br><a href=\"https:\/\/www.iucnredlist.org\/species\/167462\/6352152\">IUCN Red List<\/a><br>En anglais on l&rsquo;appelle Pied Skimmer.<\/p>\n\n\n\n<div class=\"wp-block-buttons is-layout-flex wp-block-buttons-is-layout-flex\">\n<div class=\"wp-block-button\"><a class=\"wp-block-button__link wp-element-button\" href=\"http:\/\/www.meslibellules.fr\/voyages\/vietnam\/pseudothemis-zonata\/pseudothemis-zonata.php\">Retour<\/a><\/div>\n<\/div>\n\n\n\n<div class=\"wp-block-buttons is-vertical is-layout-flex wp-container-core-buttons-is-layout-fe9cc265 wp-block-buttons-is-layout-flex\">\n<div class=\"wp-block-button\"><a class=\"wp-block-button__link wp-element-button\" href=\"https:\/\/www.meslibellules.fr\/blog\/odonates-du-vietnam-2012-2018\/\">Accueil Vietnam<\/a><\/div>\n\n\n\n<div class=\"wp-block-button\"><a class=\"wp-block-button__link wp-element-button\" href=\"http:\/\/www.meslibellules.fr\/pagesweb\/divers\/liste-generale-odonates-du-site\/asia-odonates.php\">Liste Asie<\/a><\/div>\n\n\n\n<div class=\"wp-block-button\"><a class=\"wp-block-button__link wp-element-button\" href=\"https:\/\/www.meslibellules.fr\/blog\/\">Accueil<\/a><\/div>\n<\/div>\n","protected":false},"excerpt":{"rendered":"<p>J&rsquo;avais rencontr\u00e9 un m\u00e2le Pseudothemis zonata sur un petit lac en 2012, cette fois-ci c&rsquo;est au bord de plusieurs \u00e9tangs, petits et grands que nous avons trouv\u00e9 m\u00e2les et femelles. Il est parfois tr\u00e8s commun au Nord Vietnam et m\u00eame si nous n&rsquo;avons jamais vu plus de 2 ou 3 individus ensembles nous l&rsquo;avons observ\u00e9 [&hellip;]<\/p>\n","protected":false},"author":1,"featured_media":0,"comment_status":"open","ping_status":"open","sticky":false,"template":"","format":"image","meta":{"site-sidebar-layout":"default","site-content-layout":"","ast-site-content-layout":"default","site-content-style":"default","site-sidebar-style":"default","ast-global-header-display":"","ast-banner-title-visibility":"","ast-main-header-display":"","ast-hfb-above-header-display":"","ast-hfb-below-header-display":"","ast-hfb-mobile-header-display":"","site-post-title":"","ast-breadcrumbs-content":"","ast-featured-img":"","footer-sml-layout":"","ast-disable-related-posts":"","theme-transparent-header-meta":"","adv-header-id-meta":"","stick-header-meta":"","header-above-stick-meta":"","header-main-stick-meta":"","header-below-stick-meta":"","astra-migrate-meta-layouts":"set","ast-page-background-enabled":"default","ast-page-background-meta":{"desktop":{"background-color":"var(--ast-global-color-4)","background-image":"","background-repeat":"repeat","background-position":"center center","background-size":"auto","background-attachment":"scroll","background-type":"","background-media":"","overlay-type":"","overlay-color":"","overlay-opacity":"","overlay-gradient":""},"tablet":{"background-color":"","background-image":"","background-repeat":"repeat","background-position":"center center","background-size":"auto","background-attachment":"scroll","background-type":"","background-media":"","overlay-type":"","overlay-color":"","overlay-opacity":"","overlay-gradient":""},"mobile":{"background-color":"","background-image":"","background-repeat":"repeat","background-position":"center center","background-size":"auto","background-attachment":"scroll","background-type":"","background-media":"","overlay-type":"","overlay-color":"","overlay-opacity":"","overlay-gradient":""}},"ast-content-background-meta":{"desktop":{"background-color":"var(--ast-global-color-5)","background-image":"","background-repeat":"repeat","background-position":"center center","background-size":"auto","background-attachment":"scroll","background-type":"","background-media":"","overlay-type":"","overlay-color":"","overlay-opacity":"","overlay-gradient":""},"tablet":{"background-color":"var(--ast-global-color-5)","background-image":"","background-repeat":"repeat","background-position":"center center","background-size":"auto","background-attachment":"scroll","background-type":"","background-media":"","overlay-type":"","overlay-color":"","overlay-opacity":"","overlay-gradient":""},"mobile":{"background-color":"var(--ast-global-color-5)","background-image":"","background-repeat":"repeat","background-position":"center center","background-size":"auto","background-attachment":"scroll","background-type":"","background-media":"","overlay-type":"","overlay-color":"","overlay-opacity":"","overlay-gradient":""}},"footnotes":""},"categories":[15,54],"tags":[],"class_list":["post-3073","post","type-post","status-publish","format-image","hentry","category-libellulidae","category-vietnam","post_format-post-format-image"],"yoast_head":"<!-- This site is optimized with the Yoast SEO plugin v27.4 - https:\/\/yoast.com\/product\/yoast-seo-wordpress\/ -->\n<title>Pseudothemis zonata - Mes Libellules<\/title>\n<meta name=\"description\" content=\"Pseudothemis zonata m\u00e2les et femelles, description, identification, taille, habitat, distribution g\u00e9ographique\" \/>\n<meta name=\"robots\" content=\"index, follow, max-snippet:-1, max-image-preview:large, max-video-preview:-1\" \/>\n<link rel=\"canonical\" href=\"https:\/\/www.meslibellules.fr\/blog\/2019\/06\/05\/pseudothemis-zonata\/\" \/>\n<meta property=\"og:locale\" content=\"fr_FR\" \/>\n<meta property=\"og:type\" content=\"article\" \/>\n<meta property=\"og:title\" content=\"Pseudothemis zonata - Mes Libellules\" \/>\n<meta property=\"og:description\" content=\"Pseudothemis zonata m\u00e2les et femelles, description, identification, taille, habitat, distribution g\u00e9ographique\" \/>\n<meta property=\"og:url\" content=\"https:\/\/www.meslibellules.fr\/blog\/2019\/06\/05\/pseudothemis-zonata\/\" \/>\n<meta property=\"og:site_name\" content=\"Mes Libellules\" \/>\n<meta property=\"article:publisher\" content=\"https:\/\/www.facebook.com\/benoit.guillon.96\/\" \/>\n<meta property=\"article:author\" content=\"https:\/\/www.facebook.com\/benoit.guillon.96\/\" \/>\n<meta property=\"article:published_time\" content=\"2019-06-05T14:11:42+00:00\" \/>\n<meta property=\"article:modified_time\" content=\"2023-12-12T12:54:22+00:00\" \/>\n<meta property=\"og:image\" content=\"http:\/\/www.meslibellules.fr\/blog\/wp-content\/uploads\/2019\/06\/pseudothemis-zonata.jpg\" \/>\n<meta name=\"author\" content=\"Beno\u00eet Guillon\" \/>\n<meta name=\"twitter:card\" content=\"summary_large_image\" \/>\n<meta name=\"twitter:label1\" content=\"\u00c9crit par\" \/>\n\t<meta name=\"twitter:data1\" content=\"Beno\u00eet Guillon\" \/>\n\t<meta name=\"twitter:label2\" content=\"Dur\u00e9e de lecture estim\u00e9e\" \/>\n\t<meta name=\"twitter:data2\" content=\"4 minutes\" \/>\n<script type=\"application\/ld+json\" class=\"yoast-schema-graph\">{\"@context\":\"https:\\\/\\\/schema.org\",\"@graph\":[{\"@type\":\"Article\",\"@id\":\"https:\\\/\\\/www.meslibellules.fr\\\/blog\\\/2019\\\/06\\\/05\\\/pseudothemis-zonata\\\/#article\",\"isPartOf\":{\"@id\":\"https:\\\/\\\/www.meslibellules.fr\\\/blog\\\/2019\\\/06\\\/05\\\/pseudothemis-zonata\\\/\"},\"author\":{\"name\":\"Beno\u00eet Guillon\",\"@id\":\"https:\\\/\\\/www.meslibellules.fr\\\/blog\\\/#\\\/schema\\\/person\\\/9aa3586f9dd053fcf329f43b8b053c77\"},\"headline\":\"Vietnam 2018 &#8211; Pseudothemis zonata (Burmeister, 1839)\",\"datePublished\":\"2019-06-05T14:11:42+00:00\",\"dateModified\":\"2023-12-12T12:54:22+00:00\",\"mainEntityOfPage\":{\"@id\":\"https:\\\/\\\/www.meslibellules.fr\\\/blog\\\/2019\\\/06\\\/05\\\/pseudothemis-zonata\\\/\"},\"wordCount\":343,\"commentCount\":0,\"publisher\":{\"@id\":\"https:\\\/\\\/www.meslibellules.fr\\\/blog\\\/#\\\/schema\\\/person\\\/9aa3586f9dd053fcf329f43b8b053c77\"},\"image\":{\"@id\":\"https:\\\/\\\/www.meslibellules.fr\\\/blog\\\/2019\\\/06\\\/05\\\/pseudothemis-zonata\\\/#primaryimage\"},\"thumbnailUrl\":\"http:\\\/\\\/www.meslibellules.fr\\\/blog\\\/wp-content\\\/uploads\\\/2019\\\/06\\\/pseudothemis-zonata.jpg\",\"articleSection\":[\"Libellulidae\",\"Vietnam\"],\"inLanguage\":\"fr-FR\",\"potentialAction\":[{\"@type\":\"CommentAction\",\"name\":\"Comment\",\"target\":[\"https:\\\/\\\/www.meslibellules.fr\\\/blog\\\/2019\\\/06\\\/05\\\/pseudothemis-zonata\\\/#respond\"]}]},{\"@type\":\"WebPage\",\"@id\":\"https:\\\/\\\/www.meslibellules.fr\\\/blog\\\/2019\\\/06\\\/05\\\/pseudothemis-zonata\\\/\",\"url\":\"https:\\\/\\\/www.meslibellules.fr\\\/blog\\\/2019\\\/06\\\/05\\\/pseudothemis-zonata\\\/\",\"name\":\"Pseudothemis zonata - Mes Libellules\",\"isPartOf\":{\"@id\":\"https:\\\/\\\/www.meslibellules.fr\\\/blog\\\/#website\"},\"primaryImageOfPage\":{\"@id\":\"https:\\\/\\\/www.meslibellules.fr\\\/blog\\\/2019\\\/06\\\/05\\\/pseudothemis-zonata\\\/#primaryimage\"},\"image\":{\"@id\":\"https:\\\/\\\/www.meslibellules.fr\\\/blog\\\/2019\\\/06\\\/05\\\/pseudothemis-zonata\\\/#primaryimage\"},\"thumbnailUrl\":\"http:\\\/\\\/www.meslibellules.fr\\\/blog\\\/wp-content\\\/uploads\\\/2019\\\/06\\\/pseudothemis-zonata.jpg\",\"datePublished\":\"2019-06-05T14:11:42+00:00\",\"dateModified\":\"2023-12-12T12:54:22+00:00\",\"description\":\"Pseudothemis zonata m\u00e2les et femelles, description, identification, taille, habitat, distribution g\u00e9ographique\",\"breadcrumb\":{\"@id\":\"https:\\\/\\\/www.meslibellules.fr\\\/blog\\\/2019\\\/06\\\/05\\\/pseudothemis-zonata\\\/#breadcrumb\"},\"inLanguage\":\"fr-FR\",\"potentialAction\":[{\"@type\":\"ReadAction\",\"target\":[\"https:\\\/\\\/www.meslibellules.fr\\\/blog\\\/2019\\\/06\\\/05\\\/pseudothemis-zonata\\\/\"]}]},{\"@type\":\"ImageObject\",\"inLanguage\":\"fr-FR\",\"@id\":\"https:\\\/\\\/www.meslibellules.fr\\\/blog\\\/2019\\\/06\\\/05\\\/pseudothemis-zonata\\\/#primaryimage\",\"url\":\"http:\\\/\\\/www.meslibellules.fr\\\/blog\\\/wp-content\\\/uploads\\\/2019\\\/06\\\/pseudothemis-zonata.jpg\",\"contentUrl\":\"http:\\\/\\\/www.meslibellules.fr\\\/blog\\\/wp-content\\\/uploads\\\/2019\\\/06\\\/pseudothemis-zonata.jpg\"},{\"@type\":\"BreadcrumbList\",\"@id\":\"https:\\\/\\\/www.meslibellules.fr\\\/blog\\\/2019\\\/06\\\/05\\\/pseudothemis-zonata\\\/#breadcrumb\",\"itemListElement\":[{\"@type\":\"ListItem\",\"position\":1,\"name\":\"Accueil\",\"item\":\"https:\\\/\\\/www.meslibellules.fr\\\/blog\\\/\"},{\"@type\":\"ListItem\",\"position\":2,\"name\":\"Vietnam 2018 &#8211; Pseudothemis zonata (Burmeister, 1839)\"}]},{\"@type\":\"WebSite\",\"@id\":\"https:\\\/\\\/www.meslibellules.fr\\\/blog\\\/#website\",\"url\":\"https:\\\/\\\/www.meslibellules.fr\\\/blog\\\/\",\"name\":\"Mes Libellules\",\"description\":\"Pr\u00e9sentation des libellules rencontr\u00e9es dans le monde\",\"publisher\":{\"@id\":\"https:\\\/\\\/www.meslibellules.fr\\\/blog\\\/#\\\/schema\\\/person\\\/9aa3586f9dd053fcf329f43b8b053c77\"},\"potentialAction\":[{\"@type\":\"SearchAction\",\"target\":{\"@type\":\"EntryPoint\",\"urlTemplate\":\"https:\\\/\\\/www.meslibellules.fr\\\/blog\\\/?s={search_term_string}\"},\"query-input\":{\"@type\":\"PropertyValueSpecification\",\"valueRequired\":true,\"valueName\":\"search_term_string\"}}],\"inLanguage\":\"fr-FR\"},{\"@type\":[\"Person\",\"Organization\"],\"@id\":\"https:\\\/\\\/www.meslibellules.fr\\\/blog\\\/#\\\/schema\\\/person\\\/9aa3586f9dd053fcf329f43b8b053c77\",\"name\":\"Beno\u00eet Guillon\",\"image\":{\"@type\":\"ImageObject\",\"inLanguage\":\"fr-FR\",\"@id\":\"https:\\\/\\\/www.meslibellules.fr\\\/blog\\\/wp-content\\\/uploads\\\/cropped-avatar-150-pix.jpg\",\"url\":\"https:\\\/\\\/www.meslibellules.fr\\\/blog\\\/wp-content\\\/uploads\\\/cropped-avatar-150-pix.jpg\",\"contentUrl\":\"https:\\\/\\\/www.meslibellules.fr\\\/blog\\\/wp-content\\\/uploads\\\/cropped-avatar-150-pix.jpg\",\"width\":150,\"height\":137,\"caption\":\"Beno\u00eet Guillon\"},\"logo\":{\"@id\":\"https:\\\/\\\/www.meslibellules.fr\\\/blog\\\/wp-content\\\/uploads\\\/cropped-avatar-150-pix.jpg\"},\"sameAs\":[\"https:\\\/\\\/www.facebook.com\\\/benoit.guillon.96\\\/\"]}]}<\/script>\n<!-- \/ Yoast SEO plugin. -->","yoast_head_json":{"title":"Pseudothemis zonata - Mes Libellules","description":"Pseudothemis zonata m\u00e2les et femelles, description, identification, taille, habitat, distribution g\u00e9ographique","robots":{"index":"index","follow":"follow","max-snippet":"max-snippet:-1","max-image-preview":"max-image-preview:large","max-video-preview":"max-video-preview:-1"},"canonical":"https:\/\/www.meslibellules.fr\/blog\/2019\/06\/05\/pseudothemis-zonata\/","og_locale":"fr_FR","og_type":"article","og_title":"Pseudothemis zonata - Mes Libellules","og_description":"Pseudothemis zonata m\u00e2les et femelles, description, identification, taille, habitat, distribution g\u00e9ographique","og_url":"https:\/\/www.meslibellules.fr\/blog\/2019\/06\/05\/pseudothemis-zonata\/","og_site_name":"Mes Libellules","article_publisher":"https:\/\/www.facebook.com\/benoit.guillon.96\/","article_author":"https:\/\/www.facebook.com\/benoit.guillon.96\/","article_published_time":"2019-06-05T14:11:42+00:00","article_modified_time":"2023-12-12T12:54:22+00:00","og_image":[{"url":"http:\/\/www.meslibellules.fr\/blog\/wp-content\/uploads\/2019\/06\/pseudothemis-zonata.jpg","type":"","width":"","height":""}],"author":"Beno\u00eet Guillon","twitter_card":"summary_large_image","twitter_misc":{"\u00c9crit par":"Beno\u00eet Guillon","Dur\u00e9e de lecture estim\u00e9e":"4 minutes"},"schema":{"@context":"https:\/\/schema.org","@graph":[{"@type":"Article","@id":"https:\/\/www.meslibellules.fr\/blog\/2019\/06\/05\/pseudothemis-zonata\/#article","isPartOf":{"@id":"https:\/\/www.meslibellules.fr\/blog\/2019\/06\/05\/pseudothemis-zonata\/"},"author":{"name":"Beno\u00eet Guillon","@id":"https:\/\/www.meslibellules.fr\/blog\/#\/schema\/person\/9aa3586f9dd053fcf329f43b8b053c77"},"headline":"Vietnam 2018 &#8211; Pseudothemis zonata (Burmeister, 1839)","datePublished":"2019-06-05T14:11:42+00:00","dateModified":"2023-12-12T12:54:22+00:00","mainEntityOfPage":{"@id":"https:\/\/www.meslibellules.fr\/blog\/2019\/06\/05\/pseudothemis-zonata\/"},"wordCount":343,"commentCount":0,"publisher":{"@id":"https:\/\/www.meslibellules.fr\/blog\/#\/schema\/person\/9aa3586f9dd053fcf329f43b8b053c77"},"image":{"@id":"https:\/\/www.meslibellules.fr\/blog\/2019\/06\/05\/pseudothemis-zonata\/#primaryimage"},"thumbnailUrl":"http:\/\/www.meslibellules.fr\/blog\/wp-content\/uploads\/2019\/06\/pseudothemis-zonata.jpg","articleSection":["Libellulidae","Vietnam"],"inLanguage":"fr-FR","potentialAction":[{"@type":"CommentAction","name":"Comment","target":["https:\/\/www.meslibellules.fr\/blog\/2019\/06\/05\/pseudothemis-zonata\/#respond"]}]},{"@type":"WebPage","@id":"https:\/\/www.meslibellules.fr\/blog\/2019\/06\/05\/pseudothemis-zonata\/","url":"https:\/\/www.meslibellules.fr\/blog\/2019\/06\/05\/pseudothemis-zonata\/","name":"Pseudothemis zonata - Mes Libellules","isPartOf":{"@id":"https:\/\/www.meslibellules.fr\/blog\/#website"},"primaryImageOfPage":{"@id":"https:\/\/www.meslibellules.fr\/blog\/2019\/06\/05\/pseudothemis-zonata\/#primaryimage"},"image":{"@id":"https:\/\/www.meslibellules.fr\/blog\/2019\/06\/05\/pseudothemis-zonata\/#primaryimage"},"thumbnailUrl":"http:\/\/www.meslibellules.fr\/blog\/wp-content\/uploads\/2019\/06\/pseudothemis-zonata.jpg","datePublished":"2019-06-05T14:11:42+00:00","dateModified":"2023-12-12T12:54:22+00:00","description":"Pseudothemis zonata m\u00e2les et femelles, description, identification, taille, habitat, distribution g\u00e9ographique","breadcrumb":{"@id":"https:\/\/www.meslibellules.fr\/blog\/2019\/06\/05\/pseudothemis-zonata\/#breadcrumb"},"inLanguage":"fr-FR","potentialAction":[{"@type":"ReadAction","target":["https:\/\/www.meslibellules.fr\/blog\/2019\/06\/05\/pseudothemis-zonata\/"]}]},{"@type":"ImageObject","inLanguage":"fr-FR","@id":"https:\/\/www.meslibellules.fr\/blog\/2019\/06\/05\/pseudothemis-zonata\/#primaryimage","url":"http:\/\/www.meslibellules.fr\/blog\/wp-content\/uploads\/2019\/06\/pseudothemis-zonata.jpg","contentUrl":"http:\/\/www.meslibellules.fr\/blog\/wp-content\/uploads\/2019\/06\/pseudothemis-zonata.jpg"},{"@type":"BreadcrumbList","@id":"https:\/\/www.meslibellules.fr\/blog\/2019\/06\/05\/pseudothemis-zonata\/#breadcrumb","itemListElement":[{"@type":"ListItem","position":1,"name":"Accueil","item":"https:\/\/www.meslibellules.fr\/blog\/"},{"@type":"ListItem","position":2,"name":"Vietnam 2018 &#8211; Pseudothemis zonata (Burmeister, 1839)"}]},{"@type":"WebSite","@id":"https:\/\/www.meslibellules.fr\/blog\/#website","url":"https:\/\/www.meslibellules.fr\/blog\/","name":"Mes Libellules","description":"Pr\u00e9sentation des libellules rencontr\u00e9es dans le monde","publisher":{"@id":"https:\/\/www.meslibellules.fr\/blog\/#\/schema\/person\/9aa3586f9dd053fcf329f43b8b053c77"},"potentialAction":[{"@type":"SearchAction","target":{"@type":"EntryPoint","urlTemplate":"https:\/\/www.meslibellules.fr\/blog\/?s={search_term_string}"},"query-input":{"@type":"PropertyValueSpecification","valueRequired":true,"valueName":"search_term_string"}}],"inLanguage":"fr-FR"},{"@type":["Person","Organization"],"@id":"https:\/\/www.meslibellules.fr\/blog\/#\/schema\/person\/9aa3586f9dd053fcf329f43b8b053c77","name":"Beno\u00eet Guillon","image":{"@type":"ImageObject","inLanguage":"fr-FR","@id":"https:\/\/www.meslibellules.fr\/blog\/wp-content\/uploads\/cropped-avatar-150-pix.jpg","url":"https:\/\/www.meslibellules.fr\/blog\/wp-content\/uploads\/cropped-avatar-150-pix.jpg","contentUrl":"https:\/\/www.meslibellules.fr\/blog\/wp-content\/uploads\/cropped-avatar-150-pix.jpg","width":150,"height":137,"caption":"Beno\u00eet Guillon"},"logo":{"@id":"https:\/\/www.meslibellules.fr\/blog\/wp-content\/uploads\/cropped-avatar-150-pix.jpg"},"sameAs":["https:\/\/www.facebook.com\/benoit.guillon.96\/"]}]}},"_links":{"self":[{"href":"https:\/\/www.meslibellules.fr\/blog\/wp-json\/wp\/v2\/posts\/3073","targetHints":{"allow":["GET"]}}],"collection":[{"href":"https:\/\/www.meslibellules.fr\/blog\/wp-json\/wp\/v2\/posts"}],"about":[{"href":"https:\/\/www.meslibellules.fr\/blog\/wp-json\/wp\/v2\/types\/post"}],"author":[{"embeddable":true,"href":"https:\/\/www.meslibellules.fr\/blog\/wp-json\/wp\/v2\/users\/1"}],"replies":[{"embeddable":true,"href":"https:\/\/www.meslibellules.fr\/blog\/wp-json\/wp\/v2\/comments?post=3073"}],"version-history":[{"count":0,"href":"https:\/\/www.meslibellules.fr\/blog\/wp-json\/wp\/v2\/posts\/3073\/revisions"}],"wp:attachment":[{"href":"https:\/\/www.meslibellules.fr\/blog\/wp-json\/wp\/v2\/media?parent=3073"}],"wp:term":[{"taxonomy":"category","embeddable":true,"href":"https:\/\/www.meslibellules.fr\/blog\/wp-json\/wp\/v2\/categories?post=3073"},{"taxonomy":"post_tag","embeddable":true,"href":"https:\/\/www.meslibellules.fr\/blog\/wp-json\/wp\/v2\/tags?post=3073"}],"curies":[{"name":"wp","href":"https:\/\/api.w.org\/{rel}","templated":true}]}}