{"id":3355,"date":"2019-07-21T21:31:25","date_gmt":"2019-07-21T19:31:25","guid":{"rendered":"http:\/\/www.meslibellules.fr\/blog\/?p=3355"},"modified":"2023-06-30T06:41:12","modified_gmt":"2023-06-30T04:41:12","slug":"anax-parthenope-male","status":"publish","type":"post","link":"https:\/\/www.meslibellules.fr\/blog\/2019\/07\/21\/anax-parthenope-male\/","title":{"rendered":"Anax parthenope m\u00e2le &#8211; Lac d&rsquo;Hourtin &#8211; Juillet 2019  2\/3"},"content":{"rendered":"\n<p style=\"font-size:15px\">Le 17 juillet 2019, je ne m&rsquo;attendais pas \u00e0 d\u00e9couvrir cet Anax parthenope m\u00e2le. J&rsquo;\u00e9tais  en effet \u00e0 la recherche de Trithemis annulata que je n&rsquo;avais pas encore rencontr\u00e9 en France et je savais, que comme sur beaucoup de plans d&rsquo;eau du sud-ouest, il est pr\u00e9sent sur le lac d&rsquo;Hourtin.<br>En approchant de l&rsquo;eau, j&rsquo;ai vu passer un Aeshnidae que je n&rsquo;ai pas pu identifier bien que son comportement m&rsquo;a donn\u00e9 une bonne piste. Il volait \u00e0 environ 1,5 \u00e0 2 m au-dessus de l&rsquo;eau,  \u00e0 la limite des joncs \u00e0 massette, zigzagant parfois entre leurs tiges.<\/p>\n\n\n\n<figure class=\"wp-block-image aligncenter is-resized\"><a href=\"https:\/\/www.meslibellules.fr\/blog\/wp-content\/uploads\/2019\/07\/anax-parthenope-male-4.jpg\"><img decoding=\"async\" data-src=\"https:\/\/www.meslibellules.fr\/blog\/wp-content\/uploads\/2019\/07\/anax-parthenope-male-4.jpg\" alt=\"Anax parthenope m\u00e2le, Gironde, lac d'Hourtin, 17\/07\/2019\" class=\"wp-image-3354 lazyload\" width=\"493\" height=\"468\" data-srcset=\"https:\/\/www.meslibellules.fr\/blog\/wp-content\/uploads\/2019\/07\/anax-parthenope-male-4.jpg 1056w, https:\/\/www.meslibellules.fr\/blog\/wp-content\/uploads\/2019\/07\/anax-parthenope-male-4-768x730.jpg 768w\" data-sizes=\"(max-width: 493px) 100vw, 493px\" src=\"data:image\/svg+xml;base64,PHN2ZyB3aWR0aD0iMSIgaGVpZ2h0PSIxIiB4bWxucz0iaHR0cDovL3d3dy53My5vcmcvMjAwMC9zdmciPjwvc3ZnPg==\" style=\"--smush-placeholder-width: 493px; --smush-placeholder-aspect-ratio: 493\/468;\" \/><\/a><figcaption class=\"wp-element-caption\">Anax parthenope m\u00e2le, Gironde, lac d&rsquo;Hourtin, 17\/07\/2019<\/figcaption><\/figure>\n\n\n\n<p style=\"font-size:14px\">J&rsquo;avais d\u00e9j\u00e0 observ\u00e9 ce comportement dans ma r\u00e9gion, en 2013, sur le bel \u00e9tang de Chevign\u00e9 (49).<br><br> Heureusement, il a fini par se poser \u00e0 une dizaine de m\u00e8tres de moi, mais ne m&rsquo;a permis que cette photo pour confirmer l&rsquo;identification.<br>J&rsquo;ai pu l&rsquo;observer au moins une dizaine de minutes, errant \u00e0 la recherche d&rsquo;une femelle, p\u00e9riode durant laquelle il s&rsquo;est repos\u00e9 2 fois bri\u00e8vement, reprenant l&rsquo;air pour chasser un second individu concurrent.<br>J&rsquo;ai d\u00fb abandonner le site, non sans avoir trouv\u00e9 mon premier Trithemis annulata fran\u00e7ais. <\/p>\n\n\n\n<div style=\"height:33px\" aria-hidden=\"true\" class=\"wp-block-spacer\"><\/div>\n\n\n\n<div class=\"wp-block-buttons is-vertical is-layout-flex wp-container-core-buttons-is-layout-e1300cac wp-block-buttons-is-layout-flex\">\n<div class=\"wp-block-button\"><a class=\"wp-block-button__link wp-element-button\" href=\"http:\/\/www.meslibellules.fr\/pagesweb\/aeshnidae\/anax\/anax-parthenope\/anax-parthenope-male-1.php\">Retour<\/a><\/div>\n\n\n\n<div class=\"wp-block-button\"><a class=\"wp-block-button__link wp-element-button\" href=\"https:\/\/www.meslibellules.fr\/blog\/2023\/06\/30\/anax-parthenope-male-en-vol-3-3\/\">Suite<\/a><\/div>\n\n\n\n<div class=\"wp-block-button\"><a class=\"wp-block-button__link wp-element-button\" href=\"http:\/\/localhost\/pagesweb\/aeshnidae\/anax\/anax-parthenope\/anax-parthenope-accueil.php\">Accueil A. parthenope<\/a><\/div>\n<\/div>\n","protected":false},"excerpt":{"rendered":"<p>Le 17 juillet 2019, je ne m&rsquo;attendais pas \u00e0 d\u00e9couvrir cet Anax parthenope m\u00e2le. J&rsquo;\u00e9tais en effet \u00e0 la recherche de Trithemis annulata que je n&rsquo;avais pas encore rencontr\u00e9 en France et je savais, que comme sur beaucoup de plans d&rsquo;eau du sud-ouest, il est pr\u00e9sent sur le lac d&rsquo;Hourtin.En approchant de l&rsquo;eau, j&rsquo;ai vu [&hellip;]<\/p>\n","protected":false},"author":1,"featured_media":0,"comment_status":"open","ping_status":"open","sticky":false,"template":"","format":"image","meta":{"site-sidebar-layout":"default","site-content-layout":"","ast-site-content-layout":"default","site-content-style":"default","site-sidebar-style":"default","ast-global-header-display":"","ast-banner-title-visibility":"","ast-main-header-display":"","ast-hfb-above-header-display":"","ast-hfb-below-header-display":"","ast-hfb-mobile-header-display":"","site-post-title":"","ast-breadcrumbs-content":"","ast-featured-img":"","footer-sml-layout":"","ast-disable-related-posts":"","theme-transparent-header-meta":"","adv-header-id-meta":"","stick-header-meta":"","header-above-stick-meta":"","header-main-stick-meta":"","header-below-stick-meta":"","astra-migrate-meta-layouts":"default","ast-page-background-enabled":"default","ast-page-background-meta":{"desktop":{"background-color":"var(--ast-global-color-4)","background-image":"","background-repeat":"repeat","background-position":"center center","background-size":"auto","background-attachment":"scroll","background-type":"","background-media":"","overlay-type":"","overlay-color":"","overlay-opacity":"","overlay-gradient":""},"tablet":{"background-color":"","background-image":"","background-repeat":"repeat","background-position":"center center","background-size":"auto","background-attachment":"scroll","background-type":"","background-media":"","overlay-type":"","overlay-color":"","overlay-opacity":"","overlay-gradient":""},"mobile":{"background-color":"","background-image":"","background-repeat":"repeat","background-position":"center center","background-size":"auto","background-attachment":"scroll","background-type":"","background-media":"","overlay-type":"","overlay-color":"","overlay-opacity":"","overlay-gradient":""}},"ast-content-background-meta":{"desktop":{"background-color":"var(--ast-global-color-5)","background-image":"","background-repeat":"repeat","background-position":"center center","background-size":"auto","background-attachment":"scroll","background-type":"","background-media":"","overlay-type":"","overlay-color":"","overlay-opacity":"","overlay-gradient":""},"tablet":{"background-color":"var(--ast-global-color-5)","background-image":"","background-repeat":"repeat","background-position":"center center","background-size":"auto","background-attachment":"scroll","background-type":"","background-media":"","overlay-type":"","overlay-color":"","overlay-opacity":"","overlay-gradient":""},"mobile":{"background-color":"var(--ast-global-color-5)","background-image":"","background-repeat":"repeat","background-position":"center center","background-size":"auto","background-attachment":"scroll","background-type":"","background-media":"","overlay-type":"","overlay-color":"","overlay-opacity":"","overlay-gradient":""}},"footnotes":""},"categories":[118,119,55],"tags":[],"class_list":["post-3355","post","type-post","status-publish","format-image","hentry","category-aeshnidae-france","category-anax-parthenope","category-france","post_format-post-format-image"],"yoast_head":"<!-- This site is optimized with the Yoast SEO plugin v27.4 - https:\/\/yoast.com\/product\/yoast-seo-wordpress\/ -->\n<title>Anax parthenope m\u00e2le - Mes Libellules<\/title>\n<meta name=\"description\" content=\"Anax parthenope m\u00e2le sur le lac d&#039;Hourtin (Landes), comportement de domination territoriale, recherche des femelles\" \/>\n<meta name=\"robots\" content=\"index, follow, max-snippet:-1, max-image-preview:large, max-video-preview:-1\" \/>\n<link rel=\"canonical\" href=\"https:\/\/www.meslibellules.fr\/blog\/2019\/07\/21\/anax-parthenope-male\/\" \/>\n<meta property=\"og:locale\" content=\"fr_FR\" \/>\n<meta property=\"og:type\" content=\"article\" \/>\n<meta property=\"og:title\" content=\"Anax parthenope m\u00e2le - Mes Libellules\" \/>\n<meta property=\"og:description\" content=\"Anax parthenope m\u00e2le sur le lac d&#039;Hourtin (Landes), comportement de domination territoriale, recherche des femelles\" \/>\n<meta property=\"og:url\" content=\"https:\/\/www.meslibellules.fr\/blog\/2019\/07\/21\/anax-parthenope-male\/\" \/>\n<meta property=\"og:site_name\" content=\"Mes Libellules\" \/>\n<meta property=\"article:publisher\" content=\"https:\/\/www.facebook.com\/benoit.guillon.96\/\" \/>\n<meta property=\"article:author\" content=\"https:\/\/www.facebook.com\/benoit.guillon.96\/\" \/>\n<meta property=\"article:published_time\" content=\"2019-07-21T19:31:25+00:00\" \/>\n<meta property=\"article:modified_time\" content=\"2023-06-30T04:41:12+00:00\" \/>\n<meta property=\"og:image\" content=\"http:\/\/www.meslibellules.fr\/blog\/wp-content\/uploads\/2019\/07\/anax-parthenope-male-4.jpg\" \/>\n<meta name=\"author\" content=\"Beno\u00eet Guillon\" \/>\n<meta name=\"twitter:card\" content=\"summary_large_image\" \/>\n<meta name=\"twitter:label1\" content=\"\u00c9crit par\" \/>\n\t<meta name=\"twitter:data1\" content=\"Beno\u00eet Guillon\" \/>\n\t<meta name=\"twitter:label2\" content=\"Dur\u00e9e de lecture estim\u00e9e\" \/>\n\t<meta name=\"twitter:data2\" content=\"2 minutes\" \/>\n<script type=\"application\/ld+json\" class=\"yoast-schema-graph\">{\"@context\":\"https:\\\/\\\/schema.org\",\"@graph\":[{\"@type\":\"Article\",\"@id\":\"https:\\\/\\\/www.meslibellules.fr\\\/blog\\\/2019\\\/07\\\/21\\\/anax-parthenope-male\\\/#article\",\"isPartOf\":{\"@id\":\"https:\\\/\\\/www.meslibellules.fr\\\/blog\\\/2019\\\/07\\\/21\\\/anax-parthenope-male\\\/\"},\"author\":{\"name\":\"Beno\u00eet Guillon\",\"@id\":\"https:\\\/\\\/www.meslibellules.fr\\\/blog\\\/#\\\/schema\\\/person\\\/9aa3586f9dd053fcf329f43b8b053c77\"},\"headline\":\"Anax parthenope m\u00e2le &#8211; Lac d&rsquo;Hourtin &#8211; Juillet 2019 2\\\/3\",\"datePublished\":\"2019-07-21T19:31:25+00:00\",\"dateModified\":\"2023-06-30T04:41:12+00:00\",\"mainEntityOfPage\":{\"@id\":\"https:\\\/\\\/www.meslibellules.fr\\\/blog\\\/2019\\\/07\\\/21\\\/anax-parthenope-male\\\/\"},\"wordCount\":220,\"commentCount\":0,\"publisher\":{\"@id\":\"https:\\\/\\\/www.meslibellules.fr\\\/blog\\\/#\\\/schema\\\/person\\\/9aa3586f9dd053fcf329f43b8b053c77\"},\"image\":{\"@id\":\"https:\\\/\\\/www.meslibellules.fr\\\/blog\\\/2019\\\/07\\\/21\\\/anax-parthenope-male\\\/#primaryimage\"},\"thumbnailUrl\":\"http:\\\/\\\/www.meslibellules.fr\\\/blog\\\/wp-content\\\/uploads\\\/2019\\\/07\\\/anax-parthenope-male-4.jpg\",\"articleSection\":[\"Aeshnidae\",\"Anax parthenope\",\"France\"],\"inLanguage\":\"fr-FR\",\"potentialAction\":[{\"@type\":\"CommentAction\",\"name\":\"Comment\",\"target\":[\"https:\\\/\\\/www.meslibellules.fr\\\/blog\\\/2019\\\/07\\\/21\\\/anax-parthenope-male\\\/#respond\"]}]},{\"@type\":\"WebPage\",\"@id\":\"https:\\\/\\\/www.meslibellules.fr\\\/blog\\\/2019\\\/07\\\/21\\\/anax-parthenope-male\\\/\",\"url\":\"https:\\\/\\\/www.meslibellules.fr\\\/blog\\\/2019\\\/07\\\/21\\\/anax-parthenope-male\\\/\",\"name\":\"Anax parthenope m\u00e2le - Mes Libellules\",\"isPartOf\":{\"@id\":\"https:\\\/\\\/www.meslibellules.fr\\\/blog\\\/#website\"},\"primaryImageOfPage\":{\"@id\":\"https:\\\/\\\/www.meslibellules.fr\\\/blog\\\/2019\\\/07\\\/21\\\/anax-parthenope-male\\\/#primaryimage\"},\"image\":{\"@id\":\"https:\\\/\\\/www.meslibellules.fr\\\/blog\\\/2019\\\/07\\\/21\\\/anax-parthenope-male\\\/#primaryimage\"},\"thumbnailUrl\":\"http:\\\/\\\/www.meslibellules.fr\\\/blog\\\/wp-content\\\/uploads\\\/2019\\\/07\\\/anax-parthenope-male-4.jpg\",\"datePublished\":\"2019-07-21T19:31:25+00:00\",\"dateModified\":\"2023-06-30T04:41:12+00:00\",\"description\":\"Anax parthenope m\u00e2le sur le lac d'Hourtin (Landes), comportement de domination territoriale, recherche des femelles\",\"breadcrumb\":{\"@id\":\"https:\\\/\\\/www.meslibellules.fr\\\/blog\\\/2019\\\/07\\\/21\\\/anax-parthenope-male\\\/#breadcrumb\"},\"inLanguage\":\"fr-FR\",\"potentialAction\":[{\"@type\":\"ReadAction\",\"target\":[\"https:\\\/\\\/www.meslibellules.fr\\\/blog\\\/2019\\\/07\\\/21\\\/anax-parthenope-male\\\/\"]}]},{\"@type\":\"ImageObject\",\"inLanguage\":\"fr-FR\",\"@id\":\"https:\\\/\\\/www.meslibellules.fr\\\/blog\\\/2019\\\/07\\\/21\\\/anax-parthenope-male\\\/#primaryimage\",\"url\":\"http:\\\/\\\/www.meslibellules.fr\\\/blog\\\/wp-content\\\/uploads\\\/2019\\\/07\\\/anax-parthenope-male-4.jpg\",\"contentUrl\":\"http:\\\/\\\/www.meslibellules.fr\\\/blog\\\/wp-content\\\/uploads\\\/2019\\\/07\\\/anax-parthenope-male-4.jpg\"},{\"@type\":\"BreadcrumbList\",\"@id\":\"https:\\\/\\\/www.meslibellules.fr\\\/blog\\\/2019\\\/07\\\/21\\\/anax-parthenope-male\\\/#breadcrumb\",\"itemListElement\":[{\"@type\":\"ListItem\",\"position\":1,\"name\":\"Accueil\",\"item\":\"https:\\\/\\\/www.meslibellules.fr\\\/blog\\\/\"},{\"@type\":\"ListItem\",\"position\":2,\"name\":\"Anax parthenope m\u00e2le &#8211; Lac d&rsquo;Hourtin &#8211; Juillet 2019 2\\\/3\"}]},{\"@type\":\"WebSite\",\"@id\":\"https:\\\/\\\/www.meslibellules.fr\\\/blog\\\/#website\",\"url\":\"https:\\\/\\\/www.meslibellules.fr\\\/blog\\\/\",\"name\":\"Mes Libellules\",\"description\":\"Pr\u00e9sentation des libellules rencontr\u00e9es dans le monde\",\"publisher\":{\"@id\":\"https:\\\/\\\/www.meslibellules.fr\\\/blog\\\/#\\\/schema\\\/person\\\/9aa3586f9dd053fcf329f43b8b053c77\"},\"potentialAction\":[{\"@type\":\"SearchAction\",\"target\":{\"@type\":\"EntryPoint\",\"urlTemplate\":\"https:\\\/\\\/www.meslibellules.fr\\\/blog\\\/?s={search_term_string}\"},\"query-input\":{\"@type\":\"PropertyValueSpecification\",\"valueRequired\":true,\"valueName\":\"search_term_string\"}}],\"inLanguage\":\"fr-FR\"},{\"@type\":[\"Person\",\"Organization\"],\"@id\":\"https:\\\/\\\/www.meslibellules.fr\\\/blog\\\/#\\\/schema\\\/person\\\/9aa3586f9dd053fcf329f43b8b053c77\",\"name\":\"Beno\u00eet Guillon\",\"image\":{\"@type\":\"ImageObject\",\"inLanguage\":\"fr-FR\",\"@id\":\"https:\\\/\\\/www.meslibellules.fr\\\/blog\\\/wp-content\\\/uploads\\\/cropped-avatar-150-pix.jpg\",\"url\":\"https:\\\/\\\/www.meslibellules.fr\\\/blog\\\/wp-content\\\/uploads\\\/cropped-avatar-150-pix.jpg\",\"contentUrl\":\"https:\\\/\\\/www.meslibellules.fr\\\/blog\\\/wp-content\\\/uploads\\\/cropped-avatar-150-pix.jpg\",\"width\":150,\"height\":137,\"caption\":\"Beno\u00eet Guillon\"},\"logo\":{\"@id\":\"https:\\\/\\\/www.meslibellules.fr\\\/blog\\\/wp-content\\\/uploads\\\/cropped-avatar-150-pix.jpg\"},\"sameAs\":[\"https:\\\/\\\/www.facebook.com\\\/benoit.guillon.96\\\/\"]}]}<\/script>\n<!-- \/ Yoast SEO plugin. -->","yoast_head_json":{"title":"Anax parthenope m\u00e2le - Mes Libellules","description":"Anax parthenope m\u00e2le sur le lac d'Hourtin (Landes), comportement de domination territoriale, recherche des femelles","robots":{"index":"index","follow":"follow","max-snippet":"max-snippet:-1","max-image-preview":"max-image-preview:large","max-video-preview":"max-video-preview:-1"},"canonical":"https:\/\/www.meslibellules.fr\/blog\/2019\/07\/21\/anax-parthenope-male\/","og_locale":"fr_FR","og_type":"article","og_title":"Anax parthenope m\u00e2le - Mes Libellules","og_description":"Anax parthenope m\u00e2le sur le lac d'Hourtin (Landes), comportement de domination territoriale, recherche des femelles","og_url":"https:\/\/www.meslibellules.fr\/blog\/2019\/07\/21\/anax-parthenope-male\/","og_site_name":"Mes Libellules","article_publisher":"https:\/\/www.facebook.com\/benoit.guillon.96\/","article_author":"https:\/\/www.facebook.com\/benoit.guillon.96\/","article_published_time":"2019-07-21T19:31:25+00:00","article_modified_time":"2023-06-30T04:41:12+00:00","og_image":[{"url":"http:\/\/www.meslibellules.fr\/blog\/wp-content\/uploads\/2019\/07\/anax-parthenope-male-4.jpg","type":"","width":"","height":""}],"author":"Beno\u00eet Guillon","twitter_card":"summary_large_image","twitter_misc":{"\u00c9crit par":"Beno\u00eet Guillon","Dur\u00e9e de lecture estim\u00e9e":"2 minutes"},"schema":{"@context":"https:\/\/schema.org","@graph":[{"@type":"Article","@id":"https:\/\/www.meslibellules.fr\/blog\/2019\/07\/21\/anax-parthenope-male\/#article","isPartOf":{"@id":"https:\/\/www.meslibellules.fr\/blog\/2019\/07\/21\/anax-parthenope-male\/"},"author":{"name":"Beno\u00eet Guillon","@id":"https:\/\/www.meslibellules.fr\/blog\/#\/schema\/person\/9aa3586f9dd053fcf329f43b8b053c77"},"headline":"Anax parthenope m\u00e2le &#8211; Lac d&rsquo;Hourtin &#8211; Juillet 2019 2\/3","datePublished":"2019-07-21T19:31:25+00:00","dateModified":"2023-06-30T04:41:12+00:00","mainEntityOfPage":{"@id":"https:\/\/www.meslibellules.fr\/blog\/2019\/07\/21\/anax-parthenope-male\/"},"wordCount":220,"commentCount":0,"publisher":{"@id":"https:\/\/www.meslibellules.fr\/blog\/#\/schema\/person\/9aa3586f9dd053fcf329f43b8b053c77"},"image":{"@id":"https:\/\/www.meslibellules.fr\/blog\/2019\/07\/21\/anax-parthenope-male\/#primaryimage"},"thumbnailUrl":"http:\/\/www.meslibellules.fr\/blog\/wp-content\/uploads\/2019\/07\/anax-parthenope-male-4.jpg","articleSection":["Aeshnidae","Anax parthenope","France"],"inLanguage":"fr-FR","potentialAction":[{"@type":"CommentAction","name":"Comment","target":["https:\/\/www.meslibellules.fr\/blog\/2019\/07\/21\/anax-parthenope-male\/#respond"]}]},{"@type":"WebPage","@id":"https:\/\/www.meslibellules.fr\/blog\/2019\/07\/21\/anax-parthenope-male\/","url":"https:\/\/www.meslibellules.fr\/blog\/2019\/07\/21\/anax-parthenope-male\/","name":"Anax parthenope m\u00e2le - Mes Libellules","isPartOf":{"@id":"https:\/\/www.meslibellules.fr\/blog\/#website"},"primaryImageOfPage":{"@id":"https:\/\/www.meslibellules.fr\/blog\/2019\/07\/21\/anax-parthenope-male\/#primaryimage"},"image":{"@id":"https:\/\/www.meslibellules.fr\/blog\/2019\/07\/21\/anax-parthenope-male\/#primaryimage"},"thumbnailUrl":"http:\/\/www.meslibellules.fr\/blog\/wp-content\/uploads\/2019\/07\/anax-parthenope-male-4.jpg","datePublished":"2019-07-21T19:31:25+00:00","dateModified":"2023-06-30T04:41:12+00:00","description":"Anax parthenope m\u00e2le sur le lac d'Hourtin (Landes), comportement de domination territoriale, recherche des femelles","breadcrumb":{"@id":"https:\/\/www.meslibellules.fr\/blog\/2019\/07\/21\/anax-parthenope-male\/#breadcrumb"},"inLanguage":"fr-FR","potentialAction":[{"@type":"ReadAction","target":["https:\/\/www.meslibellules.fr\/blog\/2019\/07\/21\/anax-parthenope-male\/"]}]},{"@type":"ImageObject","inLanguage":"fr-FR","@id":"https:\/\/www.meslibellules.fr\/blog\/2019\/07\/21\/anax-parthenope-male\/#primaryimage","url":"http:\/\/www.meslibellules.fr\/blog\/wp-content\/uploads\/2019\/07\/anax-parthenope-male-4.jpg","contentUrl":"http:\/\/www.meslibellules.fr\/blog\/wp-content\/uploads\/2019\/07\/anax-parthenope-male-4.jpg"},{"@type":"BreadcrumbList","@id":"https:\/\/www.meslibellules.fr\/blog\/2019\/07\/21\/anax-parthenope-male\/#breadcrumb","itemListElement":[{"@type":"ListItem","position":1,"name":"Accueil","item":"https:\/\/www.meslibellules.fr\/blog\/"},{"@type":"ListItem","position":2,"name":"Anax parthenope m\u00e2le &#8211; Lac d&rsquo;Hourtin &#8211; Juillet 2019 2\/3"}]},{"@type":"WebSite","@id":"https:\/\/www.meslibellules.fr\/blog\/#website","url":"https:\/\/www.meslibellules.fr\/blog\/","name":"Mes Libellules","description":"Pr\u00e9sentation des libellules rencontr\u00e9es dans le monde","publisher":{"@id":"https:\/\/www.meslibellules.fr\/blog\/#\/schema\/person\/9aa3586f9dd053fcf329f43b8b053c77"},"potentialAction":[{"@type":"SearchAction","target":{"@type":"EntryPoint","urlTemplate":"https:\/\/www.meslibellules.fr\/blog\/?s={search_term_string}"},"query-input":{"@type":"PropertyValueSpecification","valueRequired":true,"valueName":"search_term_string"}}],"inLanguage":"fr-FR"},{"@type":["Person","Organization"],"@id":"https:\/\/www.meslibellules.fr\/blog\/#\/schema\/person\/9aa3586f9dd053fcf329f43b8b053c77","name":"Beno\u00eet Guillon","image":{"@type":"ImageObject","inLanguage":"fr-FR","@id":"https:\/\/www.meslibellules.fr\/blog\/wp-content\/uploads\/cropped-avatar-150-pix.jpg","url":"https:\/\/www.meslibellules.fr\/blog\/wp-content\/uploads\/cropped-avatar-150-pix.jpg","contentUrl":"https:\/\/www.meslibellules.fr\/blog\/wp-content\/uploads\/cropped-avatar-150-pix.jpg","width":150,"height":137,"caption":"Beno\u00eet Guillon"},"logo":{"@id":"https:\/\/www.meslibellules.fr\/blog\/wp-content\/uploads\/cropped-avatar-150-pix.jpg"},"sameAs":["https:\/\/www.facebook.com\/benoit.guillon.96\/"]}]}},"_links":{"self":[{"href":"https:\/\/www.meslibellules.fr\/blog\/wp-json\/wp\/v2\/posts\/3355","targetHints":{"allow":["GET"]}}],"collection":[{"href":"https:\/\/www.meslibellules.fr\/blog\/wp-json\/wp\/v2\/posts"}],"about":[{"href":"https:\/\/www.meslibellules.fr\/blog\/wp-json\/wp\/v2\/types\/post"}],"author":[{"embeddable":true,"href":"https:\/\/www.meslibellules.fr\/blog\/wp-json\/wp\/v2\/users\/1"}],"replies":[{"embeddable":true,"href":"https:\/\/www.meslibellules.fr\/blog\/wp-json\/wp\/v2\/comments?post=3355"}],"version-history":[{"count":0,"href":"https:\/\/www.meslibellules.fr\/blog\/wp-json\/wp\/v2\/posts\/3355\/revisions"}],"wp:attachment":[{"href":"https:\/\/www.meslibellules.fr\/blog\/wp-json\/wp\/v2\/media?parent=3355"}],"wp:term":[{"taxonomy":"category","embeddable":true,"href":"https:\/\/www.meslibellules.fr\/blog\/wp-json\/wp\/v2\/categories?post=3355"},{"taxonomy":"post_tag","embeddable":true,"href":"https:\/\/www.meslibellules.fr\/blog\/wp-json\/wp\/v2\/tags?post=3355"}],"curies":[{"name":"wp","href":"https:\/\/api.w.org\/{rel}","templated":true}]}}