{"id":3433,"date":"2019-07-26T16:08:39","date_gmt":"2019-07-26T14:08:39","guid":{"rendered":"http:\/\/www.meslibellules.fr\/blog\/?p=3433"},"modified":"2023-07-09T19:31:05","modified_gmt":"2023-07-09T17:31:05","slug":"calopteryx-haemorrhoidalis-male-3-3","status":"publish","type":"post","link":"https:\/\/www.meslibellules.fr\/blog\/2019\/07\/26\/calopteryx-haemorrhoidalis-male-3-3\/","title":{"rendered":"Calopteryx haemorrhoidalis m\u00e2le 3\/4"},"content":{"rendered":"\n<figure class=\"wp-block-image aligncenter is-resized\"><a href=\"https:\/\/www.meslibellules.fr\/blog\/wp-content\/uploads\/2019\/07\/calopteryx-haemorrhoidalis-male-8.jpg\"><img decoding=\"async\" data-src=\"https:\/\/www.meslibellules.fr\/blog\/wp-content\/uploads\/2019\/07\/calopteryx-haemorrhoidalis-male-8.jpg\" alt=\"Calopteryx haemorrhoidalis m\u00e2le, Saint Martin-l\u00e8s-Melle (France-79), 15\/07\/2019\" class=\"wp-image-3427 lazyload\" width=\"510\" height=\"320\" data-srcset=\"https:\/\/www.meslibellules.fr\/blog\/wp-content\/uploads\/2019\/07\/calopteryx-haemorrhoidalis-male-8.jpg 1917w, https:\/\/www.meslibellules.fr\/blog\/wp-content\/uploads\/2019\/07\/calopteryx-haemorrhoidalis-male-8-768x482.jpg 768w, https:\/\/www.meslibellules.fr\/blog\/wp-content\/uploads\/2019\/07\/calopteryx-haemorrhoidalis-male-8-1200x754.jpg 1200w\" data-sizes=\"(max-width: 510px) 100vw, 510px\" src=\"data:image\/svg+xml;base64,PHN2ZyB3aWR0aD0iMSIgaGVpZ2h0PSIxIiB4bWxucz0iaHR0cDovL3d3dy53My5vcmcvMjAwMC9zdmciPjwvc3ZnPg==\" style=\"--smush-placeholder-width: 510px; --smush-placeholder-aspect-ratio: 510\/320;\" \/><\/a><figcaption class=\"wp-element-caption\">Calopteryx haemorrhoidalis m\u00e2le, Saint Martin-l\u00e8s-Melle (France-79), 15\/07\/2019<\/figcaption><\/figure>\n\n\n\n<p style=\"font-size:15px\">5 ans sans voir ces Calopteryx haemorrhoidalis! J&rsquo;ai donc \u00e9t\u00e9 bien heureux de les revoir sur le ruisseau de l&rsquo;Argenti\u00e8re, dans les sud des Deux-S\u00e8vres, certainement le site le plus proche de mon Maine et Loire et aussi un des sites fran\u00e7ais le plus au nord.<\/p>\n\n\n\n<figure class=\"wp-block-gallery has-nested-images columns-2 is-cropped wp-block-gallery-1 is-layout-flex wp-block-gallery-is-layout-flex\">\n<figure class=\"wp-block-image size-large\"><a href=\"https:\/\/www.meslibellules.fr\/blog\/wp-content\/uploads\/2019\/07\/calopteryx-haemorrhoidalis-male-9.jpg\"><img decoding=\"async\" width=\"1604\" height=\"1204\" data-id=\"3428\" data-src=\"https:\/\/www.meslibellules.fr\/blog\/wp-content\/uploads\/2019\/07\/calopteryx-haemorrhoidalis-male-9.jpg\" alt=\" Calopteryx haemorrhoidalis m\u00e2le, Saint Martin-l\u00e8s-Melle (France-79), 15\/07\/2019 \" class=\"wp-image-3428 lazyload\" data-srcset=\"https:\/\/www.meslibellules.fr\/blog\/wp-content\/uploads\/2019\/07\/calopteryx-haemorrhoidalis-male-9.jpg 1604w, https:\/\/www.meslibellules.fr\/blog\/wp-content\/uploads\/2019\/07\/calopteryx-haemorrhoidalis-male-9-768x576.jpg 768w, https:\/\/www.meslibellules.fr\/blog\/wp-content\/uploads\/2019\/07\/calopteryx-haemorrhoidalis-male-9-1200x901.jpg 1200w\" data-sizes=\"(max-width: 1604px) 100vw, 1604px\" src=\"data:image\/svg+xml;base64,PHN2ZyB3aWR0aD0iMSIgaGVpZ2h0PSIxIiB4bWxucz0iaHR0cDovL3d3dy53My5vcmcvMjAwMC9zdmciPjwvc3ZnPg==\" style=\"--smush-placeholder-width: 1604px; --smush-placeholder-aspect-ratio: 1604\/1204;\" \/><\/a><\/figure>\n\n\n\n<figure class=\"wp-block-image size-large\"><a href=\"https:\/\/www.meslibellules.fr\/blog\/wp-content\/uploads\/2019\/07\/calopteryx-haemorrhoidalis-male-10.jpg\"><img decoding=\"async\" width=\"1190\" height=\"1204\" data-id=\"3429\" data-src=\"https:\/\/www.meslibellules.fr\/blog\/wp-content\/uploads\/2019\/07\/calopteryx-haemorrhoidalis-male-10.jpg\" alt=\" Calopteryx haemorrhoidalis m\u00e2le, Saint Martin-l\u00e8s-Melle (France-79), 15\/07\/2019 \" class=\"wp-image-3429 lazyload\" data-srcset=\"https:\/\/www.meslibellules.fr\/blog\/wp-content\/uploads\/2019\/07\/calopteryx-haemorrhoidalis-male-10.jpg 1190w, https:\/\/www.meslibellules.fr\/blog\/wp-content\/uploads\/2019\/07\/calopteryx-haemorrhoidalis-male-10-768x777.jpg 768w\" data-sizes=\"(max-width: 1190px) 100vw, 1190px\" src=\"data:image\/svg+xml;base64,PHN2ZyB3aWR0aD0iMSIgaGVpZ2h0PSIxIiB4bWxucz0iaHR0cDovL3d3dy53My5vcmcvMjAwMC9zdmciPjwvc3ZnPg==\" style=\"--smush-placeholder-width: 1190px; --smush-placeholder-aspect-ratio: 1190\/1204;\" \/><\/a><\/figure>\n\n\n\n<figure class=\"wp-block-image size-large\"><a href=\"https:\/\/www.meslibellules.fr\/blog\/wp-content\/uploads\/2019\/07\/calopteryx-haemorrhoidalis-male-11.jpg\"><img decoding=\"async\" width=\"1613\" height=\"1004\" data-id=\"3430\" data-src=\"https:\/\/www.meslibellules.fr\/blog\/wp-content\/uploads\/2019\/07\/calopteryx-haemorrhoidalis-male-11.jpg\" alt=\" Calopteryx haemorrhoidalis m\u00e2le, Saint Martin-l\u00e8s-Melle (France-79), 15\/07\/2019 \" class=\"wp-image-3430 lazyload\" data-srcset=\"https:\/\/www.meslibellules.fr\/blog\/wp-content\/uploads\/2019\/07\/calopteryx-haemorrhoidalis-male-11.jpg 1613w, https:\/\/www.meslibellules.fr\/blog\/wp-content\/uploads\/2019\/07\/calopteryx-haemorrhoidalis-male-11-768x478.jpg 768w, https:\/\/www.meslibellules.fr\/blog\/wp-content\/uploads\/2019\/07\/calopteryx-haemorrhoidalis-male-11-1200x747.jpg 1200w\" data-sizes=\"(max-width: 1613px) 100vw, 1613px\" src=\"data:image\/svg+xml;base64,PHN2ZyB3aWR0aD0iMSIgaGVpZ2h0PSIxIiB4bWxucz0iaHR0cDovL3d3dy53My5vcmcvMjAwMC9zdmciPjwvc3ZnPg==\" style=\"--smush-placeholder-width: 1613px; --smush-placeholder-aspect-ratio: 1613\/1004;\" \/><\/a><\/figure>\n\n\n\n<figure class=\"wp-block-image size-large\"><a href=\"https:\/\/www.meslibellules.fr\/blog\/wp-content\/uploads\/2019\/07\/calopteryx-haemorrhoidalis-male-12.jpg\"><img decoding=\"async\" width=\"1742\" height=\"1204\" data-id=\"3431\" data-src=\"https:\/\/www.meslibellules.fr\/blog\/wp-content\/uploads\/2019\/07\/calopteryx-haemorrhoidalis-male-12.jpg\" alt=\" Calopteryx haemorrhoidalis m\u00e2le, Saint Martin-l\u00e8s-Melle (France-79), 15\/07\/2019 \" class=\"wp-image-3431 lazyload\" data-srcset=\"https:\/\/www.meslibellules.fr\/blog\/wp-content\/uploads\/2019\/07\/calopteryx-haemorrhoidalis-male-12.jpg 1742w, https:\/\/www.meslibellules.fr\/blog\/wp-content\/uploads\/2019\/07\/calopteryx-haemorrhoidalis-male-12-768x531.jpg 768w, https:\/\/www.meslibellules.fr\/blog\/wp-content\/uploads\/2019\/07\/calopteryx-haemorrhoidalis-male-12-1200x829.jpg 1200w\" data-sizes=\"(max-width: 1742px) 100vw, 1742px\" src=\"data:image\/svg+xml;base64,PHN2ZyB3aWR0aD0iMSIgaGVpZ2h0PSIxIiB4bWxucz0iaHR0cDovL3d3dy53My5vcmcvMjAwMC9zdmciPjwvc3ZnPg==\" style=\"--smush-placeholder-width: 1742px; --smush-placeholder-aspect-ratio: 1742\/1204;\" \/><\/a><\/figure>\n<\/figure>\n\n\n\n<p style=\"font-size:15px\">Je les ai observ\u00e9 environ 1 heure \u00e0 partir de 11 heures 30 ; sur le site environ 25 individus sur 75 m\u00e8tres de ruisseau, des m\u00e2les et femelles matures, des immatures et des individus \u00e9mergents. Tous tr\u00e8s calmes, sans comportement territorial, ni course apr\u00e8s les femelles.<\/p>\n\n\n\n<figure class=\"wp-block-image aligncenter is-resized\"><a href=\"https:\/\/www.meslibellules.fr\/blog\/wp-content\/uploads\/2019\/07\/calopteryx-haemorrhoidalis-male-13.jpg\"><img decoding=\"async\" data-src=\"https:\/\/www.meslibellules.fr\/blog\/wp-content\/uploads\/2019\/07\/calopteryx-haemorrhoidalis-male-13.jpg\" alt=\" Calopteryx haemorrhoidalis m\u00e2le, Saint Martin-l\u00e8s-Melle (France-79), 15\/07\/2019 \" class=\"wp-image-3432 lazyload\" width=\"523\" height=\"370\" data-srcset=\"https:\/\/www.meslibellules.fr\/blog\/wp-content\/uploads\/2019\/07\/calopteryx-haemorrhoidalis-male-13.jpg 1697w, https:\/\/www.meslibellules.fr\/blog\/wp-content\/uploads\/2019\/07\/calopteryx-haemorrhoidalis-male-13-768x545.jpg 768w, https:\/\/www.meslibellules.fr\/blog\/wp-content\/uploads\/2019\/07\/calopteryx-haemorrhoidalis-male-13-1200x851.jpg 1200w\" data-sizes=\"(max-width: 523px) 100vw, 523px\" src=\"data:image\/svg+xml;base64,PHN2ZyB3aWR0aD0iMSIgaGVpZ2h0PSIxIiB4bWxucz0iaHR0cDovL3d3dy53My5vcmcvMjAwMC9zdmciPjwvc3ZnPg==\" style=\"--smush-placeholder-width: 523px; --smush-placeholder-aspect-ratio: 523\/370;\" \/><\/a><figcaption class=\"wp-element-caption\"> <em>Calopteryx haemorrhoidalis m\u00e2le, Saint Martin-l\u00e8s-Melle (France-79), 15\/07\/2019<\/em> <\/figcaption><\/figure>\n\n\n\n<figure class=\"wp-block-image size-large is-resized\"><a href=\"http:\/\/www.meslibellules.fr\/pagesweb\/calopterygidae\/calopteryx-haemorrhoidalis\/calopteryx-haemorrhoidalis-male-2.php\"><img decoding=\"async\" data-src=\"https:\/\/www.meslibellules.fr\/blog\/wp-content\/uploads\/retour.gif\" alt=\"\" class=\"wp-image-8468 lazyload\" width=\"100\" height=\"20\" src=\"data:image\/svg+xml;base64,PHN2ZyB3aWR0aD0iMSIgaGVpZ2h0PSIxIiB4bWxucz0iaHR0cDovL3d3dy53My5vcmcvMjAwMC9zdmciPjwvc3ZnPg==\" style=\"--smush-placeholder-width: 100px; --smush-placeholder-aspect-ratio: 100\/20;\" \/><\/a><\/figure>\n\n\n\n<figure class=\"wp-block-image\"><a href=\"http:\/\/www.meslibellules.fr\/pagesweb\/calopterygidae\/calopteryx-haemorrhoidalis\/calopteryx-haemorrhoidalis-accueil.php\"><img decoding=\"async\" width=\"100\" height=\"20\" data-src=\"https:\/\/www.meslibellules.fr\/blog\/wp-content\/uploads\/2019\/07\/accueil-c-haemorrh.gif\" alt=\"\" class=\"wp-image-3413 lazyload\" src=\"data:image\/svg+xml;base64,PHN2ZyB3aWR0aD0iMSIgaGVpZ2h0PSIxIiB4bWxucz0iaHR0cDovL3d3dy53My5vcmcvMjAwMC9zdmciPjwvc3ZnPg==\" style=\"--smush-placeholder-width: 100px; --smush-placeholder-aspect-ratio: 100\/20;\" \/><\/a><\/figure>\n\n\n\n<figure class=\"wp-block-image size-large\"><a href=\"https:\/\/www.meslibellules.fr\/blog\/2021\/07\/04\/calopteryx-haemorrhoidalis-occasi-male-4-4\/\"><img decoding=\"async\" width=\"100\" height=\"20\" data-src=\"https:\/\/www.meslibellules.fr\/blog\/wp-content\/uploads\/suite-2.gif\" alt=\"\" class=\"wp-image-8097 lazyload\" src=\"data:image\/svg+xml;base64,PHN2ZyB3aWR0aD0iMSIgaGVpZ2h0PSIxIiB4bWxucz0iaHR0cDovL3d3dy53My5vcmcvMjAwMC9zdmciPjwvc3ZnPg==\" style=\"--smush-placeholder-width: 100px; --smush-placeholder-aspect-ratio: 100\/20;\" \/><\/a><\/figure>\n","protected":false},"excerpt":{"rendered":"<p>5 ans sans voir ces Calopteryx haemorrhoidalis! J&rsquo;ai donc \u00e9t\u00e9 bien heureux de les revoir sur le ruisseau de l&rsquo;Argenti\u00e8re, dans les sud des Deux-S\u00e8vres, certainement le site le plus proche de mon Maine et Loire et aussi un des sites fran\u00e7ais le plus au nord. Je les ai observ\u00e9 environ 1 heure \u00e0 partir [&hellip;]<\/p>\n","protected":false},"author":1,"featured_media":0,"comment_status":"open","ping_status":"open","sticky":false,"template":"","format":"image","meta":{"site-sidebar-layout":"default","site-content-layout":"","ast-site-content-layout":"default","site-content-style":"default","site-sidebar-style":"default","ast-global-header-display":"","ast-banner-title-visibility":"","ast-main-header-display":"","ast-hfb-above-header-display":"","ast-hfb-below-header-display":"","ast-hfb-mobile-header-display":"","site-post-title":"","ast-breadcrumbs-content":"","ast-featured-img":"","footer-sml-layout":"","ast-disable-related-posts":"","theme-transparent-header-meta":"","adv-header-id-meta":"","stick-header-meta":"","header-above-stick-meta":"","header-main-stick-meta":"","header-below-stick-meta":"","astra-migrate-meta-layouts":"default","ast-page-background-enabled":"default","ast-page-background-meta":{"desktop":{"background-color":"var(--ast-global-color-4)","background-image":"","background-repeat":"repeat","background-position":"center center","background-size":"auto","background-attachment":"scroll","background-type":"","background-media":"","overlay-type":"","overlay-color":"","overlay-opacity":"","overlay-gradient":""},"tablet":{"background-color":"","background-image":"","background-repeat":"repeat","background-position":"center center","background-size":"auto","background-attachment":"scroll","background-type":"","background-media":"","overlay-type":"","overlay-color":"","overlay-opacity":"","overlay-gradient":""},"mobile":{"background-color":"","background-image":"","background-repeat":"repeat","background-position":"center center","background-size":"auto","background-attachment":"scroll","background-type":"","background-media":"","overlay-type":"","overlay-color":"","overlay-opacity":"","overlay-gradient":""}},"ast-content-background-meta":{"desktop":{"background-color":"var(--ast-global-color-5)","background-image":"","background-repeat":"repeat","background-position":"center center","background-size":"auto","background-attachment":"scroll","background-type":"","background-media":"","overlay-type":"","overlay-color":"","overlay-opacity":"","overlay-gradient":""},"tablet":{"background-color":"var(--ast-global-color-5)","background-image":"","background-repeat":"repeat","background-position":"center center","background-size":"auto","background-attachment":"scroll","background-type":"","background-media":"","overlay-type":"","overlay-color":"","overlay-opacity":"","overlay-gradient":""},"mobile":{"background-color":"var(--ast-global-color-5)","background-image":"","background-repeat":"repeat","background-position":"center center","background-size":"auto","background-attachment":"scroll","background-type":"","background-media":"","overlay-type":"","overlay-color":"","overlay-opacity":"","overlay-gradient":""}},"footnotes":""},"categories":[125,126,55,1],"tags":[],"class_list":["post-3433","post","type-post","status-publish","format-image","hentry","category-calopterygidae-france","category-calopteryx-haemorrhoidalis","category-france","category-non-classe","post_format-post-format-image"],"yoast_head":"<!-- This site is optimized with the Yoast SEO plugin v27.5 - https:\/\/yoast.com\/product\/yoast-seo-wordpress\/ -->\n<title>Calopteryx haemorrhoidalis m\u00e2le - Mes Libellules<\/title>\n<meta name=\"description\" content=\"Calopteryx haemorrhoidalis m\u00e2le, photos, situation g\u00e9ographique la plus nordique de France ... actuellement\" \/>\n<meta name=\"robots\" content=\"index, follow, max-snippet:-1, max-image-preview:large, max-video-preview:-1\" \/>\n<link rel=\"canonical\" href=\"https:\/\/www.meslibellules.fr\/blog\/2019\/07\/26\/calopteryx-haemorrhoidalis-male-3-3\/\" \/>\n<meta property=\"og:locale\" content=\"fr_FR\" \/>\n<meta property=\"og:type\" content=\"article\" \/>\n<meta property=\"og:title\" content=\"Calopteryx haemorrhoidalis m\u00e2le - Mes Libellules\" \/>\n<meta property=\"og:description\" content=\"Calopteryx haemorrhoidalis m\u00e2le, photos, situation g\u00e9ographique la plus nordique de France ... actuellement\" \/>\n<meta property=\"og:url\" content=\"https:\/\/www.meslibellules.fr\/blog\/2019\/07\/26\/calopteryx-haemorrhoidalis-male-3-3\/\" \/>\n<meta property=\"og:site_name\" content=\"Mes Libellules\" \/>\n<meta property=\"article:publisher\" content=\"https:\/\/www.facebook.com\/benoit.guillon.96\/\" \/>\n<meta property=\"article:author\" content=\"https:\/\/www.facebook.com\/benoit.guillon.96\/\" \/>\n<meta property=\"article:published_time\" content=\"2019-07-26T14:08:39+00:00\" \/>\n<meta property=\"article:modified_time\" content=\"2023-07-09T17:31:05+00:00\" \/>\n<meta property=\"og:image\" content=\"http:\/\/www.meslibellules.fr\/blog\/wp-content\/uploads\/2019\/07\/calopteryx-haemorrhoidalis-male-8.jpg\" \/>\n<meta name=\"author\" content=\"Beno\u00eet Guillon\" \/>\n<meta name=\"twitter:card\" content=\"summary_large_image\" \/>\n<meta name=\"twitter:label1\" content=\"\u00c9crit par\" \/>\n\t<meta name=\"twitter:data1\" content=\"Beno\u00eet Guillon\" \/>\n\t<meta name=\"twitter:label2\" content=\"Dur\u00e9e de lecture estim\u00e9e\" \/>\n\t<meta name=\"twitter:data2\" content=\"3 minutes\" \/>\n<script type=\"application\/ld+json\" class=\"yoast-schema-graph\">{\"@context\":\"https:\\\/\\\/schema.org\",\"@graph\":[{\"@type\":\"Article\",\"@id\":\"https:\\\/\\\/www.meslibellules.fr\\\/blog\\\/2019\\\/07\\\/26\\\/calopteryx-haemorrhoidalis-male-3-3\\\/#article\",\"isPartOf\":{\"@id\":\"https:\\\/\\\/www.meslibellules.fr\\\/blog\\\/2019\\\/07\\\/26\\\/calopteryx-haemorrhoidalis-male-3-3\\\/\"},\"author\":{\"name\":\"Beno\u00eet Guillon\",\"@id\":\"https:\\\/\\\/www.meslibellules.fr\\\/blog\\\/#\\\/schema\\\/person\\\/9aa3586f9dd053fcf329f43b8b053c77\"},\"headline\":\"Calopteryx haemorrhoidalis m\u00e2le 3\\\/4\",\"datePublished\":\"2019-07-26T14:08:39+00:00\",\"dateModified\":\"2023-07-09T17:31:05+00:00\",\"mainEntityOfPage\":{\"@id\":\"https:\\\/\\\/www.meslibellules.fr\\\/blog\\\/2019\\\/07\\\/26\\\/calopteryx-haemorrhoidalis-male-3-3\\\/\"},\"wordCount\":114,\"commentCount\":0,\"publisher\":{\"@id\":\"https:\\\/\\\/www.meslibellules.fr\\\/blog\\\/#\\\/schema\\\/person\\\/9aa3586f9dd053fcf329f43b8b053c77\"},\"image\":{\"@id\":\"https:\\\/\\\/www.meslibellules.fr\\\/blog\\\/2019\\\/07\\\/26\\\/calopteryx-haemorrhoidalis-male-3-3\\\/#primaryimage\"},\"thumbnailUrl\":\"http:\\\/\\\/www.meslibellules.fr\\\/blog\\\/wp-content\\\/uploads\\\/2019\\\/07\\\/calopteryx-haemorrhoidalis-male-8.jpg\",\"articleSection\":[\"Calopterygidae\",\"Calopteryx haemorrhoidalis\",\"France\"],\"inLanguage\":\"fr-FR\",\"potentialAction\":[{\"@type\":\"CommentAction\",\"name\":\"Comment\",\"target\":[\"https:\\\/\\\/www.meslibellules.fr\\\/blog\\\/2019\\\/07\\\/26\\\/calopteryx-haemorrhoidalis-male-3-3\\\/#respond\"]}]},{\"@type\":\"WebPage\",\"@id\":\"https:\\\/\\\/www.meslibellules.fr\\\/blog\\\/2019\\\/07\\\/26\\\/calopteryx-haemorrhoidalis-male-3-3\\\/\",\"url\":\"https:\\\/\\\/www.meslibellules.fr\\\/blog\\\/2019\\\/07\\\/26\\\/calopteryx-haemorrhoidalis-male-3-3\\\/\",\"name\":\"Calopteryx haemorrhoidalis m\u00e2le - Mes Libellules\",\"isPartOf\":{\"@id\":\"https:\\\/\\\/www.meslibellules.fr\\\/blog\\\/#website\"},\"primaryImageOfPage\":{\"@id\":\"https:\\\/\\\/www.meslibellules.fr\\\/blog\\\/2019\\\/07\\\/26\\\/calopteryx-haemorrhoidalis-male-3-3\\\/#primaryimage\"},\"image\":{\"@id\":\"https:\\\/\\\/www.meslibellules.fr\\\/blog\\\/2019\\\/07\\\/26\\\/calopteryx-haemorrhoidalis-male-3-3\\\/#primaryimage\"},\"thumbnailUrl\":\"http:\\\/\\\/www.meslibellules.fr\\\/blog\\\/wp-content\\\/uploads\\\/2019\\\/07\\\/calopteryx-haemorrhoidalis-male-8.jpg\",\"datePublished\":\"2019-07-26T14:08:39+00:00\",\"dateModified\":\"2023-07-09T17:31:05+00:00\",\"description\":\"Calopteryx haemorrhoidalis m\u00e2le, photos, situation g\u00e9ographique la plus nordique de France ... actuellement\",\"breadcrumb\":{\"@id\":\"https:\\\/\\\/www.meslibellules.fr\\\/blog\\\/2019\\\/07\\\/26\\\/calopteryx-haemorrhoidalis-male-3-3\\\/#breadcrumb\"},\"inLanguage\":\"fr-FR\",\"potentialAction\":[{\"@type\":\"ReadAction\",\"target\":[\"https:\\\/\\\/www.meslibellules.fr\\\/blog\\\/2019\\\/07\\\/26\\\/calopteryx-haemorrhoidalis-male-3-3\\\/\"]}]},{\"@type\":\"ImageObject\",\"inLanguage\":\"fr-FR\",\"@id\":\"https:\\\/\\\/www.meslibellules.fr\\\/blog\\\/2019\\\/07\\\/26\\\/calopteryx-haemorrhoidalis-male-3-3\\\/#primaryimage\",\"url\":\"http:\\\/\\\/www.meslibellules.fr\\\/blog\\\/wp-content\\\/uploads\\\/2019\\\/07\\\/calopteryx-haemorrhoidalis-male-8.jpg\",\"contentUrl\":\"http:\\\/\\\/www.meslibellules.fr\\\/blog\\\/wp-content\\\/uploads\\\/2019\\\/07\\\/calopteryx-haemorrhoidalis-male-8.jpg\"},{\"@type\":\"BreadcrumbList\",\"@id\":\"https:\\\/\\\/www.meslibellules.fr\\\/blog\\\/2019\\\/07\\\/26\\\/calopteryx-haemorrhoidalis-male-3-3\\\/#breadcrumb\",\"itemListElement\":[{\"@type\":\"ListItem\",\"position\":1,\"name\":\"Accueil\",\"item\":\"https:\\\/\\\/www.meslibellules.fr\\\/blog\\\/\"},{\"@type\":\"ListItem\",\"position\":2,\"name\":\"Calopteryx haemorrhoidalis m\u00e2le 3\\\/4\"}]},{\"@type\":\"WebSite\",\"@id\":\"https:\\\/\\\/www.meslibellules.fr\\\/blog\\\/#website\",\"url\":\"https:\\\/\\\/www.meslibellules.fr\\\/blog\\\/\",\"name\":\"Mes Libellules\",\"description\":\"Pr\u00e9sentation des libellules rencontr\u00e9es dans le monde\",\"publisher\":{\"@id\":\"https:\\\/\\\/www.meslibellules.fr\\\/blog\\\/#\\\/schema\\\/person\\\/9aa3586f9dd053fcf329f43b8b053c77\"},\"potentialAction\":[{\"@type\":\"SearchAction\",\"target\":{\"@type\":\"EntryPoint\",\"urlTemplate\":\"https:\\\/\\\/www.meslibellules.fr\\\/blog\\\/?s={search_term_string}\"},\"query-input\":{\"@type\":\"PropertyValueSpecification\",\"valueRequired\":true,\"valueName\":\"search_term_string\"}}],\"inLanguage\":\"fr-FR\"},{\"@type\":[\"Person\",\"Organization\"],\"@id\":\"https:\\\/\\\/www.meslibellules.fr\\\/blog\\\/#\\\/schema\\\/person\\\/9aa3586f9dd053fcf329f43b8b053c77\",\"name\":\"Beno\u00eet Guillon\",\"image\":{\"@type\":\"ImageObject\",\"inLanguage\":\"fr-FR\",\"@id\":\"https:\\\/\\\/www.meslibellules.fr\\\/blog\\\/wp-content\\\/uploads\\\/cropped-avatar-150-pix.jpg\",\"url\":\"https:\\\/\\\/www.meslibellules.fr\\\/blog\\\/wp-content\\\/uploads\\\/cropped-avatar-150-pix.jpg\",\"contentUrl\":\"https:\\\/\\\/www.meslibellules.fr\\\/blog\\\/wp-content\\\/uploads\\\/cropped-avatar-150-pix.jpg\",\"width\":150,\"height\":137,\"caption\":\"Beno\u00eet Guillon\"},\"logo\":{\"@id\":\"https:\\\/\\\/www.meslibellules.fr\\\/blog\\\/wp-content\\\/uploads\\\/cropped-avatar-150-pix.jpg\"},\"sameAs\":[\"https:\\\/\\\/www.facebook.com\\\/benoit.guillon.96\\\/\"]}]}<\/script>\n<!-- \/ Yoast SEO plugin. -->","yoast_head_json":{"title":"Calopteryx haemorrhoidalis m\u00e2le - Mes Libellules","description":"Calopteryx haemorrhoidalis m\u00e2le, photos, situation g\u00e9ographique la plus nordique de France ... actuellement","robots":{"index":"index","follow":"follow","max-snippet":"max-snippet:-1","max-image-preview":"max-image-preview:large","max-video-preview":"max-video-preview:-1"},"canonical":"https:\/\/www.meslibellules.fr\/blog\/2019\/07\/26\/calopteryx-haemorrhoidalis-male-3-3\/","og_locale":"fr_FR","og_type":"article","og_title":"Calopteryx haemorrhoidalis m\u00e2le - Mes Libellules","og_description":"Calopteryx haemorrhoidalis m\u00e2le, photos, situation g\u00e9ographique la plus nordique de France ... actuellement","og_url":"https:\/\/www.meslibellules.fr\/blog\/2019\/07\/26\/calopteryx-haemorrhoidalis-male-3-3\/","og_site_name":"Mes Libellules","article_publisher":"https:\/\/www.facebook.com\/benoit.guillon.96\/","article_author":"https:\/\/www.facebook.com\/benoit.guillon.96\/","article_published_time":"2019-07-26T14:08:39+00:00","article_modified_time":"2023-07-09T17:31:05+00:00","og_image":[{"url":"http:\/\/www.meslibellules.fr\/blog\/wp-content\/uploads\/2019\/07\/calopteryx-haemorrhoidalis-male-8.jpg","type":"","width":"","height":""}],"author":"Beno\u00eet Guillon","twitter_card":"summary_large_image","twitter_misc":{"\u00c9crit par":"Beno\u00eet Guillon","Dur\u00e9e de lecture estim\u00e9e":"3 minutes"},"schema":{"@context":"https:\/\/schema.org","@graph":[{"@type":"Article","@id":"https:\/\/www.meslibellules.fr\/blog\/2019\/07\/26\/calopteryx-haemorrhoidalis-male-3-3\/#article","isPartOf":{"@id":"https:\/\/www.meslibellules.fr\/blog\/2019\/07\/26\/calopteryx-haemorrhoidalis-male-3-3\/"},"author":{"name":"Beno\u00eet Guillon","@id":"https:\/\/www.meslibellules.fr\/blog\/#\/schema\/person\/9aa3586f9dd053fcf329f43b8b053c77"},"headline":"Calopteryx haemorrhoidalis m\u00e2le 3\/4","datePublished":"2019-07-26T14:08:39+00:00","dateModified":"2023-07-09T17:31:05+00:00","mainEntityOfPage":{"@id":"https:\/\/www.meslibellules.fr\/blog\/2019\/07\/26\/calopteryx-haemorrhoidalis-male-3-3\/"},"wordCount":114,"commentCount":0,"publisher":{"@id":"https:\/\/www.meslibellules.fr\/blog\/#\/schema\/person\/9aa3586f9dd053fcf329f43b8b053c77"},"image":{"@id":"https:\/\/www.meslibellules.fr\/blog\/2019\/07\/26\/calopteryx-haemorrhoidalis-male-3-3\/#primaryimage"},"thumbnailUrl":"http:\/\/www.meslibellules.fr\/blog\/wp-content\/uploads\/2019\/07\/calopteryx-haemorrhoidalis-male-8.jpg","articleSection":["Calopterygidae","Calopteryx haemorrhoidalis","France"],"inLanguage":"fr-FR","potentialAction":[{"@type":"CommentAction","name":"Comment","target":["https:\/\/www.meslibellules.fr\/blog\/2019\/07\/26\/calopteryx-haemorrhoidalis-male-3-3\/#respond"]}]},{"@type":"WebPage","@id":"https:\/\/www.meslibellules.fr\/blog\/2019\/07\/26\/calopteryx-haemorrhoidalis-male-3-3\/","url":"https:\/\/www.meslibellules.fr\/blog\/2019\/07\/26\/calopteryx-haemorrhoidalis-male-3-3\/","name":"Calopteryx haemorrhoidalis m\u00e2le - Mes Libellules","isPartOf":{"@id":"https:\/\/www.meslibellules.fr\/blog\/#website"},"primaryImageOfPage":{"@id":"https:\/\/www.meslibellules.fr\/blog\/2019\/07\/26\/calopteryx-haemorrhoidalis-male-3-3\/#primaryimage"},"image":{"@id":"https:\/\/www.meslibellules.fr\/blog\/2019\/07\/26\/calopteryx-haemorrhoidalis-male-3-3\/#primaryimage"},"thumbnailUrl":"http:\/\/www.meslibellules.fr\/blog\/wp-content\/uploads\/2019\/07\/calopteryx-haemorrhoidalis-male-8.jpg","datePublished":"2019-07-26T14:08:39+00:00","dateModified":"2023-07-09T17:31:05+00:00","description":"Calopteryx haemorrhoidalis m\u00e2le, photos, situation g\u00e9ographique la plus nordique de France ... actuellement","breadcrumb":{"@id":"https:\/\/www.meslibellules.fr\/blog\/2019\/07\/26\/calopteryx-haemorrhoidalis-male-3-3\/#breadcrumb"},"inLanguage":"fr-FR","potentialAction":[{"@type":"ReadAction","target":["https:\/\/www.meslibellules.fr\/blog\/2019\/07\/26\/calopteryx-haemorrhoidalis-male-3-3\/"]}]},{"@type":"ImageObject","inLanguage":"fr-FR","@id":"https:\/\/www.meslibellules.fr\/blog\/2019\/07\/26\/calopteryx-haemorrhoidalis-male-3-3\/#primaryimage","url":"http:\/\/www.meslibellules.fr\/blog\/wp-content\/uploads\/2019\/07\/calopteryx-haemorrhoidalis-male-8.jpg","contentUrl":"http:\/\/www.meslibellules.fr\/blog\/wp-content\/uploads\/2019\/07\/calopteryx-haemorrhoidalis-male-8.jpg"},{"@type":"BreadcrumbList","@id":"https:\/\/www.meslibellules.fr\/blog\/2019\/07\/26\/calopteryx-haemorrhoidalis-male-3-3\/#breadcrumb","itemListElement":[{"@type":"ListItem","position":1,"name":"Accueil","item":"https:\/\/www.meslibellules.fr\/blog\/"},{"@type":"ListItem","position":2,"name":"Calopteryx haemorrhoidalis m\u00e2le 3\/4"}]},{"@type":"WebSite","@id":"https:\/\/www.meslibellules.fr\/blog\/#website","url":"https:\/\/www.meslibellules.fr\/blog\/","name":"Mes Libellules","description":"Pr\u00e9sentation des libellules rencontr\u00e9es dans le monde","publisher":{"@id":"https:\/\/www.meslibellules.fr\/blog\/#\/schema\/person\/9aa3586f9dd053fcf329f43b8b053c77"},"potentialAction":[{"@type":"SearchAction","target":{"@type":"EntryPoint","urlTemplate":"https:\/\/www.meslibellules.fr\/blog\/?s={search_term_string}"},"query-input":{"@type":"PropertyValueSpecification","valueRequired":true,"valueName":"search_term_string"}}],"inLanguage":"fr-FR"},{"@type":["Person","Organization"],"@id":"https:\/\/www.meslibellules.fr\/blog\/#\/schema\/person\/9aa3586f9dd053fcf329f43b8b053c77","name":"Beno\u00eet Guillon","image":{"@type":"ImageObject","inLanguage":"fr-FR","@id":"https:\/\/www.meslibellules.fr\/blog\/wp-content\/uploads\/cropped-avatar-150-pix.jpg","url":"https:\/\/www.meslibellules.fr\/blog\/wp-content\/uploads\/cropped-avatar-150-pix.jpg","contentUrl":"https:\/\/www.meslibellules.fr\/blog\/wp-content\/uploads\/cropped-avatar-150-pix.jpg","width":150,"height":137,"caption":"Beno\u00eet Guillon"},"logo":{"@id":"https:\/\/www.meslibellules.fr\/blog\/wp-content\/uploads\/cropped-avatar-150-pix.jpg"},"sameAs":["https:\/\/www.facebook.com\/benoit.guillon.96\/"]}]}},"_links":{"self":[{"href":"https:\/\/www.meslibellules.fr\/blog\/wp-json\/wp\/v2\/posts\/3433","targetHints":{"allow":["GET"]}}],"collection":[{"href":"https:\/\/www.meslibellules.fr\/blog\/wp-json\/wp\/v2\/posts"}],"about":[{"href":"https:\/\/www.meslibellules.fr\/blog\/wp-json\/wp\/v2\/types\/post"}],"author":[{"embeddable":true,"href":"https:\/\/www.meslibellules.fr\/blog\/wp-json\/wp\/v2\/users\/1"}],"replies":[{"embeddable":true,"href":"https:\/\/www.meslibellules.fr\/blog\/wp-json\/wp\/v2\/comments?post=3433"}],"version-history":[{"count":0,"href":"https:\/\/www.meslibellules.fr\/blog\/wp-json\/wp\/v2\/posts\/3433\/revisions"}],"wp:attachment":[{"href":"https:\/\/www.meslibellules.fr\/blog\/wp-json\/wp\/v2\/media?parent=3433"}],"wp:term":[{"taxonomy":"category","embeddable":true,"href":"https:\/\/www.meslibellules.fr\/blog\/wp-json\/wp\/v2\/categories?post=3433"},{"taxonomy":"post_tag","embeddable":true,"href":"https:\/\/www.meslibellules.fr\/blog\/wp-json\/wp\/v2\/tags?post=3433"}],"curies":[{"name":"wp","href":"https:\/\/api.w.org\/{rel}","templated":true}]}}