{"id":3445,"date":"2019-07-28T08:54:11","date_gmt":"2019-07-28T06:54:11","guid":{"rendered":"http:\/\/www.meslibellules.fr\/blog\/?p=3445"},"modified":"2024-10-19T09:42:22","modified_gmt":"2024-10-19T07:42:22","slug":"ethiopie-crocothemis-erythraea","status":"publish","type":"post","link":"https:\/\/www.meslibellules.fr\/blog\/2019\/07\/28\/ethiopie-crocothemis-erythraea\/","title":{"rendered":"\u00c9thiopie &#8211; Crocothemis erythraea (Brull\u00e9, 1832)"},"content":{"rendered":"\n<figure class=\"wp-block-image aligncenter is-resized\"><a href=\"https:\/\/www.meslibellules.fr\/blog\/wp-content\/uploads\/2019\/07\/crocothemis-erythraea.jpg\"><img decoding=\"async\" width=\"1627\" height=\"1204\" data-src=\"https:\/\/www.meslibellules.fr\/blog\/wp-content\/uploads\/2019\/07\/crocothemis-erythraea.jpg\" alt=\"Crocothemis erythraea m\u00e2le, Ethiopie, lac Chamo, 23\/10\/2018\" class=\"wp-image-3443 lazyload\" style=\"--smush-placeholder-width: 1627px; --smush-placeholder-aspect-ratio: 1627\/1204;width:493px;height:365px\" data-srcset=\"https:\/\/www.meslibellules.fr\/blog\/wp-content\/uploads\/2019\/07\/crocothemis-erythraea.jpg 1627w, https:\/\/www.meslibellules.fr\/blog\/wp-content\/uploads\/2019\/07\/crocothemis-erythraea-768x568.jpg 768w, https:\/\/www.meslibellules.fr\/blog\/wp-content\/uploads\/2019\/07\/crocothemis-erythraea-1200x888.jpg 1200w\" data-sizes=\"(max-width: 1627px) 100vw, 1627px\" src=\"data:image\/svg+xml;base64,PHN2ZyB3aWR0aD0iMSIgaGVpZ2h0PSIxIiB4bWxucz0iaHR0cDovL3d3dy53My5vcmcvMjAwMC9zdmciPjwvc3ZnPg==\" \/><\/a><figcaption class=\"wp-element-caption\">Crocothemis erythraea m\u00e2le, Ethiopie, lac Chamo, 23\/10\/2018<\/figcaption><\/figure>\n\n\n\n<p class=\"has-text-align-left\" style=\"font-size:15px\">C&rsquo;est la premi\u00e8re fois que j&rsquo;observe Crocothemis erythraea m\u00e2le&#8230;  en dehors de France, mais ce n&rsquo;est pas comme on pourrait le croire sa proximit\u00e9 avec l&rsquo;\u00e9tat voisin d&rsquo;\u00c9rythr\u00e9e, juste au nord de l&rsquo;\u00c9thiopie, qui lui a donn\u00e9 son nom d&rsquo;esp\u00e8ce. Brull\u00e9 a d\u00e9crit cette esp\u00e8ce d&rsquo;apr\u00e8s un sujet captur\u00e9 dans le P\u00e9loponn\u00e8se grec (ancienne Mor\u00e9e) et son nom d&rsquo;esp\u00e8ce ne se rapporte qu&rsquo;\u00e0 sa couleur rouge, du grec <em>erythra\u00eda<\/em> devenu  <em>erythraea<\/em> en latin (tout comme le nom de l&rsquo;Erythr\u00e9e&#8230;) <br>Il a une aire de distribution gigantesque occupant quasiment toute l&rsquo;Afrique, jusqu&rsquo;\u00e0 l&rsquo;est de l&rsquo;Inde et a connu une expansion remarquable vers le nord colonisant l&rsquo;Europe centrale, du Sud et de l&rsquo;Ouest, et particuli\u00e8rement depuis une vingtaine d&rsquo;ann\u00e9es puisqu&rsquo;il est maintenant bien implant\u00e9 en  Allemagne et en Hollande, et signal\u00e9 occasionnellement en Angleterre (depuis 1995\u202f!) o\u00f9 il s&rsquo;implantera sans doute&#8230;<br><a href=\"https:\/\/www.iucnredlist.org\/species\/59859\/83846274\">IUCN Red List<\/a><br>Il est commun en France, localement abondant.<\/p>\n\n\n\n<figure class=\"wp-block-image aligncenter is-resized\"><a href=\"https:\/\/www.meslibellules.fr\/blog\/wp-content\/uploads\/2019\/07\/crocothemis-erythraea-2.jpg\"><img decoding=\"async\" width=\"1420\" height=\"1004\" data-src=\"https:\/\/www.meslibellules.fr\/blog\/wp-content\/uploads\/2019\/07\/crocothemis-erythraea-2.jpg\" alt=\"Crocothemis erythraea m\u00e2le, Ethiopie, lac Awash, 01\/11\/2018\" class=\"wp-image-3444 lazyload\" style=\"--smush-placeholder-width: 1420px; --smush-placeholder-aspect-ratio: 1420\/1004;width:519px;height:367px\" data-srcset=\"https:\/\/www.meslibellules.fr\/blog\/wp-content\/uploads\/2019\/07\/crocothemis-erythraea-2.jpg 1420w, https:\/\/www.meslibellules.fr\/blog\/wp-content\/uploads\/2019\/07\/crocothemis-erythraea-2-768x543.jpg 768w, https:\/\/www.meslibellules.fr\/blog\/wp-content\/uploads\/2019\/07\/crocothemis-erythraea-2-1200x848.jpg 1200w\" data-sizes=\"(max-width: 1420px) 100vw, 1420px\" src=\"data:image\/svg+xml;base64,PHN2ZyB3aWR0aD0iMSIgaGVpZ2h0PSIxIiB4bWxucz0iaHR0cDovL3d3dy53My5vcmcvMjAwMC9zdmciPjwvc3ZnPg==\" \/><\/a><figcaption class=\"wp-element-caption\">Crocothemis erythraea m\u00e2le, Ethiopie, lac Awash, 01\/11\/2018<\/figcaption><\/figure>\n\n\n\n<p style=\"font-size:15px\">Il mesure 36 \u00e0 45 mm et se rencontre sur les \u00e9tangs et lacs, parfois des foss\u00e9s et se montre encore moins difficile lors de ses migrations, ce qui explique sa facult\u00e9 \u00e0 \u00e9tendre son territoire.<br>Comme mentionn\u00e9 sous les photos, je l&rsquo;ai rencontr\u00e9 en \u00c9thiopie sur 2 grands lacs, mais aussi dans une zone semi-d\u00e9sertique pr\u00e8s d&rsquo;une grande flaque, reliquat d&rsquo;une rivi\u00e8re ass\u00e9ch\u00e9e.<br>En \u00c9thiopie, on rencontre \u00e9galement <a aria-label=\"Crocothemis sanguinolenta (s\u2019ouvre dans un nouvel onglet)\" href=\"http:\/\/www.meslibellules.fr\/benin\/pages_web_benin\/crocothemis_erythreae.html\" target=\"_blank\" rel=\"noreferrer noopener\">Crocothemis sanguinolenta<\/a> de coloration plus terne et plus orang\u00e9e.<\/p>\n\n\n\n<div style=\"height:100px\" aria-hidden=\"true\" class=\"wp-block-spacer\"><\/div>\n\n\n\n<p class=\"has-background\" style=\"background-color:#e1df8f;font-size:14px\">Cet article fait partie des odonates observ\u00e9s en \u00c9thiopie, pour revenir \u00e0 la page des Odonates d&rsquo;\u00c9thiopie cliquer\u00a0<strong><a href=\"https:\/\/www.meslibellules.fr\/blog\/odonates-dethiopie-ethiopian-odonates\/\">ici<\/a>.<\/strong><\/p>\n","protected":false},"excerpt":{"rendered":"<p>C&rsquo;est la premi\u00e8re fois que j&rsquo;observe Crocothemis erythraea m\u00e2le&#8230; en dehors de France, mais ce n&rsquo;est pas comme on pourrait le croire sa proximit\u00e9 avec l&rsquo;\u00e9tat voisin d&rsquo;\u00c9rythr\u00e9e, juste au nord de l&rsquo;\u00c9thiopie, qui lui a donn\u00e9 son nom d&rsquo;esp\u00e8ce. Brull\u00e9 a d\u00e9crit cette esp\u00e8ce d&rsquo;apr\u00e8s un sujet captur\u00e9 dans le P\u00e9loponn\u00e8se grec (ancienne Mor\u00e9e) [&hellip;]<\/p>\n","protected":false},"author":1,"featured_media":0,"comment_status":"open","ping_status":"open","sticky":false,"template":"","format":"image","meta":{"site-sidebar-layout":"default","site-content-layout":"","ast-site-content-layout":"default","site-content-style":"default","site-sidebar-style":"default","ast-global-header-display":"","ast-banner-title-visibility":"","ast-main-header-display":"","ast-hfb-above-header-display":"","ast-hfb-below-header-display":"","ast-hfb-mobile-header-display":"","site-post-title":"","ast-breadcrumbs-content":"","ast-featured-img":"","footer-sml-layout":"","ast-disable-related-posts":"","theme-transparent-header-meta":"","adv-header-id-meta":"","stick-header-meta":"","header-above-stick-meta":"","header-main-stick-meta":"","header-below-stick-meta":"","astra-migrate-meta-layouts":"set","ast-page-background-enabled":"default","ast-page-background-meta":{"desktop":{"background-color":"var(--ast-global-color-4)","background-image":"","background-repeat":"repeat","background-position":"center center","background-size":"auto","background-attachment":"scroll","background-type":"","background-media":"","overlay-type":"","overlay-color":"","overlay-opacity":"","overlay-gradient":""},"tablet":{"background-color":"","background-image":"","background-repeat":"repeat","background-position":"center center","background-size":"auto","background-attachment":"scroll","background-type":"","background-media":"","overlay-type":"","overlay-color":"","overlay-opacity":"","overlay-gradient":""},"mobile":{"background-color":"","background-image":"","background-repeat":"repeat","background-position":"center center","background-size":"auto","background-attachment":"scroll","background-type":"","background-media":"","overlay-type":"","overlay-color":"","overlay-opacity":"","overlay-gradient":""}},"ast-content-background-meta":{"desktop":{"background-color":"var(--ast-global-color-5)","background-image":"","background-repeat":"repeat","background-position":"center center","background-size":"auto","background-attachment":"scroll","background-type":"","background-media":"","overlay-type":"","overlay-color":"","overlay-opacity":"","overlay-gradient":""},"tablet":{"background-color":"var(--ast-global-color-5)","background-image":"","background-repeat":"repeat","background-position":"center center","background-size":"auto","background-attachment":"scroll","background-type":"","background-media":"","overlay-type":"","overlay-color":"","overlay-opacity":"","overlay-gradient":""},"mobile":{"background-color":"var(--ast-global-color-5)","background-image":"","background-repeat":"repeat","background-position":"center center","background-size":"auto","background-attachment":"scroll","background-type":"","background-media":"","overlay-type":"","overlay-color":"","overlay-opacity":"","overlay-gradient":""}},"footnotes":""},"categories":[67,68],"tags":[],"class_list":["post-3445","post","type-post","status-publish","format-image","hentry","category-ethiopie","category-libellulidae-ethiopie","post_format-post-format-image"],"yoast_head":"<!-- This site is optimized with the Yoast SEO plugin v27.5 - https:\/\/yoast.com\/product\/yoast-seo-wordpress\/ -->\n<title>Crocothemis erythraea m\u00e2le - Mes Libellules<\/title>\n<meta name=\"description\" content=\"Crocothemis erythraea m\u00e2le en \u00c9thiopie, description, identification, taille, habitat, distribution g\u00e9ographique, \u00e9tymologie\" \/>\n<meta name=\"robots\" content=\"index, follow, max-snippet:-1, max-image-preview:large, max-video-preview:-1\" \/>\n<link rel=\"canonical\" href=\"https:\/\/www.meslibellules.fr\/blog\/2019\/07\/28\/ethiopie-crocothemis-erythraea\/\" \/>\n<meta property=\"og:locale\" content=\"fr_FR\" \/>\n<meta property=\"og:type\" content=\"article\" \/>\n<meta property=\"og:title\" content=\"Crocothemis erythraea m\u00e2le - Mes Libellules\" \/>\n<meta property=\"og:description\" content=\"Crocothemis erythraea m\u00e2le en \u00c9thiopie, description, identification, taille, habitat, distribution g\u00e9ographique, \u00e9tymologie\" \/>\n<meta property=\"og:url\" content=\"https:\/\/www.meslibellules.fr\/blog\/2019\/07\/28\/ethiopie-crocothemis-erythraea\/\" \/>\n<meta property=\"og:site_name\" content=\"Mes Libellules\" \/>\n<meta property=\"article:publisher\" content=\"https:\/\/www.facebook.com\/benoit.guillon.96\/\" \/>\n<meta property=\"article:author\" content=\"https:\/\/www.facebook.com\/benoit.guillon.96\/\" \/>\n<meta property=\"article:published_time\" content=\"2019-07-28T06:54:11+00:00\" \/>\n<meta property=\"article:modified_time\" content=\"2024-10-19T07:42:22+00:00\" \/>\n<meta property=\"og:image\" content=\"http:\/\/www.meslibellules.fr\/blog\/wp-content\/uploads\/2019\/07\/crocothemis-erythraea.jpg\" \/>\n<meta name=\"author\" content=\"Beno\u00eet Guillon\" \/>\n<meta name=\"twitter:card\" content=\"summary_large_image\" \/>\n<meta name=\"twitter:label1\" content=\"\u00c9crit par\" \/>\n\t<meta name=\"twitter:data1\" content=\"Beno\u00eet Guillon\" \/>\n\t<meta name=\"twitter:label2\" content=\"Dur\u00e9e de lecture estim\u00e9e\" \/>\n\t<meta name=\"twitter:data2\" content=\"2 minutes\" \/>\n<script type=\"application\/ld+json\" class=\"yoast-schema-graph\">{\"@context\":\"https:\\\/\\\/schema.org\",\"@graph\":[{\"@type\":\"Article\",\"@id\":\"https:\\\/\\\/www.meslibellules.fr\\\/blog\\\/2019\\\/07\\\/28\\\/ethiopie-crocothemis-erythraea\\\/#article\",\"isPartOf\":{\"@id\":\"https:\\\/\\\/www.meslibellules.fr\\\/blog\\\/2019\\\/07\\\/28\\\/ethiopie-crocothemis-erythraea\\\/\"},\"author\":{\"name\":\"Beno\u00eet Guillon\",\"@id\":\"https:\\\/\\\/www.meslibellules.fr\\\/blog\\\/#\\\/schema\\\/person\\\/9aa3586f9dd053fcf329f43b8b053c77\"},\"headline\":\"\u00c9thiopie &#8211; Crocothemis erythraea (Brull\u00e9, 1832)\",\"datePublished\":\"2019-07-28T06:54:11+00:00\",\"dateModified\":\"2024-10-19T07:42:22+00:00\",\"mainEntityOfPage\":{\"@id\":\"https:\\\/\\\/www.meslibellules.fr\\\/blog\\\/2019\\\/07\\\/28\\\/ethiopie-crocothemis-erythraea\\\/\"},\"wordCount\":283,\"commentCount\":0,\"publisher\":{\"@id\":\"https:\\\/\\\/www.meslibellules.fr\\\/blog\\\/#\\\/schema\\\/person\\\/9aa3586f9dd053fcf329f43b8b053c77\"},\"image\":{\"@id\":\"https:\\\/\\\/www.meslibellules.fr\\\/blog\\\/2019\\\/07\\\/28\\\/ethiopie-crocothemis-erythraea\\\/#primaryimage\"},\"thumbnailUrl\":\"http:\\\/\\\/www.meslibellules.fr\\\/blog\\\/wp-content\\\/uploads\\\/2019\\\/07\\\/crocothemis-erythraea.jpg\",\"articleSection\":[\"Ethiopie\",\"Libellulidae\"],\"inLanguage\":\"fr-FR\",\"potentialAction\":[{\"@type\":\"CommentAction\",\"name\":\"Comment\",\"target\":[\"https:\\\/\\\/www.meslibellules.fr\\\/blog\\\/2019\\\/07\\\/28\\\/ethiopie-crocothemis-erythraea\\\/#respond\"]}]},{\"@type\":\"WebPage\",\"@id\":\"https:\\\/\\\/www.meslibellules.fr\\\/blog\\\/2019\\\/07\\\/28\\\/ethiopie-crocothemis-erythraea\\\/\",\"url\":\"https:\\\/\\\/www.meslibellules.fr\\\/blog\\\/2019\\\/07\\\/28\\\/ethiopie-crocothemis-erythraea\\\/\",\"name\":\"Crocothemis erythraea m\u00e2le - Mes Libellules\",\"isPartOf\":{\"@id\":\"https:\\\/\\\/www.meslibellules.fr\\\/blog\\\/#website\"},\"primaryImageOfPage\":{\"@id\":\"https:\\\/\\\/www.meslibellules.fr\\\/blog\\\/2019\\\/07\\\/28\\\/ethiopie-crocothemis-erythraea\\\/#primaryimage\"},\"image\":{\"@id\":\"https:\\\/\\\/www.meslibellules.fr\\\/blog\\\/2019\\\/07\\\/28\\\/ethiopie-crocothemis-erythraea\\\/#primaryimage\"},\"thumbnailUrl\":\"http:\\\/\\\/www.meslibellules.fr\\\/blog\\\/wp-content\\\/uploads\\\/2019\\\/07\\\/crocothemis-erythraea.jpg\",\"datePublished\":\"2019-07-28T06:54:11+00:00\",\"dateModified\":\"2024-10-19T07:42:22+00:00\",\"description\":\"Crocothemis erythraea m\u00e2le en \u00c9thiopie, description, identification, taille, habitat, distribution g\u00e9ographique, \u00e9tymologie\",\"breadcrumb\":{\"@id\":\"https:\\\/\\\/www.meslibellules.fr\\\/blog\\\/2019\\\/07\\\/28\\\/ethiopie-crocothemis-erythraea\\\/#breadcrumb\"},\"inLanguage\":\"fr-FR\",\"potentialAction\":[{\"@type\":\"ReadAction\",\"target\":[\"https:\\\/\\\/www.meslibellules.fr\\\/blog\\\/2019\\\/07\\\/28\\\/ethiopie-crocothemis-erythraea\\\/\"]}]},{\"@type\":\"ImageObject\",\"inLanguage\":\"fr-FR\",\"@id\":\"https:\\\/\\\/www.meslibellules.fr\\\/blog\\\/2019\\\/07\\\/28\\\/ethiopie-crocothemis-erythraea\\\/#primaryimage\",\"url\":\"http:\\\/\\\/www.meslibellules.fr\\\/blog\\\/wp-content\\\/uploads\\\/2019\\\/07\\\/crocothemis-erythraea.jpg\",\"contentUrl\":\"http:\\\/\\\/www.meslibellules.fr\\\/blog\\\/wp-content\\\/uploads\\\/2019\\\/07\\\/crocothemis-erythraea.jpg\"},{\"@type\":\"BreadcrumbList\",\"@id\":\"https:\\\/\\\/www.meslibellules.fr\\\/blog\\\/2019\\\/07\\\/28\\\/ethiopie-crocothemis-erythraea\\\/#breadcrumb\",\"itemListElement\":[{\"@type\":\"ListItem\",\"position\":1,\"name\":\"Accueil\",\"item\":\"https:\\\/\\\/www.meslibellules.fr\\\/blog\\\/\"},{\"@type\":\"ListItem\",\"position\":2,\"name\":\"\u00c9thiopie &#8211; Crocothemis erythraea (Brull\u00e9, 1832)\"}]},{\"@type\":\"WebSite\",\"@id\":\"https:\\\/\\\/www.meslibellules.fr\\\/blog\\\/#website\",\"url\":\"https:\\\/\\\/www.meslibellules.fr\\\/blog\\\/\",\"name\":\"Mes Libellules\",\"description\":\"Pr\u00e9sentation des libellules rencontr\u00e9es dans le monde\",\"publisher\":{\"@id\":\"https:\\\/\\\/www.meslibellules.fr\\\/blog\\\/#\\\/schema\\\/person\\\/9aa3586f9dd053fcf329f43b8b053c77\"},\"potentialAction\":[{\"@type\":\"SearchAction\",\"target\":{\"@type\":\"EntryPoint\",\"urlTemplate\":\"https:\\\/\\\/www.meslibellules.fr\\\/blog\\\/?s={search_term_string}\"},\"query-input\":{\"@type\":\"PropertyValueSpecification\",\"valueRequired\":true,\"valueName\":\"search_term_string\"}}],\"inLanguage\":\"fr-FR\"},{\"@type\":[\"Person\",\"Organization\"],\"@id\":\"https:\\\/\\\/www.meslibellules.fr\\\/blog\\\/#\\\/schema\\\/person\\\/9aa3586f9dd053fcf329f43b8b053c77\",\"name\":\"Beno\u00eet Guillon\",\"image\":{\"@type\":\"ImageObject\",\"inLanguage\":\"fr-FR\",\"@id\":\"https:\\\/\\\/www.meslibellules.fr\\\/blog\\\/wp-content\\\/uploads\\\/cropped-avatar-150-pix.jpg\",\"url\":\"https:\\\/\\\/www.meslibellules.fr\\\/blog\\\/wp-content\\\/uploads\\\/cropped-avatar-150-pix.jpg\",\"contentUrl\":\"https:\\\/\\\/www.meslibellules.fr\\\/blog\\\/wp-content\\\/uploads\\\/cropped-avatar-150-pix.jpg\",\"width\":150,\"height\":137,\"caption\":\"Beno\u00eet Guillon\"},\"logo\":{\"@id\":\"https:\\\/\\\/www.meslibellules.fr\\\/blog\\\/wp-content\\\/uploads\\\/cropped-avatar-150-pix.jpg\"},\"sameAs\":[\"https:\\\/\\\/www.facebook.com\\\/benoit.guillon.96\\\/\"]}]}<\/script>\n<!-- \/ Yoast SEO plugin. -->","yoast_head_json":{"title":"Crocothemis erythraea m\u00e2le - Mes Libellules","description":"Crocothemis erythraea m\u00e2le en \u00c9thiopie, description, identification, taille, habitat, distribution g\u00e9ographique, \u00e9tymologie","robots":{"index":"index","follow":"follow","max-snippet":"max-snippet:-1","max-image-preview":"max-image-preview:large","max-video-preview":"max-video-preview:-1"},"canonical":"https:\/\/www.meslibellules.fr\/blog\/2019\/07\/28\/ethiopie-crocothemis-erythraea\/","og_locale":"fr_FR","og_type":"article","og_title":"Crocothemis erythraea m\u00e2le - Mes Libellules","og_description":"Crocothemis erythraea m\u00e2le en \u00c9thiopie, description, identification, taille, habitat, distribution g\u00e9ographique, \u00e9tymologie","og_url":"https:\/\/www.meslibellules.fr\/blog\/2019\/07\/28\/ethiopie-crocothemis-erythraea\/","og_site_name":"Mes Libellules","article_publisher":"https:\/\/www.facebook.com\/benoit.guillon.96\/","article_author":"https:\/\/www.facebook.com\/benoit.guillon.96\/","article_published_time":"2019-07-28T06:54:11+00:00","article_modified_time":"2024-10-19T07:42:22+00:00","og_image":[{"url":"http:\/\/www.meslibellules.fr\/blog\/wp-content\/uploads\/2019\/07\/crocothemis-erythraea.jpg","type":"","width":"","height":""}],"author":"Beno\u00eet Guillon","twitter_card":"summary_large_image","twitter_misc":{"\u00c9crit par":"Beno\u00eet Guillon","Dur\u00e9e de lecture estim\u00e9e":"2 minutes"},"schema":{"@context":"https:\/\/schema.org","@graph":[{"@type":"Article","@id":"https:\/\/www.meslibellules.fr\/blog\/2019\/07\/28\/ethiopie-crocothemis-erythraea\/#article","isPartOf":{"@id":"https:\/\/www.meslibellules.fr\/blog\/2019\/07\/28\/ethiopie-crocothemis-erythraea\/"},"author":{"name":"Beno\u00eet Guillon","@id":"https:\/\/www.meslibellules.fr\/blog\/#\/schema\/person\/9aa3586f9dd053fcf329f43b8b053c77"},"headline":"\u00c9thiopie &#8211; Crocothemis erythraea (Brull\u00e9, 1832)","datePublished":"2019-07-28T06:54:11+00:00","dateModified":"2024-10-19T07:42:22+00:00","mainEntityOfPage":{"@id":"https:\/\/www.meslibellules.fr\/blog\/2019\/07\/28\/ethiopie-crocothemis-erythraea\/"},"wordCount":283,"commentCount":0,"publisher":{"@id":"https:\/\/www.meslibellules.fr\/blog\/#\/schema\/person\/9aa3586f9dd053fcf329f43b8b053c77"},"image":{"@id":"https:\/\/www.meslibellules.fr\/blog\/2019\/07\/28\/ethiopie-crocothemis-erythraea\/#primaryimage"},"thumbnailUrl":"http:\/\/www.meslibellules.fr\/blog\/wp-content\/uploads\/2019\/07\/crocothemis-erythraea.jpg","articleSection":["Ethiopie","Libellulidae"],"inLanguage":"fr-FR","potentialAction":[{"@type":"CommentAction","name":"Comment","target":["https:\/\/www.meslibellules.fr\/blog\/2019\/07\/28\/ethiopie-crocothemis-erythraea\/#respond"]}]},{"@type":"WebPage","@id":"https:\/\/www.meslibellules.fr\/blog\/2019\/07\/28\/ethiopie-crocothemis-erythraea\/","url":"https:\/\/www.meslibellules.fr\/blog\/2019\/07\/28\/ethiopie-crocothemis-erythraea\/","name":"Crocothemis erythraea m\u00e2le - Mes Libellules","isPartOf":{"@id":"https:\/\/www.meslibellules.fr\/blog\/#website"},"primaryImageOfPage":{"@id":"https:\/\/www.meslibellules.fr\/blog\/2019\/07\/28\/ethiopie-crocothemis-erythraea\/#primaryimage"},"image":{"@id":"https:\/\/www.meslibellules.fr\/blog\/2019\/07\/28\/ethiopie-crocothemis-erythraea\/#primaryimage"},"thumbnailUrl":"http:\/\/www.meslibellules.fr\/blog\/wp-content\/uploads\/2019\/07\/crocothemis-erythraea.jpg","datePublished":"2019-07-28T06:54:11+00:00","dateModified":"2024-10-19T07:42:22+00:00","description":"Crocothemis erythraea m\u00e2le en \u00c9thiopie, description, identification, taille, habitat, distribution g\u00e9ographique, \u00e9tymologie","breadcrumb":{"@id":"https:\/\/www.meslibellules.fr\/blog\/2019\/07\/28\/ethiopie-crocothemis-erythraea\/#breadcrumb"},"inLanguage":"fr-FR","potentialAction":[{"@type":"ReadAction","target":["https:\/\/www.meslibellules.fr\/blog\/2019\/07\/28\/ethiopie-crocothemis-erythraea\/"]}]},{"@type":"ImageObject","inLanguage":"fr-FR","@id":"https:\/\/www.meslibellules.fr\/blog\/2019\/07\/28\/ethiopie-crocothemis-erythraea\/#primaryimage","url":"http:\/\/www.meslibellules.fr\/blog\/wp-content\/uploads\/2019\/07\/crocothemis-erythraea.jpg","contentUrl":"http:\/\/www.meslibellules.fr\/blog\/wp-content\/uploads\/2019\/07\/crocothemis-erythraea.jpg"},{"@type":"BreadcrumbList","@id":"https:\/\/www.meslibellules.fr\/blog\/2019\/07\/28\/ethiopie-crocothemis-erythraea\/#breadcrumb","itemListElement":[{"@type":"ListItem","position":1,"name":"Accueil","item":"https:\/\/www.meslibellules.fr\/blog\/"},{"@type":"ListItem","position":2,"name":"\u00c9thiopie &#8211; Crocothemis erythraea (Brull\u00e9, 1832)"}]},{"@type":"WebSite","@id":"https:\/\/www.meslibellules.fr\/blog\/#website","url":"https:\/\/www.meslibellules.fr\/blog\/","name":"Mes Libellules","description":"Pr\u00e9sentation des libellules rencontr\u00e9es dans le monde","publisher":{"@id":"https:\/\/www.meslibellules.fr\/blog\/#\/schema\/person\/9aa3586f9dd053fcf329f43b8b053c77"},"potentialAction":[{"@type":"SearchAction","target":{"@type":"EntryPoint","urlTemplate":"https:\/\/www.meslibellules.fr\/blog\/?s={search_term_string}"},"query-input":{"@type":"PropertyValueSpecification","valueRequired":true,"valueName":"search_term_string"}}],"inLanguage":"fr-FR"},{"@type":["Person","Organization"],"@id":"https:\/\/www.meslibellules.fr\/blog\/#\/schema\/person\/9aa3586f9dd053fcf329f43b8b053c77","name":"Beno\u00eet Guillon","image":{"@type":"ImageObject","inLanguage":"fr-FR","@id":"https:\/\/www.meslibellules.fr\/blog\/wp-content\/uploads\/cropped-avatar-150-pix.jpg","url":"https:\/\/www.meslibellules.fr\/blog\/wp-content\/uploads\/cropped-avatar-150-pix.jpg","contentUrl":"https:\/\/www.meslibellules.fr\/blog\/wp-content\/uploads\/cropped-avatar-150-pix.jpg","width":150,"height":137,"caption":"Beno\u00eet Guillon"},"logo":{"@id":"https:\/\/www.meslibellules.fr\/blog\/wp-content\/uploads\/cropped-avatar-150-pix.jpg"},"sameAs":["https:\/\/www.facebook.com\/benoit.guillon.96\/"]}]}},"_links":{"self":[{"href":"https:\/\/www.meslibellules.fr\/blog\/wp-json\/wp\/v2\/posts\/3445","targetHints":{"allow":["GET"]}}],"collection":[{"href":"https:\/\/www.meslibellules.fr\/blog\/wp-json\/wp\/v2\/posts"}],"about":[{"href":"https:\/\/www.meslibellules.fr\/blog\/wp-json\/wp\/v2\/types\/post"}],"author":[{"embeddable":true,"href":"https:\/\/www.meslibellules.fr\/blog\/wp-json\/wp\/v2\/users\/1"}],"replies":[{"embeddable":true,"href":"https:\/\/www.meslibellules.fr\/blog\/wp-json\/wp\/v2\/comments?post=3445"}],"version-history":[{"count":0,"href":"https:\/\/www.meslibellules.fr\/blog\/wp-json\/wp\/v2\/posts\/3445\/revisions"}],"wp:attachment":[{"href":"https:\/\/www.meslibellules.fr\/blog\/wp-json\/wp\/v2\/media?parent=3445"}],"wp:term":[{"taxonomy":"category","embeddable":true,"href":"https:\/\/www.meslibellules.fr\/blog\/wp-json\/wp\/v2\/categories?post=3445"},{"taxonomy":"post_tag","embeddable":true,"href":"https:\/\/www.meslibellules.fr\/blog\/wp-json\/wp\/v2\/tags?post=3445"}],"curies":[{"name":"wp","href":"https:\/\/api.w.org\/{rel}","templated":true}]}}