{"id":3522,"date":"2019-08-09T07:34:07","date_gmt":"2019-08-09T05:34:07","guid":{"rendered":"http:\/\/www.meslibellules.fr\/blog\/?p=3522"},"modified":"2025-12-12T17:59:27","modified_gmt":"2025-12-12T16:59:27","slug":"ethiopie-tramea-basilaris","status":"publish","type":"post","link":"https:\/\/www.meslibellules.fr\/blog\/2019\/08\/09\/ethiopie-tramea-basilaris\/","title":{"rendered":"\u00c9thiopie &#8211; Tramea basilaris (Palisot de Beauvois, 1805)"},"content":{"rendered":"\n<figure class=\"wp-block-image aligncenter is-resized\"><a href=\"https:\/\/www.meslibellules.fr\/blog\/wp-content\/uploads\/2019\/08\/tramea-basilaris.jpg\"><img decoding=\"async\" width=\"1146\" height=\"884\" data-src=\"https:\/\/www.meslibellules.fr\/blog\/wp-content\/uploads\/2019\/08\/tramea-basilaris.jpg\" alt=\"Tramea basilaris m\u00e2le, Ethiopie, pr\u00e8s de Sodo, 22\/10\/2018\" class=\"wp-image-3521 lazyload\" style=\"--smush-placeholder-width: 1146px; --smush-placeholder-aspect-ratio: 1146\/884;width:638px;height:auto\" data-srcset=\"https:\/\/www.meslibellules.fr\/blog\/wp-content\/uploads\/2019\/08\/tramea-basilaris.jpg 1146w, https:\/\/www.meslibellules.fr\/blog\/wp-content\/uploads\/2019\/08\/tramea-basilaris-768x592.jpg 768w\" data-sizes=\"(max-width: 1146px) 100vw, 1146px\" src=\"data:image\/svg+xml;base64,PHN2ZyB3aWR0aD0iMSIgaGVpZ2h0PSIxIiB4bWxucz0iaHR0cDovL3d3dy53My5vcmcvMjAwMC9zdmciPjwvc3ZnPg==\" \/><\/a><figcaption class=\"wp-element-caption\">Tramea basilaris m\u00e2le, \u00c9thiopie, pr\u00e8s de Sodo, 22\/10\/2018<\/figcaption><\/figure>\n\n\n\n<p style=\"font-size:15px\">Je n&rsquo;avais jamais encore rencontr\u00e9 Tramea basilaris m\u00e2le pos\u00e9 ; mon premier contact avec l&rsquo;esp\u00e8ce avait \u00e9t\u00e9 p\u00e9nible \u263a, sur les bords d&rsquo;un Lac <a aria-label=\"au Rajasthan (s\u2019ouvre dans un nouvel onglet)\" href=\"http:\/\/www.meslibellules.fr\/voyages\/rajasthan\/tramea-basilaris\/tramea-basilaris.php\" target=\"_blank\" rel=\"noreferrer noopener\">au Rajasthan<\/a>&#8230;<br>Cette fois-ci la photo n&rsquo;est pas parfaite, mais l&rsquo;identification est ais\u00e9e. Il suffit en effet de constater ce \u00ab\u00a0trou de serrure\u00a0\u00bb (Keyhole glider est en anglais le nom de l&rsquo;esp\u00e8ce) dans la coloration alaire basale pour s\u00e9parer Tramea limbata de Tramea basilaris, les deux seules  esp\u00e8ces connues en Afrique.<br>Il faisait des allers et retours au-dessus de la zone tr\u00e8s calme d&rsquo;une rivi\u00e8re partiellement ass\u00e9ch\u00e9e, non loin d&rsquo;une cascade faiblarde, et je l&rsquo;ai trouv\u00e9 en compagnie de Trithemis kirbyi m\u00e2le et femelle. On aper\u00e7oit <a aria-label=\" (s\u2019ouvre dans un nouvel onglet)\" href=\"https:\/\/www.meslibellules.fr\/blog\/wp-content\/uploads\/2019\/08\/biotope-sodo-basilaris-kirbyi.jpg\" target=\"_blank\" rel=\"noreferrer noopener\"><strong>ici<\/strong><\/a> le biotope alors que je photographie ce Tramea.<br><br>Il mesure environ 50 mm et se rencontre en Afrique depuis l&rsquo;Afrique du Sud jusqu&rsquo;au Maroc et \u00e0 la Somalie, et \u00e0 travers l&rsquo;Iran et l&rsquo;Inde jusqu&rsquo;au Japon au nord et la Malaisie au sud. Une \u00e9tendue gigantesque quand on simplifie, de l&rsquo;Afrique du Sud au Japon\u202f!<br><a href=\"https:\/\/www.iucnredlist.org\/species\/60049\/83871612\">IUCN Red List <\/a><\/p>\n\n\n\n<p><span style=\"text-decoration: underline;\"><strong>\u00c9tymologie<\/strong><br \/><\/span>Dans sa version non publi\u00e9e, Hagen avait d\u00e9crit ce genre sous le nom de <em>Trapezostigma<\/em> (1), dont l\u2019\u00e9tymologie est assez \u00e9vidente, de deux mots grecs, l\u2019un signifiant trap\u00e8ze et l\u2019autre tache, se rapportant aux petits pt\u00e9rostigmas\u00a0<em>en trap\u00e8ze<\/em>\u00a0du genre. Mais dans la description du genre publi\u00e9e en 1861, Hagen a r\u00e9duit le nom \u00e0 <strong>Tramea<\/strong>, ajoutant un jeu de mot avec le latin \u2013<em>trameare<\/em>, qui signifie\u00a0<em>traverser<\/em>,\u00a0<em>passer<\/em>, en r\u00e9f\u00e9rence \u00e0 son comportement vagabond.<br \/><strong>Basilaris<\/strong>, du latin <em>basilaris, <\/em>traduit en fran\u00e7ais par &#8211;<em>basilaire, qui appartient \u00e0 la base, qui sert de base. <\/em>Palisot de Beauvois (2) \u00e9crit :\u00a0\u00bbLIBELLULE basilaire. Ailes transparentes ; large tache vari\u00e9e de roux et de jaune \u00e0 la base des inf\u00e9rieures ; stigmates bruns.\u00a0\u00bb Il ne connaissait sans doute pas Tramea carolina, d\u00e9crit par Linn\u00e9 en 1763.<\/p>\n\n\n\n<figure class=\"wp-block-image aligncenter size-full is-resized\"><img decoding=\"async\" width=\"902\" height=\"236\" data-src=\"https:\/\/www.meslibellules.fr\/blog\/wp-content\/uploads\/Description-Palisot-de-Beauvois.webp\" alt=\"Description de Tramea basilaris, Palisot de Beauvois\" class=\"wp-image-19577 lazyload\" style=\"--smush-placeholder-width: 902px; --smush-placeholder-aspect-ratio: 902\/236;width:748px;height:auto\" data-srcset=\"https:\/\/www.meslibellules.fr\/blog\/wp-content\/uploads\/Description-Palisot-de-Beauvois.webp 902w, https:\/\/www.meslibellules.fr\/blog\/wp-content\/uploads\/Description-Palisot-de-Beauvois-768x201.webp 768w\" data-sizes=\"(max-width: 902px) 100vw, 902px\" src=\"data:image\/svg+xml;base64,PHN2ZyB3aWR0aD0iMSIgaGVpZ2h0PSIxIiB4bWxucz0iaHR0cDovL3d3dy53My5vcmcvMjAwMC9zdmciPjwvc3ZnPg==\" \/><\/figure>\n\n\n\n<div style=\"height:35px\" aria-hidden=\"true\" class=\"wp-block-spacer\"><\/div>\n\n\n\n<p style=\"font-size:13px\">1- The Naming of Australia\u2019s Dragonflies, Ian Endersby &amp; Heinrich Fliedner, Busybird publishing.<br>2- Palisot de Beauvois, A.M.F.J. (1805). <a href=\"https:\/\/www.biodiversitylibrary.org\/item\/322044#page\/195\/mode\/1up\">Insectes recueillis en Afrique et en Am\u00e9rique dans les royaumes d&rsquo;Oware et de B\u00e9nin, \u00e0 Saint-Domingue et dans les \u00c9tats-Unis, pendant les ann\u00e9es, 1786-1797<\/a>. <\/p>\n\n\n\n<div style=\"height:36px\" aria-hidden=\"true\" class=\"wp-block-spacer\"><\/div>\n\n\n\n<p class=\"has-background\" style=\"background-color:#e1df8f;font-size:14px\">Cet article fait partie des odonates observ\u00e9s en \u00c9thiopie, pour revenir \u00e0 la page des Odonates d&rsquo;\u00c9thiopie cliquer\u00a0<strong><a href=\"https:\/\/www.meslibellules.fr\/blog\/odonates-dethiopie-ethiopian-odonates\/\">ici<\/a>.<\/strong><\/p>\n","protected":false},"excerpt":{"rendered":"<p>Je n&rsquo;avais jamais encore rencontr\u00e9 Tramea basilaris m\u00e2le pos\u00e9 ; mon premier contact avec l&rsquo;esp\u00e8ce avait \u00e9t\u00e9 p\u00e9nible \u263a, sur les bords d&rsquo;un Lac au Rajasthan&#8230;Cette fois-ci la photo n&rsquo;est pas parfaite, mais l&rsquo;identification est ais\u00e9e. Il suffit en effet de constater ce \u00ab\u00a0trou de serrure\u00a0\u00bb (Keyhole glider est en anglais le nom de l&rsquo;esp\u00e8ce) [&hellip;]<\/p>\n","protected":false},"author":1,"featured_media":0,"comment_status":"open","ping_status":"open","sticky":false,"template":"","format":"image","meta":{"site-sidebar-layout":"default","site-content-layout":"","ast-site-content-layout":"default","site-content-style":"default","site-sidebar-style":"default","ast-global-header-display":"","ast-banner-title-visibility":"","ast-main-header-display":"","ast-hfb-above-header-display":"","ast-hfb-below-header-display":"","ast-hfb-mobile-header-display":"","site-post-title":"","ast-breadcrumbs-content":"","ast-featured-img":"","footer-sml-layout":"","ast-disable-related-posts":"","theme-transparent-header-meta":"","adv-header-id-meta":"","stick-header-meta":"","header-above-stick-meta":"","header-main-stick-meta":"","header-below-stick-meta":"","astra-migrate-meta-layouts":"set","ast-page-background-enabled":"default","ast-page-background-meta":{"desktop":{"background-color":"var(--ast-global-color-4)","background-image":"","background-repeat":"repeat","background-position":"center center","background-size":"auto","background-attachment":"scroll","background-type":"","background-media":"","overlay-type":"","overlay-color":"","overlay-opacity":"","overlay-gradient":""},"tablet":{"background-color":"","background-image":"","background-repeat":"repeat","background-position":"center center","background-size":"auto","background-attachment":"scroll","background-type":"","background-media":"","overlay-type":"","overlay-color":"","overlay-opacity":"","overlay-gradient":""},"mobile":{"background-color":"","background-image":"","background-repeat":"repeat","background-position":"center center","background-size":"auto","background-attachment":"scroll","background-type":"","background-media":"","overlay-type":"","overlay-color":"","overlay-opacity":"","overlay-gradient":""}},"ast-content-background-meta":{"desktop":{"background-color":"var(--ast-global-color-5)","background-image":"","background-repeat":"repeat","background-position":"center center","background-size":"auto","background-attachment":"scroll","background-type":"","background-media":"","overlay-type":"","overlay-color":"","overlay-opacity":"","overlay-gradient":""},"tablet":{"background-color":"var(--ast-global-color-5)","background-image":"","background-repeat":"repeat","background-position":"center center","background-size":"auto","background-attachment":"scroll","background-type":"","background-media":"","overlay-type":"","overlay-color":"","overlay-opacity":"","overlay-gradient":""},"mobile":{"background-color":"var(--ast-global-color-5)","background-image":"","background-repeat":"repeat","background-position":"center center","background-size":"auto","background-attachment":"scroll","background-type":"","background-media":"","overlay-type":"","overlay-color":"","overlay-opacity":"","overlay-gradient":""}},"footnotes":""},"categories":[67,68],"tags":[],"class_list":["post-3522","post","type-post","status-publish","format-image","hentry","category-ethiopie","category-libellulidae-ethiopie","post_format-post-format-image"],"yoast_head":"<!-- This site is optimized with the Yoast SEO plugin v27.4 - https:\/\/yoast.com\/product\/yoast-seo-wordpress\/ -->\n<title>Tramea basilaris m\u00e2le - Mes Libellules<\/title>\n<meta name=\"description\" content=\"Tramea basilaris m\u00e2le en \u00c9thiopie, description, identification, taille, habitat, distribution g\u00e9ographique, \u00e9tymologie\" \/>\n<meta name=\"robots\" content=\"index, follow, max-snippet:-1, max-image-preview:large, max-video-preview:-1\" \/>\n<link rel=\"canonical\" href=\"https:\/\/www.meslibellules.fr\/blog\/2019\/08\/09\/ethiopie-tramea-basilaris\/\" \/>\n<meta property=\"og:locale\" content=\"fr_FR\" \/>\n<meta property=\"og:type\" content=\"article\" \/>\n<meta property=\"og:title\" content=\"Tramea basilaris m\u00e2le - Mes Libellules\" \/>\n<meta property=\"og:description\" content=\"Tramea basilaris m\u00e2le en \u00c9thiopie, description, identification, taille, habitat, distribution g\u00e9ographique, \u00e9tymologie\" \/>\n<meta property=\"og:url\" content=\"https:\/\/www.meslibellules.fr\/blog\/2019\/08\/09\/ethiopie-tramea-basilaris\/\" \/>\n<meta property=\"og:site_name\" content=\"Mes Libellules\" \/>\n<meta property=\"article:publisher\" content=\"https:\/\/www.facebook.com\/benoit.guillon.96\/\" \/>\n<meta property=\"article:author\" content=\"https:\/\/www.facebook.com\/benoit.guillon.96\/\" \/>\n<meta property=\"article:published_time\" content=\"2019-08-09T05:34:07+00:00\" \/>\n<meta property=\"article:modified_time\" content=\"2025-12-12T16:59:27+00:00\" \/>\n<meta property=\"og:image\" content=\"http:\/\/www.meslibellules.fr\/blog\/wp-content\/uploads\/2019\/08\/tramea-basilaris.jpg\" \/>\n<meta name=\"author\" content=\"Beno\u00eet Guillon\" \/>\n<meta name=\"twitter:card\" content=\"summary_large_image\" \/>\n<meta name=\"twitter:label1\" content=\"\u00c9crit par\" \/>\n\t<meta name=\"twitter:data1\" content=\"Beno\u00eet Guillon\" \/>\n\t<meta name=\"twitter:label2\" content=\"Dur\u00e9e de lecture estim\u00e9e\" \/>\n\t<meta name=\"twitter:data2\" content=\"3 minutes\" \/>\n<script type=\"application\/ld+json\" class=\"yoast-schema-graph\">{\"@context\":\"https:\\\/\\\/schema.org\",\"@graph\":[{\"@type\":\"Article\",\"@id\":\"https:\\\/\\\/www.meslibellules.fr\\\/blog\\\/2019\\\/08\\\/09\\\/ethiopie-tramea-basilaris\\\/#article\",\"isPartOf\":{\"@id\":\"https:\\\/\\\/www.meslibellules.fr\\\/blog\\\/2019\\\/08\\\/09\\\/ethiopie-tramea-basilaris\\\/\"},\"author\":{\"name\":\"Beno\u00eet Guillon\",\"@id\":\"https:\\\/\\\/www.meslibellules.fr\\\/blog\\\/#\\\/schema\\\/person\\\/9aa3586f9dd053fcf329f43b8b053c77\"},\"headline\":\"\u00c9thiopie &#8211; Tramea basilaris (Palisot de Beauvois, 1805)\",\"datePublished\":\"2019-08-09T05:34:07+00:00\",\"dateModified\":\"2025-12-12T16:59:27+00:00\",\"mainEntityOfPage\":{\"@id\":\"https:\\\/\\\/www.meslibellules.fr\\\/blog\\\/2019\\\/08\\\/09\\\/ethiopie-tramea-basilaris\\\/\"},\"wordCount\":396,\"commentCount\":0,\"publisher\":{\"@id\":\"https:\\\/\\\/www.meslibellules.fr\\\/blog\\\/#\\\/schema\\\/person\\\/9aa3586f9dd053fcf329f43b8b053c77\"},\"image\":{\"@id\":\"https:\\\/\\\/www.meslibellules.fr\\\/blog\\\/2019\\\/08\\\/09\\\/ethiopie-tramea-basilaris\\\/#primaryimage\"},\"thumbnailUrl\":\"http:\\\/\\\/www.meslibellules.fr\\\/blog\\\/wp-content\\\/uploads\\\/2019\\\/08\\\/tramea-basilaris.jpg\",\"articleSection\":[\"Ethiopie\",\"Libellulidae\"],\"inLanguage\":\"fr-FR\",\"potentialAction\":[{\"@type\":\"CommentAction\",\"name\":\"Comment\",\"target\":[\"https:\\\/\\\/www.meslibellules.fr\\\/blog\\\/2019\\\/08\\\/09\\\/ethiopie-tramea-basilaris\\\/#respond\"]}]},{\"@type\":\"WebPage\",\"@id\":\"https:\\\/\\\/www.meslibellules.fr\\\/blog\\\/2019\\\/08\\\/09\\\/ethiopie-tramea-basilaris\\\/\",\"url\":\"https:\\\/\\\/www.meslibellules.fr\\\/blog\\\/2019\\\/08\\\/09\\\/ethiopie-tramea-basilaris\\\/\",\"name\":\"Tramea basilaris m\u00e2le - Mes Libellules\",\"isPartOf\":{\"@id\":\"https:\\\/\\\/www.meslibellules.fr\\\/blog\\\/#website\"},\"primaryImageOfPage\":{\"@id\":\"https:\\\/\\\/www.meslibellules.fr\\\/blog\\\/2019\\\/08\\\/09\\\/ethiopie-tramea-basilaris\\\/#primaryimage\"},\"image\":{\"@id\":\"https:\\\/\\\/www.meslibellules.fr\\\/blog\\\/2019\\\/08\\\/09\\\/ethiopie-tramea-basilaris\\\/#primaryimage\"},\"thumbnailUrl\":\"http:\\\/\\\/www.meslibellules.fr\\\/blog\\\/wp-content\\\/uploads\\\/2019\\\/08\\\/tramea-basilaris.jpg\",\"datePublished\":\"2019-08-09T05:34:07+00:00\",\"dateModified\":\"2025-12-12T16:59:27+00:00\",\"description\":\"Tramea basilaris m\u00e2le en \u00c9thiopie, description, identification, taille, habitat, distribution g\u00e9ographique, \u00e9tymologie\",\"breadcrumb\":{\"@id\":\"https:\\\/\\\/www.meslibellules.fr\\\/blog\\\/2019\\\/08\\\/09\\\/ethiopie-tramea-basilaris\\\/#breadcrumb\"},\"inLanguage\":\"fr-FR\",\"potentialAction\":[{\"@type\":\"ReadAction\",\"target\":[\"https:\\\/\\\/www.meslibellules.fr\\\/blog\\\/2019\\\/08\\\/09\\\/ethiopie-tramea-basilaris\\\/\"]}]},{\"@type\":\"ImageObject\",\"inLanguage\":\"fr-FR\",\"@id\":\"https:\\\/\\\/www.meslibellules.fr\\\/blog\\\/2019\\\/08\\\/09\\\/ethiopie-tramea-basilaris\\\/#primaryimage\",\"url\":\"http:\\\/\\\/www.meslibellules.fr\\\/blog\\\/wp-content\\\/uploads\\\/2019\\\/08\\\/tramea-basilaris.jpg\",\"contentUrl\":\"http:\\\/\\\/www.meslibellules.fr\\\/blog\\\/wp-content\\\/uploads\\\/2019\\\/08\\\/tramea-basilaris.jpg\"},{\"@type\":\"BreadcrumbList\",\"@id\":\"https:\\\/\\\/www.meslibellules.fr\\\/blog\\\/2019\\\/08\\\/09\\\/ethiopie-tramea-basilaris\\\/#breadcrumb\",\"itemListElement\":[{\"@type\":\"ListItem\",\"position\":1,\"name\":\"Accueil\",\"item\":\"https:\\\/\\\/www.meslibellules.fr\\\/blog\\\/\"},{\"@type\":\"ListItem\",\"position\":2,\"name\":\"\u00c9thiopie &#8211; Tramea basilaris (Palisot de Beauvois, 1805)\"}]},{\"@type\":\"WebSite\",\"@id\":\"https:\\\/\\\/www.meslibellules.fr\\\/blog\\\/#website\",\"url\":\"https:\\\/\\\/www.meslibellules.fr\\\/blog\\\/\",\"name\":\"Mes Libellules\",\"description\":\"Pr\u00e9sentation des libellules rencontr\u00e9es dans le monde\",\"publisher\":{\"@id\":\"https:\\\/\\\/www.meslibellules.fr\\\/blog\\\/#\\\/schema\\\/person\\\/9aa3586f9dd053fcf329f43b8b053c77\"},\"potentialAction\":[{\"@type\":\"SearchAction\",\"target\":{\"@type\":\"EntryPoint\",\"urlTemplate\":\"https:\\\/\\\/www.meslibellules.fr\\\/blog\\\/?s={search_term_string}\"},\"query-input\":{\"@type\":\"PropertyValueSpecification\",\"valueRequired\":true,\"valueName\":\"search_term_string\"}}],\"inLanguage\":\"fr-FR\"},{\"@type\":[\"Person\",\"Organization\"],\"@id\":\"https:\\\/\\\/www.meslibellules.fr\\\/blog\\\/#\\\/schema\\\/person\\\/9aa3586f9dd053fcf329f43b8b053c77\",\"name\":\"Beno\u00eet Guillon\",\"image\":{\"@type\":\"ImageObject\",\"inLanguage\":\"fr-FR\",\"@id\":\"https:\\\/\\\/www.meslibellules.fr\\\/blog\\\/wp-content\\\/uploads\\\/cropped-avatar-150-pix.jpg\",\"url\":\"https:\\\/\\\/www.meslibellules.fr\\\/blog\\\/wp-content\\\/uploads\\\/cropped-avatar-150-pix.jpg\",\"contentUrl\":\"https:\\\/\\\/www.meslibellules.fr\\\/blog\\\/wp-content\\\/uploads\\\/cropped-avatar-150-pix.jpg\",\"width\":150,\"height\":137,\"caption\":\"Beno\u00eet Guillon\"},\"logo\":{\"@id\":\"https:\\\/\\\/www.meslibellules.fr\\\/blog\\\/wp-content\\\/uploads\\\/cropped-avatar-150-pix.jpg\"},\"sameAs\":[\"https:\\\/\\\/www.facebook.com\\\/benoit.guillon.96\\\/\"]}]}<\/script>\n<!-- \/ Yoast SEO plugin. -->","yoast_head_json":{"title":"Tramea basilaris m\u00e2le - Mes Libellules","description":"Tramea basilaris m\u00e2le en \u00c9thiopie, description, identification, taille, habitat, distribution g\u00e9ographique, \u00e9tymologie","robots":{"index":"index","follow":"follow","max-snippet":"max-snippet:-1","max-image-preview":"max-image-preview:large","max-video-preview":"max-video-preview:-1"},"canonical":"https:\/\/www.meslibellules.fr\/blog\/2019\/08\/09\/ethiopie-tramea-basilaris\/","og_locale":"fr_FR","og_type":"article","og_title":"Tramea basilaris m\u00e2le - Mes Libellules","og_description":"Tramea basilaris m\u00e2le en \u00c9thiopie, description, identification, taille, habitat, distribution g\u00e9ographique, \u00e9tymologie","og_url":"https:\/\/www.meslibellules.fr\/blog\/2019\/08\/09\/ethiopie-tramea-basilaris\/","og_site_name":"Mes Libellules","article_publisher":"https:\/\/www.facebook.com\/benoit.guillon.96\/","article_author":"https:\/\/www.facebook.com\/benoit.guillon.96\/","article_published_time":"2019-08-09T05:34:07+00:00","article_modified_time":"2025-12-12T16:59:27+00:00","og_image":[{"url":"http:\/\/www.meslibellules.fr\/blog\/wp-content\/uploads\/2019\/08\/tramea-basilaris.jpg","type":"","width":"","height":""}],"author":"Beno\u00eet Guillon","twitter_card":"summary_large_image","twitter_misc":{"\u00c9crit par":"Beno\u00eet Guillon","Dur\u00e9e de lecture estim\u00e9e":"3 minutes"},"schema":{"@context":"https:\/\/schema.org","@graph":[{"@type":"Article","@id":"https:\/\/www.meslibellules.fr\/blog\/2019\/08\/09\/ethiopie-tramea-basilaris\/#article","isPartOf":{"@id":"https:\/\/www.meslibellules.fr\/blog\/2019\/08\/09\/ethiopie-tramea-basilaris\/"},"author":{"name":"Beno\u00eet Guillon","@id":"https:\/\/www.meslibellules.fr\/blog\/#\/schema\/person\/9aa3586f9dd053fcf329f43b8b053c77"},"headline":"\u00c9thiopie &#8211; Tramea basilaris (Palisot de Beauvois, 1805)","datePublished":"2019-08-09T05:34:07+00:00","dateModified":"2025-12-12T16:59:27+00:00","mainEntityOfPage":{"@id":"https:\/\/www.meslibellules.fr\/blog\/2019\/08\/09\/ethiopie-tramea-basilaris\/"},"wordCount":396,"commentCount":0,"publisher":{"@id":"https:\/\/www.meslibellules.fr\/blog\/#\/schema\/person\/9aa3586f9dd053fcf329f43b8b053c77"},"image":{"@id":"https:\/\/www.meslibellules.fr\/blog\/2019\/08\/09\/ethiopie-tramea-basilaris\/#primaryimage"},"thumbnailUrl":"http:\/\/www.meslibellules.fr\/blog\/wp-content\/uploads\/2019\/08\/tramea-basilaris.jpg","articleSection":["Ethiopie","Libellulidae"],"inLanguage":"fr-FR","potentialAction":[{"@type":"CommentAction","name":"Comment","target":["https:\/\/www.meslibellules.fr\/blog\/2019\/08\/09\/ethiopie-tramea-basilaris\/#respond"]}]},{"@type":"WebPage","@id":"https:\/\/www.meslibellules.fr\/blog\/2019\/08\/09\/ethiopie-tramea-basilaris\/","url":"https:\/\/www.meslibellules.fr\/blog\/2019\/08\/09\/ethiopie-tramea-basilaris\/","name":"Tramea basilaris m\u00e2le - Mes Libellules","isPartOf":{"@id":"https:\/\/www.meslibellules.fr\/blog\/#website"},"primaryImageOfPage":{"@id":"https:\/\/www.meslibellules.fr\/blog\/2019\/08\/09\/ethiopie-tramea-basilaris\/#primaryimage"},"image":{"@id":"https:\/\/www.meslibellules.fr\/blog\/2019\/08\/09\/ethiopie-tramea-basilaris\/#primaryimage"},"thumbnailUrl":"http:\/\/www.meslibellules.fr\/blog\/wp-content\/uploads\/2019\/08\/tramea-basilaris.jpg","datePublished":"2019-08-09T05:34:07+00:00","dateModified":"2025-12-12T16:59:27+00:00","description":"Tramea basilaris m\u00e2le en \u00c9thiopie, description, identification, taille, habitat, distribution g\u00e9ographique, \u00e9tymologie","breadcrumb":{"@id":"https:\/\/www.meslibellules.fr\/blog\/2019\/08\/09\/ethiopie-tramea-basilaris\/#breadcrumb"},"inLanguage":"fr-FR","potentialAction":[{"@type":"ReadAction","target":["https:\/\/www.meslibellules.fr\/blog\/2019\/08\/09\/ethiopie-tramea-basilaris\/"]}]},{"@type":"ImageObject","inLanguage":"fr-FR","@id":"https:\/\/www.meslibellules.fr\/blog\/2019\/08\/09\/ethiopie-tramea-basilaris\/#primaryimage","url":"http:\/\/www.meslibellules.fr\/blog\/wp-content\/uploads\/2019\/08\/tramea-basilaris.jpg","contentUrl":"http:\/\/www.meslibellules.fr\/blog\/wp-content\/uploads\/2019\/08\/tramea-basilaris.jpg"},{"@type":"BreadcrumbList","@id":"https:\/\/www.meslibellules.fr\/blog\/2019\/08\/09\/ethiopie-tramea-basilaris\/#breadcrumb","itemListElement":[{"@type":"ListItem","position":1,"name":"Accueil","item":"https:\/\/www.meslibellules.fr\/blog\/"},{"@type":"ListItem","position":2,"name":"\u00c9thiopie &#8211; Tramea basilaris (Palisot de Beauvois, 1805)"}]},{"@type":"WebSite","@id":"https:\/\/www.meslibellules.fr\/blog\/#website","url":"https:\/\/www.meslibellules.fr\/blog\/","name":"Mes Libellules","description":"Pr\u00e9sentation des libellules rencontr\u00e9es dans le monde","publisher":{"@id":"https:\/\/www.meslibellules.fr\/blog\/#\/schema\/person\/9aa3586f9dd053fcf329f43b8b053c77"},"potentialAction":[{"@type":"SearchAction","target":{"@type":"EntryPoint","urlTemplate":"https:\/\/www.meslibellules.fr\/blog\/?s={search_term_string}"},"query-input":{"@type":"PropertyValueSpecification","valueRequired":true,"valueName":"search_term_string"}}],"inLanguage":"fr-FR"},{"@type":["Person","Organization"],"@id":"https:\/\/www.meslibellules.fr\/blog\/#\/schema\/person\/9aa3586f9dd053fcf329f43b8b053c77","name":"Beno\u00eet Guillon","image":{"@type":"ImageObject","inLanguage":"fr-FR","@id":"https:\/\/www.meslibellules.fr\/blog\/wp-content\/uploads\/cropped-avatar-150-pix.jpg","url":"https:\/\/www.meslibellules.fr\/blog\/wp-content\/uploads\/cropped-avatar-150-pix.jpg","contentUrl":"https:\/\/www.meslibellules.fr\/blog\/wp-content\/uploads\/cropped-avatar-150-pix.jpg","width":150,"height":137,"caption":"Beno\u00eet Guillon"},"logo":{"@id":"https:\/\/www.meslibellules.fr\/blog\/wp-content\/uploads\/cropped-avatar-150-pix.jpg"},"sameAs":["https:\/\/www.facebook.com\/benoit.guillon.96\/"]}]}},"_links":{"self":[{"href":"https:\/\/www.meslibellules.fr\/blog\/wp-json\/wp\/v2\/posts\/3522","targetHints":{"allow":["GET"]}}],"collection":[{"href":"https:\/\/www.meslibellules.fr\/blog\/wp-json\/wp\/v2\/posts"}],"about":[{"href":"https:\/\/www.meslibellules.fr\/blog\/wp-json\/wp\/v2\/types\/post"}],"author":[{"embeddable":true,"href":"https:\/\/www.meslibellules.fr\/blog\/wp-json\/wp\/v2\/users\/1"}],"replies":[{"embeddable":true,"href":"https:\/\/www.meslibellules.fr\/blog\/wp-json\/wp\/v2\/comments?post=3522"}],"version-history":[{"count":1,"href":"https:\/\/www.meslibellules.fr\/blog\/wp-json\/wp\/v2\/posts\/3522\/revisions"}],"predecessor-version":[{"id":27249,"href":"https:\/\/www.meslibellules.fr\/blog\/wp-json\/wp\/v2\/posts\/3522\/revisions\/27249"}],"wp:attachment":[{"href":"https:\/\/www.meslibellules.fr\/blog\/wp-json\/wp\/v2\/media?parent=3522"}],"wp:term":[{"taxonomy":"category","embeddable":true,"href":"https:\/\/www.meslibellules.fr\/blog\/wp-json\/wp\/v2\/categories?post=3522"},{"taxonomy":"post_tag","embeddable":true,"href":"https:\/\/www.meslibellules.fr\/blog\/wp-json\/wp\/v2\/tags?post=3522"}],"curies":[{"name":"wp","href":"https:\/\/api.w.org\/{rel}","templated":true}]}}