{"id":3775,"date":"2019-09-03T07:38:10","date_gmt":"2019-09-03T05:38:10","guid":{"rendered":"http:\/\/www.meslibellules.fr\/blog\/?p=3775"},"modified":"2023-07-08T10:17:55","modified_gmt":"2023-07-08T08:17:55","slug":"pseudagrion-spernatum","status":"publish","type":"post","link":"https:\/\/www.meslibellules.fr\/blog\/2019\/09\/03\/pseudagrion-spernatum\/","title":{"rendered":"\u00c9thiopie &#8211; Pseudagrion spernatum (Selys, 1891)"},"content":{"rendered":"\n<figure class=\"wp-block-image aligncenter is-resized\"><a href=\"https:\/\/www.meslibellules.fr\/blog\/wp-content\/uploads\/pseudagrion-spernatum-femelle.jpg\"><img decoding=\"async\" data-src=\"https:\/\/www.meslibellules.fr\/blog\/wp-content\/uploads\/pseudagrion-spernatum-femelle.jpg\" alt=\"Pseudagrion spernatum femelle, Ethiopie, Yirgalem, 31\/10\/2018\" class=\"wp-image-3771 lazyload\" width=\"527\" height=\"337\" data-srcset=\"https:\/\/www.meslibellules.fr\/blog\/wp-content\/uploads\/\/pseudagrion-spernatum-femelle.jpg 1881w, https:\/\/www.meslibellules.fr\/blog\/wp-content\/uploads\/\/pseudagrion-spernatum-femelle-768x492.jpg 768w, https:\/\/www.meslibellules.fr\/blog\/wp-content\/uploads\/\/pseudagrion-spernatum-femelle-1200x768.jpg 1200w\" data-sizes=\"(max-width: 527px) 100vw, 527px\" src=\"data:image\/svg+xml;base64,PHN2ZyB3aWR0aD0iMSIgaGVpZ2h0PSIxIiB4bWxucz0iaHR0cDovL3d3dy53My5vcmcvMjAwMC9zdmciPjwvc3ZnPg==\" style=\"--smush-placeholder-width: 527px; --smush-placeholder-aspect-ratio: 527\/337;\" \/><\/a><figcaption class=\"wp-element-caption\">Pseudagrion spernatum femelle, Ethiopie, Yirgalem, 31\/10\/2018<\/figcaption><\/figure>\n\n\n\n<p style=\"font-size:14px\">Cette femelle Pseudagrion spernatum appartient au groupe A des Pseudagrion et je n&rsquo;ai pas rencontr\u00e9 le m\u00e2le. Mais, pour une fois, elle a \u00e9t\u00e9 facile \u00e0 identifier en raison du motif bleu particulier qu&rsquo;elle porte sur les derniers segments, en particulier celui du S8 qui semble n&rsquo;appartenir qu&rsquo;\u00e0 elle. Le m\u00e2le pr\u00e9sente aussi ces marques distinctives, mais la pruinosit\u00e9 qui le recouvre \u00e0 la maturit\u00e9 les fait dispara\u00eetre.<br>Certains de ces femelles Pseudagrion du groupe A (toutes ?) exhibent des stylets plus ou moins remarquables, plus ou moins dress\u00e9s sur le pronotum: je ne sais pas combien en portent, la litt\u00e9rature est vraiment discr\u00e8te sur cet appendice pourtant \u00e9tonnant. Cet \u00e9peron  est d\u00e9crit au moins pour P. guichardi (1) et pour P. spinithoracicum (2) qui lui a bien s\u00fbr donn\u00e9 son nom. Il est r\u00e9duit pour d&rsquo;autres \u00e0 de simples excroissances<br>Et, j&rsquo;ai eu  eu la surprise de les d\u00e9couvrir sur le pronotum de la femelle ci-dessous, sous forme de ces 2 \u00e9pines claires (sans doute \u00e0 apex sombre) dress\u00e9es de part et d&rsquo;autre du bord post\u00e9rieur, et orient\u00e9es vers la t\u00eate, de telle sorte qu&rsquo;elles sont difficiles \u00e0 voir de profil.<\/p>\n\n\n\n<figure class=\"wp-block-image aligncenter\"><a href=\"https:\/\/www.meslibellules.fr\/blog\/wp-content\/uploads\/pseudagrion-spernatum-femelle-pronotum.jpg\"><img decoding=\"async\" width=\"491\" height=\"384\" data-src=\"https:\/\/www.meslibellules.fr\/blog\/wp-content\/uploads\/pseudagrion-spernatum-femelle-pronotum.jpg\" alt=\"Pseudagrion spernatum femelle, prontum avec \u00e9pines, Ethiopie, Yirgalem, 31\/10\/2018\" class=\"wp-image-3774 lazyload\" src=\"data:image\/svg+xml;base64,PHN2ZyB3aWR0aD0iMSIgaGVpZ2h0PSIxIiB4bWxucz0iaHR0cDovL3d3dy53My5vcmcvMjAwMC9zdmciPjwvc3ZnPg==\" style=\"--smush-placeholder-width: 491px; --smush-placeholder-aspect-ratio: 491\/384;\" \/><\/a><figcaption class=\"wp-element-caption\">Pseudagrion spernatum femelle, pronotum avec \u00e9pines, Ethiopie, Yirgalem, 31\/10\/2018<\/figcaption><\/figure>\n\n\n\n<p style=\"font-size:14px\">Cela m&rsquo;a remis en m\u00e9moire les spectaculaires \u00e9pines d&rsquo;un <a href=\"https:\/\/meslibellules.fr\/voyages\/panama\/metaleptobasis-foreli\/metaleptobasis-foreli-male-1\/metaleptobasis-foreli-male-1big.jpg\">Metaleptobasis foreli<\/a> observ\u00e9 au Panama en 2012. L&rsquo;utilit\u00e9 pr\u00e9cise de ces \u00e9perons, s&rsquo;ils en ont une, est inconnue, m\u00eame si on peut supposer un lien avec l&rsquo;accouplement et la prise du m\u00e2le sur le pronotum.<br>Notre Pseudagrion spernatum mesure en moyenne 40 mm, et comme son nom anglais en t\u00e9moigne, Upland Sprite, il ne se rencontre qu&rsquo;en altitude, ici \u00e0 1724 m d&rsquo;altitude.<\/p>\n\n\n\n<figure class=\"wp-block-image aligncenter is-resized\"><a href=\"https:\/\/www.meslibellules.fr\/blog\/wp-content\/uploads\/pseudagrion-spernatum-femelle-2.jpg\"><img decoding=\"async\" data-src=\"https:\/\/www.meslibellules.fr\/blog\/wp-content\/uploads\/pseudagrion-spernatum-femelle-2.jpg\" alt=\"Pseudagrion spernatum femelle, Ethiopie, Yirgalem, 31\/10\/2018\" class=\"wp-image-3772 lazyload\" width=\"499\" height=\"370\" data-srcset=\"https:\/\/www.meslibellules.fr\/blog\/wp-content\/uploads\/\/pseudagrion-spernatum-femelle-2.jpg 1351w, https:\/\/www.meslibellules.fr\/blog\/wp-content\/uploads\/\/pseudagrion-spernatum-femelle-2-768x571.jpg 768w, https:\/\/www.meslibellules.fr\/blog\/wp-content\/uploads\/\/pseudagrion-spernatum-femelle-2-1200x892.jpg 1200w\" data-sizes=\"(max-width: 499px) 100vw, 499px\" src=\"data:image\/svg+xml;base64,PHN2ZyB3aWR0aD0iMSIgaGVpZ2h0PSIxIiB4bWxucz0iaHR0cDovL3d3dy53My5vcmcvMjAwMC9zdmciPjwvc3ZnPg==\" style=\"--smush-placeholder-width: 499px; --smush-placeholder-aspect-ratio: 499\/370;\" \/><\/a><figcaption class=\"wp-element-caption\">Pseudagrion spernatum femelle, Ethiopie, Yirgalem, 31\/10\/2018<\/figcaption><\/figure>\n\n\n\n<p style=\"font-size:14px\">L&rsquo;<a href=\"https:\/\/www.iucnredlist.org\/species\/60032\/85460136\">IUCN<\/a> mentionne que l&rsquo;esp\u00e8ce est pr\u00e9sente en Afrique du Sud, et de l&rsquo;Angola \u00e0 l&rsquo;Ouganda et l&rsquo;\u00c9thiopie.<\/p>\n\n\n\n<figure class=\"wp-block-image aligncenter is-resized\"><a href=\"https:\/\/www.meslibellules.fr\/blog\/wp-content\/uploads\/pseudagrion-spernatum-femelle-3.jpg\"><img decoding=\"async\" data-src=\"https:\/\/www.meslibellules.fr\/blog\/wp-content\/uploads\/pseudagrion-spernatum-femelle-3.jpg\" alt=\"Pseudagrion spernatum femelle, Ethiopie, Yirgalem, 31\/10\/2018\" class=\"wp-image-3773 lazyload\" width=\"499\" height=\"340\" data-srcset=\"https:\/\/www.meslibellules.fr\/blog\/wp-content\/uploads\/\/pseudagrion-spernatum-femelle-3.jpg 1470w, https:\/\/www.meslibellules.fr\/blog\/wp-content\/uploads\/\/pseudagrion-spernatum-femelle-3-768x525.jpg 768w, https:\/\/www.meslibellules.fr\/blog\/wp-content\/uploads\/\/pseudagrion-spernatum-femelle-3-1200x820.jpg 1200w\" data-sizes=\"(max-width: 499px) 100vw, 499px\" src=\"data:image\/svg+xml;base64,PHN2ZyB3aWR0aD0iMSIgaGVpZ2h0PSIxIiB4bWxucz0iaHR0cDovL3d3dy53My5vcmcvMjAwMC9zdmciPjwvc3ZnPg==\" style=\"--smush-placeholder-width: 499px; --smush-placeholder-aspect-ratio: 499\/340;\" \/><\/a><figcaption class=\"wp-element-caption\">Pseudagrion spernatum femelle, Ethiopie, Yirgalem, 31\/10\/2018<\/figcaption><\/figure>\n\n\n\n<p style=\"font-size:12px\">1 &#8211; Odonata collected by the expeditions of the accademia nazionale dei Lincei, Carlo Consiglio.<br>2 &#8211;  Pseudagrion spinithoracicum spec. nov., nouveau Coenagrionidae de la for\u00eat gabonaise (Zygoptera),  Odonalologica 10 (3): 231-235.  <\/p>\n\n\n\n\n\n<p class=\"has-background\" style=\"background-color:#e1df8f;font-size:14px\">Cet article fait partie des odonates observ\u00e9s en \u00c9thiopie, pour revenir \u00e0 la page des Odonates d&rsquo;\u00c9thiopie cliquer\u00a0<strong><a href=\"https:\/\/www.meslibellules.fr\/blog\/odonates-dethiopie-ethiopian-odonates\/\">ici<\/a>.<\/strong><\/p>\n","protected":false},"excerpt":{"rendered":"<p>Cette femelle Pseudagrion spernatum appartient au groupe A des Pseudagrion et je n&rsquo;ai pas rencontr\u00e9 le m\u00e2le. Mais, pour une fois, elle a \u00e9t\u00e9 facile \u00e0 identifier en raison du motif bleu particulier qu&rsquo;elle porte sur les derniers segments, en particulier celui du S8 qui semble n&rsquo;appartenir qu&rsquo;\u00e0 elle. Le m\u00e2le pr\u00e9sente aussi ces marques [&hellip;]<\/p>\n","protected":false},"author":1,"featured_media":0,"comment_status":"open","ping_status":"open","sticky":false,"template":"","format":"image","meta":{"site-sidebar-layout":"default","site-content-layout":"","ast-site-content-layout":"default","site-content-style":"default","site-sidebar-style":"default","ast-global-header-display":"","ast-banner-title-visibility":"","ast-main-header-display":"","ast-hfb-above-header-display":"","ast-hfb-below-header-display":"","ast-hfb-mobile-header-display":"","site-post-title":"","ast-breadcrumbs-content":"","ast-featured-img":"","footer-sml-layout":"","ast-disable-related-posts":"","theme-transparent-header-meta":"","adv-header-id-meta":"","stick-header-meta":"","header-above-stick-meta":"","header-main-stick-meta":"","header-below-stick-meta":"","astra-migrate-meta-layouts":"default","ast-page-background-enabled":"default","ast-page-background-meta":{"desktop":{"background-color":"var(--ast-global-color-4)","background-image":"","background-repeat":"repeat","background-position":"center center","background-size":"auto","background-attachment":"scroll","background-type":"","background-media":"","overlay-type":"","overlay-color":"","overlay-opacity":"","overlay-gradient":""},"tablet":{"background-color":"","background-image":"","background-repeat":"repeat","background-position":"center center","background-size":"auto","background-attachment":"scroll","background-type":"","background-media":"","overlay-type":"","overlay-color":"","overlay-opacity":"","overlay-gradient":""},"mobile":{"background-color":"","background-image":"","background-repeat":"repeat","background-position":"center center","background-size":"auto","background-attachment":"scroll","background-type":"","background-media":"","overlay-type":"","overlay-color":"","overlay-opacity":"","overlay-gradient":""}},"ast-content-background-meta":{"desktop":{"background-color":"var(--ast-global-color-5)","background-image":"","background-repeat":"repeat","background-position":"center center","background-size":"auto","background-attachment":"scroll","background-type":"","background-media":"","overlay-type":"","overlay-color":"","overlay-opacity":"","overlay-gradient":""},"tablet":{"background-color":"var(--ast-global-color-5)","background-image":"","background-repeat":"repeat","background-position":"center center","background-size":"auto","background-attachment":"scroll","background-type":"","background-media":"","overlay-type":"","overlay-color":"","overlay-opacity":"","overlay-gradient":""},"mobile":{"background-color":"var(--ast-global-color-5)","background-image":"","background-repeat":"repeat","background-position":"center center","background-size":"auto","background-attachment":"scroll","background-type":"","background-media":"","overlay-type":"","overlay-color":"","overlay-opacity":"","overlay-gradient":""}},"footnotes":""},"categories":[121,67],"tags":[148,147,149],"class_list":["post-3775","post","type-post","status-publish","format-image","hentry","category-coenagrionidae-ethiopie","category-ethiopie","tag-epines-pronotum","tag-pseudagrion-spernatum","tag-stylets-pronotum","post_format-post-format-image"],"yoast_head":"<!-- This site is optimized with the Yoast SEO plugin v27.4 - https:\/\/yoast.com\/product\/yoast-seo-wordpress\/ -->\n<title>Pseudagrion spernatum - Mes Libellules<\/title>\n<meta name=\"description\" content=\"Pseudagrion spernatum femelle, description, identification, taille, habitat, distribution g\u00e9ographique, \u00e9pines du pronotum\" \/>\n<meta name=\"robots\" content=\"index, follow, max-snippet:-1, max-image-preview:large, max-video-preview:-1\" \/>\n<link rel=\"canonical\" href=\"https:\/\/www.meslibellules.fr\/blog\/2019\/09\/03\/pseudagrion-spernatum\/\" \/>\n<meta property=\"og:locale\" content=\"fr_FR\" \/>\n<meta property=\"og:type\" content=\"article\" \/>\n<meta property=\"og:title\" content=\"Pseudagrion spernatum - Mes Libellules\" \/>\n<meta property=\"og:description\" content=\"Pseudagrion spernatum femelle, description, identification, taille, habitat, distribution g\u00e9ographique, \u00e9pines du pronotum\" \/>\n<meta property=\"og:url\" content=\"https:\/\/www.meslibellules.fr\/blog\/2019\/09\/03\/pseudagrion-spernatum\/\" \/>\n<meta property=\"og:site_name\" content=\"Mes Libellules\" \/>\n<meta property=\"article:publisher\" content=\"https:\/\/www.facebook.com\/benoit.guillon.96\/\" \/>\n<meta property=\"article:author\" content=\"https:\/\/www.facebook.com\/benoit.guillon.96\/\" \/>\n<meta property=\"article:published_time\" content=\"2019-09-03T05:38:10+00:00\" \/>\n<meta property=\"article:modified_time\" content=\"2023-07-08T08:17:55+00:00\" \/>\n<meta property=\"og:image\" content=\"http:\/\/www.meslibellules.fr\/blog\/wp-content\/uploads\/pseudagrion-spernatum-femelle.jpg\" \/>\n<meta name=\"author\" content=\"Beno\u00eet Guillon\" \/>\n<meta name=\"twitter:card\" content=\"summary_large_image\" \/>\n<meta name=\"twitter:label1\" content=\"\u00c9crit par\" \/>\n\t<meta name=\"twitter:data1\" content=\"Beno\u00eet Guillon\" \/>\n\t<meta name=\"twitter:label2\" content=\"Dur\u00e9e de lecture estim\u00e9e\" \/>\n\t<meta name=\"twitter:data2\" content=\"3 minutes\" \/>\n<script type=\"application\/ld+json\" class=\"yoast-schema-graph\">{\"@context\":\"https:\\\/\\\/schema.org\",\"@graph\":[{\"@type\":\"Article\",\"@id\":\"https:\\\/\\\/www.meslibellules.fr\\\/blog\\\/2019\\\/09\\\/03\\\/pseudagrion-spernatum\\\/#article\",\"isPartOf\":{\"@id\":\"https:\\\/\\\/www.meslibellules.fr\\\/blog\\\/2019\\\/09\\\/03\\\/pseudagrion-spernatum\\\/\"},\"author\":{\"name\":\"Beno\u00eet Guillon\",\"@id\":\"https:\\\/\\\/www.meslibellules.fr\\\/blog\\\/#\\\/schema\\\/person\\\/9aa3586f9dd053fcf329f43b8b053c77\"},\"headline\":\"\u00c9thiopie &#8211; Pseudagrion spernatum (Selys, 1891)\",\"datePublished\":\"2019-09-03T05:38:10+00:00\",\"dateModified\":\"2023-07-08T08:17:55+00:00\",\"mainEntityOfPage\":{\"@id\":\"https:\\\/\\\/www.meslibellules.fr\\\/blog\\\/2019\\\/09\\\/03\\\/pseudagrion-spernatum\\\/\"},\"wordCount\":364,\"commentCount\":0,\"publisher\":{\"@id\":\"https:\\\/\\\/www.meslibellules.fr\\\/blog\\\/#\\\/schema\\\/person\\\/9aa3586f9dd053fcf329f43b8b053c77\"},\"image\":{\"@id\":\"https:\\\/\\\/www.meslibellules.fr\\\/blog\\\/2019\\\/09\\\/03\\\/pseudagrion-spernatum\\\/#primaryimage\"},\"thumbnailUrl\":\"http:\\\/\\\/www.meslibellules.fr\\\/blog\\\/wp-content\\\/uploads\\\/pseudagrion-spernatum-femelle.jpg\",\"keywords\":[\"Epines pronotum\",\"Pseudagrion spernatum\",\"stylets pronotum\"],\"articleSection\":[\"Coenagrionidae\",\"Ethiopie\"],\"inLanguage\":\"fr-FR\",\"potentialAction\":[{\"@type\":\"CommentAction\",\"name\":\"Comment\",\"target\":[\"https:\\\/\\\/www.meslibellules.fr\\\/blog\\\/2019\\\/09\\\/03\\\/pseudagrion-spernatum\\\/#respond\"]}]},{\"@type\":\"WebPage\",\"@id\":\"https:\\\/\\\/www.meslibellules.fr\\\/blog\\\/2019\\\/09\\\/03\\\/pseudagrion-spernatum\\\/\",\"url\":\"https:\\\/\\\/www.meslibellules.fr\\\/blog\\\/2019\\\/09\\\/03\\\/pseudagrion-spernatum\\\/\",\"name\":\"Pseudagrion spernatum - Mes Libellules\",\"isPartOf\":{\"@id\":\"https:\\\/\\\/www.meslibellules.fr\\\/blog\\\/#website\"},\"primaryImageOfPage\":{\"@id\":\"https:\\\/\\\/www.meslibellules.fr\\\/blog\\\/2019\\\/09\\\/03\\\/pseudagrion-spernatum\\\/#primaryimage\"},\"image\":{\"@id\":\"https:\\\/\\\/www.meslibellules.fr\\\/blog\\\/2019\\\/09\\\/03\\\/pseudagrion-spernatum\\\/#primaryimage\"},\"thumbnailUrl\":\"http:\\\/\\\/www.meslibellules.fr\\\/blog\\\/wp-content\\\/uploads\\\/pseudagrion-spernatum-femelle.jpg\",\"datePublished\":\"2019-09-03T05:38:10+00:00\",\"dateModified\":\"2023-07-08T08:17:55+00:00\",\"description\":\"Pseudagrion spernatum femelle, description, identification, taille, habitat, distribution g\u00e9ographique, \u00e9pines du pronotum\",\"breadcrumb\":{\"@id\":\"https:\\\/\\\/www.meslibellules.fr\\\/blog\\\/2019\\\/09\\\/03\\\/pseudagrion-spernatum\\\/#breadcrumb\"},\"inLanguage\":\"fr-FR\",\"potentialAction\":[{\"@type\":\"ReadAction\",\"target\":[\"https:\\\/\\\/www.meslibellules.fr\\\/blog\\\/2019\\\/09\\\/03\\\/pseudagrion-spernatum\\\/\"]}]},{\"@type\":\"ImageObject\",\"inLanguage\":\"fr-FR\",\"@id\":\"https:\\\/\\\/www.meslibellules.fr\\\/blog\\\/2019\\\/09\\\/03\\\/pseudagrion-spernatum\\\/#primaryimage\",\"url\":\"http:\\\/\\\/www.meslibellules.fr\\\/blog\\\/wp-content\\\/uploads\\\/pseudagrion-spernatum-femelle.jpg\",\"contentUrl\":\"http:\\\/\\\/www.meslibellules.fr\\\/blog\\\/wp-content\\\/uploads\\\/pseudagrion-spernatum-femelle.jpg\"},{\"@type\":\"BreadcrumbList\",\"@id\":\"https:\\\/\\\/www.meslibellules.fr\\\/blog\\\/2019\\\/09\\\/03\\\/pseudagrion-spernatum\\\/#breadcrumb\",\"itemListElement\":[{\"@type\":\"ListItem\",\"position\":1,\"name\":\"Accueil\",\"item\":\"https:\\\/\\\/www.meslibellules.fr\\\/blog\\\/\"},{\"@type\":\"ListItem\",\"position\":2,\"name\":\"\u00c9thiopie &#8211; Pseudagrion spernatum (Selys, 1891)\"}]},{\"@type\":\"WebSite\",\"@id\":\"https:\\\/\\\/www.meslibellules.fr\\\/blog\\\/#website\",\"url\":\"https:\\\/\\\/www.meslibellules.fr\\\/blog\\\/\",\"name\":\"Mes Libellules\",\"description\":\"Pr\u00e9sentation des libellules rencontr\u00e9es dans le monde\",\"publisher\":{\"@id\":\"https:\\\/\\\/www.meslibellules.fr\\\/blog\\\/#\\\/schema\\\/person\\\/9aa3586f9dd053fcf329f43b8b053c77\"},\"potentialAction\":[{\"@type\":\"SearchAction\",\"target\":{\"@type\":\"EntryPoint\",\"urlTemplate\":\"https:\\\/\\\/www.meslibellules.fr\\\/blog\\\/?s={search_term_string}\"},\"query-input\":{\"@type\":\"PropertyValueSpecification\",\"valueRequired\":true,\"valueName\":\"search_term_string\"}}],\"inLanguage\":\"fr-FR\"},{\"@type\":[\"Person\",\"Organization\"],\"@id\":\"https:\\\/\\\/www.meslibellules.fr\\\/blog\\\/#\\\/schema\\\/person\\\/9aa3586f9dd053fcf329f43b8b053c77\",\"name\":\"Beno\u00eet Guillon\",\"image\":{\"@type\":\"ImageObject\",\"inLanguage\":\"fr-FR\",\"@id\":\"https:\\\/\\\/www.meslibellules.fr\\\/blog\\\/wp-content\\\/uploads\\\/cropped-avatar-150-pix.jpg\",\"url\":\"https:\\\/\\\/www.meslibellules.fr\\\/blog\\\/wp-content\\\/uploads\\\/cropped-avatar-150-pix.jpg\",\"contentUrl\":\"https:\\\/\\\/www.meslibellules.fr\\\/blog\\\/wp-content\\\/uploads\\\/cropped-avatar-150-pix.jpg\",\"width\":150,\"height\":137,\"caption\":\"Beno\u00eet Guillon\"},\"logo\":{\"@id\":\"https:\\\/\\\/www.meslibellules.fr\\\/blog\\\/wp-content\\\/uploads\\\/cropped-avatar-150-pix.jpg\"},\"sameAs\":[\"https:\\\/\\\/www.facebook.com\\\/benoit.guillon.96\\\/\"]}]}<\/script>\n<!-- \/ Yoast SEO plugin. -->","yoast_head_json":{"title":"Pseudagrion spernatum - Mes Libellules","description":"Pseudagrion spernatum femelle, description, identification, taille, habitat, distribution g\u00e9ographique, \u00e9pines du pronotum","robots":{"index":"index","follow":"follow","max-snippet":"max-snippet:-1","max-image-preview":"max-image-preview:large","max-video-preview":"max-video-preview:-1"},"canonical":"https:\/\/www.meslibellules.fr\/blog\/2019\/09\/03\/pseudagrion-spernatum\/","og_locale":"fr_FR","og_type":"article","og_title":"Pseudagrion spernatum - Mes Libellules","og_description":"Pseudagrion spernatum femelle, description, identification, taille, habitat, distribution g\u00e9ographique, \u00e9pines du pronotum","og_url":"https:\/\/www.meslibellules.fr\/blog\/2019\/09\/03\/pseudagrion-spernatum\/","og_site_name":"Mes Libellules","article_publisher":"https:\/\/www.facebook.com\/benoit.guillon.96\/","article_author":"https:\/\/www.facebook.com\/benoit.guillon.96\/","article_published_time":"2019-09-03T05:38:10+00:00","article_modified_time":"2023-07-08T08:17:55+00:00","og_image":[{"url":"http:\/\/www.meslibellules.fr\/blog\/wp-content\/uploads\/pseudagrion-spernatum-femelle.jpg","type":"","width":"","height":""}],"author":"Beno\u00eet Guillon","twitter_card":"summary_large_image","twitter_misc":{"\u00c9crit par":"Beno\u00eet Guillon","Dur\u00e9e de lecture estim\u00e9e":"3 minutes"},"schema":{"@context":"https:\/\/schema.org","@graph":[{"@type":"Article","@id":"https:\/\/www.meslibellules.fr\/blog\/2019\/09\/03\/pseudagrion-spernatum\/#article","isPartOf":{"@id":"https:\/\/www.meslibellules.fr\/blog\/2019\/09\/03\/pseudagrion-spernatum\/"},"author":{"name":"Beno\u00eet Guillon","@id":"https:\/\/www.meslibellules.fr\/blog\/#\/schema\/person\/9aa3586f9dd053fcf329f43b8b053c77"},"headline":"\u00c9thiopie &#8211; Pseudagrion spernatum (Selys, 1891)","datePublished":"2019-09-03T05:38:10+00:00","dateModified":"2023-07-08T08:17:55+00:00","mainEntityOfPage":{"@id":"https:\/\/www.meslibellules.fr\/blog\/2019\/09\/03\/pseudagrion-spernatum\/"},"wordCount":364,"commentCount":0,"publisher":{"@id":"https:\/\/www.meslibellules.fr\/blog\/#\/schema\/person\/9aa3586f9dd053fcf329f43b8b053c77"},"image":{"@id":"https:\/\/www.meslibellules.fr\/blog\/2019\/09\/03\/pseudagrion-spernatum\/#primaryimage"},"thumbnailUrl":"http:\/\/www.meslibellules.fr\/blog\/wp-content\/uploads\/pseudagrion-spernatum-femelle.jpg","keywords":["Epines pronotum","Pseudagrion spernatum","stylets pronotum"],"articleSection":["Coenagrionidae","Ethiopie"],"inLanguage":"fr-FR","potentialAction":[{"@type":"CommentAction","name":"Comment","target":["https:\/\/www.meslibellules.fr\/blog\/2019\/09\/03\/pseudagrion-spernatum\/#respond"]}]},{"@type":"WebPage","@id":"https:\/\/www.meslibellules.fr\/blog\/2019\/09\/03\/pseudagrion-spernatum\/","url":"https:\/\/www.meslibellules.fr\/blog\/2019\/09\/03\/pseudagrion-spernatum\/","name":"Pseudagrion spernatum - Mes Libellules","isPartOf":{"@id":"https:\/\/www.meslibellules.fr\/blog\/#website"},"primaryImageOfPage":{"@id":"https:\/\/www.meslibellules.fr\/blog\/2019\/09\/03\/pseudagrion-spernatum\/#primaryimage"},"image":{"@id":"https:\/\/www.meslibellules.fr\/blog\/2019\/09\/03\/pseudagrion-spernatum\/#primaryimage"},"thumbnailUrl":"http:\/\/www.meslibellules.fr\/blog\/wp-content\/uploads\/pseudagrion-spernatum-femelle.jpg","datePublished":"2019-09-03T05:38:10+00:00","dateModified":"2023-07-08T08:17:55+00:00","description":"Pseudagrion spernatum femelle, description, identification, taille, habitat, distribution g\u00e9ographique, \u00e9pines du pronotum","breadcrumb":{"@id":"https:\/\/www.meslibellules.fr\/blog\/2019\/09\/03\/pseudagrion-spernatum\/#breadcrumb"},"inLanguage":"fr-FR","potentialAction":[{"@type":"ReadAction","target":["https:\/\/www.meslibellules.fr\/blog\/2019\/09\/03\/pseudagrion-spernatum\/"]}]},{"@type":"ImageObject","inLanguage":"fr-FR","@id":"https:\/\/www.meslibellules.fr\/blog\/2019\/09\/03\/pseudagrion-spernatum\/#primaryimage","url":"http:\/\/www.meslibellules.fr\/blog\/wp-content\/uploads\/pseudagrion-spernatum-femelle.jpg","contentUrl":"http:\/\/www.meslibellules.fr\/blog\/wp-content\/uploads\/pseudagrion-spernatum-femelle.jpg"},{"@type":"BreadcrumbList","@id":"https:\/\/www.meslibellules.fr\/blog\/2019\/09\/03\/pseudagrion-spernatum\/#breadcrumb","itemListElement":[{"@type":"ListItem","position":1,"name":"Accueil","item":"https:\/\/www.meslibellules.fr\/blog\/"},{"@type":"ListItem","position":2,"name":"\u00c9thiopie &#8211; Pseudagrion spernatum (Selys, 1891)"}]},{"@type":"WebSite","@id":"https:\/\/www.meslibellules.fr\/blog\/#website","url":"https:\/\/www.meslibellules.fr\/blog\/","name":"Mes Libellules","description":"Pr\u00e9sentation des libellules rencontr\u00e9es dans le monde","publisher":{"@id":"https:\/\/www.meslibellules.fr\/blog\/#\/schema\/person\/9aa3586f9dd053fcf329f43b8b053c77"},"potentialAction":[{"@type":"SearchAction","target":{"@type":"EntryPoint","urlTemplate":"https:\/\/www.meslibellules.fr\/blog\/?s={search_term_string}"},"query-input":{"@type":"PropertyValueSpecification","valueRequired":true,"valueName":"search_term_string"}}],"inLanguage":"fr-FR"},{"@type":["Person","Organization"],"@id":"https:\/\/www.meslibellules.fr\/blog\/#\/schema\/person\/9aa3586f9dd053fcf329f43b8b053c77","name":"Beno\u00eet Guillon","image":{"@type":"ImageObject","inLanguage":"fr-FR","@id":"https:\/\/www.meslibellules.fr\/blog\/wp-content\/uploads\/cropped-avatar-150-pix.jpg","url":"https:\/\/www.meslibellules.fr\/blog\/wp-content\/uploads\/cropped-avatar-150-pix.jpg","contentUrl":"https:\/\/www.meslibellules.fr\/blog\/wp-content\/uploads\/cropped-avatar-150-pix.jpg","width":150,"height":137,"caption":"Beno\u00eet Guillon"},"logo":{"@id":"https:\/\/www.meslibellules.fr\/blog\/wp-content\/uploads\/cropped-avatar-150-pix.jpg"},"sameAs":["https:\/\/www.facebook.com\/benoit.guillon.96\/"]}]}},"_links":{"self":[{"href":"https:\/\/www.meslibellules.fr\/blog\/wp-json\/wp\/v2\/posts\/3775","targetHints":{"allow":["GET"]}}],"collection":[{"href":"https:\/\/www.meslibellules.fr\/blog\/wp-json\/wp\/v2\/posts"}],"about":[{"href":"https:\/\/www.meslibellules.fr\/blog\/wp-json\/wp\/v2\/types\/post"}],"author":[{"embeddable":true,"href":"https:\/\/www.meslibellules.fr\/blog\/wp-json\/wp\/v2\/users\/1"}],"replies":[{"embeddable":true,"href":"https:\/\/www.meslibellules.fr\/blog\/wp-json\/wp\/v2\/comments?post=3775"}],"version-history":[{"count":0,"href":"https:\/\/www.meslibellules.fr\/blog\/wp-json\/wp\/v2\/posts\/3775\/revisions"}],"wp:attachment":[{"href":"https:\/\/www.meslibellules.fr\/blog\/wp-json\/wp\/v2\/media?parent=3775"}],"wp:term":[{"taxonomy":"category","embeddable":true,"href":"https:\/\/www.meslibellules.fr\/blog\/wp-json\/wp\/v2\/categories?post=3775"},{"taxonomy":"post_tag","embeddable":true,"href":"https:\/\/www.meslibellules.fr\/blog\/wp-json\/wp\/v2\/tags?post=3775"}],"curies":[{"name":"wp","href":"https:\/\/api.w.org\/{rel}","templated":true}]}}