{"id":3957,"date":"2019-10-02T09:11:02","date_gmt":"2019-10-02T07:11:02","guid":{"rendered":"http:\/\/www.meslibellules.fr\/blog\/?p=3957"},"modified":"2023-01-12T21:15:36","modified_gmt":"2023-01-12T20:15:36","slug":"ethiopie-trithemis-dejouxi-pinhey-1978","status":"publish","type":"post","link":"https:\/\/www.meslibellules.fr\/blog\/2019\/10\/02\/ethiopie-trithemis-dejouxi-pinhey-1978\/","title":{"rendered":"Ethiopie &#8211; Trithemis dejouxi (Pinhey, 1978)"},"content":{"rendered":"\n<figure class=\"wp-block-image aligncenter is-resized\"><a href=\"https:\/\/www.meslibellules.fr\/blog\/wp-content\/uploads\/trithemis-dejouxi-male-2.jpg\"><img decoding=\"async\" data-src=\"https:\/\/www.meslibellules.fr\/blog\/wp-content\/uploads\/trithemis-dejouxi-male-2.jpg\" alt=\"Trithemis dejouxi m\u00e2le, Ethiopie, Olo Toula, 26\/10\/2018\" class=\"wp-image-3954 lazyload\" width=\"535\" height=\"322\" data-srcset=\"https:\/\/www.meslibellules.fr\/blog\/wp-content\/uploads\/\/trithemis-dejouxi-male-2.jpg 1665w, https:\/\/www.meslibellules.fr\/blog\/wp-content\/uploads\/\/trithemis-dejouxi-male-2-768x463.jpg 768w, https:\/\/www.meslibellules.fr\/blog\/wp-content\/uploads\/\/trithemis-dejouxi-male-2-1200x724.jpg 1200w\" data-sizes=\"(max-width: 535px) 100vw, 535px\" src=\"data:image\/svg+xml;base64,PHN2ZyB3aWR0aD0iMSIgaGVpZ2h0PSIxIiB4bWxucz0iaHR0cDovL3d3dy53My5vcmcvMjAwMC9zdmciPjwvc3ZnPg==\" style=\"--smush-placeholder-width: 535px; --smush-placeholder-aspect-ratio: 535\/322;\" \/><\/a><figcaption class=\"wp-element-caption\">Trithemis dejouxi m\u00e2le, Ethiopie, Olo Toula, 26\/10\/2018<\/figcaption><\/figure>\n\n\n\n<p style=\"font-size:15px\">C&rsquo;est en visitant un village Mursi dans la Tarma Wild life reserve, dans une r\u00e9gion semi d\u00e9sertique, que j&rsquo;ai eu la surprise de trouver 3 Trithemis dejouxi (Stonewash Dropwing) post\u00e9s sur les rameaux les plus hauts de la cl\u00f4ture qui encerclait le hameau de huttes.<br>Il fait partie des 8 Trithemis \u00e9thiopiens et est tr\u00e8s proche de Trithemis donaldsoni dont il se distingue par (1) :<br>&#8211; une tr\u00e8s l\u00e9g\u00e8re et diffuse teinte ambr\u00e9e sur les ailes (plus visible sur la 4\u00b0 photo)<br>&#8211; un labrum marqu\u00e9 de noir alors que celui de T. donaldsoni est clair<br>&#8211; ses marques jaunes sur l&rsquo;abdomen<br>&#8211; les <a aria-label=\"hamuli (s\u2019ouvre dans un nouvel onglet)\" href=\"http:\/\/www.meslibellules.fr\/pagesweb\/divers\/glossaire.php\" target=\"_blank\" rel=\"noreferrer noopener\">hamuli<\/a> (bien visible sur la 4\u00b0 photo) plus fortement courb\u00e9s et la lamina plus nettement bifide<br>&#8211; l&rsquo;absence de marques blanches sous l&rsquo;abdomen<br>&#8211; sa pruinosit\u00e9 est bleue plus fonc\u00e9 que celle de T. donaldsoni<\/p>\n\n\n\n<figure class=\"wp-block-image aligncenter is-resized\"><a href=\"https:\/\/www.meslibellules.fr\/blog\/wp-content\/uploads\/trithemis-dejouxi-male-4.jpg\"><img decoding=\"async\" data-src=\"https:\/\/www.meslibellules.fr\/blog\/wp-content\/uploads\/trithemis-dejouxi-male-4.jpg\" alt=\"Trithemis dejouxi m\u00e2le, Ethiopie, Olo Toula, 26\/10\/2018\" class=\"wp-image-3956 lazyload\" width=\"535\" height=\"349\" data-srcset=\"https:\/\/www.meslibellules.fr\/blog\/wp-content\/uploads\/\/trithemis-dejouxi-male-4.jpg 1534w, https:\/\/www.meslibellules.fr\/blog\/wp-content\/uploads\/\/trithemis-dejouxi-male-4-768x503.jpg 768w, https:\/\/www.meslibellules.fr\/blog\/wp-content\/uploads\/\/trithemis-dejouxi-male-4-1200x785.jpg 1200w\" data-sizes=\"(max-width: 535px) 100vw, 535px\" src=\"data:image\/svg+xml;base64,PHN2ZyB3aWR0aD0iMSIgaGVpZ2h0PSIxIiB4bWxucz0iaHR0cDovL3d3dy53My5vcmcvMjAwMC9zdmciPjwvc3ZnPg==\" style=\"--smush-placeholder-width: 535px; --smush-placeholder-aspect-ratio: 535\/349;\" \/><\/a><figcaption class=\"wp-element-caption\">Trithemis dejouxi m\u00e2le, Ethiopie, Olo Toula, 26\/10\/2018<\/figcaption><\/figure>\n\n\n\n<p style=\"font-size:15px\">Il est tellement proche de T. donaldsi qu&rsquo;il a d&rsquo;abord \u00e9t\u00e9 consid\u00e9r\u00e9 comme une sous esp\u00e8ce et ce n&rsquo;est qu&rsquo;en 2001 que O&rsquo;Neill &amp; Paulson ont trouv\u00e9 suffisamment de diff\u00e9rences pour en faire une esp\u00e8ce \u00e0 part enti\u00e8re.<\/p>\n\n\n\n<figure class=\"wp-block-gallery has-nested-images columns-default is-cropped wp-block-gallery-1 is-layout-flex wp-block-gallery-is-layout-flex\">\n<figure class=\"wp-block-image\"><a href=\"https:\/\/www.meslibellules.fr\/blog\/wp-content\/uploads\/trithemis-dejouxi-male-3.jpg\"><img decoding=\"async\" width=\"1772\" height=\"1204\" data-id=\"3955\" data-src=\"https:\/\/www.meslibellules.fr\/blog\/wp-content\/uploads\/trithemis-dejouxi-male-3.jpg\" alt=\"Trithemis dejouxi m\u00e2le, Ethiopie, Olo Toula, 26\/10\/2018\" class=\"wp-image-3955 lazyload\" data-srcset=\"https:\/\/www.meslibellules.fr\/blog\/wp-content\/uploads\/\/trithemis-dejouxi-male-3.jpg 1772w, https:\/\/www.meslibellules.fr\/blog\/wp-content\/uploads\/\/trithemis-dejouxi-male-3-768x522.jpg 768w, https:\/\/www.meslibellules.fr\/blog\/wp-content\/uploads\/\/trithemis-dejouxi-male-3-1200x815.jpg 1200w\" data-sizes=\"(max-width: 1772px) 100vw, 1772px\" src=\"data:image\/svg+xml;base64,PHN2ZyB3aWR0aD0iMSIgaGVpZ2h0PSIxIiB4bWxucz0iaHR0cDovL3d3dy53My5vcmcvMjAwMC9zdmciPjwvc3ZnPg==\" style=\"--smush-placeholder-width: 1772px; --smush-placeholder-aspect-ratio: 1772\/1204;\" \/><\/a><\/figure>\n\n\n\n<figure class=\"wp-block-image\"><a href=\"https:\/\/www.meslibellules.fr\/blog\/wp-content\/uploads\/trithemis-dejouxi-male-1.jpg\"><img decoding=\"async\" width=\"2012\" height=\"1204\" data-id=\"3953\" data-src=\"https:\/\/www.meslibellules.fr\/blog\/wp-content\/uploads\/trithemis-dejouxi-male-1.jpg\" alt=\"Trithemis dejouxi m\u00e2le, Ethiopie, Olo Toula, 26\/10\/2018\" class=\"wp-image-3953 lazyload\" data-srcset=\"https:\/\/www.meslibellules.fr\/blog\/wp-content\/uploads\/\/trithemis-dejouxi-male-1.jpg 2012w, https:\/\/www.meslibellules.fr\/blog\/wp-content\/uploads\/\/trithemis-dejouxi-male-1-768x460.jpg 768w, https:\/\/www.meslibellules.fr\/blog\/wp-content\/uploads\/\/trithemis-dejouxi-male-1-1200x718.jpg 1200w\" data-sizes=\"(max-width: 2012px) 100vw, 2012px\" src=\"data:image\/svg+xml;base64,PHN2ZyB3aWR0aD0iMSIgaGVpZ2h0PSIxIiB4bWxucz0iaHR0cDovL3d3dy53My5vcmcvMjAwMC9zdmciPjwvc3ZnPg==\" style=\"--smush-placeholder-width: 2012px; --smush-placeholder-aspect-ratio: 2012\/1204;\" \/><\/a><\/figure>\n<\/figure>\n\n\n\n<p style=\"font-size:15px\">On remarque bien s\u00fbr une petite masse rouge fix\u00e9e \u00e0 l&rsquo;abdomen de ce sujet; c&rsquo;est un parasite, un hydracarien terrestre, qui se nourrit de l&rsquo;h\u00e9molymphe de l&rsquo;odonate, sans doute <a href=\"https:\/\/www.meslibellules.fr\/blog\/wp-content\/uploads\/trithemis-dejouxi-parasite.jpg\">Leptus sp.<\/a> de la famille des Erythraeidae. J&rsquo;ai eu peu l&rsquo;occasion de rencontrer au cours de mes p\u00e9r\u00e9grinations odonatologiques si ce n&rsquo;est sur ce <a rel=\"noreferrer noopener\" aria-label=\"Lestes sponsa (s\u2019ouvre dans un nouvel onglet)\" href=\"https:\/\/www.meslibellules.fr\/blog\/2019\/09\/22\/lestes-sponsa-parasite-par-leptus-killingtoni\/\" target=\"_blank\">Lestes sponsa<\/a> en France ou ce <a rel=\"noreferrer noopener\" aria-label=\"Ceriagrion fallax (s\u2019ouvre dans un nouvel onglet)\" href=\"https:\/\/www.meslibellules.fr\/blog\/2019\/04\/15\/vietnam-2018-ceriagrion-fallax\/\" target=\"_blank\">Ceriagrion fallax<\/a> au Vietnam.<br><br>Il y avait aussi 2 sujets plus jeunes, pas encore couverts de pruine, et dont les marques jaunes \u00e9taient bien visibles.  Ces identifications ont \u00e9t\u00e9 confirm\u00e9es par K.-D. Dijkstra.<\/p>\n\n\n\n<figure class=\"wp-block-image aligncenter is-resized\"><a href=\"https:\/\/www.meslibellules.fr\/blog\/wp-content\/uploads\/trithemis-dejouxi-male-jeune1.jpg\"><img decoding=\"async\" data-src=\"https:\/\/www.meslibellules.fr\/blog\/wp-content\/uploads\/trithemis-dejouxi-male-jeune1.jpg\" alt=\"Trithemis dejouxi m\u00e2le jeune, Ethiopie, Olo Toula, 26\/10\/2018\" class=\"wp-image-3968 lazyload\" width=\"446\" height=\"323\" data-srcset=\"https:\/\/www.meslibellules.fr\/blog\/wp-content\/uploads\/\/trithemis-dejouxi-male-jeune1.jpg 1659w, https:\/\/www.meslibellules.fr\/blog\/wp-content\/uploads\/\/trithemis-dejouxi-male-jeune1-768x557.jpg 768w, https:\/\/www.meslibellules.fr\/blog\/wp-content\/uploads\/\/trithemis-dejouxi-male-jeune1-1200x871.jpg 1200w\" data-sizes=\"(max-width: 446px) 100vw, 446px\" src=\"data:image\/svg+xml;base64,PHN2ZyB3aWR0aD0iMSIgaGVpZ2h0PSIxIiB4bWxucz0iaHR0cDovL3d3dy53My5vcmcvMjAwMC9zdmciPjwvc3ZnPg==\" style=\"--smush-placeholder-width: 446px; --smush-placeholder-aspect-ratio: 446\/323;\" \/><\/a><figcaption class=\"wp-element-caption\">Trithemis dejouxi m\u00e2le jeune, Ethiopie, Olo Toula, 26\/10\/2018<\/figcaption><\/figure>\n\n\n\n<p style=\"font-size:15px\">Ils ont un aspect tellement diff\u00e9rent de leurs a\u00een\u00e9s que j&rsquo;ai bien s\u00fbr pens\u00e9 avoir affaire \u00e0 une autre esp\u00e8ce.<\/p>\n\n\n\n<figure class=\"wp-block-image aligncenter is-resized\"><a href=\"https:\/\/www.meslibellules.fr\/blog\/wp-content\/uploads\/trithemis-dejouxi-male-jeune2.jpg\"><img decoding=\"async\" data-src=\"https:\/\/www.meslibellules.fr\/blog\/wp-content\/uploads\/trithemis-dejouxi-male-jeune2.jpg\" alt=\"Stonewash Dropwing m\u00e2le jeune, Ethiopie, Olo Toula, 26\/10\/2018\" class=\"wp-image-3969 lazyload\" width=\"446\" height=\"528\" src=\"data:image\/svg+xml;base64,PHN2ZyB3aWR0aD0iMSIgaGVpZ2h0PSIxIiB4bWxucz0iaHR0cDovL3d3dy53My5vcmcvMjAwMC9zdmciPjwvc3ZnPg==\" style=\"--smush-placeholder-width: 446px; --smush-placeholder-aspect-ratio: 446\/528;\" \/><\/a><figcaption class=\"wp-element-caption\">Trithemis dejouxi m\u00e2le jeune, Ethiopie, Olo Toula, 26\/10\/2018<\/figcaption><\/figure>\n\n\n\n<p style=\"font-size:15px\">250 km plus au nord, de bon matin sur la rive du lac Langano, je suis arriv\u00e9 un tout petit peu trop tard  (7 heures 20) pour assister aux \u00e9mergences de ce m\u00e2le et de cette femelle. On remarque d&rsquo;ailleurs que le m\u00e2le est encore sur le rameau qui a servi de support \u00e0 la larve, l&rsquo;exuvie pr\u00e9sente en t\u00e9moigne. La femelle quand \u00e0 elle avait d\u00e9j\u00e0 r\u00e9alis\u00e9 son vol inaugural et se trouvait \u00e0 quelques m\u00e8tres de la rive, dans des arbustes \u00e0 2 m\u00e8tres du sol. <\/p>\n\n\n\n<figure class=\"wp-block-image aligncenter is-resized\"><a href=\"https:\/\/www.meslibellules.fr\/blog\/wp-content\/uploads\/trithemis-dejouxi-male-emergent.jpg\"><img decoding=\"async\" data-src=\"https:\/\/www.meslibellules.fr\/blog\/wp-content\/uploads\/trithemis-dejouxi-male-emergent.jpg\" alt=\"Trithemis dejouxi m\u00e2le \u00e9mergent, Ethiopie, lac Langano, 01\/11\/2018\" class=\"wp-image-3974 lazyload\" width=\"450\" height=\"312\" data-srcset=\"https:\/\/www.meslibellules.fr\/blog\/wp-content\/uploads\/\/trithemis-dejouxi-male-emergent.jpg 1739w, https:\/\/www.meslibellules.fr\/blog\/wp-content\/uploads\/\/trithemis-dejouxi-male-emergent-768x532.jpg 768w, https:\/\/www.meslibellules.fr\/blog\/wp-content\/uploads\/\/trithemis-dejouxi-male-emergent-1200x831.jpg 1200w\" data-sizes=\"(max-width: 450px) 100vw, 450px\" src=\"data:image\/svg+xml;base64,PHN2ZyB3aWR0aD0iMSIgaGVpZ2h0PSIxIiB4bWxucz0iaHR0cDovL3d3dy53My5vcmcvMjAwMC9zdmciPjwvc3ZnPg==\" style=\"--smush-placeholder-width: 450px; --smush-placeholder-aspect-ratio: 450\/312;\" \/><\/a><figcaption class=\"wp-element-caption\">Trithemis dejouxi m\u00e2le \u00e9mergent, Ethiopie, lac Langano, 01\/11\/2018<\/figcaption><\/figure>\n\n\n\n<figure class=\"wp-block-image aligncenter is-resized\"><a href=\"https:\/\/www.meslibellules.fr\/blog\/wp-content\/uploads\/trithemis-dejouxi-femelle-emergente.jpg\"><img decoding=\"async\" data-src=\"https:\/\/www.meslibellules.fr\/blog\/wp-content\/uploads\/trithemis-dejouxi-femelle-emergente.jpg\" alt=\"Stonewash Dropwing femelle \u00e9mergente, Ethiopie, lac Langano, 01\/11\/2018\" class=\"wp-image-3973 lazyload\" width=\"450\" height=\"351\" src=\"data:image\/svg+xml;base64,PHN2ZyB3aWR0aD0iMSIgaGVpZ2h0PSIxIiB4bWxucz0iaHR0cDovL3d3dy53My5vcmcvMjAwMC9zdmciPjwvc3ZnPg==\" style=\"--smush-placeholder-width: 450px; --smush-placeholder-aspect-ratio: 450\/351;\" \/><\/a><figcaption class=\"wp-element-caption\">Trithemis dejouxi femelle \u00e9mergente, Ethiopie, lac Langano, 01\/11\/2018<\/figcaption><\/figure>\n\n\n\n<p style=\"font-size:15px\">Son nom d&rsquo;esp\u00e8ce est un hommage \u00e0 Claude Dejoux, entomologiste fran\u00e7ais sp\u00e9cialiste des hydro-syst\u00e8mes continentaux qui a fournit \u00e0 E. Pinhey des sujets qui ont conduit ce dernier \u00e0 cr\u00e9er la sous-esp\u00e8ce Trithemis donaldsi dejouxi (2).<br><br>Il est sens\u00e9 se trouver sur les rivi\u00e8res plut\u00f4t rapides en milieu ouvert.<br>On le rencontre en Afrique de l&rsquo;Ouest  sur une ligne horizontale de la Guin\u00e9e \u00e0 la r\u00e9publique Centre Afrique, et \u00e0 l&rsquo;Est en Ethiopie, avec sans doute des donn\u00e9es \u00e0 combler dans le hiatus. <\/p>\n\n\n\n\n\n<p class=\"has-small-font-size\">-1-  An annotated list of Odonata collected in Ghana  in 1997, a checklist of Ghana Odonata, and  comments on West African Odonates biodiversity and biogeography, Odonatologica,  March 2001, G. O&rsquo;Neill &amp; D. R. Paulson.<br>-2- Comparative notes on an African species of Trithemis Bauer (Odonata: Libellulidae) and its congener, Arnoldia, vol. 8, 6 f\u00e9vrier 1977.<\/p>\n\n\n\n\n\n<p class=\"has-background\" style=\"background-color:#e1df8f;font-size:14px\">Cet article fait partie des odonates observ\u00e9s en \u00c9thiopie, pour revenir \u00e0 la page des Odonates d&rsquo;\u00c9thiopie cliquer\u00a0<strong><a href=\"https:\/\/www.meslibellules.fr\/blog\/odonates-dethiopie-ethiopian-odonates\/\">ici<\/a>.<\/strong><\/p>\n","protected":false},"excerpt":{"rendered":"<p>C&rsquo;est en visitant un village Mursi dans la Tarma Wild life reserve, dans une r\u00e9gion semi d\u00e9sertique, que j&rsquo;ai eu la surprise de trouver 3 Trithemis dejouxi (Stonewash Dropwing) post\u00e9s sur les rameaux les plus hauts de la cl\u00f4ture qui encerclait le hameau de huttes.Il fait partie des 8 Trithemis \u00e9thiopiens et est tr\u00e8s proche [&hellip;]<\/p>\n","protected":false},"author":1,"featured_media":0,"comment_status":"open","ping_status":"open","sticky":false,"template":"","format":"image","meta":{"site-sidebar-layout":"default","site-content-layout":"","ast-site-content-layout":"default","site-content-style":"default","site-sidebar-style":"default","ast-global-header-display":"","ast-banner-title-visibility":"","ast-main-header-display":"","ast-hfb-above-header-display":"","ast-hfb-below-header-display":"","ast-hfb-mobile-header-display":"","site-post-title":"","ast-breadcrumbs-content":"","ast-featured-img":"","footer-sml-layout":"","ast-disable-related-posts":"","theme-transparent-header-meta":"","adv-header-id-meta":"","stick-header-meta":"","header-above-stick-meta":"","header-main-stick-meta":"","header-below-stick-meta":"","astra-migrate-meta-layouts":"default","ast-page-background-enabled":"default","ast-page-background-meta":{"desktop":{"background-color":"var(--ast-global-color-4)","background-image":"","background-repeat":"repeat","background-position":"center center","background-size":"auto","background-attachment":"scroll","background-type":"","background-media":"","overlay-type":"","overlay-color":"","overlay-opacity":"","overlay-gradient":""},"tablet":{"background-color":"","background-image":"","background-repeat":"repeat","background-position":"center center","background-size":"auto","background-attachment":"scroll","background-type":"","background-media":"","overlay-type":"","overlay-color":"","overlay-opacity":"","overlay-gradient":""},"mobile":{"background-color":"","background-image":"","background-repeat":"repeat","background-position":"center center","background-size":"auto","background-attachment":"scroll","background-type":"","background-media":"","overlay-type":"","overlay-color":"","overlay-opacity":"","overlay-gradient":""}},"ast-content-background-meta":{"desktop":{"background-color":"var(--ast-global-color-5)","background-image":"","background-repeat":"repeat","background-position":"center center","background-size":"auto","background-attachment":"scroll","background-type":"","background-media":"","overlay-type":"","overlay-color":"","overlay-opacity":"","overlay-gradient":""},"tablet":{"background-color":"var(--ast-global-color-5)","background-image":"","background-repeat":"repeat","background-position":"center center","background-size":"auto","background-attachment":"scroll","background-type":"","background-media":"","overlay-type":"","overlay-color":"","overlay-opacity":"","overlay-gradient":""},"mobile":{"background-color":"var(--ast-global-color-5)","background-image":"","background-repeat":"repeat","background-position":"center center","background-size":"auto","background-attachment":"scroll","background-type":"","background-media":"","overlay-type":"","overlay-color":"","overlay-opacity":"","overlay-gradient":""}},"footnotes":""},"categories":[67,68],"tags":[180,182,181],"class_list":["post-3957","post","type-post","status-publish","format-image","hentry","category-ethiopie","category-libellulidae-ethiopie","tag-trithemis-dejouxi","tag-trithemis-dejouxi-ethiopie","tag-trithemis-ethiopie","post_format-post-format-image"],"yoast_head":"<!-- This site is optimized with the Yoast SEO plugin v27.5 - https:\/\/yoast.com\/product\/yoast-seo-wordpress\/ -->\n<title>Trithemis dejouxi - Mes Libellules<\/title>\n<meta name=\"description\" content=\"Trithemis dejouxi en \u00c9thiopie, description, identification, taille, habitat, distribution g\u00e9ographique, \u00e9tymologie\" \/>\n<meta name=\"robots\" content=\"index, follow, max-snippet:-1, max-image-preview:large, max-video-preview:-1\" \/>\n<link rel=\"canonical\" href=\"https:\/\/www.meslibellules.fr\/blog\/2019\/10\/02\/ethiopie-trithemis-dejouxi-pinhey-1978\/\" \/>\n<meta property=\"og:locale\" content=\"fr_FR\" \/>\n<meta property=\"og:type\" content=\"article\" \/>\n<meta property=\"og:title\" content=\"Trithemis dejouxi - Mes Libellules\" \/>\n<meta property=\"og:description\" content=\"Trithemis dejouxi en \u00c9thiopie, description, identification, taille, habitat, distribution g\u00e9ographique, \u00e9tymologie\" \/>\n<meta property=\"og:url\" content=\"https:\/\/www.meslibellules.fr\/blog\/2019\/10\/02\/ethiopie-trithemis-dejouxi-pinhey-1978\/\" \/>\n<meta property=\"og:site_name\" content=\"Mes Libellules\" \/>\n<meta property=\"article:publisher\" content=\"https:\/\/www.facebook.com\/benoit.guillon.96\/\" \/>\n<meta property=\"article:author\" content=\"https:\/\/www.facebook.com\/benoit.guillon.96\/\" \/>\n<meta property=\"article:published_time\" content=\"2019-10-02T07:11:02+00:00\" \/>\n<meta property=\"article:modified_time\" content=\"2023-01-12T20:15:36+00:00\" \/>\n<meta property=\"og:image\" content=\"http:\/\/www.meslibellules.fr\/blog\/wp-content\/uploads\/trithemis-dejouxi-male-2.jpg\" \/>\n<meta name=\"author\" content=\"Beno\u00eet Guillon\" \/>\n<meta name=\"twitter:card\" content=\"summary_large_image\" \/>\n<meta name=\"twitter:label1\" content=\"\u00c9crit par\" \/>\n\t<meta name=\"twitter:data1\" content=\"Beno\u00eet Guillon\" \/>\n\t<meta name=\"twitter:label2\" content=\"Dur\u00e9e de lecture estim\u00e9e\" \/>\n\t<meta name=\"twitter:data2\" content=\"5 minutes\" \/>\n<script type=\"application\/ld+json\" class=\"yoast-schema-graph\">{\"@context\":\"https:\\\/\\\/schema.org\",\"@graph\":[{\"@type\":\"Article\",\"@id\":\"https:\\\/\\\/www.meslibellules.fr\\\/blog\\\/2019\\\/10\\\/02\\\/ethiopie-trithemis-dejouxi-pinhey-1978\\\/#article\",\"isPartOf\":{\"@id\":\"https:\\\/\\\/www.meslibellules.fr\\\/blog\\\/2019\\\/10\\\/02\\\/ethiopie-trithemis-dejouxi-pinhey-1978\\\/\"},\"author\":{\"name\":\"Beno\u00eet Guillon\",\"@id\":\"https:\\\/\\\/www.meslibellules.fr\\\/blog\\\/#\\\/schema\\\/person\\\/9aa3586f9dd053fcf329f43b8b053c77\"},\"headline\":\"Ethiopie &#8211; Trithemis dejouxi (Pinhey, 1978)\",\"datePublished\":\"2019-10-02T07:11:02+00:00\",\"dateModified\":\"2023-01-12T20:15:36+00:00\",\"mainEntityOfPage\":{\"@id\":\"https:\\\/\\\/www.meslibellules.fr\\\/blog\\\/2019\\\/10\\\/02\\\/ethiopie-trithemis-dejouxi-pinhey-1978\\\/\"},\"wordCount\":604,\"commentCount\":0,\"publisher\":{\"@id\":\"https:\\\/\\\/www.meslibellules.fr\\\/blog\\\/#\\\/schema\\\/person\\\/9aa3586f9dd053fcf329f43b8b053c77\"},\"image\":{\"@id\":\"https:\\\/\\\/www.meslibellules.fr\\\/blog\\\/2019\\\/10\\\/02\\\/ethiopie-trithemis-dejouxi-pinhey-1978\\\/#primaryimage\"},\"thumbnailUrl\":\"http:\\\/\\\/www.meslibellules.fr\\\/blog\\\/wp-content\\\/uploads\\\/trithemis-dejouxi-male-2.jpg\",\"keywords\":[\"Trithemis dejouxi\",\"Trithemis dejouxi Ethiopie\",\"Trithemis Ethiopie\"],\"articleSection\":[\"Ethiopie\",\"Libellulidae\"],\"inLanguage\":\"fr-FR\",\"potentialAction\":[{\"@type\":\"CommentAction\",\"name\":\"Comment\",\"target\":[\"https:\\\/\\\/www.meslibellules.fr\\\/blog\\\/2019\\\/10\\\/02\\\/ethiopie-trithemis-dejouxi-pinhey-1978\\\/#respond\"]}]},{\"@type\":\"WebPage\",\"@id\":\"https:\\\/\\\/www.meslibellules.fr\\\/blog\\\/2019\\\/10\\\/02\\\/ethiopie-trithemis-dejouxi-pinhey-1978\\\/\",\"url\":\"https:\\\/\\\/www.meslibellules.fr\\\/blog\\\/2019\\\/10\\\/02\\\/ethiopie-trithemis-dejouxi-pinhey-1978\\\/\",\"name\":\"Trithemis dejouxi - Mes Libellules\",\"isPartOf\":{\"@id\":\"https:\\\/\\\/www.meslibellules.fr\\\/blog\\\/#website\"},\"primaryImageOfPage\":{\"@id\":\"https:\\\/\\\/www.meslibellules.fr\\\/blog\\\/2019\\\/10\\\/02\\\/ethiopie-trithemis-dejouxi-pinhey-1978\\\/#primaryimage\"},\"image\":{\"@id\":\"https:\\\/\\\/www.meslibellules.fr\\\/blog\\\/2019\\\/10\\\/02\\\/ethiopie-trithemis-dejouxi-pinhey-1978\\\/#primaryimage\"},\"thumbnailUrl\":\"http:\\\/\\\/www.meslibellules.fr\\\/blog\\\/wp-content\\\/uploads\\\/trithemis-dejouxi-male-2.jpg\",\"datePublished\":\"2019-10-02T07:11:02+00:00\",\"dateModified\":\"2023-01-12T20:15:36+00:00\",\"description\":\"Trithemis dejouxi en \u00c9thiopie, description, identification, taille, habitat, distribution g\u00e9ographique, \u00e9tymologie\",\"breadcrumb\":{\"@id\":\"https:\\\/\\\/www.meslibellules.fr\\\/blog\\\/2019\\\/10\\\/02\\\/ethiopie-trithemis-dejouxi-pinhey-1978\\\/#breadcrumb\"},\"inLanguage\":\"fr-FR\",\"potentialAction\":[{\"@type\":\"ReadAction\",\"target\":[\"https:\\\/\\\/www.meslibellules.fr\\\/blog\\\/2019\\\/10\\\/02\\\/ethiopie-trithemis-dejouxi-pinhey-1978\\\/\"]}]},{\"@type\":\"ImageObject\",\"inLanguage\":\"fr-FR\",\"@id\":\"https:\\\/\\\/www.meslibellules.fr\\\/blog\\\/2019\\\/10\\\/02\\\/ethiopie-trithemis-dejouxi-pinhey-1978\\\/#primaryimage\",\"url\":\"http:\\\/\\\/www.meslibellules.fr\\\/blog\\\/wp-content\\\/uploads\\\/trithemis-dejouxi-male-2.jpg\",\"contentUrl\":\"http:\\\/\\\/www.meslibellules.fr\\\/blog\\\/wp-content\\\/uploads\\\/trithemis-dejouxi-male-2.jpg\"},{\"@type\":\"BreadcrumbList\",\"@id\":\"https:\\\/\\\/www.meslibellules.fr\\\/blog\\\/2019\\\/10\\\/02\\\/ethiopie-trithemis-dejouxi-pinhey-1978\\\/#breadcrumb\",\"itemListElement\":[{\"@type\":\"ListItem\",\"position\":1,\"name\":\"Accueil\",\"item\":\"https:\\\/\\\/www.meslibellules.fr\\\/blog\\\/\"},{\"@type\":\"ListItem\",\"position\":2,\"name\":\"Ethiopie &#8211; Trithemis dejouxi (Pinhey, 1978)\"}]},{\"@type\":\"WebSite\",\"@id\":\"https:\\\/\\\/www.meslibellules.fr\\\/blog\\\/#website\",\"url\":\"https:\\\/\\\/www.meslibellules.fr\\\/blog\\\/\",\"name\":\"Mes Libellules\",\"description\":\"Pr\u00e9sentation des libellules rencontr\u00e9es dans le monde\",\"publisher\":{\"@id\":\"https:\\\/\\\/www.meslibellules.fr\\\/blog\\\/#\\\/schema\\\/person\\\/9aa3586f9dd053fcf329f43b8b053c77\"},\"potentialAction\":[{\"@type\":\"SearchAction\",\"target\":{\"@type\":\"EntryPoint\",\"urlTemplate\":\"https:\\\/\\\/www.meslibellules.fr\\\/blog\\\/?s={search_term_string}\"},\"query-input\":{\"@type\":\"PropertyValueSpecification\",\"valueRequired\":true,\"valueName\":\"search_term_string\"}}],\"inLanguage\":\"fr-FR\"},{\"@type\":[\"Person\",\"Organization\"],\"@id\":\"https:\\\/\\\/www.meslibellules.fr\\\/blog\\\/#\\\/schema\\\/person\\\/9aa3586f9dd053fcf329f43b8b053c77\",\"name\":\"Beno\u00eet Guillon\",\"image\":{\"@type\":\"ImageObject\",\"inLanguage\":\"fr-FR\",\"@id\":\"https:\\\/\\\/www.meslibellules.fr\\\/blog\\\/wp-content\\\/uploads\\\/cropped-avatar-150-pix.jpg\",\"url\":\"https:\\\/\\\/www.meslibellules.fr\\\/blog\\\/wp-content\\\/uploads\\\/cropped-avatar-150-pix.jpg\",\"contentUrl\":\"https:\\\/\\\/www.meslibellules.fr\\\/blog\\\/wp-content\\\/uploads\\\/cropped-avatar-150-pix.jpg\",\"width\":150,\"height\":137,\"caption\":\"Beno\u00eet Guillon\"},\"logo\":{\"@id\":\"https:\\\/\\\/www.meslibellules.fr\\\/blog\\\/wp-content\\\/uploads\\\/cropped-avatar-150-pix.jpg\"},\"sameAs\":[\"https:\\\/\\\/www.facebook.com\\\/benoit.guillon.96\\\/\"]}]}<\/script>\n<!-- \/ Yoast SEO plugin. -->","yoast_head_json":{"title":"Trithemis dejouxi - Mes Libellules","description":"Trithemis dejouxi en \u00c9thiopie, description, identification, taille, habitat, distribution g\u00e9ographique, \u00e9tymologie","robots":{"index":"index","follow":"follow","max-snippet":"max-snippet:-1","max-image-preview":"max-image-preview:large","max-video-preview":"max-video-preview:-1"},"canonical":"https:\/\/www.meslibellules.fr\/blog\/2019\/10\/02\/ethiopie-trithemis-dejouxi-pinhey-1978\/","og_locale":"fr_FR","og_type":"article","og_title":"Trithemis dejouxi - Mes Libellules","og_description":"Trithemis dejouxi en \u00c9thiopie, description, identification, taille, habitat, distribution g\u00e9ographique, \u00e9tymologie","og_url":"https:\/\/www.meslibellules.fr\/blog\/2019\/10\/02\/ethiopie-trithemis-dejouxi-pinhey-1978\/","og_site_name":"Mes Libellules","article_publisher":"https:\/\/www.facebook.com\/benoit.guillon.96\/","article_author":"https:\/\/www.facebook.com\/benoit.guillon.96\/","article_published_time":"2019-10-02T07:11:02+00:00","article_modified_time":"2023-01-12T20:15:36+00:00","og_image":[{"url":"http:\/\/www.meslibellules.fr\/blog\/wp-content\/uploads\/trithemis-dejouxi-male-2.jpg","type":"","width":"","height":""}],"author":"Beno\u00eet Guillon","twitter_card":"summary_large_image","twitter_misc":{"\u00c9crit par":"Beno\u00eet Guillon","Dur\u00e9e de lecture estim\u00e9e":"5 minutes"},"schema":{"@context":"https:\/\/schema.org","@graph":[{"@type":"Article","@id":"https:\/\/www.meslibellules.fr\/blog\/2019\/10\/02\/ethiopie-trithemis-dejouxi-pinhey-1978\/#article","isPartOf":{"@id":"https:\/\/www.meslibellules.fr\/blog\/2019\/10\/02\/ethiopie-trithemis-dejouxi-pinhey-1978\/"},"author":{"name":"Beno\u00eet Guillon","@id":"https:\/\/www.meslibellules.fr\/blog\/#\/schema\/person\/9aa3586f9dd053fcf329f43b8b053c77"},"headline":"Ethiopie &#8211; Trithemis dejouxi (Pinhey, 1978)","datePublished":"2019-10-02T07:11:02+00:00","dateModified":"2023-01-12T20:15:36+00:00","mainEntityOfPage":{"@id":"https:\/\/www.meslibellules.fr\/blog\/2019\/10\/02\/ethiopie-trithemis-dejouxi-pinhey-1978\/"},"wordCount":604,"commentCount":0,"publisher":{"@id":"https:\/\/www.meslibellules.fr\/blog\/#\/schema\/person\/9aa3586f9dd053fcf329f43b8b053c77"},"image":{"@id":"https:\/\/www.meslibellules.fr\/blog\/2019\/10\/02\/ethiopie-trithemis-dejouxi-pinhey-1978\/#primaryimage"},"thumbnailUrl":"http:\/\/www.meslibellules.fr\/blog\/wp-content\/uploads\/trithemis-dejouxi-male-2.jpg","keywords":["Trithemis dejouxi","Trithemis dejouxi Ethiopie","Trithemis Ethiopie"],"articleSection":["Ethiopie","Libellulidae"],"inLanguage":"fr-FR","potentialAction":[{"@type":"CommentAction","name":"Comment","target":["https:\/\/www.meslibellules.fr\/blog\/2019\/10\/02\/ethiopie-trithemis-dejouxi-pinhey-1978\/#respond"]}]},{"@type":"WebPage","@id":"https:\/\/www.meslibellules.fr\/blog\/2019\/10\/02\/ethiopie-trithemis-dejouxi-pinhey-1978\/","url":"https:\/\/www.meslibellules.fr\/blog\/2019\/10\/02\/ethiopie-trithemis-dejouxi-pinhey-1978\/","name":"Trithemis dejouxi - Mes Libellules","isPartOf":{"@id":"https:\/\/www.meslibellules.fr\/blog\/#website"},"primaryImageOfPage":{"@id":"https:\/\/www.meslibellules.fr\/blog\/2019\/10\/02\/ethiopie-trithemis-dejouxi-pinhey-1978\/#primaryimage"},"image":{"@id":"https:\/\/www.meslibellules.fr\/blog\/2019\/10\/02\/ethiopie-trithemis-dejouxi-pinhey-1978\/#primaryimage"},"thumbnailUrl":"http:\/\/www.meslibellules.fr\/blog\/wp-content\/uploads\/trithemis-dejouxi-male-2.jpg","datePublished":"2019-10-02T07:11:02+00:00","dateModified":"2023-01-12T20:15:36+00:00","description":"Trithemis dejouxi en \u00c9thiopie, description, identification, taille, habitat, distribution g\u00e9ographique, \u00e9tymologie","breadcrumb":{"@id":"https:\/\/www.meslibellules.fr\/blog\/2019\/10\/02\/ethiopie-trithemis-dejouxi-pinhey-1978\/#breadcrumb"},"inLanguage":"fr-FR","potentialAction":[{"@type":"ReadAction","target":["https:\/\/www.meslibellules.fr\/blog\/2019\/10\/02\/ethiopie-trithemis-dejouxi-pinhey-1978\/"]}]},{"@type":"ImageObject","inLanguage":"fr-FR","@id":"https:\/\/www.meslibellules.fr\/blog\/2019\/10\/02\/ethiopie-trithemis-dejouxi-pinhey-1978\/#primaryimage","url":"http:\/\/www.meslibellules.fr\/blog\/wp-content\/uploads\/trithemis-dejouxi-male-2.jpg","contentUrl":"http:\/\/www.meslibellules.fr\/blog\/wp-content\/uploads\/trithemis-dejouxi-male-2.jpg"},{"@type":"BreadcrumbList","@id":"https:\/\/www.meslibellules.fr\/blog\/2019\/10\/02\/ethiopie-trithemis-dejouxi-pinhey-1978\/#breadcrumb","itemListElement":[{"@type":"ListItem","position":1,"name":"Accueil","item":"https:\/\/www.meslibellules.fr\/blog\/"},{"@type":"ListItem","position":2,"name":"Ethiopie &#8211; Trithemis dejouxi (Pinhey, 1978)"}]},{"@type":"WebSite","@id":"https:\/\/www.meslibellules.fr\/blog\/#website","url":"https:\/\/www.meslibellules.fr\/blog\/","name":"Mes Libellules","description":"Pr\u00e9sentation des libellules rencontr\u00e9es dans le monde","publisher":{"@id":"https:\/\/www.meslibellules.fr\/blog\/#\/schema\/person\/9aa3586f9dd053fcf329f43b8b053c77"},"potentialAction":[{"@type":"SearchAction","target":{"@type":"EntryPoint","urlTemplate":"https:\/\/www.meslibellules.fr\/blog\/?s={search_term_string}"},"query-input":{"@type":"PropertyValueSpecification","valueRequired":true,"valueName":"search_term_string"}}],"inLanguage":"fr-FR"},{"@type":["Person","Organization"],"@id":"https:\/\/www.meslibellules.fr\/blog\/#\/schema\/person\/9aa3586f9dd053fcf329f43b8b053c77","name":"Beno\u00eet Guillon","image":{"@type":"ImageObject","inLanguage":"fr-FR","@id":"https:\/\/www.meslibellules.fr\/blog\/wp-content\/uploads\/cropped-avatar-150-pix.jpg","url":"https:\/\/www.meslibellules.fr\/blog\/wp-content\/uploads\/cropped-avatar-150-pix.jpg","contentUrl":"https:\/\/www.meslibellules.fr\/blog\/wp-content\/uploads\/cropped-avatar-150-pix.jpg","width":150,"height":137,"caption":"Beno\u00eet Guillon"},"logo":{"@id":"https:\/\/www.meslibellules.fr\/blog\/wp-content\/uploads\/cropped-avatar-150-pix.jpg"},"sameAs":["https:\/\/www.facebook.com\/benoit.guillon.96\/"]}]}},"_links":{"self":[{"href":"https:\/\/www.meslibellules.fr\/blog\/wp-json\/wp\/v2\/posts\/3957","targetHints":{"allow":["GET"]}}],"collection":[{"href":"https:\/\/www.meslibellules.fr\/blog\/wp-json\/wp\/v2\/posts"}],"about":[{"href":"https:\/\/www.meslibellules.fr\/blog\/wp-json\/wp\/v2\/types\/post"}],"author":[{"embeddable":true,"href":"https:\/\/www.meslibellules.fr\/blog\/wp-json\/wp\/v2\/users\/1"}],"replies":[{"embeddable":true,"href":"https:\/\/www.meslibellules.fr\/blog\/wp-json\/wp\/v2\/comments?post=3957"}],"version-history":[{"count":0,"href":"https:\/\/www.meslibellules.fr\/blog\/wp-json\/wp\/v2\/posts\/3957\/revisions"}],"wp:attachment":[{"href":"https:\/\/www.meslibellules.fr\/blog\/wp-json\/wp\/v2\/media?parent=3957"}],"wp:term":[{"taxonomy":"category","embeddable":true,"href":"https:\/\/www.meslibellules.fr\/blog\/wp-json\/wp\/v2\/categories?post=3957"},{"taxonomy":"post_tag","embeddable":true,"href":"https:\/\/www.meslibellules.fr\/blog\/wp-json\/wp\/v2\/tags?post=3957"}],"curies":[{"name":"wp","href":"https:\/\/api.w.org\/{rel}","templated":true}]}}