{"id":4508,"date":"2019-12-21T19:14:19","date_gmt":"2019-12-21T18:14:19","guid":{"rendered":"http:\/\/www.meslibellules.fr\/blog\/?p=4508"},"modified":"2024-04-30T19:43:16","modified_gmt":"2024-04-30T17:43:16","slug":"ethiopie-urothemis-edwardsii-selys-1849","status":"publish","type":"post","link":"https:\/\/www.meslibellules.fr\/blog\/2019\/12\/21\/ethiopie-urothemis-edwardsii-selys-1849\/","title":{"rendered":"Ethiopie &#8211; Urothemis edwardsii (Selys, 1849)"},"content":{"rendered":"\n<figure class=\"wp-block-image aligncenter size-large is-resized\"><a href=\"https:\/\/www.meslibellules.fr\/blog\/wp-content\/uploads\/urothemis-assignata-femelle-1.jpg\"><img decoding=\"async\" width=\"1599\" height=\"1204\" data-src=\"https:\/\/www.meslibellules.fr\/blog\/wp-content\/uploads\/urothemis-assignata-femelle-1.jpg\" alt=\"Urothemis assignata femelle, Ethiopie, Turmi, 28\/10\/2018\" class=\"wp-image-4107 lazyload\" style=\"--smush-placeholder-width: 1599px; --smush-placeholder-aspect-ratio: 1599\/1204;width:487px;height:355px\" data-srcset=\"https:\/\/www.meslibellules.fr\/blog\/wp-content\/uploads\/\/urothemis-assignata-femelle-1.jpg 1599w, https:\/\/www.meslibellules.fr\/blog\/wp-content\/uploads\/\/urothemis-assignata-femelle-1-768x578.jpg 768w, https:\/\/www.meslibellules.fr\/blog\/wp-content\/uploads\/\/urothemis-assignata-femelle-1-1200x904.jpg 1200w\" data-sizes=\"(max-width: 1599px) 100vw, 1599px\" src=\"data:image\/svg+xml;base64,PHN2ZyB3aWR0aD0iMSIgaGVpZ2h0PSIxIiB4bWxucz0iaHR0cDovL3d3dy53My5vcmcvMjAwMC9zdmciPjwvc3ZnPg==\" \/><\/a><figcaption class=\"wp-element-caption\">Urothemis edwardsii femelle, Ethiopie, Turmi, 28\/10\/2018<\/figcaption><\/figure>\n\n\n\n<p style=\"font-size:15px\">\u00c0 vrai dire,  cette photo de Urothemis edwarsii femelle est rest\u00e9e pr\u00e9sent\u00e9e sur ce site comme Urothemis assignata jusqu&rsquo;au 18 d\u00e9cembre 2019. Pour ma d\u00e9fense j&rsquo;avais vu les femelles des 2 esp\u00e8ces et le m\u00e2le U. assignata sur le m\u00eame lieu exactement, \u00e0 Turmi; mais m\u00e2le et femelle U. assignata le 28\/10\/18 \u00e0 16 heures 50 et la femelle isol\u00e9e qui s&rsquo;est av\u00e9r\u00e9e U. edwardsii le lendemain \u00e0 7 heures 50, exactement au m\u00eame endroit. Tous de jeunes sujets. <br>Son identit\u00e9 <em>a \u00e9volu\u00e9<\/em> \ud83d\ude42 parce que quelques jours auparavant je me suis plong\u00e9 dans l&rsquo;identification diff\u00e9rentielle des femelles U. assignata\/edwardsii (Michel Yerokine, \u00e0 la R\u00e9union, ayant d\u00e9couvert une femelle Libellulidae, jamais vue sur cette \u00eele auparavant, que j&rsquo;ai identifi\u00e9e tout d&rsquo;abord comme Urothemis sp. puis comme U. edwardsii).<br>Si la lumi\u00e8re ne simplifie pas les choses on note que la face externe du f\u00e9mur post\u00e9rieur droit de cette femelle est tr\u00e8s nettement clair jusqu&rsquo;en son milieu et cette diff\u00e9rence de couleur se prolonge m\u00eame plus bas sous la forme d&rsquo;une ligne plus fine; les femelles U. assignata ont la face ext\u00e9rieure des f\u00e9murs noire, seuls, plus haut, coxa et trochanter sont clairs <a href=\"https:\/\/www.meslibellules.fr\/blog\/wp-content\/uploads\/urothemis-assignata-femelle-2.jpg\">comme on peut le voir ici<\/a>. J&rsquo;ai v\u00e9rifi\u00e9 cette diff\u00e9rence de couleur sur les photos que l&rsquo;on trouve sur le Web et aupr\u00e8s de connaisseurs locaux de ces 2 esp\u00e8ces, et on peut la consid\u00e9rer maintenant comme un crit\u00e8re d\u2019identification diff\u00e9rentielle des <em>femelles<\/em> de ces 2 esp\u00e8ces.<br><\/p>\n\n\n\n<figure class=\"wp-block-image aligncenter size-large is-resized\"><a href=\"https:\/\/www.meslibellules.fr\/blog\/wp-content\/uploads\/urothemis-edwardsii-femelle-2.jpg\"><img decoding=\"async\" width=\"1745\" height=\"1204\" data-src=\"https:\/\/www.meslibellules.fr\/blog\/wp-content\/uploads\/urothemis-edwardsii-femelle-2.jpg\" alt=\"Urothemis edwardsii femelle, Ethiopie, Turmi, 29\/10\/2018\" class=\"wp-image-4537 lazyload\" style=\"--smush-placeholder-width: 1745px; --smush-placeholder-aspect-ratio: 1745\/1204;width:545px;height:365px\" data-srcset=\"https:\/\/www.meslibellules.fr\/blog\/wp-content\/uploads\/\/urothemis-edwardsii-femelle-2.jpg 1745w, https:\/\/www.meslibellules.fr\/blog\/wp-content\/uploads\/\/urothemis-edwardsii-femelle-2-768x530.jpg 768w, https:\/\/www.meslibellules.fr\/blog\/wp-content\/uploads\/\/urothemis-edwardsii-femelle-2-1536x1060.jpg 1536w, https:\/\/www.meslibellules.fr\/blog\/wp-content\/uploads\/\/urothemis-edwardsii-femelle-2-1200x828.jpg 1200w\" data-sizes=\"(max-width: 1745px) 100vw, 1745px\" src=\"data:image\/svg+xml;base64,PHN2ZyB3aWR0aD0iMSIgaGVpZ2h0PSIxIiB4bWxucz0iaHR0cDovL3d3dy53My5vcmcvMjAwMC9zdmciPjwvc3ZnPg==\" \/><\/a><figcaption class=\"wp-element-caption\">Urothemis edwardsii femelle, Ethiopie, Turmi, 29\/10\/2018<\/figcaption><\/figure>\n\n\n\n<p style=\"font-size:15px\">Ce n&rsquo;est sans doute pas le bon angle, mais on note que la face dorsale est tr\u00e8s marqu\u00e9e de noir, m\u00eame les premiers segments, ce qui n&rsquo;est pas le cas des femelles U. assignata comme <a href=\"https:\/\/www.meslibellules.fr\/blog\/wp-content\/uploads\/urothemis-assignata-male-3.jpg\">on le voit ici<\/a>.<br>Balinski (1) en 1961, \u00e0 l&rsquo;occasion de la description de l&rsquo;esp\u00e8ce U. luciana a dessin\u00e9, en vue ventrale les lames vulvaires des 3 esp\u00e8ces d&rsquo;Urothemis ; celle de U. edwardsii, bifide, est cens\u00e9e \u00eatre courte et ne pas d\u00e9passer le 9\u00b0 segment ce qui n&rsquo;est pas respect\u00e9 ici. Il ne semble plus raisonnable de se fier \u00e0 ce crit\u00e8re pour identifier au moins les Libelulidae. D&rsquo;ailleurs, Fredy Palacino Rodr\u00edguez, Carlos E. Sarmiento, Enrique Gonz\u00e1lez-Soriano (2) ont montr\u00e9 que la longueur de la lame vulvaire des Erythemis am\u00e9ricains \u00e9tait hautement variable et que ce n&rsquo;\u00e9tait pas un crit\u00e8re fiable pour les identifier\u202f; ce n&rsquo;est pas tellement une surprise, car c&rsquo;est <a aria-label=\"un organe mobile (opens in a new tab)\" href=\"http:\/\/www.meslibellules.fr\/pagesweb\/libellulidae\/sympetrum\/sympetrumstriolatum\/striol_femel5.php\" target=\"_blank\" rel=\"noreferrer noopener\">un organe mobile<\/a> que l&rsquo;on constate tr\u00e8s distendu en fin de saison quand les femelles ont beaucoup pondu.<\/p>\n\n\n\n<figure class=\"wp-block-image size-large\"><img decoding=\"async\" width=\"735\" height=\"494\" data-src=\"https:\/\/www.meslibellules.fr\/blog\/wp-content\/uploads\/vulvar-lamina-urothemis-Balinski.jpg\" alt=\"Comparaison des lame vulvaire des 3 Urothemis africains, Balinski -1961\" class=\"wp-image-4548 lazyload\" src=\"data:image\/svg+xml;base64,PHN2ZyB3aWR0aD0iMSIgaGVpZ2h0PSIxIiB4bWxucz0iaHR0cDovL3d3dy53My5vcmcvMjAwMC9zdmciPjwvc3ZnPg==\" style=\"--smush-placeholder-width: 735px; --smush-placeholder-aspect-ratio: 735\/494;\" \/><figcaption class=\"wp-element-caption\">Comparaison des lame vulvaire des 3 Urothemis africains, Balinski -1961<\/figcaption><\/figure>\n\n\n\n<p style=\"font-size:15px\"><br>La m\u00eame observation peut \u00eatre faite en Europe pour les ovipositeurs des femelles Lestes, leur longueur \u00e9tant utilis\u00e9e pour s\u00e9parer L. sponsa de L. dryas, mais les femelles L. sponsa ont parfois, pas souvent, c&rsquo;est certain, des ovipositeurs aussi longs que ceux de leurs cousines&#8230;<\/p>\n\n\n\n<figure class=\"wp-block-image aligncenter size-large\"><img decoding=\"async\" width=\"399\" height=\"299\" data-src=\"https:\/\/www.meslibellules.fr\/blog\/wp-content\/uploads\/urothemis-edwardsii-lame-vulvaire.jpg\" alt=\"Urothemis edwardsii femelle, lame vulvaire, Ethiopie, Turmi, 29\/10\/2019\" class=\"wp-image-4543 lazyload\" src=\"data:image\/svg+xml;base64,PHN2ZyB3aWR0aD0iMSIgaGVpZ2h0PSIxIiB4bWxucz0iaHR0cDovL3d3dy53My5vcmcvMjAwMC9zdmciPjwvc3ZnPg==\" style=\"--smush-placeholder-width: 399px; --smush-placeholder-aspect-ratio: 399\/299;\" \/><figcaption class=\"wp-element-caption\">Urothemis edwardsii femelle, lame vulvaire, Ethiopie, Turmi, 29\/10\/2019<\/figcaption><\/figure>\n\n\n\n<p style=\"font-size:15px\">Le Blue basker (car le m\u00e2le est bleu !) est pr\u00e9sent dans presque toute l&rsquo;Afrique subsaharienne, du S\u00e9n\u00e9gal au Soudan et \u00e0 l&rsquo;\u00c9thiopie, tr\u00e8s ponctuellement en Alg\u00e9rie et \u00e0 Oman, \u00e0 Madagascar et Mayotte et depuis d\u00e9cembre 2019 il est pr\u00e9sent \u00e0 la R\u00e9union o\u00f9 son statut reste \u00e0 pr\u00e9ciser, errant ou maintenant r\u00e9sident [en 2024 on peut le consid\u00e9rer comme r\u00e9sident en raison des nombreuses observations r\u00e9alis\u00e9es sur l&rsquo;ile].<br><a href=\"https:\/\/www.iucnredlist.org\/species\/60073\/83876779\">IUCN Red List<\/a><br><br>J&rsquo;ai pu observer l&rsquo;esp\u00e8ce \u00e0 plusieurs reprises <a href=\"https:\/\/www.meslibellules.fr\/blog\/2020\/10\/17\/namibie-urothemis-edwardsii-selys-1849\/\" target=\"_blank\" rel=\"noreferrer noopener\">en Namibie<\/a>, en 2020.<\/p>\n\n\n\n\n\n<p class=\"has-small-font-size\">-1- Observation on the Dragonfly Fauna of the coastal region of Zululand with description of three new species (Odonata), 1961,  Journal Entomological Society Southern Africa, 24, 72-91.<br>-2-   Morphological variability and evaluation of taxonomic characters in the genus<br> Erythemis Hagen, 1861 (Odonata: Libellulidae: Sympetrinae), Fredy Palacino Rodr\u00edguez, Carlos Eduardo Sarmiento, Enrique Gonzalez-Soriano, Insecta Mundi, 2015. <\/p>\n\n\n\n\n\n<p class=\"has-background\" style=\"background-color:#e1df8f;font-size:14px\">Cet article fait partie des odonates observ\u00e9s en \u00c9thiopie, pour revenir \u00e0 la page des Odonates d&rsquo;\u00c9thiopie cliquer\u00a0<strong><a href=\"https:\/\/www.meslibellules.fr\/blog\/odonates-dethiopie-ethiopian-odonates\/\">ici<\/a>.<\/strong><\/p>\n","protected":false},"excerpt":{"rendered":"<p>\u00c0 vrai dire, cette photo de Urothemis edwarsii femelle est rest\u00e9e pr\u00e9sent\u00e9e sur ce site comme Urothemis assignata jusqu&rsquo;au 18 d\u00e9cembre 2019. Pour ma d\u00e9fense j&rsquo;avais vu les femelles des 2 esp\u00e8ces et le m\u00e2le U. assignata sur le m\u00eame lieu exactement, \u00e0 Turmi; mais m\u00e2le et femelle U. assignata le 28\/10\/18 \u00e0 16 heures [&hellip;]<\/p>\n","protected":false},"author":1,"featured_media":0,"comment_status":"open","ping_status":"open","sticky":false,"template":"","format":"image","meta":{"site-sidebar-layout":"default","site-content-layout":"","ast-site-content-layout":"default","site-content-style":"default","site-sidebar-style":"default","ast-global-header-display":"","ast-banner-title-visibility":"","ast-main-header-display":"","ast-hfb-above-header-display":"","ast-hfb-below-header-display":"","ast-hfb-mobile-header-display":"","site-post-title":"","ast-breadcrumbs-content":"","ast-featured-img":"","footer-sml-layout":"","ast-disable-related-posts":"","theme-transparent-header-meta":"","adv-header-id-meta":"","stick-header-meta":"","header-above-stick-meta":"","header-main-stick-meta":"","header-below-stick-meta":"","astra-migrate-meta-layouts":"set","ast-page-background-enabled":"default","ast-page-background-meta":{"desktop":{"background-color":"var(--ast-global-color-4)","background-image":"","background-repeat":"repeat","background-position":"center center","background-size":"auto","background-attachment":"scroll","background-type":"","background-media":"","overlay-type":"","overlay-color":"","overlay-opacity":"","overlay-gradient":""},"tablet":{"background-color":"","background-image":"","background-repeat":"repeat","background-position":"center center","background-size":"auto","background-attachment":"scroll","background-type":"","background-media":"","overlay-type":"","overlay-color":"","overlay-opacity":"","overlay-gradient":""},"mobile":{"background-color":"","background-image":"","background-repeat":"repeat","background-position":"center center","background-size":"auto","background-attachment":"scroll","background-type":"","background-media":"","overlay-type":"","overlay-color":"","overlay-opacity":"","overlay-gradient":""}},"ast-content-background-meta":{"desktop":{"background-color":"var(--ast-global-color-5)","background-image":"","background-repeat":"repeat","background-position":"center center","background-size":"auto","background-attachment":"scroll","background-type":"","background-media":"","overlay-type":"","overlay-color":"","overlay-opacity":"","overlay-gradient":""},"tablet":{"background-color":"var(--ast-global-color-5)","background-image":"","background-repeat":"repeat","background-position":"center center","background-size":"auto","background-attachment":"scroll","background-type":"","background-media":"","overlay-type":"","overlay-color":"","overlay-opacity":"","overlay-gradient":""},"mobile":{"background-color":"var(--ast-global-color-5)","background-image":"","background-repeat":"repeat","background-position":"center center","background-size":"auto","background-attachment":"scroll","background-type":"","background-media":"","overlay-type":"","overlay-color":"","overlay-opacity":"","overlay-gradient":""}},"footnotes":""},"categories":[67,68],"tags":[],"class_list":["post-4508","post","type-post","status-publish","format-image","hentry","category-ethiopie","category-libellulidae-ethiopie","post_format-post-format-image"],"yoast_head":"<!-- This site is optimized with the Yoast SEO plugin v27.4 - https:\/\/yoast.com\/product\/yoast-seo-wordpress\/ -->\n<title>Urothemis edwardsii femelle - Mes Libellules<\/title>\n<meta name=\"description\" content=\"Urothemis edwardsii femelle en \u00c9thiopie, description, identification, taille, habitat, distribution g\u00e9ographique, \u00e9tymologie\" \/>\n<meta name=\"robots\" content=\"index, follow, max-snippet:-1, max-image-preview:large, max-video-preview:-1\" \/>\n<link rel=\"canonical\" href=\"https:\/\/www.meslibellules.fr\/blog\/2019\/12\/21\/ethiopie-urothemis-edwardsii-selys-1849\/\" \/>\n<meta property=\"og:locale\" content=\"fr_FR\" \/>\n<meta property=\"og:type\" content=\"article\" \/>\n<meta property=\"og:title\" content=\"Urothemis edwardsii femelle - Mes Libellules\" \/>\n<meta property=\"og:description\" content=\"Urothemis edwardsii femelle en \u00c9thiopie, description, identification, taille, habitat, distribution g\u00e9ographique, \u00e9tymologie\" \/>\n<meta property=\"og:url\" content=\"https:\/\/www.meslibellules.fr\/blog\/2019\/12\/21\/ethiopie-urothemis-edwardsii-selys-1849\/\" \/>\n<meta property=\"og:site_name\" content=\"Mes Libellules\" \/>\n<meta property=\"article:publisher\" content=\"https:\/\/www.facebook.com\/benoit.guillon.96\/\" \/>\n<meta property=\"article:author\" content=\"https:\/\/www.facebook.com\/benoit.guillon.96\/\" \/>\n<meta property=\"article:published_time\" content=\"2019-12-21T18:14:19+00:00\" \/>\n<meta property=\"article:modified_time\" content=\"2024-04-30T17:43:16+00:00\" \/>\n<meta property=\"og:image\" content=\"http:\/\/www.meslibellules.fr\/blog\/wp-content\/uploads\/urothemis-assignata-femelle-1.jpg\" \/>\n<meta name=\"author\" content=\"Beno\u00eet Guillon\" \/>\n<meta name=\"twitter:card\" content=\"summary_large_image\" \/>\n<meta name=\"twitter:label1\" content=\"\u00c9crit par\" \/>\n\t<meta name=\"twitter:data1\" content=\"Beno\u00eet Guillon\" \/>\n\t<meta name=\"twitter:label2\" content=\"Dur\u00e9e de lecture estim\u00e9e\" \/>\n\t<meta name=\"twitter:data2\" content=\"12 minutes\" \/>\n<script type=\"application\/ld+json\" class=\"yoast-schema-graph\">{\"@context\":\"https:\\\/\\\/schema.org\",\"@graph\":[{\"@type\":\"Article\",\"@id\":\"https:\\\/\\\/www.meslibellules.fr\\\/blog\\\/2019\\\/12\\\/21\\\/ethiopie-urothemis-edwardsii-selys-1849\\\/#article\",\"isPartOf\":{\"@id\":\"https:\\\/\\\/www.meslibellules.fr\\\/blog\\\/2019\\\/12\\\/21\\\/ethiopie-urothemis-edwardsii-selys-1849\\\/\"},\"author\":{\"name\":\"Beno\u00eet Guillon\",\"@id\":\"https:\\\/\\\/www.meslibellules.fr\\\/blog\\\/#\\\/schema\\\/person\\\/9aa3586f9dd053fcf329f43b8b053c77\"},\"headline\":\"Ethiopie &#8211; Urothemis edwardsii (Selys, 1849)\",\"datePublished\":\"2019-12-21T18:14:19+00:00\",\"dateModified\":\"2024-04-30T17:43:16+00:00\",\"mainEntityOfPage\":{\"@id\":\"https:\\\/\\\/www.meslibellules.fr\\\/blog\\\/2019\\\/12\\\/21\\\/ethiopie-urothemis-edwardsii-selys-1849\\\/\"},\"wordCount\":679,\"commentCount\":0,\"publisher\":{\"@id\":\"https:\\\/\\\/www.meslibellules.fr\\\/blog\\\/#\\\/schema\\\/person\\\/9aa3586f9dd053fcf329f43b8b053c77\"},\"image\":{\"@id\":\"https:\\\/\\\/www.meslibellules.fr\\\/blog\\\/2019\\\/12\\\/21\\\/ethiopie-urothemis-edwardsii-selys-1849\\\/#primaryimage\"},\"thumbnailUrl\":\"http:\\\/\\\/www.meslibellules.fr\\\/blog\\\/wp-content\\\/uploads\\\/urothemis-assignata-femelle-1.jpg\",\"articleSection\":[\"Ethiopie\",\"Libellulidae\"],\"inLanguage\":\"fr-FR\",\"potentialAction\":[{\"@type\":\"CommentAction\",\"name\":\"Comment\",\"target\":[\"https:\\\/\\\/www.meslibellules.fr\\\/blog\\\/2019\\\/12\\\/21\\\/ethiopie-urothemis-edwardsii-selys-1849\\\/#respond\"]}]},{\"@type\":\"WebPage\",\"@id\":\"https:\\\/\\\/www.meslibellules.fr\\\/blog\\\/2019\\\/12\\\/21\\\/ethiopie-urothemis-edwardsii-selys-1849\\\/\",\"url\":\"https:\\\/\\\/www.meslibellules.fr\\\/blog\\\/2019\\\/12\\\/21\\\/ethiopie-urothemis-edwardsii-selys-1849\\\/\",\"name\":\"Urothemis edwardsii femelle - Mes Libellules\",\"isPartOf\":{\"@id\":\"https:\\\/\\\/www.meslibellules.fr\\\/blog\\\/#website\"},\"primaryImageOfPage\":{\"@id\":\"https:\\\/\\\/www.meslibellules.fr\\\/blog\\\/2019\\\/12\\\/21\\\/ethiopie-urothemis-edwardsii-selys-1849\\\/#primaryimage\"},\"image\":{\"@id\":\"https:\\\/\\\/www.meslibellules.fr\\\/blog\\\/2019\\\/12\\\/21\\\/ethiopie-urothemis-edwardsii-selys-1849\\\/#primaryimage\"},\"thumbnailUrl\":\"http:\\\/\\\/www.meslibellules.fr\\\/blog\\\/wp-content\\\/uploads\\\/urothemis-assignata-femelle-1.jpg\",\"datePublished\":\"2019-12-21T18:14:19+00:00\",\"dateModified\":\"2024-04-30T17:43:16+00:00\",\"description\":\"Urothemis edwardsii femelle en \u00c9thiopie, description, identification, taille, habitat, distribution g\u00e9ographique, \u00e9tymologie\",\"breadcrumb\":{\"@id\":\"https:\\\/\\\/www.meslibellules.fr\\\/blog\\\/2019\\\/12\\\/21\\\/ethiopie-urothemis-edwardsii-selys-1849\\\/#breadcrumb\"},\"inLanguage\":\"fr-FR\",\"potentialAction\":[{\"@type\":\"ReadAction\",\"target\":[\"https:\\\/\\\/www.meslibellules.fr\\\/blog\\\/2019\\\/12\\\/21\\\/ethiopie-urothemis-edwardsii-selys-1849\\\/\"]}]},{\"@type\":\"ImageObject\",\"inLanguage\":\"fr-FR\",\"@id\":\"https:\\\/\\\/www.meslibellules.fr\\\/blog\\\/2019\\\/12\\\/21\\\/ethiopie-urothemis-edwardsii-selys-1849\\\/#primaryimage\",\"url\":\"http:\\\/\\\/www.meslibellules.fr\\\/blog\\\/wp-content\\\/uploads\\\/urothemis-assignata-femelle-1.jpg\",\"contentUrl\":\"http:\\\/\\\/www.meslibellules.fr\\\/blog\\\/wp-content\\\/uploads\\\/urothemis-assignata-femelle-1.jpg\"},{\"@type\":\"BreadcrumbList\",\"@id\":\"https:\\\/\\\/www.meslibellules.fr\\\/blog\\\/2019\\\/12\\\/21\\\/ethiopie-urothemis-edwardsii-selys-1849\\\/#breadcrumb\",\"itemListElement\":[{\"@type\":\"ListItem\",\"position\":1,\"name\":\"Accueil\",\"item\":\"https:\\\/\\\/www.meslibellules.fr\\\/blog\\\/\"},{\"@type\":\"ListItem\",\"position\":2,\"name\":\"Ethiopie &#8211; Urothemis edwardsii (Selys, 1849)\"}]},{\"@type\":\"WebSite\",\"@id\":\"https:\\\/\\\/www.meslibellules.fr\\\/blog\\\/#website\",\"url\":\"https:\\\/\\\/www.meslibellules.fr\\\/blog\\\/\",\"name\":\"Mes Libellules\",\"description\":\"Pr\u00e9sentation des libellules rencontr\u00e9es dans le monde\",\"publisher\":{\"@id\":\"https:\\\/\\\/www.meslibellules.fr\\\/blog\\\/#\\\/schema\\\/person\\\/9aa3586f9dd053fcf329f43b8b053c77\"},\"potentialAction\":[{\"@type\":\"SearchAction\",\"target\":{\"@type\":\"EntryPoint\",\"urlTemplate\":\"https:\\\/\\\/www.meslibellules.fr\\\/blog\\\/?s={search_term_string}\"},\"query-input\":{\"@type\":\"PropertyValueSpecification\",\"valueRequired\":true,\"valueName\":\"search_term_string\"}}],\"inLanguage\":\"fr-FR\"},{\"@type\":[\"Person\",\"Organization\"],\"@id\":\"https:\\\/\\\/www.meslibellules.fr\\\/blog\\\/#\\\/schema\\\/person\\\/9aa3586f9dd053fcf329f43b8b053c77\",\"name\":\"Beno\u00eet Guillon\",\"image\":{\"@type\":\"ImageObject\",\"inLanguage\":\"fr-FR\",\"@id\":\"https:\\\/\\\/www.meslibellules.fr\\\/blog\\\/wp-content\\\/uploads\\\/cropped-avatar-150-pix.jpg\",\"url\":\"https:\\\/\\\/www.meslibellules.fr\\\/blog\\\/wp-content\\\/uploads\\\/cropped-avatar-150-pix.jpg\",\"contentUrl\":\"https:\\\/\\\/www.meslibellules.fr\\\/blog\\\/wp-content\\\/uploads\\\/cropped-avatar-150-pix.jpg\",\"width\":150,\"height\":137,\"caption\":\"Beno\u00eet Guillon\"},\"logo\":{\"@id\":\"https:\\\/\\\/www.meslibellules.fr\\\/blog\\\/wp-content\\\/uploads\\\/cropped-avatar-150-pix.jpg\"},\"sameAs\":[\"https:\\\/\\\/www.facebook.com\\\/benoit.guillon.96\\\/\"]}]}<\/script>\n<!-- \/ Yoast SEO plugin. -->","yoast_head_json":{"title":"Urothemis edwardsii femelle - Mes Libellules","description":"Urothemis edwardsii femelle en \u00c9thiopie, description, identification, taille, habitat, distribution g\u00e9ographique, \u00e9tymologie","robots":{"index":"index","follow":"follow","max-snippet":"max-snippet:-1","max-image-preview":"max-image-preview:large","max-video-preview":"max-video-preview:-1"},"canonical":"https:\/\/www.meslibellules.fr\/blog\/2019\/12\/21\/ethiopie-urothemis-edwardsii-selys-1849\/","og_locale":"fr_FR","og_type":"article","og_title":"Urothemis edwardsii femelle - Mes Libellules","og_description":"Urothemis edwardsii femelle en \u00c9thiopie, description, identification, taille, habitat, distribution g\u00e9ographique, \u00e9tymologie","og_url":"https:\/\/www.meslibellules.fr\/blog\/2019\/12\/21\/ethiopie-urothemis-edwardsii-selys-1849\/","og_site_name":"Mes Libellules","article_publisher":"https:\/\/www.facebook.com\/benoit.guillon.96\/","article_author":"https:\/\/www.facebook.com\/benoit.guillon.96\/","article_published_time":"2019-12-21T18:14:19+00:00","article_modified_time":"2024-04-30T17:43:16+00:00","og_image":[{"url":"http:\/\/www.meslibellules.fr\/blog\/wp-content\/uploads\/urothemis-assignata-femelle-1.jpg","type":"","width":"","height":""}],"author":"Beno\u00eet Guillon","twitter_card":"summary_large_image","twitter_misc":{"\u00c9crit par":"Beno\u00eet Guillon","Dur\u00e9e de lecture estim\u00e9e":"12 minutes"},"schema":{"@context":"https:\/\/schema.org","@graph":[{"@type":"Article","@id":"https:\/\/www.meslibellules.fr\/blog\/2019\/12\/21\/ethiopie-urothemis-edwardsii-selys-1849\/#article","isPartOf":{"@id":"https:\/\/www.meslibellules.fr\/blog\/2019\/12\/21\/ethiopie-urothemis-edwardsii-selys-1849\/"},"author":{"name":"Beno\u00eet Guillon","@id":"https:\/\/www.meslibellules.fr\/blog\/#\/schema\/person\/9aa3586f9dd053fcf329f43b8b053c77"},"headline":"Ethiopie &#8211; Urothemis edwardsii (Selys, 1849)","datePublished":"2019-12-21T18:14:19+00:00","dateModified":"2024-04-30T17:43:16+00:00","mainEntityOfPage":{"@id":"https:\/\/www.meslibellules.fr\/blog\/2019\/12\/21\/ethiopie-urothemis-edwardsii-selys-1849\/"},"wordCount":679,"commentCount":0,"publisher":{"@id":"https:\/\/www.meslibellules.fr\/blog\/#\/schema\/person\/9aa3586f9dd053fcf329f43b8b053c77"},"image":{"@id":"https:\/\/www.meslibellules.fr\/blog\/2019\/12\/21\/ethiopie-urothemis-edwardsii-selys-1849\/#primaryimage"},"thumbnailUrl":"http:\/\/www.meslibellules.fr\/blog\/wp-content\/uploads\/urothemis-assignata-femelle-1.jpg","articleSection":["Ethiopie","Libellulidae"],"inLanguage":"fr-FR","potentialAction":[{"@type":"CommentAction","name":"Comment","target":["https:\/\/www.meslibellules.fr\/blog\/2019\/12\/21\/ethiopie-urothemis-edwardsii-selys-1849\/#respond"]}]},{"@type":"WebPage","@id":"https:\/\/www.meslibellules.fr\/blog\/2019\/12\/21\/ethiopie-urothemis-edwardsii-selys-1849\/","url":"https:\/\/www.meslibellules.fr\/blog\/2019\/12\/21\/ethiopie-urothemis-edwardsii-selys-1849\/","name":"Urothemis edwardsii femelle - Mes Libellules","isPartOf":{"@id":"https:\/\/www.meslibellules.fr\/blog\/#website"},"primaryImageOfPage":{"@id":"https:\/\/www.meslibellules.fr\/blog\/2019\/12\/21\/ethiopie-urothemis-edwardsii-selys-1849\/#primaryimage"},"image":{"@id":"https:\/\/www.meslibellules.fr\/blog\/2019\/12\/21\/ethiopie-urothemis-edwardsii-selys-1849\/#primaryimage"},"thumbnailUrl":"http:\/\/www.meslibellules.fr\/blog\/wp-content\/uploads\/urothemis-assignata-femelle-1.jpg","datePublished":"2019-12-21T18:14:19+00:00","dateModified":"2024-04-30T17:43:16+00:00","description":"Urothemis edwardsii femelle en \u00c9thiopie, description, identification, taille, habitat, distribution g\u00e9ographique, \u00e9tymologie","breadcrumb":{"@id":"https:\/\/www.meslibellules.fr\/blog\/2019\/12\/21\/ethiopie-urothemis-edwardsii-selys-1849\/#breadcrumb"},"inLanguage":"fr-FR","potentialAction":[{"@type":"ReadAction","target":["https:\/\/www.meslibellules.fr\/blog\/2019\/12\/21\/ethiopie-urothemis-edwardsii-selys-1849\/"]}]},{"@type":"ImageObject","inLanguage":"fr-FR","@id":"https:\/\/www.meslibellules.fr\/blog\/2019\/12\/21\/ethiopie-urothemis-edwardsii-selys-1849\/#primaryimage","url":"http:\/\/www.meslibellules.fr\/blog\/wp-content\/uploads\/urothemis-assignata-femelle-1.jpg","contentUrl":"http:\/\/www.meslibellules.fr\/blog\/wp-content\/uploads\/urothemis-assignata-femelle-1.jpg"},{"@type":"BreadcrumbList","@id":"https:\/\/www.meslibellules.fr\/blog\/2019\/12\/21\/ethiopie-urothemis-edwardsii-selys-1849\/#breadcrumb","itemListElement":[{"@type":"ListItem","position":1,"name":"Accueil","item":"https:\/\/www.meslibellules.fr\/blog\/"},{"@type":"ListItem","position":2,"name":"Ethiopie &#8211; Urothemis edwardsii (Selys, 1849)"}]},{"@type":"WebSite","@id":"https:\/\/www.meslibellules.fr\/blog\/#website","url":"https:\/\/www.meslibellules.fr\/blog\/","name":"Mes Libellules","description":"Pr\u00e9sentation des libellules rencontr\u00e9es dans le monde","publisher":{"@id":"https:\/\/www.meslibellules.fr\/blog\/#\/schema\/person\/9aa3586f9dd053fcf329f43b8b053c77"},"potentialAction":[{"@type":"SearchAction","target":{"@type":"EntryPoint","urlTemplate":"https:\/\/www.meslibellules.fr\/blog\/?s={search_term_string}"},"query-input":{"@type":"PropertyValueSpecification","valueRequired":true,"valueName":"search_term_string"}}],"inLanguage":"fr-FR"},{"@type":["Person","Organization"],"@id":"https:\/\/www.meslibellules.fr\/blog\/#\/schema\/person\/9aa3586f9dd053fcf329f43b8b053c77","name":"Beno\u00eet Guillon","image":{"@type":"ImageObject","inLanguage":"fr-FR","@id":"https:\/\/www.meslibellules.fr\/blog\/wp-content\/uploads\/cropped-avatar-150-pix.jpg","url":"https:\/\/www.meslibellules.fr\/blog\/wp-content\/uploads\/cropped-avatar-150-pix.jpg","contentUrl":"https:\/\/www.meslibellules.fr\/blog\/wp-content\/uploads\/cropped-avatar-150-pix.jpg","width":150,"height":137,"caption":"Beno\u00eet Guillon"},"logo":{"@id":"https:\/\/www.meslibellules.fr\/blog\/wp-content\/uploads\/cropped-avatar-150-pix.jpg"},"sameAs":["https:\/\/www.facebook.com\/benoit.guillon.96\/"]}]}},"_links":{"self":[{"href":"https:\/\/www.meslibellules.fr\/blog\/wp-json\/wp\/v2\/posts\/4508","targetHints":{"allow":["GET"]}}],"collection":[{"href":"https:\/\/www.meslibellules.fr\/blog\/wp-json\/wp\/v2\/posts"}],"about":[{"href":"https:\/\/www.meslibellules.fr\/blog\/wp-json\/wp\/v2\/types\/post"}],"author":[{"embeddable":true,"href":"https:\/\/www.meslibellules.fr\/blog\/wp-json\/wp\/v2\/users\/1"}],"replies":[{"embeddable":true,"href":"https:\/\/www.meslibellules.fr\/blog\/wp-json\/wp\/v2\/comments?post=4508"}],"version-history":[{"count":0,"href":"https:\/\/www.meslibellules.fr\/blog\/wp-json\/wp\/v2\/posts\/4508\/revisions"}],"wp:attachment":[{"href":"https:\/\/www.meslibellules.fr\/blog\/wp-json\/wp\/v2\/media?parent=4508"}],"wp:term":[{"taxonomy":"category","embeddable":true,"href":"https:\/\/www.meslibellules.fr\/blog\/wp-json\/wp\/v2\/categories?post=4508"},{"taxonomy":"post_tag","embeddable":true,"href":"https:\/\/www.meslibellules.fr\/blog\/wp-json\/wp\/v2\/tags?post=4508"}],"curies":[{"name":"wp","href":"https:\/\/api.w.org\/{rel}","templated":true}]}}