{"id":491,"date":"2018-09-04T22:29:08","date_gmt":"2018-09-04T20:29:08","guid":{"rendered":"http:\/\/www.meslibellules.fr\/blog\/?p=491"},"modified":"2025-02-16T18:00:14","modified_gmt":"2025-02-16T17:00:14","slug":"calicnemia-haksik","status":"publish","type":"post","link":"https:\/\/www.meslibellules.fr\/blog\/2018\/09\/04\/calicnemia-haksik\/","title":{"rendered":"Vietnam 2018 &#8211; Calicnemia haksik (Wilson &#038; Reels, 2003)"},"content":{"rendered":"\n<figure class=\"wp-block-image aligncenter size-full is-resized\"><a href=\"https:\/\/www.meslibellules.fr\/blog\/wp-content\/uploads\/Calicnemia-haksik-male-1.webp\"><img decoding=\"async\" width=\"2468\" height=\"1504\" data-src=\"https:\/\/www.meslibellules.fr\/blog\/wp-content\/uploads\/Calicnemia-haksik-male-1.webp\" alt=\"Calicnemia haksik m\u00e2le, Vietnam, Tam Dao, 2 juin 2018.\" class=\"wp-image-23808 lazyload\" style=\"--smush-placeholder-width: 2468px; --smush-placeholder-aspect-ratio: 2468\/1504;width:545px;height:auto\" data-srcset=\"https:\/\/www.meslibellules.fr\/blog\/wp-content\/uploads\/Calicnemia-haksik-male-1.webp 2468w, https:\/\/www.meslibellules.fr\/blog\/wp-content\/uploads\/Calicnemia-haksik-male-1-768x468.webp 768w, https:\/\/www.meslibellules.fr\/blog\/wp-content\/uploads\/Calicnemia-haksik-male-1-1536x936.webp 1536w, https:\/\/www.meslibellules.fr\/blog\/wp-content\/uploads\/Calicnemia-haksik-male-1-2048x1248.webp 2048w\" data-sizes=\"(max-width: 2468px) 100vw, 2468px\" src=\"data:image\/svg+xml;base64,PHN2ZyB3aWR0aD0iMSIgaGVpZ2h0PSIxIiB4bWxucz0iaHR0cDovL3d3dy53My5vcmcvMjAwMC9zdmciPjwvc3ZnPg==\" \/><\/a><figcaption class=\"wp-element-caption\">Calicnemia haksik m\u00e2le, Vietnam, Tam Dao, 2 juin 2018.<\/figcaption><\/figure>\n\n\n\n<p style=\"font-size:15px\">Calicnemia haksik a \u00e9t\u00e9 d\u00e9crit \u00e0 partir d&rsquo;un sujet de Chine et en 2006 sa distribution n&rsquo;\u00e9tait reconnue que dans les provinces chinoises du Guanxi et Hunan, c&rsquo;est-\u00e0-dire deux provinces situ\u00e9es au nord-est du Vietnam. Calicnemia haksik a d&rsquo;ailleurs d&rsquo;abord \u00e9t\u00e9 confondu avec C. mortoni&nbsp; et les deux esp\u00e8ces sont ins\u00e9parables sans un examen des genitalia. <\/p>\n\n\n\n<figure class=\"wp-block-gallery has-nested-images columns-default is-cropped wp-block-gallery-1 is-layout-flex wp-block-gallery-is-layout-flex\">\n<figure class=\"wp-block-image size-full\"><a href=\"https:\/\/www.meslibellules.fr\/blog\/wp-content\/uploads\/Calicnemia-haksik-male-3.webp\"><img decoding=\"async\" width=\"1712\" height=\"1048\" data-id=\"23810\" data-src=\"https:\/\/www.meslibellules.fr\/blog\/wp-content\/uploads\/Calicnemia-haksik-male-3.webp\" alt=\"Calicnemia haksik m\u00e2le, Vietnam, Tam Dao, 2 juin 2018.\" class=\"wp-image-23810 lazyload\" data-srcset=\"https:\/\/www.meslibellules.fr\/blog\/wp-content\/uploads\/Calicnemia-haksik-male-3.webp 1712w, https:\/\/www.meslibellules.fr\/blog\/wp-content\/uploads\/Calicnemia-haksik-male-3-768x470.webp 768w, https:\/\/www.meslibellules.fr\/blog\/wp-content\/uploads\/Calicnemia-haksik-male-3-1536x940.webp 1536w\" data-sizes=\"(max-width: 1712px) 100vw, 1712px\" src=\"data:image\/svg+xml;base64,PHN2ZyB3aWR0aD0iMSIgaGVpZ2h0PSIxIiB4bWxucz0iaHR0cDovL3d3dy53My5vcmcvMjAwMC9zdmciPjwvc3ZnPg==\" style=\"--smush-placeholder-width: 1712px; --smush-placeholder-aspect-ratio: 1712\/1048;\" \/><\/a><figcaption class=\"wp-element-caption\">.<\/figcaption><\/figure>\n\n\n\n<figure class=\"wp-block-image size-full\"><a href=\"https:\/\/www.meslibellules.fr\/blog\/wp-content\/uploads\/Calicnemia-haksik-male-4.webp\"><img decoding=\"async\" width=\"1421\" height=\"1004\" data-id=\"23811\" data-src=\"https:\/\/www.meslibellules.fr\/blog\/wp-content\/uploads\/Calicnemia-haksik-male-4.webp\" alt=\"Calicnemia haksik m\u00e2le, Vietnam, Tam Dao, 2 juin 2018.\" class=\"wp-image-23811 lazyload\" data-srcset=\"https:\/\/www.meslibellules.fr\/blog\/wp-content\/uploads\/Calicnemia-haksik-male-4.webp 1421w, https:\/\/www.meslibellules.fr\/blog\/wp-content\/uploads\/Calicnemia-haksik-male-4-768x543.webp 768w\" data-sizes=\"(max-width: 1421px) 100vw, 1421px\" src=\"data:image\/svg+xml;base64,PHN2ZyB3aWR0aD0iMSIgaGVpZ2h0PSIxIiB4bWxucz0iaHR0cDovL3d3dy53My5vcmcvMjAwMC9zdmciPjwvc3ZnPg==\" style=\"--smush-placeholder-width: 1421px; --smush-placeholder-aspect-ratio: 1421\/1004;\" \/><\/a><\/figure>\n<figcaption class=\"blocks-gallery-caption wp-element-caption\">Calicnemia haksik m\u00e2le, Vietnam, Tam Dao, 2 juin 2018.<\/figcaption><\/figure>\n\n\n\n<p style=\"font-size:15px\">Cependant, la pr\u00e9sence de C. mortoni au Vietnam est maintenant consid\u00e9r\u00e9e comme douteuse (<em>Description of two new Calicnemia from Vietnam and central Laos with notes on their congeners in Vietnam (Odonata: Platycnemididae, Zootaxa,<\/em> F\u00e9vier 2017).<br>Alors que je revisite cette page en 2025, son aire de distribution ne semble pas s&rsquo;\u00eatre \u00e9tendue et reste limit\u00e9e \u00e0 deux provinces de Chine, Yunnan et Guangxi et au nord du Vietnam. Il est certainement tr\u00e8s rare, on ne trouve qu&rsquo;une autre photo sur iNaturalist, hors celles de notre \u00e9quipe.<br><a href=\"https:\/\/www.iucnredlist.org\/species\/168062\/6434394\">IUCN Red List<\/a><br>Ce sont mes premi\u00e8res photos de libellules de ce s\u00e9jour au Vietnam et <em>mon appareil<\/em> ne devait pas \u00eatre au mieux de sa forme :).<\/p>\n\n\n\n<figure class=\"wp-block-image aligncenter size-full is-resized\"><a href=\"https:\/\/www.meslibellules.fr\/blog\/wp-content\/uploads\/Calicnemia-haksik-male-2.webp\"><img decoding=\"async\" width=\"1951\" height=\"1204\" data-src=\"https:\/\/www.meslibellules.fr\/blog\/wp-content\/uploads\/Calicnemia-haksik-male-2.webp\" alt=\"Calicnemia haksik m\u00e2le, Vietnam, Tam Dao, 2 juin 2018.\" class=\"wp-image-23809 lazyload\" style=\"--smush-placeholder-width: 1951px; --smush-placeholder-aspect-ratio: 1951\/1204;width:518px;height:auto\" data-srcset=\"https:\/\/www.meslibellules.fr\/blog\/wp-content\/uploads\/Calicnemia-haksik-male-2.webp 1951w, https:\/\/www.meslibellules.fr\/blog\/wp-content\/uploads\/Calicnemia-haksik-male-2-768x474.webp 768w, https:\/\/www.meslibellules.fr\/blog\/wp-content\/uploads\/Calicnemia-haksik-male-2-1536x948.webp 1536w\" data-sizes=\"(max-width: 1951px) 100vw, 1951px\" src=\"data:image\/svg+xml;base64,PHN2ZyB3aWR0aD0iMSIgaGVpZ2h0PSIxIiB4bWxucz0iaHR0cDovL3d3dy53My5vcmcvMjAwMC9zdmciPjwvc3ZnPg==\" \/><\/a><figcaption class=\"wp-element-caption\">Calicnemia haksik m\u00e2le, Vietnam, Tam Dao, 2 juin 2018.<\/figcaption><\/figure>\n\n\n\n<p style=\"font-size:15px\">L&rsquo;abdomen du m\u00e2le mesure entre 31 et 34 mm, l&rsquo;insecte entier doit donc atteindre environ 40 mm.<br>Nous ne l&rsquo;avons rencontr\u00e9 qu&rsquo;\u00e0&nbsp;<a href=\"https:\/\/www.google.fr\/maps\/place\/21%C2%B027'29.9%22N+105%C2%B038'36.4%22E\/@21.4583017,105.0831473,180490m\/data=!3m1!1e3!4m5!3m4!1s0x0:0x0!8m2!3d21.4582967!4d105.64345\">Tam Dao<\/a>, le 2 juin 2018, dans un foss\u00e9, alors que nous tentions de rentrer dans un parc et que le gardien refusait d&rsquo;ouvrir la barri\u00e8re&#8230;<br>La r\u00e9partition des couleurs abdominales fait qu&rsquo;il n&rsquo;est pas possible de le confondre avec une&nbsp;autre esp\u00e8ce, du moins parmi les six que nous avons rencontr\u00e9es (le genre compte actuellement 23 esp\u00e8ces, les deux derni\u00e8res ayant \u00e9t\u00e9 d\u00e9crites en 2017).&nbsp;<\/p>\n\n\n\n<p><span style=\"text-decoration: underline;\"><strong>\u00c9tymologie<\/strong><\/span><br \/><strong>Calicnemia<\/strong>\u00a0(Sand, 1928) vient sans doute de la racine grec\u00a0<em>cal<\/em>, qui signifie<em>\u00a0beau<\/em>\u00a0et du grec ancien \u00ab\u00a0<em>kn\u0113m\u0113<\/em>\u00a0\u00bb pour\u00a0<em>jambe<\/em>. Selys avait cr\u00e9\u00e9 le genre Calicnemis (1) en 1863, mais il ignorait que le nom est d\u00e9j\u00e0 \u00ab\u00a0pr\u00e9occup\u00e9\u00a0\u00bb par un\u00a0<a href=\"https:\/\/fr.wikipedia.org\/wiki\/Calicnemis\" target=\"_blank\" rel=\"noreferrer noopener\">col\u00e9opt\u00e8re<\/a>\u00a0depuis 1832. Sand, en 1928, a transform\u00e9 Calicnemis en Calicnemia. Il faut rappeler que cette esp\u00e8ce appartient \u00e0 la famille des Platycnemididae (<em>Platy<\/em>, qui signifie large en grec et le m\u00eame \u00ab\u00a0<em>kn\u0113m\u0113<\/em>\u00a0\u00bb pour\u00a0<em>jambe<\/em>\u00a0qui s\u2019illustre en Europe pour la largeur des tibias des m\u00e2les de nos\u00a0<a href=\"https:\/\/www.meslibellules.fr\/pagesweb\/plactycnemididae\/latipes\/platycnemis-latipes-male-2\/platycnemis-latipes-male-4big.jpg\">Platycnemis latipes)<\/a>.<br \/>Mais en fait, cnemis ou cnemia ne doivent \u00eatre vus que comme un signe d\u2019appartenance au Platycnemididae car Selys pr\u00e9cisait pour les Calicnemis : \u00ab\u00a0Tibias non dilat\u00e9s (comme tous les autres genres [de Platycnemididae], except\u00e9 Platycnemis).<br \/><strong>Haksik<\/strong> : Wilson &amp; Reels (2) \u00e9crivent qu&rsquo;il s&rsquo;agit d&rsquo;une forme romanis\u00e9e du cantonais\u00a0\u00bb \u9ed1\u8272\u00a0\u00bb, qui signifie couleur noire en r\u00e9f\u00e9rence \u00e0 la couleur pr\u00e9dominante du thorax et de l&rsquo;abdomen.<\/p>\n\n\n\n<div style=\"height:39px\" aria-hidden=\"true\" class=\"wp-block-spacer\"><\/div>\n\n\n\n<p>1- Selys, 1863 \u2013&nbsp;<a href=\"https:\/\/www.biodiversitylibrary.org\/item\/132906#page\/44\/mode\/1up\" target=\"_blank\" rel=\"noreferrer noopener\">Synopsis des Agrionines, 4\u00b0 L\u00e9gion Platycnemis<\/a>, p 159.<br>2- Wilson, K.D.P. &amp; G.T. Reels (2003) <a href=\"https:\/\/www.researchgate.net\/publication\/265020358_ODONATA_OF_GUANGXI_ZHUANG_AUTONOMOUS_REGION_CHINA_PART_I_ZYGOPTERA\">Odonata of Guangxi Zhuang Autonomous Region, China, part I: Zygoptera<\/a>. Odonatologica,32 (3), 237\u2013279. P. 265.<\/p>\n\n\n\n<div class=\"wp-block-buttons is-vertical is-layout-flex wp-container-core-buttons-is-layout-fe9cc265 wp-block-buttons-is-layout-flex\">\n<div class=\"wp-block-button\"><a class=\"wp-block-button__link wp-element-button\" href=\"https:\/\/www.meslibellules.fr\/blog\/odonates-du-vietnam-2012-2018\/\">Accueil Vietnam<\/a><\/div>\n\n\n\n<div class=\"wp-block-button\"><a class=\"wp-block-button__link wp-element-button\" href=\"http:\/\/www.meslibellules.fr\/pagesweb\/divers\/liste-generale-odonates-du-site\/asia-odonates.php\">Liste Asie<\/a><\/div>\n\n\n\n<div class=\"wp-block-button\"><a class=\"wp-block-button__link wp-element-button\" href=\"https:\/\/www.meslibellules.fr\/blog\/\">Accueil<\/a><\/div>\n<\/div>\n","protected":false},"excerpt":{"rendered":"<p>Calicnemia haksik a \u00e9t\u00e9 d\u00e9crit \u00e0 partir d&rsquo;un sujet de Chine et en 2006 sa distribution n&rsquo;\u00e9tait reconnue que dans les provinces chinoises du Guanxi et Hunan, c&rsquo;est-\u00e0-dire deux provinces situ\u00e9es au nord-est du Vietnam. Calicnemia haksik a d&rsquo;ailleurs d&rsquo;abord \u00e9t\u00e9 confondu avec C. mortoni&nbsp; et les deux esp\u00e8ces sont ins\u00e9parables sans un examen des [&hellip;]<\/p>\n","protected":false},"author":1,"featured_media":0,"comment_status":"open","ping_status":"open","sticky":false,"template":"","format":"image","meta":{"site-sidebar-layout":"default","site-content-layout":"","ast-site-content-layout":"default","site-content-style":"default","site-sidebar-style":"default","ast-global-header-display":"","ast-banner-title-visibility":"","ast-main-header-display":"","ast-hfb-above-header-display":"","ast-hfb-below-header-display":"","ast-hfb-mobile-header-display":"","site-post-title":"","ast-breadcrumbs-content":"","ast-featured-img":"","footer-sml-layout":"","ast-disable-related-posts":"","theme-transparent-header-meta":"","adv-header-id-meta":"","stick-header-meta":"","header-above-stick-meta":"","header-main-stick-meta":"","header-below-stick-meta":"","astra-migrate-meta-layouts":"set","ast-page-background-enabled":"default","ast-page-background-meta":{"desktop":{"background-color":"var(--ast-global-color-4)","background-image":"","background-repeat":"repeat","background-position":"center center","background-size":"auto","background-attachment":"scroll","background-type":"","background-media":"","overlay-type":"","overlay-color":"","overlay-opacity":"","overlay-gradient":""},"tablet":{"background-color":"","background-image":"","background-repeat":"repeat","background-position":"center center","background-size":"auto","background-attachment":"scroll","background-type":"","background-media":"","overlay-type":"","overlay-color":"","overlay-opacity":"","overlay-gradient":""},"mobile":{"background-color":"","background-image":"","background-repeat":"repeat","background-position":"center center","background-size":"auto","background-attachment":"scroll","background-type":"","background-media":"","overlay-type":"","overlay-color":"","overlay-opacity":"","overlay-gradient":""}},"ast-content-background-meta":{"desktop":{"background-color":"var(--ast-global-color-5)","background-image":"","background-repeat":"repeat","background-position":"center center","background-size":"auto","background-attachment":"scroll","background-type":"","background-media":"","overlay-type":"","overlay-color":"","overlay-opacity":"","overlay-gradient":""},"tablet":{"background-color":"var(--ast-global-color-5)","background-image":"","background-repeat":"repeat","background-position":"center center","background-size":"auto","background-attachment":"scroll","background-type":"","background-media":"","overlay-type":"","overlay-color":"","overlay-opacity":"","overlay-gradient":""},"mobile":{"background-color":"var(--ast-global-color-5)","background-image":"","background-repeat":"repeat","background-position":"center center","background-size":"auto","background-attachment":"scroll","background-type":"","background-media":"","overlay-type":"","overlay-color":"","overlay-opacity":"","overlay-gradient":""}},"footnotes":""},"categories":[16],"tags":[],"class_list":["post-491","post","type-post","status-publish","format-image","hentry","category-platycnemididae","post_format-post-format-image"],"yoast_head":"<!-- This site is optimized with the Yoast SEO plugin v27.5 - https:\/\/yoast.com\/product\/yoast-seo-wordpress\/ -->\n<title>Calicnemia haksik - Mes Libellules<\/title>\n<meta name=\"description\" content=\"Calicnemia haksik m\u00e2le au Vietnam, identification, description, habitat, distribution g\u00e9ographique, \u00e9tymologie\" \/>\n<meta name=\"robots\" content=\"index, follow, max-snippet:-1, max-image-preview:large, max-video-preview:-1\" \/>\n<link rel=\"canonical\" href=\"https:\/\/www.meslibellules.fr\/blog\/2018\/09\/04\/calicnemia-haksik\/\" \/>\n<meta property=\"og:locale\" content=\"fr_FR\" \/>\n<meta property=\"og:type\" content=\"article\" \/>\n<meta property=\"og:title\" content=\"Calicnemia haksik - Mes Libellules\" \/>\n<meta property=\"og:description\" content=\"Calicnemia haksik m\u00e2le au Vietnam, identification, description, habitat, distribution g\u00e9ographique, \u00e9tymologie\" \/>\n<meta property=\"og:url\" content=\"https:\/\/www.meslibellules.fr\/blog\/2018\/09\/04\/calicnemia-haksik\/\" \/>\n<meta property=\"og:site_name\" content=\"Mes Libellules\" \/>\n<meta property=\"article:publisher\" content=\"https:\/\/www.facebook.com\/benoit.guillon.96\/\" \/>\n<meta property=\"article:author\" content=\"https:\/\/www.facebook.com\/benoit.guillon.96\/\" \/>\n<meta property=\"article:published_time\" content=\"2018-09-04T20:29:08+00:00\" \/>\n<meta property=\"article:modified_time\" content=\"2025-02-16T17:00:14+00:00\" \/>\n<meta property=\"og:image\" content=\"https:\/\/www.meslibellules.fr\/blog\/wp-content\/uploads\/Calicnemia-haksik-male-1.webp\" \/>\n\t<meta property=\"og:image:width\" content=\"2468\" \/>\n\t<meta property=\"og:image:height\" content=\"1504\" \/>\n\t<meta property=\"og:image:type\" content=\"image\/webp\" \/>\n<meta name=\"author\" content=\"Beno\u00eet Guillon\" \/>\n<meta name=\"twitter:card\" content=\"summary_large_image\" \/>\n<meta name=\"twitter:label1\" content=\"\u00c9crit par\" \/>\n\t<meta name=\"twitter:data1\" content=\"Beno\u00eet Guillon\" \/>\n\t<meta name=\"twitter:label2\" content=\"Dur\u00e9e de lecture estim\u00e9e\" \/>\n\t<meta name=\"twitter:data2\" content=\"4 minutes\" \/>\n<script type=\"application\/ld+json\" class=\"yoast-schema-graph\">{\"@context\":\"https:\\\/\\\/schema.org\",\"@graph\":[{\"@type\":\"Article\",\"@id\":\"https:\\\/\\\/www.meslibellules.fr\\\/blog\\\/2018\\\/09\\\/04\\\/calicnemia-haksik\\\/#article\",\"isPartOf\":{\"@id\":\"https:\\\/\\\/www.meslibellules.fr\\\/blog\\\/2018\\\/09\\\/04\\\/calicnemia-haksik\\\/\"},\"author\":{\"name\":\"Beno\u00eet Guillon\",\"@id\":\"https:\\\/\\\/www.meslibellules.fr\\\/blog\\\/#\\\/schema\\\/person\\\/9aa3586f9dd053fcf329f43b8b053c77\"},\"headline\":\"Vietnam 2018 &#8211; Calicnemia haksik (Wilson &#038; Reels, 2003)\",\"datePublished\":\"2018-09-04T20:29:08+00:00\",\"dateModified\":\"2025-02-16T17:00:14+00:00\",\"mainEntityOfPage\":{\"@id\":\"https:\\\/\\\/www.meslibellules.fr\\\/blog\\\/2018\\\/09\\\/04\\\/calicnemia-haksik\\\/\"},\"wordCount\":512,\"commentCount\":0,\"publisher\":{\"@id\":\"https:\\\/\\\/www.meslibellules.fr\\\/blog\\\/#\\\/schema\\\/person\\\/9aa3586f9dd053fcf329f43b8b053c77\"},\"image\":{\"@id\":\"https:\\\/\\\/www.meslibellules.fr\\\/blog\\\/2018\\\/09\\\/04\\\/calicnemia-haksik\\\/#primaryimage\"},\"thumbnailUrl\":\"https:\\\/\\\/www.meslibellules.fr\\\/blog\\\/wp-content\\\/uploads\\\/Calicnemia-haksik-male-1.webp\",\"articleSection\":[\"Platycnemididae\"],\"inLanguage\":\"fr-FR\",\"potentialAction\":[{\"@type\":\"CommentAction\",\"name\":\"Comment\",\"target\":[\"https:\\\/\\\/www.meslibellules.fr\\\/blog\\\/2018\\\/09\\\/04\\\/calicnemia-haksik\\\/#respond\"]}]},{\"@type\":\"WebPage\",\"@id\":\"https:\\\/\\\/www.meslibellules.fr\\\/blog\\\/2018\\\/09\\\/04\\\/calicnemia-haksik\\\/\",\"url\":\"https:\\\/\\\/www.meslibellules.fr\\\/blog\\\/2018\\\/09\\\/04\\\/calicnemia-haksik\\\/\",\"name\":\"Calicnemia haksik - Mes Libellules\",\"isPartOf\":{\"@id\":\"https:\\\/\\\/www.meslibellules.fr\\\/blog\\\/#website\"},\"primaryImageOfPage\":{\"@id\":\"https:\\\/\\\/www.meslibellules.fr\\\/blog\\\/2018\\\/09\\\/04\\\/calicnemia-haksik\\\/#primaryimage\"},\"image\":{\"@id\":\"https:\\\/\\\/www.meslibellules.fr\\\/blog\\\/2018\\\/09\\\/04\\\/calicnemia-haksik\\\/#primaryimage\"},\"thumbnailUrl\":\"https:\\\/\\\/www.meslibellules.fr\\\/blog\\\/wp-content\\\/uploads\\\/Calicnemia-haksik-male-1.webp\",\"datePublished\":\"2018-09-04T20:29:08+00:00\",\"dateModified\":\"2025-02-16T17:00:14+00:00\",\"description\":\"Calicnemia haksik m\u00e2le au Vietnam, identification, description, habitat, distribution g\u00e9ographique, \u00e9tymologie\",\"breadcrumb\":{\"@id\":\"https:\\\/\\\/www.meslibellules.fr\\\/blog\\\/2018\\\/09\\\/04\\\/calicnemia-haksik\\\/#breadcrumb\"},\"inLanguage\":\"fr-FR\",\"potentialAction\":[{\"@type\":\"ReadAction\",\"target\":[\"https:\\\/\\\/www.meslibellules.fr\\\/blog\\\/2018\\\/09\\\/04\\\/calicnemia-haksik\\\/\"]}]},{\"@type\":\"ImageObject\",\"inLanguage\":\"fr-FR\",\"@id\":\"https:\\\/\\\/www.meslibellules.fr\\\/blog\\\/2018\\\/09\\\/04\\\/calicnemia-haksik\\\/#primaryimage\",\"url\":\"https:\\\/\\\/www.meslibellules.fr\\\/blog\\\/wp-content\\\/uploads\\\/Calicnemia-haksik-male-1.webp\",\"contentUrl\":\"https:\\\/\\\/www.meslibellules.fr\\\/blog\\\/wp-content\\\/uploads\\\/Calicnemia-haksik-male-1.webp\"},{\"@type\":\"BreadcrumbList\",\"@id\":\"https:\\\/\\\/www.meslibellules.fr\\\/blog\\\/2018\\\/09\\\/04\\\/calicnemia-haksik\\\/#breadcrumb\",\"itemListElement\":[{\"@type\":\"ListItem\",\"position\":1,\"name\":\"Accueil\",\"item\":\"https:\\\/\\\/www.meslibellules.fr\\\/blog\\\/\"},{\"@type\":\"ListItem\",\"position\":2,\"name\":\"Vietnam 2018 &#8211; Calicnemia haksik (Wilson &#038; Reels, 2003)\"}]},{\"@type\":\"WebSite\",\"@id\":\"https:\\\/\\\/www.meslibellules.fr\\\/blog\\\/#website\",\"url\":\"https:\\\/\\\/www.meslibellules.fr\\\/blog\\\/\",\"name\":\"Mes Libellules\",\"description\":\"Pr\u00e9sentation des libellules rencontr\u00e9es dans le monde\",\"publisher\":{\"@id\":\"https:\\\/\\\/www.meslibellules.fr\\\/blog\\\/#\\\/schema\\\/person\\\/9aa3586f9dd053fcf329f43b8b053c77\"},\"potentialAction\":[{\"@type\":\"SearchAction\",\"target\":{\"@type\":\"EntryPoint\",\"urlTemplate\":\"https:\\\/\\\/www.meslibellules.fr\\\/blog\\\/?s={search_term_string}\"},\"query-input\":{\"@type\":\"PropertyValueSpecification\",\"valueRequired\":true,\"valueName\":\"search_term_string\"}}],\"inLanguage\":\"fr-FR\"},{\"@type\":[\"Person\",\"Organization\"],\"@id\":\"https:\\\/\\\/www.meslibellules.fr\\\/blog\\\/#\\\/schema\\\/person\\\/9aa3586f9dd053fcf329f43b8b053c77\",\"name\":\"Beno\u00eet Guillon\",\"image\":{\"@type\":\"ImageObject\",\"inLanguage\":\"fr-FR\",\"@id\":\"https:\\\/\\\/www.meslibellules.fr\\\/blog\\\/wp-content\\\/uploads\\\/cropped-avatar-150-pix.jpg\",\"url\":\"https:\\\/\\\/www.meslibellules.fr\\\/blog\\\/wp-content\\\/uploads\\\/cropped-avatar-150-pix.jpg\",\"contentUrl\":\"https:\\\/\\\/www.meslibellules.fr\\\/blog\\\/wp-content\\\/uploads\\\/cropped-avatar-150-pix.jpg\",\"width\":150,\"height\":137,\"caption\":\"Beno\u00eet Guillon\"},\"logo\":{\"@id\":\"https:\\\/\\\/www.meslibellules.fr\\\/blog\\\/wp-content\\\/uploads\\\/cropped-avatar-150-pix.jpg\"},\"sameAs\":[\"https:\\\/\\\/www.facebook.com\\\/benoit.guillon.96\\\/\"]}]}<\/script>\n<!-- \/ Yoast SEO plugin. -->","yoast_head_json":{"title":"Calicnemia haksik - Mes Libellules","description":"Calicnemia haksik m\u00e2le au Vietnam, identification, description, habitat, distribution g\u00e9ographique, \u00e9tymologie","robots":{"index":"index","follow":"follow","max-snippet":"max-snippet:-1","max-image-preview":"max-image-preview:large","max-video-preview":"max-video-preview:-1"},"canonical":"https:\/\/www.meslibellules.fr\/blog\/2018\/09\/04\/calicnemia-haksik\/","og_locale":"fr_FR","og_type":"article","og_title":"Calicnemia haksik - Mes Libellules","og_description":"Calicnemia haksik m\u00e2le au Vietnam, identification, description, habitat, distribution g\u00e9ographique, \u00e9tymologie","og_url":"https:\/\/www.meslibellules.fr\/blog\/2018\/09\/04\/calicnemia-haksik\/","og_site_name":"Mes Libellules","article_publisher":"https:\/\/www.facebook.com\/benoit.guillon.96\/","article_author":"https:\/\/www.facebook.com\/benoit.guillon.96\/","article_published_time":"2018-09-04T20:29:08+00:00","article_modified_time":"2025-02-16T17:00:14+00:00","og_image":[{"width":2468,"height":1504,"url":"https:\/\/www.meslibellules.fr\/blog\/wp-content\/uploads\/Calicnemia-haksik-male-1.webp","type":"image\/webp"}],"author":"Beno\u00eet Guillon","twitter_card":"summary_large_image","twitter_misc":{"\u00c9crit par":"Beno\u00eet Guillon","Dur\u00e9e de lecture estim\u00e9e":"4 minutes"},"schema":{"@context":"https:\/\/schema.org","@graph":[{"@type":"Article","@id":"https:\/\/www.meslibellules.fr\/blog\/2018\/09\/04\/calicnemia-haksik\/#article","isPartOf":{"@id":"https:\/\/www.meslibellules.fr\/blog\/2018\/09\/04\/calicnemia-haksik\/"},"author":{"name":"Beno\u00eet Guillon","@id":"https:\/\/www.meslibellules.fr\/blog\/#\/schema\/person\/9aa3586f9dd053fcf329f43b8b053c77"},"headline":"Vietnam 2018 &#8211; Calicnemia haksik (Wilson &#038; Reels, 2003)","datePublished":"2018-09-04T20:29:08+00:00","dateModified":"2025-02-16T17:00:14+00:00","mainEntityOfPage":{"@id":"https:\/\/www.meslibellules.fr\/blog\/2018\/09\/04\/calicnemia-haksik\/"},"wordCount":512,"commentCount":0,"publisher":{"@id":"https:\/\/www.meslibellules.fr\/blog\/#\/schema\/person\/9aa3586f9dd053fcf329f43b8b053c77"},"image":{"@id":"https:\/\/www.meslibellules.fr\/blog\/2018\/09\/04\/calicnemia-haksik\/#primaryimage"},"thumbnailUrl":"https:\/\/www.meslibellules.fr\/blog\/wp-content\/uploads\/Calicnemia-haksik-male-1.webp","articleSection":["Platycnemididae"],"inLanguage":"fr-FR","potentialAction":[{"@type":"CommentAction","name":"Comment","target":["https:\/\/www.meslibellules.fr\/blog\/2018\/09\/04\/calicnemia-haksik\/#respond"]}]},{"@type":"WebPage","@id":"https:\/\/www.meslibellules.fr\/blog\/2018\/09\/04\/calicnemia-haksik\/","url":"https:\/\/www.meslibellules.fr\/blog\/2018\/09\/04\/calicnemia-haksik\/","name":"Calicnemia haksik - Mes Libellules","isPartOf":{"@id":"https:\/\/www.meslibellules.fr\/blog\/#website"},"primaryImageOfPage":{"@id":"https:\/\/www.meslibellules.fr\/blog\/2018\/09\/04\/calicnemia-haksik\/#primaryimage"},"image":{"@id":"https:\/\/www.meslibellules.fr\/blog\/2018\/09\/04\/calicnemia-haksik\/#primaryimage"},"thumbnailUrl":"https:\/\/www.meslibellules.fr\/blog\/wp-content\/uploads\/Calicnemia-haksik-male-1.webp","datePublished":"2018-09-04T20:29:08+00:00","dateModified":"2025-02-16T17:00:14+00:00","description":"Calicnemia haksik m\u00e2le au Vietnam, identification, description, habitat, distribution g\u00e9ographique, \u00e9tymologie","breadcrumb":{"@id":"https:\/\/www.meslibellules.fr\/blog\/2018\/09\/04\/calicnemia-haksik\/#breadcrumb"},"inLanguage":"fr-FR","potentialAction":[{"@type":"ReadAction","target":["https:\/\/www.meslibellules.fr\/blog\/2018\/09\/04\/calicnemia-haksik\/"]}]},{"@type":"ImageObject","inLanguage":"fr-FR","@id":"https:\/\/www.meslibellules.fr\/blog\/2018\/09\/04\/calicnemia-haksik\/#primaryimage","url":"https:\/\/www.meslibellules.fr\/blog\/wp-content\/uploads\/Calicnemia-haksik-male-1.webp","contentUrl":"https:\/\/www.meslibellules.fr\/blog\/wp-content\/uploads\/Calicnemia-haksik-male-1.webp"},{"@type":"BreadcrumbList","@id":"https:\/\/www.meslibellules.fr\/blog\/2018\/09\/04\/calicnemia-haksik\/#breadcrumb","itemListElement":[{"@type":"ListItem","position":1,"name":"Accueil","item":"https:\/\/www.meslibellules.fr\/blog\/"},{"@type":"ListItem","position":2,"name":"Vietnam 2018 &#8211; Calicnemia haksik (Wilson &#038; Reels, 2003)"}]},{"@type":"WebSite","@id":"https:\/\/www.meslibellules.fr\/blog\/#website","url":"https:\/\/www.meslibellules.fr\/blog\/","name":"Mes Libellules","description":"Pr\u00e9sentation des libellules rencontr\u00e9es dans le monde","publisher":{"@id":"https:\/\/www.meslibellules.fr\/blog\/#\/schema\/person\/9aa3586f9dd053fcf329f43b8b053c77"},"potentialAction":[{"@type":"SearchAction","target":{"@type":"EntryPoint","urlTemplate":"https:\/\/www.meslibellules.fr\/blog\/?s={search_term_string}"},"query-input":{"@type":"PropertyValueSpecification","valueRequired":true,"valueName":"search_term_string"}}],"inLanguage":"fr-FR"},{"@type":["Person","Organization"],"@id":"https:\/\/www.meslibellules.fr\/blog\/#\/schema\/person\/9aa3586f9dd053fcf329f43b8b053c77","name":"Beno\u00eet Guillon","image":{"@type":"ImageObject","inLanguage":"fr-FR","@id":"https:\/\/www.meslibellules.fr\/blog\/wp-content\/uploads\/cropped-avatar-150-pix.jpg","url":"https:\/\/www.meslibellules.fr\/blog\/wp-content\/uploads\/cropped-avatar-150-pix.jpg","contentUrl":"https:\/\/www.meslibellules.fr\/blog\/wp-content\/uploads\/cropped-avatar-150-pix.jpg","width":150,"height":137,"caption":"Beno\u00eet Guillon"},"logo":{"@id":"https:\/\/www.meslibellules.fr\/blog\/wp-content\/uploads\/cropped-avatar-150-pix.jpg"},"sameAs":["https:\/\/www.facebook.com\/benoit.guillon.96\/"]}]}},"_links":{"self":[{"href":"https:\/\/www.meslibellules.fr\/blog\/wp-json\/wp\/v2\/posts\/491","targetHints":{"allow":["GET"]}}],"collection":[{"href":"https:\/\/www.meslibellules.fr\/blog\/wp-json\/wp\/v2\/posts"}],"about":[{"href":"https:\/\/www.meslibellules.fr\/blog\/wp-json\/wp\/v2\/types\/post"}],"author":[{"embeddable":true,"href":"https:\/\/www.meslibellules.fr\/blog\/wp-json\/wp\/v2\/users\/1"}],"replies":[{"embeddable":true,"href":"https:\/\/www.meslibellules.fr\/blog\/wp-json\/wp\/v2\/comments?post=491"}],"version-history":[{"count":3,"href":"https:\/\/www.meslibellules.fr\/blog\/wp-json\/wp\/v2\/posts\/491\/revisions"}],"predecessor-version":[{"id":23813,"href":"https:\/\/www.meslibellules.fr\/blog\/wp-json\/wp\/v2\/posts\/491\/revisions\/23813"}],"wp:attachment":[{"href":"https:\/\/www.meslibellules.fr\/blog\/wp-json\/wp\/v2\/media?parent=491"}],"wp:term":[{"taxonomy":"category","embeddable":true,"href":"https:\/\/www.meslibellules.fr\/blog\/wp-json\/wp\/v2\/categories?post=491"},{"taxonomy":"post_tag","embeddable":true,"href":"https:\/\/www.meslibellules.fr\/blog\/wp-json\/wp\/v2\/tags?post=491"}],"curies":[{"name":"wp","href":"https:\/\/api.w.org\/{rel}","templated":true}]}}