{"id":5040,"date":"2020-03-07T08:44:01","date_gmt":"2020-03-07T07:44:01","guid":{"rendered":"http:\/\/www.meslibellules.fr\/blog\/?p=5040"},"modified":"2024-10-14T18:47:39","modified_gmt":"2024-10-14T16:47:39","slug":"namibie-agriocnemis-ruberrima-albifrons-balinski-1963","status":"publish","type":"post","link":"https:\/\/www.meslibellules.fr\/blog\/2020\/03\/07\/namibie-agriocnemis-ruberrima-albifrons-balinski-1963\/","title":{"rendered":"Namibie &#8211; Agriocnemis ruberrima albifrons (Balinski, 1963)"},"content":{"rendered":"\n<div class=\"wp-block-image\"><figure class=\"aligncenter size-large is-resized\"><a href=\"https:\/\/www.meslibellules.fr\/blog\/wp-content\/uploads\/agriocnemis-ruberrima-2.jpg\"><img decoding=\"async\" data-src=\"https:\/\/www.meslibellules.fr\/blog\/wp-content\/uploads\/agriocnemis-ruberrima-2.jpg\" alt=\"Agriocnemis ruberrima albifrons,Namibie, Parc National de Bwabwata, Bum Hill, 14\/02\/2020\" class=\"wp-image-5043 lazyload\" width=\"382\" height=\"399\" data-srcset=\"https:\/\/www.meslibellules.fr\/blog\/wp-content\/uploads\/\/agriocnemis-ruberrima-2.jpg 1149w, https:\/\/www.meslibellules.fr\/blog\/wp-content\/uploads\/\/agriocnemis-ruberrima-2-768x805.jpg 768w\" data-sizes=\"(max-width: 382px) 100vw, 382px\" src=\"data:image\/svg+xml;base64,PHN2ZyB3aWR0aD0iMSIgaGVpZ2h0PSIxIiB4bWxucz0iaHR0cDovL3d3dy53My5vcmcvMjAwMC9zdmciPjwvc3ZnPg==\" style=\"--smush-placeholder-width: 382px; --smush-placeholder-aspect-ratio: 382\/399;\" \/><\/a><figcaption>Agriocnemis ruberrima albifrons, Namibie, Parc National de Bwabwata, Kwando River, Bum Hill, 14\/02\/2020<\/figcaption><\/figure><\/div>\n\n\n\n<p style=\"font-size:14px\">Cet petit Agriocnemis semble poser (en tout cas pour moi) un probl\u00e8me de taxonomie. Il s&rsquo;agirait de la sous-esp\u00e8ce <em>albifrons<\/em> d&rsquo;Agriocnemis ruberrima.  <em>Albifrons<\/em>, on comprend bien pourquoi, son front est en effet couvert d&rsquo;une pruinosit\u00e9 blanch\u00e2tre.<br><em>Ruberrima<\/em> pas contre est relatif \u00e0 l&rsquo;abdomen rouge de l&rsquo;esp\u00e8ce, or ici, il n&rsquo;est pas plus rouge que les autres esp\u00e8ces rencontr\u00e9es, A. exilis, A. victoria ou A. gratiosa.<br>L&rsquo;esp\u00e8ce nominale Agriocnemis ruberrima (localis\u00e9e \u00e0 la c\u00f4te est de l&rsquo;Afrique du Sud) n&rsquo;a pas le front blanc et montre en effet un abdomen compl\u00e8tement rouge orang\u00e9 (m\u00eame \u00e0 maturit\u00e9) sauf les 2 premiers segments verts lat\u00e9ralement sombres au dessus et la moiti\u00e9 du 3\u00b0 sombre&#8230; <br>Sur le site de l&rsquo;<a rel=\"noreferrer noopener\" aria-label=\"ADDO (opens in a new tab)\" href=\"http:\/\/addo.adu.org.za\/index.php?taxon_id=24800\" target=\"_blank\">ADDO<\/a>, qui fait r\u00e9f\u00e9rence, c&rsquo;est cette \u00ab\u00a0<em>sous-esp\u00e8ce<\/em>\u00a0\u00bb \u00e0 front blanc qui illustre Agriocnemis ruberrima (sans qu&rsquo;il soit ajout\u00e9 albifrons)&#8230; mais la carte de r\u00e9partition inclus la forme Sud Africaine sans front blanc et \u00e0 abdomen rouge!<br>Je suis bien s\u00fbr incapable de trancher mais il semblerait logique d&rsquo;en faire 2 esp\u00e8ces diff\u00e9rentes.<br><br><\/p>\n\n\n\n<figure class=\"wp-block-image size-large is-resized\"><a href=\"https:\/\/www.meslibellules.fr\/blog\/wp-content\/uploads\/agriocnemis-ruberrima-1.jpg\"><img decoding=\"async\" data-src=\"https:\/\/www.meslibellules.fr\/blog\/wp-content\/uploads\/agriocnemis-ruberrima-1.jpg\" alt=\"Agriocnemis ruberrima albifrons,Namibie, Parc National de Bwabwata, Bum Hill, 14\/02\/2020\" class=\"wp-image-5042 lazyload\" width=\"615\" data-srcset=\"https:\/\/www.meslibellules.fr\/blog\/wp-content\/uploads\/\/agriocnemis-ruberrima-1.jpg 1613w, https:\/\/www.meslibellules.fr\/blog\/wp-content\/uploads\/\/agriocnemis-ruberrima-1-768x272.jpg 768w, https:\/\/www.meslibellules.fr\/blog\/wp-content\/uploads\/\/agriocnemis-ruberrima-1-1536x544.jpg 1536w, https:\/\/www.meslibellules.fr\/blog\/wp-content\/uploads\/\/agriocnemis-ruberrima-1-1200x425.jpg 1200w\" data-sizes=\"(max-width: 1613px) 100vw, 1613px\" src=\"data:image\/svg+xml;base64,PHN2ZyB3aWR0aD0iMSIgaGVpZ2h0PSIxIiB4bWxucz0iaHR0cDovL3d3dy53My5vcmcvMjAwMC9zdmciPjwvc3ZnPg==\" style=\"--smush-placeholder-width: 1613px; --smush-placeholder-aspect-ratio: 1613\/571;\" \/><\/a><figcaption>Agriocnemis ruberrima albifrons, Namibie, Parc National de Bwabwata, Kwando River, Bum Hill, 14\/02\/2020 (rotation de la photo pour un plus grand affichage)<\/figcaption><\/figure>\n\n\n\n<p style=\"font-size:15px\">Je n&rsquo;ai malheureusement qu&rsquo;une s\u00e9rie de photos toutes sous le m\u00eame angle; ils naviguent parmi les herbes hautes, dans une zone mar\u00e9cageuse de la Kwando River, et ils sont si petits, 21 mm,  que d\u00e8s qu&rsquo;ils bougent ils disparaissent dans la v\u00e9g\u00e9tation dense.<br>Il n&rsquo;est connu, sous cette forme \u00e0 front blanc, que de cette r\u00e9gion de la bande de Caprivi en Namibie, mais aussi dans le delta de l&rsquo;Okavango (Botswana) et en Zambie (?). <\/p>\n\n\n\n\n\n<div class=\"wp-block-buttons is-layout-flex wp-block-buttons-is-layout-flex\">\n<div class=\"wp-block-button\"><a class=\"wp-block-button__link wp-element-button\" href=\"https:\/\/www.meslibellules.fr\/blog\/odonates-de-namibie-namibian-odonates\/\">Accueil Namibie<\/a><\/div>\n<\/div>\n","protected":false},"excerpt":{"rendered":"<p>Cet petit Agriocnemis semble poser (en tout cas pour moi) un probl\u00e8me de taxonomie. Il s&rsquo;agirait de la sous-esp\u00e8ce albifrons d&rsquo;Agriocnemis ruberrima. Albifrons, on comprend bien pourquoi, son front est en effet couvert d&rsquo;une pruinosit\u00e9 blanch\u00e2tre.Ruberrima pas contre est relatif \u00e0 l&rsquo;abdomen rouge de l&rsquo;esp\u00e8ce, or ici, il n&rsquo;est pas plus rouge que les autres [&hellip;]<\/p>\n","protected":false},"author":1,"featured_media":0,"comment_status":"open","ping_status":"open","sticky":false,"template":"","format":"image","meta":{"site-sidebar-layout":"default","site-content-layout":"","ast-site-content-layout":"default","site-content-style":"default","site-sidebar-style":"default","ast-global-header-display":"","ast-banner-title-visibility":"","ast-main-header-display":"","ast-hfb-above-header-display":"","ast-hfb-below-header-display":"","ast-hfb-mobile-header-display":"","site-post-title":"","ast-breadcrumbs-content":"","ast-featured-img":"","footer-sml-layout":"","ast-disable-related-posts":"","theme-transparent-header-meta":"","adv-header-id-meta":"","stick-header-meta":"","header-above-stick-meta":"","header-main-stick-meta":"","header-below-stick-meta":"","astra-migrate-meta-layouts":"set","ast-page-background-enabled":"default","ast-page-background-meta":{"desktop":{"background-color":"var(--ast-global-color-4)","background-image":"","background-repeat":"repeat","background-position":"center center","background-size":"auto","background-attachment":"scroll","background-type":"","background-media":"","overlay-type":"","overlay-color":"","overlay-opacity":"","overlay-gradient":""},"tablet":{"background-color":"","background-image":"","background-repeat":"repeat","background-position":"center center","background-size":"auto","background-attachment":"scroll","background-type":"","background-media":"","overlay-type":"","overlay-color":"","overlay-opacity":"","overlay-gradient":""},"mobile":{"background-color":"","background-image":"","background-repeat":"repeat","background-position":"center center","background-size":"auto","background-attachment":"scroll","background-type":"","background-media":"","overlay-type":"","overlay-color":"","overlay-opacity":"","overlay-gradient":""}},"ast-content-background-meta":{"desktop":{"background-color":"var(--ast-global-color-5)","background-image":"","background-repeat":"repeat","background-position":"center center","background-size":"auto","background-attachment":"scroll","background-type":"","background-media":"","overlay-type":"","overlay-color":"","overlay-opacity":"","overlay-gradient":""},"tablet":{"background-color":"var(--ast-global-color-5)","background-image":"","background-repeat":"repeat","background-position":"center center","background-size":"auto","background-attachment":"scroll","background-type":"","background-media":"","overlay-type":"","overlay-color":"","overlay-opacity":"","overlay-gradient":""},"mobile":{"background-color":"var(--ast-global-color-5)","background-image":"","background-repeat":"repeat","background-position":"center center","background-size":"auto","background-attachment":"scroll","background-type":"","background-media":"","overlay-type":"","overlay-color":"","overlay-opacity":"","overlay-gradient":""}},"footnotes":""},"categories":[281,274],"tags":[276],"class_list":["post-5040","post","type-post","status-publish","format-image","hentry","category-coenagrionidae-namibie-2","category-namibie","tag-odonates-de-namibie-namibian-odonates","post_format-post-format-image"],"yoast_head":"<!-- This site is optimized with the Yoast SEO plugin v27.5 - https:\/\/yoast.com\/product\/yoast-seo-wordpress\/ -->\n<title>Agriocnemis ruberrima - Mes Libellules<\/title>\n<meta name=\"description\" content=\"Agriocnemis ruberrima m\u00e2le en Namibie, description, identification, taille, habitat, distribution g\u00e9ographique\" \/>\n<meta name=\"robots\" content=\"index, follow, max-snippet:-1, max-image-preview:large, max-video-preview:-1\" \/>\n<link rel=\"canonical\" href=\"https:\/\/www.meslibellules.fr\/blog\/2020\/03\/07\/namibie-agriocnemis-ruberrima-albifrons-balinski-1963\/\" \/>\n<meta property=\"og:locale\" content=\"fr_FR\" \/>\n<meta property=\"og:type\" content=\"article\" \/>\n<meta property=\"og:title\" content=\"Agriocnemis ruberrima - Mes Libellules\" \/>\n<meta property=\"og:description\" content=\"Agriocnemis ruberrima m\u00e2le en Namibie, description, identification, taille, habitat, distribution g\u00e9ographique\" \/>\n<meta property=\"og:url\" content=\"https:\/\/www.meslibellules.fr\/blog\/2020\/03\/07\/namibie-agriocnemis-ruberrima-albifrons-balinski-1963\/\" \/>\n<meta property=\"og:site_name\" content=\"Mes Libellules\" \/>\n<meta property=\"article:publisher\" content=\"https:\/\/www.facebook.com\/benoit.guillon.96\/\" \/>\n<meta property=\"article:author\" content=\"https:\/\/www.facebook.com\/benoit.guillon.96\/\" \/>\n<meta property=\"article:published_time\" content=\"2020-03-07T07:44:01+00:00\" \/>\n<meta property=\"article:modified_time\" content=\"2024-10-14T16:47:39+00:00\" \/>\n<meta property=\"og:image\" content=\"http:\/\/www.meslibellules.fr\/blog\/wp-content\/uploads\/agriocnemis-ruberrima-2.jpg\" \/>\n<meta name=\"author\" content=\"Beno\u00eet Guillon\" \/>\n<meta name=\"twitter:card\" content=\"summary_large_image\" \/>\n<meta name=\"twitter:label1\" content=\"\u00c9crit par\" \/>\n\t<meta name=\"twitter:data1\" content=\"Beno\u00eet Guillon\" \/>\n\t<meta name=\"twitter:label2\" content=\"Dur\u00e9e de lecture estim\u00e9e\" \/>\n\t<meta name=\"twitter:data2\" content=\"6 minutes\" \/>\n<script type=\"application\/ld+json\" class=\"yoast-schema-graph\">{\"@context\":\"https:\\\/\\\/schema.org\",\"@graph\":[{\"@type\":\"Article\",\"@id\":\"https:\\\/\\\/www.meslibellules.fr\\\/blog\\\/2020\\\/03\\\/07\\\/namibie-agriocnemis-ruberrima-albifrons-balinski-1963\\\/#article\",\"isPartOf\":{\"@id\":\"https:\\\/\\\/www.meslibellules.fr\\\/blog\\\/2020\\\/03\\\/07\\\/namibie-agriocnemis-ruberrima-albifrons-balinski-1963\\\/\"},\"author\":{\"name\":\"Beno\u00eet Guillon\",\"@id\":\"https:\\\/\\\/www.meslibellules.fr\\\/blog\\\/#\\\/schema\\\/person\\\/9aa3586f9dd053fcf329f43b8b053c77\"},\"headline\":\"Namibie &#8211; Agriocnemis ruberrima albifrons (Balinski, 1963)\",\"datePublished\":\"2020-03-07T07:44:01+00:00\",\"dateModified\":\"2024-10-14T16:47:39+00:00\",\"mainEntityOfPage\":{\"@id\":\"https:\\\/\\\/www.meslibellules.fr\\\/blog\\\/2020\\\/03\\\/07\\\/namibie-agriocnemis-ruberrima-albifrons-balinski-1963\\\/\"},\"wordCount\":314,\"commentCount\":0,\"publisher\":{\"@id\":\"https:\\\/\\\/www.meslibellules.fr\\\/blog\\\/#\\\/schema\\\/person\\\/9aa3586f9dd053fcf329f43b8b053c77\"},\"image\":{\"@id\":\"https:\\\/\\\/www.meslibellules.fr\\\/blog\\\/2020\\\/03\\\/07\\\/namibie-agriocnemis-ruberrima-albifrons-balinski-1963\\\/#primaryimage\"},\"thumbnailUrl\":\"http:\\\/\\\/www.meslibellules.fr\\\/blog\\\/wp-content\\\/uploads\\\/agriocnemis-ruberrima-2.jpg\",\"keywords\":[\"Odonates de Namibie - Namibian Odonates\"],\"articleSection\":[\"Coenagrionidae\",\"Namibie\"],\"inLanguage\":\"fr-FR\",\"potentialAction\":[{\"@type\":\"CommentAction\",\"name\":\"Comment\",\"target\":[\"https:\\\/\\\/www.meslibellules.fr\\\/blog\\\/2020\\\/03\\\/07\\\/namibie-agriocnemis-ruberrima-albifrons-balinski-1963\\\/#respond\"]}]},{\"@type\":\"WebPage\",\"@id\":\"https:\\\/\\\/www.meslibellules.fr\\\/blog\\\/2020\\\/03\\\/07\\\/namibie-agriocnemis-ruberrima-albifrons-balinski-1963\\\/\",\"url\":\"https:\\\/\\\/www.meslibellules.fr\\\/blog\\\/2020\\\/03\\\/07\\\/namibie-agriocnemis-ruberrima-albifrons-balinski-1963\\\/\",\"name\":\"Agriocnemis ruberrima - Mes Libellules\",\"isPartOf\":{\"@id\":\"https:\\\/\\\/www.meslibellules.fr\\\/blog\\\/#website\"},\"primaryImageOfPage\":{\"@id\":\"https:\\\/\\\/www.meslibellules.fr\\\/blog\\\/2020\\\/03\\\/07\\\/namibie-agriocnemis-ruberrima-albifrons-balinski-1963\\\/#primaryimage\"},\"image\":{\"@id\":\"https:\\\/\\\/www.meslibellules.fr\\\/blog\\\/2020\\\/03\\\/07\\\/namibie-agriocnemis-ruberrima-albifrons-balinski-1963\\\/#primaryimage\"},\"thumbnailUrl\":\"http:\\\/\\\/www.meslibellules.fr\\\/blog\\\/wp-content\\\/uploads\\\/agriocnemis-ruberrima-2.jpg\",\"datePublished\":\"2020-03-07T07:44:01+00:00\",\"dateModified\":\"2024-10-14T16:47:39+00:00\",\"description\":\"Agriocnemis ruberrima m\u00e2le en Namibie, description, identification, taille, habitat, distribution g\u00e9ographique\",\"breadcrumb\":{\"@id\":\"https:\\\/\\\/www.meslibellules.fr\\\/blog\\\/2020\\\/03\\\/07\\\/namibie-agriocnemis-ruberrima-albifrons-balinski-1963\\\/#breadcrumb\"},\"inLanguage\":\"fr-FR\",\"potentialAction\":[{\"@type\":\"ReadAction\",\"target\":[\"https:\\\/\\\/www.meslibellules.fr\\\/blog\\\/2020\\\/03\\\/07\\\/namibie-agriocnemis-ruberrima-albifrons-balinski-1963\\\/\"]}]},{\"@type\":\"ImageObject\",\"inLanguage\":\"fr-FR\",\"@id\":\"https:\\\/\\\/www.meslibellules.fr\\\/blog\\\/2020\\\/03\\\/07\\\/namibie-agriocnemis-ruberrima-albifrons-balinski-1963\\\/#primaryimage\",\"url\":\"http:\\\/\\\/www.meslibellules.fr\\\/blog\\\/wp-content\\\/uploads\\\/agriocnemis-ruberrima-2.jpg\",\"contentUrl\":\"http:\\\/\\\/www.meslibellules.fr\\\/blog\\\/wp-content\\\/uploads\\\/agriocnemis-ruberrima-2.jpg\"},{\"@type\":\"BreadcrumbList\",\"@id\":\"https:\\\/\\\/www.meslibellules.fr\\\/blog\\\/2020\\\/03\\\/07\\\/namibie-agriocnemis-ruberrima-albifrons-balinski-1963\\\/#breadcrumb\",\"itemListElement\":[{\"@type\":\"ListItem\",\"position\":1,\"name\":\"Accueil\",\"item\":\"https:\\\/\\\/www.meslibellules.fr\\\/blog\\\/\"},{\"@type\":\"ListItem\",\"position\":2,\"name\":\"Namibie &#8211; Agriocnemis ruberrima albifrons (Balinski, 1963)\"}]},{\"@type\":\"WebSite\",\"@id\":\"https:\\\/\\\/www.meslibellules.fr\\\/blog\\\/#website\",\"url\":\"https:\\\/\\\/www.meslibellules.fr\\\/blog\\\/\",\"name\":\"Mes Libellules\",\"description\":\"Pr\u00e9sentation des libellules rencontr\u00e9es dans le monde\",\"publisher\":{\"@id\":\"https:\\\/\\\/www.meslibellules.fr\\\/blog\\\/#\\\/schema\\\/person\\\/9aa3586f9dd053fcf329f43b8b053c77\"},\"potentialAction\":[{\"@type\":\"SearchAction\",\"target\":{\"@type\":\"EntryPoint\",\"urlTemplate\":\"https:\\\/\\\/www.meslibellules.fr\\\/blog\\\/?s={search_term_string}\"},\"query-input\":{\"@type\":\"PropertyValueSpecification\",\"valueRequired\":true,\"valueName\":\"search_term_string\"}}],\"inLanguage\":\"fr-FR\"},{\"@type\":[\"Person\",\"Organization\"],\"@id\":\"https:\\\/\\\/www.meslibellules.fr\\\/blog\\\/#\\\/schema\\\/person\\\/9aa3586f9dd053fcf329f43b8b053c77\",\"name\":\"Beno\u00eet Guillon\",\"image\":{\"@type\":\"ImageObject\",\"inLanguage\":\"fr-FR\",\"@id\":\"https:\\\/\\\/www.meslibellules.fr\\\/blog\\\/wp-content\\\/uploads\\\/cropped-avatar-150-pix.jpg\",\"url\":\"https:\\\/\\\/www.meslibellules.fr\\\/blog\\\/wp-content\\\/uploads\\\/cropped-avatar-150-pix.jpg\",\"contentUrl\":\"https:\\\/\\\/www.meslibellules.fr\\\/blog\\\/wp-content\\\/uploads\\\/cropped-avatar-150-pix.jpg\",\"width\":150,\"height\":137,\"caption\":\"Beno\u00eet Guillon\"},\"logo\":{\"@id\":\"https:\\\/\\\/www.meslibellules.fr\\\/blog\\\/wp-content\\\/uploads\\\/cropped-avatar-150-pix.jpg\"},\"sameAs\":[\"https:\\\/\\\/www.facebook.com\\\/benoit.guillon.96\\\/\"]}]}<\/script>\n<!-- \/ Yoast SEO plugin. -->","yoast_head_json":{"title":"Agriocnemis ruberrima - Mes Libellules","description":"Agriocnemis ruberrima m\u00e2le en Namibie, description, identification, taille, habitat, distribution g\u00e9ographique","robots":{"index":"index","follow":"follow","max-snippet":"max-snippet:-1","max-image-preview":"max-image-preview:large","max-video-preview":"max-video-preview:-1"},"canonical":"https:\/\/www.meslibellules.fr\/blog\/2020\/03\/07\/namibie-agriocnemis-ruberrima-albifrons-balinski-1963\/","og_locale":"fr_FR","og_type":"article","og_title":"Agriocnemis ruberrima - Mes Libellules","og_description":"Agriocnemis ruberrima m\u00e2le en Namibie, description, identification, taille, habitat, distribution g\u00e9ographique","og_url":"https:\/\/www.meslibellules.fr\/blog\/2020\/03\/07\/namibie-agriocnemis-ruberrima-albifrons-balinski-1963\/","og_site_name":"Mes Libellules","article_publisher":"https:\/\/www.facebook.com\/benoit.guillon.96\/","article_author":"https:\/\/www.facebook.com\/benoit.guillon.96\/","article_published_time":"2020-03-07T07:44:01+00:00","article_modified_time":"2024-10-14T16:47:39+00:00","og_image":[{"url":"http:\/\/www.meslibellules.fr\/blog\/wp-content\/uploads\/agriocnemis-ruberrima-2.jpg","type":"","width":"","height":""}],"author":"Beno\u00eet Guillon","twitter_card":"summary_large_image","twitter_misc":{"\u00c9crit par":"Beno\u00eet Guillon","Dur\u00e9e de lecture estim\u00e9e":"6 minutes"},"schema":{"@context":"https:\/\/schema.org","@graph":[{"@type":"Article","@id":"https:\/\/www.meslibellules.fr\/blog\/2020\/03\/07\/namibie-agriocnemis-ruberrima-albifrons-balinski-1963\/#article","isPartOf":{"@id":"https:\/\/www.meslibellules.fr\/blog\/2020\/03\/07\/namibie-agriocnemis-ruberrima-albifrons-balinski-1963\/"},"author":{"name":"Beno\u00eet Guillon","@id":"https:\/\/www.meslibellules.fr\/blog\/#\/schema\/person\/9aa3586f9dd053fcf329f43b8b053c77"},"headline":"Namibie &#8211; Agriocnemis ruberrima albifrons (Balinski, 1963)","datePublished":"2020-03-07T07:44:01+00:00","dateModified":"2024-10-14T16:47:39+00:00","mainEntityOfPage":{"@id":"https:\/\/www.meslibellules.fr\/blog\/2020\/03\/07\/namibie-agriocnemis-ruberrima-albifrons-balinski-1963\/"},"wordCount":314,"commentCount":0,"publisher":{"@id":"https:\/\/www.meslibellules.fr\/blog\/#\/schema\/person\/9aa3586f9dd053fcf329f43b8b053c77"},"image":{"@id":"https:\/\/www.meslibellules.fr\/blog\/2020\/03\/07\/namibie-agriocnemis-ruberrima-albifrons-balinski-1963\/#primaryimage"},"thumbnailUrl":"http:\/\/www.meslibellules.fr\/blog\/wp-content\/uploads\/agriocnemis-ruberrima-2.jpg","keywords":["Odonates de Namibie - Namibian Odonates"],"articleSection":["Coenagrionidae","Namibie"],"inLanguage":"fr-FR","potentialAction":[{"@type":"CommentAction","name":"Comment","target":["https:\/\/www.meslibellules.fr\/blog\/2020\/03\/07\/namibie-agriocnemis-ruberrima-albifrons-balinski-1963\/#respond"]}]},{"@type":"WebPage","@id":"https:\/\/www.meslibellules.fr\/blog\/2020\/03\/07\/namibie-agriocnemis-ruberrima-albifrons-balinski-1963\/","url":"https:\/\/www.meslibellules.fr\/blog\/2020\/03\/07\/namibie-agriocnemis-ruberrima-albifrons-balinski-1963\/","name":"Agriocnemis ruberrima - Mes Libellules","isPartOf":{"@id":"https:\/\/www.meslibellules.fr\/blog\/#website"},"primaryImageOfPage":{"@id":"https:\/\/www.meslibellules.fr\/blog\/2020\/03\/07\/namibie-agriocnemis-ruberrima-albifrons-balinski-1963\/#primaryimage"},"image":{"@id":"https:\/\/www.meslibellules.fr\/blog\/2020\/03\/07\/namibie-agriocnemis-ruberrima-albifrons-balinski-1963\/#primaryimage"},"thumbnailUrl":"http:\/\/www.meslibellules.fr\/blog\/wp-content\/uploads\/agriocnemis-ruberrima-2.jpg","datePublished":"2020-03-07T07:44:01+00:00","dateModified":"2024-10-14T16:47:39+00:00","description":"Agriocnemis ruberrima m\u00e2le en Namibie, description, identification, taille, habitat, distribution g\u00e9ographique","breadcrumb":{"@id":"https:\/\/www.meslibellules.fr\/blog\/2020\/03\/07\/namibie-agriocnemis-ruberrima-albifrons-balinski-1963\/#breadcrumb"},"inLanguage":"fr-FR","potentialAction":[{"@type":"ReadAction","target":["https:\/\/www.meslibellules.fr\/blog\/2020\/03\/07\/namibie-agriocnemis-ruberrima-albifrons-balinski-1963\/"]}]},{"@type":"ImageObject","inLanguage":"fr-FR","@id":"https:\/\/www.meslibellules.fr\/blog\/2020\/03\/07\/namibie-agriocnemis-ruberrima-albifrons-balinski-1963\/#primaryimage","url":"http:\/\/www.meslibellules.fr\/blog\/wp-content\/uploads\/agriocnemis-ruberrima-2.jpg","contentUrl":"http:\/\/www.meslibellules.fr\/blog\/wp-content\/uploads\/agriocnemis-ruberrima-2.jpg"},{"@type":"BreadcrumbList","@id":"https:\/\/www.meslibellules.fr\/blog\/2020\/03\/07\/namibie-agriocnemis-ruberrima-albifrons-balinski-1963\/#breadcrumb","itemListElement":[{"@type":"ListItem","position":1,"name":"Accueil","item":"https:\/\/www.meslibellules.fr\/blog\/"},{"@type":"ListItem","position":2,"name":"Namibie &#8211; Agriocnemis ruberrima albifrons (Balinski, 1963)"}]},{"@type":"WebSite","@id":"https:\/\/www.meslibellules.fr\/blog\/#website","url":"https:\/\/www.meslibellules.fr\/blog\/","name":"Mes Libellules","description":"Pr\u00e9sentation des libellules rencontr\u00e9es dans le monde","publisher":{"@id":"https:\/\/www.meslibellules.fr\/blog\/#\/schema\/person\/9aa3586f9dd053fcf329f43b8b053c77"},"potentialAction":[{"@type":"SearchAction","target":{"@type":"EntryPoint","urlTemplate":"https:\/\/www.meslibellules.fr\/blog\/?s={search_term_string}"},"query-input":{"@type":"PropertyValueSpecification","valueRequired":true,"valueName":"search_term_string"}}],"inLanguage":"fr-FR"},{"@type":["Person","Organization"],"@id":"https:\/\/www.meslibellules.fr\/blog\/#\/schema\/person\/9aa3586f9dd053fcf329f43b8b053c77","name":"Beno\u00eet Guillon","image":{"@type":"ImageObject","inLanguage":"fr-FR","@id":"https:\/\/www.meslibellules.fr\/blog\/wp-content\/uploads\/cropped-avatar-150-pix.jpg","url":"https:\/\/www.meslibellules.fr\/blog\/wp-content\/uploads\/cropped-avatar-150-pix.jpg","contentUrl":"https:\/\/www.meslibellules.fr\/blog\/wp-content\/uploads\/cropped-avatar-150-pix.jpg","width":150,"height":137,"caption":"Beno\u00eet Guillon"},"logo":{"@id":"https:\/\/www.meslibellules.fr\/blog\/wp-content\/uploads\/cropped-avatar-150-pix.jpg"},"sameAs":["https:\/\/www.facebook.com\/benoit.guillon.96\/"]}]}},"_links":{"self":[{"href":"https:\/\/www.meslibellules.fr\/blog\/wp-json\/wp\/v2\/posts\/5040","targetHints":{"allow":["GET"]}}],"collection":[{"href":"https:\/\/www.meslibellules.fr\/blog\/wp-json\/wp\/v2\/posts"}],"about":[{"href":"https:\/\/www.meslibellules.fr\/blog\/wp-json\/wp\/v2\/types\/post"}],"author":[{"embeddable":true,"href":"https:\/\/www.meslibellules.fr\/blog\/wp-json\/wp\/v2\/users\/1"}],"replies":[{"embeddable":true,"href":"https:\/\/www.meslibellules.fr\/blog\/wp-json\/wp\/v2\/comments?post=5040"}],"version-history":[{"count":0,"href":"https:\/\/www.meslibellules.fr\/blog\/wp-json\/wp\/v2\/posts\/5040\/revisions"}],"wp:attachment":[{"href":"https:\/\/www.meslibellules.fr\/blog\/wp-json\/wp\/v2\/media?parent=5040"}],"wp:term":[{"taxonomy":"category","embeddable":true,"href":"https:\/\/www.meslibellules.fr\/blog\/wp-json\/wp\/v2\/categories?post=5040"},{"taxonomy":"post_tag","embeddable":true,"href":"https:\/\/www.meslibellules.fr\/blog\/wp-json\/wp\/v2\/tags?post=5040"}],"curies":[{"name":"wp","href":"https:\/\/api.w.org\/{rel}","templated":true}]}}