{"id":5095,"date":"2020-03-07T22:16:59","date_gmt":"2020-03-07T21:16:59","guid":{"rendered":"http:\/\/www.meslibellules.fr\/blog\/?p=5095"},"modified":"2023-08-07T05:48:27","modified_gmt":"2023-08-07T03:48:27","slug":"namibie-paragomphus-cataractae-pinhey-1963","status":"publish","type":"post","link":"https:\/\/www.meslibellules.fr\/blog\/2020\/03\/07\/namibie-paragomphus-cataractae-pinhey-1963\/","title":{"rendered":"Namibie &#8211; Paragomphus cataractae (Pinhey, 1963)"},"content":{"rendered":"\n<figure class=\"wp-block-image aligncenter size-large is-resized\"><a href=\"https:\/\/www.meslibellules.fr\/blog\/wp-content\/uploads\/paragomphus-cataractae-4.jpg\"><img decoding=\"async\" data-src=\"https:\/\/www.meslibellules.fr\/blog\/wp-content\/uploads\/paragomphus-cataractae-4.jpg\" alt=\"Paragomphus cataractae m\u00e2le, Namibie, Katima Mulilo, Wenela border post, le long du Zamb\u00e8ze, 17\/02\/2020\" class=\"wp-image-5093 lazyload\" width=\"478\" height=\"329\" data-srcset=\"https:\/\/www.meslibellules.fr\/blog\/wp-content\/uploads\/\/paragomphus-cataractae-4.jpg 1745w, https:\/\/www.meslibellules.fr\/blog\/wp-content\/uploads\/\/paragomphus-cataractae-4-768x530.jpg 768w, https:\/\/www.meslibellules.fr\/blog\/wp-content\/uploads\/\/paragomphus-cataractae-4-1536x1060.jpg 1536w, https:\/\/www.meslibellules.fr\/blog\/wp-content\/uploads\/\/paragomphus-cataractae-4-1200x828.jpg 1200w\" data-sizes=\"(max-width: 478px) 100vw, 478px\" src=\"data:image\/svg+xml;base64,PHN2ZyB3aWR0aD0iMSIgaGVpZ2h0PSIxIiB4bWxucz0iaHR0cDovL3d3dy53My5vcmcvMjAwMC9zdmciPjwvc3ZnPg==\" style=\"--smush-placeholder-width: 478px; --smush-placeholder-aspect-ratio: 478\/329;\" \/><\/a><figcaption class=\"wp-element-caption\">Paragomphus cataractae m\u00e2le, Namibie, Katima Mulilo, Wenela border post, le long du Zamb\u00e8ze, 17\/02\/2020<\/figcaption><\/figure>\n\n\n\n<p style=\"font-size:15px\">Paragomphus cataractae est une raret\u00e9, d&rsquo;ailleurs, il est difficile d&rsquo;en trouver des photos sur le Web. Il est facile \u00e0 identifier, il est le seul \u00e0 montrer un thorax vert pomme pratiquement d\u00e9pourvu de lignes sombres. <br>Phil Benstead, tour leader, nous amenait sur ce site pour la 4\u00b0 fois, car il nous manquait encore certains Gomphidae locaux et c&rsquo;est en repartant vers les v\u00e9hicules, le long du chemin forestier, \u00e0 une centaine de m\u00e8tres du Zamb\u00e8ze et de ses rapides, que l&rsquo;un d&rsquo;entre nous a fait cette belle d\u00e9couverte.<\/p>\n\n\n\n<figure class=\"wp-block-image aligncenter size-large is-resized\"><a href=\"https:\/\/www.meslibellules.fr\/blog\/wp-content\/uploads\/paragomphus-cataractae-2.jpg\"><img decoding=\"async\" data-src=\"https:\/\/www.meslibellules.fr\/blog\/wp-content\/uploads\/paragomphus-cataractae-2.jpg\" alt=\"Paragomphus cataractae m\u00e2le, Namibie, Katima Mulilo, Wenela border post, le long du Zamb\u00e8ze, 17\/02\/2020\" class=\"wp-image-5092 lazyload\" width=\"450\" height=\"300\" data-srcset=\"https:\/\/www.meslibellules.fr\/blog\/wp-content\/uploads\/\/paragomphus-cataractae-2.jpg 1321w, https:\/\/www.meslibellules.fr\/blog\/wp-content\/uploads\/\/paragomphus-cataractae-2-768x514.jpg 768w, https:\/\/www.meslibellules.fr\/blog\/wp-content\/uploads\/\/paragomphus-cataractae-2-1200x803.jpg 1200w\" data-sizes=\"(max-width: 450px) 100vw, 450px\" src=\"data:image\/svg+xml;base64,PHN2ZyB3aWR0aD0iMSIgaGVpZ2h0PSIxIiB4bWxucz0iaHR0cDovL3d3dy53My5vcmcvMjAwMC9zdmciPjwvc3ZnPg==\" style=\"--smush-placeholder-width: 450px; --smush-placeholder-aspect-ratio: 450\/300;\" \/><\/a><figcaption class=\"wp-element-caption\">Paragomphus cataractae m\u00e2le, Namibie, Katima Mulilo, Wenela border post, le long du Zamb\u00e8ze, 17\/02\/2020<\/figcaption><\/figure>\n\n\n\n<p style=\"font-size:15px\">C&rsquo;est en effet une esp\u00e8ce typique des larges rivi\u00e8res et surtout de leurs zones de rapides, tout comme Platycypha caligata et Zygonyx natalensis que nous rencontrerons plus tard sur l&rsquo;Okavango, \u00e0 Popa Falls.<br>D&rsquo;ailleurs, son nom d&rsquo;esp\u00e8ce<em> cataractae<\/em> souligne sa pr\u00e9f\u00e9rence pour les courants rapides, <em>cataractae<\/em> signifiant \u00ab\u00a0des rapides\u00a0\u00bb ou \u00ab\u00a0des chutes d&rsquo;eau\u00a0\u00bb.  La description originale de l&rsquo;esp\u00e8ce a \u00e9t\u00e9 faite \u00e0 partir de sujet pris dans les rapides des  Victoria Falls et Katambora,  donc sur le Zamb\u00e8ze \u00e9galement,  \u00e0 une soixantaine de kilom\u00e8tres seulement du lieu de ces photos.<\/p>\n\n\n\n<figure class=\"wp-block-image aligncenter size-large is-resized\"><a href=\"https:\/\/www.meslibellules.fr\/blog\/wp-content\/uploads\/paragomphus-cataractae-.jpg\"><img decoding=\"async\" data-src=\"https:\/\/www.meslibellules.fr\/blog\/wp-content\/uploads\/paragomphus-cataractae-.jpg\" alt=\"Paragomphus cataractae m\u00e2le, Namibie, Katima Mulilo, Wenela border post, le long du Zamb\u00e8ze, 17\/02\/2020\" class=\"wp-image-5090 lazyload\" width=\"377\" height=\"342\" data-srcset=\"https:\/\/www.meslibellules.fr\/blog\/wp-content\/uploads\/\/paragomphus-cataractae-.jpg 1324w, https:\/\/www.meslibellules.fr\/blog\/wp-content\/uploads\/\/paragomphus-cataractae--768x698.jpg 768w, https:\/\/www.meslibellules.fr\/blog\/wp-content\/uploads\/\/paragomphus-cataractae--1200x1091.jpg 1200w\" data-sizes=\"(max-width: 377px) 100vw, 377px\" src=\"data:image\/svg+xml;base64,PHN2ZyB3aWR0aD0iMSIgaGVpZ2h0PSIxIiB4bWxucz0iaHR0cDovL3d3dy53My5vcmcvMjAwMC9zdmciPjwvc3ZnPg==\" style=\"--smush-placeholder-width: 377px; --smush-placeholder-aspect-ratio: 377\/342;\" \/><\/a><figcaption class=\"wp-element-caption\">Paragomphus cataractae m\u00e2le, Namibie, Katima Mulilo, Wenela border post, le long du Zamb\u00e8ze, 17\/02\/2020<\/figcaption><\/figure>\n\n\n\n<p style=\"font-size:15px\">Son abdomen mesure environ 30 mm (sans les appendices anaux) soit une longueur totale d&rsquo;environ 45 mm.<br>L&rsquo;esp\u00e8ce a une distribution tr\u00e8s limit\u00e9e en Namibie\u00a0: de l&rsquo;endroit o\u00f9 nous l&rsquo;avons observ\u00e9, \u00e0  Katima Mulilo sur le Zamb\u00e8ze jusqu&rsquo;aux Victoria Falls et sur un tributaire du Zamb\u00e8ze, sur l&rsquo;Okavango River \u00e0 Popa Falls et sur la Kunene River \u00e0 Epupa Falls.  Il y aurait aussi une donn\u00e9e du nord de la Zambie.<br><a href=\"https:\/\/www.iucnredlist.org\/species\/59753\/12012673\">IUCN Red List<\/a><\/p>\n\n\n\n<figure class=\"wp-block-image aligncenter size-large is-resized\"><a href=\"https:\/\/www.meslibellules.fr\/blog\/wp-content\/uploads\/paragomphus-cataractae-1.jpg\"><img decoding=\"async\" data-src=\"https:\/\/www.meslibellules.fr\/blog\/wp-content\/uploads\/paragomphus-cataractae-1.jpg\" alt=\"Paragomphus cataractae m\u00e2le, Namibie, Katima Mulilo, Wenela border post, le long du Zamb\u00e8ze, 17\/02\/2020\" class=\"wp-image-5091 lazyload\" width=\"450\" height=\"355\" data-srcset=\"https:\/\/www.meslibellules.fr\/blog\/wp-content\/uploads\/\/paragomphus-cataractae-1.jpg 1118w, https:\/\/www.meslibellules.fr\/blog\/wp-content\/uploads\/\/paragomphus-cataractae-1-768x607.jpg 768w\" data-sizes=\"(max-width: 450px) 100vw, 450px\" src=\"data:image\/svg+xml;base64,PHN2ZyB3aWR0aD0iMSIgaGVpZ2h0PSIxIiB4bWxucz0iaHR0cDovL3d3dy53My5vcmcvMjAwMC9zdmciPjwvc3ZnPg==\" style=\"--smush-placeholder-width: 450px; --smush-placeholder-aspect-ratio: 450\/355;\" \/><\/a><figcaption class=\"wp-element-caption\">Paragomphus cataractae m\u00e2le, Namibie, Katima Mulilo, Wenela border post, le long du Zamb\u00e8ze, 17\/02\/2020<\/figcaption><\/figure>\n\n\n\n\n\n<div class=\"wp-block-buttons is-layout-flex wp-block-buttons-is-layout-flex\">\n<div class=\"wp-block-button\"><a class=\"wp-block-button__link wp-element-button\" href=\"https:\/\/www.meslibellules.fr\/blog\/odonates-de-namibie-namibian-odonates\/\">Accueil Namibie<\/a><\/div>\n<\/div>\n","protected":false},"excerpt":{"rendered":"<p>Paragomphus cataractae est une raret\u00e9, d&rsquo;ailleurs, il est difficile d&rsquo;en trouver des photos sur le Web. Il est facile \u00e0 identifier, il est le seul \u00e0 montrer un thorax vert pomme pratiquement d\u00e9pourvu de lignes sombres. Phil Benstead, tour leader, nous amenait sur ce site pour la 4\u00b0 fois, car il nous manquait encore certains [&hellip;]<\/p>\n","protected":false},"author":1,"featured_media":0,"comment_status":"open","ping_status":"open","sticky":false,"template":"","format":"image","meta":{"site-sidebar-layout":"default","site-content-layout":"","ast-site-content-layout":"default","site-content-style":"default","site-sidebar-style":"default","ast-global-header-display":"","ast-banner-title-visibility":"","ast-main-header-display":"","ast-hfb-above-header-display":"","ast-hfb-below-header-display":"","ast-hfb-mobile-header-display":"","site-post-title":"","ast-breadcrumbs-content":"","ast-featured-img":"","footer-sml-layout":"","ast-disable-related-posts":"","theme-transparent-header-meta":"","adv-header-id-meta":"","stick-header-meta":"","header-above-stick-meta":"","header-main-stick-meta":"","header-below-stick-meta":"","astra-migrate-meta-layouts":"default","ast-page-background-enabled":"default","ast-page-background-meta":{"desktop":{"background-color":"var(--ast-global-color-4)","background-image":"","background-repeat":"repeat","background-position":"center center","background-size":"auto","background-attachment":"scroll","background-type":"","background-media":"","overlay-type":"","overlay-color":"","overlay-opacity":"","overlay-gradient":""},"tablet":{"background-color":"","background-image":"","background-repeat":"repeat","background-position":"center center","background-size":"auto","background-attachment":"scroll","background-type":"","background-media":"","overlay-type":"","overlay-color":"","overlay-opacity":"","overlay-gradient":""},"mobile":{"background-color":"","background-image":"","background-repeat":"repeat","background-position":"center center","background-size":"auto","background-attachment":"scroll","background-type":"","background-media":"","overlay-type":"","overlay-color":"","overlay-opacity":"","overlay-gradient":""}},"ast-content-background-meta":{"desktop":{"background-color":"var(--ast-global-color-5)","background-image":"","background-repeat":"repeat","background-position":"center center","background-size":"auto","background-attachment":"scroll","background-type":"","background-media":"","overlay-type":"","overlay-color":"","overlay-opacity":"","overlay-gradient":""},"tablet":{"background-color":"var(--ast-global-color-5)","background-image":"","background-repeat":"repeat","background-position":"center center","background-size":"auto","background-attachment":"scroll","background-type":"","background-media":"","overlay-type":"","overlay-color":"","overlay-opacity":"","overlay-gradient":""},"mobile":{"background-color":"var(--ast-global-color-5)","background-image":"","background-repeat":"repeat","background-position":"center center","background-size":"auto","background-attachment":"scroll","background-type":"","background-media":"","overlay-type":"","overlay-color":"","overlay-opacity":"","overlay-gradient":""}},"footnotes":""},"categories":[284,274],"tags":[285,276],"class_list":["post-5095","post","type-post","status-publish","format-image","hentry","category-gomphidae-namibie-2","category-namibie","tag-gomphidae-namibie","tag-odonates-de-namibie-namibian-odonates","post_format-post-format-image"],"yoast_head":"<!-- This site is optimized with the Yoast SEO plugin v27.4 - https:\/\/yoast.com\/product\/yoast-seo-wordpress\/ -->\n<title>Paragomphus cataractae - Mes Libellules<\/title>\n<meta name=\"description\" content=\"Paragomphus cataractae en Namibie, photos, description, identification, taille, habitat, distribution g\u00e9ographique, \u00e9tymologie\" \/>\n<meta name=\"robots\" content=\"index, follow, max-snippet:-1, max-image-preview:large, max-video-preview:-1\" \/>\n<link rel=\"canonical\" href=\"https:\/\/www.meslibellules.fr\/blog\/2020\/03\/07\/namibie-paragomphus-cataractae-pinhey-1963\/\" \/>\n<meta property=\"og:locale\" content=\"fr_FR\" \/>\n<meta property=\"og:type\" content=\"article\" \/>\n<meta property=\"og:title\" content=\"Paragomphus cataractae - Mes Libellules\" \/>\n<meta property=\"og:description\" content=\"Paragomphus cataractae en Namibie, photos, description, identification, taille, habitat, distribution g\u00e9ographique, \u00e9tymologie\" \/>\n<meta property=\"og:url\" content=\"https:\/\/www.meslibellules.fr\/blog\/2020\/03\/07\/namibie-paragomphus-cataractae-pinhey-1963\/\" \/>\n<meta property=\"og:site_name\" content=\"Mes Libellules\" \/>\n<meta property=\"article:publisher\" content=\"https:\/\/www.facebook.com\/benoit.guillon.96\/\" \/>\n<meta property=\"article:author\" content=\"https:\/\/www.facebook.com\/benoit.guillon.96\/\" \/>\n<meta property=\"article:published_time\" content=\"2020-03-07T21:16:59+00:00\" \/>\n<meta property=\"article:modified_time\" content=\"2023-08-07T03:48:27+00:00\" \/>\n<meta property=\"og:image\" content=\"http:\/\/www.meslibellules.fr\/blog\/wp-content\/uploads\/paragomphus-cataractae-4.jpg\" \/>\n<meta name=\"author\" content=\"Beno\u00eet Guillon\" \/>\n<meta name=\"twitter:card\" content=\"summary_large_image\" \/>\n<meta name=\"twitter:label1\" content=\"\u00c9crit par\" \/>\n\t<meta name=\"twitter:data1\" content=\"Beno\u00eet Guillon\" \/>\n\t<meta name=\"twitter:label2\" content=\"Dur\u00e9e de lecture estim\u00e9e\" \/>\n\t<meta name=\"twitter:data2\" content=\"3 minutes\" \/>\n<script type=\"application\/ld+json\" class=\"yoast-schema-graph\">{\"@context\":\"https:\\\/\\\/schema.org\",\"@graph\":[{\"@type\":\"Article\",\"@id\":\"https:\\\/\\\/www.meslibellules.fr\\\/blog\\\/2020\\\/03\\\/07\\\/namibie-paragomphus-cataractae-pinhey-1963\\\/#article\",\"isPartOf\":{\"@id\":\"https:\\\/\\\/www.meslibellules.fr\\\/blog\\\/2020\\\/03\\\/07\\\/namibie-paragomphus-cataractae-pinhey-1963\\\/\"},\"author\":{\"name\":\"Beno\u00eet Guillon\",\"@id\":\"https:\\\/\\\/www.meslibellules.fr\\\/blog\\\/#\\\/schema\\\/person\\\/9aa3586f9dd053fcf329f43b8b053c77\"},\"headline\":\"Namibie &#8211; Paragomphus cataractae (Pinhey, 1963)\",\"datePublished\":\"2020-03-07T21:16:59+00:00\",\"dateModified\":\"2023-08-07T03:48:27+00:00\",\"mainEntityOfPage\":{\"@id\":\"https:\\\/\\\/www.meslibellules.fr\\\/blog\\\/2020\\\/03\\\/07\\\/namibie-paragomphus-cataractae-pinhey-1963\\\/\"},\"wordCount\":342,\"commentCount\":0,\"publisher\":{\"@id\":\"https:\\\/\\\/www.meslibellules.fr\\\/blog\\\/#\\\/schema\\\/person\\\/9aa3586f9dd053fcf329f43b8b053c77\"},\"image\":{\"@id\":\"https:\\\/\\\/www.meslibellules.fr\\\/blog\\\/2020\\\/03\\\/07\\\/namibie-paragomphus-cataractae-pinhey-1963\\\/#primaryimage\"},\"thumbnailUrl\":\"http:\\\/\\\/www.meslibellules.fr\\\/blog\\\/wp-content\\\/uploads\\\/paragomphus-cataractae-4.jpg\",\"keywords\":[\"Gomphidae Namibie\",\"Odonates de Namibie - Namibian Odonates\"],\"articleSection\":[\"Gomphidae\",\"Namibie\"],\"inLanguage\":\"fr-FR\",\"potentialAction\":[{\"@type\":\"CommentAction\",\"name\":\"Comment\",\"target\":[\"https:\\\/\\\/www.meslibellules.fr\\\/blog\\\/2020\\\/03\\\/07\\\/namibie-paragomphus-cataractae-pinhey-1963\\\/#respond\"]}]},{\"@type\":\"WebPage\",\"@id\":\"https:\\\/\\\/www.meslibellules.fr\\\/blog\\\/2020\\\/03\\\/07\\\/namibie-paragomphus-cataractae-pinhey-1963\\\/\",\"url\":\"https:\\\/\\\/www.meslibellules.fr\\\/blog\\\/2020\\\/03\\\/07\\\/namibie-paragomphus-cataractae-pinhey-1963\\\/\",\"name\":\"Paragomphus cataractae - Mes Libellules\",\"isPartOf\":{\"@id\":\"https:\\\/\\\/www.meslibellules.fr\\\/blog\\\/#website\"},\"primaryImageOfPage\":{\"@id\":\"https:\\\/\\\/www.meslibellules.fr\\\/blog\\\/2020\\\/03\\\/07\\\/namibie-paragomphus-cataractae-pinhey-1963\\\/#primaryimage\"},\"image\":{\"@id\":\"https:\\\/\\\/www.meslibellules.fr\\\/blog\\\/2020\\\/03\\\/07\\\/namibie-paragomphus-cataractae-pinhey-1963\\\/#primaryimage\"},\"thumbnailUrl\":\"http:\\\/\\\/www.meslibellules.fr\\\/blog\\\/wp-content\\\/uploads\\\/paragomphus-cataractae-4.jpg\",\"datePublished\":\"2020-03-07T21:16:59+00:00\",\"dateModified\":\"2023-08-07T03:48:27+00:00\",\"description\":\"Paragomphus cataractae en Namibie, photos, description, identification, taille, habitat, distribution g\u00e9ographique, \u00e9tymologie\",\"breadcrumb\":{\"@id\":\"https:\\\/\\\/www.meslibellules.fr\\\/blog\\\/2020\\\/03\\\/07\\\/namibie-paragomphus-cataractae-pinhey-1963\\\/#breadcrumb\"},\"inLanguage\":\"fr-FR\",\"potentialAction\":[{\"@type\":\"ReadAction\",\"target\":[\"https:\\\/\\\/www.meslibellules.fr\\\/blog\\\/2020\\\/03\\\/07\\\/namibie-paragomphus-cataractae-pinhey-1963\\\/\"]}]},{\"@type\":\"ImageObject\",\"inLanguage\":\"fr-FR\",\"@id\":\"https:\\\/\\\/www.meslibellules.fr\\\/blog\\\/2020\\\/03\\\/07\\\/namibie-paragomphus-cataractae-pinhey-1963\\\/#primaryimage\",\"url\":\"http:\\\/\\\/www.meslibellules.fr\\\/blog\\\/wp-content\\\/uploads\\\/paragomphus-cataractae-4.jpg\",\"contentUrl\":\"http:\\\/\\\/www.meslibellules.fr\\\/blog\\\/wp-content\\\/uploads\\\/paragomphus-cataractae-4.jpg\"},{\"@type\":\"BreadcrumbList\",\"@id\":\"https:\\\/\\\/www.meslibellules.fr\\\/blog\\\/2020\\\/03\\\/07\\\/namibie-paragomphus-cataractae-pinhey-1963\\\/#breadcrumb\",\"itemListElement\":[{\"@type\":\"ListItem\",\"position\":1,\"name\":\"Accueil\",\"item\":\"https:\\\/\\\/www.meslibellules.fr\\\/blog\\\/\"},{\"@type\":\"ListItem\",\"position\":2,\"name\":\"Namibie &#8211; Paragomphus cataractae (Pinhey, 1963)\"}]},{\"@type\":\"WebSite\",\"@id\":\"https:\\\/\\\/www.meslibellules.fr\\\/blog\\\/#website\",\"url\":\"https:\\\/\\\/www.meslibellules.fr\\\/blog\\\/\",\"name\":\"Mes Libellules\",\"description\":\"Pr\u00e9sentation des libellules rencontr\u00e9es dans le monde\",\"publisher\":{\"@id\":\"https:\\\/\\\/www.meslibellules.fr\\\/blog\\\/#\\\/schema\\\/person\\\/9aa3586f9dd053fcf329f43b8b053c77\"},\"potentialAction\":[{\"@type\":\"SearchAction\",\"target\":{\"@type\":\"EntryPoint\",\"urlTemplate\":\"https:\\\/\\\/www.meslibellules.fr\\\/blog\\\/?s={search_term_string}\"},\"query-input\":{\"@type\":\"PropertyValueSpecification\",\"valueRequired\":true,\"valueName\":\"search_term_string\"}}],\"inLanguage\":\"fr-FR\"},{\"@type\":[\"Person\",\"Organization\"],\"@id\":\"https:\\\/\\\/www.meslibellules.fr\\\/blog\\\/#\\\/schema\\\/person\\\/9aa3586f9dd053fcf329f43b8b053c77\",\"name\":\"Beno\u00eet Guillon\",\"image\":{\"@type\":\"ImageObject\",\"inLanguage\":\"fr-FR\",\"@id\":\"https:\\\/\\\/www.meslibellules.fr\\\/blog\\\/wp-content\\\/uploads\\\/cropped-avatar-150-pix.jpg\",\"url\":\"https:\\\/\\\/www.meslibellules.fr\\\/blog\\\/wp-content\\\/uploads\\\/cropped-avatar-150-pix.jpg\",\"contentUrl\":\"https:\\\/\\\/www.meslibellules.fr\\\/blog\\\/wp-content\\\/uploads\\\/cropped-avatar-150-pix.jpg\",\"width\":150,\"height\":137,\"caption\":\"Beno\u00eet Guillon\"},\"logo\":{\"@id\":\"https:\\\/\\\/www.meslibellules.fr\\\/blog\\\/wp-content\\\/uploads\\\/cropped-avatar-150-pix.jpg\"},\"sameAs\":[\"https:\\\/\\\/www.facebook.com\\\/benoit.guillon.96\\\/\"]}]}<\/script>\n<!-- \/ Yoast SEO plugin. -->","yoast_head_json":{"title":"Paragomphus cataractae - Mes Libellules","description":"Paragomphus cataractae en Namibie, photos, description, identification, taille, habitat, distribution g\u00e9ographique, \u00e9tymologie","robots":{"index":"index","follow":"follow","max-snippet":"max-snippet:-1","max-image-preview":"max-image-preview:large","max-video-preview":"max-video-preview:-1"},"canonical":"https:\/\/www.meslibellules.fr\/blog\/2020\/03\/07\/namibie-paragomphus-cataractae-pinhey-1963\/","og_locale":"fr_FR","og_type":"article","og_title":"Paragomphus cataractae - Mes Libellules","og_description":"Paragomphus cataractae en Namibie, photos, description, identification, taille, habitat, distribution g\u00e9ographique, \u00e9tymologie","og_url":"https:\/\/www.meslibellules.fr\/blog\/2020\/03\/07\/namibie-paragomphus-cataractae-pinhey-1963\/","og_site_name":"Mes Libellules","article_publisher":"https:\/\/www.facebook.com\/benoit.guillon.96\/","article_author":"https:\/\/www.facebook.com\/benoit.guillon.96\/","article_published_time":"2020-03-07T21:16:59+00:00","article_modified_time":"2023-08-07T03:48:27+00:00","og_image":[{"url":"http:\/\/www.meslibellules.fr\/blog\/wp-content\/uploads\/paragomphus-cataractae-4.jpg","type":"","width":"","height":""}],"author":"Beno\u00eet Guillon","twitter_card":"summary_large_image","twitter_misc":{"\u00c9crit par":"Beno\u00eet Guillon","Dur\u00e9e de lecture estim\u00e9e":"3 minutes"},"schema":{"@context":"https:\/\/schema.org","@graph":[{"@type":"Article","@id":"https:\/\/www.meslibellules.fr\/blog\/2020\/03\/07\/namibie-paragomphus-cataractae-pinhey-1963\/#article","isPartOf":{"@id":"https:\/\/www.meslibellules.fr\/blog\/2020\/03\/07\/namibie-paragomphus-cataractae-pinhey-1963\/"},"author":{"name":"Beno\u00eet Guillon","@id":"https:\/\/www.meslibellules.fr\/blog\/#\/schema\/person\/9aa3586f9dd053fcf329f43b8b053c77"},"headline":"Namibie &#8211; Paragomphus cataractae (Pinhey, 1963)","datePublished":"2020-03-07T21:16:59+00:00","dateModified":"2023-08-07T03:48:27+00:00","mainEntityOfPage":{"@id":"https:\/\/www.meslibellules.fr\/blog\/2020\/03\/07\/namibie-paragomphus-cataractae-pinhey-1963\/"},"wordCount":342,"commentCount":0,"publisher":{"@id":"https:\/\/www.meslibellules.fr\/blog\/#\/schema\/person\/9aa3586f9dd053fcf329f43b8b053c77"},"image":{"@id":"https:\/\/www.meslibellules.fr\/blog\/2020\/03\/07\/namibie-paragomphus-cataractae-pinhey-1963\/#primaryimage"},"thumbnailUrl":"http:\/\/www.meslibellules.fr\/blog\/wp-content\/uploads\/paragomphus-cataractae-4.jpg","keywords":["Gomphidae Namibie","Odonates de Namibie - Namibian Odonates"],"articleSection":["Gomphidae","Namibie"],"inLanguage":"fr-FR","potentialAction":[{"@type":"CommentAction","name":"Comment","target":["https:\/\/www.meslibellules.fr\/blog\/2020\/03\/07\/namibie-paragomphus-cataractae-pinhey-1963\/#respond"]}]},{"@type":"WebPage","@id":"https:\/\/www.meslibellules.fr\/blog\/2020\/03\/07\/namibie-paragomphus-cataractae-pinhey-1963\/","url":"https:\/\/www.meslibellules.fr\/blog\/2020\/03\/07\/namibie-paragomphus-cataractae-pinhey-1963\/","name":"Paragomphus cataractae - Mes Libellules","isPartOf":{"@id":"https:\/\/www.meslibellules.fr\/blog\/#website"},"primaryImageOfPage":{"@id":"https:\/\/www.meslibellules.fr\/blog\/2020\/03\/07\/namibie-paragomphus-cataractae-pinhey-1963\/#primaryimage"},"image":{"@id":"https:\/\/www.meslibellules.fr\/blog\/2020\/03\/07\/namibie-paragomphus-cataractae-pinhey-1963\/#primaryimage"},"thumbnailUrl":"http:\/\/www.meslibellules.fr\/blog\/wp-content\/uploads\/paragomphus-cataractae-4.jpg","datePublished":"2020-03-07T21:16:59+00:00","dateModified":"2023-08-07T03:48:27+00:00","description":"Paragomphus cataractae en Namibie, photos, description, identification, taille, habitat, distribution g\u00e9ographique, \u00e9tymologie","breadcrumb":{"@id":"https:\/\/www.meslibellules.fr\/blog\/2020\/03\/07\/namibie-paragomphus-cataractae-pinhey-1963\/#breadcrumb"},"inLanguage":"fr-FR","potentialAction":[{"@type":"ReadAction","target":["https:\/\/www.meslibellules.fr\/blog\/2020\/03\/07\/namibie-paragomphus-cataractae-pinhey-1963\/"]}]},{"@type":"ImageObject","inLanguage":"fr-FR","@id":"https:\/\/www.meslibellules.fr\/blog\/2020\/03\/07\/namibie-paragomphus-cataractae-pinhey-1963\/#primaryimage","url":"http:\/\/www.meslibellules.fr\/blog\/wp-content\/uploads\/paragomphus-cataractae-4.jpg","contentUrl":"http:\/\/www.meslibellules.fr\/blog\/wp-content\/uploads\/paragomphus-cataractae-4.jpg"},{"@type":"BreadcrumbList","@id":"https:\/\/www.meslibellules.fr\/blog\/2020\/03\/07\/namibie-paragomphus-cataractae-pinhey-1963\/#breadcrumb","itemListElement":[{"@type":"ListItem","position":1,"name":"Accueil","item":"https:\/\/www.meslibellules.fr\/blog\/"},{"@type":"ListItem","position":2,"name":"Namibie &#8211; Paragomphus cataractae (Pinhey, 1963)"}]},{"@type":"WebSite","@id":"https:\/\/www.meslibellules.fr\/blog\/#website","url":"https:\/\/www.meslibellules.fr\/blog\/","name":"Mes Libellules","description":"Pr\u00e9sentation des libellules rencontr\u00e9es dans le monde","publisher":{"@id":"https:\/\/www.meslibellules.fr\/blog\/#\/schema\/person\/9aa3586f9dd053fcf329f43b8b053c77"},"potentialAction":[{"@type":"SearchAction","target":{"@type":"EntryPoint","urlTemplate":"https:\/\/www.meslibellules.fr\/blog\/?s={search_term_string}"},"query-input":{"@type":"PropertyValueSpecification","valueRequired":true,"valueName":"search_term_string"}}],"inLanguage":"fr-FR"},{"@type":["Person","Organization"],"@id":"https:\/\/www.meslibellules.fr\/blog\/#\/schema\/person\/9aa3586f9dd053fcf329f43b8b053c77","name":"Beno\u00eet Guillon","image":{"@type":"ImageObject","inLanguage":"fr-FR","@id":"https:\/\/www.meslibellules.fr\/blog\/wp-content\/uploads\/cropped-avatar-150-pix.jpg","url":"https:\/\/www.meslibellules.fr\/blog\/wp-content\/uploads\/cropped-avatar-150-pix.jpg","contentUrl":"https:\/\/www.meslibellules.fr\/blog\/wp-content\/uploads\/cropped-avatar-150-pix.jpg","width":150,"height":137,"caption":"Beno\u00eet Guillon"},"logo":{"@id":"https:\/\/www.meslibellules.fr\/blog\/wp-content\/uploads\/cropped-avatar-150-pix.jpg"},"sameAs":["https:\/\/www.facebook.com\/benoit.guillon.96\/"]}]}},"_links":{"self":[{"href":"https:\/\/www.meslibellules.fr\/blog\/wp-json\/wp\/v2\/posts\/5095","targetHints":{"allow":["GET"]}}],"collection":[{"href":"https:\/\/www.meslibellules.fr\/blog\/wp-json\/wp\/v2\/posts"}],"about":[{"href":"https:\/\/www.meslibellules.fr\/blog\/wp-json\/wp\/v2\/types\/post"}],"author":[{"embeddable":true,"href":"https:\/\/www.meslibellules.fr\/blog\/wp-json\/wp\/v2\/users\/1"}],"replies":[{"embeddable":true,"href":"https:\/\/www.meslibellules.fr\/blog\/wp-json\/wp\/v2\/comments?post=5095"}],"version-history":[{"count":0,"href":"https:\/\/www.meslibellules.fr\/blog\/wp-json\/wp\/v2\/posts\/5095\/revisions"}],"wp:attachment":[{"href":"https:\/\/www.meslibellules.fr\/blog\/wp-json\/wp\/v2\/media?parent=5095"}],"wp:term":[{"taxonomy":"category","embeddable":true,"href":"https:\/\/www.meslibellules.fr\/blog\/wp-json\/wp\/v2\/categories?post=5095"},{"taxonomy":"post_tag","embeddable":true,"href":"https:\/\/www.meslibellules.fr\/blog\/wp-json\/wp\/v2\/tags?post=5095"}],"curies":[{"name":"wp","href":"https:\/\/api.w.org\/{rel}","templated":true}]}}