{"id":5118,"date":"2020-03-09T08:09:58","date_gmt":"2020-03-09T07:09:58","guid":{"rendered":"http:\/\/www.meslibellules.fr\/blog\/?p=5118"},"modified":"2023-08-08T13:46:37","modified_gmt":"2023-08-08T11:46:37","slug":"namibie-elattoneura-glauca-selys-1860","status":"publish","type":"post","link":"https:\/\/www.meslibellules.fr\/blog\/2020\/03\/09\/namibie-elattoneura-glauca-selys-1860\/","title":{"rendered":"Namibie &#8211; Elattoneura glauca (Selys, 1860)"},"content":{"rendered":"\n<figure class=\"wp-block-image aligncenter size-large is-resized\"><a href=\"https:\/\/www.meslibellules.fr\/blog\/wp-content\/uploads\/elattoneura-glauca-1.jpg\"><img decoding=\"async\" data-src=\"https:\/\/www.meslibellules.fr\/blog\/wp-content\/uploads\/elattoneura-glauca-1.jpg\" alt=\"Elattoneura glauca m\u00e2le, Namibie, Rundu sur l'Okavango, 10\/02\/2020\" class=\"wp-image-5111 lazyload\" width=\"500\" height=\"306\" src=\"data:image\/svg+xml;base64,PHN2ZyB3aWR0aD0iMSIgaGVpZ2h0PSIxIiB4bWxucz0iaHR0cDovL3d3dy53My5vcmcvMjAwMC9zdmciPjwvc3ZnPg==\" style=\"--smush-placeholder-width: 500px; --smush-placeholder-aspect-ratio: 500\/306;\" \/><\/a><figcaption class=\"wp-element-caption\">Elattoneura glauca m\u00e2le, Namibie, Rundu sur l&rsquo;Okavango, 10\/02\/2020<\/figcaption><\/figure>\n\n\n\n<p style=\"font-size:15px\">Elattoneura glauca est le seul Protoneuridae que nous avons rencontr\u00e9 en Namibie, mais il y est largement r\u00e9pandu et commun, ce qu&rsquo;exprime son nom vernaculaire Common threadtail. <em>Threadtail<\/em> est le nom g\u00e9n\u00e9rique qui exprime bien la finesse de son abdomen.<\/p>\n\n\n\n<figure class=\"wp-block-image aligncenter size-large is-resized\"><a href=\"https:\/\/www.meslibellules.fr\/blog\/wp-content\/uploads\/elattoneura-glauca-2.jpg\"><img decoding=\"async\" data-src=\"https:\/\/www.meslibellules.fr\/blog\/wp-content\/uploads\/elattoneura-glauca-2.jpg\" alt=\"Elattoneura glauca m\u00e2le, Namibie, Rundu sur l'Okavango, 10\/02\/2020\" class=\"wp-image-5112 lazyload\" width=\"399\" height=\"397\" data-srcset=\"https:\/\/www.meslibellules.fr\/blog\/wp-content\/uploads\/\/elattoneura-glauca-2.jpg 1008w, https:\/\/www.meslibellules.fr\/blog\/wp-content\/uploads\/\/elattoneura-glauca-2-768x765.jpg 768w\" data-sizes=\"(max-width: 399px) 100vw, 399px\" src=\"data:image\/svg+xml;base64,PHN2ZyB3aWR0aD0iMSIgaGVpZ2h0PSIxIiB4bWxucz0iaHR0cDovL3d3dy53My5vcmcvMjAwMC9zdmciPjwvc3ZnPg==\" style=\"--smush-placeholder-width: 399px; --smush-placeholder-aspect-ratio: 399\/397;\" \/><\/a><figcaption class=\"wp-element-caption\">Elattoneura glauca  m\u00e2le, Namibie, Rundu sur l&rsquo;Okavango, 10\/02\/2020<\/figcaption><\/figure>\n\n\n\n<p style=\"font-size:15px\">Quant \u00e0 son nom d&rsquo;esp\u00e8ce scientifique, <em>glauca<\/em>, de <em>glaucus<\/em>, <em>bleu-gris<\/em>, il se r\u00e9f\u00e8re \u00e0 la coloration bleut\u00e9e de la pruinosit\u00e9 qui envahit partiellement les m\u00e2les adultes.<br>Son identification est ais\u00e9e par la longueur de son abdomen qui le s\u00e9pare facilement des Coenagrionidae comme les Pseudagrion et par le fait qu&rsquo;il est le seul de son genre et m\u00eame de sa famille en Namibie. <\/p>\n\n\n\n<figure class=\"wp-block-image aligncenter size-large is-resized\"><a href=\"https:\/\/www.meslibellules.fr\/blog\/wp-content\/uploads\/elattoneura-glauca-5.jpg\"><img decoding=\"async\" data-src=\"https:\/\/www.meslibellules.fr\/blog\/wp-content\/uploads\/elattoneura-glauca-5.jpg\" alt=\"Common Threadtail m\u00e2le, Namibie, Popa Falls Resort sur l'Okavango, 18\/02\/2020\" class=\"wp-image-5115 lazyload\" width=\"493\" height=\"308\" data-srcset=\"https:\/\/www.meslibellules.fr\/blog\/wp-content\/uploads\/\/elattoneura-glauca-5.jpg 1604w, https:\/\/www.meslibellules.fr\/blog\/wp-content\/uploads\/\/elattoneura-glauca-5-768x481.jpg 768w, https:\/\/www.meslibellules.fr\/blog\/wp-content\/uploads\/\/elattoneura-glauca-5-1536x961.jpg 1536w, https:\/\/www.meslibellules.fr\/blog\/wp-content\/uploads\/\/elattoneura-glauca-5-1200x751.jpg 1200w\" data-sizes=\"(max-width: 493px) 100vw, 493px\" src=\"data:image\/svg+xml;base64,PHN2ZyB3aWR0aD0iMSIgaGVpZ2h0PSIxIiB4bWxucz0iaHR0cDovL3d3dy53My5vcmcvMjAwMC9zdmciPjwvc3ZnPg==\" style=\"--smush-placeholder-width: 493px; --smush-placeholder-aspect-ratio: 493\/308;\" \/><\/a><figcaption class=\"wp-element-caption\">Elattoneura glauca m\u00e2le, Namibie, Popa Falls Resort sur l&rsquo;Okavango, 18\/02\/2020<\/figcaption><\/figure>\n\n\n\n<p style=\"font-size:15px\">On le rencontre essentiellement sur les rivi\u00e8res, parfois rapides, mais dans leurs parties calmes, dans la v\u00e9g\u00e9tation et en particulier assez bas dans les roseaux  et parfois bien \u00e0 l&rsquo;ombre, ce qui explique que nombre de mes photos soient sombres&#8230;<br>Ci-dessous \u00e0 gauche, \u00e0 Nyangana, sur un bras de l&rsquo;Okavango, le 13\/02\/2020, \u00e0 droite  \u00e0 Rundu, sur l&rsquo;Okavango \u00e9galement, le 12\/02\/2020.<\/p>\n\n\n\n<figure class=\"wp-block-gallery has-nested-images columns-default is-cropped wp-block-gallery-1 is-layout-flex wp-block-gallery-is-layout-flex\">\n<figure class=\"wp-block-image size-large\"><a href=\"https:\/\/www.meslibellules.fr\/blog\/wp-content\/uploads\/elattoneura-glauca-4.jpg\"><img decoding=\"async\" width=\"1389\" height=\"1004\" data-id=\"5114\" data-src=\"https:\/\/www.meslibellules.fr\/blog\/wp-content\/uploads\/elattoneura-glauca-4.jpg\" alt=\"Elattoneura glauca m\u00e2le, Namibie, Nyangana, sur un bras de l'Okavango, 13\/02\/2020\" class=\"wp-image-5114 lazyload\" data-srcset=\"https:\/\/www.meslibellules.fr\/blog\/wp-content\/uploads\/\/elattoneura-glauca-4.jpg 1389w, https:\/\/www.meslibellules.fr\/blog\/wp-content\/uploads\/\/elattoneura-glauca-4-768x555.jpg 768w, https:\/\/www.meslibellules.fr\/blog\/wp-content\/uploads\/\/elattoneura-glauca-4-1200x867.jpg 1200w\" data-sizes=\"(max-width: 1389px) 100vw, 1389px\" src=\"data:image\/svg+xml;base64,PHN2ZyB3aWR0aD0iMSIgaGVpZ2h0PSIxIiB4bWxucz0iaHR0cDovL3d3dy53My5vcmcvMjAwMC9zdmciPjwvc3ZnPg==\" style=\"--smush-placeholder-width: 1389px; --smush-placeholder-aspect-ratio: 1389\/1004;\" \/><\/a><\/figure>\n\n\n\n<figure class=\"wp-block-image size-large\"><a href=\"https:\/\/www.meslibellules.fr\/blog\/wp-content\/uploads\/elattoneura-glauca-3.jpg\"><img decoding=\"async\" width=\"1400\" height=\"1204\" data-id=\"5113\" data-src=\"https:\/\/www.meslibellules.fr\/blog\/wp-content\/uploads\/elattoneura-glauca-3.jpg\" alt=\"Common Threadtail male, Namibia, Rundu, sur l'Okavango, 12\/02\/2020\" class=\"wp-image-5113 lazyload\" data-srcset=\"https:\/\/www.meslibellules.fr\/blog\/wp-content\/uploads\/\/elattoneura-glauca-3.jpg 1400w, https:\/\/www.meslibellules.fr\/blog\/wp-content\/uploads\/\/elattoneura-glauca-3-768x660.jpg 768w, https:\/\/www.meslibellules.fr\/blog\/wp-content\/uploads\/\/elattoneura-glauca-3-1200x1032.jpg 1200w\" data-sizes=\"(max-width: 1400px) 100vw, 1400px\" src=\"data:image\/svg+xml;base64,PHN2ZyB3aWR0aD0iMSIgaGVpZ2h0PSIxIiB4bWxucz0iaHR0cDovL3d3dy53My5vcmcvMjAwMC9zdmciPjwvc3ZnPg==\" style=\"--smush-placeholder-width: 1400px; --smush-placeholder-aspect-ratio: 1400\/1204;\" \/><\/a><\/figure>\n<figcaption class=\"blocks-gallery-caption wp-element-caption\">Elattoneura m\u00e2le, Namibie, Nyangana, sur un bras de l&rsquo;Okavango, 13\/02\/2020 &#8211; Rundu, sur l&rsquo;Okavango, 12\/02\/2020<\/figcaption><\/figure>\n\n\n\n<p style=\"font-size:15px\">Les jeunes m\u00e2les sont bien s\u00fbr tr\u00e8s diff\u00e9rents et comme le fait remarquer De Selys dans la description originale de l&rsquo;esp\u00e8ce (sous le nom de Disparonevra glauca) ils ressemblent \u00e0 notre Platycnemis pennipes jeune :<\/p>\n\n\n\n<figure class=\"wp-block-image aligncenter size-large is-resized\"><a href=\"https:\/\/www.meslibellules.fr\/blog\/wp-content\/uploads\/elattoneura-glauca-femelle-1.jpg\"><img decoding=\"async\" data-src=\"https:\/\/www.meslibellules.fr\/blog\/wp-content\/uploads\/elattoneura-glauca-femelle-1.jpg\" alt=\"Elattoneura glauca m\u00e2le immature, Namibie, Nyangana, sur un bras de l'Okavango, 13\/02\/2020\" class=\"wp-image-5116 lazyload\" width=\"202\" height=\"352\" src=\"data:image\/svg+xml;base64,PHN2ZyB3aWR0aD0iMSIgaGVpZ2h0PSIxIiB4bWxucz0iaHR0cDovL3d3dy53My5vcmcvMjAwMC9zdmciPjwvc3ZnPg==\" style=\"--smush-placeholder-width: 202px; --smush-placeholder-aspect-ratio: 202\/352;\" \/><\/a><figcaption class=\"wp-element-caption\">Elattoneura m\u00e2le immature, Namibie, Nyangana, sur un bras de l&rsquo;Okavango, 13\/02\/2020<\/figcaption><\/figure>\n\n\n\n<p style=\"font-size:15px\">Les femelles sont bien plus discr\u00e8tes et je n&rsquo;en aurai fait qu&rsquo;une photo, bien \u00e0 l&rsquo;ombre et en fin d&rsquo;apr\u00e8s midi, sur un tout petit bras de l&rsquo;Okavango.<\/p>\n\n\n\n<figure class=\"wp-block-image aligncenter size-large is-resized\"><a href=\"https:\/\/www.meslibellules.fr\/blog\/wp-content\/uploads\/elattoneura-glauca-femelle-2.jpg\"><img decoding=\"async\" data-src=\"https:\/\/www.meslibellules.fr\/blog\/wp-content\/uploads\/elattoneura-glauca-femelle-2.jpg\" alt=\"Elattoneura glauca femelle, Namibie, Popa Falls Resort sur l'Okavango, 18\/02\/2020\" class=\"wp-image-5117 lazyload\" width=\"480\" height=\"357\" src=\"data:image\/svg+xml;base64,PHN2ZyB3aWR0aD0iMSIgaGVpZ2h0PSIxIiB4bWxucz0iaHR0cDovL3d3dy53My5vcmcvMjAwMC9zdmciPjwvc3ZnPg==\" style=\"--smush-placeholder-width: 480px; --smush-placeholder-aspect-ratio: 480\/357;\" \/><\/a><figcaption class=\"wp-element-caption\">Elattoneura glauca femelle, Namibie, Popa Falls Resort sur l&rsquo;Okavango, 18\/02\/2020<\/figcaption><\/figure>\n\n\n\n<p style=\"font-size:15px\">\u00c0 l&rsquo;ouest de l&rsquo;Afrique, sa distribution s&rsquo;\u00e9tend de la Guin\u00e9e au nord de la Namibie et du Botswana. \u00c0 l&rsquo;est, de l&rsquo;\u00c9thiopie jusqu&rsquo;au sud de l&rsquo;Afrique du Sud. <br><a href=\"https:\/\/www.iucnredlist.org\/species\/59866\/84510088\">IUCN Red List<\/a><\/p>\n\n\n\n\n\n<div class=\"wp-block-buttons is-layout-flex wp-block-buttons-is-layout-flex\">\n<div class=\"wp-block-button\"><a class=\"wp-block-button__link wp-element-button\" href=\"https:\/\/www.meslibellules.fr\/blog\/odonates-de-namibie-namibian-odonates\/\">Accueil Namibie<\/a><\/div>\n<\/div>\n","protected":false},"excerpt":{"rendered":"<p>Elattoneura glauca est le seul Protoneuridae que nous avons rencontr\u00e9 en Namibie, mais il y est largement r\u00e9pandu et commun, ce qu&rsquo;exprime son nom vernaculaire Common threadtail. Threadtail est le nom g\u00e9n\u00e9rique qui exprime bien la finesse de son abdomen. Quant \u00e0 son nom d&rsquo;esp\u00e8ce scientifique, glauca, de glaucus, bleu-gris, il se r\u00e9f\u00e8re \u00e0 la [&hellip;]<\/p>\n","protected":false},"author":1,"featured_media":0,"comment_status":"open","ping_status":"open","sticky":false,"template":"","format":"image","meta":{"site-sidebar-layout":"default","site-content-layout":"","ast-site-content-layout":"default","site-content-style":"default","site-sidebar-style":"default","ast-global-header-display":"","ast-banner-title-visibility":"","ast-main-header-display":"","ast-hfb-above-header-display":"","ast-hfb-below-header-display":"","ast-hfb-mobile-header-display":"","site-post-title":"","ast-breadcrumbs-content":"","ast-featured-img":"","footer-sml-layout":"","ast-disable-related-posts":"","theme-transparent-header-meta":"","adv-header-id-meta":"","stick-header-meta":"","header-above-stick-meta":"","header-main-stick-meta":"","header-below-stick-meta":"","astra-migrate-meta-layouts":"default","ast-page-background-enabled":"default","ast-page-background-meta":{"desktop":{"background-color":"var(--ast-global-color-4)","background-image":"","background-repeat":"repeat","background-position":"center center","background-size":"auto","background-attachment":"scroll","background-type":"","background-media":"","overlay-type":"","overlay-color":"","overlay-opacity":"","overlay-gradient":""},"tablet":{"background-color":"","background-image":"","background-repeat":"repeat","background-position":"center center","background-size":"auto","background-attachment":"scroll","background-type":"","background-media":"","overlay-type":"","overlay-color":"","overlay-opacity":"","overlay-gradient":""},"mobile":{"background-color":"","background-image":"","background-repeat":"repeat","background-position":"center center","background-size":"auto","background-attachment":"scroll","background-type":"","background-media":"","overlay-type":"","overlay-color":"","overlay-opacity":"","overlay-gradient":""}},"ast-content-background-meta":{"desktop":{"background-color":"var(--ast-global-color-5)","background-image":"","background-repeat":"repeat","background-position":"center center","background-size":"auto","background-attachment":"scroll","background-type":"","background-media":"","overlay-type":"","overlay-color":"","overlay-opacity":"","overlay-gradient":""},"tablet":{"background-color":"var(--ast-global-color-5)","background-image":"","background-repeat":"repeat","background-position":"center center","background-size":"auto","background-attachment":"scroll","background-type":"","background-media":"","overlay-type":"","overlay-color":"","overlay-opacity":"","overlay-gradient":""},"mobile":{"background-color":"var(--ast-global-color-5)","background-image":"","background-repeat":"repeat","background-position":"center center","background-size":"auto","background-attachment":"scroll","background-type":"","background-media":"","overlay-type":"","overlay-color":"","overlay-opacity":"","overlay-gradient":""}},"footnotes":""},"categories":[274,297],"tags":[298,276],"class_list":["post-5118","post","type-post","status-publish","format-image","hentry","category-namibie","category-protoneuridae-namibie-2","tag-namibie-protoneuridae","tag-odonates-de-namibie-namibian-odonates","post_format-post-format-image"],"yoast_head":"<!-- This site is optimized with the Yoast SEO plugin v27.5 - https:\/\/yoast.com\/product\/yoast-seo-wordpress\/ -->\n<title>Elattoneura glauca - Mes Libellules<\/title>\n<meta name=\"description\" content=\"Elattoneura glauca m\u00e2les et femelle, description, identification, taille, habitat, distribution g\u00e9ographique, \u00e9tymologie\" \/>\n<meta name=\"robots\" content=\"index, follow, max-snippet:-1, max-image-preview:large, max-video-preview:-1\" \/>\n<link rel=\"canonical\" href=\"https:\/\/www.meslibellules.fr\/blog\/2020\/03\/09\/namibie-elattoneura-glauca-selys-1860\/\" \/>\n<meta property=\"og:locale\" content=\"fr_FR\" \/>\n<meta property=\"og:type\" content=\"article\" \/>\n<meta property=\"og:title\" content=\"Elattoneura glauca - Mes Libellules\" \/>\n<meta property=\"og:description\" content=\"Elattoneura glauca m\u00e2les et femelle, description, identification, taille, habitat, distribution g\u00e9ographique, \u00e9tymologie\" \/>\n<meta property=\"og:url\" content=\"https:\/\/www.meslibellules.fr\/blog\/2020\/03\/09\/namibie-elattoneura-glauca-selys-1860\/\" \/>\n<meta property=\"og:site_name\" content=\"Mes Libellules\" \/>\n<meta property=\"article:publisher\" content=\"https:\/\/www.facebook.com\/benoit.guillon.96\/\" \/>\n<meta property=\"article:author\" content=\"https:\/\/www.facebook.com\/benoit.guillon.96\/\" \/>\n<meta property=\"article:published_time\" content=\"2020-03-09T07:09:58+00:00\" \/>\n<meta property=\"article:modified_time\" content=\"2023-08-08T11:46:37+00:00\" \/>\n<meta property=\"og:image\" content=\"http:\/\/www.meslibellules.fr\/blog\/wp-content\/uploads\/elattoneura-glauca-1.jpg\" \/>\n<meta name=\"author\" content=\"Beno\u00eet Guillon\" \/>\n<meta name=\"twitter:card\" content=\"summary_large_image\" \/>\n<meta name=\"twitter:label1\" content=\"\u00c9crit par\" \/>\n\t<meta name=\"twitter:data1\" content=\"Beno\u00eet Guillon\" \/>\n\t<meta name=\"twitter:label2\" content=\"Dur\u00e9e de lecture estim\u00e9e\" \/>\n\t<meta name=\"twitter:data2\" content=\"4 minutes\" \/>\n<script type=\"application\/ld+json\" class=\"yoast-schema-graph\">{\"@context\":\"https:\\\/\\\/schema.org\",\"@graph\":[{\"@type\":\"Article\",\"@id\":\"https:\\\/\\\/www.meslibellules.fr\\\/blog\\\/2020\\\/03\\\/09\\\/namibie-elattoneura-glauca-selys-1860\\\/#article\",\"isPartOf\":{\"@id\":\"https:\\\/\\\/www.meslibellules.fr\\\/blog\\\/2020\\\/03\\\/09\\\/namibie-elattoneura-glauca-selys-1860\\\/\"},\"author\":{\"name\":\"Beno\u00eet Guillon\",\"@id\":\"https:\\\/\\\/www.meslibellules.fr\\\/blog\\\/#\\\/schema\\\/person\\\/9aa3586f9dd053fcf329f43b8b053c77\"},\"headline\":\"Namibie &#8211; Elattoneura glauca (Selys, 1860)\",\"datePublished\":\"2020-03-09T07:09:58+00:00\",\"dateModified\":\"2023-08-08T11:46:37+00:00\",\"mainEntityOfPage\":{\"@id\":\"https:\\\/\\\/www.meslibellules.fr\\\/blog\\\/2020\\\/03\\\/09\\\/namibie-elattoneura-glauca-selys-1860\\\/\"},\"wordCount\":357,\"commentCount\":0,\"publisher\":{\"@id\":\"https:\\\/\\\/www.meslibellules.fr\\\/blog\\\/#\\\/schema\\\/person\\\/9aa3586f9dd053fcf329f43b8b053c77\"},\"image\":{\"@id\":\"https:\\\/\\\/www.meslibellules.fr\\\/blog\\\/2020\\\/03\\\/09\\\/namibie-elattoneura-glauca-selys-1860\\\/#primaryimage\"},\"thumbnailUrl\":\"http:\\\/\\\/www.meslibellules.fr\\\/blog\\\/wp-content\\\/uploads\\\/elattoneura-glauca-1.jpg\",\"keywords\":[\"Namibie - Protoneuridae\",\"Odonates de Namibie - Namibian Odonates\"],\"articleSection\":[\"Namibie\",\"Protoneuridae\"],\"inLanguage\":\"fr-FR\",\"potentialAction\":[{\"@type\":\"CommentAction\",\"name\":\"Comment\",\"target\":[\"https:\\\/\\\/www.meslibellules.fr\\\/blog\\\/2020\\\/03\\\/09\\\/namibie-elattoneura-glauca-selys-1860\\\/#respond\"]}]},{\"@type\":\"WebPage\",\"@id\":\"https:\\\/\\\/www.meslibellules.fr\\\/blog\\\/2020\\\/03\\\/09\\\/namibie-elattoneura-glauca-selys-1860\\\/\",\"url\":\"https:\\\/\\\/www.meslibellules.fr\\\/blog\\\/2020\\\/03\\\/09\\\/namibie-elattoneura-glauca-selys-1860\\\/\",\"name\":\"Elattoneura glauca - Mes Libellules\",\"isPartOf\":{\"@id\":\"https:\\\/\\\/www.meslibellules.fr\\\/blog\\\/#website\"},\"primaryImageOfPage\":{\"@id\":\"https:\\\/\\\/www.meslibellules.fr\\\/blog\\\/2020\\\/03\\\/09\\\/namibie-elattoneura-glauca-selys-1860\\\/#primaryimage\"},\"image\":{\"@id\":\"https:\\\/\\\/www.meslibellules.fr\\\/blog\\\/2020\\\/03\\\/09\\\/namibie-elattoneura-glauca-selys-1860\\\/#primaryimage\"},\"thumbnailUrl\":\"http:\\\/\\\/www.meslibellules.fr\\\/blog\\\/wp-content\\\/uploads\\\/elattoneura-glauca-1.jpg\",\"datePublished\":\"2020-03-09T07:09:58+00:00\",\"dateModified\":\"2023-08-08T11:46:37+00:00\",\"description\":\"Elattoneura glauca m\u00e2les et femelle, description, identification, taille, habitat, distribution g\u00e9ographique, \u00e9tymologie\",\"breadcrumb\":{\"@id\":\"https:\\\/\\\/www.meslibellules.fr\\\/blog\\\/2020\\\/03\\\/09\\\/namibie-elattoneura-glauca-selys-1860\\\/#breadcrumb\"},\"inLanguage\":\"fr-FR\",\"potentialAction\":[{\"@type\":\"ReadAction\",\"target\":[\"https:\\\/\\\/www.meslibellules.fr\\\/blog\\\/2020\\\/03\\\/09\\\/namibie-elattoneura-glauca-selys-1860\\\/\"]}]},{\"@type\":\"ImageObject\",\"inLanguage\":\"fr-FR\",\"@id\":\"https:\\\/\\\/www.meslibellules.fr\\\/blog\\\/2020\\\/03\\\/09\\\/namibie-elattoneura-glauca-selys-1860\\\/#primaryimage\",\"url\":\"http:\\\/\\\/www.meslibellules.fr\\\/blog\\\/wp-content\\\/uploads\\\/elattoneura-glauca-1.jpg\",\"contentUrl\":\"http:\\\/\\\/www.meslibellules.fr\\\/blog\\\/wp-content\\\/uploads\\\/elattoneura-glauca-1.jpg\"},{\"@type\":\"BreadcrumbList\",\"@id\":\"https:\\\/\\\/www.meslibellules.fr\\\/blog\\\/2020\\\/03\\\/09\\\/namibie-elattoneura-glauca-selys-1860\\\/#breadcrumb\",\"itemListElement\":[{\"@type\":\"ListItem\",\"position\":1,\"name\":\"Accueil\",\"item\":\"https:\\\/\\\/www.meslibellules.fr\\\/blog\\\/\"},{\"@type\":\"ListItem\",\"position\":2,\"name\":\"Namibie &#8211; Elattoneura glauca (Selys, 1860)\"}]},{\"@type\":\"WebSite\",\"@id\":\"https:\\\/\\\/www.meslibellules.fr\\\/blog\\\/#website\",\"url\":\"https:\\\/\\\/www.meslibellules.fr\\\/blog\\\/\",\"name\":\"Mes Libellules\",\"description\":\"Pr\u00e9sentation des libellules rencontr\u00e9es dans le monde\",\"publisher\":{\"@id\":\"https:\\\/\\\/www.meslibellules.fr\\\/blog\\\/#\\\/schema\\\/person\\\/9aa3586f9dd053fcf329f43b8b053c77\"},\"potentialAction\":[{\"@type\":\"SearchAction\",\"target\":{\"@type\":\"EntryPoint\",\"urlTemplate\":\"https:\\\/\\\/www.meslibellules.fr\\\/blog\\\/?s={search_term_string}\"},\"query-input\":{\"@type\":\"PropertyValueSpecification\",\"valueRequired\":true,\"valueName\":\"search_term_string\"}}],\"inLanguage\":\"fr-FR\"},{\"@type\":[\"Person\",\"Organization\"],\"@id\":\"https:\\\/\\\/www.meslibellules.fr\\\/blog\\\/#\\\/schema\\\/person\\\/9aa3586f9dd053fcf329f43b8b053c77\",\"name\":\"Beno\u00eet Guillon\",\"image\":{\"@type\":\"ImageObject\",\"inLanguage\":\"fr-FR\",\"@id\":\"https:\\\/\\\/www.meslibellules.fr\\\/blog\\\/wp-content\\\/uploads\\\/cropped-avatar-150-pix.jpg\",\"url\":\"https:\\\/\\\/www.meslibellules.fr\\\/blog\\\/wp-content\\\/uploads\\\/cropped-avatar-150-pix.jpg\",\"contentUrl\":\"https:\\\/\\\/www.meslibellules.fr\\\/blog\\\/wp-content\\\/uploads\\\/cropped-avatar-150-pix.jpg\",\"width\":150,\"height\":137,\"caption\":\"Beno\u00eet Guillon\"},\"logo\":{\"@id\":\"https:\\\/\\\/www.meslibellules.fr\\\/blog\\\/wp-content\\\/uploads\\\/cropped-avatar-150-pix.jpg\"},\"sameAs\":[\"https:\\\/\\\/www.facebook.com\\\/benoit.guillon.96\\\/\"]}]}<\/script>\n<!-- \/ Yoast SEO plugin. -->","yoast_head_json":{"title":"Elattoneura glauca - Mes Libellules","description":"Elattoneura glauca m\u00e2les et femelle, description, identification, taille, habitat, distribution g\u00e9ographique, \u00e9tymologie","robots":{"index":"index","follow":"follow","max-snippet":"max-snippet:-1","max-image-preview":"max-image-preview:large","max-video-preview":"max-video-preview:-1"},"canonical":"https:\/\/www.meslibellules.fr\/blog\/2020\/03\/09\/namibie-elattoneura-glauca-selys-1860\/","og_locale":"fr_FR","og_type":"article","og_title":"Elattoneura glauca - Mes Libellules","og_description":"Elattoneura glauca m\u00e2les et femelle, description, identification, taille, habitat, distribution g\u00e9ographique, \u00e9tymologie","og_url":"https:\/\/www.meslibellules.fr\/blog\/2020\/03\/09\/namibie-elattoneura-glauca-selys-1860\/","og_site_name":"Mes Libellules","article_publisher":"https:\/\/www.facebook.com\/benoit.guillon.96\/","article_author":"https:\/\/www.facebook.com\/benoit.guillon.96\/","article_published_time":"2020-03-09T07:09:58+00:00","article_modified_time":"2023-08-08T11:46:37+00:00","og_image":[{"url":"http:\/\/www.meslibellules.fr\/blog\/wp-content\/uploads\/elattoneura-glauca-1.jpg","type":"","width":"","height":""}],"author":"Beno\u00eet Guillon","twitter_card":"summary_large_image","twitter_misc":{"\u00c9crit par":"Beno\u00eet Guillon","Dur\u00e9e de lecture estim\u00e9e":"4 minutes"},"schema":{"@context":"https:\/\/schema.org","@graph":[{"@type":"Article","@id":"https:\/\/www.meslibellules.fr\/blog\/2020\/03\/09\/namibie-elattoneura-glauca-selys-1860\/#article","isPartOf":{"@id":"https:\/\/www.meslibellules.fr\/blog\/2020\/03\/09\/namibie-elattoneura-glauca-selys-1860\/"},"author":{"name":"Beno\u00eet Guillon","@id":"https:\/\/www.meslibellules.fr\/blog\/#\/schema\/person\/9aa3586f9dd053fcf329f43b8b053c77"},"headline":"Namibie &#8211; Elattoneura glauca (Selys, 1860)","datePublished":"2020-03-09T07:09:58+00:00","dateModified":"2023-08-08T11:46:37+00:00","mainEntityOfPage":{"@id":"https:\/\/www.meslibellules.fr\/blog\/2020\/03\/09\/namibie-elattoneura-glauca-selys-1860\/"},"wordCount":357,"commentCount":0,"publisher":{"@id":"https:\/\/www.meslibellules.fr\/blog\/#\/schema\/person\/9aa3586f9dd053fcf329f43b8b053c77"},"image":{"@id":"https:\/\/www.meslibellules.fr\/blog\/2020\/03\/09\/namibie-elattoneura-glauca-selys-1860\/#primaryimage"},"thumbnailUrl":"http:\/\/www.meslibellules.fr\/blog\/wp-content\/uploads\/elattoneura-glauca-1.jpg","keywords":["Namibie - Protoneuridae","Odonates de Namibie - Namibian Odonates"],"articleSection":["Namibie","Protoneuridae"],"inLanguage":"fr-FR","potentialAction":[{"@type":"CommentAction","name":"Comment","target":["https:\/\/www.meslibellules.fr\/blog\/2020\/03\/09\/namibie-elattoneura-glauca-selys-1860\/#respond"]}]},{"@type":"WebPage","@id":"https:\/\/www.meslibellules.fr\/blog\/2020\/03\/09\/namibie-elattoneura-glauca-selys-1860\/","url":"https:\/\/www.meslibellules.fr\/blog\/2020\/03\/09\/namibie-elattoneura-glauca-selys-1860\/","name":"Elattoneura glauca - Mes Libellules","isPartOf":{"@id":"https:\/\/www.meslibellules.fr\/blog\/#website"},"primaryImageOfPage":{"@id":"https:\/\/www.meslibellules.fr\/blog\/2020\/03\/09\/namibie-elattoneura-glauca-selys-1860\/#primaryimage"},"image":{"@id":"https:\/\/www.meslibellules.fr\/blog\/2020\/03\/09\/namibie-elattoneura-glauca-selys-1860\/#primaryimage"},"thumbnailUrl":"http:\/\/www.meslibellules.fr\/blog\/wp-content\/uploads\/elattoneura-glauca-1.jpg","datePublished":"2020-03-09T07:09:58+00:00","dateModified":"2023-08-08T11:46:37+00:00","description":"Elattoneura glauca m\u00e2les et femelle, description, identification, taille, habitat, distribution g\u00e9ographique, \u00e9tymologie","breadcrumb":{"@id":"https:\/\/www.meslibellules.fr\/blog\/2020\/03\/09\/namibie-elattoneura-glauca-selys-1860\/#breadcrumb"},"inLanguage":"fr-FR","potentialAction":[{"@type":"ReadAction","target":["https:\/\/www.meslibellules.fr\/blog\/2020\/03\/09\/namibie-elattoneura-glauca-selys-1860\/"]}]},{"@type":"ImageObject","inLanguage":"fr-FR","@id":"https:\/\/www.meslibellules.fr\/blog\/2020\/03\/09\/namibie-elattoneura-glauca-selys-1860\/#primaryimage","url":"http:\/\/www.meslibellules.fr\/blog\/wp-content\/uploads\/elattoneura-glauca-1.jpg","contentUrl":"http:\/\/www.meslibellules.fr\/blog\/wp-content\/uploads\/elattoneura-glauca-1.jpg"},{"@type":"BreadcrumbList","@id":"https:\/\/www.meslibellules.fr\/blog\/2020\/03\/09\/namibie-elattoneura-glauca-selys-1860\/#breadcrumb","itemListElement":[{"@type":"ListItem","position":1,"name":"Accueil","item":"https:\/\/www.meslibellules.fr\/blog\/"},{"@type":"ListItem","position":2,"name":"Namibie &#8211; Elattoneura glauca (Selys, 1860)"}]},{"@type":"WebSite","@id":"https:\/\/www.meslibellules.fr\/blog\/#website","url":"https:\/\/www.meslibellules.fr\/blog\/","name":"Mes Libellules","description":"Pr\u00e9sentation des libellules rencontr\u00e9es dans le monde","publisher":{"@id":"https:\/\/www.meslibellules.fr\/blog\/#\/schema\/person\/9aa3586f9dd053fcf329f43b8b053c77"},"potentialAction":[{"@type":"SearchAction","target":{"@type":"EntryPoint","urlTemplate":"https:\/\/www.meslibellules.fr\/blog\/?s={search_term_string}"},"query-input":{"@type":"PropertyValueSpecification","valueRequired":true,"valueName":"search_term_string"}}],"inLanguage":"fr-FR"},{"@type":["Person","Organization"],"@id":"https:\/\/www.meslibellules.fr\/blog\/#\/schema\/person\/9aa3586f9dd053fcf329f43b8b053c77","name":"Beno\u00eet Guillon","image":{"@type":"ImageObject","inLanguage":"fr-FR","@id":"https:\/\/www.meslibellules.fr\/blog\/wp-content\/uploads\/cropped-avatar-150-pix.jpg","url":"https:\/\/www.meslibellules.fr\/blog\/wp-content\/uploads\/cropped-avatar-150-pix.jpg","contentUrl":"https:\/\/www.meslibellules.fr\/blog\/wp-content\/uploads\/cropped-avatar-150-pix.jpg","width":150,"height":137,"caption":"Beno\u00eet Guillon"},"logo":{"@id":"https:\/\/www.meslibellules.fr\/blog\/wp-content\/uploads\/cropped-avatar-150-pix.jpg"},"sameAs":["https:\/\/www.facebook.com\/benoit.guillon.96\/"]}]}},"_links":{"self":[{"href":"https:\/\/www.meslibellules.fr\/blog\/wp-json\/wp\/v2\/posts\/5118","targetHints":{"allow":["GET"]}}],"collection":[{"href":"https:\/\/www.meslibellules.fr\/blog\/wp-json\/wp\/v2\/posts"}],"about":[{"href":"https:\/\/www.meslibellules.fr\/blog\/wp-json\/wp\/v2\/types\/post"}],"author":[{"embeddable":true,"href":"https:\/\/www.meslibellules.fr\/blog\/wp-json\/wp\/v2\/users\/1"}],"replies":[{"embeddable":true,"href":"https:\/\/www.meslibellules.fr\/blog\/wp-json\/wp\/v2\/comments?post=5118"}],"version-history":[{"count":0,"href":"https:\/\/www.meslibellules.fr\/blog\/wp-json\/wp\/v2\/posts\/5118\/revisions"}],"wp:attachment":[{"href":"https:\/\/www.meslibellules.fr\/blog\/wp-json\/wp\/v2\/media?parent=5118"}],"wp:term":[{"taxonomy":"category","embeddable":true,"href":"https:\/\/www.meslibellules.fr\/blog\/wp-json\/wp\/v2\/categories?post=5118"},{"taxonomy":"post_tag","embeddable":true,"href":"https:\/\/www.meslibellules.fr\/blog\/wp-json\/wp\/v2\/tags?post=5118"}],"curies":[{"name":"wp","href":"https:\/\/api.w.org\/{rel}","templated":true}]}}