{"id":5452,"date":"2020-04-07T07:17:55","date_gmt":"2020-04-07T05:17:55","guid":{"rendered":"http:\/\/www.meslibellules.fr\/blog\/?p=5452"},"modified":"2024-10-15T07:52:16","modified_gmt":"2024-10-15T05:52:16","slug":"namibie-pseudagrion-assegaii-pinhey-1950","status":"publish","type":"post","link":"https:\/\/www.meslibellules.fr\/blog\/2020\/04\/07\/namibie-pseudagrion-assegaii-pinhey-1950\/","title":{"rendered":"Namibie &#8211; Pseudagrion assegaii (Pinhey, 1950)"},"content":{"rendered":"\n<figure class=\"wp-block-image aligncenter size-large is-resized\"><a href=\"https:\/\/www.meslibellules.fr\/blog\/wp-content\/uploads\/pseudagrion-assegai-1.jpg\"><img decoding=\"async\" width=\"2136\" height=\"1204\" data-src=\"https:\/\/www.meslibellules.fr\/blog\/wp-content\/uploads\/pseudagrion-assegai-1.jpg\" alt=\"Pseudagrion assegai m\u00e2le, Namibie, Katima Mulilo, Kalambesa, 15\/02\/2020\" class=\"wp-image-5447 lazyload\" style=\"--smush-placeholder-width: 2136px; --smush-placeholder-aspect-ratio: 2136\/1204;width:582px;height:327px\" data-srcset=\"https:\/\/www.meslibellules.fr\/blog\/wp-content\/uploads\/\/pseudagrion-assegai-1.jpg 2136w, https:\/\/www.meslibellules.fr\/blog\/wp-content\/uploads\/\/pseudagrion-assegai-1-768x433.jpg 768w, https:\/\/www.meslibellules.fr\/blog\/wp-content\/uploads\/\/pseudagrion-assegai-1-1536x866.jpg 1536w, https:\/\/www.meslibellules.fr\/blog\/wp-content\/uploads\/\/pseudagrion-assegai-1-2048x1154.jpg 2048w, https:\/\/www.meslibellules.fr\/blog\/wp-content\/uploads\/\/pseudagrion-assegai-1-1200x676.jpg 1200w\" data-sizes=\"(max-width: 2136px) 100vw, 2136px\" src=\"data:image\/svg+xml;base64,PHN2ZyB3aWR0aD0iMSIgaGVpZ2h0PSIxIiB4bWxucz0iaHR0cDovL3d3dy53My5vcmcvMjAwMC9zdmciPjwvc3ZnPg==\" \/><\/a><figcaption class=\"wp-element-caption\">Pseudagrion assegaii m\u00e2le, Namibie, Katima Mulilo, 15\/02\/2020<\/figcaption><\/figure>\n\n\n\n<p style=\"font-size:15px\">Pseudagrion assegaii (Coenagrionidae) appartient au groupe B et est facile \u00e0 identifier\u202f; il est tout bleu, sans traces de vert, ce qui le diff\u00e9rencie de P. coeleste.  Il est unique parmi les Pseudagrion pour le fer de lance qu&rsquo;il porte sur le 2\u00b0 segment abdominal.<\/p>\n\n\n\n<figure class=\"wp-block-image aligncenter size-large is-resized\"><a href=\"https:\/\/www.meslibellules.fr\/blog\/wp-content\/uploads\/pseudagrion-assegai-2.jpg\"><img decoding=\"async\" width=\"1652\" height=\"1004\" data-src=\"https:\/\/www.meslibellules.fr\/blog\/wp-content\/uploads\/pseudagrion-assegai-2.jpg\" alt=\"Pseudagrion assegai m\u00e2le, Namibie, Katima Mulilo, Kalambesa, 15\/02\/2020\" class=\"wp-image-5448 lazyload\" style=\"--smush-placeholder-width: 1652px; --smush-placeholder-aspect-ratio: 1652\/1004;width:499px;height:302px\" data-srcset=\"https:\/\/www.meslibellules.fr\/blog\/wp-content\/uploads\/\/pseudagrion-assegai-2.jpg 1652w, https:\/\/www.meslibellules.fr\/blog\/wp-content\/uploads\/\/pseudagrion-assegai-2-768x467.jpg 768w, https:\/\/www.meslibellules.fr\/blog\/wp-content\/uploads\/\/pseudagrion-assegai-2-1536x934.jpg 1536w, https:\/\/www.meslibellules.fr\/blog\/wp-content\/uploads\/\/pseudagrion-assegai-2-1200x729.jpg 1200w\" data-sizes=\"(max-width: 1652px) 100vw, 1652px\" src=\"data:image\/svg+xml;base64,PHN2ZyB3aWR0aD0iMSIgaGVpZ2h0PSIxIiB4bWxucz0iaHR0cDovL3d3dy53My5vcmcvMjAwMC9zdmciPjwvc3ZnPg==\" \/><\/a><figcaption class=\"wp-element-caption\">Pseudagrion assegaii m\u00e2le, Namibie, Katima Mulilo, 15\/02\/2020<\/figcaption><\/figure>\n\n\n\n<p style=\"font-size:15px\">Nous ne l&rsquo;avons rencontr\u00e9 que 2 fois, le m\u00eame jour, \u00e0 quelques kilom\u00e8tres de distance Ci-dessous, nous avons d\u00fb nous contenter d&rsquo;un unique sujet, qui avait bien du mal \u00e0 rester en place, quittant son support \u00e0 la moindre approche, volant au ras de l&rsquo;eau pour aller se poser quelques m\u00e8tres plus loin sur la v\u00e9g\u00e9tation flottante.<br> Le groupe que l&rsquo;on voit ci-dessous  est \u00e0 l&rsquo;endroit exact de la mare o\u00f9 les photos ont \u00e9t\u00e9 prises. <br>Comme beaucoup d&rsquo;autres, ces mares sont provoqu\u00e9es par les d\u00e9bordements ou les bras morts des rivi\u00e8res, en l&rsquo;occurrence du Zamb\u00e8ze\u202f; beaucoup sont donc temporaires et s&rsquo;ass\u00e8chent apr\u00e8s la saison des pluies.<\/p>\n\n\n\n<figure class=\"wp-block-image aligncenter size-large is-resized\"><a href=\"https:\/\/www.meslibellules.fr\/blog\/wp-content\/uploads\/15-02-11h00-Kalambesa-Katima-Mulilo.jpg\"><img decoding=\"async\" width=\"1928\" height=\"1204\" data-src=\"https:\/\/www.meslibellules.fr\/blog\/wp-content\/uploads\/15-02-11h00-Kalambesa-Katima-Mulilo.jpg\" alt=\"Mare \u00e0 l'est de Katima Mulilo (Namibie), Kalambesa, 15\/02\/2020\" class=\"wp-image-5451 lazyload\" style=\"--smush-placeholder-width: 1928px; --smush-placeholder-aspect-ratio: 1928\/1204;width:499px;height:303px\" data-srcset=\"https:\/\/www.meslibellules.fr\/blog\/wp-content\/uploads\/\/15-02-11h00-Kalambesa-Katima-Mulilo.jpg 1928w, https:\/\/www.meslibellules.fr\/blog\/wp-content\/uploads\/\/15-02-11h00-Kalambesa-Katima-Mulilo-768x480.jpg 768w, https:\/\/www.meslibellules.fr\/blog\/wp-content\/uploads\/\/15-02-11h00-Kalambesa-Katima-Mulilo-1536x959.jpg 1536w, https:\/\/www.meslibellules.fr\/blog\/wp-content\/uploads\/\/15-02-11h00-Kalambesa-Katima-Mulilo-1200x749.jpg 1200w\" data-sizes=\"(max-width: 1928px) 100vw, 1928px\" src=\"data:image\/svg+xml;base64,PHN2ZyB3aWR0aD0iMSIgaGVpZ2h0PSIxIiB4bWxucz0iaHR0cDovL3d3dy53My5vcmcvMjAwMC9zdmciPjwvc3ZnPg==\" \/><\/a><figcaption class=\"wp-element-caption\">Mare \u00e0 l&rsquo;est de Katima Mulilo (Namibie), 15\/02\/2020<\/figcaption><\/figure>\n\n\n\n<p style=\"font-size:15px\">Il appr\u00e9cie les eaux tranquilles et on le trouve sur les lacs de barrage, les mares et les bras morts de rivi\u00e8res. Une vue a\u00e9rienne de la localisation des deux sites (ballon bleu, ballon jaune) o\u00f9 nous l&rsquo;avons rencontr\u00e9 permet de mieux se rendre compte de la relation de ce qui appara\u00eet comme une mare sur le terrain, avec le Zamb\u00e8ze.<\/p>\n\n\n\n<figure class=\"wp-block-image aligncenter size-large is-resized\"><a href=\"https:\/\/www.meslibellules.fr\/blog\/wp-content\/uploads\/vue-aerienne-P-assegai.jpg\"><img decoding=\"async\" width=\"1627\" height=\"791\" data-src=\"https:\/\/www.meslibellules.fr\/blog\/wp-content\/uploads\/vue-aerienne-P-assegai.jpg\" alt=\"Localisation a\u00e9rienne des 2 sites de Pseudagrion assegai.\" class=\"wp-image-5459 lazyload\" style=\"--smush-placeholder-width: 1627px; --smush-placeholder-aspect-ratio: 1627\/791;width:615px\" data-srcset=\"https:\/\/www.meslibellules.fr\/blog\/wp-content\/uploads\/\/vue-aerienne-P-assegai.jpg 1627w, https:\/\/www.meslibellules.fr\/blog\/wp-content\/uploads\/\/vue-aerienne-P-assegai-768x373.jpg 768w, https:\/\/www.meslibellules.fr\/blog\/wp-content\/uploads\/\/vue-aerienne-P-assegai-1536x747.jpg 1536w, https:\/\/www.meslibellules.fr\/blog\/wp-content\/uploads\/\/vue-aerienne-P-assegai-1200x583.jpg 1200w\" data-sizes=\"(max-width: 1627px) 100vw, 1627px\" src=\"data:image\/svg+xml;base64,PHN2ZyB3aWR0aD0iMSIgaGVpZ2h0PSIxIiB4bWxucz0iaHR0cDovL3d3dy53My5vcmcvMjAwMC9zdmciPjwvc3ZnPg==\" \/><\/a><figcaption class=\"wp-element-caption\">Localisation a\u00e9rienne des 2 sites de Pseudagrion assegaii.<\/figcaption><\/figure>\n\n\n\n<p style=\"font-size:15px\">Avec ses 32 mm en moyenne, il fait partie des \u00ab\u00a0petits\u00a0\u00bb Pseudagrion de Namibie. Il y est consid\u00e9r\u00e9 comme peu commun.<br>On le rencontre essentiellement en Zambie et Zimbabwe, au nord-est de l&rsquo;Afrique du Sud et dans la bande de Caprivi.<br><a href=\"https:\/\/www.iucnredlist.org\/species\/60011\/12230656\">IUCN Red List<\/a><br><\/p>\n\n\n\n<figure class=\"wp-block-image aligncenter size-large is-resized\"><a href=\"https:\/\/www.meslibellules.fr\/blog\/wp-content\/uploads\/pseudagrion-assegai-3.jpg\"><img decoding=\"async\" width=\"1913\" height=\"1004\" data-src=\"https:\/\/www.meslibellules.fr\/blog\/wp-content\/uploads\/pseudagrion-assegai-3.jpg\" alt=\"Pseudagrion assegai m\u00e2le, Namibie, Katima Mulilo, Kalambesa, 15\/02\/2020\" class=\"wp-image-5449 lazyload\" style=\"--smush-placeholder-width: 1913px; --smush-placeholder-aspect-ratio: 1913\/1004;width:537px;height:281px\" data-srcset=\"https:\/\/www.meslibellules.fr\/blog\/wp-content\/uploads\/\/pseudagrion-assegai-3.jpg 1913w, https:\/\/www.meslibellules.fr\/blog\/wp-content\/uploads\/\/pseudagrion-assegai-3-768x403.jpg 768w, https:\/\/www.meslibellules.fr\/blog\/wp-content\/uploads\/\/pseudagrion-assegai-3-1536x806.jpg 1536w, https:\/\/www.meslibellules.fr\/blog\/wp-content\/uploads\/\/pseudagrion-assegai-3-1200x630.jpg 1200w\" data-sizes=\"(max-width: 1913px) 100vw, 1913px\" src=\"data:image\/svg+xml;base64,PHN2ZyB3aWR0aD0iMSIgaGVpZ2h0PSIxIiB4bWxucz0iaHR0cDovL3d3dy53My5vcmcvMjAwMC9zdmciPjwvc3ZnPg==\" \/><\/a><figcaption class=\"wp-element-caption\">Pseudagrion assegaii m\u00e2le, Namibie, Katima Mulilo, 15\/02\/2020<\/figcaption><\/figure>\n\n\n\n<p style=\"font-size:15px\">Il doit son nom d&rsquo;esp\u00e8ce au fer de lance de son S2\u202f; un \u00ab\u00a0assagai\u00a0\u00bb est une courte lance pour les populations Zoulous. Le mot fran\u00e7ais \u00ab\u00a0sagaie\u00a0\u00bb pourrait en \u00eatre issu.<br>En anglais, il est nomm\u00e9 Assegaai Sprite.<\/p>\n\n\n\n<figure class=\"wp-block-image aligncenter size-large is-resized\"><a href=\"https:\/\/www.meslibellules.fr\/blog\/wp-content\/uploads\/pseudagrion-assegai-4.jpg\"><img decoding=\"async\" width=\"1441\" height=\"1004\" data-src=\"https:\/\/www.meslibellules.fr\/blog\/wp-content\/uploads\/pseudagrion-assegai-4.jpg\" alt=\"Assegaai Sprite male, Namibia, Katima Mulilo, Kalambesa, 15\/02\/2020\" class=\"wp-image-5450 lazyload\" style=\"--smush-placeholder-width: 1441px; --smush-placeholder-aspect-ratio: 1441\/1004;width:537px;height:361px\" data-srcset=\"https:\/\/www.meslibellules.fr\/blog\/wp-content\/uploads\/\/pseudagrion-assegai-4.jpg 1441w, https:\/\/www.meslibellules.fr\/blog\/wp-content\/uploads\/\/pseudagrion-assegai-4-768x535.jpg 768w, https:\/\/www.meslibellules.fr\/blog\/wp-content\/uploads\/\/pseudagrion-assegai-4-1200x836.jpg 1200w\" data-sizes=\"(max-width: 1441px) 100vw, 1441px\" src=\"data:image\/svg+xml;base64,PHN2ZyB3aWR0aD0iMSIgaGVpZ2h0PSIxIiB4bWxucz0iaHR0cDovL3d3dy53My5vcmcvMjAwMC9zdmciPjwvc3ZnPg==\" \/><\/a><figcaption class=\"wp-element-caption\">Pseudagrion assegai m\u00e2le, Namibie, Katima Mulilo, Kalambesa, 15\/02\/2020<\/figcaption><\/figure>\n\n\n\n<div style=\"height:37px\" aria-hidden=\"true\" class=\"wp-block-spacer\"><\/div>\n\n\n\n\n\n<div class=\"wp-block-buttons is-layout-flex wp-block-buttons-is-layout-flex\">\n<div class=\"wp-block-button\"><a class=\"wp-block-button__link wp-element-button\" href=\"https:\/\/www.meslibellules.fr\/blog\/odonates-de-namibie-namibian-odonates\/\">Accueil Namibie<\/a><\/div>\n<\/div>\n","protected":false},"excerpt":{"rendered":"<p>Pseudagrion assegaii (Coenagrionidae) appartient au groupe B et est facile \u00e0 identifier\u202f; il est tout bleu, sans traces de vert, ce qui le diff\u00e9rencie de P. coeleste. Il est unique parmi les Pseudagrion pour le fer de lance qu&rsquo;il porte sur le 2\u00b0 segment abdominal. Nous ne l&rsquo;avons rencontr\u00e9 que 2 fois, le m\u00eame jour, [&hellip;]<\/p>\n","protected":false},"author":1,"featured_media":0,"comment_status":"open","ping_status":"open","sticky":false,"template":"","format":"image","meta":{"site-sidebar-layout":"default","site-content-layout":"","ast-site-content-layout":"default","site-content-style":"default","site-sidebar-style":"default","ast-global-header-display":"","ast-banner-title-visibility":"","ast-main-header-display":"","ast-hfb-above-header-display":"","ast-hfb-below-header-display":"","ast-hfb-mobile-header-display":"","site-post-title":"","ast-breadcrumbs-content":"","ast-featured-img":"","footer-sml-layout":"","ast-disable-related-posts":"","theme-transparent-header-meta":"","adv-header-id-meta":"","stick-header-meta":"","header-above-stick-meta":"","header-main-stick-meta":"","header-below-stick-meta":"","astra-migrate-meta-layouts":"set","ast-page-background-enabled":"default","ast-page-background-meta":{"desktop":{"background-color":"var(--ast-global-color-4)","background-image":"","background-repeat":"repeat","background-position":"center center","background-size":"auto","background-attachment":"scroll","background-type":"","background-media":"","overlay-type":"","overlay-color":"","overlay-opacity":"","overlay-gradient":""},"tablet":{"background-color":"","background-image":"","background-repeat":"repeat","background-position":"center center","background-size":"auto","background-attachment":"scroll","background-type":"","background-media":"","overlay-type":"","overlay-color":"","overlay-opacity":"","overlay-gradient":""},"mobile":{"background-color":"","background-image":"","background-repeat":"repeat","background-position":"center center","background-size":"auto","background-attachment":"scroll","background-type":"","background-media":"","overlay-type":"","overlay-color":"","overlay-opacity":"","overlay-gradient":""}},"ast-content-background-meta":{"desktop":{"background-color":"var(--ast-global-color-5)","background-image":"","background-repeat":"repeat","background-position":"center center","background-size":"auto","background-attachment":"scroll","background-type":"","background-media":"","overlay-type":"","overlay-color":"","overlay-opacity":"","overlay-gradient":""},"tablet":{"background-color":"var(--ast-global-color-5)","background-image":"","background-repeat":"repeat","background-position":"center center","background-size":"auto","background-attachment":"scroll","background-type":"","background-media":"","overlay-type":"","overlay-color":"","overlay-opacity":"","overlay-gradient":""},"mobile":{"background-color":"var(--ast-global-color-5)","background-image":"","background-repeat":"repeat","background-position":"center center","background-size":"auto","background-attachment":"scroll","background-type":"","background-media":"","overlay-type":"","overlay-color":"","overlay-opacity":"","overlay-gradient":""}},"footnotes":""},"categories":[281,274],"tags":[276,310],"class_list":["post-5452","post","type-post","status-publish","format-image","hentry","category-coenagrionidae-namibie-2","category-namibie","tag-odonates-de-namibie-namibian-odonates","tag-pseudagrion-assegaii-namibie","post_format-post-format-image"],"yoast_head":"<!-- This site is optimized with the Yoast SEO plugin v27.4 - https:\/\/yoast.com\/product\/yoast-seo-wordpress\/ -->\n<title>Pseudagrion assegaii - Mes Libellules<\/title>\n<meta name=\"description\" content=\"Pseudagrion assegaii m\u00e2le en Namibie, description, identification, taille, habitat, distribution g\u00e9ographique, \u00e9tymologie\" \/>\n<meta name=\"robots\" content=\"index, follow, max-snippet:-1, max-image-preview:large, max-video-preview:-1\" \/>\n<link rel=\"canonical\" href=\"https:\/\/www.meslibellules.fr\/blog\/2020\/04\/07\/namibie-pseudagrion-assegaii-pinhey-1950\/\" \/>\n<meta property=\"og:locale\" content=\"fr_FR\" \/>\n<meta property=\"og:type\" content=\"article\" \/>\n<meta property=\"og:title\" content=\"Pseudagrion assegaii - Mes Libellules\" \/>\n<meta property=\"og:description\" content=\"Pseudagrion assegaii m\u00e2le en Namibie, description, identification, taille, habitat, distribution g\u00e9ographique, \u00e9tymologie\" \/>\n<meta property=\"og:url\" content=\"https:\/\/www.meslibellules.fr\/blog\/2020\/04\/07\/namibie-pseudagrion-assegaii-pinhey-1950\/\" \/>\n<meta property=\"og:site_name\" content=\"Mes Libellules\" \/>\n<meta property=\"article:publisher\" content=\"https:\/\/www.facebook.com\/benoit.guillon.96\/\" \/>\n<meta property=\"article:author\" content=\"https:\/\/www.facebook.com\/benoit.guillon.96\/\" \/>\n<meta property=\"article:published_time\" content=\"2020-04-07T05:17:55+00:00\" \/>\n<meta property=\"article:modified_time\" content=\"2024-10-15T05:52:16+00:00\" \/>\n<meta property=\"og:image\" content=\"http:\/\/www.meslibellules.fr\/blog\/wp-content\/uploads\/pseudagrion-assegai-1.jpg\" \/>\n<meta name=\"author\" content=\"Beno\u00eet Guillon\" \/>\n<meta name=\"twitter:card\" content=\"summary_large_image\" \/>\n<meta name=\"twitter:label1\" content=\"\u00c9crit par\" \/>\n\t<meta name=\"twitter:data1\" content=\"Beno\u00eet Guillon\" \/>\n\t<meta name=\"twitter:label2\" content=\"Dur\u00e9e de lecture estim\u00e9e\" \/>\n\t<meta name=\"twitter:data2\" content=\"6 minutes\" \/>\n<script type=\"application\/ld+json\" class=\"yoast-schema-graph\">{\"@context\":\"https:\\\/\\\/schema.org\",\"@graph\":[{\"@type\":\"Article\",\"@id\":\"https:\\\/\\\/www.meslibellules.fr\\\/blog\\\/2020\\\/04\\\/07\\\/namibie-pseudagrion-assegaii-pinhey-1950\\\/#article\",\"isPartOf\":{\"@id\":\"https:\\\/\\\/www.meslibellules.fr\\\/blog\\\/2020\\\/04\\\/07\\\/namibie-pseudagrion-assegaii-pinhey-1950\\\/\"},\"author\":{\"name\":\"Beno\u00eet Guillon\",\"@id\":\"https:\\\/\\\/www.meslibellules.fr\\\/blog\\\/#\\\/schema\\\/person\\\/9aa3586f9dd053fcf329f43b8b053c77\"},\"headline\":\"Namibie &#8211; Pseudagrion assegaii (Pinhey, 1950)\",\"datePublished\":\"2020-04-07T05:17:55+00:00\",\"dateModified\":\"2024-10-15T05:52:16+00:00\",\"mainEntityOfPage\":{\"@id\":\"https:\\\/\\\/www.meslibellules.fr\\\/blog\\\/2020\\\/04\\\/07\\\/namibie-pseudagrion-assegaii-pinhey-1950\\\/\"},\"wordCount\":367,\"commentCount\":0,\"publisher\":{\"@id\":\"https:\\\/\\\/www.meslibellules.fr\\\/blog\\\/#\\\/schema\\\/person\\\/9aa3586f9dd053fcf329f43b8b053c77\"},\"image\":{\"@id\":\"https:\\\/\\\/www.meslibellules.fr\\\/blog\\\/2020\\\/04\\\/07\\\/namibie-pseudagrion-assegaii-pinhey-1950\\\/#primaryimage\"},\"thumbnailUrl\":\"http:\\\/\\\/www.meslibellules.fr\\\/blog\\\/wp-content\\\/uploads\\\/pseudagrion-assegai-1.jpg\",\"keywords\":[\"Odonates de Namibie - Namibian Odonates\",\"Pseudagrion assegaii - Namibie\"],\"articleSection\":[\"Coenagrionidae\",\"Namibie\"],\"inLanguage\":\"fr-FR\",\"potentialAction\":[{\"@type\":\"CommentAction\",\"name\":\"Comment\",\"target\":[\"https:\\\/\\\/www.meslibellules.fr\\\/blog\\\/2020\\\/04\\\/07\\\/namibie-pseudagrion-assegaii-pinhey-1950\\\/#respond\"]}]},{\"@type\":\"WebPage\",\"@id\":\"https:\\\/\\\/www.meslibellules.fr\\\/blog\\\/2020\\\/04\\\/07\\\/namibie-pseudagrion-assegaii-pinhey-1950\\\/\",\"url\":\"https:\\\/\\\/www.meslibellules.fr\\\/blog\\\/2020\\\/04\\\/07\\\/namibie-pseudagrion-assegaii-pinhey-1950\\\/\",\"name\":\"Pseudagrion assegaii - Mes Libellules\",\"isPartOf\":{\"@id\":\"https:\\\/\\\/www.meslibellules.fr\\\/blog\\\/#website\"},\"primaryImageOfPage\":{\"@id\":\"https:\\\/\\\/www.meslibellules.fr\\\/blog\\\/2020\\\/04\\\/07\\\/namibie-pseudagrion-assegaii-pinhey-1950\\\/#primaryimage\"},\"image\":{\"@id\":\"https:\\\/\\\/www.meslibellules.fr\\\/blog\\\/2020\\\/04\\\/07\\\/namibie-pseudagrion-assegaii-pinhey-1950\\\/#primaryimage\"},\"thumbnailUrl\":\"http:\\\/\\\/www.meslibellules.fr\\\/blog\\\/wp-content\\\/uploads\\\/pseudagrion-assegai-1.jpg\",\"datePublished\":\"2020-04-07T05:17:55+00:00\",\"dateModified\":\"2024-10-15T05:52:16+00:00\",\"description\":\"Pseudagrion assegaii m\u00e2le en Namibie, description, identification, taille, habitat, distribution g\u00e9ographique, \u00e9tymologie\",\"breadcrumb\":{\"@id\":\"https:\\\/\\\/www.meslibellules.fr\\\/blog\\\/2020\\\/04\\\/07\\\/namibie-pseudagrion-assegaii-pinhey-1950\\\/#breadcrumb\"},\"inLanguage\":\"fr-FR\",\"potentialAction\":[{\"@type\":\"ReadAction\",\"target\":[\"https:\\\/\\\/www.meslibellules.fr\\\/blog\\\/2020\\\/04\\\/07\\\/namibie-pseudagrion-assegaii-pinhey-1950\\\/\"]}]},{\"@type\":\"ImageObject\",\"inLanguage\":\"fr-FR\",\"@id\":\"https:\\\/\\\/www.meslibellules.fr\\\/blog\\\/2020\\\/04\\\/07\\\/namibie-pseudagrion-assegaii-pinhey-1950\\\/#primaryimage\",\"url\":\"http:\\\/\\\/www.meslibellules.fr\\\/blog\\\/wp-content\\\/uploads\\\/pseudagrion-assegai-1.jpg\",\"contentUrl\":\"http:\\\/\\\/www.meslibellules.fr\\\/blog\\\/wp-content\\\/uploads\\\/pseudagrion-assegai-1.jpg\"},{\"@type\":\"BreadcrumbList\",\"@id\":\"https:\\\/\\\/www.meslibellules.fr\\\/blog\\\/2020\\\/04\\\/07\\\/namibie-pseudagrion-assegaii-pinhey-1950\\\/#breadcrumb\",\"itemListElement\":[{\"@type\":\"ListItem\",\"position\":1,\"name\":\"Accueil\",\"item\":\"https:\\\/\\\/www.meslibellules.fr\\\/blog\\\/\"},{\"@type\":\"ListItem\",\"position\":2,\"name\":\"Namibie &#8211; Pseudagrion assegaii (Pinhey, 1950)\"}]},{\"@type\":\"WebSite\",\"@id\":\"https:\\\/\\\/www.meslibellules.fr\\\/blog\\\/#website\",\"url\":\"https:\\\/\\\/www.meslibellules.fr\\\/blog\\\/\",\"name\":\"Mes Libellules\",\"description\":\"Pr\u00e9sentation des libellules rencontr\u00e9es dans le monde\",\"publisher\":{\"@id\":\"https:\\\/\\\/www.meslibellules.fr\\\/blog\\\/#\\\/schema\\\/person\\\/9aa3586f9dd053fcf329f43b8b053c77\"},\"potentialAction\":[{\"@type\":\"SearchAction\",\"target\":{\"@type\":\"EntryPoint\",\"urlTemplate\":\"https:\\\/\\\/www.meslibellules.fr\\\/blog\\\/?s={search_term_string}\"},\"query-input\":{\"@type\":\"PropertyValueSpecification\",\"valueRequired\":true,\"valueName\":\"search_term_string\"}}],\"inLanguage\":\"fr-FR\"},{\"@type\":[\"Person\",\"Organization\"],\"@id\":\"https:\\\/\\\/www.meslibellules.fr\\\/blog\\\/#\\\/schema\\\/person\\\/9aa3586f9dd053fcf329f43b8b053c77\",\"name\":\"Beno\u00eet Guillon\",\"image\":{\"@type\":\"ImageObject\",\"inLanguage\":\"fr-FR\",\"@id\":\"https:\\\/\\\/www.meslibellules.fr\\\/blog\\\/wp-content\\\/uploads\\\/cropped-avatar-150-pix.jpg\",\"url\":\"https:\\\/\\\/www.meslibellules.fr\\\/blog\\\/wp-content\\\/uploads\\\/cropped-avatar-150-pix.jpg\",\"contentUrl\":\"https:\\\/\\\/www.meslibellules.fr\\\/blog\\\/wp-content\\\/uploads\\\/cropped-avatar-150-pix.jpg\",\"width\":150,\"height\":137,\"caption\":\"Beno\u00eet Guillon\"},\"logo\":{\"@id\":\"https:\\\/\\\/www.meslibellules.fr\\\/blog\\\/wp-content\\\/uploads\\\/cropped-avatar-150-pix.jpg\"},\"sameAs\":[\"https:\\\/\\\/www.facebook.com\\\/benoit.guillon.96\\\/\"]}]}<\/script>\n<!-- \/ Yoast SEO plugin. -->","yoast_head_json":{"title":"Pseudagrion assegaii - Mes Libellules","description":"Pseudagrion assegaii m\u00e2le en Namibie, description, identification, taille, habitat, distribution g\u00e9ographique, \u00e9tymologie","robots":{"index":"index","follow":"follow","max-snippet":"max-snippet:-1","max-image-preview":"max-image-preview:large","max-video-preview":"max-video-preview:-1"},"canonical":"https:\/\/www.meslibellules.fr\/blog\/2020\/04\/07\/namibie-pseudagrion-assegaii-pinhey-1950\/","og_locale":"fr_FR","og_type":"article","og_title":"Pseudagrion assegaii - Mes Libellules","og_description":"Pseudagrion assegaii m\u00e2le en Namibie, description, identification, taille, habitat, distribution g\u00e9ographique, \u00e9tymologie","og_url":"https:\/\/www.meslibellules.fr\/blog\/2020\/04\/07\/namibie-pseudagrion-assegaii-pinhey-1950\/","og_site_name":"Mes Libellules","article_publisher":"https:\/\/www.facebook.com\/benoit.guillon.96\/","article_author":"https:\/\/www.facebook.com\/benoit.guillon.96\/","article_published_time":"2020-04-07T05:17:55+00:00","article_modified_time":"2024-10-15T05:52:16+00:00","og_image":[{"url":"http:\/\/www.meslibellules.fr\/blog\/wp-content\/uploads\/pseudagrion-assegai-1.jpg","type":"","width":"","height":""}],"author":"Beno\u00eet Guillon","twitter_card":"summary_large_image","twitter_misc":{"\u00c9crit par":"Beno\u00eet Guillon","Dur\u00e9e de lecture estim\u00e9e":"6 minutes"},"schema":{"@context":"https:\/\/schema.org","@graph":[{"@type":"Article","@id":"https:\/\/www.meslibellules.fr\/blog\/2020\/04\/07\/namibie-pseudagrion-assegaii-pinhey-1950\/#article","isPartOf":{"@id":"https:\/\/www.meslibellules.fr\/blog\/2020\/04\/07\/namibie-pseudagrion-assegaii-pinhey-1950\/"},"author":{"name":"Beno\u00eet Guillon","@id":"https:\/\/www.meslibellules.fr\/blog\/#\/schema\/person\/9aa3586f9dd053fcf329f43b8b053c77"},"headline":"Namibie &#8211; Pseudagrion assegaii (Pinhey, 1950)","datePublished":"2020-04-07T05:17:55+00:00","dateModified":"2024-10-15T05:52:16+00:00","mainEntityOfPage":{"@id":"https:\/\/www.meslibellules.fr\/blog\/2020\/04\/07\/namibie-pseudagrion-assegaii-pinhey-1950\/"},"wordCount":367,"commentCount":0,"publisher":{"@id":"https:\/\/www.meslibellules.fr\/blog\/#\/schema\/person\/9aa3586f9dd053fcf329f43b8b053c77"},"image":{"@id":"https:\/\/www.meslibellules.fr\/blog\/2020\/04\/07\/namibie-pseudagrion-assegaii-pinhey-1950\/#primaryimage"},"thumbnailUrl":"http:\/\/www.meslibellules.fr\/blog\/wp-content\/uploads\/pseudagrion-assegai-1.jpg","keywords":["Odonates de Namibie - Namibian Odonates","Pseudagrion assegaii - Namibie"],"articleSection":["Coenagrionidae","Namibie"],"inLanguage":"fr-FR","potentialAction":[{"@type":"CommentAction","name":"Comment","target":["https:\/\/www.meslibellules.fr\/blog\/2020\/04\/07\/namibie-pseudagrion-assegaii-pinhey-1950\/#respond"]}]},{"@type":"WebPage","@id":"https:\/\/www.meslibellules.fr\/blog\/2020\/04\/07\/namibie-pseudagrion-assegaii-pinhey-1950\/","url":"https:\/\/www.meslibellules.fr\/blog\/2020\/04\/07\/namibie-pseudagrion-assegaii-pinhey-1950\/","name":"Pseudagrion assegaii - Mes Libellules","isPartOf":{"@id":"https:\/\/www.meslibellules.fr\/blog\/#website"},"primaryImageOfPage":{"@id":"https:\/\/www.meslibellules.fr\/blog\/2020\/04\/07\/namibie-pseudagrion-assegaii-pinhey-1950\/#primaryimage"},"image":{"@id":"https:\/\/www.meslibellules.fr\/blog\/2020\/04\/07\/namibie-pseudagrion-assegaii-pinhey-1950\/#primaryimage"},"thumbnailUrl":"http:\/\/www.meslibellules.fr\/blog\/wp-content\/uploads\/pseudagrion-assegai-1.jpg","datePublished":"2020-04-07T05:17:55+00:00","dateModified":"2024-10-15T05:52:16+00:00","description":"Pseudagrion assegaii m\u00e2le en Namibie, description, identification, taille, habitat, distribution g\u00e9ographique, \u00e9tymologie","breadcrumb":{"@id":"https:\/\/www.meslibellules.fr\/blog\/2020\/04\/07\/namibie-pseudagrion-assegaii-pinhey-1950\/#breadcrumb"},"inLanguage":"fr-FR","potentialAction":[{"@type":"ReadAction","target":["https:\/\/www.meslibellules.fr\/blog\/2020\/04\/07\/namibie-pseudagrion-assegaii-pinhey-1950\/"]}]},{"@type":"ImageObject","inLanguage":"fr-FR","@id":"https:\/\/www.meslibellules.fr\/blog\/2020\/04\/07\/namibie-pseudagrion-assegaii-pinhey-1950\/#primaryimage","url":"http:\/\/www.meslibellules.fr\/blog\/wp-content\/uploads\/pseudagrion-assegai-1.jpg","contentUrl":"http:\/\/www.meslibellules.fr\/blog\/wp-content\/uploads\/pseudagrion-assegai-1.jpg"},{"@type":"BreadcrumbList","@id":"https:\/\/www.meslibellules.fr\/blog\/2020\/04\/07\/namibie-pseudagrion-assegaii-pinhey-1950\/#breadcrumb","itemListElement":[{"@type":"ListItem","position":1,"name":"Accueil","item":"https:\/\/www.meslibellules.fr\/blog\/"},{"@type":"ListItem","position":2,"name":"Namibie &#8211; Pseudagrion assegaii (Pinhey, 1950)"}]},{"@type":"WebSite","@id":"https:\/\/www.meslibellules.fr\/blog\/#website","url":"https:\/\/www.meslibellules.fr\/blog\/","name":"Mes Libellules","description":"Pr\u00e9sentation des libellules rencontr\u00e9es dans le monde","publisher":{"@id":"https:\/\/www.meslibellules.fr\/blog\/#\/schema\/person\/9aa3586f9dd053fcf329f43b8b053c77"},"potentialAction":[{"@type":"SearchAction","target":{"@type":"EntryPoint","urlTemplate":"https:\/\/www.meslibellules.fr\/blog\/?s={search_term_string}"},"query-input":{"@type":"PropertyValueSpecification","valueRequired":true,"valueName":"search_term_string"}}],"inLanguage":"fr-FR"},{"@type":["Person","Organization"],"@id":"https:\/\/www.meslibellules.fr\/blog\/#\/schema\/person\/9aa3586f9dd053fcf329f43b8b053c77","name":"Beno\u00eet Guillon","image":{"@type":"ImageObject","inLanguage":"fr-FR","@id":"https:\/\/www.meslibellules.fr\/blog\/wp-content\/uploads\/cropped-avatar-150-pix.jpg","url":"https:\/\/www.meslibellules.fr\/blog\/wp-content\/uploads\/cropped-avatar-150-pix.jpg","contentUrl":"https:\/\/www.meslibellules.fr\/blog\/wp-content\/uploads\/cropped-avatar-150-pix.jpg","width":150,"height":137,"caption":"Beno\u00eet Guillon"},"logo":{"@id":"https:\/\/www.meslibellules.fr\/blog\/wp-content\/uploads\/cropped-avatar-150-pix.jpg"},"sameAs":["https:\/\/www.facebook.com\/benoit.guillon.96\/"]}]}},"_links":{"self":[{"href":"https:\/\/www.meslibellules.fr\/blog\/wp-json\/wp\/v2\/posts\/5452","targetHints":{"allow":["GET"]}}],"collection":[{"href":"https:\/\/www.meslibellules.fr\/blog\/wp-json\/wp\/v2\/posts"}],"about":[{"href":"https:\/\/www.meslibellules.fr\/blog\/wp-json\/wp\/v2\/types\/post"}],"author":[{"embeddable":true,"href":"https:\/\/www.meslibellules.fr\/blog\/wp-json\/wp\/v2\/users\/1"}],"replies":[{"embeddable":true,"href":"https:\/\/www.meslibellules.fr\/blog\/wp-json\/wp\/v2\/comments?post=5452"}],"version-history":[{"count":0,"href":"https:\/\/www.meslibellules.fr\/blog\/wp-json\/wp\/v2\/posts\/5452\/revisions"}],"wp:attachment":[{"href":"https:\/\/www.meslibellules.fr\/blog\/wp-json\/wp\/v2\/media?parent=5452"}],"wp:term":[{"taxonomy":"category","embeddable":true,"href":"https:\/\/www.meslibellules.fr\/blog\/wp-json\/wp\/v2\/categories?post=5452"},{"taxonomy":"post_tag","embeddable":true,"href":"https:\/\/www.meslibellules.fr\/blog\/wp-json\/wp\/v2\/tags?post=5452"}],"curies":[{"name":"wp","href":"https:\/\/api.w.org\/{rel}","templated":true}]}}