{"id":5510,"date":"2020-04-11T21:01:43","date_gmt":"2020-04-11T19:01:43","guid":{"rendered":"http:\/\/www.meslibellules.fr\/blog\/?p=5510"},"modified":"2024-01-01T23:15:48","modified_gmt":"2024-01-01T22:15:48","slug":"namibie-hemistigma-albipunctum-rambur-1842","status":"publish","type":"post","link":"https:\/\/www.meslibellules.fr\/blog\/2020\/04\/11\/namibie-hemistigma-albipunctum-rambur-1842\/","title":{"rendered":"Namibie &#8211; Hemistigma albipunctum (Rambur, 1842)"},"content":{"rendered":"\n<figure class=\"wp-block-image aligncenter size-large is-resized\"><a href=\"https:\/\/www.meslibellules.fr\/blog\/wp-content\/uploads\/hemistigma-albipuctum-male-1.jpg\"><img decoding=\"async\" width=\"1599\" height=\"1204\" data-src=\"https:\/\/www.meslibellules.fr\/blog\/wp-content\/uploads\/hemistigma-albipuctum-male-1.jpg\" alt=\"Hemistigma albipunctum m\u00e2le, Namibie, sur la Kwando River au sud de Mapulanga, 18\/02\/2020\" class=\"wp-image-5515 lazyload\" style=\"--smush-placeholder-width: 1599px; --smush-placeholder-aspect-ratio: 1599\/1204;width:436px;height:328px\" data-srcset=\"https:\/\/www.meslibellules.fr\/blog\/wp-content\/uploads\/\/hemistigma-albipuctum-male-1.jpg 1599w, https:\/\/www.meslibellules.fr\/blog\/wp-content\/uploads\/\/hemistigma-albipuctum-male-1-768x578.jpg 768w, https:\/\/www.meslibellules.fr\/blog\/wp-content\/uploads\/\/hemistigma-albipuctum-male-1-1536x1157.jpg 1536w, https:\/\/www.meslibellules.fr\/blog\/wp-content\/uploads\/\/hemistigma-albipuctum-male-1-1200x904.jpg 1200w\" data-sizes=\"(max-width: 1599px) 100vw, 1599px\" src=\"data:image\/svg+xml;base64,PHN2ZyB3aWR0aD0iMSIgaGVpZ2h0PSIxIiB4bWxucz0iaHR0cDovL3d3dy53My5vcmcvMjAwMC9zdmciPjwvc3ZnPg==\" \/><\/a><figcaption class=\"wp-element-caption\">Hemistigma albipunctum m\u00e2le, Namibie, sur la Kwando River au  sud de Mapulanga, 18\/02\/2020<\/figcaption><\/figure>\n\n\n\n<p style=\"font-size:15px\">J&rsquo;avais d\u00e9j\u00e0 rencontr\u00e9 Hemistigma albipunctum (Libellulidae) en <a rel=\"noreferrer noopener\" href=\"http:\/\/www.meslibellules.fr\/voyages\/afrique-du-sud\/hemistigma-albipunctum\/hemistigma-albipunctum-male.php\" target=\"_blank\">Afrique du Sud<\/a> mais j&rsquo;ai trouv\u00e9 ici des sujets \u00e0 des stades de maturation que je n&rsquo;avais pas rencontr\u00e9 plus au Sud, et en octobre. <br>Je n&rsquo;avais vu que des m\u00e2les \u00e2g\u00e9s compl\u00e8tement pruineux, certainement moins spectaculaires que celui ci-dessus. Il est facile \u00e0 identifier avec ses pt\u00e9rostigmas bicolores et quand il est immature cette large bande jaune sur la face sup\u00e9rieure du thorax; il ne pourrait \u00eatre confondu qu&rsquo;avec Palpopleura deceptor pour les pt\u00e9rostigmas bicolores mais ce dernier pr\u00e9sente une bande sombre \u00e0 la base de l&rsquo;aile ant\u00e9rieure au niveau de la subcostale. Notons que m\u00e2le et femelle  Hemistigma albipunctum portent de fa\u00e7on variable une bande sombre \u00e9galement dans l&rsquo;espace sous costale, mais que celle-ci, quand elle est pr\u00e9sente,  n&rsquo;atteint jamais la base de l&rsquo;aile, ce qu&rsquo;on voit bien ci-dessous.<\/p>\n\n\n\n<figure class=\"wp-block-image aligncenter size-large is-resized\"><a href=\"https:\/\/www.meslibellules.fr\/blog\/wp-content\/uploads\/hemistigma-albipuctum-male-3.jpg\"><img decoding=\"async\" width=\"1234\" height=\"1004\" data-src=\"https:\/\/www.meslibellules.fr\/blog\/wp-content\/uploads\/hemistigma-albipuctum-male-3.jpg\" alt=\"Hemistigma albipunctum m\u00e2le, Namibie, Parc National de Bwabwata, Bum Hill, 14\/02\/2020\" class=\"wp-image-5517 lazyload\" style=\"--smush-placeholder-width: 1234px; --smush-placeholder-aspect-ratio: 1234\/1004;width:450px;height:333px\" data-srcset=\"https:\/\/www.meslibellules.fr\/blog\/wp-content\/uploads\/\/hemistigma-albipuctum-male-3.jpg 1234w, https:\/\/www.meslibellules.fr\/blog\/wp-content\/uploads\/\/hemistigma-albipuctum-male-3-768x625.jpg 768w, https:\/\/www.meslibellules.fr\/blog\/wp-content\/uploads\/\/hemistigma-albipuctum-male-3-1200x976.jpg 1200w\" data-sizes=\"(max-width: 1234px) 100vw, 1234px\" src=\"data:image\/svg+xml;base64,PHN2ZyB3aWR0aD0iMSIgaGVpZ2h0PSIxIiB4bWxucz0iaHR0cDovL3d3dy53My5vcmcvMjAwMC9zdmciPjwvc3ZnPg==\" \/><\/a><figcaption class=\"wp-element-caption\">Hemistigma albipunctum m\u00e2le, Namibie, Parc National de Bwabwata, Bum Hill, 14\/02\/2020<\/figcaption><\/figure>\n\n\n\n<p style=\"font-size:15px\">La photo ci-dessus montre un m\u00e2le plus avanc\u00e9 et la bande claire thoracique sup\u00e9rieure commence \u00e0 dispara\u00eetre sous la pruinosit\u00e9. <br>On voit parfaitement bien sur cette photo le front m\u00e9tallis\u00e9 et le point blanc qu&rsquo;il porte lat\u00e9ralement. Sur ce point (!) je me permets de ne pas \u00eatre en accord avec Suhling et Martens dans Dragonflies and Damselflies of Namibia; pour moi ce point est la raison pour laquelle Rambur a appel\u00e9 cette esp\u00e8ce (Libellula) <em>albipunctum<\/em>. <br>Il \u00e9crit dans Histoire Naturelle des Insectes :\u00a0\u00bbT\u00eate avec la face blanche, avec le front d&rsquo;un bleu m\u00e9tallique verd\u00e2tre et un point blanc de chaque c\u00f4t\u00e9 chez le m\u00e2le\u00a0\u00bb.<br>Suhling et Martens donne l&rsquo;\u00e9tymologie albus\/blanc et punctum\/point mais qui se  r\u00e9f\u00e9rerait \u00e0 la partie blanche du pt\u00e9rostigma&#8230;<br>Ce ne devait pas \u00eatre non plus l&rsquo;opinion de Kirby quand il a cr\u00e9\u00e9 le genre Hemistigma (dont l&rsquo;esp\u00e8ce type est <em>albipunctum<\/em>) sinon pourquoi aurait-il \u00e0 nouveau rappel\u00e9 que les pt\u00e9rostigmas sont color\u00e9s diff\u00e9remment sur chaque moiti\u00e9 (Hemi &#8211; pt\u00e9rostigma).<\/p>\n\n\n\n<figure class=\"wp-block-image aligncenter size-large is-resized\"><a href=\"https:\/\/www.meslibellules.fr\/blog\/wp-content\/uploads\/hemistigma-albipuctum-male-2.jpg\"><img decoding=\"async\" width=\"1299\" height=\"1004\" data-src=\"https:\/\/www.meslibellules.fr\/blog\/wp-content\/uploads\/hemistigma-albipuctum-male-2.jpg\" alt=\"African Pied-spot male, Namibie, Parc National de Bwabwata, Bum Hill, 14\/02\/2020\" class=\"wp-image-5516 lazyload\" style=\"--smush-placeholder-width: 1299px; --smush-placeholder-aspect-ratio: 1299\/1004;width:450px\" data-srcset=\"https:\/\/www.meslibellules.fr\/blog\/wp-content\/uploads\/\/hemistigma-albipuctum-male-2.jpg 1299w, https:\/\/www.meslibellules.fr\/blog\/wp-content\/uploads\/\/hemistigma-albipuctum-male-2-768x594.jpg 768w, https:\/\/www.meslibellules.fr\/blog\/wp-content\/uploads\/\/hemistigma-albipuctum-male-2-1200x927.jpg 1200w\" data-sizes=\"(max-width: 1299px) 100vw, 1299px\" src=\"data:image\/svg+xml;base64,PHN2ZyB3aWR0aD0iMSIgaGVpZ2h0PSIxIiB4bWxucz0iaHR0cDovL3d3dy53My5vcmcvMjAwMC9zdmciPjwvc3ZnPg==\" \/><\/a><figcaption class=\"wp-element-caption\">Hemistigma albipunctum m\u00e2le, Namibie, Parc National de Bwabwata, Bum Hill, 14\/02\/2020<\/figcaption><\/figure>\n\n\n\n<p style=\"font-size:15px\">Son nom local est African Pied-spot, ce qu&rsquo;on peut traduire par l&rsquo;<em>Africain aux taches pies<\/em> (noir et blanc), qui souligne ses pt\u00e9rostigmas bicolores.<br>Ci-dessus on voit bien la zone sombre de l&rsquo;espace sous costal sur l&rsquo;aile ant\u00e9rieure gauche alors qu&rsquo;elle est absente de l&rsquo;aile ant\u00e9rieure droite.<br>Tr\u00e8s bizarrement les femelles que j&rsquo;ai photographi\u00e9es n&rsquo;ont pas de taches alaires apicales alors que c&rsquo;est un crit\u00e8re d&rsquo;identification; il n&rsquo;est jamais mentionn\u00e9 dans aucun des 5 livres que je poss\u00e8de que ces femelles peuvent en \u00eatre d\u00e9pourvues.<\/p>\n\n\n\n<figure class=\"wp-block-image aligncenter size-large is-resized\"><a href=\"https:\/\/www.meslibellules.fr\/blog\/wp-content\/uploads\/hemistigma-albipuctum-femelle-1.jpg\"><img decoding=\"async\" width=\"1673\" height=\"1204\" data-src=\"https:\/\/www.meslibellules.fr\/blog\/wp-content\/uploads\/hemistigma-albipuctum-femelle-1.jpg\" alt=\"Hemistigma albipunctum femelle, Namibie, Est de Katima Mulilo sur le Zamb\u00e8ze, 15\/02\/2020\" class=\"wp-image-5512 lazyload\" style=\"--smush-placeholder-width: 1673px; --smush-placeholder-aspect-ratio: 1673\/1204;width:450px;height:307px\" data-srcset=\"https:\/\/www.meslibellules.fr\/blog\/wp-content\/uploads\/\/hemistigma-albipuctum-femelle-1.jpg 1673w, https:\/\/www.meslibellules.fr\/blog\/wp-content\/uploads\/\/hemistigma-albipuctum-femelle-1-768x553.jpg 768w, https:\/\/www.meslibellules.fr\/blog\/wp-content\/uploads\/\/hemistigma-albipuctum-femelle-1-1536x1105.jpg 1536w, https:\/\/www.meslibellules.fr\/blog\/wp-content\/uploads\/\/hemistigma-albipuctum-femelle-1-1200x864.jpg 1200w\" data-sizes=\"(max-width: 1673px) 100vw, 1673px\" src=\"data:image\/svg+xml;base64,PHN2ZyB3aWR0aD0iMSIgaGVpZ2h0PSIxIiB4bWxucz0iaHR0cDovL3d3dy53My5vcmcvMjAwMC9zdmciPjwvc3ZnPg==\" \/><\/a><figcaption class=\"wp-element-caption\">Hemistigma albipunctum femelle, Namibie, Est de Katima Mulilo sur le Zamb\u00e8ze, 15\/02\/2020<\/figcaption><\/figure>\n\n\n\n<p style=\"font-size:15px\">Elles ne semblent pourtant pas si jeune car la coloration abdominale et thoracique semble bien affirm\u00e9e, comme celle de l&rsquo;espace sous-costal&#8230; sauf sur la femelle ci-dessous qui en semble d\u00e9pourvue.<\/p>\n\n\n\n<figure class=\"wp-block-image aligncenter size-large is-resized\"><a href=\"https:\/\/www.meslibellules.fr\/blog\/wp-content\/uploads\/hemistigma-albipuctum-femelle-3.jpg\"><img decoding=\"async\" width=\"1608\" height=\"1204\" data-src=\"https:\/\/www.meslibellules.fr\/blog\/wp-content\/uploads\/hemistigma-albipuctum-femelle-3.jpg\" alt=\"African Pied-spot female, Namibie, Mapulanga sur la Kwando River, 18\/02\/2020\" class=\"wp-image-5514 lazyload\" style=\"--smush-placeholder-width: 1608px; --smush-placeholder-aspect-ratio: 1608\/1204;width:450px;height:341px\" data-srcset=\"https:\/\/www.meslibellules.fr\/blog\/wp-content\/uploads\/\/hemistigma-albipuctum-femelle-3.jpg 1608w, https:\/\/www.meslibellules.fr\/blog\/wp-content\/uploads\/\/hemistigma-albipuctum-femelle-3-768x575.jpg 768w, https:\/\/www.meslibellules.fr\/blog\/wp-content\/uploads\/\/hemistigma-albipuctum-femelle-3-1536x1150.jpg 1536w, https:\/\/www.meslibellules.fr\/blog\/wp-content\/uploads\/\/hemistigma-albipuctum-femelle-3-1200x899.jpg 1200w\" data-sizes=\"(max-width: 1608px) 100vw, 1608px\" src=\"data:image\/svg+xml;base64,PHN2ZyB3aWR0aD0iMSIgaGVpZ2h0PSIxIiB4bWxucz0iaHR0cDovL3d3dy53My5vcmcvMjAwMC9zdmciPjwvc3ZnPg==\" \/><\/a><figcaption class=\"wp-element-caption\">Hemistigma albipunctum femelle, Namibie, Mapulanga sur la Kwando River, 18\/02\/2020<\/figcaption><\/figure>\n\n\n\n<p style=\"font-size:15px\">Pour exemple voici <a href=\"http:\/\/www.meslibellules.fr\/voyages\/afrique-du-sud\/hemistigma-albipunctum\/hemistigma-albipunctum-femelle\/hemistigma-albipunctum-femelle-1big.jpg\">une jeune femelle<\/a>, pas encore bien color\u00e9e,  prise en Afrique du Sud dont on voit d\u00e9j\u00e0 bien les taches alaires apicales.<br>M\u00eame cette femelle androchrome, couverte de pruine bleut\u00e9e comme un m\u00e2le, en est d\u00e9pourvue.<\/p>\n\n\n\n<figure class=\"wp-block-image aligncenter size-large is-resized\"><a href=\"https:\/\/www.meslibellules.fr\/blog\/wp-content\/uploads\/hemistigma-albipuctum-femelle-2.jpg\"><img decoding=\"async\" width=\"1619\" height=\"1204\" data-src=\"https:\/\/www.meslibellules.fr\/blog\/wp-content\/uploads\/hemistigma-albipuctum-femelle-2.jpg\" alt=\"Hemistigma albipunctum femelle, Namibie, Bumhill, Bwabwata National Park, Kwando River, 16\/02\/2020\" class=\"wp-image-5513 lazyload\" style=\"--smush-placeholder-width: 1619px; --smush-placeholder-aspect-ratio: 1619\/1204;width:450px;height:331px\" data-srcset=\"https:\/\/www.meslibellules.fr\/blog\/wp-content\/uploads\/\/hemistigma-albipuctum-femelle-2.jpg 1619w, https:\/\/www.meslibellules.fr\/blog\/wp-content\/uploads\/\/hemistigma-albipuctum-femelle-2-768x571.jpg 768w, https:\/\/www.meslibellules.fr\/blog\/wp-content\/uploads\/\/hemistigma-albipuctum-femelle-2-1536x1142.jpg 1536w, https:\/\/www.meslibellules.fr\/blog\/wp-content\/uploads\/\/hemistigma-albipuctum-femelle-2-1200x892.jpg 1200w\" data-sizes=\"(max-width: 1619px) 100vw, 1619px\" src=\"data:image\/svg+xml;base64,PHN2ZyB3aWR0aD0iMSIgaGVpZ2h0PSIxIiB4bWxucz0iaHR0cDovL3d3dy53My5vcmcvMjAwMC9zdmciPjwvc3ZnPg==\" \/><\/a><figcaption class=\"wp-element-caption\">Hemistigma albipunctum femelle, Namibie, Bumhill, Bwabwata National Park, Kwando River, 16\/02\/2020<\/figcaption><\/figure>\n\n\n\n<p style=\"font-size:15px\">C&rsquo;est une esp\u00e8ce tr\u00e8s variable en taille, de 27 \u00e0 38 mm avec une envergure de 43 \u00e0 63 mm, qui appr\u00e9cie les marais, mais comme souvent en Namibie on est pr\u00e8s d&rsquo;une rivi\u00e8re et les mares sont temporaires form\u00e9es par les crues.<br>On le rencontre dans toute l&rsquo;Afrique tropical, du S\u00e9n\u00e9gal \u00e0 l&rsquo;Ethiopie au nord jusqu&rsquo;\u00e0 l&rsquo;Afrique du Sud.<br><br><a href=\"https:\/\/www.iucnredlist.org\/species\/59893\/85836481\">IUCN Red List<\/a><br><\/p>\n\n\n\n<div class=\"wp-block-buttons is-layout-flex wp-block-buttons-is-layout-flex\">\n<div class=\"wp-block-button\"><a class=\"wp-block-button__link wp-element-button\" href=\"https:\/\/www.meslibellules.fr\/blog\/odonates-de-namibie-namibian-odonates\/\">Accueil Namibie<\/a><\/div>\n<\/div>\n","protected":false},"excerpt":{"rendered":"<p>J&rsquo;avais d\u00e9j\u00e0 rencontr\u00e9 Hemistigma albipunctum (Libellulidae) en Afrique du Sud mais j&rsquo;ai trouv\u00e9 ici des sujets \u00e0 des stades de maturation que je n&rsquo;avais pas rencontr\u00e9 plus au Sud, et en octobre. Je n&rsquo;avais vu que des m\u00e2les \u00e2g\u00e9s compl\u00e8tement pruineux, certainement moins spectaculaires que celui ci-dessus. Il est facile \u00e0 identifier avec ses pt\u00e9rostigmas [&hellip;]<\/p>\n","protected":false},"author":1,"featured_media":0,"comment_status":"open","ping_status":"open","sticky":false,"template":"","format":"image","meta":{"site-sidebar-layout":"default","site-content-layout":"","ast-site-content-layout":"default","site-content-style":"default","site-sidebar-style":"default","ast-global-header-display":"","ast-banner-title-visibility":"","ast-main-header-display":"","ast-hfb-above-header-display":"","ast-hfb-below-header-display":"","ast-hfb-mobile-header-display":"","site-post-title":"","ast-breadcrumbs-content":"","ast-featured-img":"","footer-sml-layout":"","ast-disable-related-posts":"","theme-transparent-header-meta":"","adv-header-id-meta":"","stick-header-meta":"","header-above-stick-meta":"","header-main-stick-meta":"","header-below-stick-meta":"","astra-migrate-meta-layouts":"set","ast-page-background-enabled":"default","ast-page-background-meta":{"desktop":{"background-color":"var(--ast-global-color-4)","background-image":"","background-repeat":"repeat","background-position":"center center","background-size":"auto","background-attachment":"scroll","background-type":"","background-media":"","overlay-type":"","overlay-color":"","overlay-opacity":"","overlay-gradient":""},"tablet":{"background-color":"","background-image":"","background-repeat":"repeat","background-position":"center center","background-size":"auto","background-attachment":"scroll","background-type":"","background-media":"","overlay-type":"","overlay-color":"","overlay-opacity":"","overlay-gradient":""},"mobile":{"background-color":"","background-image":"","background-repeat":"repeat","background-position":"center center","background-size":"auto","background-attachment":"scroll","background-type":"","background-media":"","overlay-type":"","overlay-color":"","overlay-opacity":"","overlay-gradient":""}},"ast-content-background-meta":{"desktop":{"background-color":"var(--ast-global-color-5)","background-image":"","background-repeat":"repeat","background-position":"center center","background-size":"auto","background-attachment":"scroll","background-type":"","background-media":"","overlay-type":"","overlay-color":"","overlay-opacity":"","overlay-gradient":""},"tablet":{"background-color":"var(--ast-global-color-5)","background-image":"","background-repeat":"repeat","background-position":"center center","background-size":"auto","background-attachment":"scroll","background-type":"","background-media":"","overlay-type":"","overlay-color":"","overlay-opacity":"","overlay-gradient":""},"mobile":{"background-color":"var(--ast-global-color-5)","background-image":"","background-repeat":"repeat","background-position":"center center","background-size":"auto","background-attachment":"scroll","background-type":"","background-media":"","overlay-type":"","overlay-color":"","overlay-opacity":"","overlay-gradient":""}},"footnotes":""},"categories":[278,274],"tags":[312,276],"class_list":["post-5510","post","type-post","status-publish","format-image","hentry","category-libellulidae-namibie-2","category-namibie","tag-hemistigma-albipunctum-namibie","tag-odonates-de-namibie-namibian-odonates","post_format-post-format-image"],"yoast_head":"<!-- This site is optimized with the Yoast SEO plugin v27.4 - https:\/\/yoast.com\/product\/yoast-seo-wordpress\/ -->\n<title>Hemistigma albipunctum - Mes Libellules<\/title>\n<meta name=\"description\" content=\"Hemistigma albipunctum m\u00e2les et femelles, description, identification, taille, habitat, distribution g\u00e9ographique, \u00e9tymologie\" \/>\n<meta name=\"robots\" content=\"index, follow, max-snippet:-1, max-image-preview:large, max-video-preview:-1\" \/>\n<link rel=\"canonical\" href=\"https:\/\/www.meslibellules.fr\/blog\/2020\/04\/11\/namibie-hemistigma-albipunctum-rambur-1842\/\" \/>\n<meta property=\"og:locale\" content=\"fr_FR\" \/>\n<meta property=\"og:type\" content=\"article\" \/>\n<meta property=\"og:title\" content=\"Hemistigma albipunctum - Mes Libellules\" \/>\n<meta property=\"og:description\" content=\"Hemistigma albipunctum m\u00e2les et femelles, description, identification, taille, habitat, distribution g\u00e9ographique, \u00e9tymologie\" \/>\n<meta property=\"og:url\" content=\"https:\/\/www.meslibellules.fr\/blog\/2020\/04\/11\/namibie-hemistigma-albipunctum-rambur-1842\/\" \/>\n<meta property=\"og:site_name\" content=\"Mes Libellules\" \/>\n<meta property=\"article:publisher\" content=\"https:\/\/www.facebook.com\/benoit.guillon.96\/\" \/>\n<meta property=\"article:author\" content=\"https:\/\/www.facebook.com\/benoit.guillon.96\/\" \/>\n<meta property=\"article:published_time\" content=\"2020-04-11T19:01:43+00:00\" \/>\n<meta property=\"article:modified_time\" content=\"2024-01-01T22:15:48+00:00\" \/>\n<meta property=\"og:image\" content=\"http:\/\/www.meslibellules.fr\/blog\/wp-content\/uploads\/hemistigma-albipuctum-male-1.jpg\" \/>\n<meta name=\"author\" content=\"Beno\u00eet Guillon\" \/>\n<meta name=\"twitter:card\" content=\"summary_large_image\" \/>\n<meta name=\"twitter:label1\" content=\"\u00c9crit par\" \/>\n\t<meta name=\"twitter:data1\" content=\"Beno\u00eet Guillon\" \/>\n\t<meta name=\"twitter:label2\" content=\"Dur\u00e9e de lecture estim\u00e9e\" \/>\n\t<meta name=\"twitter:data2\" content=\"5 minutes\" \/>\n<script type=\"application\/ld+json\" class=\"yoast-schema-graph\">{\"@context\":\"https:\\\/\\\/schema.org\",\"@graph\":[{\"@type\":\"Article\",\"@id\":\"https:\\\/\\\/www.meslibellules.fr\\\/blog\\\/2020\\\/04\\\/11\\\/namibie-hemistigma-albipunctum-rambur-1842\\\/#article\",\"isPartOf\":{\"@id\":\"https:\\\/\\\/www.meslibellules.fr\\\/blog\\\/2020\\\/04\\\/11\\\/namibie-hemistigma-albipunctum-rambur-1842\\\/\"},\"author\":{\"name\":\"Beno\u00eet Guillon\",\"@id\":\"https:\\\/\\\/www.meslibellules.fr\\\/blog\\\/#\\\/schema\\\/person\\\/9aa3586f9dd053fcf329f43b8b053c77\"},\"headline\":\"Namibie &#8211; Hemistigma albipunctum (Rambur, 1842)\",\"datePublished\":\"2020-04-11T19:01:43+00:00\",\"dateModified\":\"2024-01-01T22:15:48+00:00\",\"mainEntityOfPage\":{\"@id\":\"https:\\\/\\\/www.meslibellules.fr\\\/blog\\\/2020\\\/04\\\/11\\\/namibie-hemistigma-albipunctum-rambur-1842\\\/\"},\"wordCount\":661,\"commentCount\":0,\"publisher\":{\"@id\":\"https:\\\/\\\/www.meslibellules.fr\\\/blog\\\/#\\\/schema\\\/person\\\/9aa3586f9dd053fcf329f43b8b053c77\"},\"image\":{\"@id\":\"https:\\\/\\\/www.meslibellules.fr\\\/blog\\\/2020\\\/04\\\/11\\\/namibie-hemistigma-albipunctum-rambur-1842\\\/#primaryimage\"},\"thumbnailUrl\":\"http:\\\/\\\/www.meslibellules.fr\\\/blog\\\/wp-content\\\/uploads\\\/hemistigma-albipuctum-male-1.jpg\",\"keywords\":[\"Hemistigma albipunctum - Namibie\",\"Odonates de Namibie - Namibian Odonates\"],\"articleSection\":[\"Libellulidae\",\"Namibie\"],\"inLanguage\":\"fr-FR\",\"potentialAction\":[{\"@type\":\"CommentAction\",\"name\":\"Comment\",\"target\":[\"https:\\\/\\\/www.meslibellules.fr\\\/blog\\\/2020\\\/04\\\/11\\\/namibie-hemistigma-albipunctum-rambur-1842\\\/#respond\"]}]},{\"@type\":\"WebPage\",\"@id\":\"https:\\\/\\\/www.meslibellules.fr\\\/blog\\\/2020\\\/04\\\/11\\\/namibie-hemistigma-albipunctum-rambur-1842\\\/\",\"url\":\"https:\\\/\\\/www.meslibellules.fr\\\/blog\\\/2020\\\/04\\\/11\\\/namibie-hemistigma-albipunctum-rambur-1842\\\/\",\"name\":\"Hemistigma albipunctum - Mes Libellules\",\"isPartOf\":{\"@id\":\"https:\\\/\\\/www.meslibellules.fr\\\/blog\\\/#website\"},\"primaryImageOfPage\":{\"@id\":\"https:\\\/\\\/www.meslibellules.fr\\\/blog\\\/2020\\\/04\\\/11\\\/namibie-hemistigma-albipunctum-rambur-1842\\\/#primaryimage\"},\"image\":{\"@id\":\"https:\\\/\\\/www.meslibellules.fr\\\/blog\\\/2020\\\/04\\\/11\\\/namibie-hemistigma-albipunctum-rambur-1842\\\/#primaryimage\"},\"thumbnailUrl\":\"http:\\\/\\\/www.meslibellules.fr\\\/blog\\\/wp-content\\\/uploads\\\/hemistigma-albipuctum-male-1.jpg\",\"datePublished\":\"2020-04-11T19:01:43+00:00\",\"dateModified\":\"2024-01-01T22:15:48+00:00\",\"description\":\"Hemistigma albipunctum m\u00e2les et femelles, description, identification, taille, habitat, distribution g\u00e9ographique, \u00e9tymologie\",\"breadcrumb\":{\"@id\":\"https:\\\/\\\/www.meslibellules.fr\\\/blog\\\/2020\\\/04\\\/11\\\/namibie-hemistigma-albipunctum-rambur-1842\\\/#breadcrumb\"},\"inLanguage\":\"fr-FR\",\"potentialAction\":[{\"@type\":\"ReadAction\",\"target\":[\"https:\\\/\\\/www.meslibellules.fr\\\/blog\\\/2020\\\/04\\\/11\\\/namibie-hemistigma-albipunctum-rambur-1842\\\/\"]}]},{\"@type\":\"ImageObject\",\"inLanguage\":\"fr-FR\",\"@id\":\"https:\\\/\\\/www.meslibellules.fr\\\/blog\\\/2020\\\/04\\\/11\\\/namibie-hemistigma-albipunctum-rambur-1842\\\/#primaryimage\",\"url\":\"http:\\\/\\\/www.meslibellules.fr\\\/blog\\\/wp-content\\\/uploads\\\/hemistigma-albipuctum-male-1.jpg\",\"contentUrl\":\"http:\\\/\\\/www.meslibellules.fr\\\/blog\\\/wp-content\\\/uploads\\\/hemistigma-albipuctum-male-1.jpg\"},{\"@type\":\"BreadcrumbList\",\"@id\":\"https:\\\/\\\/www.meslibellules.fr\\\/blog\\\/2020\\\/04\\\/11\\\/namibie-hemistigma-albipunctum-rambur-1842\\\/#breadcrumb\",\"itemListElement\":[{\"@type\":\"ListItem\",\"position\":1,\"name\":\"Accueil\",\"item\":\"https:\\\/\\\/www.meslibellules.fr\\\/blog\\\/\"},{\"@type\":\"ListItem\",\"position\":2,\"name\":\"Namibie &#8211; Hemistigma albipunctum (Rambur, 1842)\"}]},{\"@type\":\"WebSite\",\"@id\":\"https:\\\/\\\/www.meslibellules.fr\\\/blog\\\/#website\",\"url\":\"https:\\\/\\\/www.meslibellules.fr\\\/blog\\\/\",\"name\":\"Mes Libellules\",\"description\":\"Pr\u00e9sentation des libellules rencontr\u00e9es dans le monde\",\"publisher\":{\"@id\":\"https:\\\/\\\/www.meslibellules.fr\\\/blog\\\/#\\\/schema\\\/person\\\/9aa3586f9dd053fcf329f43b8b053c77\"},\"potentialAction\":[{\"@type\":\"SearchAction\",\"target\":{\"@type\":\"EntryPoint\",\"urlTemplate\":\"https:\\\/\\\/www.meslibellules.fr\\\/blog\\\/?s={search_term_string}\"},\"query-input\":{\"@type\":\"PropertyValueSpecification\",\"valueRequired\":true,\"valueName\":\"search_term_string\"}}],\"inLanguage\":\"fr-FR\"},{\"@type\":[\"Person\",\"Organization\"],\"@id\":\"https:\\\/\\\/www.meslibellules.fr\\\/blog\\\/#\\\/schema\\\/person\\\/9aa3586f9dd053fcf329f43b8b053c77\",\"name\":\"Beno\u00eet Guillon\",\"image\":{\"@type\":\"ImageObject\",\"inLanguage\":\"fr-FR\",\"@id\":\"https:\\\/\\\/www.meslibellules.fr\\\/blog\\\/wp-content\\\/uploads\\\/cropped-avatar-150-pix.jpg\",\"url\":\"https:\\\/\\\/www.meslibellules.fr\\\/blog\\\/wp-content\\\/uploads\\\/cropped-avatar-150-pix.jpg\",\"contentUrl\":\"https:\\\/\\\/www.meslibellules.fr\\\/blog\\\/wp-content\\\/uploads\\\/cropped-avatar-150-pix.jpg\",\"width\":150,\"height\":137,\"caption\":\"Beno\u00eet Guillon\"},\"logo\":{\"@id\":\"https:\\\/\\\/www.meslibellules.fr\\\/blog\\\/wp-content\\\/uploads\\\/cropped-avatar-150-pix.jpg\"},\"sameAs\":[\"https:\\\/\\\/www.facebook.com\\\/benoit.guillon.96\\\/\"]}]}<\/script>\n<!-- \/ Yoast SEO plugin. -->","yoast_head_json":{"title":"Hemistigma albipunctum - Mes Libellules","description":"Hemistigma albipunctum m\u00e2les et femelles, description, identification, taille, habitat, distribution g\u00e9ographique, \u00e9tymologie","robots":{"index":"index","follow":"follow","max-snippet":"max-snippet:-1","max-image-preview":"max-image-preview:large","max-video-preview":"max-video-preview:-1"},"canonical":"https:\/\/www.meslibellules.fr\/blog\/2020\/04\/11\/namibie-hemistigma-albipunctum-rambur-1842\/","og_locale":"fr_FR","og_type":"article","og_title":"Hemistigma albipunctum - Mes Libellules","og_description":"Hemistigma albipunctum m\u00e2les et femelles, description, identification, taille, habitat, distribution g\u00e9ographique, \u00e9tymologie","og_url":"https:\/\/www.meslibellules.fr\/blog\/2020\/04\/11\/namibie-hemistigma-albipunctum-rambur-1842\/","og_site_name":"Mes Libellules","article_publisher":"https:\/\/www.facebook.com\/benoit.guillon.96\/","article_author":"https:\/\/www.facebook.com\/benoit.guillon.96\/","article_published_time":"2020-04-11T19:01:43+00:00","article_modified_time":"2024-01-01T22:15:48+00:00","og_image":[{"url":"http:\/\/www.meslibellules.fr\/blog\/wp-content\/uploads\/hemistigma-albipuctum-male-1.jpg","type":"","width":"","height":""}],"author":"Beno\u00eet Guillon","twitter_card":"summary_large_image","twitter_misc":{"\u00c9crit par":"Beno\u00eet Guillon","Dur\u00e9e de lecture estim\u00e9e":"5 minutes"},"schema":{"@context":"https:\/\/schema.org","@graph":[{"@type":"Article","@id":"https:\/\/www.meslibellules.fr\/blog\/2020\/04\/11\/namibie-hemistigma-albipunctum-rambur-1842\/#article","isPartOf":{"@id":"https:\/\/www.meslibellules.fr\/blog\/2020\/04\/11\/namibie-hemistigma-albipunctum-rambur-1842\/"},"author":{"name":"Beno\u00eet Guillon","@id":"https:\/\/www.meslibellules.fr\/blog\/#\/schema\/person\/9aa3586f9dd053fcf329f43b8b053c77"},"headline":"Namibie &#8211; Hemistigma albipunctum (Rambur, 1842)","datePublished":"2020-04-11T19:01:43+00:00","dateModified":"2024-01-01T22:15:48+00:00","mainEntityOfPage":{"@id":"https:\/\/www.meslibellules.fr\/blog\/2020\/04\/11\/namibie-hemistigma-albipunctum-rambur-1842\/"},"wordCount":661,"commentCount":0,"publisher":{"@id":"https:\/\/www.meslibellules.fr\/blog\/#\/schema\/person\/9aa3586f9dd053fcf329f43b8b053c77"},"image":{"@id":"https:\/\/www.meslibellules.fr\/blog\/2020\/04\/11\/namibie-hemistigma-albipunctum-rambur-1842\/#primaryimage"},"thumbnailUrl":"http:\/\/www.meslibellules.fr\/blog\/wp-content\/uploads\/hemistigma-albipuctum-male-1.jpg","keywords":["Hemistigma albipunctum - Namibie","Odonates de Namibie - Namibian Odonates"],"articleSection":["Libellulidae","Namibie"],"inLanguage":"fr-FR","potentialAction":[{"@type":"CommentAction","name":"Comment","target":["https:\/\/www.meslibellules.fr\/blog\/2020\/04\/11\/namibie-hemistigma-albipunctum-rambur-1842\/#respond"]}]},{"@type":"WebPage","@id":"https:\/\/www.meslibellules.fr\/blog\/2020\/04\/11\/namibie-hemistigma-albipunctum-rambur-1842\/","url":"https:\/\/www.meslibellules.fr\/blog\/2020\/04\/11\/namibie-hemistigma-albipunctum-rambur-1842\/","name":"Hemistigma albipunctum - Mes Libellules","isPartOf":{"@id":"https:\/\/www.meslibellules.fr\/blog\/#website"},"primaryImageOfPage":{"@id":"https:\/\/www.meslibellules.fr\/blog\/2020\/04\/11\/namibie-hemistigma-albipunctum-rambur-1842\/#primaryimage"},"image":{"@id":"https:\/\/www.meslibellules.fr\/blog\/2020\/04\/11\/namibie-hemistigma-albipunctum-rambur-1842\/#primaryimage"},"thumbnailUrl":"http:\/\/www.meslibellules.fr\/blog\/wp-content\/uploads\/hemistigma-albipuctum-male-1.jpg","datePublished":"2020-04-11T19:01:43+00:00","dateModified":"2024-01-01T22:15:48+00:00","description":"Hemistigma albipunctum m\u00e2les et femelles, description, identification, taille, habitat, distribution g\u00e9ographique, \u00e9tymologie","breadcrumb":{"@id":"https:\/\/www.meslibellules.fr\/blog\/2020\/04\/11\/namibie-hemistigma-albipunctum-rambur-1842\/#breadcrumb"},"inLanguage":"fr-FR","potentialAction":[{"@type":"ReadAction","target":["https:\/\/www.meslibellules.fr\/blog\/2020\/04\/11\/namibie-hemistigma-albipunctum-rambur-1842\/"]}]},{"@type":"ImageObject","inLanguage":"fr-FR","@id":"https:\/\/www.meslibellules.fr\/blog\/2020\/04\/11\/namibie-hemistigma-albipunctum-rambur-1842\/#primaryimage","url":"http:\/\/www.meslibellules.fr\/blog\/wp-content\/uploads\/hemistigma-albipuctum-male-1.jpg","contentUrl":"http:\/\/www.meslibellules.fr\/blog\/wp-content\/uploads\/hemistigma-albipuctum-male-1.jpg"},{"@type":"BreadcrumbList","@id":"https:\/\/www.meslibellules.fr\/blog\/2020\/04\/11\/namibie-hemistigma-albipunctum-rambur-1842\/#breadcrumb","itemListElement":[{"@type":"ListItem","position":1,"name":"Accueil","item":"https:\/\/www.meslibellules.fr\/blog\/"},{"@type":"ListItem","position":2,"name":"Namibie &#8211; Hemistigma albipunctum (Rambur, 1842)"}]},{"@type":"WebSite","@id":"https:\/\/www.meslibellules.fr\/blog\/#website","url":"https:\/\/www.meslibellules.fr\/blog\/","name":"Mes Libellules","description":"Pr\u00e9sentation des libellules rencontr\u00e9es dans le monde","publisher":{"@id":"https:\/\/www.meslibellules.fr\/blog\/#\/schema\/person\/9aa3586f9dd053fcf329f43b8b053c77"},"potentialAction":[{"@type":"SearchAction","target":{"@type":"EntryPoint","urlTemplate":"https:\/\/www.meslibellules.fr\/blog\/?s={search_term_string}"},"query-input":{"@type":"PropertyValueSpecification","valueRequired":true,"valueName":"search_term_string"}}],"inLanguage":"fr-FR"},{"@type":["Person","Organization"],"@id":"https:\/\/www.meslibellules.fr\/blog\/#\/schema\/person\/9aa3586f9dd053fcf329f43b8b053c77","name":"Beno\u00eet Guillon","image":{"@type":"ImageObject","inLanguage":"fr-FR","@id":"https:\/\/www.meslibellules.fr\/blog\/wp-content\/uploads\/cropped-avatar-150-pix.jpg","url":"https:\/\/www.meslibellules.fr\/blog\/wp-content\/uploads\/cropped-avatar-150-pix.jpg","contentUrl":"https:\/\/www.meslibellules.fr\/blog\/wp-content\/uploads\/cropped-avatar-150-pix.jpg","width":150,"height":137,"caption":"Beno\u00eet Guillon"},"logo":{"@id":"https:\/\/www.meslibellules.fr\/blog\/wp-content\/uploads\/cropped-avatar-150-pix.jpg"},"sameAs":["https:\/\/www.facebook.com\/benoit.guillon.96\/"]}]}},"_links":{"self":[{"href":"https:\/\/www.meslibellules.fr\/blog\/wp-json\/wp\/v2\/posts\/5510","targetHints":{"allow":["GET"]}}],"collection":[{"href":"https:\/\/www.meslibellules.fr\/blog\/wp-json\/wp\/v2\/posts"}],"about":[{"href":"https:\/\/www.meslibellules.fr\/blog\/wp-json\/wp\/v2\/types\/post"}],"author":[{"embeddable":true,"href":"https:\/\/www.meslibellules.fr\/blog\/wp-json\/wp\/v2\/users\/1"}],"replies":[{"embeddable":true,"href":"https:\/\/www.meslibellules.fr\/blog\/wp-json\/wp\/v2\/comments?post=5510"}],"version-history":[{"count":0,"href":"https:\/\/www.meslibellules.fr\/blog\/wp-json\/wp\/v2\/posts\/5510\/revisions"}],"wp:attachment":[{"href":"https:\/\/www.meslibellules.fr\/blog\/wp-json\/wp\/v2\/media?parent=5510"}],"wp:term":[{"taxonomy":"category","embeddable":true,"href":"https:\/\/www.meslibellules.fr\/blog\/wp-json\/wp\/v2\/categories?post=5510"},{"taxonomy":"post_tag","embeddable":true,"href":"https:\/\/www.meslibellules.fr\/blog\/wp-json\/wp\/v2\/tags?post=5510"}],"curies":[{"name":"wp","href":"https:\/\/api.w.org\/{rel}","templated":true}]}}