{"id":555,"date":"2018-09-05T15:40:40","date_gmt":"2018-09-05T13:40:40","guid":{"rendered":"http:\/\/www.meslibellules.fr\/blog\/?p=555"},"modified":"2025-06-30T21:16:15","modified_gmt":"2025-06-30T19:16:15","slug":"vietnam-2018-asiagomphus-pacificus","status":"publish","type":"post","link":"https:\/\/www.meslibellules.fr\/blog\/2018\/09\/05\/vietnam-2018-asiagomphus-pacificus\/","title":{"rendered":"Vietnam 2018 &#8211; Asiagomphus pacificus"},"content":{"rendered":"\n<figure class=\"wp-block-image aligncenter size-full is-resized\"><a href=\"https:\/\/www.meslibellules.fr\/blog\/wp-content\/uploads\/Asiagomphus-pacificus-male-1-1.webp\"><img decoding=\"async\" width=\"1576\" height=\"1504\" data-src=\"https:\/\/www.meslibellules.fr\/blog\/wp-content\/uploads\/Asiagomphus-pacificus-male-1-1.webp\" alt=\"Asiagomphus pacificus, Vietnam, Cao Bang, 6 juin 2018\" class=\"wp-image-25379 lazyload\" style=\"--smush-placeholder-width: 1576px; --smush-placeholder-aspect-ratio: 1576\/1504;width:456px;height:424px\" data-srcset=\"https:\/\/www.meslibellules.fr\/blog\/wp-content\/uploads\/Asiagomphus-pacificus-male-1-1.webp 1576w, https:\/\/www.meslibellules.fr\/blog\/wp-content\/uploads\/Asiagomphus-pacificus-male-1-1-768x733.webp 768w, https:\/\/www.meslibellules.fr\/blog\/wp-content\/uploads\/Asiagomphus-pacificus-male-1-1-1536x1466.webp 1536w\" data-sizes=\"(max-width: 1576px) 100vw, 1576px\" src=\"data:image\/svg+xml;base64,PHN2ZyB3aWR0aD0iMSIgaGVpZ2h0PSIxIiB4bWxucz0iaHR0cDovL3d3dy53My5vcmcvMjAwMC9zdmciPjwvc3ZnPg==\" \/><\/a><figcaption class=\"wp-element-caption\">Asiagomphus pacificus, Vietnam, Cao Bang, 6 juin 2018<\/figcaption><\/figure>\n\n\n\n<p style=\"font-size:14px\">Asiagomphus est un genre difficile, et Asiagomphus pacificus est tr\u00e8s proche de A. hainanensis qui ne serait peut-\u00eatre pas pr\u00e9sent au Vietnam (?) Mais le labrum des m\u00e2les est totalement noir (une paire de points jaunes pour A. hainensis) et les femelles seraient diff\u00e9rentes, notre esp\u00e8ce porterait plusieurs \u00ab\u00a0\u00e9pines\u00a0\u00bb sur le front. <\/p>\n\n\n\n<figure class=\"wp-block-image aligncenter size-full is-resized\"><a href=\"https:\/\/www.meslibellules.fr\/blog\/wp-content\/uploads\/Asiagomphus-pacificus-male-3-1.webp\"><img decoding=\"async\" width=\"1524\" height=\"1504\" data-src=\"https:\/\/www.meslibellules.fr\/blog\/wp-content\/uploads\/Asiagomphus-pacificus-male-3-1.webp\" alt=\"Asiagomphus pacificus, Vietnam, Cao Bang, 6 juin 2018\" class=\"wp-image-25381 lazyload\" style=\"--smush-placeholder-width: 1524px; --smush-placeholder-aspect-ratio: 1524\/1504;width:402px;height:377px\" data-srcset=\"https:\/\/www.meslibellules.fr\/blog\/wp-content\/uploads\/Asiagomphus-pacificus-male-3-1.webp 1524w, https:\/\/www.meslibellules.fr\/blog\/wp-content\/uploads\/Asiagomphus-pacificus-male-3-1-768x758.webp 768w\" data-sizes=\"(max-width: 1524px) 100vw, 1524px\" src=\"data:image\/svg+xml;base64,PHN2ZyB3aWR0aD0iMSIgaGVpZ2h0PSIxIiB4bWxucz0iaHR0cDovL3d3dy53My5vcmcvMjAwMC9zdmciPjwvc3ZnPg==\" \/><\/a><figcaption class=\"wp-element-caption\">Asiagomphus pacificus, Vietnam, Cao Bang, 6 juin 2018<\/figcaption><\/figure>\n\n\n\n<p style=\"font-size:14px\">A. hainanensis n&rsquo;est d&rsquo;ailleurs pr\u00e9sent ni au Guangxi ni au Yunnan, les deux provinces de Chine qui bordent le nord du Vietnam et sont tr\u00e8s proches de Cao Bang, ou a \u00e9t\u00e9 observ\u00e9 ce sujet.\u00a0 <br>Il se diff\u00e9rencie facilement des autres Asiagomphus que nous avons rencontr\u00e9s (A. acco et auricolor) par les lignes jaunes que porte la face dorsale de son abdomen.<\/p>\n\n\n\n<figure class=\"wp-block-image aligncenter size-full is-resized\"><a href=\"https:\/\/www.meslibellules.fr\/blog\/wp-content\/uploads\/Asiagomphus-pacificus-male-2-1.webp\"><img decoding=\"async\" width=\"1903\" height=\"1504\" data-src=\"https:\/\/www.meslibellules.fr\/blog\/wp-content\/uploads\/Asiagomphus-pacificus-male-2-1.webp\" alt=\"Asiagomphus pacificus, Vietnam, Cao Bang, 6 juin 2018\" class=\"wp-image-25380 lazyload\" style=\"--smush-placeholder-width: 1903px; --smush-placeholder-aspect-ratio: 1903\/1504;width:437px;height:321px\" data-srcset=\"https:\/\/www.meslibellules.fr\/blog\/wp-content\/uploads\/Asiagomphus-pacificus-male-2-1.webp 1903w, https:\/\/www.meslibellules.fr\/blog\/wp-content\/uploads\/Asiagomphus-pacificus-male-2-1-768x607.webp 768w, https:\/\/www.meslibellules.fr\/blog\/wp-content\/uploads\/Asiagomphus-pacificus-male-2-1-1536x1214.webp 1536w\" data-sizes=\"(max-width: 1903px) 100vw, 1903px\" src=\"data:image\/svg+xml;base64,PHN2ZyB3aWR0aD0iMSIgaGVpZ2h0PSIxIiB4bWxucz0iaHR0cDovL3d3dy53My5vcmcvMjAwMC9zdmciPjwvc3ZnPg==\" \/><\/a><figcaption class=\"wp-element-caption\">Asiagomphus pacificus, Vietnam, Cao Bang, 6 juin 2018<\/figcaption><\/figure>\n\n\n\n<p style=\"font-size:14px\">Il mesure environ 55 \u00e0 60 mm et a \u00e9t\u00e9 trouv\u00e9 sur\u00a0une rivi\u00e8re assez large\u00a0\u00e0 courant mod\u00e9r\u00e9, au lit rocheux et sablonneux, la rive alternant entre v\u00e9g\u00e9tation basse et for\u00eat claire, \u00e0 une altitude de 370 m. Il se rencontre dans le sud de la Chine et&#8230; le nord du Vietnam.<br><a href=\"https:\/\/www.iucnredlist.org\/species\/168047\/6453989\">IUCN Red List<\/a><\/p>\n\n\n\n<figure class=\"wp-block-image aligncenter is-resized\"><a href=\"https:\/\/www.meslibellules.fr\/blog\/wp-content\/uploads\/2018\/09\/asiagomphus-pacificus-4big.jpg\"><img decoding=\"async\" width=\"760\" height=\"351\" data-src=\"https:\/\/www.meslibellules.fr\/blog\/wp-content\/uploads\/2018\/09\/asiagomphus-pacificus-4big.jpg\" alt=\"Appendices anaux et derniers segments abdominaux d'Asiagomphus pacificus.\" class=\"wp-image-559 lazyload\" style=\"--smush-placeholder-width: 760px; --smush-placeholder-aspect-ratio: 760\/351;width:573px;height:265px\" data-srcset=\"https:\/\/www.meslibellules.fr\/blog\/wp-content\/uploads\/2018\/09\/asiagomphus-pacificus-4big.jpg 760w, https:\/\/www.meslibellules.fr\/blog\/wp-content\/uploads\/2018\/09\/asiagomphus-pacificus-4big-300x139.jpg 300w\" data-sizes=\"(max-width: 760px) 100vw, 760px\" src=\"data:image\/svg+xml;base64,PHN2ZyB3aWR0aD0iMSIgaGVpZ2h0PSIxIiB4bWxucz0iaHR0cDovL3d3dy53My5vcmcvMjAwMC9zdmciPjwvc3ZnPg==\" \/><\/a><figcaption class=\"wp-element-caption\">Appendices anaux et derniers segments abdominaux d&rsquo;Asiagomphus pacificus.<\/figcaption><\/figure>\n\n\n\n<p style=\"font-size:14px\">Voici son habitat:<\/p>\n\n\n\n<figure class=\"wp-block-image aligncenter is-resized\"><a href=\"https:\/\/www.meslibellules.fr\/blog\/wp-content\/uploads\/2018\/09\/biotope-big-2.jpg\"><img decoding=\"async\" width=\"898\" height=\"600\" data-src=\"https:\/\/www.meslibellules.fr\/blog\/wp-content\/uploads\/2018\/09\/biotope-big-2.jpg\" alt=\"\" class=\"wp-image-562 lazyload\" style=\"--smush-placeholder-width: 898px; --smush-placeholder-aspect-ratio: 898\/600;width:447px;height:298px\" data-srcset=\"https:\/\/www.meslibellules.fr\/blog\/wp-content\/uploads\/2018\/09\/biotope-big-2.jpg 898w, https:\/\/www.meslibellules.fr\/blog\/wp-content\/uploads\/2018\/09\/biotope-big-2-300x200.jpg 300w, https:\/\/www.meslibellules.fr\/blog\/wp-content\/uploads\/2018\/09\/biotope-big-2-768x513.jpg 768w\" data-sizes=\"(max-width: 898px) 100vw, 898px\" src=\"data:image\/svg+xml;base64,PHN2ZyB3aWR0aD0iMSIgaGVpZ2h0PSIxIiB4bWxucz0iaHR0cDovL3d3dy53My5vcmcvMjAwMC9zdmciPjwvc3ZnPg==\" \/><\/a><figcaption class=\"wp-element-caption\">Vietnam, pr\u00e8s de Cao Bang.<\/figcaption><\/figure>\n\n\n\n\n\n<div class=\"wp-block-buttons is-vertical is-layout-flex wp-container-core-buttons-is-layout-fe9cc265 wp-block-buttons-is-layout-flex\">\n<div class=\"wp-block-button\"><a class=\"wp-block-button__link wp-element-button\" href=\"https:\/\/www.meslibellules.fr\/blog\/odonates-du-vietnam-2012-2018\/\">Accueil Vietnam<\/a><\/div>\n\n\n\n<div class=\"wp-block-button\"><a class=\"wp-block-button__link wp-element-button\" href=\"http:\/\/www.meslibellules.fr\/pagesweb\/divers\/liste-generale-odonates-du-site\/asia-odonates.php\">Liste Asie<\/a><\/div>\n\n\n\n<div class=\"wp-block-button\"><a class=\"wp-block-button__link wp-element-button\" href=\"https:\/\/www.meslibellules.fr\/blog\/\">Accueil<\/a><\/div>\n<\/div>\n","protected":false},"excerpt":{"rendered":"<p>Asiagomphus est un genre difficile, et Asiagomphus pacificus est tr\u00e8s proche de A. hainanensis qui ne serait peut-\u00eatre pas pr\u00e9sent au Vietnam (?) Mais le labrum des m\u00e2les est totalement noir (une paire de points jaunes pour A. hainensis) et les femelles seraient diff\u00e9rentes, notre esp\u00e8ce porterait plusieurs \u00ab\u00a0\u00e9pines\u00a0\u00bb sur le front. A. hainanensis n&rsquo;est [&hellip;]<\/p>\n","protected":false},"author":1,"featured_media":0,"comment_status":"open","ping_status":"open","sticky":false,"template":"","format":"image","meta":{"site-sidebar-layout":"default","site-content-layout":"","ast-site-content-layout":"default","site-content-style":"default","site-sidebar-style":"default","ast-global-header-display":"","ast-banner-title-visibility":"","ast-main-header-display":"","ast-hfb-above-header-display":"","ast-hfb-below-header-display":"","ast-hfb-mobile-header-display":"","site-post-title":"","ast-breadcrumbs-content":"","ast-featured-img":"","footer-sml-layout":"","ast-disable-related-posts":"","theme-transparent-header-meta":"","adv-header-id-meta":"","stick-header-meta":"","header-above-stick-meta":"","header-main-stick-meta":"","header-below-stick-meta":"","astra-migrate-meta-layouts":"set","ast-page-background-enabled":"default","ast-page-background-meta":{"desktop":{"background-color":"var(--ast-global-color-4)","background-image":"","background-repeat":"repeat","background-position":"center center","background-size":"auto","background-attachment":"scroll","background-type":"","background-media":"","overlay-type":"","overlay-color":"","overlay-opacity":"","overlay-gradient":""},"tablet":{"background-color":"","background-image":"","background-repeat":"repeat","background-position":"center center","background-size":"auto","background-attachment":"scroll","background-type":"","background-media":"","overlay-type":"","overlay-color":"","overlay-opacity":"","overlay-gradient":""},"mobile":{"background-color":"","background-image":"","background-repeat":"repeat","background-position":"center center","background-size":"auto","background-attachment":"scroll","background-type":"","background-media":"","overlay-type":"","overlay-color":"","overlay-opacity":"","overlay-gradient":""}},"ast-content-background-meta":{"desktop":{"background-color":"var(--ast-global-color-5)","background-image":"","background-repeat":"repeat","background-position":"center center","background-size":"auto","background-attachment":"scroll","background-type":"","background-media":"","overlay-type":"","overlay-color":"","overlay-opacity":"","overlay-gradient":""},"tablet":{"background-color":"var(--ast-global-color-5)","background-image":"","background-repeat":"repeat","background-position":"center center","background-size":"auto","background-attachment":"scroll","background-type":"","background-media":"","overlay-type":"","overlay-color":"","overlay-opacity":"","overlay-gradient":""},"mobile":{"background-color":"var(--ast-global-color-5)","background-image":"","background-repeat":"repeat","background-position":"center center","background-size":"auto","background-attachment":"scroll","background-type":"","background-media":"","overlay-type":"","overlay-color":"","overlay-opacity":"","overlay-gradient":""}},"footnotes":""},"categories":[14],"tags":[],"class_list":["post-555","post","type-post","status-publish","format-image","hentry","category-gomphidae","post_format-post-format-image"],"yoast_head":"<!-- This site is optimized with the Yoast SEO plugin v27.5 - https:\/\/yoast.com\/product\/yoast-seo-wordpress\/ -->\n<title>Asiagomphus pacificus - Mes Libellules<\/title>\n<meta name=\"description\" content=\"Asiagomphus pacificus m\u00e2le au Vietnam, description, identification, taille, habitat, distribution g\u00e9ographique, photos\" \/>\n<meta name=\"robots\" content=\"index, follow, max-snippet:-1, max-image-preview:large, max-video-preview:-1\" \/>\n<link rel=\"canonical\" href=\"https:\/\/www.meslibellules.fr\/blog\/2018\/09\/05\/vietnam-2018-asiagomphus-pacificus\/\" \/>\n<meta property=\"og:locale\" content=\"fr_FR\" \/>\n<meta property=\"og:type\" content=\"article\" \/>\n<meta property=\"og:title\" content=\"Asiagomphus pacificus - Mes Libellules\" \/>\n<meta property=\"og:description\" content=\"Asiagomphus pacificus m\u00e2le au Vietnam, description, identification, taille, habitat, distribution g\u00e9ographique, photos\" \/>\n<meta property=\"og:url\" content=\"https:\/\/www.meslibellules.fr\/blog\/2018\/09\/05\/vietnam-2018-asiagomphus-pacificus\/\" \/>\n<meta property=\"og:site_name\" content=\"Mes Libellules\" \/>\n<meta property=\"article:publisher\" content=\"https:\/\/www.facebook.com\/benoit.guillon.96\/\" \/>\n<meta property=\"article:author\" content=\"https:\/\/www.facebook.com\/benoit.guillon.96\/\" \/>\n<meta property=\"article:published_time\" content=\"2018-09-05T13:40:40+00:00\" \/>\n<meta property=\"article:modified_time\" content=\"2025-06-30T19:16:15+00:00\" \/>\n<meta property=\"og:image\" content=\"https:\/\/www.meslibellules.fr\/blog\/wp-content\/uploads\/Asiagomphus-pacificus-male-1-1.webp\" \/>\n\t<meta property=\"og:image:width\" content=\"1576\" \/>\n\t<meta property=\"og:image:height\" content=\"1504\" \/>\n\t<meta property=\"og:image:type\" content=\"image\/webp\" \/>\n<meta name=\"author\" content=\"Beno\u00eet Guillon\" \/>\n<meta name=\"twitter:card\" content=\"summary_large_image\" \/>\n<meta name=\"twitter:label1\" content=\"\u00c9crit par\" \/>\n\t<meta name=\"twitter:data1\" content=\"Beno\u00eet Guillon\" \/>\n\t<meta name=\"twitter:label2\" content=\"Dur\u00e9e de lecture estim\u00e9e\" \/>\n\t<meta name=\"twitter:data2\" content=\"5 minutes\" \/>\n<script type=\"application\/ld+json\" class=\"yoast-schema-graph\">{\"@context\":\"https:\\\/\\\/schema.org\",\"@graph\":[{\"@type\":\"Article\",\"@id\":\"https:\\\/\\\/www.meslibellules.fr\\\/blog\\\/2018\\\/09\\\/05\\\/vietnam-2018-asiagomphus-pacificus\\\/#article\",\"isPartOf\":{\"@id\":\"https:\\\/\\\/www.meslibellules.fr\\\/blog\\\/2018\\\/09\\\/05\\\/vietnam-2018-asiagomphus-pacificus\\\/\"},\"author\":{\"name\":\"Beno\u00eet Guillon\",\"@id\":\"https:\\\/\\\/www.meslibellules.fr\\\/blog\\\/#\\\/schema\\\/person\\\/9aa3586f9dd053fcf329f43b8b053c77\"},\"headline\":\"Vietnam 2018 &#8211; Asiagomphus pacificus\",\"datePublished\":\"2018-09-05T13:40:40+00:00\",\"dateModified\":\"2025-06-30T19:16:15+00:00\",\"mainEntityOfPage\":{\"@id\":\"https:\\\/\\\/www.meslibellules.fr\\\/blog\\\/2018\\\/09\\\/05\\\/vietnam-2018-asiagomphus-pacificus\\\/\"},\"wordCount\":220,\"commentCount\":0,\"publisher\":{\"@id\":\"https:\\\/\\\/www.meslibellules.fr\\\/blog\\\/#\\\/schema\\\/person\\\/9aa3586f9dd053fcf329f43b8b053c77\"},\"image\":{\"@id\":\"https:\\\/\\\/www.meslibellules.fr\\\/blog\\\/2018\\\/09\\\/05\\\/vietnam-2018-asiagomphus-pacificus\\\/#primaryimage\"},\"thumbnailUrl\":\"https:\\\/\\\/www.meslibellules.fr\\\/blog\\\/wp-content\\\/uploads\\\/Asiagomphus-pacificus-male-1-1.webp\",\"articleSection\":[\"Gomphidae\"],\"inLanguage\":\"fr-FR\",\"potentialAction\":[{\"@type\":\"CommentAction\",\"name\":\"Comment\",\"target\":[\"https:\\\/\\\/www.meslibellules.fr\\\/blog\\\/2018\\\/09\\\/05\\\/vietnam-2018-asiagomphus-pacificus\\\/#respond\"]}]},{\"@type\":\"WebPage\",\"@id\":\"https:\\\/\\\/www.meslibellules.fr\\\/blog\\\/2018\\\/09\\\/05\\\/vietnam-2018-asiagomphus-pacificus\\\/\",\"url\":\"https:\\\/\\\/www.meslibellules.fr\\\/blog\\\/2018\\\/09\\\/05\\\/vietnam-2018-asiagomphus-pacificus\\\/\",\"name\":\"Asiagomphus pacificus - Mes Libellules\",\"isPartOf\":{\"@id\":\"https:\\\/\\\/www.meslibellules.fr\\\/blog\\\/#website\"},\"primaryImageOfPage\":{\"@id\":\"https:\\\/\\\/www.meslibellules.fr\\\/blog\\\/2018\\\/09\\\/05\\\/vietnam-2018-asiagomphus-pacificus\\\/#primaryimage\"},\"image\":{\"@id\":\"https:\\\/\\\/www.meslibellules.fr\\\/blog\\\/2018\\\/09\\\/05\\\/vietnam-2018-asiagomphus-pacificus\\\/#primaryimage\"},\"thumbnailUrl\":\"https:\\\/\\\/www.meslibellules.fr\\\/blog\\\/wp-content\\\/uploads\\\/Asiagomphus-pacificus-male-1-1.webp\",\"datePublished\":\"2018-09-05T13:40:40+00:00\",\"dateModified\":\"2025-06-30T19:16:15+00:00\",\"description\":\"Asiagomphus pacificus m\u00e2le au Vietnam, description, identification, taille, habitat, distribution g\u00e9ographique, photos\",\"breadcrumb\":{\"@id\":\"https:\\\/\\\/www.meslibellules.fr\\\/blog\\\/2018\\\/09\\\/05\\\/vietnam-2018-asiagomphus-pacificus\\\/#breadcrumb\"},\"inLanguage\":\"fr-FR\",\"potentialAction\":[{\"@type\":\"ReadAction\",\"target\":[\"https:\\\/\\\/www.meslibellules.fr\\\/blog\\\/2018\\\/09\\\/05\\\/vietnam-2018-asiagomphus-pacificus\\\/\"]}]},{\"@type\":\"ImageObject\",\"inLanguage\":\"fr-FR\",\"@id\":\"https:\\\/\\\/www.meslibellules.fr\\\/blog\\\/2018\\\/09\\\/05\\\/vietnam-2018-asiagomphus-pacificus\\\/#primaryimage\",\"url\":\"https:\\\/\\\/www.meslibellules.fr\\\/blog\\\/wp-content\\\/uploads\\\/Asiagomphus-pacificus-male-1-1.webp\",\"contentUrl\":\"https:\\\/\\\/www.meslibellules.fr\\\/blog\\\/wp-content\\\/uploads\\\/Asiagomphus-pacificus-male-1-1.webp\",\"width\":1576,\"height\":1504,\"caption\":\"Asiagomphus pacificus, Vietnam, Cao Bang, 6 juin 2018\"},{\"@type\":\"BreadcrumbList\",\"@id\":\"https:\\\/\\\/www.meslibellules.fr\\\/blog\\\/2018\\\/09\\\/05\\\/vietnam-2018-asiagomphus-pacificus\\\/#breadcrumb\",\"itemListElement\":[{\"@type\":\"ListItem\",\"position\":1,\"name\":\"Accueil\",\"item\":\"https:\\\/\\\/www.meslibellules.fr\\\/blog\\\/\"},{\"@type\":\"ListItem\",\"position\":2,\"name\":\"Vietnam 2018 &#8211; Asiagomphus pacificus\"}]},{\"@type\":\"WebSite\",\"@id\":\"https:\\\/\\\/www.meslibellules.fr\\\/blog\\\/#website\",\"url\":\"https:\\\/\\\/www.meslibellules.fr\\\/blog\\\/\",\"name\":\"Mes Libellules\",\"description\":\"Pr\u00e9sentation des libellules rencontr\u00e9es dans le monde\",\"publisher\":{\"@id\":\"https:\\\/\\\/www.meslibellules.fr\\\/blog\\\/#\\\/schema\\\/person\\\/9aa3586f9dd053fcf329f43b8b053c77\"},\"potentialAction\":[{\"@type\":\"SearchAction\",\"target\":{\"@type\":\"EntryPoint\",\"urlTemplate\":\"https:\\\/\\\/www.meslibellules.fr\\\/blog\\\/?s={search_term_string}\"},\"query-input\":{\"@type\":\"PropertyValueSpecification\",\"valueRequired\":true,\"valueName\":\"search_term_string\"}}],\"inLanguage\":\"fr-FR\"},{\"@type\":[\"Person\",\"Organization\"],\"@id\":\"https:\\\/\\\/www.meslibellules.fr\\\/blog\\\/#\\\/schema\\\/person\\\/9aa3586f9dd053fcf329f43b8b053c77\",\"name\":\"Beno\u00eet Guillon\",\"image\":{\"@type\":\"ImageObject\",\"inLanguage\":\"fr-FR\",\"@id\":\"https:\\\/\\\/www.meslibellules.fr\\\/blog\\\/wp-content\\\/uploads\\\/cropped-avatar-150-pix.jpg\",\"url\":\"https:\\\/\\\/www.meslibellules.fr\\\/blog\\\/wp-content\\\/uploads\\\/cropped-avatar-150-pix.jpg\",\"contentUrl\":\"https:\\\/\\\/www.meslibellules.fr\\\/blog\\\/wp-content\\\/uploads\\\/cropped-avatar-150-pix.jpg\",\"width\":150,\"height\":137,\"caption\":\"Beno\u00eet Guillon\"},\"logo\":{\"@id\":\"https:\\\/\\\/www.meslibellules.fr\\\/blog\\\/wp-content\\\/uploads\\\/cropped-avatar-150-pix.jpg\"},\"sameAs\":[\"https:\\\/\\\/www.facebook.com\\\/benoit.guillon.96\\\/\"]}]}<\/script>\n<!-- \/ Yoast SEO plugin. -->","yoast_head_json":{"title":"Asiagomphus pacificus - Mes Libellules","description":"Asiagomphus pacificus m\u00e2le au Vietnam, description, identification, taille, habitat, distribution g\u00e9ographique, photos","robots":{"index":"index","follow":"follow","max-snippet":"max-snippet:-1","max-image-preview":"max-image-preview:large","max-video-preview":"max-video-preview:-1"},"canonical":"https:\/\/www.meslibellules.fr\/blog\/2018\/09\/05\/vietnam-2018-asiagomphus-pacificus\/","og_locale":"fr_FR","og_type":"article","og_title":"Asiagomphus pacificus - Mes Libellules","og_description":"Asiagomphus pacificus m\u00e2le au Vietnam, description, identification, taille, habitat, distribution g\u00e9ographique, photos","og_url":"https:\/\/www.meslibellules.fr\/blog\/2018\/09\/05\/vietnam-2018-asiagomphus-pacificus\/","og_site_name":"Mes Libellules","article_publisher":"https:\/\/www.facebook.com\/benoit.guillon.96\/","article_author":"https:\/\/www.facebook.com\/benoit.guillon.96\/","article_published_time":"2018-09-05T13:40:40+00:00","article_modified_time":"2025-06-30T19:16:15+00:00","og_image":[{"width":1576,"height":1504,"url":"https:\/\/www.meslibellules.fr\/blog\/wp-content\/uploads\/Asiagomphus-pacificus-male-1-1.webp","type":"image\/webp"}],"author":"Beno\u00eet Guillon","twitter_card":"summary_large_image","twitter_misc":{"\u00c9crit par":"Beno\u00eet Guillon","Dur\u00e9e de lecture estim\u00e9e":"5 minutes"},"schema":{"@context":"https:\/\/schema.org","@graph":[{"@type":"Article","@id":"https:\/\/www.meslibellules.fr\/blog\/2018\/09\/05\/vietnam-2018-asiagomphus-pacificus\/#article","isPartOf":{"@id":"https:\/\/www.meslibellules.fr\/blog\/2018\/09\/05\/vietnam-2018-asiagomphus-pacificus\/"},"author":{"name":"Beno\u00eet Guillon","@id":"https:\/\/www.meslibellules.fr\/blog\/#\/schema\/person\/9aa3586f9dd053fcf329f43b8b053c77"},"headline":"Vietnam 2018 &#8211; Asiagomphus pacificus","datePublished":"2018-09-05T13:40:40+00:00","dateModified":"2025-06-30T19:16:15+00:00","mainEntityOfPage":{"@id":"https:\/\/www.meslibellules.fr\/blog\/2018\/09\/05\/vietnam-2018-asiagomphus-pacificus\/"},"wordCount":220,"commentCount":0,"publisher":{"@id":"https:\/\/www.meslibellules.fr\/blog\/#\/schema\/person\/9aa3586f9dd053fcf329f43b8b053c77"},"image":{"@id":"https:\/\/www.meslibellules.fr\/blog\/2018\/09\/05\/vietnam-2018-asiagomphus-pacificus\/#primaryimage"},"thumbnailUrl":"https:\/\/www.meslibellules.fr\/blog\/wp-content\/uploads\/Asiagomphus-pacificus-male-1-1.webp","articleSection":["Gomphidae"],"inLanguage":"fr-FR","potentialAction":[{"@type":"CommentAction","name":"Comment","target":["https:\/\/www.meslibellules.fr\/blog\/2018\/09\/05\/vietnam-2018-asiagomphus-pacificus\/#respond"]}]},{"@type":"WebPage","@id":"https:\/\/www.meslibellules.fr\/blog\/2018\/09\/05\/vietnam-2018-asiagomphus-pacificus\/","url":"https:\/\/www.meslibellules.fr\/blog\/2018\/09\/05\/vietnam-2018-asiagomphus-pacificus\/","name":"Asiagomphus pacificus - Mes Libellules","isPartOf":{"@id":"https:\/\/www.meslibellules.fr\/blog\/#website"},"primaryImageOfPage":{"@id":"https:\/\/www.meslibellules.fr\/blog\/2018\/09\/05\/vietnam-2018-asiagomphus-pacificus\/#primaryimage"},"image":{"@id":"https:\/\/www.meslibellules.fr\/blog\/2018\/09\/05\/vietnam-2018-asiagomphus-pacificus\/#primaryimage"},"thumbnailUrl":"https:\/\/www.meslibellules.fr\/blog\/wp-content\/uploads\/Asiagomphus-pacificus-male-1-1.webp","datePublished":"2018-09-05T13:40:40+00:00","dateModified":"2025-06-30T19:16:15+00:00","description":"Asiagomphus pacificus m\u00e2le au Vietnam, description, identification, taille, habitat, distribution g\u00e9ographique, photos","breadcrumb":{"@id":"https:\/\/www.meslibellules.fr\/blog\/2018\/09\/05\/vietnam-2018-asiagomphus-pacificus\/#breadcrumb"},"inLanguage":"fr-FR","potentialAction":[{"@type":"ReadAction","target":["https:\/\/www.meslibellules.fr\/blog\/2018\/09\/05\/vietnam-2018-asiagomphus-pacificus\/"]}]},{"@type":"ImageObject","inLanguage":"fr-FR","@id":"https:\/\/www.meslibellules.fr\/blog\/2018\/09\/05\/vietnam-2018-asiagomphus-pacificus\/#primaryimage","url":"https:\/\/www.meslibellules.fr\/blog\/wp-content\/uploads\/Asiagomphus-pacificus-male-1-1.webp","contentUrl":"https:\/\/www.meslibellules.fr\/blog\/wp-content\/uploads\/Asiagomphus-pacificus-male-1-1.webp","width":1576,"height":1504,"caption":"Asiagomphus pacificus, Vietnam, Cao Bang, 6 juin 2018"},{"@type":"BreadcrumbList","@id":"https:\/\/www.meslibellules.fr\/blog\/2018\/09\/05\/vietnam-2018-asiagomphus-pacificus\/#breadcrumb","itemListElement":[{"@type":"ListItem","position":1,"name":"Accueil","item":"https:\/\/www.meslibellules.fr\/blog\/"},{"@type":"ListItem","position":2,"name":"Vietnam 2018 &#8211; Asiagomphus pacificus"}]},{"@type":"WebSite","@id":"https:\/\/www.meslibellules.fr\/blog\/#website","url":"https:\/\/www.meslibellules.fr\/blog\/","name":"Mes Libellules","description":"Pr\u00e9sentation des libellules rencontr\u00e9es dans le monde","publisher":{"@id":"https:\/\/www.meslibellules.fr\/blog\/#\/schema\/person\/9aa3586f9dd053fcf329f43b8b053c77"},"potentialAction":[{"@type":"SearchAction","target":{"@type":"EntryPoint","urlTemplate":"https:\/\/www.meslibellules.fr\/blog\/?s={search_term_string}"},"query-input":{"@type":"PropertyValueSpecification","valueRequired":true,"valueName":"search_term_string"}}],"inLanguage":"fr-FR"},{"@type":["Person","Organization"],"@id":"https:\/\/www.meslibellules.fr\/blog\/#\/schema\/person\/9aa3586f9dd053fcf329f43b8b053c77","name":"Beno\u00eet Guillon","image":{"@type":"ImageObject","inLanguage":"fr-FR","@id":"https:\/\/www.meslibellules.fr\/blog\/wp-content\/uploads\/cropped-avatar-150-pix.jpg","url":"https:\/\/www.meslibellules.fr\/blog\/wp-content\/uploads\/cropped-avatar-150-pix.jpg","contentUrl":"https:\/\/www.meslibellules.fr\/blog\/wp-content\/uploads\/cropped-avatar-150-pix.jpg","width":150,"height":137,"caption":"Beno\u00eet Guillon"},"logo":{"@id":"https:\/\/www.meslibellules.fr\/blog\/wp-content\/uploads\/cropped-avatar-150-pix.jpg"},"sameAs":["https:\/\/www.facebook.com\/benoit.guillon.96\/"]}]}},"_links":{"self":[{"href":"https:\/\/www.meslibellules.fr\/blog\/wp-json\/wp\/v2\/posts\/555","targetHints":{"allow":["GET"]}}],"collection":[{"href":"https:\/\/www.meslibellules.fr\/blog\/wp-json\/wp\/v2\/posts"}],"about":[{"href":"https:\/\/www.meslibellules.fr\/blog\/wp-json\/wp\/v2\/types\/post"}],"author":[{"embeddable":true,"href":"https:\/\/www.meslibellules.fr\/blog\/wp-json\/wp\/v2\/users\/1"}],"replies":[{"embeddable":true,"href":"https:\/\/www.meslibellules.fr\/blog\/wp-json\/wp\/v2\/comments?post=555"}],"version-history":[{"count":2,"href":"https:\/\/www.meslibellules.fr\/blog\/wp-json\/wp\/v2\/posts\/555\/revisions"}],"predecessor-version":[{"id":25384,"href":"https:\/\/www.meslibellules.fr\/blog\/wp-json\/wp\/v2\/posts\/555\/revisions\/25384"}],"wp:attachment":[{"href":"https:\/\/www.meslibellules.fr\/blog\/wp-json\/wp\/v2\/media?parent=555"}],"wp:term":[{"taxonomy":"category","embeddable":true,"href":"https:\/\/www.meslibellules.fr\/blog\/wp-json\/wp\/v2\/categories?post=555"},{"taxonomy":"post_tag","embeddable":true,"href":"https:\/\/www.meslibellules.fr\/blog\/wp-json\/wp\/v2\/tags?post=555"}],"curies":[{"name":"wp","href":"https:\/\/api.w.org\/{rel}","templated":true}]}}