{"id":597,"date":"2018-09-05T19:08:35","date_gmt":"2018-09-05T17:08:35","guid":{"rendered":"http:\/\/www.meslibellules.fr\/blog\/?p=597"},"modified":"2025-02-11T16:43:24","modified_gmt":"2025-02-11T15:43:24","slug":"calicnemia-erythromelas","status":"publish","type":"post","link":"https:\/\/www.meslibellules.fr\/blog\/2018\/09\/05\/calicnemia-erythromelas\/","title":{"rendered":"Vietnam 2018 &#8211; Calicnemia erythromelas (Selys, 1891)"},"content":{"rendered":"\n<figure class=\"wp-block-image aligncenter is-resized\"><a href=\"https:\/\/www.meslibellules.fr\/blog\/wp-content\/uploads\/2018\/09\/calicnemia-erythromelas-1big.jpg\"><img decoding=\"async\" width=\"947\" height=\"600\" data-src=\"https:\/\/www.meslibellules.fr\/blog\/wp-content\/uploads\/2018\/09\/calicnemia-erythromelas-1big.jpg\" alt=\"Calicnemia erythromelas, Vietnam, Pia Oac, 5 juin 2018\" class=\"wp-image-598 lazyload\" style=\"--smush-placeholder-width: 947px; --smush-placeholder-aspect-ratio: 947\/600;width:490px;height:auto\" data-srcset=\"https:\/\/www.meslibellules.fr\/blog\/wp-content\/uploads\/2018\/09\/calicnemia-erythromelas-1big.jpg 947w, https:\/\/www.meslibellules.fr\/blog\/wp-content\/uploads\/2018\/09\/calicnemia-erythromelas-1big-300x190.jpg 300w, https:\/\/www.meslibellules.fr\/blog\/wp-content\/uploads\/2018\/09\/calicnemia-erythromelas-1big-768x487.jpg 768w\" data-sizes=\"(max-width: 947px) 100vw, 947px\" src=\"data:image\/svg+xml;base64,PHN2ZyB3aWR0aD0iMSIgaGVpZ2h0PSIxIiB4bWxucz0iaHR0cDovL3d3dy53My5vcmcvMjAwMC9zdmciPjwvc3ZnPg==\" \/><\/a><figcaption class=\"wp-element-caption\">Calicnemia erythromelas, Vietnam, Pia Oac, 5 juin 2018<\/figcaption><\/figure>\n\n\n\n<p style=\"font-size:15px\">Calicnemia erythromelas (Platycnemididae) est tr\u00e8s proche de C. soccifera ; il s&rsquo;en distingue par ses pattes noires (rouge\u00e2tres pour son cousin) et les \u00e9videntes bandes rouge orang\u00e9 de son thorax (gris\u00e2tres pour l&rsquo;autre esp\u00e8ce) car tous les deux ont l&rsquo;abdomen rouge et les quatre derniers segments noirs. <\/p>\n\n\n\n<figure class=\"wp-block-image aligncenter is-resized\"><a href=\"https:\/\/www.meslibellules.fr\/blog\/wp-content\/uploads\/2018\/09\/calicnemia-erythromelas-2big.jpg\"><img decoding=\"async\" width=\"911\" height=\"545\" data-src=\"https:\/\/www.meslibellules.fr\/blog\/wp-content\/uploads\/2018\/09\/calicnemia-erythromelas-2big.jpg\" alt=\"Calicnemia erythromelas, Vietnam, Pia Oac, 5 juin 2018\" class=\"wp-image-599 lazyload\" style=\"--smush-placeholder-width: 911px; --smush-placeholder-aspect-ratio: 911\/545;width:536px;height:auto\" data-srcset=\"https:\/\/www.meslibellules.fr\/blog\/wp-content\/uploads\/2018\/09\/calicnemia-erythromelas-2big.jpg 911w, https:\/\/www.meslibellules.fr\/blog\/wp-content\/uploads\/2018\/09\/calicnemia-erythromelas-2big-300x179.jpg 300w, https:\/\/www.meslibellules.fr\/blog\/wp-content\/uploads\/2018\/09\/calicnemia-erythromelas-2big-768x459.jpg 768w\" data-sizes=\"(max-width: 911px) 100vw, 911px\" src=\"data:image\/svg+xml;base64,PHN2ZyB3aWR0aD0iMSIgaGVpZ2h0PSIxIiB4bWxucz0iaHR0cDovL3d3dy53My5vcmcvMjAwMC9zdmciPjwvc3ZnPg==\" \/><\/a><figcaption class=\"wp-element-caption\"> <br>Calicnemia erythromelas, Vietnam, Pia Oac, 5 juin 2018 <\/figcaption><\/figure>\n\n\n\n<p style=\"font-size:15px\">Il m&rsquo;a sembl\u00e9 assez grand, pr\u00e8s de 45 mm, mais cette impression d&rsquo;\u00e9l\u00e9gance est peut-\u00eatre due \u00e0 la r\u00e9partition de la coloration sur l&rsquo;abdomen. Nous l&rsquo;avons trouv\u00e9 pr\u00e8s de Pia Oac, en nous engageant dans un chemin forestier long\u00e9 par un ruisseau \u00e0 environ 1350 m d&rsquo;altitude, le 5 juin 2018.<br>Il est connu pour se trouver au Myanmar, dans le nord de la Tha\u00eflande, le sud de la Chine (Yunnan) et le nord du Vietnam.<br><a href=\"https:\/\/www.iucnredlist.org\/species\/167405\/6343221\">IUCN Red List<\/a><\/p>\n\n\n\n<figure class=\"wp-block-image aligncenter is-resized\"><a href=\"https:\/\/www.meslibellules.fr\/blog\/wp-content\/uploads\/2018\/09\/calicnemia-erythromelas-3big.jpg\"><img decoding=\"async\" width=\"419\" height=\"600\" data-src=\"https:\/\/www.meslibellules.fr\/blog\/wp-content\/uploads\/2018\/09\/calicnemia-erythromelas-3big.jpg\" alt=\"\" class=\"wp-image-600 lazyload\" style=\"--smush-placeholder-width: 419px; --smush-placeholder-aspect-ratio: 419\/600;width:271px;height:auto\" data-srcset=\"https:\/\/www.meslibellules.fr\/blog\/wp-content\/uploads\/2018\/09\/calicnemia-erythromelas-3big.jpg 419w, https:\/\/www.meslibellules.fr\/blog\/wp-content\/uploads\/2018\/09\/calicnemia-erythromelas-3big-210x300.jpg 210w\" data-sizes=\"(max-width: 419px) 100vw, 419px\" src=\"data:image\/svg+xml;base64,PHN2ZyB3aWR0aD0iMSIgaGVpZ2h0PSIxIiB4bWxucz0iaHR0cDovL3d3dy53My5vcmcvMjAwMC9zdmciPjwvc3ZnPg==\" \/><\/a><figcaption class=\"wp-element-caption\"> <br>Calicnemia erythromelas,<br> Vietnam, Pia Oac, 5 juin 2018 <\/figcaption><\/figure>\n\n\n\n<p><strong><span style=\"text-decoration: underline;\">\u00c9tymologie<\/span><\/strong><br \/><span style=\"text-decoration: underline;\">Calicnemia<\/span> (Sand, 1928) vient sans doute de la racine grec <em>cal<\/em>, qui signifie<em> beau<\/em> et du grec ancien \u00ab\u00a0<em>kn\u0113m\u0113<\/em>\u00a0\u00bb pour <em>jambe<\/em>. Selys avait cr\u00e9\u00e9 le genre Calicnemis (1) en 1863, mais il ignorait que le nom est d\u00e9j\u00e0 \u00ab\u00a0pr\u00e9occup\u00e9\u00a0\u00bb par un <a href=\"https:\/\/fr.wikipedia.org\/wiki\/Calicnemis\" target=\"_blank\" rel=\"noopener\">col\u00e9opt\u00e8re<\/a> depuis 1832. Sand, en 1928, a transform\u00e9 Calicnemis en Calicnemia. Il faut rappeler que cette esp\u00e8ce appartient \u00e0 la famille des Platycnemididae (<em>Platy<\/em>, qui signifie large en grec et le m\u00eame \u00ab\u00a0<em>kn\u0113m\u0113<\/em>\u00a0\u00bb pour <em>jambe<\/em> qui s&rsquo;illustre en Europe pour la largeur des tibias des m\u00e2les de nos <a href=\"https:\/\/www.meslibellules.fr\/pagesweb\/plactycnemididae\/latipes\/platycnemis-latipes-male-2\/platycnemis-latipes-male-4big.jpg\">Platycnemis latipes)<\/a><br \/>Mais en fait, cnemis ou cnemia ne doivent \u00eatre vus que comme un signe d&rsquo;appartenance au Platycnemididae car Selys pr\u00e9cisait pour les Calicnemis : \u00ab\u00a0Tibias non dilat\u00e9s (comme tous les autres genres [de Platycnemididae], except\u00e9 Platycnemis).<br \/><br \/><span style=\"text-decoration: underline;\">Erythromelas (2)<\/span>, du grec <em>\u00e9rythr\u00f3s<\/em> pour <em>rouge<\/em> et <em>m\u00e9las<\/em>, pour noir. Et il est vrai que cette esp\u00e8ce est absolument rouge et noire.<\/p>\n\n\n\n<div style=\"height:37px\" aria-hidden=\"true\" class=\"wp-block-spacer\"><\/div>\n\n\n\n<p>-1 Selys, 1863 &#8211; <a href=\"https:\/\/www.persee.fr\/doc\/marb_0770-8459_1886_num_38_1_2330\">R\u00e9vision du Synopsis des Agrionines. Premi\u00e8re partie comprenant les l\u00e9gions Pseudostigma &#8211; Podagrion &#8211; Platycemis et Protonevra<\/a>. M\u00e9moires couronn\u00e9s et autres m\u00e9moires publi\u00e9s par l&rsquo;Acad\u00e9mie royale des sciences, des lettres et des beaux-arts. p 130.<br>-2 Selys, 1891 \u2013\u00a0<a href=\"https:\/\/www.biodiversitylibrary.org\/page\/30149944#page\/519\/mode\/1up\" target=\"_blank\" rel=\"noreferrer noopener\">Odonates de Birmanie, Viaggio di Leonardo Fea in Birmania e regioni vicine<\/a>, p 505.<\/p>\n\n\n\n<div style=\"height:38px\" aria-hidden=\"true\" class=\"wp-block-spacer\"><\/div>\n\n\n\n<div class=\"wp-block-buttons is-vertical is-layout-flex wp-container-core-buttons-is-layout-fe9cc265 wp-block-buttons-is-layout-flex\">\n<div class=\"wp-block-button\"><a class=\"wp-block-button__link wp-element-button\" href=\"https:\/\/www.meslibellules.fr\/blog\/odonates-du-vietnam-2012-2018\/\">Accueil Vietnam<\/a><\/div>\n\n\n\n<div class=\"wp-block-button\"><a class=\"wp-block-button__link wp-element-button\" href=\"http:\/\/www.meslibellules.fr\/pagesweb\/divers\/liste-generale-odonates-du-site\/asia-odonates.php\">Liste Asie<\/a><\/div>\n\n\n\n<div class=\"wp-block-button\"><a class=\"wp-block-button__link wp-element-button\" href=\"https:\/\/www.meslibellules.fr\/blog\/\">Accueil<\/a><\/div>\n<\/div>\n","protected":false},"excerpt":{"rendered":"<p>Calicnemia erythromelas (Platycnemididae) est tr\u00e8s proche de C. soccifera ; il s&rsquo;en distingue par ses pattes noires (rouge\u00e2tres pour son cousin) et les \u00e9videntes bandes rouge orang\u00e9 de son thorax (gris\u00e2tres pour l&rsquo;autre esp\u00e8ce) car tous les deux ont l&rsquo;abdomen rouge et les quatre derniers segments noirs. Il m&rsquo;a sembl\u00e9 assez grand, pr\u00e8s de 45 [&hellip;]<\/p>\n","protected":false},"author":1,"featured_media":0,"comment_status":"open","ping_status":"open","sticky":false,"template":"","format":"image","meta":{"site-sidebar-layout":"default","site-content-layout":"","ast-site-content-layout":"default","site-content-style":"default","site-sidebar-style":"default","ast-global-header-display":"","ast-banner-title-visibility":"","ast-main-header-display":"","ast-hfb-above-header-display":"","ast-hfb-below-header-display":"","ast-hfb-mobile-header-display":"","site-post-title":"","ast-breadcrumbs-content":"","ast-featured-img":"","footer-sml-layout":"","ast-disable-related-posts":"","theme-transparent-header-meta":"","adv-header-id-meta":"","stick-header-meta":"","header-above-stick-meta":"","header-main-stick-meta":"","header-below-stick-meta":"","astra-migrate-meta-layouts":"set","ast-page-background-enabled":"default","ast-page-background-meta":{"desktop":{"background-color":"var(--ast-global-color-4)","background-image":"","background-repeat":"repeat","background-position":"center center","background-size":"auto","background-attachment":"scroll","background-type":"","background-media":"","overlay-type":"","overlay-color":"","overlay-opacity":"","overlay-gradient":""},"tablet":{"background-color":"","background-image":"","background-repeat":"repeat","background-position":"center center","background-size":"auto","background-attachment":"scroll","background-type":"","background-media":"","overlay-type":"","overlay-color":"","overlay-opacity":"","overlay-gradient":""},"mobile":{"background-color":"","background-image":"","background-repeat":"repeat","background-position":"center center","background-size":"auto","background-attachment":"scroll","background-type":"","background-media":"","overlay-type":"","overlay-color":"","overlay-opacity":"","overlay-gradient":""}},"ast-content-background-meta":{"desktop":{"background-color":"var(--ast-global-color-5)","background-image":"","background-repeat":"repeat","background-position":"center center","background-size":"auto","background-attachment":"scroll","background-type":"","background-media":"","overlay-type":"","overlay-color":"","overlay-opacity":"","overlay-gradient":""},"tablet":{"background-color":"var(--ast-global-color-5)","background-image":"","background-repeat":"repeat","background-position":"center center","background-size":"auto","background-attachment":"scroll","background-type":"","background-media":"","overlay-type":"","overlay-color":"","overlay-opacity":"","overlay-gradient":""},"mobile":{"background-color":"var(--ast-global-color-5)","background-image":"","background-repeat":"repeat","background-position":"center center","background-size":"auto","background-attachment":"scroll","background-type":"","background-media":"","overlay-type":"","overlay-color":"","overlay-opacity":"","overlay-gradient":""}},"footnotes":""},"categories":[16],"tags":[],"class_list":["post-597","post","type-post","status-publish","format-image","hentry","category-platycnemididae","post_format-post-format-image"],"yoast_head":"<!-- This site is optimized with the Yoast SEO plugin v27.4 - https:\/\/yoast.com\/product\/yoast-seo-wordpress\/ -->\n<title>Calicnemia erythromelas - Mes Libellules<\/title>\n<meta name=\"description\" content=\"Calicnemia erythromelas m\u00e2le au Vietnam, description, identification, esp\u00e8ce proche, habitat, distribution g\u00e9ographique\" \/>\n<meta name=\"robots\" content=\"index, follow, max-snippet:-1, max-image-preview:large, max-video-preview:-1\" \/>\n<link rel=\"canonical\" href=\"https:\/\/www.meslibellules.fr\/blog\/2018\/09\/05\/calicnemia-erythromelas\/\" \/>\n<meta property=\"og:locale\" content=\"fr_FR\" \/>\n<meta property=\"og:type\" content=\"article\" \/>\n<meta property=\"og:title\" content=\"Calicnemia erythromelas - Mes Libellules\" \/>\n<meta property=\"og:description\" content=\"Calicnemia erythromelas m\u00e2le au Vietnam, description, identification, esp\u00e8ce proche, habitat, distribution g\u00e9ographique\" \/>\n<meta property=\"og:url\" content=\"https:\/\/www.meslibellules.fr\/blog\/2018\/09\/05\/calicnemia-erythromelas\/\" \/>\n<meta property=\"og:site_name\" content=\"Mes Libellules\" \/>\n<meta property=\"article:publisher\" content=\"https:\/\/www.facebook.com\/benoit.guillon.96\/\" \/>\n<meta property=\"article:author\" content=\"https:\/\/www.facebook.com\/benoit.guillon.96\/\" \/>\n<meta property=\"article:published_time\" content=\"2018-09-05T17:08:35+00:00\" \/>\n<meta property=\"article:modified_time\" content=\"2025-02-11T15:43:24+00:00\" \/>\n<meta property=\"og:image\" content=\"http:\/\/www.meslibellules.fr\/blog\/wp-content\/uploads\/2018\/09\/calicnemia-erythromelas-1big.jpg\" \/>\n<meta name=\"author\" content=\"Beno\u00eet Guillon\" \/>\n<meta name=\"twitter:card\" content=\"summary_large_image\" \/>\n<meta name=\"twitter:label1\" content=\"\u00c9crit par\" \/>\n\t<meta name=\"twitter:data1\" content=\"Beno\u00eet Guillon\" \/>\n\t<meta name=\"twitter:label2\" content=\"Dur\u00e9e de lecture estim\u00e9e\" \/>\n\t<meta name=\"twitter:data2\" content=\"3 minutes\" \/>\n<script type=\"application\/ld+json\" class=\"yoast-schema-graph\">{\"@context\":\"https:\\\/\\\/schema.org\",\"@graph\":[{\"@type\":\"Article\",\"@id\":\"https:\\\/\\\/www.meslibellules.fr\\\/blog\\\/2018\\\/09\\\/05\\\/calicnemia-erythromelas\\\/#article\",\"isPartOf\":{\"@id\":\"https:\\\/\\\/www.meslibellules.fr\\\/blog\\\/2018\\\/09\\\/05\\\/calicnemia-erythromelas\\\/\"},\"author\":{\"name\":\"Beno\u00eet Guillon\",\"@id\":\"https:\\\/\\\/www.meslibellules.fr\\\/blog\\\/#\\\/schema\\\/person\\\/9aa3586f9dd053fcf329f43b8b053c77\"},\"headline\":\"Vietnam 2018 &#8211; Calicnemia erythromelas (Selys, 1891)\",\"datePublished\":\"2018-09-05T17:08:35+00:00\",\"dateModified\":\"2025-02-11T15:43:24+00:00\",\"mainEntityOfPage\":{\"@id\":\"https:\\\/\\\/www.meslibellules.fr\\\/blog\\\/2018\\\/09\\\/05\\\/calicnemia-erythromelas\\\/\"},\"wordCount\":380,\"commentCount\":0,\"publisher\":{\"@id\":\"https:\\\/\\\/www.meslibellules.fr\\\/blog\\\/#\\\/schema\\\/person\\\/9aa3586f9dd053fcf329f43b8b053c77\"},\"image\":{\"@id\":\"https:\\\/\\\/www.meslibellules.fr\\\/blog\\\/2018\\\/09\\\/05\\\/calicnemia-erythromelas\\\/#primaryimage\"},\"thumbnailUrl\":\"http:\\\/\\\/www.meslibellules.fr\\\/blog\\\/wp-content\\\/uploads\\\/2018\\\/09\\\/calicnemia-erythromelas-1big.jpg\",\"articleSection\":[\"Platycnemididae\"],\"inLanguage\":\"fr-FR\",\"potentialAction\":[{\"@type\":\"CommentAction\",\"name\":\"Comment\",\"target\":[\"https:\\\/\\\/www.meslibellules.fr\\\/blog\\\/2018\\\/09\\\/05\\\/calicnemia-erythromelas\\\/#respond\"]}]},{\"@type\":\"WebPage\",\"@id\":\"https:\\\/\\\/www.meslibellules.fr\\\/blog\\\/2018\\\/09\\\/05\\\/calicnemia-erythromelas\\\/\",\"url\":\"https:\\\/\\\/www.meslibellules.fr\\\/blog\\\/2018\\\/09\\\/05\\\/calicnemia-erythromelas\\\/\",\"name\":\"Calicnemia erythromelas - Mes Libellules\",\"isPartOf\":{\"@id\":\"https:\\\/\\\/www.meslibellules.fr\\\/blog\\\/#website\"},\"primaryImageOfPage\":{\"@id\":\"https:\\\/\\\/www.meslibellules.fr\\\/blog\\\/2018\\\/09\\\/05\\\/calicnemia-erythromelas\\\/#primaryimage\"},\"image\":{\"@id\":\"https:\\\/\\\/www.meslibellules.fr\\\/blog\\\/2018\\\/09\\\/05\\\/calicnemia-erythromelas\\\/#primaryimage\"},\"thumbnailUrl\":\"http:\\\/\\\/www.meslibellules.fr\\\/blog\\\/wp-content\\\/uploads\\\/2018\\\/09\\\/calicnemia-erythromelas-1big.jpg\",\"datePublished\":\"2018-09-05T17:08:35+00:00\",\"dateModified\":\"2025-02-11T15:43:24+00:00\",\"description\":\"Calicnemia erythromelas m\u00e2le au Vietnam, description, identification, esp\u00e8ce proche, habitat, distribution g\u00e9ographique\",\"breadcrumb\":{\"@id\":\"https:\\\/\\\/www.meslibellules.fr\\\/blog\\\/2018\\\/09\\\/05\\\/calicnemia-erythromelas\\\/#breadcrumb\"},\"inLanguage\":\"fr-FR\",\"potentialAction\":[{\"@type\":\"ReadAction\",\"target\":[\"https:\\\/\\\/www.meslibellules.fr\\\/blog\\\/2018\\\/09\\\/05\\\/calicnemia-erythromelas\\\/\"]}]},{\"@type\":\"ImageObject\",\"inLanguage\":\"fr-FR\",\"@id\":\"https:\\\/\\\/www.meslibellules.fr\\\/blog\\\/2018\\\/09\\\/05\\\/calicnemia-erythromelas\\\/#primaryimage\",\"url\":\"http:\\\/\\\/www.meslibellules.fr\\\/blog\\\/wp-content\\\/uploads\\\/2018\\\/09\\\/calicnemia-erythromelas-1big.jpg\",\"contentUrl\":\"http:\\\/\\\/www.meslibellules.fr\\\/blog\\\/wp-content\\\/uploads\\\/2018\\\/09\\\/calicnemia-erythromelas-1big.jpg\"},{\"@type\":\"BreadcrumbList\",\"@id\":\"https:\\\/\\\/www.meslibellules.fr\\\/blog\\\/2018\\\/09\\\/05\\\/calicnemia-erythromelas\\\/#breadcrumb\",\"itemListElement\":[{\"@type\":\"ListItem\",\"position\":1,\"name\":\"Accueil\",\"item\":\"https:\\\/\\\/www.meslibellules.fr\\\/blog\\\/\"},{\"@type\":\"ListItem\",\"position\":2,\"name\":\"Vietnam 2018 &#8211; Calicnemia erythromelas (Selys, 1891)\"}]},{\"@type\":\"WebSite\",\"@id\":\"https:\\\/\\\/www.meslibellules.fr\\\/blog\\\/#website\",\"url\":\"https:\\\/\\\/www.meslibellules.fr\\\/blog\\\/\",\"name\":\"Mes Libellules\",\"description\":\"Pr\u00e9sentation des libellules rencontr\u00e9es dans le monde\",\"publisher\":{\"@id\":\"https:\\\/\\\/www.meslibellules.fr\\\/blog\\\/#\\\/schema\\\/person\\\/9aa3586f9dd053fcf329f43b8b053c77\"},\"potentialAction\":[{\"@type\":\"SearchAction\",\"target\":{\"@type\":\"EntryPoint\",\"urlTemplate\":\"https:\\\/\\\/www.meslibellules.fr\\\/blog\\\/?s={search_term_string}\"},\"query-input\":{\"@type\":\"PropertyValueSpecification\",\"valueRequired\":true,\"valueName\":\"search_term_string\"}}],\"inLanguage\":\"fr-FR\"},{\"@type\":[\"Person\",\"Organization\"],\"@id\":\"https:\\\/\\\/www.meslibellules.fr\\\/blog\\\/#\\\/schema\\\/person\\\/9aa3586f9dd053fcf329f43b8b053c77\",\"name\":\"Beno\u00eet Guillon\",\"image\":{\"@type\":\"ImageObject\",\"inLanguage\":\"fr-FR\",\"@id\":\"https:\\\/\\\/www.meslibellules.fr\\\/blog\\\/wp-content\\\/uploads\\\/cropped-avatar-150-pix.jpg\",\"url\":\"https:\\\/\\\/www.meslibellules.fr\\\/blog\\\/wp-content\\\/uploads\\\/cropped-avatar-150-pix.jpg\",\"contentUrl\":\"https:\\\/\\\/www.meslibellules.fr\\\/blog\\\/wp-content\\\/uploads\\\/cropped-avatar-150-pix.jpg\",\"width\":150,\"height\":137,\"caption\":\"Beno\u00eet Guillon\"},\"logo\":{\"@id\":\"https:\\\/\\\/www.meslibellules.fr\\\/blog\\\/wp-content\\\/uploads\\\/cropped-avatar-150-pix.jpg\"},\"sameAs\":[\"https:\\\/\\\/www.facebook.com\\\/benoit.guillon.96\\\/\"]}]}<\/script>\n<!-- \/ Yoast SEO plugin. -->","yoast_head_json":{"title":"Calicnemia erythromelas - Mes Libellules","description":"Calicnemia erythromelas m\u00e2le au Vietnam, description, identification, esp\u00e8ce proche, habitat, distribution g\u00e9ographique","robots":{"index":"index","follow":"follow","max-snippet":"max-snippet:-1","max-image-preview":"max-image-preview:large","max-video-preview":"max-video-preview:-1"},"canonical":"https:\/\/www.meslibellules.fr\/blog\/2018\/09\/05\/calicnemia-erythromelas\/","og_locale":"fr_FR","og_type":"article","og_title":"Calicnemia erythromelas - Mes Libellules","og_description":"Calicnemia erythromelas m\u00e2le au Vietnam, description, identification, esp\u00e8ce proche, habitat, distribution g\u00e9ographique","og_url":"https:\/\/www.meslibellules.fr\/blog\/2018\/09\/05\/calicnemia-erythromelas\/","og_site_name":"Mes Libellules","article_publisher":"https:\/\/www.facebook.com\/benoit.guillon.96\/","article_author":"https:\/\/www.facebook.com\/benoit.guillon.96\/","article_published_time":"2018-09-05T17:08:35+00:00","article_modified_time":"2025-02-11T15:43:24+00:00","og_image":[{"url":"http:\/\/www.meslibellules.fr\/blog\/wp-content\/uploads\/2018\/09\/calicnemia-erythromelas-1big.jpg","type":"","width":"","height":""}],"author":"Beno\u00eet Guillon","twitter_card":"summary_large_image","twitter_misc":{"\u00c9crit par":"Beno\u00eet Guillon","Dur\u00e9e de lecture estim\u00e9e":"3 minutes"},"schema":{"@context":"https:\/\/schema.org","@graph":[{"@type":"Article","@id":"https:\/\/www.meslibellules.fr\/blog\/2018\/09\/05\/calicnemia-erythromelas\/#article","isPartOf":{"@id":"https:\/\/www.meslibellules.fr\/blog\/2018\/09\/05\/calicnemia-erythromelas\/"},"author":{"name":"Beno\u00eet Guillon","@id":"https:\/\/www.meslibellules.fr\/blog\/#\/schema\/person\/9aa3586f9dd053fcf329f43b8b053c77"},"headline":"Vietnam 2018 &#8211; Calicnemia erythromelas (Selys, 1891)","datePublished":"2018-09-05T17:08:35+00:00","dateModified":"2025-02-11T15:43:24+00:00","mainEntityOfPage":{"@id":"https:\/\/www.meslibellules.fr\/blog\/2018\/09\/05\/calicnemia-erythromelas\/"},"wordCount":380,"commentCount":0,"publisher":{"@id":"https:\/\/www.meslibellules.fr\/blog\/#\/schema\/person\/9aa3586f9dd053fcf329f43b8b053c77"},"image":{"@id":"https:\/\/www.meslibellules.fr\/blog\/2018\/09\/05\/calicnemia-erythromelas\/#primaryimage"},"thumbnailUrl":"http:\/\/www.meslibellules.fr\/blog\/wp-content\/uploads\/2018\/09\/calicnemia-erythromelas-1big.jpg","articleSection":["Platycnemididae"],"inLanguage":"fr-FR","potentialAction":[{"@type":"CommentAction","name":"Comment","target":["https:\/\/www.meslibellules.fr\/blog\/2018\/09\/05\/calicnemia-erythromelas\/#respond"]}]},{"@type":"WebPage","@id":"https:\/\/www.meslibellules.fr\/blog\/2018\/09\/05\/calicnemia-erythromelas\/","url":"https:\/\/www.meslibellules.fr\/blog\/2018\/09\/05\/calicnemia-erythromelas\/","name":"Calicnemia erythromelas - Mes Libellules","isPartOf":{"@id":"https:\/\/www.meslibellules.fr\/blog\/#website"},"primaryImageOfPage":{"@id":"https:\/\/www.meslibellules.fr\/blog\/2018\/09\/05\/calicnemia-erythromelas\/#primaryimage"},"image":{"@id":"https:\/\/www.meslibellules.fr\/blog\/2018\/09\/05\/calicnemia-erythromelas\/#primaryimage"},"thumbnailUrl":"http:\/\/www.meslibellules.fr\/blog\/wp-content\/uploads\/2018\/09\/calicnemia-erythromelas-1big.jpg","datePublished":"2018-09-05T17:08:35+00:00","dateModified":"2025-02-11T15:43:24+00:00","description":"Calicnemia erythromelas m\u00e2le au Vietnam, description, identification, esp\u00e8ce proche, habitat, distribution g\u00e9ographique","breadcrumb":{"@id":"https:\/\/www.meslibellules.fr\/blog\/2018\/09\/05\/calicnemia-erythromelas\/#breadcrumb"},"inLanguage":"fr-FR","potentialAction":[{"@type":"ReadAction","target":["https:\/\/www.meslibellules.fr\/blog\/2018\/09\/05\/calicnemia-erythromelas\/"]}]},{"@type":"ImageObject","inLanguage":"fr-FR","@id":"https:\/\/www.meslibellules.fr\/blog\/2018\/09\/05\/calicnemia-erythromelas\/#primaryimage","url":"http:\/\/www.meslibellules.fr\/blog\/wp-content\/uploads\/2018\/09\/calicnemia-erythromelas-1big.jpg","contentUrl":"http:\/\/www.meslibellules.fr\/blog\/wp-content\/uploads\/2018\/09\/calicnemia-erythromelas-1big.jpg"},{"@type":"BreadcrumbList","@id":"https:\/\/www.meslibellules.fr\/blog\/2018\/09\/05\/calicnemia-erythromelas\/#breadcrumb","itemListElement":[{"@type":"ListItem","position":1,"name":"Accueil","item":"https:\/\/www.meslibellules.fr\/blog\/"},{"@type":"ListItem","position":2,"name":"Vietnam 2018 &#8211; Calicnemia erythromelas (Selys, 1891)"}]},{"@type":"WebSite","@id":"https:\/\/www.meslibellules.fr\/blog\/#website","url":"https:\/\/www.meslibellules.fr\/blog\/","name":"Mes Libellules","description":"Pr\u00e9sentation des libellules rencontr\u00e9es dans le monde","publisher":{"@id":"https:\/\/www.meslibellules.fr\/blog\/#\/schema\/person\/9aa3586f9dd053fcf329f43b8b053c77"},"potentialAction":[{"@type":"SearchAction","target":{"@type":"EntryPoint","urlTemplate":"https:\/\/www.meslibellules.fr\/blog\/?s={search_term_string}"},"query-input":{"@type":"PropertyValueSpecification","valueRequired":true,"valueName":"search_term_string"}}],"inLanguage":"fr-FR"},{"@type":["Person","Organization"],"@id":"https:\/\/www.meslibellules.fr\/blog\/#\/schema\/person\/9aa3586f9dd053fcf329f43b8b053c77","name":"Beno\u00eet Guillon","image":{"@type":"ImageObject","inLanguage":"fr-FR","@id":"https:\/\/www.meslibellules.fr\/blog\/wp-content\/uploads\/cropped-avatar-150-pix.jpg","url":"https:\/\/www.meslibellules.fr\/blog\/wp-content\/uploads\/cropped-avatar-150-pix.jpg","contentUrl":"https:\/\/www.meslibellules.fr\/blog\/wp-content\/uploads\/cropped-avatar-150-pix.jpg","width":150,"height":137,"caption":"Beno\u00eet Guillon"},"logo":{"@id":"https:\/\/www.meslibellules.fr\/blog\/wp-content\/uploads\/cropped-avatar-150-pix.jpg"},"sameAs":["https:\/\/www.facebook.com\/benoit.guillon.96\/"]}]}},"_links":{"self":[{"href":"https:\/\/www.meslibellules.fr\/blog\/wp-json\/wp\/v2\/posts\/597","targetHints":{"allow":["GET"]}}],"collection":[{"href":"https:\/\/www.meslibellules.fr\/blog\/wp-json\/wp\/v2\/posts"}],"about":[{"href":"https:\/\/www.meslibellules.fr\/blog\/wp-json\/wp\/v2\/types\/post"}],"author":[{"embeddable":true,"href":"https:\/\/www.meslibellules.fr\/blog\/wp-json\/wp\/v2\/users\/1"}],"replies":[{"embeddable":true,"href":"https:\/\/www.meslibellules.fr\/blog\/wp-json\/wp\/v2\/comments?post=597"}],"version-history":[{"count":3,"href":"https:\/\/www.meslibellules.fr\/blog\/wp-json\/wp\/v2\/posts\/597\/revisions"}],"predecessor-version":[{"id":23776,"href":"https:\/\/www.meslibellules.fr\/blog\/wp-json\/wp\/v2\/posts\/597\/revisions\/23776"}],"wp:attachment":[{"href":"https:\/\/www.meslibellules.fr\/blog\/wp-json\/wp\/v2\/media?parent=597"}],"wp:term":[{"taxonomy":"category","embeddable":true,"href":"https:\/\/www.meslibellules.fr\/blog\/wp-json\/wp\/v2\/categories?post=597"},{"taxonomy":"post_tag","embeddable":true,"href":"https:\/\/www.meslibellules.fr\/blog\/wp-json\/wp\/v2\/tags?post=597"}],"curies":[{"name":"wp","href":"https:\/\/api.w.org\/{rel}","templated":true}]}}