{"id":6229,"date":"2020-06-25T17:52:09","date_gmt":"2020-06-25T15:52:09","guid":{"rendered":"http:\/\/www.meslibellules.fr\/blog\/?p=6229"},"modified":"2026-02-08T08:03:32","modified_gmt":"2026-02-08T07:03:32","slug":"namibie-pseudagrion-sublacteum-karsch-1893","status":"publish","type":"post","link":"https:\/\/www.meslibellules.fr\/blog\/2020\/06\/25\/namibie-pseudagrion-sublacteum-karsch-1893\/","title":{"rendered":"Namibie &#8211; Pseudagrion sublacteum (Karsch, 1893)"},"content":{"rendered":"\n<figure class=\"wp-block-image aligncenter size-large is-resized\"><a href=\"https:\/\/www.meslibellules.fr\/blog\/wp-content\/uploads\/pseudagrion-sublacteum-male-1.jpg\"><img decoding=\"async\" width=\"1694\" height=\"1004\" data-src=\"https:\/\/www.meslibellules.fr\/blog\/wp-content\/uploads\/pseudagrion-sublacteum-male-1.jpg\" alt=\"Pseudagrion sublacteum m\u00e2le, Namibie, Rundu sur l'Okavango, 10\/02\/2020\" class=\"wp-image-6223 lazyload\" style=\"--smush-placeholder-width: 1694px; --smush-placeholder-aspect-ratio: 1694\/1004;width:465px;height:275px\" data-srcset=\"https:\/\/www.meslibellules.fr\/blog\/wp-content\/uploads\/\/pseudagrion-sublacteum-male-1.jpg 1694w, https:\/\/www.meslibellules.fr\/blog\/wp-content\/uploads\/\/pseudagrion-sublacteum-male-1-768x455.jpg 768w, https:\/\/www.meslibellules.fr\/blog\/wp-content\/uploads\/\/pseudagrion-sublacteum-male-1-1536x910.jpg 1536w, https:\/\/www.meslibellules.fr\/blog\/wp-content\/uploads\/\/pseudagrion-sublacteum-male-1-1200x711.jpg 1200w\" data-sizes=\"(max-width: 1694px) 100vw, 1694px\" src=\"data:image\/svg+xml;base64,PHN2ZyB3aWR0aD0iMSIgaGVpZ2h0PSIxIiB4bWxucz0iaHR0cDovL3d3dy53My5vcmcvMjAwMC9zdmciPjwvc3ZnPg==\" \/><\/a><figcaption class=\"wp-element-caption\">Pseudagrion sublacteum m\u00e2le, Namibie, Rundu sur l&rsquo;Okavango, 10\/02\/2020<\/figcaption><\/figure>\n\n\n\n<p style=\"font-size:15px\">Pseudagrion sublacteum fait partie des plus faciles \u00e0 identifier, et bien que je ne l&rsquo;aie vu qu&rsquo;une seule fois en Afrique du Sud, je l&rsquo;ai facilement reconnu.<\/p>\n\n\n\n<figure class=\"wp-block-image aligncenter size-large is-resized\"><a href=\"https:\/\/www.meslibellules.fr\/blog\/wp-content\/uploads\/pseudagrion-sublacteum-male-2.jpg\"><img decoding=\"async\" width=\"1636\" height=\"1004\" data-src=\"https:\/\/www.meslibellules.fr\/blog\/wp-content\/uploads\/pseudagrion-sublacteum-male-2.jpg\" alt=\"Pseudagrion sublacteum m\u00e2le, Namibie, Katima Mulilo sur le Zamb\u00e8ze, 13\/02\/2020\" class=\"wp-image-6224 lazyload\" style=\"--smush-placeholder-width: 1636px; --smush-placeholder-aspect-ratio: 1636\/1004;width:465px;height:266px\" data-srcset=\"https:\/\/www.meslibellules.fr\/blog\/wp-content\/uploads\/\/pseudagrion-sublacteum-male-2.jpg 1636w, https:\/\/www.meslibellules.fr\/blog\/wp-content\/uploads\/\/pseudagrion-sublacteum-male-2-768x471.jpg 768w, https:\/\/www.meslibellules.fr\/blog\/wp-content\/uploads\/\/pseudagrion-sublacteum-male-2-1536x943.jpg 1536w, https:\/\/www.meslibellules.fr\/blog\/wp-content\/uploads\/\/pseudagrion-sublacteum-male-2-1200x736.jpg 1200w\" data-sizes=\"(max-width: 1636px) 100vw, 1636px\" src=\"data:image\/svg+xml;base64,PHN2ZyB3aWR0aD0iMSIgaGVpZ2h0PSIxIiB4bWxucz0iaHR0cDovL3d3dy53My5vcmcvMjAwMC9zdmciPjwvc3ZnPg==\" \/><\/a><figcaption class=\"wp-element-caption\">Pseudagrion sublacteum m\u00e2le, Namibie, Katima Mulilo sur le Zamb\u00e8ze, 13\/02\/2020<\/figcaption><\/figure>\n\n\n\n<p style=\"font-size:15px\">Ses yeux sont rouge cerise (Cherry-eye Sprite en anglais) pour leur moiti\u00e9 ant\u00e9rieure, tr\u00e8s sombres pour leur quart post\u00e9ro-sup\u00e9rieur et bleu-vert pour le quart post\u00e9ro-inf\u00e9rieur. Les taches postoculaires sont sombres, la face dorsale du thorax est teint\u00e9e de mauve\/pourpre, les flancs du thorax sont envahis de pruine blanch\u00e2tre pour les sujets \u00e2g\u00e9s. S2 porte une petite tache bleue centrale, S8 et S9 sont presque compl\u00e8tement bleus et les appendices anaux sup\u00e9rieurs sont visiblement plus longs que les inf\u00e9rieurs.<\/p>\n\n\n\n<figure class=\"wp-block-gallery has-nested-images columns-default is-cropped wp-block-gallery-1 is-layout-flex wp-block-gallery-is-layout-flex\">\n<figure class=\"wp-block-image size-large\"><a href=\"https:\/\/www.meslibellules.fr\/blog\/wp-content\/uploads\/pseudagrion-sublacteum-male-3.jpg\"><img decoding=\"async\" width=\"1661\" height=\"1004\" data-id=\"6225\" data-src=\"https:\/\/www.meslibellules.fr\/blog\/wp-content\/uploads\/pseudagrion-sublacteum-male-3.jpg\" alt=\"Pseudagrion sublacteum m\u00e2le, Namibie, Katima Mulilo sur le Zamb\u00e8ze, 14\/02\/2020\" class=\"wp-image-6225 lazyload\" data-srcset=\"https:\/\/www.meslibellules.fr\/blog\/wp-content\/uploads\/\/pseudagrion-sublacteum-male-3.jpg 1661w, https:\/\/www.meslibellules.fr\/blog\/wp-content\/uploads\/\/pseudagrion-sublacteum-male-3-768x464.jpg 768w, https:\/\/www.meslibellules.fr\/blog\/wp-content\/uploads\/\/pseudagrion-sublacteum-male-3-1536x928.jpg 1536w, https:\/\/www.meslibellules.fr\/blog\/wp-content\/uploads\/\/pseudagrion-sublacteum-male-3-1200x725.jpg 1200w\" data-sizes=\"(max-width: 1661px) 100vw, 1661px\" src=\"data:image\/svg+xml;base64,PHN2ZyB3aWR0aD0iMSIgaGVpZ2h0PSIxIiB4bWxucz0iaHR0cDovL3d3dy53My5vcmcvMjAwMC9zdmciPjwvc3ZnPg==\" style=\"--smush-placeholder-width: 1661px; --smush-placeholder-aspect-ratio: 1661\/1004;\" \/><\/a><\/figure>\n\n\n\n<figure class=\"wp-block-image size-large\"><a href=\"https:\/\/www.meslibellules.fr\/blog\/wp-content\/uploads\/pseudagrion-sublacteum-male-4.jpg\"><img decoding=\"async\" width=\"1655\" height=\"1004\" data-id=\"6226\" data-src=\"https:\/\/www.meslibellules.fr\/blog\/wp-content\/uploads\/pseudagrion-sublacteum-male-4.jpg\" alt=\"Pseudagrion sublacteum m\u00e2le, Namibie, mare \u00e0 l'Est de Katima Mulilo pr\u00e8s du Zamb\u00e8ze, 15\/02\/2020\" class=\"wp-image-6226 lazyload\" data-srcset=\"https:\/\/www.meslibellules.fr\/blog\/wp-content\/uploads\/\/pseudagrion-sublacteum-male-4.jpg 1655w, https:\/\/www.meslibellules.fr\/blog\/wp-content\/uploads\/\/pseudagrion-sublacteum-male-4-768x466.jpg 768w, https:\/\/www.meslibellules.fr\/blog\/wp-content\/uploads\/\/pseudagrion-sublacteum-male-4-1536x932.jpg 1536w, https:\/\/www.meslibellules.fr\/blog\/wp-content\/uploads\/\/pseudagrion-sublacteum-male-4-1200x728.jpg 1200w\" data-sizes=\"(max-width: 1655px) 100vw, 1655px\" src=\"data:image\/svg+xml;base64,PHN2ZyB3aWR0aD0iMSIgaGVpZ2h0PSIxIiB4bWxucz0iaHR0cDovL3d3dy53My5vcmcvMjAwMC9zdmciPjwvc3ZnPg==\" style=\"--smush-placeholder-width: 1655px; --smush-placeholder-aspect-ratio: 1655\/1004;\" \/><\/a><\/figure>\n<figcaption class=\"blocks-gallery-caption wp-element-caption\">\u00c0 gauche, Pseudagrion sublacteum m\u00e2le, Namibie, Rundu sur l&rsquo;Okavango, 10\/02\/2020, \u00e0 droite, <em>mare \u00e0 l&rsquo;est de Katima Mulilo pr\u00e8s du Zamb\u00e8ze, 15\/02\/2020<\/em><\/figcaption><\/figure>\n\n\n\n<p style=\"font-size:15px\">Un dernier m\u00e2le immature dont l&rsquo;aspect est comme souvent bien \u00e9loign\u00e9 de celui des m\u00e2les matures, et plus curieusement, comme on le verra plus bas, des femelles. J&rsquo;ai eu du mal \u00e0 identifier ce jeunot et c&rsquo;est Klaas-Douwe Dijkstra qui m&rsquo;a tir\u00e9 d&rsquo;affaire.<\/p>\n\n\n\n<figure class=\"wp-block-image aligncenter size-large is-resized\"><a href=\"https:\/\/www.meslibellules.fr\/blog\/wp-content\/uploads\/pseudagrion-sublacteum-male-5.jpg\"><img decoding=\"async\" width=\"1734\" height=\"1004\" data-src=\"https:\/\/www.meslibellules.fr\/blog\/wp-content\/uploads\/pseudagrion-sublacteum-male-5.jpg\" alt=\"\" class=\"wp-image-6227 lazyload\" style=\"--smush-placeholder-width: 1734px; --smush-placeholder-aspect-ratio: 1734\/1004;width:459px;height:265px\" data-srcset=\"https:\/\/www.meslibellules.fr\/blog\/wp-content\/uploads\/\/pseudagrion-sublacteum-male-5.jpg 1734w, https:\/\/www.meslibellules.fr\/blog\/wp-content\/uploads\/\/pseudagrion-sublacteum-male-5-768x445.jpg 768w, https:\/\/www.meslibellules.fr\/blog\/wp-content\/uploads\/\/pseudagrion-sublacteum-male-5-1536x889.jpg 1536w, https:\/\/www.meslibellules.fr\/blog\/wp-content\/uploads\/\/pseudagrion-sublacteum-male-5-1200x695.jpg 1200w\" data-sizes=\"(max-width: 1734px) 100vw, 1734px\" src=\"data:image\/svg+xml;base64,PHN2ZyB3aWR0aD0iMSIgaGVpZ2h0PSIxIiB4bWxucz0iaHR0cDovL3d3dy53My5vcmcvMjAwMC9zdmciPjwvc3ZnPg==\" \/><\/a><figcaption class=\"wp-element-caption\">Pseudagrion sublacteum m\u00e2le immature, Namibie, Rundu sur l&rsquo;Okavango, 21\/02\/2020<\/figcaption><\/figure>\n\n\n\n<p style=\"font-size:15px\">Les tandems ou les accouplements sont l&rsquo;occasion de d\u00e9couvrir les femelles, plus discr\u00e8tes et beaucoup plus difficiles \u00e0 identifier. Encore faut-il esp\u00e9rer que le m\u00e2le ne se soit pas tromp\u00e9, comme cela arrive de temps en temps&#8230;<\/p>\n\n\n\n<figure class=\"wp-block-image aligncenter size-large is-resized\"><a href=\"https:\/\/www.meslibellules.fr\/blog\/wp-content\/uploads\/pseudagrion-sublacteum-tandem.jpg\"><img decoding=\"async\" width=\"1287\" height=\"1204\" data-src=\"https:\/\/www.meslibellules.fr\/blog\/wp-content\/uploads\/pseudagrion-sublacteum-tandem.jpg\" alt=\"Cherry-eye Sprite tandem, Namibie, Katima Mulilo sur le Zamb\u00e8ze, 14\/02\/2020\" class=\"wp-image-6228 lazyload\" style=\"--smush-placeholder-width: 1287px; --smush-placeholder-aspect-ratio: 1287\/1204;width:339px;height:317px\" data-srcset=\"https:\/\/www.meslibellules.fr\/blog\/wp-content\/uploads\/\/pseudagrion-sublacteum-tandem.jpg 1287w, https:\/\/www.meslibellules.fr\/blog\/wp-content\/uploads\/\/pseudagrion-sublacteum-tandem-768x718.jpg 768w, https:\/\/www.meslibellules.fr\/blog\/wp-content\/uploads\/\/pseudagrion-sublacteum-tandem-1200x1123.jpg 1200w\" data-sizes=\"(max-width: 1287px) 100vw, 1287px\" src=\"data:image\/svg+xml;base64,PHN2ZyB3aWR0aD0iMSIgaGVpZ2h0PSIxIiB4bWxucz0iaHR0cDovL3d3dy53My5vcmcvMjAwMC9zdmciPjwvc3ZnPg==\" \/><\/a><figcaption class=\"wp-element-caption\">P. sublacteum tandem, Namibie, Katima Mulilo sur le Zamb\u00e8ze, 14\/02\/2020<\/figcaption><\/figure>\n\n\n\n<figure class=\"wp-block-image aligncenter size-large is-resized\"><a href=\"https:\/\/www.meslibellules.fr\/blog\/wp-content\/uploads\/pseudagrion-sublacteum-femelle.jpg\"><img decoding=\"async\" width=\"1437\" height=\"741\" data-src=\"https:\/\/www.meslibellules.fr\/blog\/wp-content\/uploads\/pseudagrion-sublacteum-femelle.jpg\" alt=\"Pseudagrion sublacteum femelle, Namibie, Katima Mulilo sur le Zamb\u00e8ze, 14\/02\/2020\" class=\"wp-image-6222 lazyload\" style=\"--smush-placeholder-width: 1437px; --smush-placeholder-aspect-ratio: 1437\/741;width:438px;height:225px\" data-srcset=\"https:\/\/www.meslibellules.fr\/blog\/wp-content\/uploads\/\/pseudagrion-sublacteum-femelle.jpg 1437w, https:\/\/www.meslibellules.fr\/blog\/wp-content\/uploads\/\/pseudagrion-sublacteum-femelle-768x396.jpg 768w, https:\/\/www.meslibellules.fr\/blog\/wp-content\/uploads\/\/pseudagrion-sublacteum-femelle-1200x619.jpg 1200w\" data-sizes=\"(max-width: 1437px) 100vw, 1437px\" src=\"data:image\/svg+xml;base64,PHN2ZyB3aWR0aD0iMSIgaGVpZ2h0PSIxIiB4bWxucz0iaHR0cDovL3d3dy53My5vcmcvMjAwMC9zdmciPjwvc3ZnPg==\" \/><\/a><figcaption class=\"wp-element-caption\">Pseudagrion sublacteum femelle, Namibie, Katima Mulilo sur le Zamb\u00e8ze, 14\/02\/2020<\/figcaption><\/figure>\n\n\n\n<p style=\"font-size:15px\">Le m\u00e2le mesure environ 35 mm.<br>C&rsquo;est un r\u00e9sident de l&rsquo;Afrique subsaharienne, avec deux populations relictuelles beaucoup plus au nord, au Maroc \u00e0 l&rsquo;ouest et en Isra\u00ebl et Jordanie \u00e0 l&rsquo;est.<br><a href=\"https:\/\/www.iucnredlist.org\/species\/60033\/83868557\">IUCN Red List<\/a><\/p>\n\n\n\n<figure class=\"wp-block-gallery has-nested-images columns-default is-cropped wp-block-gallery-2 is-layout-flex wp-block-gallery-is-layout-flex\">\n<figure class=\"wp-block-image size-large\"><a href=\"https:\/\/www.meslibellules.fr\/blog\/wp-content\/uploads\/pseudagrion-sublacteum-accouplement-1.jpg\"><img decoding=\"async\" width=\"1090\" height=\"1004\" data-id=\"6220\" data-src=\"https:\/\/www.meslibellules.fr\/blog\/wp-content\/uploads\/pseudagrion-sublacteum-accouplement-1.jpg\" alt=\"Pseudagrion sublacteum accouplement, Namibie, Rundu sur l'Okavango River, 10\/02\/2020\" class=\"wp-image-6220 lazyload\" data-srcset=\"https:\/\/www.meslibellules.fr\/blog\/wp-content\/uploads\/\/pseudagrion-sublacteum-accouplement-1.jpg 1090w, https:\/\/www.meslibellules.fr\/blog\/wp-content\/uploads\/\/pseudagrion-sublacteum-accouplement-1-768x707.jpg 768w\" data-sizes=\"(max-width: 1090px) 100vw, 1090px\" src=\"data:image\/svg+xml;base64,PHN2ZyB3aWR0aD0iMSIgaGVpZ2h0PSIxIiB4bWxucz0iaHR0cDovL3d3dy53My5vcmcvMjAwMC9zdmciPjwvc3ZnPg==\" style=\"--smush-placeholder-width: 1090px; --smush-placeholder-aspect-ratio: 1090\/1004;\" \/><\/a><\/figure>\n\n\n\n<figure class=\"wp-block-image size-large\"><a href=\"https:\/\/www.meslibellules.fr\/blog\/wp-content\/uploads\/pseudagrion-sublacteum-accouplement-2.jpg\"><img decoding=\"async\" width=\"837\" height=\"1204\" data-id=\"6221\" data-src=\"https:\/\/www.meslibellules.fr\/blog\/wp-content\/uploads\/pseudagrion-sublacteum-accouplement-2.jpg\" alt=\"Cherry-eye Spritemating couple, Namibia, Divundu sur l'Okavango River, 12\/02\/2020\" class=\"wp-image-6221 lazyload\" data-srcset=\"https:\/\/www.meslibellules.fr\/blog\/wp-content\/uploads\/\/pseudagrion-sublacteum-accouplement-2.jpg 837w, https:\/\/www.meslibellules.fr\/blog\/wp-content\/uploads\/\/pseudagrion-sublacteum-accouplement-2-768x1105.jpg 768w\" data-sizes=\"(max-width: 837px) 100vw, 837px\" src=\"data:image\/svg+xml;base64,PHN2ZyB3aWR0aD0iMSIgaGVpZ2h0PSIxIiB4bWxucz0iaHR0cDovL3d3dy53My5vcmcvMjAwMC9zdmciPjwvc3ZnPg==\" style=\"--smush-placeholder-width: 837px; --smush-placeholder-aspect-ratio: 837\/1204;\" \/><\/a><\/figure>\n<figcaption class=\"blocks-gallery-caption wp-element-caption\"><em>Pseudagrion sublacteum accouplement, Namibie, Rundu sur l&rsquo;Okavango River, 10\/02\/2020<\/em> &#8211;<em> Divundu sur l&rsquo;Okavango River, 12\/02\/2020<\/em><\/figcaption><\/figure>\n\n\n\n\n\n<div style=\"height:15px\" aria-hidden=\"true\" class=\"wp-block-spacer\"><\/div>\n\n\n\n<p><strong>\u00c9tymologie<\/strong><br>Il est \u00e0 noter que Karsch a d\u00e9crit cette esp\u00e8ce sous le nom de genre de <em>Caenagrion<\/em>. Il utilise ce terme \u00e0 plusieurs reprises, ce qui exclut une erreur de typographie. Pourtant le terme Coenagrion \u00e9tait \u00e9tabli depuis 1840 par Charpentier, m\u00eame si dans ce texte il semble faire r\u00e9f\u00e9rence \u00e0 W. Kirby 1890, qui n&rsquo;a fait que r\u00e9organiser le genre en 1890.<br><strong>Pseudagrion<\/strong>\u00a0 du grec ancien,\u00a0<em>pseudo<\/em>\u00a0\u2013<em>faux, erron\u00e9,<\/em>\u00a0et d\u2019a<em>grion<\/em>, ceci, comme l\u2019\u00e9crit Selys (1876) dans une note en bas de page, pour t\u00e9moigner de la difficult\u00e9 \u00e0 s\u00e9parer ce genre des Agrion ; \u00ab\u00a0les Pseudagrions semblent tr\u00e8s voisins des vrais Agrions\u00a0\u00bb. Agrion, du grec\u00a0<em>Agrios<\/em>\u2013\u00a0<em>sauvage<\/em>, vivant dans les champs.<br><strong>Sublacteum<\/strong>, de <em>sub<\/em>, pour <em>sous<\/em>, <em>un peu<\/em> et de <em>lacteum<\/em>, <em>laiteux, blanc comme du lait<\/em>. Karsch n&rsquo;a pour cette description qu&rsquo;une femelle et il \u00e9crit : \u00ad\u00a0\u00bbFl\u00fcgel etwas milchig getr\u00fcbt &#8211; Ailes l\u00e9g\u00e8rement troubl\u00e9es (opacifi\u00e9es) de mani\u00e8re laiteuse\u00a0\u00bb.<\/p>\n\n\n\n<div style=\"height:30px\" aria-hidden=\"true\" class=\"wp-block-spacer\"><\/div>\n\n\n\n<p style=\"font-size:13px\"><strong>Karsch,1893<\/strong> &#8211;\u00a0<em><a href=\"https:\/\/www.biodiversitylibrary.org\/item\/35285#page\/49\/mode\/1up\">Die Insecten der Berglandschaft Adeli im Hinterlande von Togo (Westafrika) <\/a>&#8230; Abt. 1<\/em>\u00a0(p. 40). [s.n.].<br><strong>Selys, 1876<\/strong> \u2013\u00a0<a href=\"https:\/\/www.biodiversitylibrary.org\/item\/132906#page\/309\/mode\/1up\">Synopsis des Agrionines (Suite de la 5\u00b0 L\u00e9gion : Agrion) \u2013 Le Grand Genre Agrion<\/a>\u00a0\u2013 Bulletin de l\u2019Acad\u00e9mie royale de Belgique. P.491 .<\/p>\n\n\n\n<div style=\"height:31px\" aria-hidden=\"true\" class=\"wp-block-spacer\"><\/div>\n\n\n\n<div class=\"wp-block-buttons is-layout-flex wp-block-buttons-is-layout-flex\">\n<div class=\"wp-block-button\"><a class=\"wp-block-button__link wp-element-button\" href=\"https:\/\/www.meslibellules.fr\/blog\/odonates-de-namibie-namibian-odonates\/\">Accueil Namibie<\/a><\/div>\n<\/div>\n","protected":false},"excerpt":{"rendered":"<p>Pseudagrion sublacteum fait partie des plus faciles \u00e0 identifier, et bien que je ne l&rsquo;aie vu qu&rsquo;une seule fois en Afrique du Sud, je l&rsquo;ai facilement reconnu. Ses yeux sont rouge cerise (Cherry-eye Sprite en anglais) pour leur moiti\u00e9 ant\u00e9rieure, tr\u00e8s sombres pour leur quart post\u00e9ro-sup\u00e9rieur et bleu-vert pour le quart post\u00e9ro-inf\u00e9rieur. Les taches postoculaires [&hellip;]<\/p>\n","protected":false},"author":1,"featured_media":0,"comment_status":"open","ping_status":"open","sticky":false,"template":"","format":"image","meta":{"site-sidebar-layout":"default","site-content-layout":"","ast-site-content-layout":"default","site-content-style":"default","site-sidebar-style":"default","ast-global-header-display":"","ast-banner-title-visibility":"","ast-main-header-display":"","ast-hfb-above-header-display":"","ast-hfb-below-header-display":"","ast-hfb-mobile-header-display":"","site-post-title":"","ast-breadcrumbs-content":"","ast-featured-img":"","footer-sml-layout":"","ast-disable-related-posts":"","theme-transparent-header-meta":"","adv-header-id-meta":"","stick-header-meta":"","header-above-stick-meta":"","header-main-stick-meta":"","header-below-stick-meta":"","astra-migrate-meta-layouts":"set","ast-page-background-enabled":"default","ast-page-background-meta":{"desktop":{"background-color":"var(--ast-global-color-4)","background-image":"","background-repeat":"repeat","background-position":"center center","background-size":"auto","background-attachment":"scroll","background-type":"","background-media":"","overlay-type":"","overlay-color":"","overlay-opacity":"","overlay-gradient":""},"tablet":{"background-color":"","background-image":"","background-repeat":"repeat","background-position":"center center","background-size":"auto","background-attachment":"scroll","background-type":"","background-media":"","overlay-type":"","overlay-color":"","overlay-opacity":"","overlay-gradient":""},"mobile":{"background-color":"","background-image":"","background-repeat":"repeat","background-position":"center center","background-size":"auto","background-attachment":"scroll","background-type":"","background-media":"","overlay-type":"","overlay-color":"","overlay-opacity":"","overlay-gradient":""}},"ast-content-background-meta":{"desktop":{"background-color":"var(--ast-global-color-5)","background-image":"","background-repeat":"repeat","background-position":"center center","background-size":"auto","background-attachment":"scroll","background-type":"","background-media":"","overlay-type":"","overlay-color":"","overlay-opacity":"","overlay-gradient":""},"tablet":{"background-color":"var(--ast-global-color-5)","background-image":"","background-repeat":"repeat","background-position":"center center","background-size":"auto","background-attachment":"scroll","background-type":"","background-media":"","overlay-type":"","overlay-color":"","overlay-opacity":"","overlay-gradient":""},"mobile":{"background-color":"var(--ast-global-color-5)","background-image":"","background-repeat":"repeat","background-position":"center center","background-size":"auto","background-attachment":"scroll","background-type":"","background-media":"","overlay-type":"","overlay-color":"","overlay-opacity":"","overlay-gradient":""}},"footnotes":""},"categories":[281,274],"tags":[276,351],"class_list":["post-6229","post","type-post","status-publish","format-image","hentry","category-coenagrionidae-namibie-2","category-namibie","tag-odonates-de-namibie-namibian-odonates","tag-pseudagrion-sublacteum-namibie","post_format-post-format-image"],"yoast_head":"<!-- This site is optimized with the Yoast SEO plugin v27.5 - https:\/\/yoast.com\/product\/yoast-seo-wordpress\/ -->\n<title>Pseudagrion sublacteum - Mes Libellules<\/title>\n<meta name=\"description\" content=\"Pseudagrion sublacteum m\u00e2les et femelles, description, identification, taille, habitat, distribution g\u00e9ographique, \u00e9tymologie\" \/>\n<meta name=\"robots\" content=\"index, follow, max-snippet:-1, max-image-preview:large, max-video-preview:-1\" \/>\n<link rel=\"canonical\" href=\"https:\/\/www.meslibellules.fr\/blog\/2020\/06\/25\/namibie-pseudagrion-sublacteum-karsch-1893\/\" \/>\n<meta property=\"og:locale\" content=\"fr_FR\" \/>\n<meta property=\"og:type\" content=\"article\" \/>\n<meta property=\"og:title\" content=\"Pseudagrion sublacteum - Mes Libellules\" \/>\n<meta property=\"og:description\" content=\"Pseudagrion sublacteum m\u00e2les et femelles, description, identification, taille, habitat, distribution g\u00e9ographique, \u00e9tymologie\" \/>\n<meta property=\"og:url\" content=\"https:\/\/www.meslibellules.fr\/blog\/2020\/06\/25\/namibie-pseudagrion-sublacteum-karsch-1893\/\" \/>\n<meta property=\"og:site_name\" content=\"Mes Libellules\" \/>\n<meta property=\"article:publisher\" content=\"https:\/\/www.facebook.com\/benoit.guillon.96\/\" \/>\n<meta property=\"article:author\" content=\"https:\/\/www.facebook.com\/benoit.guillon.96\/\" \/>\n<meta property=\"article:published_time\" content=\"2020-06-25T15:52:09+00:00\" \/>\n<meta property=\"article:modified_time\" content=\"2026-02-08T07:03:32+00:00\" \/>\n<meta property=\"og:image\" content=\"http:\/\/www.meslibellules.fr\/blog\/wp-content\/uploads\/pseudagrion-sublacteum-male-1.jpg\" \/>\n<meta name=\"author\" content=\"Beno\u00eet Guillon\" \/>\n<meta name=\"twitter:card\" content=\"summary_large_image\" \/>\n<meta name=\"twitter:label1\" content=\"\u00c9crit par\" \/>\n\t<meta name=\"twitter:data1\" content=\"Beno\u00eet Guillon\" \/>\n\t<meta name=\"twitter:label2\" content=\"Dur\u00e9e de lecture estim\u00e9e\" \/>\n\t<meta name=\"twitter:data2\" content=\"9 minutes\" \/>\n<script type=\"application\/ld+json\" class=\"yoast-schema-graph\">{\"@context\":\"https:\\\/\\\/schema.org\",\"@graph\":[{\"@type\":\"Article\",\"@id\":\"https:\\\/\\\/www.meslibellules.fr\\\/blog\\\/2020\\\/06\\\/25\\\/namibie-pseudagrion-sublacteum-karsch-1893\\\/#article\",\"isPartOf\":{\"@id\":\"https:\\\/\\\/www.meslibellules.fr\\\/blog\\\/2020\\\/06\\\/25\\\/namibie-pseudagrion-sublacteum-karsch-1893\\\/\"},\"author\":{\"name\":\"Beno\u00eet Guillon\",\"@id\":\"https:\\\/\\\/www.meslibellules.fr\\\/blog\\\/#\\\/schema\\\/person\\\/9aa3586f9dd053fcf329f43b8b053c77\"},\"headline\":\"Namibie &#8211; Pseudagrion sublacteum (Karsch, 1893)\",\"datePublished\":\"2020-06-25T15:52:09+00:00\",\"dateModified\":\"2026-02-08T07:03:32+00:00\",\"mainEntityOfPage\":{\"@id\":\"https:\\\/\\\/www.meslibellules.fr\\\/blog\\\/2020\\\/06\\\/25\\\/namibie-pseudagrion-sublacteum-karsch-1893\\\/\"},\"wordCount\":542,\"commentCount\":0,\"publisher\":{\"@id\":\"https:\\\/\\\/www.meslibellules.fr\\\/blog\\\/#\\\/schema\\\/person\\\/9aa3586f9dd053fcf329f43b8b053c77\"},\"image\":{\"@id\":\"https:\\\/\\\/www.meslibellules.fr\\\/blog\\\/2020\\\/06\\\/25\\\/namibie-pseudagrion-sublacteum-karsch-1893\\\/#primaryimage\"},\"thumbnailUrl\":\"http:\\\/\\\/www.meslibellules.fr\\\/blog\\\/wp-content\\\/uploads\\\/pseudagrion-sublacteum-male-1.jpg\",\"keywords\":[\"Odonates de Namibie - Namibian Odonates\",\"Pseudagrion sublacteum - Namibie\"],\"articleSection\":[\"Coenagrionidae\",\"Namibie\"],\"inLanguage\":\"fr-FR\",\"potentialAction\":[{\"@type\":\"CommentAction\",\"name\":\"Comment\",\"target\":[\"https:\\\/\\\/www.meslibellules.fr\\\/blog\\\/2020\\\/06\\\/25\\\/namibie-pseudagrion-sublacteum-karsch-1893\\\/#respond\"]}]},{\"@type\":\"WebPage\",\"@id\":\"https:\\\/\\\/www.meslibellules.fr\\\/blog\\\/2020\\\/06\\\/25\\\/namibie-pseudagrion-sublacteum-karsch-1893\\\/\",\"url\":\"https:\\\/\\\/www.meslibellules.fr\\\/blog\\\/2020\\\/06\\\/25\\\/namibie-pseudagrion-sublacteum-karsch-1893\\\/\",\"name\":\"Pseudagrion sublacteum - Mes Libellules\",\"isPartOf\":{\"@id\":\"https:\\\/\\\/www.meslibellules.fr\\\/blog\\\/#website\"},\"primaryImageOfPage\":{\"@id\":\"https:\\\/\\\/www.meslibellules.fr\\\/blog\\\/2020\\\/06\\\/25\\\/namibie-pseudagrion-sublacteum-karsch-1893\\\/#primaryimage\"},\"image\":{\"@id\":\"https:\\\/\\\/www.meslibellules.fr\\\/blog\\\/2020\\\/06\\\/25\\\/namibie-pseudagrion-sublacteum-karsch-1893\\\/#primaryimage\"},\"thumbnailUrl\":\"http:\\\/\\\/www.meslibellules.fr\\\/blog\\\/wp-content\\\/uploads\\\/pseudagrion-sublacteum-male-1.jpg\",\"datePublished\":\"2020-06-25T15:52:09+00:00\",\"dateModified\":\"2026-02-08T07:03:32+00:00\",\"description\":\"Pseudagrion sublacteum m\u00e2les et femelles, description, identification, taille, habitat, distribution g\u00e9ographique, \u00e9tymologie\",\"breadcrumb\":{\"@id\":\"https:\\\/\\\/www.meslibellules.fr\\\/blog\\\/2020\\\/06\\\/25\\\/namibie-pseudagrion-sublacteum-karsch-1893\\\/#breadcrumb\"},\"inLanguage\":\"fr-FR\",\"potentialAction\":[{\"@type\":\"ReadAction\",\"target\":[\"https:\\\/\\\/www.meslibellules.fr\\\/blog\\\/2020\\\/06\\\/25\\\/namibie-pseudagrion-sublacteum-karsch-1893\\\/\"]}]},{\"@type\":\"ImageObject\",\"inLanguage\":\"fr-FR\",\"@id\":\"https:\\\/\\\/www.meslibellules.fr\\\/blog\\\/2020\\\/06\\\/25\\\/namibie-pseudagrion-sublacteum-karsch-1893\\\/#primaryimage\",\"url\":\"http:\\\/\\\/www.meslibellules.fr\\\/blog\\\/wp-content\\\/uploads\\\/pseudagrion-sublacteum-male-1.jpg\",\"contentUrl\":\"http:\\\/\\\/www.meslibellules.fr\\\/blog\\\/wp-content\\\/uploads\\\/pseudagrion-sublacteum-male-1.jpg\"},{\"@type\":\"BreadcrumbList\",\"@id\":\"https:\\\/\\\/www.meslibellules.fr\\\/blog\\\/2020\\\/06\\\/25\\\/namibie-pseudagrion-sublacteum-karsch-1893\\\/#breadcrumb\",\"itemListElement\":[{\"@type\":\"ListItem\",\"position\":1,\"name\":\"Accueil\",\"item\":\"https:\\\/\\\/www.meslibellules.fr\\\/blog\\\/\"},{\"@type\":\"ListItem\",\"position\":2,\"name\":\"Namibie &#8211; Pseudagrion sublacteum (Karsch, 1893)\"}]},{\"@type\":\"WebSite\",\"@id\":\"https:\\\/\\\/www.meslibellules.fr\\\/blog\\\/#website\",\"url\":\"https:\\\/\\\/www.meslibellules.fr\\\/blog\\\/\",\"name\":\"Mes Libellules\",\"description\":\"Pr\u00e9sentation des libellules rencontr\u00e9es dans le monde\",\"publisher\":{\"@id\":\"https:\\\/\\\/www.meslibellules.fr\\\/blog\\\/#\\\/schema\\\/person\\\/9aa3586f9dd053fcf329f43b8b053c77\"},\"potentialAction\":[{\"@type\":\"SearchAction\",\"target\":{\"@type\":\"EntryPoint\",\"urlTemplate\":\"https:\\\/\\\/www.meslibellules.fr\\\/blog\\\/?s={search_term_string}\"},\"query-input\":{\"@type\":\"PropertyValueSpecification\",\"valueRequired\":true,\"valueName\":\"search_term_string\"}}],\"inLanguage\":\"fr-FR\"},{\"@type\":[\"Person\",\"Organization\"],\"@id\":\"https:\\\/\\\/www.meslibellules.fr\\\/blog\\\/#\\\/schema\\\/person\\\/9aa3586f9dd053fcf329f43b8b053c77\",\"name\":\"Beno\u00eet Guillon\",\"image\":{\"@type\":\"ImageObject\",\"inLanguage\":\"fr-FR\",\"@id\":\"https:\\\/\\\/www.meslibellules.fr\\\/blog\\\/wp-content\\\/uploads\\\/cropped-avatar-150-pix.jpg\",\"url\":\"https:\\\/\\\/www.meslibellules.fr\\\/blog\\\/wp-content\\\/uploads\\\/cropped-avatar-150-pix.jpg\",\"contentUrl\":\"https:\\\/\\\/www.meslibellules.fr\\\/blog\\\/wp-content\\\/uploads\\\/cropped-avatar-150-pix.jpg\",\"width\":150,\"height\":137,\"caption\":\"Beno\u00eet Guillon\"},\"logo\":{\"@id\":\"https:\\\/\\\/www.meslibellules.fr\\\/blog\\\/wp-content\\\/uploads\\\/cropped-avatar-150-pix.jpg\"},\"sameAs\":[\"https:\\\/\\\/www.facebook.com\\\/benoit.guillon.96\\\/\"]}]}<\/script>\n<!-- \/ Yoast SEO plugin. -->","yoast_head_json":{"title":"Pseudagrion sublacteum - Mes Libellules","description":"Pseudagrion sublacteum m\u00e2les et femelles, description, identification, taille, habitat, distribution g\u00e9ographique, \u00e9tymologie","robots":{"index":"index","follow":"follow","max-snippet":"max-snippet:-1","max-image-preview":"max-image-preview:large","max-video-preview":"max-video-preview:-1"},"canonical":"https:\/\/www.meslibellules.fr\/blog\/2020\/06\/25\/namibie-pseudagrion-sublacteum-karsch-1893\/","og_locale":"fr_FR","og_type":"article","og_title":"Pseudagrion sublacteum - Mes Libellules","og_description":"Pseudagrion sublacteum m\u00e2les et femelles, description, identification, taille, habitat, distribution g\u00e9ographique, \u00e9tymologie","og_url":"https:\/\/www.meslibellules.fr\/blog\/2020\/06\/25\/namibie-pseudagrion-sublacteum-karsch-1893\/","og_site_name":"Mes Libellules","article_publisher":"https:\/\/www.facebook.com\/benoit.guillon.96\/","article_author":"https:\/\/www.facebook.com\/benoit.guillon.96\/","article_published_time":"2020-06-25T15:52:09+00:00","article_modified_time":"2026-02-08T07:03:32+00:00","og_image":[{"url":"http:\/\/www.meslibellules.fr\/blog\/wp-content\/uploads\/pseudagrion-sublacteum-male-1.jpg","type":"","width":"","height":""}],"author":"Beno\u00eet Guillon","twitter_card":"summary_large_image","twitter_misc":{"\u00c9crit par":"Beno\u00eet Guillon","Dur\u00e9e de lecture estim\u00e9e":"9 minutes"},"schema":{"@context":"https:\/\/schema.org","@graph":[{"@type":"Article","@id":"https:\/\/www.meslibellules.fr\/blog\/2020\/06\/25\/namibie-pseudagrion-sublacteum-karsch-1893\/#article","isPartOf":{"@id":"https:\/\/www.meslibellules.fr\/blog\/2020\/06\/25\/namibie-pseudagrion-sublacteum-karsch-1893\/"},"author":{"name":"Beno\u00eet Guillon","@id":"https:\/\/www.meslibellules.fr\/blog\/#\/schema\/person\/9aa3586f9dd053fcf329f43b8b053c77"},"headline":"Namibie &#8211; Pseudagrion sublacteum (Karsch, 1893)","datePublished":"2020-06-25T15:52:09+00:00","dateModified":"2026-02-08T07:03:32+00:00","mainEntityOfPage":{"@id":"https:\/\/www.meslibellules.fr\/blog\/2020\/06\/25\/namibie-pseudagrion-sublacteum-karsch-1893\/"},"wordCount":542,"commentCount":0,"publisher":{"@id":"https:\/\/www.meslibellules.fr\/blog\/#\/schema\/person\/9aa3586f9dd053fcf329f43b8b053c77"},"image":{"@id":"https:\/\/www.meslibellules.fr\/blog\/2020\/06\/25\/namibie-pseudagrion-sublacteum-karsch-1893\/#primaryimage"},"thumbnailUrl":"http:\/\/www.meslibellules.fr\/blog\/wp-content\/uploads\/pseudagrion-sublacteum-male-1.jpg","keywords":["Odonates de Namibie - Namibian Odonates","Pseudagrion sublacteum - Namibie"],"articleSection":["Coenagrionidae","Namibie"],"inLanguage":"fr-FR","potentialAction":[{"@type":"CommentAction","name":"Comment","target":["https:\/\/www.meslibellules.fr\/blog\/2020\/06\/25\/namibie-pseudagrion-sublacteum-karsch-1893\/#respond"]}]},{"@type":"WebPage","@id":"https:\/\/www.meslibellules.fr\/blog\/2020\/06\/25\/namibie-pseudagrion-sublacteum-karsch-1893\/","url":"https:\/\/www.meslibellules.fr\/blog\/2020\/06\/25\/namibie-pseudagrion-sublacteum-karsch-1893\/","name":"Pseudagrion sublacteum - Mes Libellules","isPartOf":{"@id":"https:\/\/www.meslibellules.fr\/blog\/#website"},"primaryImageOfPage":{"@id":"https:\/\/www.meslibellules.fr\/blog\/2020\/06\/25\/namibie-pseudagrion-sublacteum-karsch-1893\/#primaryimage"},"image":{"@id":"https:\/\/www.meslibellules.fr\/blog\/2020\/06\/25\/namibie-pseudagrion-sublacteum-karsch-1893\/#primaryimage"},"thumbnailUrl":"http:\/\/www.meslibellules.fr\/blog\/wp-content\/uploads\/pseudagrion-sublacteum-male-1.jpg","datePublished":"2020-06-25T15:52:09+00:00","dateModified":"2026-02-08T07:03:32+00:00","description":"Pseudagrion sublacteum m\u00e2les et femelles, description, identification, taille, habitat, distribution g\u00e9ographique, \u00e9tymologie","breadcrumb":{"@id":"https:\/\/www.meslibellules.fr\/blog\/2020\/06\/25\/namibie-pseudagrion-sublacteum-karsch-1893\/#breadcrumb"},"inLanguage":"fr-FR","potentialAction":[{"@type":"ReadAction","target":["https:\/\/www.meslibellules.fr\/blog\/2020\/06\/25\/namibie-pseudagrion-sublacteum-karsch-1893\/"]}]},{"@type":"ImageObject","inLanguage":"fr-FR","@id":"https:\/\/www.meslibellules.fr\/blog\/2020\/06\/25\/namibie-pseudagrion-sublacteum-karsch-1893\/#primaryimage","url":"http:\/\/www.meslibellules.fr\/blog\/wp-content\/uploads\/pseudagrion-sublacteum-male-1.jpg","contentUrl":"http:\/\/www.meslibellules.fr\/blog\/wp-content\/uploads\/pseudagrion-sublacteum-male-1.jpg"},{"@type":"BreadcrumbList","@id":"https:\/\/www.meslibellules.fr\/blog\/2020\/06\/25\/namibie-pseudagrion-sublacteum-karsch-1893\/#breadcrumb","itemListElement":[{"@type":"ListItem","position":1,"name":"Accueil","item":"https:\/\/www.meslibellules.fr\/blog\/"},{"@type":"ListItem","position":2,"name":"Namibie &#8211; Pseudagrion sublacteum (Karsch, 1893)"}]},{"@type":"WebSite","@id":"https:\/\/www.meslibellules.fr\/blog\/#website","url":"https:\/\/www.meslibellules.fr\/blog\/","name":"Mes Libellules","description":"Pr\u00e9sentation des libellules rencontr\u00e9es dans le monde","publisher":{"@id":"https:\/\/www.meslibellules.fr\/blog\/#\/schema\/person\/9aa3586f9dd053fcf329f43b8b053c77"},"potentialAction":[{"@type":"SearchAction","target":{"@type":"EntryPoint","urlTemplate":"https:\/\/www.meslibellules.fr\/blog\/?s={search_term_string}"},"query-input":{"@type":"PropertyValueSpecification","valueRequired":true,"valueName":"search_term_string"}}],"inLanguage":"fr-FR"},{"@type":["Person","Organization"],"@id":"https:\/\/www.meslibellules.fr\/blog\/#\/schema\/person\/9aa3586f9dd053fcf329f43b8b053c77","name":"Beno\u00eet Guillon","image":{"@type":"ImageObject","inLanguage":"fr-FR","@id":"https:\/\/www.meslibellules.fr\/blog\/wp-content\/uploads\/cropped-avatar-150-pix.jpg","url":"https:\/\/www.meslibellules.fr\/blog\/wp-content\/uploads\/cropped-avatar-150-pix.jpg","contentUrl":"https:\/\/www.meslibellules.fr\/blog\/wp-content\/uploads\/cropped-avatar-150-pix.jpg","width":150,"height":137,"caption":"Beno\u00eet Guillon"},"logo":{"@id":"https:\/\/www.meslibellules.fr\/blog\/wp-content\/uploads\/cropped-avatar-150-pix.jpg"},"sameAs":["https:\/\/www.facebook.com\/benoit.guillon.96\/"]}]}},"_links":{"self":[{"href":"https:\/\/www.meslibellules.fr\/blog\/wp-json\/wp\/v2\/posts\/6229","targetHints":{"allow":["GET"]}}],"collection":[{"href":"https:\/\/www.meslibellules.fr\/blog\/wp-json\/wp\/v2\/posts"}],"about":[{"href":"https:\/\/www.meslibellules.fr\/blog\/wp-json\/wp\/v2\/types\/post"}],"author":[{"embeddable":true,"href":"https:\/\/www.meslibellules.fr\/blog\/wp-json\/wp\/v2\/users\/1"}],"replies":[{"embeddable":true,"href":"https:\/\/www.meslibellules.fr\/blog\/wp-json\/wp\/v2\/comments?post=6229"}],"version-history":[{"count":6,"href":"https:\/\/www.meslibellules.fr\/blog\/wp-json\/wp\/v2\/posts\/6229\/revisions"}],"predecessor-version":[{"id":28092,"href":"https:\/\/www.meslibellules.fr\/blog\/wp-json\/wp\/v2\/posts\/6229\/revisions\/28092"}],"wp:attachment":[{"href":"https:\/\/www.meslibellules.fr\/blog\/wp-json\/wp\/v2\/media?parent=6229"}],"wp:term":[{"taxonomy":"category","embeddable":true,"href":"https:\/\/www.meslibellules.fr\/blog\/wp-json\/wp\/v2\/categories?post=6229"},{"taxonomy":"post_tag","embeddable":true,"href":"https:\/\/www.meslibellules.fr\/blog\/wp-json\/wp\/v2\/tags?post=6229"}],"curies":[{"name":"wp","href":"https:\/\/api.w.org\/{rel}","templated":true}]}}