{"id":6419,"date":"2020-07-25T16:34:29","date_gmt":"2020-07-25T14:34:29","guid":{"rendered":"http:\/\/www.meslibellules.fr\/blog\/?p=6419"},"modified":"2023-07-31T13:19:09","modified_gmt":"2023-07-31T11:19:09","slug":"urothemis-assignata","status":"publish","type":"post","link":"https:\/\/www.meslibellules.fr\/blog\/2020\/07\/25\/urothemis-assignata\/","title":{"rendered":"Namibie &#8211; Urothemis assignata (Selys, 1872)"},"content":{"rendered":"\n<figure class=\"wp-block-image aligncenter size-large is-resized\"><a href=\"https:\/\/www.meslibellules.fr\/blog\/wp-content\/uploads\/urothemis-assignata-male-1-1.jpg\"><img decoding=\"async\" data-src=\"https:\/\/www.meslibellules.fr\/blog\/wp-content\/uploads\/urothemis-assignata-male-1-1.jpg\" alt=\"Urothemis assignata m\u00e2le, Namibie, Kalambesa, 15\/02\/2020\" class=\"wp-image-6416 lazyload\" width=\"422\" height=\"332\" data-srcset=\"https:\/\/www.meslibellules.fr\/blog\/wp-content\/uploads\/\/urothemis-assignata-male-1-1.jpg 1526w, https:\/\/www.meslibellules.fr\/blog\/wp-content\/uploads\/\/urothemis-assignata-male-1-1-768x606.jpg 768w, https:\/\/www.meslibellules.fr\/blog\/wp-content\/uploads\/\/urothemis-assignata-male-1-1-1200x947.jpg 1200w\" data-sizes=\"(max-width: 422px) 100vw, 422px\" src=\"data:image\/svg+xml;base64,PHN2ZyB3aWR0aD0iMSIgaGVpZ2h0PSIxIiB4bWxucz0iaHR0cDovL3d3dy53My5vcmcvMjAwMC9zdmciPjwvc3ZnPg==\" style=\"--smush-placeholder-width: 422px; --smush-placeholder-aspect-ratio: 422\/332;\" \/><\/a><figcaption class=\"wp-element-caption\">Urothemis assignata m\u00e2le, Namibie, Kalambesa, 15\/02\/2020<\/figcaption><\/figure>\n\n\n\n<p style=\"font-size:15px\">C&rsquo;est la premi\u00e8re fois que je rencontrais des m\u00e2les matures Urothemis assignata (Libellulidae) car <a rel=\"noreferrer noopener\" href=\"https:\/\/www.meslibellules.fr\/blog\/2019\/10\/18\/ethiopie-urothemis-assignata-selys-1872\/\" target=\"_blank\">en Ethiopie<\/a> je n&rsquo;avais pu observer que des m\u00e2les immatures et des femelles.<br>Les m\u00e2les sont presque impossibles \u00e0 confondre avec les autres Libellulidae rouges en raison de la large tache basale sombre vein\u00e9e de rouge des ailes post\u00e9rieures.  Seuls les Tramea peuvent faire illusion mais leurs appendices anaux tr\u00e8s longs permettent de les identifier \u00e0 distance.<br> L&rsquo;identification des femelles Urothemis est aid\u00e9e par leur lame vulvaire saillante,  mais leur discrimination d&rsquo;avec Urothemis edwardsii est plus d\u00e9licate et on pourra consulter les pages consacr\u00e9es \u00e0 <a rel=\"noreferrer noopener\" href=\"https:\/\/www.meslibellules.fr\/blog\/2019\/12\/21\/ethiopie-urothemis-edwardsii-selys-1849\/\" target=\"_blank\">U. edwardsii femelle<\/a> en Ethiopie pour en juger. Je n&rsquo;ai pas rencontr\u00e9 de femelles en Namibie.<br>Ils mesurent 42 \u00e0 44 mm.<\/p>\n\n\n\n<figure class=\"wp-block-image aligncenter size-large is-resized\"><a href=\"https:\/\/www.meslibellules.fr\/blog\/wp-content\/uploads\/urothemis-assignata-male-2-1.jpg\"><img decoding=\"async\" data-src=\"https:\/\/www.meslibellules.fr\/blog\/wp-content\/uploads\/urothemis-assignata-male-2-1.jpg\" alt=\"Urothemis assignata m\u00e2le, Namibie, Kalambesa, 15\/02\/2020\" class=\"wp-image-6417 lazyload\" width=\"395\" height=\"353\" data-srcset=\"https:\/\/www.meslibellules.fr\/blog\/wp-content\/uploads\/\/urothemis-assignata-male-2-1.jpg 1346w, https:\/\/www.meslibellules.fr\/blog\/wp-content\/uploads\/\/urothemis-assignata-male-2-1-768x687.jpg 768w, https:\/\/www.meslibellules.fr\/blog\/wp-content\/uploads\/\/urothemis-assignata-male-2-1-1200x1073.jpg 1200w\" data-sizes=\"(max-width: 395px) 100vw, 395px\" src=\"data:image\/svg+xml;base64,PHN2ZyB3aWR0aD0iMSIgaGVpZ2h0PSIxIiB4bWxucz0iaHR0cDovL3d3dy53My5vcmcvMjAwMC9zdmciPjwvc3ZnPg==\" style=\"--smush-placeholder-width: 395px; --smush-placeholder-aspect-ratio: 395\/353;\" \/><\/a><figcaption class=\"wp-element-caption\">Urothemis assignata m\u00e2le, Namibie, Kalambesa, 15\/02\/2020<\/figcaption><\/figure>\n\n\n\n<p style=\"font-size:15px\">Il faut aussi noter la ressemblance \u00e9troite avec <a rel=\"noreferrer noopener\" href=\"https:\/\/www.meslibellules.fr\/blog\/2018\/10\/05\/vietnam-2018-urothemis-signata\/\" target=\"_blank\">Urothemis signata<\/a> qui est une esp\u00e8ce australo-asiatique (1).<br>En 2007 quand Suhling et Martens ont publi\u00e9 leur <em>Dragonflies and Damselflies of Namibia<\/em> l&rsquo;esp\u00e8ce n&rsquo;\u00e9tait connue que de 2 rivi\u00e8res dont celle qui s&rsquo;\u00e9chappe du barrage Von Bach o\u00f9 nous avons contact\u00e9 l&rsquo;esp\u00e8ce et une autre plus au sud. Or ces photos ont \u00e9t\u00e9 faites beaucoup plus au nord-est que ces 2 localisations, tout \u00e0 fait \u00e0 l&rsquo;Est de la bande de Caprivi et de Katima Mulilo, dans une zone s\u00e8che tout pr\u00e8s du Zamb\u00e8ze:<\/p>\n\n\n\n<figure class=\"wp-block-image aligncenter size-large is-resized\"><a href=\"https:\/\/www.meslibellules.fr\/blog\/wp-content\/uploads\/15-02-15h50-est-katimamulilo.jpg\"><img decoding=\"async\" data-src=\"https:\/\/www.meslibellules.fr\/blog\/wp-content\/uploads\/15-02-15h50-est-katimamulilo.jpg\" alt=\"Pr\u00e8s du Zamb\u00e8ze, \u00e0 l'est de Katima Mulilo, le 15\/02\/2020\" class=\"wp-image-6428 lazyload\" width=\"449\" height=\"336\" data-srcset=\"https:\/\/www.meslibellules.fr\/blog\/wp-content\/uploads\/\/15-02-15h50-est-katimamulilo.jpg 1604w, https:\/\/www.meslibellules.fr\/blog\/wp-content\/uploads\/\/15-02-15h50-est-katimamulilo-768x576.jpg 768w, https:\/\/www.meslibellules.fr\/blog\/wp-content\/uploads\/\/15-02-15h50-est-katimamulilo-1536x1153.jpg 1536w, https:\/\/www.meslibellules.fr\/blog\/wp-content\/uploads\/\/15-02-15h50-est-katimamulilo-1200x901.jpg 1200w\" data-sizes=\"(max-width: 449px) 100vw, 449px\" src=\"data:image\/svg+xml;base64,PHN2ZyB3aWR0aD0iMSIgaGVpZ2h0PSIxIiB4bWxucz0iaHR0cDovL3d3dy53My5vcmcvMjAwMC9zdmciPjwvc3ZnPg==\" style=\"--smush-placeholder-width: 449px; --smush-placeholder-aspect-ratio: 449\/336;\" \/><\/a><figcaption class=\"wp-element-caption\">Pr\u00e8s du Zamb\u00e8ze, \u00e0 l&rsquo;est de Katima Mulilo, le 15\/02\/2020<\/figcaption><\/figure>\n\n\n\n<p style=\"font-size:15px\">Ils fr\u00e9quentent les buissons dans la savane  \u00e0 proximit\u00e9 des rivi\u00e8res ou des marais.<br>Sa distribution g\u00e9ographique forme un triangle dont la pointe serait situ\u00e9e sur la c\u00f4te nord est de l\u2019Afrique du sud et le 2 autres sommets au S\u00e9n\u00e9gal et en Ethiopie. Il est n\u00e9anmoins pr\u00e9sent en Namibie et \u00e0 Madagascar d&rsquo;o\u00f9 l&rsquo;esp\u00e8ce a \u00e9t\u00e9 d\u00e9crite.<br><a href=\"https:\/\/www.iucnredlist.org\/species\/60072\/86822554\">IUCN Red List<\/a><\/p>\n\n\n\n\n\n<p style=\"font-size:14px\">-1- Le nom d&rsquo;esp\u00e8ce <em>assignata <\/em>a justement \u00e9t\u00e9 cr\u00e9\u00e9 par Selys en r\u00e9f\u00e9rence taxinomique \u00e0 <em>signata<\/em>, qui signifie \u00ab\u00a0celui avec un signe\u00a0\u00bb ce qui se rapporte certainement aux taches noires sur les derniers segments de cette esp\u00e8ce, <em>assignata<\/em> signifiant \u00ab\u00a0dispos\u00e9 aupr\u00e8s\u00a0\u00bb, aupr\u00e8s de <em>signata<\/em>&#8230; CQFD \ud83d\ude42<br>Urothemis est compos\u00e9 de <em>ura<\/em> signifiant <em>queue<\/em> et de <em>themis<\/em> \u00ab\u00a0loi \u00e9tablie par l&rsquo;usage\u00a0\u00bb \u00e9galement d\u00e9esse de la justice et de la loi.  Themis est utilis\u00e9 dans la constitution de tr\u00e8s nombreux nom de genres de Libellulidae et <em>uro<\/em> est sans doute utilis\u00e9 pour rappeler la longue lame vulvaire des femelles.<\/p>\n\n\n\n<div style=\"height:40px\" aria-hidden=\"true\" class=\"wp-block-spacer\"><\/div>\n\n\n\n<div class=\"wp-block-buttons is-layout-flex wp-block-buttons-is-layout-flex\">\n<div class=\"wp-block-button\"><a class=\"wp-block-button__link wp-element-button\" href=\"https:\/\/www.meslibellules.fr\/blog\/odonates-de-namibie-namibian-odonates\/\">Accueil Namibie<\/a><\/div>\n<\/div>\n","protected":false},"excerpt":{"rendered":"<p>C&rsquo;est la premi\u00e8re fois que je rencontrais des m\u00e2les matures Urothemis assignata (Libellulidae) car en Ethiopie je n&rsquo;avais pu observer que des m\u00e2les immatures et des femelles.Les m\u00e2les sont presque impossibles \u00e0 confondre avec les autres Libellulidae rouges en raison de la large tache basale sombre vein\u00e9e de rouge des ailes post\u00e9rieures. Seuls les Tramea [&hellip;]<\/p>\n","protected":false},"author":1,"featured_media":0,"comment_status":"open","ping_status":"open","sticky":false,"template":"","format":"image","meta":{"site-sidebar-layout":"default","site-content-layout":"","ast-site-content-layout":"default","site-content-style":"default","site-sidebar-style":"default","ast-global-header-display":"","ast-banner-title-visibility":"","ast-main-header-display":"","ast-hfb-above-header-display":"","ast-hfb-below-header-display":"","ast-hfb-mobile-header-display":"","site-post-title":"","ast-breadcrumbs-content":"","ast-featured-img":"","footer-sml-layout":"","ast-disable-related-posts":"","theme-transparent-header-meta":"","adv-header-id-meta":"","stick-header-meta":"","header-above-stick-meta":"","header-main-stick-meta":"","header-below-stick-meta":"","astra-migrate-meta-layouts":"default","ast-page-background-enabled":"default","ast-page-background-meta":{"desktop":{"background-color":"var(--ast-global-color-4)","background-image":"","background-repeat":"repeat","background-position":"center center","background-size":"auto","background-attachment":"scroll","background-type":"","background-media":"","overlay-type":"","overlay-color":"","overlay-opacity":"","overlay-gradient":""},"tablet":{"background-color":"","background-image":"","background-repeat":"repeat","background-position":"center center","background-size":"auto","background-attachment":"scroll","background-type":"","background-media":"","overlay-type":"","overlay-color":"","overlay-opacity":"","overlay-gradient":""},"mobile":{"background-color":"","background-image":"","background-repeat":"repeat","background-position":"center center","background-size":"auto","background-attachment":"scroll","background-type":"","background-media":"","overlay-type":"","overlay-color":"","overlay-opacity":"","overlay-gradient":""}},"ast-content-background-meta":{"desktop":{"background-color":"var(--ast-global-color-5)","background-image":"","background-repeat":"repeat","background-position":"center center","background-size":"auto","background-attachment":"scroll","background-type":"","background-media":"","overlay-type":"","overlay-color":"","overlay-opacity":"","overlay-gradient":""},"tablet":{"background-color":"var(--ast-global-color-5)","background-image":"","background-repeat":"repeat","background-position":"center center","background-size":"auto","background-attachment":"scroll","background-type":"","background-media":"","overlay-type":"","overlay-color":"","overlay-opacity":"","overlay-gradient":""},"mobile":{"background-color":"var(--ast-global-color-5)","background-image":"","background-repeat":"repeat","background-position":"center center","background-size":"auto","background-attachment":"scroll","background-type":"","background-media":"","overlay-type":"","overlay-color":"","overlay-opacity":"","overlay-gradient":""}},"footnotes":""},"categories":[278,274],"tags":[276,358],"class_list":["post-6419","post","type-post","status-publish","format-image","hentry","category-libellulidae-namibie-2","category-namibie","tag-odonates-de-namibie-namibian-odonates","tag-urothemis-assignata-namibie","post_format-post-format-image"],"yoast_head":"<!-- This site is optimized with the Yoast SEO plugin v27.5 - https:\/\/yoast.com\/product\/yoast-seo-wordpress\/ -->\n<title>Urothemis assignata - Mes Libellules<\/title>\n<meta name=\"description\" content=\"Urothemis assignata m\u00e2le, description, identification, taille, habitat, distribution g\u00e9ographique, \u00e9tymologie\" \/>\n<meta name=\"robots\" content=\"index, follow, max-snippet:-1, max-image-preview:large, max-video-preview:-1\" \/>\n<link rel=\"canonical\" href=\"https:\/\/www.meslibellules.fr\/blog\/2020\/07\/25\/urothemis-assignata\/\" \/>\n<meta property=\"og:locale\" content=\"fr_FR\" \/>\n<meta property=\"og:type\" content=\"article\" \/>\n<meta property=\"og:title\" content=\"Urothemis assignata - Mes Libellules\" \/>\n<meta property=\"og:description\" content=\"Urothemis assignata m\u00e2le, description, identification, taille, habitat, distribution g\u00e9ographique, \u00e9tymologie\" \/>\n<meta property=\"og:url\" content=\"https:\/\/www.meslibellules.fr\/blog\/2020\/07\/25\/urothemis-assignata\/\" \/>\n<meta property=\"og:site_name\" content=\"Mes Libellules\" \/>\n<meta property=\"article:publisher\" content=\"https:\/\/www.facebook.com\/benoit.guillon.96\/\" \/>\n<meta property=\"article:author\" content=\"https:\/\/www.facebook.com\/benoit.guillon.96\/\" \/>\n<meta property=\"article:published_time\" content=\"2020-07-25T14:34:29+00:00\" \/>\n<meta property=\"article:modified_time\" content=\"2023-07-31T11:19:09+00:00\" \/>\n<meta property=\"og:image\" content=\"http:\/\/www.meslibellules.fr\/blog\/wp-content\/uploads\/urothemis-assignata-male-1-1.jpg\" \/>\n<meta name=\"author\" content=\"Beno\u00eet Guillon\" \/>\n<meta name=\"twitter:card\" content=\"summary_large_image\" \/>\n<meta name=\"twitter:label1\" content=\"\u00c9crit par\" \/>\n\t<meta name=\"twitter:data1\" content=\"Beno\u00eet Guillon\" \/>\n\t<meta name=\"twitter:label2\" content=\"Dur\u00e9e de lecture estim\u00e9e\" \/>\n\t<meta name=\"twitter:data2\" content=\"3 minutes\" \/>\n<script type=\"application\/ld+json\" class=\"yoast-schema-graph\">{\"@context\":\"https:\\\/\\\/schema.org\",\"@graph\":[{\"@type\":\"Article\",\"@id\":\"https:\\\/\\\/www.meslibellules.fr\\\/blog\\\/2020\\\/07\\\/25\\\/urothemis-assignata\\\/#article\",\"isPartOf\":{\"@id\":\"https:\\\/\\\/www.meslibellules.fr\\\/blog\\\/2020\\\/07\\\/25\\\/urothemis-assignata\\\/\"},\"author\":{\"name\":\"Beno\u00eet Guillon\",\"@id\":\"https:\\\/\\\/www.meslibellules.fr\\\/blog\\\/#\\\/schema\\\/person\\\/9aa3586f9dd053fcf329f43b8b053c77\"},\"headline\":\"Namibie &#8211; Urothemis assignata (Selys, 1872)\",\"datePublished\":\"2020-07-25T14:34:29+00:00\",\"dateModified\":\"2023-07-31T11:19:09+00:00\",\"mainEntityOfPage\":{\"@id\":\"https:\\\/\\\/www.meslibellules.fr\\\/blog\\\/2020\\\/07\\\/25\\\/urothemis-assignata\\\/\"},\"wordCount\":434,\"commentCount\":0,\"publisher\":{\"@id\":\"https:\\\/\\\/www.meslibellules.fr\\\/blog\\\/#\\\/schema\\\/person\\\/9aa3586f9dd053fcf329f43b8b053c77\"},\"image\":{\"@id\":\"https:\\\/\\\/www.meslibellules.fr\\\/blog\\\/2020\\\/07\\\/25\\\/urothemis-assignata\\\/#primaryimage\"},\"thumbnailUrl\":\"http:\\\/\\\/www.meslibellules.fr\\\/blog\\\/wp-content\\\/uploads\\\/urothemis-assignata-male-1-1.jpg\",\"keywords\":[\"Odonates de Namibie - Namibian Odonates\",\"Urothemis assignata - Namibie\"],\"articleSection\":[\"Libellulidae\",\"Namibie\"],\"inLanguage\":\"fr-FR\",\"potentialAction\":[{\"@type\":\"CommentAction\",\"name\":\"Comment\",\"target\":[\"https:\\\/\\\/www.meslibellules.fr\\\/blog\\\/2020\\\/07\\\/25\\\/urothemis-assignata\\\/#respond\"]}]},{\"@type\":\"WebPage\",\"@id\":\"https:\\\/\\\/www.meslibellules.fr\\\/blog\\\/2020\\\/07\\\/25\\\/urothemis-assignata\\\/\",\"url\":\"https:\\\/\\\/www.meslibellules.fr\\\/blog\\\/2020\\\/07\\\/25\\\/urothemis-assignata\\\/\",\"name\":\"Urothemis assignata - Mes Libellules\",\"isPartOf\":{\"@id\":\"https:\\\/\\\/www.meslibellules.fr\\\/blog\\\/#website\"},\"primaryImageOfPage\":{\"@id\":\"https:\\\/\\\/www.meslibellules.fr\\\/blog\\\/2020\\\/07\\\/25\\\/urothemis-assignata\\\/#primaryimage\"},\"image\":{\"@id\":\"https:\\\/\\\/www.meslibellules.fr\\\/blog\\\/2020\\\/07\\\/25\\\/urothemis-assignata\\\/#primaryimage\"},\"thumbnailUrl\":\"http:\\\/\\\/www.meslibellules.fr\\\/blog\\\/wp-content\\\/uploads\\\/urothemis-assignata-male-1-1.jpg\",\"datePublished\":\"2020-07-25T14:34:29+00:00\",\"dateModified\":\"2023-07-31T11:19:09+00:00\",\"description\":\"Urothemis assignata m\u00e2le, description, identification, taille, habitat, distribution g\u00e9ographique, \u00e9tymologie\",\"breadcrumb\":{\"@id\":\"https:\\\/\\\/www.meslibellules.fr\\\/blog\\\/2020\\\/07\\\/25\\\/urothemis-assignata\\\/#breadcrumb\"},\"inLanguage\":\"fr-FR\",\"potentialAction\":[{\"@type\":\"ReadAction\",\"target\":[\"https:\\\/\\\/www.meslibellules.fr\\\/blog\\\/2020\\\/07\\\/25\\\/urothemis-assignata\\\/\"]}]},{\"@type\":\"ImageObject\",\"inLanguage\":\"fr-FR\",\"@id\":\"https:\\\/\\\/www.meslibellules.fr\\\/blog\\\/2020\\\/07\\\/25\\\/urothemis-assignata\\\/#primaryimage\",\"url\":\"http:\\\/\\\/www.meslibellules.fr\\\/blog\\\/wp-content\\\/uploads\\\/urothemis-assignata-male-1-1.jpg\",\"contentUrl\":\"http:\\\/\\\/www.meslibellules.fr\\\/blog\\\/wp-content\\\/uploads\\\/urothemis-assignata-male-1-1.jpg\"},{\"@type\":\"BreadcrumbList\",\"@id\":\"https:\\\/\\\/www.meslibellules.fr\\\/blog\\\/2020\\\/07\\\/25\\\/urothemis-assignata\\\/#breadcrumb\",\"itemListElement\":[{\"@type\":\"ListItem\",\"position\":1,\"name\":\"Accueil\",\"item\":\"https:\\\/\\\/www.meslibellules.fr\\\/blog\\\/\"},{\"@type\":\"ListItem\",\"position\":2,\"name\":\"Namibie &#8211; Urothemis assignata (Selys, 1872)\"}]},{\"@type\":\"WebSite\",\"@id\":\"https:\\\/\\\/www.meslibellules.fr\\\/blog\\\/#website\",\"url\":\"https:\\\/\\\/www.meslibellules.fr\\\/blog\\\/\",\"name\":\"Mes Libellules\",\"description\":\"Pr\u00e9sentation des libellules rencontr\u00e9es dans le monde\",\"publisher\":{\"@id\":\"https:\\\/\\\/www.meslibellules.fr\\\/blog\\\/#\\\/schema\\\/person\\\/9aa3586f9dd053fcf329f43b8b053c77\"},\"potentialAction\":[{\"@type\":\"SearchAction\",\"target\":{\"@type\":\"EntryPoint\",\"urlTemplate\":\"https:\\\/\\\/www.meslibellules.fr\\\/blog\\\/?s={search_term_string}\"},\"query-input\":{\"@type\":\"PropertyValueSpecification\",\"valueRequired\":true,\"valueName\":\"search_term_string\"}}],\"inLanguage\":\"fr-FR\"},{\"@type\":[\"Person\",\"Organization\"],\"@id\":\"https:\\\/\\\/www.meslibellules.fr\\\/blog\\\/#\\\/schema\\\/person\\\/9aa3586f9dd053fcf329f43b8b053c77\",\"name\":\"Beno\u00eet Guillon\",\"image\":{\"@type\":\"ImageObject\",\"inLanguage\":\"fr-FR\",\"@id\":\"https:\\\/\\\/www.meslibellules.fr\\\/blog\\\/wp-content\\\/uploads\\\/cropped-avatar-150-pix.jpg\",\"url\":\"https:\\\/\\\/www.meslibellules.fr\\\/blog\\\/wp-content\\\/uploads\\\/cropped-avatar-150-pix.jpg\",\"contentUrl\":\"https:\\\/\\\/www.meslibellules.fr\\\/blog\\\/wp-content\\\/uploads\\\/cropped-avatar-150-pix.jpg\",\"width\":150,\"height\":137,\"caption\":\"Beno\u00eet Guillon\"},\"logo\":{\"@id\":\"https:\\\/\\\/www.meslibellules.fr\\\/blog\\\/wp-content\\\/uploads\\\/cropped-avatar-150-pix.jpg\"},\"sameAs\":[\"https:\\\/\\\/www.facebook.com\\\/benoit.guillon.96\\\/\"]}]}<\/script>\n<!-- \/ Yoast SEO plugin. -->","yoast_head_json":{"title":"Urothemis assignata - Mes Libellules","description":"Urothemis assignata m\u00e2le, description, identification, taille, habitat, distribution g\u00e9ographique, \u00e9tymologie","robots":{"index":"index","follow":"follow","max-snippet":"max-snippet:-1","max-image-preview":"max-image-preview:large","max-video-preview":"max-video-preview:-1"},"canonical":"https:\/\/www.meslibellules.fr\/blog\/2020\/07\/25\/urothemis-assignata\/","og_locale":"fr_FR","og_type":"article","og_title":"Urothemis assignata - Mes Libellules","og_description":"Urothemis assignata m\u00e2le, description, identification, taille, habitat, distribution g\u00e9ographique, \u00e9tymologie","og_url":"https:\/\/www.meslibellules.fr\/blog\/2020\/07\/25\/urothemis-assignata\/","og_site_name":"Mes Libellules","article_publisher":"https:\/\/www.facebook.com\/benoit.guillon.96\/","article_author":"https:\/\/www.facebook.com\/benoit.guillon.96\/","article_published_time":"2020-07-25T14:34:29+00:00","article_modified_time":"2023-07-31T11:19:09+00:00","og_image":[{"url":"http:\/\/www.meslibellules.fr\/blog\/wp-content\/uploads\/urothemis-assignata-male-1-1.jpg","type":"","width":"","height":""}],"author":"Beno\u00eet Guillon","twitter_card":"summary_large_image","twitter_misc":{"\u00c9crit par":"Beno\u00eet Guillon","Dur\u00e9e de lecture estim\u00e9e":"3 minutes"},"schema":{"@context":"https:\/\/schema.org","@graph":[{"@type":"Article","@id":"https:\/\/www.meslibellules.fr\/blog\/2020\/07\/25\/urothemis-assignata\/#article","isPartOf":{"@id":"https:\/\/www.meslibellules.fr\/blog\/2020\/07\/25\/urothemis-assignata\/"},"author":{"name":"Beno\u00eet Guillon","@id":"https:\/\/www.meslibellules.fr\/blog\/#\/schema\/person\/9aa3586f9dd053fcf329f43b8b053c77"},"headline":"Namibie &#8211; Urothemis assignata (Selys, 1872)","datePublished":"2020-07-25T14:34:29+00:00","dateModified":"2023-07-31T11:19:09+00:00","mainEntityOfPage":{"@id":"https:\/\/www.meslibellules.fr\/blog\/2020\/07\/25\/urothemis-assignata\/"},"wordCount":434,"commentCount":0,"publisher":{"@id":"https:\/\/www.meslibellules.fr\/blog\/#\/schema\/person\/9aa3586f9dd053fcf329f43b8b053c77"},"image":{"@id":"https:\/\/www.meslibellules.fr\/blog\/2020\/07\/25\/urothemis-assignata\/#primaryimage"},"thumbnailUrl":"http:\/\/www.meslibellules.fr\/blog\/wp-content\/uploads\/urothemis-assignata-male-1-1.jpg","keywords":["Odonates de Namibie - Namibian Odonates","Urothemis assignata - Namibie"],"articleSection":["Libellulidae","Namibie"],"inLanguage":"fr-FR","potentialAction":[{"@type":"CommentAction","name":"Comment","target":["https:\/\/www.meslibellules.fr\/blog\/2020\/07\/25\/urothemis-assignata\/#respond"]}]},{"@type":"WebPage","@id":"https:\/\/www.meslibellules.fr\/blog\/2020\/07\/25\/urothemis-assignata\/","url":"https:\/\/www.meslibellules.fr\/blog\/2020\/07\/25\/urothemis-assignata\/","name":"Urothemis assignata - Mes Libellules","isPartOf":{"@id":"https:\/\/www.meslibellules.fr\/blog\/#website"},"primaryImageOfPage":{"@id":"https:\/\/www.meslibellules.fr\/blog\/2020\/07\/25\/urothemis-assignata\/#primaryimage"},"image":{"@id":"https:\/\/www.meslibellules.fr\/blog\/2020\/07\/25\/urothemis-assignata\/#primaryimage"},"thumbnailUrl":"http:\/\/www.meslibellules.fr\/blog\/wp-content\/uploads\/urothemis-assignata-male-1-1.jpg","datePublished":"2020-07-25T14:34:29+00:00","dateModified":"2023-07-31T11:19:09+00:00","description":"Urothemis assignata m\u00e2le, description, identification, taille, habitat, distribution g\u00e9ographique, \u00e9tymologie","breadcrumb":{"@id":"https:\/\/www.meslibellules.fr\/blog\/2020\/07\/25\/urothemis-assignata\/#breadcrumb"},"inLanguage":"fr-FR","potentialAction":[{"@type":"ReadAction","target":["https:\/\/www.meslibellules.fr\/blog\/2020\/07\/25\/urothemis-assignata\/"]}]},{"@type":"ImageObject","inLanguage":"fr-FR","@id":"https:\/\/www.meslibellules.fr\/blog\/2020\/07\/25\/urothemis-assignata\/#primaryimage","url":"http:\/\/www.meslibellules.fr\/blog\/wp-content\/uploads\/urothemis-assignata-male-1-1.jpg","contentUrl":"http:\/\/www.meslibellules.fr\/blog\/wp-content\/uploads\/urothemis-assignata-male-1-1.jpg"},{"@type":"BreadcrumbList","@id":"https:\/\/www.meslibellules.fr\/blog\/2020\/07\/25\/urothemis-assignata\/#breadcrumb","itemListElement":[{"@type":"ListItem","position":1,"name":"Accueil","item":"https:\/\/www.meslibellules.fr\/blog\/"},{"@type":"ListItem","position":2,"name":"Namibie &#8211; Urothemis assignata (Selys, 1872)"}]},{"@type":"WebSite","@id":"https:\/\/www.meslibellules.fr\/blog\/#website","url":"https:\/\/www.meslibellules.fr\/blog\/","name":"Mes Libellules","description":"Pr\u00e9sentation des libellules rencontr\u00e9es dans le monde","publisher":{"@id":"https:\/\/www.meslibellules.fr\/blog\/#\/schema\/person\/9aa3586f9dd053fcf329f43b8b053c77"},"potentialAction":[{"@type":"SearchAction","target":{"@type":"EntryPoint","urlTemplate":"https:\/\/www.meslibellules.fr\/blog\/?s={search_term_string}"},"query-input":{"@type":"PropertyValueSpecification","valueRequired":true,"valueName":"search_term_string"}}],"inLanguage":"fr-FR"},{"@type":["Person","Organization"],"@id":"https:\/\/www.meslibellules.fr\/blog\/#\/schema\/person\/9aa3586f9dd053fcf329f43b8b053c77","name":"Beno\u00eet Guillon","image":{"@type":"ImageObject","inLanguage":"fr-FR","@id":"https:\/\/www.meslibellules.fr\/blog\/wp-content\/uploads\/cropped-avatar-150-pix.jpg","url":"https:\/\/www.meslibellules.fr\/blog\/wp-content\/uploads\/cropped-avatar-150-pix.jpg","contentUrl":"https:\/\/www.meslibellules.fr\/blog\/wp-content\/uploads\/cropped-avatar-150-pix.jpg","width":150,"height":137,"caption":"Beno\u00eet Guillon"},"logo":{"@id":"https:\/\/www.meslibellules.fr\/blog\/wp-content\/uploads\/cropped-avatar-150-pix.jpg"},"sameAs":["https:\/\/www.facebook.com\/benoit.guillon.96\/"]}]}},"_links":{"self":[{"href":"https:\/\/www.meslibellules.fr\/blog\/wp-json\/wp\/v2\/posts\/6419","targetHints":{"allow":["GET"]}}],"collection":[{"href":"https:\/\/www.meslibellules.fr\/blog\/wp-json\/wp\/v2\/posts"}],"about":[{"href":"https:\/\/www.meslibellules.fr\/blog\/wp-json\/wp\/v2\/types\/post"}],"author":[{"embeddable":true,"href":"https:\/\/www.meslibellules.fr\/blog\/wp-json\/wp\/v2\/users\/1"}],"replies":[{"embeddable":true,"href":"https:\/\/www.meslibellules.fr\/blog\/wp-json\/wp\/v2\/comments?post=6419"}],"version-history":[{"count":0,"href":"https:\/\/www.meslibellules.fr\/blog\/wp-json\/wp\/v2\/posts\/6419\/revisions"}],"wp:attachment":[{"href":"https:\/\/www.meslibellules.fr\/blog\/wp-json\/wp\/v2\/media?parent=6419"}],"wp:term":[{"taxonomy":"category","embeddable":true,"href":"https:\/\/www.meslibellules.fr\/blog\/wp-json\/wp\/v2\/categories?post=6419"},{"taxonomy":"post_tag","embeddable":true,"href":"https:\/\/www.meslibellules.fr\/blog\/wp-json\/wp\/v2\/tags?post=6419"}],"curies":[{"name":"wp","href":"https:\/\/api.w.org\/{rel}","templated":true}]}}