{"id":6440,"date":"2020-07-26T13:28:12","date_gmt":"2020-07-26T11:28:12","guid":{"rendered":"http:\/\/www.meslibellules.fr\/blog\/?p=6440"},"modified":"2026-01-28T18:51:37","modified_gmt":"2026-01-28T17:51:37","slug":"namibie-aethiothemis-solitaria-ris-in-martin-1908","status":"publish","type":"post","link":"https:\/\/www.meslibellules.fr\/blog\/2020\/07\/26\/namibie-aethiothemis-solitaria-ris-in-martin-1908\/","title":{"rendered":"Namibie &#8211; Aethiothemis solitaria (Ris in Martin, 1908)"},"content":{"rendered":"\n<figure class=\"wp-block-image aligncenter size-large is-resized\"><a href=\"https:\/\/www.meslibellules.fr\/blog\/wp-content\/uploads\/aethiothemis-solitaria-male-1.jpg\"><img decoding=\"async\" width=\"1629\" height=\"1204\" data-src=\"https:\/\/www.meslibellules.fr\/blog\/wp-content\/uploads\/aethiothemis-solitaria-male-1.jpg\" alt=\"Aethiothemis solitaria m\u00e2le, Namibie, Popa Falls sur l'Okavango, 19\/02\/2020\" class=\"wp-image-6435 lazyload\" style=\"--smush-placeholder-width: 1629px; --smush-placeholder-aspect-ratio: 1629\/1204;width:470px;height:347px\" data-srcset=\"https:\/\/www.meslibellules.fr\/blog\/wp-content\/uploads\/\/aethiothemis-solitaria-male-1.jpg 1629w, https:\/\/www.meslibellules.fr\/blog\/wp-content\/uploads\/\/aethiothemis-solitaria-male-1-768x568.jpg 768w, https:\/\/www.meslibellules.fr\/blog\/wp-content\/uploads\/\/aethiothemis-solitaria-male-1-1536x1135.jpg 1536w, https:\/\/www.meslibellules.fr\/blog\/wp-content\/uploads\/\/aethiothemis-solitaria-male-1-1200x887.jpg 1200w\" data-sizes=\"(max-width: 1629px) 100vw, 1629px\" src=\"data:image\/svg+xml;base64,PHN2ZyB3aWR0aD0iMSIgaGVpZ2h0PSIxIiB4bWxucz0iaHR0cDovL3d3dy53My5vcmcvMjAwMC9zdmciPjwvc3ZnPg==\" \/><\/a><figcaption class=\"wp-element-caption\">Aethiothemis solitaria m\u00e2le, Namibie, Popa Falls sur l&rsquo;Okavango, 19\/02\/2020<\/figcaption><\/figure>\n\n\n\n<p style=\"font-size:15px\">Au moment ou Suhling et Martin ont publi\u00e9 leur livre sur les odonates de Namibie la taxonomie de ce petit genre de Libellulidae n&rsquo;\u00e9tait pas vraiment fix\u00e9 et on ne savait pas de fa\u00e7on certaine que Aethiothemis discrepans (Lieftinck, 1969) et solitaria n&rsquo;\u00e9taient qu&rsquo;une seule et m\u00eame esp\u00e8ce (synonymes). <br>Ce genre contient actuellement 13 esp\u00e8ces, toutes end\u00e9miques d&rsquo;Afrique tropicale sauf une de Madagascar.<\/p>\n\n\n\n<figure class=\"wp-block-image aligncenter size-large is-resized\"><a href=\"https:\/\/www.meslibellules.fr\/blog\/wp-content\/uploads\/aethiothemis-solitaria-male-2.jpg\"><img decoding=\"async\" width=\"1679\" height=\"1204\" data-src=\"https:\/\/www.meslibellules.fr\/blog\/wp-content\/uploads\/aethiothemis-solitaria-male-2.jpg\" alt=\"Southern Gorgeous Skimmer m\u00e2le, Namibie, Popa Falls sur l'Okavango, 19\/02\/2020\" class=\"wp-image-6436 lazyload\" style=\"--smush-placeholder-width: 1679px; --smush-placeholder-aspect-ratio: 1679\/1204;width:456px;height:326px\" data-srcset=\"https:\/\/www.meslibellules.fr\/blog\/wp-content\/uploads\/\/aethiothemis-solitaria-male-2.jpg 1679w, https:\/\/www.meslibellules.fr\/blog\/wp-content\/uploads\/\/aethiothemis-solitaria-male-2-768x551.jpg 768w, https:\/\/www.meslibellules.fr\/blog\/wp-content\/uploads\/\/aethiothemis-solitaria-male-2-1536x1101.jpg 1536w, https:\/\/www.meslibellules.fr\/blog\/wp-content\/uploads\/\/aethiothemis-solitaria-male-2-1200x861.jpg 1200w\" data-sizes=\"(max-width: 1679px) 100vw, 1679px\" src=\"data:image\/svg+xml;base64,PHN2ZyB3aWR0aD0iMSIgaGVpZ2h0PSIxIiB4bWxucz0iaHR0cDovL3d3dy53My5vcmcvMjAwMC9zdmciPjwvc3ZnPg==\" \/><\/a><figcaption class=\"wp-element-caption\">Aethiothemis solitaria m\u00e2le, Namibie, Popa Falls sur l&rsquo;Okavango, 19\/02\/2020<\/figcaption><\/figure>\n\n\n\n<p style=\"font-size:15px\">Elles sont peu connues, peu rencontr\u00e9es, mais A. solitaria est peut-\u00eatre la plus commune car parfois localement abondante; nous ne l&rsquo;avons vu que sur le site de Popa Falls (sur l&rsquo;Okavango), jamais plus d&rsquo;un seul sujet \u00e0 la fois, peut-\u00eatre 3 sujets diff\u00e9rents seulement, tous jeunes. F\u00e9vrier est la p\u00e9riode de son \u00e9mergence.<br>Mais les jeunes sujets avec cet assemblage de bleu, de orange et de jaune sont vraiment magnifiques ce qui leur vaut  le nom vernaculaire anglais de Southern Gorgeous Skimmer (ou Pearly flasher). M\u00eame si le m\u00e2le ci-dessous n&rsquo;est pas encore compl\u00e8tement mature, on voit la coloration bleue qui commence \u00e0 envahir son thorax ; il deviendra compl\u00e8tement bleu mais bien moins spectaculaire&#8230;<\/p>\n\n\n\n<figure class=\"wp-block-image aligncenter size-large is-resized\"><a href=\"https:\/\/www.meslibellules.fr\/blog\/wp-content\/uploads\/aethiothemis-solitaria-male-3.jpg\"><img decoding=\"async\" width=\"1548\" height=\"1204\" data-src=\"https:\/\/www.meslibellules.fr\/blog\/wp-content\/uploads\/aethiothemis-solitaria-male-3.jpg\" alt=\"Aethiothemis solitaria m\u00e2le, Namibie, Popa Falls sur l'Okavango, 19\/02\/2020\" class=\"wp-image-6437 lazyload\" style=\"--smush-placeholder-width: 1548px; --smush-placeholder-aspect-ratio: 1548\/1204;width:466px;height:361px\" data-srcset=\"https:\/\/www.meslibellules.fr\/blog\/wp-content\/uploads\/\/aethiothemis-solitaria-male-3.jpg 1548w, https:\/\/www.meslibellules.fr\/blog\/wp-content\/uploads\/\/aethiothemis-solitaria-male-3-768x597.jpg 768w, https:\/\/www.meslibellules.fr\/blog\/wp-content\/uploads\/\/aethiothemis-solitaria-male-3-1536x1195.jpg 1536w, https:\/\/www.meslibellules.fr\/blog\/wp-content\/uploads\/\/aethiothemis-solitaria-male-3-1200x933.jpg 1200w\" data-sizes=\"(max-width: 1548px) 100vw, 1548px\" src=\"data:image\/svg+xml;base64,PHN2ZyB3aWR0aD0iMSIgaGVpZ2h0PSIxIiB4bWxucz0iaHR0cDovL3d3dy53My5vcmcvMjAwMC9zdmciPjwvc3ZnPg==\" \/><\/a><figcaption class=\"wp-element-caption\">Aethiothemis solitaria m\u00e2le, Namibie, Popa Falls sur l&rsquo;Okavango, 19\/02\/2020<\/figcaption><\/figure>\n\n\n\n<p style=\"font-size:15px\">Il mesure environ 30 mm, 20 pour l&rsquo;abdomen.<br>Sa distribution le limite \u00e0 l&rsquo;Afrique tropicale, du S\u00e9n\u00e9gal \u00e0 la Tanzanie et au sud jusqu&rsquo;au Botswana et \u00e0 la Namibie.<br><a href=\"https:\/\/www.iucnredlist.org\/species\/59792\/83843214\">IUCN Red List <\/a><br><br>Ci-dessous certainement un 3\u00b0 sujet moins bleu sur le sommet du thorax que le sujet pr\u00e9c\u00e9dent.<\/p>\n\n\n\n<figure class=\"wp-block-image aligncenter size-large is-resized\"><a href=\"https:\/\/www.meslibellules.fr\/blog\/wp-content\/uploads\/aethiothemis-solitaria-male-5.jpg\"><img decoding=\"async\" width=\"1190\" height=\"1004\" data-src=\"https:\/\/www.meslibellules.fr\/blog\/wp-content\/uploads\/aethiothemis-solitaria-male-5.jpg\" alt=\"Aethiothemis solitaria m\u00e2le, Namibie, Popa Falls sur l'Okavango, 18\/02\/2020\" class=\"wp-image-6439 lazyload\" style=\"--smush-placeholder-width: 1190px; --smush-placeholder-aspect-ratio: 1190\/1004;width:393px;height:332px\" data-srcset=\"https:\/\/www.meslibellules.fr\/blog\/wp-content\/uploads\/\/aethiothemis-solitaria-male-5.jpg 1190w, https:\/\/www.meslibellules.fr\/blog\/wp-content\/uploads\/\/aethiothemis-solitaria-male-5-768x648.jpg 768w\" data-sizes=\"(max-width: 1190px) 100vw, 1190px\" src=\"data:image\/svg+xml;base64,PHN2ZyB3aWR0aD0iMSIgaGVpZ2h0PSIxIiB4bWxucz0iaHR0cDovL3d3dy53My5vcmcvMjAwMC9zdmciPjwvc3ZnPg==\" \/><\/a><figcaption class=\"wp-element-caption\">Aethiothemis solitaria m\u00e2le, Namibie, Popa Falls sur l&rsquo;Okavango, 18\/02\/2020<\/figcaption><\/figure>\n\n\n\n<p style=\"font-size:15px\">Si nous ne les avons observ\u00e9s que sur un petit bras assez rapide de l&rsquo;Okavango dans le resort de Popa Falls, ils semblent accepter une importante diversit\u00e9 d&rsquo;habitats depuis les eaux stagnantes, les suintements, les ruisseaux et rivi\u00e8res dans les aires ouvertes ou les clairi\u00e8res.<\/p>\n\n\n\n<figure class=\"wp-block-image aligncenter size-large is-resized\"><a href=\"https:\/\/www.meslibellules.fr\/blog\/wp-content\/uploads\/aethiothemis-solitaria-male-4.jpg\"><img decoding=\"async\" width=\"1532\" height=\"1204\" data-src=\"https:\/\/www.meslibellules.fr\/blog\/wp-content\/uploads\/aethiothemis-solitaria-male-4.jpg\" alt=\"Aethiothemis solitaria m\u00e2le, Namibie, Popa Falls sur l'Okavango, 19\/02\/2020\" class=\"wp-image-6438 lazyload\" style=\"--smush-placeholder-width: 1532px; --smush-placeholder-aspect-ratio: 1532\/1204;width:415px;height:326px\" data-srcset=\"https:\/\/www.meslibellules.fr\/blog\/wp-content\/uploads\/\/aethiothemis-solitaria-male-4.jpg 1532w, https:\/\/www.meslibellules.fr\/blog\/wp-content\/uploads\/\/aethiothemis-solitaria-male-4-768x604.jpg 768w, https:\/\/www.meslibellules.fr\/blog\/wp-content\/uploads\/\/aethiothemis-solitaria-male-4-1200x943.jpg 1200w\" data-sizes=\"(max-width: 1532px) 100vw, 1532px\" src=\"data:image\/svg+xml;base64,PHN2ZyB3aWR0aD0iMSIgaGVpZ2h0PSIxIiB4bWxucz0iaHR0cDovL3d3dy53My5vcmcvMjAwMC9zdmciPjwvc3ZnPg==\" \/><\/a><figcaption class=\"wp-element-caption\">Aethiothemis solitaria m\u00e2le, Namibie, Popa Falls sur l&rsquo;Okavango, 19\/02\/2020<\/figcaption><\/figure>\n\n\n\n<p><strong>\u00c9tymologie<\/strong><br>Dans la World Odonata List, Martin est consid\u00e9r\u00e9 comme l&rsquo;inventeur de cette esp\u00e8ce, et l&rsquo;esp\u00e8ce lui est attribu\u00e9e. C&rsquo;est bien lui qui l&rsquo;a d\u00e9crit dans l&rsquo;ouvrage que j&rsquo;ai plac\u00e9 en r\u00e9f\u00e9rence plus bas mais il pr\u00e9cise :\u00a0\u00bb<em>Le type de la Guin\u00e9e a \u00e9t\u00e9 soumis \u00e0 notre ami le Dr. Ris qui travaille en ce moment \u00e0 une histoire g\u00e9n\u00e9rale des Libellulinae, et c&rsquo;est lui qui a nomm\u00e9 le genre Aethiothemis et l&rsquo;unique esp\u00e8ce de ce genre, actuellement connue.<\/em>\u00a0\u00bb J&rsquo;ai donc pr\u00e9f\u00e9r\u00e9 pr\u00e9ciser <em>Ris in Matin<\/em> dans mon titre, comme on le voit parfois \u00e9crit.<br><strong>Aethiothemis<\/strong> du grec <em>Aithiops<\/em>, qui signigie <em>br\u00fbl\u00e9, noir<\/em>. C\u2019est la racine qui a donn\u00e9 \u00ab\u00a0\u00c9thiopie\u00a0\u00bb. Dans le langage naturaliste du d\u00e9but du XXe si\u00e8cle, cela d\u00e9signait souvent tout simplement l&rsquo;Afrique subsaharienne. Et de Themis ; Themis, est la d\u00e9esse grecque de l\u2019ordre et de la justice, qui a \u00e9t\u00e9 utilis\u00e9 de nombreuses fois depuis Hagen (1861), et est devenu un signal pour qualifier un Libellulidae. Le nom de la d\u00e9esse de l\u2019ordre est particuli\u00e8rement bien adapt\u00e9 \u00e0 la taxonomie, science qui vise \u00e0 d\u00e9crire et ordonner les familles, genres et esp\u00e8ces. Les deux exemplaires utilis\u00e9s par Martin et Ris venait du Congo et de Guin\u00e9e.<br><strong>Solitaria<\/strong>, du latin <em>solitarius<\/em> qui signifie <em>seul, isol\u00e9<\/em> et qui souligne le fait que c&rsquo;est la seule esp\u00e8ce du genre connue lors de son bapt\u00eame par Ris.<\/p>\n\n\n\n<div style=\"height:30px\" aria-hidden=\"true\" class=\"wp-block-spacer\"><\/div>\n\n\n\n<p style=\"font-size:13px\">Martin, 1908 &#8211; <em><a href=\"https:\/\/www.biodiversitylibrary.org\/item\/33428#page\/673\/mode\/1up\">Voyage de feu Leonardo Fea dans l&rsquo;Afrique occidentale. Odonates<\/a> &#8211; <\/em>Museo civico di storia naturale di Genova (Italy). (1870).&nbsp;Annali del Museo civico di storia naturale di Genova&nbsp;(Vol. 43, p. 663). Tip. del R. Istituto Sordo-Muti.<\/p>\n\n\n\n<div style=\"height:29px\" aria-hidden=\"true\" class=\"wp-block-spacer\"><\/div>\n\n\n\n\n\n<div class=\"wp-block-buttons is-layout-flex wp-block-buttons-is-layout-flex\">\n<div class=\"wp-block-button\"><a class=\"wp-block-button__link wp-element-button\" href=\"https:\/\/www.meslibellules.fr\/blog\/odonates-de-namibie-namibian-odonates\/\">Accueil Namibie<\/a><\/div>\n<\/div>\n","protected":false},"excerpt":{"rendered":"<p>Au moment ou Suhling et Martin ont publi\u00e9 leur livre sur les odonates de Namibie la taxonomie de ce petit genre de Libellulidae n&rsquo;\u00e9tait pas vraiment fix\u00e9 et on ne savait pas de fa\u00e7on certaine que Aethiothemis discrepans (Lieftinck, 1969) et solitaria n&rsquo;\u00e9taient qu&rsquo;une seule et m\u00eame esp\u00e8ce (synonymes). Ce genre contient actuellement 13 esp\u00e8ces, [&hellip;]<\/p>\n","protected":false},"author":1,"featured_media":0,"comment_status":"open","ping_status":"open","sticky":false,"template":"","format":"image","meta":{"site-sidebar-layout":"default","site-content-layout":"","ast-site-content-layout":"default","site-content-style":"default","site-sidebar-style":"default","ast-global-header-display":"","ast-banner-title-visibility":"","ast-main-header-display":"","ast-hfb-above-header-display":"","ast-hfb-below-header-display":"","ast-hfb-mobile-header-display":"","site-post-title":"","ast-breadcrumbs-content":"","ast-featured-img":"","footer-sml-layout":"","ast-disable-related-posts":"","theme-transparent-header-meta":"","adv-header-id-meta":"","stick-header-meta":"","header-above-stick-meta":"","header-main-stick-meta":"","header-below-stick-meta":"","astra-migrate-meta-layouts":"set","ast-page-background-enabled":"default","ast-page-background-meta":{"desktop":{"background-color":"var(--ast-global-color-4)","background-image":"","background-repeat":"repeat","background-position":"center center","background-size":"auto","background-attachment":"scroll","background-type":"","background-media":"","overlay-type":"","overlay-color":"","overlay-opacity":"","overlay-gradient":""},"tablet":{"background-color":"","background-image":"","background-repeat":"repeat","background-position":"center center","background-size":"auto","background-attachment":"scroll","background-type":"","background-media":"","overlay-type":"","overlay-color":"","overlay-opacity":"","overlay-gradient":""},"mobile":{"background-color":"","background-image":"","background-repeat":"repeat","background-position":"center center","background-size":"auto","background-attachment":"scroll","background-type":"","background-media":"","overlay-type":"","overlay-color":"","overlay-opacity":"","overlay-gradient":""}},"ast-content-background-meta":{"desktop":{"background-color":"var(--ast-global-color-5)","background-image":"","background-repeat":"repeat","background-position":"center center","background-size":"auto","background-attachment":"scroll","background-type":"","background-media":"","overlay-type":"","overlay-color":"","overlay-opacity":"","overlay-gradient":""},"tablet":{"background-color":"var(--ast-global-color-5)","background-image":"","background-repeat":"repeat","background-position":"center center","background-size":"auto","background-attachment":"scroll","background-type":"","background-media":"","overlay-type":"","overlay-color":"","overlay-opacity":"","overlay-gradient":""},"mobile":{"background-color":"var(--ast-global-color-5)","background-image":"","background-repeat":"repeat","background-position":"center center","background-size":"auto","background-attachment":"scroll","background-type":"","background-media":"","overlay-type":"","overlay-color":"","overlay-opacity":"","overlay-gradient":""}},"footnotes":""},"categories":[278,274],"tags":[359,276],"class_list":["post-6440","post","type-post","status-publish","format-image","hentry","category-libellulidae-namibie-2","category-namibie","tag-aethiothemis-solitaria-namibie","tag-odonates-de-namibie-namibian-odonates","post_format-post-format-image"],"yoast_head":"<!-- This site is optimized with the Yoast SEO plugin v27.5 - https:\/\/yoast.com\/product\/yoast-seo-wordpress\/ -->\n<title>Aethiothemis solitaria - Mes Libellules<\/title>\n<meta name=\"description\" content=\"Aethiothemis solitaria m\u00e2le, description, identification, taille, habitat, distribution g\u00e9ographique, \u00e9tymologie\" \/>\n<meta name=\"robots\" content=\"index, follow, max-snippet:-1, max-image-preview:large, max-video-preview:-1\" \/>\n<link rel=\"canonical\" href=\"https:\/\/www.meslibellules.fr\/blog\/2020\/07\/26\/namibie-aethiothemis-solitaria-ris-in-martin-1908\/\" \/>\n<meta property=\"og:locale\" content=\"fr_FR\" \/>\n<meta property=\"og:type\" content=\"article\" \/>\n<meta property=\"og:title\" content=\"Aethiothemis solitaria - Mes Libellules\" \/>\n<meta property=\"og:description\" content=\"Aethiothemis solitaria m\u00e2le, description, identification, taille, habitat, distribution g\u00e9ographique, \u00e9tymologie\" \/>\n<meta property=\"og:url\" content=\"https:\/\/www.meslibellules.fr\/blog\/2020\/07\/26\/namibie-aethiothemis-solitaria-ris-in-martin-1908\/\" \/>\n<meta property=\"og:site_name\" content=\"Mes Libellules\" \/>\n<meta property=\"article:publisher\" content=\"https:\/\/www.facebook.com\/benoit.guillon.96\/\" \/>\n<meta property=\"article:author\" content=\"https:\/\/www.facebook.com\/benoit.guillon.96\/\" \/>\n<meta property=\"article:published_time\" content=\"2020-07-26T11:28:12+00:00\" \/>\n<meta property=\"article:modified_time\" content=\"2026-01-28T17:51:37+00:00\" \/>\n<meta property=\"og:image\" content=\"http:\/\/www.meslibellules.fr\/blog\/wp-content\/uploads\/aethiothemis-solitaria-male-1.jpg\" \/>\n<meta name=\"author\" content=\"Beno\u00eet Guillon\" \/>\n<meta name=\"twitter:card\" content=\"summary_large_image\" \/>\n<meta name=\"twitter:label1\" content=\"\u00c9crit par\" \/>\n\t<meta name=\"twitter:data1\" content=\"Beno\u00eet Guillon\" \/>\n\t<meta name=\"twitter:label2\" content=\"Dur\u00e9e de lecture estim\u00e9e\" \/>\n\t<meta name=\"twitter:data2\" content=\"8 minutes\" \/>\n<script type=\"application\/ld+json\" class=\"yoast-schema-graph\">{\"@context\":\"https:\\\/\\\/schema.org\",\"@graph\":[{\"@type\":\"Article\",\"@id\":\"https:\\\/\\\/www.meslibellules.fr\\\/blog\\\/2020\\\/07\\\/26\\\/namibie-aethiothemis-solitaria-ris-in-martin-1908\\\/#article\",\"isPartOf\":{\"@id\":\"https:\\\/\\\/www.meslibellules.fr\\\/blog\\\/2020\\\/07\\\/26\\\/namibie-aethiothemis-solitaria-ris-in-martin-1908\\\/\"},\"author\":{\"name\":\"Beno\u00eet Guillon\",\"@id\":\"https:\\\/\\\/www.meslibellules.fr\\\/blog\\\/#\\\/schema\\\/person\\\/9aa3586f9dd053fcf329f43b8b053c77\"},\"headline\":\"Namibie &#8211; Aethiothemis solitaria (Ris in Martin, 1908)\",\"datePublished\":\"2020-07-26T11:28:12+00:00\",\"dateModified\":\"2026-01-28T17:51:37+00:00\",\"mainEntityOfPage\":{\"@id\":\"https:\\\/\\\/www.meslibellules.fr\\\/blog\\\/2020\\\/07\\\/26\\\/namibie-aethiothemis-solitaria-ris-in-martin-1908\\\/\"},\"wordCount\":653,\"commentCount\":0,\"publisher\":{\"@id\":\"https:\\\/\\\/www.meslibellules.fr\\\/blog\\\/#\\\/schema\\\/person\\\/9aa3586f9dd053fcf329f43b8b053c77\"},\"image\":{\"@id\":\"https:\\\/\\\/www.meslibellules.fr\\\/blog\\\/2020\\\/07\\\/26\\\/namibie-aethiothemis-solitaria-ris-in-martin-1908\\\/#primaryimage\"},\"thumbnailUrl\":\"http:\\\/\\\/www.meslibellules.fr\\\/blog\\\/wp-content\\\/uploads\\\/aethiothemis-solitaria-male-1.jpg\",\"keywords\":[\"Aethiothemis solitaria - Namibie\",\"Odonates de Namibie - Namibian Odonates\"],\"articleSection\":[\"Libellulidae\",\"Namibie\"],\"inLanguage\":\"fr-FR\",\"potentialAction\":[{\"@type\":\"CommentAction\",\"name\":\"Comment\",\"target\":[\"https:\\\/\\\/www.meslibellules.fr\\\/blog\\\/2020\\\/07\\\/26\\\/namibie-aethiothemis-solitaria-ris-in-martin-1908\\\/#respond\"]}]},{\"@type\":\"WebPage\",\"@id\":\"https:\\\/\\\/www.meslibellules.fr\\\/blog\\\/2020\\\/07\\\/26\\\/namibie-aethiothemis-solitaria-ris-in-martin-1908\\\/\",\"url\":\"https:\\\/\\\/www.meslibellules.fr\\\/blog\\\/2020\\\/07\\\/26\\\/namibie-aethiothemis-solitaria-ris-in-martin-1908\\\/\",\"name\":\"Aethiothemis solitaria - Mes Libellules\",\"isPartOf\":{\"@id\":\"https:\\\/\\\/www.meslibellules.fr\\\/blog\\\/#website\"},\"primaryImageOfPage\":{\"@id\":\"https:\\\/\\\/www.meslibellules.fr\\\/blog\\\/2020\\\/07\\\/26\\\/namibie-aethiothemis-solitaria-ris-in-martin-1908\\\/#primaryimage\"},\"image\":{\"@id\":\"https:\\\/\\\/www.meslibellules.fr\\\/blog\\\/2020\\\/07\\\/26\\\/namibie-aethiothemis-solitaria-ris-in-martin-1908\\\/#primaryimage\"},\"thumbnailUrl\":\"http:\\\/\\\/www.meslibellules.fr\\\/blog\\\/wp-content\\\/uploads\\\/aethiothemis-solitaria-male-1.jpg\",\"datePublished\":\"2020-07-26T11:28:12+00:00\",\"dateModified\":\"2026-01-28T17:51:37+00:00\",\"description\":\"Aethiothemis solitaria m\u00e2le, description, identification, taille, habitat, distribution g\u00e9ographique, \u00e9tymologie\",\"breadcrumb\":{\"@id\":\"https:\\\/\\\/www.meslibellules.fr\\\/blog\\\/2020\\\/07\\\/26\\\/namibie-aethiothemis-solitaria-ris-in-martin-1908\\\/#breadcrumb\"},\"inLanguage\":\"fr-FR\",\"potentialAction\":[{\"@type\":\"ReadAction\",\"target\":[\"https:\\\/\\\/www.meslibellules.fr\\\/blog\\\/2020\\\/07\\\/26\\\/namibie-aethiothemis-solitaria-ris-in-martin-1908\\\/\"]}]},{\"@type\":\"ImageObject\",\"inLanguage\":\"fr-FR\",\"@id\":\"https:\\\/\\\/www.meslibellules.fr\\\/blog\\\/2020\\\/07\\\/26\\\/namibie-aethiothemis-solitaria-ris-in-martin-1908\\\/#primaryimage\",\"url\":\"http:\\\/\\\/www.meslibellules.fr\\\/blog\\\/wp-content\\\/uploads\\\/aethiothemis-solitaria-male-1.jpg\",\"contentUrl\":\"http:\\\/\\\/www.meslibellules.fr\\\/blog\\\/wp-content\\\/uploads\\\/aethiothemis-solitaria-male-1.jpg\"},{\"@type\":\"BreadcrumbList\",\"@id\":\"https:\\\/\\\/www.meslibellules.fr\\\/blog\\\/2020\\\/07\\\/26\\\/namibie-aethiothemis-solitaria-ris-in-martin-1908\\\/#breadcrumb\",\"itemListElement\":[{\"@type\":\"ListItem\",\"position\":1,\"name\":\"Accueil\",\"item\":\"https:\\\/\\\/www.meslibellules.fr\\\/blog\\\/\"},{\"@type\":\"ListItem\",\"position\":2,\"name\":\"Namibie &#8211; Aethiothemis solitaria (Ris in Martin, 1908)\"}]},{\"@type\":\"WebSite\",\"@id\":\"https:\\\/\\\/www.meslibellules.fr\\\/blog\\\/#website\",\"url\":\"https:\\\/\\\/www.meslibellules.fr\\\/blog\\\/\",\"name\":\"Mes Libellules\",\"description\":\"Pr\u00e9sentation des libellules rencontr\u00e9es dans le monde\",\"publisher\":{\"@id\":\"https:\\\/\\\/www.meslibellules.fr\\\/blog\\\/#\\\/schema\\\/person\\\/9aa3586f9dd053fcf329f43b8b053c77\"},\"potentialAction\":[{\"@type\":\"SearchAction\",\"target\":{\"@type\":\"EntryPoint\",\"urlTemplate\":\"https:\\\/\\\/www.meslibellules.fr\\\/blog\\\/?s={search_term_string}\"},\"query-input\":{\"@type\":\"PropertyValueSpecification\",\"valueRequired\":true,\"valueName\":\"search_term_string\"}}],\"inLanguage\":\"fr-FR\"},{\"@type\":[\"Person\",\"Organization\"],\"@id\":\"https:\\\/\\\/www.meslibellules.fr\\\/blog\\\/#\\\/schema\\\/person\\\/9aa3586f9dd053fcf329f43b8b053c77\",\"name\":\"Beno\u00eet Guillon\",\"image\":{\"@type\":\"ImageObject\",\"inLanguage\":\"fr-FR\",\"@id\":\"https:\\\/\\\/www.meslibellules.fr\\\/blog\\\/wp-content\\\/uploads\\\/cropped-avatar-150-pix.jpg\",\"url\":\"https:\\\/\\\/www.meslibellules.fr\\\/blog\\\/wp-content\\\/uploads\\\/cropped-avatar-150-pix.jpg\",\"contentUrl\":\"https:\\\/\\\/www.meslibellules.fr\\\/blog\\\/wp-content\\\/uploads\\\/cropped-avatar-150-pix.jpg\",\"width\":150,\"height\":137,\"caption\":\"Beno\u00eet Guillon\"},\"logo\":{\"@id\":\"https:\\\/\\\/www.meslibellules.fr\\\/blog\\\/wp-content\\\/uploads\\\/cropped-avatar-150-pix.jpg\"},\"sameAs\":[\"https:\\\/\\\/www.facebook.com\\\/benoit.guillon.96\\\/\"]}]}<\/script>\n<!-- \/ Yoast SEO plugin. -->","yoast_head_json":{"title":"Aethiothemis solitaria - Mes Libellules","description":"Aethiothemis solitaria m\u00e2le, description, identification, taille, habitat, distribution g\u00e9ographique, \u00e9tymologie","robots":{"index":"index","follow":"follow","max-snippet":"max-snippet:-1","max-image-preview":"max-image-preview:large","max-video-preview":"max-video-preview:-1"},"canonical":"https:\/\/www.meslibellules.fr\/blog\/2020\/07\/26\/namibie-aethiothemis-solitaria-ris-in-martin-1908\/","og_locale":"fr_FR","og_type":"article","og_title":"Aethiothemis solitaria - Mes Libellules","og_description":"Aethiothemis solitaria m\u00e2le, description, identification, taille, habitat, distribution g\u00e9ographique, \u00e9tymologie","og_url":"https:\/\/www.meslibellules.fr\/blog\/2020\/07\/26\/namibie-aethiothemis-solitaria-ris-in-martin-1908\/","og_site_name":"Mes Libellules","article_publisher":"https:\/\/www.facebook.com\/benoit.guillon.96\/","article_author":"https:\/\/www.facebook.com\/benoit.guillon.96\/","article_published_time":"2020-07-26T11:28:12+00:00","article_modified_time":"2026-01-28T17:51:37+00:00","og_image":[{"url":"http:\/\/www.meslibellules.fr\/blog\/wp-content\/uploads\/aethiothemis-solitaria-male-1.jpg","type":"","width":"","height":""}],"author":"Beno\u00eet Guillon","twitter_card":"summary_large_image","twitter_misc":{"\u00c9crit par":"Beno\u00eet Guillon","Dur\u00e9e de lecture estim\u00e9e":"8 minutes"},"schema":{"@context":"https:\/\/schema.org","@graph":[{"@type":"Article","@id":"https:\/\/www.meslibellules.fr\/blog\/2020\/07\/26\/namibie-aethiothemis-solitaria-ris-in-martin-1908\/#article","isPartOf":{"@id":"https:\/\/www.meslibellules.fr\/blog\/2020\/07\/26\/namibie-aethiothemis-solitaria-ris-in-martin-1908\/"},"author":{"name":"Beno\u00eet Guillon","@id":"https:\/\/www.meslibellules.fr\/blog\/#\/schema\/person\/9aa3586f9dd053fcf329f43b8b053c77"},"headline":"Namibie &#8211; Aethiothemis solitaria (Ris in Martin, 1908)","datePublished":"2020-07-26T11:28:12+00:00","dateModified":"2026-01-28T17:51:37+00:00","mainEntityOfPage":{"@id":"https:\/\/www.meslibellules.fr\/blog\/2020\/07\/26\/namibie-aethiothemis-solitaria-ris-in-martin-1908\/"},"wordCount":653,"commentCount":0,"publisher":{"@id":"https:\/\/www.meslibellules.fr\/blog\/#\/schema\/person\/9aa3586f9dd053fcf329f43b8b053c77"},"image":{"@id":"https:\/\/www.meslibellules.fr\/blog\/2020\/07\/26\/namibie-aethiothemis-solitaria-ris-in-martin-1908\/#primaryimage"},"thumbnailUrl":"http:\/\/www.meslibellules.fr\/blog\/wp-content\/uploads\/aethiothemis-solitaria-male-1.jpg","keywords":["Aethiothemis solitaria - Namibie","Odonates de Namibie - Namibian Odonates"],"articleSection":["Libellulidae","Namibie"],"inLanguage":"fr-FR","potentialAction":[{"@type":"CommentAction","name":"Comment","target":["https:\/\/www.meslibellules.fr\/blog\/2020\/07\/26\/namibie-aethiothemis-solitaria-ris-in-martin-1908\/#respond"]}]},{"@type":"WebPage","@id":"https:\/\/www.meslibellules.fr\/blog\/2020\/07\/26\/namibie-aethiothemis-solitaria-ris-in-martin-1908\/","url":"https:\/\/www.meslibellules.fr\/blog\/2020\/07\/26\/namibie-aethiothemis-solitaria-ris-in-martin-1908\/","name":"Aethiothemis solitaria - Mes Libellules","isPartOf":{"@id":"https:\/\/www.meslibellules.fr\/blog\/#website"},"primaryImageOfPage":{"@id":"https:\/\/www.meslibellules.fr\/blog\/2020\/07\/26\/namibie-aethiothemis-solitaria-ris-in-martin-1908\/#primaryimage"},"image":{"@id":"https:\/\/www.meslibellules.fr\/blog\/2020\/07\/26\/namibie-aethiothemis-solitaria-ris-in-martin-1908\/#primaryimage"},"thumbnailUrl":"http:\/\/www.meslibellules.fr\/blog\/wp-content\/uploads\/aethiothemis-solitaria-male-1.jpg","datePublished":"2020-07-26T11:28:12+00:00","dateModified":"2026-01-28T17:51:37+00:00","description":"Aethiothemis solitaria m\u00e2le, description, identification, taille, habitat, distribution g\u00e9ographique, \u00e9tymologie","breadcrumb":{"@id":"https:\/\/www.meslibellules.fr\/blog\/2020\/07\/26\/namibie-aethiothemis-solitaria-ris-in-martin-1908\/#breadcrumb"},"inLanguage":"fr-FR","potentialAction":[{"@type":"ReadAction","target":["https:\/\/www.meslibellules.fr\/blog\/2020\/07\/26\/namibie-aethiothemis-solitaria-ris-in-martin-1908\/"]}]},{"@type":"ImageObject","inLanguage":"fr-FR","@id":"https:\/\/www.meslibellules.fr\/blog\/2020\/07\/26\/namibie-aethiothemis-solitaria-ris-in-martin-1908\/#primaryimage","url":"http:\/\/www.meslibellules.fr\/blog\/wp-content\/uploads\/aethiothemis-solitaria-male-1.jpg","contentUrl":"http:\/\/www.meslibellules.fr\/blog\/wp-content\/uploads\/aethiothemis-solitaria-male-1.jpg"},{"@type":"BreadcrumbList","@id":"https:\/\/www.meslibellules.fr\/blog\/2020\/07\/26\/namibie-aethiothemis-solitaria-ris-in-martin-1908\/#breadcrumb","itemListElement":[{"@type":"ListItem","position":1,"name":"Accueil","item":"https:\/\/www.meslibellules.fr\/blog\/"},{"@type":"ListItem","position":2,"name":"Namibie &#8211; Aethiothemis solitaria (Ris in Martin, 1908)"}]},{"@type":"WebSite","@id":"https:\/\/www.meslibellules.fr\/blog\/#website","url":"https:\/\/www.meslibellules.fr\/blog\/","name":"Mes Libellules","description":"Pr\u00e9sentation des libellules rencontr\u00e9es dans le monde","publisher":{"@id":"https:\/\/www.meslibellules.fr\/blog\/#\/schema\/person\/9aa3586f9dd053fcf329f43b8b053c77"},"potentialAction":[{"@type":"SearchAction","target":{"@type":"EntryPoint","urlTemplate":"https:\/\/www.meslibellules.fr\/blog\/?s={search_term_string}"},"query-input":{"@type":"PropertyValueSpecification","valueRequired":true,"valueName":"search_term_string"}}],"inLanguage":"fr-FR"},{"@type":["Person","Organization"],"@id":"https:\/\/www.meslibellules.fr\/blog\/#\/schema\/person\/9aa3586f9dd053fcf329f43b8b053c77","name":"Beno\u00eet Guillon","image":{"@type":"ImageObject","inLanguage":"fr-FR","@id":"https:\/\/www.meslibellules.fr\/blog\/wp-content\/uploads\/cropped-avatar-150-pix.jpg","url":"https:\/\/www.meslibellules.fr\/blog\/wp-content\/uploads\/cropped-avatar-150-pix.jpg","contentUrl":"https:\/\/www.meslibellules.fr\/blog\/wp-content\/uploads\/cropped-avatar-150-pix.jpg","width":150,"height":137,"caption":"Beno\u00eet Guillon"},"logo":{"@id":"https:\/\/www.meslibellules.fr\/blog\/wp-content\/uploads\/cropped-avatar-150-pix.jpg"},"sameAs":["https:\/\/www.facebook.com\/benoit.guillon.96\/"]}]}},"_links":{"self":[{"href":"https:\/\/www.meslibellules.fr\/blog\/wp-json\/wp\/v2\/posts\/6440","targetHints":{"allow":["GET"]}}],"collection":[{"href":"https:\/\/www.meslibellules.fr\/blog\/wp-json\/wp\/v2\/posts"}],"about":[{"href":"https:\/\/www.meslibellules.fr\/blog\/wp-json\/wp\/v2\/types\/post"}],"author":[{"embeddable":true,"href":"https:\/\/www.meslibellules.fr\/blog\/wp-json\/wp\/v2\/users\/1"}],"replies":[{"embeddable":true,"href":"https:\/\/www.meslibellules.fr\/blog\/wp-json\/wp\/v2\/comments?post=6440"}],"version-history":[{"count":4,"href":"https:\/\/www.meslibellules.fr\/blog\/wp-json\/wp\/v2\/posts\/6440\/revisions"}],"predecessor-version":[{"id":27881,"href":"https:\/\/www.meslibellules.fr\/blog\/wp-json\/wp\/v2\/posts\/6440\/revisions\/27881"}],"wp:attachment":[{"href":"https:\/\/www.meslibellules.fr\/blog\/wp-json\/wp\/v2\/media?parent=6440"}],"wp:term":[{"taxonomy":"category","embeddable":true,"href":"https:\/\/www.meslibellules.fr\/blog\/wp-json\/wp\/v2\/categories?post=6440"},{"taxonomy":"post_tag","embeddable":true,"href":"https:\/\/www.meslibellules.fr\/blog\/wp-json\/wp\/v2\/tags?post=6440"}],"curies":[{"name":"wp","href":"https:\/\/api.w.org\/{rel}","templated":true}]}}