{"id":6541,"date":"2020-08-01T08:01:59","date_gmt":"2020-08-01T06:01:59","guid":{"rendered":"http:\/\/www.meslibellules.fr\/blog\/?p=6541"},"modified":"2025-12-27T08:11:21","modified_gmt":"2025-12-27T07:11:21","slug":"namibie-paragomphus-genei-selys-1841","status":"publish","type":"post","link":"https:\/\/www.meslibellules.fr\/blog\/2020\/08\/01\/namibie-paragomphus-genei-selys-1841\/","title":{"rendered":"Namibie &#8211; Paragomphus genei (Selys, 1841)"},"content":{"rendered":"\n<figure class=\"wp-block-image aligncenter size-large is-resized\"><a href=\"https:\/\/www.meslibellules.fr\/blog\/wp-content\/uploads\/paragomphus-genei-male-2.jpg\"><img decoding=\"async\" width=\"1455\" height=\"1004\" data-src=\"https:\/\/www.meslibellules.fr\/blog\/wp-content\/uploads\/paragomphus-genei-male-2.jpg\" alt=\"\" class=\"wp-image-6538 lazyload\" style=\"--smush-placeholder-width: 1455px; --smush-placeholder-aspect-ratio: 1455\/1004;width:462px;height:318px\" data-srcset=\"https:\/\/www.meslibellules.fr\/blog\/wp-content\/uploads\/\/paragomphus-genei-male-2.jpg 1455w, https:\/\/www.meslibellules.fr\/blog\/wp-content\/uploads\/\/paragomphus-genei-male-2-768x530.jpg 768w, https:\/\/www.meslibellules.fr\/blog\/wp-content\/uploads\/\/paragomphus-genei-male-2-1200x828.jpg 1200w\" data-sizes=\"(max-width: 1455px) 100vw, 1455px\" src=\"data:image\/svg+xml;base64,PHN2ZyB3aWR0aD0iMSIgaGVpZ2h0PSIxIiB4bWxucz0iaHR0cDovL3d3dy53My5vcmcvMjAwMC9zdmciPjwvc3ZnPg==\" \/><\/a><figcaption class=\"wp-element-caption\">Paragomphus genei m\u00e2le, Namibie, mare pr\u00e8s de Rundu, 12\/02\/2020<\/figcaption><\/figure>\n\n\n\n<p style=\"font-size:15px\">Paragomphus genei (Common hooktail) est l&rsquo;exemple type des Paragomphus africains, et quand on prospecte, il doit \u00eatre difficile de le manquer tant il est commun. <br>On identifie tout de suite les Paragomphus \u00e0 leurs appendices anaux en crochets, ce qui leur vaut en anglais le nom g\u00e9n\u00e9rique de Hooktail. <br>Celui-ci se caract\u00e9rise par son thorax vert, ses pt\u00e9rostigmas sombres \u00e0 centre plus clair, ses expansions foliac\u00e9es mod\u00e9r\u00e9es sur S8 et S9 et bien s\u00fbr <a href=\"https:\/\/www.meslibellules.fr\/blog\/wp-content\/uploads\/appendices-paragomphus.jpg\">ses appendices anaux<\/a> (1). Il est cependant proche de P. elpidius (aux pt\u00e9rostigmas noirs) mais ce dernier, entre autres, ne porte pas ce point jaune <em>bien net<\/em>  \u00e0 l&rsquo;extr\u00e9mit\u00e9 dorsale du S10, ce qui sur le terrain facilite l&rsquo;identification (ceci semble \u00eatre un caract\u00e8re unique aux Paragomphus namibiens et sud-africains).<\/p>\n\n\n\n<figure class=\"wp-block-image aligncenter size-large is-resized\"><a href=\"https:\/\/www.meslibellules.fr\/blog\/wp-content\/uploads\/paragomphus-genei-male-1.jpg\"><img decoding=\"async\" width=\"1277\" height=\"1204\" data-src=\"https:\/\/www.meslibellules.fr\/blog\/wp-content\/uploads\/paragomphus-genei-male-1.jpg\" alt=\"Paragomphus genei m\u00e2le, Namibie, Rundu pr\u00e8s de l'Okavango, 10\/02\/2020\" class=\"wp-image-6537 lazyload\" style=\"--smush-placeholder-width: 1277px; --smush-placeholder-aspect-ratio: 1277\/1204;width:406px;height:382px\" data-srcset=\"https:\/\/www.meslibellules.fr\/blog\/wp-content\/uploads\/\/paragomphus-genei-male-1.jpg 1277w, https:\/\/www.meslibellules.fr\/blog\/wp-content\/uploads\/\/paragomphus-genei-male-1-768x724.jpg 768w, https:\/\/www.meslibellules.fr\/blog\/wp-content\/uploads\/\/paragomphus-genei-male-1-1200x1131.jpg 1200w\" data-sizes=\"(max-width: 1277px) 100vw, 1277px\" src=\"data:image\/svg+xml;base64,PHN2ZyB3aWR0aD0iMSIgaGVpZ2h0PSIxIiB4bWxucz0iaHR0cDovL3d3dy53My5vcmcvMjAwMC9zdmciPjwvc3ZnPg==\" \/><\/a><figcaption class=\"wp-element-caption\">Paragomphus genei m\u00e2le, Namibie, Rundu pr\u00e8s de l&rsquo;Okavango, 10\/02\/2020<\/figcaption><\/figure>\n\n\n\n<p style=\"font-size:15px\">Il est commun et pourtant je trouve que c&rsquo;est le plus beau des Paragomphus quand la couleur verte est bien d\u00e9velopp\u00e9e\u202f; mais comme on le voit ci-dessous, comme toujours pour les odonates, la coloration et son intensit\u00e9 est variable. Et comme on le lit dans le livre d\u00e9j\u00e0 mentionn\u00e9, les sujets de la bande de Caprivi ont des couleurs plus vives que celles des sujets des r\u00e9gions plus arides.<br>En cliquant sur la photo de gauche, on remarque facilement le pt\u00e9rostigma caract\u00e9ristique, sombre \u00e0 centre clair.<\/p>\n\n\n\n<figure class=\"wp-block-gallery has-nested-images columns-default is-cropped wp-block-gallery-1 is-layout-flex wp-block-gallery-is-layout-flex\">\n<figure class=\"wp-block-image size-large\"><a href=\"https:\/\/www.meslibellules.fr\/blog\/wp-content\/uploads\/paragomphus-genei-male-3.jpg\"><img decoding=\"async\" width=\"1498\" height=\"1204\" data-id=\"6539\" data-src=\"https:\/\/www.meslibellules.fr\/blog\/wp-content\/uploads\/paragomphus-genei-male-3.jpg\" alt=\"\" class=\"wp-image-6539 lazyload\" data-srcset=\"https:\/\/www.meslibellules.fr\/blog\/wp-content\/uploads\/\/paragomphus-genei-male-3.jpg 1498w, https:\/\/www.meslibellules.fr\/blog\/wp-content\/uploads\/\/paragomphus-genei-male-3-768x617.jpg 768w, https:\/\/www.meslibellules.fr\/blog\/wp-content\/uploads\/\/paragomphus-genei-male-3-1200x964.jpg 1200w\" data-sizes=\"(max-width: 1498px) 100vw, 1498px\" src=\"data:image\/svg+xml;base64,PHN2ZyB3aWR0aD0iMSIgaGVpZ2h0PSIxIiB4bWxucz0iaHR0cDovL3d3dy53My5vcmcvMjAwMC9zdmciPjwvc3ZnPg==\" style=\"--smush-placeholder-width: 1498px; --smush-placeholder-aspect-ratio: 1498\/1204;\" \/><\/a><\/figure>\n\n\n\n<figure class=\"wp-block-image size-large\"><a href=\"https:\/\/www.meslibellules.fr\/blog\/wp-content\/uploads\/paragomphus-genei-male-4.jpg\"><img decoding=\"async\" width=\"1465\" height=\"1004\" data-id=\"6540\" data-src=\"https:\/\/www.meslibellules.fr\/blog\/wp-content\/uploads\/paragomphus-genei-male-4.jpg\" alt=\"Paragomphus genei m\u00e2le, Namibie, Parc national de Bwabwata, Bum Hill, 14\/02\/2020\" class=\"wp-image-6540 lazyload\" data-srcset=\"https:\/\/www.meslibellules.fr\/blog\/wp-content\/uploads\/\/paragomphus-genei-male-4.jpg 1465w, https:\/\/www.meslibellules.fr\/blog\/wp-content\/uploads\/\/paragomphus-genei-male-4-768x526.jpg 768w, https:\/\/www.meslibellules.fr\/blog\/wp-content\/uploads\/\/paragomphus-genei-male-4-1200x822.jpg 1200w\" data-sizes=\"(max-width: 1465px) 100vw, 1465px\" src=\"data:image\/svg+xml;base64,PHN2ZyB3aWR0aD0iMSIgaGVpZ2h0PSIxIiB4bWxucz0iaHR0cDovL3d3dy53My5vcmcvMjAwMC9zdmciPjwvc3ZnPg==\" style=\"--smush-placeholder-width: 1465px; --smush-placeholder-aspect-ratio: 1465\/1004;\" \/><\/a><\/figure>\n<figcaption class=\"blocks-gallery-caption wp-element-caption\"><em>Paragomphus genei m\u00e2le, Namibie, Parc national de Bwabwata, Bum Hill, 14\/02\/2020<\/em><\/figcaption><\/figure>\n\n\n\n<p style=\"font-size:15px\">Les femelles portent le m\u00eame pattern thoracique sur un thorax vert terne et leurs expansions foliac\u00e9es sont beaucoup plus discr\u00e8tes que celles des m\u00e2les.<br>M\u00e2les et femelles mesurent en moyenne 44 mm.<\/p>\n\n\n\n<figure class=\"wp-block-image aligncenter size-large is-resized\"><a href=\"https:\/\/www.meslibellules.fr\/blog\/wp-content\/uploads\/paragomphus-genei-female-3.jpg\"><img decoding=\"async\" width=\"1785\" height=\"1204\" data-src=\"https:\/\/www.meslibellules.fr\/blog\/wp-content\/uploads\/paragomphus-genei-female-3.jpg\" alt=\"Paragomphus genei femelle, Namibie, Rundu pr\u00e8s de l'Okavango, 11\/02\/2020\" class=\"wp-image-6535 lazyload\" style=\"--smush-placeholder-width: 1785px; --smush-placeholder-aspect-ratio: 1785\/1204;width:456px;height:307px\" data-srcset=\"https:\/\/www.meslibellules.fr\/blog\/wp-content\/uploads\/\/paragomphus-genei-female-3.jpg 1785w, https:\/\/www.meslibellules.fr\/blog\/wp-content\/uploads\/\/paragomphus-genei-female-3-768x518.jpg 768w, https:\/\/www.meslibellules.fr\/blog\/wp-content\/uploads\/\/paragomphus-genei-female-3-1536x1036.jpg 1536w, https:\/\/www.meslibellules.fr\/blog\/wp-content\/uploads\/\/paragomphus-genei-female-3-1200x809.jpg 1200w\" data-sizes=\"(max-width: 1785px) 100vw, 1785px\" src=\"data:image\/svg+xml;base64,PHN2ZyB3aWR0aD0iMSIgaGVpZ2h0PSIxIiB4bWxucz0iaHR0cDovL3d3dy53My5vcmcvMjAwMC9zdmciPjwvc3ZnPg==\" \/><\/a><figcaption class=\"wp-element-caption\">Paragomphus genei femelle, Namibie, Rundu pr\u00e8s de l&rsquo;Okavango, 11\/02\/2020<\/figcaption><\/figure>\n\n\n\n<p style=\"font-size:15px\">Les larves de Paragomphus genei pr\u00e9sentent une caract\u00e9ristique rare, car elles sont capables de se cacher en s&rsquo;enfouissant tr\u00e8s rapidement dans le sable. Si on ajoute le fait qu&rsquo;elles ach\u00e8vent leur cycle de d\u00e9veloppement en moins de 60 jours, ce qui leur permet de se d\u00e9velopper dans les mares temporaires, on comprend pourquoi cette esp\u00e8ce qui accepte beaucoup de milieux diff\u00e9rents conna\u00eet une si grande expansion en Afrique et qu&rsquo;elle ait m\u00eame r\u00e9ussi \u00e0 s&rsquo;implanter en Corse.<br>Ci-dessous \u00e0 gauche, on peut observer le pt\u00e9rostigma sombre \u00e0 fond clair.<br><\/p>\n\n\n\n<figure class=\"wp-block-gallery has-nested-images columns-default is-cropped wp-block-gallery-2 is-layout-flex wp-block-gallery-is-layout-flex\">\n<figure class=\"wp-block-image size-large\"><a href=\"https:\/\/www.meslibellules.fr\/blog\/wp-content\/uploads\/paragomphus-genei-female-1.jpg\"><img decoding=\"async\" width=\"1505\" height=\"1204\" data-id=\"6533\" data-src=\"https:\/\/www.meslibellules.fr\/blog\/wp-content\/uploads\/paragomphus-genei-female-1.jpg\" alt=\"Paragomphus genei femelle, Namibie, Rundu pr\u00e8s de l'Okavango, 10\/02\/2020\" class=\"wp-image-6533 lazyload\" data-srcset=\"https:\/\/www.meslibellules.fr\/blog\/wp-content\/uploads\/\/paragomphus-genei-female-1.jpg 1505w, https:\/\/www.meslibellules.fr\/blog\/wp-content\/uploads\/\/paragomphus-genei-female-1-768x614.jpg 768w, https:\/\/www.meslibellules.fr\/blog\/wp-content\/uploads\/\/paragomphus-genei-female-1-1200x960.jpg 1200w\" data-sizes=\"(max-width: 1505px) 100vw, 1505px\" src=\"data:image\/svg+xml;base64,PHN2ZyB3aWR0aD0iMSIgaGVpZ2h0PSIxIiB4bWxucz0iaHR0cDovL3d3dy53My5vcmcvMjAwMC9zdmciPjwvc3ZnPg==\" style=\"--smush-placeholder-width: 1505px; --smush-placeholder-aspect-ratio: 1505\/1204;\" \/><\/a><\/figure>\n\n\n\n<figure class=\"wp-block-image size-large\"><a href=\"https:\/\/www.meslibellules.fr\/blog\/wp-content\/uploads\/paragomphus-genei-female-2.jpg\"><img decoding=\"async\" width=\"1434\" height=\"1204\" data-id=\"6534\" data-src=\"https:\/\/www.meslibellules.fr\/blog\/wp-content\/uploads\/paragomphus-genei-female-2.jpg\" alt=\"Paragomphus genei femelle, Namibie, Rundu pr\u00e8s de l'Okavango, 10\/02\/2020\" class=\"wp-image-6534 lazyload\" data-srcset=\"https:\/\/www.meslibellules.fr\/blog\/wp-content\/uploads\/\/paragomphus-genei-female-2.jpg 1434w, https:\/\/www.meslibellules.fr\/blog\/wp-content\/uploads\/\/paragomphus-genei-female-2-768x645.jpg 768w, https:\/\/www.meslibellules.fr\/blog\/wp-content\/uploads\/\/paragomphus-genei-female-2-1200x1008.jpg 1200w\" data-sizes=\"(max-width: 1434px) 100vw, 1434px\" src=\"data:image\/svg+xml;base64,PHN2ZyB3aWR0aD0iMSIgaGVpZ2h0PSIxIiB4bWxucz0iaHR0cDovL3d3dy53My5vcmcvMjAwMC9zdmciPjwvc3ZnPg==\" style=\"--smush-placeholder-width: 1434px; --smush-placeholder-aspect-ratio: 1434\/1204;\" \/><\/a><figcaption class=\"wp-element-caption\">P<\/figcaption><\/figure>\n<figcaption class=\"blocks-gallery-caption wp-element-caption\"><em>Paragomphus genei femelle, Namibie, Rundu pr\u00e8s de l&rsquo;Okavango, 10\/02\/2020<\/em><\/figcaption><\/figure>\n\n\n\n<p style=\"font-size:15px\">M\u00eame s\u2019il existe de grosses lacunes dans sa r\u00e9partition africaine, en particulier l\u2019Afrique Saharienne, il est pr\u00e9sent dans tout le sud et le nord de l\u2019Afrique, jusqu\u2019en Isra\u00ebl au nord, mais aussi en Europe, Portugal, Espagne et Italie. Depuis le mois de juin 2019, son autochtonie en Corse (2) a \u00e9t\u00e9 d\u00e9montr\u00e9e sur une rivi\u00e8re du sud-ouest de l\u2019\u00eele (sa pr\u00e9sence \u00e9tait connue depuis Aguesse, 1968).<br>Je l&rsquo;avais d\u00e9j\u00e0 rencontr\u00e9 en <a href=\"https:\/\/www.meslibellules.fr\/blog\/2019\/10\/04\/ethiopie-paragomphus-genei-selys-1841\/\">\u00c9thiopie<\/a>.<br><a href=\"https:\/\/www.iucnredlist.org\/species\/59976\/83861834\">IUCN Red List<\/a> (3).<\/p>\n\n\n\n<figure class=\"wp-block-image aligncenter size-large is-resized\"><a href=\"https:\/\/www.meslibellules.fr\/blog\/wp-content\/uploads\/paragomphus-genei-female-4.jpg\"><img decoding=\"async\" width=\"1392\" height=\"1204\" data-src=\"https:\/\/www.meslibellules.fr\/blog\/wp-content\/uploads\/paragomphus-genei-female-4.jpg\" alt=\"Paragomphus genei femelle, Namibie, mare pr\u00e8s de Rundu, 11\/02\/2020\" class=\"wp-image-6536 lazyload\" style=\"--smush-placeholder-width: 1392px; --smush-placeholder-aspect-ratio: 1392\/1204;width:376px;height:324px\" data-srcset=\"https:\/\/www.meslibellules.fr\/blog\/wp-content\/uploads\/\/paragomphus-genei-female-4.jpg 1392w, https:\/\/www.meslibellules.fr\/blog\/wp-content\/uploads\/\/paragomphus-genei-female-4-768x664.jpg 768w, https:\/\/www.meslibellules.fr\/blog\/wp-content\/uploads\/\/paragomphus-genei-female-4-1200x1038.jpg 1200w\" data-sizes=\"(max-width: 1392px) 100vw, 1392px\" src=\"data:image\/svg+xml;base64,PHN2ZyB3aWR0aD0iMSIgaGVpZ2h0PSIxIiB4bWxucz0iaHR0cDovL3d3dy53My5vcmcvMjAwMC9zdmciPjwvc3ZnPg==\" \/><\/a><figcaption class=\"wp-element-caption\">Paragomphus genei femelle, Namibie, mare pr\u00e8s de Rundu, 11\/02\/2020<\/figcaption><\/figure>\n\n\n\n<p><strong>\u00c9tymologie<\/strong><br><strong>Paragomphus<\/strong>, a \u00e9t\u00e9 cr\u00e9\u00e9 par Cowley, en 1934 pour remplacer le nom\u00a0<em>Mesogomphus<\/em>\u00a0F\u00f6rster, 1906 pr\u00e9occup\u00e9 par un poisson fossile. Du grec\u00a0<em>para<\/em>, pour\u00a0<em>\u00e0 c\u00f4t\u00e9 de\u00a0<\/em>pour signifier que ce genre est proche du genre Gomphus. Gomphus qui vient, lui, d\u2019un mot grec qui signifie\u00a0<em>cheville<\/em>\u00a0ou\u00a0<em>boulon<\/em>, en r\u00e9f\u00e9rence \u00e0 la forme de l\u2019abdomen (de la plupart des esp\u00e8ces), dilat\u00e9 \u00e0 l\u2019extr\u00e9mit\u00e9 par des appendices anaux parfois spectaculaires et massifs.<br><strong>Genei<\/strong> ; Selys (4) explique le nom de l&rsquo;esp\u00e8ce\u00a0: \u00ab\u00a0<em>Je l&rsquo;ai d\u00e9di\u00e9 au savant professeur G\u00e9n\u00e9 (sic), si connu par ses excellents ouvrages sur les reptiles et les insectes de la Sardaigne et \u00e0 l&rsquo;obligeance duquel je dois la communication qui m&rsquo;a \u00e9t\u00e9 faite des Libellules du mus\u00e9e de Turin<\/em>\u00ab\u00a0. L&rsquo;esp\u00e8ce n&rsquo;\u00e9tait alors connue que de Sicile (d\u00e9couverte par le sieur Ghiliani) et l&rsquo;holotype \u00e9tait au mus\u00e9e de Turin. Cette description \u00e9tant sans \u00e9quivoque, je ne comprends pas pourquoi dans \u00ab\u00a0A Guide to Dragonflies and Damselflies of South Africa\u00a0\u00bb, Warwick et Mich\u00e8le Tarboton \u00e9crivent \u00ab\u00a0type from Egypt in 1871&Prime;&#8230;<br>Ne parlant pas italien, je n&rsquo;ai pas r\u00e9ussi \u00e0 trouver la moindre information sur ce fameux professeur et je remercie d&rsquo;avance les lecteurs qui m&rsquo;aideront \u00e0 l&rsquo;identifier\u202f!<br>M<em>erci \u00e0 Bertrand Piney qui a identifi\u00e9 ce professeur comme Guiseppe Gen\u00e9 (1800-1847), sans accent sur le premier \u00ab\u00a0e\u00a0\u00bb, zoologiste et entomologiste, professeur de zoologie et directeur du mus\u00e9e zoologique royal de Turin<\/em> <em>qui a effectivement publi\u00e9 \u00ab\u00a0De quibusdam insectis Sardiniae novis aut minus cognitis\u00a0\u00bb sous le nom de Josepho Gen\u00e9. <\/em><\/p>\n\n\n\n<div style=\"height:32px\" aria-hidden=\"true\" class=\"wp-block-spacer\"><\/div>\n\n\n\n\n\n<p style=\"font-size:15px\">1- <a href=\"https:\/\/www.meslibellules.fr\/blog\/2020\/02\/29\/namibie-paragomphus-elpidius-ris-1921\/\">Dragonflies and Damselflies of Namibia<\/a>, Frank Suhling &amp; Andreas Martens, 2007.<br>2- Cyril Berquier, 2019 &#8211; <a href=\"https:\/\/libellules.pnaopie.fr\/wp-content\/uploads\/2023\/06\/Premiere-preuve-dautochtonie-de-Paragomphus-genei-en-Corse.pdf\">Premi\u00e8res preuves d\u2019autochtonie de Paragomphus genei en Corse<\/a>.<br>3- <a href=\"https:\/\/www.iucnredlist.org\/species\/59976\/83861834\">IUCN Red List<\/a><br>4- Selys, 1841- <a href=\"https:\/\/www.biodiversitylibrary.org\/item\/19646#page\/254\/mode\/1up\">Nouvelles Libellulid\u00e9es d&rsquo;Europe<\/a> &#8211; Analyse de l&rsquo;ouvrage du Dr Hagen. Revue Zoologique Societe Cuvierienne, 4, 243-246.<\/p>\n\n\n\n<div style=\"height:30px\" aria-hidden=\"true\" class=\"wp-block-spacer\"><\/div>\n\n\n\n\n\n<div class=\"wp-block-buttons is-layout-flex wp-block-buttons-is-layout-flex\">\n<div class=\"wp-block-button\"><a class=\"wp-block-button__link wp-element-button\" href=\"https:\/\/www.meslibellules.fr\/blog\/odonates-de-namibie-namibian-odonates\/\">Accueil Namibie<\/a><\/div>\n<\/div>\n\n\n\n<p><\/p>\n","protected":false},"excerpt":{"rendered":"<p>Paragomphus genei (Common hooktail) est l&rsquo;exemple type des Paragomphus africains, et quand on prospecte, il doit \u00eatre difficile de le manquer tant il est commun. On identifie tout de suite les Paragomphus \u00e0 leurs appendices anaux en crochets, ce qui leur vaut en anglais le nom g\u00e9n\u00e9rique de Hooktail. Celui-ci se caract\u00e9rise par son thorax [&hellip;]<\/p>\n","protected":false},"author":1,"featured_media":0,"comment_status":"open","ping_status":"open","sticky":false,"template":"","format":"image","meta":{"site-sidebar-layout":"default","site-content-layout":"","ast-site-content-layout":"default","site-content-style":"default","site-sidebar-style":"default","ast-global-header-display":"","ast-banner-title-visibility":"","ast-main-header-display":"","ast-hfb-above-header-display":"","ast-hfb-below-header-display":"","ast-hfb-mobile-header-display":"","site-post-title":"","ast-breadcrumbs-content":"","ast-featured-img":"","footer-sml-layout":"","ast-disable-related-posts":"","theme-transparent-header-meta":"","adv-header-id-meta":"","stick-header-meta":"","header-above-stick-meta":"","header-main-stick-meta":"","header-below-stick-meta":"","astra-migrate-meta-layouts":"set","ast-page-background-enabled":"default","ast-page-background-meta":{"desktop":{"background-color":"var(--ast-global-color-4)","background-image":"","background-repeat":"repeat","background-position":"center center","background-size":"auto","background-attachment":"scroll","background-type":"","background-media":"","overlay-type":"","overlay-color":"","overlay-opacity":"","overlay-gradient":""},"tablet":{"background-color":"","background-image":"","background-repeat":"repeat","background-position":"center center","background-size":"auto","background-attachment":"scroll","background-type":"","background-media":"","overlay-type":"","overlay-color":"","overlay-opacity":"","overlay-gradient":""},"mobile":{"background-color":"","background-image":"","background-repeat":"repeat","background-position":"center center","background-size":"auto","background-attachment":"scroll","background-type":"","background-media":"","overlay-type":"","overlay-color":"","overlay-opacity":"","overlay-gradient":""}},"ast-content-background-meta":{"desktop":{"background-color":"var(--ast-global-color-5)","background-image":"","background-repeat":"repeat","background-position":"center center","background-size":"auto","background-attachment":"scroll","background-type":"","background-media":"","overlay-type":"","overlay-color":"","overlay-opacity":"","overlay-gradient":""},"tablet":{"background-color":"var(--ast-global-color-5)","background-image":"","background-repeat":"repeat","background-position":"center center","background-size":"auto","background-attachment":"scroll","background-type":"","background-media":"","overlay-type":"","overlay-color":"","overlay-opacity":"","overlay-gradient":""},"mobile":{"background-color":"var(--ast-global-color-5)","background-image":"","background-repeat":"repeat","background-position":"center center","background-size":"auto","background-attachment":"scroll","background-type":"","background-media":"","overlay-type":"","overlay-color":"","overlay-opacity":"","overlay-gradient":""}},"footnotes":""},"categories":[284,274],"tags":[276,185,365],"class_list":["post-6541","post","type-post","status-publish","format-image","hentry","category-gomphidae-namibie-2","category-namibie","tag-odonates-de-namibie-namibian-odonates","tag-paragomphus-genei","tag-paragomphus-genei-namibie","post_format-post-format-image"],"yoast_head":"<!-- This site is optimized with the Yoast SEO plugin v27.5 - https:\/\/yoast.com\/product\/yoast-seo-wordpress\/ -->\n<title>Paragomphus genei - Mes Libellules<\/title>\n<meta name=\"description\" content=\"Paragomphus genei m\u00e2les et femelles en Namibie, description, identification, taille, habitat, distribution g\u00e9ographique, \u00e9tymologie, photos\" \/>\n<meta name=\"robots\" content=\"index, follow, max-snippet:-1, max-image-preview:large, max-video-preview:-1\" \/>\n<link rel=\"canonical\" href=\"https:\/\/www.meslibellules.fr\/blog\/2020\/08\/01\/namibie-paragomphus-genei-selys-1841\/\" \/>\n<meta property=\"og:locale\" content=\"fr_FR\" \/>\n<meta property=\"og:type\" content=\"article\" \/>\n<meta property=\"og:title\" content=\"Paragomphus genei - Mes Libellules\" \/>\n<meta property=\"og:description\" content=\"Paragomphus genei m\u00e2les et femelles en Namibie, description, identification, taille, habitat, distribution g\u00e9ographique, \u00e9tymologie, photos\" \/>\n<meta property=\"og:url\" content=\"https:\/\/www.meslibellules.fr\/blog\/2020\/08\/01\/namibie-paragomphus-genei-selys-1841\/\" \/>\n<meta property=\"og:site_name\" content=\"Mes Libellules\" \/>\n<meta property=\"article:publisher\" content=\"https:\/\/www.facebook.com\/benoit.guillon.96\/\" \/>\n<meta property=\"article:author\" content=\"https:\/\/www.facebook.com\/benoit.guillon.96\/\" \/>\n<meta property=\"article:published_time\" content=\"2020-08-01T06:01:59+00:00\" \/>\n<meta property=\"article:modified_time\" content=\"2025-12-27T07:11:21+00:00\" \/>\n<meta property=\"og:image\" content=\"http:\/\/www.meslibellules.fr\/blog\/wp-content\/uploads\/paragomphus-genei-male-2.jpg\" \/>\n<meta name=\"author\" content=\"Beno\u00eet Guillon\" \/>\n<meta name=\"twitter:card\" content=\"summary_large_image\" \/>\n<meta name=\"twitter:label1\" content=\"\u00c9crit par\" \/>\n\t<meta name=\"twitter:data1\" content=\"Beno\u00eet Guillon\" \/>\n\t<meta name=\"twitter:label2\" content=\"Dur\u00e9e de lecture estim\u00e9e\" \/>\n\t<meta name=\"twitter:data2\" content=\"17 minutes\" \/>\n<script type=\"application\/ld+json\" class=\"yoast-schema-graph\">{\"@context\":\"https:\\\/\\\/schema.org\",\"@graph\":[{\"@type\":\"Article\",\"@id\":\"https:\\\/\\\/www.meslibellules.fr\\\/blog\\\/2020\\\/08\\\/01\\\/namibie-paragomphus-genei-selys-1841\\\/#article\",\"isPartOf\":{\"@id\":\"https:\\\/\\\/www.meslibellules.fr\\\/blog\\\/2020\\\/08\\\/01\\\/namibie-paragomphus-genei-selys-1841\\\/\"},\"author\":{\"name\":\"Beno\u00eet Guillon\",\"@id\":\"https:\\\/\\\/www.meslibellules.fr\\\/blog\\\/#\\\/schema\\\/person\\\/9aa3586f9dd053fcf329f43b8b053c77\"},\"headline\":\"Namibie &#8211; Paragomphus genei (Selys, 1841)\",\"datePublished\":\"2020-08-01T06:01:59+00:00\",\"dateModified\":\"2025-12-27T07:11:21+00:00\",\"mainEntityOfPage\":{\"@id\":\"https:\\\/\\\/www.meslibellules.fr\\\/blog\\\/2020\\\/08\\\/01\\\/namibie-paragomphus-genei-selys-1841\\\/\"},\"wordCount\":836,\"commentCount\":2,\"publisher\":{\"@id\":\"https:\\\/\\\/www.meslibellules.fr\\\/blog\\\/#\\\/schema\\\/person\\\/9aa3586f9dd053fcf329f43b8b053c77\"},\"image\":{\"@id\":\"https:\\\/\\\/www.meslibellules.fr\\\/blog\\\/2020\\\/08\\\/01\\\/namibie-paragomphus-genei-selys-1841\\\/#primaryimage\"},\"thumbnailUrl\":\"http:\\\/\\\/www.meslibellules.fr\\\/blog\\\/wp-content\\\/uploads\\\/paragomphus-genei-male-2.jpg\",\"keywords\":[\"Odonates de Namibie - Namibian Odonates\",\"Paragomphus genei\",\"Paragomphus genei- Namibie\"],\"articleSection\":[\"Gomphidae\",\"Namibie\"],\"inLanguage\":\"fr-FR\",\"potentialAction\":[{\"@type\":\"CommentAction\",\"name\":\"Comment\",\"target\":[\"https:\\\/\\\/www.meslibellules.fr\\\/blog\\\/2020\\\/08\\\/01\\\/namibie-paragomphus-genei-selys-1841\\\/#respond\"]}]},{\"@type\":\"WebPage\",\"@id\":\"https:\\\/\\\/www.meslibellules.fr\\\/blog\\\/2020\\\/08\\\/01\\\/namibie-paragomphus-genei-selys-1841\\\/\",\"url\":\"https:\\\/\\\/www.meslibellules.fr\\\/blog\\\/2020\\\/08\\\/01\\\/namibie-paragomphus-genei-selys-1841\\\/\",\"name\":\"Paragomphus genei - Mes Libellules\",\"isPartOf\":{\"@id\":\"https:\\\/\\\/www.meslibellules.fr\\\/blog\\\/#website\"},\"primaryImageOfPage\":{\"@id\":\"https:\\\/\\\/www.meslibellules.fr\\\/blog\\\/2020\\\/08\\\/01\\\/namibie-paragomphus-genei-selys-1841\\\/#primaryimage\"},\"image\":{\"@id\":\"https:\\\/\\\/www.meslibellules.fr\\\/blog\\\/2020\\\/08\\\/01\\\/namibie-paragomphus-genei-selys-1841\\\/#primaryimage\"},\"thumbnailUrl\":\"http:\\\/\\\/www.meslibellules.fr\\\/blog\\\/wp-content\\\/uploads\\\/paragomphus-genei-male-2.jpg\",\"datePublished\":\"2020-08-01T06:01:59+00:00\",\"dateModified\":\"2025-12-27T07:11:21+00:00\",\"description\":\"Paragomphus genei m\u00e2les et femelles en Namibie, description, identification, taille, habitat, distribution g\u00e9ographique, \u00e9tymologie, photos\",\"breadcrumb\":{\"@id\":\"https:\\\/\\\/www.meslibellules.fr\\\/blog\\\/2020\\\/08\\\/01\\\/namibie-paragomphus-genei-selys-1841\\\/#breadcrumb\"},\"inLanguage\":\"fr-FR\",\"potentialAction\":[{\"@type\":\"ReadAction\",\"target\":[\"https:\\\/\\\/www.meslibellules.fr\\\/blog\\\/2020\\\/08\\\/01\\\/namibie-paragomphus-genei-selys-1841\\\/\"]}]},{\"@type\":\"ImageObject\",\"inLanguage\":\"fr-FR\",\"@id\":\"https:\\\/\\\/www.meslibellules.fr\\\/blog\\\/2020\\\/08\\\/01\\\/namibie-paragomphus-genei-selys-1841\\\/#primaryimage\",\"url\":\"http:\\\/\\\/www.meslibellules.fr\\\/blog\\\/wp-content\\\/uploads\\\/paragomphus-genei-male-2.jpg\",\"contentUrl\":\"http:\\\/\\\/www.meslibellules.fr\\\/blog\\\/wp-content\\\/uploads\\\/paragomphus-genei-male-2.jpg\"},{\"@type\":\"BreadcrumbList\",\"@id\":\"https:\\\/\\\/www.meslibellules.fr\\\/blog\\\/2020\\\/08\\\/01\\\/namibie-paragomphus-genei-selys-1841\\\/#breadcrumb\",\"itemListElement\":[{\"@type\":\"ListItem\",\"position\":1,\"name\":\"Accueil\",\"item\":\"https:\\\/\\\/www.meslibellules.fr\\\/blog\\\/\"},{\"@type\":\"ListItem\",\"position\":2,\"name\":\"Namibie &#8211; Paragomphus genei (Selys, 1841)\"}]},{\"@type\":\"WebSite\",\"@id\":\"https:\\\/\\\/www.meslibellules.fr\\\/blog\\\/#website\",\"url\":\"https:\\\/\\\/www.meslibellules.fr\\\/blog\\\/\",\"name\":\"Mes Libellules\",\"description\":\"Pr\u00e9sentation des libellules rencontr\u00e9es dans le monde\",\"publisher\":{\"@id\":\"https:\\\/\\\/www.meslibellules.fr\\\/blog\\\/#\\\/schema\\\/person\\\/9aa3586f9dd053fcf329f43b8b053c77\"},\"potentialAction\":[{\"@type\":\"SearchAction\",\"target\":{\"@type\":\"EntryPoint\",\"urlTemplate\":\"https:\\\/\\\/www.meslibellules.fr\\\/blog\\\/?s={search_term_string}\"},\"query-input\":{\"@type\":\"PropertyValueSpecification\",\"valueRequired\":true,\"valueName\":\"search_term_string\"}}],\"inLanguage\":\"fr-FR\"},{\"@type\":[\"Person\",\"Organization\"],\"@id\":\"https:\\\/\\\/www.meslibellules.fr\\\/blog\\\/#\\\/schema\\\/person\\\/9aa3586f9dd053fcf329f43b8b053c77\",\"name\":\"Beno\u00eet Guillon\",\"image\":{\"@type\":\"ImageObject\",\"inLanguage\":\"fr-FR\",\"@id\":\"https:\\\/\\\/www.meslibellules.fr\\\/blog\\\/wp-content\\\/uploads\\\/cropped-avatar-150-pix.jpg\",\"url\":\"https:\\\/\\\/www.meslibellules.fr\\\/blog\\\/wp-content\\\/uploads\\\/cropped-avatar-150-pix.jpg\",\"contentUrl\":\"https:\\\/\\\/www.meslibellules.fr\\\/blog\\\/wp-content\\\/uploads\\\/cropped-avatar-150-pix.jpg\",\"width\":150,\"height\":137,\"caption\":\"Beno\u00eet Guillon\"},\"logo\":{\"@id\":\"https:\\\/\\\/www.meslibellules.fr\\\/blog\\\/wp-content\\\/uploads\\\/cropped-avatar-150-pix.jpg\"},\"sameAs\":[\"https:\\\/\\\/www.facebook.com\\\/benoit.guillon.96\\\/\"]}]}<\/script>\n<!-- \/ Yoast SEO plugin. -->","yoast_head_json":{"title":"Paragomphus genei - Mes Libellules","description":"Paragomphus genei m\u00e2les et femelles en Namibie, description, identification, taille, habitat, distribution g\u00e9ographique, \u00e9tymologie, photos","robots":{"index":"index","follow":"follow","max-snippet":"max-snippet:-1","max-image-preview":"max-image-preview:large","max-video-preview":"max-video-preview:-1"},"canonical":"https:\/\/www.meslibellules.fr\/blog\/2020\/08\/01\/namibie-paragomphus-genei-selys-1841\/","og_locale":"fr_FR","og_type":"article","og_title":"Paragomphus genei - Mes Libellules","og_description":"Paragomphus genei m\u00e2les et femelles en Namibie, description, identification, taille, habitat, distribution g\u00e9ographique, \u00e9tymologie, photos","og_url":"https:\/\/www.meslibellules.fr\/blog\/2020\/08\/01\/namibie-paragomphus-genei-selys-1841\/","og_site_name":"Mes Libellules","article_publisher":"https:\/\/www.facebook.com\/benoit.guillon.96\/","article_author":"https:\/\/www.facebook.com\/benoit.guillon.96\/","article_published_time":"2020-08-01T06:01:59+00:00","article_modified_time":"2025-12-27T07:11:21+00:00","og_image":[{"url":"http:\/\/www.meslibellules.fr\/blog\/wp-content\/uploads\/paragomphus-genei-male-2.jpg","type":"","width":"","height":""}],"author":"Beno\u00eet Guillon","twitter_card":"summary_large_image","twitter_misc":{"\u00c9crit par":"Beno\u00eet Guillon","Dur\u00e9e de lecture estim\u00e9e":"17 minutes"},"schema":{"@context":"https:\/\/schema.org","@graph":[{"@type":"Article","@id":"https:\/\/www.meslibellules.fr\/blog\/2020\/08\/01\/namibie-paragomphus-genei-selys-1841\/#article","isPartOf":{"@id":"https:\/\/www.meslibellules.fr\/blog\/2020\/08\/01\/namibie-paragomphus-genei-selys-1841\/"},"author":{"name":"Beno\u00eet Guillon","@id":"https:\/\/www.meslibellules.fr\/blog\/#\/schema\/person\/9aa3586f9dd053fcf329f43b8b053c77"},"headline":"Namibie &#8211; Paragomphus genei (Selys, 1841)","datePublished":"2020-08-01T06:01:59+00:00","dateModified":"2025-12-27T07:11:21+00:00","mainEntityOfPage":{"@id":"https:\/\/www.meslibellules.fr\/blog\/2020\/08\/01\/namibie-paragomphus-genei-selys-1841\/"},"wordCount":836,"commentCount":2,"publisher":{"@id":"https:\/\/www.meslibellules.fr\/blog\/#\/schema\/person\/9aa3586f9dd053fcf329f43b8b053c77"},"image":{"@id":"https:\/\/www.meslibellules.fr\/blog\/2020\/08\/01\/namibie-paragomphus-genei-selys-1841\/#primaryimage"},"thumbnailUrl":"http:\/\/www.meslibellules.fr\/blog\/wp-content\/uploads\/paragomphus-genei-male-2.jpg","keywords":["Odonates de Namibie - Namibian Odonates","Paragomphus genei","Paragomphus genei- Namibie"],"articleSection":["Gomphidae","Namibie"],"inLanguage":"fr-FR","potentialAction":[{"@type":"CommentAction","name":"Comment","target":["https:\/\/www.meslibellules.fr\/blog\/2020\/08\/01\/namibie-paragomphus-genei-selys-1841\/#respond"]}]},{"@type":"WebPage","@id":"https:\/\/www.meslibellules.fr\/blog\/2020\/08\/01\/namibie-paragomphus-genei-selys-1841\/","url":"https:\/\/www.meslibellules.fr\/blog\/2020\/08\/01\/namibie-paragomphus-genei-selys-1841\/","name":"Paragomphus genei - Mes Libellules","isPartOf":{"@id":"https:\/\/www.meslibellules.fr\/blog\/#website"},"primaryImageOfPage":{"@id":"https:\/\/www.meslibellules.fr\/blog\/2020\/08\/01\/namibie-paragomphus-genei-selys-1841\/#primaryimage"},"image":{"@id":"https:\/\/www.meslibellules.fr\/blog\/2020\/08\/01\/namibie-paragomphus-genei-selys-1841\/#primaryimage"},"thumbnailUrl":"http:\/\/www.meslibellules.fr\/blog\/wp-content\/uploads\/paragomphus-genei-male-2.jpg","datePublished":"2020-08-01T06:01:59+00:00","dateModified":"2025-12-27T07:11:21+00:00","description":"Paragomphus genei m\u00e2les et femelles en Namibie, description, identification, taille, habitat, distribution g\u00e9ographique, \u00e9tymologie, photos","breadcrumb":{"@id":"https:\/\/www.meslibellules.fr\/blog\/2020\/08\/01\/namibie-paragomphus-genei-selys-1841\/#breadcrumb"},"inLanguage":"fr-FR","potentialAction":[{"@type":"ReadAction","target":["https:\/\/www.meslibellules.fr\/blog\/2020\/08\/01\/namibie-paragomphus-genei-selys-1841\/"]}]},{"@type":"ImageObject","inLanguage":"fr-FR","@id":"https:\/\/www.meslibellules.fr\/blog\/2020\/08\/01\/namibie-paragomphus-genei-selys-1841\/#primaryimage","url":"http:\/\/www.meslibellules.fr\/blog\/wp-content\/uploads\/paragomphus-genei-male-2.jpg","contentUrl":"http:\/\/www.meslibellules.fr\/blog\/wp-content\/uploads\/paragomphus-genei-male-2.jpg"},{"@type":"BreadcrumbList","@id":"https:\/\/www.meslibellules.fr\/blog\/2020\/08\/01\/namibie-paragomphus-genei-selys-1841\/#breadcrumb","itemListElement":[{"@type":"ListItem","position":1,"name":"Accueil","item":"https:\/\/www.meslibellules.fr\/blog\/"},{"@type":"ListItem","position":2,"name":"Namibie &#8211; Paragomphus genei (Selys, 1841)"}]},{"@type":"WebSite","@id":"https:\/\/www.meslibellules.fr\/blog\/#website","url":"https:\/\/www.meslibellules.fr\/blog\/","name":"Mes Libellules","description":"Pr\u00e9sentation des libellules rencontr\u00e9es dans le monde","publisher":{"@id":"https:\/\/www.meslibellules.fr\/blog\/#\/schema\/person\/9aa3586f9dd053fcf329f43b8b053c77"},"potentialAction":[{"@type":"SearchAction","target":{"@type":"EntryPoint","urlTemplate":"https:\/\/www.meslibellules.fr\/blog\/?s={search_term_string}"},"query-input":{"@type":"PropertyValueSpecification","valueRequired":true,"valueName":"search_term_string"}}],"inLanguage":"fr-FR"},{"@type":["Person","Organization"],"@id":"https:\/\/www.meslibellules.fr\/blog\/#\/schema\/person\/9aa3586f9dd053fcf329f43b8b053c77","name":"Beno\u00eet Guillon","image":{"@type":"ImageObject","inLanguage":"fr-FR","@id":"https:\/\/www.meslibellules.fr\/blog\/wp-content\/uploads\/cropped-avatar-150-pix.jpg","url":"https:\/\/www.meslibellules.fr\/blog\/wp-content\/uploads\/cropped-avatar-150-pix.jpg","contentUrl":"https:\/\/www.meslibellules.fr\/blog\/wp-content\/uploads\/cropped-avatar-150-pix.jpg","width":150,"height":137,"caption":"Beno\u00eet Guillon"},"logo":{"@id":"https:\/\/www.meslibellules.fr\/blog\/wp-content\/uploads\/cropped-avatar-150-pix.jpg"},"sameAs":["https:\/\/www.facebook.com\/benoit.guillon.96\/"]}]}},"_links":{"self":[{"href":"https:\/\/www.meslibellules.fr\/blog\/wp-json\/wp\/v2\/posts\/6541","targetHints":{"allow":["GET"]}}],"collection":[{"href":"https:\/\/www.meslibellules.fr\/blog\/wp-json\/wp\/v2\/posts"}],"about":[{"href":"https:\/\/www.meslibellules.fr\/blog\/wp-json\/wp\/v2\/types\/post"}],"author":[{"embeddable":true,"href":"https:\/\/www.meslibellules.fr\/blog\/wp-json\/wp\/v2\/users\/1"}],"replies":[{"embeddable":true,"href":"https:\/\/www.meslibellules.fr\/blog\/wp-json\/wp\/v2\/comments?post=6541"}],"version-history":[{"count":10,"href":"https:\/\/www.meslibellules.fr\/blog\/wp-json\/wp\/v2\/posts\/6541\/revisions"}],"predecessor-version":[{"id":27571,"href":"https:\/\/www.meslibellules.fr\/blog\/wp-json\/wp\/v2\/posts\/6541\/revisions\/27571"}],"wp:attachment":[{"href":"https:\/\/www.meslibellules.fr\/blog\/wp-json\/wp\/v2\/media?parent=6541"}],"wp:term":[{"taxonomy":"category","embeddable":true,"href":"https:\/\/www.meslibellules.fr\/blog\/wp-json\/wp\/v2\/categories?post=6541"},{"taxonomy":"post_tag","embeddable":true,"href":"https:\/\/www.meslibellules.fr\/blog\/wp-json\/wp\/v2\/tags?post=6541"}],"curies":[{"name":"wp","href":"https:\/\/api.w.org\/{rel}","templated":true}]}}