{"id":6906,"date":"2020-09-13T05:05:02","date_gmt":"2020-09-13T03:05:02","guid":{"rendered":"http:\/\/www.meslibellules.fr\/blog\/?p=6906"},"modified":"2023-07-30T19:40:18","modified_gmt":"2023-07-30T17:40:18","slug":"rhyothemis-fenestrina","status":"publish","type":"post","link":"https:\/\/www.meslibellules.fr\/blog\/2020\/09\/13\/rhyothemis-fenestrina\/","title":{"rendered":"Namibie &#8211; Rhyothemis fenestrina (Rambur, 1842)"},"content":{"rendered":"\n<figure class=\"wp-block-image aligncenter size-large is-resized\"><a href=\"https:\/\/www.meslibellules.fr\/blog\/wp-content\/uploads\/rhyothemis-fenestrina-male-3.jpg\"><img decoding=\"async\" data-src=\"https:\/\/www.meslibellules.fr\/blog\/wp-content\/uploads\/rhyothemis-fenestrina-male-3.jpg\" alt=\"Rhyothemis fenestrina m\u00e2le, Namibie, mare \u00e0 l'Est de Katima Mulilo (Mubiza), 15\/02\/2020\" class=\"wp-image-6905 lazyload\" width=\"314\" height=\"381\" data-srcset=\"https:\/\/www.meslibellules.fr\/blog\/wp-content\/uploads\/\/rhyothemis-fenestrina-male-3.jpg 828w, https:\/\/www.meslibellules.fr\/blog\/wp-content\/uploads\/\/rhyothemis-fenestrina-male-3-768x931.jpg 768w\" data-sizes=\"(max-width: 314px) 100vw, 314px\" src=\"data:image\/svg+xml;base64,PHN2ZyB3aWR0aD0iMSIgaGVpZ2h0PSIxIiB4bWxucz0iaHR0cDovL3d3dy53My5vcmcvMjAwMC9zdmciPjwvc3ZnPg==\" style=\"--smush-placeholder-width: 314px; --smush-placeholder-aspect-ratio: 314\/381;\" \/><\/a><figcaption class=\"wp-element-caption\">Rhyothemis fenestrina m\u00e2le, Namibie, mare \u00e0 l&rsquo;Est de Katima Mulilo (Mubiza), 15\/02\/2020<\/figcaption><\/figure>\n\n\n\n<p style=\"font-size:15px\">Le genre Rhyothemis est cher au c\u0153ur des amateurs d&rsquo;odonates et  je me souviens de ma surprise la premi\u00e8re fois que j&rsquo;en ai rencontr\u00e9 un membre en Asie, le tr\u00e8s commun <a rel=\"noreferrer noopener\" href=\"http:\/\/www.meslibellules.fr\/voyages\/cambodge\/rhyovarieg\/rhyothvarieg1.php\" target=\"_blank\">Rhyothemis variegata<\/a> au Cambodge. Ils sont imm\u00e9diatement identifiables par leurs ailes largement color\u00e9es.<br>Il y a 2 Rhyothemis en Namibie (5 en Afrique, plus de 20 dans le monde), Rhyothemis fenestrina est celui qui montre la coloration alaire la plus \u00e9tendue, avec des reflets iris\u00e9s et changeant en fonction de la position de l&rsquo;observateur et de la lumi\u00e8re.<\/p>\n\n\n\n<figure class=\"wp-block-image aligncenter size-large is-resized\"><a href=\"https:\/\/www.meslibellules.fr\/blog\/wp-content\/uploads\/rhyothemis-fenestrina-male-1.jpg\"><img decoding=\"async\" data-src=\"https:\/\/www.meslibellules.fr\/blog\/wp-content\/uploads\/rhyothemis-fenestrina-male-1.jpg\" alt=\"Skylight Flutterer male, Namibia, pond east from de Katima Mulilo (Mubiza), 15\/02\/2020\" class=\"wp-image-6903 lazyload\" width=\"494\" height=\"328\" data-srcset=\"https:\/\/www.meslibellules.fr\/blog\/wp-content\/uploads\/\/rhyothemis-fenestrina-male-1.jpg 1511w, https:\/\/www.meslibellules.fr\/blog\/wp-content\/uploads\/\/rhyothemis-fenestrina-male-1-768x510.jpg 768w, https:\/\/www.meslibellules.fr\/blog\/wp-content\/uploads\/\/rhyothemis-fenestrina-male-1-1200x797.jpg 1200w\" data-sizes=\"(max-width: 494px) 100vw, 494px\" src=\"data:image\/svg+xml;base64,PHN2ZyB3aWR0aD0iMSIgaGVpZ2h0PSIxIiB4bWxucz0iaHR0cDovL3d3dy53My5vcmcvMjAwMC9zdmciPjwvc3ZnPg==\" style=\"--smush-placeholder-width: 494px; --smush-placeholder-aspect-ratio: 494\/328;\" \/><\/a><figcaption class=\"wp-element-caption\">Rhyothemis fenestrina m\u00e2le, Namibie, mare \u00e0 l&rsquo;Est de Katima Mulilo (Mubiza), 15\/02\/2020<\/figcaption><\/figure>\n\n\n\n<p style=\"font-size:15px\">Ce nom de genre peut sembler complexe ; <em>Themis<\/em> est cependant tr\u00e8s utilis\u00e9 pour nommer les Libellulidae ; c&rsquo;est la d\u00e9esse grecque de la justice, du droit de l&rsquo;ordre et semble tout \u00e0 fait appropri\u00e9 pour mettre de l&rsquo;ordre parmi les odonates. <em>Rhyo<\/em>, vient de Rhyolite, une roche magmatique comportant des inclusions de nombreux autres min\u00e9raux, r\u00e9cemment d\u00e9crite quand Hagen en 1867 a cr\u00e9\u00e9 le genre et qui montre des couleurs variables et irr\u00e9guli\u00e8res comme les ailes de ces odonates.<br>Fenestrina est plus parlant (fenestra en latin) et \u00e9voque les fen\u00eatres hyalines des ailes entour\u00e9es de zones sombres.<br> Voici la description de Rambur dans <em>Histoire Naturelle des Insectes &#8211; N\u00e9vropt\u00e8res &#8211; 1842<\/em> :<\/p>\n\n\n\n<p class=\"has-small-font-size\"><em>LIBELLULA FENESTRINA, mihi.<br>Flavo-rufescens; alis dilute fusco-rufescentibus, macula apicali,<br>anticis macula m\u00e9dia et alla postica obsolela, posticis m\u00e9dia et<br>aliis ad basim reticulatis, hyalinis.<br>De la grandeur de la Flaveola (<\/em>Sympetrum flaveolum !<em>), mais les ailes plus courtes. T\u00eate ayant<br>la face jaune. Corps jaune avec des nuances rousses. Ailes d&rsquo;un brun<br>roux p\u00e2le, ayant un reflet violet plus ou moins dor\u00e9, le sommet des quatre,<br>une tache un peu au del\u00e0 du milieu, une autre peu sensible post\u00e9rieurement<br>et en s&rsquo;approchant de la base aux sup\u00e9rieures, et plusieurs<br>autres \u00e0 la base des inf\u00e9rieures r\u00e9ticul\u00e9es, transparentes, bord post\u00e9,<br>rieur un peu transparent; pt\u00e9rostigma couleur de l&rsquo;aile ; triangle r\u00e9ticul\u00e9<br>(5, 6 ar\u00e9oles).<br>D\u00e9crit d&rsquo;apr\u00e8s un individu femelle tr\u00e8s-incomplet de la collection de<br>M. Serville.<\/em><br><\/p>\n\n\n\n<figure class=\"wp-block-image aligncenter size-large is-resized\"><a href=\"https:\/\/www.meslibellules.fr\/blog\/wp-content\/uploads\/rhyothemis-fenestrina-male-2.jpg\"><img decoding=\"async\" data-src=\"https:\/\/www.meslibellules.fr\/blog\/wp-content\/uploads\/rhyothemis-fenestrina-male-2.jpg\" alt=\"Rhyothemis fenestrina m\u00e2le, Namibie, mare \u00e0 l'Est de Katima Mulilo (Mubiza), 15\/02\/2020\" class=\"wp-image-6904 lazyload\" width=\"366\" height=\"361\" data-srcset=\"https:\/\/www.meslibellules.fr\/blog\/wp-content\/uploads\/\/rhyothemis-fenestrina-male-2.jpg 1218w, https:\/\/www.meslibellules.fr\/blog\/wp-content\/uploads\/\/rhyothemis-fenestrina-male-2-768x759.jpg 768w, https:\/\/www.meslibellules.fr\/blog\/wp-content\/uploads\/\/rhyothemis-fenestrina-male-2-1200x1186.jpg 1200w\" data-sizes=\"(max-width: 366px) 100vw, 366px\" src=\"data:image\/svg+xml;base64,PHN2ZyB3aWR0aD0iMSIgaGVpZ2h0PSIxIiB4bWxucz0iaHR0cDovL3d3dy53My5vcmcvMjAwMC9zdmciPjwvc3ZnPg==\" style=\"--smush-placeholder-width: 366px; --smush-placeholder-aspect-ratio: 366\/361;\" \/><\/a><figcaption class=\"wp-element-caption\">Rhyothemis fenestrina m\u00e2le, Namibie, mare \u00e0 l&rsquo;Est de Katima Mulilo (Mubiza), 15\/02\/2020<\/figcaption><\/figure>\n\n\n\n<p style=\"font-size:15px\"><br>Il mesure pr\u00e8s de 30 mm, et on note, comme pour tous les membres du genre, la largeur des ailes post\u00e9rieures ; ils sont faits pour voler longuement et on les observe souvent regroup\u00e9s en essaim, \u00e0 plusieurs m\u00e8tres de haut, se nourrissant inlassablement de petits insectes. Ils fr\u00e9quentent les marais.<br>Ils ont un vol assez particulier, un vol battu comme un papillon ce qui leur vaut le nom de genre anglais Fluttering (Rhyothemis mariposa insiste sur ce d\u00e9tail puisque <em>mariposa<\/em> signifie <em>papillon<\/em> en espagnol).<br><br>Les femelles montrent les m\u00eames motifs alaires, un peu plus clairs, mais tout aussi spectaculaires.<\/p>\n\n\n\n<figure class=\"wp-block-image aligncenter size-large is-resized\"><a href=\"https:\/\/www.meslibellules.fr\/blog\/wp-content\/uploads\/rhyothemis-fenestrina-female-3.jpg\"><img decoding=\"async\" data-src=\"https:\/\/www.meslibellules.fr\/blog\/wp-content\/uploads\/rhyothemis-fenestrina-female-3.jpg\" alt=\"Rhyothemis fenestrina femelle, Namibie, mare \u00e0 l'Est de Katima Mulilo, 15\/02\/2020\" class=\"wp-image-6901 lazyload\" width=\"466\" height=\"345\" data-srcset=\"https:\/\/www.meslibellules.fr\/blog\/wp-content\/uploads\/\/rhyothemis-fenestrina-female-3.jpg 1353w, https:\/\/www.meslibellules.fr\/blog\/wp-content\/uploads\/\/rhyothemis-fenestrina-female-3-768x570.jpg 768w, https:\/\/www.meslibellules.fr\/blog\/wp-content\/uploads\/\/rhyothemis-fenestrina-female-3-1200x890.jpg 1200w\" data-sizes=\"(max-width: 466px) 100vw, 466px\" src=\"data:image\/svg+xml;base64,PHN2ZyB3aWR0aD0iMSIgaGVpZ2h0PSIxIiB4bWxucz0iaHR0cDovL3d3dy53My5vcmcvMjAwMC9zdmciPjwvc3ZnPg==\" style=\"--smush-placeholder-width: 466px; --smush-placeholder-aspect-ratio: 466\/345;\" \/><\/a><figcaption class=\"wp-element-caption\">Rhyothemis fenestrina femelle, Namibie, mare \u00e0 l&rsquo;Est de Katima Mulilo, 15\/02\/2020<\/figcaption><\/figure>\n\n\n\n<p style=\"font-size:15px\">On le rencontre dans toute l&rsquo;Afrique subtropicale,  sauf \u00e0 l&rsquo;est en Somalie, Mozambique et Zimbabwe, et en Afrique du Sud.<br><a href=\"https:\/\/www.iucnredlist.org\/species\/60036\/86058254\">IUCN Red List<\/a><\/p>\n\n\n\n<figure class=\"wp-block-gallery has-nested-images columns-default is-cropped wp-block-gallery-1 is-layout-flex wp-block-gallery-is-layout-flex\">\n<figure class=\"wp-block-image size-large\"><a href=\"https:\/\/www.meslibellules.fr\/blog\/wp-content\/uploads\/rhyothemis-fenestrina-female-4.jpg\"><img decoding=\"async\" width=\"1390\" height=\"1004\" data-id=\"6902\" data-src=\"https:\/\/www.meslibellules.fr\/blog\/wp-content\/uploads\/rhyothemis-fenestrina-female-4.jpg\" alt=\"Rhyothemis fenestrina femelle, Namibie, mare \u00e0 l'Est de Katima Mulilo, 15\/02\/2020\" class=\"wp-image-6902 lazyload\" data-srcset=\"https:\/\/www.meslibellules.fr\/blog\/wp-content\/uploads\/\/rhyothemis-fenestrina-female-4.jpg 1390w, https:\/\/www.meslibellules.fr\/blog\/wp-content\/uploads\/\/rhyothemis-fenestrina-female-4-768x555.jpg 768w, https:\/\/www.meslibellules.fr\/blog\/wp-content\/uploads\/\/rhyothemis-fenestrina-female-4-1200x867.jpg 1200w\" data-sizes=\"(max-width: 1390px) 100vw, 1390px\" src=\"data:image\/svg+xml;base64,PHN2ZyB3aWR0aD0iMSIgaGVpZ2h0PSIxIiB4bWxucz0iaHR0cDovL3d3dy53My5vcmcvMjAwMC9zdmciPjwvc3ZnPg==\" style=\"--smush-placeholder-width: 1390px; --smush-placeholder-aspect-ratio: 1390\/1004;\" \/><\/a><\/figure>\n\n\n\n<figure class=\"wp-block-image size-large\"><a href=\"https:\/\/www.meslibellules.fr\/blog\/wp-content\/uploads\/rhyothemis-fenestrina-female-1.jpg\"><img decoding=\"async\" width=\"1237\" height=\"1004\" data-id=\"6899\" data-src=\"https:\/\/www.meslibellules.fr\/blog\/wp-content\/uploads\/rhyothemis-fenestrina-female-1.jpg\" alt=\"Skylight Flutterer female, Namibia, Parc National de Bwabwata, 20\/02\/2020\" class=\"wp-image-6899 lazyload\" data-srcset=\"https:\/\/www.meslibellules.fr\/blog\/wp-content\/uploads\/\/rhyothemis-fenestrina-female-1.jpg 1237w, https:\/\/www.meslibellules.fr\/blog\/wp-content\/uploads\/\/rhyothemis-fenestrina-female-1-768x623.jpg 768w, https:\/\/www.meslibellules.fr\/blog\/wp-content\/uploads\/\/rhyothemis-fenestrina-female-1-1200x974.jpg 1200w\" data-sizes=\"(max-width: 1237px) 100vw, 1237px\" src=\"data:image\/svg+xml;base64,PHN2ZyB3aWR0aD0iMSIgaGVpZ2h0PSIxIiB4bWxucz0iaHR0cDovL3d3dy53My5vcmcvMjAwMC9zdmciPjwvc3ZnPg==\" style=\"--smush-placeholder-width: 1237px; --smush-placeholder-aspect-ratio: 1237\/1004;\" \/><\/a><\/figure>\n<figcaption class=\"blocks-gallery-caption wp-element-caption\">A gauche <em>Rhyothemis fenestrina femelle, Namibie, mare \u00e0 l&rsquo;Est de Katima Mulilo, 15\/02\/2020<\/em>.<br>A droite <em>Rhyothemis fenestrina femelle, Namibie, Parc National de Bwabwata, 20\/02\/2020<\/em>.<br><\/figcaption><\/figure>\n\n\n\n<p style=\"font-size:15px\">Et quand le soleil joue avec leurs ailes iris\u00e9es le spectacle vaut le voyage jusqu&rsquo;en Namibie !<\/p>\n\n\n\n<figure class=\"wp-block-image aligncenter size-large is-resized\"><a href=\"https:\/\/www.meslibellules.fr\/blog\/wp-content\/uploads\/rhyothemis-fenestrina-female-2.jpg\"><img decoding=\"async\" data-src=\"https:\/\/www.meslibellules.fr\/blog\/wp-content\/uploads\/rhyothemis-fenestrina-female-2.jpg\" alt=\"Rhyothemis fenestrina femelle, Namibie, Parc National de Bwabwata, 20\/02\/2020\" class=\"wp-image-6900 lazyload\" width=\"502\" height=\"300\" data-srcset=\"https:\/\/www.meslibellules.fr\/blog\/wp-content\/uploads\/\/rhyothemis-fenestrina-female-2.jpg 1677w, https:\/\/www.meslibellules.fr\/blog\/wp-content\/uploads\/\/rhyothemis-fenestrina-female-2-768x460.jpg 768w, https:\/\/www.meslibellules.fr\/blog\/wp-content\/uploads\/\/rhyothemis-fenestrina-female-2-1536x920.jpg 1536w, https:\/\/www.meslibellules.fr\/blog\/wp-content\/uploads\/\/rhyothemis-fenestrina-female-2-1200x718.jpg 1200w\" data-sizes=\"(max-width: 502px) 100vw, 502px\" src=\"data:image\/svg+xml;base64,PHN2ZyB3aWR0aD0iMSIgaGVpZ2h0PSIxIiB4bWxucz0iaHR0cDovL3d3dy53My5vcmcvMjAwMC9zdmciPjwvc3ZnPg==\" style=\"--smush-placeholder-width: 502px; --smush-placeholder-aspect-ratio: 502\/300;\" \/><\/a><figcaption class=\"wp-element-caption\">Rhyothemis fenestrina femelle, Namibie, Parc National de Bwabwata, 20\/02\/2020<\/figcaption><\/figure>\n\n\n\n<div style=\"height:35px\" aria-hidden=\"true\" class=\"wp-block-spacer\"><\/div>\n\n\n\n<div class=\"wp-block-buttons is-layout-flex wp-block-buttons-is-layout-flex\">\n<div class=\"wp-block-button\"><a class=\"wp-block-button__link wp-element-button\" href=\"https:\/\/www.meslibellules.fr\/blog\/odonates-de-namibie-namibian-odonates\/\">Accueil Namibie<\/a><\/div>\n<\/div>\n","protected":false},"excerpt":{"rendered":"<p>Le genre Rhyothemis est cher au c\u0153ur des amateurs d&rsquo;odonates et je me souviens de ma surprise la premi\u00e8re fois que j&rsquo;en ai rencontr\u00e9 un membre en Asie, le tr\u00e8s commun Rhyothemis variegata au Cambodge. Ils sont imm\u00e9diatement identifiables par leurs ailes largement color\u00e9es.Il y a 2 Rhyothemis en Namibie (5 en Afrique, plus de [&hellip;]<\/p>\n","protected":false},"author":1,"featured_media":0,"comment_status":"open","ping_status":"open","sticky":false,"template":"","format":"image","meta":{"site-sidebar-layout":"default","site-content-layout":"","ast-site-content-layout":"default","site-content-style":"default","site-sidebar-style":"default","ast-global-header-display":"","ast-banner-title-visibility":"","ast-main-header-display":"","ast-hfb-above-header-display":"","ast-hfb-below-header-display":"","ast-hfb-mobile-header-display":"","site-post-title":"","ast-breadcrumbs-content":"","ast-featured-img":"","footer-sml-layout":"","ast-disable-related-posts":"","theme-transparent-header-meta":"","adv-header-id-meta":"","stick-header-meta":"","header-above-stick-meta":"","header-main-stick-meta":"","header-below-stick-meta":"","astra-migrate-meta-layouts":"default","ast-page-background-enabled":"default","ast-page-background-meta":{"desktop":{"background-color":"var(--ast-global-color-4)","background-image":"","background-repeat":"repeat","background-position":"center center","background-size":"auto","background-attachment":"scroll","background-type":"","background-media":"","overlay-type":"","overlay-color":"","overlay-opacity":"","overlay-gradient":""},"tablet":{"background-color":"","background-image":"","background-repeat":"repeat","background-position":"center center","background-size":"auto","background-attachment":"scroll","background-type":"","background-media":"","overlay-type":"","overlay-color":"","overlay-opacity":"","overlay-gradient":""},"mobile":{"background-color":"","background-image":"","background-repeat":"repeat","background-position":"center center","background-size":"auto","background-attachment":"scroll","background-type":"","background-media":"","overlay-type":"","overlay-color":"","overlay-opacity":"","overlay-gradient":""}},"ast-content-background-meta":{"desktop":{"background-color":"var(--ast-global-color-5)","background-image":"","background-repeat":"repeat","background-position":"center center","background-size":"auto","background-attachment":"scroll","background-type":"","background-media":"","overlay-type":"","overlay-color":"","overlay-opacity":"","overlay-gradient":""},"tablet":{"background-color":"var(--ast-global-color-5)","background-image":"","background-repeat":"repeat","background-position":"center center","background-size":"auto","background-attachment":"scroll","background-type":"","background-media":"","overlay-type":"","overlay-color":"","overlay-opacity":"","overlay-gradient":""},"mobile":{"background-color":"var(--ast-global-color-5)","background-image":"","background-repeat":"repeat","background-position":"center center","background-size":"auto","background-attachment":"scroll","background-type":"","background-media":"","overlay-type":"","overlay-color":"","overlay-opacity":"","overlay-gradient":""}},"footnotes":""},"categories":[278,274],"tags":[384,391],"class_list":["post-6906","post","type-post","status-publish","format-image","hentry","category-libellulidae-namibie-2","category-namibie","tag-libellulidae-namibie","tag-rhyothemis-fenestrina-namibie","post_format-post-format-image"],"yoast_head":"<!-- This site is optimized with the Yoast SEO plugin v27.5 - https:\/\/yoast.com\/product\/yoast-seo-wordpress\/ -->\n<title>Rhyothemis fenestrina - Mes Libellules<\/title>\n<meta name=\"description\" content=\"Rhyothemis fenestrina m\u00e2les et femelles, description, identification, taille, habitat, distribution g\u00e9ographique, \u00e9tymologie\" \/>\n<meta name=\"robots\" content=\"index, follow, max-snippet:-1, max-image-preview:large, max-video-preview:-1\" \/>\n<link rel=\"canonical\" href=\"https:\/\/www.meslibellules.fr\/blog\/2020\/09\/13\/rhyothemis-fenestrina\/\" \/>\n<meta property=\"og:locale\" content=\"fr_FR\" \/>\n<meta property=\"og:type\" content=\"article\" \/>\n<meta property=\"og:title\" content=\"Rhyothemis fenestrina - Mes Libellules\" \/>\n<meta property=\"og:description\" content=\"Rhyothemis fenestrina m\u00e2les et femelles, description, identification, taille, habitat, distribution g\u00e9ographique, \u00e9tymologie\" \/>\n<meta property=\"og:url\" content=\"https:\/\/www.meslibellules.fr\/blog\/2020\/09\/13\/rhyothemis-fenestrina\/\" \/>\n<meta property=\"og:site_name\" content=\"Mes Libellules\" \/>\n<meta property=\"article:publisher\" content=\"https:\/\/www.facebook.com\/benoit.guillon.96\/\" \/>\n<meta property=\"article:author\" content=\"https:\/\/www.facebook.com\/benoit.guillon.96\/\" \/>\n<meta property=\"article:published_time\" content=\"2020-09-13T03:05:02+00:00\" \/>\n<meta property=\"article:modified_time\" content=\"2023-07-30T17:40:18+00:00\" \/>\n<meta property=\"og:image\" content=\"http:\/\/www.meslibellules.fr\/blog\/wp-content\/uploads\/rhyothemis-fenestrina-male-3.jpg\" \/>\n<meta name=\"author\" content=\"Beno\u00eet Guillon\" \/>\n<meta name=\"twitter:card\" content=\"summary_large_image\" \/>\n<meta name=\"twitter:label1\" content=\"\u00c9crit par\" \/>\n\t<meta name=\"twitter:data1\" content=\"Beno\u00eet Guillon\" \/>\n\t<meta name=\"twitter:label2\" content=\"Dur\u00e9e de lecture estim\u00e9e\" \/>\n\t<meta name=\"twitter:data2\" content=\"5 minutes\" \/>\n<script type=\"application\/ld+json\" class=\"yoast-schema-graph\">{\"@context\":\"https:\\\/\\\/schema.org\",\"@graph\":[{\"@type\":\"Article\",\"@id\":\"https:\\\/\\\/www.meslibellules.fr\\\/blog\\\/2020\\\/09\\\/13\\\/rhyothemis-fenestrina\\\/#article\",\"isPartOf\":{\"@id\":\"https:\\\/\\\/www.meslibellules.fr\\\/blog\\\/2020\\\/09\\\/13\\\/rhyothemis-fenestrina\\\/\"},\"author\":{\"name\":\"Beno\u00eet Guillon\",\"@id\":\"https:\\\/\\\/www.meslibellules.fr\\\/blog\\\/#\\\/schema\\\/person\\\/9aa3586f9dd053fcf329f43b8b053c77\"},\"headline\":\"Namibie &#8211; Rhyothemis fenestrina (Rambur, 1842)\",\"datePublished\":\"2020-09-13T03:05:02+00:00\",\"dateModified\":\"2023-07-30T17:40:18+00:00\",\"mainEntityOfPage\":{\"@id\":\"https:\\\/\\\/www.meslibellules.fr\\\/blog\\\/2020\\\/09\\\/13\\\/rhyothemis-fenestrina\\\/\"},\"wordCount\":577,\"commentCount\":0,\"publisher\":{\"@id\":\"https:\\\/\\\/www.meslibellules.fr\\\/blog\\\/#\\\/schema\\\/person\\\/9aa3586f9dd053fcf329f43b8b053c77\"},\"image\":{\"@id\":\"https:\\\/\\\/www.meslibellules.fr\\\/blog\\\/2020\\\/09\\\/13\\\/rhyothemis-fenestrina\\\/#primaryimage\"},\"thumbnailUrl\":\"http:\\\/\\\/www.meslibellules.fr\\\/blog\\\/wp-content\\\/uploads\\\/rhyothemis-fenestrina-male-3.jpg\",\"keywords\":[\"Libellulidae - Namibie\",\"Rhyothemis fenestrina - Namibie\"],\"articleSection\":[\"Libellulidae\",\"Namibie\"],\"inLanguage\":\"fr-FR\",\"potentialAction\":[{\"@type\":\"CommentAction\",\"name\":\"Comment\",\"target\":[\"https:\\\/\\\/www.meslibellules.fr\\\/blog\\\/2020\\\/09\\\/13\\\/rhyothemis-fenestrina\\\/#respond\"]}]},{\"@type\":\"WebPage\",\"@id\":\"https:\\\/\\\/www.meslibellules.fr\\\/blog\\\/2020\\\/09\\\/13\\\/rhyothemis-fenestrina\\\/\",\"url\":\"https:\\\/\\\/www.meslibellules.fr\\\/blog\\\/2020\\\/09\\\/13\\\/rhyothemis-fenestrina\\\/\",\"name\":\"Rhyothemis fenestrina - Mes Libellules\",\"isPartOf\":{\"@id\":\"https:\\\/\\\/www.meslibellules.fr\\\/blog\\\/#website\"},\"primaryImageOfPage\":{\"@id\":\"https:\\\/\\\/www.meslibellules.fr\\\/blog\\\/2020\\\/09\\\/13\\\/rhyothemis-fenestrina\\\/#primaryimage\"},\"image\":{\"@id\":\"https:\\\/\\\/www.meslibellules.fr\\\/blog\\\/2020\\\/09\\\/13\\\/rhyothemis-fenestrina\\\/#primaryimage\"},\"thumbnailUrl\":\"http:\\\/\\\/www.meslibellules.fr\\\/blog\\\/wp-content\\\/uploads\\\/rhyothemis-fenestrina-male-3.jpg\",\"datePublished\":\"2020-09-13T03:05:02+00:00\",\"dateModified\":\"2023-07-30T17:40:18+00:00\",\"description\":\"Rhyothemis fenestrina m\u00e2les et femelles, description, identification, taille, habitat, distribution g\u00e9ographique, \u00e9tymologie\",\"breadcrumb\":{\"@id\":\"https:\\\/\\\/www.meslibellules.fr\\\/blog\\\/2020\\\/09\\\/13\\\/rhyothemis-fenestrina\\\/#breadcrumb\"},\"inLanguage\":\"fr-FR\",\"potentialAction\":[{\"@type\":\"ReadAction\",\"target\":[\"https:\\\/\\\/www.meslibellules.fr\\\/blog\\\/2020\\\/09\\\/13\\\/rhyothemis-fenestrina\\\/\"]}]},{\"@type\":\"ImageObject\",\"inLanguage\":\"fr-FR\",\"@id\":\"https:\\\/\\\/www.meslibellules.fr\\\/blog\\\/2020\\\/09\\\/13\\\/rhyothemis-fenestrina\\\/#primaryimage\",\"url\":\"http:\\\/\\\/www.meslibellules.fr\\\/blog\\\/wp-content\\\/uploads\\\/rhyothemis-fenestrina-male-3.jpg\",\"contentUrl\":\"http:\\\/\\\/www.meslibellules.fr\\\/blog\\\/wp-content\\\/uploads\\\/rhyothemis-fenestrina-male-3.jpg\"},{\"@type\":\"BreadcrumbList\",\"@id\":\"https:\\\/\\\/www.meslibellules.fr\\\/blog\\\/2020\\\/09\\\/13\\\/rhyothemis-fenestrina\\\/#breadcrumb\",\"itemListElement\":[{\"@type\":\"ListItem\",\"position\":1,\"name\":\"Accueil\",\"item\":\"https:\\\/\\\/www.meslibellules.fr\\\/blog\\\/\"},{\"@type\":\"ListItem\",\"position\":2,\"name\":\"Namibie &#8211; Rhyothemis fenestrina (Rambur, 1842)\"}]},{\"@type\":\"WebSite\",\"@id\":\"https:\\\/\\\/www.meslibellules.fr\\\/blog\\\/#website\",\"url\":\"https:\\\/\\\/www.meslibellules.fr\\\/blog\\\/\",\"name\":\"Mes Libellules\",\"description\":\"Pr\u00e9sentation des libellules rencontr\u00e9es dans le monde\",\"publisher\":{\"@id\":\"https:\\\/\\\/www.meslibellules.fr\\\/blog\\\/#\\\/schema\\\/person\\\/9aa3586f9dd053fcf329f43b8b053c77\"},\"potentialAction\":[{\"@type\":\"SearchAction\",\"target\":{\"@type\":\"EntryPoint\",\"urlTemplate\":\"https:\\\/\\\/www.meslibellules.fr\\\/blog\\\/?s={search_term_string}\"},\"query-input\":{\"@type\":\"PropertyValueSpecification\",\"valueRequired\":true,\"valueName\":\"search_term_string\"}}],\"inLanguage\":\"fr-FR\"},{\"@type\":[\"Person\",\"Organization\"],\"@id\":\"https:\\\/\\\/www.meslibellules.fr\\\/blog\\\/#\\\/schema\\\/person\\\/9aa3586f9dd053fcf329f43b8b053c77\",\"name\":\"Beno\u00eet Guillon\",\"image\":{\"@type\":\"ImageObject\",\"inLanguage\":\"fr-FR\",\"@id\":\"https:\\\/\\\/www.meslibellules.fr\\\/blog\\\/wp-content\\\/uploads\\\/cropped-avatar-150-pix.jpg\",\"url\":\"https:\\\/\\\/www.meslibellules.fr\\\/blog\\\/wp-content\\\/uploads\\\/cropped-avatar-150-pix.jpg\",\"contentUrl\":\"https:\\\/\\\/www.meslibellules.fr\\\/blog\\\/wp-content\\\/uploads\\\/cropped-avatar-150-pix.jpg\",\"width\":150,\"height\":137,\"caption\":\"Beno\u00eet Guillon\"},\"logo\":{\"@id\":\"https:\\\/\\\/www.meslibellules.fr\\\/blog\\\/wp-content\\\/uploads\\\/cropped-avatar-150-pix.jpg\"},\"sameAs\":[\"https:\\\/\\\/www.facebook.com\\\/benoit.guillon.96\\\/\"]}]}<\/script>\n<!-- \/ Yoast SEO plugin. -->","yoast_head_json":{"title":"Rhyothemis fenestrina - Mes Libellules","description":"Rhyothemis fenestrina m\u00e2les et femelles, description, identification, taille, habitat, distribution g\u00e9ographique, \u00e9tymologie","robots":{"index":"index","follow":"follow","max-snippet":"max-snippet:-1","max-image-preview":"max-image-preview:large","max-video-preview":"max-video-preview:-1"},"canonical":"https:\/\/www.meslibellules.fr\/blog\/2020\/09\/13\/rhyothemis-fenestrina\/","og_locale":"fr_FR","og_type":"article","og_title":"Rhyothemis fenestrina - Mes Libellules","og_description":"Rhyothemis fenestrina m\u00e2les et femelles, description, identification, taille, habitat, distribution g\u00e9ographique, \u00e9tymologie","og_url":"https:\/\/www.meslibellules.fr\/blog\/2020\/09\/13\/rhyothemis-fenestrina\/","og_site_name":"Mes Libellules","article_publisher":"https:\/\/www.facebook.com\/benoit.guillon.96\/","article_author":"https:\/\/www.facebook.com\/benoit.guillon.96\/","article_published_time":"2020-09-13T03:05:02+00:00","article_modified_time":"2023-07-30T17:40:18+00:00","og_image":[{"url":"http:\/\/www.meslibellules.fr\/blog\/wp-content\/uploads\/rhyothemis-fenestrina-male-3.jpg","type":"","width":"","height":""}],"author":"Beno\u00eet Guillon","twitter_card":"summary_large_image","twitter_misc":{"\u00c9crit par":"Beno\u00eet Guillon","Dur\u00e9e de lecture estim\u00e9e":"5 minutes"},"schema":{"@context":"https:\/\/schema.org","@graph":[{"@type":"Article","@id":"https:\/\/www.meslibellules.fr\/blog\/2020\/09\/13\/rhyothemis-fenestrina\/#article","isPartOf":{"@id":"https:\/\/www.meslibellules.fr\/blog\/2020\/09\/13\/rhyothemis-fenestrina\/"},"author":{"name":"Beno\u00eet Guillon","@id":"https:\/\/www.meslibellules.fr\/blog\/#\/schema\/person\/9aa3586f9dd053fcf329f43b8b053c77"},"headline":"Namibie &#8211; Rhyothemis fenestrina (Rambur, 1842)","datePublished":"2020-09-13T03:05:02+00:00","dateModified":"2023-07-30T17:40:18+00:00","mainEntityOfPage":{"@id":"https:\/\/www.meslibellules.fr\/blog\/2020\/09\/13\/rhyothemis-fenestrina\/"},"wordCount":577,"commentCount":0,"publisher":{"@id":"https:\/\/www.meslibellules.fr\/blog\/#\/schema\/person\/9aa3586f9dd053fcf329f43b8b053c77"},"image":{"@id":"https:\/\/www.meslibellules.fr\/blog\/2020\/09\/13\/rhyothemis-fenestrina\/#primaryimage"},"thumbnailUrl":"http:\/\/www.meslibellules.fr\/blog\/wp-content\/uploads\/rhyothemis-fenestrina-male-3.jpg","keywords":["Libellulidae - Namibie","Rhyothemis fenestrina - Namibie"],"articleSection":["Libellulidae","Namibie"],"inLanguage":"fr-FR","potentialAction":[{"@type":"CommentAction","name":"Comment","target":["https:\/\/www.meslibellules.fr\/blog\/2020\/09\/13\/rhyothemis-fenestrina\/#respond"]}]},{"@type":"WebPage","@id":"https:\/\/www.meslibellules.fr\/blog\/2020\/09\/13\/rhyothemis-fenestrina\/","url":"https:\/\/www.meslibellules.fr\/blog\/2020\/09\/13\/rhyothemis-fenestrina\/","name":"Rhyothemis fenestrina - Mes Libellules","isPartOf":{"@id":"https:\/\/www.meslibellules.fr\/blog\/#website"},"primaryImageOfPage":{"@id":"https:\/\/www.meslibellules.fr\/blog\/2020\/09\/13\/rhyothemis-fenestrina\/#primaryimage"},"image":{"@id":"https:\/\/www.meslibellules.fr\/blog\/2020\/09\/13\/rhyothemis-fenestrina\/#primaryimage"},"thumbnailUrl":"http:\/\/www.meslibellules.fr\/blog\/wp-content\/uploads\/rhyothemis-fenestrina-male-3.jpg","datePublished":"2020-09-13T03:05:02+00:00","dateModified":"2023-07-30T17:40:18+00:00","description":"Rhyothemis fenestrina m\u00e2les et femelles, description, identification, taille, habitat, distribution g\u00e9ographique, \u00e9tymologie","breadcrumb":{"@id":"https:\/\/www.meslibellules.fr\/blog\/2020\/09\/13\/rhyothemis-fenestrina\/#breadcrumb"},"inLanguage":"fr-FR","potentialAction":[{"@type":"ReadAction","target":["https:\/\/www.meslibellules.fr\/blog\/2020\/09\/13\/rhyothemis-fenestrina\/"]}]},{"@type":"ImageObject","inLanguage":"fr-FR","@id":"https:\/\/www.meslibellules.fr\/blog\/2020\/09\/13\/rhyothemis-fenestrina\/#primaryimage","url":"http:\/\/www.meslibellules.fr\/blog\/wp-content\/uploads\/rhyothemis-fenestrina-male-3.jpg","contentUrl":"http:\/\/www.meslibellules.fr\/blog\/wp-content\/uploads\/rhyothemis-fenestrina-male-3.jpg"},{"@type":"BreadcrumbList","@id":"https:\/\/www.meslibellules.fr\/blog\/2020\/09\/13\/rhyothemis-fenestrina\/#breadcrumb","itemListElement":[{"@type":"ListItem","position":1,"name":"Accueil","item":"https:\/\/www.meslibellules.fr\/blog\/"},{"@type":"ListItem","position":2,"name":"Namibie &#8211; Rhyothemis fenestrina (Rambur, 1842)"}]},{"@type":"WebSite","@id":"https:\/\/www.meslibellules.fr\/blog\/#website","url":"https:\/\/www.meslibellules.fr\/blog\/","name":"Mes Libellules","description":"Pr\u00e9sentation des libellules rencontr\u00e9es dans le monde","publisher":{"@id":"https:\/\/www.meslibellules.fr\/blog\/#\/schema\/person\/9aa3586f9dd053fcf329f43b8b053c77"},"potentialAction":[{"@type":"SearchAction","target":{"@type":"EntryPoint","urlTemplate":"https:\/\/www.meslibellules.fr\/blog\/?s={search_term_string}"},"query-input":{"@type":"PropertyValueSpecification","valueRequired":true,"valueName":"search_term_string"}}],"inLanguage":"fr-FR"},{"@type":["Person","Organization"],"@id":"https:\/\/www.meslibellules.fr\/blog\/#\/schema\/person\/9aa3586f9dd053fcf329f43b8b053c77","name":"Beno\u00eet Guillon","image":{"@type":"ImageObject","inLanguage":"fr-FR","@id":"https:\/\/www.meslibellules.fr\/blog\/wp-content\/uploads\/cropped-avatar-150-pix.jpg","url":"https:\/\/www.meslibellules.fr\/blog\/wp-content\/uploads\/cropped-avatar-150-pix.jpg","contentUrl":"https:\/\/www.meslibellules.fr\/blog\/wp-content\/uploads\/cropped-avatar-150-pix.jpg","width":150,"height":137,"caption":"Beno\u00eet Guillon"},"logo":{"@id":"https:\/\/www.meslibellules.fr\/blog\/wp-content\/uploads\/cropped-avatar-150-pix.jpg"},"sameAs":["https:\/\/www.facebook.com\/benoit.guillon.96\/"]}]}},"_links":{"self":[{"href":"https:\/\/www.meslibellules.fr\/blog\/wp-json\/wp\/v2\/posts\/6906","targetHints":{"allow":["GET"]}}],"collection":[{"href":"https:\/\/www.meslibellules.fr\/blog\/wp-json\/wp\/v2\/posts"}],"about":[{"href":"https:\/\/www.meslibellules.fr\/blog\/wp-json\/wp\/v2\/types\/post"}],"author":[{"embeddable":true,"href":"https:\/\/www.meslibellules.fr\/blog\/wp-json\/wp\/v2\/users\/1"}],"replies":[{"embeddable":true,"href":"https:\/\/www.meslibellules.fr\/blog\/wp-json\/wp\/v2\/comments?post=6906"}],"version-history":[{"count":0,"href":"https:\/\/www.meslibellules.fr\/blog\/wp-json\/wp\/v2\/posts\/6906\/revisions"}],"wp:attachment":[{"href":"https:\/\/www.meslibellules.fr\/blog\/wp-json\/wp\/v2\/media?parent=6906"}],"wp:term":[{"taxonomy":"category","embeddable":true,"href":"https:\/\/www.meslibellules.fr\/blog\/wp-json\/wp\/v2\/categories?post=6906"},{"taxonomy":"post_tag","embeddable":true,"href":"https:\/\/www.meslibellules.fr\/blog\/wp-json\/wp\/v2\/tags?post=6906"}],"curies":[{"name":"wp","href":"https:\/\/api.w.org\/{rel}","templated":true}]}}