{"id":7141,"date":"2020-10-04T18:47:44","date_gmt":"2020-10-04T16:47:44","guid":{"rendered":"http:\/\/www.meslibellules.fr\/blog\/?p=7141"},"modified":"2024-03-01T09:16:00","modified_gmt":"2024-03-01T08:16:00","slug":"kronenlef-heinkenensis-guillon-2020","status":"publish","type":"post","link":"https:\/\/www.meslibellules.fr\/blog\/2020\/10\/04\/kronenlef-heinkenensis-guillon-2020\/","title":{"rendered":"Kr\u00f6nenlef heinkenensis  (Guillon, 2020)"},"content":{"rendered":"\n<figure class=\"wp-block-image aligncenter is-resized\"><a href=\"https:\/\/www.meslibellules.fr\/blog\/wp-content\/uploads\/kronenlef-heinenkensis.jpg\"><img decoding=\"async\" width=\"1590\" height=\"1204\" data-src=\"https:\/\/www.meslibellules.fr\/blog\/wp-content\/uploads\/kronenlef-heinenkensis.jpg\" alt=\"\" class=\"wp-image-7140 lazyload\" style=\"--smush-placeholder-width: 1590px; --smush-placeholder-aspect-ratio: 1590\/1204;width:676px;height:auto\" data-srcset=\"https:\/\/www.meslibellules.fr\/blog\/wp-content\/uploads\/\/kronenlef-heinenkensis.jpg 1590w, https:\/\/www.meslibellules.fr\/blog\/wp-content\/uploads\/\/kronenlef-heinenkensis-768x582.jpg 768w, https:\/\/www.meslibellules.fr\/blog\/wp-content\/uploads\/\/kronenlef-heinenkensis-1536x1163.jpg 1536w, https:\/\/www.meslibellules.fr\/blog\/wp-content\/uploads\/\/kronenlef-heinenkensis-1200x909.jpg 1200w\" data-sizes=\"(max-width: 1590px) 100vw, 1590px\" src=\"data:image\/svg+xml;base64,PHN2ZyB3aWR0aD0iMSIgaGVpZ2h0PSIxIiB4bWxucz0iaHR0cDovL3d3dy53My5vcmcvMjAwMC9zdmciPjwvc3ZnPg==\" \/><\/a><\/figure>\n\n\n\n<p style=\"font-size:15px\">Quelle surprise de trouver cette femelle Kr\u00f6nenlef heinkenensis (Guillon, 2020), famille des Decapsuliidae,  prenant le soleil sur le carrelage de mon salon !<br>Peu de d\u00e9tails sont connus sur cette esp\u00e8ce, sa biologie ou son habitat sont encore des \u00e9nigmes ; disons seulement qu&rsquo;on sait maintenant qu&rsquo;elle fr\u00e9quente les habitats urbains bruyants et festifs.<br>On conna\u00eet \u00e9galement peu son mode de reproduction qui s&rsquo;av\u00e8rerait tr\u00e8s \u00e9tonnant et pour assurer sa d\u00e9pendance elle formerait des packs plus ou moins importants.<br>Son alimentation est \u00e0 pr\u00e9ciser,  les seuls indices  que son comportement permet de sugg\u00e9rer permettraient de s&rsquo;orienter vers des substances  ferment\u00e9es (animales ou v\u00e9g\u00e9tales ?) ; en effet un t\u00e9moin (il est vrai peu digne de confiance) l&rsquo;aurait entendu \u00e9mettre un dr\u00f4le de son par son orifice buccal.<br>Elle mesure environ 1200 mm de long pour une envergure \u00e9quivalente.<br><br>L&rsquo;\u00e9tude de cet odonate devra \u00eatre compl\u00e9t\u00e9e dans les mois et les ann\u00e9es \u00e0 venir, c&rsquo;est un tout nouveau champ d&rsquo;exploration qui s&rsquo;ouvre aux odonatologues !<\/p>\n\n\n\n\n\n<p><span style=\"color:#686868\" class=\"tadv-color\">Retour vers <a href=\"http:\/\/www.meslibellules.fr\/art_Objets\/sculp_pweb\/accueil_sculpture.html\">Sculptures<\/a>.<\/span><\/p>\n\n\n\n<p><\/p>\n","protected":false},"excerpt":{"rendered":"<p>Quelle surprise de trouver cette femelle Kr\u00f6nenlef heinkenensis (Guillon, 2020), famille des Decapsuliidae, prenant le soleil sur le carrelage de mon salon !Peu de d\u00e9tails sont connus sur cette esp\u00e8ce, sa biologie ou son habitat sont encore des \u00e9nigmes ; disons seulement qu&rsquo;on sait maintenant qu&rsquo;elle fr\u00e9quente les habitats urbains bruyants et festifs.On conna\u00eet \u00e9galement [&hellip;]<\/p>\n","protected":false},"author":1,"featured_media":0,"comment_status":"open","ping_status":"open","sticky":false,"template":"","format":"image","meta":{"site-sidebar-layout":"default","site-content-layout":"","ast-site-content-layout":"default","site-content-style":"default","site-sidebar-style":"default","ast-global-header-display":"","ast-banner-title-visibility":"","ast-main-header-display":"","ast-hfb-above-header-display":"","ast-hfb-below-header-display":"","ast-hfb-mobile-header-display":"","site-post-title":"","ast-breadcrumbs-content":"","ast-featured-img":"","footer-sml-layout":"","ast-disable-related-posts":"","theme-transparent-header-meta":"","adv-header-id-meta":"","stick-header-meta":"","header-above-stick-meta":"","header-main-stick-meta":"","header-below-stick-meta":"","astra-migrate-meta-layouts":"set","ast-page-background-enabled":"default","ast-page-background-meta":{"desktop":{"background-color":"var(--ast-global-color-4)","background-image":"","background-repeat":"repeat","background-position":"center center","background-size":"auto","background-attachment":"scroll","background-type":"","background-media":"","overlay-type":"","overlay-color":"","overlay-opacity":"","overlay-gradient":""},"tablet":{"background-color":"","background-image":"","background-repeat":"repeat","background-position":"center center","background-size":"auto","background-attachment":"scroll","background-type":"","background-media":"","overlay-type":"","overlay-color":"","overlay-opacity":"","overlay-gradient":""},"mobile":{"background-color":"","background-image":"","background-repeat":"repeat","background-position":"center center","background-size":"auto","background-attachment":"scroll","background-type":"","background-media":"","overlay-type":"","overlay-color":"","overlay-opacity":"","overlay-gradient":""}},"ast-content-background-meta":{"desktop":{"background-color":"var(--ast-global-color-5)","background-image":"","background-repeat":"repeat","background-position":"center center","background-size":"auto","background-attachment":"scroll","background-type":"","background-media":"","overlay-type":"","overlay-color":"","overlay-opacity":"","overlay-gradient":""},"tablet":{"background-color":"var(--ast-global-color-5)","background-image":"","background-repeat":"repeat","background-position":"center center","background-size":"auto","background-attachment":"scroll","background-type":"","background-media":"","overlay-type":"","overlay-color":"","overlay-opacity":"","overlay-gradient":""},"mobile":{"background-color":"var(--ast-global-color-5)","background-image":"","background-repeat":"repeat","background-position":"center center","background-size":"auto","background-attachment":"scroll","background-type":"","background-media":"","overlay-type":"","overlay-color":"","overlay-opacity":"","overlay-gradient":""}},"footnotes":""},"categories":[375,94,55],"tags":[408],"class_list":["post-7141","post","type-post","status-publish","format-image","hentry","category-curiosite","category-divers","category-france","tag-sculpture-inclassable","post_format-post-format-image"],"yoast_head":"<!-- This site is optimized with the Yoast SEO plugin v27.5 - https:\/\/yoast.com\/product\/yoast-seo-wordpress\/ -->\n<title>Kr\u00f6nenlef heinkenensis (Guillon, 2020) - Mes Libellules<\/title>\n<meta name=\"robots\" content=\"index, follow, max-snippet:-1, max-image-preview:large, max-video-preview:-1\" \/>\n<link rel=\"canonical\" href=\"https:\/\/www.meslibellules.fr\/blog\/2020\/10\/04\/kronenlef-heinkenensis-guillon-2020\/\" \/>\n<meta property=\"og:locale\" content=\"fr_FR\" \/>\n<meta property=\"og:type\" content=\"article\" \/>\n<meta property=\"og:title\" content=\"Kr\u00f6nenlef heinkenensis (Guillon, 2020) - Mes Libellules\" \/>\n<meta property=\"og:description\" content=\"Quelle surprise de trouver cette femelle Kr\u00f6nenlef heinkenensis (Guillon, 2020), famille des Decapsuliidae, prenant le soleil sur le carrelage de mon salon !Peu de d\u00e9tails sont connus sur cette esp\u00e8ce, sa biologie ou son habitat sont encore des \u00e9nigmes ; disons seulement qu&rsquo;on sait maintenant qu&rsquo;elle fr\u00e9quente les habitats urbains bruyants et festifs.On conna\u00eet \u00e9galement [&hellip;]\" \/>\n<meta property=\"og:url\" content=\"https:\/\/www.meslibellules.fr\/blog\/2020\/10\/04\/kronenlef-heinkenensis-guillon-2020\/\" \/>\n<meta property=\"og:site_name\" content=\"Mes Libellules\" \/>\n<meta property=\"article:publisher\" content=\"https:\/\/www.facebook.com\/benoit.guillon.96\/\" \/>\n<meta property=\"article:author\" content=\"https:\/\/www.facebook.com\/benoit.guillon.96\/\" \/>\n<meta property=\"article:published_time\" content=\"2020-10-04T16:47:44+00:00\" \/>\n<meta property=\"article:modified_time\" content=\"2024-03-01T08:16:00+00:00\" \/>\n<meta property=\"og:image\" content=\"http:\/\/www.meslibellules.fr\/blog\/wp-content\/uploads\/kronenlef-heinenkensis.jpg\" \/>\n<meta name=\"author\" content=\"Beno\u00eet Guillon\" \/>\n<meta name=\"twitter:card\" content=\"summary_large_image\" \/>\n<meta name=\"twitter:label1\" content=\"\u00c9crit par\" \/>\n\t<meta name=\"twitter:data1\" content=\"Beno\u00eet Guillon\" \/>\n\t<meta name=\"twitter:label2\" content=\"Dur\u00e9e de lecture estim\u00e9e\" \/>\n\t<meta name=\"twitter:data2\" content=\"2 minutes\" \/>\n<script type=\"application\/ld+json\" class=\"yoast-schema-graph\">{\"@context\":\"https:\\\/\\\/schema.org\",\"@graph\":[{\"@type\":\"Article\",\"@id\":\"https:\\\/\\\/www.meslibellules.fr\\\/blog\\\/2020\\\/10\\\/04\\\/kronenlef-heinkenensis-guillon-2020\\\/#article\",\"isPartOf\":{\"@id\":\"https:\\\/\\\/www.meslibellules.fr\\\/blog\\\/2020\\\/10\\\/04\\\/kronenlef-heinkenensis-guillon-2020\\\/\"},\"author\":{\"name\":\"Beno\u00eet Guillon\",\"@id\":\"https:\\\/\\\/www.meslibellules.fr\\\/blog\\\/#\\\/schema\\\/person\\\/9aa3586f9dd053fcf329f43b8b053c77\"},\"headline\":\"Kr\u00f6nenlef heinkenensis (Guillon, 2020)\",\"datePublished\":\"2020-10-04T16:47:44+00:00\",\"dateModified\":\"2024-03-01T08:16:00+00:00\",\"mainEntityOfPage\":{\"@id\":\"https:\\\/\\\/www.meslibellules.fr\\\/blog\\\/2020\\\/10\\\/04\\\/kronenlef-heinkenensis-guillon-2020\\\/\"},\"wordCount\":189,\"commentCount\":0,\"publisher\":{\"@id\":\"https:\\\/\\\/www.meslibellules.fr\\\/blog\\\/#\\\/schema\\\/person\\\/9aa3586f9dd053fcf329f43b8b053c77\"},\"image\":{\"@id\":\"https:\\\/\\\/www.meslibellules.fr\\\/blog\\\/2020\\\/10\\\/04\\\/kronenlef-heinkenensis-guillon-2020\\\/#primaryimage\"},\"thumbnailUrl\":\"http:\\\/\\\/www.meslibellules.fr\\\/blog\\\/wp-content\\\/uploads\\\/kronenlef-heinenkensis.jpg\",\"keywords\":[\"Sculpture - Inclassable\"],\"articleSection\":[\"Curiosit\u00e9\",\"Divers\",\"France\"],\"inLanguage\":\"fr-FR\",\"potentialAction\":[{\"@type\":\"CommentAction\",\"name\":\"Comment\",\"target\":[\"https:\\\/\\\/www.meslibellules.fr\\\/blog\\\/2020\\\/10\\\/04\\\/kronenlef-heinkenensis-guillon-2020\\\/#respond\"]}]},{\"@type\":\"WebPage\",\"@id\":\"https:\\\/\\\/www.meslibellules.fr\\\/blog\\\/2020\\\/10\\\/04\\\/kronenlef-heinkenensis-guillon-2020\\\/\",\"url\":\"https:\\\/\\\/www.meslibellules.fr\\\/blog\\\/2020\\\/10\\\/04\\\/kronenlef-heinkenensis-guillon-2020\\\/\",\"name\":\"Kr\u00f6nenlef heinkenensis (Guillon, 2020) - Mes Libellules\",\"isPartOf\":{\"@id\":\"https:\\\/\\\/www.meslibellules.fr\\\/blog\\\/#website\"},\"primaryImageOfPage\":{\"@id\":\"https:\\\/\\\/www.meslibellules.fr\\\/blog\\\/2020\\\/10\\\/04\\\/kronenlef-heinkenensis-guillon-2020\\\/#primaryimage\"},\"image\":{\"@id\":\"https:\\\/\\\/www.meslibellules.fr\\\/blog\\\/2020\\\/10\\\/04\\\/kronenlef-heinkenensis-guillon-2020\\\/#primaryimage\"},\"thumbnailUrl\":\"http:\\\/\\\/www.meslibellules.fr\\\/blog\\\/wp-content\\\/uploads\\\/kronenlef-heinenkensis.jpg\",\"datePublished\":\"2020-10-04T16:47:44+00:00\",\"dateModified\":\"2024-03-01T08:16:00+00:00\",\"breadcrumb\":{\"@id\":\"https:\\\/\\\/www.meslibellules.fr\\\/blog\\\/2020\\\/10\\\/04\\\/kronenlef-heinkenensis-guillon-2020\\\/#breadcrumb\"},\"inLanguage\":\"fr-FR\",\"potentialAction\":[{\"@type\":\"ReadAction\",\"target\":[\"https:\\\/\\\/www.meslibellules.fr\\\/blog\\\/2020\\\/10\\\/04\\\/kronenlef-heinkenensis-guillon-2020\\\/\"]}]},{\"@type\":\"ImageObject\",\"inLanguage\":\"fr-FR\",\"@id\":\"https:\\\/\\\/www.meslibellules.fr\\\/blog\\\/2020\\\/10\\\/04\\\/kronenlef-heinkenensis-guillon-2020\\\/#primaryimage\",\"url\":\"http:\\\/\\\/www.meslibellules.fr\\\/blog\\\/wp-content\\\/uploads\\\/kronenlef-heinenkensis.jpg\",\"contentUrl\":\"http:\\\/\\\/www.meslibellules.fr\\\/blog\\\/wp-content\\\/uploads\\\/kronenlef-heinenkensis.jpg\"},{\"@type\":\"BreadcrumbList\",\"@id\":\"https:\\\/\\\/www.meslibellules.fr\\\/blog\\\/2020\\\/10\\\/04\\\/kronenlef-heinkenensis-guillon-2020\\\/#breadcrumb\",\"itemListElement\":[{\"@type\":\"ListItem\",\"position\":1,\"name\":\"Accueil\",\"item\":\"https:\\\/\\\/www.meslibellules.fr\\\/blog\\\/\"},{\"@type\":\"ListItem\",\"position\":2,\"name\":\"Kr\u00f6nenlef heinkenensis (Guillon, 2020)\"}]},{\"@type\":\"WebSite\",\"@id\":\"https:\\\/\\\/www.meslibellules.fr\\\/blog\\\/#website\",\"url\":\"https:\\\/\\\/www.meslibellules.fr\\\/blog\\\/\",\"name\":\"Mes Libellules\",\"description\":\"Pr\u00e9sentation des libellules rencontr\u00e9es dans le monde\",\"publisher\":{\"@id\":\"https:\\\/\\\/www.meslibellules.fr\\\/blog\\\/#\\\/schema\\\/person\\\/9aa3586f9dd053fcf329f43b8b053c77\"},\"potentialAction\":[{\"@type\":\"SearchAction\",\"target\":{\"@type\":\"EntryPoint\",\"urlTemplate\":\"https:\\\/\\\/www.meslibellules.fr\\\/blog\\\/?s={search_term_string}\"},\"query-input\":{\"@type\":\"PropertyValueSpecification\",\"valueRequired\":true,\"valueName\":\"search_term_string\"}}],\"inLanguage\":\"fr-FR\"},{\"@type\":[\"Person\",\"Organization\"],\"@id\":\"https:\\\/\\\/www.meslibellules.fr\\\/blog\\\/#\\\/schema\\\/person\\\/9aa3586f9dd053fcf329f43b8b053c77\",\"name\":\"Beno\u00eet Guillon\",\"image\":{\"@type\":\"ImageObject\",\"inLanguage\":\"fr-FR\",\"@id\":\"https:\\\/\\\/www.meslibellules.fr\\\/blog\\\/wp-content\\\/uploads\\\/cropped-avatar-150-pix.jpg\",\"url\":\"https:\\\/\\\/www.meslibellules.fr\\\/blog\\\/wp-content\\\/uploads\\\/cropped-avatar-150-pix.jpg\",\"contentUrl\":\"https:\\\/\\\/www.meslibellules.fr\\\/blog\\\/wp-content\\\/uploads\\\/cropped-avatar-150-pix.jpg\",\"width\":150,\"height\":137,\"caption\":\"Beno\u00eet Guillon\"},\"logo\":{\"@id\":\"https:\\\/\\\/www.meslibellules.fr\\\/blog\\\/wp-content\\\/uploads\\\/cropped-avatar-150-pix.jpg\"},\"sameAs\":[\"https:\\\/\\\/www.facebook.com\\\/benoit.guillon.96\\\/\"]}]}<\/script>\n<!-- \/ Yoast SEO plugin. -->","yoast_head_json":{"title":"Kr\u00f6nenlef heinkenensis (Guillon, 2020) - Mes Libellules","robots":{"index":"index","follow":"follow","max-snippet":"max-snippet:-1","max-image-preview":"max-image-preview:large","max-video-preview":"max-video-preview:-1"},"canonical":"https:\/\/www.meslibellules.fr\/blog\/2020\/10\/04\/kronenlef-heinkenensis-guillon-2020\/","og_locale":"fr_FR","og_type":"article","og_title":"Kr\u00f6nenlef heinkenensis (Guillon, 2020) - Mes Libellules","og_description":"Quelle surprise de trouver cette femelle Kr\u00f6nenlef heinkenensis (Guillon, 2020), famille des Decapsuliidae, prenant le soleil sur le carrelage de mon salon !Peu de d\u00e9tails sont connus sur cette esp\u00e8ce, sa biologie ou son habitat sont encore des \u00e9nigmes ; disons seulement qu&rsquo;on sait maintenant qu&rsquo;elle fr\u00e9quente les habitats urbains bruyants et festifs.On conna\u00eet \u00e9galement [&hellip;]","og_url":"https:\/\/www.meslibellules.fr\/blog\/2020\/10\/04\/kronenlef-heinkenensis-guillon-2020\/","og_site_name":"Mes Libellules","article_publisher":"https:\/\/www.facebook.com\/benoit.guillon.96\/","article_author":"https:\/\/www.facebook.com\/benoit.guillon.96\/","article_published_time":"2020-10-04T16:47:44+00:00","article_modified_time":"2024-03-01T08:16:00+00:00","og_image":[{"url":"http:\/\/www.meslibellules.fr\/blog\/wp-content\/uploads\/kronenlef-heinenkensis.jpg","type":"","width":"","height":""}],"author":"Beno\u00eet Guillon","twitter_card":"summary_large_image","twitter_misc":{"\u00c9crit par":"Beno\u00eet Guillon","Dur\u00e9e de lecture estim\u00e9e":"2 minutes"},"schema":{"@context":"https:\/\/schema.org","@graph":[{"@type":"Article","@id":"https:\/\/www.meslibellules.fr\/blog\/2020\/10\/04\/kronenlef-heinkenensis-guillon-2020\/#article","isPartOf":{"@id":"https:\/\/www.meslibellules.fr\/blog\/2020\/10\/04\/kronenlef-heinkenensis-guillon-2020\/"},"author":{"name":"Beno\u00eet Guillon","@id":"https:\/\/www.meslibellules.fr\/blog\/#\/schema\/person\/9aa3586f9dd053fcf329f43b8b053c77"},"headline":"Kr\u00f6nenlef heinkenensis (Guillon, 2020)","datePublished":"2020-10-04T16:47:44+00:00","dateModified":"2024-03-01T08:16:00+00:00","mainEntityOfPage":{"@id":"https:\/\/www.meslibellules.fr\/blog\/2020\/10\/04\/kronenlef-heinkenensis-guillon-2020\/"},"wordCount":189,"commentCount":0,"publisher":{"@id":"https:\/\/www.meslibellules.fr\/blog\/#\/schema\/person\/9aa3586f9dd053fcf329f43b8b053c77"},"image":{"@id":"https:\/\/www.meslibellules.fr\/blog\/2020\/10\/04\/kronenlef-heinkenensis-guillon-2020\/#primaryimage"},"thumbnailUrl":"http:\/\/www.meslibellules.fr\/blog\/wp-content\/uploads\/kronenlef-heinenkensis.jpg","keywords":["Sculpture - Inclassable"],"articleSection":["Curiosit\u00e9","Divers","France"],"inLanguage":"fr-FR","potentialAction":[{"@type":"CommentAction","name":"Comment","target":["https:\/\/www.meslibellules.fr\/blog\/2020\/10\/04\/kronenlef-heinkenensis-guillon-2020\/#respond"]}]},{"@type":"WebPage","@id":"https:\/\/www.meslibellules.fr\/blog\/2020\/10\/04\/kronenlef-heinkenensis-guillon-2020\/","url":"https:\/\/www.meslibellules.fr\/blog\/2020\/10\/04\/kronenlef-heinkenensis-guillon-2020\/","name":"Kr\u00f6nenlef heinkenensis (Guillon, 2020) - Mes Libellules","isPartOf":{"@id":"https:\/\/www.meslibellules.fr\/blog\/#website"},"primaryImageOfPage":{"@id":"https:\/\/www.meslibellules.fr\/blog\/2020\/10\/04\/kronenlef-heinkenensis-guillon-2020\/#primaryimage"},"image":{"@id":"https:\/\/www.meslibellules.fr\/blog\/2020\/10\/04\/kronenlef-heinkenensis-guillon-2020\/#primaryimage"},"thumbnailUrl":"http:\/\/www.meslibellules.fr\/blog\/wp-content\/uploads\/kronenlef-heinenkensis.jpg","datePublished":"2020-10-04T16:47:44+00:00","dateModified":"2024-03-01T08:16:00+00:00","breadcrumb":{"@id":"https:\/\/www.meslibellules.fr\/blog\/2020\/10\/04\/kronenlef-heinkenensis-guillon-2020\/#breadcrumb"},"inLanguage":"fr-FR","potentialAction":[{"@type":"ReadAction","target":["https:\/\/www.meslibellules.fr\/blog\/2020\/10\/04\/kronenlef-heinkenensis-guillon-2020\/"]}]},{"@type":"ImageObject","inLanguage":"fr-FR","@id":"https:\/\/www.meslibellules.fr\/blog\/2020\/10\/04\/kronenlef-heinkenensis-guillon-2020\/#primaryimage","url":"http:\/\/www.meslibellules.fr\/blog\/wp-content\/uploads\/kronenlef-heinenkensis.jpg","contentUrl":"http:\/\/www.meslibellules.fr\/blog\/wp-content\/uploads\/kronenlef-heinenkensis.jpg"},{"@type":"BreadcrumbList","@id":"https:\/\/www.meslibellules.fr\/blog\/2020\/10\/04\/kronenlef-heinkenensis-guillon-2020\/#breadcrumb","itemListElement":[{"@type":"ListItem","position":1,"name":"Accueil","item":"https:\/\/www.meslibellules.fr\/blog\/"},{"@type":"ListItem","position":2,"name":"Kr\u00f6nenlef heinkenensis (Guillon, 2020)"}]},{"@type":"WebSite","@id":"https:\/\/www.meslibellules.fr\/blog\/#website","url":"https:\/\/www.meslibellules.fr\/blog\/","name":"Mes Libellules","description":"Pr\u00e9sentation des libellules rencontr\u00e9es dans le monde","publisher":{"@id":"https:\/\/www.meslibellules.fr\/blog\/#\/schema\/person\/9aa3586f9dd053fcf329f43b8b053c77"},"potentialAction":[{"@type":"SearchAction","target":{"@type":"EntryPoint","urlTemplate":"https:\/\/www.meslibellules.fr\/blog\/?s={search_term_string}"},"query-input":{"@type":"PropertyValueSpecification","valueRequired":true,"valueName":"search_term_string"}}],"inLanguage":"fr-FR"},{"@type":["Person","Organization"],"@id":"https:\/\/www.meslibellules.fr\/blog\/#\/schema\/person\/9aa3586f9dd053fcf329f43b8b053c77","name":"Beno\u00eet Guillon","image":{"@type":"ImageObject","inLanguage":"fr-FR","@id":"https:\/\/www.meslibellules.fr\/blog\/wp-content\/uploads\/cropped-avatar-150-pix.jpg","url":"https:\/\/www.meslibellules.fr\/blog\/wp-content\/uploads\/cropped-avatar-150-pix.jpg","contentUrl":"https:\/\/www.meslibellules.fr\/blog\/wp-content\/uploads\/cropped-avatar-150-pix.jpg","width":150,"height":137,"caption":"Beno\u00eet Guillon"},"logo":{"@id":"https:\/\/www.meslibellules.fr\/blog\/wp-content\/uploads\/cropped-avatar-150-pix.jpg"},"sameAs":["https:\/\/www.facebook.com\/benoit.guillon.96\/"]}]}},"_links":{"self":[{"href":"https:\/\/www.meslibellules.fr\/blog\/wp-json\/wp\/v2\/posts\/7141","targetHints":{"allow":["GET"]}}],"collection":[{"href":"https:\/\/www.meslibellules.fr\/blog\/wp-json\/wp\/v2\/posts"}],"about":[{"href":"https:\/\/www.meslibellules.fr\/blog\/wp-json\/wp\/v2\/types\/post"}],"author":[{"embeddable":true,"href":"https:\/\/www.meslibellules.fr\/blog\/wp-json\/wp\/v2\/users\/1"}],"replies":[{"embeddable":true,"href":"https:\/\/www.meslibellules.fr\/blog\/wp-json\/wp\/v2\/comments?post=7141"}],"version-history":[{"count":0,"href":"https:\/\/www.meslibellules.fr\/blog\/wp-json\/wp\/v2\/posts\/7141\/revisions"}],"wp:attachment":[{"href":"https:\/\/www.meslibellules.fr\/blog\/wp-json\/wp\/v2\/media?parent=7141"}],"wp:term":[{"taxonomy":"category","embeddable":true,"href":"https:\/\/www.meslibellules.fr\/blog\/wp-json\/wp\/v2\/categories?post=7141"},{"taxonomy":"post_tag","embeddable":true,"href":"https:\/\/www.meslibellules.fr\/blog\/wp-json\/wp\/v2\/tags?post=7141"}],"curies":[{"name":"wp","href":"https:\/\/api.w.org\/{rel}","templated":true}]}}