{"id":7378,"date":"2020-12-10T07:58:42","date_gmt":"2020-12-10T06:58:42","guid":{"rendered":"http:\/\/www.meslibellules.fr\/blog\/?p=7378"},"modified":"2021-08-22T20:43:59","modified_gmt":"2021-08-22T18:43:59","slug":"predation-sur-lestes-macrostigma-2-2","status":"publish","type":"post","link":"https:\/\/www.meslibellules.fr\/blog\/2020\/12\/10\/predation-sur-lestes-macrostigma-2-2\/","title":{"rendered":"Pr\u00e9dation sur Lestes macrostigma   2\/2"},"content":{"rendered":"\n<div class=\"wp-block-image\"><figure class=\"aligncenter size-large is-resized\"><a href=\"https:\/\/www.meslibellules.fr\/blog\/wp-content\/uploads\/lestes-macrostigma-predation-5.jpg\"><img decoding=\"async\" data-src=\"https:\/\/www.meslibellules.fr\/blog\/wp-content\/uploads\/lestes-macrostigma-predation-5.jpg\" alt=\"Lestes macrostigma m\u00e2le, pr\u00e9dation par Larinoides cornutus, La Barre de Monts, 20\/05\/2018\" class=\"wp-image-7373 lazyload\" width=\"443\" height=\"353\" data-srcset=\"https:\/\/www.meslibellules.fr\/blog\/wp-content\/uploads\/\/lestes-macrostigma-predation-5.jpg 1510w, https:\/\/www.meslibellules.fr\/blog\/wp-content\/uploads\/\/lestes-macrostigma-predation-5-768x612.jpg 768w, https:\/\/www.meslibellules.fr\/blog\/wp-content\/uploads\/\/lestes-macrostigma-predation-5-1200x957.jpg 1200w\" data-sizes=\"(max-width: 443px) 100vw, 443px\" src=\"data:image\/svg+xml;base64,PHN2ZyB3aWR0aD0iMSIgaGVpZ2h0PSIxIiB4bWxucz0iaHR0cDovL3d3dy53My5vcmcvMjAwMC9zdmciPjwvc3ZnPg==\" style=\"--smush-placeholder-width: 443px; --smush-placeholder-aspect-ratio: 443\/353;\" \/><\/a><figcaption>Lestes macrostigma m\u00e2le, pr\u00e9dation par Larinoides cornutus, La Barre de Monts, 20\/05\/2018<\/figcaption><\/figure><\/div>\n\n\n\n<p style=\"font-size:15px\">Cette fois-ci c&rsquo;est un tr\u00e8s jeune m\u00e2le, \u00e9mergent, qui fait est pi\u00e9g\u00e9 par Larinoides cornutus ; le vol inaugural, parfois maladroit, peut \u00eatre perturb\u00e9 par un coup de vent, un pr\u00e9dateur et le malheureux fini sa course  la toile fatale.<\/p>\n\n\n\n<div class=\"wp-block-image\"><figure class=\"aligncenter size-large is-resized\"><a href=\"https:\/\/www.meslibellules.fr\/blog\/wp-content\/uploads\/lestes-macrostigma-predation-6.jpg\"><img decoding=\"async\" data-src=\"https:\/\/www.meslibellules.fr\/blog\/wp-content\/uploads\/lestes-macrostigma-predation-6.jpg\" alt=\"Lestes macrostigma m\u00e2le, pr\u00e9dation par Larinoides cornutus, La Barre de Monts, 20\/05\/2018\" class=\"wp-image-7374 lazyload\" width=\"443\" height=\"381\" src=\"data:image\/svg+xml;base64,PHN2ZyB3aWR0aD0iMSIgaGVpZ2h0PSIxIiB4bWxucz0iaHR0cDovL3d3dy53My5vcmcvMjAwMC9zdmciPjwvc3ZnPg==\" style=\"--smush-placeholder-width: 443px; --smush-placeholder-aspect-ratio: 443\/381;\" \/><\/a><figcaption>Lestes macrostigma m\u00e2le, pr\u00e9dation par Larinoides cornutus, La Barre de Monts, 20\/05\/2018<\/figcaption><\/figure><\/div>\n\n\n\n<p style=\"font-size:15px\">Ci-dessous c&rsquo;est encore la m\u00eame araign\u00e9e, un serial killer qui a captur\u00e9 un couple, elle s&rsquo;occupe d&rsquo;abord du m\u00e2le, pendant que la femelle tente encore de s&rsquo;extraire du filet. Si c&rsquo;est le territoire des Lestes macrostigma c&rsquo;est aussi celui de l&rsquo;\u00c9peire des roseaux, ci-dessous dans une coloration plus rousse.<\/p>\n\n\n\n<div class=\"wp-block-image\"><figure class=\"aligncenter size-large is-resized\"><a href=\"https:\/\/www.meslibellules.fr\/blog\/wp-content\/uploads\/lestes-macrostigma-predation-7.jpg\"><img decoding=\"async\" data-src=\"https:\/\/www.meslibellules.fr\/blog\/wp-content\/uploads\/lestes-macrostigma-predation-7.jpg\" alt=\"Lestes macrostigma m\u00e2le, pr\u00e9dation par Larinoides cornutus, La Barre de Monts, 12\/07\/2018\" class=\"wp-image-7375 lazyload\" width=\"443\" height=\"399\" src=\"data:image\/svg+xml;base64,PHN2ZyB3aWR0aD0iMSIgaGVpZ2h0PSIxIiB4bWxucz0iaHR0cDovL3d3dy53My5vcmcvMjAwMC9zdmciPjwvc3ZnPg==\" style=\"--smush-placeholder-width: 443px; --smush-placeholder-aspect-ratio: 443\/399;\" \/><\/a><figcaption>Lestes macrostigma m\u00e2le, pr\u00e9dation par Larinoides cornutus, La Barre de Monts, 12\/07\/2018<\/figcaption><\/figure><\/div>\n\n\n\n<p style=\"font-size:15px\">Presque une intruse dans cette s\u00e9rie, Neoscona adianta, une autre Araneidae, se d\u00e9lecte \u00e9galement d&rsquo;un tout jeune m\u00e2le.<\/p>\n\n\n\n<div class=\"wp-block-image\"><figure class=\"aligncenter size-large is-resized\"><a href=\"https:\/\/www.meslibellules.fr\/blog\/wp-content\/uploads\/lestes-macrostigma-predation-8.jpg\"><img decoding=\"async\" data-src=\"https:\/\/www.meslibellules.fr\/blog\/wp-content\/uploads\/lestes-macrostigma-predation-8.jpg\" alt=\"Lestes macrostigma m\u00e2le, pr\u00e9dation par Neoscona adianta, La Barre de Monts, 26\/06\/2020\" class=\"wp-image-7376 lazyload\" width=\"439\" height=\"439\" data-srcset=\"https:\/\/www.meslibellules.fr\/blog\/wp-content\/uploads\/\/lestes-macrostigma-predation-8.jpg 1204w, https:\/\/www.meslibellules.fr\/blog\/wp-content\/uploads\/\/lestes-macrostigma-predation-8-768x768.jpg 768w, https:\/\/www.meslibellules.fr\/blog\/wp-content\/uploads\/\/lestes-macrostigma-predation-8-1200x1200.jpg 1200w\" data-sizes=\"(max-width: 439px) 100vw, 439px\" src=\"data:image\/svg+xml;base64,PHN2ZyB3aWR0aD0iMSIgaGVpZ2h0PSIxIiB4bWxucz0iaHR0cDovL3d3dy53My5vcmcvMjAwMC9zdmciPjwvc3ZnPg==\" style=\"--smush-placeholder-width: 439px; --smush-placeholder-aspect-ratio: 439\/439;\" \/><\/a><figcaption>Lestes macrostigma m\u00e2le, pr\u00e9dation par Neoscona adianta, La Barre de Monts, 26\/06\/2020<\/figcaption><\/figure><\/div>\n\n\n\n\n\n<div class=\"wp-block-image\"><figure class=\"alignleft size-full\"><a href=\"http:\/\/www.meslibellules.fr\/pagesweb\/lestidae\/lestes-macrostigma\/lestes-macrostigma-predation.php\"><img decoding=\"async\" width=\"100\" height=\"20\" data-src=\"https:\/\/www.meslibellules.fr\/blog\/wp-content\/uploads\/retour.gif\" alt=\"\" class=\"wp-image-8468 lazyload\" src=\"data:image\/svg+xml;base64,PHN2ZyB3aWR0aD0iMSIgaGVpZ2h0PSIxIiB4bWxucz0iaHR0cDovL3d3dy53My5vcmcvMjAwMC9zdmciPjwvc3ZnPg==\" style=\"--smush-placeholder-width: 100px; --smush-placeholder-aspect-ratio: 100\/20;\" \/><\/a><\/figure><\/div>\n\n\n\n<p><\/p>\n","protected":false},"excerpt":{"rendered":"<p>Cette fois-ci c&rsquo;est un tr\u00e8s jeune m\u00e2le, \u00e9mergent, qui fait est pi\u00e9g\u00e9 par Larinoides cornutus ; le vol inaugural, parfois maladroit, peut \u00eatre perturb\u00e9 par un coup de vent, un pr\u00e9dateur et le malheureux fini sa course la toile fatale. Ci-dessous c&rsquo;est encore la m\u00eame araign\u00e9e, un serial killer qui a captur\u00e9 un couple, elle [&hellip;]<\/p>\n","protected":false},"author":1,"featured_media":0,"comment_status":"open","ping_status":"open","sticky":false,"template":"","format":"image","meta":{"site-sidebar-layout":"default","site-content-layout":"","ast-site-content-layout":"default","site-content-style":"default","site-sidebar-style":"default","ast-global-header-display":"","ast-banner-title-visibility":"","ast-main-header-display":"","ast-hfb-above-header-display":"","ast-hfb-below-header-display":"","ast-hfb-mobile-header-display":"","site-post-title":"","ast-breadcrumbs-content":"","ast-featured-img":"","footer-sml-layout":"","ast-disable-related-posts":"","theme-transparent-header-meta":"","adv-header-id-meta":"","stick-header-meta":"","header-above-stick-meta":"","header-main-stick-meta":"","header-below-stick-meta":"","astra-migrate-meta-layouts":"default","ast-page-background-enabled":"default","ast-page-background-meta":{"desktop":{"background-color":"var(--ast-global-color-4)","background-image":"","background-repeat":"repeat","background-position":"center center","background-size":"auto","background-attachment":"scroll","background-type":"","background-media":"","overlay-type":"","overlay-color":"","overlay-opacity":"","overlay-gradient":""},"tablet":{"background-color":"","background-image":"","background-repeat":"repeat","background-position":"center center","background-size":"auto","background-attachment":"scroll","background-type":"","background-media":"","overlay-type":"","overlay-color":"","overlay-opacity":"","overlay-gradient":""},"mobile":{"background-color":"","background-image":"","background-repeat":"repeat","background-position":"center center","background-size":"auto","background-attachment":"scroll","background-type":"","background-media":"","overlay-type":"","overlay-color":"","overlay-opacity":"","overlay-gradient":""}},"ast-content-background-meta":{"desktop":{"background-color":"var(--ast-global-color-5)","background-image":"","background-repeat":"repeat","background-position":"center center","background-size":"auto","background-attachment":"scroll","background-type":"","background-media":"","overlay-type":"","overlay-color":"","overlay-opacity":"","overlay-gradient":""},"tablet":{"background-color":"var(--ast-global-color-5)","background-image":"","background-repeat":"repeat","background-position":"center center","background-size":"auto","background-attachment":"scroll","background-type":"","background-media":"","overlay-type":"","overlay-color":"","overlay-opacity":"","overlay-gradient":""},"mobile":{"background-color":"var(--ast-global-color-5)","background-image":"","background-repeat":"repeat","background-position":"center center","background-size":"auto","background-attachment":"scroll","background-type":"","background-media":"","overlay-type":"","overlay-color":"","overlay-opacity":"","overlay-gradient":""}},"footnotes":""},"categories":[55,338,90,362],"tags":[],"class_list":["post-7378","post","type-post","status-publish","format-image","hentry","category-france","category-lestes-macrostigma","category-lestidae-france","category-predation-sur-odonates","post_format-post-format-image"],"yoast_head":"<!-- This site is optimized with the Yoast SEO plugin v27.5 - https:\/\/yoast.com\/product\/yoast-seo-wordpress\/ -->\n<title>Pr\u00e9dation sur Lestes macrostigma  2\/2 - Mes Libellules<\/title>\n<meta name=\"robots\" content=\"index, follow, max-snippet:-1, max-image-preview:large, max-video-preview:-1\" \/>\n<link rel=\"canonical\" href=\"https:\/\/www.meslibellules.fr\/blog\/2020\/12\/10\/predation-sur-lestes-macrostigma-2-2\/\" \/>\n<meta property=\"og:locale\" content=\"fr_FR\" \/>\n<meta property=\"og:type\" content=\"article\" \/>\n<meta property=\"og:title\" content=\"Pr\u00e9dation sur Lestes macrostigma  2\/2 - Mes Libellules\" \/>\n<meta property=\"og:description\" content=\"Cette fois-ci c&rsquo;est un tr\u00e8s jeune m\u00e2le, \u00e9mergent, qui fait est pi\u00e9g\u00e9 par Larinoides cornutus ; le vol inaugural, parfois maladroit, peut \u00eatre perturb\u00e9 par un coup de vent, un pr\u00e9dateur et le malheureux fini sa course la toile fatale. Ci-dessous c&rsquo;est encore la m\u00eame araign\u00e9e, un serial killer qui a captur\u00e9 un couple, elle [&hellip;]\" \/>\n<meta property=\"og:url\" content=\"https:\/\/www.meslibellules.fr\/blog\/2020\/12\/10\/predation-sur-lestes-macrostigma-2-2\/\" \/>\n<meta property=\"og:site_name\" content=\"Mes Libellules\" \/>\n<meta property=\"article:publisher\" content=\"https:\/\/www.facebook.com\/benoit.guillon.96\/\" \/>\n<meta property=\"article:author\" content=\"https:\/\/www.facebook.com\/benoit.guillon.96\/\" \/>\n<meta property=\"article:published_time\" content=\"2020-12-10T06:58:42+00:00\" \/>\n<meta property=\"article:modified_time\" content=\"2021-08-22T18:43:59+00:00\" \/>\n<meta property=\"og:image\" content=\"http:\/\/www.meslibellules.fr\/blog\/wp-content\/uploads\/lestes-macrostigma-predation-5.jpg\" \/>\n<meta name=\"author\" content=\"Beno\u00eet Guillon\" \/>\n<meta name=\"twitter:card\" content=\"summary_large_image\" \/>\n<meta name=\"twitter:label1\" content=\"\u00c9crit par\" \/>\n\t<meta name=\"twitter:data1\" content=\"Beno\u00eet Guillon\" \/>\n\t<meta name=\"twitter:label2\" content=\"Dur\u00e9e de lecture estim\u00e9e\" \/>\n\t<meta name=\"twitter:data2\" content=\"1 minute\" \/>\n<script type=\"application\/ld+json\" class=\"yoast-schema-graph\">{\"@context\":\"https:\\\/\\\/schema.org\",\"@graph\":[{\"@type\":\"Article\",\"@id\":\"https:\\\/\\\/www.meslibellules.fr\\\/blog\\\/2020\\\/12\\\/10\\\/predation-sur-lestes-macrostigma-2-2\\\/#article\",\"isPartOf\":{\"@id\":\"https:\\\/\\\/www.meslibellules.fr\\\/blog\\\/2020\\\/12\\\/10\\\/predation-sur-lestes-macrostigma-2-2\\\/\"},\"author\":{\"name\":\"Beno\u00eet Guillon\",\"@id\":\"https:\\\/\\\/www.meslibellules.fr\\\/blog\\\/#\\\/schema\\\/person\\\/9aa3586f9dd053fcf329f43b8b053c77\"},\"headline\":\"Pr\u00e9dation sur Lestes macrostigma 2\\\/2\",\"datePublished\":\"2020-12-10T06:58:42+00:00\",\"dateModified\":\"2021-08-22T18:43:59+00:00\",\"mainEntityOfPage\":{\"@id\":\"https:\\\/\\\/www.meslibellules.fr\\\/blog\\\/2020\\\/12\\\/10\\\/predation-sur-lestes-macrostigma-2-2\\\/\"},\"wordCount\":182,\"commentCount\":0,\"publisher\":{\"@id\":\"https:\\\/\\\/www.meslibellules.fr\\\/blog\\\/#\\\/schema\\\/person\\\/9aa3586f9dd053fcf329f43b8b053c77\"},\"image\":{\"@id\":\"https:\\\/\\\/www.meslibellules.fr\\\/blog\\\/2020\\\/12\\\/10\\\/predation-sur-lestes-macrostigma-2-2\\\/#primaryimage\"},\"thumbnailUrl\":\"http:\\\/\\\/www.meslibellules.fr\\\/blog\\\/wp-content\\\/uploads\\\/lestes-macrostigma-predation-5.jpg\",\"articleSection\":[\"France\",\"Lestes macrostigma\",\"Lestidae\",\"Pr\u00e9dation sur odonates\"],\"inLanguage\":\"fr-FR\",\"potentialAction\":[{\"@type\":\"CommentAction\",\"name\":\"Comment\",\"target\":[\"https:\\\/\\\/www.meslibellules.fr\\\/blog\\\/2020\\\/12\\\/10\\\/predation-sur-lestes-macrostigma-2-2\\\/#respond\"]}]},{\"@type\":\"WebPage\",\"@id\":\"https:\\\/\\\/www.meslibellules.fr\\\/blog\\\/2020\\\/12\\\/10\\\/predation-sur-lestes-macrostigma-2-2\\\/\",\"url\":\"https:\\\/\\\/www.meslibellules.fr\\\/blog\\\/2020\\\/12\\\/10\\\/predation-sur-lestes-macrostigma-2-2\\\/\",\"name\":\"Pr\u00e9dation sur Lestes macrostigma 2\\\/2 - Mes Libellules\",\"isPartOf\":{\"@id\":\"https:\\\/\\\/www.meslibellules.fr\\\/blog\\\/#website\"},\"primaryImageOfPage\":{\"@id\":\"https:\\\/\\\/www.meslibellules.fr\\\/blog\\\/2020\\\/12\\\/10\\\/predation-sur-lestes-macrostigma-2-2\\\/#primaryimage\"},\"image\":{\"@id\":\"https:\\\/\\\/www.meslibellules.fr\\\/blog\\\/2020\\\/12\\\/10\\\/predation-sur-lestes-macrostigma-2-2\\\/#primaryimage\"},\"thumbnailUrl\":\"http:\\\/\\\/www.meslibellules.fr\\\/blog\\\/wp-content\\\/uploads\\\/lestes-macrostigma-predation-5.jpg\",\"datePublished\":\"2020-12-10T06:58:42+00:00\",\"dateModified\":\"2021-08-22T18:43:59+00:00\",\"breadcrumb\":{\"@id\":\"https:\\\/\\\/www.meslibellules.fr\\\/blog\\\/2020\\\/12\\\/10\\\/predation-sur-lestes-macrostigma-2-2\\\/#breadcrumb\"},\"inLanguage\":\"fr-FR\",\"potentialAction\":[{\"@type\":\"ReadAction\",\"target\":[\"https:\\\/\\\/www.meslibellules.fr\\\/blog\\\/2020\\\/12\\\/10\\\/predation-sur-lestes-macrostigma-2-2\\\/\"]}]},{\"@type\":\"ImageObject\",\"inLanguage\":\"fr-FR\",\"@id\":\"https:\\\/\\\/www.meslibellules.fr\\\/blog\\\/2020\\\/12\\\/10\\\/predation-sur-lestes-macrostigma-2-2\\\/#primaryimage\",\"url\":\"http:\\\/\\\/www.meslibellules.fr\\\/blog\\\/wp-content\\\/uploads\\\/lestes-macrostigma-predation-5.jpg\",\"contentUrl\":\"http:\\\/\\\/www.meslibellules.fr\\\/blog\\\/wp-content\\\/uploads\\\/lestes-macrostigma-predation-5.jpg\"},{\"@type\":\"BreadcrumbList\",\"@id\":\"https:\\\/\\\/www.meslibellules.fr\\\/blog\\\/2020\\\/12\\\/10\\\/predation-sur-lestes-macrostigma-2-2\\\/#breadcrumb\",\"itemListElement\":[{\"@type\":\"ListItem\",\"position\":1,\"name\":\"Accueil\",\"item\":\"https:\\\/\\\/www.meslibellules.fr\\\/blog\\\/\"},{\"@type\":\"ListItem\",\"position\":2,\"name\":\"Pr\u00e9dation sur Lestes macrostigma 2\\\/2\"}]},{\"@type\":\"WebSite\",\"@id\":\"https:\\\/\\\/www.meslibellules.fr\\\/blog\\\/#website\",\"url\":\"https:\\\/\\\/www.meslibellules.fr\\\/blog\\\/\",\"name\":\"Mes Libellules\",\"description\":\"Pr\u00e9sentation des libellules rencontr\u00e9es dans le monde\",\"publisher\":{\"@id\":\"https:\\\/\\\/www.meslibellules.fr\\\/blog\\\/#\\\/schema\\\/person\\\/9aa3586f9dd053fcf329f43b8b053c77\"},\"potentialAction\":[{\"@type\":\"SearchAction\",\"target\":{\"@type\":\"EntryPoint\",\"urlTemplate\":\"https:\\\/\\\/www.meslibellules.fr\\\/blog\\\/?s={search_term_string}\"},\"query-input\":{\"@type\":\"PropertyValueSpecification\",\"valueRequired\":true,\"valueName\":\"search_term_string\"}}],\"inLanguage\":\"fr-FR\"},{\"@type\":[\"Person\",\"Organization\"],\"@id\":\"https:\\\/\\\/www.meslibellules.fr\\\/blog\\\/#\\\/schema\\\/person\\\/9aa3586f9dd053fcf329f43b8b053c77\",\"name\":\"Beno\u00eet Guillon\",\"image\":{\"@type\":\"ImageObject\",\"inLanguage\":\"fr-FR\",\"@id\":\"https:\\\/\\\/www.meslibellules.fr\\\/blog\\\/wp-content\\\/uploads\\\/cropped-avatar-150-pix.jpg\",\"url\":\"https:\\\/\\\/www.meslibellules.fr\\\/blog\\\/wp-content\\\/uploads\\\/cropped-avatar-150-pix.jpg\",\"contentUrl\":\"https:\\\/\\\/www.meslibellules.fr\\\/blog\\\/wp-content\\\/uploads\\\/cropped-avatar-150-pix.jpg\",\"width\":150,\"height\":137,\"caption\":\"Beno\u00eet Guillon\"},\"logo\":{\"@id\":\"https:\\\/\\\/www.meslibellules.fr\\\/blog\\\/wp-content\\\/uploads\\\/cropped-avatar-150-pix.jpg\"},\"sameAs\":[\"https:\\\/\\\/www.facebook.com\\\/benoit.guillon.96\\\/\"]}]}<\/script>\n<!-- \/ Yoast SEO plugin. -->","yoast_head_json":{"title":"Pr\u00e9dation sur Lestes macrostigma  2\/2 - Mes Libellules","robots":{"index":"index","follow":"follow","max-snippet":"max-snippet:-1","max-image-preview":"max-image-preview:large","max-video-preview":"max-video-preview:-1"},"canonical":"https:\/\/www.meslibellules.fr\/blog\/2020\/12\/10\/predation-sur-lestes-macrostigma-2-2\/","og_locale":"fr_FR","og_type":"article","og_title":"Pr\u00e9dation sur Lestes macrostigma  2\/2 - Mes Libellules","og_description":"Cette fois-ci c&rsquo;est un tr\u00e8s jeune m\u00e2le, \u00e9mergent, qui fait est pi\u00e9g\u00e9 par Larinoides cornutus ; le vol inaugural, parfois maladroit, peut \u00eatre perturb\u00e9 par un coup de vent, un pr\u00e9dateur et le malheureux fini sa course la toile fatale. Ci-dessous c&rsquo;est encore la m\u00eame araign\u00e9e, un serial killer qui a captur\u00e9 un couple, elle [&hellip;]","og_url":"https:\/\/www.meslibellules.fr\/blog\/2020\/12\/10\/predation-sur-lestes-macrostigma-2-2\/","og_site_name":"Mes Libellules","article_publisher":"https:\/\/www.facebook.com\/benoit.guillon.96\/","article_author":"https:\/\/www.facebook.com\/benoit.guillon.96\/","article_published_time":"2020-12-10T06:58:42+00:00","article_modified_time":"2021-08-22T18:43:59+00:00","og_image":[{"url":"http:\/\/www.meslibellules.fr\/blog\/wp-content\/uploads\/lestes-macrostigma-predation-5.jpg","type":"","width":"","height":""}],"author":"Beno\u00eet Guillon","twitter_card":"summary_large_image","twitter_misc":{"\u00c9crit par":"Beno\u00eet Guillon","Dur\u00e9e de lecture estim\u00e9e":"1 minute"},"schema":{"@context":"https:\/\/schema.org","@graph":[{"@type":"Article","@id":"https:\/\/www.meslibellules.fr\/blog\/2020\/12\/10\/predation-sur-lestes-macrostigma-2-2\/#article","isPartOf":{"@id":"https:\/\/www.meslibellules.fr\/blog\/2020\/12\/10\/predation-sur-lestes-macrostigma-2-2\/"},"author":{"name":"Beno\u00eet Guillon","@id":"https:\/\/www.meslibellules.fr\/blog\/#\/schema\/person\/9aa3586f9dd053fcf329f43b8b053c77"},"headline":"Pr\u00e9dation sur Lestes macrostigma 2\/2","datePublished":"2020-12-10T06:58:42+00:00","dateModified":"2021-08-22T18:43:59+00:00","mainEntityOfPage":{"@id":"https:\/\/www.meslibellules.fr\/blog\/2020\/12\/10\/predation-sur-lestes-macrostigma-2-2\/"},"wordCount":182,"commentCount":0,"publisher":{"@id":"https:\/\/www.meslibellules.fr\/blog\/#\/schema\/person\/9aa3586f9dd053fcf329f43b8b053c77"},"image":{"@id":"https:\/\/www.meslibellules.fr\/blog\/2020\/12\/10\/predation-sur-lestes-macrostigma-2-2\/#primaryimage"},"thumbnailUrl":"http:\/\/www.meslibellules.fr\/blog\/wp-content\/uploads\/lestes-macrostigma-predation-5.jpg","articleSection":["France","Lestes macrostigma","Lestidae","Pr\u00e9dation sur odonates"],"inLanguage":"fr-FR","potentialAction":[{"@type":"CommentAction","name":"Comment","target":["https:\/\/www.meslibellules.fr\/blog\/2020\/12\/10\/predation-sur-lestes-macrostigma-2-2\/#respond"]}]},{"@type":"WebPage","@id":"https:\/\/www.meslibellules.fr\/blog\/2020\/12\/10\/predation-sur-lestes-macrostigma-2-2\/","url":"https:\/\/www.meslibellules.fr\/blog\/2020\/12\/10\/predation-sur-lestes-macrostigma-2-2\/","name":"Pr\u00e9dation sur Lestes macrostigma 2\/2 - Mes Libellules","isPartOf":{"@id":"https:\/\/www.meslibellules.fr\/blog\/#website"},"primaryImageOfPage":{"@id":"https:\/\/www.meslibellules.fr\/blog\/2020\/12\/10\/predation-sur-lestes-macrostigma-2-2\/#primaryimage"},"image":{"@id":"https:\/\/www.meslibellules.fr\/blog\/2020\/12\/10\/predation-sur-lestes-macrostigma-2-2\/#primaryimage"},"thumbnailUrl":"http:\/\/www.meslibellules.fr\/blog\/wp-content\/uploads\/lestes-macrostigma-predation-5.jpg","datePublished":"2020-12-10T06:58:42+00:00","dateModified":"2021-08-22T18:43:59+00:00","breadcrumb":{"@id":"https:\/\/www.meslibellules.fr\/blog\/2020\/12\/10\/predation-sur-lestes-macrostigma-2-2\/#breadcrumb"},"inLanguage":"fr-FR","potentialAction":[{"@type":"ReadAction","target":["https:\/\/www.meslibellules.fr\/blog\/2020\/12\/10\/predation-sur-lestes-macrostigma-2-2\/"]}]},{"@type":"ImageObject","inLanguage":"fr-FR","@id":"https:\/\/www.meslibellules.fr\/blog\/2020\/12\/10\/predation-sur-lestes-macrostigma-2-2\/#primaryimage","url":"http:\/\/www.meslibellules.fr\/blog\/wp-content\/uploads\/lestes-macrostigma-predation-5.jpg","contentUrl":"http:\/\/www.meslibellules.fr\/blog\/wp-content\/uploads\/lestes-macrostigma-predation-5.jpg"},{"@type":"BreadcrumbList","@id":"https:\/\/www.meslibellules.fr\/blog\/2020\/12\/10\/predation-sur-lestes-macrostigma-2-2\/#breadcrumb","itemListElement":[{"@type":"ListItem","position":1,"name":"Accueil","item":"https:\/\/www.meslibellules.fr\/blog\/"},{"@type":"ListItem","position":2,"name":"Pr\u00e9dation sur Lestes macrostigma 2\/2"}]},{"@type":"WebSite","@id":"https:\/\/www.meslibellules.fr\/blog\/#website","url":"https:\/\/www.meslibellules.fr\/blog\/","name":"Mes Libellules","description":"Pr\u00e9sentation des libellules rencontr\u00e9es dans le monde","publisher":{"@id":"https:\/\/www.meslibellules.fr\/blog\/#\/schema\/person\/9aa3586f9dd053fcf329f43b8b053c77"},"potentialAction":[{"@type":"SearchAction","target":{"@type":"EntryPoint","urlTemplate":"https:\/\/www.meslibellules.fr\/blog\/?s={search_term_string}"},"query-input":{"@type":"PropertyValueSpecification","valueRequired":true,"valueName":"search_term_string"}}],"inLanguage":"fr-FR"},{"@type":["Person","Organization"],"@id":"https:\/\/www.meslibellules.fr\/blog\/#\/schema\/person\/9aa3586f9dd053fcf329f43b8b053c77","name":"Beno\u00eet Guillon","image":{"@type":"ImageObject","inLanguage":"fr-FR","@id":"https:\/\/www.meslibellules.fr\/blog\/wp-content\/uploads\/cropped-avatar-150-pix.jpg","url":"https:\/\/www.meslibellules.fr\/blog\/wp-content\/uploads\/cropped-avatar-150-pix.jpg","contentUrl":"https:\/\/www.meslibellules.fr\/blog\/wp-content\/uploads\/cropped-avatar-150-pix.jpg","width":150,"height":137,"caption":"Beno\u00eet Guillon"},"logo":{"@id":"https:\/\/www.meslibellules.fr\/blog\/wp-content\/uploads\/cropped-avatar-150-pix.jpg"},"sameAs":["https:\/\/www.facebook.com\/benoit.guillon.96\/"]}]}},"_links":{"self":[{"href":"https:\/\/www.meslibellules.fr\/blog\/wp-json\/wp\/v2\/posts\/7378","targetHints":{"allow":["GET"]}}],"collection":[{"href":"https:\/\/www.meslibellules.fr\/blog\/wp-json\/wp\/v2\/posts"}],"about":[{"href":"https:\/\/www.meslibellules.fr\/blog\/wp-json\/wp\/v2\/types\/post"}],"author":[{"embeddable":true,"href":"https:\/\/www.meslibellules.fr\/blog\/wp-json\/wp\/v2\/users\/1"}],"replies":[{"embeddable":true,"href":"https:\/\/www.meslibellules.fr\/blog\/wp-json\/wp\/v2\/comments?post=7378"}],"version-history":[{"count":0,"href":"https:\/\/www.meslibellules.fr\/blog\/wp-json\/wp\/v2\/posts\/7378\/revisions"}],"wp:attachment":[{"href":"https:\/\/www.meslibellules.fr\/blog\/wp-json\/wp\/v2\/media?parent=7378"}],"wp:term":[{"taxonomy":"category","embeddable":true,"href":"https:\/\/www.meslibellules.fr\/blog\/wp-json\/wp\/v2\/categories?post=7378"},{"taxonomy":"post_tag","embeddable":true,"href":"https:\/\/www.meslibellules.fr\/blog\/wp-json\/wp\/v2\/tags?post=7378"}],"curies":[{"name":"wp","href":"https:\/\/api.w.org\/{rel}","templated":true}]}}