{"id":7408,"date":"2020-12-13T07:59:11","date_gmt":"2020-12-13T06:59:11","guid":{"rendered":"http:\/\/www.meslibellules.fr\/blog\/?p=7408"},"modified":"2024-02-03T19:26:13","modified_gmt":"2024-02-03T18:26:13","slug":"asiagomphus-auricolor","status":"publish","type":"post","link":"https:\/\/www.meslibellules.fr\/blog\/2020\/12\/13\/asiagomphus-auricolor\/","title":{"rendered":"Vietnam &#8211; Asiagomphus auricolor (Fraser,1926)"},"content":{"rendered":"\n<figure class=\"wp-block-image aligncenter size-large is-resized\"><a href=\"https:\/\/www.meslibellules.fr\/blog\/wp-content\/uploads\/asiagomphus-auricolor-2big-.jpg\"><img decoding=\"async\" width=\"1380\" height=\"1204\" data-src=\"https:\/\/www.meslibellules.fr\/blog\/wp-content\/uploads\/asiagomphus-auricolor-2big-.jpg\" alt=\"Asiagomphus auricolor, Vietnam, Cuc Phuong, 15\/02\/2020.\" class=\"wp-image-7404 lazyload\" style=\"--smush-placeholder-width: 1380px; --smush-placeholder-aspect-ratio: 1380\/1204;width:446px;height:auto\" data-srcset=\"https:\/\/www.meslibellules.fr\/blog\/wp-content\/uploads\/\/asiagomphus-auricolor-2big-.jpg 1380w, https:\/\/www.meslibellules.fr\/blog\/wp-content\/uploads\/\/asiagomphus-auricolor-2big--768x670.jpg 768w, https:\/\/www.meslibellules.fr\/blog\/wp-content\/uploads\/\/asiagomphus-auricolor-2big--1200x1047.jpg 1200w\" data-sizes=\"(max-width: 1380px) 100vw, 1380px\" src=\"data:image\/svg+xml;base64,PHN2ZyB3aWR0aD0iMSIgaGVpZ2h0PSIxIiB4bWxucz0iaHR0cDovL3d3dy53My5vcmcvMjAwMC9zdmciPjwvc3ZnPg==\" \/><\/a><figcaption class=\"wp-element-caption\">Asiagomphus auricolor, Vietnam, Cuc Phuong, 15\/02\/2020.<\/figcaption><\/figure>\n\n\n\n<p style=\"font-size:14px\">Asiagomphus auricolor est un magnifique Gomphidae, un des trois Asiagomphus que nous avons observ\u00e9 pendant cette prospection. C&rsquo;est un genre difficile pour lequel Tom Kompier a fait une r\u00e9vision des 8 esp\u00e8ces jusqu&rsquo;ici rencontr\u00e9es au Vietnam, en 2020 dans <a href=\"https:\/\/www.researchgate.net\/publication\/327272114_The_genus_Asiagomphus_in_Vietnam_with_descriptions_of_three_new_species_and_first_descriptions_of_the_male_of_Asiagomphus_auricolor_Fraser_1926_and_of_the_female_of_Asiagomphus_reinhardti_Kosterin_Yok\">Zootaxa<\/a>.<br>Il est facile \u00e0 diff\u00e9rencier de A. acco dont l&rsquo;abdomen est essentiellement noir. Il ressemble beaucoup plus \u00e0 <a href=\"https:\/\/www.meslibellules.fr\/blog\/wp-content\/uploads\/2018\/09\/asiagomphus-pacificus-1big.jpg\">A. pacificus<\/a>. Il est le plus commun dans le nord du Vietnam.<\/p>\n\n\n\n<figure class=\"wp-block-image aligncenter size-large is-resized\"><a href=\"https:\/\/www.meslibellules.fr\/blog\/wp-content\/uploads\/asiagomphus-auricolor-4big-.jpg\"><img decoding=\"async\" width=\"1957\" height=\"1204\" data-src=\"https:\/\/www.meslibellules.fr\/blog\/wp-content\/uploads\/asiagomphus-auricolor-4big-.jpg\" alt=\"Asiagomphus auricolor, Vietnam, Cuc Phuong, 15\/02\/2020.\" class=\"wp-image-7406 lazyload\" style=\"--smush-placeholder-width: 1957px; --smush-placeholder-aspect-ratio: 1957\/1204;width:440px;height:auto\" data-srcset=\"https:\/\/www.meslibellules.fr\/blog\/wp-content\/uploads\/\/asiagomphus-auricolor-4big-.jpg 1957w, https:\/\/www.meslibellules.fr\/blog\/wp-content\/uploads\/\/asiagomphus-auricolor-4big--768x472.jpg 768w, https:\/\/www.meslibellules.fr\/blog\/wp-content\/uploads\/\/asiagomphus-auricolor-4big--1536x945.jpg 1536w, https:\/\/www.meslibellules.fr\/blog\/wp-content\/uploads\/\/asiagomphus-auricolor-4big--1200x738.jpg 1200w\" data-sizes=\"(max-width: 1957px) 100vw, 1957px\" src=\"data:image\/svg+xml;base64,PHN2ZyB3aWR0aD0iMSIgaGVpZ2h0PSIxIiB4bWxucz0iaHR0cDovL3d3dy53My5vcmcvMjAwMC9zdmciPjwvc3ZnPg==\" \/><\/a><figcaption class=\"wp-element-caption\">Asiagomphus auricolor, Vietnam, Cuc Phuong, 15\/02\/2020.<\/figcaption><\/figure>\n\n\n\n<p style=\"font-size:15px\">Ce qui semble le plus \u00e9vident \u00e0 un profane est la quantit\u00e9 de jaune, ou plut\u00f4t de coloration non noire sur les deux premiers segments. Ils sont principalement jaunes (ou verts) avec 2 touffes de soies de chaque c\u00f4t\u00e9 du S1, la coloration noire est limit\u00e9e \u00e0 la partie distale du S2 alors que pour A. pacificus ces deux segments sont travers\u00e9s par une large bande noire. <\/p>\n\n\n\n<figure class=\"wp-block-image aligncenter size-large is-resized\"><a href=\"https:\/\/www.meslibellules.fr\/blog\/wp-content\/uploads\/asiagomphus-auricolor-3big-.jpg\"><img decoding=\"async\" width=\"1001\" height=\"1204\" data-src=\"https:\/\/www.meslibellules.fr\/blog\/wp-content\/uploads\/asiagomphus-auricolor-3big-.jpg\" alt=\"Asiagomphus auricolor, Vietnam, Cuc Phuong, 15\/02\/2020.\" class=\"wp-image-7405 lazyload\" style=\"--smush-placeholder-width: 1001px; --smush-placeholder-aspect-ratio: 1001\/1204;width:424px;height:auto\" data-srcset=\"https:\/\/www.meslibellules.fr\/blog\/wp-content\/uploads\/\/asiagomphus-auricolor-3big-.jpg 1001w, https:\/\/www.meslibellules.fr\/blog\/wp-content\/uploads\/\/asiagomphus-auricolor-3big--768x924.jpg 768w\" data-sizes=\"(max-width: 1001px) 100vw, 1001px\" src=\"data:image\/svg+xml;base64,PHN2ZyB3aWR0aD0iMSIgaGVpZ2h0PSIxIiB4bWxucz0iaHR0cDovL3d3dy53My5vcmcvMjAwMC9zdmciPjwvc3ZnPg==\" \/><\/a><figcaption class=\"wp-element-caption\">A. auricolor, Vietnam, Cuc Phuong, 15\/02\/2020.<\/figcaption><\/figure>\n\n\n\n<p style=\"font-size:15px\">Nous l&rsquo;avons rencontr\u00e9 dans un marais ouvert, \u00e0 une cinquantaine de m\u00e8tres d&rsquo;une rivi\u00e8re en for\u00eat.<br>Sa distribution exacte reste \u00e0 pr\u00e9ciser&#8230;<br><a href=\"https:\/\/www.iucnredlist.org\/species\/190819\/8833122\">IUCN Red List<\/a><\/p>\n\n\n\n<div style=\"height:40px\" aria-hidden=\"true\" class=\"wp-block-spacer\"><\/div>\n\n\n\n<div class=\"wp-block-buttons is-vertical is-layout-flex wp-container-core-buttons-is-layout-fe9cc265 wp-block-buttons-is-layout-flex\">\n<div class=\"wp-block-button\"><a class=\"wp-block-button__link wp-element-button\" href=\"https:\/\/www.meslibellules.fr\/blog\/odonates-du-vietnam-2012-2018\/\">Accueil Vietnam<\/a><\/div>\n\n\n\n<div class=\"wp-block-button\"><a class=\"wp-block-button__link wp-element-button\" href=\"http:\/\/www.meslibellules.fr\/pagesweb\/divers\/liste-generale-odonates-du-site\/asia-odonates.php\">Liste Asie<\/a><\/div>\n\n\n\n<div class=\"wp-block-button\"><a class=\"wp-block-button__link wp-element-button\" href=\"https:\/\/www.meslibellules.fr\/blog\/\">Accueil<\/a><\/div>\n<\/div>\n","protected":false},"excerpt":{"rendered":"<p>Asiagomphus auricolor est un magnifique Gomphidae, un des trois Asiagomphus que nous avons observ\u00e9 pendant cette prospection. C&rsquo;est un genre difficile pour lequel Tom Kompier a fait une r\u00e9vision des 8 esp\u00e8ces jusqu&rsquo;ici rencontr\u00e9es au Vietnam, en 2020 dans Zootaxa.Il est facile \u00e0 diff\u00e9rencier de A. acco dont l&rsquo;abdomen est essentiellement noir. Il ressemble beaucoup [&hellip;]<\/p>\n","protected":false},"author":1,"featured_media":0,"comment_status":"open","ping_status":"open","sticky":false,"template":"","format":"image","meta":{"site-sidebar-layout":"default","site-content-layout":"","ast-site-content-layout":"default","site-content-style":"default","site-sidebar-style":"default","ast-global-header-display":"","ast-banner-title-visibility":"","ast-main-header-display":"","ast-hfb-above-header-display":"","ast-hfb-below-header-display":"","ast-hfb-mobile-header-display":"","site-post-title":"","ast-breadcrumbs-content":"","ast-featured-img":"","footer-sml-layout":"","ast-disable-related-posts":"","theme-transparent-header-meta":"","adv-header-id-meta":"","stick-header-meta":"","header-above-stick-meta":"","header-main-stick-meta":"","header-below-stick-meta":"","astra-migrate-meta-layouts":"set","ast-page-background-enabled":"default","ast-page-background-meta":{"desktop":{"background-color":"var(--ast-global-color-4)","background-image":"","background-repeat":"repeat","background-position":"center center","background-size":"auto","background-attachment":"scroll","background-type":"","background-media":"","overlay-type":"","overlay-color":"","overlay-opacity":"","overlay-gradient":""},"tablet":{"background-color":"","background-image":"","background-repeat":"repeat","background-position":"center center","background-size":"auto","background-attachment":"scroll","background-type":"","background-media":"","overlay-type":"","overlay-color":"","overlay-opacity":"","overlay-gradient":""},"mobile":{"background-color":"","background-image":"","background-repeat":"repeat","background-position":"center center","background-size":"auto","background-attachment":"scroll","background-type":"","background-media":"","overlay-type":"","overlay-color":"","overlay-opacity":"","overlay-gradient":""}},"ast-content-background-meta":{"desktop":{"background-color":"var(--ast-global-color-5)","background-image":"","background-repeat":"repeat","background-position":"center center","background-size":"auto","background-attachment":"scroll","background-type":"","background-media":"","overlay-type":"","overlay-color":"","overlay-opacity":"","overlay-gradient":""},"tablet":{"background-color":"var(--ast-global-color-5)","background-image":"","background-repeat":"repeat","background-position":"center center","background-size":"auto","background-attachment":"scroll","background-type":"","background-media":"","overlay-type":"","overlay-color":"","overlay-opacity":"","overlay-gradient":""},"mobile":{"background-color":"var(--ast-global-color-5)","background-image":"","background-repeat":"repeat","background-position":"center center","background-size":"auto","background-attachment":"scroll","background-type":"","background-media":"","overlay-type":"","overlay-color":"","overlay-opacity":"","overlay-gradient":""}},"footnotes":""},"categories":[14,54],"tags":[188,454],"class_list":["post-7408","post","type-post","status-publish","format-image","hentry","category-gomphidae","category-vietnam","tag-gomphidae","tag-gomphidae-vietnam","post_format-post-format-image"],"yoast_head":"<!-- This site is optimized with the Yoast SEO plugin v27.5 - https:\/\/yoast.com\/product\/yoast-seo-wordpress\/ -->\n<title>Asiagomphus auricolor - Mes Libellules<\/title>\n<meta name=\"description\" content=\"Asiagomphus auricolor au Vietnam, description, identification, taille, habitat, distribution g\u00e9ographique, photos\" \/>\n<meta name=\"robots\" content=\"index, follow, max-snippet:-1, max-image-preview:large, max-video-preview:-1\" \/>\n<link rel=\"canonical\" href=\"https:\/\/www.meslibellules.fr\/blog\/2020\/12\/13\/asiagomphus-auricolor\/\" \/>\n<meta property=\"og:locale\" content=\"fr_FR\" \/>\n<meta property=\"og:type\" content=\"article\" \/>\n<meta property=\"og:title\" content=\"Asiagomphus auricolor - Mes Libellules\" \/>\n<meta property=\"og:description\" content=\"Asiagomphus auricolor au Vietnam, description, identification, taille, habitat, distribution g\u00e9ographique, photos\" \/>\n<meta property=\"og:url\" content=\"https:\/\/www.meslibellules.fr\/blog\/2020\/12\/13\/asiagomphus-auricolor\/\" \/>\n<meta property=\"og:site_name\" content=\"Mes Libellules\" \/>\n<meta property=\"article:publisher\" content=\"https:\/\/www.facebook.com\/benoit.guillon.96\/\" \/>\n<meta property=\"article:author\" content=\"https:\/\/www.facebook.com\/benoit.guillon.96\/\" \/>\n<meta property=\"article:published_time\" content=\"2020-12-13T06:59:11+00:00\" \/>\n<meta property=\"article:modified_time\" content=\"2024-02-03T18:26:13+00:00\" \/>\n<meta property=\"og:image\" content=\"http:\/\/www.meslibellules.fr\/blog\/wp-content\/uploads\/asiagomphus-auricolor-2big-.jpg\" \/>\n<meta name=\"author\" content=\"Beno\u00eet Guillon\" \/>\n<meta name=\"twitter:card\" content=\"summary_large_image\" \/>\n<meta name=\"twitter:label1\" content=\"\u00c9crit par\" \/>\n\t<meta name=\"twitter:data1\" content=\"Beno\u00eet Guillon\" \/>\n\t<meta name=\"twitter:label2\" content=\"Dur\u00e9e de lecture estim\u00e9e\" \/>\n\t<meta name=\"twitter:data2\" content=\"2 minutes\" \/>\n<script type=\"application\/ld+json\" class=\"yoast-schema-graph\">{\"@context\":\"https:\\\/\\\/schema.org\",\"@graph\":[{\"@type\":\"Article\",\"@id\":\"https:\\\/\\\/www.meslibellules.fr\\\/blog\\\/2020\\\/12\\\/13\\\/asiagomphus-auricolor\\\/#article\",\"isPartOf\":{\"@id\":\"https:\\\/\\\/www.meslibellules.fr\\\/blog\\\/2020\\\/12\\\/13\\\/asiagomphus-auricolor\\\/\"},\"author\":{\"name\":\"Beno\u00eet Guillon\",\"@id\":\"https:\\\/\\\/www.meslibellules.fr\\\/blog\\\/#\\\/schema\\\/person\\\/9aa3586f9dd053fcf329f43b8b053c77\"},\"headline\":\"Vietnam &#8211; Asiagomphus auricolor (Fraser,1926)\",\"datePublished\":\"2020-12-13T06:59:11+00:00\",\"dateModified\":\"2024-02-03T18:26:13+00:00\",\"mainEntityOfPage\":{\"@id\":\"https:\\\/\\\/www.meslibellules.fr\\\/blog\\\/2020\\\/12\\\/13\\\/asiagomphus-auricolor\\\/\"},\"wordCount\":190,\"commentCount\":0,\"publisher\":{\"@id\":\"https:\\\/\\\/www.meslibellules.fr\\\/blog\\\/#\\\/schema\\\/person\\\/9aa3586f9dd053fcf329f43b8b053c77\"},\"image\":{\"@id\":\"https:\\\/\\\/www.meslibellules.fr\\\/blog\\\/2020\\\/12\\\/13\\\/asiagomphus-auricolor\\\/#primaryimage\"},\"thumbnailUrl\":\"http:\\\/\\\/www.meslibellules.fr\\\/blog\\\/wp-content\\\/uploads\\\/asiagomphus-auricolor-2big-.jpg\",\"keywords\":[\"Gomphidae\",\"Gomphidae - Vietnam\"],\"articleSection\":[\"Gomphidae\",\"Vietnam\"],\"inLanguage\":\"fr-FR\",\"potentialAction\":[{\"@type\":\"CommentAction\",\"name\":\"Comment\",\"target\":[\"https:\\\/\\\/www.meslibellules.fr\\\/blog\\\/2020\\\/12\\\/13\\\/asiagomphus-auricolor\\\/#respond\"]}]},{\"@type\":\"WebPage\",\"@id\":\"https:\\\/\\\/www.meslibellules.fr\\\/blog\\\/2020\\\/12\\\/13\\\/asiagomphus-auricolor\\\/\",\"url\":\"https:\\\/\\\/www.meslibellules.fr\\\/blog\\\/2020\\\/12\\\/13\\\/asiagomphus-auricolor\\\/\",\"name\":\"Asiagomphus auricolor - Mes Libellules\",\"isPartOf\":{\"@id\":\"https:\\\/\\\/www.meslibellules.fr\\\/blog\\\/#website\"},\"primaryImageOfPage\":{\"@id\":\"https:\\\/\\\/www.meslibellules.fr\\\/blog\\\/2020\\\/12\\\/13\\\/asiagomphus-auricolor\\\/#primaryimage\"},\"image\":{\"@id\":\"https:\\\/\\\/www.meslibellules.fr\\\/blog\\\/2020\\\/12\\\/13\\\/asiagomphus-auricolor\\\/#primaryimage\"},\"thumbnailUrl\":\"http:\\\/\\\/www.meslibellules.fr\\\/blog\\\/wp-content\\\/uploads\\\/asiagomphus-auricolor-2big-.jpg\",\"datePublished\":\"2020-12-13T06:59:11+00:00\",\"dateModified\":\"2024-02-03T18:26:13+00:00\",\"description\":\"Asiagomphus auricolor au Vietnam, description, identification, taille, habitat, distribution g\u00e9ographique, photos\",\"breadcrumb\":{\"@id\":\"https:\\\/\\\/www.meslibellules.fr\\\/blog\\\/2020\\\/12\\\/13\\\/asiagomphus-auricolor\\\/#breadcrumb\"},\"inLanguage\":\"fr-FR\",\"potentialAction\":[{\"@type\":\"ReadAction\",\"target\":[\"https:\\\/\\\/www.meslibellules.fr\\\/blog\\\/2020\\\/12\\\/13\\\/asiagomphus-auricolor\\\/\"]}]},{\"@type\":\"ImageObject\",\"inLanguage\":\"fr-FR\",\"@id\":\"https:\\\/\\\/www.meslibellules.fr\\\/blog\\\/2020\\\/12\\\/13\\\/asiagomphus-auricolor\\\/#primaryimage\",\"url\":\"http:\\\/\\\/www.meslibellules.fr\\\/blog\\\/wp-content\\\/uploads\\\/asiagomphus-auricolor-2big-.jpg\",\"contentUrl\":\"http:\\\/\\\/www.meslibellules.fr\\\/blog\\\/wp-content\\\/uploads\\\/asiagomphus-auricolor-2big-.jpg\"},{\"@type\":\"BreadcrumbList\",\"@id\":\"https:\\\/\\\/www.meslibellules.fr\\\/blog\\\/2020\\\/12\\\/13\\\/asiagomphus-auricolor\\\/#breadcrumb\",\"itemListElement\":[{\"@type\":\"ListItem\",\"position\":1,\"name\":\"Accueil\",\"item\":\"https:\\\/\\\/www.meslibellules.fr\\\/blog\\\/\"},{\"@type\":\"ListItem\",\"position\":2,\"name\":\"Vietnam &#8211; Asiagomphus auricolor (Fraser,1926)\"}]},{\"@type\":\"WebSite\",\"@id\":\"https:\\\/\\\/www.meslibellules.fr\\\/blog\\\/#website\",\"url\":\"https:\\\/\\\/www.meslibellules.fr\\\/blog\\\/\",\"name\":\"Mes Libellules\",\"description\":\"Pr\u00e9sentation des libellules rencontr\u00e9es dans le monde\",\"publisher\":{\"@id\":\"https:\\\/\\\/www.meslibellules.fr\\\/blog\\\/#\\\/schema\\\/person\\\/9aa3586f9dd053fcf329f43b8b053c77\"},\"potentialAction\":[{\"@type\":\"SearchAction\",\"target\":{\"@type\":\"EntryPoint\",\"urlTemplate\":\"https:\\\/\\\/www.meslibellules.fr\\\/blog\\\/?s={search_term_string}\"},\"query-input\":{\"@type\":\"PropertyValueSpecification\",\"valueRequired\":true,\"valueName\":\"search_term_string\"}}],\"inLanguage\":\"fr-FR\"},{\"@type\":[\"Person\",\"Organization\"],\"@id\":\"https:\\\/\\\/www.meslibellules.fr\\\/blog\\\/#\\\/schema\\\/person\\\/9aa3586f9dd053fcf329f43b8b053c77\",\"name\":\"Beno\u00eet Guillon\",\"image\":{\"@type\":\"ImageObject\",\"inLanguage\":\"fr-FR\",\"@id\":\"https:\\\/\\\/www.meslibellules.fr\\\/blog\\\/wp-content\\\/uploads\\\/cropped-avatar-150-pix.jpg\",\"url\":\"https:\\\/\\\/www.meslibellules.fr\\\/blog\\\/wp-content\\\/uploads\\\/cropped-avatar-150-pix.jpg\",\"contentUrl\":\"https:\\\/\\\/www.meslibellules.fr\\\/blog\\\/wp-content\\\/uploads\\\/cropped-avatar-150-pix.jpg\",\"width\":150,\"height\":137,\"caption\":\"Beno\u00eet Guillon\"},\"logo\":{\"@id\":\"https:\\\/\\\/www.meslibellules.fr\\\/blog\\\/wp-content\\\/uploads\\\/cropped-avatar-150-pix.jpg\"},\"sameAs\":[\"https:\\\/\\\/www.facebook.com\\\/benoit.guillon.96\\\/\"]}]}<\/script>\n<!-- \/ Yoast SEO plugin. -->","yoast_head_json":{"title":"Asiagomphus auricolor - Mes Libellules","description":"Asiagomphus auricolor au Vietnam, description, identification, taille, habitat, distribution g\u00e9ographique, photos","robots":{"index":"index","follow":"follow","max-snippet":"max-snippet:-1","max-image-preview":"max-image-preview:large","max-video-preview":"max-video-preview:-1"},"canonical":"https:\/\/www.meslibellules.fr\/blog\/2020\/12\/13\/asiagomphus-auricolor\/","og_locale":"fr_FR","og_type":"article","og_title":"Asiagomphus auricolor - Mes Libellules","og_description":"Asiagomphus auricolor au Vietnam, description, identification, taille, habitat, distribution g\u00e9ographique, photos","og_url":"https:\/\/www.meslibellules.fr\/blog\/2020\/12\/13\/asiagomphus-auricolor\/","og_site_name":"Mes Libellules","article_publisher":"https:\/\/www.facebook.com\/benoit.guillon.96\/","article_author":"https:\/\/www.facebook.com\/benoit.guillon.96\/","article_published_time":"2020-12-13T06:59:11+00:00","article_modified_time":"2024-02-03T18:26:13+00:00","og_image":[{"url":"http:\/\/www.meslibellules.fr\/blog\/wp-content\/uploads\/asiagomphus-auricolor-2big-.jpg","type":"","width":"","height":""}],"author":"Beno\u00eet Guillon","twitter_card":"summary_large_image","twitter_misc":{"\u00c9crit par":"Beno\u00eet Guillon","Dur\u00e9e de lecture estim\u00e9e":"2 minutes"},"schema":{"@context":"https:\/\/schema.org","@graph":[{"@type":"Article","@id":"https:\/\/www.meslibellules.fr\/blog\/2020\/12\/13\/asiagomphus-auricolor\/#article","isPartOf":{"@id":"https:\/\/www.meslibellules.fr\/blog\/2020\/12\/13\/asiagomphus-auricolor\/"},"author":{"name":"Beno\u00eet Guillon","@id":"https:\/\/www.meslibellules.fr\/blog\/#\/schema\/person\/9aa3586f9dd053fcf329f43b8b053c77"},"headline":"Vietnam &#8211; Asiagomphus auricolor (Fraser,1926)","datePublished":"2020-12-13T06:59:11+00:00","dateModified":"2024-02-03T18:26:13+00:00","mainEntityOfPage":{"@id":"https:\/\/www.meslibellules.fr\/blog\/2020\/12\/13\/asiagomphus-auricolor\/"},"wordCount":190,"commentCount":0,"publisher":{"@id":"https:\/\/www.meslibellules.fr\/blog\/#\/schema\/person\/9aa3586f9dd053fcf329f43b8b053c77"},"image":{"@id":"https:\/\/www.meslibellules.fr\/blog\/2020\/12\/13\/asiagomphus-auricolor\/#primaryimage"},"thumbnailUrl":"http:\/\/www.meslibellules.fr\/blog\/wp-content\/uploads\/asiagomphus-auricolor-2big-.jpg","keywords":["Gomphidae","Gomphidae - Vietnam"],"articleSection":["Gomphidae","Vietnam"],"inLanguage":"fr-FR","potentialAction":[{"@type":"CommentAction","name":"Comment","target":["https:\/\/www.meslibellules.fr\/blog\/2020\/12\/13\/asiagomphus-auricolor\/#respond"]}]},{"@type":"WebPage","@id":"https:\/\/www.meslibellules.fr\/blog\/2020\/12\/13\/asiagomphus-auricolor\/","url":"https:\/\/www.meslibellules.fr\/blog\/2020\/12\/13\/asiagomphus-auricolor\/","name":"Asiagomphus auricolor - Mes Libellules","isPartOf":{"@id":"https:\/\/www.meslibellules.fr\/blog\/#website"},"primaryImageOfPage":{"@id":"https:\/\/www.meslibellules.fr\/blog\/2020\/12\/13\/asiagomphus-auricolor\/#primaryimage"},"image":{"@id":"https:\/\/www.meslibellules.fr\/blog\/2020\/12\/13\/asiagomphus-auricolor\/#primaryimage"},"thumbnailUrl":"http:\/\/www.meslibellules.fr\/blog\/wp-content\/uploads\/asiagomphus-auricolor-2big-.jpg","datePublished":"2020-12-13T06:59:11+00:00","dateModified":"2024-02-03T18:26:13+00:00","description":"Asiagomphus auricolor au Vietnam, description, identification, taille, habitat, distribution g\u00e9ographique, photos","breadcrumb":{"@id":"https:\/\/www.meslibellules.fr\/blog\/2020\/12\/13\/asiagomphus-auricolor\/#breadcrumb"},"inLanguage":"fr-FR","potentialAction":[{"@type":"ReadAction","target":["https:\/\/www.meslibellules.fr\/blog\/2020\/12\/13\/asiagomphus-auricolor\/"]}]},{"@type":"ImageObject","inLanguage":"fr-FR","@id":"https:\/\/www.meslibellules.fr\/blog\/2020\/12\/13\/asiagomphus-auricolor\/#primaryimage","url":"http:\/\/www.meslibellules.fr\/blog\/wp-content\/uploads\/asiagomphus-auricolor-2big-.jpg","contentUrl":"http:\/\/www.meslibellules.fr\/blog\/wp-content\/uploads\/asiagomphus-auricolor-2big-.jpg"},{"@type":"BreadcrumbList","@id":"https:\/\/www.meslibellules.fr\/blog\/2020\/12\/13\/asiagomphus-auricolor\/#breadcrumb","itemListElement":[{"@type":"ListItem","position":1,"name":"Accueil","item":"https:\/\/www.meslibellules.fr\/blog\/"},{"@type":"ListItem","position":2,"name":"Vietnam &#8211; Asiagomphus auricolor (Fraser,1926)"}]},{"@type":"WebSite","@id":"https:\/\/www.meslibellules.fr\/blog\/#website","url":"https:\/\/www.meslibellules.fr\/blog\/","name":"Mes Libellules","description":"Pr\u00e9sentation des libellules rencontr\u00e9es dans le monde","publisher":{"@id":"https:\/\/www.meslibellules.fr\/blog\/#\/schema\/person\/9aa3586f9dd053fcf329f43b8b053c77"},"potentialAction":[{"@type":"SearchAction","target":{"@type":"EntryPoint","urlTemplate":"https:\/\/www.meslibellules.fr\/blog\/?s={search_term_string}"},"query-input":{"@type":"PropertyValueSpecification","valueRequired":true,"valueName":"search_term_string"}}],"inLanguage":"fr-FR"},{"@type":["Person","Organization"],"@id":"https:\/\/www.meslibellules.fr\/blog\/#\/schema\/person\/9aa3586f9dd053fcf329f43b8b053c77","name":"Beno\u00eet Guillon","image":{"@type":"ImageObject","inLanguage":"fr-FR","@id":"https:\/\/www.meslibellules.fr\/blog\/wp-content\/uploads\/cropped-avatar-150-pix.jpg","url":"https:\/\/www.meslibellules.fr\/blog\/wp-content\/uploads\/cropped-avatar-150-pix.jpg","contentUrl":"https:\/\/www.meslibellules.fr\/blog\/wp-content\/uploads\/cropped-avatar-150-pix.jpg","width":150,"height":137,"caption":"Beno\u00eet Guillon"},"logo":{"@id":"https:\/\/www.meslibellules.fr\/blog\/wp-content\/uploads\/cropped-avatar-150-pix.jpg"},"sameAs":["https:\/\/www.facebook.com\/benoit.guillon.96\/"]}]}},"_links":{"self":[{"href":"https:\/\/www.meslibellules.fr\/blog\/wp-json\/wp\/v2\/posts\/7408","targetHints":{"allow":["GET"]}}],"collection":[{"href":"https:\/\/www.meslibellules.fr\/blog\/wp-json\/wp\/v2\/posts"}],"about":[{"href":"https:\/\/www.meslibellules.fr\/blog\/wp-json\/wp\/v2\/types\/post"}],"author":[{"embeddable":true,"href":"https:\/\/www.meslibellules.fr\/blog\/wp-json\/wp\/v2\/users\/1"}],"replies":[{"embeddable":true,"href":"https:\/\/www.meslibellules.fr\/blog\/wp-json\/wp\/v2\/comments?post=7408"}],"version-history":[{"count":0,"href":"https:\/\/www.meslibellules.fr\/blog\/wp-json\/wp\/v2\/posts\/7408\/revisions"}],"wp:attachment":[{"href":"https:\/\/www.meslibellules.fr\/blog\/wp-json\/wp\/v2\/media?parent=7408"}],"wp:term":[{"taxonomy":"category","embeddable":true,"href":"https:\/\/www.meslibellules.fr\/blog\/wp-json\/wp\/v2\/categories?post=7408"},{"taxonomy":"post_tag","embeddable":true,"href":"https:\/\/www.meslibellules.fr\/blog\/wp-json\/wp\/v2\/tags?post=7408"}],"curies":[{"name":"wp","href":"https:\/\/api.w.org\/{rel}","templated":true}]}}