{"id":7512,"date":"2020-12-22T04:41:55","date_gmt":"2020-12-22T03:41:55","guid":{"rendered":"http:\/\/www.meslibellules.fr\/blog\/?p=7512"},"modified":"2024-07-18T08:57:35","modified_gmt":"2024-07-18T06:57:35","slug":"gomphus-graslinii-male-dans-les-landes-2-2","status":"publish","type":"post","link":"https:\/\/www.meslibellules.fr\/blog\/2020\/12\/22\/gomphus-graslinii-male-dans-les-landes-2-2\/","title":{"rendered":"Gomphus graslinii m\u00e2le dans les Landes  2\/3"},"content":{"rendered":"\n<figure class=\"wp-block-image aligncenter size-large is-resized\"><a href=\"https:\/\/www.meslibellules.fr\/blog\/wp-content\/uploads\/gomphus-graslinii-male-8bis.jpg\"><img decoding=\"async\" width=\"1550\" height=\"1204\" data-src=\"https:\/\/www.meslibellules.fr\/blog\/wp-content\/uploads\/gomphus-graslinii-male-8bis.jpg\" alt=\"Gomphus graslinii m\u00e2le, Castelnau-Chalosse, (France-Landes), 04\/07\/2020\" class=\"wp-image-7508 lazyload\" style=\"--smush-placeholder-width: 1550px; --smush-placeholder-aspect-ratio: 1550\/1204;width:496px;height:385px\" data-srcset=\"https:\/\/www.meslibellules.fr\/blog\/wp-content\/uploads\/\/gomphus-graslinii-male-8bis.jpg 1550w, https:\/\/www.meslibellules.fr\/blog\/wp-content\/uploads\/\/gomphus-graslinii-male-8bis-768x597.jpg 768w, https:\/\/www.meslibellules.fr\/blog\/wp-content\/uploads\/\/gomphus-graslinii-male-8bis-1536x1193.jpg 1536w, https:\/\/www.meslibellules.fr\/blog\/wp-content\/uploads\/\/gomphus-graslinii-male-8bis-1200x932.jpg 1200w\" data-sizes=\"(max-width: 1550px) 100vw, 1550px\" src=\"data:image\/svg+xml;base64,PHN2ZyB3aWR0aD0iMSIgaGVpZ2h0PSIxIiB4bWxucz0iaHR0cDovL3d3dy53My5vcmcvMjAwMC9zdmciPjwvc3ZnPg==\" \/><\/a><figcaption class=\"wp-element-caption\">Gomphus graslinii m\u00e2le, Castelnau-Chalosse, (France-Landes), 04\/07\/2020<\/figcaption><\/figure>\n\n\n\n<p style=\"font-size:15px\">Les Landes sont-elles le paradis des Gomphus en France ? Sans doute et en dehors de l&rsquo;Asie c&rsquo;est une surprise pour moi de d\u00e9couvrir une telle densit\u00e9 de Gomphidae et aussi, cela va de pair, une telle densit\u00e9 de ruisseaux et de rivi\u00e8res, petites ou moyennes. Gomphus graslinii est presque commun sur ce territoire.<\/p>\n\n\n\n<figure class=\"wp-block-image aligncenter size-large is-resized\"><a href=\"https:\/\/www.meslibellules.fr\/blog\/wp-content\/uploads\/gomphus-graslinii-male-7.jpg\"><img decoding=\"async\" width=\"1617\" height=\"1204\" data-src=\"https:\/\/www.meslibellules.fr\/blog\/wp-content\/uploads\/gomphus-graslinii-male-7.jpg\" alt=\"Gomphus graslinii m\u00e2le, Castelnau-Chalosse, (France-Landes), 04\/07\/2020\" class=\"wp-image-7501 lazyload\" style=\"--smush-placeholder-width: 1617px; --smush-placeholder-aspect-ratio: 1617\/1204;width:456px;height:339px\" data-srcset=\"https:\/\/www.meslibellules.fr\/blog\/wp-content\/uploads\/\/gomphus-graslinii-male-7.jpg 1617w, https:\/\/www.meslibellules.fr\/blog\/wp-content\/uploads\/\/gomphus-graslinii-male-7-768x572.jpg 768w, https:\/\/www.meslibellules.fr\/blog\/wp-content\/uploads\/\/gomphus-graslinii-male-7-1536x1144.jpg 1536w, https:\/\/www.meslibellules.fr\/blog\/wp-content\/uploads\/\/gomphus-graslinii-male-7-1200x894.jpg 1200w\" data-sizes=\"(max-width: 1617px) 100vw, 1617px\" src=\"data:image\/svg+xml;base64,PHN2ZyB3aWR0aD0iMSIgaGVpZ2h0PSIxIiB4bWxucz0iaHR0cDovL3d3dy53My5vcmcvMjAwMC9zdmciPjwvc3ZnPg==\" \/><\/a><figcaption class=\"wp-element-caption\">Gomphus graslinii m\u00e2le, Castelnau-Chalosse, (France-Landes), 04\/07\/2020<\/figcaption><\/figure>\n\n\n\n<p style=\"font-size:15px\">Olivier Payen, un ami odonatologue m&rsquo;a fait d\u00e9couvrir ses terrains de chasse et j&rsquo;ai \u00e9t\u00e9 surpris de chercher ces Gomphus dans des prairies et des sentiers, en milieu ouvert, en limite de for\u00eat, sans m\u00eame parfois apercevoir l&rsquo;eau des rivi\u00e8res.<br><br>Avec un tout petit peu d&rsquo;habitude, Gomphus graslinii m\u00e2le est facile \u00e0 identifier lorsque les m\u00e2les sont aussi typiques que ceux-ci et que la bande jaune ant\u00e9hum\u00e9rale n&rsquo;est r\u00e9duite qu&rsquo;\u00e0 une tr\u00e8s fine ligne entre 2 traits noirs beaucoup plus gras.<\/p>\n\n\n\n<figure class=\"wp-block-image aligncenter size-large is-resized\"><a href=\"https:\/\/www.meslibellules.fr\/blog\/wp-content\/uploads\/gomphus-graslinii-male-thorax.jpg\"><img decoding=\"async\" width=\"806\" height=\"686\" data-src=\"https:\/\/www.meslibellules.fr\/blog\/wp-content\/uploads\/gomphus-graslinii-male-thorax.jpg\" alt=\"Gomphus graslinii m\u00e2le, Castelnau-Chalosse, (France-Landes), 04\/07\/2020\" class=\"wp-image-7514 lazyload\" style=\"--smush-placeholder-width: 806px; --smush-placeholder-aspect-ratio: 806\/686;width:447px;height:380px\" data-srcset=\"https:\/\/www.meslibellules.fr\/blog\/wp-content\/uploads\/\/gomphus-graslinii-male-thorax.jpg 806w, https:\/\/www.meslibellules.fr\/blog\/wp-content\/uploads\/\/gomphus-graslinii-male-thorax-768x654.jpg 768w\" data-sizes=\"(max-width: 806px) 100vw, 806px\" src=\"data:image\/svg+xml;base64,PHN2ZyB3aWR0aD0iMSIgaGVpZ2h0PSIxIiB4bWxucz0iaHR0cDovL3d3dy53My5vcmcvMjAwMC9zdmciPjwvc3ZnPg==\" \/><\/a><figcaption class=\"wp-element-caption\">Gomphus graslinii m\u00e2le, Castelnau-Chalosse, (France-Landes), 04\/07\/2020<\/figcaption><\/figure>\n\n\n\n<p style=\"font-size:15px\">On note \u00e9galement que la ligne noire sur la <a href=\"http:\/\/www.meslibellules.fr\/thematique\/anat\/schemanat\/robert8\/planche8-big.jpg\">suture interpleurale<\/a> est r\u00e9duite \u00e0 une courte ligne inf\u00e9rieure et <em>une \u00e9pine sup\u00e9rieure<\/em> : cette <em>\u00e9pine<\/em> est absente pour Gomphus simillimus (il ne subsiste que la partie inf\u00e9rieure), alors que la ligne noire est <em>compl\u00e8te<\/em> sur toute la suture pour Gomphus pulchellus. <br>Si les f\u00e9murs sont domin\u00e9s de jaune, les tibias sont cens\u00e9s \u00eatre noirs, mais on observe souvent quelques traces irr\u00e9guli\u00e8res de jaune.<br><br>Les appendices anaux sup\u00e9rieurs, les cerco\u00efdes,  sont bifides et spectaculairement ac\u00e9r\u00e9s.<\/p>\n\n\n\n<figure class=\"wp-block-image aligncenter size-large is-resized\"><a href=\"https:\/\/www.meslibellules.fr\/blog\/wp-content\/uploads\/gomphus-graslinii-appendices-anaux.jpg\"><img decoding=\"async\" width=\"928\" height=\"1004\" data-src=\"https:\/\/www.meslibellules.fr\/blog\/wp-content\/uploads\/gomphus-graslinii-appendices-anaux.jpg\" alt=\"\" class=\"wp-image-7498 lazyload\" style=\"--smush-placeholder-width: 928px; --smush-placeholder-aspect-ratio: 928\/1004;width:403px;height:436px\" data-srcset=\"https:\/\/www.meslibellules.fr\/blog\/wp-content\/uploads\/\/gomphus-graslinii-appendices-anaux.jpg 928w, https:\/\/www.meslibellules.fr\/blog\/wp-content\/uploads\/\/gomphus-graslinii-appendices-anaux-768x831.jpg 768w\" data-sizes=\"(max-width: 928px) 100vw, 928px\" src=\"data:image\/svg+xml;base64,PHN2ZyB3aWR0aD0iMSIgaGVpZ2h0PSIxIiB4bWxucz0iaHR0cDovL3d3dy53My5vcmcvMjAwMC9zdmciPjwvc3ZnPg==\" \/><\/a><figcaption class=\"wp-element-caption\">Gomphus graslinii m\u00e2le, appendices anaux, Castelnau-Chalosse, (France-Landes), 04\/07\/2020<\/figcaption><\/figure>\n\n\n\n<p style=\"font-size:15px\">C&rsquo;est une des rares libellules (avec l&rsquo;Agrion porte-coupe) que l&rsquo;on doit pr\u00e9senter aux mineurs  avec mod\u00e9ration puisqu&rsquo;elle porte sur son 8\u00b0 segment abdominal le dessin jaune d&rsquo;un verre \u00e0 pied, voire d&rsquo;une fl\u00fbte (\u00e0 Champagne bien s\u00fbr !).<br><br>Mais on peut l&rsquo;admirer sans mod\u00e9ration :<\/p>\n\n\n\n<figure class=\"wp-block-gallery aligncenter has-nested-images columns-2 is-cropped wp-block-gallery-1 is-layout-flex wp-block-gallery-is-layout-flex\">\n<figure class=\"wp-block-image size-large\"><a href=\"https:\/\/www.meslibellules.fr\/blog\/wp-content\/uploads\/gomphus-graslinii-male-10.jpg\"><img decoding=\"async\" width=\"1404\" height=\"1204\" data-id=\"7504\" data-src=\"https:\/\/www.meslibellules.fr\/blog\/wp-content\/uploads\/gomphus-graslinii-male-10.jpg\" alt=\"Gomphus graslinii m\u00e2le, Siest, (France-Landes), 05\/07\/2020\" class=\"wp-image-7504 lazyload\" data-srcset=\"https:\/\/www.meslibellules.fr\/blog\/wp-content\/uploads\/\/gomphus-graslinii-male-10.jpg 1404w, https:\/\/www.meslibellules.fr\/blog\/wp-content\/uploads\/\/gomphus-graslinii-male-10-768x659.jpg 768w, https:\/\/www.meslibellules.fr\/blog\/wp-content\/uploads\/\/gomphus-graslinii-male-10-1200x1029.jpg 1200w\" data-sizes=\"(max-width: 1404px) 100vw, 1404px\" src=\"data:image\/svg+xml;base64,PHN2ZyB3aWR0aD0iMSIgaGVpZ2h0PSIxIiB4bWxucz0iaHR0cDovL3d3dy53My5vcmcvMjAwMC9zdmciPjwvc3ZnPg==\" style=\"--smush-placeholder-width: 1404px; --smush-placeholder-aspect-ratio: 1404\/1204;\" \/><\/a><\/figure>\n\n\n\n<figure class=\"wp-block-image size-large\"><a href=\"https:\/\/www.meslibellules.fr\/blog\/wp-content\/uploads\/gomphus-graslinii-male-9.jpg\"><img decoding=\"async\" width=\"1662\" height=\"1204\" data-id=\"7503\" data-src=\"https:\/\/www.meslibellules.fr\/blog\/wp-content\/uploads\/gomphus-graslinii-male-9.jpg\" alt=\"\" class=\"wp-image-7503 lazyload\" data-srcset=\"https:\/\/www.meslibellules.fr\/blog\/wp-content\/uploads\/\/gomphus-graslinii-male-9.jpg 1662w, https:\/\/www.meslibellules.fr\/blog\/wp-content\/uploads\/\/gomphus-graslinii-male-9-768x556.jpg 768w, https:\/\/www.meslibellules.fr\/blog\/wp-content\/uploads\/\/gomphus-graslinii-male-9-1536x1113.jpg 1536w, https:\/\/www.meslibellules.fr\/blog\/wp-content\/uploads\/\/gomphus-graslinii-male-9-1200x869.jpg 1200w\" data-sizes=\"(max-width: 1662px) 100vw, 1662px\" src=\"data:image\/svg+xml;base64,PHN2ZyB3aWR0aD0iMSIgaGVpZ2h0PSIxIiB4bWxucz0iaHR0cDovL3d3dy53My5vcmcvMjAwMC9zdmciPjwvc3ZnPg==\" style=\"--smush-placeholder-width: 1662px; --smush-placeholder-aspect-ratio: 1662\/1204;\" \/><\/a><\/figure>\n<figcaption class=\"blocks-gallery-caption wp-element-caption\"><em>Gomphe de Graslin m\u00e2le, Siest, (France-Landes), 05\/07\/2020<\/em><\/figcaption><\/figure>\n\n\n\n<p>Gomphus graslinii dans l&rsquo;<a href=\"https:\/\/atlas-odonates.insectes.org\/odonates-de-france\/gomphus-graslinii\">Atlas dynamique des Odonates de France<\/a>.<\/p>\n\n\n\n<div style=\"height:32px\" aria-hidden=\"true\" class=\"wp-block-spacer\"><\/div>\n\n\n\n\n\n<figure class=\"wp-block-image size-large\"><a href=\"https:\/\/www.meslibellules.fr\/blog\/2020\/12\/22\/gomphus-graslinii-male-en-ardeche-3-3\/\"><img decoding=\"async\" width=\"100\" height=\"20\" data-src=\"https:\/\/www.meslibellules.fr\/blog\/wp-content\/uploads\/suite.gif\" alt=\"suite\" class=\"wp-image-7522 lazyload\" src=\"data:image\/svg+xml;base64,PHN2ZyB3aWR0aD0iMSIgaGVpZ2h0PSIxIiB4bWxucz0iaHR0cDovL3d3dy53My5vcmcvMjAwMC9zdmciPjwvc3ZnPg==\" style=\"--smush-placeholder-width: 100px; --smush-placeholder-aspect-ratio: 100\/20;\" \/><\/a><\/figure>\n\n\n\n<figure class=\"wp-block-image size-large\"><a href=\"http:\/\/www.meslibellules.fr\/pagesweb\/gomphidae\/gomphus\/gomphus-graslinii\/gomphus-graslinii-accueil.php\"><img decoding=\"async\" width=\"100\" height=\"20\" data-src=\"https:\/\/www.meslibellules.fr\/blog\/wp-content\/uploads\/accueil-g-graslinii.jpg\" alt=\"Accueil Gomphus graslinii\" class=\"wp-image-7479 lazyload\" src=\"data:image\/svg+xml;base64,PHN2ZyB3aWR0aD0iMSIgaGVpZ2h0PSIxIiB4bWxucz0iaHR0cDovL3d3dy53My5vcmcvMjAwMC9zdmciPjwvc3ZnPg==\" style=\"--smush-placeholder-width: 100px; --smush-placeholder-aspect-ratio: 100\/20;\" \/><\/a><\/figure>\n\n\n\n<p><\/p>\n","protected":false},"excerpt":{"rendered":"<p>Les Landes sont-elles le paradis des Gomphus en France ? Sans doute et en dehors de l&rsquo;Asie c&rsquo;est une surprise pour moi de d\u00e9couvrir une telle densit\u00e9 de Gomphidae et aussi, cela va de pair, une telle densit\u00e9 de ruisseaux et de rivi\u00e8res, petites ou moyennes. Gomphus graslinii est presque commun sur ce territoire. Olivier [&hellip;]<\/p>\n","protected":false},"author":1,"featured_media":0,"comment_status":"open","ping_status":"open","sticky":false,"template":"","format":"image","meta":{"site-sidebar-layout":"default","site-content-layout":"","ast-site-content-layout":"default","site-content-style":"default","site-sidebar-style":"default","ast-global-header-display":"","ast-banner-title-visibility":"","ast-main-header-display":"","ast-hfb-above-header-display":"","ast-hfb-below-header-display":"","ast-hfb-mobile-header-display":"","site-post-title":"","ast-breadcrumbs-content":"","ast-featured-img":"","footer-sml-layout":"","ast-disable-related-posts":"","theme-transparent-header-meta":"","adv-header-id-meta":"","stick-header-meta":"","header-above-stick-meta":"","header-main-stick-meta":"","header-below-stick-meta":"","astra-migrate-meta-layouts":"set","ast-page-background-enabled":"default","ast-page-background-meta":{"desktop":{"background-color":"var(--ast-global-color-4)","background-image":"","background-repeat":"repeat","background-position":"center center","background-size":"auto","background-attachment":"scroll","background-type":"","background-media":"","overlay-type":"","overlay-color":"","overlay-opacity":"","overlay-gradient":""},"tablet":{"background-color":"","background-image":"","background-repeat":"repeat","background-position":"center center","background-size":"auto","background-attachment":"scroll","background-type":"","background-media":"","overlay-type":"","overlay-color":"","overlay-opacity":"","overlay-gradient":""},"mobile":{"background-color":"","background-image":"","background-repeat":"repeat","background-position":"center center","background-size":"auto","background-attachment":"scroll","background-type":"","background-media":"","overlay-type":"","overlay-color":"","overlay-opacity":"","overlay-gradient":""}},"ast-content-background-meta":{"desktop":{"background-color":"var(--ast-global-color-5)","background-image":"","background-repeat":"repeat","background-position":"center center","background-size":"auto","background-attachment":"scroll","background-type":"","background-media":"","overlay-type":"","overlay-color":"","overlay-opacity":"","overlay-gradient":""},"tablet":{"background-color":"var(--ast-global-color-5)","background-image":"","background-repeat":"repeat","background-position":"center center","background-size":"auto","background-attachment":"scroll","background-type":"","background-media":"","overlay-type":"","overlay-color":"","overlay-opacity":"","overlay-gradient":""},"mobile":{"background-color":"var(--ast-global-color-5)","background-image":"","background-repeat":"repeat","background-position":"center center","background-size":"auto","background-attachment":"scroll","background-type":"","background-media":"","overlay-type":"","overlay-color":"","overlay-opacity":"","overlay-gradient":""}},"footnotes":""},"categories":[84,470],"tags":[471,472],"class_list":["post-7512","post","type-post","status-publish","format-image","hentry","category-gomphidae-france","category-gomphus-graslinii","tag-gomphidae-france","tag-gomphus-graslinii","post_format-post-format-image"],"yoast_head":"<!-- This site is optimized with the Yoast SEO plugin v27.5 - https:\/\/yoast.com\/product\/yoast-seo-wordpress\/ -->\n<title>Gomphus graslinii m\u00e2le - Mes Libellules<\/title>\n<meta name=\"description\" content=\"Gomphus graslinii m\u00e2le dans les Landes, appendices anaux, suture interpleurale, \u00e9pine sup\u00e9rieure sur la ligne interpleurale\" \/>\n<meta name=\"robots\" content=\"index, follow, max-snippet:-1, max-image-preview:large, max-video-preview:-1\" \/>\n<link rel=\"canonical\" href=\"https:\/\/www.meslibellules.fr\/blog\/2020\/12\/22\/gomphus-graslinii-male-dans-les-landes-2-2\/\" \/>\n<meta property=\"og:locale\" content=\"fr_FR\" \/>\n<meta property=\"og:type\" content=\"article\" \/>\n<meta property=\"og:title\" content=\"Gomphus graslinii m\u00e2le - Mes Libellules\" \/>\n<meta property=\"og:description\" content=\"Gomphus graslinii m\u00e2le dans les Landes, appendices anaux, suture interpleurale, \u00e9pine sup\u00e9rieure sur la ligne interpleurale\" \/>\n<meta property=\"og:url\" content=\"https:\/\/www.meslibellules.fr\/blog\/2020\/12\/22\/gomphus-graslinii-male-dans-les-landes-2-2\/\" \/>\n<meta property=\"og:site_name\" content=\"Mes Libellules\" \/>\n<meta property=\"article:publisher\" content=\"https:\/\/www.facebook.com\/benoit.guillon.96\/\" \/>\n<meta property=\"article:author\" content=\"https:\/\/www.facebook.com\/benoit.guillon.96\/\" \/>\n<meta property=\"article:published_time\" content=\"2020-12-22T03:41:55+00:00\" \/>\n<meta property=\"article:modified_time\" content=\"2024-07-18T06:57:35+00:00\" \/>\n<meta property=\"og:image\" content=\"http:\/\/www.meslibellules.fr\/blog\/wp-content\/uploads\/gomphus-graslinii-male-8bis.jpg\" \/>\n<meta name=\"author\" content=\"Beno\u00eet Guillon\" \/>\n<meta name=\"twitter:card\" content=\"summary_large_image\" \/>\n<meta name=\"twitter:label1\" content=\"\u00c9crit par\" \/>\n\t<meta name=\"twitter:data1\" content=\"Beno\u00eet Guillon\" \/>\n\t<meta name=\"twitter:label2\" content=\"Dur\u00e9e de lecture estim\u00e9e\" \/>\n\t<meta name=\"twitter:data2\" content=\"7 minutes\" \/>\n<script type=\"application\/ld+json\" class=\"yoast-schema-graph\">{\"@context\":\"https:\\\/\\\/schema.org\",\"@graph\":[{\"@type\":\"Article\",\"@id\":\"https:\\\/\\\/www.meslibellules.fr\\\/blog\\\/2020\\\/12\\\/22\\\/gomphus-graslinii-male-dans-les-landes-2-2\\\/#article\",\"isPartOf\":{\"@id\":\"https:\\\/\\\/www.meslibellules.fr\\\/blog\\\/2020\\\/12\\\/22\\\/gomphus-graslinii-male-dans-les-landes-2-2\\\/\"},\"author\":{\"name\":\"Beno\u00eet Guillon\",\"@id\":\"https:\\\/\\\/www.meslibellules.fr\\\/blog\\\/#\\\/schema\\\/person\\\/9aa3586f9dd053fcf329f43b8b053c77\"},\"headline\":\"Gomphus graslinii m\u00e2le dans les Landes 2\\\/3\",\"datePublished\":\"2020-12-22T03:41:55+00:00\",\"dateModified\":\"2024-07-18T06:57:35+00:00\",\"mainEntityOfPage\":{\"@id\":\"https:\\\/\\\/www.meslibellules.fr\\\/blog\\\/2020\\\/12\\\/22\\\/gomphus-graslinii-male-dans-les-landes-2-2\\\/\"},\"wordCount\":349,\"commentCount\":0,\"publisher\":{\"@id\":\"https:\\\/\\\/www.meslibellules.fr\\\/blog\\\/#\\\/schema\\\/person\\\/9aa3586f9dd053fcf329f43b8b053c77\"},\"image\":{\"@id\":\"https:\\\/\\\/www.meslibellules.fr\\\/blog\\\/2020\\\/12\\\/22\\\/gomphus-graslinii-male-dans-les-landes-2-2\\\/#primaryimage\"},\"thumbnailUrl\":\"http:\\\/\\\/www.meslibellules.fr\\\/blog\\\/wp-content\\\/uploads\\\/gomphus-graslinii-male-8bis.jpg\",\"keywords\":[\"Gomphidae France\",\"Gomphus graslinii\"],\"articleSection\":[\"Gomphidae\",\"Gomphus graslinii\"],\"inLanguage\":\"fr-FR\",\"potentialAction\":[{\"@type\":\"CommentAction\",\"name\":\"Comment\",\"target\":[\"https:\\\/\\\/www.meslibellules.fr\\\/blog\\\/2020\\\/12\\\/22\\\/gomphus-graslinii-male-dans-les-landes-2-2\\\/#respond\"]}]},{\"@type\":\"WebPage\",\"@id\":\"https:\\\/\\\/www.meslibellules.fr\\\/blog\\\/2020\\\/12\\\/22\\\/gomphus-graslinii-male-dans-les-landes-2-2\\\/\",\"url\":\"https:\\\/\\\/www.meslibellules.fr\\\/blog\\\/2020\\\/12\\\/22\\\/gomphus-graslinii-male-dans-les-landes-2-2\\\/\",\"name\":\"Gomphus graslinii m\u00e2le - Mes Libellules\",\"isPartOf\":{\"@id\":\"https:\\\/\\\/www.meslibellules.fr\\\/blog\\\/#website\"},\"primaryImageOfPage\":{\"@id\":\"https:\\\/\\\/www.meslibellules.fr\\\/blog\\\/2020\\\/12\\\/22\\\/gomphus-graslinii-male-dans-les-landes-2-2\\\/#primaryimage\"},\"image\":{\"@id\":\"https:\\\/\\\/www.meslibellules.fr\\\/blog\\\/2020\\\/12\\\/22\\\/gomphus-graslinii-male-dans-les-landes-2-2\\\/#primaryimage\"},\"thumbnailUrl\":\"http:\\\/\\\/www.meslibellules.fr\\\/blog\\\/wp-content\\\/uploads\\\/gomphus-graslinii-male-8bis.jpg\",\"datePublished\":\"2020-12-22T03:41:55+00:00\",\"dateModified\":\"2024-07-18T06:57:35+00:00\",\"description\":\"Gomphus graslinii m\u00e2le dans les Landes, appendices anaux, suture interpleurale, \u00e9pine sup\u00e9rieure sur la ligne interpleurale\",\"breadcrumb\":{\"@id\":\"https:\\\/\\\/www.meslibellules.fr\\\/blog\\\/2020\\\/12\\\/22\\\/gomphus-graslinii-male-dans-les-landes-2-2\\\/#breadcrumb\"},\"inLanguage\":\"fr-FR\",\"potentialAction\":[{\"@type\":\"ReadAction\",\"target\":[\"https:\\\/\\\/www.meslibellules.fr\\\/blog\\\/2020\\\/12\\\/22\\\/gomphus-graslinii-male-dans-les-landes-2-2\\\/\"]}]},{\"@type\":\"ImageObject\",\"inLanguage\":\"fr-FR\",\"@id\":\"https:\\\/\\\/www.meslibellules.fr\\\/blog\\\/2020\\\/12\\\/22\\\/gomphus-graslinii-male-dans-les-landes-2-2\\\/#primaryimage\",\"url\":\"http:\\\/\\\/www.meslibellules.fr\\\/blog\\\/wp-content\\\/uploads\\\/gomphus-graslinii-male-8bis.jpg\",\"contentUrl\":\"http:\\\/\\\/www.meslibellules.fr\\\/blog\\\/wp-content\\\/uploads\\\/gomphus-graslinii-male-8bis.jpg\"},{\"@type\":\"BreadcrumbList\",\"@id\":\"https:\\\/\\\/www.meslibellules.fr\\\/blog\\\/2020\\\/12\\\/22\\\/gomphus-graslinii-male-dans-les-landes-2-2\\\/#breadcrumb\",\"itemListElement\":[{\"@type\":\"ListItem\",\"position\":1,\"name\":\"Accueil\",\"item\":\"https:\\\/\\\/www.meslibellules.fr\\\/blog\\\/\"},{\"@type\":\"ListItem\",\"position\":2,\"name\":\"Gomphus graslinii m\u00e2le dans les Landes 2\\\/3\"}]},{\"@type\":\"WebSite\",\"@id\":\"https:\\\/\\\/www.meslibellules.fr\\\/blog\\\/#website\",\"url\":\"https:\\\/\\\/www.meslibellules.fr\\\/blog\\\/\",\"name\":\"Mes Libellules\",\"description\":\"Pr\u00e9sentation des libellules rencontr\u00e9es dans le monde\",\"publisher\":{\"@id\":\"https:\\\/\\\/www.meslibellules.fr\\\/blog\\\/#\\\/schema\\\/person\\\/9aa3586f9dd053fcf329f43b8b053c77\"},\"potentialAction\":[{\"@type\":\"SearchAction\",\"target\":{\"@type\":\"EntryPoint\",\"urlTemplate\":\"https:\\\/\\\/www.meslibellules.fr\\\/blog\\\/?s={search_term_string}\"},\"query-input\":{\"@type\":\"PropertyValueSpecification\",\"valueRequired\":true,\"valueName\":\"search_term_string\"}}],\"inLanguage\":\"fr-FR\"},{\"@type\":[\"Person\",\"Organization\"],\"@id\":\"https:\\\/\\\/www.meslibellules.fr\\\/blog\\\/#\\\/schema\\\/person\\\/9aa3586f9dd053fcf329f43b8b053c77\",\"name\":\"Beno\u00eet Guillon\",\"image\":{\"@type\":\"ImageObject\",\"inLanguage\":\"fr-FR\",\"@id\":\"https:\\\/\\\/www.meslibellules.fr\\\/blog\\\/wp-content\\\/uploads\\\/cropped-avatar-150-pix.jpg\",\"url\":\"https:\\\/\\\/www.meslibellules.fr\\\/blog\\\/wp-content\\\/uploads\\\/cropped-avatar-150-pix.jpg\",\"contentUrl\":\"https:\\\/\\\/www.meslibellules.fr\\\/blog\\\/wp-content\\\/uploads\\\/cropped-avatar-150-pix.jpg\",\"width\":150,\"height\":137,\"caption\":\"Beno\u00eet Guillon\"},\"logo\":{\"@id\":\"https:\\\/\\\/www.meslibellules.fr\\\/blog\\\/wp-content\\\/uploads\\\/cropped-avatar-150-pix.jpg\"},\"sameAs\":[\"https:\\\/\\\/www.facebook.com\\\/benoit.guillon.96\\\/\"]}]}<\/script>\n<!-- \/ Yoast SEO plugin. -->","yoast_head_json":{"title":"Gomphus graslinii m\u00e2le - Mes Libellules","description":"Gomphus graslinii m\u00e2le dans les Landes, appendices anaux, suture interpleurale, \u00e9pine sup\u00e9rieure sur la ligne interpleurale","robots":{"index":"index","follow":"follow","max-snippet":"max-snippet:-1","max-image-preview":"max-image-preview:large","max-video-preview":"max-video-preview:-1"},"canonical":"https:\/\/www.meslibellules.fr\/blog\/2020\/12\/22\/gomphus-graslinii-male-dans-les-landes-2-2\/","og_locale":"fr_FR","og_type":"article","og_title":"Gomphus graslinii m\u00e2le - Mes Libellules","og_description":"Gomphus graslinii m\u00e2le dans les Landes, appendices anaux, suture interpleurale, \u00e9pine sup\u00e9rieure sur la ligne interpleurale","og_url":"https:\/\/www.meslibellules.fr\/blog\/2020\/12\/22\/gomphus-graslinii-male-dans-les-landes-2-2\/","og_site_name":"Mes Libellules","article_publisher":"https:\/\/www.facebook.com\/benoit.guillon.96\/","article_author":"https:\/\/www.facebook.com\/benoit.guillon.96\/","article_published_time":"2020-12-22T03:41:55+00:00","article_modified_time":"2024-07-18T06:57:35+00:00","og_image":[{"url":"http:\/\/www.meslibellules.fr\/blog\/wp-content\/uploads\/gomphus-graslinii-male-8bis.jpg","type":"","width":"","height":""}],"author":"Beno\u00eet Guillon","twitter_card":"summary_large_image","twitter_misc":{"\u00c9crit par":"Beno\u00eet Guillon","Dur\u00e9e de lecture estim\u00e9e":"7 minutes"},"schema":{"@context":"https:\/\/schema.org","@graph":[{"@type":"Article","@id":"https:\/\/www.meslibellules.fr\/blog\/2020\/12\/22\/gomphus-graslinii-male-dans-les-landes-2-2\/#article","isPartOf":{"@id":"https:\/\/www.meslibellules.fr\/blog\/2020\/12\/22\/gomphus-graslinii-male-dans-les-landes-2-2\/"},"author":{"name":"Beno\u00eet Guillon","@id":"https:\/\/www.meslibellules.fr\/blog\/#\/schema\/person\/9aa3586f9dd053fcf329f43b8b053c77"},"headline":"Gomphus graslinii m\u00e2le dans les Landes 2\/3","datePublished":"2020-12-22T03:41:55+00:00","dateModified":"2024-07-18T06:57:35+00:00","mainEntityOfPage":{"@id":"https:\/\/www.meslibellules.fr\/blog\/2020\/12\/22\/gomphus-graslinii-male-dans-les-landes-2-2\/"},"wordCount":349,"commentCount":0,"publisher":{"@id":"https:\/\/www.meslibellules.fr\/blog\/#\/schema\/person\/9aa3586f9dd053fcf329f43b8b053c77"},"image":{"@id":"https:\/\/www.meslibellules.fr\/blog\/2020\/12\/22\/gomphus-graslinii-male-dans-les-landes-2-2\/#primaryimage"},"thumbnailUrl":"http:\/\/www.meslibellules.fr\/blog\/wp-content\/uploads\/gomphus-graslinii-male-8bis.jpg","keywords":["Gomphidae France","Gomphus graslinii"],"articleSection":["Gomphidae","Gomphus graslinii"],"inLanguage":"fr-FR","potentialAction":[{"@type":"CommentAction","name":"Comment","target":["https:\/\/www.meslibellules.fr\/blog\/2020\/12\/22\/gomphus-graslinii-male-dans-les-landes-2-2\/#respond"]}]},{"@type":"WebPage","@id":"https:\/\/www.meslibellules.fr\/blog\/2020\/12\/22\/gomphus-graslinii-male-dans-les-landes-2-2\/","url":"https:\/\/www.meslibellules.fr\/blog\/2020\/12\/22\/gomphus-graslinii-male-dans-les-landes-2-2\/","name":"Gomphus graslinii m\u00e2le - Mes Libellules","isPartOf":{"@id":"https:\/\/www.meslibellules.fr\/blog\/#website"},"primaryImageOfPage":{"@id":"https:\/\/www.meslibellules.fr\/blog\/2020\/12\/22\/gomphus-graslinii-male-dans-les-landes-2-2\/#primaryimage"},"image":{"@id":"https:\/\/www.meslibellules.fr\/blog\/2020\/12\/22\/gomphus-graslinii-male-dans-les-landes-2-2\/#primaryimage"},"thumbnailUrl":"http:\/\/www.meslibellules.fr\/blog\/wp-content\/uploads\/gomphus-graslinii-male-8bis.jpg","datePublished":"2020-12-22T03:41:55+00:00","dateModified":"2024-07-18T06:57:35+00:00","description":"Gomphus graslinii m\u00e2le dans les Landes, appendices anaux, suture interpleurale, \u00e9pine sup\u00e9rieure sur la ligne interpleurale","breadcrumb":{"@id":"https:\/\/www.meslibellules.fr\/blog\/2020\/12\/22\/gomphus-graslinii-male-dans-les-landes-2-2\/#breadcrumb"},"inLanguage":"fr-FR","potentialAction":[{"@type":"ReadAction","target":["https:\/\/www.meslibellules.fr\/blog\/2020\/12\/22\/gomphus-graslinii-male-dans-les-landes-2-2\/"]}]},{"@type":"ImageObject","inLanguage":"fr-FR","@id":"https:\/\/www.meslibellules.fr\/blog\/2020\/12\/22\/gomphus-graslinii-male-dans-les-landes-2-2\/#primaryimage","url":"http:\/\/www.meslibellules.fr\/blog\/wp-content\/uploads\/gomphus-graslinii-male-8bis.jpg","contentUrl":"http:\/\/www.meslibellules.fr\/blog\/wp-content\/uploads\/gomphus-graslinii-male-8bis.jpg"},{"@type":"BreadcrumbList","@id":"https:\/\/www.meslibellules.fr\/blog\/2020\/12\/22\/gomphus-graslinii-male-dans-les-landes-2-2\/#breadcrumb","itemListElement":[{"@type":"ListItem","position":1,"name":"Accueil","item":"https:\/\/www.meslibellules.fr\/blog\/"},{"@type":"ListItem","position":2,"name":"Gomphus graslinii m\u00e2le dans les Landes 2\/3"}]},{"@type":"WebSite","@id":"https:\/\/www.meslibellules.fr\/blog\/#website","url":"https:\/\/www.meslibellules.fr\/blog\/","name":"Mes Libellules","description":"Pr\u00e9sentation des libellules rencontr\u00e9es dans le monde","publisher":{"@id":"https:\/\/www.meslibellules.fr\/blog\/#\/schema\/person\/9aa3586f9dd053fcf329f43b8b053c77"},"potentialAction":[{"@type":"SearchAction","target":{"@type":"EntryPoint","urlTemplate":"https:\/\/www.meslibellules.fr\/blog\/?s={search_term_string}"},"query-input":{"@type":"PropertyValueSpecification","valueRequired":true,"valueName":"search_term_string"}}],"inLanguage":"fr-FR"},{"@type":["Person","Organization"],"@id":"https:\/\/www.meslibellules.fr\/blog\/#\/schema\/person\/9aa3586f9dd053fcf329f43b8b053c77","name":"Beno\u00eet Guillon","image":{"@type":"ImageObject","inLanguage":"fr-FR","@id":"https:\/\/www.meslibellules.fr\/blog\/wp-content\/uploads\/cropped-avatar-150-pix.jpg","url":"https:\/\/www.meslibellules.fr\/blog\/wp-content\/uploads\/cropped-avatar-150-pix.jpg","contentUrl":"https:\/\/www.meslibellules.fr\/blog\/wp-content\/uploads\/cropped-avatar-150-pix.jpg","width":150,"height":137,"caption":"Beno\u00eet Guillon"},"logo":{"@id":"https:\/\/www.meslibellules.fr\/blog\/wp-content\/uploads\/cropped-avatar-150-pix.jpg"},"sameAs":["https:\/\/www.facebook.com\/benoit.guillon.96\/"]}]}},"_links":{"self":[{"href":"https:\/\/www.meslibellules.fr\/blog\/wp-json\/wp\/v2\/posts\/7512","targetHints":{"allow":["GET"]}}],"collection":[{"href":"https:\/\/www.meslibellules.fr\/blog\/wp-json\/wp\/v2\/posts"}],"about":[{"href":"https:\/\/www.meslibellules.fr\/blog\/wp-json\/wp\/v2\/types\/post"}],"author":[{"embeddable":true,"href":"https:\/\/www.meslibellules.fr\/blog\/wp-json\/wp\/v2\/users\/1"}],"replies":[{"embeddable":true,"href":"https:\/\/www.meslibellules.fr\/blog\/wp-json\/wp\/v2\/comments?post=7512"}],"version-history":[{"count":0,"href":"https:\/\/www.meslibellules.fr\/blog\/wp-json\/wp\/v2\/posts\/7512\/revisions"}],"wp:attachment":[{"href":"https:\/\/www.meslibellules.fr\/blog\/wp-json\/wp\/v2\/media?parent=7512"}],"wp:term":[{"taxonomy":"category","embeddable":true,"href":"https:\/\/www.meslibellules.fr\/blog\/wp-json\/wp\/v2\/categories?post=7512"},{"taxonomy":"post_tag","embeddable":true,"href":"https:\/\/www.meslibellules.fr\/blog\/wp-json\/wp\/v2\/tags?post=7512"}],"curies":[{"name":"wp","href":"https:\/\/api.w.org\/{rel}","templated":true}]}}