{"id":7886,"date":"2021-02-07T19:57:58","date_gmt":"2021-02-07T18:57:58","guid":{"rendered":"http:\/\/www.meslibellules.fr\/blog\/?p=7886"},"modified":"2024-01-01T17:56:19","modified_gmt":"2024-01-01T16:56:19","slug":"onychogomphus-forcipatus-galerie","status":"publish","type":"post","link":"https:\/\/www.meslibellules.fr\/blog\/2021\/02\/07\/onychogomphus-forcipatus-galerie\/","title":{"rendered":"Onychogomphus forcipatus : Galerie"},"content":{"rendered":"\n<figure class=\"wp-block-image aligncenter size-large is-resized\"><a href=\"https:\/\/www.meslibellules.fr\/blog\/wp-content\/uploads\/onychogomphus-forcipatus-femelle-1g.jpg\"><img decoding=\"async\" width=\"1751\" height=\"1204\" data-src=\"https:\/\/www.meslibellules.fr\/blog\/wp-content\/uploads\/onychogomphus-forcipatus-femelle-1g.jpg\" alt=\"Onychogomphus forcipatus femelle, Parc du confluent Portet sur Garonne (France-31), 19\/07\/2019\" class=\"wp-image-7885 lazyload\" style=\"--smush-placeholder-width: 1751px; --smush-placeholder-aspect-ratio: 1751\/1204;width:520px;height:351px\" data-srcset=\"https:\/\/www.meslibellules.fr\/blog\/wp-content\/uploads\/\/onychogomphus-forcipatus-femelle-1g.jpg 1751w, https:\/\/www.meslibellules.fr\/blog\/wp-content\/uploads\/\/onychogomphus-forcipatus-femelle-1g-768x528.jpg 768w, https:\/\/www.meslibellules.fr\/blog\/wp-content\/uploads\/\/onychogomphus-forcipatus-femelle-1g-1536x1056.jpg 1536w, https:\/\/www.meslibellules.fr\/blog\/wp-content\/uploads\/\/onychogomphus-forcipatus-femelle-1g-1200x825.jpg 1200w\" data-sizes=\"(max-width: 1751px) 100vw, 1751px\" src=\"data:image\/svg+xml;base64,PHN2ZyB3aWR0aD0iMSIgaGVpZ2h0PSIxIiB4bWxucz0iaHR0cDovL3d3dy53My5vcmcvMjAwMC9zdmciPjwvc3ZnPg==\" \/><\/a><figcaption class=\"wp-element-caption\">Onychogomphus forcipatus femelle, Parc du confluent Portet sur Garonne (France-31), 19\/07\/2019<\/figcaption><\/figure>\n\n\n\n<figure class=\"wp-block-image aligncenter size-large is-resized\"><a href=\"https:\/\/www.meslibellules.fr\/blog\/wp-content\/uploads\/onychogomphus-forcipatus-male-ung-1g.jpg\"><img decoding=\"async\" width=\"1487\" height=\"1204\" data-src=\"https:\/\/www.meslibellules.fr\/blog\/wp-content\/uploads\/onychogomphus-forcipatus-male-ung-1g.jpg\" alt=\"Onychogomphus forcipatus unguiculatus m\u00e2le, sur la Drobie (France-07), 19\/07\/2014\" class=\"wp-image-7888 lazyload\" style=\"--smush-placeholder-width: 1487px; --smush-placeholder-aspect-ratio: 1487\/1204;width:500px;height:426px\" data-srcset=\"https:\/\/www.meslibellules.fr\/blog\/wp-content\/uploads\/\/onychogomphus-forcipatus-male-ung-1g.jpg 1487w, https:\/\/www.meslibellules.fr\/blog\/wp-content\/uploads\/\/onychogomphus-forcipatus-male-ung-1g-768x622.jpg 768w, https:\/\/www.meslibellules.fr\/blog\/wp-content\/uploads\/\/onychogomphus-forcipatus-male-ung-1g-1200x972.jpg 1200w\" data-sizes=\"(max-width: 1487px) 100vw, 1487px\" src=\"data:image\/svg+xml;base64,PHN2ZyB3aWR0aD0iMSIgaGVpZ2h0PSIxIiB4bWxucz0iaHR0cDovL3d3dy53My5vcmcvMjAwMC9zdmciPjwvc3ZnPg==\" \/><\/a><figcaption class=\"wp-element-caption\">Onychogomphus forcipatus unguiculatus m\u00e2le, sur la Drobie (France-07), 19\/07\/2014<\/figcaption><\/figure>\n\n\n\n<figure class=\"wp-block-image aligncenter size-large is-resized\"><a href=\"https:\/\/www.meslibellules.fr\/blog\/wp-content\/uploads\/onychogomphus-forcipatus-male-2g.jpg\"><img decoding=\"async\" width=\"1497\" height=\"1204\" data-src=\"https:\/\/www.meslibellules.fr\/blog\/wp-content\/uploads\/onychogomphus-forcipatus-male-2g.jpg\" alt=\"Onychogomphus forcipatus m\u00e2le, Portet sur Garonne (France-31), 19\/07\/2019\" class=\"wp-image-7891 lazyload\" style=\"--smush-placeholder-width: 1497px; --smush-placeholder-aspect-ratio: 1497\/1204;width:490px;height:393px\" data-srcset=\"https:\/\/www.meslibellules.fr\/blog\/wp-content\/uploads\/\/onychogomphus-forcipatus-male-2g.jpg 1497w, https:\/\/www.meslibellules.fr\/blog\/wp-content\/uploads\/\/onychogomphus-forcipatus-male-2g-768x618.jpg 768w, https:\/\/www.meslibellules.fr\/blog\/wp-content\/uploads\/\/onychogomphus-forcipatus-male-2g-1200x965.jpg 1200w\" data-sizes=\"(max-width: 1497px) 100vw, 1497px\" src=\"data:image\/svg+xml;base64,PHN2ZyB3aWR0aD0iMSIgaGVpZ2h0PSIxIiB4bWxucz0iaHR0cDovL3d3dy53My5vcmcvMjAwMC9zdmciPjwvc3ZnPg==\" \/><\/a><figcaption class=\"wp-element-caption\">Onychogomphus forcipatus m\u00e2le, Portet sur Garonne (France-31), 19\/07\/2019<\/figcaption><\/figure>\n\n\n\n<figure class=\"wp-block-image aligncenter size-large is-resized\"><a href=\"https:\/\/www.meslibellules.fr\/blog\/wp-content\/uploads\/onychogomphus-forcipatus-femelle-emergente-1g.jpg\"><img decoding=\"async\" width=\"1813\" height=\"1204\" data-src=\"https:\/\/www.meslibellules.fr\/blog\/wp-content\/uploads\/onychogomphus-forcipatus-femelle-emergente-1g.jpg\" alt=\"Onychogomphus forcipatus unguiculatus femelle en fin d'\u00e9mergence, la Prade (Ard\u00e8che-07) sur la Ligne, 15\/07\/2020\" class=\"wp-image-7893 lazyload\" style=\"--smush-placeholder-width: 1813px; --smush-placeholder-aspect-ratio: 1813\/1204;width:490px;height:325px\" data-srcset=\"https:\/\/www.meslibellules.fr\/blog\/wp-content\/uploads\/\/onychogomphus-forcipatus-femelle-emergente-1g.jpg 1813w, https:\/\/www.meslibellules.fr\/blog\/wp-content\/uploads\/\/onychogomphus-forcipatus-femelle-emergente-1g-768x510.jpg 768w, https:\/\/www.meslibellules.fr\/blog\/wp-content\/uploads\/\/onychogomphus-forcipatus-femelle-emergente-1g-1536x1020.jpg 1536w, https:\/\/www.meslibellules.fr\/blog\/wp-content\/uploads\/\/onychogomphus-forcipatus-femelle-emergente-1g-1200x797.jpg 1200w\" data-sizes=\"(max-width: 1813px) 100vw, 1813px\" src=\"data:image\/svg+xml;base64,PHN2ZyB3aWR0aD0iMSIgaGVpZ2h0PSIxIiB4bWxucz0iaHR0cDovL3d3dy53My5vcmcvMjAwMC9zdmciPjwvc3ZnPg==\" \/><\/a><figcaption class=\"wp-element-caption\">Onychogomphus forcipatus unguiculatus femelle en fin d&rsquo;\u00e9mergence, la Prade (Ard\u00e8che-07) sur la Ligne, 15\/07\/2020<\/figcaption><\/figure>\n\n\n\n<figure class=\"wp-block-image aligncenter size-large is-resized\"><a href=\"https:\/\/www.meslibellules.fr\/blog\/wp-content\/uploads\/onychogomphus-forcipatus-male-4g.jpg\"><img decoding=\"async\" width=\"1004\" height=\"1004\" data-src=\"https:\/\/www.meslibellules.fr\/blog\/wp-content\/uploads\/onychogomphus-forcipatus-male-4g.jpg\" alt=\"Onychogomphus forcipatus m\u00e2le, Portet sur Garonne (France-31), 19\/07\/2019\" class=\"wp-image-7930 lazyload\" style=\"--smush-placeholder-width: 1004px; --smush-placeholder-aspect-ratio: 1004\/1004;width:490px;height:520px\" data-srcset=\"https:\/\/www.meslibellules.fr\/blog\/wp-content\/uploads\/\/onychogomphus-forcipatus-male-4g.jpg 1004w, https:\/\/www.meslibellules.fr\/blog\/wp-content\/uploads\/\/onychogomphus-forcipatus-male-4g-768x768.jpg 768w\" data-sizes=\"(max-width: 1004px) 100vw, 1004px\" src=\"data:image\/svg+xml;base64,PHN2ZyB3aWR0aD0iMSIgaGVpZ2h0PSIxIiB4bWxucz0iaHR0cDovL3d3dy53My5vcmcvMjAwMC9zdmciPjwvc3ZnPg==\" \/><\/a><figcaption class=\"wp-element-caption\">Onychogomphus forcipatus m\u00e2le, Portet sur Garonne (France-31), 19\/07\/2019<\/figcaption><\/figure>\n\n\n\n<figure class=\"wp-block-image aligncenter size-large is-resized\"><a href=\"https:\/\/www.meslibellules.fr\/blog\/wp-content\/uploads\/onychogomphus-forcipatus-male-5g.jpg\"><img decoding=\"async\" width=\"1900\" height=\"1204\" data-src=\"https:\/\/www.meslibellules.fr\/blog\/wp-content\/uploads\/onychogomphus-forcipatus-male-5g.jpg\" alt=\"Onychogomphus forcipatus m\u00e2le, Sort en Chalosse (France-40), 06\/07\/2020\" class=\"wp-image-7932 lazyload\" style=\"--smush-placeholder-width: 1900px; --smush-placeholder-aspect-ratio: 1900\/1204;width:490px;height:304px\" data-srcset=\"https:\/\/www.meslibellules.fr\/blog\/wp-content\/uploads\/\/onychogomphus-forcipatus-male-5g.jpg 1900w, https:\/\/www.meslibellules.fr\/blog\/wp-content\/uploads\/\/onychogomphus-forcipatus-male-5g-768x487.jpg 768w, https:\/\/www.meslibellules.fr\/blog\/wp-content\/uploads\/\/onychogomphus-forcipatus-male-5g-1536x973.jpg 1536w, https:\/\/www.meslibellules.fr\/blog\/wp-content\/uploads\/\/onychogomphus-forcipatus-male-5g-1200x760.jpg 1200w\" data-sizes=\"(max-width: 1900px) 100vw, 1900px\" src=\"data:image\/svg+xml;base64,PHN2ZyB3aWR0aD0iMSIgaGVpZ2h0PSIxIiB4bWxucz0iaHR0cDovL3d3dy53My5vcmcvMjAwMC9zdmciPjwvc3ZnPg==\" \/><\/a><figcaption class=\"wp-element-caption\">Onychogomphus forcipatus m\u00e2le, Sort en Chalosse (France-40), 06\/07\/2020<\/figcaption><\/figure>\n\n\n\n<figure class=\"wp-block-image aligncenter size-large is-resized\"><a href=\"https:\/\/www.meslibellules.fr\/blog\/wp-content\/uploads\/onychogomphus-forcipatus-femelle-2g.jpg\"><img decoding=\"async\" width=\"1736\" height=\"1204\" data-src=\"https:\/\/www.meslibellules.fr\/blog\/wp-content\/uploads\/onychogomphus-forcipatus-femelle-2g.jpg\" alt=\"Onychogomphus forcipatus femelle, Portet sur Garonne (France-31), 19\/07\/2019\" class=\"wp-image-7934 lazyload\" style=\"--smush-placeholder-width: 1736px; --smush-placeholder-aspect-ratio: 1736\/1204;width:490px;height:354px\" data-srcset=\"https:\/\/www.meslibellules.fr\/blog\/wp-content\/uploads\/\/onychogomphus-forcipatus-femelle-2g.jpg 1736w, https:\/\/www.meslibellules.fr\/blog\/wp-content\/uploads\/\/onychogomphus-forcipatus-femelle-2g-768x533.jpg 768w, https:\/\/www.meslibellules.fr\/blog\/wp-content\/uploads\/\/onychogomphus-forcipatus-femelle-2g-1536x1065.jpg 1536w, https:\/\/www.meslibellules.fr\/blog\/wp-content\/uploads\/\/onychogomphus-forcipatus-femelle-2g-1200x832.jpg 1200w\" data-sizes=\"(max-width: 1736px) 100vw, 1736px\" src=\"data:image\/svg+xml;base64,PHN2ZyB3aWR0aD0iMSIgaGVpZ2h0PSIxIiB4bWxucz0iaHR0cDovL3d3dy53My5vcmcvMjAwMC9zdmciPjwvc3ZnPg==\" \/><\/a><figcaption class=\"wp-element-caption\">Onychogomphus forcipatus femelle, Portet sur Garonne (France-31), 19\/07\/2019<\/figcaption><\/figure>\n\n\n\n<figure class=\"wp-block-image aligncenter size-large is-resized\"><a href=\"https:\/\/www.meslibellules.fr\/blog\/wp-content\/uploads\/onychogomphus-forcipatus-male-ung-2g.jpg\"><img decoding=\"async\" width=\"1138\" height=\"1004\" data-src=\"https:\/\/www.meslibellules.fr\/blog\/wp-content\/uploads\/onychogomphus-forcipatus-male-ung-2g.jpg\" alt=\"Onychogomphus forcipatus unguiculatus m\u00e2le, Ard\u00e8che (France-07) sur la Drobie, 19\/07\/2014\" class=\"wp-image-7936 lazyload\" style=\"--smush-placeholder-width: 1138px; --smush-placeholder-aspect-ratio: 1138\/1004;width:490px;height:401px\" data-srcset=\"https:\/\/www.meslibellules.fr\/blog\/wp-content\/uploads\/\/onychogomphus-forcipatus-male-ung-2g.jpg 1138w, https:\/\/www.meslibellules.fr\/blog\/wp-content\/uploads\/\/onychogomphus-forcipatus-male-ung-2g-768x678.jpg 768w\" data-sizes=\"(max-width: 1138px) 100vw, 1138px\" src=\"data:image\/svg+xml;base64,PHN2ZyB3aWR0aD0iMSIgaGVpZ2h0PSIxIiB4bWxucz0iaHR0cDovL3d3dy53My5vcmcvMjAwMC9zdmciPjwvc3ZnPg==\" \/><\/a><figcaption class=\"wp-element-caption\">Onychogomphus forcipatus unguiculatus m\u00e2le, Ard\u00e8che (France-07) sur la Drobie, 19\/07\/2014<\/figcaption><\/figure>\n\n\n\n<figure class=\"wp-block-image aligncenter size-large is-resized\"><a href=\"https:\/\/www.meslibellules.fr\/blog\/wp-content\/uploads\/onychogomphus-forcipatus-male-ung-3g.jpg\"><img decoding=\"async\" width=\"1704\" height=\"1204\" data-src=\"https:\/\/www.meslibellules.fr\/blog\/wp-content\/uploads\/onychogomphus-forcipatus-male-ung-3g.jpg\" alt=\"Onychogomphus forcipatus unguiculatus m\u00e2le, Malbosc (Ard\u00e8che-07) sur la Gani\u00e8re, 14\/07\/2014\" class=\"wp-image-7938 lazyload\" style=\"--smush-placeholder-width: 1704px; --smush-placeholder-aspect-ratio: 1704\/1204;width:490px;height:338px\" data-srcset=\"https:\/\/www.meslibellules.fr\/blog\/wp-content\/uploads\/\/onychogomphus-forcipatus-male-ung-3g.jpg 1704w, https:\/\/www.meslibellules.fr\/blog\/wp-content\/uploads\/\/onychogomphus-forcipatus-male-ung-3g-768x543.jpg 768w, https:\/\/www.meslibellules.fr\/blog\/wp-content\/uploads\/\/onychogomphus-forcipatus-male-ung-3g-1536x1085.jpg 1536w, https:\/\/www.meslibellules.fr\/blog\/wp-content\/uploads\/\/onychogomphus-forcipatus-male-ung-3g-1200x848.jpg 1200w\" data-sizes=\"(max-width: 1704px) 100vw, 1704px\" src=\"data:image\/svg+xml;base64,PHN2ZyB3aWR0aD0iMSIgaGVpZ2h0PSIxIiB4bWxucz0iaHR0cDovL3d3dy53My5vcmcvMjAwMC9zdmciPjwvc3ZnPg==\" \/><\/a><figcaption class=\"wp-element-caption\">Onychogomphus forcipatus unguiculatus m\u00e2le, Malbosc (Ard\u00e8che-07) sur la Gani\u00e8re, 14\/07\/2014<\/figcaption><\/figure>\n\n\n\n<figure class=\"wp-block-image aligncenter size-large is-resized\"><a href=\"https:\/\/www.meslibellules.fr\/blog\/wp-content\/uploads\/onychogomphus-forcipatus-male-6g.jpg\"><img decoding=\"async\" width=\"2110\" height=\"1204\" data-src=\"https:\/\/www.meslibellules.fr\/blog\/wp-content\/uploads\/onychogomphus-forcipatus-male-6g.jpg\" alt=\"Onychogomphus forcipatus m\u00e2le, Gennes sur Loire (France-49), 17\/06\/2012\" class=\"wp-image-7940 lazyload\" style=\"--smush-placeholder-width: 2110px; --smush-placeholder-aspect-ratio: 2110\/1204;width:490px;height:265px\" data-srcset=\"https:\/\/www.meslibellules.fr\/blog\/wp-content\/uploads\/\/onychogomphus-forcipatus-male-6g.jpg 2110w, https:\/\/www.meslibellules.fr\/blog\/wp-content\/uploads\/\/onychogomphus-forcipatus-male-6g-768x438.jpg 768w, https:\/\/www.meslibellules.fr\/blog\/wp-content\/uploads\/\/onychogomphus-forcipatus-male-6g-1536x876.jpg 1536w, https:\/\/www.meslibellules.fr\/blog\/wp-content\/uploads\/\/onychogomphus-forcipatus-male-6g-2048x1169.jpg 2048w, https:\/\/www.meslibellules.fr\/blog\/wp-content\/uploads\/\/onychogomphus-forcipatus-male-6g-1200x685.jpg 1200w\" data-sizes=\"(max-width: 2110px) 100vw, 2110px\" src=\"data:image\/svg+xml;base64,PHN2ZyB3aWR0aD0iMSIgaGVpZ2h0PSIxIiB4bWxucz0iaHR0cDovL3d3dy53My5vcmcvMjAwMC9zdmciPjwvc3ZnPg==\" \/><\/a><figcaption class=\"wp-element-caption\">Onychogomphus forcipatus m\u00e2le, Gennes sur Loire (France-49), 17\/06\/2012<\/figcaption><\/figure>\n\n\n\n<figure class=\"wp-block-image size-full\"><a href=\"http:\/\/www.meslibellules.fr\/pagesweb\/gomphidae\/onychogomphus\/forcipatus\/onychogomphus-forcipatus-accueil.php\"><img decoding=\"async\" width=\"100\" height=\"20\" data-src=\"https:\/\/www.meslibellules.fr\/blog\/wp-content\/uploads\/retour.gif\" alt=\"\" class=\"wp-image-8468 lazyload\" src=\"data:image\/svg+xml;base64,PHN2ZyB3aWR0aD0iMSIgaGVpZ2h0PSIxIiB4bWxucz0iaHR0cDovL3d3dy53My5vcmcvMjAwMC9zdmciPjwvc3ZnPg==\" style=\"--smush-placeholder-width: 100px; --smush-placeholder-aspect-ratio: 100\/20;\" \/><\/a><\/figure>\n","protected":false},"excerpt":{"rendered":"","protected":false},"author":1,"featured_media":0,"comment_status":"open","ping_status":"open","sticky":false,"template":"","format":"image","meta":{"site-sidebar-layout":"default","site-content-layout":"","ast-site-content-layout":"default","site-content-style":"default","site-sidebar-style":"default","ast-global-header-display":"","ast-banner-title-visibility":"","ast-main-header-display":"","ast-hfb-above-header-display":"","ast-hfb-below-header-display":"","ast-hfb-mobile-header-display":"","site-post-title":"","ast-breadcrumbs-content":"","ast-featured-img":"","footer-sml-layout":"","ast-disable-related-posts":"","theme-transparent-header-meta":"","adv-header-id-meta":"","stick-header-meta":"","header-above-stick-meta":"","header-main-stick-meta":"","header-below-stick-meta":"","astra-migrate-meta-layouts":"set","ast-page-background-enabled":"default","ast-page-background-meta":{"desktop":{"background-color":"var(--ast-global-color-4)","background-image":"","background-repeat":"repeat","background-position":"center center","background-size":"auto","background-attachment":"scroll","background-type":"","background-media":"","overlay-type":"","overlay-color":"","overlay-opacity":"","overlay-gradient":""},"tablet":{"background-color":"","background-image":"","background-repeat":"repeat","background-position":"center center","background-size":"auto","background-attachment":"scroll","background-type":"","background-media":"","overlay-type":"","overlay-color":"","overlay-opacity":"","overlay-gradient":""},"mobile":{"background-color":"","background-image":"","background-repeat":"repeat","background-position":"center center","background-size":"auto","background-attachment":"scroll","background-type":"","background-media":"","overlay-type":"","overlay-color":"","overlay-opacity":"","overlay-gradient":""}},"ast-content-background-meta":{"desktop":{"background-color":"var(--ast-global-color-5)","background-image":"","background-repeat":"repeat","background-position":"center center","background-size":"auto","background-attachment":"scroll","background-type":"","background-media":"","overlay-type":"","overlay-color":"","overlay-opacity":"","overlay-gradient":""},"tablet":{"background-color":"var(--ast-global-color-5)","background-image":"","background-repeat":"repeat","background-position":"center center","background-size":"auto","background-attachment":"scroll","background-type":"","background-media":"","overlay-type":"","overlay-color":"","overlay-opacity":"","overlay-gradient":""},"mobile":{"background-color":"var(--ast-global-color-5)","background-image":"","background-repeat":"repeat","background-position":"center center","background-size":"auto","background-attachment":"scroll","background-type":"","background-media":"","overlay-type":"","overlay-color":"","overlay-opacity":"","overlay-gradient":""}},"footnotes":""},"categories":[55,84,500],"tags":[345,471],"class_list":["post-7886","post","type-post","status-publish","format-image","hentry","category-france","category-gomphidae-france","category-onychogomphus-forcipatus","tag-galerie","tag-gomphidae-france","post_format-post-format-image"],"yoast_head":"<!-- This site is optimized with the Yoast SEO plugin v27.5 - https:\/\/yoast.com\/product\/yoast-seo-wordpress\/ -->\n<title>Onychogomphus forcipatus : Galerie - Mes Libellules<\/title>\n<meta name=\"robots\" content=\"index, follow, max-snippet:-1, max-image-preview:large, max-video-preview:-1\" \/>\n<link rel=\"canonical\" href=\"https:\/\/www.meslibellules.fr\/blog\/2021\/02\/07\/onychogomphus-forcipatus-galerie\/\" \/>\n<meta property=\"og:locale\" content=\"fr_FR\" \/>\n<meta property=\"og:type\" content=\"article\" \/>\n<meta property=\"og:title\" content=\"Onychogomphus forcipatus : Galerie - Mes Libellules\" \/>\n<meta property=\"og:url\" content=\"https:\/\/www.meslibellules.fr\/blog\/2021\/02\/07\/onychogomphus-forcipatus-galerie\/\" \/>\n<meta property=\"og:site_name\" content=\"Mes Libellules\" \/>\n<meta property=\"article:publisher\" content=\"https:\/\/www.facebook.com\/benoit.guillon.96\/\" \/>\n<meta property=\"article:author\" content=\"https:\/\/www.facebook.com\/benoit.guillon.96\/\" \/>\n<meta property=\"article:published_time\" content=\"2021-02-07T18:57:58+00:00\" \/>\n<meta property=\"article:modified_time\" content=\"2024-01-01T16:56:19+00:00\" \/>\n<meta property=\"og:image\" content=\"http:\/\/www.meslibellules.fr\/blog\/wp-content\/uploads\/onychogomphus-forcipatus-femelle-1g.jpg\" \/>\n<meta name=\"author\" content=\"Beno\u00eet Guillon\" \/>\n<meta name=\"twitter:card\" content=\"summary_large_image\" \/>\n<meta name=\"twitter:label1\" content=\"\u00c9crit par\" \/>\n\t<meta name=\"twitter:data1\" content=\"Beno\u00eet Guillon\" \/>\n\t<meta name=\"twitter:label2\" content=\"Dur\u00e9e de lecture estim\u00e9e\" \/>\n\t<meta name=\"twitter:data2\" content=\"6 minutes\" \/>\n<script type=\"application\/ld+json\" class=\"yoast-schema-graph\">{\"@context\":\"https:\\\/\\\/schema.org\",\"@graph\":[{\"@type\":\"Article\",\"@id\":\"https:\\\/\\\/www.meslibellules.fr\\\/blog\\\/2021\\\/02\\\/07\\\/onychogomphus-forcipatus-galerie\\\/#article\",\"isPartOf\":{\"@id\":\"https:\\\/\\\/www.meslibellules.fr\\\/blog\\\/2021\\\/02\\\/07\\\/onychogomphus-forcipatus-galerie\\\/\"},\"author\":{\"name\":\"Beno\u00eet Guillon\",\"@id\":\"https:\\\/\\\/www.meslibellules.fr\\\/blog\\\/#\\\/schema\\\/person\\\/9aa3586f9dd053fcf329f43b8b053c77\"},\"headline\":\"Onychogomphus forcipatus : Galerie\",\"datePublished\":\"2021-02-07T18:57:58+00:00\",\"dateModified\":\"2024-01-01T16:56:19+00:00\",\"mainEntityOfPage\":{\"@id\":\"https:\\\/\\\/www.meslibellules.fr\\\/blog\\\/2021\\\/02\\\/07\\\/onychogomphus-forcipatus-galerie\\\/\"},\"wordCount\":99,\"commentCount\":0,\"publisher\":{\"@id\":\"https:\\\/\\\/www.meslibellules.fr\\\/blog\\\/#\\\/schema\\\/person\\\/9aa3586f9dd053fcf329f43b8b053c77\"},\"image\":{\"@id\":\"https:\\\/\\\/www.meslibellules.fr\\\/blog\\\/2021\\\/02\\\/07\\\/onychogomphus-forcipatus-galerie\\\/#primaryimage\"},\"thumbnailUrl\":\"http:\\\/\\\/www.meslibellules.fr\\\/blog\\\/wp-content\\\/uploads\\\/onychogomphus-forcipatus-femelle-1g.jpg\",\"keywords\":[\"Galerie\",\"Gomphidae France\"],\"articleSection\":[\"France\",\"Gomphidae\",\"Onychogomphus forcipatus\"],\"inLanguage\":\"fr-FR\",\"potentialAction\":[{\"@type\":\"CommentAction\",\"name\":\"Comment\",\"target\":[\"https:\\\/\\\/www.meslibellules.fr\\\/blog\\\/2021\\\/02\\\/07\\\/onychogomphus-forcipatus-galerie\\\/#respond\"]}]},{\"@type\":\"WebPage\",\"@id\":\"https:\\\/\\\/www.meslibellules.fr\\\/blog\\\/2021\\\/02\\\/07\\\/onychogomphus-forcipatus-galerie\\\/\",\"url\":\"https:\\\/\\\/www.meslibellules.fr\\\/blog\\\/2021\\\/02\\\/07\\\/onychogomphus-forcipatus-galerie\\\/\",\"name\":\"Onychogomphus forcipatus : Galerie - Mes Libellules\",\"isPartOf\":{\"@id\":\"https:\\\/\\\/www.meslibellules.fr\\\/blog\\\/#website\"},\"primaryImageOfPage\":{\"@id\":\"https:\\\/\\\/www.meslibellules.fr\\\/blog\\\/2021\\\/02\\\/07\\\/onychogomphus-forcipatus-galerie\\\/#primaryimage\"},\"image\":{\"@id\":\"https:\\\/\\\/www.meslibellules.fr\\\/blog\\\/2021\\\/02\\\/07\\\/onychogomphus-forcipatus-galerie\\\/#primaryimage\"},\"thumbnailUrl\":\"http:\\\/\\\/www.meslibellules.fr\\\/blog\\\/wp-content\\\/uploads\\\/onychogomphus-forcipatus-femelle-1g.jpg\",\"datePublished\":\"2021-02-07T18:57:58+00:00\",\"dateModified\":\"2024-01-01T16:56:19+00:00\",\"breadcrumb\":{\"@id\":\"https:\\\/\\\/www.meslibellules.fr\\\/blog\\\/2021\\\/02\\\/07\\\/onychogomphus-forcipatus-galerie\\\/#breadcrumb\"},\"inLanguage\":\"fr-FR\",\"potentialAction\":[{\"@type\":\"ReadAction\",\"target\":[\"https:\\\/\\\/www.meslibellules.fr\\\/blog\\\/2021\\\/02\\\/07\\\/onychogomphus-forcipatus-galerie\\\/\"]}]},{\"@type\":\"ImageObject\",\"inLanguage\":\"fr-FR\",\"@id\":\"https:\\\/\\\/www.meslibellules.fr\\\/blog\\\/2021\\\/02\\\/07\\\/onychogomphus-forcipatus-galerie\\\/#primaryimage\",\"url\":\"http:\\\/\\\/www.meslibellules.fr\\\/blog\\\/wp-content\\\/uploads\\\/onychogomphus-forcipatus-femelle-1g.jpg\",\"contentUrl\":\"http:\\\/\\\/www.meslibellules.fr\\\/blog\\\/wp-content\\\/uploads\\\/onychogomphus-forcipatus-femelle-1g.jpg\"},{\"@type\":\"BreadcrumbList\",\"@id\":\"https:\\\/\\\/www.meslibellules.fr\\\/blog\\\/2021\\\/02\\\/07\\\/onychogomphus-forcipatus-galerie\\\/#breadcrumb\",\"itemListElement\":[{\"@type\":\"ListItem\",\"position\":1,\"name\":\"Accueil\",\"item\":\"https:\\\/\\\/www.meslibellules.fr\\\/blog\\\/\"},{\"@type\":\"ListItem\",\"position\":2,\"name\":\"Onychogomphus forcipatus : Galerie\"}]},{\"@type\":\"WebSite\",\"@id\":\"https:\\\/\\\/www.meslibellules.fr\\\/blog\\\/#website\",\"url\":\"https:\\\/\\\/www.meslibellules.fr\\\/blog\\\/\",\"name\":\"Mes Libellules\",\"description\":\"Pr\u00e9sentation des libellules rencontr\u00e9es dans le monde\",\"publisher\":{\"@id\":\"https:\\\/\\\/www.meslibellules.fr\\\/blog\\\/#\\\/schema\\\/person\\\/9aa3586f9dd053fcf329f43b8b053c77\"},\"potentialAction\":[{\"@type\":\"SearchAction\",\"target\":{\"@type\":\"EntryPoint\",\"urlTemplate\":\"https:\\\/\\\/www.meslibellules.fr\\\/blog\\\/?s={search_term_string}\"},\"query-input\":{\"@type\":\"PropertyValueSpecification\",\"valueRequired\":true,\"valueName\":\"search_term_string\"}}],\"inLanguage\":\"fr-FR\"},{\"@type\":[\"Person\",\"Organization\"],\"@id\":\"https:\\\/\\\/www.meslibellules.fr\\\/blog\\\/#\\\/schema\\\/person\\\/9aa3586f9dd053fcf329f43b8b053c77\",\"name\":\"Beno\u00eet Guillon\",\"image\":{\"@type\":\"ImageObject\",\"inLanguage\":\"fr-FR\",\"@id\":\"https:\\\/\\\/www.meslibellules.fr\\\/blog\\\/wp-content\\\/uploads\\\/cropped-avatar-150-pix.jpg\",\"url\":\"https:\\\/\\\/www.meslibellules.fr\\\/blog\\\/wp-content\\\/uploads\\\/cropped-avatar-150-pix.jpg\",\"contentUrl\":\"https:\\\/\\\/www.meslibellules.fr\\\/blog\\\/wp-content\\\/uploads\\\/cropped-avatar-150-pix.jpg\",\"width\":150,\"height\":137,\"caption\":\"Beno\u00eet Guillon\"},\"logo\":{\"@id\":\"https:\\\/\\\/www.meslibellules.fr\\\/blog\\\/wp-content\\\/uploads\\\/cropped-avatar-150-pix.jpg\"},\"sameAs\":[\"https:\\\/\\\/www.facebook.com\\\/benoit.guillon.96\\\/\"]}]}<\/script>\n<!-- \/ Yoast SEO plugin. -->","yoast_head_json":{"title":"Onychogomphus forcipatus : Galerie - Mes Libellules","robots":{"index":"index","follow":"follow","max-snippet":"max-snippet:-1","max-image-preview":"max-image-preview:large","max-video-preview":"max-video-preview:-1"},"canonical":"https:\/\/www.meslibellules.fr\/blog\/2021\/02\/07\/onychogomphus-forcipatus-galerie\/","og_locale":"fr_FR","og_type":"article","og_title":"Onychogomphus forcipatus : Galerie - Mes Libellules","og_url":"https:\/\/www.meslibellules.fr\/blog\/2021\/02\/07\/onychogomphus-forcipatus-galerie\/","og_site_name":"Mes Libellules","article_publisher":"https:\/\/www.facebook.com\/benoit.guillon.96\/","article_author":"https:\/\/www.facebook.com\/benoit.guillon.96\/","article_published_time":"2021-02-07T18:57:58+00:00","article_modified_time":"2024-01-01T16:56:19+00:00","og_image":[{"url":"http:\/\/www.meslibellules.fr\/blog\/wp-content\/uploads\/onychogomphus-forcipatus-femelle-1g.jpg","type":"","width":"","height":""}],"author":"Beno\u00eet Guillon","twitter_card":"summary_large_image","twitter_misc":{"\u00c9crit par":"Beno\u00eet Guillon","Dur\u00e9e de lecture estim\u00e9e":"6 minutes"},"schema":{"@context":"https:\/\/schema.org","@graph":[{"@type":"Article","@id":"https:\/\/www.meslibellules.fr\/blog\/2021\/02\/07\/onychogomphus-forcipatus-galerie\/#article","isPartOf":{"@id":"https:\/\/www.meslibellules.fr\/blog\/2021\/02\/07\/onychogomphus-forcipatus-galerie\/"},"author":{"name":"Beno\u00eet Guillon","@id":"https:\/\/www.meslibellules.fr\/blog\/#\/schema\/person\/9aa3586f9dd053fcf329f43b8b053c77"},"headline":"Onychogomphus forcipatus : Galerie","datePublished":"2021-02-07T18:57:58+00:00","dateModified":"2024-01-01T16:56:19+00:00","mainEntityOfPage":{"@id":"https:\/\/www.meslibellules.fr\/blog\/2021\/02\/07\/onychogomphus-forcipatus-galerie\/"},"wordCount":99,"commentCount":0,"publisher":{"@id":"https:\/\/www.meslibellules.fr\/blog\/#\/schema\/person\/9aa3586f9dd053fcf329f43b8b053c77"},"image":{"@id":"https:\/\/www.meslibellules.fr\/blog\/2021\/02\/07\/onychogomphus-forcipatus-galerie\/#primaryimage"},"thumbnailUrl":"http:\/\/www.meslibellules.fr\/blog\/wp-content\/uploads\/onychogomphus-forcipatus-femelle-1g.jpg","keywords":["Galerie","Gomphidae France"],"articleSection":["France","Gomphidae","Onychogomphus forcipatus"],"inLanguage":"fr-FR","potentialAction":[{"@type":"CommentAction","name":"Comment","target":["https:\/\/www.meslibellules.fr\/blog\/2021\/02\/07\/onychogomphus-forcipatus-galerie\/#respond"]}]},{"@type":"WebPage","@id":"https:\/\/www.meslibellules.fr\/blog\/2021\/02\/07\/onychogomphus-forcipatus-galerie\/","url":"https:\/\/www.meslibellules.fr\/blog\/2021\/02\/07\/onychogomphus-forcipatus-galerie\/","name":"Onychogomphus forcipatus : Galerie - Mes Libellules","isPartOf":{"@id":"https:\/\/www.meslibellules.fr\/blog\/#website"},"primaryImageOfPage":{"@id":"https:\/\/www.meslibellules.fr\/blog\/2021\/02\/07\/onychogomphus-forcipatus-galerie\/#primaryimage"},"image":{"@id":"https:\/\/www.meslibellules.fr\/blog\/2021\/02\/07\/onychogomphus-forcipatus-galerie\/#primaryimage"},"thumbnailUrl":"http:\/\/www.meslibellules.fr\/blog\/wp-content\/uploads\/onychogomphus-forcipatus-femelle-1g.jpg","datePublished":"2021-02-07T18:57:58+00:00","dateModified":"2024-01-01T16:56:19+00:00","breadcrumb":{"@id":"https:\/\/www.meslibellules.fr\/blog\/2021\/02\/07\/onychogomphus-forcipatus-galerie\/#breadcrumb"},"inLanguage":"fr-FR","potentialAction":[{"@type":"ReadAction","target":["https:\/\/www.meslibellules.fr\/blog\/2021\/02\/07\/onychogomphus-forcipatus-galerie\/"]}]},{"@type":"ImageObject","inLanguage":"fr-FR","@id":"https:\/\/www.meslibellules.fr\/blog\/2021\/02\/07\/onychogomphus-forcipatus-galerie\/#primaryimage","url":"http:\/\/www.meslibellules.fr\/blog\/wp-content\/uploads\/onychogomphus-forcipatus-femelle-1g.jpg","contentUrl":"http:\/\/www.meslibellules.fr\/blog\/wp-content\/uploads\/onychogomphus-forcipatus-femelle-1g.jpg"},{"@type":"BreadcrumbList","@id":"https:\/\/www.meslibellules.fr\/blog\/2021\/02\/07\/onychogomphus-forcipatus-galerie\/#breadcrumb","itemListElement":[{"@type":"ListItem","position":1,"name":"Accueil","item":"https:\/\/www.meslibellules.fr\/blog\/"},{"@type":"ListItem","position":2,"name":"Onychogomphus forcipatus : Galerie"}]},{"@type":"WebSite","@id":"https:\/\/www.meslibellules.fr\/blog\/#website","url":"https:\/\/www.meslibellules.fr\/blog\/","name":"Mes Libellules","description":"Pr\u00e9sentation des libellules rencontr\u00e9es dans le monde","publisher":{"@id":"https:\/\/www.meslibellules.fr\/blog\/#\/schema\/person\/9aa3586f9dd053fcf329f43b8b053c77"},"potentialAction":[{"@type":"SearchAction","target":{"@type":"EntryPoint","urlTemplate":"https:\/\/www.meslibellules.fr\/blog\/?s={search_term_string}"},"query-input":{"@type":"PropertyValueSpecification","valueRequired":true,"valueName":"search_term_string"}}],"inLanguage":"fr-FR"},{"@type":["Person","Organization"],"@id":"https:\/\/www.meslibellules.fr\/blog\/#\/schema\/person\/9aa3586f9dd053fcf329f43b8b053c77","name":"Beno\u00eet Guillon","image":{"@type":"ImageObject","inLanguage":"fr-FR","@id":"https:\/\/www.meslibellules.fr\/blog\/wp-content\/uploads\/cropped-avatar-150-pix.jpg","url":"https:\/\/www.meslibellules.fr\/blog\/wp-content\/uploads\/cropped-avatar-150-pix.jpg","contentUrl":"https:\/\/www.meslibellules.fr\/blog\/wp-content\/uploads\/cropped-avatar-150-pix.jpg","width":150,"height":137,"caption":"Beno\u00eet Guillon"},"logo":{"@id":"https:\/\/www.meslibellules.fr\/blog\/wp-content\/uploads\/cropped-avatar-150-pix.jpg"},"sameAs":["https:\/\/www.facebook.com\/benoit.guillon.96\/"]}]}},"_links":{"self":[{"href":"https:\/\/www.meslibellules.fr\/blog\/wp-json\/wp\/v2\/posts\/7886","targetHints":{"allow":["GET"]}}],"collection":[{"href":"https:\/\/www.meslibellules.fr\/blog\/wp-json\/wp\/v2\/posts"}],"about":[{"href":"https:\/\/www.meslibellules.fr\/blog\/wp-json\/wp\/v2\/types\/post"}],"author":[{"embeddable":true,"href":"https:\/\/www.meslibellules.fr\/blog\/wp-json\/wp\/v2\/users\/1"}],"replies":[{"embeddable":true,"href":"https:\/\/www.meslibellules.fr\/blog\/wp-json\/wp\/v2\/comments?post=7886"}],"version-history":[{"count":0,"href":"https:\/\/www.meslibellules.fr\/blog\/wp-json\/wp\/v2\/posts\/7886\/revisions"}],"wp:attachment":[{"href":"https:\/\/www.meslibellules.fr\/blog\/wp-json\/wp\/v2\/media?parent=7886"}],"wp:term":[{"taxonomy":"category","embeddable":true,"href":"https:\/\/www.meslibellules.fr\/blog\/wp-json\/wp\/v2\/categories?post=7886"},{"taxonomy":"post_tag","embeddable":true,"href":"https:\/\/www.meslibellules.fr\/blog\/wp-json\/wp\/v2\/tags?post=7886"}],"curies":[{"name":"wp","href":"https:\/\/api.w.org\/{rel}","templated":true}]}}