{"id":7919,"date":"2021-02-06T08:40:50","date_gmt":"2021-02-06T07:40:50","guid":{"rendered":"http:\/\/www.meslibellules.fr\/blog\/?p=7919"},"modified":"2024-06-12T05:51:35","modified_gmt":"2024-06-12T03:51:35","slug":"orthetrum-cancellatum-femelle-meme-pas-mal","status":"publish","type":"post","link":"https:\/\/www.meslibellules.fr\/blog\/2021\/02\/06\/orthetrum-cancellatum-femelle-meme-pas-mal\/","title":{"rendered":"Orthetrum cancellatum femelle : m\u00eame pas mal  !  2\/4"},"content":{"rendered":"\n<figure class=\"wp-block-image aligncenter size-large is-resized\"><a href=\"https:\/\/www.meslibellules.fr\/blog\/wp-content\/uploads\/orthetrum-cancellatum-ailes-abimees.jpg\"><img decoding=\"async\" width=\"1930\" height=\"1204\" data-src=\"https:\/\/www.meslibellules.fr\/blog\/wp-content\/uploads\/orthetrum-cancellatum-ailes-abimees.jpg\" alt=\"Orthetrum cancellatum femelle, Saint Br\u00e9vin les Pins (France-44), 28\/05\/2020\" class=\"wp-image-7916 lazyload\" style=\"--smush-placeholder-width: 1930px; --smush-placeholder-aspect-ratio: 1930\/1204;width:570px;height:356px\" data-srcset=\"https:\/\/www.meslibellules.fr\/blog\/wp-content\/uploads\/\/orthetrum-cancellatum-ailes-abimees.jpg 1930w, https:\/\/www.meslibellules.fr\/blog\/wp-content\/uploads\/\/orthetrum-cancellatum-ailes-abimees-768x479.jpg 768w, https:\/\/www.meslibellules.fr\/blog\/wp-content\/uploads\/\/orthetrum-cancellatum-ailes-abimees-1536x958.jpg 1536w, https:\/\/www.meslibellules.fr\/blog\/wp-content\/uploads\/\/orthetrum-cancellatum-ailes-abimees-1200x749.jpg 1200w\" data-sizes=\"(max-width: 1930px) 100vw, 1930px\" src=\"data:image\/svg+xml;base64,PHN2ZyB3aWR0aD0iMSIgaGVpZ2h0PSIxIiB4bWxucz0iaHR0cDovL3d3dy53My5vcmcvMjAwMC9zdmciPjwvc3ZnPg==\" \/><\/a><figcaption class=\"wp-element-caption\">Orthetrum cancellatum femelle, Saint Br\u00e9vin les Pins (France-44), 28\/05\/2020<\/figcaption><\/figure>\n\n\n\n<p style=\"font-size:15px\">Lorsque j&rsquo;ai observ\u00e9 cette tr\u00e8s jeune femelle sur le Canal du Bodon \u00e0 Saint Br\u00e9vin les Pins, je ne me suis pas tout de suite rendu compte que son aile post\u00e9rieure gauche \u00e9tait aussi abim\u00e9e. Aussi, pour mieux voir l&rsquo;\u00e9tendu des d\u00e9g\u00e2ts j&rsquo;en ai fait le tour, et j&rsquo;ai constat\u00e9 l&rsquo;importance de la malformation, certainement un probl\u00e8me lors de l&rsquo;\u00e9mergence comme cela arrive assez souvent.<br>Sur ce plan ci-dessous, on voit comme elle est jeune, avec ses ailes encore brillantes, mais d\u00e9j\u00e0 bien color\u00e9e ; une tr\u00e8s jeune femelle qu&rsquo;on ne peut plus qualifier d&rsquo;<em>\u00e9mergente<\/em>.<\/p>\n\n\n\n<figure class=\"wp-block-image aligncenter size-large is-resized\"><a href=\"https:\/\/www.meslibellules.fr\/blog\/wp-content\/uploads\/orthetrum-cancellatum-ailes-abimees-2.jpg\"><img decoding=\"async\" width=\"1746\" height=\"1204\" data-src=\"https:\/\/www.meslibellules.fr\/blog\/wp-content\/uploads\/orthetrum-cancellatum-ailes-abimees-2.jpg\" alt=\"Orthetrum cancellatum femelle, Saint Br\u00e9vin les Pins (France-44), 28\/05\/2020\" class=\"wp-image-7917 lazyload\" style=\"--smush-placeholder-width: 1746px; --smush-placeholder-aspect-ratio: 1746\/1204;width:570px\" data-srcset=\"https:\/\/www.meslibellules.fr\/blog\/wp-content\/uploads\/\/orthetrum-cancellatum-ailes-abimees-2.jpg 1746w, https:\/\/www.meslibellules.fr\/blog\/wp-content\/uploads\/\/orthetrum-cancellatum-ailes-abimees-2-768x530.jpg 768w, https:\/\/www.meslibellules.fr\/blog\/wp-content\/uploads\/\/orthetrum-cancellatum-ailes-abimees-2-1536x1059.jpg 1536w, https:\/\/www.meslibellules.fr\/blog\/wp-content\/uploads\/\/orthetrum-cancellatum-ailes-abimees-2-1200x827.jpg 1200w\" data-sizes=\"(max-width: 1746px) 100vw, 1746px\" src=\"data:image\/svg+xml;base64,PHN2ZyB3aWR0aD0iMSIgaGVpZ2h0PSIxIiB4bWxucz0iaHR0cDovL3d3dy53My5vcmcvMjAwMC9zdmciPjwvc3ZnPg==\" \/><\/a><figcaption class=\"wp-element-caption\">Orthetrum cancellatum femelle, Saint Br\u00e9vin les Pins (France-44), 28\/05\/2020<\/figcaption><\/figure>\n\n\n\n<p style=\"font-size:15px\">Je l&rsquo;imaginais condamn\u00e9e, incapable de parvenir \u00e0 capturer des proies pour se nourrir.<br>J&rsquo;ai pens\u00e9 que mon insistance \u00e0 vouloir faire des photos de son aile atrophi\u00e9e avait eu raison de sa patience et elle a d\u00e9coll\u00e9 sur quelques m\u00e8tres.<br>Je l&rsquo;ai suivie et la photo ci-dessous montre pourquoi elle a fait ce petit vol ; pas pour me fuir, mais pour capturer une proie qu&rsquo;elle est d\u00e9j\u00e0 en train de savourer !<\/p>\n\n\n\n<figure class=\"wp-block-image aligncenter size-large is-resized\"><a href=\"https:\/\/www.meslibellules.fr\/blog\/wp-content\/uploads\/orthetrum-cancellatum-ailes-abimees-3-1.jpg\"><img decoding=\"async\" width=\"1544\" height=\"1204\" data-src=\"https:\/\/www.meslibellules.fr\/blog\/wp-content\/uploads\/orthetrum-cancellatum-ailes-abimees-3-1.jpg\" alt=\"Orthetrum cancellatum femelle, Saint Br\u00e9vin les Pins (France-44), 28\/05\/2020\" class=\"wp-image-7921 lazyload\" style=\"--smush-placeholder-width: 1544px; --smush-placeholder-aspect-ratio: 1544\/1204;width:570px\" data-srcset=\"https:\/\/www.meslibellules.fr\/blog\/wp-content\/uploads\/\/orthetrum-cancellatum-ailes-abimees-3-1.jpg 1544w, https:\/\/www.meslibellules.fr\/blog\/wp-content\/uploads\/\/orthetrum-cancellatum-ailes-abimees-3-1-768x599.jpg 768w, https:\/\/www.meslibellules.fr\/blog\/wp-content\/uploads\/\/orthetrum-cancellatum-ailes-abimees-3-1-1536x1198.jpg 1536w, https:\/\/www.meslibellules.fr\/blog\/wp-content\/uploads\/\/orthetrum-cancellatum-ailes-abimees-3-1-1200x936.jpg 1200w\" data-sizes=\"(max-width: 1544px) 100vw, 1544px\" src=\"data:image\/svg+xml;base64,PHN2ZyB3aWR0aD0iMSIgaGVpZ2h0PSIxIiB4bWxucz0iaHR0cDovL3d3dy53My5vcmcvMjAwMC9zdmciPjwvc3ZnPg==\" \/><\/a><figcaption class=\"wp-element-caption\">Orthetrum cancellatum femelle, Saint Br\u00e9vin les Pins (France-44), 28\/05\/2020<\/figcaption><\/figure>\n\n\n\n<p style=\"font-size:15px\">Cela signifie que son syst\u00e8me nerveux de contr\u00f4le du vol est capable de prendre en compte cette grave anomalie et d&rsquo;y rem\u00e9dier pour assurer un vol de qualit\u00e9 correcte ; on sait que les odonates sont capables de g\u00e9rer ind\u00e9pendamment les mouvements de chaque aile.<br>Les observateurs sont souvent surpris de voir les performances de vol des odonates et leurs acrobaties avec 4 ailes ; ils sont aussi tr\u00e8s dou\u00e9s avec les ailes vieillissantes, d\u00e9chir\u00e9es, rogn\u00e9es ou pli\u00e9es, comme on les rencontre en fin de saison, ou m\u00eame avec seulement 3 ailes, comme je l&rsquo;avais constat\u00e9 en Namibie sur un m\u00e2le <a href=\"https:\/\/www.meslibellules.fr\/blog\/wp-content\/uploads\/trithemis-annulata-male-2.jpg\">Trithemis annulata<\/a>.<\/p>\n\n\n\n\n\n<figure class=\"wp-block-image size-full\"><a href=\"http:\/\/www.meslibellules.fr\/pagesweb\/libellulidae\/orthetrum\/cancellatum\/orthetrum-cancellatum-curiosite.php\"><img decoding=\"async\" width=\"100\" height=\"20\" data-src=\"https:\/\/www.meslibellules.fr\/blog\/wp-content\/uploads\/retour.gif\" alt=\"\" class=\"wp-image-8468 lazyload\" src=\"data:image\/svg+xml;base64,PHN2ZyB3aWR0aD0iMSIgaGVpZ2h0PSIxIiB4bWxucz0iaHR0cDovL3d3dy53My5vcmcvMjAwMC9zdmciPjwvc3ZnPg==\" style=\"--smush-placeholder-width: 100px; --smush-placeholder-aspect-ratio: 100\/20;\" \/><\/a><\/figure>\n\n\n\n<figure class=\"wp-block-image size-full\"><a href=\"https:\/\/www.meslibellules.fr\/blog\/2021\/07\/30\/curiosite-3-passager-clandestin-sur-orthetrum-cancellatum-femelle\/\"><img decoding=\"async\" width=\"100\" height=\"20\" data-src=\"https:\/\/www.meslibellules.fr\/blog\/wp-content\/uploads\/suite-2.gif\" alt=\"\" class=\"wp-image-8097 lazyload\" src=\"data:image\/svg+xml;base64,PHN2ZyB3aWR0aD0iMSIgaGVpZ2h0PSIxIiB4bWxucz0iaHR0cDovL3d3dy53My5vcmcvMjAwMC9zdmciPjwvc3ZnPg==\" style=\"--smush-placeholder-width: 100px; --smush-placeholder-aspect-ratio: 100\/20;\" \/><\/a><\/figure>\n\n\n\n<figure class=\"wp-block-image size-large\"><a href=\"http:\/\/www.meslibellules.fr\/pagesweb\/libellulidae\/orthetrum\/cancellatum\/orthetrum-cancellatum-accueil.php\"><img decoding=\"async\" width=\"100\" height=\"20\" data-src=\"https:\/\/www.meslibellules.fr\/blog\/wp-content\/uploads\/accueil_cancellatum.gif\" alt=\"\" class=\"wp-image-7923 lazyload\" src=\"data:image\/svg+xml;base64,PHN2ZyB3aWR0aD0iMSIgaGVpZ2h0PSIxIiB4bWxucz0iaHR0cDovL3d3dy53My5vcmcvMjAwMC9zdmciPjwvc3ZnPg==\" style=\"--smush-placeholder-width: 100px; --smush-placeholder-aspect-ratio: 100\/20;\" \/><\/a><\/figure>\n\n\n\n<figure class=\"wp-block-image size-full is-resized\"><a href=\"http:\/\/www.meslibellules.fr\/\"><img decoding=\"async\" width=\"100\" height=\"20\" data-src=\"https:\/\/www.meslibellules.fr\/blog\/wp-content\/uploads\/accueil-3.gif\" alt=\"\" class=\"wp-image-8466 lazyload\" style=\"--smush-placeholder-width: 100px; --smush-placeholder-aspect-ratio: 100\/20;width:100px;height:20px\" src=\"data:image\/svg+xml;base64,PHN2ZyB3aWR0aD0iMSIgaGVpZ2h0PSIxIiB4bWxucz0iaHR0cDovL3d3dy53My5vcmcvMjAwMC9zdmciPjwvc3ZnPg==\" \/><\/a><\/figure>\n\n\n\n<p><\/p>\n","protected":false},"excerpt":{"rendered":"<p>Lorsque j&rsquo;ai observ\u00e9 cette tr\u00e8s jeune femelle sur le Canal du Bodon \u00e0 Saint Br\u00e9vin les Pins, je ne me suis pas tout de suite rendu compte que son aile post\u00e9rieure gauche \u00e9tait aussi abim\u00e9e. Aussi, pour mieux voir l&rsquo;\u00e9tendu des d\u00e9g\u00e2ts j&rsquo;en ai fait le tour, et j&rsquo;ai constat\u00e9 l&rsquo;importance de la malformation, certainement [&hellip;]<\/p>\n","protected":false},"author":1,"featured_media":0,"comment_status":"open","ping_status":"open","sticky":false,"template":"","format":"image","meta":{"site-sidebar-layout":"default","site-content-layout":"","ast-site-content-layout":"default","site-content-style":"default","site-sidebar-style":"default","ast-global-header-display":"","ast-banner-title-visibility":"","ast-main-header-display":"","ast-hfb-above-header-display":"","ast-hfb-below-header-display":"","ast-hfb-mobile-header-display":"","site-post-title":"","ast-breadcrumbs-content":"","ast-featured-img":"","footer-sml-layout":"","ast-disable-related-posts":"","theme-transparent-header-meta":"","adv-header-id-meta":"","stick-header-meta":"","header-above-stick-meta":"","header-main-stick-meta":"","header-below-stick-meta":"","astra-migrate-meta-layouts":"set","ast-page-background-enabled":"default","ast-page-background-meta":{"desktop":{"background-color":"var(--ast-global-color-4)","background-image":"","background-repeat":"repeat","background-position":"center center","background-size":"auto","background-attachment":"scroll","background-type":"","background-media":"","overlay-type":"","overlay-color":"","overlay-opacity":"","overlay-gradient":""},"tablet":{"background-color":"","background-image":"","background-repeat":"repeat","background-position":"center center","background-size":"auto","background-attachment":"scroll","background-type":"","background-media":"","overlay-type":"","overlay-color":"","overlay-opacity":"","overlay-gradient":""},"mobile":{"background-color":"","background-image":"","background-repeat":"repeat","background-position":"center center","background-size":"auto","background-attachment":"scroll","background-type":"","background-media":"","overlay-type":"","overlay-color":"","overlay-opacity":"","overlay-gradient":""}},"ast-content-background-meta":{"desktop":{"background-color":"var(--ast-global-color-5)","background-image":"","background-repeat":"repeat","background-position":"center center","background-size":"auto","background-attachment":"scroll","background-type":"","background-media":"","overlay-type":"","overlay-color":"","overlay-opacity":"","overlay-gradient":""},"tablet":{"background-color":"var(--ast-global-color-5)","background-image":"","background-repeat":"repeat","background-position":"center center","background-size":"auto","background-attachment":"scroll","background-type":"","background-media":"","overlay-type":"","overlay-color":"","overlay-opacity":"","overlay-gradient":""},"mobile":{"background-color":"var(--ast-global-color-5)","background-image":"","background-repeat":"repeat","background-position":"center center","background-size":"auto","background-attachment":"scroll","background-type":"","background-media":"","overlay-type":"","overlay-color":"","overlay-opacity":"","overlay-gradient":""}},"footnotes":""},"categories":[55,56,464],"tags":[340,482,504],"class_list":["post-7919","post","type-post","status-publish","format-image","hentry","category-france","category-libellulidae-france","category-orthetrum-cancellatum","tag-curiosite","tag-libellulidae-france","tag-orthetrum-cancellatum","post_format-post-format-image"],"yoast_head":"<!-- This site is optimized with the Yoast SEO plugin v27.5 - https:\/\/yoast.com\/product\/yoast-seo-wordpress\/ -->\n<title>Orthetrum cancellatum femelle : m\u00eame pas mal ! 2\/4 - Mes Libellules<\/title>\n<meta name=\"robots\" content=\"index, follow, max-snippet:-1, max-image-preview:large, max-video-preview:-1\" \/>\n<link rel=\"canonical\" href=\"https:\/\/www.meslibellules.fr\/blog\/2021\/02\/06\/orthetrum-cancellatum-femelle-meme-pas-mal\/\" \/>\n<meta property=\"og:locale\" content=\"fr_FR\" \/>\n<meta property=\"og:type\" content=\"article\" \/>\n<meta property=\"og:title\" content=\"Orthetrum cancellatum femelle : m\u00eame pas mal ! 2\/4 - Mes Libellules\" \/>\n<meta property=\"og:description\" content=\"Lorsque j&rsquo;ai observ\u00e9 cette tr\u00e8s jeune femelle sur le Canal du Bodon \u00e0 Saint Br\u00e9vin les Pins, je ne me suis pas tout de suite rendu compte que son aile post\u00e9rieure gauche \u00e9tait aussi abim\u00e9e. Aussi, pour mieux voir l&rsquo;\u00e9tendu des d\u00e9g\u00e2ts j&rsquo;en ai fait le tour, et j&rsquo;ai constat\u00e9 l&rsquo;importance de la malformation, certainement [&hellip;]\" \/>\n<meta property=\"og:url\" content=\"https:\/\/www.meslibellules.fr\/blog\/2021\/02\/06\/orthetrum-cancellatum-femelle-meme-pas-mal\/\" \/>\n<meta property=\"og:site_name\" content=\"Mes Libellules\" \/>\n<meta property=\"article:publisher\" content=\"https:\/\/www.facebook.com\/benoit.guillon.96\/\" \/>\n<meta property=\"article:author\" content=\"https:\/\/www.facebook.com\/benoit.guillon.96\/\" \/>\n<meta property=\"article:published_time\" content=\"2021-02-06T07:40:50+00:00\" \/>\n<meta property=\"article:modified_time\" content=\"2024-06-12T03:51:35+00:00\" \/>\n<meta property=\"og:image\" content=\"http:\/\/www.meslibellules.fr\/blog\/wp-content\/uploads\/orthetrum-cancellatum-ailes-abimees.jpg\" \/>\n<meta name=\"author\" content=\"Beno\u00eet Guillon\" \/>\n<meta name=\"twitter:card\" content=\"summary_large_image\" \/>\n<meta name=\"twitter:label1\" content=\"\u00c9crit par\" \/>\n\t<meta name=\"twitter:data1\" content=\"Beno\u00eet Guillon\" \/>\n\t<meta name=\"twitter:label2\" content=\"Dur\u00e9e de lecture estim\u00e9e\" \/>\n\t<meta name=\"twitter:data2\" content=\"6 minutes\" \/>\n<script type=\"application\/ld+json\" class=\"yoast-schema-graph\">{\"@context\":\"https:\\\/\\\/schema.org\",\"@graph\":[{\"@type\":\"Article\",\"@id\":\"https:\\\/\\\/www.meslibellules.fr\\\/blog\\\/2021\\\/02\\\/06\\\/orthetrum-cancellatum-femelle-meme-pas-mal\\\/#article\",\"isPartOf\":{\"@id\":\"https:\\\/\\\/www.meslibellules.fr\\\/blog\\\/2021\\\/02\\\/06\\\/orthetrum-cancellatum-femelle-meme-pas-mal\\\/\"},\"author\":{\"name\":\"Beno\u00eet Guillon\",\"@id\":\"https:\\\/\\\/www.meslibellules.fr\\\/blog\\\/#\\\/schema\\\/person\\\/9aa3586f9dd053fcf329f43b8b053c77\"},\"headline\":\"Orthetrum cancellatum femelle : m\u00eame pas mal ! 2\\\/4\",\"datePublished\":\"2021-02-06T07:40:50+00:00\",\"dateModified\":\"2024-06-12T03:51:35+00:00\",\"mainEntityOfPage\":{\"@id\":\"https:\\\/\\\/www.meslibellules.fr\\\/blog\\\/2021\\\/02\\\/06\\\/orthetrum-cancellatum-femelle-meme-pas-mal\\\/\"},\"wordCount\":337,\"commentCount\":0,\"publisher\":{\"@id\":\"https:\\\/\\\/www.meslibellules.fr\\\/blog\\\/#\\\/schema\\\/person\\\/9aa3586f9dd053fcf329f43b8b053c77\"},\"image\":{\"@id\":\"https:\\\/\\\/www.meslibellules.fr\\\/blog\\\/2021\\\/02\\\/06\\\/orthetrum-cancellatum-femelle-meme-pas-mal\\\/#primaryimage\"},\"thumbnailUrl\":\"http:\\\/\\\/www.meslibellules.fr\\\/blog\\\/wp-content\\\/uploads\\\/orthetrum-cancellatum-ailes-abimees.jpg\",\"keywords\":[\"Curiosit\u00e9\",\"Libellulidae France\",\"Orthetrum cancellatum\"],\"articleSection\":[\"France\",\"Libellulidae\",\"Orthetrum cancellatum\"],\"inLanguage\":\"fr-FR\",\"potentialAction\":[{\"@type\":\"CommentAction\",\"name\":\"Comment\",\"target\":[\"https:\\\/\\\/www.meslibellules.fr\\\/blog\\\/2021\\\/02\\\/06\\\/orthetrum-cancellatum-femelle-meme-pas-mal\\\/#respond\"]}]},{\"@type\":\"WebPage\",\"@id\":\"https:\\\/\\\/www.meslibellules.fr\\\/blog\\\/2021\\\/02\\\/06\\\/orthetrum-cancellatum-femelle-meme-pas-mal\\\/\",\"url\":\"https:\\\/\\\/www.meslibellules.fr\\\/blog\\\/2021\\\/02\\\/06\\\/orthetrum-cancellatum-femelle-meme-pas-mal\\\/\",\"name\":\"Orthetrum cancellatum femelle : m\u00eame pas mal ! 2\\\/4 - Mes Libellules\",\"isPartOf\":{\"@id\":\"https:\\\/\\\/www.meslibellules.fr\\\/blog\\\/#website\"},\"primaryImageOfPage\":{\"@id\":\"https:\\\/\\\/www.meslibellules.fr\\\/blog\\\/2021\\\/02\\\/06\\\/orthetrum-cancellatum-femelle-meme-pas-mal\\\/#primaryimage\"},\"image\":{\"@id\":\"https:\\\/\\\/www.meslibellules.fr\\\/blog\\\/2021\\\/02\\\/06\\\/orthetrum-cancellatum-femelle-meme-pas-mal\\\/#primaryimage\"},\"thumbnailUrl\":\"http:\\\/\\\/www.meslibellules.fr\\\/blog\\\/wp-content\\\/uploads\\\/orthetrum-cancellatum-ailes-abimees.jpg\",\"datePublished\":\"2021-02-06T07:40:50+00:00\",\"dateModified\":\"2024-06-12T03:51:35+00:00\",\"breadcrumb\":{\"@id\":\"https:\\\/\\\/www.meslibellules.fr\\\/blog\\\/2021\\\/02\\\/06\\\/orthetrum-cancellatum-femelle-meme-pas-mal\\\/#breadcrumb\"},\"inLanguage\":\"fr-FR\",\"potentialAction\":[{\"@type\":\"ReadAction\",\"target\":[\"https:\\\/\\\/www.meslibellules.fr\\\/blog\\\/2021\\\/02\\\/06\\\/orthetrum-cancellatum-femelle-meme-pas-mal\\\/\"]}]},{\"@type\":\"ImageObject\",\"inLanguage\":\"fr-FR\",\"@id\":\"https:\\\/\\\/www.meslibellules.fr\\\/blog\\\/2021\\\/02\\\/06\\\/orthetrum-cancellatum-femelle-meme-pas-mal\\\/#primaryimage\",\"url\":\"http:\\\/\\\/www.meslibellules.fr\\\/blog\\\/wp-content\\\/uploads\\\/orthetrum-cancellatum-ailes-abimees.jpg\",\"contentUrl\":\"http:\\\/\\\/www.meslibellules.fr\\\/blog\\\/wp-content\\\/uploads\\\/orthetrum-cancellatum-ailes-abimees.jpg\"},{\"@type\":\"BreadcrumbList\",\"@id\":\"https:\\\/\\\/www.meslibellules.fr\\\/blog\\\/2021\\\/02\\\/06\\\/orthetrum-cancellatum-femelle-meme-pas-mal\\\/#breadcrumb\",\"itemListElement\":[{\"@type\":\"ListItem\",\"position\":1,\"name\":\"Accueil\",\"item\":\"https:\\\/\\\/www.meslibellules.fr\\\/blog\\\/\"},{\"@type\":\"ListItem\",\"position\":2,\"name\":\"Orthetrum cancellatum femelle : m\u00eame pas mal ! 2\\\/4\"}]},{\"@type\":\"WebSite\",\"@id\":\"https:\\\/\\\/www.meslibellules.fr\\\/blog\\\/#website\",\"url\":\"https:\\\/\\\/www.meslibellules.fr\\\/blog\\\/\",\"name\":\"Mes Libellules\",\"description\":\"Pr\u00e9sentation des libellules rencontr\u00e9es dans le monde\",\"publisher\":{\"@id\":\"https:\\\/\\\/www.meslibellules.fr\\\/blog\\\/#\\\/schema\\\/person\\\/9aa3586f9dd053fcf329f43b8b053c77\"},\"potentialAction\":[{\"@type\":\"SearchAction\",\"target\":{\"@type\":\"EntryPoint\",\"urlTemplate\":\"https:\\\/\\\/www.meslibellules.fr\\\/blog\\\/?s={search_term_string}\"},\"query-input\":{\"@type\":\"PropertyValueSpecification\",\"valueRequired\":true,\"valueName\":\"search_term_string\"}}],\"inLanguage\":\"fr-FR\"},{\"@type\":[\"Person\",\"Organization\"],\"@id\":\"https:\\\/\\\/www.meslibellules.fr\\\/blog\\\/#\\\/schema\\\/person\\\/9aa3586f9dd053fcf329f43b8b053c77\",\"name\":\"Beno\u00eet Guillon\",\"image\":{\"@type\":\"ImageObject\",\"inLanguage\":\"fr-FR\",\"@id\":\"https:\\\/\\\/www.meslibellules.fr\\\/blog\\\/wp-content\\\/uploads\\\/cropped-avatar-150-pix.jpg\",\"url\":\"https:\\\/\\\/www.meslibellules.fr\\\/blog\\\/wp-content\\\/uploads\\\/cropped-avatar-150-pix.jpg\",\"contentUrl\":\"https:\\\/\\\/www.meslibellules.fr\\\/blog\\\/wp-content\\\/uploads\\\/cropped-avatar-150-pix.jpg\",\"width\":150,\"height\":137,\"caption\":\"Beno\u00eet Guillon\"},\"logo\":{\"@id\":\"https:\\\/\\\/www.meslibellules.fr\\\/blog\\\/wp-content\\\/uploads\\\/cropped-avatar-150-pix.jpg\"},\"sameAs\":[\"https:\\\/\\\/www.facebook.com\\\/benoit.guillon.96\\\/\"]}]}<\/script>\n<!-- \/ Yoast SEO plugin. -->","yoast_head_json":{"title":"Orthetrum cancellatum femelle : m\u00eame pas mal ! 2\/4 - Mes Libellules","robots":{"index":"index","follow":"follow","max-snippet":"max-snippet:-1","max-image-preview":"max-image-preview:large","max-video-preview":"max-video-preview:-1"},"canonical":"https:\/\/www.meslibellules.fr\/blog\/2021\/02\/06\/orthetrum-cancellatum-femelle-meme-pas-mal\/","og_locale":"fr_FR","og_type":"article","og_title":"Orthetrum cancellatum femelle : m\u00eame pas mal ! 2\/4 - Mes Libellules","og_description":"Lorsque j&rsquo;ai observ\u00e9 cette tr\u00e8s jeune femelle sur le Canal du Bodon \u00e0 Saint Br\u00e9vin les Pins, je ne me suis pas tout de suite rendu compte que son aile post\u00e9rieure gauche \u00e9tait aussi abim\u00e9e. Aussi, pour mieux voir l&rsquo;\u00e9tendu des d\u00e9g\u00e2ts j&rsquo;en ai fait le tour, et j&rsquo;ai constat\u00e9 l&rsquo;importance de la malformation, certainement [&hellip;]","og_url":"https:\/\/www.meslibellules.fr\/blog\/2021\/02\/06\/orthetrum-cancellatum-femelle-meme-pas-mal\/","og_site_name":"Mes Libellules","article_publisher":"https:\/\/www.facebook.com\/benoit.guillon.96\/","article_author":"https:\/\/www.facebook.com\/benoit.guillon.96\/","article_published_time":"2021-02-06T07:40:50+00:00","article_modified_time":"2024-06-12T03:51:35+00:00","og_image":[{"url":"http:\/\/www.meslibellules.fr\/blog\/wp-content\/uploads\/orthetrum-cancellatum-ailes-abimees.jpg","type":"","width":"","height":""}],"author":"Beno\u00eet Guillon","twitter_card":"summary_large_image","twitter_misc":{"\u00c9crit par":"Beno\u00eet Guillon","Dur\u00e9e de lecture estim\u00e9e":"6 minutes"},"schema":{"@context":"https:\/\/schema.org","@graph":[{"@type":"Article","@id":"https:\/\/www.meslibellules.fr\/blog\/2021\/02\/06\/orthetrum-cancellatum-femelle-meme-pas-mal\/#article","isPartOf":{"@id":"https:\/\/www.meslibellules.fr\/blog\/2021\/02\/06\/orthetrum-cancellatum-femelle-meme-pas-mal\/"},"author":{"name":"Beno\u00eet Guillon","@id":"https:\/\/www.meslibellules.fr\/blog\/#\/schema\/person\/9aa3586f9dd053fcf329f43b8b053c77"},"headline":"Orthetrum cancellatum femelle : m\u00eame pas mal ! 2\/4","datePublished":"2021-02-06T07:40:50+00:00","dateModified":"2024-06-12T03:51:35+00:00","mainEntityOfPage":{"@id":"https:\/\/www.meslibellules.fr\/blog\/2021\/02\/06\/orthetrum-cancellatum-femelle-meme-pas-mal\/"},"wordCount":337,"commentCount":0,"publisher":{"@id":"https:\/\/www.meslibellules.fr\/blog\/#\/schema\/person\/9aa3586f9dd053fcf329f43b8b053c77"},"image":{"@id":"https:\/\/www.meslibellules.fr\/blog\/2021\/02\/06\/orthetrum-cancellatum-femelle-meme-pas-mal\/#primaryimage"},"thumbnailUrl":"http:\/\/www.meslibellules.fr\/blog\/wp-content\/uploads\/orthetrum-cancellatum-ailes-abimees.jpg","keywords":["Curiosit\u00e9","Libellulidae France","Orthetrum cancellatum"],"articleSection":["France","Libellulidae","Orthetrum cancellatum"],"inLanguage":"fr-FR","potentialAction":[{"@type":"CommentAction","name":"Comment","target":["https:\/\/www.meslibellules.fr\/blog\/2021\/02\/06\/orthetrum-cancellatum-femelle-meme-pas-mal\/#respond"]}]},{"@type":"WebPage","@id":"https:\/\/www.meslibellules.fr\/blog\/2021\/02\/06\/orthetrum-cancellatum-femelle-meme-pas-mal\/","url":"https:\/\/www.meslibellules.fr\/blog\/2021\/02\/06\/orthetrum-cancellatum-femelle-meme-pas-mal\/","name":"Orthetrum cancellatum femelle : m\u00eame pas mal ! 2\/4 - Mes Libellules","isPartOf":{"@id":"https:\/\/www.meslibellules.fr\/blog\/#website"},"primaryImageOfPage":{"@id":"https:\/\/www.meslibellules.fr\/blog\/2021\/02\/06\/orthetrum-cancellatum-femelle-meme-pas-mal\/#primaryimage"},"image":{"@id":"https:\/\/www.meslibellules.fr\/blog\/2021\/02\/06\/orthetrum-cancellatum-femelle-meme-pas-mal\/#primaryimage"},"thumbnailUrl":"http:\/\/www.meslibellules.fr\/blog\/wp-content\/uploads\/orthetrum-cancellatum-ailes-abimees.jpg","datePublished":"2021-02-06T07:40:50+00:00","dateModified":"2024-06-12T03:51:35+00:00","breadcrumb":{"@id":"https:\/\/www.meslibellules.fr\/blog\/2021\/02\/06\/orthetrum-cancellatum-femelle-meme-pas-mal\/#breadcrumb"},"inLanguage":"fr-FR","potentialAction":[{"@type":"ReadAction","target":["https:\/\/www.meslibellules.fr\/blog\/2021\/02\/06\/orthetrum-cancellatum-femelle-meme-pas-mal\/"]}]},{"@type":"ImageObject","inLanguage":"fr-FR","@id":"https:\/\/www.meslibellules.fr\/blog\/2021\/02\/06\/orthetrum-cancellatum-femelle-meme-pas-mal\/#primaryimage","url":"http:\/\/www.meslibellules.fr\/blog\/wp-content\/uploads\/orthetrum-cancellatum-ailes-abimees.jpg","contentUrl":"http:\/\/www.meslibellules.fr\/blog\/wp-content\/uploads\/orthetrum-cancellatum-ailes-abimees.jpg"},{"@type":"BreadcrumbList","@id":"https:\/\/www.meslibellules.fr\/blog\/2021\/02\/06\/orthetrum-cancellatum-femelle-meme-pas-mal\/#breadcrumb","itemListElement":[{"@type":"ListItem","position":1,"name":"Accueil","item":"https:\/\/www.meslibellules.fr\/blog\/"},{"@type":"ListItem","position":2,"name":"Orthetrum cancellatum femelle : m\u00eame pas mal ! 2\/4"}]},{"@type":"WebSite","@id":"https:\/\/www.meslibellules.fr\/blog\/#website","url":"https:\/\/www.meslibellules.fr\/blog\/","name":"Mes Libellules","description":"Pr\u00e9sentation des libellules rencontr\u00e9es dans le monde","publisher":{"@id":"https:\/\/www.meslibellules.fr\/blog\/#\/schema\/person\/9aa3586f9dd053fcf329f43b8b053c77"},"potentialAction":[{"@type":"SearchAction","target":{"@type":"EntryPoint","urlTemplate":"https:\/\/www.meslibellules.fr\/blog\/?s={search_term_string}"},"query-input":{"@type":"PropertyValueSpecification","valueRequired":true,"valueName":"search_term_string"}}],"inLanguage":"fr-FR"},{"@type":["Person","Organization"],"@id":"https:\/\/www.meslibellules.fr\/blog\/#\/schema\/person\/9aa3586f9dd053fcf329f43b8b053c77","name":"Beno\u00eet Guillon","image":{"@type":"ImageObject","inLanguage":"fr-FR","@id":"https:\/\/www.meslibellules.fr\/blog\/wp-content\/uploads\/cropped-avatar-150-pix.jpg","url":"https:\/\/www.meslibellules.fr\/blog\/wp-content\/uploads\/cropped-avatar-150-pix.jpg","contentUrl":"https:\/\/www.meslibellules.fr\/blog\/wp-content\/uploads\/cropped-avatar-150-pix.jpg","width":150,"height":137,"caption":"Beno\u00eet Guillon"},"logo":{"@id":"https:\/\/www.meslibellules.fr\/blog\/wp-content\/uploads\/cropped-avatar-150-pix.jpg"},"sameAs":["https:\/\/www.facebook.com\/benoit.guillon.96\/"]}]}},"_links":{"self":[{"href":"https:\/\/www.meslibellules.fr\/blog\/wp-json\/wp\/v2\/posts\/7919","targetHints":{"allow":["GET"]}}],"collection":[{"href":"https:\/\/www.meslibellules.fr\/blog\/wp-json\/wp\/v2\/posts"}],"about":[{"href":"https:\/\/www.meslibellules.fr\/blog\/wp-json\/wp\/v2\/types\/post"}],"author":[{"embeddable":true,"href":"https:\/\/www.meslibellules.fr\/blog\/wp-json\/wp\/v2\/users\/1"}],"replies":[{"embeddable":true,"href":"https:\/\/www.meslibellules.fr\/blog\/wp-json\/wp\/v2\/comments?post=7919"}],"version-history":[{"count":0,"href":"https:\/\/www.meslibellules.fr\/blog\/wp-json\/wp\/v2\/posts\/7919\/revisions"}],"wp:attachment":[{"href":"https:\/\/www.meslibellules.fr\/blog\/wp-json\/wp\/v2\/media?parent=7919"}],"wp:term":[{"taxonomy":"category","embeddable":true,"href":"https:\/\/www.meslibellules.fr\/blog\/wp-json\/wp\/v2\/categories?post=7919"},{"taxonomy":"post_tag","embeddable":true,"href":"https:\/\/www.meslibellules.fr\/blog\/wp-json\/wp\/v2\/tags?post=7919"}],"curies":[{"name":"wp","href":"https:\/\/api.w.org\/{rel}","templated":true}]}}