{"id":792,"date":"2018-09-08T06:08:01","date_gmt":"2018-09-08T04:08:01","guid":{"rendered":"http:\/\/www.meslibellules.fr\/blog\/?p=792"},"modified":"2025-11-22T08:43:57","modified_gmt":"2025-11-22T07:43:57","slug":"orolestes-selysi","status":"publish","type":"post","link":"https:\/\/www.meslibellules.fr\/blog\/2018\/09\/08\/orolestes-selysi\/","title":{"rendered":"Vietnam 2018 &#8211; Orolestes selysi (McLachlan, 1895)"},"content":{"rendered":"\n<figure class=\"wp-block-image aligncenter size-full is-resized\"><a href=\"https:\/\/www.meslibellules.fr\/blog\/wp-content\/uploads\/Orolestes-selysi-male-1.webp\"><img decoding=\"async\" width=\"1172\" height=\"1204\" data-src=\"https:\/\/www.meslibellules.fr\/blog\/wp-content\/uploads\/Orolestes-selysi-male-1.webp\" alt=\"Orolestes selysi m\u00e2le, Vietnam, Xuan Son, 09\/06\/2018\" class=\"wp-image-16924 lazyload\" style=\"--smush-placeholder-width: 1172px; --smush-placeholder-aspect-ratio: 1172\/1204;aspect-ratio:1.03;width:466px;height:auto\" data-srcset=\"https:\/\/www.meslibellules.fr\/blog\/wp-content\/uploads\/Orolestes-selysi-male-1.webp 1172w, https:\/\/www.meslibellules.fr\/blog\/wp-content\/uploads\/Orolestes-selysi-male-1-768x789.webp 768w\" data-sizes=\"(max-width: 1172px) 100vw, 1172px\" src=\"data:image\/svg+xml;base64,PHN2ZyB3aWR0aD0iMSIgaGVpZ2h0PSIxIiB4bWxucz0iaHR0cDovL3d3dy53My5vcmcvMjAwMC9zdmciPjwvc3ZnPg==\" \/><\/a><figcaption class=\"wp-element-caption\">Orolestes selysi m\u00e2le, Vietnam, Xuan Son, 09\/06\/2018<\/figcaption><\/figure>\n\n\n\n<p style=\"font-size:15px\">Orolestes selysi (Lestidae) mesure pr\u00e8s de 70 mm, c&rsquo;est dire s&rsquo;il est impressionnant avec ses ailes \u00e9cart\u00e9es o\u00f9 il prend une envergure d&rsquo;environ 77 mm. Il est bien s\u00fbr d\u00e9di\u00e9 par McLachlan&nbsp;\u00e0 son ami Selys qui a consacr\u00e9 60 ans \u00e0 l&rsquo;\u00e9tude des libellules. McLachlan en 1905 dans sa description de l&rsquo;esp\u00e8ce souligne la raret\u00e9 de ce type de d\u00e9coration alaire parmi les zygopt\u00e8res.<\/p>\n\n\n\n<figure class=\"wp-block-gallery has-nested-images columns-default is-cropped wp-block-gallery-1 is-layout-flex wp-block-gallery-is-layout-flex\">\n<figure class=\"wp-block-image size-full\"><a href=\"https:\/\/www.meslibellules.fr\/blog\/wp-content\/uploads\/Orolestes-selysi-male-2.webp\"><img decoding=\"async\" width=\"1248\" height=\"1204\" data-id=\"16925\" data-src=\"https:\/\/www.meslibellules.fr\/blog\/wp-content\/uploads\/Orolestes-selysi-male-2.webp\" alt=\"Orolestes selysi m\u00e2le, Vietnam, Xuan Son, 09\/06\/2018\" class=\"wp-image-16925 lazyload\" data-srcset=\"https:\/\/www.meslibellules.fr\/blog\/wp-content\/uploads\/Orolestes-selysi-male-2.webp 1248w, https:\/\/www.meslibellules.fr\/blog\/wp-content\/uploads\/Orolestes-selysi-male-2-768x741.webp 768w\" data-sizes=\"(max-width: 1248px) 100vw, 1248px\" src=\"data:image\/svg+xml;base64,PHN2ZyB3aWR0aD0iMSIgaGVpZ2h0PSIxIiB4bWxucz0iaHR0cDovL3d3dy53My5vcmcvMjAwMC9zdmciPjwvc3ZnPg==\" style=\"--smush-placeholder-width: 1248px; --smush-placeholder-aspect-ratio: 1248\/1204;\" \/><\/a><\/figure>\n\n\n\n<figure class=\"wp-block-image size-full\"><a href=\"https:\/\/www.meslibellules.fr\/blog\/wp-content\/uploads\/Orolestes-selysi-male-3.webp\"><img decoding=\"async\" width=\"1073\" height=\"1204\" data-id=\"16926\" data-src=\"https:\/\/www.meslibellules.fr\/blog\/wp-content\/uploads\/Orolestes-selysi-male-3.webp\" alt=\"Orolestes selysi m\u00e2le, Vietnam, Xuan Son, 09\/06\/2018\" class=\"wp-image-16926 lazyload\" data-srcset=\"https:\/\/www.meslibellules.fr\/blog\/wp-content\/uploads\/Orolestes-selysi-male-3.webp 1073w, https:\/\/www.meslibellules.fr\/blog\/wp-content\/uploads\/Orolestes-selysi-male-3-768x862.webp 768w\" data-sizes=\"(max-width: 1073px) 100vw, 1073px\" src=\"data:image\/svg+xml;base64,PHN2ZyB3aWR0aD0iMSIgaGVpZ2h0PSIxIiB4bWxucz0iaHR0cDovL3d3dy53My5vcmcvMjAwMC9zdmciPjwvc3ZnPg==\" style=\"--smush-placeholder-width: 1073px; --smush-placeholder-aspect-ratio: 1073\/1204;\" \/><\/a><\/figure>\n<figcaption class=\"blocks-gallery-caption wp-element-caption\">Orolestes selysi m\u00e2le, Vietnam, Xuan Son, 09\/06\/2018<\/figcaption><\/figure>\n\n\n\n<p style=\"font-size:15px\">Il ne semblait pas conna\u00eetre alors la forme pr\u00e9sent\u00e9e ci-dessous, o\u00f9 les ailes sont totalement hyalines. D&rsquo;ailleurs les variations paraissent importantes, car si l&rsquo;apex est toujours hyalin, la base de l&rsquo;aile est aussi parfois color\u00e9e. Dans tous les cas, la zone sombre se prolonge vers l&rsquo;apex par une aire plus ou moins laiteuse.<\/p>\n\n\n\n<figure class=\"wp-block-image aligncenter size-full is-resized\"><a href=\"https:\/\/www.meslibellules.fr\/blog\/wp-content\/uploads\/Orolestes-selysi-male-5.webp\"><img decoding=\"async\" width=\"1116\" height=\"1204\" data-src=\"https:\/\/www.meslibellules.fr\/blog\/wp-content\/uploads\/Orolestes-selysi-male-5.webp\" alt=\"Orolestes selysi m\u00e2le, Vietnam, Xuan Son, 09\/06\/2018\" class=\"wp-image-16928 lazyload\" style=\"--smush-placeholder-width: 1116px; --smush-placeholder-aspect-ratio: 1116\/1204;aspect-ratio:0.9269102990033222;width:396px;height:auto\" data-srcset=\"https:\/\/www.meslibellules.fr\/blog\/wp-content\/uploads\/Orolestes-selysi-male-5.webp 1116w, https:\/\/www.meslibellules.fr\/blog\/wp-content\/uploads\/Orolestes-selysi-male-5-768x829.webp 768w\" data-sizes=\"(max-width: 1116px) 100vw, 1116px\" src=\"data:image\/svg+xml;base64,PHN2ZyB3aWR0aD0iMSIgaGVpZ2h0PSIxIiB4bWxucz0iaHR0cDovL3d3dy53My5vcmcvMjAwMC9zdmciPjwvc3ZnPg==\" \/><\/a><figcaption class=\"wp-element-caption\">Orolestes selysi m\u00e2le, Vietnam, Xuan Son, 09\/06\/2018<\/figcaption><\/figure>\n\n\n\n<p style=\"font-size:15px\">Toutes ces photos ont \u00e9t\u00e9 faites autour d&rsquo;une mare entour\u00e9e d&rsquo;arbres dans le parc national de Xuan Son. Ils se tenaient \u00e0 l&rsquo;ombre, sous les arbustes qui entourent cette petite pi\u00e8ce d&rsquo;eau. Les femelles que nous n&rsquo;avons pas rencontr\u00e9es pondent leurs \u0153ufs dans les v\u00e9g\u00e9taux ligneux tendres sous la surveillance des m\u00e2les.<\/p>\n\n\n\n<figure class=\"wp-block-image aligncenter size-full is-resized\"><a href=\"https:\/\/www.meslibellules.fr\/blog\/wp-content\/uploads\/Orolestes-selysi-male-7.webp\"><img decoding=\"async\" width=\"1076\" height=\"1204\" data-src=\"https:\/\/www.meslibellules.fr\/blog\/wp-content\/uploads\/Orolestes-selysi-male-7.webp\" alt=\"Orolestes selysi m\u00e2le, Vietnam, Xuan Son, 09\/06\/2018\" class=\"wp-image-16930 lazyload\" style=\"--smush-placeholder-width: 1076px; --smush-placeholder-aspect-ratio: 1076\/1204;aspect-ratio:0.893687707641196;width:429px;height:auto\" data-srcset=\"https:\/\/www.meslibellules.fr\/blog\/wp-content\/uploads\/Orolestes-selysi-male-7.webp 1076w, https:\/\/www.meslibellules.fr\/blog\/wp-content\/uploads\/Orolestes-selysi-male-7-768x859.webp 768w\" data-sizes=\"(max-width: 1076px) 100vw, 1076px\" src=\"data:image\/svg+xml;base64,PHN2ZyB3aWR0aD0iMSIgaGVpZ2h0PSIxIiB4bWxucz0iaHR0cDovL3d3dy53My5vcmcvMjAwMC9zdmciPjwvc3ZnPg==\" \/><\/a><figcaption class=\"wp-element-caption\">O. selysi m\u00e2le, Vietnam, Xuan Son, 09\/06\/2018<\/figcaption><\/figure>\n\n\n\n<p style=\"font-size:15px\">Il est pr\u00e9sent depuis l&rsquo;Inde (Darjeeling), jusqu&rsquo;\u00e0 Ta\u00efwan, \u00e0 travers le Laos, le Vietnam et quelques \u00e9tats du sud de la Chine, mais il est certainement largement r\u00e9pandu dans cette r\u00e9gion.<br><a href=\"https:\/\/www.iucnredlist.org\/species\/167443\/6349046\">IUCN Red List<\/a><\/p>\n\n\n\n<figure class=\"wp-block-image aligncenter size-full is-resized\"><a href=\"https:\/\/www.meslibellules.fr\/blog\/wp-content\/uploads\/Orolestes-selysi-male-4.webp\"><img decoding=\"async\" width=\"1232\" height=\"1204\" data-src=\"https:\/\/www.meslibellules.fr\/blog\/wp-content\/uploads\/Orolestes-selysi-male-4.webp\" alt=\"Orolestes selysi m\u00e2le, Vietnam, Xuan Son, 09\/06\/2018\" class=\"wp-image-16927 lazyload\" style=\"--smush-placeholder-width: 1232px; --smush-placeholder-aspect-ratio: 1232\/1204;width:449px;height:auto\" data-srcset=\"https:\/\/www.meslibellules.fr\/blog\/wp-content\/uploads\/Orolestes-selysi-male-4.webp 1232w, https:\/\/www.meslibellules.fr\/blog\/wp-content\/uploads\/Orolestes-selysi-male-4-768x751.webp 768w\" data-sizes=\"(max-width: 1232px) 100vw, 1232px\" src=\"data:image\/svg+xml;base64,PHN2ZyB3aWR0aD0iMSIgaGVpZ2h0PSIxIiB4bWxucz0iaHR0cDovL3d3dy53My5vcmcvMjAwMC9zdmciPjwvc3ZnPg==\" \/><\/a><figcaption class=\"wp-element-caption\">Orolestes selysi m\u00e2le, Vietnam, Xuan Son, 09\/06\/2018<\/figcaption><\/figure>\n\n\n\n<p><strong>\u00c9tymologie<br>Orolestes<\/strong>\u00a0(MacLahan, 1895)(2) ;\u00a0<em>oro<\/em>\u00a0du grec\u00a0<em>oros<\/em>\u00a0pour montagne et de lestes. Je suppose que l\u2019auteur l\u2019a nomm\u00e9 ainsi, car il l\u2019a captur\u00e9 au nord de l\u2019Inde, au Darjeeling, r\u00e9gion montagneuse au pied de l\u2019Himalaya.<br><strong>Selysi<\/strong> est \u00e9videmment un hommage au <a href=\"https:\/\/www.researchgate.net\/publication\/259970229_Life_and_work_of_Michel_Edmond_de_Selys_Longchamps_1813-1900_the_founder_of_Odonatology#fullTextFileContent\">baron <em>Edmond de S\u00e9lys Longchamps<\/em><\/a>, homme politique Belge, mais aussi entomologiste, grand collectionneur, initiateur de la taxonomie par l&rsquo;utilisation de la nervation et consid\u00e9r\u00e9 de ce fait comme le fondateur de l&rsquo;odonatologie et descripteur de plus de 700 esp\u00e8ces !<\/p>\n\n\n\n<figure class=\"wp-block-image aligncenter size-full is-resized\"><a href=\"https:\/\/www.meslibellules.fr\/blog\/wp-content\/uploads\/Orolestes-selysi-male-6.webp\"><img decoding=\"async\" width=\"1202\" height=\"1204\" data-src=\"https:\/\/www.meslibellules.fr\/blog\/wp-content\/uploads\/Orolestes-selysi-male-6.webp\" alt=\"O. selysi m\u00e2le, Vietnam, Xuan Son, 09\/06\/2018\" class=\"wp-image-16929 lazyload\" style=\"--smush-placeholder-width: 1202px; --smush-placeholder-aspect-ratio: 1202\/1204;aspect-ratio:0.9983388704318937;width:502px;height:auto\" data-srcset=\"https:\/\/www.meslibellules.fr\/blog\/wp-content\/uploads\/Orolestes-selysi-male-6.webp 1202w, https:\/\/www.meslibellules.fr\/blog\/wp-content\/uploads\/Orolestes-selysi-male-6-768x769.webp 768w, https:\/\/www.meslibellules.fr\/blog\/wp-content\/uploads\/Orolestes-selysi-male-6-150x150.webp 150w\" data-sizes=\"(max-width: 1202px) 100vw, 1202px\" src=\"data:image\/svg+xml;base64,PHN2ZyB3aWR0aD0iMSIgaGVpZ2h0PSIxIiB4bWxucz0iaHR0cDovL3d3dy53My5vcmcvMjAwMC9zdmciPjwvc3ZnPg==\" \/><\/a><figcaption class=\"wp-element-caption\">Orolestes selysi m\u00e2le, Vietnam, Xuan Son, 09\/06\/2018<\/figcaption><\/figure>\n\n\n\n\n\n<div class=\"wp-block-buttons is-vertical is-layout-flex wp-container-core-buttons-is-layout-fe9cc265 wp-block-buttons-is-layout-flex\">\n<div class=\"wp-block-button\"><a class=\"wp-block-button__link wp-element-button\" href=\"https:\/\/www.meslibellules.fr\/blog\/odonates-du-vietnam-2012-2018\/\">Accueil Vietnam<\/a><\/div>\n\n\n\n<div class=\"wp-block-button\"><a class=\"wp-block-button__link wp-element-button\" href=\"http:\/\/www.meslibellules.fr\/pagesweb\/divers\/liste-generale-odonates-du-site\/asia-odonates.php\">Liste Asie<\/a><\/div>\n\n\n\n<div class=\"wp-block-button\"><a class=\"wp-block-button__link wp-element-button\" href=\"https:\/\/www.meslibellules.fr\/blog\/\">Accueil<\/a><\/div>\n<\/div>\n","protected":false},"excerpt":{"rendered":"<p>Orolestes selysi (Lestidae) mesure pr\u00e8s de 70 mm, c&rsquo;est dire s&rsquo;il est impressionnant avec ses ailes \u00e9cart\u00e9es o\u00f9 il prend une envergure d&rsquo;environ 77 mm. Il est bien s\u00fbr d\u00e9di\u00e9 par McLachlan&nbsp;\u00e0 son ami Selys qui a consacr\u00e9 60 ans \u00e0 l&rsquo;\u00e9tude des libellules. McLachlan en 1905 dans sa description de l&rsquo;esp\u00e8ce souligne la raret\u00e9 [&hellip;]<\/p>\n","protected":false},"author":1,"featured_media":0,"comment_status":"open","ping_status":"open","sticky":false,"template":"","format":"image","meta":{"site-sidebar-layout":"default","site-content-layout":"","ast-site-content-layout":"default","site-content-style":"default","site-sidebar-style":"default","ast-global-header-display":"","ast-banner-title-visibility":"","ast-main-header-display":"","ast-hfb-above-header-display":"","ast-hfb-below-header-display":"","ast-hfb-mobile-header-display":"","site-post-title":"","ast-breadcrumbs-content":"","ast-featured-img":"","footer-sml-layout":"","ast-disable-related-posts":"","theme-transparent-header-meta":"","adv-header-id-meta":"","stick-header-meta":"","header-above-stick-meta":"","header-main-stick-meta":"","header-below-stick-meta":"","astra-migrate-meta-layouts":"set","ast-page-background-enabled":"default","ast-page-background-meta":{"desktop":{"background-color":"var(--ast-global-color-4)","background-image":"","background-repeat":"repeat","background-position":"center center","background-size":"auto","background-attachment":"scroll","background-type":"","background-media":"","overlay-type":"","overlay-color":"","overlay-opacity":"","overlay-gradient":""},"tablet":{"background-color":"","background-image":"","background-repeat":"repeat","background-position":"center center","background-size":"auto","background-attachment":"scroll","background-type":"","background-media":"","overlay-type":"","overlay-color":"","overlay-opacity":"","overlay-gradient":""},"mobile":{"background-color":"","background-image":"","background-repeat":"repeat","background-position":"center center","background-size":"auto","background-attachment":"scroll","background-type":"","background-media":"","overlay-type":"","overlay-color":"","overlay-opacity":"","overlay-gradient":""}},"ast-content-background-meta":{"desktop":{"background-color":"var(--ast-global-color-5)","background-image":"","background-repeat":"repeat","background-position":"center center","background-size":"auto","background-attachment":"scroll","background-type":"","background-media":"","overlay-type":"","overlay-color":"","overlay-opacity":"","overlay-gradient":""},"tablet":{"background-color":"var(--ast-global-color-5)","background-image":"","background-repeat":"repeat","background-position":"center center","background-size":"auto","background-attachment":"scroll","background-type":"","background-media":"","overlay-type":"","overlay-color":"","overlay-opacity":"","overlay-gradient":""},"mobile":{"background-color":"var(--ast-global-color-5)","background-image":"","background-repeat":"repeat","background-position":"center center","background-size":"auto","background-attachment":"scroll","background-type":"","background-media":"","overlay-type":"","overlay-color":"","overlay-opacity":"","overlay-gradient":""}},"footnotes":""},"categories":[29],"tags":[],"class_list":["post-792","post","type-post","status-publish","format-image","hentry","category-lestidae","post_format-post-format-image"],"yoast_head":"<!-- This site is optimized with the Yoast SEO plugin v27.5 - https:\/\/yoast.com\/product\/yoast-seo-wordpress\/ -->\n<title>Orolestes selysi - Mes Libellules<\/title>\n<meta name=\"description\" content=\"Orolestes selysi m\u00e2le au Vietnam, description, identification, taille, habitat, distribution g\u00e9ographique, \u00e9tymologie\" \/>\n<meta name=\"robots\" content=\"index, follow, max-snippet:-1, max-image-preview:large, max-video-preview:-1\" \/>\n<link rel=\"canonical\" href=\"https:\/\/www.meslibellules.fr\/blog\/2018\/09\/08\/orolestes-selysi\/\" \/>\n<meta property=\"og:locale\" content=\"fr_FR\" \/>\n<meta property=\"og:type\" content=\"article\" \/>\n<meta property=\"og:title\" content=\"Orolestes selysi - Mes Libellules\" \/>\n<meta property=\"og:description\" content=\"Orolestes selysi m\u00e2le au Vietnam, description, identification, taille, habitat, distribution g\u00e9ographique, \u00e9tymologie\" \/>\n<meta property=\"og:url\" content=\"https:\/\/www.meslibellules.fr\/blog\/2018\/09\/08\/orolestes-selysi\/\" \/>\n<meta property=\"og:site_name\" content=\"Mes Libellules\" \/>\n<meta property=\"article:publisher\" content=\"https:\/\/www.facebook.com\/benoit.guillon.96\/\" \/>\n<meta property=\"article:author\" content=\"https:\/\/www.facebook.com\/benoit.guillon.96\/\" \/>\n<meta property=\"article:published_time\" content=\"2018-09-08T04:08:01+00:00\" \/>\n<meta property=\"article:modified_time\" content=\"2025-11-22T07:43:57+00:00\" \/>\n<meta property=\"og:image\" content=\"https:\/\/www.meslibellules.fr\/blog\/wp-content\/uploads\/Orolestes-selysi-male-1.webp\" \/>\n\t<meta property=\"og:image:width\" content=\"1172\" \/>\n\t<meta property=\"og:image:height\" content=\"1204\" \/>\n\t<meta property=\"og:image:type\" content=\"image\/webp\" \/>\n<meta name=\"author\" content=\"Beno\u00eet Guillon\" \/>\n<meta name=\"twitter:card\" content=\"summary_large_image\" \/>\n<meta name=\"twitter:label1\" content=\"\u00c9crit par\" \/>\n\t<meta name=\"twitter:data1\" content=\"Beno\u00eet Guillon\" \/>\n\t<meta name=\"twitter:label2\" content=\"Dur\u00e9e de lecture estim\u00e9e\" \/>\n\t<meta name=\"twitter:data2\" content=\"7 minutes\" \/>\n<script type=\"application\/ld+json\" class=\"yoast-schema-graph\">{\"@context\":\"https:\\\/\\\/schema.org\",\"@graph\":[{\"@type\":\"Article\",\"@id\":\"https:\\\/\\\/www.meslibellules.fr\\\/blog\\\/2018\\\/09\\\/08\\\/orolestes-selysi\\\/#article\",\"isPartOf\":{\"@id\":\"https:\\\/\\\/www.meslibellules.fr\\\/blog\\\/2018\\\/09\\\/08\\\/orolestes-selysi\\\/\"},\"author\":{\"name\":\"Beno\u00eet Guillon\",\"@id\":\"https:\\\/\\\/www.meslibellules.fr\\\/blog\\\/#\\\/schema\\\/person\\\/9aa3586f9dd053fcf329f43b8b053c77\"},\"headline\":\"Vietnam 2018 &#8211; Orolestes selysi (McLachlan, 1895)\",\"datePublished\":\"2018-09-08T04:08:01+00:00\",\"dateModified\":\"2025-11-22T07:43:57+00:00\",\"mainEntityOfPage\":{\"@id\":\"https:\\\/\\\/www.meslibellules.fr\\\/blog\\\/2018\\\/09\\\/08\\\/orolestes-selysi\\\/\"},\"wordCount\":369,\"commentCount\":0,\"publisher\":{\"@id\":\"https:\\\/\\\/www.meslibellules.fr\\\/blog\\\/#\\\/schema\\\/person\\\/9aa3586f9dd053fcf329f43b8b053c77\"},\"image\":{\"@id\":\"https:\\\/\\\/www.meslibellules.fr\\\/blog\\\/2018\\\/09\\\/08\\\/orolestes-selysi\\\/#primaryimage\"},\"thumbnailUrl\":\"https:\\\/\\\/www.meslibellules.fr\\\/blog\\\/wp-content\\\/uploads\\\/Orolestes-selysi-male-1.webp\",\"articleSection\":[\"Lestidae\"],\"inLanguage\":\"fr-FR\",\"potentialAction\":[{\"@type\":\"CommentAction\",\"name\":\"Comment\",\"target\":[\"https:\\\/\\\/www.meslibellules.fr\\\/blog\\\/2018\\\/09\\\/08\\\/orolestes-selysi\\\/#respond\"]}]},{\"@type\":\"WebPage\",\"@id\":\"https:\\\/\\\/www.meslibellules.fr\\\/blog\\\/2018\\\/09\\\/08\\\/orolestes-selysi\\\/\",\"url\":\"https:\\\/\\\/www.meslibellules.fr\\\/blog\\\/2018\\\/09\\\/08\\\/orolestes-selysi\\\/\",\"name\":\"Orolestes selysi - Mes Libellules\",\"isPartOf\":{\"@id\":\"https:\\\/\\\/www.meslibellules.fr\\\/blog\\\/#website\"},\"primaryImageOfPage\":{\"@id\":\"https:\\\/\\\/www.meslibellules.fr\\\/blog\\\/2018\\\/09\\\/08\\\/orolestes-selysi\\\/#primaryimage\"},\"image\":{\"@id\":\"https:\\\/\\\/www.meslibellules.fr\\\/blog\\\/2018\\\/09\\\/08\\\/orolestes-selysi\\\/#primaryimage\"},\"thumbnailUrl\":\"https:\\\/\\\/www.meslibellules.fr\\\/blog\\\/wp-content\\\/uploads\\\/Orolestes-selysi-male-1.webp\",\"datePublished\":\"2018-09-08T04:08:01+00:00\",\"dateModified\":\"2025-11-22T07:43:57+00:00\",\"description\":\"Orolestes selysi m\u00e2le au Vietnam, description, identification, taille, habitat, distribution g\u00e9ographique, \u00e9tymologie\",\"breadcrumb\":{\"@id\":\"https:\\\/\\\/www.meslibellules.fr\\\/blog\\\/2018\\\/09\\\/08\\\/orolestes-selysi\\\/#breadcrumb\"},\"inLanguage\":\"fr-FR\",\"potentialAction\":[{\"@type\":\"ReadAction\",\"target\":[\"https:\\\/\\\/www.meslibellules.fr\\\/blog\\\/2018\\\/09\\\/08\\\/orolestes-selysi\\\/\"]}]},{\"@type\":\"ImageObject\",\"inLanguage\":\"fr-FR\",\"@id\":\"https:\\\/\\\/www.meslibellules.fr\\\/blog\\\/2018\\\/09\\\/08\\\/orolestes-selysi\\\/#primaryimage\",\"url\":\"https:\\\/\\\/www.meslibellules.fr\\\/blog\\\/wp-content\\\/uploads\\\/Orolestes-selysi-male-1.webp\",\"contentUrl\":\"https:\\\/\\\/www.meslibellules.fr\\\/blog\\\/wp-content\\\/uploads\\\/Orolestes-selysi-male-1.webp\"},{\"@type\":\"BreadcrumbList\",\"@id\":\"https:\\\/\\\/www.meslibellules.fr\\\/blog\\\/2018\\\/09\\\/08\\\/orolestes-selysi\\\/#breadcrumb\",\"itemListElement\":[{\"@type\":\"ListItem\",\"position\":1,\"name\":\"Accueil\",\"item\":\"https:\\\/\\\/www.meslibellules.fr\\\/blog\\\/\"},{\"@type\":\"ListItem\",\"position\":2,\"name\":\"Vietnam 2018 &#8211; Orolestes selysi (McLachlan, 1895)\"}]},{\"@type\":\"WebSite\",\"@id\":\"https:\\\/\\\/www.meslibellules.fr\\\/blog\\\/#website\",\"url\":\"https:\\\/\\\/www.meslibellules.fr\\\/blog\\\/\",\"name\":\"Mes Libellules\",\"description\":\"Pr\u00e9sentation des libellules rencontr\u00e9es dans le monde\",\"publisher\":{\"@id\":\"https:\\\/\\\/www.meslibellules.fr\\\/blog\\\/#\\\/schema\\\/person\\\/9aa3586f9dd053fcf329f43b8b053c77\"},\"potentialAction\":[{\"@type\":\"SearchAction\",\"target\":{\"@type\":\"EntryPoint\",\"urlTemplate\":\"https:\\\/\\\/www.meslibellules.fr\\\/blog\\\/?s={search_term_string}\"},\"query-input\":{\"@type\":\"PropertyValueSpecification\",\"valueRequired\":true,\"valueName\":\"search_term_string\"}}],\"inLanguage\":\"fr-FR\"},{\"@type\":[\"Person\",\"Organization\"],\"@id\":\"https:\\\/\\\/www.meslibellules.fr\\\/blog\\\/#\\\/schema\\\/person\\\/9aa3586f9dd053fcf329f43b8b053c77\",\"name\":\"Beno\u00eet Guillon\",\"image\":{\"@type\":\"ImageObject\",\"inLanguage\":\"fr-FR\",\"@id\":\"https:\\\/\\\/www.meslibellules.fr\\\/blog\\\/wp-content\\\/uploads\\\/cropped-avatar-150-pix.jpg\",\"url\":\"https:\\\/\\\/www.meslibellules.fr\\\/blog\\\/wp-content\\\/uploads\\\/cropped-avatar-150-pix.jpg\",\"contentUrl\":\"https:\\\/\\\/www.meslibellules.fr\\\/blog\\\/wp-content\\\/uploads\\\/cropped-avatar-150-pix.jpg\",\"width\":150,\"height\":137,\"caption\":\"Beno\u00eet Guillon\"},\"logo\":{\"@id\":\"https:\\\/\\\/www.meslibellules.fr\\\/blog\\\/wp-content\\\/uploads\\\/cropped-avatar-150-pix.jpg\"},\"sameAs\":[\"https:\\\/\\\/www.facebook.com\\\/benoit.guillon.96\\\/\"]}]}<\/script>\n<!-- \/ Yoast SEO plugin. -->","yoast_head_json":{"title":"Orolestes selysi - Mes Libellules","description":"Orolestes selysi m\u00e2le au Vietnam, description, identification, taille, habitat, distribution g\u00e9ographique, \u00e9tymologie","robots":{"index":"index","follow":"follow","max-snippet":"max-snippet:-1","max-image-preview":"max-image-preview:large","max-video-preview":"max-video-preview:-1"},"canonical":"https:\/\/www.meslibellules.fr\/blog\/2018\/09\/08\/orolestes-selysi\/","og_locale":"fr_FR","og_type":"article","og_title":"Orolestes selysi - Mes Libellules","og_description":"Orolestes selysi m\u00e2le au Vietnam, description, identification, taille, habitat, distribution g\u00e9ographique, \u00e9tymologie","og_url":"https:\/\/www.meslibellules.fr\/blog\/2018\/09\/08\/orolestes-selysi\/","og_site_name":"Mes Libellules","article_publisher":"https:\/\/www.facebook.com\/benoit.guillon.96\/","article_author":"https:\/\/www.facebook.com\/benoit.guillon.96\/","article_published_time":"2018-09-08T04:08:01+00:00","article_modified_time":"2025-11-22T07:43:57+00:00","og_image":[{"width":1172,"height":1204,"url":"https:\/\/www.meslibellules.fr\/blog\/wp-content\/uploads\/Orolestes-selysi-male-1.webp","type":"image\/webp"}],"author":"Beno\u00eet Guillon","twitter_card":"summary_large_image","twitter_misc":{"\u00c9crit par":"Beno\u00eet Guillon","Dur\u00e9e de lecture estim\u00e9e":"7 minutes"},"schema":{"@context":"https:\/\/schema.org","@graph":[{"@type":"Article","@id":"https:\/\/www.meslibellules.fr\/blog\/2018\/09\/08\/orolestes-selysi\/#article","isPartOf":{"@id":"https:\/\/www.meslibellules.fr\/blog\/2018\/09\/08\/orolestes-selysi\/"},"author":{"name":"Beno\u00eet Guillon","@id":"https:\/\/www.meslibellules.fr\/blog\/#\/schema\/person\/9aa3586f9dd053fcf329f43b8b053c77"},"headline":"Vietnam 2018 &#8211; Orolestes selysi (McLachlan, 1895)","datePublished":"2018-09-08T04:08:01+00:00","dateModified":"2025-11-22T07:43:57+00:00","mainEntityOfPage":{"@id":"https:\/\/www.meslibellules.fr\/blog\/2018\/09\/08\/orolestes-selysi\/"},"wordCount":369,"commentCount":0,"publisher":{"@id":"https:\/\/www.meslibellules.fr\/blog\/#\/schema\/person\/9aa3586f9dd053fcf329f43b8b053c77"},"image":{"@id":"https:\/\/www.meslibellules.fr\/blog\/2018\/09\/08\/orolestes-selysi\/#primaryimage"},"thumbnailUrl":"https:\/\/www.meslibellules.fr\/blog\/wp-content\/uploads\/Orolestes-selysi-male-1.webp","articleSection":["Lestidae"],"inLanguage":"fr-FR","potentialAction":[{"@type":"CommentAction","name":"Comment","target":["https:\/\/www.meslibellules.fr\/blog\/2018\/09\/08\/orolestes-selysi\/#respond"]}]},{"@type":"WebPage","@id":"https:\/\/www.meslibellules.fr\/blog\/2018\/09\/08\/orolestes-selysi\/","url":"https:\/\/www.meslibellules.fr\/blog\/2018\/09\/08\/orolestes-selysi\/","name":"Orolestes selysi - Mes Libellules","isPartOf":{"@id":"https:\/\/www.meslibellules.fr\/blog\/#website"},"primaryImageOfPage":{"@id":"https:\/\/www.meslibellules.fr\/blog\/2018\/09\/08\/orolestes-selysi\/#primaryimage"},"image":{"@id":"https:\/\/www.meslibellules.fr\/blog\/2018\/09\/08\/orolestes-selysi\/#primaryimage"},"thumbnailUrl":"https:\/\/www.meslibellules.fr\/blog\/wp-content\/uploads\/Orolestes-selysi-male-1.webp","datePublished":"2018-09-08T04:08:01+00:00","dateModified":"2025-11-22T07:43:57+00:00","description":"Orolestes selysi m\u00e2le au Vietnam, description, identification, taille, habitat, distribution g\u00e9ographique, \u00e9tymologie","breadcrumb":{"@id":"https:\/\/www.meslibellules.fr\/blog\/2018\/09\/08\/orolestes-selysi\/#breadcrumb"},"inLanguage":"fr-FR","potentialAction":[{"@type":"ReadAction","target":["https:\/\/www.meslibellules.fr\/blog\/2018\/09\/08\/orolestes-selysi\/"]}]},{"@type":"ImageObject","inLanguage":"fr-FR","@id":"https:\/\/www.meslibellules.fr\/blog\/2018\/09\/08\/orolestes-selysi\/#primaryimage","url":"https:\/\/www.meslibellules.fr\/blog\/wp-content\/uploads\/Orolestes-selysi-male-1.webp","contentUrl":"https:\/\/www.meslibellules.fr\/blog\/wp-content\/uploads\/Orolestes-selysi-male-1.webp"},{"@type":"BreadcrumbList","@id":"https:\/\/www.meslibellules.fr\/blog\/2018\/09\/08\/orolestes-selysi\/#breadcrumb","itemListElement":[{"@type":"ListItem","position":1,"name":"Accueil","item":"https:\/\/www.meslibellules.fr\/blog\/"},{"@type":"ListItem","position":2,"name":"Vietnam 2018 &#8211; Orolestes selysi (McLachlan, 1895)"}]},{"@type":"WebSite","@id":"https:\/\/www.meslibellules.fr\/blog\/#website","url":"https:\/\/www.meslibellules.fr\/blog\/","name":"Mes Libellules","description":"Pr\u00e9sentation des libellules rencontr\u00e9es dans le monde","publisher":{"@id":"https:\/\/www.meslibellules.fr\/blog\/#\/schema\/person\/9aa3586f9dd053fcf329f43b8b053c77"},"potentialAction":[{"@type":"SearchAction","target":{"@type":"EntryPoint","urlTemplate":"https:\/\/www.meslibellules.fr\/blog\/?s={search_term_string}"},"query-input":{"@type":"PropertyValueSpecification","valueRequired":true,"valueName":"search_term_string"}}],"inLanguage":"fr-FR"},{"@type":["Person","Organization"],"@id":"https:\/\/www.meslibellules.fr\/blog\/#\/schema\/person\/9aa3586f9dd053fcf329f43b8b053c77","name":"Beno\u00eet Guillon","image":{"@type":"ImageObject","inLanguage":"fr-FR","@id":"https:\/\/www.meslibellules.fr\/blog\/wp-content\/uploads\/cropped-avatar-150-pix.jpg","url":"https:\/\/www.meslibellules.fr\/blog\/wp-content\/uploads\/cropped-avatar-150-pix.jpg","contentUrl":"https:\/\/www.meslibellules.fr\/blog\/wp-content\/uploads\/cropped-avatar-150-pix.jpg","width":150,"height":137,"caption":"Beno\u00eet Guillon"},"logo":{"@id":"https:\/\/www.meslibellules.fr\/blog\/wp-content\/uploads\/cropped-avatar-150-pix.jpg"},"sameAs":["https:\/\/www.facebook.com\/benoit.guillon.96\/"]}]}},"_links":{"self":[{"href":"https:\/\/www.meslibellules.fr\/blog\/wp-json\/wp\/v2\/posts\/792","targetHints":{"allow":["GET"]}}],"collection":[{"href":"https:\/\/www.meslibellules.fr\/blog\/wp-json\/wp\/v2\/posts"}],"about":[{"href":"https:\/\/www.meslibellules.fr\/blog\/wp-json\/wp\/v2\/types\/post"}],"author":[{"embeddable":true,"href":"https:\/\/www.meslibellules.fr\/blog\/wp-json\/wp\/v2\/users\/1"}],"replies":[{"embeddable":true,"href":"https:\/\/www.meslibellules.fr\/blog\/wp-json\/wp\/v2\/comments?post=792"}],"version-history":[{"count":2,"href":"https:\/\/www.meslibellules.fr\/blog\/wp-json\/wp\/v2\/posts\/792\/revisions"}],"predecessor-version":[{"id":26855,"href":"https:\/\/www.meslibellules.fr\/blog\/wp-json\/wp\/v2\/posts\/792\/revisions\/26855"}],"wp:attachment":[{"href":"https:\/\/www.meslibellules.fr\/blog\/wp-json\/wp\/v2\/media?parent=792"}],"wp:term":[{"taxonomy":"category","embeddable":true,"href":"https:\/\/www.meslibellules.fr\/blog\/wp-json\/wp\/v2\/categories?post=792"},{"taxonomy":"post_tag","embeddable":true,"href":"https:\/\/www.meslibellules.fr\/blog\/wp-json\/wp\/v2\/tags?post=792"}],"curies":[{"name":"wp","href":"https:\/\/api.w.org\/{rel}","templated":true}]}}