{"id":7943,"date":"2021-02-08T19:41:17","date_gmt":"2021-02-08T18:41:17","guid":{"rendered":"http:\/\/www.meslibellules.fr\/blog\/?p=7943"},"modified":"2024-01-01T18:09:01","modified_gmt":"2024-01-01T17:09:01","slug":"onychogomphus-forcipatus-male-5-5","status":"publish","type":"post","link":"https:\/\/www.meslibellules.fr\/blog\/2021\/02\/08\/onychogomphus-forcipatus-male-5-5\/","title":{"rendered":"Onychogomphus forcipatus m\u00e2le 5\/5"},"content":{"rendered":"\n<figure class=\"wp-block-image aligncenter size-large is-resized\"><a href=\"https:\/\/www.meslibellules.fr\/blog\/wp-content\/uploads\/onychogomphus-forcipatus-male-13.jpg\"><img decoding=\"async\" width=\"1330\" height=\"1204\" data-src=\"https:\/\/www.meslibellules.fr\/blog\/wp-content\/uploads\/onychogomphus-forcipatus-male-13.jpg\" alt=\"Onychogomphus forcipatus m\u00e2le \u00e9mergent, Varades (France-44), 22\/06\/2017\" class=\"wp-image-7928 lazyload\" style=\"--smush-placeholder-width: 1330px; --smush-placeholder-aspect-ratio: 1330\/1204;width:477px;height:432px\" data-srcset=\"https:\/\/www.meslibellules.fr\/blog\/wp-content\/uploads\/\/onychogomphus-forcipatus-male-13.jpg 1330w, https:\/\/www.meslibellules.fr\/blog\/wp-content\/uploads\/\/onychogomphus-forcipatus-male-13-768x695.jpg 768w, https:\/\/www.meslibellules.fr\/blog\/wp-content\/uploads\/\/onychogomphus-forcipatus-male-13-1200x1086.jpg 1200w\" data-sizes=\"(max-width: 1330px) 100vw, 1330px\" src=\"data:image\/svg+xml;base64,PHN2ZyB3aWR0aD0iMSIgaGVpZ2h0PSIxIiB4bWxucz0iaHR0cDovL3d3dy53My5vcmcvMjAwMC9zdmciPjwvc3ZnPg==\" \/><\/a><figcaption class=\"wp-element-caption\">Onychogomphus forcipatus m\u00e2le \u00e9mergent, Varades (France-44), 22\/06\/2017<\/figcaption><\/figure>\n\n\n\n<p style=\"font-size:15px\">Observer fin juin en bord de Loire un Onychogomphus \u00e9mergent est tout \u00e0 fait banal et si j&rsquo;ai fait la photo suivante c&rsquo;est que j&rsquo;aime observer leurs spectaculaires appendices. C&rsquo;est d&rsquo;ailleurs une caract\u00e9ristique propre aux Gomphidae et certains sp\u00e9cimens observ\u00e9s au Vietnam \u00e9tait aussi bien g\u00e2t\u00e9s de ce c\u00f4t\u00e9,  par exemple <a href=\"https:\/\/www.meslibellules.fr\/blog\/2018\/09\/18\/vietnam-2018-lamelligomphus-vietnamensis\/\">Lamelligomphus vietnamensis<\/a>.<br>Et je suis content d&rsquo;avoir fait cette photo car c&rsquo;est la premi\u00e8re fois que je constate un d\u00e9tail.<\/p>\n\n\n\n<figure class=\"wp-block-image aligncenter size-large is-resized\"><a href=\"https:\/\/www.meslibellules.fr\/blog\/wp-content\/uploads\/onychogomphus-forcipatus-male-14.jpg\"><img decoding=\"async\" width=\"955\" height=\"799\" data-src=\"https:\/\/www.meslibellules.fr\/blog\/wp-content\/uploads\/onychogomphus-forcipatus-male-14.jpg\" alt=\"Onychogomphus forcipatus m\u00e2le \u00e9mergent, Varades (France-44), 22\/06\/2017\" class=\"wp-image-7929 lazyload\" style=\"--smush-placeholder-width: 955px; --smush-placeholder-aspect-ratio: 955\/799;width:483px;height:404px\" data-srcset=\"https:\/\/www.meslibellules.fr\/blog\/wp-content\/uploads\/\/onychogomphus-forcipatus-male-14.jpg 955w, https:\/\/www.meslibellules.fr\/blog\/wp-content\/uploads\/\/onychogomphus-forcipatus-male-14-768x643.jpg 768w\" data-sizes=\"(max-width: 955px) 100vw, 955px\" src=\"data:image\/svg+xml;base64,PHN2ZyB3aWR0aD0iMSIgaGVpZ2h0PSIxIiB4bWxucz0iaHR0cDovL3d3dy53My5vcmcvMjAwMC9zdmciPjwvc3ZnPg==\" \/><\/a><figcaption class=\"wp-element-caption\">Onychogomphus forcipatus m\u00e2le \u00e9mergent, Varades (France-44), 22\/06\/2017<\/figcaption><\/figure>\n\n\n\n<p style=\"font-size:15px\">On voit tr\u00e8s bien l&rsquo;\u00e9pine gauche (elles sont paires) de la lame supra anale.<br>On devine aussi la petite dent terminale de cette m\u00eame lame anale.<br>Mais surtout on constate  comme les cerco\u00efdes (les appendices anaux sup\u00e9rieurs), courb\u00e9s \u00e0 angle droit vers l&rsquo;int\u00e9rieur se finissent en 2 lobes, faisant presque croire qu&rsquo;ils sont bifides.<br>Je me demande tout de m\u00eame si ce sujet n&rsquo;est pas une exception, exag\u00e9rant cette caract\u00e9ristique,  car aucune de mes autres photos de leurs appendices ne m&rsquo;avait permis de voir si bien le lobe sup\u00e9rieur&#8230; Pour en avoir le c\u0153ur net, il faudrait capturer ce que je fais tr\u00e8s rarement.<br><\/p>\n\n\n\n<figure class=\"wp-block-image size-large\"><a href=\"http:\/\/www.meslibellules.fr\/pagesweb\/gomphidae\/onychogomphus\/forcipatus\/onychogomphus-forcipatus-accueil.php\"><img decoding=\"async\" width=\"100\" height=\"20\" data-src=\"https:\/\/www.meslibellules.fr\/blog\/wp-content\/uploads\/accueil_oforcipatus.gif\" alt=\"Accueil Onychogomphus forcipatus\" class=\"wp-image-6676 lazyload\" src=\"data:image\/svg+xml;base64,PHN2ZyB3aWR0aD0iMSIgaGVpZ2h0PSIxIiB4bWxucz0iaHR0cDovL3d3dy53My5vcmcvMjAwMC9zdmciPjwvc3ZnPg==\" style=\"--smush-placeholder-width: 100px; --smush-placeholder-aspect-ratio: 100\/20;\" \/><\/a><\/figure>\n\n\n\n<p><\/p>\n","protected":false},"excerpt":{"rendered":"<p>Observer fin juin en bord de Loire un Onychogomphus \u00e9mergent est tout \u00e0 fait banal et si j&rsquo;ai fait la photo suivante c&rsquo;est que j&rsquo;aime observer leurs spectaculaires appendices. C&rsquo;est d&rsquo;ailleurs une caract\u00e9ristique propre aux Gomphidae et certains sp\u00e9cimens observ\u00e9s au Vietnam \u00e9tait aussi bien g\u00e2t\u00e9s de ce c\u00f4t\u00e9, par exemple Lamelligomphus vietnamensis.Et je suis [&hellip;]<\/p>\n","protected":false},"author":1,"featured_media":0,"comment_status":"open","ping_status":"open","sticky":false,"template":"","format":"image","meta":{"site-sidebar-layout":"default","site-content-layout":"","ast-site-content-layout":"default","site-content-style":"default","site-sidebar-style":"default","ast-global-header-display":"","ast-banner-title-visibility":"","ast-main-header-display":"","ast-hfb-above-header-display":"","ast-hfb-below-header-display":"","ast-hfb-mobile-header-display":"","site-post-title":"","ast-breadcrumbs-content":"","ast-featured-img":"","footer-sml-layout":"","ast-disable-related-posts":"","theme-transparent-header-meta":"","adv-header-id-meta":"","stick-header-meta":"","header-above-stick-meta":"","header-main-stick-meta":"","header-below-stick-meta":"","astra-migrate-meta-layouts":"set","ast-page-background-enabled":"default","ast-page-background-meta":{"desktop":{"background-color":"var(--ast-global-color-4)","background-image":"","background-repeat":"repeat","background-position":"center center","background-size":"auto","background-attachment":"scroll","background-type":"","background-media":"","overlay-type":"","overlay-color":"","overlay-opacity":"","overlay-gradient":""},"tablet":{"background-color":"","background-image":"","background-repeat":"repeat","background-position":"center center","background-size":"auto","background-attachment":"scroll","background-type":"","background-media":"","overlay-type":"","overlay-color":"","overlay-opacity":"","overlay-gradient":""},"mobile":{"background-color":"","background-image":"","background-repeat":"repeat","background-position":"center center","background-size":"auto","background-attachment":"scroll","background-type":"","background-media":"","overlay-type":"","overlay-color":"","overlay-opacity":"","overlay-gradient":""}},"ast-content-background-meta":{"desktop":{"background-color":"var(--ast-global-color-5)","background-image":"","background-repeat":"repeat","background-position":"center center","background-size":"auto","background-attachment":"scroll","background-type":"","background-media":"","overlay-type":"","overlay-color":"","overlay-opacity":"","overlay-gradient":""},"tablet":{"background-color":"var(--ast-global-color-5)","background-image":"","background-repeat":"repeat","background-position":"center center","background-size":"auto","background-attachment":"scroll","background-type":"","background-media":"","overlay-type":"","overlay-color":"","overlay-opacity":"","overlay-gradient":""},"mobile":{"background-color":"var(--ast-global-color-5)","background-image":"","background-repeat":"repeat","background-position":"center center","background-size":"auto","background-attachment":"scroll","background-type":"","background-media":"","overlay-type":"","overlay-color":"","overlay-opacity":"","overlay-gradient":""}},"footnotes":""},"categories":[55,84,500],"tags":[471,369],"class_list":["post-7943","post","type-post","status-publish","format-image","hentry","category-france","category-gomphidae-france","category-onychogomphus-forcipatus","tag-gomphidae-france","tag-onychogomphus-forcipatus-france","post_format-post-format-image"],"yoast_head":"<!-- This site is optimized with the Yoast SEO plugin v27.4 - https:\/\/yoast.com\/product\/yoast-seo-wordpress\/ -->\n<title>Onychogomphus forcipatus m\u00e2le 5\/5 - Mes Libellules<\/title>\n<meta name=\"robots\" content=\"index, follow, max-snippet:-1, max-image-preview:large, max-video-preview:-1\" \/>\n<link rel=\"canonical\" href=\"https:\/\/www.meslibellules.fr\/blog\/2021\/02\/08\/onychogomphus-forcipatus-male-5-5\/\" \/>\n<meta property=\"og:locale\" content=\"fr_FR\" \/>\n<meta property=\"og:type\" content=\"article\" \/>\n<meta property=\"og:title\" content=\"Onychogomphus forcipatus m\u00e2le 5\/5 - Mes Libellules\" \/>\n<meta property=\"og:description\" content=\"Observer fin juin en bord de Loire un Onychogomphus \u00e9mergent est tout \u00e0 fait banal et si j&rsquo;ai fait la photo suivante c&rsquo;est que j&rsquo;aime observer leurs spectaculaires appendices. C&rsquo;est d&rsquo;ailleurs une caract\u00e9ristique propre aux Gomphidae et certains sp\u00e9cimens observ\u00e9s au Vietnam \u00e9tait aussi bien g\u00e2t\u00e9s de ce c\u00f4t\u00e9, par exemple Lamelligomphus vietnamensis.Et je suis [&hellip;]\" \/>\n<meta property=\"og:url\" content=\"https:\/\/www.meslibellules.fr\/blog\/2021\/02\/08\/onychogomphus-forcipatus-male-5-5\/\" \/>\n<meta property=\"og:site_name\" content=\"Mes Libellules\" \/>\n<meta property=\"article:publisher\" content=\"https:\/\/www.facebook.com\/benoit.guillon.96\/\" \/>\n<meta property=\"article:author\" content=\"https:\/\/www.facebook.com\/benoit.guillon.96\/\" \/>\n<meta property=\"article:published_time\" content=\"2021-02-08T18:41:17+00:00\" \/>\n<meta property=\"article:modified_time\" content=\"2024-01-01T17:09:01+00:00\" \/>\n<meta property=\"og:image\" content=\"http:\/\/www.meslibellules.fr\/blog\/wp-content\/uploads\/onychogomphus-forcipatus-male-13.jpg\" \/>\n<meta name=\"author\" content=\"Beno\u00eet Guillon\" \/>\n<meta name=\"twitter:card\" content=\"summary_large_image\" \/>\n<meta name=\"twitter:label1\" content=\"\u00c9crit par\" \/>\n\t<meta name=\"twitter:data1\" content=\"Beno\u00eet Guillon\" \/>\n\t<meta name=\"twitter:label2\" content=\"Dur\u00e9e de lecture estim\u00e9e\" \/>\n\t<meta name=\"twitter:data2\" content=\"2 minutes\" \/>\n<script type=\"application\/ld+json\" class=\"yoast-schema-graph\">{\"@context\":\"https:\\\/\\\/schema.org\",\"@graph\":[{\"@type\":\"Article\",\"@id\":\"https:\\\/\\\/www.meslibellules.fr\\\/blog\\\/2021\\\/02\\\/08\\\/onychogomphus-forcipatus-male-5-5\\\/#article\",\"isPartOf\":{\"@id\":\"https:\\\/\\\/www.meslibellules.fr\\\/blog\\\/2021\\\/02\\\/08\\\/onychogomphus-forcipatus-male-5-5\\\/\"},\"author\":{\"name\":\"Beno\u00eet Guillon\",\"@id\":\"https:\\\/\\\/www.meslibellules.fr\\\/blog\\\/#\\\/schema\\\/person\\\/9aa3586f9dd053fcf329f43b8b053c77\"},\"headline\":\"Onychogomphus forcipatus m\u00e2le 5\\\/5\",\"datePublished\":\"2021-02-08T18:41:17+00:00\",\"dateModified\":\"2024-01-01T17:09:01+00:00\",\"mainEntityOfPage\":{\"@id\":\"https:\\\/\\\/www.meslibellules.fr\\\/blog\\\/2021\\\/02\\\/08\\\/onychogomphus-forcipatus-male-5-5\\\/\"},\"wordCount\":222,\"commentCount\":0,\"publisher\":{\"@id\":\"https:\\\/\\\/www.meslibellules.fr\\\/blog\\\/#\\\/schema\\\/person\\\/9aa3586f9dd053fcf329f43b8b053c77\"},\"image\":{\"@id\":\"https:\\\/\\\/www.meslibellules.fr\\\/blog\\\/2021\\\/02\\\/08\\\/onychogomphus-forcipatus-male-5-5\\\/#primaryimage\"},\"thumbnailUrl\":\"http:\\\/\\\/www.meslibellules.fr\\\/blog\\\/wp-content\\\/uploads\\\/onychogomphus-forcipatus-male-13.jpg\",\"keywords\":[\"Gomphidae France\",\"Onychogomphus forcipatus - France\"],\"articleSection\":[\"France\",\"Gomphidae\",\"Onychogomphus forcipatus\"],\"inLanguage\":\"fr-FR\",\"potentialAction\":[{\"@type\":\"CommentAction\",\"name\":\"Comment\",\"target\":[\"https:\\\/\\\/www.meslibellules.fr\\\/blog\\\/2021\\\/02\\\/08\\\/onychogomphus-forcipatus-male-5-5\\\/#respond\"]}]},{\"@type\":\"WebPage\",\"@id\":\"https:\\\/\\\/www.meslibellules.fr\\\/blog\\\/2021\\\/02\\\/08\\\/onychogomphus-forcipatus-male-5-5\\\/\",\"url\":\"https:\\\/\\\/www.meslibellules.fr\\\/blog\\\/2021\\\/02\\\/08\\\/onychogomphus-forcipatus-male-5-5\\\/\",\"name\":\"Onychogomphus forcipatus m\u00e2le 5\\\/5 - Mes Libellules\",\"isPartOf\":{\"@id\":\"https:\\\/\\\/www.meslibellules.fr\\\/blog\\\/#website\"},\"primaryImageOfPage\":{\"@id\":\"https:\\\/\\\/www.meslibellules.fr\\\/blog\\\/2021\\\/02\\\/08\\\/onychogomphus-forcipatus-male-5-5\\\/#primaryimage\"},\"image\":{\"@id\":\"https:\\\/\\\/www.meslibellules.fr\\\/blog\\\/2021\\\/02\\\/08\\\/onychogomphus-forcipatus-male-5-5\\\/#primaryimage\"},\"thumbnailUrl\":\"http:\\\/\\\/www.meslibellules.fr\\\/blog\\\/wp-content\\\/uploads\\\/onychogomphus-forcipatus-male-13.jpg\",\"datePublished\":\"2021-02-08T18:41:17+00:00\",\"dateModified\":\"2024-01-01T17:09:01+00:00\",\"breadcrumb\":{\"@id\":\"https:\\\/\\\/www.meslibellules.fr\\\/blog\\\/2021\\\/02\\\/08\\\/onychogomphus-forcipatus-male-5-5\\\/#breadcrumb\"},\"inLanguage\":\"fr-FR\",\"potentialAction\":[{\"@type\":\"ReadAction\",\"target\":[\"https:\\\/\\\/www.meslibellules.fr\\\/blog\\\/2021\\\/02\\\/08\\\/onychogomphus-forcipatus-male-5-5\\\/\"]}]},{\"@type\":\"ImageObject\",\"inLanguage\":\"fr-FR\",\"@id\":\"https:\\\/\\\/www.meslibellules.fr\\\/blog\\\/2021\\\/02\\\/08\\\/onychogomphus-forcipatus-male-5-5\\\/#primaryimage\",\"url\":\"http:\\\/\\\/www.meslibellules.fr\\\/blog\\\/wp-content\\\/uploads\\\/onychogomphus-forcipatus-male-13.jpg\",\"contentUrl\":\"http:\\\/\\\/www.meslibellules.fr\\\/blog\\\/wp-content\\\/uploads\\\/onychogomphus-forcipatus-male-13.jpg\"},{\"@type\":\"BreadcrumbList\",\"@id\":\"https:\\\/\\\/www.meslibellules.fr\\\/blog\\\/2021\\\/02\\\/08\\\/onychogomphus-forcipatus-male-5-5\\\/#breadcrumb\",\"itemListElement\":[{\"@type\":\"ListItem\",\"position\":1,\"name\":\"Accueil\",\"item\":\"https:\\\/\\\/www.meslibellules.fr\\\/blog\\\/\"},{\"@type\":\"ListItem\",\"position\":2,\"name\":\"Onychogomphus forcipatus m\u00e2le 5\\\/5\"}]},{\"@type\":\"WebSite\",\"@id\":\"https:\\\/\\\/www.meslibellules.fr\\\/blog\\\/#website\",\"url\":\"https:\\\/\\\/www.meslibellules.fr\\\/blog\\\/\",\"name\":\"Mes Libellules\",\"description\":\"Pr\u00e9sentation des libellules rencontr\u00e9es dans le monde\",\"publisher\":{\"@id\":\"https:\\\/\\\/www.meslibellules.fr\\\/blog\\\/#\\\/schema\\\/person\\\/9aa3586f9dd053fcf329f43b8b053c77\"},\"potentialAction\":[{\"@type\":\"SearchAction\",\"target\":{\"@type\":\"EntryPoint\",\"urlTemplate\":\"https:\\\/\\\/www.meslibellules.fr\\\/blog\\\/?s={search_term_string}\"},\"query-input\":{\"@type\":\"PropertyValueSpecification\",\"valueRequired\":true,\"valueName\":\"search_term_string\"}}],\"inLanguage\":\"fr-FR\"},{\"@type\":[\"Person\",\"Organization\"],\"@id\":\"https:\\\/\\\/www.meslibellules.fr\\\/blog\\\/#\\\/schema\\\/person\\\/9aa3586f9dd053fcf329f43b8b053c77\",\"name\":\"Beno\u00eet Guillon\",\"image\":{\"@type\":\"ImageObject\",\"inLanguage\":\"fr-FR\",\"@id\":\"https:\\\/\\\/www.meslibellules.fr\\\/blog\\\/wp-content\\\/uploads\\\/cropped-avatar-150-pix.jpg\",\"url\":\"https:\\\/\\\/www.meslibellules.fr\\\/blog\\\/wp-content\\\/uploads\\\/cropped-avatar-150-pix.jpg\",\"contentUrl\":\"https:\\\/\\\/www.meslibellules.fr\\\/blog\\\/wp-content\\\/uploads\\\/cropped-avatar-150-pix.jpg\",\"width\":150,\"height\":137,\"caption\":\"Beno\u00eet Guillon\"},\"logo\":{\"@id\":\"https:\\\/\\\/www.meslibellules.fr\\\/blog\\\/wp-content\\\/uploads\\\/cropped-avatar-150-pix.jpg\"},\"sameAs\":[\"https:\\\/\\\/www.facebook.com\\\/benoit.guillon.96\\\/\"]}]}<\/script>\n<!-- \/ Yoast SEO plugin. -->","yoast_head_json":{"title":"Onychogomphus forcipatus m\u00e2le 5\/5 - Mes Libellules","robots":{"index":"index","follow":"follow","max-snippet":"max-snippet:-1","max-image-preview":"max-image-preview:large","max-video-preview":"max-video-preview:-1"},"canonical":"https:\/\/www.meslibellules.fr\/blog\/2021\/02\/08\/onychogomphus-forcipatus-male-5-5\/","og_locale":"fr_FR","og_type":"article","og_title":"Onychogomphus forcipatus m\u00e2le 5\/5 - Mes Libellules","og_description":"Observer fin juin en bord de Loire un Onychogomphus \u00e9mergent est tout \u00e0 fait banal et si j&rsquo;ai fait la photo suivante c&rsquo;est que j&rsquo;aime observer leurs spectaculaires appendices. C&rsquo;est d&rsquo;ailleurs une caract\u00e9ristique propre aux Gomphidae et certains sp\u00e9cimens observ\u00e9s au Vietnam \u00e9tait aussi bien g\u00e2t\u00e9s de ce c\u00f4t\u00e9, par exemple Lamelligomphus vietnamensis.Et je suis [&hellip;]","og_url":"https:\/\/www.meslibellules.fr\/blog\/2021\/02\/08\/onychogomphus-forcipatus-male-5-5\/","og_site_name":"Mes Libellules","article_publisher":"https:\/\/www.facebook.com\/benoit.guillon.96\/","article_author":"https:\/\/www.facebook.com\/benoit.guillon.96\/","article_published_time":"2021-02-08T18:41:17+00:00","article_modified_time":"2024-01-01T17:09:01+00:00","og_image":[{"url":"http:\/\/www.meslibellules.fr\/blog\/wp-content\/uploads\/onychogomphus-forcipatus-male-13.jpg","type":"","width":"","height":""}],"author":"Beno\u00eet Guillon","twitter_card":"summary_large_image","twitter_misc":{"\u00c9crit par":"Beno\u00eet Guillon","Dur\u00e9e de lecture estim\u00e9e":"2 minutes"},"schema":{"@context":"https:\/\/schema.org","@graph":[{"@type":"Article","@id":"https:\/\/www.meslibellules.fr\/blog\/2021\/02\/08\/onychogomphus-forcipatus-male-5-5\/#article","isPartOf":{"@id":"https:\/\/www.meslibellules.fr\/blog\/2021\/02\/08\/onychogomphus-forcipatus-male-5-5\/"},"author":{"name":"Beno\u00eet Guillon","@id":"https:\/\/www.meslibellules.fr\/blog\/#\/schema\/person\/9aa3586f9dd053fcf329f43b8b053c77"},"headline":"Onychogomphus forcipatus m\u00e2le 5\/5","datePublished":"2021-02-08T18:41:17+00:00","dateModified":"2024-01-01T17:09:01+00:00","mainEntityOfPage":{"@id":"https:\/\/www.meslibellules.fr\/blog\/2021\/02\/08\/onychogomphus-forcipatus-male-5-5\/"},"wordCount":222,"commentCount":0,"publisher":{"@id":"https:\/\/www.meslibellules.fr\/blog\/#\/schema\/person\/9aa3586f9dd053fcf329f43b8b053c77"},"image":{"@id":"https:\/\/www.meslibellules.fr\/blog\/2021\/02\/08\/onychogomphus-forcipatus-male-5-5\/#primaryimage"},"thumbnailUrl":"http:\/\/www.meslibellules.fr\/blog\/wp-content\/uploads\/onychogomphus-forcipatus-male-13.jpg","keywords":["Gomphidae France","Onychogomphus forcipatus - France"],"articleSection":["France","Gomphidae","Onychogomphus forcipatus"],"inLanguage":"fr-FR","potentialAction":[{"@type":"CommentAction","name":"Comment","target":["https:\/\/www.meslibellules.fr\/blog\/2021\/02\/08\/onychogomphus-forcipatus-male-5-5\/#respond"]}]},{"@type":"WebPage","@id":"https:\/\/www.meslibellules.fr\/blog\/2021\/02\/08\/onychogomphus-forcipatus-male-5-5\/","url":"https:\/\/www.meslibellules.fr\/blog\/2021\/02\/08\/onychogomphus-forcipatus-male-5-5\/","name":"Onychogomphus forcipatus m\u00e2le 5\/5 - Mes Libellules","isPartOf":{"@id":"https:\/\/www.meslibellules.fr\/blog\/#website"},"primaryImageOfPage":{"@id":"https:\/\/www.meslibellules.fr\/blog\/2021\/02\/08\/onychogomphus-forcipatus-male-5-5\/#primaryimage"},"image":{"@id":"https:\/\/www.meslibellules.fr\/blog\/2021\/02\/08\/onychogomphus-forcipatus-male-5-5\/#primaryimage"},"thumbnailUrl":"http:\/\/www.meslibellules.fr\/blog\/wp-content\/uploads\/onychogomphus-forcipatus-male-13.jpg","datePublished":"2021-02-08T18:41:17+00:00","dateModified":"2024-01-01T17:09:01+00:00","breadcrumb":{"@id":"https:\/\/www.meslibellules.fr\/blog\/2021\/02\/08\/onychogomphus-forcipatus-male-5-5\/#breadcrumb"},"inLanguage":"fr-FR","potentialAction":[{"@type":"ReadAction","target":["https:\/\/www.meslibellules.fr\/blog\/2021\/02\/08\/onychogomphus-forcipatus-male-5-5\/"]}]},{"@type":"ImageObject","inLanguage":"fr-FR","@id":"https:\/\/www.meslibellules.fr\/blog\/2021\/02\/08\/onychogomphus-forcipatus-male-5-5\/#primaryimage","url":"http:\/\/www.meslibellules.fr\/blog\/wp-content\/uploads\/onychogomphus-forcipatus-male-13.jpg","contentUrl":"http:\/\/www.meslibellules.fr\/blog\/wp-content\/uploads\/onychogomphus-forcipatus-male-13.jpg"},{"@type":"BreadcrumbList","@id":"https:\/\/www.meslibellules.fr\/blog\/2021\/02\/08\/onychogomphus-forcipatus-male-5-5\/#breadcrumb","itemListElement":[{"@type":"ListItem","position":1,"name":"Accueil","item":"https:\/\/www.meslibellules.fr\/blog\/"},{"@type":"ListItem","position":2,"name":"Onychogomphus forcipatus m\u00e2le 5\/5"}]},{"@type":"WebSite","@id":"https:\/\/www.meslibellules.fr\/blog\/#website","url":"https:\/\/www.meslibellules.fr\/blog\/","name":"Mes Libellules","description":"Pr\u00e9sentation des libellules rencontr\u00e9es dans le monde","publisher":{"@id":"https:\/\/www.meslibellules.fr\/blog\/#\/schema\/person\/9aa3586f9dd053fcf329f43b8b053c77"},"potentialAction":[{"@type":"SearchAction","target":{"@type":"EntryPoint","urlTemplate":"https:\/\/www.meslibellules.fr\/blog\/?s={search_term_string}"},"query-input":{"@type":"PropertyValueSpecification","valueRequired":true,"valueName":"search_term_string"}}],"inLanguage":"fr-FR"},{"@type":["Person","Organization"],"@id":"https:\/\/www.meslibellules.fr\/blog\/#\/schema\/person\/9aa3586f9dd053fcf329f43b8b053c77","name":"Beno\u00eet Guillon","image":{"@type":"ImageObject","inLanguage":"fr-FR","@id":"https:\/\/www.meslibellules.fr\/blog\/wp-content\/uploads\/cropped-avatar-150-pix.jpg","url":"https:\/\/www.meslibellules.fr\/blog\/wp-content\/uploads\/cropped-avatar-150-pix.jpg","contentUrl":"https:\/\/www.meslibellules.fr\/blog\/wp-content\/uploads\/cropped-avatar-150-pix.jpg","width":150,"height":137,"caption":"Beno\u00eet Guillon"},"logo":{"@id":"https:\/\/www.meslibellules.fr\/blog\/wp-content\/uploads\/cropped-avatar-150-pix.jpg"},"sameAs":["https:\/\/www.facebook.com\/benoit.guillon.96\/"]}]}},"_links":{"self":[{"href":"https:\/\/www.meslibellules.fr\/blog\/wp-json\/wp\/v2\/posts\/7943","targetHints":{"allow":["GET"]}}],"collection":[{"href":"https:\/\/www.meslibellules.fr\/blog\/wp-json\/wp\/v2\/posts"}],"about":[{"href":"https:\/\/www.meslibellules.fr\/blog\/wp-json\/wp\/v2\/types\/post"}],"author":[{"embeddable":true,"href":"https:\/\/www.meslibellules.fr\/blog\/wp-json\/wp\/v2\/users\/1"}],"replies":[{"embeddable":true,"href":"https:\/\/www.meslibellules.fr\/blog\/wp-json\/wp\/v2\/comments?post=7943"}],"version-history":[{"count":0,"href":"https:\/\/www.meslibellules.fr\/blog\/wp-json\/wp\/v2\/posts\/7943\/revisions"}],"wp:attachment":[{"href":"https:\/\/www.meslibellules.fr\/blog\/wp-json\/wp\/v2\/media?parent=7943"}],"wp:term":[{"taxonomy":"category","embeddable":true,"href":"https:\/\/www.meslibellules.fr\/blog\/wp-json\/wp\/v2\/categories?post=7943"},{"taxonomy":"post_tag","embeddable":true,"href":"https:\/\/www.meslibellules.fr\/blog\/wp-json\/wp\/v2\/tags?post=7943"}],"curies":[{"name":"wp","href":"https:\/\/api.w.org\/{rel}","templated":true}]}}