{"id":8063,"date":"2021-02-17T22:31:59","date_gmt":"2021-02-17T21:31:59","guid":{"rendered":"http:\/\/www.meslibellules.fr\/blog\/?p=8063"},"modified":"2023-06-06T17:22:46","modified_gmt":"2023-06-06T15:22:46","slug":"platycnemis-latipes-males","status":"publish","type":"post","link":"https:\/\/www.meslibellules.fr\/blog\/2021\/02\/17\/platycnemis-latipes-males\/","title":{"rendered":"Platycnemis latipes m\u00e2les   3\/3  : variabilit\u00e9"},"content":{"rendered":"\n<figure class=\"wp-block-image aligncenter size-large is-resized\"><a href=\"https:\/\/www.meslibellules.fr\/blog\/wp-content\/uploads\/platycnemis-latipes-male-7.jpg\"><img decoding=\"async\" data-src=\"https:\/\/www.meslibellules.fr\/blog\/wp-content\/uploads\/platycnemis-latipes-male-7.jpg\" alt=\"\" class=\"wp-image-8056 lazyload\" width=\"500\" height=\"296\" src=\"data:image\/svg+xml;base64,PHN2ZyB3aWR0aD0iMSIgaGVpZ2h0PSIxIiB4bWxucz0iaHR0cDovL3d3dy53My5vcmcvMjAwMC9zdmciPjwvc3ZnPg==\" style=\"--smush-placeholder-width: 500px; --smush-placeholder-aspect-ratio: 500\/296;\" \/><\/a><figcaption class=\"wp-element-caption\">Platycnemis latipes m\u00e2le, Villemur sur Tarn (France-31), 17\/07\/2019<\/figcaption><\/figure>\n\n\n\n<figure class=\"wp-block-image aligncenter size-large is-resized\"><a href=\"https:\/\/www.meslibellules.fr\/blog\/wp-content\/uploads\/platycnemis-latipes-male-9.jpg\"><img decoding=\"async\" data-src=\"https:\/\/www.meslibellules.fr\/blog\/wp-content\/uploads\/platycnemis-latipes-male-9.jpg\" alt=\"Platycnemis latipes m\u00e2le, Villemur sur Tarn (France-31), 17\/07\/2019\" class=\"wp-image-8058 lazyload\" width=\"500\" height=\"286\" data-srcset=\"https:\/\/www.meslibellules.fr\/blog\/wp-content\/uploads\/\/platycnemis-latipes-male-9.jpg 2108w, https:\/\/www.meslibellules.fr\/blog\/wp-content\/uploads\/\/platycnemis-latipes-male-9-768x439.jpg 768w, https:\/\/www.meslibellules.fr\/blog\/wp-content\/uploads\/\/platycnemis-latipes-male-9-1536x877.jpg 1536w, https:\/\/www.meslibellules.fr\/blog\/wp-content\/uploads\/\/platycnemis-latipes-male-9-2048x1170.jpg 2048w, https:\/\/www.meslibellules.fr\/blog\/wp-content\/uploads\/\/platycnemis-latipes-male-9-1200x685.jpg 1200w\" data-sizes=\"(max-width: 500px) 100vw, 500px\" src=\"data:image\/svg+xml;base64,PHN2ZyB3aWR0aD0iMSIgaGVpZ2h0PSIxIiB4bWxucz0iaHR0cDovL3d3dy53My5vcmcvMjAwMC9zdmciPjwvc3ZnPg==\" style=\"--smush-placeholder-width: 500px; --smush-placeholder-aspect-ratio: 500\/286;\" \/><\/a><figcaption class=\"wp-element-caption\">Platycnemis latipes m\u00e2le, Villemur sur Tarn (France-31), 17\/07\/2019<\/figcaption><\/figure>\n\n\n\n<p style=\"font-size:15px\">En ce qui concerne les crit\u00e8res d&rsquo;identifications ces 2 m\u00e2les Platycnemis latipes sont bien typiques : les tibias post\u00e9rieurs et moyens sont tr\u00e8s larges (cliquer sur les images !), ils ne sont pas marqu\u00e9s d&rsquo;une ligne noire mise \u00e0 part celle, tr\u00e8s courte, du tibia moyen. L&rsquo;abdomen ne porte pas de marque noire avant le segment 7. La ligne inf\u00e9rieure de la double ligne noire ant\u00e9hum\u00e9rale caract\u00e9ristique des Platycnemis est tr\u00e8s incompl\u00e8te, un peu \u00e0 la fa\u00e7on des P. acutipennis.<br><br>Sur les 2 sujets ci-dessous on retrouve les crit\u00e8res des pattes, mais pour l&rsquo;un la ligne noire inf\u00e9rieure est compl\u00e8te, pour l&rsquo;autre non.<br>Mais si le premier semble bien classique quant \u00e0 la r\u00e9partition du noir sur les derniers segments abdominaux, le second n&rsquo;en a que sur le 7\u00b0 segment.<\/p>\n\n\n\n<figure class=\"wp-block-image aligncenter size-large is-resized\"><a href=\"https:\/\/www.meslibellules.fr\/blog\/wp-content\/uploads\/platycnemis-latipes-male-10.jpg\"><img decoding=\"async\" data-src=\"https:\/\/www.meslibellules.fr\/blog\/wp-content\/uploads\/platycnemis-latipes-male-10.jpg\" alt=\"Platycnemis latipes m\u00e2le, Castelnau de Montmiral (France-81), 18\/07\/2019\" class=\"wp-image-8059 lazyload\" width=\"500\" height=\"269\" src=\"data:image\/svg+xml;base64,PHN2ZyB3aWR0aD0iMSIgaGVpZ2h0PSIxIiB4bWxucz0iaHR0cDovL3d3dy53My5vcmcvMjAwMC9zdmciPjwvc3ZnPg==\" style=\"--smush-placeholder-width: 500px; --smush-placeholder-aspect-ratio: 500\/269;\" \/><\/a><figcaption class=\"wp-element-caption\">Platycnemis latipes m\u00e2le, Castelnau de Montmiral (France-81), 18\/07\/2019<\/figcaption><\/figure>\n\n\n\n<figure class=\"wp-block-image aligncenter size-large is-resized\"><a href=\"https:\/\/www.meslibellules.fr\/blog\/wp-content\/uploads\/platycnemis-latipes-male-11.jpg\"><img decoding=\"async\" data-src=\"https:\/\/www.meslibellules.fr\/blog\/wp-content\/uploads\/platycnemis-latipes-male-11.jpg\" alt=\"Platycnemis latipes m\u00e2le, Castelnau de Montmiral (France-81), 18\/07\/2019\" class=\"wp-image-8060 lazyload\" width=\"500\" height=\"254\" data-srcset=\"https:\/\/www.meslibellules.fr\/blog\/wp-content\/uploads\/\/platycnemis-latipes-male-11.jpg 2383w, https:\/\/www.meslibellules.fr\/blog\/wp-content\/uploads\/\/platycnemis-latipes-male-11-768x388.jpg 768w, https:\/\/www.meslibellules.fr\/blog\/wp-content\/uploads\/\/platycnemis-latipes-male-11-1536x776.jpg 1536w, https:\/\/www.meslibellules.fr\/blog\/wp-content\/uploads\/\/platycnemis-latipes-male-11-2048x1035.jpg 2048w, https:\/\/www.meslibellules.fr\/blog\/wp-content\/uploads\/\/platycnemis-latipes-male-11-1200x606.jpg 1200w\" data-sizes=\"(max-width: 500px) 100vw, 500px\" src=\"data:image\/svg+xml;base64,PHN2ZyB3aWR0aD0iMSIgaGVpZ2h0PSIxIiB4bWxucz0iaHR0cDovL3d3dy53My5vcmcvMjAwMC9zdmciPjwvc3ZnPg==\" style=\"--smush-placeholder-width: 500px; --smush-placeholder-aspect-ratio: 500\/254;\" \/><\/a><figcaption class=\"wp-element-caption\">Platycnemis latipes m\u00e2le, Castelnau de Montmiral (France-81), 18\/07\/2019<\/figcaption><\/figure>\n\n\n\n<p style=\"font-size:15px\">Ces 2 derniers Platycnemis latipes m\u00e2les  m\u00eame s&rsquo;ils sont bien typiques permettent encore de constater des variations certes minimes, mais bien s\u00fbr 2 \u00eatres vivants ne sont jamais totalement identiques !<\/p>\n\n\n\n<figure class=\"wp-block-image aligncenter size-large is-resized\"><a href=\"https:\/\/www.meslibellules.fr\/blog\/wp-content\/uploads\/platycnemis-latipes-male-12.jpg\"><img decoding=\"async\" data-src=\"https:\/\/www.meslibellules.fr\/blog\/wp-content\/uploads\/platycnemis-latipes-male-12.jpg\" alt=\"Platycnemis latipes m\u00e2le, Castelnau de Montmiral (France-81), 18\/07\/2019\" class=\"wp-image-8061 lazyload\" width=\"500\" height=\"305\" src=\"data:image\/svg+xml;base64,PHN2ZyB3aWR0aD0iMSIgaGVpZ2h0PSIxIiB4bWxucz0iaHR0cDovL3d3dy53My5vcmcvMjAwMC9zdmciPjwvc3ZnPg==\" style=\"--smush-placeholder-width: 500px; --smush-placeholder-aspect-ratio: 500\/305;\" \/><\/a><figcaption class=\"wp-element-caption\">Platycnemis latipes m\u00e2le, Castelnau de Montmiral (France-81), 18\/07\/2019<\/figcaption><\/figure>\n\n\n\n<figure class=\"wp-block-image aligncenter size-large is-resized\"><a href=\"https:\/\/www.meslibellules.fr\/blog\/wp-content\/uploads\/platycnemis-latipes-male-13.jpg\"><img decoding=\"async\" data-src=\"https:\/\/www.meslibellules.fr\/blog\/wp-content\/uploads\/platycnemis-latipes-male-13.jpg\" alt=\"Platycnemis latipes m\u00e2le, Portet sur Garonne (France-31), 19\/07\/2019\" class=\"wp-image-8062 lazyload\" width=\"500\" height=\"292\" src=\"data:image\/svg+xml;base64,PHN2ZyB3aWR0aD0iMSIgaGVpZ2h0PSIxIiB4bWxucz0iaHR0cDovL3d3dy53My5vcmcvMjAwMC9zdmciPjwvc3ZnPg==\" style=\"--smush-placeholder-width: 500px; --smush-placeholder-aspect-ratio: 500\/292;\" \/><\/a><figcaption class=\"wp-element-caption\">Platycnemis latipes m\u00e2le, Portet sur Garonne (France-31), 19\/07\/2019<\/figcaption><\/figure>\n\n\n\n\n\n<figure class=\"wp-block-image size-full\"><a href=\"http:\/\/www.meslibellules.fr\/pagesweb\/plactycnemididae\/latipes\/platycnemis-latipes-male-2.php\"><img decoding=\"async\" width=\"100\" height=\"20\" data-src=\"https:\/\/www.meslibellules.fr\/blog\/wp-content\/uploads\/retour.gif\" alt=\"\" class=\"wp-image-8468 lazyload\" src=\"data:image\/svg+xml;base64,PHN2ZyB3aWR0aD0iMSIgaGVpZ2h0PSIxIiB4bWxucz0iaHR0cDovL3d3dy53My5vcmcvMjAwMC9zdmciPjwvc3ZnPg==\" style=\"--smush-placeholder-width: 100px; --smush-placeholder-aspect-ratio: 100\/20;\" \/><\/a><\/figure>\n\n\n\n<figure class=\"wp-block-image size-large\"><a href=\"http:\/\/www.meslibellules.fr\/pagesweb\/plactycnemididae\/latipes\/platycnemis-latipes-accueil.php\"><img decoding=\"async\" width=\"100\" height=\"20\" data-src=\"https:\/\/www.meslibellules.fr\/blog\/wp-content\/uploads\/accueil-p-latipes.jpg\" alt=\"accueil-p-latipes-bouton\" class=\"wp-image-6215 lazyload\" src=\"data:image\/svg+xml;base64,PHN2ZyB3aWR0aD0iMSIgaGVpZ2h0PSIxIiB4bWxucz0iaHR0cDovL3d3dy53My5vcmcvMjAwMC9zdmciPjwvc3ZnPg==\" style=\"--smush-placeholder-width: 100px; --smush-placeholder-aspect-ratio: 100\/20;\" \/><\/a><\/figure>\n\n\n\n<p><\/p>\n","protected":false},"excerpt":{"rendered":"<p>En ce qui concerne les crit\u00e8res d&rsquo;identifications ces 2 m\u00e2les Platycnemis latipes sont bien typiques : les tibias post\u00e9rieurs et moyens sont tr\u00e8s larges (cliquer sur les images !), ils ne sont pas marqu\u00e9s d&rsquo;une ligne noire mise \u00e0 part celle, tr\u00e8s courte, du tibia moyen. L&rsquo;abdomen ne porte pas de marque noire avant le [&hellip;]<\/p>\n","protected":false},"author":1,"featured_media":0,"comment_status":"open","ping_status":"open","sticky":false,"template":"","format":"image","meta":{"site-sidebar-layout":"default","site-content-layout":"","ast-site-content-layout":"default","site-content-style":"default","site-sidebar-style":"default","ast-global-header-display":"","ast-banner-title-visibility":"","ast-main-header-display":"","ast-hfb-above-header-display":"","ast-hfb-below-header-display":"","ast-hfb-mobile-header-display":"","site-post-title":"","ast-breadcrumbs-content":"","ast-featured-img":"","footer-sml-layout":"","ast-disable-related-posts":"","theme-transparent-header-meta":"","adv-header-id-meta":"","stick-header-meta":"","header-above-stick-meta":"","header-main-stick-meta":"","header-below-stick-meta":"","astra-migrate-meta-layouts":"default","ast-page-background-enabled":"default","ast-page-background-meta":{"desktop":{"background-color":"var(--ast-global-color-4)","background-image":"","background-repeat":"repeat","background-position":"center center","background-size":"auto","background-attachment":"scroll","background-type":"","background-media":"","overlay-type":"","overlay-color":"","overlay-opacity":"","overlay-gradient":""},"tablet":{"background-color":"","background-image":"","background-repeat":"repeat","background-position":"center center","background-size":"auto","background-attachment":"scroll","background-type":"","background-media":"","overlay-type":"","overlay-color":"","overlay-opacity":"","overlay-gradient":""},"mobile":{"background-color":"","background-image":"","background-repeat":"repeat","background-position":"center center","background-size":"auto","background-attachment":"scroll","background-type":"","background-media":"","overlay-type":"","overlay-color":"","overlay-opacity":"","overlay-gradient":""}},"ast-content-background-meta":{"desktop":{"background-color":"var(--ast-global-color-5)","background-image":"","background-repeat":"repeat","background-position":"center center","background-size":"auto","background-attachment":"scroll","background-type":"","background-media":"","overlay-type":"","overlay-color":"","overlay-opacity":"","overlay-gradient":""},"tablet":{"background-color":"var(--ast-global-color-5)","background-image":"","background-repeat":"repeat","background-position":"center center","background-size":"auto","background-attachment":"scroll","background-type":"","background-media":"","overlay-type":"","overlay-color":"","overlay-opacity":"","overlay-gradient":""},"mobile":{"background-color":"var(--ast-global-color-5)","background-image":"","background-repeat":"repeat","background-position":"center center","background-size":"auto","background-attachment":"scroll","background-type":"","background-media":"","overlay-type":"","overlay-color":"","overlay-opacity":"","overlay-gradient":""}},"footnotes":""},"categories":[55,106,348],"tags":[350,349],"class_list":["post-8063","post","type-post","status-publish","format-image","hentry","category-france","category-platycnemididae-france","category-platycnemis-latipes","tag-platycnemididae-france","tag-platycnemis-latipes-france","post_format-post-format-image"],"yoast_head":"<!-- This site is optimized with the Yoast SEO plugin v27.5 - https:\/\/yoast.com\/product\/yoast-seo-wordpress\/ -->\n<title>Platycnemis latipes m\u00e2les - Mes Libellules<\/title>\n<meta name=\"description\" content=\"Platycnemis latipes m\u00e2les, variabilit\u00e9 de la coloration des pattes, mais aussi des t\u00e2ches sombres de l&#039;abdomen\" \/>\n<meta name=\"robots\" content=\"index, follow, max-snippet:-1, max-image-preview:large, max-video-preview:-1\" \/>\n<link rel=\"canonical\" href=\"https:\/\/www.meslibellules.fr\/blog\/2021\/02\/17\/platycnemis-latipes-males\/\" \/>\n<meta property=\"og:locale\" content=\"fr_FR\" \/>\n<meta property=\"og:type\" content=\"article\" \/>\n<meta property=\"og:title\" content=\"Platycnemis latipes m\u00e2les - Mes Libellules\" \/>\n<meta property=\"og:description\" content=\"Platycnemis latipes m\u00e2les, variabilit\u00e9 de la coloration des pattes, mais aussi des t\u00e2ches sombres de l&#039;abdomen\" \/>\n<meta property=\"og:url\" content=\"https:\/\/www.meslibellules.fr\/blog\/2021\/02\/17\/platycnemis-latipes-males\/\" \/>\n<meta property=\"og:site_name\" content=\"Mes Libellules\" \/>\n<meta property=\"article:publisher\" content=\"https:\/\/www.facebook.com\/benoit.guillon.96\/\" \/>\n<meta property=\"article:author\" content=\"https:\/\/www.facebook.com\/benoit.guillon.96\/\" \/>\n<meta property=\"article:published_time\" content=\"2021-02-17T21:31:59+00:00\" \/>\n<meta property=\"article:modified_time\" content=\"2023-06-06T15:22:46+00:00\" \/>\n<meta property=\"og:image\" content=\"http:\/\/www.meslibellules.fr\/blog\/wp-content\/uploads\/platycnemis-latipes-male-7.jpg\" \/>\n<meta name=\"author\" content=\"Beno\u00eet Guillon\" \/>\n<meta name=\"twitter:card\" content=\"summary_large_image\" \/>\n<meta name=\"twitter:label1\" content=\"\u00c9crit par\" \/>\n\t<meta name=\"twitter:data1\" content=\"Beno\u00eet Guillon\" \/>\n\t<meta name=\"twitter:label2\" content=\"Dur\u00e9e de lecture estim\u00e9e\" \/>\n\t<meta name=\"twitter:data2\" content=\"3 minutes\" \/>\n<script type=\"application\/ld+json\" class=\"yoast-schema-graph\">{\"@context\":\"https:\\\/\\\/schema.org\",\"@graph\":[{\"@type\":\"Article\",\"@id\":\"https:\\\/\\\/www.meslibellules.fr\\\/blog\\\/2021\\\/02\\\/17\\\/platycnemis-latipes-males\\\/#article\",\"isPartOf\":{\"@id\":\"https:\\\/\\\/www.meslibellules.fr\\\/blog\\\/2021\\\/02\\\/17\\\/platycnemis-latipes-males\\\/\"},\"author\":{\"name\":\"Beno\u00eet Guillon\",\"@id\":\"https:\\\/\\\/www.meslibellules.fr\\\/blog\\\/#\\\/schema\\\/person\\\/9aa3586f9dd053fcf329f43b8b053c77\"},\"headline\":\"Platycnemis latipes m\u00e2les 3\\\/3 : variabilit\u00e9\",\"datePublished\":\"2021-02-17T21:31:59+00:00\",\"dateModified\":\"2023-06-06T15:22:46+00:00\",\"mainEntityOfPage\":{\"@id\":\"https:\\\/\\\/www.meslibellules.fr\\\/blog\\\/2021\\\/02\\\/17\\\/platycnemis-latipes-males\\\/\"},\"wordCount\":229,\"commentCount\":0,\"publisher\":{\"@id\":\"https:\\\/\\\/www.meslibellules.fr\\\/blog\\\/#\\\/schema\\\/person\\\/9aa3586f9dd053fcf329f43b8b053c77\"},\"image\":{\"@id\":\"https:\\\/\\\/www.meslibellules.fr\\\/blog\\\/2021\\\/02\\\/17\\\/platycnemis-latipes-males\\\/#primaryimage\"},\"thumbnailUrl\":\"http:\\\/\\\/www.meslibellules.fr\\\/blog\\\/wp-content\\\/uploads\\\/platycnemis-latipes-male-7.jpg\",\"keywords\":[\"Platycnemididae - France\",\"Platycnemis latipes - France\"],\"articleSection\":[\"France\",\"Platycnemididae\",\"Platycnemis latipes\"],\"inLanguage\":\"fr-FR\",\"potentialAction\":[{\"@type\":\"CommentAction\",\"name\":\"Comment\",\"target\":[\"https:\\\/\\\/www.meslibellules.fr\\\/blog\\\/2021\\\/02\\\/17\\\/platycnemis-latipes-males\\\/#respond\"]}]},{\"@type\":\"WebPage\",\"@id\":\"https:\\\/\\\/www.meslibellules.fr\\\/blog\\\/2021\\\/02\\\/17\\\/platycnemis-latipes-males\\\/\",\"url\":\"https:\\\/\\\/www.meslibellules.fr\\\/blog\\\/2021\\\/02\\\/17\\\/platycnemis-latipes-males\\\/\",\"name\":\"Platycnemis latipes m\u00e2les - Mes Libellules\",\"isPartOf\":{\"@id\":\"https:\\\/\\\/www.meslibellules.fr\\\/blog\\\/#website\"},\"primaryImageOfPage\":{\"@id\":\"https:\\\/\\\/www.meslibellules.fr\\\/blog\\\/2021\\\/02\\\/17\\\/platycnemis-latipes-males\\\/#primaryimage\"},\"image\":{\"@id\":\"https:\\\/\\\/www.meslibellules.fr\\\/blog\\\/2021\\\/02\\\/17\\\/platycnemis-latipes-males\\\/#primaryimage\"},\"thumbnailUrl\":\"http:\\\/\\\/www.meslibellules.fr\\\/blog\\\/wp-content\\\/uploads\\\/platycnemis-latipes-male-7.jpg\",\"datePublished\":\"2021-02-17T21:31:59+00:00\",\"dateModified\":\"2023-06-06T15:22:46+00:00\",\"description\":\"Platycnemis latipes m\u00e2les, variabilit\u00e9 de la coloration des pattes, mais aussi des t\u00e2ches sombres de l'abdomen\",\"breadcrumb\":{\"@id\":\"https:\\\/\\\/www.meslibellules.fr\\\/blog\\\/2021\\\/02\\\/17\\\/platycnemis-latipes-males\\\/#breadcrumb\"},\"inLanguage\":\"fr-FR\",\"potentialAction\":[{\"@type\":\"ReadAction\",\"target\":[\"https:\\\/\\\/www.meslibellules.fr\\\/blog\\\/2021\\\/02\\\/17\\\/platycnemis-latipes-males\\\/\"]}]},{\"@type\":\"ImageObject\",\"inLanguage\":\"fr-FR\",\"@id\":\"https:\\\/\\\/www.meslibellules.fr\\\/blog\\\/2021\\\/02\\\/17\\\/platycnemis-latipes-males\\\/#primaryimage\",\"url\":\"http:\\\/\\\/www.meslibellules.fr\\\/blog\\\/wp-content\\\/uploads\\\/platycnemis-latipes-male-7.jpg\",\"contentUrl\":\"http:\\\/\\\/www.meslibellules.fr\\\/blog\\\/wp-content\\\/uploads\\\/platycnemis-latipes-male-7.jpg\"},{\"@type\":\"BreadcrumbList\",\"@id\":\"https:\\\/\\\/www.meslibellules.fr\\\/blog\\\/2021\\\/02\\\/17\\\/platycnemis-latipes-males\\\/#breadcrumb\",\"itemListElement\":[{\"@type\":\"ListItem\",\"position\":1,\"name\":\"Accueil\",\"item\":\"https:\\\/\\\/www.meslibellules.fr\\\/blog\\\/\"},{\"@type\":\"ListItem\",\"position\":2,\"name\":\"Platycnemis latipes m\u00e2les 3\\\/3 : variabilit\u00e9\"}]},{\"@type\":\"WebSite\",\"@id\":\"https:\\\/\\\/www.meslibellules.fr\\\/blog\\\/#website\",\"url\":\"https:\\\/\\\/www.meslibellules.fr\\\/blog\\\/\",\"name\":\"Mes Libellules\",\"description\":\"Pr\u00e9sentation des libellules rencontr\u00e9es dans le monde\",\"publisher\":{\"@id\":\"https:\\\/\\\/www.meslibellules.fr\\\/blog\\\/#\\\/schema\\\/person\\\/9aa3586f9dd053fcf329f43b8b053c77\"},\"potentialAction\":[{\"@type\":\"SearchAction\",\"target\":{\"@type\":\"EntryPoint\",\"urlTemplate\":\"https:\\\/\\\/www.meslibellules.fr\\\/blog\\\/?s={search_term_string}\"},\"query-input\":{\"@type\":\"PropertyValueSpecification\",\"valueRequired\":true,\"valueName\":\"search_term_string\"}}],\"inLanguage\":\"fr-FR\"},{\"@type\":[\"Person\",\"Organization\"],\"@id\":\"https:\\\/\\\/www.meslibellules.fr\\\/blog\\\/#\\\/schema\\\/person\\\/9aa3586f9dd053fcf329f43b8b053c77\",\"name\":\"Beno\u00eet Guillon\",\"image\":{\"@type\":\"ImageObject\",\"inLanguage\":\"fr-FR\",\"@id\":\"https:\\\/\\\/www.meslibellules.fr\\\/blog\\\/wp-content\\\/uploads\\\/cropped-avatar-150-pix.jpg\",\"url\":\"https:\\\/\\\/www.meslibellules.fr\\\/blog\\\/wp-content\\\/uploads\\\/cropped-avatar-150-pix.jpg\",\"contentUrl\":\"https:\\\/\\\/www.meslibellules.fr\\\/blog\\\/wp-content\\\/uploads\\\/cropped-avatar-150-pix.jpg\",\"width\":150,\"height\":137,\"caption\":\"Beno\u00eet Guillon\"},\"logo\":{\"@id\":\"https:\\\/\\\/www.meslibellules.fr\\\/blog\\\/wp-content\\\/uploads\\\/cropped-avatar-150-pix.jpg\"},\"sameAs\":[\"https:\\\/\\\/www.facebook.com\\\/benoit.guillon.96\\\/\"]}]}<\/script>\n<!-- \/ Yoast SEO plugin. -->","yoast_head_json":{"title":"Platycnemis latipes m\u00e2les - Mes Libellules","description":"Platycnemis latipes m\u00e2les, variabilit\u00e9 de la coloration des pattes, mais aussi des t\u00e2ches sombres de l'abdomen","robots":{"index":"index","follow":"follow","max-snippet":"max-snippet:-1","max-image-preview":"max-image-preview:large","max-video-preview":"max-video-preview:-1"},"canonical":"https:\/\/www.meslibellules.fr\/blog\/2021\/02\/17\/platycnemis-latipes-males\/","og_locale":"fr_FR","og_type":"article","og_title":"Platycnemis latipes m\u00e2les - Mes Libellules","og_description":"Platycnemis latipes m\u00e2les, variabilit\u00e9 de la coloration des pattes, mais aussi des t\u00e2ches sombres de l'abdomen","og_url":"https:\/\/www.meslibellules.fr\/blog\/2021\/02\/17\/platycnemis-latipes-males\/","og_site_name":"Mes Libellules","article_publisher":"https:\/\/www.facebook.com\/benoit.guillon.96\/","article_author":"https:\/\/www.facebook.com\/benoit.guillon.96\/","article_published_time":"2021-02-17T21:31:59+00:00","article_modified_time":"2023-06-06T15:22:46+00:00","og_image":[{"url":"http:\/\/www.meslibellules.fr\/blog\/wp-content\/uploads\/platycnemis-latipes-male-7.jpg","type":"","width":"","height":""}],"author":"Beno\u00eet Guillon","twitter_card":"summary_large_image","twitter_misc":{"\u00c9crit par":"Beno\u00eet Guillon","Dur\u00e9e de lecture estim\u00e9e":"3 minutes"},"schema":{"@context":"https:\/\/schema.org","@graph":[{"@type":"Article","@id":"https:\/\/www.meslibellules.fr\/blog\/2021\/02\/17\/platycnemis-latipes-males\/#article","isPartOf":{"@id":"https:\/\/www.meslibellules.fr\/blog\/2021\/02\/17\/platycnemis-latipes-males\/"},"author":{"name":"Beno\u00eet Guillon","@id":"https:\/\/www.meslibellules.fr\/blog\/#\/schema\/person\/9aa3586f9dd053fcf329f43b8b053c77"},"headline":"Platycnemis latipes m\u00e2les 3\/3 : variabilit\u00e9","datePublished":"2021-02-17T21:31:59+00:00","dateModified":"2023-06-06T15:22:46+00:00","mainEntityOfPage":{"@id":"https:\/\/www.meslibellules.fr\/blog\/2021\/02\/17\/platycnemis-latipes-males\/"},"wordCount":229,"commentCount":0,"publisher":{"@id":"https:\/\/www.meslibellules.fr\/blog\/#\/schema\/person\/9aa3586f9dd053fcf329f43b8b053c77"},"image":{"@id":"https:\/\/www.meslibellules.fr\/blog\/2021\/02\/17\/platycnemis-latipes-males\/#primaryimage"},"thumbnailUrl":"http:\/\/www.meslibellules.fr\/blog\/wp-content\/uploads\/platycnemis-latipes-male-7.jpg","keywords":["Platycnemididae - France","Platycnemis latipes - France"],"articleSection":["France","Platycnemididae","Platycnemis latipes"],"inLanguage":"fr-FR","potentialAction":[{"@type":"CommentAction","name":"Comment","target":["https:\/\/www.meslibellules.fr\/blog\/2021\/02\/17\/platycnemis-latipes-males\/#respond"]}]},{"@type":"WebPage","@id":"https:\/\/www.meslibellules.fr\/blog\/2021\/02\/17\/platycnemis-latipes-males\/","url":"https:\/\/www.meslibellules.fr\/blog\/2021\/02\/17\/platycnemis-latipes-males\/","name":"Platycnemis latipes m\u00e2les - Mes Libellules","isPartOf":{"@id":"https:\/\/www.meslibellules.fr\/blog\/#website"},"primaryImageOfPage":{"@id":"https:\/\/www.meslibellules.fr\/blog\/2021\/02\/17\/platycnemis-latipes-males\/#primaryimage"},"image":{"@id":"https:\/\/www.meslibellules.fr\/blog\/2021\/02\/17\/platycnemis-latipes-males\/#primaryimage"},"thumbnailUrl":"http:\/\/www.meslibellules.fr\/blog\/wp-content\/uploads\/platycnemis-latipes-male-7.jpg","datePublished":"2021-02-17T21:31:59+00:00","dateModified":"2023-06-06T15:22:46+00:00","description":"Platycnemis latipes m\u00e2les, variabilit\u00e9 de la coloration des pattes, mais aussi des t\u00e2ches sombres de l'abdomen","breadcrumb":{"@id":"https:\/\/www.meslibellules.fr\/blog\/2021\/02\/17\/platycnemis-latipes-males\/#breadcrumb"},"inLanguage":"fr-FR","potentialAction":[{"@type":"ReadAction","target":["https:\/\/www.meslibellules.fr\/blog\/2021\/02\/17\/platycnemis-latipes-males\/"]}]},{"@type":"ImageObject","inLanguage":"fr-FR","@id":"https:\/\/www.meslibellules.fr\/blog\/2021\/02\/17\/platycnemis-latipes-males\/#primaryimage","url":"http:\/\/www.meslibellules.fr\/blog\/wp-content\/uploads\/platycnemis-latipes-male-7.jpg","contentUrl":"http:\/\/www.meslibellules.fr\/blog\/wp-content\/uploads\/platycnemis-latipes-male-7.jpg"},{"@type":"BreadcrumbList","@id":"https:\/\/www.meslibellules.fr\/blog\/2021\/02\/17\/platycnemis-latipes-males\/#breadcrumb","itemListElement":[{"@type":"ListItem","position":1,"name":"Accueil","item":"https:\/\/www.meslibellules.fr\/blog\/"},{"@type":"ListItem","position":2,"name":"Platycnemis latipes m\u00e2les 3\/3 : variabilit\u00e9"}]},{"@type":"WebSite","@id":"https:\/\/www.meslibellules.fr\/blog\/#website","url":"https:\/\/www.meslibellules.fr\/blog\/","name":"Mes Libellules","description":"Pr\u00e9sentation des libellules rencontr\u00e9es dans le monde","publisher":{"@id":"https:\/\/www.meslibellules.fr\/blog\/#\/schema\/person\/9aa3586f9dd053fcf329f43b8b053c77"},"potentialAction":[{"@type":"SearchAction","target":{"@type":"EntryPoint","urlTemplate":"https:\/\/www.meslibellules.fr\/blog\/?s={search_term_string}"},"query-input":{"@type":"PropertyValueSpecification","valueRequired":true,"valueName":"search_term_string"}}],"inLanguage":"fr-FR"},{"@type":["Person","Organization"],"@id":"https:\/\/www.meslibellules.fr\/blog\/#\/schema\/person\/9aa3586f9dd053fcf329f43b8b053c77","name":"Beno\u00eet Guillon","image":{"@type":"ImageObject","inLanguage":"fr-FR","@id":"https:\/\/www.meslibellules.fr\/blog\/wp-content\/uploads\/cropped-avatar-150-pix.jpg","url":"https:\/\/www.meslibellules.fr\/blog\/wp-content\/uploads\/cropped-avatar-150-pix.jpg","contentUrl":"https:\/\/www.meslibellules.fr\/blog\/wp-content\/uploads\/cropped-avatar-150-pix.jpg","width":150,"height":137,"caption":"Beno\u00eet Guillon"},"logo":{"@id":"https:\/\/www.meslibellules.fr\/blog\/wp-content\/uploads\/cropped-avatar-150-pix.jpg"},"sameAs":["https:\/\/www.facebook.com\/benoit.guillon.96\/"]}]}},"_links":{"self":[{"href":"https:\/\/www.meslibellules.fr\/blog\/wp-json\/wp\/v2\/posts\/8063","targetHints":{"allow":["GET"]}}],"collection":[{"href":"https:\/\/www.meslibellules.fr\/blog\/wp-json\/wp\/v2\/posts"}],"about":[{"href":"https:\/\/www.meslibellules.fr\/blog\/wp-json\/wp\/v2\/types\/post"}],"author":[{"embeddable":true,"href":"https:\/\/www.meslibellules.fr\/blog\/wp-json\/wp\/v2\/users\/1"}],"replies":[{"embeddable":true,"href":"https:\/\/www.meslibellules.fr\/blog\/wp-json\/wp\/v2\/comments?post=8063"}],"version-history":[{"count":0,"href":"https:\/\/www.meslibellules.fr\/blog\/wp-json\/wp\/v2\/posts\/8063\/revisions"}],"wp:attachment":[{"href":"https:\/\/www.meslibellules.fr\/blog\/wp-json\/wp\/v2\/media?parent=8063"}],"wp:term":[{"taxonomy":"category","embeddable":true,"href":"https:\/\/www.meslibellules.fr\/blog\/wp-json\/wp\/v2\/categories?post=8063"},{"taxonomy":"post_tag","embeddable":true,"href":"https:\/\/www.meslibellules.fr\/blog\/wp-json\/wp\/v2\/tags?post=8063"}],"curies":[{"name":"wp","href":"https:\/\/api.w.org\/{rel}","templated":true}]}}