{"id":8181,"date":"2021-02-28T20:20:58","date_gmt":"2021-02-28T19:20:58","guid":{"rendered":"http:\/\/www.meslibellules.fr\/blog\/?p=8181"},"modified":"2021-02-28T20:20:59","modified_gmt":"2021-02-28T19:20:59","slug":"erythromma-viridulum-accouplement-video","status":"publish","type":"post","link":"https:\/\/www.meslibellules.fr\/blog\/2021\/02\/28\/erythromma-viridulum-accouplement-video\/","title":{"rendered":"Erythromma viridulum : accouplement vid\u00e9o"},"content":{"rendered":"\n<figure class=\"wp-block-video\"><video height=\"440\" style=\"aspect-ratio: 780 \/ 440;\" width=\"780\" controls src=\"https:\/\/www.meslibellules.fr\/blog\/wp-content\/uploads\/erythromma-viridulum-accouplement-video-1.mp4\"><\/video><figcaption>Erythromma viridulum accouplement, \u00c9tang de Chevign\u00e9 (France-44), 15\/08\/2013<\/figcaption><\/figure>\n\n\n\n<p style=\"font-size:15px\">Je n&rsquo;ai&nbsp;pas eu souvent l&rsquo;occasion d&rsquo;observer des accouplements d&rsquo;Erythromma viridulum. Mais cet apr\u00e8s-midi du 15 ao\u00fbt 2013 sur l&rsquo;\u00e9tang de Chevign\u00e9, ce couple s&rsquo;est laiss\u00e9 photographier et filmer sans difficult\u00e9.<\/p>\n\n\n\n<p style=\"font-size:15px\">Il est \u00e9tonnant de voir, ou plut\u00f4t ici d&rsquo;apercevoir&#8230; comme les Ischnura elegans sont agressifs, m\u00eame parfois avec des esp\u00e8ces beaucoup plus robustes, voire  avec des anisopt\u00e8res qui pourtant pourraient n&rsquo;en faire que 2 bouch\u00e9es.<\/p>\n\n\n\n\n\n<figure class=\"wp-block-image size-large\"><a href=\"http:\/\/www.meslibellules.fr\/pagesweb\/coenagrionidae\/erythromma\/e_viridulum\/erythromma-viridulum-accueil.php\"><img decoding=\"async\" data-src=\"https:\/\/www.meslibellules.fr\/blog\/wp-content\/uploads\/2019\/05\/retour-1.gif\" alt=\"\" class=\"wp-image-2895 lazyload\" src=\"data:image\/svg+xml;base64,PHN2ZyB3aWR0aD0iMSIgaGVpZ2h0PSIxIiB4bWxucz0iaHR0cDovL3d3dy53My5vcmcvMjAwMC9zdmciPjwvc3ZnPg==\" \/><\/a><\/figure>\n","protected":false},"excerpt":{"rendered":"<p>Je n&rsquo;ai&nbsp;pas eu souvent l&rsquo;occasion d&rsquo;observer des accouplements d&rsquo;Erythromma viridulum. Mais cet apr\u00e8s-midi du 15 ao\u00fbt 2013 sur l&rsquo;\u00e9tang de Chevign\u00e9, ce couple s&rsquo;est laiss\u00e9 photographier et filmer sans difficult\u00e9. Il est \u00e9tonnant de voir, ou plut\u00f4t ici d&rsquo;apercevoir&#8230; comme les Ischnura elegans sont agressifs, m\u00eame parfois avec des esp\u00e8ces beaucoup plus robustes, voire avec [&hellip;]<\/p>\n","protected":false},"author":1,"featured_media":0,"comment_status":"open","ping_status":"open","sticky":false,"template":"","format":"image","meta":{"site-sidebar-layout":"default","site-content-layout":"","ast-site-content-layout":"default","site-content-style":"default","site-sidebar-style":"default","ast-global-header-display":"","ast-banner-title-visibility":"","ast-main-header-display":"","ast-hfb-above-header-display":"","ast-hfb-below-header-display":"","ast-hfb-mobile-header-display":"","site-post-title":"","ast-breadcrumbs-content":"","ast-featured-img":"","footer-sml-layout":"","ast-disable-related-posts":"","theme-transparent-header-meta":"","adv-header-id-meta":"","stick-header-meta":"","header-above-stick-meta":"","header-main-stick-meta":"","header-below-stick-meta":"","astra-migrate-meta-layouts":"default","ast-page-background-enabled":"default","ast-page-background-meta":{"desktop":{"background-color":"var(--ast-global-color-4)","background-image":"","background-repeat":"repeat","background-position":"center center","background-size":"auto","background-attachment":"scroll","background-type":"","background-media":"","overlay-type":"","overlay-color":"","overlay-opacity":"","overlay-gradient":""},"tablet":{"background-color":"","background-image":"","background-repeat":"repeat","background-position":"center center","background-size":"auto","background-attachment":"scroll","background-type":"","background-media":"","overlay-type":"","overlay-color":"","overlay-opacity":"","overlay-gradient":""},"mobile":{"background-color":"","background-image":"","background-repeat":"repeat","background-position":"center center","background-size":"auto","background-attachment":"scroll","background-type":"","background-media":"","overlay-type":"","overlay-color":"","overlay-opacity":"","overlay-gradient":""}},"ast-content-background-meta":{"desktop":{"background-color":"var(--ast-global-color-5)","background-image":"","background-repeat":"repeat","background-position":"center center","background-size":"auto","background-attachment":"scroll","background-type":"","background-media":"","overlay-type":"","overlay-color":"","overlay-opacity":"","overlay-gradient":""},"tablet":{"background-color":"var(--ast-global-color-5)","background-image":"","background-repeat":"repeat","background-position":"center center","background-size":"auto","background-attachment":"scroll","background-type":"","background-media":"","overlay-type":"","overlay-color":"","overlay-opacity":"","overlay-gradient":""},"mobile":{"background-color":"var(--ast-global-color-5)","background-image":"","background-repeat":"repeat","background-position":"center center","background-size":"auto","background-attachment":"scroll","background-type":"","background-media":"","overlay-type":"","overlay-color":"","overlay-opacity":"","overlay-gradient":""}},"footnotes":""},"categories":[60,462,55,512],"tags":[463,511],"class_list":["post-8181","post","type-post","status-publish","format-image","hentry","category-coenagrionidae-france","category-erythromma-viridulum","category-france","category-videos","tag-erythromma-viridulum","tag-video","post_format-post-format-image"],"yoast_head":"<!-- This site is optimized with the Yoast SEO plugin v27.5 - https:\/\/yoast.com\/product\/yoast-seo-wordpress\/ -->\n<title>Erythromma viridulum : accouplement vid\u00e9o - Mes Libellules<\/title>\n<meta name=\"robots\" content=\"index, follow, max-snippet:-1, max-image-preview:large, max-video-preview:-1\" \/>\n<link rel=\"canonical\" href=\"https:\/\/www.meslibellules.fr\/blog\/2021\/02\/28\/erythromma-viridulum-accouplement-video\/\" \/>\n<meta property=\"og:locale\" content=\"fr_FR\" \/>\n<meta property=\"og:type\" content=\"article\" \/>\n<meta property=\"og:title\" content=\"Erythromma viridulum : accouplement vid\u00e9o - Mes Libellules\" \/>\n<meta property=\"og:description\" content=\"Je n&rsquo;ai&nbsp;pas eu souvent l&rsquo;occasion d&rsquo;observer des accouplements d&rsquo;Erythromma viridulum. Mais cet apr\u00e8s-midi du 15 ao\u00fbt 2013 sur l&rsquo;\u00e9tang de Chevign\u00e9, ce couple s&rsquo;est laiss\u00e9 photographier et filmer sans difficult\u00e9. Il est \u00e9tonnant de voir, ou plut\u00f4t ici d&rsquo;apercevoir&#8230; comme les Ischnura elegans sont agressifs, m\u00eame parfois avec des esp\u00e8ces beaucoup plus robustes, voire avec [&hellip;]\" \/>\n<meta property=\"og:url\" content=\"https:\/\/www.meslibellules.fr\/blog\/2021\/02\/28\/erythromma-viridulum-accouplement-video\/\" \/>\n<meta property=\"og:site_name\" content=\"Mes Libellules\" \/>\n<meta property=\"article:publisher\" content=\"https:\/\/www.facebook.com\/benoit.guillon.96\/\" \/>\n<meta property=\"article:author\" content=\"https:\/\/www.facebook.com\/benoit.guillon.96\/\" \/>\n<meta property=\"article:published_time\" content=\"2021-02-28T19:20:58+00:00\" \/>\n<meta property=\"article:modified_time\" content=\"2021-02-28T19:20:59+00:00\" \/>\n<meta property=\"og:image\" content=\"http:\/\/www.meslibellules.fr\/blog\/wp-content\/uploads\/2019\/05\/retour-1.gif\" \/>\n<meta name=\"author\" content=\"Beno\u00eet Guillon\" \/>\n<meta name=\"twitter:card\" content=\"summary_large_image\" \/>\n<meta name=\"twitter:label1\" content=\"\u00c9crit par\" \/>\n\t<meta name=\"twitter:data1\" content=\"Beno\u00eet Guillon\" \/>\n<script type=\"application\/ld+json\" class=\"yoast-schema-graph\">{\"@context\":\"https:\\\/\\\/schema.org\",\"@graph\":[{\"@type\":\"Article\",\"@id\":\"https:\\\/\\\/www.meslibellules.fr\\\/blog\\\/2021\\\/02\\\/28\\\/erythromma-viridulum-accouplement-video\\\/#article\",\"isPartOf\":{\"@id\":\"https:\\\/\\\/www.meslibellules.fr\\\/blog\\\/2021\\\/02\\\/28\\\/erythromma-viridulum-accouplement-video\\\/\"},\"author\":{\"name\":\"Beno\u00eet Guillon\",\"@id\":\"https:\\\/\\\/www.meslibellules.fr\\\/blog\\\/#\\\/schema\\\/person\\\/9aa3586f9dd053fcf329f43b8b053c77\"},\"headline\":\"Erythromma viridulum : accouplement vid\u00e9o\",\"datePublished\":\"2021-02-28T19:20:58+00:00\",\"dateModified\":\"2021-02-28T19:20:59+00:00\",\"mainEntityOfPage\":{\"@id\":\"https:\\\/\\\/www.meslibellules.fr\\\/blog\\\/2021\\\/02\\\/28\\\/erythromma-viridulum-accouplement-video\\\/\"},\"wordCount\":91,\"commentCount\":0,\"publisher\":{\"@id\":\"https:\\\/\\\/www.meslibellules.fr\\\/blog\\\/#\\\/schema\\\/person\\\/9aa3586f9dd053fcf329f43b8b053c77\"},\"image\":{\"@id\":\"https:\\\/\\\/www.meslibellules.fr\\\/blog\\\/2021\\\/02\\\/28\\\/erythromma-viridulum-accouplement-video\\\/#primaryimage\"},\"thumbnailUrl\":\"http:\\\/\\\/www.meslibellules.fr\\\/blog\\\/wp-content\\\/uploads\\\/2019\\\/05\\\/retour-1.gif\",\"keywords\":[\"ERythromma viridulum\",\"Vid\u00e9o\"],\"articleSection\":[\"Coenagrionidae\",\"Erythromma viridulum\",\"France\",\"Vid\u00e9os\"],\"inLanguage\":\"fr-FR\",\"potentialAction\":[{\"@type\":\"CommentAction\",\"name\":\"Comment\",\"target\":[\"https:\\\/\\\/www.meslibellules.fr\\\/blog\\\/2021\\\/02\\\/28\\\/erythromma-viridulum-accouplement-video\\\/#respond\"]}]},{\"@type\":\"WebPage\",\"@id\":\"https:\\\/\\\/www.meslibellules.fr\\\/blog\\\/2021\\\/02\\\/28\\\/erythromma-viridulum-accouplement-video\\\/\",\"url\":\"https:\\\/\\\/www.meslibellules.fr\\\/blog\\\/2021\\\/02\\\/28\\\/erythromma-viridulum-accouplement-video\\\/\",\"name\":\"Erythromma viridulum : accouplement vid\u00e9o - Mes Libellules\",\"isPartOf\":{\"@id\":\"https:\\\/\\\/www.meslibellules.fr\\\/blog\\\/#website\"},\"primaryImageOfPage\":{\"@id\":\"https:\\\/\\\/www.meslibellules.fr\\\/blog\\\/2021\\\/02\\\/28\\\/erythromma-viridulum-accouplement-video\\\/#primaryimage\"},\"image\":{\"@id\":\"https:\\\/\\\/www.meslibellules.fr\\\/blog\\\/2021\\\/02\\\/28\\\/erythromma-viridulum-accouplement-video\\\/#primaryimage\"},\"thumbnailUrl\":\"http:\\\/\\\/www.meslibellules.fr\\\/blog\\\/wp-content\\\/uploads\\\/2019\\\/05\\\/retour-1.gif\",\"datePublished\":\"2021-02-28T19:20:58+00:00\",\"dateModified\":\"2021-02-28T19:20:59+00:00\",\"breadcrumb\":{\"@id\":\"https:\\\/\\\/www.meslibellules.fr\\\/blog\\\/2021\\\/02\\\/28\\\/erythromma-viridulum-accouplement-video\\\/#breadcrumb\"},\"inLanguage\":\"fr-FR\",\"potentialAction\":[{\"@type\":\"ReadAction\",\"target\":[\"https:\\\/\\\/www.meslibellules.fr\\\/blog\\\/2021\\\/02\\\/28\\\/erythromma-viridulum-accouplement-video\\\/\"]}]},{\"@type\":\"ImageObject\",\"inLanguage\":\"fr-FR\",\"@id\":\"https:\\\/\\\/www.meslibellules.fr\\\/blog\\\/2021\\\/02\\\/28\\\/erythromma-viridulum-accouplement-video\\\/#primaryimage\",\"url\":\"http:\\\/\\\/www.meslibellules.fr\\\/blog\\\/wp-content\\\/uploads\\\/2019\\\/05\\\/retour-1.gif\",\"contentUrl\":\"http:\\\/\\\/www.meslibellules.fr\\\/blog\\\/wp-content\\\/uploads\\\/2019\\\/05\\\/retour-1.gif\"},{\"@type\":\"BreadcrumbList\",\"@id\":\"https:\\\/\\\/www.meslibellules.fr\\\/blog\\\/2021\\\/02\\\/28\\\/erythromma-viridulum-accouplement-video\\\/#breadcrumb\",\"itemListElement\":[{\"@type\":\"ListItem\",\"position\":1,\"name\":\"Accueil\",\"item\":\"https:\\\/\\\/www.meslibellules.fr\\\/blog\\\/\"},{\"@type\":\"ListItem\",\"position\":2,\"name\":\"Erythromma viridulum : accouplement vid\u00e9o\"}]},{\"@type\":\"WebSite\",\"@id\":\"https:\\\/\\\/www.meslibellules.fr\\\/blog\\\/#website\",\"url\":\"https:\\\/\\\/www.meslibellules.fr\\\/blog\\\/\",\"name\":\"Mes Libellules\",\"description\":\"Pr\u00e9sentation des libellules rencontr\u00e9es dans le monde\",\"publisher\":{\"@id\":\"https:\\\/\\\/www.meslibellules.fr\\\/blog\\\/#\\\/schema\\\/person\\\/9aa3586f9dd053fcf329f43b8b053c77\"},\"potentialAction\":[{\"@type\":\"SearchAction\",\"target\":{\"@type\":\"EntryPoint\",\"urlTemplate\":\"https:\\\/\\\/www.meslibellules.fr\\\/blog\\\/?s={search_term_string}\"},\"query-input\":{\"@type\":\"PropertyValueSpecification\",\"valueRequired\":true,\"valueName\":\"search_term_string\"}}],\"inLanguage\":\"fr-FR\"},{\"@type\":[\"Person\",\"Organization\"],\"@id\":\"https:\\\/\\\/www.meslibellules.fr\\\/blog\\\/#\\\/schema\\\/person\\\/9aa3586f9dd053fcf329f43b8b053c77\",\"name\":\"Beno\u00eet Guillon\",\"image\":{\"@type\":\"ImageObject\",\"inLanguage\":\"fr-FR\",\"@id\":\"https:\\\/\\\/www.meslibellules.fr\\\/blog\\\/wp-content\\\/uploads\\\/cropped-avatar-150-pix.jpg\",\"url\":\"https:\\\/\\\/www.meslibellules.fr\\\/blog\\\/wp-content\\\/uploads\\\/cropped-avatar-150-pix.jpg\",\"contentUrl\":\"https:\\\/\\\/www.meslibellules.fr\\\/blog\\\/wp-content\\\/uploads\\\/cropped-avatar-150-pix.jpg\",\"width\":150,\"height\":137,\"caption\":\"Beno\u00eet Guillon\"},\"logo\":{\"@id\":\"https:\\\/\\\/www.meslibellules.fr\\\/blog\\\/wp-content\\\/uploads\\\/cropped-avatar-150-pix.jpg\"},\"sameAs\":[\"https:\\\/\\\/www.facebook.com\\\/benoit.guillon.96\\\/\"]}]}<\/script>\n<!-- \/ Yoast SEO plugin. -->","yoast_head_json":{"title":"Erythromma viridulum : accouplement vid\u00e9o - Mes Libellules","robots":{"index":"index","follow":"follow","max-snippet":"max-snippet:-1","max-image-preview":"max-image-preview:large","max-video-preview":"max-video-preview:-1"},"canonical":"https:\/\/www.meslibellules.fr\/blog\/2021\/02\/28\/erythromma-viridulum-accouplement-video\/","og_locale":"fr_FR","og_type":"article","og_title":"Erythromma viridulum : accouplement vid\u00e9o - Mes Libellules","og_description":"Je n&rsquo;ai&nbsp;pas eu souvent l&rsquo;occasion d&rsquo;observer des accouplements d&rsquo;Erythromma viridulum. Mais cet apr\u00e8s-midi du 15 ao\u00fbt 2013 sur l&rsquo;\u00e9tang de Chevign\u00e9, ce couple s&rsquo;est laiss\u00e9 photographier et filmer sans difficult\u00e9. Il est \u00e9tonnant de voir, ou plut\u00f4t ici d&rsquo;apercevoir&#8230; comme les Ischnura elegans sont agressifs, m\u00eame parfois avec des esp\u00e8ces beaucoup plus robustes, voire avec [&hellip;]","og_url":"https:\/\/www.meslibellules.fr\/blog\/2021\/02\/28\/erythromma-viridulum-accouplement-video\/","og_site_name":"Mes Libellules","article_publisher":"https:\/\/www.facebook.com\/benoit.guillon.96\/","article_author":"https:\/\/www.facebook.com\/benoit.guillon.96\/","article_published_time":"2021-02-28T19:20:58+00:00","article_modified_time":"2021-02-28T19:20:59+00:00","og_image":[{"url":"http:\/\/www.meslibellules.fr\/blog\/wp-content\/uploads\/2019\/05\/retour-1.gif","type":"","width":"","height":""}],"author":"Beno\u00eet Guillon","twitter_card":"summary_large_image","twitter_misc":{"\u00c9crit par":"Beno\u00eet Guillon"},"schema":{"@context":"https:\/\/schema.org","@graph":[{"@type":"Article","@id":"https:\/\/www.meslibellules.fr\/blog\/2021\/02\/28\/erythromma-viridulum-accouplement-video\/#article","isPartOf":{"@id":"https:\/\/www.meslibellules.fr\/blog\/2021\/02\/28\/erythromma-viridulum-accouplement-video\/"},"author":{"name":"Beno\u00eet Guillon","@id":"https:\/\/www.meslibellules.fr\/blog\/#\/schema\/person\/9aa3586f9dd053fcf329f43b8b053c77"},"headline":"Erythromma viridulum : accouplement vid\u00e9o","datePublished":"2021-02-28T19:20:58+00:00","dateModified":"2021-02-28T19:20:59+00:00","mainEntityOfPage":{"@id":"https:\/\/www.meslibellules.fr\/blog\/2021\/02\/28\/erythromma-viridulum-accouplement-video\/"},"wordCount":91,"commentCount":0,"publisher":{"@id":"https:\/\/www.meslibellules.fr\/blog\/#\/schema\/person\/9aa3586f9dd053fcf329f43b8b053c77"},"image":{"@id":"https:\/\/www.meslibellules.fr\/blog\/2021\/02\/28\/erythromma-viridulum-accouplement-video\/#primaryimage"},"thumbnailUrl":"http:\/\/www.meslibellules.fr\/blog\/wp-content\/uploads\/2019\/05\/retour-1.gif","keywords":["ERythromma viridulum","Vid\u00e9o"],"articleSection":["Coenagrionidae","Erythromma viridulum","France","Vid\u00e9os"],"inLanguage":"fr-FR","potentialAction":[{"@type":"CommentAction","name":"Comment","target":["https:\/\/www.meslibellules.fr\/blog\/2021\/02\/28\/erythromma-viridulum-accouplement-video\/#respond"]}]},{"@type":"WebPage","@id":"https:\/\/www.meslibellules.fr\/blog\/2021\/02\/28\/erythromma-viridulum-accouplement-video\/","url":"https:\/\/www.meslibellules.fr\/blog\/2021\/02\/28\/erythromma-viridulum-accouplement-video\/","name":"Erythromma viridulum : accouplement vid\u00e9o - Mes Libellules","isPartOf":{"@id":"https:\/\/www.meslibellules.fr\/blog\/#website"},"primaryImageOfPage":{"@id":"https:\/\/www.meslibellules.fr\/blog\/2021\/02\/28\/erythromma-viridulum-accouplement-video\/#primaryimage"},"image":{"@id":"https:\/\/www.meslibellules.fr\/blog\/2021\/02\/28\/erythromma-viridulum-accouplement-video\/#primaryimage"},"thumbnailUrl":"http:\/\/www.meslibellules.fr\/blog\/wp-content\/uploads\/2019\/05\/retour-1.gif","datePublished":"2021-02-28T19:20:58+00:00","dateModified":"2021-02-28T19:20:59+00:00","breadcrumb":{"@id":"https:\/\/www.meslibellules.fr\/blog\/2021\/02\/28\/erythromma-viridulum-accouplement-video\/#breadcrumb"},"inLanguage":"fr-FR","potentialAction":[{"@type":"ReadAction","target":["https:\/\/www.meslibellules.fr\/blog\/2021\/02\/28\/erythromma-viridulum-accouplement-video\/"]}]},{"@type":"ImageObject","inLanguage":"fr-FR","@id":"https:\/\/www.meslibellules.fr\/blog\/2021\/02\/28\/erythromma-viridulum-accouplement-video\/#primaryimage","url":"http:\/\/www.meslibellules.fr\/blog\/wp-content\/uploads\/2019\/05\/retour-1.gif","contentUrl":"http:\/\/www.meslibellules.fr\/blog\/wp-content\/uploads\/2019\/05\/retour-1.gif"},{"@type":"BreadcrumbList","@id":"https:\/\/www.meslibellules.fr\/blog\/2021\/02\/28\/erythromma-viridulum-accouplement-video\/#breadcrumb","itemListElement":[{"@type":"ListItem","position":1,"name":"Accueil","item":"https:\/\/www.meslibellules.fr\/blog\/"},{"@type":"ListItem","position":2,"name":"Erythromma viridulum : accouplement vid\u00e9o"}]},{"@type":"WebSite","@id":"https:\/\/www.meslibellules.fr\/blog\/#website","url":"https:\/\/www.meslibellules.fr\/blog\/","name":"Mes Libellules","description":"Pr\u00e9sentation des libellules rencontr\u00e9es dans le monde","publisher":{"@id":"https:\/\/www.meslibellules.fr\/blog\/#\/schema\/person\/9aa3586f9dd053fcf329f43b8b053c77"},"potentialAction":[{"@type":"SearchAction","target":{"@type":"EntryPoint","urlTemplate":"https:\/\/www.meslibellules.fr\/blog\/?s={search_term_string}"},"query-input":{"@type":"PropertyValueSpecification","valueRequired":true,"valueName":"search_term_string"}}],"inLanguage":"fr-FR"},{"@type":["Person","Organization"],"@id":"https:\/\/www.meslibellules.fr\/blog\/#\/schema\/person\/9aa3586f9dd053fcf329f43b8b053c77","name":"Beno\u00eet Guillon","image":{"@type":"ImageObject","inLanguage":"fr-FR","@id":"https:\/\/www.meslibellules.fr\/blog\/wp-content\/uploads\/cropped-avatar-150-pix.jpg","url":"https:\/\/www.meslibellules.fr\/blog\/wp-content\/uploads\/cropped-avatar-150-pix.jpg","contentUrl":"https:\/\/www.meslibellules.fr\/blog\/wp-content\/uploads\/cropped-avatar-150-pix.jpg","width":150,"height":137,"caption":"Beno\u00eet Guillon"},"logo":{"@id":"https:\/\/www.meslibellules.fr\/blog\/wp-content\/uploads\/cropped-avatar-150-pix.jpg"},"sameAs":["https:\/\/www.facebook.com\/benoit.guillon.96\/"]}]}},"_links":{"self":[{"href":"https:\/\/www.meslibellules.fr\/blog\/wp-json\/wp\/v2\/posts\/8181","targetHints":{"allow":["GET"]}}],"collection":[{"href":"https:\/\/www.meslibellules.fr\/blog\/wp-json\/wp\/v2\/posts"}],"about":[{"href":"https:\/\/www.meslibellules.fr\/blog\/wp-json\/wp\/v2\/types\/post"}],"author":[{"embeddable":true,"href":"https:\/\/www.meslibellules.fr\/blog\/wp-json\/wp\/v2\/users\/1"}],"replies":[{"embeddable":true,"href":"https:\/\/www.meslibellules.fr\/blog\/wp-json\/wp\/v2\/comments?post=8181"}],"version-history":[{"count":0,"href":"https:\/\/www.meslibellules.fr\/blog\/wp-json\/wp\/v2\/posts\/8181\/revisions"}],"wp:attachment":[{"href":"https:\/\/www.meslibellules.fr\/blog\/wp-json\/wp\/v2\/media?parent=8181"}],"wp:term":[{"taxonomy":"category","embeddable":true,"href":"https:\/\/www.meslibellules.fr\/blog\/wp-json\/wp\/v2\/categories?post=8181"},{"taxonomy":"post_tag","embeddable":true,"href":"https:\/\/www.meslibellules.fr\/blog\/wp-json\/wp\/v2\/tags?post=8181"}],"curies":[{"name":"wp","href":"https:\/\/api.w.org\/{rel}","templated":true}]}}