{"id":8362,"date":"2021-03-14T19:50:39","date_gmt":"2021-03-14T18:50:39","guid":{"rendered":"http:\/\/www.meslibellules.fr\/blog\/?p=8362"},"modified":"2023-02-26T09:41:28","modified_gmt":"2023-02-26T08:41:28","slug":"aeshna-cyanea-galerie","status":"publish","type":"post","link":"https:\/\/www.meslibellules.fr\/blog\/2021\/03\/14\/aeshna-cyanea-galerie\/","title":{"rendered":"Aeshna cyanea : Galerie"},"content":{"rendered":"\n<figure class=\"wp-block-image aligncenter size-large is-resized\"><a href=\"https:\/\/www.meslibellules.fr\/blog\/wp-content\/uploads\/aeshna-cyanea-exuvie-g1.jpg\"><img decoding=\"async\" data-src=\"https:\/\/www.meslibellules.fr\/blog\/wp-content\/uploads\/aeshna-cyanea-exuvie-g1.jpg\" alt=\"Aeshna cyanea, exuvie, Beaupr\u00e9au en Mauges (France-49), 10\/08\/2008\" class=\"wp-image-8361 lazyload\" width=\"615\" data-srcset=\"https:\/\/www.meslibellules.fr\/blog\/wp-content\/uploads\/\/aeshna-cyanea-exuvie-g1.jpg 1300w, https:\/\/www.meslibellules.fr\/blog\/wp-content\/uploads\/\/aeshna-cyanea-exuvie-g1-768x593.jpg 768w, https:\/\/www.meslibellules.fr\/blog\/wp-content\/uploads\/\/aeshna-cyanea-exuvie-g1-1200x927.jpg 1200w\" data-sizes=\"(max-width: 1300px) 100vw, 1300px\" src=\"data:image\/svg+xml;base64,PHN2ZyB3aWR0aD0iMSIgaGVpZ2h0PSIxIiB4bWxucz0iaHR0cDovL3d3dy53My5vcmcvMjAwMC9zdmciPjwvc3ZnPg==\" style=\"--smush-placeholder-width: 1300px; --smush-placeholder-aspect-ratio: 1300\/1004;\" \/><\/a><figcaption class=\"wp-element-caption\">Aeshna cyanea, exuvie, Beaupr\u00e9au en Mauges (France-49), 10\/08\/2008<\/figcaption><\/figure>\n\n\n\n<figure class=\"wp-block-image size-full is-resized\"><a href=\"https:\/\/www.meslibellules.fr\/blog\/wp-content\/uploads\/aeshna-cyanea-femelle-ovipisiteur-g7.jpg\"><img decoding=\"async\" data-src=\"https:\/\/www.meslibellules.fr\/blog\/wp-content\/uploads\/aeshna-cyanea-femelle-ovipisiteur-g7.jpg\" alt=\"Aeshna cyanea femelle, ovipositeur, le Fuilet (France-49), 11\/11\/2011\" class=\"wp-image-10440 lazyload\" width=\"615\" data-srcset=\"https:\/\/www.meslibellules.fr\/blog\/wp-content\/uploads\/aeshna-cyanea-femelle-ovipisiteur-g7.jpg 1032w, https:\/\/www.meslibellules.fr\/blog\/wp-content\/uploads\/aeshna-cyanea-femelle-ovipisiteur-g7-768x658.jpg 768w\" data-sizes=\"(max-width: 1032px) 100vw, 1032px\" src=\"data:image\/svg+xml;base64,PHN2ZyB3aWR0aD0iMSIgaGVpZ2h0PSIxIiB4bWxucz0iaHR0cDovL3d3dy53My5vcmcvMjAwMC9zdmciPjwvc3ZnPg==\" style=\"--smush-placeholder-width: 1032px; --smush-placeholder-aspect-ratio: 1032\/884;\" \/><\/a><figcaption class=\"wp-element-caption\">Aeshna cyanea femelle, ovipositeur, le Fuilet (France-49), 11\/11\/2011<\/figcaption><\/figure>\n\n\n\n<figure class=\"wp-block-image aligncenter size-large is-resized\"><a href=\"https:\/\/www.meslibellules.fr\/blog\/wp-content\/uploads\/aeshna-cyanea-femelle-emergente-g2.jpg\"><img decoding=\"async\" data-src=\"https:\/\/www.meslibellules.fr\/blog\/wp-content\/uploads\/aeshna-cyanea-femelle-emergente-g2.jpg\" alt=\"Aeshna cyanea femelle \u00e9mergente, Beaupr\u00e9au en Mauges (France-49), 22\/08\/2008\" class=\"wp-image-8364 lazyload\" width=\"615\" data-srcset=\"https:\/\/www.meslibellules.fr\/blog\/wp-content\/uploads\/\/aeshna-cyanea-femelle-emergente-g2.jpg 1553w, https:\/\/www.meslibellules.fr\/blog\/wp-content\/uploads\/\/aeshna-cyanea-femelle-emergente-g2-768x456.jpg 768w, https:\/\/www.meslibellules.fr\/blog\/wp-content\/uploads\/\/aeshna-cyanea-femelle-emergente-g2-1536x912.jpg 1536w, https:\/\/www.meslibellules.fr\/blog\/wp-content\/uploads\/\/aeshna-cyanea-femelle-emergente-g2-1200x712.jpg 1200w\" data-sizes=\"(max-width: 1553px) 100vw, 1553px\" src=\"data:image\/svg+xml;base64,PHN2ZyB3aWR0aD0iMSIgaGVpZ2h0PSIxIiB4bWxucz0iaHR0cDovL3d3dy53My5vcmcvMjAwMC9zdmciPjwvc3ZnPg==\" style=\"--smush-placeholder-width: 1553px; --smush-placeholder-aspect-ratio: 1553\/922;\" \/><\/a><figcaption class=\"wp-element-caption\">Aeshna cyanea femelle \u00e9mergente, Beaupr\u00e9au en Mauges (France-49), 22\/08\/2008<\/figcaption><\/figure>\n\n\n\n<figure class=\"wp-block-image aligncenter size-large is-resized\"><a href=\"https:\/\/www.meslibellules.fr\/blog\/wp-content\/uploads\/aeshna-cyanea-femelle-emergente-g3.jpg\"><img decoding=\"async\" data-src=\"https:\/\/www.meslibellules.fr\/blog\/wp-content\/uploads\/aeshna-cyanea-femelle-emergente-g3.jpg\" alt=\"Aeshna cyanea femelle \u00e9mergente, Beaupr\u00e9au en Mauges (France-49), 22\/08\/2008\" class=\"wp-image-8365 lazyload\" width=\"615\" data-srcset=\"https:\/\/www.meslibellules.fr\/blog\/wp-content\/uploads\/\/aeshna-cyanea-femelle-emergente-g3.jpg 1461w, https:\/\/www.meslibellules.fr\/blog\/wp-content\/uploads\/\/aeshna-cyanea-femelle-emergente-g3-768x633.jpg 768w, https:\/\/www.meslibellules.fr\/blog\/wp-content\/uploads\/\/aeshna-cyanea-femelle-emergente-g3-1200x989.jpg 1200w\" data-sizes=\"(max-width: 1461px) 100vw, 1461px\" src=\"data:image\/svg+xml;base64,PHN2ZyB3aWR0aD0iMSIgaGVpZ2h0PSIxIiB4bWxucz0iaHR0cDovL3d3dy53My5vcmcvMjAwMC9zdmciPjwvc3ZnPg==\" style=\"--smush-placeholder-width: 1461px; --smush-placeholder-aspect-ratio: 1461\/1204;\" \/><\/a><figcaption class=\"wp-element-caption\">Aeshna cyanea femelle \u00e9mergente, Beaupr\u00e9au en Mauges (France-49), 22\/08\/2008<\/figcaption><\/figure>\n\n\n\n<figure class=\"wp-block-image size-full is-resized\"><a href=\"https:\/\/www.meslibellules.fr\/blog\/wp-content\/uploads\/aeshna-cyanea-femelle-ovipisiteur-g5.jpg\"><img decoding=\"async\" data-src=\"https:\/\/www.meslibellules.fr\/blog\/wp-content\/uploads\/aeshna-cyanea-femelle-ovipisiteur-g5.jpg\" alt=\"Aeshna cyanea femelle, ovipositeur, Beaupr\u00e9au(France-49), 17\/08\/2007\" class=\"wp-image-10438 lazyload\" width=\"615\" data-srcset=\"https:\/\/www.meslibellules.fr\/blog\/wp-content\/uploads\/aeshna-cyanea-femelle-ovipisiteur-g5.jpg 1908w, https:\/\/www.meslibellules.fr\/blog\/wp-content\/uploads\/aeshna-cyanea-femelle-ovipisiteur-g5-768x356.jpg 768w, https:\/\/www.meslibellules.fr\/blog\/wp-content\/uploads\/aeshna-cyanea-femelle-ovipisiteur-g5-1536x712.jpg 1536w, https:\/\/www.meslibellules.fr\/blog\/wp-content\/uploads\/aeshna-cyanea-femelle-ovipisiteur-g5-1200x556.jpg 1200w\" data-sizes=\"(max-width: 1908px) 100vw, 1908px\" src=\"data:image\/svg+xml;base64,PHN2ZyB3aWR0aD0iMSIgaGVpZ2h0PSIxIiB4bWxucz0iaHR0cDovL3d3dy53My5vcmcvMjAwMC9zdmciPjwvc3ZnPg==\" style=\"--smush-placeholder-width: 1908px; --smush-placeholder-aspect-ratio: 1908\/884;\" \/><\/a><figcaption class=\"wp-element-caption\">Aeshna cyanea femelle, ovipositeur, Beaupr\u00e9au(France-49), 17\/08\/2007<\/figcaption><\/figure>\n\n\n\n<figure class=\"wp-block-image aligncenter size-large is-resized\"><a href=\"https:\/\/www.meslibellules.fr\/blog\/wp-content\/uploads\/aeshna-cyanea-male-immature-g4.jpg\"><img decoding=\"async\" data-src=\"https:\/\/www.meslibellules.fr\/blog\/wp-content\/uploads\/aeshna-cyanea-male-immature-g4.jpg\" alt=\"Aeshna cyanea m\u00e2le immature, Le Fuilet (France-49), 01\/07\/2012\" class=\"wp-image-8366 lazyload\" width=\"615\" data-srcset=\"https:\/\/www.meslibellules.fr\/blog\/wp-content\/uploads\/\/aeshna-cyanea-male-immature-g4.jpg 1133w, https:\/\/www.meslibellules.fr\/blog\/wp-content\/uploads\/\/aeshna-cyanea-male-immature-g4-768x714.jpg 768w\" data-sizes=\"(max-width: 1133px) 100vw, 1133px\" src=\"data:image\/svg+xml;base64,PHN2ZyB3aWR0aD0iMSIgaGVpZ2h0PSIxIiB4bWxucz0iaHR0cDovL3d3dy53My5vcmcvMjAwMC9zdmciPjwvc3ZnPg==\" style=\"--smush-placeholder-width: 1133px; --smush-placeholder-aspect-ratio: 1133\/1053;\" \/><\/a><figcaption class=\"wp-element-caption\">Aeshna cyanea m\u00e2le immature, Le Fuilet (France-49), 01\/07\/2012<\/figcaption><\/figure>\n\n\n\n<figure class=\"wp-block-image size-full is-resized\"><a href=\"https:\/\/www.meslibellules.fr\/blog\/wp-content\/uploads\/aeshna-cyanea-femelle-g8.webp\"><img decoding=\"async\" data-src=\"https:\/\/www.meslibellules.fr\/blog\/wp-content\/uploads\/aeshna-cyanea-femelle-g8.webp\" alt=\"Aeshna cyanea femelle, le Fuilet (France-49), 01\/07\/2012\" class=\"wp-image-10435 lazyload\" width=\"615\" data-srcset=\"https:\/\/www.meslibellules.fr\/blog\/wp-content\/uploads\/aeshna-cyanea-femelle-g8.webp 1352w, https:\/\/www.meslibellules.fr\/blog\/wp-content\/uploads\/aeshna-cyanea-femelle-g8-768x684.webp 768w, https:\/\/www.meslibellules.fr\/blog\/wp-content\/uploads\/aeshna-cyanea-femelle-g8-1200x1069.webp 1200w\" data-sizes=\"(max-width: 1352px) 100vw, 1352px\" src=\"data:image\/svg+xml;base64,PHN2ZyB3aWR0aD0iMSIgaGVpZ2h0PSIxIiB4bWxucz0iaHR0cDovL3d3dy53My5vcmcvMjAwMC9zdmciPjwvc3ZnPg==\" style=\"--smush-placeholder-width: 1352px; --smush-placeholder-aspect-ratio: 1352\/1204;\" \/><\/a><figcaption class=\"wp-element-caption\">Aeshna cyanea femelle, le Fuilet (France-49), 01\/07\/2012<\/figcaption><\/figure>\n\n\n\n<figure class=\"wp-block-image size-full is-resized\"><a href=\"https:\/\/www.meslibellules.fr\/blog\/wp-content\/uploads\/aeshna-cyanea-femelle-ovipisiteur-g6.jpg\"><img decoding=\"async\" data-src=\"https:\/\/www.meslibellules.fr\/blog\/wp-content\/uploads\/aeshna-cyanea-femelle-ovipisiteur-g6.jpg\" alt=\"Aeshna cyanea femelle, ovipositeur, le Fuilet (France-49), 01\/07\/2012\" class=\"wp-image-10439 lazyload\" width=\"615\" data-srcset=\"https:\/\/www.meslibellules.fr\/blog\/wp-content\/uploads\/aeshna-cyanea-femelle-ovipisiteur-g6.jpg 1528w, https:\/\/www.meslibellules.fr\/blog\/wp-content\/uploads\/aeshna-cyanea-femelle-ovipisiteur-g6-768x322.jpg 768w, https:\/\/www.meslibellules.fr\/blog\/wp-content\/uploads\/aeshna-cyanea-femelle-ovipisiteur-g6-1200x503.jpg 1200w\" data-sizes=\"(max-width: 1528px) 100vw, 1528px\" src=\"data:image\/svg+xml;base64,PHN2ZyB3aWR0aD0iMSIgaGVpZ2h0PSIxIiB4bWxucz0iaHR0cDovL3d3dy53My5vcmcvMjAwMC9zdmciPjwvc3ZnPg==\" style=\"--smush-placeholder-width: 1528px; --smush-placeholder-aspect-ratio: 1528\/640;\" \/><\/a><figcaption class=\"wp-element-caption\">Aeshna cyanea femelle, ovipositeur, le Fuilet (France-49), 01\/07\/2012<\/figcaption><\/figure>\n\n\n\n\n\n<figure class=\"wp-block-image size-large\"><a href=\"http:\/\/www.meslibellules.fr\/pagesweb\/aeshnidae\/Aeshna\/aeshnacyanea\/aeshna-cyanea-accueil.php\"><img decoding=\"async\" width=\"115\" height=\"20\" data-src=\"https:\/\/www.meslibellules.fr\/blog\/wp-content\/uploads\/115-retour.gif\" alt=\"\" class=\"wp-image-7871 lazyload\" src=\"data:image\/svg+xml;base64,PHN2ZyB3aWR0aD0iMSIgaGVpZ2h0PSIxIiB4bWxucz0iaHR0cDovL3d3dy53My5vcmcvMjAwMC9zdmciPjwvc3ZnPg==\" style=\"--smush-placeholder-width: 115px; --smush-placeholder-aspect-ratio: 115\/20;\" \/><\/a><\/figure>\n","protected":false},"excerpt":{"rendered":"","protected":false},"author":1,"featured_media":0,"comment_status":"open","ping_status":"open","sticky":false,"template":"","format":"image","meta":{"site-sidebar-layout":"default","site-content-layout":"","ast-site-content-layout":"default","site-content-style":"default","site-sidebar-style":"default","ast-global-header-display":"","ast-banner-title-visibility":"","ast-main-header-display":"","ast-hfb-above-header-display":"","ast-hfb-below-header-display":"","ast-hfb-mobile-header-display":"","site-post-title":"","ast-breadcrumbs-content":"","ast-featured-img":"","footer-sml-layout":"","ast-disable-related-posts":"","theme-transparent-header-meta":"","adv-header-id-meta":"","stick-header-meta":"","header-above-stick-meta":"","header-main-stick-meta":"","header-below-stick-meta":"","astra-migrate-meta-layouts":"default","ast-page-background-enabled":"default","ast-page-background-meta":{"desktop":{"background-color":"var(--ast-global-color-4)","background-image":"","background-repeat":"repeat","background-position":"center center","background-size":"auto","background-attachment":"scroll","background-type":"","background-media":"","overlay-type":"","overlay-color":"","overlay-opacity":"","overlay-gradient":""},"tablet":{"background-color":"","background-image":"","background-repeat":"repeat","background-position":"center center","background-size":"auto","background-attachment":"scroll","background-type":"","background-media":"","overlay-type":"","overlay-color":"","overlay-opacity":"","overlay-gradient":""},"mobile":{"background-color":"","background-image":"","background-repeat":"repeat","background-position":"center center","background-size":"auto","background-attachment":"scroll","background-type":"","background-media":"","overlay-type":"","overlay-color":"","overlay-opacity":"","overlay-gradient":""}},"ast-content-background-meta":{"desktop":{"background-color":"var(--ast-global-color-5)","background-image":"","background-repeat":"repeat","background-position":"center center","background-size":"auto","background-attachment":"scroll","background-type":"","background-media":"","overlay-type":"","overlay-color":"","overlay-opacity":"","overlay-gradient":""},"tablet":{"background-color":"var(--ast-global-color-5)","background-image":"","background-repeat":"repeat","background-position":"center center","background-size":"auto","background-attachment":"scroll","background-type":"","background-media":"","overlay-type":"","overlay-color":"","overlay-opacity":"","overlay-gradient":""},"mobile":{"background-color":"var(--ast-global-color-5)","background-image":"","background-repeat":"repeat","background-position":"center center","background-size":"auto","background-attachment":"scroll","background-type":"","background-media":"","overlay-type":"","overlay-color":"","overlay-opacity":"","overlay-gradient":""}},"footnotes":""},"categories":[532,118,55],"tags":[534,533,345],"class_list":["post-8362","post","type-post","status-publish","format-image","hentry","category-aeshna-cyanea","category-aeshnidae-france","category-france","tag-aeshna-cyanea","tag-exuvie","tag-galerie","post_format-post-format-image"],"yoast_head":"<!-- This site is optimized with the Yoast SEO plugin v27.5 - https:\/\/yoast.com\/product\/yoast-seo-wordpress\/ -->\n<title>Aeshna cyanea : Galerie - Mes Libellules<\/title>\n<meta name=\"robots\" content=\"index, follow, max-snippet:-1, max-image-preview:large, max-video-preview:-1\" \/>\n<link rel=\"canonical\" href=\"https:\/\/www.meslibellules.fr\/blog\/2021\/03\/14\/aeshna-cyanea-galerie\/\" \/>\n<meta property=\"og:locale\" content=\"fr_FR\" \/>\n<meta property=\"og:type\" content=\"article\" \/>\n<meta property=\"og:title\" content=\"Aeshna cyanea : Galerie - Mes Libellules\" \/>\n<meta property=\"og:url\" content=\"https:\/\/www.meslibellules.fr\/blog\/2021\/03\/14\/aeshna-cyanea-galerie\/\" \/>\n<meta property=\"og:site_name\" content=\"Mes Libellules\" \/>\n<meta property=\"article:publisher\" content=\"https:\/\/www.facebook.com\/benoit.guillon.96\/\" \/>\n<meta property=\"article:author\" content=\"https:\/\/www.facebook.com\/benoit.guillon.96\/\" \/>\n<meta property=\"article:published_time\" content=\"2021-03-14T18:50:39+00:00\" \/>\n<meta property=\"article:modified_time\" content=\"2023-02-26T08:41:28+00:00\" \/>\n<meta property=\"og:image\" content=\"http:\/\/www.meslibellules.fr\/blog\/wp-content\/uploads\/aeshna-cyanea-exuvie-g1.jpg\" \/>\n<meta name=\"author\" content=\"Beno\u00eet Guillon\" \/>\n<meta name=\"twitter:card\" content=\"summary_large_image\" \/>\n<meta name=\"twitter:label1\" content=\"\u00c9crit par\" \/>\n\t<meta name=\"twitter:data1\" content=\"Beno\u00eet Guillon\" \/>\n\t<meta name=\"twitter:label2\" content=\"Dur\u00e9e de lecture estim\u00e9e\" \/>\n\t<meta name=\"twitter:data2\" content=\"3 minutes\" \/>\n<script type=\"application\/ld+json\" class=\"yoast-schema-graph\">{\"@context\":\"https:\\\/\\\/schema.org\",\"@graph\":[{\"@type\":\"Article\",\"@id\":\"https:\\\/\\\/www.meslibellules.fr\\\/blog\\\/2021\\\/03\\\/14\\\/aeshna-cyanea-galerie\\\/#article\",\"isPartOf\":{\"@id\":\"https:\\\/\\\/www.meslibellules.fr\\\/blog\\\/2021\\\/03\\\/14\\\/aeshna-cyanea-galerie\\\/\"},\"author\":{\"name\":\"Beno\u00eet Guillon\",\"@id\":\"https:\\\/\\\/www.meslibellules.fr\\\/blog\\\/#\\\/schema\\\/person\\\/9aa3586f9dd053fcf329f43b8b053c77\"},\"headline\":\"Aeshna cyanea : Galerie\",\"datePublished\":\"2021-03-14T18:50:39+00:00\",\"dateModified\":\"2023-02-26T08:41:28+00:00\",\"mainEntityOfPage\":{\"@id\":\"https:\\\/\\\/www.meslibellules.fr\\\/blog\\\/2021\\\/03\\\/14\\\/aeshna-cyanea-galerie\\\/\"},\"wordCount\":64,\"commentCount\":0,\"publisher\":{\"@id\":\"https:\\\/\\\/www.meslibellules.fr\\\/blog\\\/#\\\/schema\\\/person\\\/9aa3586f9dd053fcf329f43b8b053c77\"},\"image\":{\"@id\":\"https:\\\/\\\/www.meslibellules.fr\\\/blog\\\/2021\\\/03\\\/14\\\/aeshna-cyanea-galerie\\\/#primaryimage\"},\"thumbnailUrl\":\"http:\\\/\\\/www.meslibellules.fr\\\/blog\\\/wp-content\\\/uploads\\\/aeshna-cyanea-exuvie-g1.jpg\",\"keywords\":[\"Aeshna cyanea\",\"Exuvie\",\"Galerie\"],\"articleSection\":[\"Aeshna cyanea\",\"Aeshnidae\",\"France\"],\"inLanguage\":\"fr-FR\",\"potentialAction\":[{\"@type\":\"CommentAction\",\"name\":\"Comment\",\"target\":[\"https:\\\/\\\/www.meslibellules.fr\\\/blog\\\/2021\\\/03\\\/14\\\/aeshna-cyanea-galerie\\\/#respond\"]}]},{\"@type\":\"WebPage\",\"@id\":\"https:\\\/\\\/www.meslibellules.fr\\\/blog\\\/2021\\\/03\\\/14\\\/aeshna-cyanea-galerie\\\/\",\"url\":\"https:\\\/\\\/www.meslibellules.fr\\\/blog\\\/2021\\\/03\\\/14\\\/aeshna-cyanea-galerie\\\/\",\"name\":\"Aeshna cyanea : Galerie - Mes Libellules\",\"isPartOf\":{\"@id\":\"https:\\\/\\\/www.meslibellules.fr\\\/blog\\\/#website\"},\"primaryImageOfPage\":{\"@id\":\"https:\\\/\\\/www.meslibellules.fr\\\/blog\\\/2021\\\/03\\\/14\\\/aeshna-cyanea-galerie\\\/#primaryimage\"},\"image\":{\"@id\":\"https:\\\/\\\/www.meslibellules.fr\\\/blog\\\/2021\\\/03\\\/14\\\/aeshna-cyanea-galerie\\\/#primaryimage\"},\"thumbnailUrl\":\"http:\\\/\\\/www.meslibellules.fr\\\/blog\\\/wp-content\\\/uploads\\\/aeshna-cyanea-exuvie-g1.jpg\",\"datePublished\":\"2021-03-14T18:50:39+00:00\",\"dateModified\":\"2023-02-26T08:41:28+00:00\",\"breadcrumb\":{\"@id\":\"https:\\\/\\\/www.meslibellules.fr\\\/blog\\\/2021\\\/03\\\/14\\\/aeshna-cyanea-galerie\\\/#breadcrumb\"},\"inLanguage\":\"fr-FR\",\"potentialAction\":[{\"@type\":\"ReadAction\",\"target\":[\"https:\\\/\\\/www.meslibellules.fr\\\/blog\\\/2021\\\/03\\\/14\\\/aeshna-cyanea-galerie\\\/\"]}]},{\"@type\":\"ImageObject\",\"inLanguage\":\"fr-FR\",\"@id\":\"https:\\\/\\\/www.meslibellules.fr\\\/blog\\\/2021\\\/03\\\/14\\\/aeshna-cyanea-galerie\\\/#primaryimage\",\"url\":\"http:\\\/\\\/www.meslibellules.fr\\\/blog\\\/wp-content\\\/uploads\\\/aeshna-cyanea-exuvie-g1.jpg\",\"contentUrl\":\"http:\\\/\\\/www.meslibellules.fr\\\/blog\\\/wp-content\\\/uploads\\\/aeshna-cyanea-exuvie-g1.jpg\"},{\"@type\":\"BreadcrumbList\",\"@id\":\"https:\\\/\\\/www.meslibellules.fr\\\/blog\\\/2021\\\/03\\\/14\\\/aeshna-cyanea-galerie\\\/#breadcrumb\",\"itemListElement\":[{\"@type\":\"ListItem\",\"position\":1,\"name\":\"Accueil\",\"item\":\"https:\\\/\\\/www.meslibellules.fr\\\/blog\\\/\"},{\"@type\":\"ListItem\",\"position\":2,\"name\":\"Aeshna cyanea : Galerie\"}]},{\"@type\":\"WebSite\",\"@id\":\"https:\\\/\\\/www.meslibellules.fr\\\/blog\\\/#website\",\"url\":\"https:\\\/\\\/www.meslibellules.fr\\\/blog\\\/\",\"name\":\"Mes Libellules\",\"description\":\"Pr\u00e9sentation des libellules rencontr\u00e9es dans le monde\",\"publisher\":{\"@id\":\"https:\\\/\\\/www.meslibellules.fr\\\/blog\\\/#\\\/schema\\\/person\\\/9aa3586f9dd053fcf329f43b8b053c77\"},\"potentialAction\":[{\"@type\":\"SearchAction\",\"target\":{\"@type\":\"EntryPoint\",\"urlTemplate\":\"https:\\\/\\\/www.meslibellules.fr\\\/blog\\\/?s={search_term_string}\"},\"query-input\":{\"@type\":\"PropertyValueSpecification\",\"valueRequired\":true,\"valueName\":\"search_term_string\"}}],\"inLanguage\":\"fr-FR\"},{\"@type\":[\"Person\",\"Organization\"],\"@id\":\"https:\\\/\\\/www.meslibellules.fr\\\/blog\\\/#\\\/schema\\\/person\\\/9aa3586f9dd053fcf329f43b8b053c77\",\"name\":\"Beno\u00eet Guillon\",\"image\":{\"@type\":\"ImageObject\",\"inLanguage\":\"fr-FR\",\"@id\":\"https:\\\/\\\/www.meslibellules.fr\\\/blog\\\/wp-content\\\/uploads\\\/cropped-avatar-150-pix.jpg\",\"url\":\"https:\\\/\\\/www.meslibellules.fr\\\/blog\\\/wp-content\\\/uploads\\\/cropped-avatar-150-pix.jpg\",\"contentUrl\":\"https:\\\/\\\/www.meslibellules.fr\\\/blog\\\/wp-content\\\/uploads\\\/cropped-avatar-150-pix.jpg\",\"width\":150,\"height\":137,\"caption\":\"Beno\u00eet Guillon\"},\"logo\":{\"@id\":\"https:\\\/\\\/www.meslibellules.fr\\\/blog\\\/wp-content\\\/uploads\\\/cropped-avatar-150-pix.jpg\"},\"sameAs\":[\"https:\\\/\\\/www.facebook.com\\\/benoit.guillon.96\\\/\"]}]}<\/script>\n<!-- \/ Yoast SEO plugin. -->","yoast_head_json":{"title":"Aeshna cyanea : Galerie - Mes Libellules","robots":{"index":"index","follow":"follow","max-snippet":"max-snippet:-1","max-image-preview":"max-image-preview:large","max-video-preview":"max-video-preview:-1"},"canonical":"https:\/\/www.meslibellules.fr\/blog\/2021\/03\/14\/aeshna-cyanea-galerie\/","og_locale":"fr_FR","og_type":"article","og_title":"Aeshna cyanea : Galerie - Mes Libellules","og_url":"https:\/\/www.meslibellules.fr\/blog\/2021\/03\/14\/aeshna-cyanea-galerie\/","og_site_name":"Mes Libellules","article_publisher":"https:\/\/www.facebook.com\/benoit.guillon.96\/","article_author":"https:\/\/www.facebook.com\/benoit.guillon.96\/","article_published_time":"2021-03-14T18:50:39+00:00","article_modified_time":"2023-02-26T08:41:28+00:00","og_image":[{"url":"http:\/\/www.meslibellules.fr\/blog\/wp-content\/uploads\/aeshna-cyanea-exuvie-g1.jpg","type":"","width":"","height":""}],"author":"Beno\u00eet Guillon","twitter_card":"summary_large_image","twitter_misc":{"\u00c9crit par":"Beno\u00eet Guillon","Dur\u00e9e de lecture estim\u00e9e":"3 minutes"},"schema":{"@context":"https:\/\/schema.org","@graph":[{"@type":"Article","@id":"https:\/\/www.meslibellules.fr\/blog\/2021\/03\/14\/aeshna-cyanea-galerie\/#article","isPartOf":{"@id":"https:\/\/www.meslibellules.fr\/blog\/2021\/03\/14\/aeshna-cyanea-galerie\/"},"author":{"name":"Beno\u00eet Guillon","@id":"https:\/\/www.meslibellules.fr\/blog\/#\/schema\/person\/9aa3586f9dd053fcf329f43b8b053c77"},"headline":"Aeshna cyanea : Galerie","datePublished":"2021-03-14T18:50:39+00:00","dateModified":"2023-02-26T08:41:28+00:00","mainEntityOfPage":{"@id":"https:\/\/www.meslibellules.fr\/blog\/2021\/03\/14\/aeshna-cyanea-galerie\/"},"wordCount":64,"commentCount":0,"publisher":{"@id":"https:\/\/www.meslibellules.fr\/blog\/#\/schema\/person\/9aa3586f9dd053fcf329f43b8b053c77"},"image":{"@id":"https:\/\/www.meslibellules.fr\/blog\/2021\/03\/14\/aeshna-cyanea-galerie\/#primaryimage"},"thumbnailUrl":"http:\/\/www.meslibellules.fr\/blog\/wp-content\/uploads\/aeshna-cyanea-exuvie-g1.jpg","keywords":["Aeshna cyanea","Exuvie","Galerie"],"articleSection":["Aeshna cyanea","Aeshnidae","France"],"inLanguage":"fr-FR","potentialAction":[{"@type":"CommentAction","name":"Comment","target":["https:\/\/www.meslibellules.fr\/blog\/2021\/03\/14\/aeshna-cyanea-galerie\/#respond"]}]},{"@type":"WebPage","@id":"https:\/\/www.meslibellules.fr\/blog\/2021\/03\/14\/aeshna-cyanea-galerie\/","url":"https:\/\/www.meslibellules.fr\/blog\/2021\/03\/14\/aeshna-cyanea-galerie\/","name":"Aeshna cyanea : Galerie - Mes Libellules","isPartOf":{"@id":"https:\/\/www.meslibellules.fr\/blog\/#website"},"primaryImageOfPage":{"@id":"https:\/\/www.meslibellules.fr\/blog\/2021\/03\/14\/aeshna-cyanea-galerie\/#primaryimage"},"image":{"@id":"https:\/\/www.meslibellules.fr\/blog\/2021\/03\/14\/aeshna-cyanea-galerie\/#primaryimage"},"thumbnailUrl":"http:\/\/www.meslibellules.fr\/blog\/wp-content\/uploads\/aeshna-cyanea-exuvie-g1.jpg","datePublished":"2021-03-14T18:50:39+00:00","dateModified":"2023-02-26T08:41:28+00:00","breadcrumb":{"@id":"https:\/\/www.meslibellules.fr\/blog\/2021\/03\/14\/aeshna-cyanea-galerie\/#breadcrumb"},"inLanguage":"fr-FR","potentialAction":[{"@type":"ReadAction","target":["https:\/\/www.meslibellules.fr\/blog\/2021\/03\/14\/aeshna-cyanea-galerie\/"]}]},{"@type":"ImageObject","inLanguage":"fr-FR","@id":"https:\/\/www.meslibellules.fr\/blog\/2021\/03\/14\/aeshna-cyanea-galerie\/#primaryimage","url":"http:\/\/www.meslibellules.fr\/blog\/wp-content\/uploads\/aeshna-cyanea-exuvie-g1.jpg","contentUrl":"http:\/\/www.meslibellules.fr\/blog\/wp-content\/uploads\/aeshna-cyanea-exuvie-g1.jpg"},{"@type":"BreadcrumbList","@id":"https:\/\/www.meslibellules.fr\/blog\/2021\/03\/14\/aeshna-cyanea-galerie\/#breadcrumb","itemListElement":[{"@type":"ListItem","position":1,"name":"Accueil","item":"https:\/\/www.meslibellules.fr\/blog\/"},{"@type":"ListItem","position":2,"name":"Aeshna cyanea : Galerie"}]},{"@type":"WebSite","@id":"https:\/\/www.meslibellules.fr\/blog\/#website","url":"https:\/\/www.meslibellules.fr\/blog\/","name":"Mes Libellules","description":"Pr\u00e9sentation des libellules rencontr\u00e9es dans le monde","publisher":{"@id":"https:\/\/www.meslibellules.fr\/blog\/#\/schema\/person\/9aa3586f9dd053fcf329f43b8b053c77"},"potentialAction":[{"@type":"SearchAction","target":{"@type":"EntryPoint","urlTemplate":"https:\/\/www.meslibellules.fr\/blog\/?s={search_term_string}"},"query-input":{"@type":"PropertyValueSpecification","valueRequired":true,"valueName":"search_term_string"}}],"inLanguage":"fr-FR"},{"@type":["Person","Organization"],"@id":"https:\/\/www.meslibellules.fr\/blog\/#\/schema\/person\/9aa3586f9dd053fcf329f43b8b053c77","name":"Beno\u00eet Guillon","image":{"@type":"ImageObject","inLanguage":"fr-FR","@id":"https:\/\/www.meslibellules.fr\/blog\/wp-content\/uploads\/cropped-avatar-150-pix.jpg","url":"https:\/\/www.meslibellules.fr\/blog\/wp-content\/uploads\/cropped-avatar-150-pix.jpg","contentUrl":"https:\/\/www.meslibellules.fr\/blog\/wp-content\/uploads\/cropped-avatar-150-pix.jpg","width":150,"height":137,"caption":"Beno\u00eet Guillon"},"logo":{"@id":"https:\/\/www.meslibellules.fr\/blog\/wp-content\/uploads\/cropped-avatar-150-pix.jpg"},"sameAs":["https:\/\/www.facebook.com\/benoit.guillon.96\/"]}]}},"_links":{"self":[{"href":"https:\/\/www.meslibellules.fr\/blog\/wp-json\/wp\/v2\/posts\/8362","targetHints":{"allow":["GET"]}}],"collection":[{"href":"https:\/\/www.meslibellules.fr\/blog\/wp-json\/wp\/v2\/posts"}],"about":[{"href":"https:\/\/www.meslibellules.fr\/blog\/wp-json\/wp\/v2\/types\/post"}],"author":[{"embeddable":true,"href":"https:\/\/www.meslibellules.fr\/blog\/wp-json\/wp\/v2\/users\/1"}],"replies":[{"embeddable":true,"href":"https:\/\/www.meslibellules.fr\/blog\/wp-json\/wp\/v2\/comments?post=8362"}],"version-history":[{"count":0,"href":"https:\/\/www.meslibellules.fr\/blog\/wp-json\/wp\/v2\/posts\/8362\/revisions"}],"wp:attachment":[{"href":"https:\/\/www.meslibellules.fr\/blog\/wp-json\/wp\/v2\/media?parent=8362"}],"wp:term":[{"taxonomy":"category","embeddable":true,"href":"https:\/\/www.meslibellules.fr\/blog\/wp-json\/wp\/v2\/categories?post=8362"},{"taxonomy":"post_tag","embeddable":true,"href":"https:\/\/www.meslibellules.fr\/blog\/wp-json\/wp\/v2\/tags?post=8362"}],"curies":[{"name":"wp","href":"https:\/\/api.w.org\/{rel}","templated":true}]}}