{"id":859,"date":"2018-09-10T21:08:06","date_gmt":"2018-09-10T19:08:06","guid":{"rendered":"http:\/\/www.meslibellules.fr\/blog\/?p=859"},"modified":"2025-09-04T20:47:31","modified_gmt":"2025-09-04T18:47:31","slug":"vietnam-2018-idionyx-carinatus","status":"publish","type":"post","link":"https:\/\/www.meslibellules.fr\/blog\/2018\/09\/10\/vietnam-2018-idionyx-carinatus\/","title":{"rendered":"Vietnam 2018 &#8211; Idionyx carinatus (Fraser, 1926)"},"content":{"rendered":"\n<figure class=\"wp-block-image aligncenter size-full is-resized\"><a href=\"https:\/\/www.meslibellules.fr\/blog\/wp-content\/uploads\/Idionyx-carinata-male-1.webp\"><img decoding=\"async\" width=\"1597\" height=\"1204\" data-src=\"https:\/\/www.meslibellules.fr\/blog\/wp-content\/uploads\/Idionyx-carinata-male-1.webp\" alt=\"Idionyx carinatus m\u00e2le, Vietnam, Piac Oac, 5 juin 2018\" class=\"wp-image-26081 lazyload\" style=\"--smush-placeholder-width: 1597px; --smush-placeholder-aspect-ratio: 1597\/1204;width:524px;height:auto\" data-srcset=\"https:\/\/www.meslibellules.fr\/blog\/wp-content\/uploads\/Idionyx-carinata-male-1.webp 1597w, https:\/\/www.meslibellules.fr\/blog\/wp-content\/uploads\/Idionyx-carinata-male-1-768x579.webp 768w, https:\/\/www.meslibellules.fr\/blog\/wp-content\/uploads\/Idionyx-carinata-male-1-1536x1158.webp 1536w\" data-sizes=\"(max-width: 1597px) 100vw, 1597px\" src=\"data:image\/svg+xml;base64,PHN2ZyB3aWR0aD0iMSIgaGVpZ2h0PSIxIiB4bWxucz0iaHR0cDovL3d3dy53My5vcmcvMjAwMC9zdmciPjwvc3ZnPg==\" \/><\/a><figcaption class=\"wp-element-caption\">Idionyx carinatus m\u00e2le, Vietnam, Piac Oac, 5 juin 2018<\/figcaption><\/figure>\n\n\n\n<p style=\"font-size:15px\">[Lors de notre s\u00e9jour au Vietnam, cette esp\u00e8ce \u00e9tait du genre f\u00e9minin et \u00e9tait donc appel\u00e9e carinata. Je ne connais pas la raison de ce changement.]<br><br>Parmi les 27 esp\u00e8ces d&rsquo;Idionyx (Corduliidae) il y en aurait 5\u00a0 au Vietnam, mais nous n&rsquo;en avons rencontr\u00e9 que 2, I. thailandica (une femelle) et Idionyx carinatus m\u00e2le et femelle. Comme tous les Corduliidae ce sont des patrouilleurs et il faut les capturer pour les identifier ou m\u00eame les admirer.<br>Ils sont \u00e9pineux \ud83d\ude42 ; comme on le voit ci-dessus, le m\u00e2le arbore une forte \u00e9pine sur son 10\u00b0 segment. La femelle a plac\u00e9 cette \u00e9pine sur son vertex, une \u00e9pine simple comme ici, mais elle peut \u00eatre bifide.<br>Si on se base sur la description de l&rsquo;esp\u00e8ce de Forster 1926, l&rsquo;abdomen mesurant 35 mm, l&rsquo;insecte doit mesurer environ 48 mm.<\/p>\n\n\n\n<figure class=\"wp-block-image aligncenter size-full is-resized\"><a href=\"https:\/\/www.meslibellules.fr\/blog\/wp-content\/uploads\/Idionyx-carinata-femelle-1.webp\"><img decoding=\"async\" width=\"1981\" height=\"1204\" data-src=\"https:\/\/www.meslibellules.fr\/blog\/wp-content\/uploads\/Idionyx-carinata-femelle-1.webp\" alt=\"Idionyx carinatus femelle, Vietnam, Piac Oac, 5 juin 2018\" class=\"wp-image-26080 lazyload\" style=\"--smush-placeholder-width: 1981px; --smush-placeholder-aspect-ratio: 1981\/1204;width:598px;height:auto\" data-srcset=\"https:\/\/www.meslibellules.fr\/blog\/wp-content\/uploads\/Idionyx-carinata-femelle-1.webp 1981w, https:\/\/www.meslibellules.fr\/blog\/wp-content\/uploads\/Idionyx-carinata-femelle-1-768x467.webp 768w, https:\/\/www.meslibellules.fr\/blog\/wp-content\/uploads\/Idionyx-carinata-femelle-1-1536x934.webp 1536w\" data-sizes=\"(max-width: 1981px) 100vw, 1981px\" src=\"data:image\/svg+xml;base64,PHN2ZyB3aWR0aD0iMSIgaGVpZ2h0PSIxIiB4bWxucz0iaHR0cDovL3d3dy53My5vcmcvMjAwMC9zdmciPjwvc3ZnPg==\" \/><\/a><figcaption class=\"wp-element-caption\">Idionyx carinatus femelle, Vietnam, Piac Oac, 5 juin 2018<\/figcaption><\/figure>\n\n\n\n<p style=\"font-size:15px\">Toutes les femelles du genre portent sur le sommet du front un appendice de forme variable, parfois arrondi, parfois aplati, parfois \u00e9rig\u00e9 en corne bifide ou simple comme ici.<br>Elles ont aussi la base des ailes ambr\u00e9e, ce qui est peu visible ici, la coloration de la zone en question \u00e9tant masqu\u00e9e par les doigts.<\/p>\n\n\n\n<figure class=\"wp-block-image aligncenter is-resized\"><img decoding=\"async\" width=\"456\" height=\"458\" data-src=\"https:\/\/www.meslibellules.fr\/blog\/wp-content\/uploads\/2018\/09\/idionyx-carinata-femelle-2.jpg\" alt=\"Idionyx carinatus femelle, Vietnam, Piac Oac, 5 juin 2018 \" class=\"wp-image-863 lazyload\" data-srcset=\"https:\/\/www.meslibellules.fr\/blog\/wp-content\/uploads\/2018\/09\/idionyx-carinata-femelle-2.jpg 456w, https:\/\/www.meslibellules.fr\/blog\/wp-content\/uploads\/2018\/09\/idionyx-carinata-femelle-2-150x150.jpg 150w, https:\/\/www.meslibellules.fr\/blog\/wp-content\/uploads\/2018\/09\/idionyx-carinata-femelle-2-300x300.jpg 300w\" data-sizes=\"(max-width: 456px) 100vw, 456px\" src=\"data:image\/svg+xml;base64,PHN2ZyB3aWR0aD0iMSIgaGVpZ2h0PSIxIiB4bWxucz0iaHR0cDovL3d3dy53My5vcmcvMjAwMC9zdmciPjwvc3ZnPg==\" style=\"--smush-placeholder-width: 456px; --smush-placeholder-aspect-ratio: 456\/458;\" \/><figcaption class=\"wp-element-caption\">Idionyx carinatus femelle, Vietnam, Piac Oac, 5 juin 2018<\/figcaption><\/figure>\n\n\n\n<p style=\"font-size:15px\">C&rsquo;est une esp\u00e8ce qui affectionne les for\u00eats des zones de montagne, on la rencontre dans le grand sud de la Chine et le Vietnam.<br><a href=\"https:\/\/www.iucnredlist.org\/species\/167064\/176505383\">IUCN Red List<\/a><\/p>\n\n\n\n<div style=\"height:89px\" aria-hidden=\"true\" class=\"wp-block-spacer\"><\/div>\n\n\n\n\n\n<div class=\"wp-block-buttons is-vertical is-layout-flex wp-container-core-buttons-is-layout-fe9cc265 wp-block-buttons-is-layout-flex\">\n<div class=\"wp-block-button\"><a class=\"wp-block-button__link wp-element-button\" href=\"https:\/\/www.meslibellules.fr\/blog\/odonates-du-vietnam-2012-2018\/\">Accueil Vietnam<\/a><\/div>\n\n\n\n<div class=\"wp-block-button\"><a class=\"wp-block-button__link wp-element-button\" href=\"http:\/\/www.meslibellules.fr\/pagesweb\/divers\/liste-generale-odonates-du-site\/asia-odonates.php\">Liste Asie<\/a><\/div>\n\n\n\n<div class=\"wp-block-button\"><a class=\"wp-block-button__link wp-element-button\" href=\"https:\/\/www.meslibellules.fr\/blog\/\">Accueil<\/a><\/div>\n<\/div>\n","protected":false},"excerpt":{"rendered":"<p>[Lors de notre s\u00e9jour au Vietnam, cette esp\u00e8ce \u00e9tait du genre f\u00e9minin et \u00e9tait donc appel\u00e9e carinata. Je ne connais pas la raison de ce changement.] Parmi les 27 esp\u00e8ces d&rsquo;Idionyx (Corduliidae) il y en aurait 5\u00a0 au Vietnam, mais nous n&rsquo;en avons rencontr\u00e9 que 2, I. thailandica (une femelle) et Idionyx carinatus m\u00e2le et [&hellip;]<\/p>\n","protected":false},"author":1,"featured_media":0,"comment_status":"open","ping_status":"open","sticky":false,"template":"","format":"image","meta":{"site-sidebar-layout":"default","site-content-layout":"","ast-site-content-layout":"default","site-content-style":"default","site-sidebar-style":"default","ast-global-header-display":"","ast-banner-title-visibility":"","ast-main-header-display":"","ast-hfb-above-header-display":"","ast-hfb-below-header-display":"","ast-hfb-mobile-header-display":"","site-post-title":"","ast-breadcrumbs-content":"","ast-featured-img":"","footer-sml-layout":"","ast-disable-related-posts":"","theme-transparent-header-meta":"","adv-header-id-meta":"","stick-header-meta":"","header-above-stick-meta":"","header-main-stick-meta":"","header-below-stick-meta":"","astra-migrate-meta-layouts":"set","ast-page-background-enabled":"default","ast-page-background-meta":{"desktop":{"background-color":"var(--ast-global-color-4)","background-image":"","background-repeat":"repeat","background-position":"center center","background-size":"auto","background-attachment":"scroll","background-type":"","background-media":"","overlay-type":"","overlay-color":"","overlay-opacity":"","overlay-gradient":""},"tablet":{"background-color":"","background-image":"","background-repeat":"repeat","background-position":"center center","background-size":"auto","background-attachment":"scroll","background-type":"","background-media":"","overlay-type":"","overlay-color":"","overlay-opacity":"","overlay-gradient":""},"mobile":{"background-color":"","background-image":"","background-repeat":"repeat","background-position":"center center","background-size":"auto","background-attachment":"scroll","background-type":"","background-media":"","overlay-type":"","overlay-color":"","overlay-opacity":"","overlay-gradient":""}},"ast-content-background-meta":{"desktop":{"background-color":"var(--ast-global-color-5)","background-image":"","background-repeat":"repeat","background-position":"center center","background-size":"auto","background-attachment":"scroll","background-type":"","background-media":"","overlay-type":"","overlay-color":"","overlay-opacity":"","overlay-gradient":""},"tablet":{"background-color":"var(--ast-global-color-5)","background-image":"","background-repeat":"repeat","background-position":"center center","background-size":"auto","background-attachment":"scroll","background-type":"","background-media":"","overlay-type":"","overlay-color":"","overlay-opacity":"","overlay-gradient":""},"mobile":{"background-color":"var(--ast-global-color-5)","background-image":"","background-repeat":"repeat","background-position":"center center","background-size":"auto","background-attachment":"scroll","background-type":"","background-media":"","overlay-type":"","overlay-color":"","overlay-opacity":"","overlay-gradient":""}},"footnotes":""},"categories":[63,54],"tags":[],"class_list":["post-859","post","type-post","status-publish","format-image","hentry","category-synthemistidae","category-vietnam","post_format-post-format-image"],"yoast_head":"<!-- This site is optimized with the Yoast SEO plugin v27.5 - https:\/\/yoast.com\/product\/yoast-seo-wordpress\/ -->\n<title>Idionyx carinatus - Mes Libellules<\/title>\n<meta name=\"description\" content=\"Idionyx carinatus m\u00e2le et femelle au Vietnam, description, identification, taille, habitat, distribution g\u00e9ographique\" \/>\n<meta name=\"robots\" content=\"index, follow, max-snippet:-1, max-image-preview:large, max-video-preview:-1\" \/>\n<link rel=\"canonical\" href=\"https:\/\/www.meslibellules.fr\/blog\/2018\/09\/10\/vietnam-2018-idionyx-carinatus\/\" \/>\n<meta property=\"og:locale\" content=\"fr_FR\" \/>\n<meta property=\"og:type\" content=\"article\" \/>\n<meta property=\"og:title\" content=\"Idionyx carinatus - Mes Libellules\" \/>\n<meta property=\"og:description\" content=\"Idionyx carinatus m\u00e2le et femelle au Vietnam, description, identification, taille, habitat, distribution g\u00e9ographique\" \/>\n<meta property=\"og:url\" content=\"https:\/\/www.meslibellules.fr\/blog\/2018\/09\/10\/vietnam-2018-idionyx-carinatus\/\" \/>\n<meta property=\"og:site_name\" content=\"Mes Libellules\" \/>\n<meta property=\"article:publisher\" content=\"https:\/\/www.facebook.com\/benoit.guillon.96\/\" \/>\n<meta property=\"article:author\" content=\"https:\/\/www.facebook.com\/benoit.guillon.96\/\" \/>\n<meta property=\"article:published_time\" content=\"2018-09-10T19:08:06+00:00\" \/>\n<meta property=\"article:modified_time\" content=\"2025-09-04T18:47:31+00:00\" \/>\n<meta property=\"og:image\" content=\"https:\/\/www.meslibellules.fr\/blog\/wp-content\/uploads\/Idionyx-carinata-male-1.webp\" \/>\n\t<meta property=\"og:image:width\" content=\"1597\" \/>\n\t<meta property=\"og:image:height\" content=\"1204\" \/>\n\t<meta property=\"og:image:type\" content=\"image\/webp\" \/>\n<meta name=\"author\" content=\"Beno\u00eet Guillon\" \/>\n<meta name=\"twitter:card\" content=\"summary_large_image\" \/>\n<meta name=\"twitter:label1\" content=\"\u00c9crit par\" \/>\n\t<meta name=\"twitter:data1\" content=\"Beno\u00eet Guillon\" \/>\n\t<meta name=\"twitter:label2\" content=\"Dur\u00e9e de lecture estim\u00e9e\" \/>\n\t<meta name=\"twitter:data2\" content=\"4 minutes\" \/>\n<script type=\"application\/ld+json\" class=\"yoast-schema-graph\">{\"@context\":\"https:\\\/\\\/schema.org\",\"@graph\":[{\"@type\":\"Article\",\"@id\":\"https:\\\/\\\/www.meslibellules.fr\\\/blog\\\/2018\\\/09\\\/10\\\/vietnam-2018-idionyx-carinatus\\\/#article\",\"isPartOf\":{\"@id\":\"https:\\\/\\\/www.meslibellules.fr\\\/blog\\\/2018\\\/09\\\/10\\\/vietnam-2018-idionyx-carinatus\\\/\"},\"author\":{\"name\":\"Beno\u00eet Guillon\",\"@id\":\"https:\\\/\\\/www.meslibellules.fr\\\/blog\\\/#\\\/schema\\\/person\\\/9aa3586f9dd053fcf329f43b8b053c77\"},\"headline\":\"Vietnam 2018 &#8211; Idionyx carinatus (Fraser, 1926)\",\"datePublished\":\"2018-09-10T19:08:06+00:00\",\"dateModified\":\"2025-09-04T18:47:31+00:00\",\"mainEntityOfPage\":{\"@id\":\"https:\\\/\\\/www.meslibellules.fr\\\/blog\\\/2018\\\/09\\\/10\\\/vietnam-2018-idionyx-carinatus\\\/\"},\"wordCount\":256,\"commentCount\":0,\"publisher\":{\"@id\":\"https:\\\/\\\/www.meslibellules.fr\\\/blog\\\/#\\\/schema\\\/person\\\/9aa3586f9dd053fcf329f43b8b053c77\"},\"image\":{\"@id\":\"https:\\\/\\\/www.meslibellules.fr\\\/blog\\\/2018\\\/09\\\/10\\\/vietnam-2018-idionyx-carinatus\\\/#primaryimage\"},\"thumbnailUrl\":\"https:\\\/\\\/www.meslibellules.fr\\\/blog\\\/wp-content\\\/uploads\\\/Idionyx-carinata-male-1.webp\",\"articleSection\":[\"Synthemistidae\",\"Vietnam\"],\"inLanguage\":\"fr-FR\",\"potentialAction\":[{\"@type\":\"CommentAction\",\"name\":\"Comment\",\"target\":[\"https:\\\/\\\/www.meslibellules.fr\\\/blog\\\/2018\\\/09\\\/10\\\/vietnam-2018-idionyx-carinatus\\\/#respond\"]}]},{\"@type\":\"WebPage\",\"@id\":\"https:\\\/\\\/www.meslibellules.fr\\\/blog\\\/2018\\\/09\\\/10\\\/vietnam-2018-idionyx-carinatus\\\/\",\"url\":\"https:\\\/\\\/www.meslibellules.fr\\\/blog\\\/2018\\\/09\\\/10\\\/vietnam-2018-idionyx-carinatus\\\/\",\"name\":\"Idionyx carinatus - Mes Libellules\",\"isPartOf\":{\"@id\":\"https:\\\/\\\/www.meslibellules.fr\\\/blog\\\/#website\"},\"primaryImageOfPage\":{\"@id\":\"https:\\\/\\\/www.meslibellules.fr\\\/blog\\\/2018\\\/09\\\/10\\\/vietnam-2018-idionyx-carinatus\\\/#primaryimage\"},\"image\":{\"@id\":\"https:\\\/\\\/www.meslibellules.fr\\\/blog\\\/2018\\\/09\\\/10\\\/vietnam-2018-idionyx-carinatus\\\/#primaryimage\"},\"thumbnailUrl\":\"https:\\\/\\\/www.meslibellules.fr\\\/blog\\\/wp-content\\\/uploads\\\/Idionyx-carinata-male-1.webp\",\"datePublished\":\"2018-09-10T19:08:06+00:00\",\"dateModified\":\"2025-09-04T18:47:31+00:00\",\"description\":\"Idionyx carinatus m\u00e2le et femelle au Vietnam, description, identification, taille, habitat, distribution g\u00e9ographique\",\"breadcrumb\":{\"@id\":\"https:\\\/\\\/www.meslibellules.fr\\\/blog\\\/2018\\\/09\\\/10\\\/vietnam-2018-idionyx-carinatus\\\/#breadcrumb\"},\"inLanguage\":\"fr-FR\",\"potentialAction\":[{\"@type\":\"ReadAction\",\"target\":[\"https:\\\/\\\/www.meslibellules.fr\\\/blog\\\/2018\\\/09\\\/10\\\/vietnam-2018-idionyx-carinatus\\\/\"]}]},{\"@type\":\"ImageObject\",\"inLanguage\":\"fr-FR\",\"@id\":\"https:\\\/\\\/www.meslibellules.fr\\\/blog\\\/2018\\\/09\\\/10\\\/vietnam-2018-idionyx-carinatus\\\/#primaryimage\",\"url\":\"https:\\\/\\\/www.meslibellules.fr\\\/blog\\\/wp-content\\\/uploads\\\/Idionyx-carinata-male-1.webp\",\"contentUrl\":\"https:\\\/\\\/www.meslibellules.fr\\\/blog\\\/wp-content\\\/uploads\\\/Idionyx-carinata-male-1.webp\"},{\"@type\":\"BreadcrumbList\",\"@id\":\"https:\\\/\\\/www.meslibellules.fr\\\/blog\\\/2018\\\/09\\\/10\\\/vietnam-2018-idionyx-carinatus\\\/#breadcrumb\",\"itemListElement\":[{\"@type\":\"ListItem\",\"position\":1,\"name\":\"Accueil\",\"item\":\"https:\\\/\\\/www.meslibellules.fr\\\/blog\\\/\"},{\"@type\":\"ListItem\",\"position\":2,\"name\":\"Vietnam 2018 &#8211; Idionyx carinatus (Fraser, 1926)\"}]},{\"@type\":\"WebSite\",\"@id\":\"https:\\\/\\\/www.meslibellules.fr\\\/blog\\\/#website\",\"url\":\"https:\\\/\\\/www.meslibellules.fr\\\/blog\\\/\",\"name\":\"Mes Libellules\",\"description\":\"Pr\u00e9sentation des libellules rencontr\u00e9es dans le monde\",\"publisher\":{\"@id\":\"https:\\\/\\\/www.meslibellules.fr\\\/blog\\\/#\\\/schema\\\/person\\\/9aa3586f9dd053fcf329f43b8b053c77\"},\"potentialAction\":[{\"@type\":\"SearchAction\",\"target\":{\"@type\":\"EntryPoint\",\"urlTemplate\":\"https:\\\/\\\/www.meslibellules.fr\\\/blog\\\/?s={search_term_string}\"},\"query-input\":{\"@type\":\"PropertyValueSpecification\",\"valueRequired\":true,\"valueName\":\"search_term_string\"}}],\"inLanguage\":\"fr-FR\"},{\"@type\":[\"Person\",\"Organization\"],\"@id\":\"https:\\\/\\\/www.meslibellules.fr\\\/blog\\\/#\\\/schema\\\/person\\\/9aa3586f9dd053fcf329f43b8b053c77\",\"name\":\"Beno\u00eet Guillon\",\"image\":{\"@type\":\"ImageObject\",\"inLanguage\":\"fr-FR\",\"@id\":\"https:\\\/\\\/www.meslibellules.fr\\\/blog\\\/wp-content\\\/uploads\\\/cropped-avatar-150-pix.jpg\",\"url\":\"https:\\\/\\\/www.meslibellules.fr\\\/blog\\\/wp-content\\\/uploads\\\/cropped-avatar-150-pix.jpg\",\"contentUrl\":\"https:\\\/\\\/www.meslibellules.fr\\\/blog\\\/wp-content\\\/uploads\\\/cropped-avatar-150-pix.jpg\",\"width\":150,\"height\":137,\"caption\":\"Beno\u00eet Guillon\"},\"logo\":{\"@id\":\"https:\\\/\\\/www.meslibellules.fr\\\/blog\\\/wp-content\\\/uploads\\\/cropped-avatar-150-pix.jpg\"},\"sameAs\":[\"https:\\\/\\\/www.facebook.com\\\/benoit.guillon.96\\\/\"]}]}<\/script>\n<!-- \/ Yoast SEO plugin. -->","yoast_head_json":{"title":"Idionyx carinatus - Mes Libellules","description":"Idionyx carinatus m\u00e2le et femelle au Vietnam, description, identification, taille, habitat, distribution g\u00e9ographique","robots":{"index":"index","follow":"follow","max-snippet":"max-snippet:-1","max-image-preview":"max-image-preview:large","max-video-preview":"max-video-preview:-1"},"canonical":"https:\/\/www.meslibellules.fr\/blog\/2018\/09\/10\/vietnam-2018-idionyx-carinatus\/","og_locale":"fr_FR","og_type":"article","og_title":"Idionyx carinatus - Mes Libellules","og_description":"Idionyx carinatus m\u00e2le et femelle au Vietnam, description, identification, taille, habitat, distribution g\u00e9ographique","og_url":"https:\/\/www.meslibellules.fr\/blog\/2018\/09\/10\/vietnam-2018-idionyx-carinatus\/","og_site_name":"Mes Libellules","article_publisher":"https:\/\/www.facebook.com\/benoit.guillon.96\/","article_author":"https:\/\/www.facebook.com\/benoit.guillon.96\/","article_published_time":"2018-09-10T19:08:06+00:00","article_modified_time":"2025-09-04T18:47:31+00:00","og_image":[{"width":1597,"height":1204,"url":"https:\/\/www.meslibellules.fr\/blog\/wp-content\/uploads\/Idionyx-carinata-male-1.webp","type":"image\/webp"}],"author":"Beno\u00eet Guillon","twitter_card":"summary_large_image","twitter_misc":{"\u00c9crit par":"Beno\u00eet Guillon","Dur\u00e9e de lecture estim\u00e9e":"4 minutes"},"schema":{"@context":"https:\/\/schema.org","@graph":[{"@type":"Article","@id":"https:\/\/www.meslibellules.fr\/blog\/2018\/09\/10\/vietnam-2018-idionyx-carinatus\/#article","isPartOf":{"@id":"https:\/\/www.meslibellules.fr\/blog\/2018\/09\/10\/vietnam-2018-idionyx-carinatus\/"},"author":{"name":"Beno\u00eet Guillon","@id":"https:\/\/www.meslibellules.fr\/blog\/#\/schema\/person\/9aa3586f9dd053fcf329f43b8b053c77"},"headline":"Vietnam 2018 &#8211; Idionyx carinatus (Fraser, 1926)","datePublished":"2018-09-10T19:08:06+00:00","dateModified":"2025-09-04T18:47:31+00:00","mainEntityOfPage":{"@id":"https:\/\/www.meslibellules.fr\/blog\/2018\/09\/10\/vietnam-2018-idionyx-carinatus\/"},"wordCount":256,"commentCount":0,"publisher":{"@id":"https:\/\/www.meslibellules.fr\/blog\/#\/schema\/person\/9aa3586f9dd053fcf329f43b8b053c77"},"image":{"@id":"https:\/\/www.meslibellules.fr\/blog\/2018\/09\/10\/vietnam-2018-idionyx-carinatus\/#primaryimage"},"thumbnailUrl":"https:\/\/www.meslibellules.fr\/blog\/wp-content\/uploads\/Idionyx-carinata-male-1.webp","articleSection":["Synthemistidae","Vietnam"],"inLanguage":"fr-FR","potentialAction":[{"@type":"CommentAction","name":"Comment","target":["https:\/\/www.meslibellules.fr\/blog\/2018\/09\/10\/vietnam-2018-idionyx-carinatus\/#respond"]}]},{"@type":"WebPage","@id":"https:\/\/www.meslibellules.fr\/blog\/2018\/09\/10\/vietnam-2018-idionyx-carinatus\/","url":"https:\/\/www.meslibellules.fr\/blog\/2018\/09\/10\/vietnam-2018-idionyx-carinatus\/","name":"Idionyx carinatus - Mes Libellules","isPartOf":{"@id":"https:\/\/www.meslibellules.fr\/blog\/#website"},"primaryImageOfPage":{"@id":"https:\/\/www.meslibellules.fr\/blog\/2018\/09\/10\/vietnam-2018-idionyx-carinatus\/#primaryimage"},"image":{"@id":"https:\/\/www.meslibellules.fr\/blog\/2018\/09\/10\/vietnam-2018-idionyx-carinatus\/#primaryimage"},"thumbnailUrl":"https:\/\/www.meslibellules.fr\/blog\/wp-content\/uploads\/Idionyx-carinata-male-1.webp","datePublished":"2018-09-10T19:08:06+00:00","dateModified":"2025-09-04T18:47:31+00:00","description":"Idionyx carinatus m\u00e2le et femelle au Vietnam, description, identification, taille, habitat, distribution g\u00e9ographique","breadcrumb":{"@id":"https:\/\/www.meslibellules.fr\/blog\/2018\/09\/10\/vietnam-2018-idionyx-carinatus\/#breadcrumb"},"inLanguage":"fr-FR","potentialAction":[{"@type":"ReadAction","target":["https:\/\/www.meslibellules.fr\/blog\/2018\/09\/10\/vietnam-2018-idionyx-carinatus\/"]}]},{"@type":"ImageObject","inLanguage":"fr-FR","@id":"https:\/\/www.meslibellules.fr\/blog\/2018\/09\/10\/vietnam-2018-idionyx-carinatus\/#primaryimage","url":"https:\/\/www.meslibellules.fr\/blog\/wp-content\/uploads\/Idionyx-carinata-male-1.webp","contentUrl":"https:\/\/www.meslibellules.fr\/blog\/wp-content\/uploads\/Idionyx-carinata-male-1.webp"},{"@type":"BreadcrumbList","@id":"https:\/\/www.meslibellules.fr\/blog\/2018\/09\/10\/vietnam-2018-idionyx-carinatus\/#breadcrumb","itemListElement":[{"@type":"ListItem","position":1,"name":"Accueil","item":"https:\/\/www.meslibellules.fr\/blog\/"},{"@type":"ListItem","position":2,"name":"Vietnam 2018 &#8211; Idionyx carinatus (Fraser, 1926)"}]},{"@type":"WebSite","@id":"https:\/\/www.meslibellules.fr\/blog\/#website","url":"https:\/\/www.meslibellules.fr\/blog\/","name":"Mes Libellules","description":"Pr\u00e9sentation des libellules rencontr\u00e9es dans le monde","publisher":{"@id":"https:\/\/www.meslibellules.fr\/blog\/#\/schema\/person\/9aa3586f9dd053fcf329f43b8b053c77"},"potentialAction":[{"@type":"SearchAction","target":{"@type":"EntryPoint","urlTemplate":"https:\/\/www.meslibellules.fr\/blog\/?s={search_term_string}"},"query-input":{"@type":"PropertyValueSpecification","valueRequired":true,"valueName":"search_term_string"}}],"inLanguage":"fr-FR"},{"@type":["Person","Organization"],"@id":"https:\/\/www.meslibellules.fr\/blog\/#\/schema\/person\/9aa3586f9dd053fcf329f43b8b053c77","name":"Beno\u00eet Guillon","image":{"@type":"ImageObject","inLanguage":"fr-FR","@id":"https:\/\/www.meslibellules.fr\/blog\/wp-content\/uploads\/cropped-avatar-150-pix.jpg","url":"https:\/\/www.meslibellules.fr\/blog\/wp-content\/uploads\/cropped-avatar-150-pix.jpg","contentUrl":"https:\/\/www.meslibellules.fr\/blog\/wp-content\/uploads\/cropped-avatar-150-pix.jpg","width":150,"height":137,"caption":"Beno\u00eet Guillon"},"logo":{"@id":"https:\/\/www.meslibellules.fr\/blog\/wp-content\/uploads\/cropped-avatar-150-pix.jpg"},"sameAs":["https:\/\/www.facebook.com\/benoit.guillon.96\/"]}]}},"_links":{"self":[{"href":"https:\/\/www.meslibellules.fr\/blog\/wp-json\/wp\/v2\/posts\/859","targetHints":{"allow":["GET"]}}],"collection":[{"href":"https:\/\/www.meslibellules.fr\/blog\/wp-json\/wp\/v2\/posts"}],"about":[{"href":"https:\/\/www.meslibellules.fr\/blog\/wp-json\/wp\/v2\/types\/post"}],"author":[{"embeddable":true,"href":"https:\/\/www.meslibellules.fr\/blog\/wp-json\/wp\/v2\/users\/1"}],"replies":[{"embeddable":true,"href":"https:\/\/www.meslibellules.fr\/blog\/wp-json\/wp\/v2\/comments?post=859"}],"version-history":[{"count":4,"href":"https:\/\/www.meslibellules.fr\/blog\/wp-json\/wp\/v2\/posts\/859\/revisions"}],"predecessor-version":[{"id":26089,"href":"https:\/\/www.meslibellules.fr\/blog\/wp-json\/wp\/v2\/posts\/859\/revisions\/26089"}],"wp:attachment":[{"href":"https:\/\/www.meslibellules.fr\/blog\/wp-json\/wp\/v2\/media?parent=859"}],"wp:term":[{"taxonomy":"category","embeddable":true,"href":"https:\/\/www.meslibellules.fr\/blog\/wp-json\/wp\/v2\/categories?post=859"},{"taxonomy":"post_tag","embeddable":true,"href":"https:\/\/www.meslibellules.fr\/blog\/wp-json\/wp\/v2\/tags?post=859"}],"curies":[{"name":"wp","href":"https:\/\/api.w.org\/{rel}","templated":true}]}}