{"id":8647,"date":"2021-04-20T08:36:05","date_gmt":"2021-04-20T06:36:05","guid":{"rendered":"https:\/\/www.meslibellules.fr\/blog\/?p=8647"},"modified":"2026-04-14T21:44:26","modified_gmt":"2026-04-14T19:44:26","slug":"aeshna-cyanea-male-destin-tragique","status":"publish","type":"post","link":"https:\/\/www.meslibellules.fr\/blog\/2021\/04\/20\/aeshna-cyanea-male-destin-tragique\/","title":{"rendered":"Aeshna cyanea m\u00e2le : destin tragique"},"content":{"rendered":"\n<figure class=\"wp-block-image aligncenter size-large is-resized\"><a href=\"https:\/\/www.meslibellules.fr\/blog\/wp-content\/uploads\/aeshna-cyanea-abdomen-ampute-1.jpg\"><img decoding=\"async\" width=\"1851\" height=\"1204\" data-src=\"https:\/\/www.meslibellules.fr\/blog\/wp-content\/uploads\/aeshna-cyanea-abdomen-ampute-1.jpg\" alt=\"Aeshna cyanea m\u00e2le, Beaupr\u00e9au en Mauges (France-49), 15\/09\/2018\" class=\"wp-image-8640 lazyload\" style=\"--smush-placeholder-width: 1851px; --smush-placeholder-aspect-ratio: 1851\/1204;width:467px;height:303px\" data-srcset=\"https:\/\/www.meslibellules.fr\/blog\/wp-content\/uploads\/\/aeshna-cyanea-abdomen-ampute-1.jpg 1851w, https:\/\/www.meslibellules.fr\/blog\/wp-content\/uploads\/\/aeshna-cyanea-abdomen-ampute-1-768x500.jpg 768w, https:\/\/www.meslibellules.fr\/blog\/wp-content\/uploads\/\/aeshna-cyanea-abdomen-ampute-1-1536x999.jpg 1536w, https:\/\/www.meslibellules.fr\/blog\/wp-content\/uploads\/\/aeshna-cyanea-abdomen-ampute-1-1200x781.jpg 1200w\" data-sizes=\"(max-width: 1851px) 100vw, 1851px\" src=\"data:image\/svg+xml;base64,PHN2ZyB3aWR0aD0iMSIgaGVpZ2h0PSIxIiB4bWxucz0iaHR0cDovL3d3dy53My5vcmcvMjAwMC9zdmciPjwvc3ZnPg==\" \/><\/a><figcaption class=\"wp-element-caption\">Aeshna cyanea m\u00e2le, Beaupr\u00e9au en Mauges (France-49), 15\/09\/2018<\/figcaption><\/figure>\n\n\n\n<p style=\"font-size:15px\">Le 15 septembre 2018 mon \u00e9pouse m&rsquo;a signal\u00e9 le comportement bizarre d&rsquo;une libellule devant la maison. Elle montrait un parcours erratique se posant \u00e0 peine une seconde sur l&rsquo;herbe ou les gravillons, pour aussit\u00f4t red\u00e9coller, monter \u00e0 2 ou 3 m\u00e8tres parfois avant de retomber. Tout cela \u00e9tait tr\u00e8s rapide et impossible \u00e0 identifier depuis la maison.<br>J&rsquo;ai pu m&rsquo;approcher et surprendre cette pauvre Aeschne bleue pos\u00e9 sur le dos&#8230;<\/p>\n\n\n\n<figure class=\"wp-block-gallery has-nested-images columns-default is-cropped wp-block-gallery-1 is-layout-flex wp-block-gallery-is-layout-flex\">\n<figure class=\"wp-block-image size-large\"><a href=\"https:\/\/www.meslibellules.fr\/blog\/wp-content\/uploads\/aeshna-cyanea-abdomen-ampute-2.jpg\"><img decoding=\"async\" width=\"1479\" height=\"1204\" data-id=\"8641\" data-src=\"https:\/\/www.meslibellules.fr\/blog\/wp-content\/uploads\/aeshna-cyanea-abdomen-ampute-2.jpg\" alt=\"Aeshna cyanea m\u00e2le, Beaupr\u00e9au en Mauges (France-49), 15\/09\/2018\" class=\"wp-image-8641 lazyload\" data-srcset=\"https:\/\/www.meslibellules.fr\/blog\/wp-content\/uploads\/\/aeshna-cyanea-abdomen-ampute-2.jpg 1479w, https:\/\/www.meslibellules.fr\/blog\/wp-content\/uploads\/\/aeshna-cyanea-abdomen-ampute-2-768x625.jpg 768w, https:\/\/www.meslibellules.fr\/blog\/wp-content\/uploads\/\/aeshna-cyanea-abdomen-ampute-2-1200x977.jpg 1200w\" data-sizes=\"(max-width: 1479px) 100vw, 1479px\" src=\"data:image\/svg+xml;base64,PHN2ZyB3aWR0aD0iMSIgaGVpZ2h0PSIxIiB4bWxucz0iaHR0cDovL3d3dy53My5vcmcvMjAwMC9zdmciPjwvc3ZnPg==\" style=\"--smush-placeholder-width: 1479px; --smush-placeholder-aspect-ratio: 1479\/1204;\" \/><\/a><\/figure>\n\n\n\n<figure class=\"wp-block-image size-large\"><a href=\"https:\/\/www.meslibellules.fr\/blog\/wp-content\/uploads\/aeshna-cyanea-abdomen-ampute-3.jpg\"><img decoding=\"async\" width=\"1249\" height=\"1204\" data-id=\"8642\" data-src=\"https:\/\/www.meslibellules.fr\/blog\/wp-content\/uploads\/aeshna-cyanea-abdomen-ampute-3.jpg\" alt=\"Aeshna cyanea m\u00e2le, Beaupr\u00e9au en Mauges (France-49), 15\/09\/2018\" class=\"wp-image-8642 lazyload\" data-srcset=\"https:\/\/www.meslibellules.fr\/blog\/wp-content\/uploads\/\/aeshna-cyanea-abdomen-ampute-3.jpg 1249w, https:\/\/www.meslibellules.fr\/blog\/wp-content\/uploads\/\/aeshna-cyanea-abdomen-ampute-3-768x740.jpg 768w, https:\/\/www.meslibellules.fr\/blog\/wp-content\/uploads\/\/aeshna-cyanea-abdomen-ampute-3-1200x1157.jpg 1200w\" data-sizes=\"(max-width: 1249px) 100vw, 1249px\" src=\"data:image\/svg+xml;base64,PHN2ZyB3aWR0aD0iMSIgaGVpZ2h0PSIxIiB4bWxucz0iaHR0cDovL3d3dy53My5vcmcvMjAwMC9zdmciPjwvc3ZnPg==\" style=\"--smush-placeholder-width: 1249px; --smush-placeholder-aspect-ratio: 1249\/1204;\" \/><\/a><\/figure>\n<figcaption class=\"blocks-gallery-caption wp-element-caption\"><em>Aeshna cyanea m\u00e2le, Beaupr\u00e9au en Mauges (France-49), 15\/09\/2018<\/em><br><\/figcaption><\/figure>\n\n\n\n<p style=\"font-size:15px\">Son abdomen \u00e9tait amput\u00e9 au niveau du 3\u00b0 segment rendant le vol impossible en raison du d\u00e9s\u00e9quilibre induit.<br>Je me suis alors souvenu que 48 heures auparavant vers 7 heures 30 j&rsquo;avais eu la surprise d&rsquo;entendre puis de voir une libellule se cogner au moins 5 ou 6 fois dans une baie vitr\u00e9e du salon, puis dans une autre. J&rsquo;avais alors ouvert les 2 baies compl\u00e8tement afin d&rsquo;essayer de la laisser rentrer et de l&rsquo;identifier. Je ne l&rsquo;avais pas revue et je n&rsquo;avais surtout pas cherch\u00e9 par terre&#8230;<br>J&rsquo;avais \u00e9t\u00e9 surpris par le comportement parce qu&rsquo;il arrive que les libellules se heurtent dans les baies vitr\u00e9es mais elles ne recommencent pas. Surpris aussi par le fait qu&rsquo;une libellule \u00e9tait d\u00e9j\u00e0 active \u00e0 cette heure alors qu&rsquo;il faisait certes beau mais \u00e0 peine 12\u2009\u00b0c.<\/p>\n\n\n\n<figure class=\"wp-block-image aligncenter size-large is-resized\"><a href=\"https:\/\/www.meslibellules.fr\/blog\/wp-content\/uploads\/aeshna-cyanea-abdomen-ampute-4.jpg\"><img decoding=\"async\" width=\"2266\" height=\"1004\" data-src=\"https:\/\/www.meslibellules.fr\/blog\/wp-content\/uploads\/aeshna-cyanea-abdomen-ampute-4.jpg\" alt=\"Aeshna cyanea m\u00e2le, Beaupr\u00e9au en Mauges (France-49), 15\/09\/2018\" class=\"wp-image-8643 lazyload\" style=\"--smush-placeholder-width: 2266px; --smush-placeholder-aspect-ratio: 2266\/1004;width:615px\" data-srcset=\"https:\/\/www.meslibellules.fr\/blog\/wp-content\/uploads\/\/aeshna-cyanea-abdomen-ampute-4.jpg 2266w, https:\/\/www.meslibellules.fr\/blog\/wp-content\/uploads\/\/aeshna-cyanea-abdomen-ampute-4-768x340.jpg 768w, https:\/\/www.meslibellules.fr\/blog\/wp-content\/uploads\/\/aeshna-cyanea-abdomen-ampute-4-1536x681.jpg 1536w, https:\/\/www.meslibellules.fr\/blog\/wp-content\/uploads\/\/aeshna-cyanea-abdomen-ampute-4-2048x907.jpg 2048w, https:\/\/www.meslibellules.fr\/blog\/wp-content\/uploads\/\/aeshna-cyanea-abdomen-ampute-4-1200x532.jpg 1200w\" data-sizes=\"(max-width: 2266px) 100vw, 2266px\" src=\"data:image\/svg+xml;base64,PHN2ZyB3aWR0aD0iMSIgaGVpZ2h0PSIxIiB4bWxucz0iaHR0cDovL3d3dy53My5vcmcvMjAwMC9zdmciPjwvc3ZnPg==\" \/><\/a><figcaption class=\"wp-element-caption\">Aeshna cyanea m\u00e2le, Beaupr\u00e9au en Mauges (France-49), 15\/09\/2018<\/figcaption><\/figure>\n\n\n\n<p style=\"font-size:15px\">Comme elle ne bougeait plus je me suis d\u00e9cid\u00e9 \u00e0 la capturer pour essayer de comprendre ce qu&rsquo;il lui \u00e9tait arriv\u00e9. J&rsquo;ai \u00e9t\u00e9 \u00e9tonn\u00e9 de constater que ce qui restait de l&rsquo;abdomen semblait un peu repli\u00e9 sur lui-m\u00eame et paraissait en quelque sorte <em>cicatris\u00e9<\/em>. Pour compl\u00e9ter l&rsquo;inventaire, il lui manquait 3 pattes.<\/p>\n\n\n\n<figure class=\"wp-block-image aligncenter size-large is-resized\"><a href=\"https:\/\/www.meslibellules.fr\/blog\/wp-content\/uploads\/aeshna-cyanea-abdomen-ampute-5.jpg\"><img decoding=\"async\" width=\"1678\" height=\"1204\" data-src=\"https:\/\/www.meslibellules.fr\/blog\/wp-content\/uploads\/aeshna-cyanea-abdomen-ampute-5.jpg\" alt=\"Aeshna cyanea m\u00e2le, Beaupr\u00e9au en Mauges (France-49), 15\/09\/2018\" class=\"wp-image-8644 lazyload\" style=\"--smush-placeholder-width: 1678px; --smush-placeholder-aspect-ratio: 1678\/1204;width:492px;height:353px\" data-srcset=\"https:\/\/www.meslibellules.fr\/blog\/wp-content\/uploads\/\/aeshna-cyanea-abdomen-ampute-5.jpg 1678w, https:\/\/www.meslibellules.fr\/blog\/wp-content\/uploads\/\/aeshna-cyanea-abdomen-ampute-5-768x551.jpg 768w, https:\/\/www.meslibellules.fr\/blog\/wp-content\/uploads\/\/aeshna-cyanea-abdomen-ampute-5-1536x1102.jpg 1536w, https:\/\/www.meslibellules.fr\/blog\/wp-content\/uploads\/\/aeshna-cyanea-abdomen-ampute-5-1200x861.jpg 1200w\" data-sizes=\"(max-width: 1678px) 100vw, 1678px\" src=\"data:image\/svg+xml;base64,PHN2ZyB3aWR0aD0iMSIgaGVpZ2h0PSIxIiB4bWxucz0iaHR0cDovL3d3dy53My5vcmcvMjAwMC9zdmciPjwvc3ZnPg==\" \/><\/a><figcaption class=\"wp-element-caption\">Aeshna cyanea m\u00e2le, Beaupr\u00e9au en Mauges (France-49), 15\/09\/2018<\/figcaption><\/figure>\n\n\n\n<p style=\"font-size:15px\">C&rsquo;est donc vraisemblablement une libellule encore jeune, mais mature de par sa coloration qui a \u00e9t\u00e9 victime d&rsquo;un pr\u00e9dateur et a r\u00e9ussi \u00e0 s&rsquo;en d\u00e9gager. Ce qui est \u00e9tonnant est qu&rsquo;elle ait r\u00e9ussi \u00e0 survivre ainsi au moins 48 heures sans se nourrir et \u00e0 la merci du moindre pr\u00e9dateur.<br><\/p>\n\n\n\n<figure class=\"wp-block-image aligncenter size-large is-resized\"><a href=\"https:\/\/www.meslibellules.fr\/blog\/wp-content\/uploads\/aeshna-cyanea-abdomen-ampute-6.jpg\"><img decoding=\"async\" width=\"1099\" height=\"1204\" data-src=\"https:\/\/www.meslibellules.fr\/blog\/wp-content\/uploads\/aeshna-cyanea-abdomen-ampute-6.jpg\" alt=\"Aeshna cyanea m\u00e2le, Beaupr\u00e9au en Mauges (France-49), 15\/09\/2018\" class=\"wp-image-8645 lazyload\" style=\"--smush-placeholder-width: 1099px; --smush-placeholder-aspect-ratio: 1099\/1204;width:410px;height:449px\" data-srcset=\"https:\/\/www.meslibellules.fr\/blog\/wp-content\/uploads\/\/aeshna-cyanea-abdomen-ampute-6.jpg 1099w, https:\/\/www.meslibellules.fr\/blog\/wp-content\/uploads\/\/aeshna-cyanea-abdomen-ampute-6-768x841.jpg 768w\" data-sizes=\"(max-width: 1099px) 100vw, 1099px\" src=\"data:image\/svg+xml;base64,PHN2ZyB3aWR0aD0iMSIgaGVpZ2h0PSIxIiB4bWxucz0iaHR0cDovL3d3dy53My5vcmcvMjAwMC9zdmciPjwvc3ZnPg==\" \/><\/a><figcaption class=\"wp-element-caption\">Aeshna cyanea m\u00e2le, Beaupr\u00e9au en Mauges (France-49), 15\/09\/2018<\/figcaption><\/figure>\n\n\n\n<p style=\"font-size:15px\">Je me suis r\u00e9solu \u00e0 la sacrifier et j&rsquo;ai tout r\u00e9cemment essay\u00e9 de refaire des photos de son abdomen ; malheureusement la cuticule s&rsquo;est d\u00e9grad\u00e9e et les photos ne permettent pas de comprendre mieux comme est repli\u00e9 son abdomen. Cette photo permet simplement d&rsquo;apercevoir un des <a rel=\"noreferrer noopener\" href=\"http:\/\/www.meslibellules.fr\/pagesweb\/divers\/glossaire.php\" target=\"_blank\">hamuli<\/a>, ces crochets dans la partie toute ant\u00e9rieure de la fosse g\u00e9nitale qui verrouillent les pi\u00e8ces g\u00e9nitales femelles lors de l&rsquo;accouplement.<\/p>\n\n\n\n<figure class=\"wp-block-image aligncenter size-large is-resized\"><a href=\"https:\/\/www.meslibellules.fr\/blog\/wp-content\/uploads\/aeshna-cyanea-abdomen-ampute-7.jpg\"><img decoding=\"async\" width=\"1207\" height=\"1004\" data-src=\"https:\/\/www.meslibellules.fr\/blog\/wp-content\/uploads\/aeshna-cyanea-abdomen-ampute-7.jpg\" alt=\"Aeshna cyanea m\u00e2le, Beaupr\u00e9au en Mauges (France-49), 19\/04\/2021\" class=\"wp-image-8646 lazyload\" style=\"--smush-placeholder-width: 1207px; --smush-placeholder-aspect-ratio: 1207\/1004;width:439px;height:365px\" data-srcset=\"https:\/\/www.meslibellules.fr\/blog\/wp-content\/uploads\/\/aeshna-cyanea-abdomen-ampute-7.jpg 1207w, https:\/\/www.meslibellules.fr\/blog\/wp-content\/uploads\/\/aeshna-cyanea-abdomen-ampute-7-768x639.jpg 768w, https:\/\/www.meslibellules.fr\/blog\/wp-content\/uploads\/\/aeshna-cyanea-abdomen-ampute-7-1200x998.jpg 1200w\" data-sizes=\"(max-width: 1207px) 100vw, 1207px\" src=\"data:image\/svg+xml;base64,PHN2ZyB3aWR0aD0iMSIgaGVpZ2h0PSIxIiB4bWxucz0iaHR0cDovL3d3dy53My5vcmcvMjAwMC9zdmciPjwvc3ZnPg==\" \/><\/a><figcaption class=\"wp-element-caption\">Aeshna cyanea m\u00e2le, Beaupr\u00e9au en Mauges (France-49), 19\/04\/2021<\/figcaption><\/figure>\n\n\n\n\n\n<figure class=\"wp-block-image size-large\"><a href=\"http:\/\/www.meslibellules.fr\/pagesweb\/aeshnidae\/Aeshna\/aeshnacyanea\/aeshna-cyanea-accueil.php\"><img decoding=\"async\" width=\"100\" height=\"20\" data-src=\"https:\/\/www.meslibellules.fr\/blog\/wp-content\/uploads\/retour.gif\" alt=\"\" class=\"wp-image-8468 lazyload\" src=\"data:image\/svg+xml;base64,PHN2ZyB3aWR0aD0iMSIgaGVpZ2h0PSIxIiB4bWxucz0iaHR0cDovL3d3dy53My5vcmcvMjAwMC9zdmciPjwvc3ZnPg==\" style=\"--smush-placeholder-width: 100px; --smush-placeholder-aspect-ratio: 100\/20;\" \/><\/a><\/figure>\n","protected":false},"excerpt":{"rendered":"<p>Le 15 septembre 2018 mon \u00e9pouse m&rsquo;a signal\u00e9 le comportement bizarre d&rsquo;une libellule devant la maison. Elle montrait un parcours erratique se posant \u00e0 peine une seconde sur l&rsquo;herbe ou les gravillons, pour aussit\u00f4t red\u00e9coller, monter \u00e0 2 ou 3 m\u00e8tres parfois avant de retomber. Tout cela \u00e9tait tr\u00e8s rapide et impossible \u00e0 identifier depuis [&hellip;]<\/p>\n","protected":false},"author":1,"featured_media":0,"comment_status":"open","ping_status":"open","sticky":false,"template":"","format":"image","meta":{"site-sidebar-layout":"default","site-content-layout":"","ast-site-content-layout":"default","site-content-style":"default","site-sidebar-style":"default","ast-global-header-display":"","ast-banner-title-visibility":"","ast-main-header-display":"","ast-hfb-above-header-display":"","ast-hfb-below-header-display":"","ast-hfb-mobile-header-display":"","site-post-title":"","ast-breadcrumbs-content":"","ast-featured-img":"","footer-sml-layout":"","ast-disable-related-posts":"","theme-transparent-header-meta":"","adv-header-id-meta":"","stick-header-meta":"","header-above-stick-meta":"","header-main-stick-meta":"","header-below-stick-meta":"","astra-migrate-meta-layouts":"set","ast-page-background-enabled":"default","ast-page-background-meta":{"desktop":{"background-color":"var(--ast-global-color-4)","background-image":"","background-repeat":"repeat","background-position":"center center","background-size":"auto","background-attachment":"scroll","background-type":"","background-media":"","overlay-type":"","overlay-color":"","overlay-opacity":"","overlay-gradient":""},"tablet":{"background-color":"","background-image":"","background-repeat":"repeat","background-position":"center center","background-size":"auto","background-attachment":"scroll","background-type":"","background-media":"","overlay-type":"","overlay-color":"","overlay-opacity":"","overlay-gradient":""},"mobile":{"background-color":"","background-image":"","background-repeat":"repeat","background-position":"center center","background-size":"auto","background-attachment":"scroll","background-type":"","background-media":"","overlay-type":"","overlay-color":"","overlay-opacity":"","overlay-gradient":""}},"ast-content-background-meta":{"desktop":{"background-color":"var(--ast-global-color-5)","background-image":"","background-repeat":"repeat","background-position":"center center","background-size":"auto","background-attachment":"scroll","background-type":"","background-media":"","overlay-type":"","overlay-color":"","overlay-opacity":"","overlay-gradient":""},"tablet":{"background-color":"var(--ast-global-color-5)","background-image":"","background-repeat":"repeat","background-position":"center center","background-size":"auto","background-attachment":"scroll","background-type":"","background-media":"","overlay-type":"","overlay-color":"","overlay-opacity":"","overlay-gradient":""},"mobile":{"background-color":"var(--ast-global-color-5)","background-image":"","background-repeat":"repeat","background-position":"center center","background-size":"auto","background-attachment":"scroll","background-type":"","background-media":"","overlay-type":"","overlay-color":"","overlay-opacity":"","overlay-gradient":""}},"footnotes":""},"categories":[532,118,375,55],"tags":[534,340,425,363],"class_list":["post-8647","post","type-post","status-publish","format-image","hentry","category-aeshna-cyanea","category-aeshnidae-france","category-curiosite","category-france","tag-aeshna-cyanea","tag-curiosite","tag-predation","tag-predation-sur-odonates","post_format-post-format-image"],"yoast_head":"<!-- This site is optimized with the Yoast SEO plugin v27.5 - https:\/\/yoast.com\/product\/yoast-seo-wordpress\/ -->\n<title>Aeshna cyanea m\u00e2le : destin tragique - Mes Libellules<\/title>\n<meta name=\"robots\" content=\"index, follow, max-snippet:-1, max-image-preview:large, max-video-preview:-1\" \/>\n<link rel=\"canonical\" href=\"https:\/\/www.meslibellules.fr\/blog\/2021\/04\/20\/aeshna-cyanea-male-destin-tragique\/\" \/>\n<meta property=\"og:locale\" content=\"fr_FR\" \/>\n<meta property=\"og:type\" content=\"article\" \/>\n<meta property=\"og:title\" content=\"Aeshna cyanea m\u00e2le : destin tragique - Mes Libellules\" \/>\n<meta property=\"og:description\" content=\"Le 15 septembre 2018 mon \u00e9pouse m&rsquo;a signal\u00e9 le comportement bizarre d&rsquo;une libellule devant la maison. Elle montrait un parcours erratique se posant \u00e0 peine une seconde sur l&rsquo;herbe ou les gravillons, pour aussit\u00f4t red\u00e9coller, monter \u00e0 2 ou 3 m\u00e8tres parfois avant de retomber. Tout cela \u00e9tait tr\u00e8s rapide et impossible \u00e0 identifier depuis [&hellip;]\" \/>\n<meta property=\"og:url\" content=\"https:\/\/www.meslibellules.fr\/blog\/2021\/04\/20\/aeshna-cyanea-male-destin-tragique\/\" \/>\n<meta property=\"og:site_name\" content=\"Mes Libellules\" \/>\n<meta property=\"article:publisher\" content=\"https:\/\/www.facebook.com\/benoit.guillon.96\/\" \/>\n<meta property=\"article:author\" content=\"https:\/\/www.facebook.com\/benoit.guillon.96\/\" \/>\n<meta property=\"article:published_time\" content=\"2021-04-20T06:36:05+00:00\" \/>\n<meta property=\"article:modified_time\" content=\"2026-04-14T19:44:26+00:00\" \/>\n<meta property=\"og:image\" content=\"https:\/\/www.meslibellules.fr\/blog\/wp-content\/uploads\/aeshna-cyanea-abdomen-ampute-1.jpg\" \/>\n\t<meta property=\"og:image:width\" content=\"1851\" \/>\n\t<meta property=\"og:image:height\" content=\"1204\" \/>\n\t<meta property=\"og:image:type\" content=\"image\/jpeg\" \/>\n<meta name=\"author\" content=\"Beno\u00eet Guillon\" \/>\n<meta name=\"twitter:card\" content=\"summary_large_image\" \/>\n<meta name=\"twitter:label1\" content=\"\u00c9crit par\" \/>\n\t<meta name=\"twitter:data1\" content=\"Beno\u00eet Guillon\" \/>\n\t<meta name=\"twitter:label2\" content=\"Dur\u00e9e de lecture estim\u00e9e\" \/>\n\t<meta name=\"twitter:data2\" content=\"8 minutes\" \/>\n<script type=\"application\/ld+json\" class=\"yoast-schema-graph\">{\"@context\":\"https:\\\/\\\/schema.org\",\"@graph\":[{\"@type\":\"Article\",\"@id\":\"https:\\\/\\\/www.meslibellules.fr\\\/blog\\\/2021\\\/04\\\/20\\\/aeshna-cyanea-male-destin-tragique\\\/#article\",\"isPartOf\":{\"@id\":\"https:\\\/\\\/www.meslibellules.fr\\\/blog\\\/2021\\\/04\\\/20\\\/aeshna-cyanea-male-destin-tragique\\\/\"},\"author\":{\"name\":\"Beno\u00eet Guillon\",\"@id\":\"https:\\\/\\\/www.meslibellules.fr\\\/blog\\\/#\\\/schema\\\/person\\\/9aa3586f9dd053fcf329f43b8b053c77\"},\"headline\":\"Aeshna cyanea m\u00e2le : destin tragique\",\"datePublished\":\"2021-04-20T06:36:05+00:00\",\"dateModified\":\"2026-04-14T19:44:26+00:00\",\"mainEntityOfPage\":{\"@id\":\"https:\\\/\\\/www.meslibellules.fr\\\/blog\\\/2021\\\/04\\\/20\\\/aeshna-cyanea-male-destin-tragique\\\/\"},\"wordCount\":462,\"commentCount\":0,\"publisher\":{\"@id\":\"https:\\\/\\\/www.meslibellules.fr\\\/blog\\\/#\\\/schema\\\/person\\\/9aa3586f9dd053fcf329f43b8b053c77\"},\"image\":{\"@id\":\"https:\\\/\\\/www.meslibellules.fr\\\/blog\\\/2021\\\/04\\\/20\\\/aeshna-cyanea-male-destin-tragique\\\/#primaryimage\"},\"thumbnailUrl\":\"https:\\\/\\\/www.meslibellules.fr\\\/blog\\\/wp-content\\\/uploads\\\/aeshna-cyanea-abdomen-ampute-1.jpg\",\"keywords\":[\"Aeshna cyanea\",\"Curiosit\u00e9\",\"Pr\u00e9dation\",\"Pr\u00e9dation sur odonates\"],\"articleSection\":[\"Aeshna cyanea\",\"Aeshnidae\",\"Curiosit\u00e9\",\"France\"],\"inLanguage\":\"fr-FR\",\"potentialAction\":[{\"@type\":\"CommentAction\",\"name\":\"Comment\",\"target\":[\"https:\\\/\\\/www.meslibellules.fr\\\/blog\\\/2021\\\/04\\\/20\\\/aeshna-cyanea-male-destin-tragique\\\/#respond\"]}]},{\"@type\":\"WebPage\",\"@id\":\"https:\\\/\\\/www.meslibellules.fr\\\/blog\\\/2021\\\/04\\\/20\\\/aeshna-cyanea-male-destin-tragique\\\/\",\"url\":\"https:\\\/\\\/www.meslibellules.fr\\\/blog\\\/2021\\\/04\\\/20\\\/aeshna-cyanea-male-destin-tragique\\\/\",\"name\":\"Aeshna cyanea m\u00e2le : destin tragique - Mes Libellules\",\"isPartOf\":{\"@id\":\"https:\\\/\\\/www.meslibellules.fr\\\/blog\\\/#website\"},\"primaryImageOfPage\":{\"@id\":\"https:\\\/\\\/www.meslibellules.fr\\\/blog\\\/2021\\\/04\\\/20\\\/aeshna-cyanea-male-destin-tragique\\\/#primaryimage\"},\"image\":{\"@id\":\"https:\\\/\\\/www.meslibellules.fr\\\/blog\\\/2021\\\/04\\\/20\\\/aeshna-cyanea-male-destin-tragique\\\/#primaryimage\"},\"thumbnailUrl\":\"https:\\\/\\\/www.meslibellules.fr\\\/blog\\\/wp-content\\\/uploads\\\/aeshna-cyanea-abdomen-ampute-1.jpg\",\"datePublished\":\"2021-04-20T06:36:05+00:00\",\"dateModified\":\"2026-04-14T19:44:26+00:00\",\"breadcrumb\":{\"@id\":\"https:\\\/\\\/www.meslibellules.fr\\\/blog\\\/2021\\\/04\\\/20\\\/aeshna-cyanea-male-destin-tragique\\\/#breadcrumb\"},\"inLanguage\":\"fr-FR\",\"potentialAction\":[{\"@type\":\"ReadAction\",\"target\":[\"https:\\\/\\\/www.meslibellules.fr\\\/blog\\\/2021\\\/04\\\/20\\\/aeshna-cyanea-male-destin-tragique\\\/\"]}]},{\"@type\":\"ImageObject\",\"inLanguage\":\"fr-FR\",\"@id\":\"https:\\\/\\\/www.meslibellules.fr\\\/blog\\\/2021\\\/04\\\/20\\\/aeshna-cyanea-male-destin-tragique\\\/#primaryimage\",\"url\":\"https:\\\/\\\/www.meslibellules.fr\\\/blog\\\/wp-content\\\/uploads\\\/aeshna-cyanea-abdomen-ampute-1.jpg\",\"contentUrl\":\"https:\\\/\\\/www.meslibellules.fr\\\/blog\\\/wp-content\\\/uploads\\\/aeshna-cyanea-abdomen-ampute-1.jpg\",\"width\":1851,\"height\":1204,\"caption\":\"Aeshna cyanea m\u00e2le, Beaupr\u00e9au en Mauges (France-49), 15\\\/09\\\/2018\"},{\"@type\":\"BreadcrumbList\",\"@id\":\"https:\\\/\\\/www.meslibellules.fr\\\/blog\\\/2021\\\/04\\\/20\\\/aeshna-cyanea-male-destin-tragique\\\/#breadcrumb\",\"itemListElement\":[{\"@type\":\"ListItem\",\"position\":1,\"name\":\"Accueil\",\"item\":\"https:\\\/\\\/www.meslibellules.fr\\\/blog\\\/\"},{\"@type\":\"ListItem\",\"position\":2,\"name\":\"Aeshna cyanea m\u00e2le : destin tragique\"}]},{\"@type\":\"WebSite\",\"@id\":\"https:\\\/\\\/www.meslibellules.fr\\\/blog\\\/#website\",\"url\":\"https:\\\/\\\/www.meslibellules.fr\\\/blog\\\/\",\"name\":\"Mes Libellules\",\"description\":\"Pr\u00e9sentation des libellules rencontr\u00e9es dans le monde\",\"publisher\":{\"@id\":\"https:\\\/\\\/www.meslibellules.fr\\\/blog\\\/#\\\/schema\\\/person\\\/9aa3586f9dd053fcf329f43b8b053c77\"},\"potentialAction\":[{\"@type\":\"SearchAction\",\"target\":{\"@type\":\"EntryPoint\",\"urlTemplate\":\"https:\\\/\\\/www.meslibellules.fr\\\/blog\\\/?s={search_term_string}\"},\"query-input\":{\"@type\":\"PropertyValueSpecification\",\"valueRequired\":true,\"valueName\":\"search_term_string\"}}],\"inLanguage\":\"fr-FR\"},{\"@type\":[\"Person\",\"Organization\"],\"@id\":\"https:\\\/\\\/www.meslibellules.fr\\\/blog\\\/#\\\/schema\\\/person\\\/9aa3586f9dd053fcf329f43b8b053c77\",\"name\":\"Beno\u00eet Guillon\",\"image\":{\"@type\":\"ImageObject\",\"inLanguage\":\"fr-FR\",\"@id\":\"https:\\\/\\\/www.meslibellules.fr\\\/blog\\\/wp-content\\\/uploads\\\/cropped-avatar-150-pix.jpg\",\"url\":\"https:\\\/\\\/www.meslibellules.fr\\\/blog\\\/wp-content\\\/uploads\\\/cropped-avatar-150-pix.jpg\",\"contentUrl\":\"https:\\\/\\\/www.meslibellules.fr\\\/blog\\\/wp-content\\\/uploads\\\/cropped-avatar-150-pix.jpg\",\"width\":150,\"height\":137,\"caption\":\"Beno\u00eet Guillon\"},\"logo\":{\"@id\":\"https:\\\/\\\/www.meslibellules.fr\\\/blog\\\/wp-content\\\/uploads\\\/cropped-avatar-150-pix.jpg\"},\"sameAs\":[\"https:\\\/\\\/www.facebook.com\\\/benoit.guillon.96\\\/\"]}]}<\/script>\n<!-- \/ Yoast SEO plugin. -->","yoast_head_json":{"title":"Aeshna cyanea m\u00e2le : destin tragique - Mes Libellules","robots":{"index":"index","follow":"follow","max-snippet":"max-snippet:-1","max-image-preview":"max-image-preview:large","max-video-preview":"max-video-preview:-1"},"canonical":"https:\/\/www.meslibellules.fr\/blog\/2021\/04\/20\/aeshna-cyanea-male-destin-tragique\/","og_locale":"fr_FR","og_type":"article","og_title":"Aeshna cyanea m\u00e2le : destin tragique - Mes Libellules","og_description":"Le 15 septembre 2018 mon \u00e9pouse m&rsquo;a signal\u00e9 le comportement bizarre d&rsquo;une libellule devant la maison. Elle montrait un parcours erratique se posant \u00e0 peine une seconde sur l&rsquo;herbe ou les gravillons, pour aussit\u00f4t red\u00e9coller, monter \u00e0 2 ou 3 m\u00e8tres parfois avant de retomber. Tout cela \u00e9tait tr\u00e8s rapide et impossible \u00e0 identifier depuis [&hellip;]","og_url":"https:\/\/www.meslibellules.fr\/blog\/2021\/04\/20\/aeshna-cyanea-male-destin-tragique\/","og_site_name":"Mes Libellules","article_publisher":"https:\/\/www.facebook.com\/benoit.guillon.96\/","article_author":"https:\/\/www.facebook.com\/benoit.guillon.96\/","article_published_time":"2021-04-20T06:36:05+00:00","article_modified_time":"2026-04-14T19:44:26+00:00","og_image":[{"width":1851,"height":1204,"url":"https:\/\/www.meslibellules.fr\/blog\/wp-content\/uploads\/aeshna-cyanea-abdomen-ampute-1.jpg","type":"image\/jpeg"}],"author":"Beno\u00eet Guillon","twitter_card":"summary_large_image","twitter_misc":{"\u00c9crit par":"Beno\u00eet Guillon","Dur\u00e9e de lecture estim\u00e9e":"8 minutes"},"schema":{"@context":"https:\/\/schema.org","@graph":[{"@type":"Article","@id":"https:\/\/www.meslibellules.fr\/blog\/2021\/04\/20\/aeshna-cyanea-male-destin-tragique\/#article","isPartOf":{"@id":"https:\/\/www.meslibellules.fr\/blog\/2021\/04\/20\/aeshna-cyanea-male-destin-tragique\/"},"author":{"name":"Beno\u00eet Guillon","@id":"https:\/\/www.meslibellules.fr\/blog\/#\/schema\/person\/9aa3586f9dd053fcf329f43b8b053c77"},"headline":"Aeshna cyanea m\u00e2le : destin tragique","datePublished":"2021-04-20T06:36:05+00:00","dateModified":"2026-04-14T19:44:26+00:00","mainEntityOfPage":{"@id":"https:\/\/www.meslibellules.fr\/blog\/2021\/04\/20\/aeshna-cyanea-male-destin-tragique\/"},"wordCount":462,"commentCount":0,"publisher":{"@id":"https:\/\/www.meslibellules.fr\/blog\/#\/schema\/person\/9aa3586f9dd053fcf329f43b8b053c77"},"image":{"@id":"https:\/\/www.meslibellules.fr\/blog\/2021\/04\/20\/aeshna-cyanea-male-destin-tragique\/#primaryimage"},"thumbnailUrl":"https:\/\/www.meslibellules.fr\/blog\/wp-content\/uploads\/aeshna-cyanea-abdomen-ampute-1.jpg","keywords":["Aeshna cyanea","Curiosit\u00e9","Pr\u00e9dation","Pr\u00e9dation sur odonates"],"articleSection":["Aeshna cyanea","Aeshnidae","Curiosit\u00e9","France"],"inLanguage":"fr-FR","potentialAction":[{"@type":"CommentAction","name":"Comment","target":["https:\/\/www.meslibellules.fr\/blog\/2021\/04\/20\/aeshna-cyanea-male-destin-tragique\/#respond"]}]},{"@type":"WebPage","@id":"https:\/\/www.meslibellules.fr\/blog\/2021\/04\/20\/aeshna-cyanea-male-destin-tragique\/","url":"https:\/\/www.meslibellules.fr\/blog\/2021\/04\/20\/aeshna-cyanea-male-destin-tragique\/","name":"Aeshna cyanea m\u00e2le : destin tragique - Mes Libellules","isPartOf":{"@id":"https:\/\/www.meslibellules.fr\/blog\/#website"},"primaryImageOfPage":{"@id":"https:\/\/www.meslibellules.fr\/blog\/2021\/04\/20\/aeshna-cyanea-male-destin-tragique\/#primaryimage"},"image":{"@id":"https:\/\/www.meslibellules.fr\/blog\/2021\/04\/20\/aeshna-cyanea-male-destin-tragique\/#primaryimage"},"thumbnailUrl":"https:\/\/www.meslibellules.fr\/blog\/wp-content\/uploads\/aeshna-cyanea-abdomen-ampute-1.jpg","datePublished":"2021-04-20T06:36:05+00:00","dateModified":"2026-04-14T19:44:26+00:00","breadcrumb":{"@id":"https:\/\/www.meslibellules.fr\/blog\/2021\/04\/20\/aeshna-cyanea-male-destin-tragique\/#breadcrumb"},"inLanguage":"fr-FR","potentialAction":[{"@type":"ReadAction","target":["https:\/\/www.meslibellules.fr\/blog\/2021\/04\/20\/aeshna-cyanea-male-destin-tragique\/"]}]},{"@type":"ImageObject","inLanguage":"fr-FR","@id":"https:\/\/www.meslibellules.fr\/blog\/2021\/04\/20\/aeshna-cyanea-male-destin-tragique\/#primaryimage","url":"https:\/\/www.meslibellules.fr\/blog\/wp-content\/uploads\/aeshna-cyanea-abdomen-ampute-1.jpg","contentUrl":"https:\/\/www.meslibellules.fr\/blog\/wp-content\/uploads\/aeshna-cyanea-abdomen-ampute-1.jpg","width":1851,"height":1204,"caption":"Aeshna cyanea m\u00e2le, Beaupr\u00e9au en Mauges (France-49), 15\/09\/2018"},{"@type":"BreadcrumbList","@id":"https:\/\/www.meslibellules.fr\/blog\/2021\/04\/20\/aeshna-cyanea-male-destin-tragique\/#breadcrumb","itemListElement":[{"@type":"ListItem","position":1,"name":"Accueil","item":"https:\/\/www.meslibellules.fr\/blog\/"},{"@type":"ListItem","position":2,"name":"Aeshna cyanea m\u00e2le : destin tragique"}]},{"@type":"WebSite","@id":"https:\/\/www.meslibellules.fr\/blog\/#website","url":"https:\/\/www.meslibellules.fr\/blog\/","name":"Mes Libellules","description":"Pr\u00e9sentation des libellules rencontr\u00e9es dans le monde","publisher":{"@id":"https:\/\/www.meslibellules.fr\/blog\/#\/schema\/person\/9aa3586f9dd053fcf329f43b8b053c77"},"potentialAction":[{"@type":"SearchAction","target":{"@type":"EntryPoint","urlTemplate":"https:\/\/www.meslibellules.fr\/blog\/?s={search_term_string}"},"query-input":{"@type":"PropertyValueSpecification","valueRequired":true,"valueName":"search_term_string"}}],"inLanguage":"fr-FR"},{"@type":["Person","Organization"],"@id":"https:\/\/www.meslibellules.fr\/blog\/#\/schema\/person\/9aa3586f9dd053fcf329f43b8b053c77","name":"Beno\u00eet Guillon","image":{"@type":"ImageObject","inLanguage":"fr-FR","@id":"https:\/\/www.meslibellules.fr\/blog\/wp-content\/uploads\/cropped-avatar-150-pix.jpg","url":"https:\/\/www.meslibellules.fr\/blog\/wp-content\/uploads\/cropped-avatar-150-pix.jpg","contentUrl":"https:\/\/www.meslibellules.fr\/blog\/wp-content\/uploads\/cropped-avatar-150-pix.jpg","width":150,"height":137,"caption":"Beno\u00eet Guillon"},"logo":{"@id":"https:\/\/www.meslibellules.fr\/blog\/wp-content\/uploads\/cropped-avatar-150-pix.jpg"},"sameAs":["https:\/\/www.facebook.com\/benoit.guillon.96\/"]}]}},"_links":{"self":[{"href":"https:\/\/www.meslibellules.fr\/blog\/wp-json\/wp\/v2\/posts\/8647","targetHints":{"allow":["GET"]}}],"collection":[{"href":"https:\/\/www.meslibellules.fr\/blog\/wp-json\/wp\/v2\/posts"}],"about":[{"href":"https:\/\/www.meslibellules.fr\/blog\/wp-json\/wp\/v2\/types\/post"}],"author":[{"embeddable":true,"href":"https:\/\/www.meslibellules.fr\/blog\/wp-json\/wp\/v2\/users\/1"}],"replies":[{"embeddable":true,"href":"https:\/\/www.meslibellules.fr\/blog\/wp-json\/wp\/v2\/comments?post=8647"}],"version-history":[{"count":1,"href":"https:\/\/www.meslibellules.fr\/blog\/wp-json\/wp\/v2\/posts\/8647\/revisions"}],"predecessor-version":[{"id":28933,"href":"https:\/\/www.meslibellules.fr\/blog\/wp-json\/wp\/v2\/posts\/8647\/revisions\/28933"}],"wp:attachment":[{"href":"https:\/\/www.meslibellules.fr\/blog\/wp-json\/wp\/v2\/media?parent=8647"}],"wp:term":[{"taxonomy":"category","embeddable":true,"href":"https:\/\/www.meslibellules.fr\/blog\/wp-json\/wp\/v2\/categories?post=8647"},{"taxonomy":"post_tag","embeddable":true,"href":"https:\/\/www.meslibellules.fr\/blog\/wp-json\/wp\/v2\/tags?post=8647"}],"curies":[{"name":"wp","href":"https:\/\/api.w.org\/{rel}","templated":true}]}}