{"id":877,"date":"2018-09-11T14:09:42","date_gmt":"2018-09-11T12:09:42","guid":{"rendered":"http:\/\/www.meslibellules.fr\/blog\/?p=877"},"modified":"2025-02-04T07:52:53","modified_gmt":"2025-02-04T06:52:53","slug":"vietnam-2018-idionyx-thailandica","status":"publish","type":"post","link":"https:\/\/www.meslibellules.fr\/blog\/2018\/09\/11\/vietnam-2018-idionyx-thailandica\/","title":{"rendered":"Vietnam 2018 &#8211; Idionyx thailandica (H\u00e4m\u00e4l\u00e4inen, 1985)"},"content":{"rendered":"\n<p style=\"font-size:15px\">Idionyx thailandica (Corduliidae) \u00e9tait connu uniquement en\u2026 Tha\u00eflande jusqu&rsquo;en avril 2017 et la publication &nbsp;\u00ab\u00a0Odonata checklist from Son Tra Nature Reserve,&nbsp;Da Nang city, central Vietnam\u00a0\u00bb par&nbsp;Quoc Toan Phan &amp; Van Quang To en janvier 2018 a mis fin \u00e0 cet end\u00e9misme provisoire. Dans ce document, les auteurs rel\u00e8vent cependant un doute important quant \u00e0 la validit\u00e9 de cette esp\u00e8ce en raison de sa tr\u00e8s grande proximit\u00e9 avec <em>Idionyx victor<\/em> dont les appendices anaux sont extr\u00eamement proches&#8230;<\/p>\n\n\n\n<p><\/p>\n\n\n\n<figure class=\"wp-block-image aligncenter is-resized\"><a href=\"https:\/\/www.meslibellules.fr\/blog\/wp-content\/uploads\/2018\/09\/idionyx-thailandica-16.jpg\"><img decoding=\"async\" width=\"762\" height=\"600\" data-src=\"https:\/\/www.meslibellules.fr\/blog\/wp-content\/uploads\/2018\/09\/idionyx-thailandica-16.jpg\" alt=\"Idionyx thailandica femelle, Vietnam, Cuc Phuong, 13 juin 2018\" class=\"wp-image-879 lazyload\" style=\"--smush-placeholder-width: 762px; --smush-placeholder-aspect-ratio: 762\/600;width:675px;height:auto\" data-srcset=\"https:\/\/www.meslibellules.fr\/blog\/wp-content\/uploads\/2018\/09\/idionyx-thailandica-16.jpg 762w, https:\/\/www.meslibellules.fr\/blog\/wp-content\/uploads\/2018\/09\/idionyx-thailandica-16-300x236.jpg 300w\" data-sizes=\"(max-width: 762px) 100vw, 762px\" src=\"data:image\/svg+xml;base64,PHN2ZyB3aWR0aD0iMSIgaGVpZ2h0PSIxIiB4bWxucz0iaHR0cDovL3d3dy53My5vcmcvMjAwMC9zdmciPjwvc3ZnPg==\" \/><\/a><figcaption class=\"wp-element-caption\">Idionyx thailandica femelle, Vietnam, Cuc Phuong, 13 juin 2018<\/figcaption><\/figure>\n\n\n\n<p style=\"font-size:15px\">Si on se rapporte \u00e0 la description originale de l&rsquo;esp\u00e8ce Idionyx thailandica par M. HAMALAINEN, 1985 la femelle mesure environ 43 mm.<br>Comme pour de nombreuses (toutes\u202f?) femelles Idionyx, la base des ailes est fortement ambr\u00e9e. Et contrairement \u00e0 l&rsquo;autre esp\u00e8ce observ\u00e9e au Vietnam, I. carinata, celle-ci ne montre pas d&rsquo;\u00e9pine ou de corne sur le front.<br>C&rsquo;est une esp\u00e8ce qui fr\u00e9quente les rivi\u00e8res de for\u00eat en montagne, et comme d\u00e9j\u00e0 indiqu\u00e9, sa distribution g\u00e9ographique la limite actuellement \u00e0 la Tha\u00eflande et au Vietnam, mais aussi au Laos selon l&rsquo;IUCN.<br><a href=\"https:\/\/www.iucnredlist.org\/species\/174544\/7085608#geographic-range\">IUCN Red List<\/a>.<br><br>En 2025, alors que je r\u00e9dige l&rsquo;article consacr\u00e9 \u00e0 cette esp\u00e8ce, cette fois en Tha\u00eflande, je m&rsquo;aper\u00e7ois qu&rsquo;elle a chang\u00e9 de sexe, passant du f\u00e9minin <em>thailandica <\/em>au masculin <em>thailandicus<\/em>, je n&rsquo;en connais pas l&rsquo;explication.<\/p>\n\n\n\n\n\n<div class=\"wp-block-buttons is-vertical is-layout-flex wp-container-core-buttons-is-layout-fe9cc265 wp-block-buttons-is-layout-flex\">\n<div class=\"wp-block-button\"><a class=\"wp-block-button__link wp-element-button\" href=\"https:\/\/www.meslibellules.fr\/blog\/odonates-du-vietnam-2012-2018\/\">Accueil Vietnam<\/a><\/div>\n\n\n\n<div class=\"wp-block-button\"><a class=\"wp-block-button__link wp-element-button\" href=\"http:\/\/www.meslibellules.fr\/pagesweb\/divers\/liste-generale-odonates-du-site\/asia-odonates.php\">Liste Asie<\/a><\/div>\n\n\n\n<div class=\"wp-block-button\"><a class=\"wp-block-button__link wp-element-button\" href=\"https:\/\/www.meslibellules.fr\/blog\/\">Accueil<\/a><\/div>\n<\/div>\n","protected":false},"excerpt":{"rendered":"<p>Idionyx thailandica (Corduliidae) \u00e9tait connu uniquement en\u2026 Tha\u00eflande jusqu&rsquo;en avril 2017 et la publication &nbsp;\u00ab\u00a0Odonata checklist from Son Tra Nature Reserve,&nbsp;Da Nang city, central Vietnam\u00a0\u00bb par&nbsp;Quoc Toan Phan &amp; Van Quang To en janvier 2018 a mis fin \u00e0 cet end\u00e9misme provisoire. Dans ce document, les auteurs rel\u00e8vent cependant un doute important quant \u00e0 la [&hellip;]<\/p>\n","protected":false},"author":1,"featured_media":0,"comment_status":"open","ping_status":"open","sticky":false,"template":"","format":"image","meta":{"site-sidebar-layout":"default","site-content-layout":"","ast-site-content-layout":"default","site-content-style":"default","site-sidebar-style":"default","ast-global-header-display":"","ast-banner-title-visibility":"","ast-main-header-display":"","ast-hfb-above-header-display":"","ast-hfb-below-header-display":"","ast-hfb-mobile-header-display":"","site-post-title":"","ast-breadcrumbs-content":"","ast-featured-img":"","footer-sml-layout":"","ast-disable-related-posts":"","theme-transparent-header-meta":"","adv-header-id-meta":"","stick-header-meta":"","header-above-stick-meta":"","header-main-stick-meta":"","header-below-stick-meta":"","astra-migrate-meta-layouts":"set","ast-page-background-enabled":"default","ast-page-background-meta":{"desktop":{"background-color":"var(--ast-global-color-4)","background-image":"","background-repeat":"repeat","background-position":"center center","background-size":"auto","background-attachment":"scroll","background-type":"","background-media":"","overlay-type":"","overlay-color":"","overlay-opacity":"","overlay-gradient":""},"tablet":{"background-color":"","background-image":"","background-repeat":"repeat","background-position":"center center","background-size":"auto","background-attachment":"scroll","background-type":"","background-media":"","overlay-type":"","overlay-color":"","overlay-opacity":"","overlay-gradient":""},"mobile":{"background-color":"","background-image":"","background-repeat":"repeat","background-position":"center center","background-size":"auto","background-attachment":"scroll","background-type":"","background-media":"","overlay-type":"","overlay-color":"","overlay-opacity":"","overlay-gradient":""}},"ast-content-background-meta":{"desktop":{"background-color":"var(--ast-global-color-5)","background-image":"","background-repeat":"repeat","background-position":"center center","background-size":"auto","background-attachment":"scroll","background-type":"","background-media":"","overlay-type":"","overlay-color":"","overlay-opacity":"","overlay-gradient":""},"tablet":{"background-color":"var(--ast-global-color-5)","background-image":"","background-repeat":"repeat","background-position":"center center","background-size":"auto","background-attachment":"scroll","background-type":"","background-media":"","overlay-type":"","overlay-color":"","overlay-opacity":"","overlay-gradient":""},"mobile":{"background-color":"var(--ast-global-color-5)","background-image":"","background-repeat":"repeat","background-position":"center center","background-size":"auto","background-attachment":"scroll","background-type":"","background-media":"","overlay-type":"","overlay-color":"","overlay-opacity":"","overlay-gradient":""}},"footnotes":""},"categories":[63,54],"tags":[],"class_list":["post-877","post","type-post","status-publish","format-image","hentry","category-synthemistidae","category-vietnam","post_format-post-format-image"],"yoast_head":"<!-- This site is optimized with the Yoast SEO plugin v27.5 - https:\/\/yoast.com\/product\/yoast-seo-wordpress\/ -->\n<title>Idionyx thailandica - Mes Libellules<\/title>\n<meta name=\"description\" content=\"Idionyx thailandica femelle au Vietnam, description, identification, taille, habitat, distribution g\u00e9ographique\" \/>\n<meta name=\"robots\" content=\"index, follow, max-snippet:-1, max-image-preview:large, max-video-preview:-1\" \/>\n<link rel=\"canonical\" href=\"https:\/\/www.meslibellules.fr\/blog\/2018\/09\/11\/vietnam-2018-idionyx-thailandica\/\" \/>\n<meta property=\"og:locale\" content=\"fr_FR\" \/>\n<meta property=\"og:type\" content=\"article\" \/>\n<meta property=\"og:title\" content=\"Idionyx thailandica - Mes Libellules\" \/>\n<meta property=\"og:description\" content=\"Idionyx thailandica femelle au Vietnam, description, identification, taille, habitat, distribution g\u00e9ographique\" \/>\n<meta property=\"og:url\" content=\"https:\/\/www.meslibellules.fr\/blog\/2018\/09\/11\/vietnam-2018-idionyx-thailandica\/\" \/>\n<meta property=\"og:site_name\" content=\"Mes Libellules\" \/>\n<meta property=\"article:publisher\" content=\"https:\/\/www.facebook.com\/benoit.guillon.96\/\" \/>\n<meta property=\"article:author\" content=\"https:\/\/www.facebook.com\/benoit.guillon.96\/\" \/>\n<meta property=\"article:published_time\" content=\"2018-09-11T12:09:42+00:00\" \/>\n<meta property=\"article:modified_time\" content=\"2025-02-04T06:52:53+00:00\" \/>\n<meta property=\"og:image\" content=\"http:\/\/www.meslibellules.fr\/blog\/wp-content\/uploads\/2018\/09\/idionyx-thailandica-16.jpg\" \/>\n<meta name=\"author\" content=\"Beno\u00eet Guillon\" \/>\n<meta name=\"twitter:card\" content=\"summary_large_image\" \/>\n<meta name=\"twitter:label1\" content=\"\u00c9crit par\" \/>\n\t<meta name=\"twitter:data1\" content=\"Beno\u00eet Guillon\" \/>\n\t<meta name=\"twitter:label2\" content=\"Dur\u00e9e de lecture estim\u00e9e\" \/>\n\t<meta name=\"twitter:data2\" content=\"3 minutes\" \/>\n<script type=\"application\/ld+json\" class=\"yoast-schema-graph\">{\"@context\":\"https:\\\/\\\/schema.org\",\"@graph\":[{\"@type\":\"Article\",\"@id\":\"https:\\\/\\\/www.meslibellules.fr\\\/blog\\\/2018\\\/09\\\/11\\\/vietnam-2018-idionyx-thailandica\\\/#article\",\"isPartOf\":{\"@id\":\"https:\\\/\\\/www.meslibellules.fr\\\/blog\\\/2018\\\/09\\\/11\\\/vietnam-2018-idionyx-thailandica\\\/\"},\"author\":{\"name\":\"Beno\u00eet Guillon\",\"@id\":\"https:\\\/\\\/www.meslibellules.fr\\\/blog\\\/#\\\/schema\\\/person\\\/9aa3586f9dd053fcf329f43b8b053c77\"},\"headline\":\"Vietnam 2018 &#8211; Idionyx thailandica (H\u00e4m\u00e4l\u00e4inen, 1985)\",\"datePublished\":\"2018-09-11T12:09:42+00:00\",\"dateModified\":\"2025-02-04T06:52:53+00:00\",\"mainEntityOfPage\":{\"@id\":\"https:\\\/\\\/www.meslibellules.fr\\\/blog\\\/2018\\\/09\\\/11\\\/vietnam-2018-idionyx-thailandica\\\/\"},\"wordCount\":245,\"commentCount\":0,\"publisher\":{\"@id\":\"https:\\\/\\\/www.meslibellules.fr\\\/blog\\\/#\\\/schema\\\/person\\\/9aa3586f9dd053fcf329f43b8b053c77\"},\"image\":{\"@id\":\"https:\\\/\\\/www.meslibellules.fr\\\/blog\\\/2018\\\/09\\\/11\\\/vietnam-2018-idionyx-thailandica\\\/#primaryimage\"},\"thumbnailUrl\":\"http:\\\/\\\/www.meslibellules.fr\\\/blog\\\/wp-content\\\/uploads\\\/2018\\\/09\\\/idionyx-thailandica-16.jpg\",\"articleSection\":[\"Synthemistidae\",\"Vietnam\"],\"inLanguage\":\"fr-FR\",\"potentialAction\":[{\"@type\":\"CommentAction\",\"name\":\"Comment\",\"target\":[\"https:\\\/\\\/www.meslibellules.fr\\\/blog\\\/2018\\\/09\\\/11\\\/vietnam-2018-idionyx-thailandica\\\/#respond\"]}]},{\"@type\":\"WebPage\",\"@id\":\"https:\\\/\\\/www.meslibellules.fr\\\/blog\\\/2018\\\/09\\\/11\\\/vietnam-2018-idionyx-thailandica\\\/\",\"url\":\"https:\\\/\\\/www.meslibellules.fr\\\/blog\\\/2018\\\/09\\\/11\\\/vietnam-2018-idionyx-thailandica\\\/\",\"name\":\"Idionyx thailandica - Mes Libellules\",\"isPartOf\":{\"@id\":\"https:\\\/\\\/www.meslibellules.fr\\\/blog\\\/#website\"},\"primaryImageOfPage\":{\"@id\":\"https:\\\/\\\/www.meslibellules.fr\\\/blog\\\/2018\\\/09\\\/11\\\/vietnam-2018-idionyx-thailandica\\\/#primaryimage\"},\"image\":{\"@id\":\"https:\\\/\\\/www.meslibellules.fr\\\/blog\\\/2018\\\/09\\\/11\\\/vietnam-2018-idionyx-thailandica\\\/#primaryimage\"},\"thumbnailUrl\":\"http:\\\/\\\/www.meslibellules.fr\\\/blog\\\/wp-content\\\/uploads\\\/2018\\\/09\\\/idionyx-thailandica-16.jpg\",\"datePublished\":\"2018-09-11T12:09:42+00:00\",\"dateModified\":\"2025-02-04T06:52:53+00:00\",\"description\":\"Idionyx thailandica femelle au Vietnam, description, identification, taille, habitat, distribution g\u00e9ographique\",\"breadcrumb\":{\"@id\":\"https:\\\/\\\/www.meslibellules.fr\\\/blog\\\/2018\\\/09\\\/11\\\/vietnam-2018-idionyx-thailandica\\\/#breadcrumb\"},\"inLanguage\":\"fr-FR\",\"potentialAction\":[{\"@type\":\"ReadAction\",\"target\":[\"https:\\\/\\\/www.meslibellules.fr\\\/blog\\\/2018\\\/09\\\/11\\\/vietnam-2018-idionyx-thailandica\\\/\"]}]},{\"@type\":\"ImageObject\",\"inLanguage\":\"fr-FR\",\"@id\":\"https:\\\/\\\/www.meslibellules.fr\\\/blog\\\/2018\\\/09\\\/11\\\/vietnam-2018-idionyx-thailandica\\\/#primaryimage\",\"url\":\"http:\\\/\\\/www.meslibellules.fr\\\/blog\\\/wp-content\\\/uploads\\\/2018\\\/09\\\/idionyx-thailandica-16.jpg\",\"contentUrl\":\"http:\\\/\\\/www.meslibellules.fr\\\/blog\\\/wp-content\\\/uploads\\\/2018\\\/09\\\/idionyx-thailandica-16.jpg\"},{\"@type\":\"BreadcrumbList\",\"@id\":\"https:\\\/\\\/www.meslibellules.fr\\\/blog\\\/2018\\\/09\\\/11\\\/vietnam-2018-idionyx-thailandica\\\/#breadcrumb\",\"itemListElement\":[{\"@type\":\"ListItem\",\"position\":1,\"name\":\"Accueil\",\"item\":\"https:\\\/\\\/www.meslibellules.fr\\\/blog\\\/\"},{\"@type\":\"ListItem\",\"position\":2,\"name\":\"Vietnam 2018 &#8211; Idionyx thailandica (H\u00e4m\u00e4l\u00e4inen, 1985)\"}]},{\"@type\":\"WebSite\",\"@id\":\"https:\\\/\\\/www.meslibellules.fr\\\/blog\\\/#website\",\"url\":\"https:\\\/\\\/www.meslibellules.fr\\\/blog\\\/\",\"name\":\"Mes Libellules\",\"description\":\"Pr\u00e9sentation des libellules rencontr\u00e9es dans le monde\",\"publisher\":{\"@id\":\"https:\\\/\\\/www.meslibellules.fr\\\/blog\\\/#\\\/schema\\\/person\\\/9aa3586f9dd053fcf329f43b8b053c77\"},\"potentialAction\":[{\"@type\":\"SearchAction\",\"target\":{\"@type\":\"EntryPoint\",\"urlTemplate\":\"https:\\\/\\\/www.meslibellules.fr\\\/blog\\\/?s={search_term_string}\"},\"query-input\":{\"@type\":\"PropertyValueSpecification\",\"valueRequired\":true,\"valueName\":\"search_term_string\"}}],\"inLanguage\":\"fr-FR\"},{\"@type\":[\"Person\",\"Organization\"],\"@id\":\"https:\\\/\\\/www.meslibellules.fr\\\/blog\\\/#\\\/schema\\\/person\\\/9aa3586f9dd053fcf329f43b8b053c77\",\"name\":\"Beno\u00eet Guillon\",\"image\":{\"@type\":\"ImageObject\",\"inLanguage\":\"fr-FR\",\"@id\":\"https:\\\/\\\/www.meslibellules.fr\\\/blog\\\/wp-content\\\/uploads\\\/cropped-avatar-150-pix.jpg\",\"url\":\"https:\\\/\\\/www.meslibellules.fr\\\/blog\\\/wp-content\\\/uploads\\\/cropped-avatar-150-pix.jpg\",\"contentUrl\":\"https:\\\/\\\/www.meslibellules.fr\\\/blog\\\/wp-content\\\/uploads\\\/cropped-avatar-150-pix.jpg\",\"width\":150,\"height\":137,\"caption\":\"Beno\u00eet Guillon\"},\"logo\":{\"@id\":\"https:\\\/\\\/www.meslibellules.fr\\\/blog\\\/wp-content\\\/uploads\\\/cropped-avatar-150-pix.jpg\"},\"sameAs\":[\"https:\\\/\\\/www.facebook.com\\\/benoit.guillon.96\\\/\"]}]}<\/script>\n<!-- \/ Yoast SEO plugin. -->","yoast_head_json":{"title":"Idionyx thailandica - Mes Libellules","description":"Idionyx thailandica femelle au Vietnam, description, identification, taille, habitat, distribution g\u00e9ographique","robots":{"index":"index","follow":"follow","max-snippet":"max-snippet:-1","max-image-preview":"max-image-preview:large","max-video-preview":"max-video-preview:-1"},"canonical":"https:\/\/www.meslibellules.fr\/blog\/2018\/09\/11\/vietnam-2018-idionyx-thailandica\/","og_locale":"fr_FR","og_type":"article","og_title":"Idionyx thailandica - Mes Libellules","og_description":"Idionyx thailandica femelle au Vietnam, description, identification, taille, habitat, distribution g\u00e9ographique","og_url":"https:\/\/www.meslibellules.fr\/blog\/2018\/09\/11\/vietnam-2018-idionyx-thailandica\/","og_site_name":"Mes Libellules","article_publisher":"https:\/\/www.facebook.com\/benoit.guillon.96\/","article_author":"https:\/\/www.facebook.com\/benoit.guillon.96\/","article_published_time":"2018-09-11T12:09:42+00:00","article_modified_time":"2025-02-04T06:52:53+00:00","og_image":[{"url":"http:\/\/www.meslibellules.fr\/blog\/wp-content\/uploads\/2018\/09\/idionyx-thailandica-16.jpg","type":"","width":"","height":""}],"author":"Beno\u00eet Guillon","twitter_card":"summary_large_image","twitter_misc":{"\u00c9crit par":"Beno\u00eet Guillon","Dur\u00e9e de lecture estim\u00e9e":"3 minutes"},"schema":{"@context":"https:\/\/schema.org","@graph":[{"@type":"Article","@id":"https:\/\/www.meslibellules.fr\/blog\/2018\/09\/11\/vietnam-2018-idionyx-thailandica\/#article","isPartOf":{"@id":"https:\/\/www.meslibellules.fr\/blog\/2018\/09\/11\/vietnam-2018-idionyx-thailandica\/"},"author":{"name":"Beno\u00eet Guillon","@id":"https:\/\/www.meslibellules.fr\/blog\/#\/schema\/person\/9aa3586f9dd053fcf329f43b8b053c77"},"headline":"Vietnam 2018 &#8211; Idionyx thailandica (H\u00e4m\u00e4l\u00e4inen, 1985)","datePublished":"2018-09-11T12:09:42+00:00","dateModified":"2025-02-04T06:52:53+00:00","mainEntityOfPage":{"@id":"https:\/\/www.meslibellules.fr\/blog\/2018\/09\/11\/vietnam-2018-idionyx-thailandica\/"},"wordCount":245,"commentCount":0,"publisher":{"@id":"https:\/\/www.meslibellules.fr\/blog\/#\/schema\/person\/9aa3586f9dd053fcf329f43b8b053c77"},"image":{"@id":"https:\/\/www.meslibellules.fr\/blog\/2018\/09\/11\/vietnam-2018-idionyx-thailandica\/#primaryimage"},"thumbnailUrl":"http:\/\/www.meslibellules.fr\/blog\/wp-content\/uploads\/2018\/09\/idionyx-thailandica-16.jpg","articleSection":["Synthemistidae","Vietnam"],"inLanguage":"fr-FR","potentialAction":[{"@type":"CommentAction","name":"Comment","target":["https:\/\/www.meslibellules.fr\/blog\/2018\/09\/11\/vietnam-2018-idionyx-thailandica\/#respond"]}]},{"@type":"WebPage","@id":"https:\/\/www.meslibellules.fr\/blog\/2018\/09\/11\/vietnam-2018-idionyx-thailandica\/","url":"https:\/\/www.meslibellules.fr\/blog\/2018\/09\/11\/vietnam-2018-idionyx-thailandica\/","name":"Idionyx thailandica - Mes Libellules","isPartOf":{"@id":"https:\/\/www.meslibellules.fr\/blog\/#website"},"primaryImageOfPage":{"@id":"https:\/\/www.meslibellules.fr\/blog\/2018\/09\/11\/vietnam-2018-idionyx-thailandica\/#primaryimage"},"image":{"@id":"https:\/\/www.meslibellules.fr\/blog\/2018\/09\/11\/vietnam-2018-idionyx-thailandica\/#primaryimage"},"thumbnailUrl":"http:\/\/www.meslibellules.fr\/blog\/wp-content\/uploads\/2018\/09\/idionyx-thailandica-16.jpg","datePublished":"2018-09-11T12:09:42+00:00","dateModified":"2025-02-04T06:52:53+00:00","description":"Idionyx thailandica femelle au Vietnam, description, identification, taille, habitat, distribution g\u00e9ographique","breadcrumb":{"@id":"https:\/\/www.meslibellules.fr\/blog\/2018\/09\/11\/vietnam-2018-idionyx-thailandica\/#breadcrumb"},"inLanguage":"fr-FR","potentialAction":[{"@type":"ReadAction","target":["https:\/\/www.meslibellules.fr\/blog\/2018\/09\/11\/vietnam-2018-idionyx-thailandica\/"]}]},{"@type":"ImageObject","inLanguage":"fr-FR","@id":"https:\/\/www.meslibellules.fr\/blog\/2018\/09\/11\/vietnam-2018-idionyx-thailandica\/#primaryimage","url":"http:\/\/www.meslibellules.fr\/blog\/wp-content\/uploads\/2018\/09\/idionyx-thailandica-16.jpg","contentUrl":"http:\/\/www.meslibellules.fr\/blog\/wp-content\/uploads\/2018\/09\/idionyx-thailandica-16.jpg"},{"@type":"BreadcrumbList","@id":"https:\/\/www.meslibellules.fr\/blog\/2018\/09\/11\/vietnam-2018-idionyx-thailandica\/#breadcrumb","itemListElement":[{"@type":"ListItem","position":1,"name":"Accueil","item":"https:\/\/www.meslibellules.fr\/blog\/"},{"@type":"ListItem","position":2,"name":"Vietnam 2018 &#8211; Idionyx thailandica (H\u00e4m\u00e4l\u00e4inen, 1985)"}]},{"@type":"WebSite","@id":"https:\/\/www.meslibellules.fr\/blog\/#website","url":"https:\/\/www.meslibellules.fr\/blog\/","name":"Mes Libellules","description":"Pr\u00e9sentation des libellules rencontr\u00e9es dans le monde","publisher":{"@id":"https:\/\/www.meslibellules.fr\/blog\/#\/schema\/person\/9aa3586f9dd053fcf329f43b8b053c77"},"potentialAction":[{"@type":"SearchAction","target":{"@type":"EntryPoint","urlTemplate":"https:\/\/www.meslibellules.fr\/blog\/?s={search_term_string}"},"query-input":{"@type":"PropertyValueSpecification","valueRequired":true,"valueName":"search_term_string"}}],"inLanguage":"fr-FR"},{"@type":["Person","Organization"],"@id":"https:\/\/www.meslibellules.fr\/blog\/#\/schema\/person\/9aa3586f9dd053fcf329f43b8b053c77","name":"Beno\u00eet Guillon","image":{"@type":"ImageObject","inLanguage":"fr-FR","@id":"https:\/\/www.meslibellules.fr\/blog\/wp-content\/uploads\/cropped-avatar-150-pix.jpg","url":"https:\/\/www.meslibellules.fr\/blog\/wp-content\/uploads\/cropped-avatar-150-pix.jpg","contentUrl":"https:\/\/www.meslibellules.fr\/blog\/wp-content\/uploads\/cropped-avatar-150-pix.jpg","width":150,"height":137,"caption":"Beno\u00eet Guillon"},"logo":{"@id":"https:\/\/www.meslibellules.fr\/blog\/wp-content\/uploads\/cropped-avatar-150-pix.jpg"},"sameAs":["https:\/\/www.facebook.com\/benoit.guillon.96\/"]}]}},"_links":{"self":[{"href":"https:\/\/www.meslibellules.fr\/blog\/wp-json\/wp\/v2\/posts\/877","targetHints":{"allow":["GET"]}}],"collection":[{"href":"https:\/\/www.meslibellules.fr\/blog\/wp-json\/wp\/v2\/posts"}],"about":[{"href":"https:\/\/www.meslibellules.fr\/blog\/wp-json\/wp\/v2\/types\/post"}],"author":[{"embeddable":true,"href":"https:\/\/www.meslibellules.fr\/blog\/wp-json\/wp\/v2\/users\/1"}],"replies":[{"embeddable":true,"href":"https:\/\/www.meslibellules.fr\/blog\/wp-json\/wp\/v2\/comments?post=877"}],"version-history":[{"count":0,"href":"https:\/\/www.meslibellules.fr\/blog\/wp-json\/wp\/v2\/posts\/877\/revisions"}],"wp:attachment":[{"href":"https:\/\/www.meslibellules.fr\/blog\/wp-json\/wp\/v2\/media?parent=877"}],"wp:term":[{"taxonomy":"category","embeddable":true,"href":"https:\/\/www.meslibellules.fr\/blog\/wp-json\/wp\/v2\/categories?post=877"},{"taxonomy":"post_tag","embeddable":true,"href":"https:\/\/www.meslibellules.fr\/blog\/wp-json\/wp\/v2\/tags?post=877"}],"curies":[{"name":"wp","href":"https:\/\/api.w.org\/{rel}","templated":true}]}}