{"id":8851,"date":"2021-05-16T08:04:08","date_gmt":"2021-05-16T06:04:08","guid":{"rendered":"https:\/\/www.meslibellules.fr\/blog\/?p=8851"},"modified":"2023-09-26T11:59:02","modified_gmt":"2023-09-26T09:59:02","slug":"libellula-fulva-galerie","status":"publish","type":"post","link":"https:\/\/www.meslibellules.fr\/blog\/2021\/05\/16\/libellula-fulva-galerie\/","title":{"rendered":"Libellula fulva : galerie"},"content":{"rendered":"\n<p style=\"font-size:15px\">Libellula fulva : photos <br><\/p>\n\n\n\n\n<div  id=\"jtg-8838\" class=\"modula modula-gallery modula-columns\" data-config=\"{&quot;tabletHeight&quot;:0,&quot;mobileHeight&quot;:0,&quot;desktopHeight&quot;:0,&quot;enableTwitter&quot;:false,&quot;enableWhatsapp&quot;:false,&quot;enableFacebook&quot;:false,&quot;enablePinterest&quot;:false,&quot;enableLinkedin&quot;:false,&quot;enableEmail&quot;:false,&quot;randomFactor&quot;:0,&quot;type&quot;:&quot;grid&quot;,&quot;columns&quot;:12,&quot;gutter&quot;:10,&quot;mobileGutter&quot;:10,&quot;tabletGutter&quot;:10,&quot;desktopGutter&quot;:10,&quot;enableResponsive&quot;:&quot;0&quot;,&quot;tabletColumns&quot;:&quot;2&quot;,&quot;mobileColumns&quot;:&quot;1&quot;,&quot;lazyLoad&quot;:0,&quot;lightboxOpts&quot;:{&quot;animated&quot;:true,&quot;Thumbs&quot;:{&quot;type&quot;:&quot;modern&quot;,&quot;showOnStart&quot;:false},&quot;Toolbar&quot;:{&quot;display&quot;:{&quot;right&quot;:[&quot;close&quot;]},&quot;enabled&quot;:true},&quot;Carousel&quot;:{&quot;Panzoom&quot;:{&quot;touch&quot;:true},&quot;infinite&quot;:false},&quot;keyboard&quot;:{&quot;Escape&quot;:&quot;close&quot;,&quot;Delete&quot;:&quot;close&quot;,&quot;Backspace&quot;:&quot;close&quot;,&quot;PageUp&quot;:false,&quot;PageDown&quot;:false,&quot;ArrowUp&quot;:false,&quot;ArrowDown&quot;:false,&quot;ArrowRight&quot;:false,&quot;ArrowLeft&quot;:false},&quot;touch&quot;:false,&quot;backdropClick&quot;:false,&quot;l10n&quot;:{&quot;CLOSE&quot;:&quot;Close&quot;,&quot;NEXT&quot;:&quot;Next&quot;,&quot;PREV&quot;:&quot;Previous&quot;,&quot;Error&quot;:&quot;The requested content cannot be loaded. Please try again later.&quot;,&quot;PLAY_START&quot;:&quot;Start slideshow&quot;,&quot;PLAY_STOP&quot;:&quot;Pause slideshow&quot;,&quot;FULL_SCREEN&quot;:&quot;Full screen&quot;,&quot;THUMBS&quot;:&quot;Thumbnails&quot;,&quot;DOWNLOAD&quot;:&quot;Download&quot;,&quot;SHARE&quot;:&quot;Share&quot;,&quot;ZOOM&quot;:&quot;Zoom&quot;,&quot;EMAIL&quot;:&quot;Here is the link to the image : %%image_link%% and this is the link to the gallery : %%gallery_link%%&quot;,&quot;MODAL&quot;:&quot;You can close this modal content with the ESC key&quot;,&quot;ERROR&quot;:&quot;Something Went Wrong, Please Try Again Later&quot;,&quot;IMAGE_ERROR&quot;:&quot;Image Not Found&quot;,&quot;ELEMENT_NOT_FOUND&quot;:&quot;HTML Element Not Found&quot;,&quot;AJAX_NOT_FOUND&quot;:&quot;Error Loading AJAX : Not Found&quot;,&quot;AJAX_FORBIDDEN&quot;:&quot;Error Loading AJAX : Forbidden&quot;,&quot;IFRAME_ERROR&quot;:&quot;Error Loading Page&quot;,&quot;TOGGLE_ZOOM&quot;:&quot;Toggle zoom level&quot;,&quot;TOGGLE_THUMBS&quot;:&quot;Toggle thumbnails&quot;,&quot;TOGGLE_SLIDESHOW&quot;:&quot;Toggle slideshow&quot;,&quot;TOGGLE_FULLSCREEN&quot;:&quot;Toggle full-screen mode&quot;},&quot;Images&quot;:{&quot;Panzoom&quot;:{&quot;maxScale&quot;:2}},&quot;mainClass&quot;:&quot;modula-fancybox-container modula-lightbox-jtg-8838&quot;,&quot;Html&quot;:{&quot;videoAutoplay&quot;:0,&quot;videoTpl&quot;:&quot;&lt;video class=\\&quot;fancybox__html5video\\&quot; controls muted playsinline controlsList controlsList=\\&quot;nodownload\\&quot; poster=\\&quot;{{poster}}\\&quot; src=\\&quot;{{src}}\\&quot; type=\\&quot;{{format}}\\&quot; &gt;  Sorry, your browser doesn&#039;t support embedded videos, &lt;a href=\\&quot;{{src}}\\&quot;&gt; download &lt;\\\/a&gt; and watch with your favorite video player! &lt;\\\/video&gt;&quot;}},&quot;inView&quot;:false,&quot;email_subject&quot;:&quot;Check out this awesome image !!&quot;,&quot;email_message&quot;:&quot;Here is the link to the image : %%image_link%% and this is the link to the gallery : %%gallery_link%%&quot;,&quot;grid_type&quot;:&quot;automatic&quot;,&quot;rowHeight&quot;:150,&quot;lastRow&quot;:&quot;justify&quot;,&quot;lightbox&quot;:&quot;fancybox&quot;}\">\n\n\t\n\t<div  class=\"modula-items grid-gallery\">\n\t\t<div class=\"modula-item effect-pufrobo\" >\n\t<div class=\"modula-item-overlay\"><\/div>\n\n\t<div class=\"modula-item-content\">\n\n\t\t<a data-image-id=\"8850\" role=\"button\" tabindex=\"0\" rel=\"jtg-8838\" data-caption=\"Libellula fulva m\u00e2le immature, La Salle Aubry (France-49),  06\/06\/2008\" aria-label=\"Open image in lightbox\" class=\"tile-inner modula-item-link\"><\/a><img decoding=\"async\" class=\"pic wp-image-8850\"  data-valign=\"middle\" data-halign=\"center\" alt=\"Libellula fulva m\u00e2le immature, La Salle Aubry (France-49), 06\/06\/2008\" data-full=\"https:\/\/www.meslibellules.fr\/blog\/wp-content\/uploads\/libellula-fulva-galerie-10.jpg\" title=\"Libellula fulva m\u00e2le immature, La Salle Aubry (France-49),  06\/06\/2008\" crop=\"\" width=\"1758\" height=\"1204\" src=\"https:\/\/www.meslibellules.fr\/blog\/wp-content\/uploads\/libellula-fulva-galerie-10.jpg\" data-src=\"https:\/\/www.meslibellules.fr\/blog\/wp-content\/uploads\/libellula-fulva-galerie-10.jpg\" data-caption=\"Libellula fulva m\u00e2le immature, La Salle Aubry (France-49),  06\/06\/2008\" srcset=\"https:\/\/www.meslibellules.fr\/blog\/wp-content\/uploads\/\/libellula-fulva-galerie-10.jpg 1758w, https:\/\/www.meslibellules.fr\/blog\/wp-content\/uploads\/\/libellula-fulva-galerie-10-768x526.jpg 768w, https:\/\/www.meslibellules.fr\/blog\/wp-content\/uploads\/\/libellula-fulva-galerie-10-1536x1052.jpg 1536w, https:\/\/www.meslibellules.fr\/blog\/wp-content\/uploads\/\/libellula-fulva-galerie-10-1200x822.jpg 1200w\" sizes=\"(max-width: 1758px) 100vw, 1758px\" \/>\n\t\t<div class=\"figc\">\n\t\t\t<div class=\"figc-inner\">\n\t\t\t\t\t\t\t\t\t\t\t\t\t\t\t<\/div>\n\t\t<\/div>\n\n\t<\/div>\n\n<\/div><div class=\"modula-item effect-pufrobo\" >\n\t<div class=\"modula-item-overlay\"><\/div>\n\n\t<div class=\"modula-item-content\">\n\n\t\t<a data-image-id=\"8849\" role=\"button\" tabindex=\"0\" rel=\"jtg-8838\" data-caption=\"Libellula fulva femelle \u00e9mergente, Arbigny (France-01), 09\/05\/2021\" aria-label=\"Open image in lightbox\" class=\"tile-inner modula-item-link\"><\/a><img decoding=\"async\" class=\"pic wp-image-8849\"  data-valign=\"middle\" data-halign=\"center\" alt=\"Libellula fulva femelle \u00e9mergente, Arbigny (France-01), 09\/05\/2021\" data-full=\"https:\/\/www.meslibellules.fr\/blog\/wp-content\/uploads\/libellula-fulva-galerie-9.jpg\" title=\"Libellula fulva femelle \u00e9mergente, Arbigny (France-01), 09\/05\/2021\" crop=\"\" width=\"1571\" height=\"1204\" src=\"https:\/\/www.meslibellules.fr\/blog\/wp-content\/uploads\/libellula-fulva-galerie-9.jpg\" data-src=\"https:\/\/www.meslibellules.fr\/blog\/wp-content\/uploads\/libellula-fulva-galerie-9.jpg\" data-caption=\"Libellula fulva femelle \u00e9mergente, Arbigny (France-01), 09\/05\/2021\" srcset=\"https:\/\/www.meslibellules.fr\/blog\/wp-content\/uploads\/\/libellula-fulva-galerie-9.jpg 1571w, https:\/\/www.meslibellules.fr\/blog\/wp-content\/uploads\/\/libellula-fulva-galerie-9-768x589.jpg 768w, https:\/\/www.meslibellules.fr\/blog\/wp-content\/uploads\/\/libellula-fulva-galerie-9-1536x1177.jpg 1536w, https:\/\/www.meslibellules.fr\/blog\/wp-content\/uploads\/\/libellula-fulva-galerie-9-1200x920.jpg 1200w\" sizes=\"(max-width: 1571px) 100vw, 1571px\" \/>\n\t\t<div class=\"figc\">\n\t\t\t<div class=\"figc-inner\">\n\t\t\t\t\t\t\t\t\t\t\t\t\t\t\t<\/div>\n\t\t<\/div>\n\n\t<\/div>\n\n<\/div><div class=\"modula-item effect-pufrobo\" >\n\t<div class=\"modula-item-overlay\"><\/div>\n\n\t<div class=\"modula-item-content\">\n\n\t\t<a data-image-id=\"8848\" role=\"button\" tabindex=\"0\" rel=\"jtg-8838\" data-caption=\"Libellula fulva femelle, Longu\u00e9-Jumelles (France-49), 02\/08\/2015\" aria-label=\"Open image in lightbox\" class=\"tile-inner modula-item-link\"><\/a><img decoding=\"async\" class=\"pic wp-image-8848\"  data-valign=\"middle\" data-halign=\"center\" alt=\"Libellula fulva femelle, Longu\u00e9-Jumelles (France-49), 02\/08\/2015\" data-full=\"https:\/\/www.meslibellules.fr\/blog\/wp-content\/uploads\/libellula-fulva-galerie-8.jpg\" title=\"Libellula fulva femelle, Longu\u00e9-Jumelles (France-49), 02\/08\/2015\" crop=\"\" width=\"1555\" height=\"1004\" src=\"https:\/\/www.meslibellules.fr\/blog\/wp-content\/uploads\/libellula-fulva-galerie-8.jpg\" data-src=\"https:\/\/www.meslibellules.fr\/blog\/wp-content\/uploads\/libellula-fulva-galerie-8.jpg\" data-caption=\"Libellula fulva femelle, Longu\u00e9-Jumelles (France-49), 02\/08\/2015\" srcset=\"https:\/\/www.meslibellules.fr\/blog\/wp-content\/uploads\/\/libellula-fulva-galerie-8.jpg 1555w, https:\/\/www.meslibellules.fr\/blog\/wp-content\/uploads\/\/libellula-fulva-galerie-8-768x496.jpg 768w, https:\/\/www.meslibellules.fr\/blog\/wp-content\/uploads\/\/libellula-fulva-galerie-8-1536x992.jpg 1536w, https:\/\/www.meslibellules.fr\/blog\/wp-content\/uploads\/\/libellula-fulva-galerie-8-1200x775.jpg 1200w\" sizes=\"(max-width: 1555px) 100vw, 1555px\" \/>\n\t\t<div class=\"figc\">\n\t\t\t<div class=\"figc-inner\">\n\t\t\t\t\t\t\t\t\t\t\t\t\t\t\t<\/div>\n\t\t<\/div>\n\n\t<\/div>\n\n<\/div><div class=\"modula-item effect-pufrobo\" >\n\t<div class=\"modula-item-overlay\"><\/div>\n\n\t<div class=\"modula-item-content\">\n\n\t\t<a data-image-id=\"8847\" role=\"button\" tabindex=\"0\" rel=\"jtg-8838\" data-caption=\"Libellula fulva m\u00e2le, le Fief Sauvin (France-49), 18\/05\/2011\" aria-label=\"Open image in lightbox\" class=\"tile-inner modula-item-link\"><\/a><img decoding=\"async\" class=\"pic wp-image-8847\"  data-valign=\"middle\" data-halign=\"center\" alt=\"Libellula fulva m\u00e2le, le Fief Sauvin (France-49), 18\/05\/2011\" data-full=\"https:\/\/www.meslibellules.fr\/blog\/wp-content\/uploads\/libellula-fulva-galerie-6.jpg\" title=\"Libellula fulva m\u00e2le, le Fief Sauvin (France-49), 18\/05\/2011\" crop=\"\" width=\"1737\" height=\"1204\" src=\"https:\/\/www.meslibellules.fr\/blog\/wp-content\/uploads\/libellula-fulva-galerie-6.jpg\" data-src=\"https:\/\/www.meslibellules.fr\/blog\/wp-content\/uploads\/libellula-fulva-galerie-6.jpg\" data-caption=\"Libellula fulva m\u00e2le, le Fief Sauvin (France-49), 18\/05\/2011\" srcset=\"https:\/\/www.meslibellules.fr\/blog\/wp-content\/uploads\/\/libellula-fulva-galerie-6.jpg 1737w, https:\/\/www.meslibellules.fr\/blog\/wp-content\/uploads\/\/libellula-fulva-galerie-6-768x532.jpg 768w, https:\/\/www.meslibellules.fr\/blog\/wp-content\/uploads\/\/libellula-fulva-galerie-6-1536x1065.jpg 1536w, https:\/\/www.meslibellules.fr\/blog\/wp-content\/uploads\/\/libellula-fulva-galerie-6-1200x832.jpg 1200w\" sizes=\"(max-width: 1737px) 100vw, 1737px\" \/>\n\t\t<div class=\"figc\">\n\t\t\t<div class=\"figc-inner\">\n\t\t\t\t\t\t\t\t\t\t\t\t\t\t\t<\/div>\n\t\t<\/div>\n\n\t<\/div>\n\n<\/div><div class=\"modula-item effect-pufrobo\" >\n\t<div class=\"modula-item-overlay\"><\/div>\n\n\t<div class=\"modula-item-content\">\n\n\t\t<a data-image-id=\"8846\" role=\"button\" tabindex=\"0\" rel=\"jtg-8838\" data-caption=\"Libellule fulva m\u00e2le, Le Fief Sauvin (France-49), 19\/06\/2010\" aria-label=\"Open image in lightbox\" class=\"tile-inner modula-item-link\"><\/a><img decoding=\"async\" class=\"pic wp-image-8846\"  data-valign=\"middle\" data-halign=\"center\" alt=\"Libellule fulva m\u00e2le, Le Fief Sauvin (France-49), 19\/06\/2010\" data-full=\"https:\/\/www.meslibellules.fr\/blog\/wp-content\/uploads\/libellula-fulva-galerie-5-1.jpg\" title=\"Libellule fulva m\u00e2le, Le Fief Sauvin (France-49), 19\/06\/2010\" crop=\"\" width=\"1804\" height=\"1204\" src=\"https:\/\/www.meslibellules.fr\/blog\/wp-content\/uploads\/libellula-fulva-galerie-5-1.jpg\" data-src=\"https:\/\/www.meslibellules.fr\/blog\/wp-content\/uploads\/libellula-fulva-galerie-5-1.jpg\" data-caption=\"Libellule fulva m\u00e2le, Le Fief Sauvin (France-49), 19\/06\/2010\" srcset=\"https:\/\/www.meslibellules.fr\/blog\/wp-content\/uploads\/\/libellula-fulva-galerie-5-1.jpg 1804w, https:\/\/www.meslibellules.fr\/blog\/wp-content\/uploads\/\/libellula-fulva-galerie-5-1-768x513.jpg 768w, https:\/\/www.meslibellules.fr\/blog\/wp-content\/uploads\/\/libellula-fulva-galerie-5-1-1536x1025.jpg 1536w, https:\/\/www.meslibellules.fr\/blog\/wp-content\/uploads\/\/libellula-fulva-galerie-5-1-1200x801.jpg 1200w\" sizes=\"(max-width: 1804px) 100vw, 1804px\" \/>\n\t\t<div class=\"figc\">\n\t\t\t<div class=\"figc-inner\">\n\t\t\t\t\t\t\t\t\t\t\t\t\t\t\t<\/div>\n\t\t<\/div>\n\n\t<\/div>\n\n<\/div><div class=\"modula-item effect-pufrobo\" >\n\t<div class=\"modula-item-overlay\"><\/div>\n\n\t<div class=\"modula-item-content\">\n\n\t\t<a data-image-id=\"8845\" role=\"button\" tabindex=\"0\" rel=\"jtg-8838\" data-caption=\"Libellula fulva jeune m\u00e2le, Beaupr\u00e9au en Mauges (France-49), 28\/05\/2016\" aria-label=\"Open image in lightbox\" class=\"tile-inner modula-item-link\"><\/a><img decoding=\"async\" class=\"pic wp-image-8845\"  data-valign=\"middle\" data-halign=\"center\" alt=\"Libellula fulva jeune m\u00e2le, Beaupr\u00e9au en Mauges (France-49), 28\/05\/2016\" data-full=\"https:\/\/www.meslibellules.fr\/blog\/wp-content\/uploads\/libellula-fulva-galerie-4.jpg\" title=\"Libellula fulva jeune m\u00e2le, Beaupr\u00e9au en Mauges (France-49), 28\/05\/2016\" crop=\"\" width=\"1957\" height=\"1004\" src=\"https:\/\/www.meslibellules.fr\/blog\/wp-content\/uploads\/libellula-fulva-galerie-4.jpg\" data-src=\"https:\/\/www.meslibellules.fr\/blog\/wp-content\/uploads\/libellula-fulva-galerie-4.jpg\" data-caption=\"Libellula fulva jeune m\u00e2le, Beaupr\u00e9au en Mauges (France-49), 28\/05\/2016\" srcset=\"https:\/\/www.meslibellules.fr\/blog\/wp-content\/uploads\/\/libellula-fulva-galerie-4.jpg 1957w, https:\/\/www.meslibellules.fr\/blog\/wp-content\/uploads\/\/libellula-fulva-galerie-4-768x394.jpg 768w, https:\/\/www.meslibellules.fr\/blog\/wp-content\/uploads\/\/libellula-fulva-galerie-4-1536x788.jpg 1536w, https:\/\/www.meslibellules.fr\/blog\/wp-content\/uploads\/\/libellula-fulva-galerie-4-1200x616.jpg 1200w\" sizes=\"(max-width: 1957px) 100vw, 1957px\" \/>\n\t\t<div class=\"figc\">\n\t\t\t<div class=\"figc-inner\">\n\t\t\t\t\t\t\t\t\t\t\t\t\t\t\t<\/div>\n\t\t<\/div>\n\n\t<\/div>\n\n<\/div><div class=\"modula-item effect-pufrobo\" >\n\t<div class=\"modula-item-overlay\"><\/div>\n\n\t<div class=\"modula-item-content\">\n\n\t\t<a data-image-id=\"8844\" role=\"button\" tabindex=\"0\" rel=\"jtg-8838\" data-caption=\"Libellula fulva m\u00e2le, Ch\u00eanehutte Tr\u00e8ves Cunault (France-49), 26\/05\/2012\" aria-label=\"Open image in lightbox\" class=\"tile-inner modula-item-link\"><\/a><img decoding=\"async\" class=\"pic wp-image-8844\"  data-valign=\"middle\" data-halign=\"center\" alt=\"Libellula fulva m\u00e2le, Ch\u00eanehutte Tr\u00e8ves Cunault (France-49), 26\/05\/2012\" data-full=\"https:\/\/www.meslibellules.fr\/blog\/wp-content\/uploads\/libellula-fulva-galerie-3.jpg\" title=\"Libellula fulva m\u00e2le, Ch\u00eanehutte Tr\u00e8ves Cunault (France-49), 26\/05\/2012\" crop=\"\" width=\"1636\" height=\"1204\" src=\"https:\/\/www.meslibellules.fr\/blog\/wp-content\/uploads\/libellula-fulva-galerie-3.jpg\" data-src=\"https:\/\/www.meslibellules.fr\/blog\/wp-content\/uploads\/libellula-fulva-galerie-3.jpg\" data-caption=\"Libellula fulva m\u00e2le, Ch\u00eanehutte Tr\u00e8ves Cunault (France-49), 26\/05\/2012\" srcset=\"https:\/\/www.meslibellules.fr\/blog\/wp-content\/uploads\/\/libellula-fulva-galerie-3.jpg 1636w, https:\/\/www.meslibellules.fr\/blog\/wp-content\/uploads\/\/libellula-fulva-galerie-3-768x565.jpg 768w, https:\/\/www.meslibellules.fr\/blog\/wp-content\/uploads\/\/libellula-fulva-galerie-3-1536x1130.jpg 1536w, https:\/\/www.meslibellules.fr\/blog\/wp-content\/uploads\/\/libellula-fulva-galerie-3-1200x883.jpg 1200w\" sizes=\"(max-width: 1636px) 100vw, 1636px\" \/>\n\t\t<div class=\"figc\">\n\t\t\t<div class=\"figc-inner\">\n\t\t\t\t\t\t\t\t\t\t\t\t\t\t\t<\/div>\n\t\t<\/div>\n\n\t<\/div>\n\n<\/div><div class=\"modula-item effect-pufrobo\" >\n\t<div class=\"modula-item-overlay\"><\/div>\n\n\t<div class=\"modula-item-content\">\n\n\t\t<a data-image-id=\"8843\" role=\"button\" tabindex=\"0\" rel=\"jtg-8838\" data-caption=\"Libellula fulva m\u00e2le en maturation, Beaupr\u00e9au en Mauges (France-49), 29\/05\/2009\" aria-label=\"Open image in lightbox\" class=\"tile-inner modula-item-link\"><\/a><img decoding=\"async\" class=\"pic wp-image-8843\"  data-valign=\"middle\" data-halign=\"center\" alt=\"Libellula fulva m\u00e2le en maturation, Beaupr\u00e9au en Mauges (France-49), 29\/05\/2009\" data-full=\"https:\/\/www.meslibellules.fr\/blog\/wp-content\/uploads\/libellula-fulva-galerie-2.jpg\" title=\"Libellula fulva m\u00e2le en maturation, Beaupr\u00e9au en Mauges (France-49), 29\/05\/2009\" crop=\"\" width=\"1535\" height=\"1204\" src=\"https:\/\/www.meslibellules.fr\/blog\/wp-content\/uploads\/libellula-fulva-galerie-2.jpg\" data-src=\"https:\/\/www.meslibellules.fr\/blog\/wp-content\/uploads\/libellula-fulva-galerie-2.jpg\" data-caption=\"Libellula fulva m\u00e2le en maturation, Beaupr\u00e9au en Mauges (France-49), 29\/05\/2009\" srcset=\"https:\/\/www.meslibellules.fr\/blog\/wp-content\/uploads\/\/libellula-fulva-galerie-2.jpg 1535w, https:\/\/www.meslibellules.fr\/blog\/wp-content\/uploads\/\/libellula-fulva-galerie-2-768x602.jpg 768w, https:\/\/www.meslibellules.fr\/blog\/wp-content\/uploads\/\/libellula-fulva-galerie-2-1200x941.jpg 1200w\" sizes=\"(max-width: 1535px) 100vw, 1535px\" \/>\n\t\t<div class=\"figc\">\n\t\t\t<div class=\"figc-inner\">\n\t\t\t\t\t\t\t\t\t\t\t\t\t\t\t<\/div>\n\t\t<\/div>\n\n\t<\/div>\n\n<\/div><div class=\"modula-item effect-pufrobo\" >\n\t<div class=\"modula-item-overlay\"><\/div>\n\n\t<div class=\"modula-item-content\">\n\n\t\t<a data-image-id=\"8842\" role=\"button\" tabindex=\"0\" rel=\"jtg-8838\" data-caption=\"Libellula fulva jeune m\u00e2le, Beaupr\u00e9au en Mauges (France-49), 28\/05\/2016\" aria-label=\"Open image in lightbox\" class=\"tile-inner modula-item-link\"><\/a><img decoding=\"async\" class=\"pic wp-image-8842\"  data-valign=\"middle\" data-halign=\"center\" alt=\"Libellula fulva jeune m\u00e2le, Beaupr\u00e9au en Mauges (France-49), 28\/05\/2016\" data-full=\"https:\/\/www.meslibellules.fr\/blog\/wp-content\/uploads\/libellula-fulva-galerie-1.jpg\" title=\"Libellula fulva jeune m\u00e2le, Beaupr\u00e9au en Mauges (France-49), 28\/05\/2016\" crop=\"\" width=\"1536\" height=\"1024\" src=\"https:\/\/www.meslibellules.fr\/blog\/wp-content\/uploads\/libellula-fulva-galerie-1.jpg\" data-src=\"https:\/\/www.meslibellules.fr\/blog\/wp-content\/uploads\/libellula-fulva-galerie-1.jpg\" data-caption=\"Libellula fulva jeune m\u00e2le, Beaupr\u00e9au en Mauges (France-49), 28\/05\/2016\" srcset=\"https:\/\/www.meslibellules.fr\/blog\/wp-content\/uploads\/\/libellula-fulva-galerie-1.jpg 1536w, https:\/\/www.meslibellules.fr\/blog\/wp-content\/uploads\/\/libellula-fulva-galerie-1-768x512.jpg 768w, https:\/\/www.meslibellules.fr\/blog\/wp-content\/uploads\/\/libellula-fulva-galerie-1-1200x800.jpg 1200w\" sizes=\"(max-width: 1536px) 100vw, 1536px\" \/>\n\t\t<div class=\"figc\">\n\t\t\t<div class=\"figc-inner\">\n\t\t\t\t\t\t\t\t\t\t\t\t\t\t\t<\/div>\n\t\t<\/div>\n\n\t<\/div>\n\n<\/div><div class=\"modula-item effect-pufrobo\" >\n\t<div class=\"modula-item-overlay\"><\/div>\n\n\t<div class=\"modula-item-content\">\n\n\t\t<a data-image-id=\"8841\" role=\"button\" tabindex=\"0\" rel=\"jtg-8838\" data-caption=\"Libellula fulva femelle, Beaupr\u00e9au en Mauges (France-49), 26\/06\/2012\" aria-label=\"Open image in lightbox\" class=\"tile-inner modula-item-link\"><\/a><img decoding=\"async\" class=\"pic wp-image-8841\"  data-valign=\"middle\" data-halign=\"center\" alt=\"Libellula fulva femelle, Beaupr\u00e9au en Mauges (France-49), 26\/06\/2012\" data-full=\"https:\/\/www.meslibellules.fr\/blog\/wp-content\/uploads\/7.jpg\" title=\"Libellula fulva femelle, Beaupr\u00e9au en Mauges (France-49), 26\/06\/2012\" crop=\"\" width=\"1324\" height=\"1204\" src=\"https:\/\/www.meslibellules.fr\/blog\/wp-content\/uploads\/7.jpg\" data-src=\"https:\/\/www.meslibellules.fr\/blog\/wp-content\/uploads\/7.jpg\" data-caption=\"Libellula fulva femelle, Beaupr\u00e9au en Mauges (France-49), 26\/06\/2012\" srcset=\"https:\/\/www.meslibellules.fr\/blog\/wp-content\/uploads\/\/7.jpg 1324w, https:\/\/www.meslibellules.fr\/blog\/wp-content\/uploads\/\/7-768x698.jpg 768w, https:\/\/www.meslibellules.fr\/blog\/wp-content\/uploads\/\/7-1200x1091.jpg 1200w\" sizes=\"(max-width: 1324px) 100vw, 1324px\" \/>\n\t\t<div class=\"figc\">\n\t\t\t<div class=\"figc-inner\">\n\t\t\t\t\t\t\t\t\t\t\t\t\t\t\t<\/div>\n\t\t<\/div>\n\n\t<\/div>\n\n<\/div><div class=\"modula-item effect-pufrobo\" >\n\t<div class=\"modula-item-overlay\"><\/div>\n\n\t<div class=\"modula-item-content\">\n\n\t\t<a data-image-id=\"8861\" role=\"button\" tabindex=\"0\" rel=\"jtg-8838\" data-caption=\"Libellula fulva femelle, Beaupr\u00e9au en Mauges (France-49), 04\/07\/2020\" aria-label=\"Open image in lightbox\" class=\"tile-inner modula-item-link\"><\/a><img decoding=\"async\" class=\"pic wp-image-8861\"  data-valign=\"middle\" data-halign=\"center\" alt=\"Libellula fulva femelle, Beaupr\u00e9au en Mauges (France-49), 04\/07\/2020\" data-full=\"https:\/\/www.meslibellules.fr\/blog\/wp-content\/uploads\/libellula-fulva-galerie-11.jpg\" title=\"Libellula fulva femelle, Beaupr\u00e9au en Mauges (France-49), 04\/07\/2020\" crop=\"\" width=\"1608\" height=\"1204\" src=\"https:\/\/www.meslibellules.fr\/blog\/wp-content\/uploads\/libellula-fulva-galerie-11.jpg\" data-src=\"https:\/\/www.meslibellules.fr\/blog\/wp-content\/uploads\/libellula-fulva-galerie-11.jpg\" data-caption=\"Libellula fulva femelle, Beaupr\u00e9au en Mauges (France-49), 04\/07\/2020\" srcset=\"https:\/\/www.meslibellules.fr\/blog\/wp-content\/uploads\/\/libellula-fulva-galerie-11.jpg 1608w, https:\/\/www.meslibellules.fr\/blog\/wp-content\/uploads\/\/libellula-fulva-galerie-11-768x575.jpg 768w, https:\/\/www.meslibellules.fr\/blog\/wp-content\/uploads\/\/libellula-fulva-galerie-11-1536x1150.jpg 1536w, https:\/\/www.meslibellules.fr\/blog\/wp-content\/uploads\/\/libellula-fulva-galerie-11-1200x899.jpg 1200w\" sizes=\"(max-width: 1608px) 100vw, 1608px\" \/>\n\t\t<div class=\"figc\">\n\t\t\t<div class=\"figc-inner\">\n\t\t\t\t\t\t\t\t\t\t\t\t\t\t\t<\/div>\n\t\t<\/div>\n\n\t<\/div>\n\n<\/div><div class=\"modula-item effect-pufrobo\" >\n\t<div class=\"modula-item-overlay\"><\/div>\n\n\t<div class=\"modula-item-content\">\n\n\t\t<a data-image-id=\"11731\" role=\"button\" tabindex=\"0\" rel=\"jtg-8838\" data-caption=\"Libellula fulva m\u00e2le immature, Beaupr\u00e9au (France-49), les Ongl\u00e9es, 18\/05\/2021\" aria-label=\"Open image in lightbox\" class=\"tile-inner modula-item-link\"><\/a><img decoding=\"async\" class=\"pic wp-image-11731\"  data-valign=\"middle\" data-halign=\"center\" alt=\"Libellula fulva m\u00e2le immature, Beaupr\u00e9au (France-49), les Ongl\u00e9es, 18\/05\/2021\" data-full=\"https:\/\/www.meslibellules.fr\/blog\/wp-content\/uploads\/libellula-fulva-galerie-12.webp\" title=\"libellula-fulva-galerie-12\" crop=\"\" width=\"2560\" height=\"2125\" src=\"https:\/\/www.meslibellules.fr\/blog\/wp-content\/uploads\/libellula-fulva-galerie-12.webp\" data-src=\"https:\/\/www.meslibellules.fr\/blog\/wp-content\/uploads\/libellula-fulva-galerie-12.webp\" data-caption=\"Libellula fulva m\u00e2le immature, Beaupr\u00e9au (France-49), les Ongl\u00e9es, 18\/05\/2021\" srcset=\"https:\/\/www.meslibellules.fr\/blog\/wp-content\/uploads\/libellula-fulva-galerie-12-scaled.jpg 2560w, https:\/\/www.meslibellules.fr\/blog\/wp-content\/uploads\/libellula-fulva-galerie-12-768x637.webp 768w, https:\/\/www.meslibellules.fr\/blog\/wp-content\/uploads\/libellula-fulva-galerie-12-1536x1275.webp 1536w, https:\/\/www.meslibellules.fr\/blog\/wp-content\/uploads\/libellula-fulva-galerie-12-2048x1700.webp 2048w\" sizes=\"(max-width: 2560px) 100vw, 2560px\" \/>\n\t\t<div class=\"figc\">\n\t\t\t<div class=\"figc-inner\">\n\t\t\t\t\t\t\t\t\t\t\t\t\t\t\t<\/div>\n\t\t<\/div>\n\n\t<\/div>\n\n<\/div>\t\t\n\t<\/div>\n\n\t\n\t\n\t<script type=\"application\/ld+json\">\n\t{\n\t\t\"@context\": \"http:\/\/schema.org\",\n\t\t\"@type\"   : \"ImageGallery\",\n\t\t\"id\"      : \"https:\/\/www.meslibellules.fr\/blog\/2021\/05\/16\/libellula-fulva-galerie\/\",\n\t\t\"url\"     : \"https:\/\/www.meslibellules.fr\/blog\/2021\/05\/16\/libellula-fulva-galerie\/\"\n\t}\n\n\t<\/script>\n\n\t\n<\/div>\n\n\n\n\n\n<figure class=\"wp-block-image size-large\"><a href=\"http:\/\/www.meslibellules.fr\/pagesweb\/libellulidae\/libellula\/fulva\/libellula-fulva-accueil.php\"><img decoding=\"async\" width=\"100\" height=\"20\" data-src=\"https:\/\/www.meslibellules.fr\/blog\/wp-content\/uploads\/retour.gif\" alt=\"\" class=\"wp-image-8468 lazyload\" src=\"data:image\/svg+xml;base64,PHN2ZyB3aWR0aD0iMSIgaGVpZ2h0PSIxIiB4bWxucz0iaHR0cDovL3d3dy53My5vcmcvMjAwMC9zdmciPjwvc3ZnPg==\" style=\"--smush-placeholder-width: 100px; --smush-placeholder-aspect-ratio: 100\/20;\" \/><\/a><\/figure>\n","protected":false},"excerpt":{"rendered":"<p>Libellula fulva : photos<\/p>\n","protected":false},"author":1,"featured_media":0,"comment_status":"open","ping_status":"open","sticky":false,"template":"","format":"image","meta":{"site-sidebar-layout":"default","site-content-layout":"","ast-site-content-layout":"default","site-content-style":"default","site-sidebar-style":"default","ast-global-header-display":"","ast-banner-title-visibility":"","ast-main-header-display":"","ast-hfb-above-header-display":"","ast-hfb-below-header-display":"","ast-hfb-mobile-header-display":"","site-post-title":"","ast-breadcrumbs-content":"","ast-featured-img":"","footer-sml-layout":"","ast-disable-related-posts":"","theme-transparent-header-meta":"","adv-header-id-meta":"","stick-header-meta":"","header-above-stick-meta":"","header-main-stick-meta":"","header-below-stick-meta":"","astra-migrate-meta-layouts":"set","ast-page-background-enabled":"default","ast-page-background-meta":{"desktop":{"background-color":"var(--ast-global-color-4)","background-image":"","background-repeat":"repeat","background-position":"center center","background-size":"auto","background-attachment":"scroll","background-type":"","background-media":"","overlay-type":"","overlay-color":"","overlay-opacity":"","overlay-gradient":""},"tablet":{"background-color":"","background-image":"","background-repeat":"repeat","background-position":"center center","background-size":"auto","background-attachment":"scroll","background-type":"","background-media":"","overlay-type":"","overlay-color":"","overlay-opacity":"","overlay-gradient":""},"mobile":{"background-color":"","background-image":"","background-repeat":"repeat","background-position":"center center","background-size":"auto","background-attachment":"scroll","background-type":"","background-media":"","overlay-type":"","overlay-color":"","overlay-opacity":"","overlay-gradient":""}},"ast-content-background-meta":{"desktop":{"background-color":"var(--ast-global-color-5)","background-image":"","background-repeat":"repeat","background-position":"center center","background-size":"auto","background-attachment":"scroll","background-type":"","background-media":"","overlay-type":"","overlay-color":"","overlay-opacity":"","overlay-gradient":""},"tablet":{"background-color":"var(--ast-global-color-5)","background-image":"","background-repeat":"repeat","background-position":"center center","background-size":"auto","background-attachment":"scroll","background-type":"","background-media":"","overlay-type":"","overlay-color":"","overlay-opacity":"","overlay-gradient":""},"mobile":{"background-color":"var(--ast-global-color-5)","background-image":"","background-repeat":"repeat","background-position":"center center","background-size":"auto","background-attachment":"scroll","background-type":"","background-media":"","overlay-type":"","overlay-color":"","overlay-opacity":"","overlay-gradient":""}},"footnotes":""},"categories":[55,577,578,56],"tags":[345,579],"class_list":["post-8851","post","type-post","status-publish","format-image","hentry","category-france","category-galerie","category-libellula-fulva","category-libellulidae-france","tag-galerie","tag-libellula-fulva","post_format-post-format-image"],"yoast_head":"<!-- This site is optimized with the Yoast SEO plugin v27.5 - https:\/\/yoast.com\/product\/yoast-seo-wordpress\/ -->\n<title>Libellula fulva photos - Mes Libellules<\/title>\n<meta name=\"description\" content=\"Libellula fulva photos ; photos de Libellula fulva, Libellule fauve, m\u00e2les, femelles, accouplements, immatures, en maturation\" \/>\n<meta name=\"robots\" content=\"index, follow, max-snippet:-1, max-image-preview:large, max-video-preview:-1\" \/>\n<link rel=\"canonical\" href=\"https:\/\/www.meslibellules.fr\/blog\/2021\/05\/16\/libellula-fulva-galerie\/\" \/>\n<meta property=\"og:locale\" content=\"fr_FR\" \/>\n<meta property=\"og:type\" content=\"article\" \/>\n<meta property=\"og:title\" content=\"Libellula fulva photos - Mes Libellules\" \/>\n<meta property=\"og:description\" content=\"Libellula fulva photos ; photos de Libellula fulva, Libellule fauve, m\u00e2les, femelles, accouplements, immatures, en maturation\" \/>\n<meta property=\"og:url\" content=\"https:\/\/www.meslibellules.fr\/blog\/2021\/05\/16\/libellula-fulva-galerie\/\" \/>\n<meta property=\"og:site_name\" content=\"Mes Libellules\" \/>\n<meta property=\"article:publisher\" content=\"https:\/\/www.facebook.com\/benoit.guillon.96\/\" \/>\n<meta property=\"article:author\" content=\"https:\/\/www.facebook.com\/benoit.guillon.96\/\" \/>\n<meta property=\"article:published_time\" content=\"2021-05-16T06:04:08+00:00\" \/>\n<meta property=\"article:modified_time\" content=\"2023-09-26T09:59:02+00:00\" \/>\n<meta property=\"og:image\" content=\"https:\/\/www.meslibellules.fr\/blog\/wp-content\/uploads\/retour.gif\" \/>\n<meta name=\"author\" content=\"Beno\u00eet Guillon\" \/>\n<meta name=\"twitter:card\" content=\"summary_large_image\" \/>\n<meta name=\"twitter:label1\" content=\"\u00c9crit par\" \/>\n\t<meta name=\"twitter:data1\" content=\"Beno\u00eet Guillon\" \/>\n\t<meta name=\"twitter:label2\" content=\"Dur\u00e9e de lecture estim\u00e9e\" \/>\n\t<meta name=\"twitter:data2\" content=\"1 minute\" \/>\n<script type=\"application\/ld+json\" class=\"yoast-schema-graph\">{\"@context\":\"https:\\\/\\\/schema.org\",\"@graph\":[{\"@type\":\"Article\",\"@id\":\"https:\\\/\\\/www.meslibellules.fr\\\/blog\\\/2021\\\/05\\\/16\\\/libellula-fulva-galerie\\\/#article\",\"isPartOf\":{\"@id\":\"https:\\\/\\\/www.meslibellules.fr\\\/blog\\\/2021\\\/05\\\/16\\\/libellula-fulva-galerie\\\/\"},\"author\":{\"name\":\"Beno\u00eet Guillon\",\"@id\":\"https:\\\/\\\/www.meslibellules.fr\\\/blog\\\/#\\\/schema\\\/person\\\/9aa3586f9dd053fcf329f43b8b053c77\"},\"headline\":\"Libellula fulva : galerie\",\"datePublished\":\"2021-05-16T06:04:08+00:00\",\"dateModified\":\"2023-09-26T09:59:02+00:00\",\"mainEntityOfPage\":{\"@id\":\"https:\\\/\\\/www.meslibellules.fr\\\/blog\\\/2021\\\/05\\\/16\\\/libellula-fulva-galerie\\\/\"},\"wordCount\":6,\"commentCount\":0,\"publisher\":{\"@id\":\"https:\\\/\\\/www.meslibellules.fr\\\/blog\\\/#\\\/schema\\\/person\\\/9aa3586f9dd053fcf329f43b8b053c77\"},\"image\":{\"@id\":\"https:\\\/\\\/www.meslibellules.fr\\\/blog\\\/2021\\\/05\\\/16\\\/libellula-fulva-galerie\\\/#primaryimage\"},\"thumbnailUrl\":\"https:\\\/\\\/www.meslibellules.fr\\\/blog\\\/wp-content\\\/uploads\\\/retour.gif\",\"keywords\":[\"Galerie\",\"Libellula fulva\"],\"articleSection\":[\"France\",\"Galerie\",\"Libellula fulva\",\"Libellulidae\"],\"inLanguage\":\"fr-FR\",\"potentialAction\":[{\"@type\":\"CommentAction\",\"name\":\"Comment\",\"target\":[\"https:\\\/\\\/www.meslibellules.fr\\\/blog\\\/2021\\\/05\\\/16\\\/libellula-fulva-galerie\\\/#respond\"]}]},{\"@type\":\"WebPage\",\"@id\":\"https:\\\/\\\/www.meslibellules.fr\\\/blog\\\/2021\\\/05\\\/16\\\/libellula-fulva-galerie\\\/\",\"url\":\"https:\\\/\\\/www.meslibellules.fr\\\/blog\\\/2021\\\/05\\\/16\\\/libellula-fulva-galerie\\\/\",\"name\":\"Libellula fulva photos - Mes Libellules\",\"isPartOf\":{\"@id\":\"https:\\\/\\\/www.meslibellules.fr\\\/blog\\\/#website\"},\"primaryImageOfPage\":{\"@id\":\"https:\\\/\\\/www.meslibellules.fr\\\/blog\\\/2021\\\/05\\\/16\\\/libellula-fulva-galerie\\\/#primaryimage\"},\"image\":{\"@id\":\"https:\\\/\\\/www.meslibellules.fr\\\/blog\\\/2021\\\/05\\\/16\\\/libellula-fulva-galerie\\\/#primaryimage\"},\"thumbnailUrl\":\"https:\\\/\\\/www.meslibellules.fr\\\/blog\\\/wp-content\\\/uploads\\\/retour.gif\",\"datePublished\":\"2021-05-16T06:04:08+00:00\",\"dateModified\":\"2023-09-26T09:59:02+00:00\",\"description\":\"Libellula fulva photos ; photos de Libellula fulva, Libellule fauve, m\u00e2les, femelles, accouplements, immatures, en maturation\",\"breadcrumb\":{\"@id\":\"https:\\\/\\\/www.meslibellules.fr\\\/blog\\\/2021\\\/05\\\/16\\\/libellula-fulva-galerie\\\/#breadcrumb\"},\"inLanguage\":\"fr-FR\",\"potentialAction\":[{\"@type\":\"ReadAction\",\"target\":[\"https:\\\/\\\/www.meslibellules.fr\\\/blog\\\/2021\\\/05\\\/16\\\/libellula-fulva-galerie\\\/\"]}]},{\"@type\":\"ImageObject\",\"inLanguage\":\"fr-FR\",\"@id\":\"https:\\\/\\\/www.meslibellules.fr\\\/blog\\\/2021\\\/05\\\/16\\\/libellula-fulva-galerie\\\/#primaryimage\",\"url\":\"https:\\\/\\\/www.meslibellules.fr\\\/blog\\\/wp-content\\\/uploads\\\/retour.gif\",\"contentUrl\":\"https:\\\/\\\/www.meslibellules.fr\\\/blog\\\/wp-content\\\/uploads\\\/retour.gif\",\"width\":100,\"height\":20},{\"@type\":\"BreadcrumbList\",\"@id\":\"https:\\\/\\\/www.meslibellules.fr\\\/blog\\\/2021\\\/05\\\/16\\\/libellula-fulva-galerie\\\/#breadcrumb\",\"itemListElement\":[{\"@type\":\"ListItem\",\"position\":1,\"name\":\"Accueil\",\"item\":\"https:\\\/\\\/www.meslibellules.fr\\\/blog\\\/\"},{\"@type\":\"ListItem\",\"position\":2,\"name\":\"Libellula fulva : galerie\"}]},{\"@type\":\"WebSite\",\"@id\":\"https:\\\/\\\/www.meslibellules.fr\\\/blog\\\/#website\",\"url\":\"https:\\\/\\\/www.meslibellules.fr\\\/blog\\\/\",\"name\":\"Mes Libellules\",\"description\":\"Pr\u00e9sentation des libellules rencontr\u00e9es dans le monde\",\"publisher\":{\"@id\":\"https:\\\/\\\/www.meslibellules.fr\\\/blog\\\/#\\\/schema\\\/person\\\/9aa3586f9dd053fcf329f43b8b053c77\"},\"potentialAction\":[{\"@type\":\"SearchAction\",\"target\":{\"@type\":\"EntryPoint\",\"urlTemplate\":\"https:\\\/\\\/www.meslibellules.fr\\\/blog\\\/?s={search_term_string}\"},\"query-input\":{\"@type\":\"PropertyValueSpecification\",\"valueRequired\":true,\"valueName\":\"search_term_string\"}}],\"inLanguage\":\"fr-FR\"},{\"@type\":[\"Person\",\"Organization\"],\"@id\":\"https:\\\/\\\/www.meslibellules.fr\\\/blog\\\/#\\\/schema\\\/person\\\/9aa3586f9dd053fcf329f43b8b053c77\",\"name\":\"Beno\u00eet Guillon\",\"image\":{\"@type\":\"ImageObject\",\"inLanguage\":\"fr-FR\",\"@id\":\"https:\\\/\\\/www.meslibellules.fr\\\/blog\\\/wp-content\\\/uploads\\\/cropped-avatar-150-pix.jpg\",\"url\":\"https:\\\/\\\/www.meslibellules.fr\\\/blog\\\/wp-content\\\/uploads\\\/cropped-avatar-150-pix.jpg\",\"contentUrl\":\"https:\\\/\\\/www.meslibellules.fr\\\/blog\\\/wp-content\\\/uploads\\\/cropped-avatar-150-pix.jpg\",\"width\":150,\"height\":137,\"caption\":\"Beno\u00eet Guillon\"},\"logo\":{\"@id\":\"https:\\\/\\\/www.meslibellules.fr\\\/blog\\\/wp-content\\\/uploads\\\/cropped-avatar-150-pix.jpg\"},\"sameAs\":[\"https:\\\/\\\/www.facebook.com\\\/benoit.guillon.96\\\/\"]}]}<\/script>\n<!-- \/ Yoast SEO plugin. -->","yoast_head_json":{"title":"Libellula fulva photos - Mes Libellules","description":"Libellula fulva photos ; photos de Libellula fulva, Libellule fauve, m\u00e2les, femelles, accouplements, immatures, en maturation","robots":{"index":"index","follow":"follow","max-snippet":"max-snippet:-1","max-image-preview":"max-image-preview:large","max-video-preview":"max-video-preview:-1"},"canonical":"https:\/\/www.meslibellules.fr\/blog\/2021\/05\/16\/libellula-fulva-galerie\/","og_locale":"fr_FR","og_type":"article","og_title":"Libellula fulva photos - Mes Libellules","og_description":"Libellula fulva photos ; photos de Libellula fulva, Libellule fauve, m\u00e2les, femelles, accouplements, immatures, en maturation","og_url":"https:\/\/www.meslibellules.fr\/blog\/2021\/05\/16\/libellula-fulva-galerie\/","og_site_name":"Mes Libellules","article_publisher":"https:\/\/www.facebook.com\/benoit.guillon.96\/","article_author":"https:\/\/www.facebook.com\/benoit.guillon.96\/","article_published_time":"2021-05-16T06:04:08+00:00","article_modified_time":"2023-09-26T09:59:02+00:00","og_image":[{"url":"https:\/\/www.meslibellules.fr\/blog\/wp-content\/uploads\/retour.gif","type":"","width":"","height":""}],"author":"Beno\u00eet Guillon","twitter_card":"summary_large_image","twitter_misc":{"\u00c9crit par":"Beno\u00eet Guillon","Dur\u00e9e de lecture estim\u00e9e":"1 minute"},"schema":{"@context":"https:\/\/schema.org","@graph":[{"@type":"Article","@id":"https:\/\/www.meslibellules.fr\/blog\/2021\/05\/16\/libellula-fulva-galerie\/#article","isPartOf":{"@id":"https:\/\/www.meslibellules.fr\/blog\/2021\/05\/16\/libellula-fulva-galerie\/"},"author":{"name":"Beno\u00eet Guillon","@id":"https:\/\/www.meslibellules.fr\/blog\/#\/schema\/person\/9aa3586f9dd053fcf329f43b8b053c77"},"headline":"Libellula fulva : galerie","datePublished":"2021-05-16T06:04:08+00:00","dateModified":"2023-09-26T09:59:02+00:00","mainEntityOfPage":{"@id":"https:\/\/www.meslibellules.fr\/blog\/2021\/05\/16\/libellula-fulva-galerie\/"},"wordCount":6,"commentCount":0,"publisher":{"@id":"https:\/\/www.meslibellules.fr\/blog\/#\/schema\/person\/9aa3586f9dd053fcf329f43b8b053c77"},"image":{"@id":"https:\/\/www.meslibellules.fr\/blog\/2021\/05\/16\/libellula-fulva-galerie\/#primaryimage"},"thumbnailUrl":"https:\/\/www.meslibellules.fr\/blog\/wp-content\/uploads\/retour.gif","keywords":["Galerie","Libellula fulva"],"articleSection":["France","Galerie","Libellula fulva","Libellulidae"],"inLanguage":"fr-FR","potentialAction":[{"@type":"CommentAction","name":"Comment","target":["https:\/\/www.meslibellules.fr\/blog\/2021\/05\/16\/libellula-fulva-galerie\/#respond"]}]},{"@type":"WebPage","@id":"https:\/\/www.meslibellules.fr\/blog\/2021\/05\/16\/libellula-fulva-galerie\/","url":"https:\/\/www.meslibellules.fr\/blog\/2021\/05\/16\/libellula-fulva-galerie\/","name":"Libellula fulva photos - Mes Libellules","isPartOf":{"@id":"https:\/\/www.meslibellules.fr\/blog\/#website"},"primaryImageOfPage":{"@id":"https:\/\/www.meslibellules.fr\/blog\/2021\/05\/16\/libellula-fulva-galerie\/#primaryimage"},"image":{"@id":"https:\/\/www.meslibellules.fr\/blog\/2021\/05\/16\/libellula-fulva-galerie\/#primaryimage"},"thumbnailUrl":"https:\/\/www.meslibellules.fr\/blog\/wp-content\/uploads\/retour.gif","datePublished":"2021-05-16T06:04:08+00:00","dateModified":"2023-09-26T09:59:02+00:00","description":"Libellula fulva photos ; photos de Libellula fulva, Libellule fauve, m\u00e2les, femelles, accouplements, immatures, en maturation","breadcrumb":{"@id":"https:\/\/www.meslibellules.fr\/blog\/2021\/05\/16\/libellula-fulva-galerie\/#breadcrumb"},"inLanguage":"fr-FR","potentialAction":[{"@type":"ReadAction","target":["https:\/\/www.meslibellules.fr\/blog\/2021\/05\/16\/libellula-fulva-galerie\/"]}]},{"@type":"ImageObject","inLanguage":"fr-FR","@id":"https:\/\/www.meslibellules.fr\/blog\/2021\/05\/16\/libellula-fulva-galerie\/#primaryimage","url":"https:\/\/www.meslibellules.fr\/blog\/wp-content\/uploads\/retour.gif","contentUrl":"https:\/\/www.meslibellules.fr\/blog\/wp-content\/uploads\/retour.gif","width":100,"height":20},{"@type":"BreadcrumbList","@id":"https:\/\/www.meslibellules.fr\/blog\/2021\/05\/16\/libellula-fulva-galerie\/#breadcrumb","itemListElement":[{"@type":"ListItem","position":1,"name":"Accueil","item":"https:\/\/www.meslibellules.fr\/blog\/"},{"@type":"ListItem","position":2,"name":"Libellula fulva : galerie"}]},{"@type":"WebSite","@id":"https:\/\/www.meslibellules.fr\/blog\/#website","url":"https:\/\/www.meslibellules.fr\/blog\/","name":"Mes Libellules","description":"Pr\u00e9sentation des libellules rencontr\u00e9es dans le monde","publisher":{"@id":"https:\/\/www.meslibellules.fr\/blog\/#\/schema\/person\/9aa3586f9dd053fcf329f43b8b053c77"},"potentialAction":[{"@type":"SearchAction","target":{"@type":"EntryPoint","urlTemplate":"https:\/\/www.meslibellules.fr\/blog\/?s={search_term_string}"},"query-input":{"@type":"PropertyValueSpecification","valueRequired":true,"valueName":"search_term_string"}}],"inLanguage":"fr-FR"},{"@type":["Person","Organization"],"@id":"https:\/\/www.meslibellules.fr\/blog\/#\/schema\/person\/9aa3586f9dd053fcf329f43b8b053c77","name":"Beno\u00eet Guillon","image":{"@type":"ImageObject","inLanguage":"fr-FR","@id":"https:\/\/www.meslibellules.fr\/blog\/wp-content\/uploads\/cropped-avatar-150-pix.jpg","url":"https:\/\/www.meslibellules.fr\/blog\/wp-content\/uploads\/cropped-avatar-150-pix.jpg","contentUrl":"https:\/\/www.meslibellules.fr\/blog\/wp-content\/uploads\/cropped-avatar-150-pix.jpg","width":150,"height":137,"caption":"Beno\u00eet Guillon"},"logo":{"@id":"https:\/\/www.meslibellules.fr\/blog\/wp-content\/uploads\/cropped-avatar-150-pix.jpg"},"sameAs":["https:\/\/www.facebook.com\/benoit.guillon.96\/"]}]}},"_links":{"self":[{"href":"https:\/\/www.meslibellules.fr\/blog\/wp-json\/wp\/v2\/posts\/8851","targetHints":{"allow":["GET"]}}],"collection":[{"href":"https:\/\/www.meslibellules.fr\/blog\/wp-json\/wp\/v2\/posts"}],"about":[{"href":"https:\/\/www.meslibellules.fr\/blog\/wp-json\/wp\/v2\/types\/post"}],"author":[{"embeddable":true,"href":"https:\/\/www.meslibellules.fr\/blog\/wp-json\/wp\/v2\/users\/1"}],"replies":[{"embeddable":true,"href":"https:\/\/www.meslibellules.fr\/blog\/wp-json\/wp\/v2\/comments?post=8851"}],"version-history":[{"count":0,"href":"https:\/\/www.meslibellules.fr\/blog\/wp-json\/wp\/v2\/posts\/8851\/revisions"}],"wp:attachment":[{"href":"https:\/\/www.meslibellules.fr\/blog\/wp-json\/wp\/v2\/media?parent=8851"}],"wp:term":[{"taxonomy":"category","embeddable":true,"href":"https:\/\/www.meslibellules.fr\/blog\/wp-json\/wp\/v2\/categories?post=8851"},{"taxonomy":"post_tag","embeddable":true,"href":"https:\/\/www.meslibellules.fr\/blog\/wp-json\/wp\/v2\/tags?post=8851"}],"curies":[{"name":"wp","href":"https:\/\/api.w.org\/{rel}","templated":true}]}}