{"id":8918,"date":"2021-05-20T08:32:14","date_gmt":"2021-05-20T06:32:14","guid":{"rendered":"https:\/\/www.meslibellules.fr\/blog\/?p=8918"},"modified":"2023-05-10T11:22:08","modified_gmt":"2023-05-10T09:22:08","slug":"coenagrion-puella-pronotum-femelle","status":"publish","type":"post","link":"https:\/\/www.meslibellules.fr\/blog\/2021\/05\/20\/coenagrion-puella-pronotum-femelle\/","title":{"rendered":"Coenagrion puella : pronotum femelle"},"content":{"rendered":"\n<figure class=\"wp-block-image aligncenter size-large is-resized\"><a href=\"https:\/\/www.meslibellules.fr\/blog\/wp-content\/uploads\/coenagrion-puella-femelle-pronotum-1big.jpg\"><img decoding=\"async\" data-src=\"https:\/\/www.meslibellules.fr\/blog\/wp-content\/uploads\/coenagrion-puella-femelle-pronotum-1big.jpg\" alt=\"Coenagrion puella femelle, lac du Verdon (France-49), 06\/07\/2013\" class=\"wp-image-8916 lazyload\" width=\"408\" height=\"314\" data-srcset=\"https:\/\/www.meslibellules.fr\/blog\/wp-content\/uploads\/\/coenagrion-puella-femelle-pronotum-1big.jpg 1277w, https:\/\/www.meslibellules.fr\/blog\/wp-content\/uploads\/\/coenagrion-puella-femelle-pronotum-1big-768x592.jpg 768w, https:\/\/www.meslibellules.fr\/blog\/wp-content\/uploads\/\/coenagrion-puella-femelle-pronotum-1big-1200x926.jpg 1200w\" data-sizes=\"(max-width: 408px) 100vw, 408px\" src=\"data:image\/svg+xml;base64,PHN2ZyB3aWR0aD0iMSIgaGVpZ2h0PSIxIiB4bWxucz0iaHR0cDovL3d3dy53My5vcmcvMjAwMC9zdmciPjwvc3ZnPg==\" style=\"--smush-placeholder-width: 408px; --smush-placeholder-aspect-ratio: 408\/314;\" \/><\/a><figcaption class=\"wp-element-caption\">Coenagrion puella femelle, lac du Verdon (France-49), 06\/07\/2013<\/figcaption><\/figure>\n\n\n\n<p style=\"font-size:15px\">Pronotum femelle Coenagrion puella<br><br>Quels que soient les crit\u00e8res que l&rsquo;on utilise pour identifier les femelles de Coenagrion, l&rsquo;arbitre reste le pronotum.<br>Avec ou sans taches lat\u00e9rales, le bord post\u00e9rieur de ce pronotum de Coenagrion puella femelle est classiquement d\u00e9crit en accolade. Mais attention, il s&rsquo;agit du bord post\u00e9rieur, sans tenir compte de la forme de la coloration qui l&rsquo;agr\u00e9mente\u202f!<br>C&rsquo;est ce qui le diff\u00e9rencie de la femelle la plus proche, Coenagrion mercuriale, dont le bord post\u00e9rieur du&nbsp;<a href=\"http:\/\/www.meslibellules.fr\/images\/coenagrionidae\/coenagrion\/mercuriale\/merc_femelle1\/grospl_big.jpg\">pronotum<\/a>&nbsp;est rectiligne (hormis une pointe m\u00e9diane) et qui pr\u00e9sente (toujours ?) 2 taches lat\u00e9rales.<\/p>\n\n\n\n<figure class=\"wp-block-image aligncenter size-large is-resized\"><a href=\"https:\/\/www.meslibellules.fr\/blog\/wp-content\/uploads\/coenagrion-puella-femelle-pronotum-2.jpg\"><img decoding=\"async\" data-src=\"https:\/\/www.meslibellules.fr\/blog\/wp-content\/uploads\/coenagrion-puella-femelle-pronotum-2.jpg\" alt=\"Coenagrion puella femelle, Beaupr\u00e9au en Mauges (France-49), 19\/05\/2021\" class=\"wp-image-8917 lazyload\" width=\"461\" height=\"442\" src=\"data:image\/svg+xml;base64,PHN2ZyB3aWR0aD0iMSIgaGVpZ2h0PSIxIiB4bWxucz0iaHR0cDovL3d3dy53My5vcmcvMjAwMC9zdmciPjwvc3ZnPg==\" style=\"--smush-placeholder-width: 461px; --smush-placeholder-aspect-ratio: 461\/442;\" \/><\/a><figcaption class=\"wp-element-caption\">Coenagrion puella femelle, Beaupr\u00e9au en Mauges (France-49), 19\/05\/2021<\/figcaption><\/figure>\n\n\n\n<p style=\"font-size:15px\">En dehors de la belle accolade, on remarque sur cette jeune femelle, les petites billes des larves d&rsquo;Arrenurus papillator, un hydracarien parasite, qui cach\u00e9es sous les fourreaux alaires de la larve de l&rsquo;odonate, ont profit\u00e9 de l&rsquo;\u00e9mergence r\u00e9cente pour venir se fixer sur la cuticule afin de se nourrir d&rsquo;<a href=\"http:\/\/www.meslibellules.fr\/pagesweb\/divers\/glossaire.php\">h\u00e9molymphe<\/a>. Je suis assez surpris de la pr\u00e9sence de ce parasite, car la photo a \u00e9t\u00e9 faite \u00e0 quelques m\u00e8tres de la rivi\u00e8re \u00c8vre, apr\u00e8s la chauss\u00e9e d&rsquo;un ancien moulin ou l&rsquo;eau est tr\u00e8s agit\u00e9e ; j&rsquo;ai plut\u00f4t l&rsquo;habitude de constater la pr\u00e9sence de ces passagers sur les sujets issus de mares ou d&rsquo;\u00e9tangs, en tout cas de syst\u00e8mes lentiques.<br><br>Noter \u00e9galement la fine ligne color\u00e9e qui <em>unit<\/em> les taches postoculaires ; sa finesse ou son absence est une caract\u00e9ristique qui s\u00e9pare les femelles C. puella de C. mercuriale pour laquelle elle est toujours pr\u00e9sente et souvent tr\u00e8s marqu\u00e9e.<br><\/p>\n\n\n\n<figure class=\"wp-block-image aligncenter size-full is-resized\"><a href=\"https:\/\/www.meslibellules.fr\/blog\/wp-content\/uploads\/coenagrion-puella-femelle-pronotum-3.jpg\"><img decoding=\"async\" data-src=\"https:\/\/www.meslibellules.fr\/blog\/wp-content\/uploads\/coenagrion-puella-femelle-pronotum-3.jpg\" alt=\"Coenagrion puella femelle, Beaupr\u00e9au Hr (F-49), 06\/05\/2023\" class=\"wp-image-14361 lazyload\" width=\"550\" height=\"401\" data-srcset=\"https:\/\/www.meslibellules.fr\/blog\/wp-content\/uploads\/\/coenagrion-puella-femelle-pronotum-3.jpg 1648w, https:\/\/www.meslibellules.fr\/blog\/wp-content\/uploads\/\/coenagrion-puella-femelle-pronotum-3-768x561.jpg 768w, https:\/\/www.meslibellules.fr\/blog\/wp-content\/uploads\/\/coenagrion-puella-femelle-pronotum-3-1536x1122.jpg 1536w\" data-sizes=\"(max-width: 550px) 100vw, 550px\" src=\"data:image\/svg+xml;base64,PHN2ZyB3aWR0aD0iMSIgaGVpZ2h0PSIxIiB4bWxucz0iaHR0cDovL3d3dy53My5vcmcvMjAwMC9zdmciPjwvc3ZnPg==\" style=\"--smush-placeholder-width: 550px; --smush-placeholder-aspect-ratio: 550\/401;\" \/><\/a><figcaption class=\"wp-element-caption\">Coenagrion puella femelle, Beaupr\u00e9au Hr (F-49), 06\/05\/2023<\/figcaption><\/figure>\n\n\n\n\n\n<figure class=\"wp-block-image size-large\"><a href=\"http:\/\/www.meslibellules.fr\/pagesweb\/coenagrionidae\/coenagrion\/coenagrion-puella\/coenagrion-puella-accueil.php\"><img decoding=\"async\" width=\"100\" height=\"20\" data-src=\"https:\/\/www.meslibellules.fr\/blog\/wp-content\/uploads\/retour.gif\" alt=\"\" class=\"wp-image-8468 lazyload\" src=\"data:image\/svg+xml;base64,PHN2ZyB3aWR0aD0iMSIgaGVpZ2h0PSIxIiB4bWxucz0iaHR0cDovL3d3dy53My5vcmcvMjAwMC9zdmciPjwvc3ZnPg==\" style=\"--smush-placeholder-width: 100px; --smush-placeholder-aspect-ratio: 100\/20;\" \/><\/a><\/figure>\n","protected":false},"excerpt":{"rendered":"<p>Pronotum femelle Coenagrion puella Quels que soient les crit\u00e8res que l&rsquo;on utilise pour identifier les femelles de Coenagrion, l&rsquo;arbitre reste le pronotum.Avec ou sans taches lat\u00e9rales, le bord post\u00e9rieur de ce pronotum de Coenagrion puella femelle est classiquement d\u00e9crit en accolade. Mais attention, il s&rsquo;agit du bord post\u00e9rieur, sans tenir compte de la forme de [&hellip;]<\/p>\n","protected":false},"author":1,"featured_media":0,"comment_status":"open","ping_status":"open","sticky":false,"template":"","format":"image","meta":{"site-sidebar-layout":"default","site-content-layout":"","ast-site-content-layout":"default","site-content-style":"default","site-sidebar-style":"default","ast-global-header-display":"","ast-banner-title-visibility":"","ast-main-header-display":"","ast-hfb-above-header-display":"","ast-hfb-below-header-display":"","ast-hfb-mobile-header-display":"","site-post-title":"","ast-breadcrumbs-content":"","ast-featured-img":"","footer-sml-layout":"","ast-disable-related-posts":"","theme-transparent-header-meta":"","adv-header-id-meta":"","stick-header-meta":"","header-above-stick-meta":"","header-main-stick-meta":"","header-below-stick-meta":"","astra-migrate-meta-layouts":"default","ast-page-background-enabled":"default","ast-page-background-meta":{"desktop":{"background-color":"var(--ast-global-color-4)","background-image":"","background-repeat":"repeat","background-position":"center center","background-size":"auto","background-attachment":"scroll","background-type":"","background-media":"","overlay-type":"","overlay-color":"","overlay-opacity":"","overlay-gradient":""},"tablet":{"background-color":"","background-image":"","background-repeat":"repeat","background-position":"center center","background-size":"auto","background-attachment":"scroll","background-type":"","background-media":"","overlay-type":"","overlay-color":"","overlay-opacity":"","overlay-gradient":""},"mobile":{"background-color":"","background-image":"","background-repeat":"repeat","background-position":"center center","background-size":"auto","background-attachment":"scroll","background-type":"","background-media":"","overlay-type":"","overlay-color":"","overlay-opacity":"","overlay-gradient":""}},"ast-content-background-meta":{"desktop":{"background-color":"var(--ast-global-color-5)","background-image":"","background-repeat":"repeat","background-position":"center center","background-size":"auto","background-attachment":"scroll","background-type":"","background-media":"","overlay-type":"","overlay-color":"","overlay-opacity":"","overlay-gradient":""},"tablet":{"background-color":"var(--ast-global-color-5)","background-image":"","background-repeat":"repeat","background-position":"center center","background-size":"auto","background-attachment":"scroll","background-type":"","background-media":"","overlay-type":"","overlay-color":"","overlay-opacity":"","overlay-gradient":""},"mobile":{"background-color":"var(--ast-global-color-5)","background-image":"","background-repeat":"repeat","background-position":"center center","background-size":"auto","background-attachment":"scroll","background-type":"","background-media":"","overlay-type":"","overlay-color":"","overlay-opacity":"","overlay-gradient":""}},"footnotes":""},"categories":[457,60,55],"tags":[513,458,584],"class_list":["post-8918","post","type-post","status-publish","format-image","hentry","category-coenagrion-puella","category-coenagrionidae-france","category-france","tag-coenagrion-puella","tag-pronotum","tag-pronotum-femelle","post_format-post-format-image"],"yoast_head":"<!-- This site is optimized with the Yoast SEO plugin v27.5 - https:\/\/yoast.com\/product\/yoast-seo-wordpress\/ -->\n<title>Pronotum femelle Coenagrion puella - Mes Libellules<\/title>\n<meta name=\"description\" content=\"Pronotum femelle Coenagrion puella : forme du bord post\u00e9rieur du pronotum, accolade, ligne color\u00e9e entre les taches postoculaires\" \/>\n<meta name=\"robots\" content=\"index, follow, max-snippet:-1, max-image-preview:large, max-video-preview:-1\" \/>\n<link rel=\"canonical\" href=\"https:\/\/www.meslibellules.fr\/blog\/2021\/05\/20\/coenagrion-puella-pronotum-femelle\/\" \/>\n<meta property=\"og:locale\" content=\"fr_FR\" \/>\n<meta property=\"og:type\" content=\"article\" \/>\n<meta property=\"og:title\" content=\"Pronotum femelle Coenagrion puella - Mes Libellules\" \/>\n<meta property=\"og:description\" content=\"Pronotum femelle Coenagrion puella : forme du bord post\u00e9rieur du pronotum, accolade, ligne color\u00e9e entre les taches postoculaires\" \/>\n<meta property=\"og:url\" content=\"https:\/\/www.meslibellules.fr\/blog\/2021\/05\/20\/coenagrion-puella-pronotum-femelle\/\" \/>\n<meta property=\"og:site_name\" content=\"Mes Libellules\" \/>\n<meta property=\"article:publisher\" content=\"https:\/\/www.facebook.com\/benoit.guillon.96\/\" \/>\n<meta property=\"article:author\" content=\"https:\/\/www.facebook.com\/benoit.guillon.96\/\" \/>\n<meta property=\"article:published_time\" content=\"2021-05-20T06:32:14+00:00\" \/>\n<meta property=\"article:modified_time\" content=\"2023-05-10T09:22:08+00:00\" \/>\n<meta property=\"og:image\" content=\"https:\/\/www.meslibellules.fr\/blog\/wp-content\/uploads\/coenagrion-puella-femelle-pronotum-1big.jpg\" \/>\n<meta name=\"author\" content=\"Beno\u00eet Guillon\" \/>\n<meta name=\"twitter:card\" content=\"summary_large_image\" \/>\n<meta name=\"twitter:label1\" content=\"\u00c9crit par\" \/>\n\t<meta name=\"twitter:data1\" content=\"Beno\u00eet Guillon\" \/>\n\t<meta name=\"twitter:label2\" content=\"Dur\u00e9e de lecture estim\u00e9e\" \/>\n\t<meta name=\"twitter:data2\" content=\"3 minutes\" \/>\n<script type=\"application\/ld+json\" class=\"yoast-schema-graph\">{\"@context\":\"https:\\\/\\\/schema.org\",\"@graph\":[{\"@type\":\"Article\",\"@id\":\"https:\\\/\\\/www.meslibellules.fr\\\/blog\\\/2021\\\/05\\\/20\\\/coenagrion-puella-pronotum-femelle\\\/#article\",\"isPartOf\":{\"@id\":\"https:\\\/\\\/www.meslibellules.fr\\\/blog\\\/2021\\\/05\\\/20\\\/coenagrion-puella-pronotum-femelle\\\/\"},\"author\":{\"name\":\"Beno\u00eet Guillon\",\"@id\":\"https:\\\/\\\/www.meslibellules.fr\\\/blog\\\/#\\\/schema\\\/person\\\/9aa3586f9dd053fcf329f43b8b053c77\"},\"headline\":\"Coenagrion puella : pronotum femelle\",\"datePublished\":\"2021-05-20T06:32:14+00:00\",\"dateModified\":\"2023-05-10T09:22:08+00:00\",\"mainEntityOfPage\":{\"@id\":\"https:\\\/\\\/www.meslibellules.fr\\\/blog\\\/2021\\\/05\\\/20\\\/coenagrion-puella-pronotum-femelle\\\/\"},\"wordCount\":308,\"commentCount\":0,\"publisher\":{\"@id\":\"https:\\\/\\\/www.meslibellules.fr\\\/blog\\\/#\\\/schema\\\/person\\\/9aa3586f9dd053fcf329f43b8b053c77\"},\"image\":{\"@id\":\"https:\\\/\\\/www.meslibellules.fr\\\/blog\\\/2021\\\/05\\\/20\\\/coenagrion-puella-pronotum-femelle\\\/#primaryimage\"},\"thumbnailUrl\":\"https:\\\/\\\/www.meslibellules.fr\\\/blog\\\/wp-content\\\/uploads\\\/coenagrion-puella-femelle-pronotum-1big.jpg\",\"keywords\":[\"Coenagrion puella\",\"Pronotum\",\"Pronotum femelle\"],\"articleSection\":[\"Coenagrion puella\",\"Coenagrionidae\",\"France\"],\"inLanguage\":\"fr-FR\",\"potentialAction\":[{\"@type\":\"CommentAction\",\"name\":\"Comment\",\"target\":[\"https:\\\/\\\/www.meslibellules.fr\\\/blog\\\/2021\\\/05\\\/20\\\/coenagrion-puella-pronotum-femelle\\\/#respond\"]}]},{\"@type\":\"WebPage\",\"@id\":\"https:\\\/\\\/www.meslibellules.fr\\\/blog\\\/2021\\\/05\\\/20\\\/coenagrion-puella-pronotum-femelle\\\/\",\"url\":\"https:\\\/\\\/www.meslibellules.fr\\\/blog\\\/2021\\\/05\\\/20\\\/coenagrion-puella-pronotum-femelle\\\/\",\"name\":\"Pronotum femelle Coenagrion puella - Mes Libellules\",\"isPartOf\":{\"@id\":\"https:\\\/\\\/www.meslibellules.fr\\\/blog\\\/#website\"},\"primaryImageOfPage\":{\"@id\":\"https:\\\/\\\/www.meslibellules.fr\\\/blog\\\/2021\\\/05\\\/20\\\/coenagrion-puella-pronotum-femelle\\\/#primaryimage\"},\"image\":{\"@id\":\"https:\\\/\\\/www.meslibellules.fr\\\/blog\\\/2021\\\/05\\\/20\\\/coenagrion-puella-pronotum-femelle\\\/#primaryimage\"},\"thumbnailUrl\":\"https:\\\/\\\/www.meslibellules.fr\\\/blog\\\/wp-content\\\/uploads\\\/coenagrion-puella-femelle-pronotum-1big.jpg\",\"datePublished\":\"2021-05-20T06:32:14+00:00\",\"dateModified\":\"2023-05-10T09:22:08+00:00\",\"description\":\"Pronotum femelle Coenagrion puella : forme du bord post\u00e9rieur du pronotum, accolade, ligne color\u00e9e entre les taches postoculaires\",\"breadcrumb\":{\"@id\":\"https:\\\/\\\/www.meslibellules.fr\\\/blog\\\/2021\\\/05\\\/20\\\/coenagrion-puella-pronotum-femelle\\\/#breadcrumb\"},\"inLanguage\":\"fr-FR\",\"potentialAction\":[{\"@type\":\"ReadAction\",\"target\":[\"https:\\\/\\\/www.meslibellules.fr\\\/blog\\\/2021\\\/05\\\/20\\\/coenagrion-puella-pronotum-femelle\\\/\"]}]},{\"@type\":\"ImageObject\",\"inLanguage\":\"fr-FR\",\"@id\":\"https:\\\/\\\/www.meslibellules.fr\\\/blog\\\/2021\\\/05\\\/20\\\/coenagrion-puella-pronotum-femelle\\\/#primaryimage\",\"url\":\"https:\\\/\\\/www.meslibellules.fr\\\/blog\\\/wp-content\\\/uploads\\\/coenagrion-puella-femelle-pronotum-1big.jpg\",\"contentUrl\":\"https:\\\/\\\/www.meslibellules.fr\\\/blog\\\/wp-content\\\/uploads\\\/coenagrion-puella-femelle-pronotum-1big.jpg\",\"width\":1277,\"height\":985,\"caption\":\"Coenagrion puella femelle, lac du Verdon (France-49), 06\\\/07\\\/2013\"},{\"@type\":\"BreadcrumbList\",\"@id\":\"https:\\\/\\\/www.meslibellules.fr\\\/blog\\\/2021\\\/05\\\/20\\\/coenagrion-puella-pronotum-femelle\\\/#breadcrumb\",\"itemListElement\":[{\"@type\":\"ListItem\",\"position\":1,\"name\":\"Accueil\",\"item\":\"https:\\\/\\\/www.meslibellules.fr\\\/blog\\\/\"},{\"@type\":\"ListItem\",\"position\":2,\"name\":\"Coenagrion puella : pronotum femelle\"}]},{\"@type\":\"WebSite\",\"@id\":\"https:\\\/\\\/www.meslibellules.fr\\\/blog\\\/#website\",\"url\":\"https:\\\/\\\/www.meslibellules.fr\\\/blog\\\/\",\"name\":\"Mes Libellules\",\"description\":\"Pr\u00e9sentation des libellules rencontr\u00e9es dans le monde\",\"publisher\":{\"@id\":\"https:\\\/\\\/www.meslibellules.fr\\\/blog\\\/#\\\/schema\\\/person\\\/9aa3586f9dd053fcf329f43b8b053c77\"},\"potentialAction\":[{\"@type\":\"SearchAction\",\"target\":{\"@type\":\"EntryPoint\",\"urlTemplate\":\"https:\\\/\\\/www.meslibellules.fr\\\/blog\\\/?s={search_term_string}\"},\"query-input\":{\"@type\":\"PropertyValueSpecification\",\"valueRequired\":true,\"valueName\":\"search_term_string\"}}],\"inLanguage\":\"fr-FR\"},{\"@type\":[\"Person\",\"Organization\"],\"@id\":\"https:\\\/\\\/www.meslibellules.fr\\\/blog\\\/#\\\/schema\\\/person\\\/9aa3586f9dd053fcf329f43b8b053c77\",\"name\":\"Beno\u00eet Guillon\",\"image\":{\"@type\":\"ImageObject\",\"inLanguage\":\"fr-FR\",\"@id\":\"https:\\\/\\\/www.meslibellules.fr\\\/blog\\\/wp-content\\\/uploads\\\/cropped-avatar-150-pix.jpg\",\"url\":\"https:\\\/\\\/www.meslibellules.fr\\\/blog\\\/wp-content\\\/uploads\\\/cropped-avatar-150-pix.jpg\",\"contentUrl\":\"https:\\\/\\\/www.meslibellules.fr\\\/blog\\\/wp-content\\\/uploads\\\/cropped-avatar-150-pix.jpg\",\"width\":150,\"height\":137,\"caption\":\"Beno\u00eet Guillon\"},\"logo\":{\"@id\":\"https:\\\/\\\/www.meslibellules.fr\\\/blog\\\/wp-content\\\/uploads\\\/cropped-avatar-150-pix.jpg\"},\"sameAs\":[\"https:\\\/\\\/www.facebook.com\\\/benoit.guillon.96\\\/\"]}]}<\/script>\n<!-- \/ Yoast SEO plugin. -->","yoast_head_json":{"title":"Pronotum femelle Coenagrion puella - Mes Libellules","description":"Pronotum femelle Coenagrion puella : forme du bord post\u00e9rieur du pronotum, accolade, ligne color\u00e9e entre les taches postoculaires","robots":{"index":"index","follow":"follow","max-snippet":"max-snippet:-1","max-image-preview":"max-image-preview:large","max-video-preview":"max-video-preview:-1"},"canonical":"https:\/\/www.meslibellules.fr\/blog\/2021\/05\/20\/coenagrion-puella-pronotum-femelle\/","og_locale":"fr_FR","og_type":"article","og_title":"Pronotum femelle Coenagrion puella - Mes Libellules","og_description":"Pronotum femelle Coenagrion puella : forme du bord post\u00e9rieur du pronotum, accolade, ligne color\u00e9e entre les taches postoculaires","og_url":"https:\/\/www.meslibellules.fr\/blog\/2021\/05\/20\/coenagrion-puella-pronotum-femelle\/","og_site_name":"Mes Libellules","article_publisher":"https:\/\/www.facebook.com\/benoit.guillon.96\/","article_author":"https:\/\/www.facebook.com\/benoit.guillon.96\/","article_published_time":"2021-05-20T06:32:14+00:00","article_modified_time":"2023-05-10T09:22:08+00:00","og_image":[{"url":"https:\/\/www.meslibellules.fr\/blog\/wp-content\/uploads\/coenagrion-puella-femelle-pronotum-1big.jpg","type":"","width":"","height":""}],"author":"Beno\u00eet Guillon","twitter_card":"summary_large_image","twitter_misc":{"\u00c9crit par":"Beno\u00eet Guillon","Dur\u00e9e de lecture estim\u00e9e":"3 minutes"},"schema":{"@context":"https:\/\/schema.org","@graph":[{"@type":"Article","@id":"https:\/\/www.meslibellules.fr\/blog\/2021\/05\/20\/coenagrion-puella-pronotum-femelle\/#article","isPartOf":{"@id":"https:\/\/www.meslibellules.fr\/blog\/2021\/05\/20\/coenagrion-puella-pronotum-femelle\/"},"author":{"name":"Beno\u00eet Guillon","@id":"https:\/\/www.meslibellules.fr\/blog\/#\/schema\/person\/9aa3586f9dd053fcf329f43b8b053c77"},"headline":"Coenagrion puella : pronotum femelle","datePublished":"2021-05-20T06:32:14+00:00","dateModified":"2023-05-10T09:22:08+00:00","mainEntityOfPage":{"@id":"https:\/\/www.meslibellules.fr\/blog\/2021\/05\/20\/coenagrion-puella-pronotum-femelle\/"},"wordCount":308,"commentCount":0,"publisher":{"@id":"https:\/\/www.meslibellules.fr\/blog\/#\/schema\/person\/9aa3586f9dd053fcf329f43b8b053c77"},"image":{"@id":"https:\/\/www.meslibellules.fr\/blog\/2021\/05\/20\/coenagrion-puella-pronotum-femelle\/#primaryimage"},"thumbnailUrl":"https:\/\/www.meslibellules.fr\/blog\/wp-content\/uploads\/coenagrion-puella-femelle-pronotum-1big.jpg","keywords":["Coenagrion puella","Pronotum","Pronotum femelle"],"articleSection":["Coenagrion puella","Coenagrionidae","France"],"inLanguage":"fr-FR","potentialAction":[{"@type":"CommentAction","name":"Comment","target":["https:\/\/www.meslibellules.fr\/blog\/2021\/05\/20\/coenagrion-puella-pronotum-femelle\/#respond"]}]},{"@type":"WebPage","@id":"https:\/\/www.meslibellules.fr\/blog\/2021\/05\/20\/coenagrion-puella-pronotum-femelle\/","url":"https:\/\/www.meslibellules.fr\/blog\/2021\/05\/20\/coenagrion-puella-pronotum-femelle\/","name":"Pronotum femelle Coenagrion puella - Mes Libellules","isPartOf":{"@id":"https:\/\/www.meslibellules.fr\/blog\/#website"},"primaryImageOfPage":{"@id":"https:\/\/www.meslibellules.fr\/blog\/2021\/05\/20\/coenagrion-puella-pronotum-femelle\/#primaryimage"},"image":{"@id":"https:\/\/www.meslibellules.fr\/blog\/2021\/05\/20\/coenagrion-puella-pronotum-femelle\/#primaryimage"},"thumbnailUrl":"https:\/\/www.meslibellules.fr\/blog\/wp-content\/uploads\/coenagrion-puella-femelle-pronotum-1big.jpg","datePublished":"2021-05-20T06:32:14+00:00","dateModified":"2023-05-10T09:22:08+00:00","description":"Pronotum femelle Coenagrion puella : forme du bord post\u00e9rieur du pronotum, accolade, ligne color\u00e9e entre les taches postoculaires","breadcrumb":{"@id":"https:\/\/www.meslibellules.fr\/blog\/2021\/05\/20\/coenagrion-puella-pronotum-femelle\/#breadcrumb"},"inLanguage":"fr-FR","potentialAction":[{"@type":"ReadAction","target":["https:\/\/www.meslibellules.fr\/blog\/2021\/05\/20\/coenagrion-puella-pronotum-femelle\/"]}]},{"@type":"ImageObject","inLanguage":"fr-FR","@id":"https:\/\/www.meslibellules.fr\/blog\/2021\/05\/20\/coenagrion-puella-pronotum-femelle\/#primaryimage","url":"https:\/\/www.meslibellules.fr\/blog\/wp-content\/uploads\/coenagrion-puella-femelle-pronotum-1big.jpg","contentUrl":"https:\/\/www.meslibellules.fr\/blog\/wp-content\/uploads\/coenagrion-puella-femelle-pronotum-1big.jpg","width":1277,"height":985,"caption":"Coenagrion puella femelle, lac du Verdon (France-49), 06\/07\/2013"},{"@type":"BreadcrumbList","@id":"https:\/\/www.meslibellules.fr\/blog\/2021\/05\/20\/coenagrion-puella-pronotum-femelle\/#breadcrumb","itemListElement":[{"@type":"ListItem","position":1,"name":"Accueil","item":"https:\/\/www.meslibellules.fr\/blog\/"},{"@type":"ListItem","position":2,"name":"Coenagrion puella : pronotum femelle"}]},{"@type":"WebSite","@id":"https:\/\/www.meslibellules.fr\/blog\/#website","url":"https:\/\/www.meslibellules.fr\/blog\/","name":"Mes Libellules","description":"Pr\u00e9sentation des libellules rencontr\u00e9es dans le monde","publisher":{"@id":"https:\/\/www.meslibellules.fr\/blog\/#\/schema\/person\/9aa3586f9dd053fcf329f43b8b053c77"},"potentialAction":[{"@type":"SearchAction","target":{"@type":"EntryPoint","urlTemplate":"https:\/\/www.meslibellules.fr\/blog\/?s={search_term_string}"},"query-input":{"@type":"PropertyValueSpecification","valueRequired":true,"valueName":"search_term_string"}}],"inLanguage":"fr-FR"},{"@type":["Person","Organization"],"@id":"https:\/\/www.meslibellules.fr\/blog\/#\/schema\/person\/9aa3586f9dd053fcf329f43b8b053c77","name":"Beno\u00eet Guillon","image":{"@type":"ImageObject","inLanguage":"fr-FR","@id":"https:\/\/www.meslibellules.fr\/blog\/wp-content\/uploads\/cropped-avatar-150-pix.jpg","url":"https:\/\/www.meslibellules.fr\/blog\/wp-content\/uploads\/cropped-avatar-150-pix.jpg","contentUrl":"https:\/\/www.meslibellules.fr\/blog\/wp-content\/uploads\/cropped-avatar-150-pix.jpg","width":150,"height":137,"caption":"Beno\u00eet Guillon"},"logo":{"@id":"https:\/\/www.meslibellules.fr\/blog\/wp-content\/uploads\/cropped-avatar-150-pix.jpg"},"sameAs":["https:\/\/www.facebook.com\/benoit.guillon.96\/"]}]}},"_links":{"self":[{"href":"https:\/\/www.meslibellules.fr\/blog\/wp-json\/wp\/v2\/posts\/8918","targetHints":{"allow":["GET"]}}],"collection":[{"href":"https:\/\/www.meslibellules.fr\/blog\/wp-json\/wp\/v2\/posts"}],"about":[{"href":"https:\/\/www.meslibellules.fr\/blog\/wp-json\/wp\/v2\/types\/post"}],"author":[{"embeddable":true,"href":"https:\/\/www.meslibellules.fr\/blog\/wp-json\/wp\/v2\/users\/1"}],"replies":[{"embeddable":true,"href":"https:\/\/www.meslibellules.fr\/blog\/wp-json\/wp\/v2\/comments?post=8918"}],"version-history":[{"count":0,"href":"https:\/\/www.meslibellules.fr\/blog\/wp-json\/wp\/v2\/posts\/8918\/revisions"}],"wp:attachment":[{"href":"https:\/\/www.meslibellules.fr\/blog\/wp-json\/wp\/v2\/media?parent=8918"}],"wp:term":[{"taxonomy":"category","embeddable":true,"href":"https:\/\/www.meslibellules.fr\/blog\/wp-json\/wp\/v2\/categories?post=8918"},{"taxonomy":"post_tag","embeddable":true,"href":"https:\/\/www.meslibellules.fr\/blog\/wp-json\/wp\/v2\/tags?post=8918"}],"curies":[{"name":"wp","href":"https:\/\/api.w.org\/{rel}","templated":true}]}}