{"id":8936,"date":"2021-05-22T06:54:47","date_gmt":"2021-05-22T04:54:47","guid":{"rendered":"https:\/\/www.meslibellules.fr\/blog\/?p=8936"},"modified":"2025-04-26T22:17:33","modified_gmt":"2025-04-26T20:17:33","slug":"erythromma-lidenii-male-en-emergence","status":"publish","type":"post","link":"https:\/\/www.meslibellules.fr\/blog\/2021\/05\/22\/erythromma-lidenii-male-en-emergence\/","title":{"rendered":"Erythromma lidenii m\u00e2le en \u00e9mergence 1\/2"},"content":{"rendered":"\n<p style=\"font-size:15px\">Cette sc\u00e8ne, \u00e9mergence Erythromma lindenii m\u00e2le se d\u00e9roule sur la rivi\u00e8re l&rsquo;\u00c8vre, sur un n\u00e9nuphar, malheureusement un peu loin de la berge pour la qualit\u00e9 des photos\u2026 La premi\u00e8re est faite \u00e0 11 heures 34, la derni\u00e8re \u00e0 11 heures 56.<br>Si au d\u00e9but, je n&rsquo;ai aucune id\u00e9e de l&rsquo;esp\u00e8ce, d\u00e8s que les longs cerco\u00efdes apparaissent le choix se restreint s\u00e9rieusement ; j&rsquo;esp\u00e8re quelques instants que ce soit Erythromma najas, qu&rsquo;en 2010 j&rsquo;avais alors tr\u00e8s peu rencontr\u00e9 et dont quelques sujets \u00e9taient post\u00e9s sur les n\u00e9nuphars, encore plus loin de la rive.<\/p>\n\n\n\n<figure class=\"wp-block-gallery aligncenter has-nested-images columns-2 is-cropped wp-block-gallery-1 is-layout-flex wp-block-gallery-is-layout-flex\">\n<figure class=\"wp-block-image size-large\"><a href=\"https:\/\/www.meslibellules.fr\/blog\/wp-content\/uploads\/erythromma-lindenii-emergence-1.jpg\"><img decoding=\"async\" width=\"1626\" height=\"1004\" data-id=\"8927\" data-src=\"https:\/\/www.meslibellules.fr\/blog\/wp-content\/uploads\/erythromma-lindenii-emergence-1.jpg\" alt=\"Erythromma lindenii m\u00e2le en \u00e9mergence, Le Fief Sauvin (France-49), 23\/05\/2010\" class=\"wp-image-8927 lazyload\" data-srcset=\"https:\/\/www.meslibellules.fr\/blog\/wp-content\/uploads\/\/erythromma-lindenii-emergence-1.jpg 1626w, https:\/\/www.meslibellules.fr\/blog\/wp-content\/uploads\/\/erythromma-lindenii-emergence-1-768x474.jpg 768w, https:\/\/www.meslibellules.fr\/blog\/wp-content\/uploads\/\/erythromma-lindenii-emergence-1-1536x948.jpg 1536w, https:\/\/www.meslibellules.fr\/blog\/wp-content\/uploads\/\/erythromma-lindenii-emergence-1-1200x741.jpg 1200w\" data-sizes=\"(max-width: 1626px) 100vw, 1626px\" src=\"data:image\/svg+xml;base64,PHN2ZyB3aWR0aD0iMSIgaGVpZ2h0PSIxIiB4bWxucz0iaHR0cDovL3d3dy53My5vcmcvMjAwMC9zdmciPjwvc3ZnPg==\" style=\"--smush-placeholder-width: 1626px; --smush-placeholder-aspect-ratio: 1626\/1004;\" \/><\/a><\/figure>\n\n\n\n<figure class=\"wp-block-image size-large\"><a href=\"https:\/\/www.meslibellules.fr\/blog\/wp-content\/uploads\/erythromma-lindenii-emergence-2.jpg\"><img decoding=\"async\" width=\"1588\" height=\"1004\" data-id=\"8928\" data-src=\"https:\/\/www.meslibellules.fr\/blog\/wp-content\/uploads\/erythromma-lindenii-emergence-2.jpg\" alt=\"Erythromma lindenii m\u00e2le en \u00e9mergence, Le Fief Sauvin (France-49), 23\/05\/2010\" class=\"wp-image-8928 lazyload\" data-srcset=\"https:\/\/www.meslibellules.fr\/blog\/wp-content\/uploads\/\/erythromma-lindenii-emergence-2.jpg 1588w, https:\/\/www.meslibellules.fr\/blog\/wp-content\/uploads\/\/erythromma-lindenii-emergence-2-768x486.jpg 768w, https:\/\/www.meslibellules.fr\/blog\/wp-content\/uploads\/\/erythromma-lindenii-emergence-2-1536x971.jpg 1536w, https:\/\/www.meslibellules.fr\/blog\/wp-content\/uploads\/\/erythromma-lindenii-emergence-2-1200x759.jpg 1200w\" data-sizes=\"(max-width: 1588px) 100vw, 1588px\" src=\"data:image\/svg+xml;base64,PHN2ZyB3aWR0aD0iMSIgaGVpZ2h0PSIxIiB4bWxucz0iaHR0cDovL3d3dy53My5vcmcvMjAwMC9zdmciPjwvc3ZnPg==\" style=\"--smush-placeholder-width: 1588px; --smush-placeholder-aspect-ratio: 1588\/1004;\" \/><\/a><\/figure>\n\n\n\n<figure class=\"wp-block-image size-large\"><a href=\"https:\/\/www.meslibellules.fr\/blog\/wp-content\/uploads\/erythromma-lindenii-emergence-3.jpg\"><img decoding=\"async\" width=\"1487\" height=\"1004\" data-id=\"8929\" data-src=\"https:\/\/www.meslibellules.fr\/blog\/wp-content\/uploads\/erythromma-lindenii-emergence-3.jpg\" alt=\"Erythromma lindenii m\u00e2le en \u00e9mergence, Le Fief Sauvin (France-49), 23\/05\/2010\" class=\"wp-image-8929 lazyload\" data-srcset=\"https:\/\/www.meslibellules.fr\/blog\/wp-content\/uploads\/\/erythromma-lindenii-emergence-3.jpg 1487w, https:\/\/www.meslibellules.fr\/blog\/wp-content\/uploads\/\/erythromma-lindenii-emergence-3-768x519.jpg 768w, https:\/\/www.meslibellules.fr\/blog\/wp-content\/uploads\/\/erythromma-lindenii-emergence-3-1200x810.jpg 1200w\" data-sizes=\"(max-width: 1487px) 100vw, 1487px\" src=\"data:image\/svg+xml;base64,PHN2ZyB3aWR0aD0iMSIgaGVpZ2h0PSIxIiB4bWxucz0iaHR0cDovL3d3dy53My5vcmcvMjAwMC9zdmciPjwvc3ZnPg==\" style=\"--smush-placeholder-width: 1487px; --smush-placeholder-aspect-ratio: 1487\/1004;\" \/><\/a><\/figure>\n\n\n\n<figure class=\"wp-block-image size-large\"><a href=\"https:\/\/www.meslibellules.fr\/blog\/wp-content\/uploads\/erythromma-lindenii-emergence-4.jpg\"><img decoding=\"async\" width=\"1588\" height=\"1004\" data-id=\"8930\" data-src=\"https:\/\/www.meslibellules.fr\/blog\/wp-content\/uploads\/erythromma-lindenii-emergence-4.jpg\" alt=\"Emergence Erythromma lindenii m\u00e2le, Le Fief Sauvin (France-49), 23\/05\/2010\" class=\"wp-image-8930 lazyload\" data-srcset=\"https:\/\/www.meslibellules.fr\/blog\/wp-content\/uploads\/\/erythromma-lindenii-emergence-4.jpg 1588w, https:\/\/www.meslibellules.fr\/blog\/wp-content\/uploads\/\/erythromma-lindenii-emergence-4-768x486.jpg 768w, https:\/\/www.meslibellules.fr\/blog\/wp-content\/uploads\/\/erythromma-lindenii-emergence-4-1536x971.jpg 1536w, https:\/\/www.meslibellules.fr\/blog\/wp-content\/uploads\/\/erythromma-lindenii-emergence-4-1200x759.jpg 1200w\" data-sizes=\"(max-width: 1588px) 100vw, 1588px\" src=\"data:image\/svg+xml;base64,PHN2ZyB3aWR0aD0iMSIgaGVpZ2h0PSIxIiB4bWxucz0iaHR0cDovL3d3dy53My5vcmcvMjAwMC9zdmciPjwvc3ZnPg==\" style=\"--smush-placeholder-width: 1588px; --smush-placeholder-aspect-ratio: 1588\/1004;\" \/><\/a><\/figure>\n\n\n\n<figure class=\"wp-block-image size-large\"><a href=\"https:\/\/www.meslibellules.fr\/blog\/wp-content\/uploads\/erythromma-lindenii-emergence-5.jpg\"><img decoding=\"async\" width=\"1531\" height=\"1004\" data-id=\"8931\" data-src=\"https:\/\/www.meslibellules.fr\/blog\/wp-content\/uploads\/erythromma-lindenii-emergence-5.jpg\" alt=\"Erythromma lindenii m\u00e2le en \u00e9mergence, Le Fief Sauvin (France-49), 23\/05\/2010\" class=\"wp-image-8931 lazyload\" data-srcset=\"https:\/\/www.meslibellules.fr\/blog\/wp-content\/uploads\/\/erythromma-lindenii-emergence-5.jpg 1531w, https:\/\/www.meslibellules.fr\/blog\/wp-content\/uploads\/\/erythromma-lindenii-emergence-5-768x504.jpg 768w, https:\/\/www.meslibellules.fr\/blog\/wp-content\/uploads\/\/erythromma-lindenii-emergence-5-1200x787.jpg 1200w\" data-sizes=\"(max-width: 1531px) 100vw, 1531px\" src=\"data:image\/svg+xml;base64,PHN2ZyB3aWR0aD0iMSIgaGVpZ2h0PSIxIiB4bWxucz0iaHR0cDovL3d3dy53My5vcmcvMjAwMC9zdmciPjwvc3ZnPg==\" style=\"--smush-placeholder-width: 1531px; --smush-placeholder-aspect-ratio: 1531\/1004;\" \/><\/a><\/figure>\n\n\n\n<figure class=\"wp-block-image size-large\"><a href=\"https:\/\/www.meslibellules.fr\/blog\/wp-content\/uploads\/erythromma-lindenii-emergence-6.jpg\"><img decoding=\"async\" width=\"1663\" height=\"1004\" data-id=\"8932\" data-src=\"https:\/\/www.meslibellules.fr\/blog\/wp-content\/uploads\/erythromma-lindenii-emergence-6.jpg\" alt=\"Erythromma lindenii m\u00e2le en \u00e9mergence, Le Fief Sauvin (France-49), 23\/05\/2010\" class=\"wp-image-8932 lazyload\" data-srcset=\"https:\/\/www.meslibellules.fr\/blog\/wp-content\/uploads\/\/erythromma-lindenii-emergence-6.jpg 1663w, https:\/\/www.meslibellules.fr\/blog\/wp-content\/uploads\/\/erythromma-lindenii-emergence-6-768x464.jpg 768w, https:\/\/www.meslibellules.fr\/blog\/wp-content\/uploads\/\/erythromma-lindenii-emergence-6-1536x927.jpg 1536w, https:\/\/www.meslibellules.fr\/blog\/wp-content\/uploads\/\/erythromma-lindenii-emergence-6-1200x724.jpg 1200w\" data-sizes=\"(max-width: 1663px) 100vw, 1663px\" src=\"data:image\/svg+xml;base64,PHN2ZyB3aWR0aD0iMSIgaGVpZ2h0PSIxIiB4bWxucz0iaHR0cDovL3d3dy53My5vcmcvMjAwMC9zdmciPjwvc3ZnPg==\" style=\"--smush-placeholder-width: 1663px; --smush-placeholder-aspect-ratio: 1663\/1004;\" \/><\/a><\/figure>\n\n\n\n<figure class=\"wp-block-image size-large\"><a href=\"https:\/\/www.meslibellules.fr\/blog\/wp-content\/uploads\/erythromma-lindenii-emergence-7.jpg\"><img decoding=\"async\" width=\"1692\" height=\"1004\" data-id=\"8933\" data-src=\"https:\/\/www.meslibellules.fr\/blog\/wp-content\/uploads\/erythromma-lindenii-emergence-7.jpg\" alt=\"Erythromma lindenii m\u00e2le en \u00e9mergence, Le Fief Sauvin (France-49), 23\/05\/2010\" class=\"wp-image-8933 lazyload\" data-srcset=\"https:\/\/www.meslibellules.fr\/blog\/wp-content\/uploads\/\/erythromma-lindenii-emergence-7.jpg 1692w, https:\/\/www.meslibellules.fr\/blog\/wp-content\/uploads\/\/erythromma-lindenii-emergence-7-768x456.jpg 768w, https:\/\/www.meslibellules.fr\/blog\/wp-content\/uploads\/\/erythromma-lindenii-emergence-7-1536x911.jpg 1536w, https:\/\/www.meslibellules.fr\/blog\/wp-content\/uploads\/\/erythromma-lindenii-emergence-7-1200x712.jpg 1200w\" data-sizes=\"(max-width: 1692px) 100vw, 1692px\" src=\"data:image\/svg+xml;base64,PHN2ZyB3aWR0aD0iMSIgaGVpZ2h0PSIxIiB4bWxucz0iaHR0cDovL3d3dy53My5vcmcvMjAwMC9zdmciPjwvc3ZnPg==\" style=\"--smush-placeholder-width: 1692px; --smush-placeholder-aspect-ratio: 1692\/1004;\" \/><\/a><\/figure>\n\n\n\n<figure class=\"wp-block-image size-large\"><a href=\"https:\/\/www.meslibellules.fr\/blog\/wp-content\/uploads\/erythromma-lindenii-emergence-9.jpg\"><img decoding=\"async\" width=\"1555\" height=\"1004\" data-id=\"8935\" data-src=\"https:\/\/www.meslibellules.fr\/blog\/wp-content\/uploads\/erythromma-lindenii-emergence-9.jpg\" alt=\"Erythromma lindenii m\u00e2le en \u00e9mergence, Le Fief Sauvin (France-49), 23\/05\/2010\" class=\"wp-image-8935 lazyload\" data-srcset=\"https:\/\/www.meslibellules.fr\/blog\/wp-content\/uploads\/\/erythromma-lindenii-emergence-9.jpg 1555w, https:\/\/www.meslibellules.fr\/blog\/wp-content\/uploads\/\/erythromma-lindenii-emergence-9-768x496.jpg 768w, https:\/\/www.meslibellules.fr\/blog\/wp-content\/uploads\/\/erythromma-lindenii-emergence-9-1536x992.jpg 1536w, https:\/\/www.meslibellules.fr\/blog\/wp-content\/uploads\/\/erythromma-lindenii-emergence-9-1200x775.jpg 1200w\" data-sizes=\"(max-width: 1555px) 100vw, 1555px\" src=\"data:image\/svg+xml;base64,PHN2ZyB3aWR0aD0iMSIgaGVpZ2h0PSIxIiB4bWxucz0iaHR0cDovL3d3dy53My5vcmcvMjAwMC9zdmciPjwvc3ZnPg==\" style=\"--smush-placeholder-width: 1555px; --smush-placeholder-aspect-ratio: 1555\/1004;\" \/><\/a><\/figure>\n\n\n\n<figure class=\"wp-block-image size-large\"><a href=\"https:\/\/www.meslibellules.fr\/blog\/wp-content\/uploads\/erythromma-lindenii-emergence-8.jpg\"><img decoding=\"async\" width=\"1515\" height=\"1004\" data-id=\"8934\" data-src=\"https:\/\/www.meslibellules.fr\/blog\/wp-content\/uploads\/erythromma-lindenii-emergence-8.jpg\" alt=\"Erythromma lindenii m\u00e2le en \u00e9mergence, Le Fief Sauvin (France-49), 23\/05\/2010\" class=\"wp-image-8934 lazyload\" data-srcset=\"https:\/\/www.meslibellules.fr\/blog\/wp-content\/uploads\/\/erythromma-lindenii-emergence-8.jpg 1515w, https:\/\/www.meslibellules.fr\/blog\/wp-content\/uploads\/\/erythromma-lindenii-emergence-8-768x509.jpg 768w, https:\/\/www.meslibellules.fr\/blog\/wp-content\/uploads\/\/erythromma-lindenii-emergence-8-1200x795.jpg 1200w\" data-sizes=\"(max-width: 1515px) 100vw, 1515px\" src=\"data:image\/svg+xml;base64,PHN2ZyB3aWR0aD0iMSIgaGVpZ2h0PSIxIiB4bWxucz0iaHR0cDovL3d3dy53My5vcmcvMjAwMC9zdmciPjwvc3ZnPg==\" style=\"--smush-placeholder-width: 1515px; --smush-placeholder-aspect-ratio: 1515\/1004;\" \/><\/a><\/figure>\n<figcaption class=\"blocks-gallery-caption wp-element-caption\"><em>Emergence Erythromma lindenii, Le Fief Sauvin (France-49), 23\/05\/2010<\/em><\/figcaption><\/figure>\n\n\n\n<div style=\"height:33px\" aria-hidden=\"true\" class=\"wp-block-spacer\"><\/div>\n\n\n\n<p style=\"font-size:15px\">D\u00e8s que j&rsquo;ai pu v\u00e9rifier sur l&rsquo;\u00e9cran de l&rsquo;appareil photo, j&rsquo;ai constat\u00e9 que les cerco\u00efdes \u00e9taient nettement concaves, ce qui \u00e9liminait Erythromma najas et qualifiait Erythromma lindenii, l&rsquo;Agrion aux longs cerco\u00efdes.<br>Quelques minutes apr\u00e8s cette derni\u00e8re photo, alors que je pensais qu&rsquo;il allait prendre le temps de s\u00e9cher encore, il a d\u00e9coll\u00e9 pour se poser sur un talus. J&rsquo;ai eu des difficult\u00e9s \u00e0 le rejoindre, le faisant d\u00e9coller \u00e0 plusieurs reprises avant d&rsquo;arriver \u00e0 faire des photos \u00e0 nouveau, ce que l&rsquo;on peut voir \u00e0 la page suivante&#8230;<\/p>\n\n\n\n\n\n<figure class=\"wp-block-image size-large\"><a href=\"https:\/\/www.meslibellules.fr\/blog\/2021\/05\/22\/erythromma-lindenii-male-en-emergence-2-2\/\"><img decoding=\"async\" width=\"100\" height=\"20\" data-src=\"https:\/\/www.meslibellules.fr\/blog\/wp-content\/uploads\/suite-2.gif\" alt=\"\" class=\"wp-image-8097 lazyload\" src=\"data:image\/svg+xml;base64,PHN2ZyB3aWR0aD0iMSIgaGVpZ2h0PSIxIiB4bWxucz0iaHR0cDovL3d3dy53My5vcmcvMjAwMC9zdmciPjwvc3ZnPg==\" style=\"--smush-placeholder-width: 100px; --smush-placeholder-aspect-ratio: 100\/20;\" \/><\/a><\/figure>\n\n\n\n<figure class=\"wp-block-image size-large is-resized\"><a href=\"http:\/\/www.meslibellules.fr\/pagesweb\/coenagrionidae\/erythromma\/e_lindenii\/erythromma-lindenii-accueil.php\"><img decoding=\"async\" width=\"100\" height=\"20\" data-src=\"https:\/\/www.meslibellules.fr\/blog\/wp-content\/uploads\/retour.gif\" alt=\"\" class=\"wp-image-8468 lazyload\" style=\"--smush-placeholder-width: 100px; --smush-placeholder-aspect-ratio: 100\/20;width:100px;height:20px\" src=\"data:image\/svg+xml;base64,PHN2ZyB3aWR0aD0iMSIgaGVpZ2h0PSIxIiB4bWxucz0iaHR0cDovL3d3dy53My5vcmcvMjAwMC9zdmciPjwvc3ZnPg==\" \/><\/a><\/figure>\n","protected":false},"excerpt":{"rendered":"<p>Cette sc\u00e8ne, \u00e9mergence Erythromma lindenii m\u00e2le se d\u00e9roule sur la rivi\u00e8re l&rsquo;\u00c8vre, sur un n\u00e9nuphar, malheureusement un peu loin de la berge pour la qualit\u00e9 des photos\u2026 La premi\u00e8re est faite \u00e0 11 heures 34, la derni\u00e8re \u00e0 11 heures 56.Si au d\u00e9but, je n&rsquo;ai aucune id\u00e9e de l&rsquo;esp\u00e8ce, d\u00e8s que les longs cerco\u00efdes apparaissent [&hellip;]<\/p>\n","protected":false},"author":1,"featured_media":0,"comment_status":"open","ping_status":"open","sticky":false,"template":"","format":"image","meta":{"site-sidebar-layout":"default","site-content-layout":"","ast-site-content-layout":"default","site-content-style":"default","site-sidebar-style":"default","ast-global-header-display":"","ast-banner-title-visibility":"","ast-main-header-display":"","ast-hfb-above-header-display":"","ast-hfb-below-header-display":"","ast-hfb-mobile-header-display":"","site-post-title":"","ast-breadcrumbs-content":"","ast-featured-img":"","footer-sml-layout":"","ast-disable-related-posts":"","theme-transparent-header-meta":"","adv-header-id-meta":"","stick-header-meta":"","header-above-stick-meta":"","header-main-stick-meta":"","header-below-stick-meta":"","astra-migrate-meta-layouts":"set","ast-page-background-enabled":"default","ast-page-background-meta":{"desktop":{"background-color":"var(--ast-global-color-4)","background-image":"","background-repeat":"repeat","background-position":"center center","background-size":"auto","background-attachment":"scroll","background-type":"","background-media":"","overlay-type":"","overlay-color":"","overlay-opacity":"","overlay-gradient":""},"tablet":{"background-color":"","background-image":"","background-repeat":"repeat","background-position":"center center","background-size":"auto","background-attachment":"scroll","background-type":"","background-media":"","overlay-type":"","overlay-color":"","overlay-opacity":"","overlay-gradient":""},"mobile":{"background-color":"","background-image":"","background-repeat":"repeat","background-position":"center center","background-size":"auto","background-attachment":"scroll","background-type":"","background-media":"","overlay-type":"","overlay-color":"","overlay-opacity":"","overlay-gradient":""}},"ast-content-background-meta":{"desktop":{"background-color":"var(--ast-global-color-5)","background-image":"","background-repeat":"repeat","background-position":"center center","background-size":"auto","background-attachment":"scroll","background-type":"","background-media":"","overlay-type":"","overlay-color":"","overlay-opacity":"","overlay-gradient":""},"tablet":{"background-color":"var(--ast-global-color-5)","background-image":"","background-repeat":"repeat","background-position":"center center","background-size":"auto","background-attachment":"scroll","background-type":"","background-media":"","overlay-type":"","overlay-color":"","overlay-opacity":"","overlay-gradient":""},"mobile":{"background-color":"var(--ast-global-color-5)","background-image":"","background-repeat":"repeat","background-position":"center center","background-size":"auto","background-attachment":"scroll","background-type":"","background-media":"","overlay-type":"","overlay-color":"","overlay-opacity":"","overlay-gradient":""}},"footnotes":""},"categories":[92,55],"tags":[585,586],"class_list":["post-8936","post","type-post","status-publish","format-image","hentry","category-erythromma-lindenii","category-france","tag-emergence","tag-erythromma-lindenii","post_format-post-format-image"],"yoast_head":"<!-- This site is optimized with the Yoast SEO plugin v27.5 - https:\/\/yoast.com\/product\/yoast-seo-wordpress\/ -->\n<title>Emergence Erythromma lindenii - Mes Libellules<\/title>\n<meta name=\"description\" content=\"Emergence Erythromma lindenii, multiples photos, identification diff\u00e9rentielle, forme des cerco\u00efdes (qu&#039;on devrait appeler cerques !)\" \/>\n<meta name=\"robots\" content=\"index, follow, max-snippet:-1, max-image-preview:large, max-video-preview:-1\" \/>\n<link rel=\"canonical\" href=\"https:\/\/www.meslibellules.fr\/blog\/2021\/05\/22\/erythromma-lidenii-male-en-emergence\/\" \/>\n<meta property=\"og:locale\" content=\"fr_FR\" \/>\n<meta property=\"og:type\" content=\"article\" \/>\n<meta property=\"og:title\" content=\"Emergence Erythromma lindenii - Mes Libellules\" \/>\n<meta property=\"og:description\" content=\"Emergence Erythromma lindenii, multiples photos, identification diff\u00e9rentielle, forme des cerco\u00efdes (qu&#039;on devrait appeler cerques !)\" \/>\n<meta property=\"og:url\" content=\"https:\/\/www.meslibellules.fr\/blog\/2021\/05\/22\/erythromma-lidenii-male-en-emergence\/\" \/>\n<meta property=\"og:site_name\" content=\"Mes Libellules\" \/>\n<meta property=\"article:publisher\" content=\"https:\/\/www.facebook.com\/benoit.guillon.96\/\" \/>\n<meta property=\"article:author\" content=\"https:\/\/www.facebook.com\/benoit.guillon.96\/\" \/>\n<meta property=\"article:published_time\" content=\"2021-05-22T04:54:47+00:00\" \/>\n<meta property=\"article:modified_time\" content=\"2025-04-26T20:17:33+00:00\" \/>\n<meta property=\"og:image\" content=\"https:\/\/www.meslibellules.fr\/blog\/wp-content\/uploads\/erythromma-lindenii-emergence-1.jpg\" \/>\n\t<meta property=\"og:image:width\" content=\"1626\" \/>\n\t<meta property=\"og:image:height\" content=\"1004\" \/>\n\t<meta property=\"og:image:type\" content=\"image\/jpeg\" \/>\n<meta name=\"author\" content=\"Beno\u00eet Guillon\" \/>\n<meta name=\"twitter:card\" content=\"summary_large_image\" \/>\n<meta name=\"twitter:label1\" content=\"\u00c9crit par\" \/>\n\t<meta name=\"twitter:data1\" content=\"Beno\u00eet Guillon\" \/>\n\t<meta name=\"twitter:label2\" content=\"Dur\u00e9e de lecture estim\u00e9e\" \/>\n\t<meta name=\"twitter:data2\" content=\"7 minutes\" \/>\n<script type=\"application\/ld+json\" class=\"yoast-schema-graph\">{\"@context\":\"https:\\\/\\\/schema.org\",\"@graph\":[{\"@type\":\"Article\",\"@id\":\"https:\\\/\\\/www.meslibellules.fr\\\/blog\\\/2021\\\/05\\\/22\\\/erythromma-lidenii-male-en-emergence\\\/#article\",\"isPartOf\":{\"@id\":\"https:\\\/\\\/www.meslibellules.fr\\\/blog\\\/2021\\\/05\\\/22\\\/erythromma-lidenii-male-en-emergence\\\/\"},\"author\":{\"name\":\"Beno\u00eet Guillon\",\"@id\":\"https:\\\/\\\/www.meslibellules.fr\\\/blog\\\/#\\\/schema\\\/person\\\/9aa3586f9dd053fcf329f43b8b053c77\"},\"headline\":\"Erythromma lidenii m\u00e2le en \u00e9mergence 1\\\/2\",\"datePublished\":\"2021-05-22T04:54:47+00:00\",\"dateModified\":\"2025-04-26T20:17:33+00:00\",\"mainEntityOfPage\":{\"@id\":\"https:\\\/\\\/www.meslibellules.fr\\\/blog\\\/2021\\\/05\\\/22\\\/erythromma-lidenii-male-en-emergence\\\/\"},\"wordCount\":222,\"commentCount\":0,\"publisher\":{\"@id\":\"https:\\\/\\\/www.meslibellules.fr\\\/blog\\\/#\\\/schema\\\/person\\\/9aa3586f9dd053fcf329f43b8b053c77\"},\"image\":{\"@id\":\"https:\\\/\\\/www.meslibellules.fr\\\/blog\\\/2021\\\/05\\\/22\\\/erythromma-lidenii-male-en-emergence\\\/#primaryimage\"},\"thumbnailUrl\":\"https:\\\/\\\/www.meslibellules.fr\\\/blog\\\/wp-content\\\/uploads\\\/erythromma-lindenii-emergence-1.jpg\",\"keywords\":[\"Emergence\",\"Erythromma lindenii\"],\"articleSection\":[\"Erythromma lindenii\",\"France\"],\"inLanguage\":\"fr-FR\",\"potentialAction\":[{\"@type\":\"CommentAction\",\"name\":\"Comment\",\"target\":[\"https:\\\/\\\/www.meslibellules.fr\\\/blog\\\/2021\\\/05\\\/22\\\/erythromma-lidenii-male-en-emergence\\\/#respond\"]}]},{\"@type\":\"WebPage\",\"@id\":\"https:\\\/\\\/www.meslibellules.fr\\\/blog\\\/2021\\\/05\\\/22\\\/erythromma-lidenii-male-en-emergence\\\/\",\"url\":\"https:\\\/\\\/www.meslibellules.fr\\\/blog\\\/2021\\\/05\\\/22\\\/erythromma-lidenii-male-en-emergence\\\/\",\"name\":\"Emergence Erythromma lindenii - Mes Libellules\",\"isPartOf\":{\"@id\":\"https:\\\/\\\/www.meslibellules.fr\\\/blog\\\/#website\"},\"primaryImageOfPage\":{\"@id\":\"https:\\\/\\\/www.meslibellules.fr\\\/blog\\\/2021\\\/05\\\/22\\\/erythromma-lidenii-male-en-emergence\\\/#primaryimage\"},\"image\":{\"@id\":\"https:\\\/\\\/www.meslibellules.fr\\\/blog\\\/2021\\\/05\\\/22\\\/erythromma-lidenii-male-en-emergence\\\/#primaryimage\"},\"thumbnailUrl\":\"https:\\\/\\\/www.meslibellules.fr\\\/blog\\\/wp-content\\\/uploads\\\/erythromma-lindenii-emergence-1.jpg\",\"datePublished\":\"2021-05-22T04:54:47+00:00\",\"dateModified\":\"2025-04-26T20:17:33+00:00\",\"description\":\"Emergence Erythromma lindenii, multiples photos, identification diff\u00e9rentielle, forme des cerco\u00efdes (qu'on devrait appeler cerques !)\",\"breadcrumb\":{\"@id\":\"https:\\\/\\\/www.meslibellules.fr\\\/blog\\\/2021\\\/05\\\/22\\\/erythromma-lidenii-male-en-emergence\\\/#breadcrumb\"},\"inLanguage\":\"fr-FR\",\"potentialAction\":[{\"@type\":\"ReadAction\",\"target\":[\"https:\\\/\\\/www.meslibellules.fr\\\/blog\\\/2021\\\/05\\\/22\\\/erythromma-lidenii-male-en-emergence\\\/\"]}]},{\"@type\":\"ImageObject\",\"inLanguage\":\"fr-FR\",\"@id\":\"https:\\\/\\\/www.meslibellules.fr\\\/blog\\\/2021\\\/05\\\/22\\\/erythromma-lidenii-male-en-emergence\\\/#primaryimage\",\"url\":\"https:\\\/\\\/www.meslibellules.fr\\\/blog\\\/wp-content\\\/uploads\\\/erythromma-lindenii-emergence-1.jpg\",\"contentUrl\":\"https:\\\/\\\/www.meslibellules.fr\\\/blog\\\/wp-content\\\/uploads\\\/erythromma-lindenii-emergence-1.jpg\",\"width\":1626,\"height\":1004,\"caption\":\"Erythromma lindenii m\u00e2le en \u00e9mergence, Le Fief Sauvin (France-49), 23\\\/05\\\/2010\"},{\"@type\":\"BreadcrumbList\",\"@id\":\"https:\\\/\\\/www.meslibellules.fr\\\/blog\\\/2021\\\/05\\\/22\\\/erythromma-lidenii-male-en-emergence\\\/#breadcrumb\",\"itemListElement\":[{\"@type\":\"ListItem\",\"position\":1,\"name\":\"Accueil\",\"item\":\"https:\\\/\\\/www.meslibellules.fr\\\/blog\\\/\"},{\"@type\":\"ListItem\",\"position\":2,\"name\":\"Erythromma lidenii m\u00e2le en \u00e9mergence 1\\\/2\"}]},{\"@type\":\"WebSite\",\"@id\":\"https:\\\/\\\/www.meslibellules.fr\\\/blog\\\/#website\",\"url\":\"https:\\\/\\\/www.meslibellules.fr\\\/blog\\\/\",\"name\":\"Mes Libellules\",\"description\":\"Pr\u00e9sentation des libellules rencontr\u00e9es dans le monde\",\"publisher\":{\"@id\":\"https:\\\/\\\/www.meslibellules.fr\\\/blog\\\/#\\\/schema\\\/person\\\/9aa3586f9dd053fcf329f43b8b053c77\"},\"potentialAction\":[{\"@type\":\"SearchAction\",\"target\":{\"@type\":\"EntryPoint\",\"urlTemplate\":\"https:\\\/\\\/www.meslibellules.fr\\\/blog\\\/?s={search_term_string}\"},\"query-input\":{\"@type\":\"PropertyValueSpecification\",\"valueRequired\":true,\"valueName\":\"search_term_string\"}}],\"inLanguage\":\"fr-FR\"},{\"@type\":[\"Person\",\"Organization\"],\"@id\":\"https:\\\/\\\/www.meslibellules.fr\\\/blog\\\/#\\\/schema\\\/person\\\/9aa3586f9dd053fcf329f43b8b053c77\",\"name\":\"Beno\u00eet Guillon\",\"image\":{\"@type\":\"ImageObject\",\"inLanguage\":\"fr-FR\",\"@id\":\"https:\\\/\\\/www.meslibellules.fr\\\/blog\\\/wp-content\\\/uploads\\\/cropped-avatar-150-pix.jpg\",\"url\":\"https:\\\/\\\/www.meslibellules.fr\\\/blog\\\/wp-content\\\/uploads\\\/cropped-avatar-150-pix.jpg\",\"contentUrl\":\"https:\\\/\\\/www.meslibellules.fr\\\/blog\\\/wp-content\\\/uploads\\\/cropped-avatar-150-pix.jpg\",\"width\":150,\"height\":137,\"caption\":\"Beno\u00eet Guillon\"},\"logo\":{\"@id\":\"https:\\\/\\\/www.meslibellules.fr\\\/blog\\\/wp-content\\\/uploads\\\/cropped-avatar-150-pix.jpg\"},\"sameAs\":[\"https:\\\/\\\/www.facebook.com\\\/benoit.guillon.96\\\/\"]}]}<\/script>\n<!-- \/ Yoast SEO plugin. -->","yoast_head_json":{"title":"Emergence Erythromma lindenii - Mes Libellules","description":"Emergence Erythromma lindenii, multiples photos, identification diff\u00e9rentielle, forme des cerco\u00efdes (qu'on devrait appeler cerques !)","robots":{"index":"index","follow":"follow","max-snippet":"max-snippet:-1","max-image-preview":"max-image-preview:large","max-video-preview":"max-video-preview:-1"},"canonical":"https:\/\/www.meslibellules.fr\/blog\/2021\/05\/22\/erythromma-lidenii-male-en-emergence\/","og_locale":"fr_FR","og_type":"article","og_title":"Emergence Erythromma lindenii - Mes Libellules","og_description":"Emergence Erythromma lindenii, multiples photos, identification diff\u00e9rentielle, forme des cerco\u00efdes (qu'on devrait appeler cerques !)","og_url":"https:\/\/www.meslibellules.fr\/blog\/2021\/05\/22\/erythromma-lidenii-male-en-emergence\/","og_site_name":"Mes Libellules","article_publisher":"https:\/\/www.facebook.com\/benoit.guillon.96\/","article_author":"https:\/\/www.facebook.com\/benoit.guillon.96\/","article_published_time":"2021-05-22T04:54:47+00:00","article_modified_time":"2025-04-26T20:17:33+00:00","og_image":[{"width":1626,"height":1004,"url":"https:\/\/www.meslibellules.fr\/blog\/wp-content\/uploads\/erythromma-lindenii-emergence-1.jpg","type":"image\/jpeg"}],"author":"Beno\u00eet Guillon","twitter_card":"summary_large_image","twitter_misc":{"\u00c9crit par":"Beno\u00eet Guillon","Dur\u00e9e de lecture estim\u00e9e":"7 minutes"},"schema":{"@context":"https:\/\/schema.org","@graph":[{"@type":"Article","@id":"https:\/\/www.meslibellules.fr\/blog\/2021\/05\/22\/erythromma-lidenii-male-en-emergence\/#article","isPartOf":{"@id":"https:\/\/www.meslibellules.fr\/blog\/2021\/05\/22\/erythromma-lidenii-male-en-emergence\/"},"author":{"name":"Beno\u00eet Guillon","@id":"https:\/\/www.meslibellules.fr\/blog\/#\/schema\/person\/9aa3586f9dd053fcf329f43b8b053c77"},"headline":"Erythromma lidenii m\u00e2le en \u00e9mergence 1\/2","datePublished":"2021-05-22T04:54:47+00:00","dateModified":"2025-04-26T20:17:33+00:00","mainEntityOfPage":{"@id":"https:\/\/www.meslibellules.fr\/blog\/2021\/05\/22\/erythromma-lidenii-male-en-emergence\/"},"wordCount":222,"commentCount":0,"publisher":{"@id":"https:\/\/www.meslibellules.fr\/blog\/#\/schema\/person\/9aa3586f9dd053fcf329f43b8b053c77"},"image":{"@id":"https:\/\/www.meslibellules.fr\/blog\/2021\/05\/22\/erythromma-lidenii-male-en-emergence\/#primaryimage"},"thumbnailUrl":"https:\/\/www.meslibellules.fr\/blog\/wp-content\/uploads\/erythromma-lindenii-emergence-1.jpg","keywords":["Emergence","Erythromma lindenii"],"articleSection":["Erythromma lindenii","France"],"inLanguage":"fr-FR","potentialAction":[{"@type":"CommentAction","name":"Comment","target":["https:\/\/www.meslibellules.fr\/blog\/2021\/05\/22\/erythromma-lidenii-male-en-emergence\/#respond"]}]},{"@type":"WebPage","@id":"https:\/\/www.meslibellules.fr\/blog\/2021\/05\/22\/erythromma-lidenii-male-en-emergence\/","url":"https:\/\/www.meslibellules.fr\/blog\/2021\/05\/22\/erythromma-lidenii-male-en-emergence\/","name":"Emergence Erythromma lindenii - Mes Libellules","isPartOf":{"@id":"https:\/\/www.meslibellules.fr\/blog\/#website"},"primaryImageOfPage":{"@id":"https:\/\/www.meslibellules.fr\/blog\/2021\/05\/22\/erythromma-lidenii-male-en-emergence\/#primaryimage"},"image":{"@id":"https:\/\/www.meslibellules.fr\/blog\/2021\/05\/22\/erythromma-lidenii-male-en-emergence\/#primaryimage"},"thumbnailUrl":"https:\/\/www.meslibellules.fr\/blog\/wp-content\/uploads\/erythromma-lindenii-emergence-1.jpg","datePublished":"2021-05-22T04:54:47+00:00","dateModified":"2025-04-26T20:17:33+00:00","description":"Emergence Erythromma lindenii, multiples photos, identification diff\u00e9rentielle, forme des cerco\u00efdes (qu'on devrait appeler cerques !)","breadcrumb":{"@id":"https:\/\/www.meslibellules.fr\/blog\/2021\/05\/22\/erythromma-lidenii-male-en-emergence\/#breadcrumb"},"inLanguage":"fr-FR","potentialAction":[{"@type":"ReadAction","target":["https:\/\/www.meslibellules.fr\/blog\/2021\/05\/22\/erythromma-lidenii-male-en-emergence\/"]}]},{"@type":"ImageObject","inLanguage":"fr-FR","@id":"https:\/\/www.meslibellules.fr\/blog\/2021\/05\/22\/erythromma-lidenii-male-en-emergence\/#primaryimage","url":"https:\/\/www.meslibellules.fr\/blog\/wp-content\/uploads\/erythromma-lindenii-emergence-1.jpg","contentUrl":"https:\/\/www.meslibellules.fr\/blog\/wp-content\/uploads\/erythromma-lindenii-emergence-1.jpg","width":1626,"height":1004,"caption":"Erythromma lindenii m\u00e2le en \u00e9mergence, Le Fief Sauvin (France-49), 23\/05\/2010"},{"@type":"BreadcrumbList","@id":"https:\/\/www.meslibellules.fr\/blog\/2021\/05\/22\/erythromma-lidenii-male-en-emergence\/#breadcrumb","itemListElement":[{"@type":"ListItem","position":1,"name":"Accueil","item":"https:\/\/www.meslibellules.fr\/blog\/"},{"@type":"ListItem","position":2,"name":"Erythromma lidenii m\u00e2le en \u00e9mergence 1\/2"}]},{"@type":"WebSite","@id":"https:\/\/www.meslibellules.fr\/blog\/#website","url":"https:\/\/www.meslibellules.fr\/blog\/","name":"Mes Libellules","description":"Pr\u00e9sentation des libellules rencontr\u00e9es dans le monde","publisher":{"@id":"https:\/\/www.meslibellules.fr\/blog\/#\/schema\/person\/9aa3586f9dd053fcf329f43b8b053c77"},"potentialAction":[{"@type":"SearchAction","target":{"@type":"EntryPoint","urlTemplate":"https:\/\/www.meslibellules.fr\/blog\/?s={search_term_string}"},"query-input":{"@type":"PropertyValueSpecification","valueRequired":true,"valueName":"search_term_string"}}],"inLanguage":"fr-FR"},{"@type":["Person","Organization"],"@id":"https:\/\/www.meslibellules.fr\/blog\/#\/schema\/person\/9aa3586f9dd053fcf329f43b8b053c77","name":"Beno\u00eet Guillon","image":{"@type":"ImageObject","inLanguage":"fr-FR","@id":"https:\/\/www.meslibellules.fr\/blog\/wp-content\/uploads\/cropped-avatar-150-pix.jpg","url":"https:\/\/www.meslibellules.fr\/blog\/wp-content\/uploads\/cropped-avatar-150-pix.jpg","contentUrl":"https:\/\/www.meslibellules.fr\/blog\/wp-content\/uploads\/cropped-avatar-150-pix.jpg","width":150,"height":137,"caption":"Beno\u00eet Guillon"},"logo":{"@id":"https:\/\/www.meslibellules.fr\/blog\/wp-content\/uploads\/cropped-avatar-150-pix.jpg"},"sameAs":["https:\/\/www.facebook.com\/benoit.guillon.96\/"]}]}},"_links":{"self":[{"href":"https:\/\/www.meslibellules.fr\/blog\/wp-json\/wp\/v2\/posts\/8936","targetHints":{"allow":["GET"]}}],"collection":[{"href":"https:\/\/www.meslibellules.fr\/blog\/wp-json\/wp\/v2\/posts"}],"about":[{"href":"https:\/\/www.meslibellules.fr\/blog\/wp-json\/wp\/v2\/types\/post"}],"author":[{"embeddable":true,"href":"https:\/\/www.meslibellules.fr\/blog\/wp-json\/wp\/v2\/users\/1"}],"replies":[{"embeddable":true,"href":"https:\/\/www.meslibellules.fr\/blog\/wp-json\/wp\/v2\/comments?post=8936"}],"version-history":[{"count":2,"href":"https:\/\/www.meslibellules.fr\/blog\/wp-json\/wp\/v2\/posts\/8936\/revisions"}],"predecessor-version":[{"id":24545,"href":"https:\/\/www.meslibellules.fr\/blog\/wp-json\/wp\/v2\/posts\/8936\/revisions\/24545"}],"wp:attachment":[{"href":"https:\/\/www.meslibellules.fr\/blog\/wp-json\/wp\/v2\/media?parent=8936"}],"wp:term":[{"taxonomy":"category","embeddable":true,"href":"https:\/\/www.meslibellules.fr\/blog\/wp-json\/wp\/v2\/categories?post=8936"},{"taxonomy":"post_tag","embeddable":true,"href":"https:\/\/www.meslibellules.fr\/blog\/wp-json\/wp\/v2\/tags?post=8936"}],"curies":[{"name":"wp","href":"https:\/\/api.w.org\/{rel}","templated":true}]}}