{"id":9002,"date":"2021-05-24T19:28:51","date_gmt":"2021-05-24T17:28:51","guid":{"rendered":"https:\/\/www.meslibellules.fr\/blog\/?p=9002"},"modified":"2023-01-06T06:30:56","modified_gmt":"2023-01-06T05:30:56","slug":"oxygastra-curtisii-la-respiration-de-loin-et-de-plus-pres","status":"publish","type":"post","link":"https:\/\/www.meslibellules.fr\/blog\/2021\/05\/24\/oxygastra-curtisii-la-respiration-de-loin-et-de-plus-pres\/","title":{"rendered":"Oxygastra curtisii : la respiration de loin et de plus pr\u00e8s&#8230;"},"content":{"rendered":"\n<figure class=\"wp-block-video\" style=\"padding-top:var(--wp--preset--spacing--70);padding-right:var(--wp--preset--spacing--70);padding-bottom:var(--wp--preset--spacing--70);padding-left:var(--wp--preset--spacing--70)\"><video height=\"460\" style=\"aspect-ratio: 510 \/ 460;\" width=\"510\" controls src=\"https:\/\/www.meslibellules.fr\/blog\/wp-content\/uploads\/oxygastra-curtisii-5-1.mp4\"><\/video><figcaption class=\"wp-element-caption\">O<em>xygastra curtisii m\u00e2le, Saint Germain sur Moine (France-49) sur une ancienne argili\u00e8re, 12\/05\/2011<\/em><\/figcaption><\/figure>\n\n\n\n<p style=\"font-size:15px\">Ce jeune m\u00e2le Oxygastra curtisii se r\u00e9chauffe au soleil, bien \u00e0 l&rsquo;abri du vent dans les ajoncs. Il est en phase de maturation comme en t\u00e9moignent ses yeux \u00e9tonnants, qui de mauves deviendront verts.<\/p>\n\n\n\n<figure class=\"wp-block-video\" style=\"padding-top:var(--wp--preset--spacing--70);padding-right:var(--wp--preset--spacing--70);padding-bottom:var(--wp--preset--spacing--70);padding-left:var(--wp--preset--spacing--70)\"><video height=\"360\" style=\"aspect-ratio: 640 \/ 360;\" width=\"640\" controls src=\"https:\/\/www.meslibellules.fr\/blog\/wp-content\/uploads\/Oxygastra-curtisii-3.mp4\"><\/video><figcaption class=\"wp-element-caption\">Oxygastra curtisii m\u00e2le, Saint Germain sur Moine (France-49) sur une ancienne argili\u00e8re, 12\/05\/2011<\/figcaption><\/figure>\n\n\n\n<p style=\"font-size:15px\">On l&rsquo;appelle aussi <em>Cordulie \u00e0 corps fin&nbsp;<\/em>et son abdomen t\u00e9moigne de cette finesse.<br>Cependant, en s&rsquo;approchant suffisamment (je rappelle que l&rsquo;abdomen ne mesure au total que 33 \u00e0 39 mm) on peut observer ses mouvements respiratoires, succession de dilatations et de contractions permettant de faire entrer l&rsquo;air par les&nbsp;stigmates&nbsp;abdominaux, situ\u00e9s dans des replis de la face inf\u00e9rieure de l&rsquo;abdomen.<\/p>\n\n\n\n<p style=\"font-size:15px\">Dans les derni\u00e8res secondes de la vid\u00e9o on peut noter la mobilit\u00e9 des&nbsp;appendices anaux&nbsp;; ils adopteront une position en flexion extr\u00eame lors de la capture de la femelle.<\/p>\n\n\n\n\n\n<figure class=\"wp-block-image size-large is-resized\"><a href=\"http:\/\/www.meslibellules.fr\/pagesweb\/corduliidae\/oxygastra\/oxygastra-curtisii-accueil.php\"><img decoding=\"async\" data-src=\"https:\/\/www.meslibellules.fr\/blog\/wp-content\/uploads\/retour.gif\" alt=\"\" class=\"wp-image-8468 lazyload\" width=\"100\" height=\"20\" src=\"data:image\/svg+xml;base64,PHN2ZyB3aWR0aD0iMSIgaGVpZ2h0PSIxIiB4bWxucz0iaHR0cDovL3d3dy53My5vcmcvMjAwMC9zdmciPjwvc3ZnPg==\" style=\"--smush-placeholder-width: 100px; --smush-placeholder-aspect-ratio: 100\/20;\" \/><\/a><\/figure>\n","protected":false},"excerpt":{"rendered":"<p>Ce jeune m\u00e2le Oxygastra curtisii se r\u00e9chauffe au soleil, bien \u00e0 l&rsquo;abri du vent dans les ajoncs. Il est en phase de maturation comme en t\u00e9moignent ses yeux \u00e9tonnants, qui de mauves deviendront verts. On l&rsquo;appelle aussi Cordulie \u00e0 corps fin&nbsp;et son abdomen t\u00e9moigne de cette finesse.Cependant, en s&rsquo;approchant suffisamment (je rappelle que l&rsquo;abdomen ne [&hellip;]<\/p>\n","protected":false},"author":1,"featured_media":0,"comment_status":"open","ping_status":"open","sticky":false,"template":"","format":"image","meta":{"site-sidebar-layout":"default","site-content-layout":"","ast-site-content-layout":"default","site-content-style":"default","site-sidebar-style":"default","ast-global-header-display":"","ast-banner-title-visibility":"","ast-main-header-display":"","ast-hfb-above-header-display":"","ast-hfb-below-header-display":"","ast-hfb-mobile-header-display":"","site-post-title":"","ast-breadcrumbs-content":"","ast-featured-img":"","footer-sml-layout":"","ast-disable-related-posts":"","theme-transparent-header-meta":"","adv-header-id-meta":"","stick-header-meta":"","header-above-stick-meta":"","header-main-stick-meta":"","header-below-stick-meta":"","astra-migrate-meta-layouts":"default","ast-page-background-enabled":"default","ast-page-background-meta":{"desktop":{"background-color":"var(--ast-global-color-4)","background-image":"","background-repeat":"repeat","background-position":"center center","background-size":"auto","background-attachment":"scroll","background-type":"","background-media":"","overlay-type":"","overlay-color":"","overlay-opacity":"","overlay-gradient":""},"tablet":{"background-color":"","background-image":"","background-repeat":"repeat","background-position":"center center","background-size":"auto","background-attachment":"scroll","background-type":"","background-media":"","overlay-type":"","overlay-color":"","overlay-opacity":"","overlay-gradient":""},"mobile":{"background-color":"","background-image":"","background-repeat":"repeat","background-position":"center center","background-size":"auto","background-attachment":"scroll","background-type":"","background-media":"","overlay-type":"","overlay-color":"","overlay-opacity":"","overlay-gradient":""}},"ast-content-background-meta":{"desktop":{"background-color":"var(--ast-global-color-5)","background-image":"","background-repeat":"repeat","background-position":"center center","background-size":"auto","background-attachment":"scroll","background-type":"","background-media":"","overlay-type":"","overlay-color":"","overlay-opacity":"","overlay-gradient":""},"tablet":{"background-color":"var(--ast-global-color-5)","background-image":"","background-repeat":"repeat","background-position":"center center","background-size":"auto","background-attachment":"scroll","background-type":"","background-media":"","overlay-type":"","overlay-color":"","overlay-opacity":"","overlay-gradient":""},"mobile":{"background-color":"var(--ast-global-color-5)","background-image":"","background-repeat":"repeat","background-position":"center center","background-size":"auto","background-attachment":"scroll","background-type":"","background-media":"","overlay-type":"","overlay-color":"","overlay-opacity":"","overlay-gradient":""}},"footnotes":""},"categories":[109,55,590,512],"tags":[591,164,511],"class_list":["post-9002","post","type-post","status-publish","format-image","hentry","category-corduliidae-france","category-france","category-oxygastra-curtisii","category-videos","tag-oxygastra-curtisii","tag-respiration-odonates","tag-video","post_format-post-format-image"],"yoast_head":"<!-- This site is optimized with the Yoast SEO plugin v27.5 - https:\/\/yoast.com\/product\/yoast-seo-wordpress\/ -->\n<title>Oxygastra curtisii : la respiration de loin et de plus pr\u00e8s... - Mes Libellules<\/title>\n<meta name=\"robots\" content=\"index, follow, max-snippet:-1, max-image-preview:large, max-video-preview:-1\" \/>\n<link rel=\"canonical\" href=\"https:\/\/www.meslibellules.fr\/blog\/2021\/05\/24\/oxygastra-curtisii-la-respiration-de-loin-et-de-plus-pres\/\" \/>\n<meta property=\"og:locale\" content=\"fr_FR\" \/>\n<meta property=\"og:type\" content=\"article\" \/>\n<meta property=\"og:title\" content=\"Oxygastra curtisii : la respiration de loin et de plus pr\u00e8s... - Mes Libellules\" \/>\n<meta property=\"og:description\" content=\"Ce jeune m\u00e2le Oxygastra curtisii se r\u00e9chauffe au soleil, bien \u00e0 l&rsquo;abri du vent dans les ajoncs. Il est en phase de maturation comme en t\u00e9moignent ses yeux \u00e9tonnants, qui de mauves deviendront verts. On l&rsquo;appelle aussi Cordulie \u00e0 corps fin&nbsp;et son abdomen t\u00e9moigne de cette finesse.Cependant, en s&rsquo;approchant suffisamment (je rappelle que l&rsquo;abdomen ne [&hellip;]\" \/>\n<meta property=\"og:url\" content=\"https:\/\/www.meslibellules.fr\/blog\/2021\/05\/24\/oxygastra-curtisii-la-respiration-de-loin-et-de-plus-pres\/\" \/>\n<meta property=\"og:site_name\" content=\"Mes Libellules\" \/>\n<meta property=\"article:publisher\" content=\"https:\/\/www.facebook.com\/benoit.guillon.96\/\" \/>\n<meta property=\"article:author\" content=\"https:\/\/www.facebook.com\/benoit.guillon.96\/\" \/>\n<meta property=\"article:published_time\" content=\"2021-05-24T17:28:51+00:00\" \/>\n<meta property=\"article:modified_time\" content=\"2023-01-06T05:30:56+00:00\" \/>\n<meta property=\"og:image\" content=\"https:\/\/www.meslibellules.fr\/blog\/wp-content\/uploads\/retour.gif\" \/>\n<meta name=\"author\" content=\"Beno\u00eet Guillon\" \/>\n<meta name=\"twitter:card\" content=\"summary_large_image\" \/>\n<meta name=\"twitter:label1\" content=\"\u00c9crit par\" \/>\n\t<meta name=\"twitter:data1\" content=\"Beno\u00eet Guillon\" \/>\n\t<meta name=\"twitter:label2\" content=\"Dur\u00e9e de lecture estim\u00e9e\" \/>\n\t<meta name=\"twitter:data2\" content=\"1 minute\" \/>\n<script type=\"application\/ld+json\" class=\"yoast-schema-graph\">{\"@context\":\"https:\\\/\\\/schema.org\",\"@graph\":[{\"@type\":\"Article\",\"@id\":\"https:\\\/\\\/www.meslibellules.fr\\\/blog\\\/2021\\\/05\\\/24\\\/oxygastra-curtisii-la-respiration-de-loin-et-de-plus-pres\\\/#article\",\"isPartOf\":{\"@id\":\"https:\\\/\\\/www.meslibellules.fr\\\/blog\\\/2021\\\/05\\\/24\\\/oxygastra-curtisii-la-respiration-de-loin-et-de-plus-pres\\\/\"},\"author\":{\"name\":\"Beno\u00eet Guillon\",\"@id\":\"https:\\\/\\\/www.meslibellules.fr\\\/blog\\\/#\\\/schema\\\/person\\\/9aa3586f9dd053fcf329f43b8b053c77\"},\"headline\":\"Oxygastra curtisii : la respiration de loin et de plus pr\u00e8s&#8230;\",\"datePublished\":\"2021-05-24T17:28:51+00:00\",\"dateModified\":\"2023-01-06T05:30:56+00:00\",\"mainEntityOfPage\":{\"@id\":\"https:\\\/\\\/www.meslibellules.fr\\\/blog\\\/2021\\\/05\\\/24\\\/oxygastra-curtisii-la-respiration-de-loin-et-de-plus-pres\\\/\"},\"wordCount\":179,\"commentCount\":1,\"publisher\":{\"@id\":\"https:\\\/\\\/www.meslibellules.fr\\\/blog\\\/#\\\/schema\\\/person\\\/9aa3586f9dd053fcf329f43b8b053c77\"},\"image\":{\"@id\":\"https:\\\/\\\/www.meslibellules.fr\\\/blog\\\/2021\\\/05\\\/24\\\/oxygastra-curtisii-la-respiration-de-loin-et-de-plus-pres\\\/#primaryimage\"},\"thumbnailUrl\":\"https:\\\/\\\/www.meslibellules.fr\\\/blog\\\/wp-content\\\/uploads\\\/retour.gif\",\"keywords\":[\"Oxygastra curtisii\",\"respiration odonates\",\"Vid\u00e9o\"],\"articleSection\":[\"Corduliidae\",\"France\",\"Oxygastra curtisii\",\"Vid\u00e9os\"],\"inLanguage\":\"fr-FR\",\"potentialAction\":[{\"@type\":\"CommentAction\",\"name\":\"Comment\",\"target\":[\"https:\\\/\\\/www.meslibellules.fr\\\/blog\\\/2021\\\/05\\\/24\\\/oxygastra-curtisii-la-respiration-de-loin-et-de-plus-pres\\\/#respond\"]}]},{\"@type\":\"WebPage\",\"@id\":\"https:\\\/\\\/www.meslibellules.fr\\\/blog\\\/2021\\\/05\\\/24\\\/oxygastra-curtisii-la-respiration-de-loin-et-de-plus-pres\\\/\",\"url\":\"https:\\\/\\\/www.meslibellules.fr\\\/blog\\\/2021\\\/05\\\/24\\\/oxygastra-curtisii-la-respiration-de-loin-et-de-plus-pres\\\/\",\"name\":\"Oxygastra curtisii : la respiration de loin et de plus pr\u00e8s... - Mes Libellules\",\"isPartOf\":{\"@id\":\"https:\\\/\\\/www.meslibellules.fr\\\/blog\\\/#website\"},\"primaryImageOfPage\":{\"@id\":\"https:\\\/\\\/www.meslibellules.fr\\\/blog\\\/2021\\\/05\\\/24\\\/oxygastra-curtisii-la-respiration-de-loin-et-de-plus-pres\\\/#primaryimage\"},\"image\":{\"@id\":\"https:\\\/\\\/www.meslibellules.fr\\\/blog\\\/2021\\\/05\\\/24\\\/oxygastra-curtisii-la-respiration-de-loin-et-de-plus-pres\\\/#primaryimage\"},\"thumbnailUrl\":\"https:\\\/\\\/www.meslibellules.fr\\\/blog\\\/wp-content\\\/uploads\\\/retour.gif\",\"datePublished\":\"2021-05-24T17:28:51+00:00\",\"dateModified\":\"2023-01-06T05:30:56+00:00\",\"breadcrumb\":{\"@id\":\"https:\\\/\\\/www.meslibellules.fr\\\/blog\\\/2021\\\/05\\\/24\\\/oxygastra-curtisii-la-respiration-de-loin-et-de-plus-pres\\\/#breadcrumb\"},\"inLanguage\":\"fr-FR\",\"potentialAction\":[{\"@type\":\"ReadAction\",\"target\":[\"https:\\\/\\\/www.meslibellules.fr\\\/blog\\\/2021\\\/05\\\/24\\\/oxygastra-curtisii-la-respiration-de-loin-et-de-plus-pres\\\/\"]}]},{\"@type\":\"ImageObject\",\"inLanguage\":\"fr-FR\",\"@id\":\"https:\\\/\\\/www.meslibellules.fr\\\/blog\\\/2021\\\/05\\\/24\\\/oxygastra-curtisii-la-respiration-de-loin-et-de-plus-pres\\\/#primaryimage\",\"url\":\"https:\\\/\\\/www.meslibellules.fr\\\/blog\\\/wp-content\\\/uploads\\\/retour.gif\",\"contentUrl\":\"https:\\\/\\\/www.meslibellules.fr\\\/blog\\\/wp-content\\\/uploads\\\/retour.gif\",\"width\":100,\"height\":20},{\"@type\":\"BreadcrumbList\",\"@id\":\"https:\\\/\\\/www.meslibellules.fr\\\/blog\\\/2021\\\/05\\\/24\\\/oxygastra-curtisii-la-respiration-de-loin-et-de-plus-pres\\\/#breadcrumb\",\"itemListElement\":[{\"@type\":\"ListItem\",\"position\":1,\"name\":\"Accueil\",\"item\":\"https:\\\/\\\/www.meslibellules.fr\\\/blog\\\/\"},{\"@type\":\"ListItem\",\"position\":2,\"name\":\"Oxygastra curtisii : la respiration de loin et de plus pr\u00e8s&#8230;\"}]},{\"@type\":\"WebSite\",\"@id\":\"https:\\\/\\\/www.meslibellules.fr\\\/blog\\\/#website\",\"url\":\"https:\\\/\\\/www.meslibellules.fr\\\/blog\\\/\",\"name\":\"Mes Libellules\",\"description\":\"Pr\u00e9sentation des libellules rencontr\u00e9es dans le monde\",\"publisher\":{\"@id\":\"https:\\\/\\\/www.meslibellules.fr\\\/blog\\\/#\\\/schema\\\/person\\\/9aa3586f9dd053fcf329f43b8b053c77\"},\"potentialAction\":[{\"@type\":\"SearchAction\",\"target\":{\"@type\":\"EntryPoint\",\"urlTemplate\":\"https:\\\/\\\/www.meslibellules.fr\\\/blog\\\/?s={search_term_string}\"},\"query-input\":{\"@type\":\"PropertyValueSpecification\",\"valueRequired\":true,\"valueName\":\"search_term_string\"}}],\"inLanguage\":\"fr-FR\"},{\"@type\":[\"Person\",\"Organization\"],\"@id\":\"https:\\\/\\\/www.meslibellules.fr\\\/blog\\\/#\\\/schema\\\/person\\\/9aa3586f9dd053fcf329f43b8b053c77\",\"name\":\"Beno\u00eet Guillon\",\"image\":{\"@type\":\"ImageObject\",\"inLanguage\":\"fr-FR\",\"@id\":\"https:\\\/\\\/www.meslibellules.fr\\\/blog\\\/wp-content\\\/uploads\\\/cropped-avatar-150-pix.jpg\",\"url\":\"https:\\\/\\\/www.meslibellules.fr\\\/blog\\\/wp-content\\\/uploads\\\/cropped-avatar-150-pix.jpg\",\"contentUrl\":\"https:\\\/\\\/www.meslibellules.fr\\\/blog\\\/wp-content\\\/uploads\\\/cropped-avatar-150-pix.jpg\",\"width\":150,\"height\":137,\"caption\":\"Beno\u00eet Guillon\"},\"logo\":{\"@id\":\"https:\\\/\\\/www.meslibellules.fr\\\/blog\\\/wp-content\\\/uploads\\\/cropped-avatar-150-pix.jpg\"},\"sameAs\":[\"https:\\\/\\\/www.facebook.com\\\/benoit.guillon.96\\\/\"]}]}<\/script>\n<!-- \/ Yoast SEO plugin. -->","yoast_head_json":{"title":"Oxygastra curtisii : la respiration de loin et de plus pr\u00e8s... - Mes Libellules","robots":{"index":"index","follow":"follow","max-snippet":"max-snippet:-1","max-image-preview":"max-image-preview:large","max-video-preview":"max-video-preview:-1"},"canonical":"https:\/\/www.meslibellules.fr\/blog\/2021\/05\/24\/oxygastra-curtisii-la-respiration-de-loin-et-de-plus-pres\/","og_locale":"fr_FR","og_type":"article","og_title":"Oxygastra curtisii : la respiration de loin et de plus pr\u00e8s... - Mes Libellules","og_description":"Ce jeune m\u00e2le Oxygastra curtisii se r\u00e9chauffe au soleil, bien \u00e0 l&rsquo;abri du vent dans les ajoncs. Il est en phase de maturation comme en t\u00e9moignent ses yeux \u00e9tonnants, qui de mauves deviendront verts. On l&rsquo;appelle aussi Cordulie \u00e0 corps fin&nbsp;et son abdomen t\u00e9moigne de cette finesse.Cependant, en s&rsquo;approchant suffisamment (je rappelle que l&rsquo;abdomen ne [&hellip;]","og_url":"https:\/\/www.meslibellules.fr\/blog\/2021\/05\/24\/oxygastra-curtisii-la-respiration-de-loin-et-de-plus-pres\/","og_site_name":"Mes Libellules","article_publisher":"https:\/\/www.facebook.com\/benoit.guillon.96\/","article_author":"https:\/\/www.facebook.com\/benoit.guillon.96\/","article_published_time":"2021-05-24T17:28:51+00:00","article_modified_time":"2023-01-06T05:30:56+00:00","og_image":[{"url":"https:\/\/www.meslibellules.fr\/blog\/wp-content\/uploads\/retour.gif","type":"","width":"","height":""}],"author":"Beno\u00eet Guillon","twitter_card":"summary_large_image","twitter_misc":{"\u00c9crit par":"Beno\u00eet Guillon","Dur\u00e9e de lecture estim\u00e9e":"1 minute"},"schema":{"@context":"https:\/\/schema.org","@graph":[{"@type":"Article","@id":"https:\/\/www.meslibellules.fr\/blog\/2021\/05\/24\/oxygastra-curtisii-la-respiration-de-loin-et-de-plus-pres\/#article","isPartOf":{"@id":"https:\/\/www.meslibellules.fr\/blog\/2021\/05\/24\/oxygastra-curtisii-la-respiration-de-loin-et-de-plus-pres\/"},"author":{"name":"Beno\u00eet Guillon","@id":"https:\/\/www.meslibellules.fr\/blog\/#\/schema\/person\/9aa3586f9dd053fcf329f43b8b053c77"},"headline":"Oxygastra curtisii : la respiration de loin et de plus pr\u00e8s&#8230;","datePublished":"2021-05-24T17:28:51+00:00","dateModified":"2023-01-06T05:30:56+00:00","mainEntityOfPage":{"@id":"https:\/\/www.meslibellules.fr\/blog\/2021\/05\/24\/oxygastra-curtisii-la-respiration-de-loin-et-de-plus-pres\/"},"wordCount":179,"commentCount":1,"publisher":{"@id":"https:\/\/www.meslibellules.fr\/blog\/#\/schema\/person\/9aa3586f9dd053fcf329f43b8b053c77"},"image":{"@id":"https:\/\/www.meslibellules.fr\/blog\/2021\/05\/24\/oxygastra-curtisii-la-respiration-de-loin-et-de-plus-pres\/#primaryimage"},"thumbnailUrl":"https:\/\/www.meslibellules.fr\/blog\/wp-content\/uploads\/retour.gif","keywords":["Oxygastra curtisii","respiration odonates","Vid\u00e9o"],"articleSection":["Corduliidae","France","Oxygastra curtisii","Vid\u00e9os"],"inLanguage":"fr-FR","potentialAction":[{"@type":"CommentAction","name":"Comment","target":["https:\/\/www.meslibellules.fr\/blog\/2021\/05\/24\/oxygastra-curtisii-la-respiration-de-loin-et-de-plus-pres\/#respond"]}]},{"@type":"WebPage","@id":"https:\/\/www.meslibellules.fr\/blog\/2021\/05\/24\/oxygastra-curtisii-la-respiration-de-loin-et-de-plus-pres\/","url":"https:\/\/www.meslibellules.fr\/blog\/2021\/05\/24\/oxygastra-curtisii-la-respiration-de-loin-et-de-plus-pres\/","name":"Oxygastra curtisii : la respiration de loin et de plus pr\u00e8s... - Mes Libellules","isPartOf":{"@id":"https:\/\/www.meslibellules.fr\/blog\/#website"},"primaryImageOfPage":{"@id":"https:\/\/www.meslibellules.fr\/blog\/2021\/05\/24\/oxygastra-curtisii-la-respiration-de-loin-et-de-plus-pres\/#primaryimage"},"image":{"@id":"https:\/\/www.meslibellules.fr\/blog\/2021\/05\/24\/oxygastra-curtisii-la-respiration-de-loin-et-de-plus-pres\/#primaryimage"},"thumbnailUrl":"https:\/\/www.meslibellules.fr\/blog\/wp-content\/uploads\/retour.gif","datePublished":"2021-05-24T17:28:51+00:00","dateModified":"2023-01-06T05:30:56+00:00","breadcrumb":{"@id":"https:\/\/www.meslibellules.fr\/blog\/2021\/05\/24\/oxygastra-curtisii-la-respiration-de-loin-et-de-plus-pres\/#breadcrumb"},"inLanguage":"fr-FR","potentialAction":[{"@type":"ReadAction","target":["https:\/\/www.meslibellules.fr\/blog\/2021\/05\/24\/oxygastra-curtisii-la-respiration-de-loin-et-de-plus-pres\/"]}]},{"@type":"ImageObject","inLanguage":"fr-FR","@id":"https:\/\/www.meslibellules.fr\/blog\/2021\/05\/24\/oxygastra-curtisii-la-respiration-de-loin-et-de-plus-pres\/#primaryimage","url":"https:\/\/www.meslibellules.fr\/blog\/wp-content\/uploads\/retour.gif","contentUrl":"https:\/\/www.meslibellules.fr\/blog\/wp-content\/uploads\/retour.gif","width":100,"height":20},{"@type":"BreadcrumbList","@id":"https:\/\/www.meslibellules.fr\/blog\/2021\/05\/24\/oxygastra-curtisii-la-respiration-de-loin-et-de-plus-pres\/#breadcrumb","itemListElement":[{"@type":"ListItem","position":1,"name":"Accueil","item":"https:\/\/www.meslibellules.fr\/blog\/"},{"@type":"ListItem","position":2,"name":"Oxygastra curtisii : la respiration de loin et de plus pr\u00e8s&#8230;"}]},{"@type":"WebSite","@id":"https:\/\/www.meslibellules.fr\/blog\/#website","url":"https:\/\/www.meslibellules.fr\/blog\/","name":"Mes Libellules","description":"Pr\u00e9sentation des libellules rencontr\u00e9es dans le monde","publisher":{"@id":"https:\/\/www.meslibellules.fr\/blog\/#\/schema\/person\/9aa3586f9dd053fcf329f43b8b053c77"},"potentialAction":[{"@type":"SearchAction","target":{"@type":"EntryPoint","urlTemplate":"https:\/\/www.meslibellules.fr\/blog\/?s={search_term_string}"},"query-input":{"@type":"PropertyValueSpecification","valueRequired":true,"valueName":"search_term_string"}}],"inLanguage":"fr-FR"},{"@type":["Person","Organization"],"@id":"https:\/\/www.meslibellules.fr\/blog\/#\/schema\/person\/9aa3586f9dd053fcf329f43b8b053c77","name":"Beno\u00eet Guillon","image":{"@type":"ImageObject","inLanguage":"fr-FR","@id":"https:\/\/www.meslibellules.fr\/blog\/wp-content\/uploads\/cropped-avatar-150-pix.jpg","url":"https:\/\/www.meslibellules.fr\/blog\/wp-content\/uploads\/cropped-avatar-150-pix.jpg","contentUrl":"https:\/\/www.meslibellules.fr\/blog\/wp-content\/uploads\/cropped-avatar-150-pix.jpg","width":150,"height":137,"caption":"Beno\u00eet Guillon"},"logo":{"@id":"https:\/\/www.meslibellules.fr\/blog\/wp-content\/uploads\/cropped-avatar-150-pix.jpg"},"sameAs":["https:\/\/www.facebook.com\/benoit.guillon.96\/"]}]}},"_links":{"self":[{"href":"https:\/\/www.meslibellules.fr\/blog\/wp-json\/wp\/v2\/posts\/9002","targetHints":{"allow":["GET"]}}],"collection":[{"href":"https:\/\/www.meslibellules.fr\/blog\/wp-json\/wp\/v2\/posts"}],"about":[{"href":"https:\/\/www.meslibellules.fr\/blog\/wp-json\/wp\/v2\/types\/post"}],"author":[{"embeddable":true,"href":"https:\/\/www.meslibellules.fr\/blog\/wp-json\/wp\/v2\/users\/1"}],"replies":[{"embeddable":true,"href":"https:\/\/www.meslibellules.fr\/blog\/wp-json\/wp\/v2\/comments?post=9002"}],"version-history":[{"count":0,"href":"https:\/\/www.meslibellules.fr\/blog\/wp-json\/wp\/v2\/posts\/9002\/revisions"}],"wp:attachment":[{"href":"https:\/\/www.meslibellules.fr\/blog\/wp-json\/wp\/v2\/media?parent=9002"}],"wp:term":[{"taxonomy":"category","embeddable":true,"href":"https:\/\/www.meslibellules.fr\/blog\/wp-json\/wp\/v2\/categories?post=9002"},{"taxonomy":"post_tag","embeddable":true,"href":"https:\/\/www.meslibellules.fr\/blog\/wp-json\/wp\/v2\/tags?post=9002"}],"curies":[{"name":"wp","href":"https:\/\/api.w.org\/{rel}","templated":true}]}}