{"id":9053,"date":"2021-05-26T19:30:38","date_gmt":"2021-05-26T17:30:38","guid":{"rendered":"https:\/\/www.meslibellules.fr\/blog\/?p=9053"},"modified":"2021-05-26T19:43:23","modified_gmt":"2021-05-26T17:43:23","slug":"libellula-quadrimaculata-femelle-emergente-1-1","status":"publish","type":"post","link":"https:\/\/www.meslibellules.fr\/blog\/2021\/05\/26\/libellula-quadrimaculata-femelle-emergente-1-1\/","title":{"rendered":"Libellula quadrimaculata femelle \u00e9mergente  1\/1"},"content":{"rendered":"\n<div class=\"wp-block-image\"><figure class=\"aligncenter size-large is-resized\"><a href=\"https:\/\/www.meslibellules.fr\/blog\/wp-content\/uploads\/libellula-quadrimaculata-femelle-emeregente-1.jpg\"><img decoding=\"async\" data-src=\"https:\/\/www.meslibellules.fr\/blog\/wp-content\/uploads\/libellula-quadrimaculata-femelle-emeregente-1.jpg\" alt=\"Libellula quadrimaculata femelle \u00e9mergente, Beaupr\u00e9au (France-49), 18\/06\/2009\" class=\"wp-image-9022 lazyload\" width=\"493\" height=\"322\" src=\"data:image\/svg+xml;base64,PHN2ZyB3aWR0aD0iMSIgaGVpZ2h0PSIxIiB4bWxucz0iaHR0cDovL3d3dy53My5vcmcvMjAwMC9zdmciPjwvc3ZnPg==\" style=\"--smush-placeholder-width: 493px; --smush-placeholder-aspect-ratio: 493\/322;\" \/><\/a><figcaption>Libellula quadrimaculata femelle \u00e9mergente, Beaupr\u00e9au (France-49), 18\/06\/2009<\/figcaption><\/figure><\/div>\n\n\n\n<p style=\"font-size:15px\">Cette tr\u00e8s jeune femelle vient de faire son vol inaugural, depuis ma petite mare jusqu&rsquo;\u00e0 ces Orangers du Mexique qui en sont \u00e9loign\u00e9s \u00e0 peine de 2 m\u00e8tres. C&rsquo;est un support fr\u00e9quemment adopt\u00e9, car il est \u00e0 l&rsquo;abri du vent et en plein soleil \u00e0 cette heure (13 heures 30). <br>Les ailes brillantes montrent une coloration diffuse sous les nodus et pt\u00e9rostigmas, qui caract\u00e9rise les sujets du type <em>praenubila<\/em>. On retrouve la m\u00eame singularit\u00e9 sur la femelle ci-dessous : <\/p>\n\n\n\n<div class=\"wp-block-image\"><figure class=\"aligncenter size-large is-resized\"><a href=\"https:\/\/www.meslibellules.fr\/blog\/wp-content\/uploads\/libellula-quadrimaculata-femelle-emeregente-2.jpg\"><img decoding=\"async\" data-src=\"https:\/\/www.meslibellules.fr\/blog\/wp-content\/uploads\/libellula-quadrimaculata-femelle-emeregente-2.jpg\" alt=\"Libellula quadrimaculata femelle \u00e9mergente, Saint R\u00e9my en Mauges (France-49), 14\/05\/2010\" class=\"wp-image-9023 lazyload\" width=\"493\" height=\"303\" data-srcset=\"https:\/\/www.meslibellules.fr\/blog\/wp-content\/uploads\/\/libellula-quadrimaculata-femelle-emeregente-2.jpg 1632w, https:\/\/www.meslibellules.fr\/blog\/wp-content\/uploads\/\/libellula-quadrimaculata-femelle-emeregente-2-768x472.jpg 768w, https:\/\/www.meslibellules.fr\/blog\/wp-content\/uploads\/\/libellula-quadrimaculata-femelle-emeregente-2-1536x945.jpg 1536w, https:\/\/www.meslibellules.fr\/blog\/wp-content\/uploads\/\/libellula-quadrimaculata-femelle-emeregente-2-1200x738.jpg 1200w\" data-sizes=\"(max-width: 493px) 100vw, 493px\" src=\"data:image\/svg+xml;base64,PHN2ZyB3aWR0aD0iMSIgaGVpZ2h0PSIxIiB4bWxucz0iaHR0cDovL3d3dy53My5vcmcvMjAwMC9zdmciPjwvc3ZnPg==\" style=\"--smush-placeholder-width: 493px; --smush-placeholder-aspect-ratio: 493\/303;\" \/><\/a><figcaption>Libellula quadrimaculata femelle \u00e9mergente, Saint R\u00e9my en Mauges (France-49), 14\/05\/2010<\/figcaption><\/figure><\/div>\n\n\n\n<div class=\"wp-block-image\"><figure class=\"aligncenter size-large is-resized\"><a href=\"https:\/\/www.meslibellules.fr\/blog\/wp-content\/uploads\/libellula-quadrimaculata-femelle-emeregente-3.jpg\"><img decoding=\"async\" data-src=\"https:\/\/www.meslibellules.fr\/blog\/wp-content\/uploads\/libellula-quadrimaculata-femelle-emeregente-3.jpg\" alt=\"Libellula quadrimaculata femelle \u00e9mergente, Coligny (France-01), 08\/05\/2021\" class=\"wp-image-9024 lazyload\" width=\"403\" height=\"351\" data-srcset=\"https:\/\/www.meslibellules.fr\/blog\/wp-content\/uploads\/\/libellula-quadrimaculata-femelle-emeregente-3.jpg 1384w, https:\/\/www.meslibellules.fr\/blog\/wp-content\/uploads\/\/libellula-quadrimaculata-femelle-emeregente-3-768x668.jpg 768w, https:\/\/www.meslibellules.fr\/blog\/wp-content\/uploads\/\/libellula-quadrimaculata-femelle-emeregente-3-1200x1044.jpg 1200w\" data-sizes=\"(max-width: 403px) 100vw, 403px\" src=\"data:image\/svg+xml;base64,PHN2ZyB3aWR0aD0iMSIgaGVpZ2h0PSIxIiB4bWxucz0iaHR0cDovL3d3dy53My5vcmcvMjAwMC9zdmciPjwvc3ZnPg==\" style=\"--smush-placeholder-width: 403px; --smush-placeholder-aspect-ratio: 403\/351;\" \/><\/a><figcaption>Libellula quadrimaculata femelle \u00e9mergente, Coligny (France-01), 08\/05\/2021<\/figcaption><\/figure><\/div>\n\n\n\n<p style=\"font-size:15px\">Malheureusement tout ne se passe pas toujours aussi bien et si la femelle ci-dessus va d\u00e9coller sans probl\u00e8me malgr\u00e9 une petite imperfection des ailes gauches, la derni\u00e8re n&rsquo;aura pas cette chance&#8230;<\/p>\n\n\n\n<div class=\"wp-block-image\"><figure class=\"aligncenter size-large is-resized\"><a href=\"https:\/\/www.meslibellules.fr\/blog\/wp-content\/uploads\/libellula-quadrimaculata-femelle-emeregente-4.jpg\"><img decoding=\"async\" data-src=\"https:\/\/www.meslibellules.fr\/blog\/wp-content\/uploads\/libellula-quadrimaculata-femelle-emeregente-4.jpg\" alt=\"Libellula quadrimaculata femelle \u00e9mergente, Coligny (France-01), 08\/05\/2021\" class=\"wp-image-9025 lazyload\" width=\"442\" height=\"342\" data-srcset=\"https:\/\/www.meslibellules.fr\/blog\/wp-content\/uploads\/\/libellula-quadrimaculata-femelle-emeregente-4.jpg 1556w, https:\/\/www.meslibellules.fr\/blog\/wp-content\/uploads\/\/libellula-quadrimaculata-femelle-emeregente-4-768x594.jpg 768w, https:\/\/www.meslibellules.fr\/blog\/wp-content\/uploads\/\/libellula-quadrimaculata-femelle-emeregente-4-1536x1189.jpg 1536w, https:\/\/www.meslibellules.fr\/blog\/wp-content\/uploads\/\/libellula-quadrimaculata-femelle-emeregente-4-1200x929.jpg 1200w\" data-sizes=\"(max-width: 442px) 100vw, 442px\" src=\"data:image\/svg+xml;base64,PHN2ZyB3aWR0aD0iMSIgaGVpZ2h0PSIxIiB4bWxucz0iaHR0cDovL3d3dy53My5vcmcvMjAwMC9zdmciPjwvc3ZnPg==\" style=\"--smush-placeholder-width: 442px; --smush-placeholder-aspect-ratio: 442\/342;\" \/><\/a><figcaption>Libellula quadrimaculata femelle \u00e9mergente, Coligny (France-01), 08\/05\/2021<\/figcaption><\/figure><\/div>\n\n\n\n<p style=\"font-size:15px\">Il faut encore remarquer ici le cloisonnement des <a href=\"http:\/\/www.meslibellules.fr\/pagesweb\/divers\/glossaire.php\">sacs a\u00e9riens<\/a>, \u00e0 la fois sur le thorax et l&rsquo;abdomen&#8230; Je ne connais pas d&rsquo;autre esp\u00e8ce ou il est si visible \u00e0 cet \u00e2ge.<br>Ces sacs a\u00e9riens semblent occuper une bonne partie de la face dorsale de l&rsquo;abdomen et leur r\u00f4le m\u00e9riterait certainement des investigations suppl\u00e9mentaires&#8230;<\/p>\n\n\n\n<div class=\"wp-block-image\"><figure class=\"aligncenter size-large is-resized\"><a href=\"https:\/\/www.meslibellules.fr\/blog\/wp-content\/uploads\/libellula-quadrimaculata-femelle-emeregente-5.jpg\"><img decoding=\"async\" data-src=\"https:\/\/www.meslibellules.fr\/blog\/wp-content\/uploads\/libellula-quadrimaculata-femelle-emeregente-5.jpg\" alt=\"Libellula quadrimaculata femelle \u00e9mergente, Coligny (France-01), 08\/05\/2021\" class=\"wp-image-9055 lazyload\" width=\"501\" height=\"348\" data-srcset=\"https:\/\/www.meslibellules.fr\/blog\/wp-content\/uploads\/\/libellula-quadrimaculata-femelle-emeregente-5.jpg 937w, https:\/\/www.meslibellules.fr\/blog\/wp-content\/uploads\/\/libellula-quadrimaculata-femelle-emeregente-5-768x534.jpg 768w\" data-sizes=\"(max-width: 501px) 100vw, 501px\" src=\"data:image\/svg+xml;base64,PHN2ZyB3aWR0aD0iMSIgaGVpZ2h0PSIxIiB4bWxucz0iaHR0cDovL3d3dy53My5vcmcvMjAwMC9zdmciPjwvc3ZnPg==\" style=\"--smush-placeholder-width: 501px; --smush-placeholder-aspect-ratio: 501\/348;\" \/><\/a><figcaption>Libellula quadrimaculata femelle \u00e9mergente, Coligny (France-01), 08\/05\/2021<\/figcaption><\/figure><\/div>\n\n\n\n<p style=\"font-size:15px\">Car il ne s&rsquo;agit pas de sacs a\u00e9riens trach\u00e9aux et je n&rsquo;ai jamais lu qu&rsquo;ils sont en communication avec le syst\u00e8me respiratoire des odonates&#8230; Sont-ils l\u00e0 simplement pour <em>raidir<\/em> la structure sans ajouter de poids ?<br>Certains leur ont attribu\u00e9s un r\u00f4le de <em>sustentation<\/em> ; expos\u00e9s au soleil, ils all\u00e9geraient l&rsquo;odonate, \u00e0 la fa\u00e7on d&rsquo;un ballon \u00e0 air chaud. Il faudrait alors que la diff\u00e9rence de temp\u00e9rature entre l&rsquo;air ambiant et l&rsquo;air contenu dans ces cellules soit importante, ce qui semble incompatible avec la survie m\u00eame de l&rsquo;insecte&#8230;<\/p>\n\n\n\n\n\n<figure class=\"wp-block-image size-large\"><a href=\"http:\/\/www.meslibellules.fr\/pagesweb\/libellulidae\/libellula\/quadrimaculata\/libellula-quadrimaculata-accueil.php\"><img decoding=\"async\" width=\"100\" height=\"20\" data-src=\"https:\/\/www.meslibellules.fr\/blog\/wp-content\/uploads\/retour.gif\" alt=\"\" class=\"wp-image-8468 lazyload\" src=\"data:image\/svg+xml;base64,PHN2ZyB3aWR0aD0iMSIgaGVpZ2h0PSIxIiB4bWxucz0iaHR0cDovL3d3dy53My5vcmcvMjAwMC9zdmciPjwvc3ZnPg==\" style=\"--smush-placeholder-width: 100px; --smush-placeholder-aspect-ratio: 100\/20;\" \/><\/a><\/figure>\n","protected":false},"excerpt":{"rendered":"<p>Cette tr\u00e8s jeune femelle vient de faire son vol inaugural, depuis ma petite mare jusqu&rsquo;\u00e0 ces Orangers du Mexique qui en sont \u00e9loign\u00e9s \u00e0 peine de 2 m\u00e8tres. C&rsquo;est un support fr\u00e9quemment adopt\u00e9, car il est \u00e0 l&rsquo;abri du vent et en plein soleil \u00e0 cette heure (13 heures 30). Les ailes brillantes montrent une [&hellip;]<\/p>\n","protected":false},"author":1,"featured_media":0,"comment_status":"open","ping_status":"open","sticky":false,"template":"","format":"image","meta":{"site-sidebar-layout":"default","site-content-layout":"","ast-site-content-layout":"default","site-content-style":"default","site-sidebar-style":"default","ast-global-header-display":"","ast-banner-title-visibility":"","ast-main-header-display":"","ast-hfb-above-header-display":"","ast-hfb-below-header-display":"","ast-hfb-mobile-header-display":"","site-post-title":"","ast-breadcrumbs-content":"","ast-featured-img":"","footer-sml-layout":"","ast-disable-related-posts":"","theme-transparent-header-meta":"","adv-header-id-meta":"","stick-header-meta":"","header-above-stick-meta":"","header-main-stick-meta":"","header-below-stick-meta":"","astra-migrate-meta-layouts":"default","ast-page-background-enabled":"default","ast-page-background-meta":{"desktop":{"background-color":"var(--ast-global-color-4)","background-image":"","background-repeat":"repeat","background-position":"center center","background-size":"auto","background-attachment":"scroll","background-type":"","background-media":"","overlay-type":"","overlay-color":"","overlay-opacity":"","overlay-gradient":""},"tablet":{"background-color":"","background-image":"","background-repeat":"repeat","background-position":"center center","background-size":"auto","background-attachment":"scroll","background-type":"","background-media":"","overlay-type":"","overlay-color":"","overlay-opacity":"","overlay-gradient":""},"mobile":{"background-color":"","background-image":"","background-repeat":"repeat","background-position":"center center","background-size":"auto","background-attachment":"scroll","background-type":"","background-media":"","overlay-type":"","overlay-color":"","overlay-opacity":"","overlay-gradient":""}},"ast-content-background-meta":{"desktop":{"background-color":"var(--ast-global-color-5)","background-image":"","background-repeat":"repeat","background-position":"center center","background-size":"auto","background-attachment":"scroll","background-type":"","background-media":"","overlay-type":"","overlay-color":"","overlay-opacity":"","overlay-gradient":""},"tablet":{"background-color":"var(--ast-global-color-5)","background-image":"","background-repeat":"repeat","background-position":"center center","background-size":"auto","background-attachment":"scroll","background-type":"","background-media":"","overlay-type":"","overlay-color":"","overlay-opacity":"","overlay-gradient":""},"mobile":{"background-color":"var(--ast-global-color-5)","background-image":"","background-repeat":"repeat","background-position":"center center","background-size":"auto","background-attachment":"scroll","background-type":"","background-media":"","overlay-type":"","overlay-color":"","overlay-opacity":"","overlay-gradient":""}},"footnotes":""},"categories":[55,588,56],"tags":[594,589,376],"class_list":["post-9053","post","type-post","status-publish","format-image","hentry","category-france","category-libellula-quadrimaculata","category-libellulidae-france","tag-femelle-emergente","tag-libellula-quadrimaculata","tag-sacs-aeriens","post_format-post-format-image"],"yoast_head":"<!-- This site is optimized with the Yoast SEO plugin v27.5 - https:\/\/yoast.com\/product\/yoast-seo-wordpress\/ -->\n<title>Libellula quadrimaculata femelle \u00e9mergente 1\/1 - Mes Libellules<\/title>\n<meta name=\"robots\" content=\"index, follow, max-snippet:-1, max-image-preview:large, max-video-preview:-1\" \/>\n<link rel=\"canonical\" href=\"https:\/\/www.meslibellules.fr\/blog\/2021\/05\/26\/libellula-quadrimaculata-femelle-emergente-1-1\/\" \/>\n<meta property=\"og:locale\" content=\"fr_FR\" \/>\n<meta property=\"og:type\" content=\"article\" \/>\n<meta property=\"og:title\" content=\"Libellula quadrimaculata femelle \u00e9mergente 1\/1 - Mes Libellules\" \/>\n<meta property=\"og:description\" content=\"Cette tr\u00e8s jeune femelle vient de faire son vol inaugural, depuis ma petite mare jusqu&rsquo;\u00e0 ces Orangers du Mexique qui en sont \u00e9loign\u00e9s \u00e0 peine de 2 m\u00e8tres. C&rsquo;est un support fr\u00e9quemment adopt\u00e9, car il est \u00e0 l&rsquo;abri du vent et en plein soleil \u00e0 cette heure (13 heures 30). Les ailes brillantes montrent une [&hellip;]\" \/>\n<meta property=\"og:url\" content=\"https:\/\/www.meslibellules.fr\/blog\/2021\/05\/26\/libellula-quadrimaculata-femelle-emergente-1-1\/\" \/>\n<meta property=\"og:site_name\" content=\"Mes Libellules\" \/>\n<meta property=\"article:publisher\" content=\"https:\/\/www.facebook.com\/benoit.guillon.96\/\" \/>\n<meta property=\"article:author\" content=\"https:\/\/www.facebook.com\/benoit.guillon.96\/\" \/>\n<meta property=\"article:published_time\" content=\"2021-05-26T17:30:38+00:00\" \/>\n<meta property=\"article:modified_time\" content=\"2021-05-26T17:43:23+00:00\" \/>\n<meta property=\"og:image\" content=\"https:\/\/www.meslibellules.fr\/blog\/wp-content\/uploads\/libellula-quadrimaculata-femelle-emeregente-1.jpg\" \/>\n<meta name=\"author\" content=\"Beno\u00eet Guillon\" \/>\n<meta name=\"twitter:card\" content=\"summary_large_image\" \/>\n<meta name=\"twitter:label1\" content=\"\u00c9crit par\" \/>\n\t<meta name=\"twitter:data1\" content=\"Beno\u00eet Guillon\" \/>\n\t<meta name=\"twitter:label2\" content=\"Dur\u00e9e de lecture estim\u00e9e\" \/>\n\t<meta name=\"twitter:data2\" content=\"2 minutes\" \/>\n<script type=\"application\/ld+json\" class=\"yoast-schema-graph\">{\"@context\":\"https:\\\/\\\/schema.org\",\"@graph\":[{\"@type\":\"Article\",\"@id\":\"https:\\\/\\\/www.meslibellules.fr\\\/blog\\\/2021\\\/05\\\/26\\\/libellula-quadrimaculata-femelle-emergente-1-1\\\/#article\",\"isPartOf\":{\"@id\":\"https:\\\/\\\/www.meslibellules.fr\\\/blog\\\/2021\\\/05\\\/26\\\/libellula-quadrimaculata-femelle-emergente-1-1\\\/\"},\"author\":{\"name\":\"Beno\u00eet Guillon\",\"@id\":\"https:\\\/\\\/www.meslibellules.fr\\\/blog\\\/#\\\/schema\\\/person\\\/9aa3586f9dd053fcf329f43b8b053c77\"},\"headline\":\"Libellula quadrimaculata femelle \u00e9mergente 1\\\/1\",\"datePublished\":\"2021-05-26T17:30:38+00:00\",\"dateModified\":\"2021-05-26T17:43:23+00:00\",\"mainEntityOfPage\":{\"@id\":\"https:\\\/\\\/www.meslibellules.fr\\\/blog\\\/2021\\\/05\\\/26\\\/libellula-quadrimaculata-femelle-emergente-1-1\\\/\"},\"wordCount\":319,\"commentCount\":0,\"publisher\":{\"@id\":\"https:\\\/\\\/www.meslibellules.fr\\\/blog\\\/#\\\/schema\\\/person\\\/9aa3586f9dd053fcf329f43b8b053c77\"},\"image\":{\"@id\":\"https:\\\/\\\/www.meslibellules.fr\\\/blog\\\/2021\\\/05\\\/26\\\/libellula-quadrimaculata-femelle-emergente-1-1\\\/#primaryimage\"},\"thumbnailUrl\":\"https:\\\/\\\/www.meslibellules.fr\\\/blog\\\/wp-content\\\/uploads\\\/libellula-quadrimaculata-femelle-emeregente-1.jpg\",\"keywords\":[\"Femelle \u00e9mergente\",\"Libellula quadrimaculata\",\"Sacs a\u00e9riens\"],\"articleSection\":[\"France\",\"Libellula quadrimaculata\",\"Libellulidae\"],\"inLanguage\":\"fr-FR\",\"potentialAction\":[{\"@type\":\"CommentAction\",\"name\":\"Comment\",\"target\":[\"https:\\\/\\\/www.meslibellules.fr\\\/blog\\\/2021\\\/05\\\/26\\\/libellula-quadrimaculata-femelle-emergente-1-1\\\/#respond\"]}]},{\"@type\":\"WebPage\",\"@id\":\"https:\\\/\\\/www.meslibellules.fr\\\/blog\\\/2021\\\/05\\\/26\\\/libellula-quadrimaculata-femelle-emergente-1-1\\\/\",\"url\":\"https:\\\/\\\/www.meslibellules.fr\\\/blog\\\/2021\\\/05\\\/26\\\/libellula-quadrimaculata-femelle-emergente-1-1\\\/\",\"name\":\"Libellula quadrimaculata femelle \u00e9mergente 1\\\/1 - Mes Libellules\",\"isPartOf\":{\"@id\":\"https:\\\/\\\/www.meslibellules.fr\\\/blog\\\/#website\"},\"primaryImageOfPage\":{\"@id\":\"https:\\\/\\\/www.meslibellules.fr\\\/blog\\\/2021\\\/05\\\/26\\\/libellula-quadrimaculata-femelle-emergente-1-1\\\/#primaryimage\"},\"image\":{\"@id\":\"https:\\\/\\\/www.meslibellules.fr\\\/blog\\\/2021\\\/05\\\/26\\\/libellula-quadrimaculata-femelle-emergente-1-1\\\/#primaryimage\"},\"thumbnailUrl\":\"https:\\\/\\\/www.meslibellules.fr\\\/blog\\\/wp-content\\\/uploads\\\/libellula-quadrimaculata-femelle-emeregente-1.jpg\",\"datePublished\":\"2021-05-26T17:30:38+00:00\",\"dateModified\":\"2021-05-26T17:43:23+00:00\",\"breadcrumb\":{\"@id\":\"https:\\\/\\\/www.meslibellules.fr\\\/blog\\\/2021\\\/05\\\/26\\\/libellula-quadrimaculata-femelle-emergente-1-1\\\/#breadcrumb\"},\"inLanguage\":\"fr-FR\",\"potentialAction\":[{\"@type\":\"ReadAction\",\"target\":[\"https:\\\/\\\/www.meslibellules.fr\\\/blog\\\/2021\\\/05\\\/26\\\/libellula-quadrimaculata-femelle-emergente-1-1\\\/\"]}]},{\"@type\":\"ImageObject\",\"inLanguage\":\"fr-FR\",\"@id\":\"https:\\\/\\\/www.meslibellules.fr\\\/blog\\\/2021\\\/05\\\/26\\\/libellula-quadrimaculata-femelle-emergente-1-1\\\/#primaryimage\",\"url\":\"https:\\\/\\\/www.meslibellules.fr\\\/blog\\\/wp-content\\\/uploads\\\/libellula-quadrimaculata-femelle-emeregente-1.jpg\",\"contentUrl\":\"https:\\\/\\\/www.meslibellules.fr\\\/blog\\\/wp-content\\\/uploads\\\/libellula-quadrimaculata-femelle-emeregente-1.jpg\",\"width\":1895,\"height\":1204,\"caption\":\"Libellula quadrimaculata femelle \u00e9mergente, Beaupr\u00e9au (France-49), 18\\\/06\\\/2009\"},{\"@type\":\"BreadcrumbList\",\"@id\":\"https:\\\/\\\/www.meslibellules.fr\\\/blog\\\/2021\\\/05\\\/26\\\/libellula-quadrimaculata-femelle-emergente-1-1\\\/#breadcrumb\",\"itemListElement\":[{\"@type\":\"ListItem\",\"position\":1,\"name\":\"Accueil\",\"item\":\"https:\\\/\\\/www.meslibellules.fr\\\/blog\\\/\"},{\"@type\":\"ListItem\",\"position\":2,\"name\":\"Libellula quadrimaculata femelle \u00e9mergente 1\\\/1\"}]},{\"@type\":\"WebSite\",\"@id\":\"https:\\\/\\\/www.meslibellules.fr\\\/blog\\\/#website\",\"url\":\"https:\\\/\\\/www.meslibellules.fr\\\/blog\\\/\",\"name\":\"Mes Libellules\",\"description\":\"Pr\u00e9sentation des libellules rencontr\u00e9es dans le monde\",\"publisher\":{\"@id\":\"https:\\\/\\\/www.meslibellules.fr\\\/blog\\\/#\\\/schema\\\/person\\\/9aa3586f9dd053fcf329f43b8b053c77\"},\"potentialAction\":[{\"@type\":\"SearchAction\",\"target\":{\"@type\":\"EntryPoint\",\"urlTemplate\":\"https:\\\/\\\/www.meslibellules.fr\\\/blog\\\/?s={search_term_string}\"},\"query-input\":{\"@type\":\"PropertyValueSpecification\",\"valueRequired\":true,\"valueName\":\"search_term_string\"}}],\"inLanguage\":\"fr-FR\"},{\"@type\":[\"Person\",\"Organization\"],\"@id\":\"https:\\\/\\\/www.meslibellules.fr\\\/blog\\\/#\\\/schema\\\/person\\\/9aa3586f9dd053fcf329f43b8b053c77\",\"name\":\"Beno\u00eet Guillon\",\"image\":{\"@type\":\"ImageObject\",\"inLanguage\":\"fr-FR\",\"@id\":\"https:\\\/\\\/www.meslibellules.fr\\\/blog\\\/wp-content\\\/uploads\\\/cropped-avatar-150-pix.jpg\",\"url\":\"https:\\\/\\\/www.meslibellules.fr\\\/blog\\\/wp-content\\\/uploads\\\/cropped-avatar-150-pix.jpg\",\"contentUrl\":\"https:\\\/\\\/www.meslibellules.fr\\\/blog\\\/wp-content\\\/uploads\\\/cropped-avatar-150-pix.jpg\",\"width\":150,\"height\":137,\"caption\":\"Beno\u00eet Guillon\"},\"logo\":{\"@id\":\"https:\\\/\\\/www.meslibellules.fr\\\/blog\\\/wp-content\\\/uploads\\\/cropped-avatar-150-pix.jpg\"},\"sameAs\":[\"https:\\\/\\\/www.facebook.com\\\/benoit.guillon.96\\\/\"]}]}<\/script>\n<!-- \/ Yoast SEO plugin. -->","yoast_head_json":{"title":"Libellula quadrimaculata femelle \u00e9mergente 1\/1 - Mes Libellules","robots":{"index":"index","follow":"follow","max-snippet":"max-snippet:-1","max-image-preview":"max-image-preview:large","max-video-preview":"max-video-preview:-1"},"canonical":"https:\/\/www.meslibellules.fr\/blog\/2021\/05\/26\/libellula-quadrimaculata-femelle-emergente-1-1\/","og_locale":"fr_FR","og_type":"article","og_title":"Libellula quadrimaculata femelle \u00e9mergente 1\/1 - Mes Libellules","og_description":"Cette tr\u00e8s jeune femelle vient de faire son vol inaugural, depuis ma petite mare jusqu&rsquo;\u00e0 ces Orangers du Mexique qui en sont \u00e9loign\u00e9s \u00e0 peine de 2 m\u00e8tres. C&rsquo;est un support fr\u00e9quemment adopt\u00e9, car il est \u00e0 l&rsquo;abri du vent et en plein soleil \u00e0 cette heure (13 heures 30). Les ailes brillantes montrent une [&hellip;]","og_url":"https:\/\/www.meslibellules.fr\/blog\/2021\/05\/26\/libellula-quadrimaculata-femelle-emergente-1-1\/","og_site_name":"Mes Libellules","article_publisher":"https:\/\/www.facebook.com\/benoit.guillon.96\/","article_author":"https:\/\/www.facebook.com\/benoit.guillon.96\/","article_published_time":"2021-05-26T17:30:38+00:00","article_modified_time":"2021-05-26T17:43:23+00:00","og_image":[{"url":"https:\/\/www.meslibellules.fr\/blog\/wp-content\/uploads\/libellula-quadrimaculata-femelle-emeregente-1.jpg","type":"","width":"","height":""}],"author":"Beno\u00eet Guillon","twitter_card":"summary_large_image","twitter_misc":{"\u00c9crit par":"Beno\u00eet Guillon","Dur\u00e9e de lecture estim\u00e9e":"2 minutes"},"schema":{"@context":"https:\/\/schema.org","@graph":[{"@type":"Article","@id":"https:\/\/www.meslibellules.fr\/blog\/2021\/05\/26\/libellula-quadrimaculata-femelle-emergente-1-1\/#article","isPartOf":{"@id":"https:\/\/www.meslibellules.fr\/blog\/2021\/05\/26\/libellula-quadrimaculata-femelle-emergente-1-1\/"},"author":{"name":"Beno\u00eet Guillon","@id":"https:\/\/www.meslibellules.fr\/blog\/#\/schema\/person\/9aa3586f9dd053fcf329f43b8b053c77"},"headline":"Libellula quadrimaculata femelle \u00e9mergente 1\/1","datePublished":"2021-05-26T17:30:38+00:00","dateModified":"2021-05-26T17:43:23+00:00","mainEntityOfPage":{"@id":"https:\/\/www.meslibellules.fr\/blog\/2021\/05\/26\/libellula-quadrimaculata-femelle-emergente-1-1\/"},"wordCount":319,"commentCount":0,"publisher":{"@id":"https:\/\/www.meslibellules.fr\/blog\/#\/schema\/person\/9aa3586f9dd053fcf329f43b8b053c77"},"image":{"@id":"https:\/\/www.meslibellules.fr\/blog\/2021\/05\/26\/libellula-quadrimaculata-femelle-emergente-1-1\/#primaryimage"},"thumbnailUrl":"https:\/\/www.meslibellules.fr\/blog\/wp-content\/uploads\/libellula-quadrimaculata-femelle-emeregente-1.jpg","keywords":["Femelle \u00e9mergente","Libellula quadrimaculata","Sacs a\u00e9riens"],"articleSection":["France","Libellula quadrimaculata","Libellulidae"],"inLanguage":"fr-FR","potentialAction":[{"@type":"CommentAction","name":"Comment","target":["https:\/\/www.meslibellules.fr\/blog\/2021\/05\/26\/libellula-quadrimaculata-femelle-emergente-1-1\/#respond"]}]},{"@type":"WebPage","@id":"https:\/\/www.meslibellules.fr\/blog\/2021\/05\/26\/libellula-quadrimaculata-femelle-emergente-1-1\/","url":"https:\/\/www.meslibellules.fr\/blog\/2021\/05\/26\/libellula-quadrimaculata-femelle-emergente-1-1\/","name":"Libellula quadrimaculata femelle \u00e9mergente 1\/1 - Mes Libellules","isPartOf":{"@id":"https:\/\/www.meslibellules.fr\/blog\/#website"},"primaryImageOfPage":{"@id":"https:\/\/www.meslibellules.fr\/blog\/2021\/05\/26\/libellula-quadrimaculata-femelle-emergente-1-1\/#primaryimage"},"image":{"@id":"https:\/\/www.meslibellules.fr\/blog\/2021\/05\/26\/libellula-quadrimaculata-femelle-emergente-1-1\/#primaryimage"},"thumbnailUrl":"https:\/\/www.meslibellules.fr\/blog\/wp-content\/uploads\/libellula-quadrimaculata-femelle-emeregente-1.jpg","datePublished":"2021-05-26T17:30:38+00:00","dateModified":"2021-05-26T17:43:23+00:00","breadcrumb":{"@id":"https:\/\/www.meslibellules.fr\/blog\/2021\/05\/26\/libellula-quadrimaculata-femelle-emergente-1-1\/#breadcrumb"},"inLanguage":"fr-FR","potentialAction":[{"@type":"ReadAction","target":["https:\/\/www.meslibellules.fr\/blog\/2021\/05\/26\/libellula-quadrimaculata-femelle-emergente-1-1\/"]}]},{"@type":"ImageObject","inLanguage":"fr-FR","@id":"https:\/\/www.meslibellules.fr\/blog\/2021\/05\/26\/libellula-quadrimaculata-femelle-emergente-1-1\/#primaryimage","url":"https:\/\/www.meslibellules.fr\/blog\/wp-content\/uploads\/libellula-quadrimaculata-femelle-emeregente-1.jpg","contentUrl":"https:\/\/www.meslibellules.fr\/blog\/wp-content\/uploads\/libellula-quadrimaculata-femelle-emeregente-1.jpg","width":1895,"height":1204,"caption":"Libellula quadrimaculata femelle \u00e9mergente, Beaupr\u00e9au (France-49), 18\/06\/2009"},{"@type":"BreadcrumbList","@id":"https:\/\/www.meslibellules.fr\/blog\/2021\/05\/26\/libellula-quadrimaculata-femelle-emergente-1-1\/#breadcrumb","itemListElement":[{"@type":"ListItem","position":1,"name":"Accueil","item":"https:\/\/www.meslibellules.fr\/blog\/"},{"@type":"ListItem","position":2,"name":"Libellula quadrimaculata femelle \u00e9mergente 1\/1"}]},{"@type":"WebSite","@id":"https:\/\/www.meslibellules.fr\/blog\/#website","url":"https:\/\/www.meslibellules.fr\/blog\/","name":"Mes Libellules","description":"Pr\u00e9sentation des libellules rencontr\u00e9es dans le monde","publisher":{"@id":"https:\/\/www.meslibellules.fr\/blog\/#\/schema\/person\/9aa3586f9dd053fcf329f43b8b053c77"},"potentialAction":[{"@type":"SearchAction","target":{"@type":"EntryPoint","urlTemplate":"https:\/\/www.meslibellules.fr\/blog\/?s={search_term_string}"},"query-input":{"@type":"PropertyValueSpecification","valueRequired":true,"valueName":"search_term_string"}}],"inLanguage":"fr-FR"},{"@type":["Person","Organization"],"@id":"https:\/\/www.meslibellules.fr\/blog\/#\/schema\/person\/9aa3586f9dd053fcf329f43b8b053c77","name":"Beno\u00eet Guillon","image":{"@type":"ImageObject","inLanguage":"fr-FR","@id":"https:\/\/www.meslibellules.fr\/blog\/wp-content\/uploads\/cropped-avatar-150-pix.jpg","url":"https:\/\/www.meslibellules.fr\/blog\/wp-content\/uploads\/cropped-avatar-150-pix.jpg","contentUrl":"https:\/\/www.meslibellules.fr\/blog\/wp-content\/uploads\/cropped-avatar-150-pix.jpg","width":150,"height":137,"caption":"Beno\u00eet Guillon"},"logo":{"@id":"https:\/\/www.meslibellules.fr\/blog\/wp-content\/uploads\/cropped-avatar-150-pix.jpg"},"sameAs":["https:\/\/www.facebook.com\/benoit.guillon.96\/"]}]}},"_links":{"self":[{"href":"https:\/\/www.meslibellules.fr\/blog\/wp-json\/wp\/v2\/posts\/9053","targetHints":{"allow":["GET"]}}],"collection":[{"href":"https:\/\/www.meslibellules.fr\/blog\/wp-json\/wp\/v2\/posts"}],"about":[{"href":"https:\/\/www.meslibellules.fr\/blog\/wp-json\/wp\/v2\/types\/post"}],"author":[{"embeddable":true,"href":"https:\/\/www.meslibellules.fr\/blog\/wp-json\/wp\/v2\/users\/1"}],"replies":[{"embeddable":true,"href":"https:\/\/www.meslibellules.fr\/blog\/wp-json\/wp\/v2\/comments?post=9053"}],"version-history":[{"count":0,"href":"https:\/\/www.meslibellules.fr\/blog\/wp-json\/wp\/v2\/posts\/9053\/revisions"}],"wp:attachment":[{"href":"https:\/\/www.meslibellules.fr\/blog\/wp-json\/wp\/v2\/media?parent=9053"}],"wp:term":[{"taxonomy":"category","embeddable":true,"href":"https:\/\/www.meslibellules.fr\/blog\/wp-json\/wp\/v2\/categories?post=9053"},{"taxonomy":"post_tag","embeddable":true,"href":"https:\/\/www.meslibellules.fr\/blog\/wp-json\/wp\/v2\/tags?post=9053"}],"curies":[{"name":"wp","href":"https:\/\/api.w.org\/{rel}","templated":true}]}}