{"id":9266,"date":"2021-06-29T07:04:23","date_gmt":"2021-06-29T05:04:23","guid":{"rendered":"https:\/\/www.meslibellules.fr\/blog\/?p=9266"},"modified":"2021-06-29T07:04:24","modified_gmt":"2021-06-29T05:04:24","slug":"platycnemis-latipes-femelle-emergente","status":"publish","type":"post","link":"https:\/\/www.meslibellules.fr\/blog\/2021\/06\/29\/platycnemis-latipes-femelle-emergente\/","title":{"rendered":"Platycnemis latipes : femelle \u00e9mergente"},"content":{"rendered":"\n<div class=\"wp-block-image\"><figure class=\"aligncenter size-large is-resized\"><a href=\"https:\/\/www.meslibellules.fr\/blog\/wp-content\/uploads\/platycnemis-latipes-femelle-emergente-1.jpg\"><img decoding=\"async\" data-src=\"https:\/\/www.meslibellules.fr\/blog\/wp-content\/uploads\/platycnemis-latipes-femelle-emergente-1.jpg\" alt=\"Platycnemis latipes femelle \u00e9mergente, Sort-en-Chalosse (France-40), 06\/07\/2020\" class=\"wp-image-9264 lazyload\" width=\"522\" height=\"296\" data-srcset=\"https:\/\/www.meslibellules.fr\/blog\/wp-content\/uploads\/\/platycnemis-latipes-femelle-emergente-1.jpg 1770w, https:\/\/www.meslibellules.fr\/blog\/wp-content\/uploads\/\/platycnemis-latipes-femelle-emergente-1-768x436.jpg 768w, https:\/\/www.meslibellules.fr\/blog\/wp-content\/uploads\/\/platycnemis-latipes-femelle-emergente-1-1536x871.jpg 1536w, https:\/\/www.meslibellules.fr\/blog\/wp-content\/uploads\/\/platycnemis-latipes-femelle-emergente-1-1200x681.jpg 1200w\" data-sizes=\"(max-width: 522px) 100vw, 522px\" src=\"data:image\/svg+xml;base64,PHN2ZyB3aWR0aD0iMSIgaGVpZ2h0PSIxIiB4bWxucz0iaHR0cDovL3d3dy53My5vcmcvMjAwMC9zdmciPjwvc3ZnPg==\" style=\"--smush-placeholder-width: 522px; --smush-placeholder-aspect-ratio: 522\/296;\" \/><\/a><figcaption>Platycnemis latipes femelle \u00e9mergente, Sort-en-Chalosse (France-40), 06\/07\/2020<\/figcaption><\/figure><\/div>\n\n\n\n<p style=\"font-size:15px\">C&rsquo;est au bord du Luy, que j&rsquo;ai observ\u00e9 cette tr\u00e8s jeune femelle dans une de ses premi\u00e8res exhibitions a\u00e9riennes ; je l&rsquo;ai vu se poser mollement devant moi, montant de la rivi\u00e8re en contre-bas, terminant sans doute son premier vol. Elle a toutes caract\u00e9ristiques d&rsquo;un sujet \u00e9mergent, encore peu color\u00e9e, les yeux laiteux et les ailes brillantes. <br>Cependant, les crit\u00e8res d&rsquo;identification sont d\u00e9j\u00e0 pr\u00e9sents : la coloration abdominale se limite aux derniers segments, la ligne inf\u00e9rieure de la double bande ant\u00e9hum\u00e9rale est faiblement marqu\u00e9e et les tibias moyens et post\u00e9rieurs ne montrent qu&rsquo;une tr\u00e8s courte ligne noire sup\u00e9rieure. <br>Il faut toujours se m\u00e9fier de la largeur des tibias :  m\u00eame si parfois ils sont larges de fa\u00e7on \u00e9vidente, ils ne sont pas tr\u00e8s souvent vus parfaitement de profil et apparaissent  parfois aussi \u00e9troits que ceux de P. acutipennis ; il suffit de comparer la largeur respective des tibias moyens droit et gauche sur la photo ci-dessus !<\/p>\n\n\n\n<div class=\"wp-block-image\"><figure class=\"aligncenter size-large is-resized\"><a href=\"https:\/\/www.meslibellules.fr\/blog\/wp-content\/uploads\/platycnemis-latipes-femelle-emergente-2.jpg\"><img decoding=\"async\" data-src=\"https:\/\/www.meslibellules.fr\/blog\/wp-content\/uploads\/platycnemis-latipes-femelle-emergente-2.jpg\" alt=\"Platycnemis latipes femelle \u00e9mergente, Castelnau-de-Montmiral (France-81), 21\/06\/2021\" class=\"wp-image-9265 lazyload\" width=\"562\" height=\"336\" data-srcset=\"https:\/\/www.meslibellules.fr\/blog\/wp-content\/uploads\/\/platycnemis-latipes-femelle-emergente-2.jpg 2007w, https:\/\/www.meslibellules.fr\/blog\/wp-content\/uploads\/\/platycnemis-latipes-femelle-emergente-2-768x461.jpg 768w, https:\/\/www.meslibellules.fr\/blog\/wp-content\/uploads\/\/platycnemis-latipes-femelle-emergente-2-1536x921.jpg 1536w, https:\/\/www.meslibellules.fr\/blog\/wp-content\/uploads\/\/platycnemis-latipes-femelle-emergente-2-1200x720.jpg 1200w\" data-sizes=\"(max-width: 562px) 100vw, 562px\" src=\"data:image\/svg+xml;base64,PHN2ZyB3aWR0aD0iMSIgaGVpZ2h0PSIxIiB4bWxucz0iaHR0cDovL3d3dy53My5vcmcvMjAwMC9zdmciPjwvc3ZnPg==\" style=\"--smush-placeholder-width: 562px; --smush-placeholder-aspect-ratio: 562\/336;\" \/><\/a><figcaption>Platycnemis latipes femelle \u00e9mergente, Castelnau-de-Montmiral (France-81), 21\/06\/2021<\/figcaption><\/figure><\/div>\n\n\n\n<p style=\"font-size:15px\">Pour cette autre femelle au bord d&rsquo;un des \u00e9tangs de la base de loisirs de V\u00e8re-Gr\u00e9signe la ligne inf\u00e9rieure de la double bande ant\u00e9hum\u00e9rale est carr\u00e9ment absente, ou plut\u00f4t <em>encore<\/em> absente. Je ne suis pas un sp\u00e9cialiste de l&rsquo;esp\u00e8ce qui n&rsquo;est pas pr\u00e9sente dans la r\u00e9gion o\u00f9 j&rsquo;habite, mais je n&rsquo;ai jamais lu qu&rsquo;elle pouvait \u00eatre compl\u00e8tement absente pour une adulte. D&rsquo;ailleurs elle est tr\u00e8s peu color\u00e9e et son abdomen ne porte presque aucune marque sombre.<br>C&rsquo;est une femelle malicieuse qui fait croire que son large tibia post\u00e9rieur porte une longue ligne sombre verticale : il n&rsquo;en est rien, et on le constate en agrandissant l&rsquo;image qu&rsquo;il s&rsquo;agit de la superposition des pattes gauche et droite.<br>Encore une fois on peut comparer la largeur relative des tibias moyens droit et gauche.<\/p>\n\n\n\n\n\n<figure class=\"wp-block-image size-large is-resized\"><a href=\"http:\/\/www.meslibellules.fr\/pagesweb\/plactycnemididae\/latipes\/platycnemis-latipes-accueil.php\"><img decoding=\"async\" data-src=\"https:\/\/www.meslibellules.fr\/blog\/wp-content\/uploads\/retour.gif\" alt=\"\" class=\"wp-image-8468 lazyload\" width=\"100\" height=\"20\" src=\"data:image\/svg+xml;base64,PHN2ZyB3aWR0aD0iMSIgaGVpZ2h0PSIxIiB4bWxucz0iaHR0cDovL3d3dy53My5vcmcvMjAwMC9zdmciPjwvc3ZnPg==\" style=\"--smush-placeholder-width: 100px; --smush-placeholder-aspect-ratio: 100\/20;\" \/><\/a><\/figure>\n","protected":false},"excerpt":{"rendered":"<p>C&rsquo;est au bord du Luy, que j&rsquo;ai observ\u00e9 cette tr\u00e8s jeune femelle dans une de ses premi\u00e8res exhibitions a\u00e9riennes ; je l&rsquo;ai vu se poser mollement devant moi, montant de la rivi\u00e8re en contre-bas, terminant sans doute son premier vol. Elle a toutes caract\u00e9ristiques d&rsquo;un sujet \u00e9mergent, encore peu color\u00e9e, les yeux laiteux et les [&hellip;]<\/p>\n","protected":false},"author":1,"featured_media":0,"comment_status":"open","ping_status":"open","sticky":false,"template":"","format":"image","meta":{"site-sidebar-layout":"default","site-content-layout":"","ast-site-content-layout":"default","site-content-style":"default","site-sidebar-style":"default","ast-global-header-display":"","ast-banner-title-visibility":"","ast-main-header-display":"","ast-hfb-above-header-display":"","ast-hfb-below-header-display":"","ast-hfb-mobile-header-display":"","site-post-title":"","ast-breadcrumbs-content":"","ast-featured-img":"","footer-sml-layout":"","ast-disable-related-posts":"","theme-transparent-header-meta":"","adv-header-id-meta":"","stick-header-meta":"","header-above-stick-meta":"","header-main-stick-meta":"","header-below-stick-meta":"","astra-migrate-meta-layouts":"default","ast-page-background-enabled":"default","ast-page-background-meta":{"desktop":{"background-color":"var(--ast-global-color-4)","background-image":"","background-repeat":"repeat","background-position":"center center","background-size":"auto","background-attachment":"scroll","background-type":"","background-media":"","overlay-type":"","overlay-color":"","overlay-opacity":"","overlay-gradient":""},"tablet":{"background-color":"","background-image":"","background-repeat":"repeat","background-position":"center center","background-size":"auto","background-attachment":"scroll","background-type":"","background-media":"","overlay-type":"","overlay-color":"","overlay-opacity":"","overlay-gradient":""},"mobile":{"background-color":"","background-image":"","background-repeat":"repeat","background-position":"center center","background-size":"auto","background-attachment":"scroll","background-type":"","background-media":"","overlay-type":"","overlay-color":"","overlay-opacity":"","overlay-gradient":""}},"ast-content-background-meta":{"desktop":{"background-color":"var(--ast-global-color-5)","background-image":"","background-repeat":"repeat","background-position":"center center","background-size":"auto","background-attachment":"scroll","background-type":"","background-media":"","overlay-type":"","overlay-color":"","overlay-opacity":"","overlay-gradient":""},"tablet":{"background-color":"var(--ast-global-color-5)","background-image":"","background-repeat":"repeat","background-position":"center center","background-size":"auto","background-attachment":"scroll","background-type":"","background-media":"","overlay-type":"","overlay-color":"","overlay-opacity":"","overlay-gradient":""},"mobile":{"background-color":"var(--ast-global-color-5)","background-image":"","background-repeat":"repeat","background-position":"center center","background-size":"auto","background-attachment":"scroll","background-type":"","background-media":"","overlay-type":"","overlay-color":"","overlay-opacity":"","overlay-gradient":""}},"footnotes":""},"categories":[55,106,348],"tags":[594,603],"class_list":["post-9266","post","type-post","status-publish","format-image","hentry","category-france","category-platycnemididae-france","category-platycnemis-latipes","tag-femelle-emergente","tag-platycnemis-latipes","post_format-post-format-image"],"yoast_head":"<!-- This site is optimized with the Yoast SEO plugin v27.5 - https:\/\/yoast.com\/product\/yoast-seo-wordpress\/ -->\n<title>Platycnemis latipes : femelle \u00e9mergente - Mes Libellules<\/title>\n<meta name=\"robots\" content=\"index, follow, max-snippet:-1, max-image-preview:large, max-video-preview:-1\" \/>\n<link rel=\"canonical\" href=\"https:\/\/www.meslibellules.fr\/blog\/2021\/06\/29\/platycnemis-latipes-femelle-emergente\/\" \/>\n<meta property=\"og:locale\" content=\"fr_FR\" \/>\n<meta property=\"og:type\" content=\"article\" \/>\n<meta property=\"og:title\" content=\"Platycnemis latipes : femelle \u00e9mergente - Mes Libellules\" \/>\n<meta property=\"og:description\" content=\"C&rsquo;est au bord du Luy, que j&rsquo;ai observ\u00e9 cette tr\u00e8s jeune femelle dans une de ses premi\u00e8res exhibitions a\u00e9riennes ; je l&rsquo;ai vu se poser mollement devant moi, montant de la rivi\u00e8re en contre-bas, terminant sans doute son premier vol. Elle a toutes caract\u00e9ristiques d&rsquo;un sujet \u00e9mergent, encore peu color\u00e9e, les yeux laiteux et les [&hellip;]\" \/>\n<meta property=\"og:url\" content=\"https:\/\/www.meslibellules.fr\/blog\/2021\/06\/29\/platycnemis-latipes-femelle-emergente\/\" \/>\n<meta property=\"og:site_name\" content=\"Mes Libellules\" \/>\n<meta property=\"article:publisher\" content=\"https:\/\/www.facebook.com\/benoit.guillon.96\/\" \/>\n<meta property=\"article:author\" content=\"https:\/\/www.facebook.com\/benoit.guillon.96\/\" \/>\n<meta property=\"article:published_time\" content=\"2021-06-29T05:04:23+00:00\" \/>\n<meta property=\"article:modified_time\" content=\"2021-06-29T05:04:24+00:00\" \/>\n<meta property=\"og:image\" content=\"https:\/\/www.meslibellules.fr\/blog\/wp-content\/uploads\/platycnemis-latipes-femelle-emergente-1.jpg\" \/>\n<meta name=\"author\" content=\"Beno\u00eet Guillon\" \/>\n<meta name=\"twitter:card\" content=\"summary_large_image\" \/>\n<meta name=\"twitter:label1\" content=\"\u00c9crit par\" \/>\n\t<meta name=\"twitter:data1\" content=\"Beno\u00eet Guillon\" \/>\n\t<meta name=\"twitter:label2\" content=\"Dur\u00e9e de lecture estim\u00e9e\" \/>\n\t<meta name=\"twitter:data2\" content=\"2 minutes\" \/>\n<script type=\"application\/ld+json\" class=\"yoast-schema-graph\">{\"@context\":\"https:\\\/\\\/schema.org\",\"@graph\":[{\"@type\":\"Article\",\"@id\":\"https:\\\/\\\/www.meslibellules.fr\\\/blog\\\/2021\\\/06\\\/29\\\/platycnemis-latipes-femelle-emergente\\\/#article\",\"isPartOf\":{\"@id\":\"https:\\\/\\\/www.meslibellules.fr\\\/blog\\\/2021\\\/06\\\/29\\\/platycnemis-latipes-femelle-emergente\\\/\"},\"author\":{\"name\":\"Beno\u00eet Guillon\",\"@id\":\"https:\\\/\\\/www.meslibellules.fr\\\/blog\\\/#\\\/schema\\\/person\\\/9aa3586f9dd053fcf329f43b8b053c77\"},\"headline\":\"Platycnemis latipes : femelle \u00e9mergente\",\"datePublished\":\"2021-06-29T05:04:23+00:00\",\"dateModified\":\"2021-06-29T05:04:24+00:00\",\"mainEntityOfPage\":{\"@id\":\"https:\\\/\\\/www.meslibellules.fr\\\/blog\\\/2021\\\/06\\\/29\\\/platycnemis-latipes-femelle-emergente\\\/\"},\"wordCount\":351,\"commentCount\":0,\"publisher\":{\"@id\":\"https:\\\/\\\/www.meslibellules.fr\\\/blog\\\/#\\\/schema\\\/person\\\/9aa3586f9dd053fcf329f43b8b053c77\"},\"image\":{\"@id\":\"https:\\\/\\\/www.meslibellules.fr\\\/blog\\\/2021\\\/06\\\/29\\\/platycnemis-latipes-femelle-emergente\\\/#primaryimage\"},\"thumbnailUrl\":\"https:\\\/\\\/www.meslibellules.fr\\\/blog\\\/wp-content\\\/uploads\\\/platycnemis-latipes-femelle-emergente-1.jpg\",\"keywords\":[\"Femelle \u00e9mergente\",\"Platycnemis latipes\"],\"articleSection\":[\"France\",\"Platycnemididae\",\"Platycnemis latipes\"],\"inLanguage\":\"fr-FR\",\"potentialAction\":[{\"@type\":\"CommentAction\",\"name\":\"Comment\",\"target\":[\"https:\\\/\\\/www.meslibellules.fr\\\/blog\\\/2021\\\/06\\\/29\\\/platycnemis-latipes-femelle-emergente\\\/#respond\"]}]},{\"@type\":\"WebPage\",\"@id\":\"https:\\\/\\\/www.meslibellules.fr\\\/blog\\\/2021\\\/06\\\/29\\\/platycnemis-latipes-femelle-emergente\\\/\",\"url\":\"https:\\\/\\\/www.meslibellules.fr\\\/blog\\\/2021\\\/06\\\/29\\\/platycnemis-latipes-femelle-emergente\\\/\",\"name\":\"Platycnemis latipes : femelle \u00e9mergente - Mes Libellules\",\"isPartOf\":{\"@id\":\"https:\\\/\\\/www.meslibellules.fr\\\/blog\\\/#website\"},\"primaryImageOfPage\":{\"@id\":\"https:\\\/\\\/www.meslibellules.fr\\\/blog\\\/2021\\\/06\\\/29\\\/platycnemis-latipes-femelle-emergente\\\/#primaryimage\"},\"image\":{\"@id\":\"https:\\\/\\\/www.meslibellules.fr\\\/blog\\\/2021\\\/06\\\/29\\\/platycnemis-latipes-femelle-emergente\\\/#primaryimage\"},\"thumbnailUrl\":\"https:\\\/\\\/www.meslibellules.fr\\\/blog\\\/wp-content\\\/uploads\\\/platycnemis-latipes-femelle-emergente-1.jpg\",\"datePublished\":\"2021-06-29T05:04:23+00:00\",\"dateModified\":\"2021-06-29T05:04:24+00:00\",\"breadcrumb\":{\"@id\":\"https:\\\/\\\/www.meslibellules.fr\\\/blog\\\/2021\\\/06\\\/29\\\/platycnemis-latipes-femelle-emergente\\\/#breadcrumb\"},\"inLanguage\":\"fr-FR\",\"potentialAction\":[{\"@type\":\"ReadAction\",\"target\":[\"https:\\\/\\\/www.meslibellules.fr\\\/blog\\\/2021\\\/06\\\/29\\\/platycnemis-latipes-femelle-emergente\\\/\"]}]},{\"@type\":\"ImageObject\",\"inLanguage\":\"fr-FR\",\"@id\":\"https:\\\/\\\/www.meslibellules.fr\\\/blog\\\/2021\\\/06\\\/29\\\/platycnemis-latipes-femelle-emergente\\\/#primaryimage\",\"url\":\"https:\\\/\\\/www.meslibellules.fr\\\/blog\\\/wp-content\\\/uploads\\\/platycnemis-latipes-femelle-emergente-1.jpg\",\"contentUrl\":\"https:\\\/\\\/www.meslibellules.fr\\\/blog\\\/wp-content\\\/uploads\\\/platycnemis-latipes-femelle-emergente-1.jpg\",\"width\":1770,\"height\":1004,\"caption\":\"Platycnemis latipes femelle \u00e9mergente, Sort-en-Chalosse (France-40), 06\\\/07\\\/2020\"},{\"@type\":\"BreadcrumbList\",\"@id\":\"https:\\\/\\\/www.meslibellules.fr\\\/blog\\\/2021\\\/06\\\/29\\\/platycnemis-latipes-femelle-emergente\\\/#breadcrumb\",\"itemListElement\":[{\"@type\":\"ListItem\",\"position\":1,\"name\":\"Accueil\",\"item\":\"https:\\\/\\\/www.meslibellules.fr\\\/blog\\\/\"},{\"@type\":\"ListItem\",\"position\":2,\"name\":\"Platycnemis latipes : femelle \u00e9mergente\"}]},{\"@type\":\"WebSite\",\"@id\":\"https:\\\/\\\/www.meslibellules.fr\\\/blog\\\/#website\",\"url\":\"https:\\\/\\\/www.meslibellules.fr\\\/blog\\\/\",\"name\":\"Mes Libellules\",\"description\":\"Pr\u00e9sentation des libellules rencontr\u00e9es dans le monde\",\"publisher\":{\"@id\":\"https:\\\/\\\/www.meslibellules.fr\\\/blog\\\/#\\\/schema\\\/person\\\/9aa3586f9dd053fcf329f43b8b053c77\"},\"potentialAction\":[{\"@type\":\"SearchAction\",\"target\":{\"@type\":\"EntryPoint\",\"urlTemplate\":\"https:\\\/\\\/www.meslibellules.fr\\\/blog\\\/?s={search_term_string}\"},\"query-input\":{\"@type\":\"PropertyValueSpecification\",\"valueRequired\":true,\"valueName\":\"search_term_string\"}}],\"inLanguage\":\"fr-FR\"},{\"@type\":[\"Person\",\"Organization\"],\"@id\":\"https:\\\/\\\/www.meslibellules.fr\\\/blog\\\/#\\\/schema\\\/person\\\/9aa3586f9dd053fcf329f43b8b053c77\",\"name\":\"Beno\u00eet Guillon\",\"image\":{\"@type\":\"ImageObject\",\"inLanguage\":\"fr-FR\",\"@id\":\"https:\\\/\\\/www.meslibellules.fr\\\/blog\\\/wp-content\\\/uploads\\\/cropped-avatar-150-pix.jpg\",\"url\":\"https:\\\/\\\/www.meslibellules.fr\\\/blog\\\/wp-content\\\/uploads\\\/cropped-avatar-150-pix.jpg\",\"contentUrl\":\"https:\\\/\\\/www.meslibellules.fr\\\/blog\\\/wp-content\\\/uploads\\\/cropped-avatar-150-pix.jpg\",\"width\":150,\"height\":137,\"caption\":\"Beno\u00eet Guillon\"},\"logo\":{\"@id\":\"https:\\\/\\\/www.meslibellules.fr\\\/blog\\\/wp-content\\\/uploads\\\/cropped-avatar-150-pix.jpg\"},\"sameAs\":[\"https:\\\/\\\/www.facebook.com\\\/benoit.guillon.96\\\/\"]}]}<\/script>\n<!-- \/ Yoast SEO plugin. -->","yoast_head_json":{"title":"Platycnemis latipes : femelle \u00e9mergente - Mes Libellules","robots":{"index":"index","follow":"follow","max-snippet":"max-snippet:-1","max-image-preview":"max-image-preview:large","max-video-preview":"max-video-preview:-1"},"canonical":"https:\/\/www.meslibellules.fr\/blog\/2021\/06\/29\/platycnemis-latipes-femelle-emergente\/","og_locale":"fr_FR","og_type":"article","og_title":"Platycnemis latipes : femelle \u00e9mergente - Mes Libellules","og_description":"C&rsquo;est au bord du Luy, que j&rsquo;ai observ\u00e9 cette tr\u00e8s jeune femelle dans une de ses premi\u00e8res exhibitions a\u00e9riennes ; je l&rsquo;ai vu se poser mollement devant moi, montant de la rivi\u00e8re en contre-bas, terminant sans doute son premier vol. Elle a toutes caract\u00e9ristiques d&rsquo;un sujet \u00e9mergent, encore peu color\u00e9e, les yeux laiteux et les [&hellip;]","og_url":"https:\/\/www.meslibellules.fr\/blog\/2021\/06\/29\/platycnemis-latipes-femelle-emergente\/","og_site_name":"Mes Libellules","article_publisher":"https:\/\/www.facebook.com\/benoit.guillon.96\/","article_author":"https:\/\/www.facebook.com\/benoit.guillon.96\/","article_published_time":"2021-06-29T05:04:23+00:00","article_modified_time":"2021-06-29T05:04:24+00:00","og_image":[{"url":"https:\/\/www.meslibellules.fr\/blog\/wp-content\/uploads\/platycnemis-latipes-femelle-emergente-1.jpg","type":"","width":"","height":""}],"author":"Beno\u00eet Guillon","twitter_card":"summary_large_image","twitter_misc":{"\u00c9crit par":"Beno\u00eet Guillon","Dur\u00e9e de lecture estim\u00e9e":"2 minutes"},"schema":{"@context":"https:\/\/schema.org","@graph":[{"@type":"Article","@id":"https:\/\/www.meslibellules.fr\/blog\/2021\/06\/29\/platycnemis-latipes-femelle-emergente\/#article","isPartOf":{"@id":"https:\/\/www.meslibellules.fr\/blog\/2021\/06\/29\/platycnemis-latipes-femelle-emergente\/"},"author":{"name":"Beno\u00eet Guillon","@id":"https:\/\/www.meslibellules.fr\/blog\/#\/schema\/person\/9aa3586f9dd053fcf329f43b8b053c77"},"headline":"Platycnemis latipes : femelle \u00e9mergente","datePublished":"2021-06-29T05:04:23+00:00","dateModified":"2021-06-29T05:04:24+00:00","mainEntityOfPage":{"@id":"https:\/\/www.meslibellules.fr\/blog\/2021\/06\/29\/platycnemis-latipes-femelle-emergente\/"},"wordCount":351,"commentCount":0,"publisher":{"@id":"https:\/\/www.meslibellules.fr\/blog\/#\/schema\/person\/9aa3586f9dd053fcf329f43b8b053c77"},"image":{"@id":"https:\/\/www.meslibellules.fr\/blog\/2021\/06\/29\/platycnemis-latipes-femelle-emergente\/#primaryimage"},"thumbnailUrl":"https:\/\/www.meslibellules.fr\/blog\/wp-content\/uploads\/platycnemis-latipes-femelle-emergente-1.jpg","keywords":["Femelle \u00e9mergente","Platycnemis latipes"],"articleSection":["France","Platycnemididae","Platycnemis latipes"],"inLanguage":"fr-FR","potentialAction":[{"@type":"CommentAction","name":"Comment","target":["https:\/\/www.meslibellules.fr\/blog\/2021\/06\/29\/platycnemis-latipes-femelle-emergente\/#respond"]}]},{"@type":"WebPage","@id":"https:\/\/www.meslibellules.fr\/blog\/2021\/06\/29\/platycnemis-latipes-femelle-emergente\/","url":"https:\/\/www.meslibellules.fr\/blog\/2021\/06\/29\/platycnemis-latipes-femelle-emergente\/","name":"Platycnemis latipes : femelle \u00e9mergente - Mes Libellules","isPartOf":{"@id":"https:\/\/www.meslibellules.fr\/blog\/#website"},"primaryImageOfPage":{"@id":"https:\/\/www.meslibellules.fr\/blog\/2021\/06\/29\/platycnemis-latipes-femelle-emergente\/#primaryimage"},"image":{"@id":"https:\/\/www.meslibellules.fr\/blog\/2021\/06\/29\/platycnemis-latipes-femelle-emergente\/#primaryimage"},"thumbnailUrl":"https:\/\/www.meslibellules.fr\/blog\/wp-content\/uploads\/platycnemis-latipes-femelle-emergente-1.jpg","datePublished":"2021-06-29T05:04:23+00:00","dateModified":"2021-06-29T05:04:24+00:00","breadcrumb":{"@id":"https:\/\/www.meslibellules.fr\/blog\/2021\/06\/29\/platycnemis-latipes-femelle-emergente\/#breadcrumb"},"inLanguage":"fr-FR","potentialAction":[{"@type":"ReadAction","target":["https:\/\/www.meslibellules.fr\/blog\/2021\/06\/29\/platycnemis-latipes-femelle-emergente\/"]}]},{"@type":"ImageObject","inLanguage":"fr-FR","@id":"https:\/\/www.meslibellules.fr\/blog\/2021\/06\/29\/platycnemis-latipes-femelle-emergente\/#primaryimage","url":"https:\/\/www.meslibellules.fr\/blog\/wp-content\/uploads\/platycnemis-latipes-femelle-emergente-1.jpg","contentUrl":"https:\/\/www.meslibellules.fr\/blog\/wp-content\/uploads\/platycnemis-latipes-femelle-emergente-1.jpg","width":1770,"height":1004,"caption":"Platycnemis latipes femelle \u00e9mergente, Sort-en-Chalosse (France-40), 06\/07\/2020"},{"@type":"BreadcrumbList","@id":"https:\/\/www.meslibellules.fr\/blog\/2021\/06\/29\/platycnemis-latipes-femelle-emergente\/#breadcrumb","itemListElement":[{"@type":"ListItem","position":1,"name":"Accueil","item":"https:\/\/www.meslibellules.fr\/blog\/"},{"@type":"ListItem","position":2,"name":"Platycnemis latipes : femelle \u00e9mergente"}]},{"@type":"WebSite","@id":"https:\/\/www.meslibellules.fr\/blog\/#website","url":"https:\/\/www.meslibellules.fr\/blog\/","name":"Mes Libellules","description":"Pr\u00e9sentation des libellules rencontr\u00e9es dans le monde","publisher":{"@id":"https:\/\/www.meslibellules.fr\/blog\/#\/schema\/person\/9aa3586f9dd053fcf329f43b8b053c77"},"potentialAction":[{"@type":"SearchAction","target":{"@type":"EntryPoint","urlTemplate":"https:\/\/www.meslibellules.fr\/blog\/?s={search_term_string}"},"query-input":{"@type":"PropertyValueSpecification","valueRequired":true,"valueName":"search_term_string"}}],"inLanguage":"fr-FR"},{"@type":["Person","Organization"],"@id":"https:\/\/www.meslibellules.fr\/blog\/#\/schema\/person\/9aa3586f9dd053fcf329f43b8b053c77","name":"Beno\u00eet Guillon","image":{"@type":"ImageObject","inLanguage":"fr-FR","@id":"https:\/\/www.meslibellules.fr\/blog\/wp-content\/uploads\/cropped-avatar-150-pix.jpg","url":"https:\/\/www.meslibellules.fr\/blog\/wp-content\/uploads\/cropped-avatar-150-pix.jpg","contentUrl":"https:\/\/www.meslibellules.fr\/blog\/wp-content\/uploads\/cropped-avatar-150-pix.jpg","width":150,"height":137,"caption":"Beno\u00eet Guillon"},"logo":{"@id":"https:\/\/www.meslibellules.fr\/blog\/wp-content\/uploads\/cropped-avatar-150-pix.jpg"},"sameAs":["https:\/\/www.facebook.com\/benoit.guillon.96\/"]}]}},"_links":{"self":[{"href":"https:\/\/www.meslibellules.fr\/blog\/wp-json\/wp\/v2\/posts\/9266","targetHints":{"allow":["GET"]}}],"collection":[{"href":"https:\/\/www.meslibellules.fr\/blog\/wp-json\/wp\/v2\/posts"}],"about":[{"href":"https:\/\/www.meslibellules.fr\/blog\/wp-json\/wp\/v2\/types\/post"}],"author":[{"embeddable":true,"href":"https:\/\/www.meslibellules.fr\/blog\/wp-json\/wp\/v2\/users\/1"}],"replies":[{"embeddable":true,"href":"https:\/\/www.meslibellules.fr\/blog\/wp-json\/wp\/v2\/comments?post=9266"}],"version-history":[{"count":0,"href":"https:\/\/www.meslibellules.fr\/blog\/wp-json\/wp\/v2\/posts\/9266\/revisions"}],"wp:attachment":[{"href":"https:\/\/www.meslibellules.fr\/blog\/wp-json\/wp\/v2\/media?parent=9266"}],"wp:term":[{"taxonomy":"category","embeddable":true,"href":"https:\/\/www.meslibellules.fr\/blog\/wp-json\/wp\/v2\/categories?post=9266"},{"taxonomy":"post_tag","embeddable":true,"href":"https:\/\/www.meslibellules.fr\/blog\/wp-json\/wp\/v2\/tags?post=9266"}],"curies":[{"name":"wp","href":"https:\/\/api.w.org\/{rel}","templated":true}]}}