{"id":9277,"date":"2021-06-30T17:15:50","date_gmt":"2021-06-30T15:15:50","guid":{"rendered":"https:\/\/www.meslibellules.fr\/blog\/?p=9277"},"modified":"2025-03-05T22:45:56","modified_gmt":"2025-03-05T21:45:56","slug":"lestes-virens-curiosite-2","status":"publish","type":"post","link":"https:\/\/www.meslibellules.fr\/blog\/2021\/06\/30\/lestes-virens-curiosite-2\/","title":{"rendered":"Lestes virens : curiosit\u00e9 1\/2"},"content":{"rendered":"\n<figure class=\"wp-block-image aligncenter size-large is-resized\"><a href=\"https:\/\/www.meslibellules.fr\/blog\/wp-content\/uploads\/lestes-virens-curiosite.jpg\"><img decoding=\"async\" width=\"1403\" height=\"1004\" data-src=\"https:\/\/www.meslibellules.fr\/blog\/wp-content\/uploads\/lestes-virens-curiosite.jpg\" alt=\"Lestes virens m\u00e2le portant un \u0153uf, Le Fuilet (France-49), 31\/08\/2009\" class=\"wp-image-9275 lazyload\" style=\"--smush-placeholder-width: 1403px; --smush-placeholder-aspect-ratio: 1403\/1004;width:466px;height:333px\" data-srcset=\"https:\/\/www.meslibellules.fr\/blog\/wp-content\/uploads\/\/lestes-virens-curiosite.jpg 1403w, https:\/\/www.meslibellules.fr\/blog\/wp-content\/uploads\/\/lestes-virens-curiosite-768x550.jpg 768w, https:\/\/www.meslibellules.fr\/blog\/wp-content\/uploads\/\/lestes-virens-curiosite-1200x859.jpg 1200w\" data-sizes=\"(max-width: 1403px) 100vw, 1403px\" src=\"data:image\/svg+xml;base64,PHN2ZyB3aWR0aD0iMSIgaGVpZ2h0PSIxIiB4bWxucz0iaHR0cDovL3d3dy53My5vcmcvMjAwMC9zdmciPjwvc3ZnPg==\" \/><\/a><figcaption class=\"wp-element-caption\">Lestes virens m\u00e2le portant un \u0153uf, Le Fuilet (France-49), 31\/08\/2009<\/figcaption><\/figure>\n\n\n\n<p style=\"font-size:15px\">Je ne me suis aper\u00e7u de la bizarrerie de ce m\u00e2le que sur l&rsquo;ordinateur, trop tard pour faire d&rsquo;autres photos, notamment pour essayer de m&rsquo;en approcher. J&rsquo;ai laiss\u00e9 cette photo  dormir des ann\u00e9es sans avoir r\u00e9alis\u00e9 ce qu&rsquo;elle pouvait avoir d&rsquo;int\u00e9ressant.<br>Je n&rsquo;avais pas compris \u00e0 l&rsquo;\u00e9poque qu&rsquo;il s&rsquo;agissait tr\u00e8s certainement d&rsquo;un \u0153uf, qui s&rsquo;est coll\u00e9 l\u00e0 lors d&rsquo;un accouplement. Les femelles L. virens pondent en principe <a href=\"http:\/\/www.meslibellules.fr\/pagesweb\/lestidae\/virens\/lestes-virens-ponte-3\/lestes-virens-ponte-5big.jpg\">en couple<\/a>, mais il leur arrive \u00e9galement de pondre en <a href=\"http:\/\/www.meslibellules.fr\/images\/lestes\/lestevirens\/ponte2\/grosplanseule_big.jpg\">solitaire<\/a>. Il est tout \u00e0 fait possible que ce m\u00e2le ait captur\u00e9 une femelle en ponte pour s&rsquo;accoupler avec elle et que lors de l&rsquo;appariement des pi\u00e8ces copulatrices un \u0153uf pr\u00eat \u00e0 \u00eatre pondu se soit \u00e9chapp\u00e9 de l&rsquo;ovipositeur. On sait m\u00eame que des conditions de stress extr\u00eames peuvent provoquer la ponte chez les odonates.<\/p>\n\n\n\n<figure class=\"wp-block-image aligncenter size-large\"><a href=\"https:\/\/www.meslibellules.fr\/blog\/wp-content\/uploads\/lestes-virens-curiosite-2.jpg\"><img decoding=\"async\" width=\"399\" height=\"274\" data-src=\"https:\/\/www.meslibellules.fr\/blog\/wp-content\/uploads\/lestes-virens-curiosite-2.jpg\" alt=\"Lestes virens m\u00e2le portant un \u0153uf, Le Fuilet (France-49), 31\/08\/2009\" class=\"wp-image-9276 lazyload\" src=\"data:image\/svg+xml;base64,PHN2ZyB3aWR0aD0iMSIgaGVpZ2h0PSIxIiB4bWxucz0iaHR0cDovL3d3dy53My5vcmcvMjAwMC9zdmciPjwvc3ZnPg==\" style=\"--smush-placeholder-width: 399px; --smush-placeholder-aspect-ratio: 399\/274;\" \/><\/a><figcaption class=\"wp-element-caption\">Lestes virens m\u00e2le portant un \u0153uf, Le Fuilet (France-49), 31\/08\/2009<\/figcaption><\/figure>\n\n\n\n<p style=\"font-size:15px\">J&rsquo;ai mesur\u00e9 la taille de cet objet et j&rsquo;en suis arriv\u00e9 \u00e0 environ 1.5 mm. Je n&rsquo;ai pas trouv\u00e9 la taille des \u0153ufs de Lestes virens, mais ceux d&rsquo;une esp\u00e8ce proche et voisine en taille, Lestes sponsa,  font 1.4 mm (1), ce qui rend la supposition tout \u00e0 fait cr\u00e9dible.<\/p>\n\n\n\n\n\n<p class=\"has-small-font-size\">-1- Paul Robert, Les Libellules, 1958.<\/p>\n\n\n\n<figure class=\"wp-block-image size-large is-resized\"><a href=\"https:\/\/www.meslibellules.fr\/pagesweb\/lestidae\/virens\/lestes-virens-accueil.php\"><img decoding=\"async\" width=\"100\" height=\"20\" data-src=\"https:\/\/www.meslibellules.fr\/blog\/wp-content\/uploads\/retour.gif\" alt=\"\" class=\"wp-image-8468 lazyload\" style=\"--smush-placeholder-width: 100px; --smush-placeholder-aspect-ratio: 100\/20;width:100px;height:20px\" src=\"data:image\/svg+xml;base64,PHN2ZyB3aWR0aD0iMSIgaGVpZ2h0PSIxIiB4bWxucz0iaHR0cDovL3d3dy53My5vcmcvMjAwMC9zdmciPjwvc3ZnPg==\" \/><\/a><\/figure>\n\n\n\n<figure class=\"wp-block-image size-full\"><a href=\"https:\/\/www.meslibellules.fr\/blog\/2021\/06\/29\/lestes-virens-curiosite\/\"><img decoding=\"async\" width=\"100\" height=\"20\" data-src=\"https:\/\/www.meslibellules.fr\/blog\/wp-content\/uploads\/suite-2.gif\" alt=\"\" class=\"wp-image-8097 lazyload\" src=\"data:image\/svg+xml;base64,PHN2ZyB3aWR0aD0iMSIgaGVpZ2h0PSIxIiB4bWxucz0iaHR0cDovL3d3dy53My5vcmcvMjAwMC9zdmciPjwvc3ZnPg==\" style=\"--smush-placeholder-width: 100px; --smush-placeholder-aspect-ratio: 100\/20;\" \/><\/a><\/figure>\n","protected":false},"excerpt":{"rendered":"<p>Je ne me suis aper\u00e7u de la bizarrerie de ce m\u00e2le que sur l&rsquo;ordinateur, trop tard pour faire d&rsquo;autres photos, notamment pour essayer de m&rsquo;en approcher. J&rsquo;ai laiss\u00e9 cette photo dormir des ann\u00e9es sans avoir r\u00e9alis\u00e9 ce qu&rsquo;elle pouvait avoir d&rsquo;int\u00e9ressant.Je n&rsquo;avais pas compris \u00e0 l&rsquo;\u00e9poque qu&rsquo;il s&rsquo;agissait tr\u00e8s certainement d&rsquo;un \u0153uf, qui s&rsquo;est coll\u00e9 [&hellip;]<\/p>\n","protected":false},"author":1,"featured_media":0,"comment_status":"open","ping_status":"open","sticky":false,"template":"","format":"image","meta":{"site-sidebar-layout":"default","site-content-layout":"","ast-site-content-layout":"default","site-content-style":"default","site-sidebar-style":"default","ast-global-header-display":"","ast-banner-title-visibility":"","ast-main-header-display":"","ast-hfb-above-header-display":"","ast-hfb-below-header-display":"","ast-hfb-mobile-header-display":"","site-post-title":"","ast-breadcrumbs-content":"","ast-featured-img":"","footer-sml-layout":"","ast-disable-related-posts":"","theme-transparent-header-meta":"","adv-header-id-meta":"","stick-header-meta":"","header-above-stick-meta":"","header-main-stick-meta":"","header-below-stick-meta":"","astra-migrate-meta-layouts":"set","ast-page-background-enabled":"default","ast-page-background-meta":{"desktop":{"background-color":"var(--ast-global-color-4)","background-image":"","background-repeat":"repeat","background-position":"center center","background-size":"auto","background-attachment":"scroll","background-type":"","background-media":"","overlay-type":"","overlay-color":"","overlay-opacity":"","overlay-gradient":""},"tablet":{"background-color":"","background-image":"","background-repeat":"repeat","background-position":"center center","background-size":"auto","background-attachment":"scroll","background-type":"","background-media":"","overlay-type":"","overlay-color":"","overlay-opacity":"","overlay-gradient":""},"mobile":{"background-color":"","background-image":"","background-repeat":"repeat","background-position":"center center","background-size":"auto","background-attachment":"scroll","background-type":"","background-media":"","overlay-type":"","overlay-color":"","overlay-opacity":"","overlay-gradient":""}},"ast-content-background-meta":{"desktop":{"background-color":"var(--ast-global-color-5)","background-image":"","background-repeat":"repeat","background-position":"center center","background-size":"auto","background-attachment":"scroll","background-type":"","background-media":"","overlay-type":"","overlay-color":"","overlay-opacity":"","overlay-gradient":""},"tablet":{"background-color":"var(--ast-global-color-5)","background-image":"","background-repeat":"repeat","background-position":"center center","background-size":"auto","background-attachment":"scroll","background-type":"","background-media":"","overlay-type":"","overlay-color":"","overlay-opacity":"","overlay-gradient":""},"mobile":{"background-color":"var(--ast-global-color-5)","background-image":"","background-repeat":"repeat","background-position":"center center","background-size":"auto","background-attachment":"scroll","background-type":"","background-media":"","overlay-type":"","overlay-color":"","overlay-opacity":"","overlay-gradient":""}},"footnotes":""},"categories":[55,519,90],"tags":[340,518],"class_list":["post-9277","post","type-post","status-publish","format-image","hentry","category-france","category-lestes-virens","category-lestidae-france","tag-curiosite","tag-lestes-virens","post_format-post-format-image"],"yoast_head":"<!-- This site is optimized with the Yoast SEO plugin v27.5 - https:\/\/yoast.com\/product\/yoast-seo-wordpress\/ -->\n<title>Lestes virens : curiosit\u00e9 1\/2 - Mes Libellules<\/title>\n<meta name=\"robots\" content=\"index, follow, max-snippet:-1, max-image-preview:large, max-video-preview:-1\" \/>\n<link rel=\"canonical\" href=\"https:\/\/www.meslibellules.fr\/blog\/2021\/06\/30\/lestes-virens-curiosite-2\/\" \/>\n<meta property=\"og:locale\" content=\"fr_FR\" \/>\n<meta property=\"og:type\" content=\"article\" \/>\n<meta property=\"og:title\" content=\"Lestes virens : curiosit\u00e9 1\/2 - Mes Libellules\" \/>\n<meta property=\"og:description\" content=\"Je ne me suis aper\u00e7u de la bizarrerie de ce m\u00e2le que sur l&rsquo;ordinateur, trop tard pour faire d&rsquo;autres photos, notamment pour essayer de m&rsquo;en approcher. J&rsquo;ai laiss\u00e9 cette photo dormir des ann\u00e9es sans avoir r\u00e9alis\u00e9 ce qu&rsquo;elle pouvait avoir d&rsquo;int\u00e9ressant.Je n&rsquo;avais pas compris \u00e0 l&rsquo;\u00e9poque qu&rsquo;il s&rsquo;agissait tr\u00e8s certainement d&rsquo;un \u0153uf, qui s&rsquo;est coll\u00e9 [&hellip;]\" \/>\n<meta property=\"og:url\" content=\"https:\/\/www.meslibellules.fr\/blog\/2021\/06\/30\/lestes-virens-curiosite-2\/\" \/>\n<meta property=\"og:site_name\" content=\"Mes Libellules\" \/>\n<meta property=\"article:publisher\" content=\"https:\/\/www.facebook.com\/benoit.guillon.96\/\" \/>\n<meta property=\"article:author\" content=\"https:\/\/www.facebook.com\/benoit.guillon.96\/\" \/>\n<meta property=\"article:published_time\" content=\"2021-06-30T15:15:50+00:00\" \/>\n<meta property=\"article:modified_time\" content=\"2025-03-05T21:45:56+00:00\" \/>\n<meta property=\"og:image\" content=\"https:\/\/www.meslibellules.fr\/blog\/wp-content\/uploads\/lestes-virens-curiosite.jpg\" \/>\n\t<meta property=\"og:image:width\" content=\"1403\" \/>\n\t<meta property=\"og:image:height\" content=\"1004\" \/>\n\t<meta property=\"og:image:type\" content=\"image\/jpeg\" \/>\n<meta name=\"author\" content=\"Beno\u00eet Guillon\" \/>\n<meta name=\"twitter:card\" content=\"summary_large_image\" \/>\n<meta name=\"twitter:label1\" content=\"\u00c9crit par\" \/>\n\t<meta name=\"twitter:data1\" content=\"Beno\u00eet Guillon\" \/>\n\t<meta name=\"twitter:label2\" content=\"Dur\u00e9e de lecture estim\u00e9e\" \/>\n\t<meta name=\"twitter:data2\" content=\"4 minutes\" \/>\n<script type=\"application\/ld+json\" class=\"yoast-schema-graph\">{\"@context\":\"https:\\\/\\\/schema.org\",\"@graph\":[{\"@type\":\"Article\",\"@id\":\"https:\\\/\\\/www.meslibellules.fr\\\/blog\\\/2021\\\/06\\\/30\\\/lestes-virens-curiosite-2\\\/#article\",\"isPartOf\":{\"@id\":\"https:\\\/\\\/www.meslibellules.fr\\\/blog\\\/2021\\\/06\\\/30\\\/lestes-virens-curiosite-2\\\/\"},\"author\":{\"name\":\"Beno\u00eet Guillon\",\"@id\":\"https:\\\/\\\/www.meslibellules.fr\\\/blog\\\/#\\\/schema\\\/person\\\/9aa3586f9dd053fcf329f43b8b053c77\"},\"headline\":\"Lestes virens : curiosit\u00e9 1\\\/2\",\"datePublished\":\"2021-06-30T15:15:50+00:00\",\"dateModified\":\"2025-03-05T21:45:56+00:00\",\"mainEntityOfPage\":{\"@id\":\"https:\\\/\\\/www.meslibellules.fr\\\/blog\\\/2021\\\/06\\\/30\\\/lestes-virens-curiosite-2\\\/\"},\"wordCount\":236,\"commentCount\":0,\"publisher\":{\"@id\":\"https:\\\/\\\/www.meslibellules.fr\\\/blog\\\/#\\\/schema\\\/person\\\/9aa3586f9dd053fcf329f43b8b053c77\"},\"image\":{\"@id\":\"https:\\\/\\\/www.meslibellules.fr\\\/blog\\\/2021\\\/06\\\/30\\\/lestes-virens-curiosite-2\\\/#primaryimage\"},\"thumbnailUrl\":\"https:\\\/\\\/www.meslibellules.fr\\\/blog\\\/wp-content\\\/uploads\\\/lestes-virens-curiosite.jpg\",\"keywords\":[\"Curiosit\u00e9\",\"Lestes virens\"],\"articleSection\":[\"France\",\"Lestes virens\",\"Lestidae\"],\"inLanguage\":\"fr-FR\",\"potentialAction\":[{\"@type\":\"CommentAction\",\"name\":\"Comment\",\"target\":[\"https:\\\/\\\/www.meslibellules.fr\\\/blog\\\/2021\\\/06\\\/30\\\/lestes-virens-curiosite-2\\\/#respond\"]}]},{\"@type\":\"WebPage\",\"@id\":\"https:\\\/\\\/www.meslibellules.fr\\\/blog\\\/2021\\\/06\\\/30\\\/lestes-virens-curiosite-2\\\/\",\"url\":\"https:\\\/\\\/www.meslibellules.fr\\\/blog\\\/2021\\\/06\\\/30\\\/lestes-virens-curiosite-2\\\/\",\"name\":\"Lestes virens : curiosit\u00e9 1\\\/2 - Mes Libellules\",\"isPartOf\":{\"@id\":\"https:\\\/\\\/www.meslibellules.fr\\\/blog\\\/#website\"},\"primaryImageOfPage\":{\"@id\":\"https:\\\/\\\/www.meslibellules.fr\\\/blog\\\/2021\\\/06\\\/30\\\/lestes-virens-curiosite-2\\\/#primaryimage\"},\"image\":{\"@id\":\"https:\\\/\\\/www.meslibellules.fr\\\/blog\\\/2021\\\/06\\\/30\\\/lestes-virens-curiosite-2\\\/#primaryimage\"},\"thumbnailUrl\":\"https:\\\/\\\/www.meslibellules.fr\\\/blog\\\/wp-content\\\/uploads\\\/lestes-virens-curiosite.jpg\",\"datePublished\":\"2021-06-30T15:15:50+00:00\",\"dateModified\":\"2025-03-05T21:45:56+00:00\",\"breadcrumb\":{\"@id\":\"https:\\\/\\\/www.meslibellules.fr\\\/blog\\\/2021\\\/06\\\/30\\\/lestes-virens-curiosite-2\\\/#breadcrumb\"},\"inLanguage\":\"fr-FR\",\"potentialAction\":[{\"@type\":\"ReadAction\",\"target\":[\"https:\\\/\\\/www.meslibellules.fr\\\/blog\\\/2021\\\/06\\\/30\\\/lestes-virens-curiosite-2\\\/\"]}]},{\"@type\":\"ImageObject\",\"inLanguage\":\"fr-FR\",\"@id\":\"https:\\\/\\\/www.meslibellules.fr\\\/blog\\\/2021\\\/06\\\/30\\\/lestes-virens-curiosite-2\\\/#primaryimage\",\"url\":\"https:\\\/\\\/www.meslibellules.fr\\\/blog\\\/wp-content\\\/uploads\\\/lestes-virens-curiosite.jpg\",\"contentUrl\":\"https:\\\/\\\/www.meslibellules.fr\\\/blog\\\/wp-content\\\/uploads\\\/lestes-virens-curiosite.jpg\",\"width\":1403,\"height\":1004,\"caption\":\"Lestes virens m\u00e2le portant un \u0153uf, Le Fuilet (France-49), 31\\\/08\\\/2009\"},{\"@type\":\"BreadcrumbList\",\"@id\":\"https:\\\/\\\/www.meslibellules.fr\\\/blog\\\/2021\\\/06\\\/30\\\/lestes-virens-curiosite-2\\\/#breadcrumb\",\"itemListElement\":[{\"@type\":\"ListItem\",\"position\":1,\"name\":\"Accueil\",\"item\":\"https:\\\/\\\/www.meslibellules.fr\\\/blog\\\/\"},{\"@type\":\"ListItem\",\"position\":2,\"name\":\"Lestes virens : curiosit\u00e9 1\\\/2\"}]},{\"@type\":\"WebSite\",\"@id\":\"https:\\\/\\\/www.meslibellules.fr\\\/blog\\\/#website\",\"url\":\"https:\\\/\\\/www.meslibellules.fr\\\/blog\\\/\",\"name\":\"Mes Libellules\",\"description\":\"Pr\u00e9sentation des libellules rencontr\u00e9es dans le monde\",\"publisher\":{\"@id\":\"https:\\\/\\\/www.meslibellules.fr\\\/blog\\\/#\\\/schema\\\/person\\\/9aa3586f9dd053fcf329f43b8b053c77\"},\"potentialAction\":[{\"@type\":\"SearchAction\",\"target\":{\"@type\":\"EntryPoint\",\"urlTemplate\":\"https:\\\/\\\/www.meslibellules.fr\\\/blog\\\/?s={search_term_string}\"},\"query-input\":{\"@type\":\"PropertyValueSpecification\",\"valueRequired\":true,\"valueName\":\"search_term_string\"}}],\"inLanguage\":\"fr-FR\"},{\"@type\":[\"Person\",\"Organization\"],\"@id\":\"https:\\\/\\\/www.meslibellules.fr\\\/blog\\\/#\\\/schema\\\/person\\\/9aa3586f9dd053fcf329f43b8b053c77\",\"name\":\"Beno\u00eet Guillon\",\"image\":{\"@type\":\"ImageObject\",\"inLanguage\":\"fr-FR\",\"@id\":\"https:\\\/\\\/www.meslibellules.fr\\\/blog\\\/wp-content\\\/uploads\\\/cropped-avatar-150-pix.jpg\",\"url\":\"https:\\\/\\\/www.meslibellules.fr\\\/blog\\\/wp-content\\\/uploads\\\/cropped-avatar-150-pix.jpg\",\"contentUrl\":\"https:\\\/\\\/www.meslibellules.fr\\\/blog\\\/wp-content\\\/uploads\\\/cropped-avatar-150-pix.jpg\",\"width\":150,\"height\":137,\"caption\":\"Beno\u00eet Guillon\"},\"logo\":{\"@id\":\"https:\\\/\\\/www.meslibellules.fr\\\/blog\\\/wp-content\\\/uploads\\\/cropped-avatar-150-pix.jpg\"},\"sameAs\":[\"https:\\\/\\\/www.facebook.com\\\/benoit.guillon.96\\\/\"]}]}<\/script>\n<!-- \/ Yoast SEO plugin. -->","yoast_head_json":{"title":"Lestes virens : curiosit\u00e9 1\/2 - Mes Libellules","robots":{"index":"index","follow":"follow","max-snippet":"max-snippet:-1","max-image-preview":"max-image-preview:large","max-video-preview":"max-video-preview:-1"},"canonical":"https:\/\/www.meslibellules.fr\/blog\/2021\/06\/30\/lestes-virens-curiosite-2\/","og_locale":"fr_FR","og_type":"article","og_title":"Lestes virens : curiosit\u00e9 1\/2 - Mes Libellules","og_description":"Je ne me suis aper\u00e7u de la bizarrerie de ce m\u00e2le que sur l&rsquo;ordinateur, trop tard pour faire d&rsquo;autres photos, notamment pour essayer de m&rsquo;en approcher. J&rsquo;ai laiss\u00e9 cette photo dormir des ann\u00e9es sans avoir r\u00e9alis\u00e9 ce qu&rsquo;elle pouvait avoir d&rsquo;int\u00e9ressant.Je n&rsquo;avais pas compris \u00e0 l&rsquo;\u00e9poque qu&rsquo;il s&rsquo;agissait tr\u00e8s certainement d&rsquo;un \u0153uf, qui s&rsquo;est coll\u00e9 [&hellip;]","og_url":"https:\/\/www.meslibellules.fr\/blog\/2021\/06\/30\/lestes-virens-curiosite-2\/","og_site_name":"Mes Libellules","article_publisher":"https:\/\/www.facebook.com\/benoit.guillon.96\/","article_author":"https:\/\/www.facebook.com\/benoit.guillon.96\/","article_published_time":"2021-06-30T15:15:50+00:00","article_modified_time":"2025-03-05T21:45:56+00:00","og_image":[{"width":1403,"height":1004,"url":"https:\/\/www.meslibellules.fr\/blog\/wp-content\/uploads\/lestes-virens-curiosite.jpg","type":"image\/jpeg"}],"author":"Beno\u00eet Guillon","twitter_card":"summary_large_image","twitter_misc":{"\u00c9crit par":"Beno\u00eet Guillon","Dur\u00e9e de lecture estim\u00e9e":"4 minutes"},"schema":{"@context":"https:\/\/schema.org","@graph":[{"@type":"Article","@id":"https:\/\/www.meslibellules.fr\/blog\/2021\/06\/30\/lestes-virens-curiosite-2\/#article","isPartOf":{"@id":"https:\/\/www.meslibellules.fr\/blog\/2021\/06\/30\/lestes-virens-curiosite-2\/"},"author":{"name":"Beno\u00eet Guillon","@id":"https:\/\/www.meslibellules.fr\/blog\/#\/schema\/person\/9aa3586f9dd053fcf329f43b8b053c77"},"headline":"Lestes virens : curiosit\u00e9 1\/2","datePublished":"2021-06-30T15:15:50+00:00","dateModified":"2025-03-05T21:45:56+00:00","mainEntityOfPage":{"@id":"https:\/\/www.meslibellules.fr\/blog\/2021\/06\/30\/lestes-virens-curiosite-2\/"},"wordCount":236,"commentCount":0,"publisher":{"@id":"https:\/\/www.meslibellules.fr\/blog\/#\/schema\/person\/9aa3586f9dd053fcf329f43b8b053c77"},"image":{"@id":"https:\/\/www.meslibellules.fr\/blog\/2021\/06\/30\/lestes-virens-curiosite-2\/#primaryimage"},"thumbnailUrl":"https:\/\/www.meslibellules.fr\/blog\/wp-content\/uploads\/lestes-virens-curiosite.jpg","keywords":["Curiosit\u00e9","Lestes virens"],"articleSection":["France","Lestes virens","Lestidae"],"inLanguage":"fr-FR","potentialAction":[{"@type":"CommentAction","name":"Comment","target":["https:\/\/www.meslibellules.fr\/blog\/2021\/06\/30\/lestes-virens-curiosite-2\/#respond"]}]},{"@type":"WebPage","@id":"https:\/\/www.meslibellules.fr\/blog\/2021\/06\/30\/lestes-virens-curiosite-2\/","url":"https:\/\/www.meslibellules.fr\/blog\/2021\/06\/30\/lestes-virens-curiosite-2\/","name":"Lestes virens : curiosit\u00e9 1\/2 - Mes Libellules","isPartOf":{"@id":"https:\/\/www.meslibellules.fr\/blog\/#website"},"primaryImageOfPage":{"@id":"https:\/\/www.meslibellules.fr\/blog\/2021\/06\/30\/lestes-virens-curiosite-2\/#primaryimage"},"image":{"@id":"https:\/\/www.meslibellules.fr\/blog\/2021\/06\/30\/lestes-virens-curiosite-2\/#primaryimage"},"thumbnailUrl":"https:\/\/www.meslibellules.fr\/blog\/wp-content\/uploads\/lestes-virens-curiosite.jpg","datePublished":"2021-06-30T15:15:50+00:00","dateModified":"2025-03-05T21:45:56+00:00","breadcrumb":{"@id":"https:\/\/www.meslibellules.fr\/blog\/2021\/06\/30\/lestes-virens-curiosite-2\/#breadcrumb"},"inLanguage":"fr-FR","potentialAction":[{"@type":"ReadAction","target":["https:\/\/www.meslibellules.fr\/blog\/2021\/06\/30\/lestes-virens-curiosite-2\/"]}]},{"@type":"ImageObject","inLanguage":"fr-FR","@id":"https:\/\/www.meslibellules.fr\/blog\/2021\/06\/30\/lestes-virens-curiosite-2\/#primaryimage","url":"https:\/\/www.meslibellules.fr\/blog\/wp-content\/uploads\/lestes-virens-curiosite.jpg","contentUrl":"https:\/\/www.meslibellules.fr\/blog\/wp-content\/uploads\/lestes-virens-curiosite.jpg","width":1403,"height":1004,"caption":"Lestes virens m\u00e2le portant un \u0153uf, Le Fuilet (France-49), 31\/08\/2009"},{"@type":"BreadcrumbList","@id":"https:\/\/www.meslibellules.fr\/blog\/2021\/06\/30\/lestes-virens-curiosite-2\/#breadcrumb","itemListElement":[{"@type":"ListItem","position":1,"name":"Accueil","item":"https:\/\/www.meslibellules.fr\/blog\/"},{"@type":"ListItem","position":2,"name":"Lestes virens : curiosit\u00e9 1\/2"}]},{"@type":"WebSite","@id":"https:\/\/www.meslibellules.fr\/blog\/#website","url":"https:\/\/www.meslibellules.fr\/blog\/","name":"Mes Libellules","description":"Pr\u00e9sentation des libellules rencontr\u00e9es dans le monde","publisher":{"@id":"https:\/\/www.meslibellules.fr\/blog\/#\/schema\/person\/9aa3586f9dd053fcf329f43b8b053c77"},"potentialAction":[{"@type":"SearchAction","target":{"@type":"EntryPoint","urlTemplate":"https:\/\/www.meslibellules.fr\/blog\/?s={search_term_string}"},"query-input":{"@type":"PropertyValueSpecification","valueRequired":true,"valueName":"search_term_string"}}],"inLanguage":"fr-FR"},{"@type":["Person","Organization"],"@id":"https:\/\/www.meslibellules.fr\/blog\/#\/schema\/person\/9aa3586f9dd053fcf329f43b8b053c77","name":"Beno\u00eet Guillon","image":{"@type":"ImageObject","inLanguage":"fr-FR","@id":"https:\/\/www.meslibellules.fr\/blog\/wp-content\/uploads\/cropped-avatar-150-pix.jpg","url":"https:\/\/www.meslibellules.fr\/blog\/wp-content\/uploads\/cropped-avatar-150-pix.jpg","contentUrl":"https:\/\/www.meslibellules.fr\/blog\/wp-content\/uploads\/cropped-avatar-150-pix.jpg","width":150,"height":137,"caption":"Beno\u00eet Guillon"},"logo":{"@id":"https:\/\/www.meslibellules.fr\/blog\/wp-content\/uploads\/cropped-avatar-150-pix.jpg"},"sameAs":["https:\/\/www.facebook.com\/benoit.guillon.96\/"]}]}},"_links":{"self":[{"href":"https:\/\/www.meslibellules.fr\/blog\/wp-json\/wp\/v2\/posts\/9277","targetHints":{"allow":["GET"]}}],"collection":[{"href":"https:\/\/www.meslibellules.fr\/blog\/wp-json\/wp\/v2\/posts"}],"about":[{"href":"https:\/\/www.meslibellules.fr\/blog\/wp-json\/wp\/v2\/types\/post"}],"author":[{"embeddable":true,"href":"https:\/\/www.meslibellules.fr\/blog\/wp-json\/wp\/v2\/users\/1"}],"replies":[{"embeddable":true,"href":"https:\/\/www.meslibellules.fr\/blog\/wp-json\/wp\/v2\/comments?post=9277"}],"version-history":[{"count":1,"href":"https:\/\/www.meslibellules.fr\/blog\/wp-json\/wp\/v2\/posts\/9277\/revisions"}],"predecessor-version":[{"id":24021,"href":"https:\/\/www.meslibellules.fr\/blog\/wp-json\/wp\/v2\/posts\/9277\/revisions\/24021"}],"wp:attachment":[{"href":"https:\/\/www.meslibellules.fr\/blog\/wp-json\/wp\/v2\/media?parent=9277"}],"wp:term":[{"taxonomy":"category","embeddable":true,"href":"https:\/\/www.meslibellules.fr\/blog\/wp-json\/wp\/v2\/categories?post=9277"},{"taxonomy":"post_tag","embeddable":true,"href":"https:\/\/www.meslibellules.fr\/blog\/wp-json\/wp\/v2\/tags?post=9277"}],"curies":[{"name":"wp","href":"https:\/\/api.w.org\/{rel}","templated":true}]}}