{"id":9280,"date":"2021-06-29T19:21:30","date_gmt":"2021-06-29T17:21:30","guid":{"rendered":"https:\/\/www.meslibellules.fr\/blog\/?p=9280"},"modified":"2025-03-05T22:46:43","modified_gmt":"2025-03-05T21:46:43","slug":"lestes-virens-curiosite","status":"publish","type":"post","link":"https:\/\/www.meslibellules.fr\/blog\/2021\/06\/29\/lestes-virens-curiosite\/","title":{"rendered":"Lestes virens : curiosit\u00e9 2\/2"},"content":{"rendered":"\n<figure class=\"wp-block-image aligncenter size-large is-resized\"><a href=\"https:\/\/www.meslibellules.fr\/blog\/wp-content\/uploads\/trio-lestes-virens-ischnura-elegans.jpg\"><img decoding=\"async\" width=\"1180\" height=\"1204\" data-src=\"https:\/\/www.meslibellules.fr\/blog\/wp-content\/uploads\/trio-lestes-virens-ischnura-elegans.jpg\" alt=\"\" class=\"wp-image-9279 lazyload\" style=\"--smush-placeholder-width: 1180px; --smush-placeholder-aspect-ratio: 1180\/1204;width:388px;height:395px\" data-srcset=\"https:\/\/www.meslibellules.fr\/blog\/wp-content\/uploads\/\/trio-lestes-virens-ischnura-elegans.jpg 1180w, https:\/\/www.meslibellules.fr\/blog\/wp-content\/uploads\/\/trio-lestes-virens-ischnura-elegans-768x784.jpg 768w\" data-sizes=\"(max-width: 1180px) 100vw, 1180px\" src=\"data:image\/svg+xml;base64,PHN2ZyB3aWR0aD0iMSIgaGVpZ2h0PSIxIiB4bWxucz0iaHR0cDovL3d3dy53My5vcmcvMjAwMC9zdmciPjwvc3ZnPg==\" \/><\/a><figcaption class=\"wp-element-caption\">Lestes virens m\u00e2le capturant un couple d&rsquo;Ischnura elegans, le Fuilet (France-49), 31\/08\/2009<\/figcaption><\/figure>\n\n\n\n<p style=\"font-size:15px\">C&rsquo;est au bord d&rsquo;une ancienne argili\u00e8re que j&rsquo;ai surpris ce trio se d\u00e9pla\u00e7ant maladroitement de touffes de joncs en touffes de jonc ; je n&rsquo;ai eu que quelques secondes pour faire trois photos identiques, avant que l&rsquo;ensemble ne traverse la mare pour aller se poser  hors de ma vue.<br>On se demande ce qui peut pousser un m\u00e2le Lestes virens \u00e0 capturer un couple d&rsquo;Ischnura elegans <em>in copula<\/em> en cramponnant le m\u00e2le comme il attrape normalement les femelles de son esp\u00e8ce ? L&rsquo;explication scientifique actuellement en vogue est qu&rsquo;il est parfois plus \u00e9conomique sur le plan \u00e9nerg\u00e9tique,  pour le m\u00e2le, de capturer d&rsquo;abord et de <em>r\u00e9fl\u00e9chir<\/em> ensuite, surtout dans un environnement pauvre en femelles de sa propre esp\u00e8ce, o\u00f9 il pourrait passer des dizaines de minutes ou plus, sur les ailes, \u00e0 explorer les lieux. Et il est vrai que les femelles Lestes virens sont rarement vues (par les humains en tout cas) dans ma r\u00e9gion, et que j&rsquo;en ai tr\u00e8s peu en photo, en dehors des accouplements et des pontes.<br><br>Personnellement cette explication me laisse r\u00eaveur quand de nombreux  articles scientifiques insistent sur l&rsquo;exceptionnelle vision des odonates &#8230;<br>Si des lecteurs ont une autre explication, je serais tr\u00e8s int\u00e9ress\u00e9.<\/p>\n\n\n\n\n\n\n\n<figure class=\"wp-block-image size-large\"><a href=\"https:\/\/www.meslibellules.fr\/blog\/2021\/06\/30\/lestes-virens-curiosite-2\/\"><img decoding=\"async\" width=\"100\" height=\"20\" data-src=\"https:\/\/www.meslibellules.fr\/blog\/wp-content\/uploads\/retour.gif\" alt=\"\" class=\"wp-image-8468 lazyload\" src=\"data:image\/svg+xml;base64,PHN2ZyB3aWR0aD0iMSIgaGVpZ2h0PSIxIiB4bWxucz0iaHR0cDovL3d3dy53My5vcmcvMjAwMC9zdmciPjwvc3ZnPg==\" style=\"--smush-placeholder-width: 100px; --smush-placeholder-aspect-ratio: 100\/20;\" \/><\/a><\/figure>\n\n\n\n<figure class=\"wp-block-image size-large\"><a href=\"https:\/\/www.meslibellules.fr\/pagesweb\/lestidae\/virens\/lestes-virens-accueil.php\"><img decoding=\"async\" width=\"100\" height=\"20\" data-src=\"https:\/\/www.meslibellules.fr\/blog\/wp-content\/uploads\/accueil_lvirens.gif\" alt=\"\" class=\"wp-image-9089 lazyload\" src=\"data:image\/svg+xml;base64,PHN2ZyB3aWR0aD0iMSIgaGVpZ2h0PSIxIiB4bWxucz0iaHR0cDovL3d3dy53My5vcmcvMjAwMC9zdmciPjwvc3ZnPg==\" style=\"--smush-placeholder-width: 100px; --smush-placeholder-aspect-ratio: 100\/20;\" \/><\/a><\/figure>\n","protected":false},"excerpt":{"rendered":"<p>C&rsquo;est au bord d&rsquo;une ancienne argili\u00e8re que j&rsquo;ai surpris ce trio se d\u00e9pla\u00e7ant maladroitement de touffes de joncs en touffes de jonc ; je n&rsquo;ai eu que quelques secondes pour faire trois photos identiques, avant que l&rsquo;ensemble ne traverse la mare pour aller se poser hors de ma vue.On se demande ce qui peut pousser [&hellip;]<\/p>\n","protected":false},"author":1,"featured_media":0,"comment_status":"open","ping_status":"open","sticky":false,"template":"","format":"image","meta":{"site-sidebar-layout":"default","site-content-layout":"","ast-site-content-layout":"default","site-content-style":"default","site-sidebar-style":"default","ast-global-header-display":"","ast-banner-title-visibility":"","ast-main-header-display":"","ast-hfb-above-header-display":"","ast-hfb-below-header-display":"","ast-hfb-mobile-header-display":"","site-post-title":"","ast-breadcrumbs-content":"","ast-featured-img":"","footer-sml-layout":"","ast-disable-related-posts":"","theme-transparent-header-meta":"","adv-header-id-meta":"","stick-header-meta":"","header-above-stick-meta":"","header-main-stick-meta":"","header-below-stick-meta":"","astra-migrate-meta-layouts":"set","ast-page-background-enabled":"default","ast-page-background-meta":{"desktop":{"background-color":"var(--ast-global-color-4)","background-image":"","background-repeat":"repeat","background-position":"center center","background-size":"auto","background-attachment":"scroll","background-type":"","background-media":"","overlay-type":"","overlay-color":"","overlay-opacity":"","overlay-gradient":""},"tablet":{"background-color":"","background-image":"","background-repeat":"repeat","background-position":"center center","background-size":"auto","background-attachment":"scroll","background-type":"","background-media":"","overlay-type":"","overlay-color":"","overlay-opacity":"","overlay-gradient":""},"mobile":{"background-color":"","background-image":"","background-repeat":"repeat","background-position":"center center","background-size":"auto","background-attachment":"scroll","background-type":"","background-media":"","overlay-type":"","overlay-color":"","overlay-opacity":"","overlay-gradient":""}},"ast-content-background-meta":{"desktop":{"background-color":"var(--ast-global-color-5)","background-image":"","background-repeat":"repeat","background-position":"center center","background-size":"auto","background-attachment":"scroll","background-type":"","background-media":"","overlay-type":"","overlay-color":"","overlay-opacity":"","overlay-gradient":""},"tablet":{"background-color":"var(--ast-global-color-5)","background-image":"","background-repeat":"repeat","background-position":"center center","background-size":"auto","background-attachment":"scroll","background-type":"","background-media":"","overlay-type":"","overlay-color":"","overlay-opacity":"","overlay-gradient":""},"mobile":{"background-color":"var(--ast-global-color-5)","background-image":"","background-repeat":"repeat","background-position":"center center","background-size":"auto","background-attachment":"scroll","background-type":"","background-media":"","overlay-type":"","overlay-color":"","overlay-opacity":"","overlay-gradient":""}},"footnotes":""},"categories":[375,55,519,90],"tags":[340,518],"class_list":["post-9280","post","type-post","status-publish","format-image","hentry","category-curiosite","category-france","category-lestes-virens","category-lestidae-france","tag-curiosite","tag-lestes-virens","post_format-post-format-image"],"yoast_head":"<!-- This site is optimized with the Yoast SEO plugin v27.4 - https:\/\/yoast.com\/product\/yoast-seo-wordpress\/ -->\n<title>Lestes virens : curiosit\u00e9 2\/2 - Mes Libellules<\/title>\n<meta name=\"robots\" content=\"index, follow, max-snippet:-1, max-image-preview:large, max-video-preview:-1\" \/>\n<link rel=\"canonical\" href=\"https:\/\/www.meslibellules.fr\/blog\/2021\/06\/29\/lestes-virens-curiosite\/\" \/>\n<meta property=\"og:locale\" content=\"fr_FR\" \/>\n<meta property=\"og:type\" content=\"article\" \/>\n<meta property=\"og:title\" content=\"Lestes virens : curiosit\u00e9 2\/2 - Mes Libellules\" \/>\n<meta property=\"og:description\" content=\"C&rsquo;est au bord d&rsquo;une ancienne argili\u00e8re que j&rsquo;ai surpris ce trio se d\u00e9pla\u00e7ant maladroitement de touffes de joncs en touffes de jonc ; je n&rsquo;ai eu que quelques secondes pour faire trois photos identiques, avant que l&rsquo;ensemble ne traverse la mare pour aller se poser hors de ma vue.On se demande ce qui peut pousser [&hellip;]\" \/>\n<meta property=\"og:url\" content=\"https:\/\/www.meslibellules.fr\/blog\/2021\/06\/29\/lestes-virens-curiosite\/\" \/>\n<meta property=\"og:site_name\" content=\"Mes Libellules\" \/>\n<meta property=\"article:publisher\" content=\"https:\/\/www.facebook.com\/benoit.guillon.96\/\" \/>\n<meta property=\"article:author\" content=\"https:\/\/www.facebook.com\/benoit.guillon.96\/\" \/>\n<meta property=\"article:published_time\" content=\"2021-06-29T17:21:30+00:00\" \/>\n<meta property=\"article:modified_time\" content=\"2025-03-05T21:46:43+00:00\" \/>\n<meta property=\"og:image\" content=\"https:\/\/www.meslibellules.fr\/blog\/wp-content\/uploads\/trio-lestes-virens-ischnura-elegans.jpg\" \/>\n\t<meta property=\"og:image:width\" content=\"1180\" \/>\n\t<meta property=\"og:image:height\" content=\"1204\" \/>\n\t<meta property=\"og:image:type\" content=\"image\/jpeg\" \/>\n<meta name=\"author\" content=\"Beno\u00eet Guillon\" \/>\n<meta name=\"twitter:card\" content=\"summary_large_image\" \/>\n<meta name=\"twitter:label1\" content=\"\u00c9crit par\" \/>\n\t<meta name=\"twitter:data1\" content=\"Beno\u00eet Guillon\" \/>\n\t<meta name=\"twitter:label2\" content=\"Dur\u00e9e de lecture estim\u00e9e\" \/>\n\t<meta name=\"twitter:data2\" content=\"6 minutes\" \/>\n<script type=\"application\/ld+json\" class=\"yoast-schema-graph\">{\"@context\":\"https:\\\/\\\/schema.org\",\"@graph\":[{\"@type\":\"Article\",\"@id\":\"https:\\\/\\\/www.meslibellules.fr\\\/blog\\\/2021\\\/06\\\/29\\\/lestes-virens-curiosite\\\/#article\",\"isPartOf\":{\"@id\":\"https:\\\/\\\/www.meslibellules.fr\\\/blog\\\/2021\\\/06\\\/29\\\/lestes-virens-curiosite\\\/\"},\"author\":{\"name\":\"Beno\u00eet Guillon\",\"@id\":\"https:\\\/\\\/www.meslibellules.fr\\\/blog\\\/#\\\/schema\\\/person\\\/9aa3586f9dd053fcf329f43b8b053c77\"},\"headline\":\"Lestes virens : curiosit\u00e9 2\\\/2\",\"datePublished\":\"2021-06-29T17:21:30+00:00\",\"dateModified\":\"2025-03-05T21:46:43+00:00\",\"mainEntityOfPage\":{\"@id\":\"https:\\\/\\\/www.meslibellules.fr\\\/blog\\\/2021\\\/06\\\/29\\\/lestes-virens-curiosite\\\/\"},\"wordCount\":238,\"commentCount\":1,\"publisher\":{\"@id\":\"https:\\\/\\\/www.meslibellules.fr\\\/blog\\\/#\\\/schema\\\/person\\\/9aa3586f9dd053fcf329f43b8b053c77\"},\"image\":{\"@id\":\"https:\\\/\\\/www.meslibellules.fr\\\/blog\\\/2021\\\/06\\\/29\\\/lestes-virens-curiosite\\\/#primaryimage\"},\"thumbnailUrl\":\"https:\\\/\\\/www.meslibellules.fr\\\/blog\\\/wp-content\\\/uploads\\\/trio-lestes-virens-ischnura-elegans.jpg\",\"keywords\":[\"Curiosit\u00e9\",\"Lestes virens\"],\"articleSection\":[\"Curiosit\u00e9\",\"France\",\"Lestes virens\",\"Lestidae\"],\"inLanguage\":\"fr-FR\",\"potentialAction\":[{\"@type\":\"CommentAction\",\"name\":\"Comment\",\"target\":[\"https:\\\/\\\/www.meslibellules.fr\\\/blog\\\/2021\\\/06\\\/29\\\/lestes-virens-curiosite\\\/#respond\"]}]},{\"@type\":\"WebPage\",\"@id\":\"https:\\\/\\\/www.meslibellules.fr\\\/blog\\\/2021\\\/06\\\/29\\\/lestes-virens-curiosite\\\/\",\"url\":\"https:\\\/\\\/www.meslibellules.fr\\\/blog\\\/2021\\\/06\\\/29\\\/lestes-virens-curiosite\\\/\",\"name\":\"Lestes virens : curiosit\u00e9 2\\\/2 - Mes Libellules\",\"isPartOf\":{\"@id\":\"https:\\\/\\\/www.meslibellules.fr\\\/blog\\\/#website\"},\"primaryImageOfPage\":{\"@id\":\"https:\\\/\\\/www.meslibellules.fr\\\/blog\\\/2021\\\/06\\\/29\\\/lestes-virens-curiosite\\\/#primaryimage\"},\"image\":{\"@id\":\"https:\\\/\\\/www.meslibellules.fr\\\/blog\\\/2021\\\/06\\\/29\\\/lestes-virens-curiosite\\\/#primaryimage\"},\"thumbnailUrl\":\"https:\\\/\\\/www.meslibellules.fr\\\/blog\\\/wp-content\\\/uploads\\\/trio-lestes-virens-ischnura-elegans.jpg\",\"datePublished\":\"2021-06-29T17:21:30+00:00\",\"dateModified\":\"2025-03-05T21:46:43+00:00\",\"breadcrumb\":{\"@id\":\"https:\\\/\\\/www.meslibellules.fr\\\/blog\\\/2021\\\/06\\\/29\\\/lestes-virens-curiosite\\\/#breadcrumb\"},\"inLanguage\":\"fr-FR\",\"potentialAction\":[{\"@type\":\"ReadAction\",\"target\":[\"https:\\\/\\\/www.meslibellules.fr\\\/blog\\\/2021\\\/06\\\/29\\\/lestes-virens-curiosite\\\/\"]}]},{\"@type\":\"ImageObject\",\"inLanguage\":\"fr-FR\",\"@id\":\"https:\\\/\\\/www.meslibellules.fr\\\/blog\\\/2021\\\/06\\\/29\\\/lestes-virens-curiosite\\\/#primaryimage\",\"url\":\"https:\\\/\\\/www.meslibellules.fr\\\/blog\\\/wp-content\\\/uploads\\\/trio-lestes-virens-ischnura-elegans.jpg\",\"contentUrl\":\"https:\\\/\\\/www.meslibellules.fr\\\/blog\\\/wp-content\\\/uploads\\\/trio-lestes-virens-ischnura-elegans.jpg\",\"width\":1180,\"height\":1204,\"caption\":\"Lestes virens m\u00e2le capturant un couple d'Ischnura elegans, le Fuilet (France-49), 31\\\/08\\\/2009\"},{\"@type\":\"BreadcrumbList\",\"@id\":\"https:\\\/\\\/www.meslibellules.fr\\\/blog\\\/2021\\\/06\\\/29\\\/lestes-virens-curiosite\\\/#breadcrumb\",\"itemListElement\":[{\"@type\":\"ListItem\",\"position\":1,\"name\":\"Accueil\",\"item\":\"https:\\\/\\\/www.meslibellules.fr\\\/blog\\\/\"},{\"@type\":\"ListItem\",\"position\":2,\"name\":\"Lestes virens : curiosit\u00e9 2\\\/2\"}]},{\"@type\":\"WebSite\",\"@id\":\"https:\\\/\\\/www.meslibellules.fr\\\/blog\\\/#website\",\"url\":\"https:\\\/\\\/www.meslibellules.fr\\\/blog\\\/\",\"name\":\"Mes Libellules\",\"description\":\"Pr\u00e9sentation des libellules rencontr\u00e9es dans le monde\",\"publisher\":{\"@id\":\"https:\\\/\\\/www.meslibellules.fr\\\/blog\\\/#\\\/schema\\\/person\\\/9aa3586f9dd053fcf329f43b8b053c77\"},\"potentialAction\":[{\"@type\":\"SearchAction\",\"target\":{\"@type\":\"EntryPoint\",\"urlTemplate\":\"https:\\\/\\\/www.meslibellules.fr\\\/blog\\\/?s={search_term_string}\"},\"query-input\":{\"@type\":\"PropertyValueSpecification\",\"valueRequired\":true,\"valueName\":\"search_term_string\"}}],\"inLanguage\":\"fr-FR\"},{\"@type\":[\"Person\",\"Organization\"],\"@id\":\"https:\\\/\\\/www.meslibellules.fr\\\/blog\\\/#\\\/schema\\\/person\\\/9aa3586f9dd053fcf329f43b8b053c77\",\"name\":\"Beno\u00eet Guillon\",\"image\":{\"@type\":\"ImageObject\",\"inLanguage\":\"fr-FR\",\"@id\":\"https:\\\/\\\/www.meslibellules.fr\\\/blog\\\/wp-content\\\/uploads\\\/cropped-avatar-150-pix.jpg\",\"url\":\"https:\\\/\\\/www.meslibellules.fr\\\/blog\\\/wp-content\\\/uploads\\\/cropped-avatar-150-pix.jpg\",\"contentUrl\":\"https:\\\/\\\/www.meslibellules.fr\\\/blog\\\/wp-content\\\/uploads\\\/cropped-avatar-150-pix.jpg\",\"width\":150,\"height\":137,\"caption\":\"Beno\u00eet Guillon\"},\"logo\":{\"@id\":\"https:\\\/\\\/www.meslibellules.fr\\\/blog\\\/wp-content\\\/uploads\\\/cropped-avatar-150-pix.jpg\"},\"sameAs\":[\"https:\\\/\\\/www.facebook.com\\\/benoit.guillon.96\\\/\"]}]}<\/script>\n<!-- \/ Yoast SEO plugin. -->","yoast_head_json":{"title":"Lestes virens : curiosit\u00e9 2\/2 - Mes Libellules","robots":{"index":"index","follow":"follow","max-snippet":"max-snippet:-1","max-image-preview":"max-image-preview:large","max-video-preview":"max-video-preview:-1"},"canonical":"https:\/\/www.meslibellules.fr\/blog\/2021\/06\/29\/lestes-virens-curiosite\/","og_locale":"fr_FR","og_type":"article","og_title":"Lestes virens : curiosit\u00e9 2\/2 - Mes Libellules","og_description":"C&rsquo;est au bord d&rsquo;une ancienne argili\u00e8re que j&rsquo;ai surpris ce trio se d\u00e9pla\u00e7ant maladroitement de touffes de joncs en touffes de jonc ; je n&rsquo;ai eu que quelques secondes pour faire trois photos identiques, avant que l&rsquo;ensemble ne traverse la mare pour aller se poser hors de ma vue.On se demande ce qui peut pousser [&hellip;]","og_url":"https:\/\/www.meslibellules.fr\/blog\/2021\/06\/29\/lestes-virens-curiosite\/","og_site_name":"Mes Libellules","article_publisher":"https:\/\/www.facebook.com\/benoit.guillon.96\/","article_author":"https:\/\/www.facebook.com\/benoit.guillon.96\/","article_published_time":"2021-06-29T17:21:30+00:00","article_modified_time":"2025-03-05T21:46:43+00:00","og_image":[{"width":1180,"height":1204,"url":"https:\/\/www.meslibellules.fr\/blog\/wp-content\/uploads\/trio-lestes-virens-ischnura-elegans.jpg","type":"image\/jpeg"}],"author":"Beno\u00eet Guillon","twitter_card":"summary_large_image","twitter_misc":{"\u00c9crit par":"Beno\u00eet Guillon","Dur\u00e9e de lecture estim\u00e9e":"6 minutes"},"schema":{"@context":"https:\/\/schema.org","@graph":[{"@type":"Article","@id":"https:\/\/www.meslibellules.fr\/blog\/2021\/06\/29\/lestes-virens-curiosite\/#article","isPartOf":{"@id":"https:\/\/www.meslibellules.fr\/blog\/2021\/06\/29\/lestes-virens-curiosite\/"},"author":{"name":"Beno\u00eet Guillon","@id":"https:\/\/www.meslibellules.fr\/blog\/#\/schema\/person\/9aa3586f9dd053fcf329f43b8b053c77"},"headline":"Lestes virens : curiosit\u00e9 2\/2","datePublished":"2021-06-29T17:21:30+00:00","dateModified":"2025-03-05T21:46:43+00:00","mainEntityOfPage":{"@id":"https:\/\/www.meslibellules.fr\/blog\/2021\/06\/29\/lestes-virens-curiosite\/"},"wordCount":238,"commentCount":1,"publisher":{"@id":"https:\/\/www.meslibellules.fr\/blog\/#\/schema\/person\/9aa3586f9dd053fcf329f43b8b053c77"},"image":{"@id":"https:\/\/www.meslibellules.fr\/blog\/2021\/06\/29\/lestes-virens-curiosite\/#primaryimage"},"thumbnailUrl":"https:\/\/www.meslibellules.fr\/blog\/wp-content\/uploads\/trio-lestes-virens-ischnura-elegans.jpg","keywords":["Curiosit\u00e9","Lestes virens"],"articleSection":["Curiosit\u00e9","France","Lestes virens","Lestidae"],"inLanguage":"fr-FR","potentialAction":[{"@type":"CommentAction","name":"Comment","target":["https:\/\/www.meslibellules.fr\/blog\/2021\/06\/29\/lestes-virens-curiosite\/#respond"]}]},{"@type":"WebPage","@id":"https:\/\/www.meslibellules.fr\/blog\/2021\/06\/29\/lestes-virens-curiosite\/","url":"https:\/\/www.meslibellules.fr\/blog\/2021\/06\/29\/lestes-virens-curiosite\/","name":"Lestes virens : curiosit\u00e9 2\/2 - Mes Libellules","isPartOf":{"@id":"https:\/\/www.meslibellules.fr\/blog\/#website"},"primaryImageOfPage":{"@id":"https:\/\/www.meslibellules.fr\/blog\/2021\/06\/29\/lestes-virens-curiosite\/#primaryimage"},"image":{"@id":"https:\/\/www.meslibellules.fr\/blog\/2021\/06\/29\/lestes-virens-curiosite\/#primaryimage"},"thumbnailUrl":"https:\/\/www.meslibellules.fr\/blog\/wp-content\/uploads\/trio-lestes-virens-ischnura-elegans.jpg","datePublished":"2021-06-29T17:21:30+00:00","dateModified":"2025-03-05T21:46:43+00:00","breadcrumb":{"@id":"https:\/\/www.meslibellules.fr\/blog\/2021\/06\/29\/lestes-virens-curiosite\/#breadcrumb"},"inLanguage":"fr-FR","potentialAction":[{"@type":"ReadAction","target":["https:\/\/www.meslibellules.fr\/blog\/2021\/06\/29\/lestes-virens-curiosite\/"]}]},{"@type":"ImageObject","inLanguage":"fr-FR","@id":"https:\/\/www.meslibellules.fr\/blog\/2021\/06\/29\/lestes-virens-curiosite\/#primaryimage","url":"https:\/\/www.meslibellules.fr\/blog\/wp-content\/uploads\/trio-lestes-virens-ischnura-elegans.jpg","contentUrl":"https:\/\/www.meslibellules.fr\/blog\/wp-content\/uploads\/trio-lestes-virens-ischnura-elegans.jpg","width":1180,"height":1204,"caption":"Lestes virens m\u00e2le capturant un couple d'Ischnura elegans, le Fuilet (France-49), 31\/08\/2009"},{"@type":"BreadcrumbList","@id":"https:\/\/www.meslibellules.fr\/blog\/2021\/06\/29\/lestes-virens-curiosite\/#breadcrumb","itemListElement":[{"@type":"ListItem","position":1,"name":"Accueil","item":"https:\/\/www.meslibellules.fr\/blog\/"},{"@type":"ListItem","position":2,"name":"Lestes virens : curiosit\u00e9 2\/2"}]},{"@type":"WebSite","@id":"https:\/\/www.meslibellules.fr\/blog\/#website","url":"https:\/\/www.meslibellules.fr\/blog\/","name":"Mes Libellules","description":"Pr\u00e9sentation des libellules rencontr\u00e9es dans le monde","publisher":{"@id":"https:\/\/www.meslibellules.fr\/blog\/#\/schema\/person\/9aa3586f9dd053fcf329f43b8b053c77"},"potentialAction":[{"@type":"SearchAction","target":{"@type":"EntryPoint","urlTemplate":"https:\/\/www.meslibellules.fr\/blog\/?s={search_term_string}"},"query-input":{"@type":"PropertyValueSpecification","valueRequired":true,"valueName":"search_term_string"}}],"inLanguage":"fr-FR"},{"@type":["Person","Organization"],"@id":"https:\/\/www.meslibellules.fr\/blog\/#\/schema\/person\/9aa3586f9dd053fcf329f43b8b053c77","name":"Beno\u00eet Guillon","image":{"@type":"ImageObject","inLanguage":"fr-FR","@id":"https:\/\/www.meslibellules.fr\/blog\/wp-content\/uploads\/cropped-avatar-150-pix.jpg","url":"https:\/\/www.meslibellules.fr\/blog\/wp-content\/uploads\/cropped-avatar-150-pix.jpg","contentUrl":"https:\/\/www.meslibellules.fr\/blog\/wp-content\/uploads\/cropped-avatar-150-pix.jpg","width":150,"height":137,"caption":"Beno\u00eet Guillon"},"logo":{"@id":"https:\/\/www.meslibellules.fr\/blog\/wp-content\/uploads\/cropped-avatar-150-pix.jpg"},"sameAs":["https:\/\/www.facebook.com\/benoit.guillon.96\/"]}]}},"_links":{"self":[{"href":"https:\/\/www.meslibellules.fr\/blog\/wp-json\/wp\/v2\/posts\/9280","targetHints":{"allow":["GET"]}}],"collection":[{"href":"https:\/\/www.meslibellules.fr\/blog\/wp-json\/wp\/v2\/posts"}],"about":[{"href":"https:\/\/www.meslibellules.fr\/blog\/wp-json\/wp\/v2\/types\/post"}],"author":[{"embeddable":true,"href":"https:\/\/www.meslibellules.fr\/blog\/wp-json\/wp\/v2\/users\/1"}],"replies":[{"embeddable":true,"href":"https:\/\/www.meslibellules.fr\/blog\/wp-json\/wp\/v2\/comments?post=9280"}],"version-history":[{"count":1,"href":"https:\/\/www.meslibellules.fr\/blog\/wp-json\/wp\/v2\/posts\/9280\/revisions"}],"predecessor-version":[{"id":24022,"href":"https:\/\/www.meslibellules.fr\/blog\/wp-json\/wp\/v2\/posts\/9280\/revisions\/24022"}],"wp:attachment":[{"href":"https:\/\/www.meslibellules.fr\/blog\/wp-json\/wp\/v2\/media?parent=9280"}],"wp:term":[{"taxonomy":"category","embeddable":true,"href":"https:\/\/www.meslibellules.fr\/blog\/wp-json\/wp\/v2\/categories?post=9280"},{"taxonomy":"post_tag","embeddable":true,"href":"https:\/\/www.meslibellules.fr\/blog\/wp-json\/wp\/v2\/tags?post=9280"}],"curies":[{"name":"wp","href":"https:\/\/api.w.org\/{rel}","templated":true}]}}