{"id":9298,"date":"2021-07-04T09:37:54","date_gmt":"2021-07-04T07:37:54","guid":{"rendered":"https:\/\/www.meslibellules.fr\/blog\/?p=9298"},"modified":"2024-03-11T13:03:56","modified_gmt":"2024-03-11T12:03:56","slug":"calopteryx-haemorrhoidalis-occasi","status":"publish","type":"post","link":"https:\/\/www.meslibellules.fr\/blog\/2021\/07\/04\/calopteryx-haemorrhoidalis-occasi\/","title":{"rendered":"Calopteryx haemorrhoidalis occasi m\u00e2le 4\/4"},"content":{"rendered":"\n<figure class=\"wp-block-gallery has-nested-images columns-3 is-cropped wp-block-gallery-1 is-layout-flex wp-block-gallery-is-layout-flex\">\n<figure class=\"wp-block-image size-large\"><a href=\"https:\/\/www.meslibellules.fr\/blog\/wp-content\/uploads\/calopteryx-haemorrhoidalis-occasi-male.jpg\"><img decoding=\"async\" width=\"1720\" height=\"1204\" data-id=\"9291\" data-src=\"https:\/\/www.meslibellules.fr\/blog\/wp-content\/uploads\/calopteryx-haemorrhoidalis-occasi-male.jpg\" alt=\"Calopteryx haemorrhoidalis m\u00e2le occasi, Castelnau-de-Montmiral (France-81), 21\/06\/2021\" class=\"wp-image-9291 lazyload\" data-srcset=\"https:\/\/www.meslibellules.fr\/blog\/wp-content\/uploads\/\/calopteryx-haemorrhoidalis-occasi-male.jpg 1720w, https:\/\/www.meslibellules.fr\/blog\/wp-content\/uploads\/\/calopteryx-haemorrhoidalis-occasi-male-768x538.jpg 768w, https:\/\/www.meslibellules.fr\/blog\/wp-content\/uploads\/\/calopteryx-haemorrhoidalis-occasi-male-1536x1075.jpg 1536w, https:\/\/www.meslibellules.fr\/blog\/wp-content\/uploads\/\/calopteryx-haemorrhoidalis-occasi-male-1200x840.jpg 1200w\" data-sizes=\"(max-width: 1720px) 100vw, 1720px\" src=\"data:image\/svg+xml;base64,PHN2ZyB3aWR0aD0iMSIgaGVpZ2h0PSIxIiB4bWxucz0iaHR0cDovL3d3dy53My5vcmcvMjAwMC9zdmciPjwvc3ZnPg==\" style=\"--smush-placeholder-width: 1720px; --smush-placeholder-aspect-ratio: 1720\/1204;\" \/><\/a><\/figure>\n\n\n\n<figure class=\"wp-block-image size-large\"><a href=\"https:\/\/www.meslibellules.fr\/blog\/wp-content\/uploads\/calopteryx-haemorrhoidalis-occasi-male-2.jpg\"><img decoding=\"async\" width=\"1494\" height=\"1204\" data-id=\"9292\" data-src=\"https:\/\/www.meslibellules.fr\/blog\/wp-content\/uploads\/calopteryx-haemorrhoidalis-occasi-male-2.jpg\" alt=\"C. haemorrhoidalis m\u00e2le occasi, Castelnau-de-Montmiral (France-81), 21\/06\/2021\" class=\"wp-image-9292 lazyload\" data-srcset=\"https:\/\/www.meslibellules.fr\/blog\/wp-content\/uploads\/\/calopteryx-haemorrhoidalis-occasi-male-2.jpg 1494w, https:\/\/www.meslibellules.fr\/blog\/wp-content\/uploads\/\/calopteryx-haemorrhoidalis-occasi-male-2-768x619.jpg 768w, https:\/\/www.meslibellules.fr\/blog\/wp-content\/uploads\/\/calopteryx-haemorrhoidalis-occasi-male-2-1200x967.jpg 1200w\" data-sizes=\"(max-width: 1494px) 100vw, 1494px\" src=\"data:image\/svg+xml;base64,PHN2ZyB3aWR0aD0iMSIgaGVpZ2h0PSIxIiB4bWxucz0iaHR0cDovL3d3dy53My5vcmcvMjAwMC9zdmciPjwvc3ZnPg==\" style=\"--smush-placeholder-width: 1494px; --smush-placeholder-aspect-ratio: 1494\/1204;\" \/><\/a><\/figure>\n\n\n\n<figure class=\"wp-block-image size-large\"><a href=\"https:\/\/www.meslibellules.fr\/blog\/wp-content\/uploads\/calopteryx-haemorrhoidalis-occasi-male-3.jpg\"><img decoding=\"async\" width=\"1666\" height=\"1204\" data-id=\"9293\" data-src=\"https:\/\/www.meslibellules.fr\/blog\/wp-content\/uploads\/calopteryx-haemorrhoidalis-occasi-male-3.jpg\" alt=\"Calopteryx haemorrhoidalis m\u00e2le occasi, Castelnau-de-Montmiral (France-81), 21\/06\/2021\" class=\"wp-image-9293 lazyload\" data-srcset=\"https:\/\/www.meslibellules.fr\/blog\/wp-content\/uploads\/\/calopteryx-haemorrhoidalis-occasi-male-3.jpg 1666w, https:\/\/www.meslibellules.fr\/blog\/wp-content\/uploads\/\/calopteryx-haemorrhoidalis-occasi-male-3-768x555.jpg 768w, https:\/\/www.meslibellules.fr\/blog\/wp-content\/uploads\/\/calopteryx-haemorrhoidalis-occasi-male-3-1536x1110.jpg 1536w, https:\/\/www.meslibellules.fr\/blog\/wp-content\/uploads\/\/calopteryx-haemorrhoidalis-occasi-male-3-1200x867.jpg 1200w\" data-sizes=\"(max-width: 1666px) 100vw, 1666px\" src=\"data:image\/svg+xml;base64,PHN2ZyB3aWR0aD0iMSIgaGVpZ2h0PSIxIiB4bWxucz0iaHR0cDovL3d3dy53My5vcmcvMjAwMC9zdmciPjwvc3ZnPg==\" style=\"--smush-placeholder-width: 1666px; --smush-placeholder-aspect-ratio: 1666\/1204;\" \/><\/a><\/figure>\n<figcaption class=\"blocks-gallery-caption wp-element-caption\"><em>Calopteryx haemorrhoidalis m\u00e2le occasi, Castelnau-de-Montmiral (France-81), 21\/06\/2021<\/em><\/figcaption><\/figure>\n\n\n\n<p style=\"font-size:15px\">\u00c0 premi\u00e8re vue, ces m\u00e2les Calopteryx haemorrhoidalis n&rsquo;ont rien de diff\u00e9rent de ceux de l&rsquo;esp\u00e8ce nominale, surtout dans l&rsquo;ombre de ce petit ruisseau. Ils sont simplement magnifiques \ud83d\ude03\u200b<br>Mais d\u00e8s qu&rsquo;ils ouvrent les ailes, ils sont encore plus spectaculaires avec la partie distale de l&rsquo;aile ant\u00e9rieure largement hyaline, l&rsquo;aile post\u00e9rieure \u00e9tant plus color\u00e9e. <\/p>\n\n\n\n<figure class=\"wp-block-image aligncenter size-large is-resized\"><a href=\"https:\/\/www.meslibellules.fr\/blog\/wp-content\/uploads\/calopteryx-haemorrhoidalis-occasi-male-5.jpg\"><img decoding=\"async\" width=\"1458\" height=\"1204\" data-src=\"https:\/\/www.meslibellules.fr\/blog\/wp-content\/uploads\/calopteryx-haemorrhoidalis-occasi-male-5.jpg\" alt=\"Calopteryx haemorrhoidalis m\u00e2le occasi, Castelnau-de-Montmiral (France-81), 21\/06\/2021\" class=\"wp-image-9295 lazyload\" style=\"--smush-placeholder-width: 1458px; --smush-placeholder-aspect-ratio: 1458\/1204;width:472px;height:390px\" data-srcset=\"https:\/\/www.meslibellules.fr\/blog\/wp-content\/uploads\/\/calopteryx-haemorrhoidalis-occasi-male-5.jpg 1458w, https:\/\/www.meslibellules.fr\/blog\/wp-content\/uploads\/\/calopteryx-haemorrhoidalis-occasi-male-5-768x634.jpg 768w, https:\/\/www.meslibellules.fr\/blog\/wp-content\/uploads\/\/calopteryx-haemorrhoidalis-occasi-male-5-1200x991.jpg 1200w\" data-sizes=\"(max-width: 1458px) 100vw, 1458px\" src=\"data:image\/svg+xml;base64,PHN2ZyB3aWR0aD0iMSIgaGVpZ2h0PSIxIiB4bWxucz0iaHR0cDovL3d3dy53My5vcmcvMjAwMC9zdmciPjwvc3ZnPg==\" \/><\/a><figcaption class=\"wp-element-caption\">C. haemorrhoidalis m\u00e2le occasi, Castelnau-de-Montmiral (France-81), 21\/06\/2021<br><\/figcaption><\/figure>\n\n\n\n<p style=\"font-size:15px\">Je les ai photographi\u00e9s sur la V\u00e8re (un petit affluent de l&rsquo;Aveyron), un ruisseau tr\u00e8s ombrag\u00e9, \u00e0 fond de galets,  parsem\u00e9 de rochers, avec un niveau d&rsquo;eau faible. Ils devaient \u00eatre une dizaine et je n&rsquo;ai vu aucune femelle.<\/p>\n\n\n\n<figure class=\"wp-block-image aligncenter size-large is-resized\"><a href=\"https:\/\/www.meslibellules.fr\/blog\/wp-content\/uploads\/calopteryx-haemorrhoidalis-occasi-male-6.jpg\"><img decoding=\"async\" width=\"1602\" height=\"1204\" data-src=\"https:\/\/www.meslibellules.fr\/blog\/wp-content\/uploads\/calopteryx-haemorrhoidalis-occasi-male-6.jpg\" alt=\"Calopteryx haemorrhoidalis m\u00e2le occasi, Castelnau-de-Montmiral (France-81), 21\/06\/2021\" class=\"wp-image-9296 lazyload\" style=\"--smush-placeholder-width: 1602px; --smush-placeholder-aspect-ratio: 1602\/1204;width:469px;height:352px\" data-srcset=\"https:\/\/www.meslibellules.fr\/blog\/wp-content\/uploads\/\/calopteryx-haemorrhoidalis-occasi-male-6.jpg 1602w, https:\/\/www.meslibellules.fr\/blog\/wp-content\/uploads\/\/calopteryx-haemorrhoidalis-occasi-male-6-768x577.jpg 768w, https:\/\/www.meslibellules.fr\/blog\/wp-content\/uploads\/\/calopteryx-haemorrhoidalis-occasi-male-6-1536x1154.jpg 1536w, https:\/\/www.meslibellules.fr\/blog\/wp-content\/uploads\/\/calopteryx-haemorrhoidalis-occasi-male-6-1200x902.jpg 1200w\" data-sizes=\"(max-width: 1602px) 100vw, 1602px\" src=\"data:image\/svg+xml;base64,PHN2ZyB3aWR0aD0iMSIgaGVpZ2h0PSIxIiB4bWxucz0iaHR0cDovL3d3dy53My5vcmcvMjAwMC9zdmciPjwvc3ZnPg==\" \/><\/a><figcaption class=\"wp-element-caption\">C.haemorrhoidalis m\u00e2le occasi, Castelnau-de-Montmiral (France-81), 21\/06\/2021<\/figcaption><\/figure>\n\n\n\n<p style=\"font-size:15px\">Ils partageaient cet habitat avec de nombreux Calopteryx virgo et xanthostoma pour lesquels j&rsquo;ai pu observer des femelles. J&rsquo;y ai aussi aper\u00e7u une femelle Onychogomphus uncatus \u00e9mergente, un m\u00e2le Gomphus vulgatissimus, et une tr\u00e8s vieille femelle Pyrrhosoma nymphula \u00e0 l&rsquo;abdomen blanchi par les la boue r\u00e9colt\u00e9e lors de ses pontes.<\/p>\n\n\n\n<figure class=\"wp-block-image aligncenter size-large is-resized\"><a href=\"https:\/\/www.meslibellules.fr\/blog\/wp-content\/uploads\/calopteryx-haemorrhoidalis-occasi-male-7.jpg\"><img decoding=\"async\" width=\"1124\" height=\"1204\" data-src=\"https:\/\/www.meslibellules.fr\/blog\/wp-content\/uploads\/calopteryx-haemorrhoidalis-occasi-male-7.jpg\" alt=\"Calopteryx haemorrhoidalis m\u00e2le occasi, Castelnau-de-Montmiral (France-81), 21\/06\/2021\" class=\"wp-image-9297 lazyload\" style=\"--smush-placeholder-width: 1124px; --smush-placeholder-aspect-ratio: 1124\/1204;width:381px;height:407px\" data-srcset=\"https:\/\/www.meslibellules.fr\/blog\/wp-content\/uploads\/\/calopteryx-haemorrhoidalis-occasi-male-7.jpg 1124w, https:\/\/www.meslibellules.fr\/blog\/wp-content\/uploads\/\/calopteryx-haemorrhoidalis-occasi-male-7-768x823.jpg 768w\" data-sizes=\"(max-width: 1124px) 100vw, 1124px\" src=\"data:image\/svg+xml;base64,PHN2ZyB3aWR0aD0iMSIgaGVpZ2h0PSIxIiB4bWxucz0iaHR0cDovL3d3dy53My5vcmcvMjAwMC9zdmciPjwvc3ZnPg==\" \/><\/a><figcaption class=\"wp-element-caption\">Calopteryx haemorrhoidalis m\u00e2le occasi, Castelnau-de-Montmiral (France-81), 21\/06\/2021<\/figcaption><\/figure>\n\n\n\n<p style=\"font-size:15px\">Cette forme de Calopteryx haemorrhoidalis (je me garde bien de parler de sous-esp\u00e8ce !) se rencontre en France, \u00e0 distance de la M\u00e9diterran\u00e9e, et sur les pentes sud des Pyr\u00e9n\u00e9es.<\/p>\n\n\n\n<figure class=\"wp-block-image aligncenter size-large is-resized\"><a href=\"https:\/\/www.meslibellules.fr\/blog\/wp-content\/uploads\/calopteryx-haemorrhoidalis-occasi-male-4.jpg\"><img decoding=\"async\" width=\"1671\" height=\"1204\" data-src=\"https:\/\/www.meslibellules.fr\/blog\/wp-content\/uploads\/calopteryx-haemorrhoidalis-occasi-male-4.jpg\" alt=\"C. haemorrhoidalis m\u00e2le occasi, Castelnau-de-Montmiral (France-81), 21\/06\/2021\" class=\"wp-image-9305 lazyload\" style=\"--smush-placeholder-width: 1671px; --smush-placeholder-aspect-ratio: 1671\/1204;width:381px;height:270px\" data-srcset=\"https:\/\/www.meslibellules.fr\/blog\/wp-content\/uploads\/\/calopteryx-haemorrhoidalis-occasi-male-4.jpg 1671w, https:\/\/www.meslibellules.fr\/blog\/wp-content\/uploads\/\/calopteryx-haemorrhoidalis-occasi-male-4-768x553.jpg 768w, https:\/\/www.meslibellules.fr\/blog\/wp-content\/uploads\/\/calopteryx-haemorrhoidalis-occasi-male-4-1536x1107.jpg 1536w, https:\/\/www.meslibellules.fr\/blog\/wp-content\/uploads\/\/calopteryx-haemorrhoidalis-occasi-male-4-1200x865.jpg 1200w\" data-sizes=\"(max-width: 1671px) 100vw, 1671px\" src=\"data:image\/svg+xml;base64,PHN2ZyB3aWR0aD0iMSIgaGVpZ2h0PSIxIiB4bWxucz0iaHR0cDovL3d3dy53My5vcmcvMjAwMC9zdmciPjwvc3ZnPg==\" \/><\/a><figcaption class=\"wp-element-caption\">Calopteryx haemorrhoidalis m\u00e2le occasi, Castelnau-de-Montmiral (France-81), 21\/06\/2021<\/figcaption><\/figure>\n\n\n\n<div style=\"height:67px\" aria-hidden=\"true\" class=\"wp-block-spacer\"><\/div>\n\n\n\n<div class=\"wp-block-buttons is-vertical is-layout-flex wp-container-core-buttons-is-layout-fe9cc265 wp-block-buttons-is-layout-flex\">\n<div class=\"wp-block-button\"><a class=\"wp-block-button__link wp-element-button\" href=\"https:\/\/www.meslibellules.fr\/blog\/2019\/07\/26\/calopteryx-haemorrhoidalis-male-3-3\/\">Retour<\/a><\/div>\n\n\n\n<div class=\"wp-block-button\"><a class=\"wp-block-button__link wp-element-button\" href=\"http:\/\/www.meslibellules.fr\/pagesweb\/calopterygidae\/calopteryx-haemorrhoidalis\/calopteryx-haemorrhoidalis-accueil.php\">Accueil C. haemorrhoidalis<\/a><\/div>\n<\/div>\n","protected":false},"excerpt":{"rendered":"<p>\u00c0 premi\u00e8re vue, ces m\u00e2les Calopteryx haemorrhoidalis n&rsquo;ont rien de diff\u00e9rent de ceux de l&rsquo;esp\u00e8ce nominale, surtout dans l&rsquo;ombre de ce petit ruisseau. Ils sont simplement magnifiques \ud83d\ude03\u200bMais d\u00e8s qu&rsquo;ils ouvrent les ailes, ils sont encore plus spectaculaires avec la partie distale de l&rsquo;aile ant\u00e9rieure largement hyaline, l&rsquo;aile post\u00e9rieure \u00e9tant plus color\u00e9e. Je les ai [&hellip;]<\/p>\n","protected":false},"author":1,"featured_media":0,"comment_status":"open","ping_status":"open","sticky":false,"template":"","format":"image","meta":{"site-sidebar-layout":"default","site-content-layout":"","ast-site-content-layout":"default","site-content-style":"default","site-sidebar-style":"default","ast-global-header-display":"","ast-banner-title-visibility":"","ast-main-header-display":"","ast-hfb-above-header-display":"","ast-hfb-below-header-display":"","ast-hfb-mobile-header-display":"","site-post-title":"","ast-breadcrumbs-content":"","ast-featured-img":"","footer-sml-layout":"","ast-disable-related-posts":"","theme-transparent-header-meta":"","adv-header-id-meta":"","stick-header-meta":"","header-above-stick-meta":"","header-main-stick-meta":"","header-below-stick-meta":"","astra-migrate-meta-layouts":"set","ast-page-background-enabled":"default","ast-page-background-meta":{"desktop":{"background-color":"var(--ast-global-color-4)","background-image":"","background-repeat":"repeat","background-position":"center center","background-size":"auto","background-attachment":"scroll","background-type":"","background-media":"","overlay-type":"","overlay-color":"","overlay-opacity":"","overlay-gradient":""},"tablet":{"background-color":"","background-image":"","background-repeat":"repeat","background-position":"center center","background-size":"auto","background-attachment":"scroll","background-type":"","background-media":"","overlay-type":"","overlay-color":"","overlay-opacity":"","overlay-gradient":""},"mobile":{"background-color":"","background-image":"","background-repeat":"repeat","background-position":"center center","background-size":"auto","background-attachment":"scroll","background-type":"","background-media":"","overlay-type":"","overlay-color":"","overlay-opacity":"","overlay-gradient":""}},"ast-content-background-meta":{"desktop":{"background-color":"var(--ast-global-color-5)","background-image":"","background-repeat":"repeat","background-position":"center center","background-size":"auto","background-attachment":"scroll","background-type":"","background-media":"","overlay-type":"","overlay-color":"","overlay-opacity":"","overlay-gradient":""},"tablet":{"background-color":"var(--ast-global-color-5)","background-image":"","background-repeat":"repeat","background-position":"center center","background-size":"auto","background-attachment":"scroll","background-type":"","background-media":"","overlay-type":"","overlay-color":"","overlay-opacity":"","overlay-gradient":""},"mobile":{"background-color":"var(--ast-global-color-5)","background-image":"","background-repeat":"repeat","background-position":"center center","background-size":"auto","background-attachment":"scroll","background-type":"","background-media":"","overlay-type":"","overlay-color":"","overlay-opacity":"","overlay-gradient":""}},"footnotes":""},"categories":[125,126,55],"tags":[604,605],"class_list":["post-9298","post","type-post","status-publish","format-image","hentry","category-calopterygidae-france","category-calopteryx-haemorrhoidalis","category-france","tag-calopteryx-haemorrhoidalis","tag-calopteryx-haemorrhoidalis-occasi","post_format-post-format-image"],"yoast_head":"<!-- This site is optimized with the Yoast SEO plugin v27.5 - https:\/\/yoast.com\/product\/yoast-seo-wordpress\/ -->\n<title>Calopteryx haemorrhoidalis occasi - Mes Libellules<\/title>\n<meta name=\"description\" content=\"Calopteryx haemorrhoidalis occasi, description et particularit\u00e9 de ce Calopteryx aux apex des ailes hyalins.\" \/>\n<meta name=\"robots\" content=\"index, follow, max-snippet:-1, max-image-preview:large, max-video-preview:-1\" \/>\n<link rel=\"canonical\" href=\"https:\/\/www.meslibellules.fr\/blog\/2021\/07\/04\/calopteryx-haemorrhoidalis-occasi\/\" \/>\n<meta property=\"og:locale\" content=\"fr_FR\" \/>\n<meta property=\"og:type\" content=\"article\" \/>\n<meta property=\"og:title\" content=\"Calopteryx haemorrhoidalis occasi - Mes Libellules\" \/>\n<meta property=\"og:description\" content=\"Calopteryx haemorrhoidalis occasi, description et particularit\u00e9 de ce Calopteryx aux apex des ailes hyalins.\" \/>\n<meta property=\"og:url\" content=\"https:\/\/www.meslibellules.fr\/blog\/2021\/07\/04\/calopteryx-haemorrhoidalis-occasi\/\" \/>\n<meta property=\"og:site_name\" content=\"Mes Libellules\" \/>\n<meta property=\"article:publisher\" content=\"https:\/\/www.facebook.com\/benoit.guillon.96\/\" \/>\n<meta property=\"article:author\" content=\"https:\/\/www.facebook.com\/benoit.guillon.96\/\" \/>\n<meta property=\"article:published_time\" content=\"2021-07-04T07:37:54+00:00\" \/>\n<meta property=\"article:modified_time\" content=\"2024-03-11T12:03:56+00:00\" \/>\n<meta property=\"og:image\" content=\"https:\/\/www.meslibellules.fr\/blog\/wp-content\/uploads\/calopteryx-haemorrhoidalis-occasi-male.jpg\" \/>\n<meta name=\"author\" content=\"Beno\u00eet Guillon\" \/>\n<meta name=\"twitter:card\" content=\"summary_large_image\" \/>\n<meta name=\"twitter:label1\" content=\"\u00c9crit par\" \/>\n\t<meta name=\"twitter:data1\" content=\"Beno\u00eet Guillon\" \/>\n\t<meta name=\"twitter:label2\" content=\"Dur\u00e9e de lecture estim\u00e9e\" \/>\n\t<meta name=\"twitter:data2\" content=\"3 minutes\" \/>\n<script type=\"application\/ld+json\" class=\"yoast-schema-graph\">{\"@context\":\"https:\\\/\\\/schema.org\",\"@graph\":[{\"@type\":\"Article\",\"@id\":\"https:\\\/\\\/www.meslibellules.fr\\\/blog\\\/2021\\\/07\\\/04\\\/calopteryx-haemorrhoidalis-occasi\\\/#article\",\"isPartOf\":{\"@id\":\"https:\\\/\\\/www.meslibellules.fr\\\/blog\\\/2021\\\/07\\\/04\\\/calopteryx-haemorrhoidalis-occasi\\\/\"},\"author\":{\"name\":\"Beno\u00eet Guillon\",\"@id\":\"https:\\\/\\\/www.meslibellules.fr\\\/blog\\\/#\\\/schema\\\/person\\\/9aa3586f9dd053fcf329f43b8b053c77\"},\"headline\":\"Calopteryx haemorrhoidalis occasi m\u00e2le 4\\\/4\",\"datePublished\":\"2021-07-04T07:37:54+00:00\",\"dateModified\":\"2024-03-11T12:03:56+00:00\",\"mainEntityOfPage\":{\"@id\":\"https:\\\/\\\/www.meslibellules.fr\\\/blog\\\/2021\\\/07\\\/04\\\/calopteryx-haemorrhoidalis-occasi\\\/\"},\"wordCount\":243,\"commentCount\":2,\"publisher\":{\"@id\":\"https:\\\/\\\/www.meslibellules.fr\\\/blog\\\/#\\\/schema\\\/person\\\/9aa3586f9dd053fcf329f43b8b053c77\"},\"image\":{\"@id\":\"https:\\\/\\\/www.meslibellules.fr\\\/blog\\\/2021\\\/07\\\/04\\\/calopteryx-haemorrhoidalis-occasi\\\/#primaryimage\"},\"thumbnailUrl\":\"https:\\\/\\\/www.meslibellules.fr\\\/blog\\\/wp-content\\\/uploads\\\/calopteryx-haemorrhoidalis-occasi-male.jpg\",\"keywords\":[\"Calopteryx haemorrhoidalis\",\"Calopteryx haemorrhoidalis occasi\"],\"articleSection\":[\"Calopterygidae\",\"Calopteryx haemorrhoidalis\",\"France\"],\"inLanguage\":\"fr-FR\",\"potentialAction\":[{\"@type\":\"CommentAction\",\"name\":\"Comment\",\"target\":[\"https:\\\/\\\/www.meslibellules.fr\\\/blog\\\/2021\\\/07\\\/04\\\/calopteryx-haemorrhoidalis-occasi\\\/#respond\"]}]},{\"@type\":\"WebPage\",\"@id\":\"https:\\\/\\\/www.meslibellules.fr\\\/blog\\\/2021\\\/07\\\/04\\\/calopteryx-haemorrhoidalis-occasi\\\/\",\"url\":\"https:\\\/\\\/www.meslibellules.fr\\\/blog\\\/2021\\\/07\\\/04\\\/calopteryx-haemorrhoidalis-occasi\\\/\",\"name\":\"Calopteryx haemorrhoidalis occasi - Mes Libellules\",\"isPartOf\":{\"@id\":\"https:\\\/\\\/www.meslibellules.fr\\\/blog\\\/#website\"},\"primaryImageOfPage\":{\"@id\":\"https:\\\/\\\/www.meslibellules.fr\\\/blog\\\/2021\\\/07\\\/04\\\/calopteryx-haemorrhoidalis-occasi\\\/#primaryimage\"},\"image\":{\"@id\":\"https:\\\/\\\/www.meslibellules.fr\\\/blog\\\/2021\\\/07\\\/04\\\/calopteryx-haemorrhoidalis-occasi\\\/#primaryimage\"},\"thumbnailUrl\":\"https:\\\/\\\/www.meslibellules.fr\\\/blog\\\/wp-content\\\/uploads\\\/calopteryx-haemorrhoidalis-occasi-male.jpg\",\"datePublished\":\"2021-07-04T07:37:54+00:00\",\"dateModified\":\"2024-03-11T12:03:56+00:00\",\"description\":\"Calopteryx haemorrhoidalis occasi, description et particularit\u00e9 de ce Calopteryx aux apex des ailes hyalins.\",\"breadcrumb\":{\"@id\":\"https:\\\/\\\/www.meslibellules.fr\\\/blog\\\/2021\\\/07\\\/04\\\/calopteryx-haemorrhoidalis-occasi\\\/#breadcrumb\"},\"inLanguage\":\"fr-FR\",\"potentialAction\":[{\"@type\":\"ReadAction\",\"target\":[\"https:\\\/\\\/www.meslibellules.fr\\\/blog\\\/2021\\\/07\\\/04\\\/calopteryx-haemorrhoidalis-occasi\\\/\"]}]},{\"@type\":\"ImageObject\",\"inLanguage\":\"fr-FR\",\"@id\":\"https:\\\/\\\/www.meslibellules.fr\\\/blog\\\/2021\\\/07\\\/04\\\/calopteryx-haemorrhoidalis-occasi\\\/#primaryimage\",\"url\":\"https:\\\/\\\/www.meslibellules.fr\\\/blog\\\/wp-content\\\/uploads\\\/calopteryx-haemorrhoidalis-occasi-male.jpg\",\"contentUrl\":\"https:\\\/\\\/www.meslibellules.fr\\\/blog\\\/wp-content\\\/uploads\\\/calopteryx-haemorrhoidalis-occasi-male.jpg\",\"width\":1720,\"height\":1204,\"caption\":\"Calopteryx haemorrhoidalis m\u00e2le occasi, Castelnau-de-Montmiral (France-81), 21\\\/06\\\/2021\"},{\"@type\":\"BreadcrumbList\",\"@id\":\"https:\\\/\\\/www.meslibellules.fr\\\/blog\\\/2021\\\/07\\\/04\\\/calopteryx-haemorrhoidalis-occasi\\\/#breadcrumb\",\"itemListElement\":[{\"@type\":\"ListItem\",\"position\":1,\"name\":\"Accueil\",\"item\":\"https:\\\/\\\/www.meslibellules.fr\\\/blog\\\/\"},{\"@type\":\"ListItem\",\"position\":2,\"name\":\"Calopteryx haemorrhoidalis occasi m\u00e2le 4\\\/4\"}]},{\"@type\":\"WebSite\",\"@id\":\"https:\\\/\\\/www.meslibellules.fr\\\/blog\\\/#website\",\"url\":\"https:\\\/\\\/www.meslibellules.fr\\\/blog\\\/\",\"name\":\"Mes Libellules\",\"description\":\"Pr\u00e9sentation des libellules rencontr\u00e9es dans le monde\",\"publisher\":{\"@id\":\"https:\\\/\\\/www.meslibellules.fr\\\/blog\\\/#\\\/schema\\\/person\\\/9aa3586f9dd053fcf329f43b8b053c77\"},\"potentialAction\":[{\"@type\":\"SearchAction\",\"target\":{\"@type\":\"EntryPoint\",\"urlTemplate\":\"https:\\\/\\\/www.meslibellules.fr\\\/blog\\\/?s={search_term_string}\"},\"query-input\":{\"@type\":\"PropertyValueSpecification\",\"valueRequired\":true,\"valueName\":\"search_term_string\"}}],\"inLanguage\":\"fr-FR\"},{\"@type\":[\"Person\",\"Organization\"],\"@id\":\"https:\\\/\\\/www.meslibellules.fr\\\/blog\\\/#\\\/schema\\\/person\\\/9aa3586f9dd053fcf329f43b8b053c77\",\"name\":\"Beno\u00eet Guillon\",\"image\":{\"@type\":\"ImageObject\",\"inLanguage\":\"fr-FR\",\"@id\":\"https:\\\/\\\/www.meslibellules.fr\\\/blog\\\/wp-content\\\/uploads\\\/cropped-avatar-150-pix.jpg\",\"url\":\"https:\\\/\\\/www.meslibellules.fr\\\/blog\\\/wp-content\\\/uploads\\\/cropped-avatar-150-pix.jpg\",\"contentUrl\":\"https:\\\/\\\/www.meslibellules.fr\\\/blog\\\/wp-content\\\/uploads\\\/cropped-avatar-150-pix.jpg\",\"width\":150,\"height\":137,\"caption\":\"Beno\u00eet Guillon\"},\"logo\":{\"@id\":\"https:\\\/\\\/www.meslibellules.fr\\\/blog\\\/wp-content\\\/uploads\\\/cropped-avatar-150-pix.jpg\"},\"sameAs\":[\"https:\\\/\\\/www.facebook.com\\\/benoit.guillon.96\\\/\"]}]}<\/script>\n<!-- \/ Yoast SEO plugin. -->","yoast_head_json":{"title":"Calopteryx haemorrhoidalis occasi - Mes Libellules","description":"Calopteryx haemorrhoidalis occasi, description et particularit\u00e9 de ce Calopteryx aux apex des ailes hyalins.","robots":{"index":"index","follow":"follow","max-snippet":"max-snippet:-1","max-image-preview":"max-image-preview:large","max-video-preview":"max-video-preview:-1"},"canonical":"https:\/\/www.meslibellules.fr\/blog\/2021\/07\/04\/calopteryx-haemorrhoidalis-occasi\/","og_locale":"fr_FR","og_type":"article","og_title":"Calopteryx haemorrhoidalis occasi - Mes Libellules","og_description":"Calopteryx haemorrhoidalis occasi, description et particularit\u00e9 de ce Calopteryx aux apex des ailes hyalins.","og_url":"https:\/\/www.meslibellules.fr\/blog\/2021\/07\/04\/calopteryx-haemorrhoidalis-occasi\/","og_site_name":"Mes Libellules","article_publisher":"https:\/\/www.facebook.com\/benoit.guillon.96\/","article_author":"https:\/\/www.facebook.com\/benoit.guillon.96\/","article_published_time":"2021-07-04T07:37:54+00:00","article_modified_time":"2024-03-11T12:03:56+00:00","og_image":[{"url":"https:\/\/www.meslibellules.fr\/blog\/wp-content\/uploads\/calopteryx-haemorrhoidalis-occasi-male.jpg","type":"","width":"","height":""}],"author":"Beno\u00eet Guillon","twitter_card":"summary_large_image","twitter_misc":{"\u00c9crit par":"Beno\u00eet Guillon","Dur\u00e9e de lecture estim\u00e9e":"3 minutes"},"schema":{"@context":"https:\/\/schema.org","@graph":[{"@type":"Article","@id":"https:\/\/www.meslibellules.fr\/blog\/2021\/07\/04\/calopteryx-haemorrhoidalis-occasi\/#article","isPartOf":{"@id":"https:\/\/www.meslibellules.fr\/blog\/2021\/07\/04\/calopteryx-haemorrhoidalis-occasi\/"},"author":{"name":"Beno\u00eet Guillon","@id":"https:\/\/www.meslibellules.fr\/blog\/#\/schema\/person\/9aa3586f9dd053fcf329f43b8b053c77"},"headline":"Calopteryx haemorrhoidalis occasi m\u00e2le 4\/4","datePublished":"2021-07-04T07:37:54+00:00","dateModified":"2024-03-11T12:03:56+00:00","mainEntityOfPage":{"@id":"https:\/\/www.meslibellules.fr\/blog\/2021\/07\/04\/calopteryx-haemorrhoidalis-occasi\/"},"wordCount":243,"commentCount":2,"publisher":{"@id":"https:\/\/www.meslibellules.fr\/blog\/#\/schema\/person\/9aa3586f9dd053fcf329f43b8b053c77"},"image":{"@id":"https:\/\/www.meslibellules.fr\/blog\/2021\/07\/04\/calopteryx-haemorrhoidalis-occasi\/#primaryimage"},"thumbnailUrl":"https:\/\/www.meslibellules.fr\/blog\/wp-content\/uploads\/calopteryx-haemorrhoidalis-occasi-male.jpg","keywords":["Calopteryx haemorrhoidalis","Calopteryx haemorrhoidalis occasi"],"articleSection":["Calopterygidae","Calopteryx haemorrhoidalis","France"],"inLanguage":"fr-FR","potentialAction":[{"@type":"CommentAction","name":"Comment","target":["https:\/\/www.meslibellules.fr\/blog\/2021\/07\/04\/calopteryx-haemorrhoidalis-occasi\/#respond"]}]},{"@type":"WebPage","@id":"https:\/\/www.meslibellules.fr\/blog\/2021\/07\/04\/calopteryx-haemorrhoidalis-occasi\/","url":"https:\/\/www.meslibellules.fr\/blog\/2021\/07\/04\/calopteryx-haemorrhoidalis-occasi\/","name":"Calopteryx haemorrhoidalis occasi - Mes Libellules","isPartOf":{"@id":"https:\/\/www.meslibellules.fr\/blog\/#website"},"primaryImageOfPage":{"@id":"https:\/\/www.meslibellules.fr\/blog\/2021\/07\/04\/calopteryx-haemorrhoidalis-occasi\/#primaryimage"},"image":{"@id":"https:\/\/www.meslibellules.fr\/blog\/2021\/07\/04\/calopteryx-haemorrhoidalis-occasi\/#primaryimage"},"thumbnailUrl":"https:\/\/www.meslibellules.fr\/blog\/wp-content\/uploads\/calopteryx-haemorrhoidalis-occasi-male.jpg","datePublished":"2021-07-04T07:37:54+00:00","dateModified":"2024-03-11T12:03:56+00:00","description":"Calopteryx haemorrhoidalis occasi, description et particularit\u00e9 de ce Calopteryx aux apex des ailes hyalins.","breadcrumb":{"@id":"https:\/\/www.meslibellules.fr\/blog\/2021\/07\/04\/calopteryx-haemorrhoidalis-occasi\/#breadcrumb"},"inLanguage":"fr-FR","potentialAction":[{"@type":"ReadAction","target":["https:\/\/www.meslibellules.fr\/blog\/2021\/07\/04\/calopteryx-haemorrhoidalis-occasi\/"]}]},{"@type":"ImageObject","inLanguage":"fr-FR","@id":"https:\/\/www.meslibellules.fr\/blog\/2021\/07\/04\/calopteryx-haemorrhoidalis-occasi\/#primaryimage","url":"https:\/\/www.meslibellules.fr\/blog\/wp-content\/uploads\/calopteryx-haemorrhoidalis-occasi-male.jpg","contentUrl":"https:\/\/www.meslibellules.fr\/blog\/wp-content\/uploads\/calopteryx-haemorrhoidalis-occasi-male.jpg","width":1720,"height":1204,"caption":"Calopteryx haemorrhoidalis m\u00e2le occasi, Castelnau-de-Montmiral (France-81), 21\/06\/2021"},{"@type":"BreadcrumbList","@id":"https:\/\/www.meslibellules.fr\/blog\/2021\/07\/04\/calopteryx-haemorrhoidalis-occasi\/#breadcrumb","itemListElement":[{"@type":"ListItem","position":1,"name":"Accueil","item":"https:\/\/www.meslibellules.fr\/blog\/"},{"@type":"ListItem","position":2,"name":"Calopteryx haemorrhoidalis occasi m\u00e2le 4\/4"}]},{"@type":"WebSite","@id":"https:\/\/www.meslibellules.fr\/blog\/#website","url":"https:\/\/www.meslibellules.fr\/blog\/","name":"Mes Libellules","description":"Pr\u00e9sentation des libellules rencontr\u00e9es dans le monde","publisher":{"@id":"https:\/\/www.meslibellules.fr\/blog\/#\/schema\/person\/9aa3586f9dd053fcf329f43b8b053c77"},"potentialAction":[{"@type":"SearchAction","target":{"@type":"EntryPoint","urlTemplate":"https:\/\/www.meslibellules.fr\/blog\/?s={search_term_string}"},"query-input":{"@type":"PropertyValueSpecification","valueRequired":true,"valueName":"search_term_string"}}],"inLanguage":"fr-FR"},{"@type":["Person","Organization"],"@id":"https:\/\/www.meslibellules.fr\/blog\/#\/schema\/person\/9aa3586f9dd053fcf329f43b8b053c77","name":"Beno\u00eet Guillon","image":{"@type":"ImageObject","inLanguage":"fr-FR","@id":"https:\/\/www.meslibellules.fr\/blog\/wp-content\/uploads\/cropped-avatar-150-pix.jpg","url":"https:\/\/www.meslibellules.fr\/blog\/wp-content\/uploads\/cropped-avatar-150-pix.jpg","contentUrl":"https:\/\/www.meslibellules.fr\/blog\/wp-content\/uploads\/cropped-avatar-150-pix.jpg","width":150,"height":137,"caption":"Beno\u00eet Guillon"},"logo":{"@id":"https:\/\/www.meslibellules.fr\/blog\/wp-content\/uploads\/cropped-avatar-150-pix.jpg"},"sameAs":["https:\/\/www.facebook.com\/benoit.guillon.96\/"]}]}},"_links":{"self":[{"href":"https:\/\/www.meslibellules.fr\/blog\/wp-json\/wp\/v2\/posts\/9298","targetHints":{"allow":["GET"]}}],"collection":[{"href":"https:\/\/www.meslibellules.fr\/blog\/wp-json\/wp\/v2\/posts"}],"about":[{"href":"https:\/\/www.meslibellules.fr\/blog\/wp-json\/wp\/v2\/types\/post"}],"author":[{"embeddable":true,"href":"https:\/\/www.meslibellules.fr\/blog\/wp-json\/wp\/v2\/users\/1"}],"replies":[{"embeddable":true,"href":"https:\/\/www.meslibellules.fr\/blog\/wp-json\/wp\/v2\/comments?post=9298"}],"version-history":[{"count":0,"href":"https:\/\/www.meslibellules.fr\/blog\/wp-json\/wp\/v2\/posts\/9298\/revisions"}],"wp:attachment":[{"href":"https:\/\/www.meslibellules.fr\/blog\/wp-json\/wp\/v2\/media?parent=9298"}],"wp:term":[{"taxonomy":"category","embeddable":true,"href":"https:\/\/www.meslibellules.fr\/blog\/wp-json\/wp\/v2\/categories?post=9298"},{"taxonomy":"post_tag","embeddable":true,"href":"https:\/\/www.meslibellules.fr\/blog\/wp-json\/wp\/v2\/tags?post=9298"}],"curies":[{"name":"wp","href":"https:\/\/api.w.org\/{rel}","templated":true}]}}