{"id":9336,"date":"2021-07-06T07:16:26","date_gmt":"2021-07-06T05:16:26","guid":{"rendered":"https:\/\/www.meslibellules.fr\/blog\/?p=9336"},"modified":"2021-07-06T12:13:45","modified_gmt":"2021-07-06T10:13:45","slug":"crocothemis-erythraea-accouplement-4-4","status":"publish","type":"post","link":"https:\/\/www.meslibellules.fr\/blog\/2021\/07\/06\/crocothemis-erythraea-accouplement-4-4\/","title":{"rendered":"Crocothemis erythraea : accouplement 4\/4"},"content":{"rendered":"\n<div class=\"wp-block-image\"><figure class=\"aligncenter size-large is-resized\"><a href=\"https:\/\/www.meslibellules.fr\/blog\/wp-content\/uploads\/crocothemis-erythraea-accouplement-7.jpg\"><img decoding=\"async\" data-src=\"https:\/\/www.meslibellules.fr\/blog\/wp-content\/uploads\/crocothemis-erythraea-accouplement-7.jpg\" alt=\"\" class=\"wp-image-9330 lazyload\" width=\"319\" height=\"374\" data-srcset=\"https:\/\/www.meslibellules.fr\/blog\/wp-content\/uploads\/\/crocothemis-erythraea-accouplement-7.jpg 1027w, https:\/\/www.meslibellules.fr\/blog\/wp-content\/uploads\/\/crocothemis-erythraea-accouplement-7-768x900.jpg 768w\" data-sizes=\"(max-width: 319px) 100vw, 319px\" src=\"data:image\/svg+xml;base64,PHN2ZyB3aWR0aD0iMSIgaGVpZ2h0PSIxIiB4bWxucz0iaHR0cDovL3d3dy53My5vcmcvMjAwMC9zdmciPjwvc3ZnPg==\" style=\"--smush-placeholder-width: 319px; --smush-placeholder-aspect-ratio: 319\/374;\" \/><\/a><figcaption>Crocothemis erythraea accouplement, Longu\u00e9-Jumelles (France-49), 25\/08\/2019<\/figcaption><\/figure><\/div>\n\n\n\n<p style=\"font-size:15px\">Je fais tous les ans au moins un tour sur cet \u00e9tang forestier \u00e0 plus une heure de route afin d&rsquo;y retrouver la petite population de Sympetrum danae qui y a \u00e9tonnamment \u00e9lu domicile. En progressant le long de la berge sous le couvert des arbres, j&rsquo;ai vu  se poser ce tandem \u00e0 quelques m\u00e8tres devant moi, sur une branche au-dessus de l&rsquo;eau. Arriver \u00e0 photographier un tandem est encore plus rare que de fixer un accouplement : si l&rsquo;accouplement est bref, g\u00e9n\u00e9ralement uniquement a\u00e9rien, les partenaires se s\u00e9parent aussit\u00f4t et il n&rsquo;y a normalement pas de formation en tandem. C&rsquo;est d&rsquo;ailleurs la premi\u00e8re fois que j&rsquo;en observe un. D\u00e9rang\u00e9 sans doute par mon approche le couple s&rsquo;est d\u00e9plac\u00e9 d&rsquo;un m\u00e8tre avant de tenter de s&rsquo;accoupler. <\/p>\n\n\n\n<figure class=\"wp-block-gallery columns-2 is-cropped wp-block-gallery-1 is-layout-flex wp-block-gallery-is-layout-flex\"><ul class=\"blocks-gallery-grid\"><li class=\"blocks-gallery-item\"><figure><a href=\"https:\/\/www.meslibellules.fr\/blog\/wp-content\/uploads\/crocothemis-erythraea-accouplement-11.jpg\"><img decoding=\"async\" width=\"619\" height=\"600\" data-src=\"https:\/\/www.meslibellules.fr\/blog\/wp-content\/uploads\/crocothemis-erythraea-accouplement-11.jpg\" alt=\"Crocothemis erythraea accouplement, Longu\u00e9-Jumelles (France-49), 25\/08\/2016\" data-id=\"9334\" data-full-url=\"https:\/\/www.meslibellules.fr\/blog\/wp-content\/uploads\/crocothemis-erythraea-accouplement-11.jpg\" data-link=\"https:\/\/www.meslibellules.fr\/blog\/crocothemis-erythraea-accouplement-11\/\" class=\"wp-image-9334 lazyload\" src=\"data:image\/svg+xml;base64,PHN2ZyB3aWR0aD0iMSIgaGVpZ2h0PSIxIiB4bWxucz0iaHR0cDovL3d3dy53My5vcmcvMjAwMC9zdmciPjwvc3ZnPg==\" style=\"--smush-placeholder-width: 619px; --smush-placeholder-aspect-ratio: 619\/600;\" \/><\/a><\/figure><\/li><li class=\"blocks-gallery-item\"><figure><a href=\"https:\/\/www.meslibellules.fr\/blog\/wp-content\/uploads\/crocothemis-erythraea-accouplement-10.jpg\"><img decoding=\"async\" width=\"842\" height=\"600\" data-src=\"https:\/\/www.meslibellules.fr\/blog\/wp-content\/uploads\/crocothemis-erythraea-accouplement-10.jpg\" alt=\"Crocothemis erythraea accouplement, Longu\u00e9-Jumelles (France-49), 25\/08\/2016\" data-id=\"9333\" data-full-url=\"https:\/\/www.meslibellules.fr\/blog\/wp-content\/uploads\/crocothemis-erythraea-accouplement-10.jpg\" data-link=\"https:\/\/www.meslibellules.fr\/blog\/crocothemis-erythraea-accouplement-10\/\" class=\"wp-image-9333 lazyload\" data-srcset=\"https:\/\/www.meslibellules.fr\/blog\/wp-content\/uploads\/\/crocothemis-erythraea-accouplement-10.jpg 842w, https:\/\/www.meslibellules.fr\/blog\/wp-content\/uploads\/\/crocothemis-erythraea-accouplement-10-768x547.jpg 768w\" data-sizes=\"(max-width: 842px) 100vw, 842px\" src=\"data:image\/svg+xml;base64,PHN2ZyB3aWR0aD0iMSIgaGVpZ2h0PSIxIiB4bWxucz0iaHR0cDovL3d3dy53My5vcmcvMjAwMC9zdmciPjwvc3ZnPg==\" style=\"--smush-placeholder-width: 842px; --smush-placeholder-aspect-ratio: 842\/600;\" \/><\/a><\/figure><\/li><li class=\"blocks-gallery-item\"><figure><a href=\"https:\/\/www.meslibellules.fr\/blog\/wp-content\/uploads\/crocothemis-erythraea-accouplement-9.jpg\"><img decoding=\"async\" width=\"764\" height=\"600\" data-src=\"https:\/\/www.meslibellules.fr\/blog\/wp-content\/uploads\/crocothemis-erythraea-accouplement-9.jpg\" alt=\"Crocothemis erythraea accouplement, Longu\u00e9-Jumelles (France-49), 25\/08\/2016\" data-id=\"9332\" data-full-url=\"https:\/\/www.meslibellules.fr\/blog\/wp-content\/uploads\/crocothemis-erythraea-accouplement-9.jpg\" data-link=\"https:\/\/www.meslibellules.fr\/blog\/crocothemis-erythraea-accouplement-9\/\" class=\"wp-image-9332 lazyload\" src=\"data:image\/svg+xml;base64,PHN2ZyB3aWR0aD0iMSIgaGVpZ2h0PSIxIiB4bWxucz0iaHR0cDovL3d3dy53My5vcmcvMjAwMC9zdmciPjwvc3ZnPg==\" style=\"--smush-placeholder-width: 764px; --smush-placeholder-aspect-ratio: 764\/600;\" \/><\/a><\/figure><\/li><li class=\"blocks-gallery-item\"><figure><a href=\"https:\/\/www.meslibellules.fr\/blog\/wp-content\/uploads\/crocothemis-erythraea-accouplement-8.jpg\"><img decoding=\"async\" width=\"936\" height=\"600\" data-src=\"https:\/\/www.meslibellules.fr\/blog\/wp-content\/uploads\/crocothemis-erythraea-accouplement-8.jpg\" alt=\"Crocothemis erythraea accouplement, Longu\u00e9-Jumelles (France-49), 25\/08\/2016\" data-id=\"9331\" data-full-url=\"https:\/\/www.meslibellules.fr\/blog\/wp-content\/uploads\/crocothemis-erythraea-accouplement-8.jpg\" data-link=\"https:\/\/www.meslibellules.fr\/blog\/crocothemis-erythraea-accouplement-8\/\" class=\"wp-image-9331 lazyload\" data-srcset=\"https:\/\/www.meslibellules.fr\/blog\/wp-content\/uploads\/\/crocothemis-erythraea-accouplement-8.jpg 936w, https:\/\/www.meslibellules.fr\/blog\/wp-content\/uploads\/\/crocothemis-erythraea-accouplement-8-768x492.jpg 768w\" data-sizes=\"(max-width: 936px) 100vw, 936px\" src=\"data:image\/svg+xml;base64,PHN2ZyB3aWR0aD0iMSIgaGVpZ2h0PSIxIiB4bWxucz0iaHR0cDovL3d3dy53My5vcmcvMjAwMC9zdmciPjwvc3ZnPg==\" style=\"--smush-placeholder-width: 936px; --smush-placeholder-aspect-ratio: 936\/600;\" \/><\/a><\/figure><\/li><\/ul><\/figure>\n\n\n\n<div class=\"wp-block-image\"><figure class=\"aligncenter size-large is-resized\"><a href=\"https:\/\/www.meslibellules.fr\/blog\/wp-content\/uploads\/crocothemis-erythraea-accouplement-12.jpg\"><img decoding=\"async\" data-src=\"https:\/\/www.meslibellules.fr\/blog\/wp-content\/uploads\/crocothemis-erythraea-accouplement-12.jpg\" alt=\"Crocothemis erythraea accouplement, Longu\u00e9-Jumelles (France-49), 25\/08\/2016\" class=\"wp-image-9335 lazyload\" width=\"326\" height=\"352\" data-srcset=\"https:\/\/www.meslibellules.fr\/blog\/wp-content\/uploads\/\/crocothemis-erythraea-accouplement-12.jpg 1115w, https:\/\/www.meslibellules.fr\/blog\/wp-content\/uploads\/\/crocothemis-erythraea-accouplement-12-768x829.jpg 768w\" data-sizes=\"(max-width: 326px) 100vw, 326px\" src=\"data:image\/svg+xml;base64,PHN2ZyB3aWR0aD0iMSIgaGVpZ2h0PSIxIiB4bWxucz0iaHR0cDovL3d3dy53My5vcmcvMjAwMC9zdmciPjwvc3ZnPg==\" style=\"--smush-placeholder-width: 326px; --smush-placeholder-aspect-ratio: 326\/352;\" \/><\/a><\/figure><\/div>\n\n\n\n<p style=\"font-size:15px\">La tentative n&rsquo;est pas concluante et la femelle s&rsquo;est laiss\u00e9e pendre sous le m\u00e2le : la sc\u00e8ne a dur\u00e9 10 secondes depuis la premi\u00e8re photo, d&rsquo;o\u00f9 le manque de nettet\u00e9 des clich\u00e9s.<br>La sc\u00e8ne se r\u00e9p\u00e8te de supports en supports, \u00e0 chaque fois un petit bond de quelques m\u00e8tres, \u00e0 peine, sans jamais parvenir \u00e0 assurer un accouplement qui dure au moins quelques secondes. Quelque chose semble g\u00eaner le couple qui se d\u00e9place \u00e0 chaque tentative rat\u00e9e.<\/p>\n\n\n\n<figure class=\"wp-block-gallery columns-2 is-cropped wp-block-gallery-2 is-layout-flex wp-block-gallery-is-layout-flex\"><ul class=\"blocks-gallery-grid\"><li class=\"blocks-gallery-item\"><figure><a href=\"https:\/\/www.meslibellules.fr\/blog\/wp-content\/uploads\/crocothemis-erythraea-accouplement-13.jpg\"><img decoding=\"async\" width=\"1570\" height=\"941\" data-src=\"https:\/\/www.meslibellules.fr\/blog\/wp-content\/uploads\/crocothemis-erythraea-accouplement-13.jpg\" alt=\"Crocothemis erythraea accouplement, Longu\u00e9-Jumelles (France-49), 25\/08\/2019\" data-id=\"9340\" data-full-url=\"https:\/\/www.meslibellules.fr\/blog\/wp-content\/uploads\/crocothemis-erythraea-accouplement-13.jpg\" data-link=\"https:\/\/www.meslibellules.fr\/blog\/crocothemis-erythraea-accouplement-13\/\" class=\"wp-image-9340 lazyload\" data-srcset=\"https:\/\/www.meslibellules.fr\/blog\/wp-content\/uploads\/\/crocothemis-erythraea-accouplement-13.jpg 1570w, https:\/\/www.meslibellules.fr\/blog\/wp-content\/uploads\/\/crocothemis-erythraea-accouplement-13-768x460.jpg 768w, https:\/\/www.meslibellules.fr\/blog\/wp-content\/uploads\/\/crocothemis-erythraea-accouplement-13-1536x921.jpg 1536w, https:\/\/www.meslibellules.fr\/blog\/wp-content\/uploads\/\/crocothemis-erythraea-accouplement-13-1200x719.jpg 1200w\" data-sizes=\"(max-width: 1570px) 100vw, 1570px\" src=\"data:image\/svg+xml;base64,PHN2ZyB3aWR0aD0iMSIgaGVpZ2h0PSIxIiB4bWxucz0iaHR0cDovL3d3dy53My5vcmcvMjAwMC9zdmciPjwvc3ZnPg==\" style=\"--smush-placeholder-width: 1570px; --smush-placeholder-aspect-ratio: 1570\/941;\" \/><\/a><\/figure><\/li><li class=\"blocks-gallery-item\"><figure><a href=\"https:\/\/www.meslibellules.fr\/blog\/wp-content\/uploads\/crocothemis-erythraea-accouplement-14.jpg\"><img decoding=\"async\" width=\"1110\" height=\"1204\" data-src=\"https:\/\/www.meslibellules.fr\/blog\/wp-content\/uploads\/crocothemis-erythraea-accouplement-14.jpg\" alt=\"Crocothemis erythraea accouplement, Longu\u00e9-Jumelles (France-49), 25\/08\/2019\" data-id=\"9341\" data-full-url=\"https:\/\/www.meslibellules.fr\/blog\/wp-content\/uploads\/crocothemis-erythraea-accouplement-14.jpg\" data-link=\"https:\/\/www.meslibellules.fr\/blog\/crocothemis-erythraea-accouplement-14\/\" class=\"wp-image-9341 lazyload\" data-srcset=\"https:\/\/www.meslibellules.fr\/blog\/wp-content\/uploads\/\/crocothemis-erythraea-accouplement-14.jpg 1110w, https:\/\/www.meslibellules.fr\/blog\/wp-content\/uploads\/\/crocothemis-erythraea-accouplement-14-768x833.jpg 768w\" data-sizes=\"(max-width: 1110px) 100vw, 1110px\" src=\"data:image\/svg+xml;base64,PHN2ZyB3aWR0aD0iMSIgaGVpZ2h0PSIxIiB4bWxucz0iaHR0cDovL3d3dy53My5vcmcvMjAwMC9zdmciPjwvc3ZnPg==\" style=\"--smush-placeholder-width: 1110px; --smush-placeholder-aspect-ratio: 1110\/1204;\" \/><\/a><\/figure><\/li><li class=\"blocks-gallery-item\"><figure><a href=\"https:\/\/www.meslibellules.fr\/blog\/wp-content\/uploads\/crocothemis-erythraea-accouplement-15.jpg\"><img decoding=\"async\" width=\"1525\" height=\"1204\" data-src=\"https:\/\/www.meslibellules.fr\/blog\/wp-content\/uploads\/crocothemis-erythraea-accouplement-15.jpg\" alt=\"Crocothemis erythraea accouplement, Longu\u00e9-Jumelles (France-49), 25\/08\/2019\" data-id=\"9342\" data-full-url=\"https:\/\/www.meslibellules.fr\/blog\/wp-content\/uploads\/crocothemis-erythraea-accouplement-15.jpg\" data-link=\"https:\/\/www.meslibellules.fr\/blog\/crocothemis-erythraea-accouplement-15\/\" class=\"wp-image-9342 lazyload\" data-srcset=\"https:\/\/www.meslibellules.fr\/blog\/wp-content\/uploads\/\/crocothemis-erythraea-accouplement-15.jpg 1525w, https:\/\/www.meslibellules.fr\/blog\/wp-content\/uploads\/\/crocothemis-erythraea-accouplement-15-768x606.jpg 768w, https:\/\/www.meslibellules.fr\/blog\/wp-content\/uploads\/\/crocothemis-erythraea-accouplement-15-1200x947.jpg 1200w\" data-sizes=\"(max-width: 1525px) 100vw, 1525px\" src=\"data:image\/svg+xml;base64,PHN2ZyB3aWR0aD0iMSIgaGVpZ2h0PSIxIiB4bWxucz0iaHR0cDovL3d3dy53My5vcmcvMjAwMC9zdmciPjwvc3ZnPg==\" style=\"--smush-placeholder-width: 1525px; --smush-placeholder-aspect-ratio: 1525\/1204;\" \/><\/a><\/figure><\/li><li class=\"blocks-gallery-item\"><figure><a href=\"https:\/\/www.meslibellules.fr\/blog\/wp-content\/uploads\/crocothemis-erythraea-accouplement-16.jpg\"><img decoding=\"async\" width=\"1588\" height=\"1204\" data-src=\"https:\/\/www.meslibellules.fr\/blog\/wp-content\/uploads\/crocothemis-erythraea-accouplement-16.jpg\" alt=\"Crocothemis erythraea accouplement, Longu\u00e9-Jumelles (France-49), 25\/08\/2019\" data-id=\"9343\" data-full-url=\"https:\/\/www.meslibellules.fr\/blog\/wp-content\/uploads\/crocothemis-erythraea-accouplement-16.jpg\" data-link=\"https:\/\/www.meslibellules.fr\/blog\/crocothemis-erythraea-accouplement-16\/\" class=\"wp-image-9343 lazyload\" data-srcset=\"https:\/\/www.meslibellules.fr\/blog\/wp-content\/uploads\/\/crocothemis-erythraea-accouplement-16.jpg 1588w, https:\/\/www.meslibellules.fr\/blog\/wp-content\/uploads\/\/crocothemis-erythraea-accouplement-16-768x582.jpg 768w, https:\/\/www.meslibellules.fr\/blog\/wp-content\/uploads\/\/crocothemis-erythraea-accouplement-16-1536x1165.jpg 1536w, https:\/\/www.meslibellules.fr\/blog\/wp-content\/uploads\/\/crocothemis-erythraea-accouplement-16-1200x910.jpg 1200w\" data-sizes=\"(max-width: 1588px) 100vw, 1588px\" src=\"data:image\/svg+xml;base64,PHN2ZyB3aWR0aD0iMSIgaGVpZ2h0PSIxIiB4bWxucz0iaHR0cDovL3d3dy53My5vcmcvMjAwMC9zdmciPjwvc3ZnPg==\" style=\"--smush-placeholder-width: 1588px; --smush-placeholder-aspect-ratio: 1588\/1204;\" \/><\/a><\/figure><\/li><\/ul><\/figure>\n\n\n\n<p style=\"font-size:15px\">Ce n&rsquo;est que sur l&rsquo;\u00e9cran de l&rsquo;ordinateur que j&rsquo;ai compris, en partie, le probl\u00e8me. Comme on le voit ci-dessous, le pore g\u00e9nital de la femelle, est obstru\u00e9, occup\u00e9 par quelque chose que je ne peux pas identifier. On distingue tr\u00e8s bien la lame vulvaire perpendiculaire \u00e0 l&rsquo;abdomen et \u00e0 sa gauche une masse inidentifiable. Je ne pense pas que les \u0153ufs aient ni cet aspect ni cette couleur. Mais cette substance emp\u00eache certainement l&rsquo;appariement des pi\u00e8ces g\u00e9nitales et en tout cas l&rsquo;introduction de l&rsquo;appareil g\u00e9nital m\u00e2le.<\/p>\n\n\n\n<figure class=\"wp-block-gallery columns-2 is-cropped wp-block-gallery-3 is-layout-flex wp-block-gallery-is-layout-flex\"><ul class=\"blocks-gallery-grid\"><li class=\"blocks-gallery-item\"><figure><a href=\"https:\/\/www.meslibellules.fr\/blog\/wp-content\/uploads\/crocothemis-erythraea-accouplement-17.jpg\"><img decoding=\"async\" width=\"1594\" height=\"1204\" data-src=\"https:\/\/www.meslibellules.fr\/blog\/wp-content\/uploads\/crocothemis-erythraea-accouplement-17.jpg\" alt=\"Crocothemis erythraea accouplement, Longu\u00e9-Jumelles (France-49), 25\/08\/2019\" data-id=\"9345\" data-full-url=\"https:\/\/www.meslibellules.fr\/blog\/wp-content\/uploads\/crocothemis-erythraea-accouplement-17.jpg\" data-link=\"https:\/\/www.meslibellules.fr\/blog\/crocothemis-erythraea-accouplement-17\/\" class=\"wp-image-9345 lazyload\" data-srcset=\"https:\/\/www.meslibellules.fr\/blog\/wp-content\/uploads\/\/crocothemis-erythraea-accouplement-17.jpg 1594w, https:\/\/www.meslibellules.fr\/blog\/wp-content\/uploads\/\/crocothemis-erythraea-accouplement-17-768x580.jpg 768w, https:\/\/www.meslibellules.fr\/blog\/wp-content\/uploads\/\/crocothemis-erythraea-accouplement-17-1536x1160.jpg 1536w, https:\/\/www.meslibellules.fr\/blog\/wp-content\/uploads\/\/crocothemis-erythraea-accouplement-17-1200x906.jpg 1200w\" data-sizes=\"(max-width: 1594px) 100vw, 1594px\" src=\"data:image\/svg+xml;base64,PHN2ZyB3aWR0aD0iMSIgaGVpZ2h0PSIxIiB4bWxucz0iaHR0cDovL3d3dy53My5vcmcvMjAwMC9zdmciPjwvc3ZnPg==\" style=\"--smush-placeholder-width: 1594px; --smush-placeholder-aspect-ratio: 1594\/1204;\" \/><\/a><\/figure><\/li><li class=\"blocks-gallery-item\"><figure><a href=\"https:\/\/www.meslibellules.fr\/blog\/wp-content\/uploads\/crocothemis-erythraea-accouplement-18.jpg\"><img decoding=\"async\" width=\"516\" height=\"349\" data-src=\"https:\/\/www.meslibellules.fr\/blog\/wp-content\/uploads\/crocothemis-erythraea-accouplement-18.jpg\" alt=\"Crocothemis erythraea accouplement, Longu\u00e9-Jumelles (France-49), 25\/08\/2019\" data-id=\"9346\" data-full-url=\"https:\/\/www.meslibellules.fr\/blog\/wp-content\/uploads\/crocothemis-erythraea-accouplement-18.jpg\" data-link=\"https:\/\/www.meslibellules.fr\/blog\/crocothemis-erythraea-accouplement-18\/\" class=\"wp-image-9346 lazyload\" src=\"data:image\/svg+xml;base64,PHN2ZyB3aWR0aD0iMSIgaGVpZ2h0PSIxIiB4bWxucz0iaHR0cDovL3d3dy53My5vcmcvMjAwMC9zdmciPjwvc3ZnPg==\" style=\"--smush-placeholder-width: 516px; --smush-placeholder-aspect-ratio: 516\/349;\" \/><\/a><\/figure><\/li><\/ul><\/figure>\n\n\n\n<p style=\"font-size:15px\">Ils essaieront encore une fois, ayant encore chang\u00e9 de support. Sans plus de succ\u00e8s, bien s\u00fbr.<\/p>\n\n\n\n<div class=\"wp-block-image\"><figure class=\"aligncenter size-large is-resized\"><a href=\"https:\/\/www.meslibellules.fr\/blog\/wp-content\/uploads\/crocothemis-erythraea-accouplement-19.jpg\"><img decoding=\"async\" data-src=\"https:\/\/www.meslibellules.fr\/blog\/wp-content\/uploads\/crocothemis-erythraea-accouplement-19.jpg\" alt=\"Crocothemis erythraea accouplement, Longu\u00e9-Jumelles (France-49), 25\/08\/2019\" class=\"wp-image-9347 lazyload\" width=\"367\" height=\"337\" data-srcset=\"https:\/\/www.meslibellules.fr\/blog\/wp-content\/uploads\/\/crocothemis-erythraea-accouplement-19.jpg 1308w, https:\/\/www.meslibellules.fr\/blog\/wp-content\/uploads\/\/crocothemis-erythraea-accouplement-19-768x707.jpg 768w, https:\/\/www.meslibellules.fr\/blog\/wp-content\/uploads\/\/crocothemis-erythraea-accouplement-19-1200x1105.jpg 1200w\" data-sizes=\"(max-width: 367px) 100vw, 367px\" src=\"data:image\/svg+xml;base64,PHN2ZyB3aWR0aD0iMSIgaGVpZ2h0PSIxIiB4bWxucz0iaHR0cDovL3d3dy53My5vcmcvMjAwMC9zdmciPjwvc3ZnPg==\" style=\"--smush-placeholder-width: 367px; --smush-placeholder-aspect-ratio: 367\/337;\" \/><\/a><figcaption>Crocothemis erythraea accouplement, Longu\u00e9-Jumelles (France-49), 25\/08\/2019<\/figcaption><\/figure><\/div>\n\n\n\n<p style=\"font-size:15px\">Et lass\u00e9s sans doute par leurs efforts et par ma pr\u00e9sence insistante ils se sont s\u00e9par\u00e9s et ont disparu en une seconde&#8230;<\/p>\n\n\n\n<div class=\"wp-block-image\"><figure class=\"aligncenter size-large is-resized\"><a href=\"https:\/\/www.meslibellules.fr\/blog\/wp-content\/uploads\/crocothemis-erythraea-accouplement-20.jpg\"><img decoding=\"async\" data-src=\"https:\/\/www.meslibellules.fr\/blog\/wp-content\/uploads\/crocothemis-erythraea-accouplement-20.jpg\" alt=\"Crocothemis erythraea accouplement, Longu\u00e9-Jumelles (France-49), 25\/08\/2019\" class=\"wp-image-9348 lazyload\" width=\"383\" height=\"375\" data-srcset=\"https:\/\/www.meslibellules.fr\/blog\/wp-content\/uploads\/\/crocothemis-erythraea-accouplement-20.jpg 1229w, https:\/\/www.meslibellules.fr\/blog\/wp-content\/uploads\/\/crocothemis-erythraea-accouplement-20-768x752.jpg 768w, https:\/\/www.meslibellules.fr\/blog\/wp-content\/uploads\/\/crocothemis-erythraea-accouplement-20-1200x1176.jpg 1200w\" data-sizes=\"(max-width: 383px) 100vw, 383px\" src=\"data:image\/svg+xml;base64,PHN2ZyB3aWR0aD0iMSIgaGVpZ2h0PSIxIiB4bWxucz0iaHR0cDovL3d3dy53My5vcmcvMjAwMC9zdmciPjwvc3ZnPg==\" style=\"--smush-placeholder-width: 383px; --smush-placeholder-aspect-ratio: 383\/375;\" \/><\/a><figcaption>Crocothemis erythraea accouplement, Longu\u00e9-Jumelles (France-49), 25\/08\/2019<\/figcaption><\/figure><\/div>\n\n\n\n<p style=\"font-size:15px\">Il faut dire que je me suis approch\u00e9 vraiment tr\u00e8s pr\u00e8s et c&rsquo;est l&rsquo;occasion d&rsquo;observer comment le m\u00e2le cramponne la femelle ; les cerco\u00efdes ont disparu derri\u00e8re la t\u00eate de la femelle, entre les 2 yeux, tandis que la lame supra-anale prend un contre-appui entre les 2 yeux et sur le front, par devant.<\/p>\n\n\n\n\n\n\n\n<figure class=\"wp-block-image size-large\"><a href=\"https:\/\/www.meslibellules.fr\/blog\/2019\/08\/27\/crocothemis-erythraea-accouplement-3-3\/\"><img decoding=\"async\" width=\"100\" height=\"20\" data-src=\"https:\/\/www.meslibellules.fr\/blog\/wp-content\/uploads\/retour.gif\" alt=\"\" class=\"wp-image-8468 lazyload\" src=\"data:image\/svg+xml;base64,PHN2ZyB3aWR0aD0iMSIgaGVpZ2h0PSIxIiB4bWxucz0iaHR0cDovL3d3dy53My5vcmcvMjAwMC9zdmciPjwvc3ZnPg==\" style=\"--smush-placeholder-width: 100px; --smush-placeholder-aspect-ratio: 100\/20;\" \/><\/a><\/figure>\n\n\n\n<figure class=\"wp-block-image size-large\"><a href=\"http:\/\/www.meslibellules.fr\/pagesweb\/libellulidae\/crocothemis\/erythraea\/crocothemis-erythraea-accueil.php\"><img decoding=\"async\" width=\"100\" height=\"20\" data-src=\"https:\/\/www.meslibellules.fr\/blog\/wp-content\/uploads\/accueil_erythraea.gif\" alt=\"\" class=\"wp-image-3694 lazyload\" src=\"data:image\/svg+xml;base64,PHN2ZyB3aWR0aD0iMSIgaGVpZ2h0PSIxIiB4bWxucz0iaHR0cDovL3d3dy53My5vcmcvMjAwMC9zdmciPjwvc3ZnPg==\" style=\"--smush-placeholder-width: 100px; --smush-placeholder-aspect-ratio: 100\/20;\" \/><\/a><\/figure>\n","protected":false},"excerpt":{"rendered":"<p>Je fais tous les ans au moins un tour sur cet \u00e9tang forestier \u00e0 plus une heure de route afin d&rsquo;y retrouver la petite population de Sympetrum danae qui y a \u00e9tonnamment \u00e9lu domicile. En progressant le long de la berge sous le couvert des arbres, j&rsquo;ai vu se poser ce tandem \u00e0 quelques m\u00e8tres [&hellip;]<\/p>\n","protected":false},"author":1,"featured_media":0,"comment_status":"open","ping_status":"open","sticky":false,"template":"","format":"image","meta":{"site-sidebar-layout":"default","site-content-layout":"","ast-site-content-layout":"default","site-content-style":"default","site-sidebar-style":"default","ast-global-header-display":"","ast-banner-title-visibility":"","ast-main-header-display":"","ast-hfb-above-header-display":"","ast-hfb-below-header-display":"","ast-hfb-mobile-header-display":"","site-post-title":"","ast-breadcrumbs-content":"","ast-featured-img":"","footer-sml-layout":"","ast-disable-related-posts":"","theme-transparent-header-meta":"","adv-header-id-meta":"","stick-header-meta":"","header-above-stick-meta":"","header-main-stick-meta":"","header-below-stick-meta":"","astra-migrate-meta-layouts":"default","ast-page-background-enabled":"default","ast-page-background-meta":{"desktop":{"background-color":"var(--ast-global-color-4)","background-image":"","background-repeat":"repeat","background-position":"center center","background-size":"auto","background-attachment":"scroll","background-type":"","background-media":"","overlay-type":"","overlay-color":"","overlay-opacity":"","overlay-gradient":""},"tablet":{"background-color":"","background-image":"","background-repeat":"repeat","background-position":"center center","background-size":"auto","background-attachment":"scroll","background-type":"","background-media":"","overlay-type":"","overlay-color":"","overlay-opacity":"","overlay-gradient":""},"mobile":{"background-color":"","background-image":"","background-repeat":"repeat","background-position":"center center","background-size":"auto","background-attachment":"scroll","background-type":"","background-media":"","overlay-type":"","overlay-color":"","overlay-opacity":"","overlay-gradient":""}},"ast-content-background-meta":{"desktop":{"background-color":"var(--ast-global-color-5)","background-image":"","background-repeat":"repeat","background-position":"center center","background-size":"auto","background-attachment":"scroll","background-type":"","background-media":"","overlay-type":"","overlay-color":"","overlay-opacity":"","overlay-gradient":""},"tablet":{"background-color":"var(--ast-global-color-5)","background-image":"","background-repeat":"repeat","background-position":"center center","background-size":"auto","background-attachment":"scroll","background-type":"","background-media":"","overlay-type":"","overlay-color":"","overlay-opacity":"","overlay-gradient":""},"mobile":{"background-color":"var(--ast-global-color-5)","background-image":"","background-repeat":"repeat","background-position":"center center","background-size":"auto","background-attachment":"scroll","background-type":"","background-media":"","overlay-type":"","overlay-color":"","overlay-opacity":"","overlay-gradient":""}},"footnotes":""},"categories":[144,55,56],"tags":[146,606],"class_list":["post-9336","post","type-post","status-publish","format-image","hentry","category-crocothemis-erythraea","category-france","category-libellulidae-france","tag-accouplement","tag-crocothemis-erythraea","post_format-post-format-image"],"yoast_head":"<!-- This site is optimized with the Yoast SEO plugin v27.5 - https:\/\/yoast.com\/product\/yoast-seo-wordpress\/ -->\n<title>Crocothemis erythraea : accouplement 4\/4 - Mes Libellules<\/title>\n<meta name=\"robots\" content=\"index, follow, max-snippet:-1, max-image-preview:large, max-video-preview:-1\" \/>\n<link rel=\"canonical\" href=\"https:\/\/www.meslibellules.fr\/blog\/2021\/07\/06\/crocothemis-erythraea-accouplement-4-4\/\" \/>\n<meta property=\"og:locale\" content=\"fr_FR\" \/>\n<meta property=\"og:type\" content=\"article\" \/>\n<meta property=\"og:title\" content=\"Crocothemis erythraea : accouplement 4\/4 - Mes Libellules\" \/>\n<meta property=\"og:description\" content=\"Je fais tous les ans au moins un tour sur cet \u00e9tang forestier \u00e0 plus une heure de route afin d&rsquo;y retrouver la petite population de Sympetrum danae qui y a \u00e9tonnamment \u00e9lu domicile. En progressant le long de la berge sous le couvert des arbres, j&rsquo;ai vu se poser ce tandem \u00e0 quelques m\u00e8tres [&hellip;]\" \/>\n<meta property=\"og:url\" content=\"https:\/\/www.meslibellules.fr\/blog\/2021\/07\/06\/crocothemis-erythraea-accouplement-4-4\/\" \/>\n<meta property=\"og:site_name\" content=\"Mes Libellules\" \/>\n<meta property=\"article:publisher\" content=\"https:\/\/www.facebook.com\/benoit.guillon.96\/\" \/>\n<meta property=\"article:author\" content=\"https:\/\/www.facebook.com\/benoit.guillon.96\/\" \/>\n<meta property=\"article:published_time\" content=\"2021-07-06T05:16:26+00:00\" \/>\n<meta property=\"article:modified_time\" content=\"2021-07-06T10:13:45+00:00\" \/>\n<meta property=\"og:image\" content=\"https:\/\/www.meslibellules.fr\/blog\/wp-content\/uploads\/crocothemis-erythraea-accouplement-7.jpg\" \/>\n<meta name=\"author\" content=\"Beno\u00eet Guillon\" \/>\n<meta name=\"twitter:card\" content=\"summary_large_image\" \/>\n<meta name=\"twitter:label1\" content=\"\u00c9crit par\" \/>\n\t<meta name=\"twitter:data1\" content=\"Beno\u00eet Guillon\" \/>\n\t<meta name=\"twitter:label2\" content=\"Dur\u00e9e de lecture estim\u00e9e\" \/>\n\t<meta name=\"twitter:data2\" content=\"2 minutes\" \/>\n<script type=\"application\/ld+json\" class=\"yoast-schema-graph\">{\"@context\":\"https:\\\/\\\/schema.org\",\"@graph\":[{\"@type\":\"Article\",\"@id\":\"https:\\\/\\\/www.meslibellules.fr\\\/blog\\\/2021\\\/07\\\/06\\\/crocothemis-erythraea-accouplement-4-4\\\/#article\",\"isPartOf\":{\"@id\":\"https:\\\/\\\/www.meslibellules.fr\\\/blog\\\/2021\\\/07\\\/06\\\/crocothemis-erythraea-accouplement-4-4\\\/\"},\"author\":{\"name\":\"Beno\u00eet Guillon\",\"@id\":\"https:\\\/\\\/www.meslibellules.fr\\\/blog\\\/#\\\/schema\\\/person\\\/9aa3586f9dd053fcf329f43b8b053c77\"},\"headline\":\"Crocothemis erythraea : accouplement 4\\\/4\",\"datePublished\":\"2021-07-06T05:16:26+00:00\",\"dateModified\":\"2021-07-06T10:13:45+00:00\",\"mainEntityOfPage\":{\"@id\":\"https:\\\/\\\/www.meslibellules.fr\\\/blog\\\/2021\\\/07\\\/06\\\/crocothemis-erythraea-accouplement-4-4\\\/\"},\"wordCount\":454,\"commentCount\":3,\"publisher\":{\"@id\":\"https:\\\/\\\/www.meslibellules.fr\\\/blog\\\/#\\\/schema\\\/person\\\/9aa3586f9dd053fcf329f43b8b053c77\"},\"image\":{\"@id\":\"https:\\\/\\\/www.meslibellules.fr\\\/blog\\\/2021\\\/07\\\/06\\\/crocothemis-erythraea-accouplement-4-4\\\/#primaryimage\"},\"thumbnailUrl\":\"https:\\\/\\\/www.meslibellules.fr\\\/blog\\\/wp-content\\\/uploads\\\/crocothemis-erythraea-accouplement-7.jpg\",\"keywords\":[\"Accouplement\",\"Crocothemis erythraea\"],\"articleSection\":[\"Crocothemis erythraea\",\"France\",\"Libellulidae\"],\"inLanguage\":\"fr-FR\",\"potentialAction\":[{\"@type\":\"CommentAction\",\"name\":\"Comment\",\"target\":[\"https:\\\/\\\/www.meslibellules.fr\\\/blog\\\/2021\\\/07\\\/06\\\/crocothemis-erythraea-accouplement-4-4\\\/#respond\"]}]},{\"@type\":\"WebPage\",\"@id\":\"https:\\\/\\\/www.meslibellules.fr\\\/blog\\\/2021\\\/07\\\/06\\\/crocothemis-erythraea-accouplement-4-4\\\/\",\"url\":\"https:\\\/\\\/www.meslibellules.fr\\\/blog\\\/2021\\\/07\\\/06\\\/crocothemis-erythraea-accouplement-4-4\\\/\",\"name\":\"Crocothemis erythraea : accouplement 4\\\/4 - Mes Libellules\",\"isPartOf\":{\"@id\":\"https:\\\/\\\/www.meslibellules.fr\\\/blog\\\/#website\"},\"primaryImageOfPage\":{\"@id\":\"https:\\\/\\\/www.meslibellules.fr\\\/blog\\\/2021\\\/07\\\/06\\\/crocothemis-erythraea-accouplement-4-4\\\/#primaryimage\"},\"image\":{\"@id\":\"https:\\\/\\\/www.meslibellules.fr\\\/blog\\\/2021\\\/07\\\/06\\\/crocothemis-erythraea-accouplement-4-4\\\/#primaryimage\"},\"thumbnailUrl\":\"https:\\\/\\\/www.meslibellules.fr\\\/blog\\\/wp-content\\\/uploads\\\/crocothemis-erythraea-accouplement-7.jpg\",\"datePublished\":\"2021-07-06T05:16:26+00:00\",\"dateModified\":\"2021-07-06T10:13:45+00:00\",\"breadcrumb\":{\"@id\":\"https:\\\/\\\/www.meslibellules.fr\\\/blog\\\/2021\\\/07\\\/06\\\/crocothemis-erythraea-accouplement-4-4\\\/#breadcrumb\"},\"inLanguage\":\"fr-FR\",\"potentialAction\":[{\"@type\":\"ReadAction\",\"target\":[\"https:\\\/\\\/www.meslibellules.fr\\\/blog\\\/2021\\\/07\\\/06\\\/crocothemis-erythraea-accouplement-4-4\\\/\"]}]},{\"@type\":\"ImageObject\",\"inLanguage\":\"fr-FR\",\"@id\":\"https:\\\/\\\/www.meslibellules.fr\\\/blog\\\/2021\\\/07\\\/06\\\/crocothemis-erythraea-accouplement-4-4\\\/#primaryimage\",\"url\":\"https:\\\/\\\/www.meslibellules.fr\\\/blog\\\/wp-content\\\/uploads\\\/crocothemis-erythraea-accouplement-7.jpg\",\"contentUrl\":\"https:\\\/\\\/www.meslibellules.fr\\\/blog\\\/wp-content\\\/uploads\\\/crocothemis-erythraea-accouplement-7.jpg\",\"width\":1027,\"height\":1204,\"caption\":\"Crocothemis erythraea accouplement, Longu\u00e9-Jumelles (France-49), 25\\\/08\\\/2019\"},{\"@type\":\"BreadcrumbList\",\"@id\":\"https:\\\/\\\/www.meslibellules.fr\\\/blog\\\/2021\\\/07\\\/06\\\/crocothemis-erythraea-accouplement-4-4\\\/#breadcrumb\",\"itemListElement\":[{\"@type\":\"ListItem\",\"position\":1,\"name\":\"Accueil\",\"item\":\"https:\\\/\\\/www.meslibellules.fr\\\/blog\\\/\"},{\"@type\":\"ListItem\",\"position\":2,\"name\":\"Crocothemis erythraea : accouplement 4\\\/4\"}]},{\"@type\":\"WebSite\",\"@id\":\"https:\\\/\\\/www.meslibellules.fr\\\/blog\\\/#website\",\"url\":\"https:\\\/\\\/www.meslibellules.fr\\\/blog\\\/\",\"name\":\"Mes Libellules\",\"description\":\"Pr\u00e9sentation des libellules rencontr\u00e9es dans le monde\",\"publisher\":{\"@id\":\"https:\\\/\\\/www.meslibellules.fr\\\/blog\\\/#\\\/schema\\\/person\\\/9aa3586f9dd053fcf329f43b8b053c77\"},\"potentialAction\":[{\"@type\":\"SearchAction\",\"target\":{\"@type\":\"EntryPoint\",\"urlTemplate\":\"https:\\\/\\\/www.meslibellules.fr\\\/blog\\\/?s={search_term_string}\"},\"query-input\":{\"@type\":\"PropertyValueSpecification\",\"valueRequired\":true,\"valueName\":\"search_term_string\"}}],\"inLanguage\":\"fr-FR\"},{\"@type\":[\"Person\",\"Organization\"],\"@id\":\"https:\\\/\\\/www.meslibellules.fr\\\/blog\\\/#\\\/schema\\\/person\\\/9aa3586f9dd053fcf329f43b8b053c77\",\"name\":\"Beno\u00eet Guillon\",\"image\":{\"@type\":\"ImageObject\",\"inLanguage\":\"fr-FR\",\"@id\":\"https:\\\/\\\/www.meslibellules.fr\\\/blog\\\/wp-content\\\/uploads\\\/cropped-avatar-150-pix.jpg\",\"url\":\"https:\\\/\\\/www.meslibellules.fr\\\/blog\\\/wp-content\\\/uploads\\\/cropped-avatar-150-pix.jpg\",\"contentUrl\":\"https:\\\/\\\/www.meslibellules.fr\\\/blog\\\/wp-content\\\/uploads\\\/cropped-avatar-150-pix.jpg\",\"width\":150,\"height\":137,\"caption\":\"Beno\u00eet Guillon\"},\"logo\":{\"@id\":\"https:\\\/\\\/www.meslibellules.fr\\\/blog\\\/wp-content\\\/uploads\\\/cropped-avatar-150-pix.jpg\"},\"sameAs\":[\"https:\\\/\\\/www.facebook.com\\\/benoit.guillon.96\\\/\"]}]}<\/script>\n<!-- \/ Yoast SEO plugin. -->","yoast_head_json":{"title":"Crocothemis erythraea : accouplement 4\/4 - Mes Libellules","robots":{"index":"index","follow":"follow","max-snippet":"max-snippet:-1","max-image-preview":"max-image-preview:large","max-video-preview":"max-video-preview:-1"},"canonical":"https:\/\/www.meslibellules.fr\/blog\/2021\/07\/06\/crocothemis-erythraea-accouplement-4-4\/","og_locale":"fr_FR","og_type":"article","og_title":"Crocothemis erythraea : accouplement 4\/4 - Mes Libellules","og_description":"Je fais tous les ans au moins un tour sur cet \u00e9tang forestier \u00e0 plus une heure de route afin d&rsquo;y retrouver la petite population de Sympetrum danae qui y a \u00e9tonnamment \u00e9lu domicile. En progressant le long de la berge sous le couvert des arbres, j&rsquo;ai vu se poser ce tandem \u00e0 quelques m\u00e8tres [&hellip;]","og_url":"https:\/\/www.meslibellules.fr\/blog\/2021\/07\/06\/crocothemis-erythraea-accouplement-4-4\/","og_site_name":"Mes Libellules","article_publisher":"https:\/\/www.facebook.com\/benoit.guillon.96\/","article_author":"https:\/\/www.facebook.com\/benoit.guillon.96\/","article_published_time":"2021-07-06T05:16:26+00:00","article_modified_time":"2021-07-06T10:13:45+00:00","og_image":[{"url":"https:\/\/www.meslibellules.fr\/blog\/wp-content\/uploads\/crocothemis-erythraea-accouplement-7.jpg","type":"","width":"","height":""}],"author":"Beno\u00eet Guillon","twitter_card":"summary_large_image","twitter_misc":{"\u00c9crit par":"Beno\u00eet Guillon","Dur\u00e9e de lecture estim\u00e9e":"2 minutes"},"schema":{"@context":"https:\/\/schema.org","@graph":[{"@type":"Article","@id":"https:\/\/www.meslibellules.fr\/blog\/2021\/07\/06\/crocothemis-erythraea-accouplement-4-4\/#article","isPartOf":{"@id":"https:\/\/www.meslibellules.fr\/blog\/2021\/07\/06\/crocothemis-erythraea-accouplement-4-4\/"},"author":{"name":"Beno\u00eet Guillon","@id":"https:\/\/www.meslibellules.fr\/blog\/#\/schema\/person\/9aa3586f9dd053fcf329f43b8b053c77"},"headline":"Crocothemis erythraea : accouplement 4\/4","datePublished":"2021-07-06T05:16:26+00:00","dateModified":"2021-07-06T10:13:45+00:00","mainEntityOfPage":{"@id":"https:\/\/www.meslibellules.fr\/blog\/2021\/07\/06\/crocothemis-erythraea-accouplement-4-4\/"},"wordCount":454,"commentCount":3,"publisher":{"@id":"https:\/\/www.meslibellules.fr\/blog\/#\/schema\/person\/9aa3586f9dd053fcf329f43b8b053c77"},"image":{"@id":"https:\/\/www.meslibellules.fr\/blog\/2021\/07\/06\/crocothemis-erythraea-accouplement-4-4\/#primaryimage"},"thumbnailUrl":"https:\/\/www.meslibellules.fr\/blog\/wp-content\/uploads\/crocothemis-erythraea-accouplement-7.jpg","keywords":["Accouplement","Crocothemis erythraea"],"articleSection":["Crocothemis erythraea","France","Libellulidae"],"inLanguage":"fr-FR","potentialAction":[{"@type":"CommentAction","name":"Comment","target":["https:\/\/www.meslibellules.fr\/blog\/2021\/07\/06\/crocothemis-erythraea-accouplement-4-4\/#respond"]}]},{"@type":"WebPage","@id":"https:\/\/www.meslibellules.fr\/blog\/2021\/07\/06\/crocothemis-erythraea-accouplement-4-4\/","url":"https:\/\/www.meslibellules.fr\/blog\/2021\/07\/06\/crocothemis-erythraea-accouplement-4-4\/","name":"Crocothemis erythraea : accouplement 4\/4 - Mes Libellules","isPartOf":{"@id":"https:\/\/www.meslibellules.fr\/blog\/#website"},"primaryImageOfPage":{"@id":"https:\/\/www.meslibellules.fr\/blog\/2021\/07\/06\/crocothemis-erythraea-accouplement-4-4\/#primaryimage"},"image":{"@id":"https:\/\/www.meslibellules.fr\/blog\/2021\/07\/06\/crocothemis-erythraea-accouplement-4-4\/#primaryimage"},"thumbnailUrl":"https:\/\/www.meslibellules.fr\/blog\/wp-content\/uploads\/crocothemis-erythraea-accouplement-7.jpg","datePublished":"2021-07-06T05:16:26+00:00","dateModified":"2021-07-06T10:13:45+00:00","breadcrumb":{"@id":"https:\/\/www.meslibellules.fr\/blog\/2021\/07\/06\/crocothemis-erythraea-accouplement-4-4\/#breadcrumb"},"inLanguage":"fr-FR","potentialAction":[{"@type":"ReadAction","target":["https:\/\/www.meslibellules.fr\/blog\/2021\/07\/06\/crocothemis-erythraea-accouplement-4-4\/"]}]},{"@type":"ImageObject","inLanguage":"fr-FR","@id":"https:\/\/www.meslibellules.fr\/blog\/2021\/07\/06\/crocothemis-erythraea-accouplement-4-4\/#primaryimage","url":"https:\/\/www.meslibellules.fr\/blog\/wp-content\/uploads\/crocothemis-erythraea-accouplement-7.jpg","contentUrl":"https:\/\/www.meslibellules.fr\/blog\/wp-content\/uploads\/crocothemis-erythraea-accouplement-7.jpg","width":1027,"height":1204,"caption":"Crocothemis erythraea accouplement, Longu\u00e9-Jumelles (France-49), 25\/08\/2019"},{"@type":"BreadcrumbList","@id":"https:\/\/www.meslibellules.fr\/blog\/2021\/07\/06\/crocothemis-erythraea-accouplement-4-4\/#breadcrumb","itemListElement":[{"@type":"ListItem","position":1,"name":"Accueil","item":"https:\/\/www.meslibellules.fr\/blog\/"},{"@type":"ListItem","position":2,"name":"Crocothemis erythraea : accouplement 4\/4"}]},{"@type":"WebSite","@id":"https:\/\/www.meslibellules.fr\/blog\/#website","url":"https:\/\/www.meslibellules.fr\/blog\/","name":"Mes Libellules","description":"Pr\u00e9sentation des libellules rencontr\u00e9es dans le monde","publisher":{"@id":"https:\/\/www.meslibellules.fr\/blog\/#\/schema\/person\/9aa3586f9dd053fcf329f43b8b053c77"},"potentialAction":[{"@type":"SearchAction","target":{"@type":"EntryPoint","urlTemplate":"https:\/\/www.meslibellules.fr\/blog\/?s={search_term_string}"},"query-input":{"@type":"PropertyValueSpecification","valueRequired":true,"valueName":"search_term_string"}}],"inLanguage":"fr-FR"},{"@type":["Person","Organization"],"@id":"https:\/\/www.meslibellules.fr\/blog\/#\/schema\/person\/9aa3586f9dd053fcf329f43b8b053c77","name":"Beno\u00eet Guillon","image":{"@type":"ImageObject","inLanguage":"fr-FR","@id":"https:\/\/www.meslibellules.fr\/blog\/wp-content\/uploads\/cropped-avatar-150-pix.jpg","url":"https:\/\/www.meslibellules.fr\/blog\/wp-content\/uploads\/cropped-avatar-150-pix.jpg","contentUrl":"https:\/\/www.meslibellules.fr\/blog\/wp-content\/uploads\/cropped-avatar-150-pix.jpg","width":150,"height":137,"caption":"Beno\u00eet Guillon"},"logo":{"@id":"https:\/\/www.meslibellules.fr\/blog\/wp-content\/uploads\/cropped-avatar-150-pix.jpg"},"sameAs":["https:\/\/www.facebook.com\/benoit.guillon.96\/"]}]}},"_links":{"self":[{"href":"https:\/\/www.meslibellules.fr\/blog\/wp-json\/wp\/v2\/posts\/9336","targetHints":{"allow":["GET"]}}],"collection":[{"href":"https:\/\/www.meslibellules.fr\/blog\/wp-json\/wp\/v2\/posts"}],"about":[{"href":"https:\/\/www.meslibellules.fr\/blog\/wp-json\/wp\/v2\/types\/post"}],"author":[{"embeddable":true,"href":"https:\/\/www.meslibellules.fr\/blog\/wp-json\/wp\/v2\/users\/1"}],"replies":[{"embeddable":true,"href":"https:\/\/www.meslibellules.fr\/blog\/wp-json\/wp\/v2\/comments?post=9336"}],"version-history":[{"count":0,"href":"https:\/\/www.meslibellules.fr\/blog\/wp-json\/wp\/v2\/posts\/9336\/revisions"}],"wp:attachment":[{"href":"https:\/\/www.meslibellules.fr\/blog\/wp-json\/wp\/v2\/media?parent=9336"}],"wp:term":[{"taxonomy":"category","embeddable":true,"href":"https:\/\/www.meslibellules.fr\/blog\/wp-json\/wp\/v2\/categories?post=9336"},{"taxonomy":"post_tag","embeddable":true,"href":"https:\/\/www.meslibellules.fr\/blog\/wp-json\/wp\/v2\/tags?post=9336"}],"curies":[{"name":"wp","href":"https:\/\/api.w.org\/{rel}","templated":true}]}}