{"id":9427,"date":"2021-07-25T17:36:45","date_gmt":"2021-07-25T15:36:45","guid":{"rendered":"https:\/\/www.meslibellules.fr\/blog\/?p=9427"},"modified":"2021-07-25T17:36:46","modified_gmt":"2021-07-25T15:36:46","slug":"orthetrum-cancellatum-ponte-3-3","status":"publish","type":"post","link":"https:\/\/www.meslibellules.fr\/blog\/2021\/07\/25\/orthetrum-cancellatum-ponte-3-3\/","title":{"rendered":"Orthetrum cancellatum : ponte 3\/3"},"content":{"rendered":"\n<div class=\"wp-block-image\"><figure class=\"aligncenter size-full is-resized\"><a href=\"https:\/\/www.meslibellules.fr\/blog\/wp-content\/uploads\/ortherum-cancellatum-male-ponte-3.jpg\"><img decoding=\"async\" data-src=\"https:\/\/www.meslibellules.fr\/blog\/wp-content\/uploads\/ortherum-cancellatum-male-ponte-3.jpg\" alt=\"Orthetrum cancellatum m\u00e2le, Jallais (France-49), 18\/07\/2021\" class=\"wp-image-9423 lazyload\" width=\"427\" height=\"336\" data-srcset=\"https:\/\/www.meslibellules.fr\/blog\/wp-content\/uploads\/\/ortherum-cancellatum-male-ponte-3.jpg 1532w, https:\/\/www.meslibellules.fr\/blog\/wp-content\/uploads\/\/ortherum-cancellatum-male-ponte-3-768x604.jpg 768w, https:\/\/www.meslibellules.fr\/blog\/wp-content\/uploads\/\/ortherum-cancellatum-male-ponte-3-1200x943.jpg 1200w\" data-sizes=\"(max-width: 427px) 100vw, 427px\" src=\"data:image\/svg+xml;base64,PHN2ZyB3aWR0aD0iMSIgaGVpZ2h0PSIxIiB4bWxucz0iaHR0cDovL3d3dy53My5vcmcvMjAwMC9zdmciPjwvc3ZnPg==\" style=\"--smush-placeholder-width: 427px; --smush-placeholder-aspect-ratio: 427\/336;\" \/><\/a><figcaption>Orthetrum cancellatum m\u00e2le, Jallais (France-49), 18\/07\/2021<\/figcaption><\/figure><\/div>\n\n\n\n<p style=\"font-size:15px\">Il peut para\u00eetre \u00e9tonnant de montrer un m\u00e2le dans un article consacr\u00e9 \u00e0 la ponte ; il joue en effet un r\u00f4le important en prot\u00e9geant la femelle pour \u00e9viter qu&rsquo;elle ne soit harass\u00e9e par d&rsquo;autres m\u00e2les qui chercheraient \u00e0 s&rsquo;accoupler avec elle. En effet, les \u0153ufs des odonates sont f\u00e9cond\u00e9s au moment de la ponte et c&rsquo;est la semence du dernier m\u00e2le s&rsquo;\u00e9tant accoupl\u00e9 qui se trouvera utilis\u00e9e.<br><br>Noter sur ces photos la position des pattes ant\u00e9rieures repli\u00e9es derri\u00e8re la t\u00eate.<\/p>\n\n\n\n<div class=\"wp-block-image\"><figure class=\"aligncenter size-full is-resized\"><a href=\"https:\/\/www.meslibellules.fr\/blog\/wp-content\/uploads\/ortherum-cancellatum-male-ponte-1.jpg\"><img decoding=\"async\" data-src=\"https:\/\/www.meslibellules.fr\/blog\/wp-content\/uploads\/ortherum-cancellatum-male-ponte-1.jpg\" alt=\"Orthetrum cancellatum m\u00e2le, Jallais (France-49), 18\/07\/2021\" class=\"wp-image-9424 lazyload\" width=\"516\" height=\"282\" src=\"data:image\/svg+xml;base64,PHN2ZyB3aWR0aD0iMSIgaGVpZ2h0PSIxIiB4bWxucz0iaHR0cDovL3d3dy53My5vcmcvMjAwMC9zdmciPjwvc3ZnPg==\" style=\"--smush-placeholder-width: 516px; --smush-placeholder-aspect-ratio: 516\/282;\" \/><\/a><figcaption>Orthetrum cancellatum m\u00e2le, Jallais (France-49), 18\/07\/2021<\/figcaption><\/figure><\/div>\n\n\n\n<p style=\"font-size:15px\">Le m\u00e2le trouve donc un int\u00e9r\u00eat fondamental \u00e0 prot\u00e9ger la femelle, celui d&rsquo;assurer sa descendance. Pour ce faire il reste \u00e0 proximit\u00e9 imm\u00e9diate, quelques dizaines de centim\u00e8tres au-dessus d&rsquo;elle, faisant des allers-retours interrompus de br\u00e8ves s\u00e9quences de vol plus ou moins stationnaire.<\/p>\n\n\n\n<div class=\"wp-block-image\"><figure class=\"aligncenter size-full is-resized\"><a href=\"https:\/\/www.meslibellules.fr\/blog\/wp-content\/uploads\/ortherum-cancellatum-male-ponte-2.jpg\"><img decoding=\"async\" data-src=\"https:\/\/www.meslibellules.fr\/blog\/wp-content\/uploads\/ortherum-cancellatum-male-ponte-2.jpg\" alt=\"\" class=\"wp-image-9422 lazyload\" width=\"481\" height=\"336\" data-srcset=\"https:\/\/www.meslibellules.fr\/blog\/wp-content\/uploads\/\/ortherum-cancellatum-male-ponte-2.jpg 1719w, https:\/\/www.meslibellules.fr\/blog\/wp-content\/uploads\/\/ortherum-cancellatum-male-ponte-2-768x538.jpg 768w, https:\/\/www.meslibellules.fr\/blog\/wp-content\/uploads\/\/ortherum-cancellatum-male-ponte-2-1536x1076.jpg 1536w, https:\/\/www.meslibellules.fr\/blog\/wp-content\/uploads\/\/ortherum-cancellatum-male-ponte-2-1200x840.jpg 1200w\" data-sizes=\"(max-width: 481px) 100vw, 481px\" src=\"data:image\/svg+xml;base64,PHN2ZyB3aWR0aD0iMSIgaGVpZ2h0PSIxIiB4bWxucz0iaHR0cDovL3d3dy53My5vcmcvMjAwMC9zdmciPjwvc3ZnPg==\" style=\"--smush-placeholder-width: 481px; --smush-placeholder-aspect-ratio: 481\/336;\" \/><\/a><figcaption>Orthetrum cancellatum m\u00e2le, Jallais (France-49), 18\/07\/2021<\/figcaption><\/figure><\/div>\n\n\n\n<p style=\"font-size:15px\">Mais sa patience a des limites et au bout de quelques instants, certain d&rsquo;avoir assur\u00e9 sa descendance, il reprend ses activit\u00e9s, c\u2019est-\u00e0-dire essentiellement la recherche d&rsquo;une femelle avec laquelle s&rsquo;accoupler &#8230;<br>On remarque bien s\u00fbr la position des pattes moyennes et \/ou post\u00e9rieures sur ces photos ; il ne s&rsquo;agit pas de la position de vol classique o\u00f9 elles sont normalement repli\u00e9es le long du corps. Peut-\u00eatre s&rsquo;agit-il en cette occasion particuli\u00e8re d&rsquo;une technique pour para\u00eetre plus grand, plus imposant pour d\u00e9courager d&rsquo;autres m\u00e2les qui voudraient interf\u00e9rer.<\/p>\n\n\n\n\n\n\n\n<figure class=\"wp-block-image size-full\"><a href=\"http:\/\/www.meslibellules.fr\/pagesweb\/libellulidae\/orthetrum\/cancellatum\/cancellatum_ponte2.php\"><img decoding=\"async\" width=\"100\" height=\"20\" data-src=\"https:\/\/www.meslibellules.fr\/blog\/wp-content\/uploads\/retour.gif\" alt=\"\" class=\"wp-image-8468 lazyload\" src=\"data:image\/svg+xml;base64,PHN2ZyB3aWR0aD0iMSIgaGVpZ2h0PSIxIiB4bWxucz0iaHR0cDovL3d3dy53My5vcmcvMjAwMC9zdmciPjwvc3ZnPg==\" style=\"--smush-placeholder-width: 100px; --smush-placeholder-aspect-ratio: 100\/20;\" \/><\/a><\/figure>\n\n\n\n<figure class=\"wp-block-image size-full\"><a href=\"http:\/\/www.meslibellules.fr\/pagesweb\/libellulidae\/orthetrum\/cancellatum\/orthetrum-cancellatum-accueil.php\"><img decoding=\"async\" width=\"100\" height=\"20\" data-src=\"https:\/\/www.meslibellules.fr\/blog\/wp-content\/uploads\/accueil_cancellatum-1.gif\" alt=\"\" class=\"wp-image-9433 lazyload\" src=\"data:image\/svg+xml;base64,PHN2ZyB3aWR0aD0iMSIgaGVpZ2h0PSIxIiB4bWxucz0iaHR0cDovL3d3dy53My5vcmcvMjAwMC9zdmciPjwvc3ZnPg==\" style=\"--smush-placeholder-width: 100px; --smush-placeholder-aspect-ratio: 100\/20;\" \/><\/a><\/figure>\n\n\n\n<figure class=\"wp-block-image size-full\"><a href=\"http:\/\/www.meslibellules.fr\/index.php\"><img decoding=\"async\" width=\"100\" height=\"20\" data-src=\"https:\/\/www.meslibellules.fr\/blog\/wp-content\/uploads\/accueil-3.gif\" alt=\"\" class=\"wp-image-8466 lazyload\" src=\"data:image\/svg+xml;base64,PHN2ZyB3aWR0aD0iMSIgaGVpZ2h0PSIxIiB4bWxucz0iaHR0cDovL3d3dy53My5vcmcvMjAwMC9zdmciPjwvc3ZnPg==\" style=\"--smush-placeholder-width: 100px; --smush-placeholder-aspect-ratio: 100\/20;\" \/><\/a><\/figure>\n\n\n\n<p><\/p>\n","protected":false},"excerpt":{"rendered":"<p>Il peut para\u00eetre \u00e9tonnant de montrer un m\u00e2le dans un article consacr\u00e9 \u00e0 la ponte ; il joue en effet un r\u00f4le important en prot\u00e9geant la femelle pour \u00e9viter qu&rsquo;elle ne soit harass\u00e9e par d&rsquo;autres m\u00e2les qui chercheraient \u00e0 s&rsquo;accoupler avec elle. En effet, les \u0153ufs des odonates sont f\u00e9cond\u00e9s au moment de la ponte [&hellip;]<\/p>\n","protected":false},"author":1,"featured_media":0,"comment_status":"open","ping_status":"open","sticky":false,"template":"","format":"image","meta":{"site-sidebar-layout":"default","site-content-layout":"","ast-site-content-layout":"default","site-content-style":"default","site-sidebar-style":"default","ast-global-header-display":"","ast-banner-title-visibility":"","ast-main-header-display":"","ast-hfb-above-header-display":"","ast-hfb-below-header-display":"","ast-hfb-mobile-header-display":"","site-post-title":"","ast-breadcrumbs-content":"","ast-featured-img":"","footer-sml-layout":"","ast-disable-related-posts":"","theme-transparent-header-meta":"","adv-header-id-meta":"","stick-header-meta":"","header-above-stick-meta":"","header-main-stick-meta":"","header-below-stick-meta":"","astra-migrate-meta-layouts":"default","ast-page-background-enabled":"default","ast-page-background-meta":{"desktop":{"background-color":"var(--ast-global-color-4)","background-image":"","background-repeat":"repeat","background-position":"center center","background-size":"auto","background-attachment":"scroll","background-type":"","background-media":"","overlay-type":"","overlay-color":"","overlay-opacity":"","overlay-gradient":""},"tablet":{"background-color":"","background-image":"","background-repeat":"repeat","background-position":"center center","background-size":"auto","background-attachment":"scroll","background-type":"","background-media":"","overlay-type":"","overlay-color":"","overlay-opacity":"","overlay-gradient":""},"mobile":{"background-color":"","background-image":"","background-repeat":"repeat","background-position":"center center","background-size":"auto","background-attachment":"scroll","background-type":"","background-media":"","overlay-type":"","overlay-color":"","overlay-opacity":"","overlay-gradient":""}},"ast-content-background-meta":{"desktop":{"background-color":"var(--ast-global-color-5)","background-image":"","background-repeat":"repeat","background-position":"center center","background-size":"auto","background-attachment":"scroll","background-type":"","background-media":"","overlay-type":"","overlay-color":"","overlay-opacity":"","overlay-gradient":""},"tablet":{"background-color":"var(--ast-global-color-5)","background-image":"","background-repeat":"repeat","background-position":"center center","background-size":"auto","background-attachment":"scroll","background-type":"","background-media":"","overlay-type":"","overlay-color":"","overlay-opacity":"","overlay-gradient":""},"mobile":{"background-color":"var(--ast-global-color-5)","background-image":"","background-repeat":"repeat","background-position":"center center","background-size":"auto","background-attachment":"scroll","background-type":"","background-media":"","overlay-type":"","overlay-color":"","overlay-opacity":"","overlay-gradient":""}},"footnotes":""},"categories":[55,56,464],"tags":[615,504,616],"class_list":["post-9427","post","type-post","status-publish","format-image","hentry","category-france","category-libellulidae-france","category-orthetrum-cancellatum","tag-libellulidae-ponte","tag-orthetrum-cancellatum","tag-ponte","post_format-post-format-image"],"yoast_head":"<!-- This site is optimized with the Yoast SEO plugin v27.5 - https:\/\/yoast.com\/product\/yoast-seo-wordpress\/ -->\n<title>Orthetrum cancellatum : ponte 3\/3 - Mes Libellules<\/title>\n<meta name=\"robots\" content=\"index, follow, max-snippet:-1, max-image-preview:large, max-video-preview:-1\" \/>\n<link rel=\"canonical\" href=\"https:\/\/www.meslibellules.fr\/blog\/2021\/07\/25\/orthetrum-cancellatum-ponte-3-3\/\" \/>\n<meta property=\"og:locale\" content=\"fr_FR\" \/>\n<meta property=\"og:type\" content=\"article\" \/>\n<meta property=\"og:title\" content=\"Orthetrum cancellatum : ponte 3\/3 - Mes Libellules\" \/>\n<meta property=\"og:description\" content=\"Il peut para\u00eetre \u00e9tonnant de montrer un m\u00e2le dans un article consacr\u00e9 \u00e0 la ponte ; il joue en effet un r\u00f4le important en prot\u00e9geant la femelle pour \u00e9viter qu&rsquo;elle ne soit harass\u00e9e par d&rsquo;autres m\u00e2les qui chercheraient \u00e0 s&rsquo;accoupler avec elle. En effet, les \u0153ufs des odonates sont f\u00e9cond\u00e9s au moment de la ponte [&hellip;]\" \/>\n<meta property=\"og:url\" content=\"https:\/\/www.meslibellules.fr\/blog\/2021\/07\/25\/orthetrum-cancellatum-ponte-3-3\/\" \/>\n<meta property=\"og:site_name\" content=\"Mes Libellules\" \/>\n<meta property=\"article:publisher\" content=\"https:\/\/www.facebook.com\/benoit.guillon.96\/\" \/>\n<meta property=\"article:author\" content=\"https:\/\/www.facebook.com\/benoit.guillon.96\/\" \/>\n<meta property=\"article:published_time\" content=\"2021-07-25T15:36:45+00:00\" \/>\n<meta property=\"article:modified_time\" content=\"2021-07-25T15:36:46+00:00\" \/>\n<meta property=\"og:image\" content=\"https:\/\/www.meslibellules.fr\/blog\/wp-content\/uploads\/ortherum-cancellatum-male-ponte-3.jpg\" \/>\n<meta name=\"author\" content=\"Beno\u00eet Guillon\" \/>\n<meta name=\"twitter:card\" content=\"summary_large_image\" \/>\n<meta name=\"twitter:label1\" content=\"\u00c9crit par\" \/>\n\t<meta name=\"twitter:data1\" content=\"Beno\u00eet Guillon\" \/>\n\t<meta name=\"twitter:label2\" content=\"Dur\u00e9e de lecture estim\u00e9e\" \/>\n\t<meta name=\"twitter:data2\" content=\"1 minute\" \/>\n<script type=\"application\/ld+json\" class=\"yoast-schema-graph\">{\"@context\":\"https:\\\/\\\/schema.org\",\"@graph\":[{\"@type\":\"Article\",\"@id\":\"https:\\\/\\\/www.meslibellules.fr\\\/blog\\\/2021\\\/07\\\/25\\\/orthetrum-cancellatum-ponte-3-3\\\/#article\",\"isPartOf\":{\"@id\":\"https:\\\/\\\/www.meslibellules.fr\\\/blog\\\/2021\\\/07\\\/25\\\/orthetrum-cancellatum-ponte-3-3\\\/\"},\"author\":{\"name\":\"Beno\u00eet Guillon\",\"@id\":\"https:\\\/\\\/www.meslibellules.fr\\\/blog\\\/#\\\/schema\\\/person\\\/9aa3586f9dd053fcf329f43b8b053c77\"},\"headline\":\"Orthetrum cancellatum : ponte 3\\\/3\",\"datePublished\":\"2021-07-25T15:36:45+00:00\",\"dateModified\":\"2021-07-25T15:36:46+00:00\",\"mainEntityOfPage\":{\"@id\":\"https:\\\/\\\/www.meslibellules.fr\\\/blog\\\/2021\\\/07\\\/25\\\/orthetrum-cancellatum-ponte-3-3\\\/\"},\"wordCount\":272,\"commentCount\":0,\"publisher\":{\"@id\":\"https:\\\/\\\/www.meslibellules.fr\\\/blog\\\/#\\\/schema\\\/person\\\/9aa3586f9dd053fcf329f43b8b053c77\"},\"image\":{\"@id\":\"https:\\\/\\\/www.meslibellules.fr\\\/blog\\\/2021\\\/07\\\/25\\\/orthetrum-cancellatum-ponte-3-3\\\/#primaryimage\"},\"thumbnailUrl\":\"https:\\\/\\\/www.meslibellules.fr\\\/blog\\\/wp-content\\\/uploads\\\/ortherum-cancellatum-male-ponte-3.jpg\",\"keywords\":[\"Libellulidae-ponte\",\"Orthetrum cancellatum\",\"Ponte\"],\"articleSection\":[\"France\",\"Libellulidae\",\"Orthetrum cancellatum\"],\"inLanguage\":\"fr-FR\",\"potentialAction\":[{\"@type\":\"CommentAction\",\"name\":\"Comment\",\"target\":[\"https:\\\/\\\/www.meslibellules.fr\\\/blog\\\/2021\\\/07\\\/25\\\/orthetrum-cancellatum-ponte-3-3\\\/#respond\"]}]},{\"@type\":\"WebPage\",\"@id\":\"https:\\\/\\\/www.meslibellules.fr\\\/blog\\\/2021\\\/07\\\/25\\\/orthetrum-cancellatum-ponte-3-3\\\/\",\"url\":\"https:\\\/\\\/www.meslibellules.fr\\\/blog\\\/2021\\\/07\\\/25\\\/orthetrum-cancellatum-ponte-3-3\\\/\",\"name\":\"Orthetrum cancellatum : ponte 3\\\/3 - Mes Libellules\",\"isPartOf\":{\"@id\":\"https:\\\/\\\/www.meslibellules.fr\\\/blog\\\/#website\"},\"primaryImageOfPage\":{\"@id\":\"https:\\\/\\\/www.meslibellules.fr\\\/blog\\\/2021\\\/07\\\/25\\\/orthetrum-cancellatum-ponte-3-3\\\/#primaryimage\"},\"image\":{\"@id\":\"https:\\\/\\\/www.meslibellules.fr\\\/blog\\\/2021\\\/07\\\/25\\\/orthetrum-cancellatum-ponte-3-3\\\/#primaryimage\"},\"thumbnailUrl\":\"https:\\\/\\\/www.meslibellules.fr\\\/blog\\\/wp-content\\\/uploads\\\/ortherum-cancellatum-male-ponte-3.jpg\",\"datePublished\":\"2021-07-25T15:36:45+00:00\",\"dateModified\":\"2021-07-25T15:36:46+00:00\",\"breadcrumb\":{\"@id\":\"https:\\\/\\\/www.meslibellules.fr\\\/blog\\\/2021\\\/07\\\/25\\\/orthetrum-cancellatum-ponte-3-3\\\/#breadcrumb\"},\"inLanguage\":\"fr-FR\",\"potentialAction\":[{\"@type\":\"ReadAction\",\"target\":[\"https:\\\/\\\/www.meslibellules.fr\\\/blog\\\/2021\\\/07\\\/25\\\/orthetrum-cancellatum-ponte-3-3\\\/\"]}]},{\"@type\":\"ImageObject\",\"inLanguage\":\"fr-FR\",\"@id\":\"https:\\\/\\\/www.meslibellules.fr\\\/blog\\\/2021\\\/07\\\/25\\\/orthetrum-cancellatum-ponte-3-3\\\/#primaryimage\",\"url\":\"https:\\\/\\\/www.meslibellules.fr\\\/blog\\\/wp-content\\\/uploads\\\/ortherum-cancellatum-male-ponte-3.jpg\",\"contentUrl\":\"https:\\\/\\\/www.meslibellules.fr\\\/blog\\\/wp-content\\\/uploads\\\/ortherum-cancellatum-male-ponte-3.jpg\",\"width\":1532,\"height\":1204,\"caption\":\"Orthetrum cancellatum m\u00e2le, Jallais (France-49), 18\\\/07\\\/2021\"},{\"@type\":\"BreadcrumbList\",\"@id\":\"https:\\\/\\\/www.meslibellules.fr\\\/blog\\\/2021\\\/07\\\/25\\\/orthetrum-cancellatum-ponte-3-3\\\/#breadcrumb\",\"itemListElement\":[{\"@type\":\"ListItem\",\"position\":1,\"name\":\"Accueil\",\"item\":\"https:\\\/\\\/www.meslibellules.fr\\\/blog\\\/\"},{\"@type\":\"ListItem\",\"position\":2,\"name\":\"Orthetrum cancellatum : ponte 3\\\/3\"}]},{\"@type\":\"WebSite\",\"@id\":\"https:\\\/\\\/www.meslibellules.fr\\\/blog\\\/#website\",\"url\":\"https:\\\/\\\/www.meslibellules.fr\\\/blog\\\/\",\"name\":\"Mes Libellules\",\"description\":\"Pr\u00e9sentation des libellules rencontr\u00e9es dans le monde\",\"publisher\":{\"@id\":\"https:\\\/\\\/www.meslibellules.fr\\\/blog\\\/#\\\/schema\\\/person\\\/9aa3586f9dd053fcf329f43b8b053c77\"},\"potentialAction\":[{\"@type\":\"SearchAction\",\"target\":{\"@type\":\"EntryPoint\",\"urlTemplate\":\"https:\\\/\\\/www.meslibellules.fr\\\/blog\\\/?s={search_term_string}\"},\"query-input\":{\"@type\":\"PropertyValueSpecification\",\"valueRequired\":true,\"valueName\":\"search_term_string\"}}],\"inLanguage\":\"fr-FR\"},{\"@type\":[\"Person\",\"Organization\"],\"@id\":\"https:\\\/\\\/www.meslibellules.fr\\\/blog\\\/#\\\/schema\\\/person\\\/9aa3586f9dd053fcf329f43b8b053c77\",\"name\":\"Beno\u00eet Guillon\",\"image\":{\"@type\":\"ImageObject\",\"inLanguage\":\"fr-FR\",\"@id\":\"https:\\\/\\\/www.meslibellules.fr\\\/blog\\\/wp-content\\\/uploads\\\/cropped-avatar-150-pix.jpg\",\"url\":\"https:\\\/\\\/www.meslibellules.fr\\\/blog\\\/wp-content\\\/uploads\\\/cropped-avatar-150-pix.jpg\",\"contentUrl\":\"https:\\\/\\\/www.meslibellules.fr\\\/blog\\\/wp-content\\\/uploads\\\/cropped-avatar-150-pix.jpg\",\"width\":150,\"height\":137,\"caption\":\"Beno\u00eet Guillon\"},\"logo\":{\"@id\":\"https:\\\/\\\/www.meslibellules.fr\\\/blog\\\/wp-content\\\/uploads\\\/cropped-avatar-150-pix.jpg\"},\"sameAs\":[\"https:\\\/\\\/www.facebook.com\\\/benoit.guillon.96\\\/\"]}]}<\/script>\n<!-- \/ Yoast SEO plugin. -->","yoast_head_json":{"title":"Orthetrum cancellatum : ponte 3\/3 - Mes Libellules","robots":{"index":"index","follow":"follow","max-snippet":"max-snippet:-1","max-image-preview":"max-image-preview:large","max-video-preview":"max-video-preview:-1"},"canonical":"https:\/\/www.meslibellules.fr\/blog\/2021\/07\/25\/orthetrum-cancellatum-ponte-3-3\/","og_locale":"fr_FR","og_type":"article","og_title":"Orthetrum cancellatum : ponte 3\/3 - Mes Libellules","og_description":"Il peut para\u00eetre \u00e9tonnant de montrer un m\u00e2le dans un article consacr\u00e9 \u00e0 la ponte ; il joue en effet un r\u00f4le important en prot\u00e9geant la femelle pour \u00e9viter qu&rsquo;elle ne soit harass\u00e9e par d&rsquo;autres m\u00e2les qui chercheraient \u00e0 s&rsquo;accoupler avec elle. En effet, les \u0153ufs des odonates sont f\u00e9cond\u00e9s au moment de la ponte [&hellip;]","og_url":"https:\/\/www.meslibellules.fr\/blog\/2021\/07\/25\/orthetrum-cancellatum-ponte-3-3\/","og_site_name":"Mes Libellules","article_publisher":"https:\/\/www.facebook.com\/benoit.guillon.96\/","article_author":"https:\/\/www.facebook.com\/benoit.guillon.96\/","article_published_time":"2021-07-25T15:36:45+00:00","article_modified_time":"2021-07-25T15:36:46+00:00","og_image":[{"url":"https:\/\/www.meslibellules.fr\/blog\/wp-content\/uploads\/ortherum-cancellatum-male-ponte-3.jpg","type":"","width":"","height":""}],"author":"Beno\u00eet Guillon","twitter_card":"summary_large_image","twitter_misc":{"\u00c9crit par":"Beno\u00eet Guillon","Dur\u00e9e de lecture estim\u00e9e":"1 minute"},"schema":{"@context":"https:\/\/schema.org","@graph":[{"@type":"Article","@id":"https:\/\/www.meslibellules.fr\/blog\/2021\/07\/25\/orthetrum-cancellatum-ponte-3-3\/#article","isPartOf":{"@id":"https:\/\/www.meslibellules.fr\/blog\/2021\/07\/25\/orthetrum-cancellatum-ponte-3-3\/"},"author":{"name":"Beno\u00eet Guillon","@id":"https:\/\/www.meslibellules.fr\/blog\/#\/schema\/person\/9aa3586f9dd053fcf329f43b8b053c77"},"headline":"Orthetrum cancellatum : ponte 3\/3","datePublished":"2021-07-25T15:36:45+00:00","dateModified":"2021-07-25T15:36:46+00:00","mainEntityOfPage":{"@id":"https:\/\/www.meslibellules.fr\/blog\/2021\/07\/25\/orthetrum-cancellatum-ponte-3-3\/"},"wordCount":272,"commentCount":0,"publisher":{"@id":"https:\/\/www.meslibellules.fr\/blog\/#\/schema\/person\/9aa3586f9dd053fcf329f43b8b053c77"},"image":{"@id":"https:\/\/www.meslibellules.fr\/blog\/2021\/07\/25\/orthetrum-cancellatum-ponte-3-3\/#primaryimage"},"thumbnailUrl":"https:\/\/www.meslibellules.fr\/blog\/wp-content\/uploads\/ortherum-cancellatum-male-ponte-3.jpg","keywords":["Libellulidae-ponte","Orthetrum cancellatum","Ponte"],"articleSection":["France","Libellulidae","Orthetrum cancellatum"],"inLanguage":"fr-FR","potentialAction":[{"@type":"CommentAction","name":"Comment","target":["https:\/\/www.meslibellules.fr\/blog\/2021\/07\/25\/orthetrum-cancellatum-ponte-3-3\/#respond"]}]},{"@type":"WebPage","@id":"https:\/\/www.meslibellules.fr\/blog\/2021\/07\/25\/orthetrum-cancellatum-ponte-3-3\/","url":"https:\/\/www.meslibellules.fr\/blog\/2021\/07\/25\/orthetrum-cancellatum-ponte-3-3\/","name":"Orthetrum cancellatum : ponte 3\/3 - Mes Libellules","isPartOf":{"@id":"https:\/\/www.meslibellules.fr\/blog\/#website"},"primaryImageOfPage":{"@id":"https:\/\/www.meslibellules.fr\/blog\/2021\/07\/25\/orthetrum-cancellatum-ponte-3-3\/#primaryimage"},"image":{"@id":"https:\/\/www.meslibellules.fr\/blog\/2021\/07\/25\/orthetrum-cancellatum-ponte-3-3\/#primaryimage"},"thumbnailUrl":"https:\/\/www.meslibellules.fr\/blog\/wp-content\/uploads\/ortherum-cancellatum-male-ponte-3.jpg","datePublished":"2021-07-25T15:36:45+00:00","dateModified":"2021-07-25T15:36:46+00:00","breadcrumb":{"@id":"https:\/\/www.meslibellules.fr\/blog\/2021\/07\/25\/orthetrum-cancellatum-ponte-3-3\/#breadcrumb"},"inLanguage":"fr-FR","potentialAction":[{"@type":"ReadAction","target":["https:\/\/www.meslibellules.fr\/blog\/2021\/07\/25\/orthetrum-cancellatum-ponte-3-3\/"]}]},{"@type":"ImageObject","inLanguage":"fr-FR","@id":"https:\/\/www.meslibellules.fr\/blog\/2021\/07\/25\/orthetrum-cancellatum-ponte-3-3\/#primaryimage","url":"https:\/\/www.meslibellules.fr\/blog\/wp-content\/uploads\/ortherum-cancellatum-male-ponte-3.jpg","contentUrl":"https:\/\/www.meslibellules.fr\/blog\/wp-content\/uploads\/ortherum-cancellatum-male-ponte-3.jpg","width":1532,"height":1204,"caption":"Orthetrum cancellatum m\u00e2le, Jallais (France-49), 18\/07\/2021"},{"@type":"BreadcrumbList","@id":"https:\/\/www.meslibellules.fr\/blog\/2021\/07\/25\/orthetrum-cancellatum-ponte-3-3\/#breadcrumb","itemListElement":[{"@type":"ListItem","position":1,"name":"Accueil","item":"https:\/\/www.meslibellules.fr\/blog\/"},{"@type":"ListItem","position":2,"name":"Orthetrum cancellatum : ponte 3\/3"}]},{"@type":"WebSite","@id":"https:\/\/www.meslibellules.fr\/blog\/#website","url":"https:\/\/www.meslibellules.fr\/blog\/","name":"Mes Libellules","description":"Pr\u00e9sentation des libellules rencontr\u00e9es dans le monde","publisher":{"@id":"https:\/\/www.meslibellules.fr\/blog\/#\/schema\/person\/9aa3586f9dd053fcf329f43b8b053c77"},"potentialAction":[{"@type":"SearchAction","target":{"@type":"EntryPoint","urlTemplate":"https:\/\/www.meslibellules.fr\/blog\/?s={search_term_string}"},"query-input":{"@type":"PropertyValueSpecification","valueRequired":true,"valueName":"search_term_string"}}],"inLanguage":"fr-FR"},{"@type":["Person","Organization"],"@id":"https:\/\/www.meslibellules.fr\/blog\/#\/schema\/person\/9aa3586f9dd053fcf329f43b8b053c77","name":"Beno\u00eet Guillon","image":{"@type":"ImageObject","inLanguage":"fr-FR","@id":"https:\/\/www.meslibellules.fr\/blog\/wp-content\/uploads\/cropped-avatar-150-pix.jpg","url":"https:\/\/www.meslibellules.fr\/blog\/wp-content\/uploads\/cropped-avatar-150-pix.jpg","contentUrl":"https:\/\/www.meslibellules.fr\/blog\/wp-content\/uploads\/cropped-avatar-150-pix.jpg","width":150,"height":137,"caption":"Beno\u00eet Guillon"},"logo":{"@id":"https:\/\/www.meslibellules.fr\/blog\/wp-content\/uploads\/cropped-avatar-150-pix.jpg"},"sameAs":["https:\/\/www.facebook.com\/benoit.guillon.96\/"]}]}},"_links":{"self":[{"href":"https:\/\/www.meslibellules.fr\/blog\/wp-json\/wp\/v2\/posts\/9427","targetHints":{"allow":["GET"]}}],"collection":[{"href":"https:\/\/www.meslibellules.fr\/blog\/wp-json\/wp\/v2\/posts"}],"about":[{"href":"https:\/\/www.meslibellules.fr\/blog\/wp-json\/wp\/v2\/types\/post"}],"author":[{"embeddable":true,"href":"https:\/\/www.meslibellules.fr\/blog\/wp-json\/wp\/v2\/users\/1"}],"replies":[{"embeddable":true,"href":"https:\/\/www.meslibellules.fr\/blog\/wp-json\/wp\/v2\/comments?post=9427"}],"version-history":[{"count":0,"href":"https:\/\/www.meslibellules.fr\/blog\/wp-json\/wp\/v2\/posts\/9427\/revisions"}],"wp:attachment":[{"href":"https:\/\/www.meslibellules.fr\/blog\/wp-json\/wp\/v2\/media?parent=9427"}],"wp:term":[{"taxonomy":"category","embeddable":true,"href":"https:\/\/www.meslibellules.fr\/blog\/wp-json\/wp\/v2\/categories?post=9427"},{"taxonomy":"post_tag","embeddable":true,"href":"https:\/\/www.meslibellules.fr\/blog\/wp-json\/wp\/v2\/tags?post=9427"}],"curies":[{"name":"wp","href":"https:\/\/api.w.org\/{rel}","templated":true}]}}