{"id":9664,"date":"2021-08-17T10:06:13","date_gmt":"2021-08-17T08:06:13","guid":{"rendered":"https:\/\/www.meslibellules.fr\/blog\/?p=9664"},"modified":"2025-03-05T22:39:52","modified_gmt":"2025-03-05T21:39:52","slug":"lestes-virens-femelle-4","status":"publish","type":"post","link":"https:\/\/www.meslibellules.fr\/blog\/2021\/08\/17\/lestes-virens-femelle-4\/","title":{"rendered":"Lestes virens femelle 4\/4"},"content":{"rendered":"\n<figure class=\"wp-block-image aligncenter size-full is-resized\"><a href=\"https:\/\/www.meslibellules.fr\/blog\/wp-content\/uploads\/lestes-virens-femelle-8.webp\"><img decoding=\"async\" width=\"1895\" height=\"1204\" data-src=\"https:\/\/www.meslibellules.fr\/blog\/wp-content\/uploads\/lestes-virens-femelle-8.webp\" alt=\"Lestes virens femelle, Le Fuilet (France-49), 11\/08\/2021\" class=\"wp-image-9659 lazyload\" style=\"--smush-placeholder-width: 1895px; --smush-placeholder-aspect-ratio: 1895\/1204;width:497px;height:316px\" data-srcset=\"https:\/\/www.meslibellules.fr\/blog\/wp-content\/uploads\/lestes-virens-femelle-8.webp 1895w, https:\/\/www.meslibellules.fr\/blog\/wp-content\/uploads\/lestes-virens-femelle-8-768x488.webp 768w, https:\/\/www.meslibellules.fr\/blog\/wp-content\/uploads\/lestes-virens-femelle-8-1536x976.webp 1536w, https:\/\/www.meslibellules.fr\/blog\/wp-content\/uploads\/lestes-virens-femelle-8-1200x762.webp 1200w\" data-sizes=\"(max-width: 1895px) 100vw, 1895px\" src=\"data:image\/svg+xml;base64,PHN2ZyB3aWR0aD0iMSIgaGVpZ2h0PSIxIiB4bWxucz0iaHR0cDovL3d3dy53My5vcmcvMjAwMC9zdmciPjwvc3ZnPg==\" \/><\/a><\/figure>\n\n\n\n<figure class=\"wp-block-gallery has-nested-images columns-default is-cropped wp-block-gallery-1 is-layout-flex wp-block-gallery-is-layout-flex\">\n<figure class=\"wp-block-image size-large\"><a href=\"https:\/\/www.meslibellules.fr\/blog\/wp-content\/uploads\/lestes-virens-femelle-9.webp\"><img decoding=\"async\" width=\"1637\" height=\"1204\" data-id=\"9660\" data-src=\"https:\/\/www.meslibellules.fr\/blog\/wp-content\/uploads\/lestes-virens-femelle-9.webp\" alt=\"Lestes virens femelle, Le Fuilet (France-49), 11\/08\/2021\" class=\"wp-image-9660 lazyload\" data-srcset=\"https:\/\/www.meslibellules.fr\/blog\/wp-content\/uploads\/lestes-virens-femelle-9.webp 1637w, https:\/\/www.meslibellules.fr\/blog\/wp-content\/uploads\/lestes-virens-femelle-9-768x565.webp 768w, https:\/\/www.meslibellules.fr\/blog\/wp-content\/uploads\/lestes-virens-femelle-9-1536x1130.webp 1536w, https:\/\/www.meslibellules.fr\/blog\/wp-content\/uploads\/lestes-virens-femelle-9-1200x883.webp 1200w\" data-sizes=\"(max-width: 1637px) 100vw, 1637px\" src=\"data:image\/svg+xml;base64,PHN2ZyB3aWR0aD0iMSIgaGVpZ2h0PSIxIiB4bWxucz0iaHR0cDovL3d3dy53My5vcmcvMjAwMC9zdmciPjwvc3ZnPg==\" style=\"--smush-placeholder-width: 1637px; --smush-placeholder-aspect-ratio: 1637\/1204;\" \/><\/a><\/figure>\n\n\n\n<figure class=\"wp-block-image size-large\"><a href=\"https:\/\/www.meslibellules.fr\/blog\/wp-content\/uploads\/lestes-virens-femelle-11.webp\"><img decoding=\"async\" width=\"1206\" height=\"1204\" data-id=\"9662\" data-src=\"https:\/\/www.meslibellules.fr\/blog\/wp-content\/uploads\/lestes-virens-femelle-11.webp\" alt=\"Lestes virens femelle, Le Fuilet (France-49), 11\/08\/2021\" class=\"wp-image-9662 lazyload\" data-srcset=\"https:\/\/www.meslibellules.fr\/blog\/wp-content\/uploads\/lestes-virens-femelle-11.webp 1206w, https:\/\/www.meslibellules.fr\/blog\/wp-content\/uploads\/lestes-virens-femelle-11-768x767.webp 768w, https:\/\/www.meslibellules.fr\/blog\/wp-content\/uploads\/lestes-virens-femelle-11-150x150.webp 150w, https:\/\/www.meslibellules.fr\/blog\/wp-content\/uploads\/lestes-virens-femelle-11-1200x1198.webp 1200w\" data-sizes=\"(max-width: 1206px) 100vw, 1206px\" src=\"data:image\/svg+xml;base64,PHN2ZyB3aWR0aD0iMSIgaGVpZ2h0PSIxIiB4bWxucz0iaHR0cDovL3d3dy53My5vcmcvMjAwMC9zdmciPjwvc3ZnPg==\" style=\"--smush-placeholder-width: 1206px; --smush-placeholder-aspect-ratio: 1206\/1204;\" \/><\/a><\/figure>\n<figcaption class=\"blocks-gallery-caption wp-element-caption\">Lestes virens femelle, Le Fuilet (France-49), 11\/08\/2021<\/figcaption><\/figure>\n\n\n\n<p style=\"font-size:15px\">Cela faisait des ann\u00e9es que je n&rsquo;avais pas photographi\u00e9 de femelle Lestes virens aussi je me suis d\u00e9cid\u00e9 \u00e0 r\u00e9parer cette lacune en me rendant dans les landes des \u00c9tangs des Bruy\u00e8res au Fuilet, un ensemble de milieux humides cr\u00e9\u00e9s par l&rsquo;abandon de site d&rsquo;extraction d&rsquo;argile.<br>\u00c0 cette saison tous les sujets que je rencontrerai sont largement matures et bien color\u00e9s et on retrouve les \u00e9l\u00e9ments d&rsquo;identification caract\u00e9ristiques ; l&rsquo;arri\u00e8re de la t\u00eate jaune (sans coloration m\u00e9tallis\u00e9e), les pt\u00e9rostigmas bruns aux extr\u00e9mit\u00e9s claires, et &#8230; <a href=\"http:\/\/www.meslibellules.fr\/pagesweb\/lestidae\/virens\/lestes-virens-femelle-identification.php\">la petite encoche<\/a> dans la coloration m\u00e9tallis\u00e9e de l&rsquo;abdomen, particuli\u00e8re \u00e0 Lestes virens vestalis, qui est le seul dans ma r\u00e9gion.<\/p>\n\n\n\n<figure class=\"wp-block-image aligncenter size-full is-resized\"><a href=\"https:\/\/www.meslibellules.fr\/blog\/wp-content\/uploads\/lestes-virens-femelle-12.webp\"><img decoding=\"async\" width=\"1455\" height=\"1204\" data-src=\"https:\/\/www.meslibellules.fr\/blog\/wp-content\/uploads\/lestes-virens-femelle-12.webp\" alt=\"Lestes virens femelle, Le Fuilet (France-49), 11\/08\/2021\" class=\"wp-image-9663 lazyload\" style=\"--smush-placeholder-width: 1455px; --smush-placeholder-aspect-ratio: 1455\/1204;width:522px;height:431px\" data-srcset=\"https:\/\/www.meslibellules.fr\/blog\/wp-content\/uploads\/lestes-virens-femelle-12.webp 1455w, https:\/\/www.meslibellules.fr\/blog\/wp-content\/uploads\/lestes-virens-femelle-12-768x636.webp 768w, https:\/\/www.meslibellules.fr\/blog\/wp-content\/uploads\/lestes-virens-femelle-12-1200x993.webp 1200w\" data-sizes=\"(max-width: 1455px) 100vw, 1455px\" src=\"data:image\/svg+xml;base64,PHN2ZyB3aWR0aD0iMSIgaGVpZ2h0PSIxIiB4bWxucz0iaHR0cDovL3d3dy53My5vcmcvMjAwMC9zdmciPjwvc3ZnPg==\" \/><\/a><figcaption class=\"wp-element-caption\">Lestes virens femelle, Le Fuilet (France-49), 11\/08\/2021<\/figcaption><\/figure>\n\n\n\n<p style=\"font-size:15px\">Sur la photo ci-dessus on note ce qui diff\u00e9rencie les deux <em>pr\u00e9tendues<\/em> sous-esp\u00e8ces : pour Lestes virens vestalis la coloration m\u00e9tallis\u00e9e du thorax atteint la suture m\u00e9tapleurale et la tache de coloration au-dessus de la patte moyenne (sur l&rsquo;infra\u00e9pisterne m\u00e9sothoracique&#8230;) est tr\u00e8s large, non individualis\u00e9e en un point.<br>L&rsquo;\u00e9caille vulvaire triangulaire, bien visible \u00e0 l&rsquo;union du 8\u00b0 et du 9\u00b0 segment est particuli\u00e8rement pointue.<br>\u00c0 l&rsquo;extr\u00e9mit\u00e9 de la lame vulvaire on note 2 filaments ou palpes, qui renseignent la femelle sur la qualit\u00e9 du substrat de ponte, en g\u00e9n\u00e9ral des \u00e9corces tendres.<\/p>\n\n\n\n<figure class=\"wp-block-image aligncenter size-full is-resized\"><a href=\"https:\/\/www.meslibellules.fr\/blog\/wp-content\/uploads\/lestes-virens-femelle-10.webp\"><img decoding=\"async\" width=\"1589\" height=\"743\" data-src=\"https:\/\/www.meslibellules.fr\/blog\/wp-content\/uploads\/lestes-virens-femelle-10.webp\" alt=\"Lestes virens femelle, Le Fuilet (France-49), 11\/08\/2021\" class=\"wp-image-9661 lazyload\" style=\"--smush-placeholder-width: 1589px; --smush-placeholder-aspect-ratio: 1589\/743;width:536px;height:250px\" data-srcset=\"https:\/\/www.meslibellules.fr\/blog\/wp-content\/uploads\/lestes-virens-femelle-10.webp 1589w, https:\/\/www.meslibellules.fr\/blog\/wp-content\/uploads\/lestes-virens-femelle-10-768x359.webp 768w, https:\/\/www.meslibellules.fr\/blog\/wp-content\/uploads\/lestes-virens-femelle-10-1536x718.webp 1536w, https:\/\/www.meslibellules.fr\/blog\/wp-content\/uploads\/lestes-virens-femelle-10-1200x561.webp 1200w\" data-sizes=\"(max-width: 1589px) 100vw, 1589px\" src=\"data:image\/svg+xml;base64,PHN2ZyB3aWR0aD0iMSIgaGVpZ2h0PSIxIiB4bWxucz0iaHR0cDovL3d3dy53My5vcmcvMjAwMC9zdmciPjwvc3ZnPg==\" \/><\/a><figcaption class=\"wp-element-caption\">Lestes virens femelle, Le Fuilet (France-49), 11\/08\/2021<\/figcaption><\/figure>\n\n\n\n<p style=\"font-size:15px\">Quelques jours plus tard, j&rsquo;ai eu le plaisir de retrouver quelques individus m\u00e2les et femelles dans le marais du Logit, au Verdon-sur-Mer, parmi des nu\u00e9es de Lestes barbarus. Je ne connais pas la carte de r\u00e9partition des L. v. virens et L. v. vestalis, mais c&rsquo;est toujours la seconde <em>sous-esp\u00e8ce<\/em> qui est pr\u00e9sente en Gironde.<\/p>\n\n\n\n<figure class=\"wp-block-image aligncenter size-full is-resized\"><a href=\"https:\/\/www.meslibellules.fr\/blog\/wp-content\/uploads\/lestes-virens-femelle-6.webp\"><img decoding=\"async\" width=\"1865\" height=\"1204\" data-src=\"https:\/\/www.meslibellules.fr\/blog\/wp-content\/uploads\/lestes-virens-femelle-6.webp\" alt=\"Lestes virens femelle, Le Verdon-sur-Mer (France-33), 14\/08\/2021\" class=\"wp-image-9657 lazyload\" style=\"--smush-placeholder-width: 1865px; --smush-placeholder-aspect-ratio: 1865\/1204;width:439px;height:283px\" data-srcset=\"https:\/\/www.meslibellules.fr\/blog\/wp-content\/uploads\/lestes-virens-femelle-6.webp 1865w, https:\/\/www.meslibellules.fr\/blog\/wp-content\/uploads\/lestes-virens-femelle-6-768x496.webp 768w, https:\/\/www.meslibellules.fr\/blog\/wp-content\/uploads\/lestes-virens-femelle-6-1536x992.webp 1536w, https:\/\/www.meslibellules.fr\/blog\/wp-content\/uploads\/lestes-virens-femelle-6-1200x775.webp 1200w\" data-sizes=\"(max-width: 1865px) 100vw, 1865px\" src=\"data:image\/svg+xml;base64,PHN2ZyB3aWR0aD0iMSIgaGVpZ2h0PSIxIiB4bWxucz0iaHR0cDovL3d3dy53My5vcmcvMjAwMC9zdmciPjwvc3ZnPg==\" \/><\/a><figcaption class=\"wp-element-caption\">Lestes virens femelle, Le Verdon-sur-Mer (France-33), 14\/08\/2021<\/figcaption><\/figure>\n\n\n\n<figure class=\"wp-block-image aligncenter size-full is-resized\"><a href=\"https:\/\/www.meslibellules.fr\/blog\/wp-content\/uploads\/lestes-virens-femelle-7.webp\"><img decoding=\"async\" width=\"1910\" height=\"1204\" data-src=\"https:\/\/www.meslibellules.fr\/blog\/wp-content\/uploads\/lestes-virens-femelle-7.webp\" alt=\"\" class=\"wp-image-9658 lazyload\" style=\"--smush-placeholder-width: 1910px; --smush-placeholder-aspect-ratio: 1910\/1204;width:439px;height:329px\" data-srcset=\"https:\/\/www.meslibellules.fr\/blog\/wp-content\/uploads\/lestes-virens-femelle-7.webp 1910w, https:\/\/www.meslibellules.fr\/blog\/wp-content\/uploads\/lestes-virens-femelle-7-768x484.webp 768w, https:\/\/www.meslibellules.fr\/blog\/wp-content\/uploads\/lestes-virens-femelle-7-1536x968.webp 1536w, https:\/\/www.meslibellules.fr\/blog\/wp-content\/uploads\/lestes-virens-femelle-7-1200x756.webp 1200w\" data-sizes=\"(max-width: 1910px) 100vw, 1910px\" src=\"data:image\/svg+xml;base64,PHN2ZyB3aWR0aD0iMSIgaGVpZ2h0PSIxIiB4bWxucz0iaHR0cDovL3d3dy53My5vcmcvMjAwMC9zdmciPjwvc3ZnPg==\" \/><\/a><figcaption class=\"wp-element-caption\">Lestes virens femelle, Le Verdon-sur-Mer (France-33), 14\/08\/2021<\/figcaption><\/figure>\n\n\n\n\n\n\n\n<figure class=\"wp-block-image size-full\"><a href=\"https:\/\/www.meslibellules.fr\/blog\/2021\/05\/31\/lestes-virens-femelle-3-3-lecaille-vulvaire\/\"><img decoding=\"async\" width=\"100\" height=\"20\" data-src=\"https:\/\/www.meslibellules.fr\/blog\/wp-content\/uploads\/retour.gif\" alt=\"\" class=\"wp-image-8468 lazyload\" src=\"data:image\/svg+xml;base64,PHN2ZyB3aWR0aD0iMSIgaGVpZ2h0PSIxIiB4bWxucz0iaHR0cDovL3d3dy53My5vcmcvMjAwMC9zdmciPjwvc3ZnPg==\" style=\"--smush-placeholder-width: 100px; --smush-placeholder-aspect-ratio: 100\/20;\" \/><\/a><\/figure>\n\n\n\n<figure class=\"wp-block-image size-full is-resized\"><a href=\"https:\/\/www.meslibellules.fr\/pagesweb\/lestidae\/virens\/lestes-virens-accueil.php\"><img decoding=\"async\" width=\"100\" height=\"20\" data-src=\"https:\/\/www.meslibellules.fr\/blog\/wp-content\/uploads\/accueil_lvirens.gif\" alt=\"\" class=\"wp-image-9089 lazyload\" style=\"--smush-placeholder-width: 100px; --smush-placeholder-aspect-ratio: 100\/20;width:100px;height:20px\" src=\"data:image\/svg+xml;base64,PHN2ZyB3aWR0aD0iMSIgaGVpZ2h0PSIxIiB4bWxucz0iaHR0cDovL3d3dy53My5vcmcvMjAwMC9zdmciPjwvc3ZnPg==\" \/><\/a><\/figure>\n\n\n\n<p><\/p>\n","protected":false},"excerpt":{"rendered":"<p>Cela faisait des ann\u00e9es que je n&rsquo;avais pas photographi\u00e9 de femelle Lestes virens aussi je me suis d\u00e9cid\u00e9 \u00e0 r\u00e9parer cette lacune en me rendant dans les landes des \u00c9tangs des Bruy\u00e8res au Fuilet, un ensemble de milieux humides cr\u00e9\u00e9s par l&rsquo;abandon de site d&rsquo;extraction d&rsquo;argile.\u00c0 cette saison tous les sujets que je rencontrerai sont [&hellip;]<\/p>\n","protected":false},"author":1,"featured_media":0,"comment_status":"open","ping_status":"open","sticky":false,"template":"","format":"image","meta":{"site-sidebar-layout":"default","site-content-layout":"","ast-site-content-layout":"default","site-content-style":"default","site-sidebar-style":"default","ast-global-header-display":"","ast-banner-title-visibility":"","ast-main-header-display":"","ast-hfb-above-header-display":"","ast-hfb-below-header-display":"","ast-hfb-mobile-header-display":"","site-post-title":"","ast-breadcrumbs-content":"","ast-featured-img":"","footer-sml-layout":"","ast-disable-related-posts":"","theme-transparent-header-meta":"","adv-header-id-meta":"","stick-header-meta":"","header-above-stick-meta":"","header-main-stick-meta":"","header-below-stick-meta":"","astra-migrate-meta-layouts":"set","ast-page-background-enabled":"default","ast-page-background-meta":{"desktop":{"background-color":"var(--ast-global-color-4)","background-image":"","background-repeat":"repeat","background-position":"center center","background-size":"auto","background-attachment":"scroll","background-type":"","background-media":"","overlay-type":"","overlay-color":"","overlay-opacity":"","overlay-gradient":""},"tablet":{"background-color":"","background-image":"","background-repeat":"repeat","background-position":"center center","background-size":"auto","background-attachment":"scroll","background-type":"","background-media":"","overlay-type":"","overlay-color":"","overlay-opacity":"","overlay-gradient":""},"mobile":{"background-color":"","background-image":"","background-repeat":"repeat","background-position":"center center","background-size":"auto","background-attachment":"scroll","background-type":"","background-media":"","overlay-type":"","overlay-color":"","overlay-opacity":"","overlay-gradient":""}},"ast-content-background-meta":{"desktop":{"background-color":"var(--ast-global-color-5)","background-image":"","background-repeat":"repeat","background-position":"center center","background-size":"auto","background-attachment":"scroll","background-type":"","background-media":"","overlay-type":"","overlay-color":"","overlay-opacity":"","overlay-gradient":""},"tablet":{"background-color":"var(--ast-global-color-5)","background-image":"","background-repeat":"repeat","background-position":"center center","background-size":"auto","background-attachment":"scroll","background-type":"","background-media":"","overlay-type":"","overlay-color":"","overlay-opacity":"","overlay-gradient":""},"mobile":{"background-color":"var(--ast-global-color-5)","background-image":"","background-repeat":"repeat","background-position":"center center","background-size":"auto","background-attachment":"scroll","background-type":"","background-media":"","overlay-type":"","overlay-color":"","overlay-opacity":"","overlay-gradient":""}},"footnotes":""},"categories":[55,519,90],"tags":[518,633,497],"class_list":["post-9664","post","type-post","status-publish","format-image","hentry","category-france","category-lestes-virens","category-lestidae-france","tag-lestes-virens","tag-lestes-virens-femelle","tag-lestidae-france","post_format-post-format-image"],"yoast_head":"<!-- This site is optimized with the Yoast SEO plugin v27.5 - https:\/\/yoast.com\/product\/yoast-seo-wordpress\/ -->\n<title>Lestes virens femelle 4\/4 - Mes Libellules<\/title>\n<meta name=\"robots\" content=\"index, follow, max-snippet:-1, max-image-preview:large, max-video-preview:-1\" \/>\n<link rel=\"canonical\" href=\"https:\/\/www.meslibellules.fr\/blog\/2021\/08\/17\/lestes-virens-femelle-4\/\" \/>\n<meta property=\"og:locale\" content=\"fr_FR\" \/>\n<meta property=\"og:type\" content=\"article\" \/>\n<meta property=\"og:title\" content=\"Lestes virens femelle 4\/4 - Mes Libellules\" \/>\n<meta property=\"og:description\" content=\"Cela faisait des ann\u00e9es que je n&rsquo;avais pas photographi\u00e9 de femelle Lestes virens aussi je me suis d\u00e9cid\u00e9 \u00e0 r\u00e9parer cette lacune en me rendant dans les landes des \u00c9tangs des Bruy\u00e8res au Fuilet, un ensemble de milieux humides cr\u00e9\u00e9s par l&rsquo;abandon de site d&rsquo;extraction d&rsquo;argile.\u00c0 cette saison tous les sujets que je rencontrerai sont [&hellip;]\" \/>\n<meta property=\"og:url\" content=\"https:\/\/www.meslibellules.fr\/blog\/2021\/08\/17\/lestes-virens-femelle-4\/\" \/>\n<meta property=\"og:site_name\" content=\"Mes Libellules\" \/>\n<meta property=\"article:publisher\" content=\"https:\/\/www.facebook.com\/benoit.guillon.96\/\" \/>\n<meta property=\"article:author\" content=\"https:\/\/www.facebook.com\/benoit.guillon.96\/\" \/>\n<meta property=\"article:published_time\" content=\"2021-08-17T08:06:13+00:00\" \/>\n<meta property=\"article:modified_time\" content=\"2025-03-05T21:39:52+00:00\" \/>\n<meta property=\"og:image\" content=\"https:\/\/www.meslibellules.fr\/blog\/wp-content\/uploads\/lestes-virens-femelle-8.webp\" \/>\n\t<meta property=\"og:image:width\" content=\"1895\" \/>\n\t<meta property=\"og:image:height\" content=\"1204\" \/>\n\t<meta property=\"og:image:type\" content=\"image\/webp\" \/>\n<meta name=\"author\" content=\"Beno\u00eet Guillon\" \/>\n<meta name=\"twitter:card\" content=\"summary_large_image\" \/>\n<meta name=\"twitter:label1\" content=\"\u00c9crit par\" \/>\n\t<meta name=\"twitter:data1\" content=\"Beno\u00eet Guillon\" \/>\n\t<meta name=\"twitter:label2\" content=\"Dur\u00e9e de lecture estim\u00e9e\" \/>\n\t<meta name=\"twitter:data2\" content=\"10 minutes\" \/>\n<script type=\"application\/ld+json\" class=\"yoast-schema-graph\">{\"@context\":\"https:\\\/\\\/schema.org\",\"@graph\":[{\"@type\":\"Article\",\"@id\":\"https:\\\/\\\/www.meslibellules.fr\\\/blog\\\/2021\\\/08\\\/17\\\/lestes-virens-femelle-4\\\/#article\",\"isPartOf\":{\"@id\":\"https:\\\/\\\/www.meslibellules.fr\\\/blog\\\/2021\\\/08\\\/17\\\/lestes-virens-femelle-4\\\/\"},\"author\":{\"name\":\"Beno\u00eet Guillon\",\"@id\":\"https:\\\/\\\/www.meslibellules.fr\\\/blog\\\/#\\\/schema\\\/person\\\/9aa3586f9dd053fcf329f43b8b053c77\"},\"headline\":\"Lestes virens femelle 4\\\/4\",\"datePublished\":\"2021-08-17T08:06:13+00:00\",\"dateModified\":\"2025-03-05T21:39:52+00:00\",\"mainEntityOfPage\":{\"@id\":\"https:\\\/\\\/www.meslibellules.fr\\\/blog\\\/2021\\\/08\\\/17\\\/lestes-virens-femelle-4\\\/\"},\"wordCount\":326,\"commentCount\":0,\"publisher\":{\"@id\":\"https:\\\/\\\/www.meslibellules.fr\\\/blog\\\/#\\\/schema\\\/person\\\/9aa3586f9dd053fcf329f43b8b053c77\"},\"image\":{\"@id\":\"https:\\\/\\\/www.meslibellules.fr\\\/blog\\\/2021\\\/08\\\/17\\\/lestes-virens-femelle-4\\\/#primaryimage\"},\"thumbnailUrl\":\"https:\\\/\\\/www.meslibellules.fr\\\/blog\\\/wp-content\\\/uploads\\\/lestes-virens-femelle-8.webp\",\"keywords\":[\"Lestes virens\",\"Lestes virens femelle\",\"Lestidae - France\"],\"articleSection\":[\"France\",\"Lestes virens\",\"Lestidae\"],\"inLanguage\":\"fr-FR\",\"potentialAction\":[{\"@type\":\"CommentAction\",\"name\":\"Comment\",\"target\":[\"https:\\\/\\\/www.meslibellules.fr\\\/blog\\\/2021\\\/08\\\/17\\\/lestes-virens-femelle-4\\\/#respond\"]}]},{\"@type\":\"WebPage\",\"@id\":\"https:\\\/\\\/www.meslibellules.fr\\\/blog\\\/2021\\\/08\\\/17\\\/lestes-virens-femelle-4\\\/\",\"url\":\"https:\\\/\\\/www.meslibellules.fr\\\/blog\\\/2021\\\/08\\\/17\\\/lestes-virens-femelle-4\\\/\",\"name\":\"Lestes virens femelle 4\\\/4 - Mes Libellules\",\"isPartOf\":{\"@id\":\"https:\\\/\\\/www.meslibellules.fr\\\/blog\\\/#website\"},\"primaryImageOfPage\":{\"@id\":\"https:\\\/\\\/www.meslibellules.fr\\\/blog\\\/2021\\\/08\\\/17\\\/lestes-virens-femelle-4\\\/#primaryimage\"},\"image\":{\"@id\":\"https:\\\/\\\/www.meslibellules.fr\\\/blog\\\/2021\\\/08\\\/17\\\/lestes-virens-femelle-4\\\/#primaryimage\"},\"thumbnailUrl\":\"https:\\\/\\\/www.meslibellules.fr\\\/blog\\\/wp-content\\\/uploads\\\/lestes-virens-femelle-8.webp\",\"datePublished\":\"2021-08-17T08:06:13+00:00\",\"dateModified\":\"2025-03-05T21:39:52+00:00\",\"breadcrumb\":{\"@id\":\"https:\\\/\\\/www.meslibellules.fr\\\/blog\\\/2021\\\/08\\\/17\\\/lestes-virens-femelle-4\\\/#breadcrumb\"},\"inLanguage\":\"fr-FR\",\"potentialAction\":[{\"@type\":\"ReadAction\",\"target\":[\"https:\\\/\\\/www.meslibellules.fr\\\/blog\\\/2021\\\/08\\\/17\\\/lestes-virens-femelle-4\\\/\"]}]},{\"@type\":\"ImageObject\",\"inLanguage\":\"fr-FR\",\"@id\":\"https:\\\/\\\/www.meslibellules.fr\\\/blog\\\/2021\\\/08\\\/17\\\/lestes-virens-femelle-4\\\/#primaryimage\",\"url\":\"https:\\\/\\\/www.meslibellules.fr\\\/blog\\\/wp-content\\\/uploads\\\/lestes-virens-femelle-8.webp\",\"contentUrl\":\"https:\\\/\\\/www.meslibellules.fr\\\/blog\\\/wp-content\\\/uploads\\\/lestes-virens-femelle-8.webp\",\"width\":1895,\"height\":1204,\"caption\":\"Lestes virens femelle, Le Fuilet (France-49), 11\\\/08\\\/2021\"},{\"@type\":\"BreadcrumbList\",\"@id\":\"https:\\\/\\\/www.meslibellules.fr\\\/blog\\\/2021\\\/08\\\/17\\\/lestes-virens-femelle-4\\\/#breadcrumb\",\"itemListElement\":[{\"@type\":\"ListItem\",\"position\":1,\"name\":\"Accueil\",\"item\":\"https:\\\/\\\/www.meslibellules.fr\\\/blog\\\/\"},{\"@type\":\"ListItem\",\"position\":2,\"name\":\"Lestes virens femelle 4\\\/4\"}]},{\"@type\":\"WebSite\",\"@id\":\"https:\\\/\\\/www.meslibellules.fr\\\/blog\\\/#website\",\"url\":\"https:\\\/\\\/www.meslibellules.fr\\\/blog\\\/\",\"name\":\"Mes Libellules\",\"description\":\"Pr\u00e9sentation des libellules rencontr\u00e9es dans le monde\",\"publisher\":{\"@id\":\"https:\\\/\\\/www.meslibellules.fr\\\/blog\\\/#\\\/schema\\\/person\\\/9aa3586f9dd053fcf329f43b8b053c77\"},\"potentialAction\":[{\"@type\":\"SearchAction\",\"target\":{\"@type\":\"EntryPoint\",\"urlTemplate\":\"https:\\\/\\\/www.meslibellules.fr\\\/blog\\\/?s={search_term_string}\"},\"query-input\":{\"@type\":\"PropertyValueSpecification\",\"valueRequired\":true,\"valueName\":\"search_term_string\"}}],\"inLanguage\":\"fr-FR\"},{\"@type\":[\"Person\",\"Organization\"],\"@id\":\"https:\\\/\\\/www.meslibellules.fr\\\/blog\\\/#\\\/schema\\\/person\\\/9aa3586f9dd053fcf329f43b8b053c77\",\"name\":\"Beno\u00eet Guillon\",\"image\":{\"@type\":\"ImageObject\",\"inLanguage\":\"fr-FR\",\"@id\":\"https:\\\/\\\/www.meslibellules.fr\\\/blog\\\/wp-content\\\/uploads\\\/cropped-avatar-150-pix.jpg\",\"url\":\"https:\\\/\\\/www.meslibellules.fr\\\/blog\\\/wp-content\\\/uploads\\\/cropped-avatar-150-pix.jpg\",\"contentUrl\":\"https:\\\/\\\/www.meslibellules.fr\\\/blog\\\/wp-content\\\/uploads\\\/cropped-avatar-150-pix.jpg\",\"width\":150,\"height\":137,\"caption\":\"Beno\u00eet Guillon\"},\"logo\":{\"@id\":\"https:\\\/\\\/www.meslibellules.fr\\\/blog\\\/wp-content\\\/uploads\\\/cropped-avatar-150-pix.jpg\"},\"sameAs\":[\"https:\\\/\\\/www.facebook.com\\\/benoit.guillon.96\\\/\"]}]}<\/script>\n<!-- \/ Yoast SEO plugin. -->","yoast_head_json":{"title":"Lestes virens femelle 4\/4 - Mes Libellules","robots":{"index":"index","follow":"follow","max-snippet":"max-snippet:-1","max-image-preview":"max-image-preview:large","max-video-preview":"max-video-preview:-1"},"canonical":"https:\/\/www.meslibellules.fr\/blog\/2021\/08\/17\/lestes-virens-femelle-4\/","og_locale":"fr_FR","og_type":"article","og_title":"Lestes virens femelle 4\/4 - Mes Libellules","og_description":"Cela faisait des ann\u00e9es que je n&rsquo;avais pas photographi\u00e9 de femelle Lestes virens aussi je me suis d\u00e9cid\u00e9 \u00e0 r\u00e9parer cette lacune en me rendant dans les landes des \u00c9tangs des Bruy\u00e8res au Fuilet, un ensemble de milieux humides cr\u00e9\u00e9s par l&rsquo;abandon de site d&rsquo;extraction d&rsquo;argile.\u00c0 cette saison tous les sujets que je rencontrerai sont [&hellip;]","og_url":"https:\/\/www.meslibellules.fr\/blog\/2021\/08\/17\/lestes-virens-femelle-4\/","og_site_name":"Mes Libellules","article_publisher":"https:\/\/www.facebook.com\/benoit.guillon.96\/","article_author":"https:\/\/www.facebook.com\/benoit.guillon.96\/","article_published_time":"2021-08-17T08:06:13+00:00","article_modified_time":"2025-03-05T21:39:52+00:00","og_image":[{"width":1895,"height":1204,"url":"https:\/\/www.meslibellules.fr\/blog\/wp-content\/uploads\/lestes-virens-femelle-8.webp","type":"image\/webp"}],"author":"Beno\u00eet Guillon","twitter_card":"summary_large_image","twitter_misc":{"\u00c9crit par":"Beno\u00eet Guillon","Dur\u00e9e de lecture estim\u00e9e":"10 minutes"},"schema":{"@context":"https:\/\/schema.org","@graph":[{"@type":"Article","@id":"https:\/\/www.meslibellules.fr\/blog\/2021\/08\/17\/lestes-virens-femelle-4\/#article","isPartOf":{"@id":"https:\/\/www.meslibellules.fr\/blog\/2021\/08\/17\/lestes-virens-femelle-4\/"},"author":{"name":"Beno\u00eet Guillon","@id":"https:\/\/www.meslibellules.fr\/blog\/#\/schema\/person\/9aa3586f9dd053fcf329f43b8b053c77"},"headline":"Lestes virens femelle 4\/4","datePublished":"2021-08-17T08:06:13+00:00","dateModified":"2025-03-05T21:39:52+00:00","mainEntityOfPage":{"@id":"https:\/\/www.meslibellules.fr\/blog\/2021\/08\/17\/lestes-virens-femelle-4\/"},"wordCount":326,"commentCount":0,"publisher":{"@id":"https:\/\/www.meslibellules.fr\/blog\/#\/schema\/person\/9aa3586f9dd053fcf329f43b8b053c77"},"image":{"@id":"https:\/\/www.meslibellules.fr\/blog\/2021\/08\/17\/lestes-virens-femelle-4\/#primaryimage"},"thumbnailUrl":"https:\/\/www.meslibellules.fr\/blog\/wp-content\/uploads\/lestes-virens-femelle-8.webp","keywords":["Lestes virens","Lestes virens femelle","Lestidae - France"],"articleSection":["France","Lestes virens","Lestidae"],"inLanguage":"fr-FR","potentialAction":[{"@type":"CommentAction","name":"Comment","target":["https:\/\/www.meslibellules.fr\/blog\/2021\/08\/17\/lestes-virens-femelle-4\/#respond"]}]},{"@type":"WebPage","@id":"https:\/\/www.meslibellules.fr\/blog\/2021\/08\/17\/lestes-virens-femelle-4\/","url":"https:\/\/www.meslibellules.fr\/blog\/2021\/08\/17\/lestes-virens-femelle-4\/","name":"Lestes virens femelle 4\/4 - Mes Libellules","isPartOf":{"@id":"https:\/\/www.meslibellules.fr\/blog\/#website"},"primaryImageOfPage":{"@id":"https:\/\/www.meslibellules.fr\/blog\/2021\/08\/17\/lestes-virens-femelle-4\/#primaryimage"},"image":{"@id":"https:\/\/www.meslibellules.fr\/blog\/2021\/08\/17\/lestes-virens-femelle-4\/#primaryimage"},"thumbnailUrl":"https:\/\/www.meslibellules.fr\/blog\/wp-content\/uploads\/lestes-virens-femelle-8.webp","datePublished":"2021-08-17T08:06:13+00:00","dateModified":"2025-03-05T21:39:52+00:00","breadcrumb":{"@id":"https:\/\/www.meslibellules.fr\/blog\/2021\/08\/17\/lestes-virens-femelle-4\/#breadcrumb"},"inLanguage":"fr-FR","potentialAction":[{"@type":"ReadAction","target":["https:\/\/www.meslibellules.fr\/blog\/2021\/08\/17\/lestes-virens-femelle-4\/"]}]},{"@type":"ImageObject","inLanguage":"fr-FR","@id":"https:\/\/www.meslibellules.fr\/blog\/2021\/08\/17\/lestes-virens-femelle-4\/#primaryimage","url":"https:\/\/www.meslibellules.fr\/blog\/wp-content\/uploads\/lestes-virens-femelle-8.webp","contentUrl":"https:\/\/www.meslibellules.fr\/blog\/wp-content\/uploads\/lestes-virens-femelle-8.webp","width":1895,"height":1204,"caption":"Lestes virens femelle, Le Fuilet (France-49), 11\/08\/2021"},{"@type":"BreadcrumbList","@id":"https:\/\/www.meslibellules.fr\/blog\/2021\/08\/17\/lestes-virens-femelle-4\/#breadcrumb","itemListElement":[{"@type":"ListItem","position":1,"name":"Accueil","item":"https:\/\/www.meslibellules.fr\/blog\/"},{"@type":"ListItem","position":2,"name":"Lestes virens femelle 4\/4"}]},{"@type":"WebSite","@id":"https:\/\/www.meslibellules.fr\/blog\/#website","url":"https:\/\/www.meslibellules.fr\/blog\/","name":"Mes Libellules","description":"Pr\u00e9sentation des libellules rencontr\u00e9es dans le monde","publisher":{"@id":"https:\/\/www.meslibellules.fr\/blog\/#\/schema\/person\/9aa3586f9dd053fcf329f43b8b053c77"},"potentialAction":[{"@type":"SearchAction","target":{"@type":"EntryPoint","urlTemplate":"https:\/\/www.meslibellules.fr\/blog\/?s={search_term_string}"},"query-input":{"@type":"PropertyValueSpecification","valueRequired":true,"valueName":"search_term_string"}}],"inLanguage":"fr-FR"},{"@type":["Person","Organization"],"@id":"https:\/\/www.meslibellules.fr\/blog\/#\/schema\/person\/9aa3586f9dd053fcf329f43b8b053c77","name":"Beno\u00eet Guillon","image":{"@type":"ImageObject","inLanguage":"fr-FR","@id":"https:\/\/www.meslibellules.fr\/blog\/wp-content\/uploads\/cropped-avatar-150-pix.jpg","url":"https:\/\/www.meslibellules.fr\/blog\/wp-content\/uploads\/cropped-avatar-150-pix.jpg","contentUrl":"https:\/\/www.meslibellules.fr\/blog\/wp-content\/uploads\/cropped-avatar-150-pix.jpg","width":150,"height":137,"caption":"Beno\u00eet Guillon"},"logo":{"@id":"https:\/\/www.meslibellules.fr\/blog\/wp-content\/uploads\/cropped-avatar-150-pix.jpg"},"sameAs":["https:\/\/www.facebook.com\/benoit.guillon.96\/"]}]}},"_links":{"self":[{"href":"https:\/\/www.meslibellules.fr\/blog\/wp-json\/wp\/v2\/posts\/9664","targetHints":{"allow":["GET"]}}],"collection":[{"href":"https:\/\/www.meslibellules.fr\/blog\/wp-json\/wp\/v2\/posts"}],"about":[{"href":"https:\/\/www.meslibellules.fr\/blog\/wp-json\/wp\/v2\/types\/post"}],"author":[{"embeddable":true,"href":"https:\/\/www.meslibellules.fr\/blog\/wp-json\/wp\/v2\/users\/1"}],"replies":[{"embeddable":true,"href":"https:\/\/www.meslibellules.fr\/blog\/wp-json\/wp\/v2\/comments?post=9664"}],"version-history":[{"count":1,"href":"https:\/\/www.meslibellules.fr\/blog\/wp-json\/wp\/v2\/posts\/9664\/revisions"}],"predecessor-version":[{"id":24020,"href":"https:\/\/www.meslibellules.fr\/blog\/wp-json\/wp\/v2\/posts\/9664\/revisions\/24020"}],"wp:attachment":[{"href":"https:\/\/www.meslibellules.fr\/blog\/wp-json\/wp\/v2\/media?parent=9664"}],"wp:term":[{"taxonomy":"category","embeddable":true,"href":"https:\/\/www.meslibellules.fr\/blog\/wp-json\/wp\/v2\/categories?post=9664"},{"taxonomy":"post_tag","embeddable":true,"href":"https:\/\/www.meslibellules.fr\/blog\/wp-json\/wp\/v2\/tags?post=9664"}],"curies":[{"name":"wp","href":"https:\/\/api.w.org\/{rel}","templated":true}]}}