{"id":9872,"date":"2021-09-05T23:03:48","date_gmt":"2021-09-05T21:03:48","guid":{"rendered":"https:\/\/www.meslibellules.fr\/blog\/?p=9872"},"modified":"2023-05-04T08:44:45","modified_gmt":"2023-05-04T06:44:45","slug":"pyrrhosoma-nymphula-melanotum","status":"publish","type":"post","link":"https:\/\/www.meslibellules.fr\/blog\/2021\/09\/05\/pyrrhosoma-nymphula-melanotum\/","title":{"rendered":"Pyrrhosoma nymphula melanotum 3\/3"},"content":{"rendered":"\n<figure class=\"wp-block-gallery has-nested-images columns-default is-cropped wp-block-gallery-1 is-layout-flex wp-block-gallery-is-layout-flex\">\n<figure class=\"wp-block-image size-full\"><a href=\"https:\/\/www.meslibellules.fr\/blog\/wp-content\/uploads\/dos1_big.webp\"><img decoding=\"async\" width=\"904\" height=\"1204\" data-id=\"9866\" data-src=\"https:\/\/www.meslibellules.fr\/blog\/wp-content\/uploads\/dos1_big.webp\" alt=\"Pyrrhosoma nymphula femelle typica, Beaupr\u00e9au en Mauges (France-49), 18\/04\/09\" class=\"wp-image-9866 lazyload\" data-srcset=\"https:\/\/www.meslibellules.fr\/blog\/wp-content\/uploads\/dos1_big.webp 904w, https:\/\/www.meslibellules.fr\/blog\/wp-content\/uploads\/dos1_big-768x1023.webp 768w\" data-sizes=\"(max-width: 904px) 100vw, 904px\" src=\"data:image\/svg+xml;base64,PHN2ZyB3aWR0aD0iMSIgaGVpZ2h0PSIxIiB4bWxucz0iaHR0cDovL3d3dy53My5vcmcvMjAwMC9zdmciPjwvc3ZnPg==\" style=\"--smush-placeholder-width: 904px; --smush-placeholder-aspect-ratio: 904\/1204;\" \/><\/a><\/figure>\n\n\n\n<figure class=\"wp-block-image size-full\"><a href=\"https:\/\/www.meslibellules.fr\/blog\/wp-content\/uploads\/dos2_big.webp\"><img decoding=\"async\" width=\"735\" height=\"1204\" data-id=\"9867\" data-src=\"https:\/\/www.meslibellules.fr\/blog\/wp-content\/uploads\/dos2_big.webp\" alt=\"Pyrrhosoma nymphula femelle melanotum, Le Puiset Dor\u00e9 (France-49), 02\/05\/2009\" class=\"wp-image-9867 lazyload\" src=\"data:image\/svg+xml;base64,PHN2ZyB3aWR0aD0iMSIgaGVpZ2h0PSIxIiB4bWxucz0iaHR0cDovL3d3dy53My5vcmcvMjAwMC9zdmciPjwvc3ZnPg==\" style=\"--smush-placeholder-width: 735px; --smush-placeholder-aspect-ratio: 735\/1204;\" \/><\/a><figcaption class=\"wp-element-caption\">-49), 02\/05\/2009<\/figcaption><\/figure>\n<figcaption class=\"blocks-gallery-caption wp-element-caption\">\u00c0 gauche, Pyrrhosoma nymphula femelle typica, Beaupr\u00e9au en Mauges (France-49), 18\/04\/09<br>\u00c0 droite, Pyrrhosoma nymphula femelle melanotum, Le Puiset Dor\u00e9 (France-49), 02\/05\/2009<\/figcaption><\/figure>\n\n\n\n<p style=\"font-size:15px\">Les femelles de \u00ab\u00a0Petite nymphe \u00e0 corps de feu\u00a0\u00bb pr\u00e9sentent des variantes. La forme classique, appel\u00e9e \u00ab\u00a0typica\u00a0\u00bb est celle qui est de loin la plus fr\u00e9quente dans les Mauges; on note que les 6\u00b0, 7\u00b0 et 8\u00b0 segments abdominaux sont noirs, comme le sujet de gauche.<br>La forme Pyrrhosoma nymphula <em>melanotum<\/em>, comme la femelle de droite pr\u00e9sente un abdomen tout noir, sans aucune trace de rouge. Ce qui signifie que l&rsquo;on peut \u00e9galement trouver des femelles de type \u00ab\u00a0melanotum\u00a0\u00bb avec du rouge&#8230;<\/p>\n\n\n\n<figure class=\"wp-block-gallery has-nested-images columns-default is-cropped wp-block-gallery-2 is-layout-flex wp-block-gallery-is-layout-flex\">\n<figure class=\"wp-block-image size-full\"><a href=\"https:\/\/www.meslibellules.fr\/blog\/wp-content\/uploads\/pyrrhosoma-nymphula-femelle-melanotum-10.webp\"><img decoding=\"async\" width=\"1543\" height=\"1004\" data-id=\"9868\" data-src=\"https:\/\/www.meslibellules.fr\/blog\/wp-content\/uploads\/pyrrhosoma-nymphula-femelle-melanotum-10.webp\" alt=\"Pyrrhosoma nymphula femelle melanotum, Gennes sur Loire (France-49), 12\/05\/2013\" class=\"wp-image-9868 lazyload\" data-srcset=\"https:\/\/www.meslibellules.fr\/blog\/wp-content\/uploads\/pyrrhosoma-nymphula-femelle-melanotum-10.webp 1543w, https:\/\/www.meslibellules.fr\/blog\/wp-content\/uploads\/pyrrhosoma-nymphula-femelle-melanotum-10-768x500.webp 768w, https:\/\/www.meslibellules.fr\/blog\/wp-content\/uploads\/pyrrhosoma-nymphula-femelle-melanotum-10-1536x999.webp 1536w, https:\/\/www.meslibellules.fr\/blog\/wp-content\/uploads\/pyrrhosoma-nymphula-femelle-melanotum-10-1200x781.webp 1200w\" data-sizes=\"(max-width: 1543px) 100vw, 1543px\" src=\"data:image\/svg+xml;base64,PHN2ZyB3aWR0aD0iMSIgaGVpZ2h0PSIxIiB4bWxucz0iaHR0cDovL3d3dy53My5vcmcvMjAwMC9zdmciPjwvc3ZnPg==\" style=\"--smush-placeholder-width: 1543px; --smush-placeholder-aspect-ratio: 1543\/1004;\" \/><\/a><\/figure>\n\n\n\n<figure class=\"wp-block-image size-full\"><a href=\"https:\/\/www.meslibellules.fr\/blog\/wp-content\/uploads\/pyrrhosoma-nymphula-femelle-melanotum-11.webp\"><img decoding=\"async\" width=\"1592\" height=\"1004\" data-id=\"9869\" data-src=\"https:\/\/www.meslibellules.fr\/blog\/wp-content\/uploads\/pyrrhosoma-nymphula-femelle-melanotum-11.webp\" alt=\"Pyrrhosoma nymphula femelle melanotum, Gennes sur Loire (France-49), 12\/05\/2013\" class=\"wp-image-9869 lazyload\" data-srcset=\"https:\/\/www.meslibellules.fr\/blog\/wp-content\/uploads\/pyrrhosoma-nymphula-femelle-melanotum-11.webp 1592w, https:\/\/www.meslibellules.fr\/blog\/wp-content\/uploads\/pyrrhosoma-nymphula-femelle-melanotum-11-768x484.webp 768w, https:\/\/www.meslibellules.fr\/blog\/wp-content\/uploads\/pyrrhosoma-nymphula-femelle-melanotum-11-1536x969.webp 1536w, https:\/\/www.meslibellules.fr\/blog\/wp-content\/uploads\/pyrrhosoma-nymphula-femelle-melanotum-11-1200x757.webp 1200w\" data-sizes=\"(max-width: 1592px) 100vw, 1592px\" src=\"data:image\/svg+xml;base64,PHN2ZyB3aWR0aD0iMSIgaGVpZ2h0PSIxIiB4bWxucz0iaHR0cDovL3d3dy53My5vcmcvMjAwMC9zdmciPjwvc3ZnPg==\" style=\"--smush-placeholder-width: 1592px; --smush-placeholder-aspect-ratio: 1592\/1004;\" \/><\/a><\/figure>\n<figcaption class=\"blocks-gallery-caption wp-element-caption\">P. nymphula femelle melanotum, Gennes sur Loire (France-49), 12\/05\/2013<\/figcaption><\/figure>\n\n\n\n<p style=\"font-size:15px\">On d\u00e9crit \u00e9galement une variante \u00ab\u00a0fulvipes\u00a0\u00bb ou le 6\u00b0 segment abdominal n&rsquo;est qu&rsquo;\u00e0 moiti\u00e9 noir (ou rouge !).<br>Mais tous les interm\u00e9diaires entre ces variantes doivent \u00eatre possibles.<br><br>Ces femelles ne sont certainement pas rares, dans ma r\u00e9gion, et j&rsquo;ai eu le plaisir d&rsquo;en photographier dans divers sites. <\/p>\n\n\n\n<figure class=\"wp-block-gallery has-nested-images columns-default is-cropped wp-block-gallery-3 is-layout-flex wp-block-gallery-is-layout-flex\">\n<figure class=\"wp-block-image size-large\"><a href=\"https:\/\/www.meslibellules.fr\/blog\/wp-content\/uploads\/pyrrhosoma-nymphula-femelle-melanotum-12.webp\"><img decoding=\"async\" width=\"1977\" height=\"1204\" data-id=\"9870\" data-src=\"https:\/\/www.meslibellules.fr\/blog\/wp-content\/uploads\/pyrrhosoma-nymphula-femelle-melanotum-12.webp\" alt=\"Pyrrhosoma nymphula femelle melanotum, Voulneuil sur Vienne (France-86), 18\/05\/2014\" class=\"wp-image-9870 lazyload\" data-srcset=\"https:\/\/www.meslibellules.fr\/blog\/wp-content\/uploads\/pyrrhosoma-nymphula-femelle-melanotum-12.webp 1977w, https:\/\/www.meslibellules.fr\/blog\/wp-content\/uploads\/pyrrhosoma-nymphula-femelle-melanotum-12-768x468.webp 768w, https:\/\/www.meslibellules.fr\/blog\/wp-content\/uploads\/pyrrhosoma-nymphula-femelle-melanotum-12-1536x935.webp 1536w, https:\/\/www.meslibellules.fr\/blog\/wp-content\/uploads\/pyrrhosoma-nymphula-femelle-melanotum-12-1200x731.webp 1200w\" data-sizes=\"(max-width: 1977px) 100vw, 1977px\" src=\"data:image\/svg+xml;base64,PHN2ZyB3aWR0aD0iMSIgaGVpZ2h0PSIxIiB4bWxucz0iaHR0cDovL3d3dy53My5vcmcvMjAwMC9zdmciPjwvc3ZnPg==\" style=\"--smush-placeholder-width: 1977px; --smush-placeholder-aspect-ratio: 1977\/1204;\" \/><\/a><\/figure>\n\n\n\n<figure class=\"wp-block-image size-large\"><a href=\"https:\/\/www.meslibellules.fr\/blog\/wp-content\/uploads\/pyrrhosoma-nymphula-femelle-melanotum-13.webp\"><img decoding=\"async\" width=\"1729\" height=\"1004\" data-id=\"9871\" data-src=\"https:\/\/www.meslibellules.fr\/blog\/wp-content\/uploads\/pyrrhosoma-nymphula-femelle-melanotum-13.webp\" alt=\"Pyrrhosoma nymphula femelle melanotum, Voulneuil sur Vienne (France-86), 18\/05\/2014\" class=\"wp-image-9871 lazyload\" data-srcset=\"https:\/\/www.meslibellules.fr\/blog\/wp-content\/uploads\/pyrrhosoma-nymphula-femelle-melanotum-13.webp 1729w, https:\/\/www.meslibellules.fr\/blog\/wp-content\/uploads\/pyrrhosoma-nymphula-femelle-melanotum-13-768x446.webp 768w, https:\/\/www.meslibellules.fr\/blog\/wp-content\/uploads\/pyrrhosoma-nymphula-femelle-melanotum-13-1536x892.webp 1536w, https:\/\/www.meslibellules.fr\/blog\/wp-content\/uploads\/pyrrhosoma-nymphula-femelle-melanotum-13-1200x697.webp 1200w\" data-sizes=\"(max-width: 1729px) 100vw, 1729px\" src=\"data:image\/svg+xml;base64,PHN2ZyB3aWR0aD0iMSIgaGVpZ2h0PSIxIiB4bWxucz0iaHR0cDovL3d3dy53My5vcmcvMjAwMC9zdmciPjwvc3ZnPg==\" style=\"--smush-placeholder-width: 1729px; --smush-placeholder-aspect-ratio: 1729\/1004;\" \/><\/a><\/figure>\n<figcaption class=\"blocks-gallery-caption wp-element-caption\">P. nymphula femelle melanotum, Voulneuil sur Vienne (France-86), 18\/05\/2014<\/figcaption><\/figure>\n\n\n\n<p style=\"font-size:15px\">Mais je ne suis pas un bon juge sur leur fr\u00e9quence dans la mesure ou je ne fais plus gu\u00e8re attention aux Pyrrhosoma m\u00e2les ou femelles que je rencontre ; j&rsquo;en suis satur\u00e9 depuis des ann\u00e9es sur la petite mare de mon jardin. Et j&rsquo;y vois r\u00e9guli\u00e8rement ce type de femelle en tandem ou en ponte &#8230;<\/p>\n\n\n\n<figure class=\"wp-block-image aligncenter size-full is-resized\"><a href=\"https:\/\/www.meslibellules.fr\/blog\/wp-content\/uploads\/pyrrhosoma-nymphula-femelle-melanotum-14.webp\"><img decoding=\"async\" data-src=\"https:\/\/www.meslibellules.fr\/blog\/wp-content\/uploads\/pyrrhosoma-nymphula-femelle-melanotum-14.webp\" alt=\"Pyrrhosoma nymphula tandem avec femelle forme melanotum, Beaupr\u00e9au (France-49), 02\/06\/2009\" class=\"wp-image-9877 lazyload\" width=\"630\" height=\"275\" data-srcset=\"https:\/\/www.meslibellules.fr\/blog\/wp-content\/uploads\/pyrrhosoma-nymphula-femelle-melanotum-14.webp 2022w, https:\/\/www.meslibellules.fr\/blog\/wp-content\/uploads\/pyrrhosoma-nymphula-femelle-melanotum-14-768x336.webp 768w, https:\/\/www.meslibellules.fr\/blog\/wp-content\/uploads\/pyrrhosoma-nymphula-femelle-melanotum-14-1536x672.webp 1536w, https:\/\/www.meslibellules.fr\/blog\/wp-content\/uploads\/pyrrhosoma-nymphula-femelle-melanotum-14-1200x525.webp 1200w\" data-sizes=\"(max-width: 630px) 100vw, 630px\" src=\"data:image\/svg+xml;base64,PHN2ZyB3aWR0aD0iMSIgaGVpZ2h0PSIxIiB4bWxucz0iaHR0cDovL3d3dy53My5vcmcvMjAwMC9zdmciPjwvc3ZnPg==\" style=\"--smush-placeholder-width: 630px; --smush-placeholder-aspect-ratio: 630\/275;\" \/><\/a><figcaption class=\"wp-element-caption\">Pyrrhosoma nymphula tandem avec femelle forme melanotum, Beaupr\u00e9au (France-49), 02\/06\/2009<\/figcaption><\/figure>\n\n\n\n<figure class=\"wp-block-image aligncenter size-full is-resized\"><a href=\"https:\/\/www.meslibellules.fr\/blog\/wp-content\/uploads\/pyrrhosoma-nymphula-femelle-melanotum-15.webp\"><img decoding=\"async\" data-src=\"https:\/\/www.meslibellules.fr\/blog\/wp-content\/uploads\/pyrrhosoma-nymphula-femelle-melanotum-15.webp\" alt=\"Pyrrhosoma nymphula tandem avec femelle forme melanotum, Beaupr\u00e9au (France-49), 23\/05\/2012\" class=\"wp-image-9878 lazyload\" width=\"630\" height=\"299\" data-srcset=\"https:\/\/www.meslibellules.fr\/blog\/wp-content\/uploads\/pyrrhosoma-nymphula-femelle-melanotum-15.webp 2109w, https:\/\/www.meslibellules.fr\/blog\/wp-content\/uploads\/pyrrhosoma-nymphula-femelle-melanotum-15-768x366.webp 768w, https:\/\/www.meslibellules.fr\/blog\/wp-content\/uploads\/pyrrhosoma-nymphula-femelle-melanotum-15-1536x731.webp 1536w, https:\/\/www.meslibellules.fr\/blog\/wp-content\/uploads\/pyrrhosoma-nymphula-femelle-melanotum-15-2048x975.webp 2048w, https:\/\/www.meslibellules.fr\/blog\/wp-content\/uploads\/pyrrhosoma-nymphula-femelle-melanotum-15-1200x571.webp 1200w\" data-sizes=\"(max-width: 630px) 100vw, 630px\" src=\"data:image\/svg+xml;base64,PHN2ZyB3aWR0aD0iMSIgaGVpZ2h0PSIxIiB4bWxucz0iaHR0cDovL3d3dy53My5vcmcvMjAwMC9zdmciPjwvc3ZnPg==\" style=\"--smush-placeholder-width: 630px; --smush-placeholder-aspect-ratio: 630\/299;\" \/><\/a><figcaption class=\"wp-element-caption\">P. nymphula tandem avec femelle forme melanotum, Beaupr\u00e9au (France-49), 23\/05\/2012<\/figcaption><\/figure>\n\n\n\n<figure class=\"wp-block-image aligncenter size-full is-resized\"><a href=\"https:\/\/www.meslibellules.fr\/blog\/wp-content\/uploads\/pyrrhosoma-nymphula-femelle-melanotum-16.webp\"><img decoding=\"async\" data-src=\"https:\/\/www.meslibellules.fr\/blog\/wp-content\/uploads\/pyrrhosoma-nymphula-femelle-melanotum-16.webp\" alt=\"Pyrrhosoma nymphula femelle melanotum, Beaupr\u00e9au (F-49), 03\/05\/23\" class=\"wp-image-14288 lazyload\" width=\"630\" height=\"360\" data-srcset=\"https:\/\/www.meslibellules.fr\/blog\/wp-content\/uploads\/pyrrhosoma-nymphula-femelle-melanotum-16.webp 2099w, https:\/\/www.meslibellules.fr\/blog\/wp-content\/uploads\/pyrrhosoma-nymphula-femelle-melanotum-16-1536x881.webp 1536w, https:\/\/www.meslibellules.fr\/blog\/wp-content\/uploads\/pyrrhosoma-nymphula-femelle-melanotum-16-2048x1175.webp 2048w\" data-sizes=\"(max-width: 630px) 100vw, 630px\" src=\"data:image\/svg+xml;base64,PHN2ZyB3aWR0aD0iMSIgaGVpZ2h0PSIxIiB4bWxucz0iaHR0cDovL3d3dy53My5vcmcvMjAwMC9zdmciPjwvc3ZnPg==\" style=\"--smush-placeholder-width: 630px; --smush-placeholder-aspect-ratio: 630\/360;\" \/><\/a><figcaption class=\"wp-element-caption\">Pyrrhosoma nymphula femelle melanotum, Beaupr\u00e9au (F-49), 03\/05\/23<\/figcaption><\/figure>\n\n\n\n\n\n<figure class=\"wp-block-image size-full\"><a href=\"http:\/\/www.meslibellules.fr\/pagesweb\/coenagrionidae\/pyrrhosoma\/pyrrhosoma_femelle2.php\"><img decoding=\"async\" width=\"100\" height=\"20\" data-src=\"https:\/\/www.meslibellules.fr\/blog\/wp-content\/uploads\/retour.gif\" alt=\"\" class=\"wp-image-8468 lazyload\" src=\"data:image\/svg+xml;base64,PHN2ZyB3aWR0aD0iMSIgaGVpZ2h0PSIxIiB4bWxucz0iaHR0cDovL3d3dy53My5vcmcvMjAwMC9zdmciPjwvc3ZnPg==\" style=\"--smush-placeholder-width: 100px; --smush-placeholder-aspect-ratio: 100\/20;\" \/><\/a><\/figure>\n\n\n\n<figure class=\"wp-block-image size-full\"><a href=\"http:\/\/www.meslibellules.fr\/pagesweb\/coenagrionidae\/pyrrhosoma\/pyrrhosoma-nymphula-accueil.php\"><img decoding=\"async\" width=\"100\" height=\"20\" data-src=\"https:\/\/www.meslibellules.fr\/blog\/wp-content\/uploads\/accueil_pyrrho-2.gif\" alt=\"\" class=\"wp-image-9882 lazyload\" src=\"data:image\/svg+xml;base64,PHN2ZyB3aWR0aD0iMSIgaGVpZ2h0PSIxIiB4bWxucz0iaHR0cDovL3d3dy53My5vcmcvMjAwMC9zdmciPjwvc3ZnPg==\" style=\"--smush-placeholder-width: 100px; --smush-placeholder-aspect-ratio: 100\/20;\" \/><\/a><\/figure>\n\n\n\n<figure class=\"wp-block-image size-full\"><a href=\"https:\/\/www.meslibellules.fr\/blog\/\"><img decoding=\"async\" width=\"100\" height=\"20\" data-src=\"https:\/\/www.meslibellules.fr\/blog\/wp-content\/uploads\/accueil-3.gif\" alt=\"\" class=\"wp-image-8466 lazyload\" src=\"data:image\/svg+xml;base64,PHN2ZyB3aWR0aD0iMSIgaGVpZ2h0PSIxIiB4bWxucz0iaHR0cDovL3d3dy53My5vcmcvMjAwMC9zdmciPjwvc3ZnPg==\" style=\"--smush-placeholder-width: 100px; --smush-placeholder-aspect-ratio: 100\/20;\" \/><\/a><\/figure>\n\n\n\n<p><\/p>\n","protected":false},"excerpt":{"rendered":"<p>Les femelles de \u00ab\u00a0Petite nymphe \u00e0 corps de feu\u00a0\u00bb pr\u00e9sentent des variantes. La forme classique, appel\u00e9e \u00ab\u00a0typica\u00a0\u00bb est celle qui est de loin la plus fr\u00e9quente dans les Mauges; on note que les 6\u00b0, 7\u00b0 et 8\u00b0 segments abdominaux sont noirs, comme le sujet de gauche.La forme Pyrrhosoma nymphula melanotum, comme la femelle de droite [&hellip;]<\/p>\n","protected":false},"author":1,"featured_media":0,"comment_status":"open","ping_status":"open","sticky":false,"template":"","format":"image","meta":{"site-sidebar-layout":"default","site-content-layout":"","ast-site-content-layout":"default","site-content-style":"default","site-sidebar-style":"default","ast-global-header-display":"","ast-banner-title-visibility":"","ast-main-header-display":"","ast-hfb-above-header-display":"","ast-hfb-below-header-display":"","ast-hfb-mobile-header-display":"","site-post-title":"","ast-breadcrumbs-content":"","ast-featured-img":"","footer-sml-layout":"","ast-disable-related-posts":"","theme-transparent-header-meta":"","adv-header-id-meta":"","stick-header-meta":"","header-above-stick-meta":"","header-main-stick-meta":"","header-below-stick-meta":"","astra-migrate-meta-layouts":"default","ast-page-background-enabled":"default","ast-page-background-meta":{"desktop":{"background-color":"var(--ast-global-color-4)","background-image":"","background-repeat":"repeat","background-position":"center center","background-size":"auto","background-attachment":"scroll","background-type":"","background-media":"","overlay-type":"","overlay-color":"","overlay-opacity":"","overlay-gradient":""},"tablet":{"background-color":"","background-image":"","background-repeat":"repeat","background-position":"center center","background-size":"auto","background-attachment":"scroll","background-type":"","background-media":"","overlay-type":"","overlay-color":"","overlay-opacity":"","overlay-gradient":""},"mobile":{"background-color":"","background-image":"","background-repeat":"repeat","background-position":"center center","background-size":"auto","background-attachment":"scroll","background-type":"","background-media":"","overlay-type":"","overlay-color":"","overlay-opacity":"","overlay-gradient":""}},"ast-content-background-meta":{"desktop":{"background-color":"var(--ast-global-color-5)","background-image":"","background-repeat":"repeat","background-position":"center center","background-size":"auto","background-attachment":"scroll","background-type":"","background-media":"","overlay-type":"","overlay-color":"","overlay-opacity":"","overlay-gradient":""},"tablet":{"background-color":"var(--ast-global-color-5)","background-image":"","background-repeat":"repeat","background-position":"center center","background-size":"auto","background-attachment":"scroll","background-type":"","background-media":"","overlay-type":"","overlay-color":"","overlay-opacity":"","overlay-gradient":""},"mobile":{"background-color":"var(--ast-global-color-5)","background-image":"","background-repeat":"repeat","background-position":"center center","background-size":"auto","background-attachment":"scroll","background-type":"","background-media":"","overlay-type":"","overlay-color":"","overlay-opacity":"","overlay-gradient":""}},"footnotes":""},"categories":[60,55,468],"tags":[508,645],"class_list":["post-9872","post","type-post","status-publish","format-image","hentry","category-coenagrionidae-france","category-france","category-pyrrhosoma-nymphula","tag-coenagrionidae-france","tag-melanotum","post_format-post-format-image"],"yoast_head":"<!-- This site is optimized with the Yoast SEO plugin v27.5 - https:\/\/yoast.com\/product\/yoast-seo-wordpress\/ -->\n<title>Pyrrhosoma nymphula melanotum - Mes Libellules<\/title>\n<meta name=\"description\" content=\"Pyrrhosoma nymphula melanotum, pr\u00e9sentation des forme typica et melanotum, description, identification, raret\u00e9\" \/>\n<meta name=\"robots\" content=\"index, follow, max-snippet:-1, max-image-preview:large, max-video-preview:-1\" \/>\n<link rel=\"canonical\" href=\"https:\/\/www.meslibellules.fr\/blog\/2021\/09\/05\/pyrrhosoma-nymphula-melanotum\/\" \/>\n<meta property=\"og:locale\" content=\"fr_FR\" \/>\n<meta property=\"og:type\" content=\"article\" \/>\n<meta property=\"og:title\" content=\"Pyrrhosoma nymphula melanotum - Mes Libellules\" \/>\n<meta property=\"og:description\" content=\"Pyrrhosoma nymphula melanotum, pr\u00e9sentation des forme typica et melanotum, description, identification, raret\u00e9\" \/>\n<meta property=\"og:url\" content=\"https:\/\/www.meslibellules.fr\/blog\/2021\/09\/05\/pyrrhosoma-nymphula-melanotum\/\" \/>\n<meta property=\"og:site_name\" content=\"Mes Libellules\" \/>\n<meta property=\"article:publisher\" content=\"https:\/\/www.facebook.com\/benoit.guillon.96\/\" \/>\n<meta property=\"article:author\" content=\"https:\/\/www.facebook.com\/benoit.guillon.96\/\" \/>\n<meta property=\"article:published_time\" content=\"2021-09-05T21:03:48+00:00\" \/>\n<meta property=\"article:modified_time\" content=\"2023-05-04T06:44:45+00:00\" \/>\n<meta property=\"og:image\" content=\"https:\/\/www.meslibellules.fr\/blog\/wp-content\/uploads\/dos1_big.webp\" \/>\n<meta name=\"author\" content=\"Beno\u00eet Guillon\" \/>\n<meta name=\"twitter:card\" content=\"summary_large_image\" \/>\n<meta name=\"twitter:label1\" content=\"\u00c9crit par\" \/>\n\t<meta name=\"twitter:data1\" content=\"Beno\u00eet Guillon\" \/>\n\t<meta name=\"twitter:label2\" content=\"Dur\u00e9e de lecture estim\u00e9e\" \/>\n\t<meta name=\"twitter:data2\" content=\"4 minutes\" \/>\n<script type=\"application\/ld+json\" class=\"yoast-schema-graph\">{\"@context\":\"https:\\\/\\\/schema.org\",\"@graph\":[{\"@type\":\"Article\",\"@id\":\"https:\\\/\\\/www.meslibellules.fr\\\/blog\\\/2021\\\/09\\\/05\\\/pyrrhosoma-nymphula-melanotum\\\/#article\",\"isPartOf\":{\"@id\":\"https:\\\/\\\/www.meslibellules.fr\\\/blog\\\/2021\\\/09\\\/05\\\/pyrrhosoma-nymphula-melanotum\\\/\"},\"author\":{\"name\":\"Beno\u00eet Guillon\",\"@id\":\"https:\\\/\\\/www.meslibellules.fr\\\/blog\\\/#\\\/schema\\\/person\\\/9aa3586f9dd053fcf329f43b8b053c77\"},\"headline\":\"Pyrrhosoma nymphula melanotum 3\\\/3\",\"datePublished\":\"2021-09-05T21:03:48+00:00\",\"dateModified\":\"2023-05-04T06:44:45+00:00\",\"mainEntityOfPage\":{\"@id\":\"https:\\\/\\\/www.meslibellules.fr\\\/blog\\\/2021\\\/09\\\/05\\\/pyrrhosoma-nymphula-melanotum\\\/\"},\"wordCount\":264,\"commentCount\":0,\"publisher\":{\"@id\":\"https:\\\/\\\/www.meslibellules.fr\\\/blog\\\/#\\\/schema\\\/person\\\/9aa3586f9dd053fcf329f43b8b053c77\"},\"image\":{\"@id\":\"https:\\\/\\\/www.meslibellules.fr\\\/blog\\\/2021\\\/09\\\/05\\\/pyrrhosoma-nymphula-melanotum\\\/#primaryimage\"},\"thumbnailUrl\":\"https:\\\/\\\/www.meslibellules.fr\\\/blog\\\/wp-content\\\/uploads\\\/dos1_big.webp\",\"keywords\":[\"Coenagrionidae - France\",\"Melanotum\"],\"articleSection\":[\"Coenagrionidae\",\"France\",\"Pyrrhosoma nymphula\"],\"inLanguage\":\"fr-FR\",\"potentialAction\":[{\"@type\":\"CommentAction\",\"name\":\"Comment\",\"target\":[\"https:\\\/\\\/www.meslibellules.fr\\\/blog\\\/2021\\\/09\\\/05\\\/pyrrhosoma-nymphula-melanotum\\\/#respond\"]}]},{\"@type\":\"WebPage\",\"@id\":\"https:\\\/\\\/www.meslibellules.fr\\\/blog\\\/2021\\\/09\\\/05\\\/pyrrhosoma-nymphula-melanotum\\\/\",\"url\":\"https:\\\/\\\/www.meslibellules.fr\\\/blog\\\/2021\\\/09\\\/05\\\/pyrrhosoma-nymphula-melanotum\\\/\",\"name\":\"Pyrrhosoma nymphula melanotum - Mes Libellules\",\"isPartOf\":{\"@id\":\"https:\\\/\\\/www.meslibellules.fr\\\/blog\\\/#website\"},\"primaryImageOfPage\":{\"@id\":\"https:\\\/\\\/www.meslibellules.fr\\\/blog\\\/2021\\\/09\\\/05\\\/pyrrhosoma-nymphula-melanotum\\\/#primaryimage\"},\"image\":{\"@id\":\"https:\\\/\\\/www.meslibellules.fr\\\/blog\\\/2021\\\/09\\\/05\\\/pyrrhosoma-nymphula-melanotum\\\/#primaryimage\"},\"thumbnailUrl\":\"https:\\\/\\\/www.meslibellules.fr\\\/blog\\\/wp-content\\\/uploads\\\/dos1_big.webp\",\"datePublished\":\"2021-09-05T21:03:48+00:00\",\"dateModified\":\"2023-05-04T06:44:45+00:00\",\"description\":\"Pyrrhosoma nymphula melanotum, pr\u00e9sentation des forme typica et melanotum, description, identification, raret\u00e9\",\"breadcrumb\":{\"@id\":\"https:\\\/\\\/www.meslibellules.fr\\\/blog\\\/2021\\\/09\\\/05\\\/pyrrhosoma-nymphula-melanotum\\\/#breadcrumb\"},\"inLanguage\":\"fr-FR\",\"potentialAction\":[{\"@type\":\"ReadAction\",\"target\":[\"https:\\\/\\\/www.meslibellules.fr\\\/blog\\\/2021\\\/09\\\/05\\\/pyrrhosoma-nymphula-melanotum\\\/\"]}]},{\"@type\":\"ImageObject\",\"inLanguage\":\"fr-FR\",\"@id\":\"https:\\\/\\\/www.meslibellules.fr\\\/blog\\\/2021\\\/09\\\/05\\\/pyrrhosoma-nymphula-melanotum\\\/#primaryimage\",\"url\":\"https:\\\/\\\/www.meslibellules.fr\\\/blog\\\/wp-content\\\/uploads\\\/dos1_big.webp\",\"contentUrl\":\"https:\\\/\\\/www.meslibellules.fr\\\/blog\\\/wp-content\\\/uploads\\\/dos1_big.webp\",\"width\":904,\"height\":1204,\"caption\":\"Pyrrhosoma nymphula femelle typica, Beaupr\u00e9au en Mauges (France-49), 18\\\/04\\\/09\"},{\"@type\":\"BreadcrumbList\",\"@id\":\"https:\\\/\\\/www.meslibellules.fr\\\/blog\\\/2021\\\/09\\\/05\\\/pyrrhosoma-nymphula-melanotum\\\/#breadcrumb\",\"itemListElement\":[{\"@type\":\"ListItem\",\"position\":1,\"name\":\"Accueil\",\"item\":\"https:\\\/\\\/www.meslibellules.fr\\\/blog\\\/\"},{\"@type\":\"ListItem\",\"position\":2,\"name\":\"Pyrrhosoma nymphula melanotum 3\\\/3\"}]},{\"@type\":\"WebSite\",\"@id\":\"https:\\\/\\\/www.meslibellules.fr\\\/blog\\\/#website\",\"url\":\"https:\\\/\\\/www.meslibellules.fr\\\/blog\\\/\",\"name\":\"Mes Libellules\",\"description\":\"Pr\u00e9sentation des libellules rencontr\u00e9es dans le monde\",\"publisher\":{\"@id\":\"https:\\\/\\\/www.meslibellules.fr\\\/blog\\\/#\\\/schema\\\/person\\\/9aa3586f9dd053fcf329f43b8b053c77\"},\"potentialAction\":[{\"@type\":\"SearchAction\",\"target\":{\"@type\":\"EntryPoint\",\"urlTemplate\":\"https:\\\/\\\/www.meslibellules.fr\\\/blog\\\/?s={search_term_string}\"},\"query-input\":{\"@type\":\"PropertyValueSpecification\",\"valueRequired\":true,\"valueName\":\"search_term_string\"}}],\"inLanguage\":\"fr-FR\"},{\"@type\":[\"Person\",\"Organization\"],\"@id\":\"https:\\\/\\\/www.meslibellules.fr\\\/blog\\\/#\\\/schema\\\/person\\\/9aa3586f9dd053fcf329f43b8b053c77\",\"name\":\"Beno\u00eet Guillon\",\"image\":{\"@type\":\"ImageObject\",\"inLanguage\":\"fr-FR\",\"@id\":\"https:\\\/\\\/www.meslibellules.fr\\\/blog\\\/wp-content\\\/uploads\\\/cropped-avatar-150-pix.jpg\",\"url\":\"https:\\\/\\\/www.meslibellules.fr\\\/blog\\\/wp-content\\\/uploads\\\/cropped-avatar-150-pix.jpg\",\"contentUrl\":\"https:\\\/\\\/www.meslibellules.fr\\\/blog\\\/wp-content\\\/uploads\\\/cropped-avatar-150-pix.jpg\",\"width\":150,\"height\":137,\"caption\":\"Beno\u00eet Guillon\"},\"logo\":{\"@id\":\"https:\\\/\\\/www.meslibellules.fr\\\/blog\\\/wp-content\\\/uploads\\\/cropped-avatar-150-pix.jpg\"},\"sameAs\":[\"https:\\\/\\\/www.facebook.com\\\/benoit.guillon.96\\\/\"]}]}<\/script>\n<!-- \/ Yoast SEO plugin. -->","yoast_head_json":{"title":"Pyrrhosoma nymphula melanotum - Mes Libellules","description":"Pyrrhosoma nymphula melanotum, pr\u00e9sentation des forme typica et melanotum, description, identification, raret\u00e9","robots":{"index":"index","follow":"follow","max-snippet":"max-snippet:-1","max-image-preview":"max-image-preview:large","max-video-preview":"max-video-preview:-1"},"canonical":"https:\/\/www.meslibellules.fr\/blog\/2021\/09\/05\/pyrrhosoma-nymphula-melanotum\/","og_locale":"fr_FR","og_type":"article","og_title":"Pyrrhosoma nymphula melanotum - Mes Libellules","og_description":"Pyrrhosoma nymphula melanotum, pr\u00e9sentation des forme typica et melanotum, description, identification, raret\u00e9","og_url":"https:\/\/www.meslibellules.fr\/blog\/2021\/09\/05\/pyrrhosoma-nymphula-melanotum\/","og_site_name":"Mes Libellules","article_publisher":"https:\/\/www.facebook.com\/benoit.guillon.96\/","article_author":"https:\/\/www.facebook.com\/benoit.guillon.96\/","article_published_time":"2021-09-05T21:03:48+00:00","article_modified_time":"2023-05-04T06:44:45+00:00","og_image":[{"url":"https:\/\/www.meslibellules.fr\/blog\/wp-content\/uploads\/dos1_big.webp","type":"","width":"","height":""}],"author":"Beno\u00eet Guillon","twitter_card":"summary_large_image","twitter_misc":{"\u00c9crit par":"Beno\u00eet Guillon","Dur\u00e9e de lecture estim\u00e9e":"4 minutes"},"schema":{"@context":"https:\/\/schema.org","@graph":[{"@type":"Article","@id":"https:\/\/www.meslibellules.fr\/blog\/2021\/09\/05\/pyrrhosoma-nymphula-melanotum\/#article","isPartOf":{"@id":"https:\/\/www.meslibellules.fr\/blog\/2021\/09\/05\/pyrrhosoma-nymphula-melanotum\/"},"author":{"name":"Beno\u00eet Guillon","@id":"https:\/\/www.meslibellules.fr\/blog\/#\/schema\/person\/9aa3586f9dd053fcf329f43b8b053c77"},"headline":"Pyrrhosoma nymphula melanotum 3\/3","datePublished":"2021-09-05T21:03:48+00:00","dateModified":"2023-05-04T06:44:45+00:00","mainEntityOfPage":{"@id":"https:\/\/www.meslibellules.fr\/blog\/2021\/09\/05\/pyrrhosoma-nymphula-melanotum\/"},"wordCount":264,"commentCount":0,"publisher":{"@id":"https:\/\/www.meslibellules.fr\/blog\/#\/schema\/person\/9aa3586f9dd053fcf329f43b8b053c77"},"image":{"@id":"https:\/\/www.meslibellules.fr\/blog\/2021\/09\/05\/pyrrhosoma-nymphula-melanotum\/#primaryimage"},"thumbnailUrl":"https:\/\/www.meslibellules.fr\/blog\/wp-content\/uploads\/dos1_big.webp","keywords":["Coenagrionidae - France","Melanotum"],"articleSection":["Coenagrionidae","France","Pyrrhosoma nymphula"],"inLanguage":"fr-FR","potentialAction":[{"@type":"CommentAction","name":"Comment","target":["https:\/\/www.meslibellules.fr\/blog\/2021\/09\/05\/pyrrhosoma-nymphula-melanotum\/#respond"]}]},{"@type":"WebPage","@id":"https:\/\/www.meslibellules.fr\/blog\/2021\/09\/05\/pyrrhosoma-nymphula-melanotum\/","url":"https:\/\/www.meslibellules.fr\/blog\/2021\/09\/05\/pyrrhosoma-nymphula-melanotum\/","name":"Pyrrhosoma nymphula melanotum - Mes Libellules","isPartOf":{"@id":"https:\/\/www.meslibellules.fr\/blog\/#website"},"primaryImageOfPage":{"@id":"https:\/\/www.meslibellules.fr\/blog\/2021\/09\/05\/pyrrhosoma-nymphula-melanotum\/#primaryimage"},"image":{"@id":"https:\/\/www.meslibellules.fr\/blog\/2021\/09\/05\/pyrrhosoma-nymphula-melanotum\/#primaryimage"},"thumbnailUrl":"https:\/\/www.meslibellules.fr\/blog\/wp-content\/uploads\/dos1_big.webp","datePublished":"2021-09-05T21:03:48+00:00","dateModified":"2023-05-04T06:44:45+00:00","description":"Pyrrhosoma nymphula melanotum, pr\u00e9sentation des forme typica et melanotum, description, identification, raret\u00e9","breadcrumb":{"@id":"https:\/\/www.meslibellules.fr\/blog\/2021\/09\/05\/pyrrhosoma-nymphula-melanotum\/#breadcrumb"},"inLanguage":"fr-FR","potentialAction":[{"@type":"ReadAction","target":["https:\/\/www.meslibellules.fr\/blog\/2021\/09\/05\/pyrrhosoma-nymphula-melanotum\/"]}]},{"@type":"ImageObject","inLanguage":"fr-FR","@id":"https:\/\/www.meslibellules.fr\/blog\/2021\/09\/05\/pyrrhosoma-nymphula-melanotum\/#primaryimage","url":"https:\/\/www.meslibellules.fr\/blog\/wp-content\/uploads\/dos1_big.webp","contentUrl":"https:\/\/www.meslibellules.fr\/blog\/wp-content\/uploads\/dos1_big.webp","width":904,"height":1204,"caption":"Pyrrhosoma nymphula femelle typica, Beaupr\u00e9au en Mauges (France-49), 18\/04\/09"},{"@type":"BreadcrumbList","@id":"https:\/\/www.meslibellules.fr\/blog\/2021\/09\/05\/pyrrhosoma-nymphula-melanotum\/#breadcrumb","itemListElement":[{"@type":"ListItem","position":1,"name":"Accueil","item":"https:\/\/www.meslibellules.fr\/blog\/"},{"@type":"ListItem","position":2,"name":"Pyrrhosoma nymphula melanotum 3\/3"}]},{"@type":"WebSite","@id":"https:\/\/www.meslibellules.fr\/blog\/#website","url":"https:\/\/www.meslibellules.fr\/blog\/","name":"Mes Libellules","description":"Pr\u00e9sentation des libellules rencontr\u00e9es dans le monde","publisher":{"@id":"https:\/\/www.meslibellules.fr\/blog\/#\/schema\/person\/9aa3586f9dd053fcf329f43b8b053c77"},"potentialAction":[{"@type":"SearchAction","target":{"@type":"EntryPoint","urlTemplate":"https:\/\/www.meslibellules.fr\/blog\/?s={search_term_string}"},"query-input":{"@type":"PropertyValueSpecification","valueRequired":true,"valueName":"search_term_string"}}],"inLanguage":"fr-FR"},{"@type":["Person","Organization"],"@id":"https:\/\/www.meslibellules.fr\/blog\/#\/schema\/person\/9aa3586f9dd053fcf329f43b8b053c77","name":"Beno\u00eet Guillon","image":{"@type":"ImageObject","inLanguage":"fr-FR","@id":"https:\/\/www.meslibellules.fr\/blog\/wp-content\/uploads\/cropped-avatar-150-pix.jpg","url":"https:\/\/www.meslibellules.fr\/blog\/wp-content\/uploads\/cropped-avatar-150-pix.jpg","contentUrl":"https:\/\/www.meslibellules.fr\/blog\/wp-content\/uploads\/cropped-avatar-150-pix.jpg","width":150,"height":137,"caption":"Beno\u00eet Guillon"},"logo":{"@id":"https:\/\/www.meslibellules.fr\/blog\/wp-content\/uploads\/cropped-avatar-150-pix.jpg"},"sameAs":["https:\/\/www.facebook.com\/benoit.guillon.96\/"]}]}},"_links":{"self":[{"href":"https:\/\/www.meslibellules.fr\/blog\/wp-json\/wp\/v2\/posts\/9872","targetHints":{"allow":["GET"]}}],"collection":[{"href":"https:\/\/www.meslibellules.fr\/blog\/wp-json\/wp\/v2\/posts"}],"about":[{"href":"https:\/\/www.meslibellules.fr\/blog\/wp-json\/wp\/v2\/types\/post"}],"author":[{"embeddable":true,"href":"https:\/\/www.meslibellules.fr\/blog\/wp-json\/wp\/v2\/users\/1"}],"replies":[{"embeddable":true,"href":"https:\/\/www.meslibellules.fr\/blog\/wp-json\/wp\/v2\/comments?post=9872"}],"version-history":[{"count":0,"href":"https:\/\/www.meslibellules.fr\/blog\/wp-json\/wp\/v2\/posts\/9872\/revisions"}],"wp:attachment":[{"href":"https:\/\/www.meslibellules.fr\/blog\/wp-json\/wp\/v2\/media?parent=9872"}],"wp:term":[{"taxonomy":"category","embeddable":true,"href":"https:\/\/www.meslibellules.fr\/blog\/wp-json\/wp\/v2\/categories?post=9872"},{"taxonomy":"post_tag","embeddable":true,"href":"https:\/\/www.meslibellules.fr\/blog\/wp-json\/wp\/v2\/tags?post=9872"}],"curies":[{"name":"wp","href":"https:\/\/api.w.org\/{rel}","templated":true}]}}